{"id":195870,"date":"2019-06-17T12:16:06","date_gmt":"2019-06-17T12:16:06","guid":{"rendered":"https:\/\/www.meydan.tv\/article\/icra-hakimiyyetinin-tapsirigiyla-agaclari-budadim-2-il-kesdiler\/"},"modified":"2019-06-17T12:16:06","modified_gmt":"2019-06-17T12:16:06","slug":"icra-hakimiyyetinin-tapsirigiyla-agaclari-budadim-2-il-kesdiler","status":"publish","type":"post","link":"https:\/\/www.meydan.tv\/az\/article\/icra-hakimiyyetinin-tapsirigiyla-agaclari-budadim-2-il-kesdiler\/","title":{"rendered":"&#8221;\u0130cra hakimiyy\u0259tinin tap\u015f\u0131r\u0131\u011f\u0131yla a\u011faclar\u0131 budad\u0131m, 2 il i\u015f k\u0259sdil\u0259r&#8221;"},"content":{"rendered":"<p>\n  <i><br \/>\n    Quba sakini \u015f\u0259xsi \u0259mlaklar\u0131n\u0131n da \u0259lind\u0259n al\u0131nd\u0131\u011f\u0131n\u0131 deyir<br \/>\n  <\/i>\n<\/p>\n<p>\n  \u201cPrezident g\u0259l\u0259c\u0259kdi dey\u0259, rayonda yollar\u0131n t\u0259miri, abadl\u0131q i\u015fl\u0259ri apar\u0131l\u0131rd\u0131. Quba-Xa\u00e7maz yolunun bir hiss\u0259sinin \u0259traf\u0131ndak\u0131 abadl\u0131q i\u015fl\u0259rini d\u0259 m\u0259n\u0259 tap\u015f\u0131rd\u0131lar. \u0130\u015fl\u0259ri 4 ay \u0259rzind\u0259 ba\u015fa \u00e7atd\u0131rd\u0131m, bu i\u015fl\u0259r\u0259 g\u00f6r\u0259 icra hakimiyy\u0259tinin m\u0259n\u0259 64 min manat borcu yaranm\u0131\u015fd\u0131. Pulu ist\u0259y\u0259nd\u0259 \u015f\u0259rl\u0259yib h\u0259bs etdil\u0259r, bu, azm\u0131\u015f kimi, \u00fcst\u0259lik, aya\u011f\u0131ma 58 min manatdan \u00e7ox c\u0259rim\u0259 d\u0259 yazd\u0131lar\u201d.\n<\/p>\n<p>\n  \u00d6t\u0259n il oktyabr\u0131n 11-d\u0259 prezident \u0130lham \u018fliyev v\u0259 Birinci vitse-prezident Mehriban \u018fliyeva Quban\u0131n Z\u0259rdab k\u0259ndin\u0259 gedib. Orada K\u0259nd T\u0259s\u0259rr\u00fcfat\u0131 Nazirliyinin Meyv\u0259\u00e7ilik v\u0259 \u00c7ay\u00e7\u0131l\u0131q Elmi-T\u0259dqiqat \u0130nstitutunun \u0259sasl\u0131 t\u0259mirind\u0259n sonra m\u00fc\u0259ssis\u0259nin f\u0259aliyy\u0259ti il\u0259 tan\u0131\u015f olub. Bundan 2 ay sonra Quba Rayon M\u0259hk\u0259m\u0259si h\u0259min \u0130nstitutun t\u0259s\u0259rr\u00fcfat m\u00fcdiri \u0130mran \u0130lyasova h\u00f6km oxuyur. \u0130mran \u0130lyasov dan\u0131\u015f\u0131r ki, ba\u015f\u0131na g\u0259l\u0259nl\u0259rin prezidentin h\u0259min s\u0259f\u0259ri il\u0259 birba\u015fa \u0259laq\u0259si var. \u00c7\u00fcnki rayon icra hakimiyy\u0259tinin r\u0259hb\u0259rliyi m\u0259hz prezidentin g\u0259li\u015fin\u0259 g\u00f6r\u0259 ona b\u0259zi abadl\u0131q i\u015fl\u0259ri aparma\u011f\u0131 tap\u015f\u0131r\u0131b. O da tap\u015f\u0131r\u0131\u011f\u0131 yerin\u0259 yetirib. Ancaq i\u015fl\u0259ri ba\u015fa \u00e7atd\u0131rd\u0131qdan sonra g\u00f6r\u00fcl\u0259n i\u015fl\u0259r\u0259 g\u00f6r\u0259 icra hakimiyy\u0259tinin ona yaranan pul borcunu ist\u0259y\u0259nd\u0259 \u201cg\u00f6rd\u00fcy\u00fcn i\u015fl\u0259r qanunsuz olub\u201d dey\u0259r\u0259k, tutub cinay\u0259t m\u0259suliyy\u0259tin\u0259 c\u0259lb edibl\u0259r.\n<\/p>\n<p>\n  \u201c<br \/>\n  <b><br \/>\n    <i><br \/>\n      Briqada y\u0131\u011f\u0131b i\u015f\u0259 ba\u015flad\u0131m&#x27;&#x27;<br \/>\n    <\/i><br \/>\n  <\/b>\n<\/p>\n<p>\n  M\u0259hk\u0259m\u0259 h\u00f6km\u00fcyl\u0259 haz\u0131rda azadl\u0131\u011f\u0131 m\u0259hdudla\u015fd\u0131r\u0131lm\u0131\u015f \u0130mran \u0130lyasov ba\u015f\u0131na g\u0259l\u0259nl\u0259rd\u0259n Meydan TV-y\u0259 daha \u0259trafl\u0131 dan\u0131\u015f\u0131r:\n<\/p>\n<p>\n  \u201cDediyim kimi, Meyv\u0259\u00e7ilik v\u0259 \u00c7ay\u00e7\u0131l\u0131q \u0130nstitutunu bizim Z\u0259rdab k\u0259ndind\u0259 yarad\u0131rd\u0131lar. M\u0259ni d\u0259 oraya t\u0259s\u0259rr\u00fcfat i\u015fl\u0259ri \u00fczr\u0259 m\u00fcdir t\u0259yin etmi\u015fdil\u0259r. Bir g\u00fcn m\u0259n\u0259 bildirdil\u0259r ki, prezident instituta g\u0259l\u0259c\u0259k, binan\u0131n \u0259traf\u0131n\u0131 abadla\u015fd\u0131r&#8230; M\u0259n d\u0259 tez bir zamanda institutun \u0259traf\u0131nda abadl\u0131q i\u015fl\u0259ri apard\u0131m. 2018-ci ilin aprelind\u0259 idar\u0259nin m\u00fcdiri dedi ki, s\u0259ni icra ba\u015f\u00e7\u0131s\u0131 \u00e7a\u011f\u0131r\u0131r. Quba Rayon \u0130cra Hakimiyy\u0259tin\u0259 getdim. M\u0259ni ba\u015f\u00e7\u0131n\u0131n m\u00fcavinl\u0259ri N\u0259srulla V\u0259liyevl\u0259 Ayd\u0259mir Manafov qar\u015f\u0131lad\u0131. Bildirdil\u0259r ki, ba\u015f\u00e7\u0131 institutun \u0259razisind\u0259 g\u00f6rd\u00fcy\u00fcm abadl\u0131q i\u015fl\u0259rini b\u0259y\u0259nib. Ona g\u00f6r\u0259 d\u0259 ist\u0259yir ki, Quba-Xa\u00e7maz yolunun institutun binas\u0131nad\u0259k uzanan hiss\u0259sind\u0259 yolk\u0259nar\u0131 abadl\u0131q i\u015fl\u0259rini m\u0259n g\u00f6r\u00fcm. Fikirl\u0259\u015fib q\u0259rar verm\u0259k \u00fc\u00e7\u00fcn vaxt ist\u0259dim. Bir h\u0259ft\u0259d\u0259n sonra yen\u0259 icra hakimiyy\u0259tin\u0259 \u00e7a\u011f\u0131rd\u0131lar, t\u0259kidl\u0259 bildirdil\u0259r ki, o i\u015fin \u00f6hd\u0259sind\u0259n el\u0259 s\u0259n g\u0259l\u0259rs\u0259n, get, i\u015fl\u0259r\u0259 ba\u015fla, f\u0259hl\u0259 q\u00fcvv\u0259si d\u0259 veril\u0259c\u0259k, texnika da&#8230; M\u0259n i\u015fl\u0259r\u0259 ba\u015flad\u0131m, ancaq f\u0259hl\u0259 axtarma\u011f\u0131 da, texnika tapma\u011f\u0131 da \u00f6z\u00fcm\u0259 y\u00fckl\u0259dil\u0259r. 4 ay \u0259rzind\u0259 20 f\u0259hl\u0259nin v\u0259 icar\u0259y\u0259 g\u00f6t\u00fcrd\u00fcy\u00fcm texnikalar\u0131n k\u00f6m\u0259yi il\u0259 14 kilometrlik yolun \u0259traf\u0131nda budama v\u0259 ba\u015fqa abadl\u0131q i\u015fl\u0259ri apard\u0131m. F\u0259hl\u0259l\u0259ri d\u0259, icar\u0259y\u0259 g\u00f6t\u00fcrd\u00fcy\u00fcm a\u011f\u0131r texnikalar\u0131n sahibl\u0259rini d\u0259 arxay\u0131n etmi\u015fdim ki, bu i\u015fin arxas\u0131nda d\u00f6vl\u0259t qurumu dayan\u0131r, i\u015fl\u0259r bit\u0259nd\u0259 pullar\u0131 da \u00f6d\u0259nil\u0259c\u0259k. 4 ay \u0259rzind\u0259 b\u0259l\u0259diyy\u0259nin d\u0259, icra hakimiyy\u0259tinin d\u0259, rayonun ekologiya \u015f\u00f6b\u0259sinin d\u0259 r\u0259hb\u0259rliyi g\u0259lib-gedib i\u015fl\u0259rl\u0259 tan\u0131\u015f olurdu. \u015e\u0259xs\u0259n ba\u015f\u00e7\u0131 \u00f6z\u00fc ne\u00e7\u0259 d\u0259f\u0259 g\u0259ldi, i\u015fl\u0259rimizi t\u0259rifl\u0259di&#8230; Ekologiya \u015f\u00f6b\u0259sind\u0259n bir n\u0259f\u0259r g\u0259lmi\u015fdi, dedi, a ki\u015fi, s\u0259n na\u011fayr\u0131rsan? Bunlar s\u0259ni veribl\u0259r qaba\u011fa, \u00f6zl\u0259ri d\u0259 ax\u0131rda torban\u0131 tik\u0259c\u0259k&#8230; M\u0259n d\u00fcz\u00fc, o ki\u015finin s\u00f6z\u00fcnd\u0259n he\u00e7 n\u0259 anlamad\u0131m. Dedi v\u0259 \u00e7\u0131x\u0131b getdi, ondan sonra bir d\u0259 qar\u015f\u0131la\u015fmad\u0131q. O ki\u015finin s\u00f6z\u00fc yaln\u0131z m\u0259ni qandallay\u0131b m\u0259hk\u0259m\u0259y\u0259 aparanda yad\u0131ma d\u00fc\u015fd\u00fc&#8230;\u201d\n<\/p>\n<p>\n  \u201c<br \/>\n  <b><br \/>\n    <i><br \/>\n      Guya pulumu ver\u0259c\u0259kdil\u0259r, h\u0259bs etdirdil\u0259r\u201d<br \/>\n    <\/i><br \/>\n  <\/b>\n<\/p>\n<p>\n  \u0130mran \u0130lyasov deyir, 4 ayl\u0131q i\u015fl\u0259r bitdikd\u0259n sonra o, icra hakimiyy\u0259tin\u0259 ged\u0259r\u0259k f\u0259hl\u0259l\u0259r\u0259 v\u0259 texnika sahibl\u0259rin\u0259, zibill\u0259rin da\u015f\u0131nmas\u0131na v\u0259 sair x\u0259rcl\u0259r\u0259 g\u00f6r\u0259 y\u0131\u011f\u0131lm\u0131\u015f 64 min manat\u0131n ona \u00f6d\u0259nilm\u0259sini xahi\u015f edib. Ona bildirilib ki, n\u00f6vb\u0259ti g\u00fcn \u00f6zl\u0259ri d\u0259v\u0259t edib haqq-hesab\u0131 ba\u011flayacaqlar:\n<\/p>\n<p>\n  \u201cN\u00f6vb\u0259ti g\u00fcn s\u0259h\u0259r m\u0259niml\u0259 yax\u015f\u0131 \u201chaqq-hesab ba\u011flad\u0131lar\u201d. Arxamca polisl\u0259r g\u0259ldi, tutub, qandallay\u0131b \u015f\u00f6b\u0259y\u0259 apard\u0131lar. Dedil\u0259r, qanunsuz a\u011fac k\u0259smis\u0259n, ya\u015f\u0131ll\u0131\u011f\u0131 m\u0259hv el\u0259mis\u0259n, Ekologiya v\u0259 T\u0259bii S\u0259rv\u0259tl\u0259r Nazirliyi s\u0259ninl\u0259 ba\u011fl\u0131 Ba\u015f Prokurorlu\u011fa m\u00fcraci\u0259t edib. Bildirdim ki, 4 ayd\u0131r orda i\u015f gedirdi, orda a\u011fac budad\u0131\u011f\u0131m\u0131, qurumu\u015f a\u011faclar\u0131 k\u0259sdiyimi ham\u0131 g\u00f6r\u00fcrd\u00fc, bu i\u015fl\u0259ri \u00f6zba\u015f\u0131na etmirdim. Niy\u0259 Ekologiya v\u0259 T\u0259bii S\u0259rv\u0259tl\u0259r Nazirliyi \u201cdayan\u201d, \u201cdur\u201d demirdi? Niy\u0259 i\u015fl\u0259r bit\u0259nd\u0259n sonra yadlar\u0131na d\u00fc\u015fd\u00fc?.. M\u0259n onu \u00f6z\u00fcm\u00e7\u00fcn el\u0259mirdim ki&#8230; \u0130cra hakimiyy\u0259tinin tap\u015f\u0131r\u0131\u011f\u0131n\u0131 yerin\u0259 yetirmi\u015f\u0259m\u201d.\n<\/p>\n<p>\n  \u00d6t\u0259n il sentyabr\u0131n 22-d\u0259 Quba Rayon M\u0259hk\u0259m\u0259si \u0130mran \u0130lyasovla ba\u011fl\u0131 2 ayl\u0131q h\u0259bs-q\u0259timkan t\u0259dbiri se\u00e7ib. Apelyasiya \u015fikay\u0259ti n\u0259tic\u0259sind\u0259 q\u0259rar ev dustaql\u0131\u011f\u0131 il\u0259 \u0259v\u0259z edilib. Bundan 3 h\u0259ft\u0259 sonra Prezident v\u0259 Birinci vitse-prezident rayona g\u0259lib, h\u0259min yoldan ke\u00e7\u0259r\u0259k Meyv\u0259\u00e7ilik v\u0259 \u00c7ay\u00e7\u0131l\u0131q Elmi-T\u0259dqiqat \u0130nstitutunda olublar. \u0130nstitutun t\u0259s\u0259rr\u00fcfat m\u00fcdiri \u0130mran \u0130lyasov is\u0259 art\u0131q h\u0259min vaxt i\u015find\u0259n uzaqla\u015fd\u0131r\u0131l\u0131b, bar\u0259sind\u0259 istintaq apar\u0131lan ev dusta\u011f\u0131 olub.\n<\/p>\n<p>\n  <b><br \/>\n    <i><br \/>\n      \u201cGuya nazirlik m\u0259s\u0259l\u0259d\u0259n 4 ay sonra x\u0259b\u0259r tutub\u201d<br \/>\n    <\/i><br \/>\n  <\/b>\n<\/p>\n<p>\n  \u0130mran \u0130lyasov deyir, i\u015fl\u0259r \u00f6t\u0259n ilin fevral\u0131nda ba\u015flasa da, Ekologiya v\u0259 T\u0259bii S\u0259rv\u0259tl\u0259r Nazirliyi \u201cg\u00f6zl\u0259m\u0259d\u0259\u201d dayanaraq, onunla ba\u011fl\u0131 Ba\u015f Prokurorlu\u011fa 4 ay sonra &#8211; i\u015fl\u0259r yekynla\u015fanda m\u00fcraci\u0259t edib:\n<\/p>\n<p>\n  \u201cDediyim kimi, ham\u0131 g\u00f6r\u00fcrd\u00fc ki, orda n\u0259 i\u015f gedir. S\u00f6hb\u0259t 14 kilometlik yolda g\u00f6r\u00fcl\u0259n i\u015fl\u0259rd\u0259n gedir. Bir buda\u011f\u0131 q\u0131randa qar\u011fa-quz\u011fun kimi adam\u0131n \u00fcst\u00fcn\u0259 t\u00f6k\u00fcl\u00fc\u015f\u00fcrl\u0259r. 14 kilometr uzunlu\u011funda yolboyu a\u011fac budama, qurumu\u015f a\u011faclar\u0131n k\u0259simi i\u015fl\u0259ri apar\u0131l\u0131b, nazirlik bunu \u201cg\u00f6rm\u0259yib\u201d, i\u015fl\u0259r bit\u0259nd\u0259n sonra prokurorlu\u011fa m\u00fcraci\u0259t edib. O yolda eyni vaxtda h\u0259m d\u0259 asfaltlama i\u015fl\u0259ri apar\u0131l\u0131rd\u0131. H\u0259m yolun, h\u0259m d\u0259 yol k\u0259nar\u0131n\u0131n abadla\u015fd\u0131r\u0131lmas\u0131 \u00fc\u00e7\u00fcn pul ayr\u0131lm\u0131\u015fd\u0131. Sad\u0259c\u0259, o pulu bas\u0131b yem\u0259k \u00fc\u00e7\u00fcn m\u0259ni qurban se\u00e7dil\u0259r. M\u0259ni i\u015fl\u0259tdil\u0259r, f\u0259hl\u0259l\u0259rin, texnika sahibl\u0259rinin pullar\u0131n\u0131 azadl\u0131\u011f\u0131m m\u0259hdudla\u015fd\u0131r\u0131ld\u0131\u011f\u0131 \u00fc\u00e7\u00fcn aya\u011f\u0131mda qandal ola-ola, evd\u0259 oturub \u0259mlaklar\u0131m\u0131 sat\u0131b \u00f6d\u0259mi\u015f\u0259m ki, qap\u0131ma g\u0259lm\u0259sinl\u0259r. Torpa\u011f\u0131m gedib, ma\u015f\u0131n\u0131m gedib&#8230; Adamlara 64 min manat pul \u00f6d\u0259mi\u015f\u0259m. \u00dcst\u0259lik, h\u0259l\u0259 58 min 500 manat da c\u0259rim\u0259l\u0259nmi\u015f\u0259m. Onu \u00f6d\u0259m\u0259s\u0259m, m\u0259ni uzunm\u00fcdd\u0259tli h\u0259bs g\u00f6zl\u0259yir\u201d.\n<\/p>\n<p>\n  Bu i\u015f \u00fczr\u0259 Quba Rayon M\u0259hk\u0259m\u0259sind\u0259 bu ilin 27 fevral\u0131nda q\u0259rar \u00e7\u0131xar\u0131l\u0131b. \u0130mran \u0130lyasov Cinay\u0259t M\u0259c\u0259ll\u0259sinin 259.2.4-c\u00fc (k\u00fclli miqdarda ziyan vurmaqla qanunsuz a\u011fac k\u0259sm\u0259) madd\u0259siyl\u0259 ittiham olunub. Ondan Ba\u015f Prokurorlu\u011fa \u015fikay\u0259t\u00e7i Ekologiya v\u0259 T\u0259bii S\u0259rv\u0259tl\u0259r Nazirliyi olub. H\u00f6km s\u0259n\u0259dind\u0259 qeyd olunub ki, \u0130mran \u0130lyasov fevral ay\u0131ndan Avtomobil Yollar\u0131 D\u00f6vl\u0259t Agentliyinin Quba 5 sayl\u0131 Yol-\u0130stismar \u0130dar\u0259sinin balans\u0131ndak\u0131 sah\u0259d\u0259, Quba-Xa\u00e7maz yolunun Alekseyevka k\u0259ndi \u0259razisind\u0259 yol k\u0259nar\u0131 ya\u015f\u0131ll\u0131qlar\u0131 m\u0259hv edib. Bu i\u015fl\u0259ri 4 ay m\u00fcdd\u0259tind\u0259 davam etdirm\u0259kl\u0259 t\u0259bi\u0259t\u0259 58 min 480 manat m\u0259bl\u0259\u011find\u0259 z\u0259r\u0259r vurub. \u0130mran \u0130lyasov m\u0259hk\u0259m\u0259 ifad\u0259sind\u0259 bildirib ki, o, yolk\u0259nar\u0131 budama v\u0259 a\u011fack\u0259sm\u0259 i\u015fl\u0259rini \u00f6z\u00fcn\u00fcn toplad\u0131\u011f\u0131 f\u0259hl\u0259 briqadas\u0131 il\u0259, Quba Rayon \u0130cra Hakimiyy\u0259ti ba\u015f\u00e7\u0131s\u0131n\u0131n m\u00fcavinl\u0259rinin g\u00f6st\u0259ri\u015fl\u0259ri \u0259sas\u0131nda edib. K\u0259sdikl\u0259ri a\u011faclar\u0131n bir hiss\u0259sini yoldan ke\u00e7\u0259nl\u0259r\u0259 odun kimi sataraq f\u0259hl\u0259l\u0259r\u0259 maa\u015flar\u0131n\u0131n bir hiss\u0259si kimi \u00f6d\u0259yib, qalan hiss\u0259sini is\u0259 \u0259razi \u00fczr\u0259 icra n\u00fcmay\u0259nd\u0259liyi v\u0259 b\u0259l\u0259diyy\u0259 yax\u0131nl\u0131qdak\u0131 u\u015faq ba\u011f\u00e7as\u0131, m\u0259kt\u0259b v\u0259 kitabxanalara odun kimi istifad\u0259 \u00fc\u00e7\u00fcn da\u015f\u0131y\u0131blar. \u0130yunun 19-da onu v\u0259 f\u0259hl\u0259l\u0259ri polis \u015f\u00f6b\u0259sin\u0259 \u00e7a\u011f\u0131r\u0131blar, a\u011fac k\u0259siminin qanunsuz oldu\u011funu bildiribl\u0259r.\n<\/p>\n<p>\n  \u201c<br \/>\n  <b><br \/>\n    <i><br \/>\n      R\u0259yd\u0259n k\u0259nara \u00e7\u0131x\u0131b, a\u011faclar\u0131 k\u00fctl\u0259vi k\u0259sib\u201d<br \/>\n    <\/i><br \/>\n  <\/b>\n<\/p>\n<p>\n  Ekologiya v\u0259 T\u0259bii S\u0259rv\u0259tl\u0259r Nazirliyinin n\u00fcmay\u0259nd\u0259si Novruz \u018fliyev ifad\u0259sind\u0259 bildirib ki, qeyd olunan \u0259razid\u0259 a\u011faclar\u0131n budanma v\u0259 k\u0259silm\u0259si il\u0259 ba\u011fl\u0131 qurumun m\u00fcvafiq r\u0259yi olub. Ancaq \u0130mran \u0130lyasov h\u0259min r\u0259yin m\u00f6vcudlu\u011fundan istifad\u0259 ed\u0259r\u0259k \u0259razid\u0259 k\u00fctl\u0259vi a\u011fac k\u0259simin\u0259 yol verib. Nazirlik bundan x\u0259b\u0259r tutan kimi d\u0259rhal s\u0259n\u0259dl\u0259\u015fm\u0259 i\u015fl\u0259ri apararaq h\u00fcquq-m\u00fchafiz\u0259 orqanlar\u0131na m\u00fcraci\u0259t edib.\n<\/p>\n<p>\n  M\u0259hk\u0259m\u0259 \u0130mran \u0130lyasova 2 il azadl\u0131\u011f\u0131n\u0131n m\u0259hdudla\u015fd\u0131r\u0131lmas\u0131 v\u0259 58 min 480 manat c\u0259rim\u0259 h\u00f6km\u00fc \u00e7\u0131xar\u0131b. \u0130mran \u0130lyasov h\u00f6kmd\u0259n apelyasiya \u015fikay\u0259ti vers\u0259 d\u0259, t\u0259min olunmay\u0131b. O, 1 ild\u0259n \u00e7oxdur ki, icra hakimiyy\u0259tin\u0259 gedib-g\u0259lir, ancaq ba\u015f\u00e7\u0131n\u0131n q\u0259buluna d\u00fc\u015f\u0259 bilmir:\n<\/p>\n<p>\n  \u201cBa\u015f\u00e7\u0131n\u0131n q\u0259buluna d\u00fc\u015f\u0259 bilmir\u0259m ki, d\u0259rdimi deyim. M\u00fcavinl\u0259ri d\u0259 i\u015fd\u0259n \u00e7\u0131xar\u0131l\u0131b. N\u0259srulla V\u0259liyevi birba\u015fa bu m\u0259s\u0259l\u0259y\u0259 g\u00f6r\u0259 i\u015fd\u0259n \u00e7\u0131xar\u0131blar, Ayd\u0259mir Manafovu da bir ba\u015fqa m\u0259s\u0259l\u0259y\u0259 g\u00f6r\u0259. Ba\u015f\u00e7\u0131 m\u0259ni q\u0259bul el\u0259mir, qurumun h\u00fcquq\u015f\u00fcnas\u0131 deyir, ba\u015f\u0131n\u0131n bu i\u015fl\u0259r\u0259 aidiyy\u0259ti yoxdur, m\u00fcavinl\u0259ri o i\u015fi s\u0259n\u0259 \u00f6zba\u015f\u0131na tap\u015f\u0131r\u0131blar. Halbuki, \u015f\u0259xs\u0259n ba\u015f\u00e7\u0131 \u00f6z\u00fc g\u0259lib-gedirdi, budama, a\u011fac k\u0259simi i\u015fl\u0259rin\u0259 bax\u0131rd\u0131. Qurumun h\u00fcquq\u015f\u00fcnas\u0131 dedi, get, apelyasiya \u015fikay\u0259ti ver, narahat olma, t\u0259min olunacaq. Getdim onu da el\u0259dim, t\u0259min olunmad\u0131. \u0130ndi m\u0259n neyl\u0259m\u0259liy\u0259m? M\u0259hk\u0259m\u0259 icra\u00e7\u0131lar\u0131 deyir, c\u0259rim\u0259ni \u00f6d\u0259m\u0259s\u0259n, t\u0259z\u0259d\u0259n cinay\u0259t m\u0259suliyy\u0259tin\u0259 c\u0259lb olunacaqsan, bu d\u0259f\u0259 uzunm\u00fcdd\u0259tli h\u0259bs olunacaqsan. M\u00fcharib\u0259 \u0259liliy\u0259m, ail\u0259m, \u00f6vladlar\u0131m var. M\u0259n\u0259 n\u0259 deyibl\u0259r, onu yerin\u0259 yetirmi\u015f\u0259m\u201d.\n<\/p>\n<p>\n  Quba Rayon \u0130cra Hakimiyy\u0259tind\u0259n bildirilib ki, 1 il \u0259vv\u0259l m\u0259s\u0259l\u0259 h\u00fcquq-m\u00fchafiz\u0259 orqanlar\u0131nda ara\u015fd\u0131r\u0131ld\u0131\u011f\u0131ndan v\u0259 bu m\u0259s\u0259l\u0259y\u0259 m\u0259hk\u0259m\u0259 h\u00fcquqi qiym\u0259t verdiyind\u0259n qurum m\u00fcnasib\u0259t bildir\u0259 bilm\u0259z. \u0130mran \u0130lyasov q\u0259rarlardan naraz\u0131 idis\u0259, vaxt\u0131nda Ali M\u0259hk\u0259m\u0259y\u0259 kassasiya \u015fikay\u0259ti ver\u0259 bil\u0259rdi.\n<\/p>\n<figure class=\"wp-block-image size-large\">\n  <img decoding=\"async\" src=\"https:\/\/www.meydan.tv\/az\/qerar\/\" alt=\"Q\u0259rar\" class=\"wp-image-125583\"\/><figcaption>\n    Q\u0259rar<br \/>\n  <\/figcaption><\/figure>\n","protected":false},"excerpt":{"rendered":"<p>Quba sakini \u015f\u0259xsi \u0259mlaklar\u0131n\u0131n da \u0259lind\u0259n al\u0131nd\u0131\u011f\u0131n\u0131 deyir<\/p>\n","protected":false},"author":11,"featured_media":125580,"comment_status":"closed","ping_status":"open","sticky":false,"template":"","format":"standard","meta":{"_acf_changed":false,"_sitemap_exclude":false,"_sitemap_priority":"","_sitemap_frequency":"","footnotes":""},"categories":[60],"tags":[],"class_list":["post-195870","post","type-post","status-publish","format-standard","has-post-thumbnail","hentry","category-bolge","infinite-scroll-item","generate-columns","tablet-grid-50","mobile-grid-100","grid-parent","grid-33","no-featured-image-padding"],"acf":[],"yoast_head":"<!-- This site is optimized with the Yoast SEO plugin v27.4 - https:\/\/yoast.com\/product\/yoast-seo-wordpress\/ -->\n<title>&#039;&#039;\u0130cra hakimiyy\u0259tinin tap\u015f\u0131r\u0131\u011f\u0131yla a\u011faclar\u0131 budad\u0131m, 2 il i\u015f k\u0259sdil\u0259r&#039;&#039; - MEYDAN.TV<\/title>\n<meta name=\"robots\" content=\"index, follow, max-snippet:-1, max-image-preview:large, max-video-preview:-1\" \/>\n<link rel=\"canonical\" href=\"https:\/\/www.meydan.tv\/az\/article\/icra-hakimiyyetinin-tapsirigiyla-agaclari-budadim-2-il-kesdiler\/\" \/>\n<meta property=\"og:locale\" content=\"az_AZ\" \/>\n<meta property=\"og:type\" content=\"article\" \/>\n<meta property=\"og:title\" content=\"&#039;&#039;\u0130cra hakimiyy\u0259tinin tap\u015f\u0131r\u0131\u011f\u0131yla a\u011faclar\u0131 budad\u0131m, 2 il i\u015f k\u0259sdil\u0259r&#039;&#039; - MEYDAN.TV\" \/>\n<meta property=\"og:description\" content=\"Quba sakini \u015f\u0259xsi \u0259mlaklar\u0131n\u0131n da \u0259lind\u0259n al\u0131nd\u0131\u011f\u0131n\u0131 deyir\" \/>\n<meta property=\"og:url\" content=\"https:\/\/www.meydan.tv\/az\/article\/icra-hakimiyyetinin-tapsirigiyla-agaclari-budadim-2-il-kesdiler\/\" \/>\n<meta property=\"og:site_name\" content=\"MEYDAN.TV\" \/>\n<meta property=\"article:published_time\" content=\"2019-06-17T12:16:06+00:00\" \/>\n<meta property=\"og:image\" content=\"https:\/\/www.meydan.tv\/wp-content\/uploads\/9b033000-2247-445a-ac9a-0d9f62702588.jpeg\" \/>\n\t<meta property=\"og:image:width\" content=\"1280\" \/>\n\t<meta property=\"og:image:height\" content=\"1168\" \/>\n\t<meta property=\"og:image:type\" content=\"image\/jpeg\" \/>\n<meta name=\"author\" content=\"user-manager\" \/>\n<meta name=\"twitter:card\" content=\"summary_large_image\" \/>\n<script type=\"application\/ld+json\" class=\"yoast-schema-graph\">{\"@context\":\"https:\\\/\\\/schema.org\",\"@graph\":[{\"@type\":\"Article\",\"@id\":\"https:\\\/\\\/www.meydan.tv\\\/az\\\/article\\\/icra-hakimiyyetinin-tapsirigiyla-agaclari-budadim-2-il-kesdiler\\\/#article\",\"isPartOf\":{\"@id\":\"https:\\\/\\\/www.meydan.tv\\\/az\\\/article\\\/icra-hakimiyyetinin-tapsirigiyla-agaclari-budadim-2-il-kesdiler\\\/\"},\"author\":{\"name\":\"user-manager\",\"@id\":\"https:\\\/\\\/www.meydan.tv\\\/az\\\/#\\\/schema\\\/person\\\/10d11eccf6da3662cf5fdab9806ea91a\"},\"headline\":\"&#8221;\u0130cra hakimiyy\u0259tinin tap\u015f\u0131r\u0131\u011f\u0131yla a\u011faclar\u0131 budad\u0131m, 2 il i\u015f k\u0259sdil\u0259r&#8221;\",\"datePublished\":\"2019-06-17T12:16:06+00:00\",\"mainEntityOfPage\":{\"@id\":\"https:\\\/\\\/www.meydan.tv\\\/az\\\/article\\\/icra-hakimiyyetinin-tapsirigiyla-agaclari-budadim-2-il-kesdiler\\\/\"},\"wordCount\":2032,\"publisher\":{\"@id\":\"https:\\\/\\\/www.meydan.tv\\\/az\\\/#organization\"},\"image\":{\"@id\":\"https:\\\/\\\/www.meydan.tv\\\/az\\\/article\\\/icra-hakimiyyetinin-tapsirigiyla-agaclari-budadim-2-il-kesdiler\\\/#primaryimage\"},\"thumbnailUrl\":\"https:\\\/\\\/www.meydan.tv\\\/wp-content\\\/uploads\\\/9b033000-2247-445a-ac9a-0d9f62702588.jpeg\",\"articleSection\":[\"B\u00f6lg\u0259\"],\"inLanguage\":\"az\"},{\"@type\":\"WebPage\",\"@id\":\"https:\\\/\\\/www.meydan.tv\\\/az\\\/article\\\/icra-hakimiyyetinin-tapsirigiyla-agaclari-budadim-2-il-kesdiler\\\/\",\"url\":\"https:\\\/\\\/www.meydan.tv\\\/az\\\/article\\\/icra-hakimiyyetinin-tapsirigiyla-agaclari-budadim-2-il-kesdiler\\\/\",\"name\":\"''\u0130cra hakimiyy\u0259tinin tap\u015f\u0131r\u0131\u011f\u0131yla a\u011faclar\u0131 budad\u0131m, 2 il i\u015f k\u0259sdil\u0259r'' - MEYDAN.TV\",\"isPartOf\":{\"@id\":\"https:\\\/\\\/www.meydan.tv\\\/az\\\/#website\"},\"primaryImageOfPage\":{\"@id\":\"https:\\\/\\\/www.meydan.tv\\\/az\\\/article\\\/icra-hakimiyyetinin-tapsirigiyla-agaclari-budadim-2-il-kesdiler\\\/#primaryimage\"},\"image\":{\"@id\":\"https:\\\/\\\/www.meydan.tv\\\/az\\\/article\\\/icra-hakimiyyetinin-tapsirigiyla-agaclari-budadim-2-il-kesdiler\\\/#primaryimage\"},\"thumbnailUrl\":\"https:\\\/\\\/www.meydan.tv\\\/wp-content\\\/uploads\\\/9b033000-2247-445a-ac9a-0d9f62702588.jpeg\",\"datePublished\":\"2019-06-17T12:16:06+00:00\",\"breadcrumb\":{\"@id\":\"https:\\\/\\\/www.meydan.tv\\\/az\\\/article\\\/icra-hakimiyyetinin-tapsirigiyla-agaclari-budadim-2-il-kesdiler\\\/#breadcrumb\"},\"inLanguage\":\"az\",\"potentialAction\":[{\"@type\":\"ReadAction\",\"target\":[\"https:\\\/\\\/www.meydan.tv\\\/az\\\/article\\\/icra-hakimiyyetinin-tapsirigiyla-agaclari-budadim-2-il-kesdiler\\\/\"]}]},{\"@type\":\"ImageObject\",\"inLanguage\":\"az\",\"@id\":\"https:\\\/\\\/www.meydan.tv\\\/az\\\/article\\\/icra-hakimiyyetinin-tapsirigiyla-agaclari-budadim-2-il-kesdiler\\\/#primaryimage\",\"url\":\"https:\\\/\\\/www.meydan.tv\\\/wp-content\\\/uploads\\\/9b033000-2247-445a-ac9a-0d9f62702588.jpeg\",\"contentUrl\":\"https:\\\/\\\/www.meydan.tv\\\/wp-content\\\/uploads\\\/9b033000-2247-445a-ac9a-0d9f62702588.jpeg\",\"width\":1280,\"height\":1168,\"caption\":\"Source: Meydan Tv\"},{\"@type\":\"BreadcrumbList\",\"@id\":\"https:\\\/\\\/www.meydan.tv\\\/az\\\/article\\\/icra-hakimiyyetinin-tapsirigiyla-agaclari-budadim-2-il-kesdiler\\\/#breadcrumb\",\"itemListElement\":[{\"@type\":\"ListItem\",\"position\":1,\"name\":\"Ana s\u0259hif\u0259\",\"item\":\"https:\\\/\\\/www.meydan.tv\\\/az\\\/\"},{\"@type\":\"ListItem\",\"position\":2,\"name\":\"B\u00f6lg\u0259\",\"item\":\"https:\\\/\\\/www.meydan.tv\\\/az\\\/section\\\/bolge\\\/\"},{\"@type\":\"ListItem\",\"position\":3,\"name\":\"&#8221;\u0130cra hakimiyy\u0259tinin tap\u015f\u0131r\u0131\u011f\u0131yla a\u011faclar\u0131 budad\u0131m, 2 il i\u015f k\u0259sdil\u0259r&#8221;\"}]},{\"@type\":\"WebSite\",\"@id\":\"https:\\\/\\\/www.meydan.tv\\\/az\\\/#website\",\"url\":\"https:\\\/\\\/www.meydan.tv\\\/az\\\/\",\"name\":\"MEYDAN.TV\",\"description\":\"Meydan TV Az\u0259rbaycan\u0131n media m\u0259kan\u0131ndak\u0131 alternativ s\u0259sidir\",\"publisher\":{\"@id\":\"https:\\\/\\\/www.meydan.tv\\\/az\\\/#organization\"},\"potentialAction\":[{\"@type\":\"SearchAction\",\"target\":{\"@type\":\"EntryPoint\",\"urlTemplate\":\"https:\\\/\\\/www.meydan.tv\\\/az\\\/?s={search_term_string}\"},\"query-input\":{\"@type\":\"PropertyValueSpecification\",\"valueRequired\":true,\"valueName\":\"search_term_string\"}}],\"inLanguage\":\"az\"},{\"@type\":\"Organization\",\"@id\":\"https:\\\/\\\/www.meydan.tv\\\/az\\\/#organization\",\"name\":\"Meydan TV\",\"url\":\"https:\\\/\\\/www.meydan.tv\\\/az\\\/\",\"logo\":{\"@type\":\"ImageObject\",\"inLanguage\":\"az\",\"@id\":\"https:\\\/\\\/www.meydan.tv\\\/az\\\/#\\\/schema\\\/logo\\\/image\\\/\",\"url\":\"https:\\\/\\\/www.meydan.tv\\\/wp-content\\\/uploads\\\/2021\\\/07\\\/meydan-logo.svg\",\"contentUrl\":\"https:\\\/\\\/www.meydan.tv\\\/wp-content\\\/uploads\\\/2021\\\/07\\\/meydan-logo.svg\",\"width\":195,\"height\":46,\"caption\":\"Meydan TV\"},\"image\":{\"@id\":\"https:\\\/\\\/www.meydan.tv\\\/az\\\/#\\\/schema\\\/logo\\\/image\\\/\"}},{\"@type\":\"Person\",\"@id\":\"https:\\\/\\\/www.meydan.tv\\\/az\\\/#\\\/schema\\\/person\\\/10d11eccf6da3662cf5fdab9806ea91a\",\"name\":\"user-manager\"}]}<\/script>\n<!-- \/ Yoast SEO plugin. -->","yoast_head_json":{"title":"''\u0130cra hakimiyy\u0259tinin tap\u015f\u0131r\u0131\u011f\u0131yla a\u011faclar\u0131 budad\u0131m, 2 il i\u015f k\u0259sdil\u0259r'' - MEYDAN.TV","robots":{"index":"index","follow":"follow","max-snippet":"max-snippet:-1","max-image-preview":"max-image-preview:large","max-video-preview":"max-video-preview:-1"},"canonical":"https:\/\/www.meydan.tv\/az\/article\/icra-hakimiyyetinin-tapsirigiyla-agaclari-budadim-2-il-kesdiler\/","og_locale":"az_AZ","og_type":"article","og_title":"''\u0130cra hakimiyy\u0259tinin tap\u015f\u0131r\u0131\u011f\u0131yla a\u011faclar\u0131 budad\u0131m, 2 il i\u015f k\u0259sdil\u0259r'' - MEYDAN.TV","og_description":"Quba sakini \u015f\u0259xsi \u0259mlaklar\u0131n\u0131n da \u0259lind\u0259n al\u0131nd\u0131\u011f\u0131n\u0131 deyir","og_url":"https:\/\/www.meydan.tv\/az\/article\/icra-hakimiyyetinin-tapsirigiyla-agaclari-budadim-2-il-kesdiler\/","og_site_name":"MEYDAN.TV","article_published_time":"2019-06-17T12:16:06+00:00","og_image":[{"width":1280,"height":1168,"url":"https:\/\/www.meydan.tv\/wp-content\/uploads\/9b033000-2247-445a-ac9a-0d9f62702588.jpeg","type":"image\/jpeg"}],"author":"user-manager","twitter_card":"summary_large_image","schema":{"@context":"https:\/\/schema.org","@graph":[{"@type":"Article","@id":"https:\/\/www.meydan.tv\/az\/article\/icra-hakimiyyetinin-tapsirigiyla-agaclari-budadim-2-il-kesdiler\/#article","isPartOf":{"@id":"https:\/\/www.meydan.tv\/az\/article\/icra-hakimiyyetinin-tapsirigiyla-agaclari-budadim-2-il-kesdiler\/"},"author":{"name":"user-manager","@id":"https:\/\/www.meydan.tv\/az\/#\/schema\/person\/10d11eccf6da3662cf5fdab9806ea91a"},"headline":"&#8221;\u0130cra hakimiyy\u0259tinin tap\u015f\u0131r\u0131\u011f\u0131yla a\u011faclar\u0131 budad\u0131m, 2 il i\u015f k\u0259sdil\u0259r&#8221;","datePublished":"2019-06-17T12:16:06+00:00","mainEntityOfPage":{"@id":"https:\/\/www.meydan.tv\/az\/article\/icra-hakimiyyetinin-tapsirigiyla-agaclari-budadim-2-il-kesdiler\/"},"wordCount":2032,"publisher":{"@id":"https:\/\/www.meydan.tv\/az\/#organization"},"image":{"@id":"https:\/\/www.meydan.tv\/az\/article\/icra-hakimiyyetinin-tapsirigiyla-agaclari-budadim-2-il-kesdiler\/#primaryimage"},"thumbnailUrl":"https:\/\/www.meydan.tv\/wp-content\/uploads\/9b033000-2247-445a-ac9a-0d9f62702588.jpeg","articleSection":["B\u00f6lg\u0259"],"inLanguage":"az"},{"@type":"WebPage","@id":"https:\/\/www.meydan.tv\/az\/article\/icra-hakimiyyetinin-tapsirigiyla-agaclari-budadim-2-il-kesdiler\/","url":"https:\/\/www.meydan.tv\/az\/article\/icra-hakimiyyetinin-tapsirigiyla-agaclari-budadim-2-il-kesdiler\/","name":"''\u0130cra hakimiyy\u0259tinin tap\u015f\u0131r\u0131\u011f\u0131yla a\u011faclar\u0131 budad\u0131m, 2 il i\u015f k\u0259sdil\u0259r'' - MEYDAN.TV","isPartOf":{"@id":"https:\/\/www.meydan.tv\/az\/#website"},"primaryImageOfPage":{"@id":"https:\/\/www.meydan.tv\/az\/article\/icra-hakimiyyetinin-tapsirigiyla-agaclari-budadim-2-il-kesdiler\/#primaryimage"},"image":{"@id":"https:\/\/www.meydan.tv\/az\/article\/icra-hakimiyyetinin-tapsirigiyla-agaclari-budadim-2-il-kesdiler\/#primaryimage"},"thumbnailUrl":"https:\/\/www.meydan.tv\/wp-content\/uploads\/9b033000-2247-445a-ac9a-0d9f62702588.jpeg","datePublished":"2019-06-17T12:16:06+00:00","breadcrumb":{"@id":"https:\/\/www.meydan.tv\/az\/article\/icra-hakimiyyetinin-tapsirigiyla-agaclari-budadim-2-il-kesdiler\/#breadcrumb"},"inLanguage":"az","potentialAction":[{"@type":"ReadAction","target":["https:\/\/www.meydan.tv\/az\/article\/icra-hakimiyyetinin-tapsirigiyla-agaclari-budadim-2-il-kesdiler\/"]}]},{"@type":"ImageObject","inLanguage":"az","@id":"https:\/\/www.meydan.tv\/az\/article\/icra-hakimiyyetinin-tapsirigiyla-agaclari-budadim-2-il-kesdiler\/#primaryimage","url":"https:\/\/www.meydan.tv\/wp-content\/uploads\/9b033000-2247-445a-ac9a-0d9f62702588.jpeg","contentUrl":"https:\/\/www.meydan.tv\/wp-content\/uploads\/9b033000-2247-445a-ac9a-0d9f62702588.jpeg","width":1280,"height":1168,"caption":"Source: Meydan Tv"},{"@type":"BreadcrumbList","@id":"https:\/\/www.meydan.tv\/az\/article\/icra-hakimiyyetinin-tapsirigiyla-agaclari-budadim-2-il-kesdiler\/#breadcrumb","itemListElement":[{"@type":"ListItem","position":1,"name":"Ana s\u0259hif\u0259","item":"https:\/\/www.meydan.tv\/az\/"},{"@type":"ListItem","position":2,"name":"B\u00f6lg\u0259","item":"https:\/\/www.meydan.tv\/az\/section\/bolge\/"},{"@type":"ListItem","position":3,"name":"&#8221;\u0130cra hakimiyy\u0259tinin tap\u015f\u0131r\u0131\u011f\u0131yla a\u011faclar\u0131 budad\u0131m, 2 il i\u015f k\u0259sdil\u0259r&#8221;"}]},{"@type":"WebSite","@id":"https:\/\/www.meydan.tv\/az\/#website","url":"https:\/\/www.meydan.tv\/az\/","name":"MEYDAN.TV","description":"Meydan TV Az\u0259rbaycan\u0131n media m\u0259kan\u0131ndak\u0131 alternativ s\u0259sidir","publisher":{"@id":"https:\/\/www.meydan.tv\/az\/#organization"},"potentialAction":[{"@type":"SearchAction","target":{"@type":"EntryPoint","urlTemplate":"https:\/\/www.meydan.tv\/az\/?s={search_term_string}"},"query-input":{"@type":"PropertyValueSpecification","valueRequired":true,"valueName":"search_term_string"}}],"inLanguage":"az"},{"@type":"Organization","@id":"https:\/\/www.meydan.tv\/az\/#organization","name":"Meydan TV","url":"https:\/\/www.meydan.tv\/az\/","logo":{"@type":"ImageObject","inLanguage":"az","@id":"https:\/\/www.meydan.tv\/az\/#\/schema\/logo\/image\/","url":"https:\/\/www.meydan.tv\/wp-content\/uploads\/2021\/07\/meydan-logo.svg","contentUrl":"https:\/\/www.meydan.tv\/wp-content\/uploads\/2021\/07\/meydan-logo.svg","width":195,"height":46,"caption":"Meydan TV"},"image":{"@id":"https:\/\/www.meydan.tv\/az\/#\/schema\/logo\/image\/"}},{"@type":"Person","@id":"https:\/\/www.meydan.tv\/az\/#\/schema\/person\/10d11eccf6da3662cf5fdab9806ea91a","name":"user-manager"}]}},"_links":{"self":[{"href":"https:\/\/www.meydan.tv\/az\/wp-json\/wp\/v2\/posts\/195870","targetHints":{"allow":["GET"]}}],"collection":[{"href":"https:\/\/www.meydan.tv\/az\/wp-json\/wp\/v2\/posts"}],"about":[{"href":"https:\/\/www.meydan.tv\/az\/wp-json\/wp\/v2\/types\/post"}],"author":[{"embeddable":true,"href":"https:\/\/www.meydan.tv\/az\/wp-json\/wp\/v2\/users\/11"}],"replies":[{"embeddable":true,"href":"https:\/\/www.meydan.tv\/az\/wp-json\/wp\/v2\/comments?post=195870"}],"version-history":[{"count":0,"href":"https:\/\/www.meydan.tv\/az\/wp-json\/wp\/v2\/posts\/195870\/revisions"}],"wp:featuredmedia":[{"embeddable":true,"href":"https:\/\/www.meydan.tv\/az\/wp-json\/wp\/v2\/media\/125580"}],"wp:attachment":[{"href":"https:\/\/www.meydan.tv\/az\/wp-json\/wp\/v2\/media?parent=195870"}],"wp:term":[{"taxonomy":"category","embeddable":true,"href":"https:\/\/www.meydan.tv\/az\/wp-json\/wp\/v2\/categories?post=195870"},{"taxonomy":"post_tag","embeddable":true,"href":"https:\/\/www.meydan.tv\/az\/wp-json\/wp\/v2\/tags?post=195870"}],"curies":[{"name":"wp","href":"https:\/\/api.w.org\/{rel}","templated":true}]}}