{"id":195848,"date":"2019-06-14T12:24:09","date_gmt":"2019-06-14T12:24:09","guid":{"rendered":"https:\/\/www.meydan.tv\/article\/abs-ordusu-irani-korfez-hucumunda-ittiham-edir\/"},"modified":"2019-06-14T12:24:09","modified_gmt":"2019-06-14T12:24:09","slug":"abs-ordusu-irani-korfez-hucumunda-ittiham-edir","status":"publish","type":"post","link":"https:\/\/www.meydan.tv\/az\/article\/abs-ordusu-irani-korfez-hucumunda-ittiham-edir\/","title":{"rendered":"AB\u015e ordusu \u0130ran\u0131 k\u00f6rf\u0259z h\u00fccumunda ittiham edir"},"content":{"rendered":"<p>\n  <i><br \/>\n    &#x27;&#x27;H\u00fccumlar \u0130ran\u0131n beyn\u0259lxalq s\u00fclh\u0259 v\u0259 t\u0259hl\u00fck\u0259sizliy\u0259 t\u0259\u015fkil etdiyi t\u0259hdidi ayd\u0131n n\u00fcmayi\u015f etdirir&#x27;&#x27;<br \/>\n  <\/i>\n<\/p>\n<p>\n  AB\u015e ordusu AB\u015e-\u0131n v\u0259 onun m\u00fctt\u0259fiql\u0259rinin Tehran\u0131 g\u00fcnahland\u0131rd\u0131qlar\u0131 h\u00fccum hadis\u0259sini \u0259ks etdir\u0259n video yay\u0131mlay\u0131b.\n<\/p>\n<p>\n  Videoda \u0130ran\u0131n \u0130slam \u0130nqilab\u0131 Qoruyucular\u0131 Korpusunun (\u0130RGC) Fars K\u00f6rf\u0259zind\u0259 iki neft tankerin\u0259 h\u00fccumu n\u00fcmayi\u015f etdirilib, &#8211; Azadl\u0131q Radiosu x\u0259b\u0259r verir.\n<\/p>\n<p>\n  AB\u015e M\u0259rk\u0259zi Komandanl\u0131\u011f\u0131 iyunun 13-d\u0259 deyib ki, videoda \u0130RGC n\u00fcmay\u0259nd\u0259l\u0259rinin h\u00fccum edil\u0259n iki neft tankerind\u0259n partlamam\u0131\u015f mina \u00e7\u0131xard\u0131qlar\u0131 g\u00f6r\u00fcn\u00fcr.\n<\/p>\n<p>\n  R\u0259smil\u0259r CNN-\u0259 bildiribl\u0259r ki, Pentaqon inan\u0131r ki, bununla \u0130ran q\u00fcvv\u0259l\u0259ri onlar\u0131n i\u015ftirak\u0131 bar\u0259d\u0259 s\u00fcbutlar\u0131 \u0259ld\u0259 etm\u0259y\u0259 \u00e7al\u0131\u015f\u0131b.\n<\/p>\n<p>\n  \u0130yun ay\u0131n\u0131n 13-d\u0259 \u0130ran\u0131n BMT-d\u0259ki missiyas\u0131 &quot;AB\u015e-\u0131n \u0259sass\u0131z iddias\u0131n\u0131 q\u0259ti olaraq r\u0259dd etdiyini&quot; deyib.\n<\/p>\n<p>\n  Birl\u0259\u015fmi\u015f Mill\u0259tl\u0259r T\u0259\u015fkilat\u0131n\u0131n f\u0259aliyy\u0259td\u0259 olan s\u0259firi Conatan Koen (Jonathan Cohen) T\u0259hl\u00fck\u0259sizlik \u015euras\u0131n\u0131 b\u00f6lg\u0259d\u0259 Tehran\u0131n yaratd\u0131\u011f\u0131 &quot;a\u00e7\u0131q t\u0259hl\u00fck\u0259y\u0259&quot; qar\u015f\u0131 m\u00f6vqe bildirm\u0259y\u0259 \u00e7a\u011f\u0131r\u0131b.\n<\/p>\n<p>\n  \u201cH\u00fccumlar \u0130ran\u0131n beyn\u0259lxalq s\u00fclh\u0259 v\u0259 t\u0259hl\u00fck\u0259sizliy\u0259 t\u0259\u015fkil etdiyi t\u0259hdidi ayd\u0131n n\u00fcmayi\u015f etdirir&quot;, &#8211; dey\u0259 Koen T\u0259hl\u00fck\u0259sizlik \u015euras\u0131n\u0131n qapal\u0131 m\u00fczakir\u0259sind\u0259n sonra jurnalistl\u0259r\u0259 bildirib.\n<\/p>\n<p>\n  Koen deyib ki, b\u00f6lg\u0259d\u0259 he\u00e7 bir qrup bu s\u0259viyy\u0259d\u0259 imkan v\u0259 bacar\u0131qlara sahib deyildir:\n<\/p>\n<p>\n  &quot;\u0130ran is\u0259 silahlara, t\u0259cr\u00fcb\u0259y\u0259, v\u0259 z\u0259ruri k\u0259\u015ffiyyat m\u0259lumatlar\u0131na sahibdir.\n<\/p>\n<p>\n  M\u0259n T\u0259hl\u00fck\u0259sizlik \u015euras\u0131ndan m\u0259s\u0259l\u0259ni n\u0259zar\u0259td\u0259 saxlama\u011f\u0131 xahi\u015f etdim v\u0259 biz bu bar\u0259d\u0259 \u0259lav\u0259 dan\u0131\u015f\u0131qlar aparaca\u011f\u0131q v\u0259 g\u0259l\u0259c\u0259k g\u00fcnl\u0259rd\u0259 bu m\u0259s\u0259l\u0259y\u0259 nec\u0259 cavab ver\u0259c\u0259yimizi m\u00fczakir\u0259 ed\u0259c\u0259yik&quot;.\n<\/p>\n<p>\n  Koen eyni zamanda bildirib ki, AB\u015e b\u00f6lg\u0259d\u0259ki q\u00fcvv\u0259l\u0259rini v\u0259 maraqlar\u0131n\u0131 m\u00fcdafi\u0259 ed\u0259c\u0259k. Ancaq o, m\u00fcmk\u00fcn q\u0259timkan t\u0259dbirl\u0259ri haqda he\u00e7 bir m\u0259lumat verm\u0259yib v\u0259 jurnalistl\u0259rin bu haqda suallar\u0131n\u0131 cavabs\u0131z qoyub.\n<\/p>\n<p>\n  Diplomatlar AFP-\u0259 bildiribl\u0259r ki, T\u0259hl\u00fck\u0259sizlik \u015euras\u0131n\u0131n b\u0259zi \u00fczvl\u0259ri Tehran\u0131 ittiham etm\u0259kd\u0259n yay\u0131n\u0131blar v\u0259 deyibl\u0259r ki, \u0130ran\u0131 h\u00fccumda ittiham ed\u0259c\u0259k d\u0259lill\u0259r kifay\u0259t deyil.<\/p>\n","protected":false},"excerpt":{"rendered":"<p>AB\u015e M\u0259rk\u0259zi Komandanl\u0131\u011f\u0131 iyunun 13-d\u0259 deyib ki, videoda \u0130RGC n\u00fcmay\u0259nd\u0259l\u0259rinin h\u00fccum edil\u0259n iki neft tankerind\u0259n partlamam\u0131\u015f mina \u00e7\u0131xard\u0131qlar\u0131 g\u00f6r\u00fcn\u00fcr.<\/p>\n","protected":false},"author":11,"featured_media":120038,"comment_status":"closed","ping_status":"open","sticky":false,"template":"","format":"standard","meta":{"_acf_changed":false,"_sitemap_exclude":false,"_sitemap_priority":"","_sitemap_frequency":"","footnotes":""},"categories":[64],"tags":[],"class_list":["post-195848","post","type-post","status-publish","format-standard","has-post-thumbnail","hentry","category-dunya","infinite-scroll-item","generate-columns","tablet-grid-50","mobile-grid-100","grid-parent","grid-33","no-featured-image-padding"],"acf":[],"yoast_head":"<!-- This site is optimized with the Yoast SEO plugin v27.5 - https:\/\/yoast.com\/product\/yoast-seo-wordpress\/ -->\n<title>AB\u015e ordusu \u0130ran\u0131 k\u00f6rf\u0259z h\u00fccumunda ittiham edir - MEYDAN.TV<\/title>\n<meta name=\"robots\" content=\"index, follow, max-snippet:-1, max-image-preview:large, max-video-preview:-1\" \/>\n<link rel=\"canonical\" href=\"https:\/\/www.meydan.tv\/az\/article\/abs-ordusu-irani-korfez-hucumunda-ittiham-edir\/\" \/>\n<meta property=\"og:locale\" content=\"az_AZ\" \/>\n<meta property=\"og:type\" content=\"article\" \/>\n<meta property=\"og:title\" content=\"AB\u015e ordusu \u0130ran\u0131 k\u00f6rf\u0259z h\u00fccumunda ittiham edir - MEYDAN.TV\" \/>\n<meta property=\"og:description\" content=\"AB\u015e M\u0259rk\u0259zi Komandanl\u0131\u011f\u0131 iyunun 13-d\u0259 deyib ki, videoda \u0130RGC n\u00fcmay\u0259nd\u0259l\u0259rinin h\u00fccum edil\u0259n iki neft tankerind\u0259n partlamam\u0131\u015f mina \u00e7\u0131xard\u0131qlar\u0131 g\u00f6r\u00fcn\u00fcr.\" \/>\n<meta property=\"og:url\" content=\"https:\/\/www.meydan.tv\/az\/article\/abs-ordusu-irani-korfez-hucumunda-ittiham-edir\/\" \/>\n<meta property=\"og:site_name\" content=\"MEYDAN.TV\" \/>\n<meta property=\"article:published_time\" content=\"2019-06-14T12:24:09+00:00\" \/>\n<meta property=\"og:image\" content=\"https:\/\/www.meydan.tv\/wp-content\/uploads\/tramp-ruhani.jpg\" \/>\n\t<meta property=\"og:image:width\" content=\"853\" \/>\n\t<meta property=\"og:image:height\" content=\"480\" \/>\n\t<meta property=\"og:image:type\" content=\"image\/jpeg\" \/>\n<meta name=\"author\" content=\"user-manager\" \/>\n<meta name=\"twitter:card\" content=\"summary_large_image\" \/>\n<script type=\"application\/ld+json\" class=\"yoast-schema-graph\">{\"@context\":\"https:\\\/\\\/schema.org\",\"@graph\":[{\"@type\":\"Article\",\"@id\":\"https:\\\/\\\/www.meydan.tv\\\/az\\\/article\\\/abs-ordusu-irani-korfez-hucumunda-ittiham-edir\\\/#article\",\"isPartOf\":{\"@id\":\"https:\\\/\\\/www.meydan.tv\\\/az\\\/article\\\/abs-ordusu-irani-korfez-hucumunda-ittiham-edir\\\/\"},\"author\":{\"name\":\"user-manager\",\"@id\":\"https:\\\/\\\/www.meydan.tv\\\/az\\\/#\\\/schema\\\/person\\\/10d11eccf6da3662cf5fdab9806ea91a\"},\"headline\":\"AB\u015e ordusu \u0130ran\u0131 k\u00f6rf\u0259z h\u00fccumunda ittiham edir\",\"datePublished\":\"2019-06-14T12:24:09+00:00\",\"mainEntityOfPage\":{\"@id\":\"https:\\\/\\\/www.meydan.tv\\\/az\\\/article\\\/abs-ordusu-irani-korfez-hucumunda-ittiham-edir\\\/\"},\"wordCount\":448,\"publisher\":{\"@id\":\"https:\\\/\\\/www.meydan.tv\\\/az\\\/#organization\"},\"image\":{\"@id\":\"https:\\\/\\\/www.meydan.tv\\\/az\\\/article\\\/abs-ordusu-irani-korfez-hucumunda-ittiham-edir\\\/#primaryimage\"},\"thumbnailUrl\":\"https:\\\/\\\/www.meydan.tv\\\/wp-content\\\/uploads\\\/tramp-ruhani.jpg\",\"articleSection\":[\"D\u00fcnya\"],\"inLanguage\":\"az\"},{\"@type\":\"WebPage\",\"@id\":\"https:\\\/\\\/www.meydan.tv\\\/az\\\/article\\\/abs-ordusu-irani-korfez-hucumunda-ittiham-edir\\\/\",\"url\":\"https:\\\/\\\/www.meydan.tv\\\/az\\\/article\\\/abs-ordusu-irani-korfez-hucumunda-ittiham-edir\\\/\",\"name\":\"AB\u015e ordusu \u0130ran\u0131 k\u00f6rf\u0259z h\u00fccumunda ittiham edir - MEYDAN.TV\",\"isPartOf\":{\"@id\":\"https:\\\/\\\/www.meydan.tv\\\/az\\\/#website\"},\"primaryImageOfPage\":{\"@id\":\"https:\\\/\\\/www.meydan.tv\\\/az\\\/article\\\/abs-ordusu-irani-korfez-hucumunda-ittiham-edir\\\/#primaryimage\"},\"image\":{\"@id\":\"https:\\\/\\\/www.meydan.tv\\\/az\\\/article\\\/abs-ordusu-irani-korfez-hucumunda-ittiham-edir\\\/#primaryimage\"},\"thumbnailUrl\":\"https:\\\/\\\/www.meydan.tv\\\/wp-content\\\/uploads\\\/tramp-ruhani.jpg\",\"datePublished\":\"2019-06-14T12:24:09+00:00\",\"breadcrumb\":{\"@id\":\"https:\\\/\\\/www.meydan.tv\\\/az\\\/article\\\/abs-ordusu-irani-korfez-hucumunda-ittiham-edir\\\/#breadcrumb\"},\"inLanguage\":\"az\",\"potentialAction\":[{\"@type\":\"ReadAction\",\"target\":[\"https:\\\/\\\/www.meydan.tv\\\/az\\\/article\\\/abs-ordusu-irani-korfez-hucumunda-ittiham-edir\\\/\"]}]},{\"@type\":\"ImageObject\",\"inLanguage\":\"az\",\"@id\":\"https:\\\/\\\/www.meydan.tv\\\/az\\\/article\\\/abs-ordusu-irani-korfez-hucumunda-ittiham-edir\\\/#primaryimage\",\"url\":\"https:\\\/\\\/www.meydan.tv\\\/wp-content\\\/uploads\\\/tramp-ruhani.jpg\",\"contentUrl\":\"https:\\\/\\\/www.meydan.tv\\\/wp-content\\\/uploads\\\/tramp-ruhani.jpg\",\"width\":853,\"height\":480,\"caption\":\"Source: google.az\"},{\"@type\":\"BreadcrumbList\",\"@id\":\"https:\\\/\\\/www.meydan.tv\\\/az\\\/article\\\/abs-ordusu-irani-korfez-hucumunda-ittiham-edir\\\/#breadcrumb\",\"itemListElement\":[{\"@type\":\"ListItem\",\"position\":1,\"name\":\"Ana s\u0259hif\u0259\",\"item\":\"https:\\\/\\\/www.meydan.tv\\\/az\\\/\"},{\"@type\":\"ListItem\",\"position\":2,\"name\":\"D\u00fcnya\",\"item\":\"https:\\\/\\\/www.meydan.tv\\\/az\\\/section\\\/dunya\\\/\"},{\"@type\":\"ListItem\",\"position\":3,\"name\":\"AB\u015e ordusu \u0130ran\u0131 k\u00f6rf\u0259z h\u00fccumunda ittiham edir\"}]},{\"@type\":\"WebSite\",\"@id\":\"https:\\\/\\\/www.meydan.tv\\\/az\\\/#website\",\"url\":\"https:\\\/\\\/www.meydan.tv\\\/az\\\/\",\"name\":\"MEYDAN.TV\",\"description\":\"Meydan TV Az\u0259rbaycan\u0131n media m\u0259kan\u0131ndak\u0131 alternativ s\u0259sidir\",\"publisher\":{\"@id\":\"https:\\\/\\\/www.meydan.tv\\\/az\\\/#organization\"},\"potentialAction\":[{\"@type\":\"SearchAction\",\"target\":{\"@type\":\"EntryPoint\",\"urlTemplate\":\"https:\\\/\\\/www.meydan.tv\\\/az\\\/?s={search_term_string}\"},\"query-input\":{\"@type\":\"PropertyValueSpecification\",\"valueRequired\":true,\"valueName\":\"search_term_string\"}}],\"inLanguage\":\"az\"},{\"@type\":\"Organization\",\"@id\":\"https:\\\/\\\/www.meydan.tv\\\/az\\\/#organization\",\"name\":\"Meydan TV\",\"url\":\"https:\\\/\\\/www.meydan.tv\\\/az\\\/\",\"logo\":{\"@type\":\"ImageObject\",\"inLanguage\":\"az\",\"@id\":\"https:\\\/\\\/www.meydan.tv\\\/az\\\/#\\\/schema\\\/logo\\\/image\\\/\",\"url\":\"https:\\\/\\\/www.meydan.tv\\\/wp-content\\\/uploads\\\/2021\\\/07\\\/meydan-logo.svg\",\"contentUrl\":\"https:\\\/\\\/www.meydan.tv\\\/wp-content\\\/uploads\\\/2021\\\/07\\\/meydan-logo.svg\",\"width\":195,\"height\":46,\"caption\":\"Meydan TV\"},\"image\":{\"@id\":\"https:\\\/\\\/www.meydan.tv\\\/az\\\/#\\\/schema\\\/logo\\\/image\\\/\"}},{\"@type\":\"Person\",\"@id\":\"https:\\\/\\\/www.meydan.tv\\\/az\\\/#\\\/schema\\\/person\\\/10d11eccf6da3662cf5fdab9806ea91a\",\"name\":\"user-manager\"}]}<\/script>\n<!-- \/ Yoast SEO plugin. -->","yoast_head_json":{"title":"AB\u015e ordusu \u0130ran\u0131 k\u00f6rf\u0259z h\u00fccumunda ittiham edir - MEYDAN.TV","robots":{"index":"index","follow":"follow","max-snippet":"max-snippet:-1","max-image-preview":"max-image-preview:large","max-video-preview":"max-video-preview:-1"},"canonical":"https:\/\/www.meydan.tv\/az\/article\/abs-ordusu-irani-korfez-hucumunda-ittiham-edir\/","og_locale":"az_AZ","og_type":"article","og_title":"AB\u015e ordusu \u0130ran\u0131 k\u00f6rf\u0259z h\u00fccumunda ittiham edir - MEYDAN.TV","og_description":"AB\u015e M\u0259rk\u0259zi Komandanl\u0131\u011f\u0131 iyunun 13-d\u0259 deyib ki, videoda \u0130RGC n\u00fcmay\u0259nd\u0259l\u0259rinin h\u00fccum edil\u0259n iki neft tankerind\u0259n partlamam\u0131\u015f mina \u00e7\u0131xard\u0131qlar\u0131 g\u00f6r\u00fcn\u00fcr.","og_url":"https:\/\/www.meydan.tv\/az\/article\/abs-ordusu-irani-korfez-hucumunda-ittiham-edir\/","og_site_name":"MEYDAN.TV","article_published_time":"2019-06-14T12:24:09+00:00","og_image":[{"width":853,"height":480,"url":"https:\/\/www.meydan.tv\/wp-content\/uploads\/tramp-ruhani.jpg","type":"image\/jpeg"}],"author":"user-manager","twitter_card":"summary_large_image","schema":{"@context":"https:\/\/schema.org","@graph":[{"@type":"Article","@id":"https:\/\/www.meydan.tv\/az\/article\/abs-ordusu-irani-korfez-hucumunda-ittiham-edir\/#article","isPartOf":{"@id":"https:\/\/www.meydan.tv\/az\/article\/abs-ordusu-irani-korfez-hucumunda-ittiham-edir\/"},"author":{"name":"user-manager","@id":"https:\/\/www.meydan.tv\/az\/#\/schema\/person\/10d11eccf6da3662cf5fdab9806ea91a"},"headline":"AB\u015e ordusu \u0130ran\u0131 k\u00f6rf\u0259z h\u00fccumunda ittiham edir","datePublished":"2019-06-14T12:24:09+00:00","mainEntityOfPage":{"@id":"https:\/\/www.meydan.tv\/az\/article\/abs-ordusu-irani-korfez-hucumunda-ittiham-edir\/"},"wordCount":448,"publisher":{"@id":"https:\/\/www.meydan.tv\/az\/#organization"},"image":{"@id":"https:\/\/www.meydan.tv\/az\/article\/abs-ordusu-irani-korfez-hucumunda-ittiham-edir\/#primaryimage"},"thumbnailUrl":"https:\/\/www.meydan.tv\/wp-content\/uploads\/tramp-ruhani.jpg","articleSection":["D\u00fcnya"],"inLanguage":"az"},{"@type":"WebPage","@id":"https:\/\/www.meydan.tv\/az\/article\/abs-ordusu-irani-korfez-hucumunda-ittiham-edir\/","url":"https:\/\/www.meydan.tv\/az\/article\/abs-ordusu-irani-korfez-hucumunda-ittiham-edir\/","name":"AB\u015e ordusu \u0130ran\u0131 k\u00f6rf\u0259z h\u00fccumunda ittiham edir - MEYDAN.TV","isPartOf":{"@id":"https:\/\/www.meydan.tv\/az\/#website"},"primaryImageOfPage":{"@id":"https:\/\/www.meydan.tv\/az\/article\/abs-ordusu-irani-korfez-hucumunda-ittiham-edir\/#primaryimage"},"image":{"@id":"https:\/\/www.meydan.tv\/az\/article\/abs-ordusu-irani-korfez-hucumunda-ittiham-edir\/#primaryimage"},"thumbnailUrl":"https:\/\/www.meydan.tv\/wp-content\/uploads\/tramp-ruhani.jpg","datePublished":"2019-06-14T12:24:09+00:00","breadcrumb":{"@id":"https:\/\/www.meydan.tv\/az\/article\/abs-ordusu-irani-korfez-hucumunda-ittiham-edir\/#breadcrumb"},"inLanguage":"az","potentialAction":[{"@type":"ReadAction","target":["https:\/\/www.meydan.tv\/az\/article\/abs-ordusu-irani-korfez-hucumunda-ittiham-edir\/"]}]},{"@type":"ImageObject","inLanguage":"az","@id":"https:\/\/www.meydan.tv\/az\/article\/abs-ordusu-irani-korfez-hucumunda-ittiham-edir\/#primaryimage","url":"https:\/\/www.meydan.tv\/wp-content\/uploads\/tramp-ruhani.jpg","contentUrl":"https:\/\/www.meydan.tv\/wp-content\/uploads\/tramp-ruhani.jpg","width":853,"height":480,"caption":"Source: google.az"},{"@type":"BreadcrumbList","@id":"https:\/\/www.meydan.tv\/az\/article\/abs-ordusu-irani-korfez-hucumunda-ittiham-edir\/#breadcrumb","itemListElement":[{"@type":"ListItem","position":1,"name":"Ana s\u0259hif\u0259","item":"https:\/\/www.meydan.tv\/az\/"},{"@type":"ListItem","position":2,"name":"D\u00fcnya","item":"https:\/\/www.meydan.tv\/az\/section\/dunya\/"},{"@type":"ListItem","position":3,"name":"AB\u015e ordusu \u0130ran\u0131 k\u00f6rf\u0259z h\u00fccumunda ittiham edir"}]},{"@type":"WebSite","@id":"https:\/\/www.meydan.tv\/az\/#website","url":"https:\/\/www.meydan.tv\/az\/","name":"MEYDAN.TV","description":"Meydan TV Az\u0259rbaycan\u0131n media m\u0259kan\u0131ndak\u0131 alternativ s\u0259sidir","publisher":{"@id":"https:\/\/www.meydan.tv\/az\/#organization"},"potentialAction":[{"@type":"SearchAction","target":{"@type":"EntryPoint","urlTemplate":"https:\/\/www.meydan.tv\/az\/?s={search_term_string}"},"query-input":{"@type":"PropertyValueSpecification","valueRequired":true,"valueName":"search_term_string"}}],"inLanguage":"az"},{"@type":"Organization","@id":"https:\/\/www.meydan.tv\/az\/#organization","name":"Meydan TV","url":"https:\/\/www.meydan.tv\/az\/","logo":{"@type":"ImageObject","inLanguage":"az","@id":"https:\/\/www.meydan.tv\/az\/#\/schema\/logo\/image\/","url":"https:\/\/www.meydan.tv\/wp-content\/uploads\/2021\/07\/meydan-logo.svg","contentUrl":"https:\/\/www.meydan.tv\/wp-content\/uploads\/2021\/07\/meydan-logo.svg","width":195,"height":46,"caption":"Meydan TV"},"image":{"@id":"https:\/\/www.meydan.tv\/az\/#\/schema\/logo\/image\/"}},{"@type":"Person","@id":"https:\/\/www.meydan.tv\/az\/#\/schema\/person\/10d11eccf6da3662cf5fdab9806ea91a","name":"user-manager"}]}},"_links":{"self":[{"href":"https:\/\/www.meydan.tv\/az\/wp-json\/wp\/v2\/posts\/195848","targetHints":{"allow":["GET"]}}],"collection":[{"href":"https:\/\/www.meydan.tv\/az\/wp-json\/wp\/v2\/posts"}],"about":[{"href":"https:\/\/www.meydan.tv\/az\/wp-json\/wp\/v2\/types\/post"}],"author":[{"embeddable":true,"href":"https:\/\/www.meydan.tv\/az\/wp-json\/wp\/v2\/users\/11"}],"replies":[{"embeddable":true,"href":"https:\/\/www.meydan.tv\/az\/wp-json\/wp\/v2\/comments?post=195848"}],"version-history":[{"count":0,"href":"https:\/\/www.meydan.tv\/az\/wp-json\/wp\/v2\/posts\/195848\/revisions"}],"wp:featuredmedia":[{"embeddable":true,"href":"https:\/\/www.meydan.tv\/az\/wp-json\/wp\/v2\/media\/120038"}],"wp:attachment":[{"href":"https:\/\/www.meydan.tv\/az\/wp-json\/wp\/v2\/media?parent=195848"}],"wp:term":[{"taxonomy":"category","embeddable":true,"href":"https:\/\/www.meydan.tv\/az\/wp-json\/wp\/v2\/categories?post=195848"},{"taxonomy":"post_tag","embeddable":true,"href":"https:\/\/www.meydan.tv\/az\/wp-json\/wp\/v2\/tags?post=195848"}],"curies":[{"name":"wp","href":"https:\/\/api.w.org\/{rel}","templated":true}]}}