{"id":195847,"date":"2019-06-14T12:19:17","date_gmt":"2019-06-14T12:19:17","guid":{"rendered":"https:\/\/www.meydan.tv\/article\/yeni-zelandiyadaki-terrorda-teqsirlendirilen-sexs-gunahkar-olmadigini-iddia-edir\/"},"modified":"2019-06-14T12:19:17","modified_gmt":"2019-06-14T12:19:17","slug":"yeni-zelandiyadaki-terrorda-teqsirlendirilen-sexs-gunahkar-olmadigini-iddia-edir","status":"publish","type":"post","link":"https:\/\/www.meydan.tv\/az\/article\/yeni-zelandiyadaki-terrorda-teqsirlendirilen-sexs-gunahkar-olmadigini-iddia-edir\/","title":{"rendered":"Yeni Zelandiyadak\u0131 terrorda t\u0259qsirl\u0259ndiril\u0259n \u015f\u0259xs g\u00fcnahkar olmad\u0131\u011f\u0131n\u0131 iddia edir"},"content":{"rendered":"<p>\n  <i><br \/>\n    28 ya\u015fl\u0131 avstraliyal\u0131 m\u00fctt\u0259him v\u0259kilin m\u0259hk\u0259m\u0259d\u0259ki \u00e7\u0131x\u0131\u015f\u0131n\u0131 h\u0259bsxanadan izl\u0259yib<br \/>\n  <\/i>\n<\/p>\n<p>\n  Bu ilin mart\u0131nda Yeni Zelandiyan\u0131n Christchurch \u015f\u0259h\u0259rind\u0259 ba\u015f vermi\u015f h\u00fccumlar\u0131n \u0259sas \u015f\u00fcbh\u0259lisi ittihamlar\u0131 q\u0259bul etm\u0259diyini v\u0259 g\u00fcnahkar olmad\u0131\u011f\u0131n\u0131 bildirib, &#8211; BBC x\u0259b\u0259r verir.\n<\/p>\n<p>\n  <a href=\"https:\/\/www.meydan.tv\/az\/article\/yeni-zelandiya-mescidine-hucum-zamani-49-nefer-oldurulub\/?ref=search\"><br \/>\n    Brenton Tarrant<br \/>\n  <\/a><br \/>\n  Yeni Zelandiyan\u0131n \u0259n \u00f6l\u00fcmc\u00fcl h\u00fccumunun t\u0259\u015fkilind\u0259 v\u0259 51 insan\u0131n \u00f6ld\u00fcr\u00fclm\u0259sind\u0259 ittiham edilir.\n<\/p>\n<p>\n  Tarrant\u0131n v\u0259kili onun \u00f6z\u00fcn\u00fc m\u00fcdafi\u0259 \u00e7\u0131x\u0131\u015f\u0131n\u0131 oxuyark\u0259n 28 ya\u015fl\u0131 avstraliyal\u0131 m\u00fctt\u0259him s\u0259ssizc\u0259 h\u0259bsxanadan izl\u0259yib. O video link vasit\u0259sil\u0259 ictimaiyy\u0259t\u0259 g\u00f6r\u00fcnt\u00fcl\u0259nib.\n<\/p>\n<p>\n  M\u00fctt\u0259him c\u00fcm\u0259 namaz\u0131 zaman\u0131 m\u00fcs\u0259lmanlara silahla at\u0259\u015f edib.\n<\/p>\n<p>\n  Bu h\u00fccumla Yeni Zelandiyada ilk d\u0259f\u0259 olaraq terrorizm ittiham\u0131 g\u00fcnd\u0259m\u0259 g\u0259lib.\n<\/p>\n<p>\n  H\u00fccumdan qurtulanlar v\u0259 qurbanlar\u0131n yax\u0131nlar\u0131 m\u0259hk\u0259m\u0259d\u0259 dinl\u0259m\u0259d\u0259 i\u015ftirak edibl\u0259r, &#8211; BBC-nin Sidney m\u00fcxbiri Hywel Griffith x\u0259b\u0259r verib.\n<\/p>\n<p>\n  V\u0259kil \u015eeyn Teyt (Shane Tait) m\u00fctt\u0259himin g\u00fcnahkar olmad\u0131\u011f\u0131n\u0131 iddia ed\u0259n m\u00fcdafi\u0259sini oxuyark\u0259n m\u0259hk\u0259m\u0259d\u0259 m\u00fcdafi\u0259ni dinl\u0259y\u0259nl\u0259r g\u00f6z ya\u015flar\u0131na bo\u011fulublar.\n<\/p>\n<p>\n  Y\u00fcks\u0259k m\u0259hk\u0259m\u0259 hakimi Kameron Mander (Cameron Mander) m\u0259hk\u0259m\u0259nin g\u0259l\u0259n il may\u0131n 4-n\u0259 t\u0259yin olundu\u011funu v\u0259 Tarrant\u0131n 16 avqust dinl\u0259m\u0259sin\u0259 q\u0259d\u0259r h\u0259bsd\u0259 qalaca\u011f\u0131n\u0131 deyib.\n<\/p>\n<p>\n  Aprel ay\u0131nda \u00e7\u0131xd\u0131\u011f\u0131 \u0259n son m\u0259hk\u0259m\u0259d\u0259 onun m\u0259hk\u0259m\u0259y\u0259 davam g\u0259tirib-g\u0259tirm\u0259y\u0259c\u0259yini m\u00fc\u0259yy\u0259n etm\u0259k \u00fc\u00e7\u00fcn psixi sa\u011flaml\u0131q testind\u0259n ke\u00e7m\u0259si t\u0259l\u0259b olunub.\n<\/p>\n<p>\n  Hakim Mander c\u00fcm\u0259 g\u00fcn\u00fc verdiyi b\u0259yanatda deyib ki, \u015f\u00fcbh\u0259li \u00f6z\u00fcn\u00fc m\u00fcdafi\u0259 etm\u0259k v\u0259 m\u0259hk\u0259m\u0259d\u0259 \u00e7\u0131x\u0131\u015f etm\u0259k \u00fc\u00e7\u00fcn uy\u011fundur, sa\u011flaml\u0131q dinl\u0259m\u0259si g\u0259r\u0259k deyildir.\n<\/p>\n<p>\n  Ke\u00e7\u0259n h\u0259ft\u0259 \u015f\u00fcbh\u0259linin foto\u015f\u0259kill\u0259rinin n\u0259\u015fri il\u0259 ba\u011fl\u0131 m\u0259hdudiyy\u0259t aradan qald\u0131r\u0131l\u0131b.\n<\/p>\n<p>\n  O, Christchurchd\u0259 yerl\u0259\u015f\u0259n Al Noor m\u0259scidin\u0259 v\u0259 \u201cLinwood\u201d \u0130slam M\u0259rk\u0259zin\u0259 edil\u0259n silahl\u0131 h\u00fccumlarda \u015f\u00fcbh\u0259li bilin\u0259r\u0259k mart\u0131n 15-d\u0259 h\u0259bs olunub.\n<\/p>\n<p>\n  Qeyd edilir ki, o, ilk olaraq Al Noor m\u0259scidin\u0259 \u00fcz tutub, daha sonra yax\u0131nl\u0131qda ma\u015f\u0131n\u0131n\u0131 park ed\u0259r\u0259k m\u0259scidin giri\u015fin\u0259 do\u011fru ir\u0259lil\u0259y\u0259r\u0259k, c\u00fcm\u0259 namaz\u0131na t\u0259l\u0259s\u0259n m\u00fcs\u0259lmanlara at\u0259\u015f a\u00e7ma\u011fa ba\u015flay\u0131b.\n<\/p>\n<p>\n  Tarrant t\u0259xmin\u0259n d\u00f6rd-be\u015f d\u0259qiq\u0259 i\u00e7ind\u0259 ki\u015fi, qad\u0131n v\u0259 u\u015faqlara at\u0259\u015f a\u00e7\u0131b. M\u00fctt\u0259him h\u00fccumu canl\u0131 yay\u0131nla ictimaiyy\u0259tl\u0259 payla\u015f\u0131b. H\u00fccum zaman\u0131 51 n\u0259f\u0259r \u00f6ld\u00fcr\u00fcl\u00fcb.<\/p>\n","protected":false},"excerpt":{"rendered":"<p>Brenton Tarrant Yeni Zelandiyan\u0131n \u0259n \u00f6l\u00fcmc\u00fcl h\u00fccumunun t\u0259\u015fkilind\u0259 v\u0259 51 insan\u0131n \u00f6ld\u00fcr\u00fclm\u0259sind\u0259 ittiham edilir<\/p>\n","protected":false},"author":11,"featured_media":120249,"comment_status":"closed","ping_status":"open","sticky":false,"template":"","format":"standard","meta":{"_acf_changed":false,"_sitemap_exclude":false,"_sitemap_priority":"","_sitemap_frequency":"","footnotes":""},"categories":[64],"tags":[],"class_list":["post-195847","post","type-post","status-publish","format-standard","has-post-thumbnail","hentry","category-dunya","infinite-scroll-item","generate-columns","tablet-grid-50","mobile-grid-100","grid-parent","grid-33","no-featured-image-padding"],"acf":[],"yoast_head":"<!-- This site is optimized with the Yoast SEO plugin v27.5 - https:\/\/yoast.com\/product\/yoast-seo-wordpress\/ -->\n<title>Yeni Zelandiyadak\u0131 terrorda t\u0259qsirl\u0259ndiril\u0259n \u015f\u0259xs g\u00fcnahkar olmad\u0131\u011f\u0131n\u0131 iddia edir - MEYDAN.TV<\/title>\n<meta name=\"robots\" content=\"index, follow, max-snippet:-1, max-image-preview:large, max-video-preview:-1\" \/>\n<link rel=\"canonical\" href=\"https:\/\/www.meydan.tv\/az\/article\/yeni-zelandiyadaki-terrorda-teqsirlendirilen-sexs-gunahkar-olmadigini-iddia-edir\/\" \/>\n<meta property=\"og:locale\" content=\"az_AZ\" \/>\n<meta property=\"og:type\" content=\"article\" \/>\n<meta property=\"og:title\" content=\"Yeni Zelandiyadak\u0131 terrorda t\u0259qsirl\u0259ndiril\u0259n \u015f\u0259xs g\u00fcnahkar olmad\u0131\u011f\u0131n\u0131 iddia edir - MEYDAN.TV\" \/>\n<meta property=\"og:description\" content=\"Brenton Tarrant Yeni Zelandiyan\u0131n \u0259n \u00f6l\u00fcmc\u00fcl h\u00fccumunun t\u0259\u015fkilind\u0259 v\u0259 51 insan\u0131n \u00f6ld\u00fcr\u00fclm\u0259sind\u0259 ittiham edilir\" \/>\n<meta property=\"og:url\" content=\"https:\/\/www.meydan.tv\/az\/article\/yeni-zelandiyadaki-terrorda-teqsirlendirilen-sexs-gunahkar-olmadigini-iddia-edir\/\" \/>\n<meta property=\"og:site_name\" content=\"MEYDAN.TV\" \/>\n<meta property=\"article:published_time\" content=\"2019-06-14T12:19:17+00:00\" \/>\n<meta property=\"og:image\" content=\"https:\/\/www.meydan.tv\/wp-content\/uploads\/2403685_810x458.jpg\" \/>\n\t<meta property=\"og:image:width\" content=\"848\" \/>\n\t<meta property=\"og:image:height\" content=\"480\" \/>\n\t<meta property=\"og:image:type\" content=\"image\/jpeg\" \/>\n<meta name=\"author\" content=\"user-manager\" \/>\n<meta name=\"twitter:card\" content=\"summary_large_image\" \/>\n<script type=\"application\/ld+json\" class=\"yoast-schema-graph\">{\"@context\":\"https:\\\/\\\/schema.org\",\"@graph\":[{\"@type\":\"Article\",\"@id\":\"https:\\\/\\\/www.meydan.tv\\\/az\\\/article\\\/yeni-zelandiyadaki-terrorda-teqsirlendirilen-sexs-gunahkar-olmadigini-iddia-edir\\\/#article\",\"isPartOf\":{\"@id\":\"https:\\\/\\\/www.meydan.tv\\\/az\\\/article\\\/yeni-zelandiyadaki-terrorda-teqsirlendirilen-sexs-gunahkar-olmadigini-iddia-edir\\\/\"},\"author\":{\"name\":\"user-manager\",\"@id\":\"https:\\\/\\\/www.meydan.tv\\\/az\\\/#\\\/schema\\\/person\\\/10d11eccf6da3662cf5fdab9806ea91a\"},\"headline\":\"Yeni Zelandiyadak\u0131 terrorda t\u0259qsirl\u0259ndiril\u0259n \u015f\u0259xs g\u00fcnahkar olmad\u0131\u011f\u0131n\u0131 iddia edir\",\"datePublished\":\"2019-06-14T12:19:17+00:00\",\"mainEntityOfPage\":{\"@id\":\"https:\\\/\\\/www.meydan.tv\\\/az\\\/article\\\/yeni-zelandiyadaki-terrorda-teqsirlendirilen-sexs-gunahkar-olmadigini-iddia-edir\\\/\"},\"wordCount\":494,\"publisher\":{\"@id\":\"https:\\\/\\\/www.meydan.tv\\\/az\\\/#organization\"},\"image\":{\"@id\":\"https:\\\/\\\/www.meydan.tv\\\/az\\\/article\\\/yeni-zelandiyadaki-terrorda-teqsirlendirilen-sexs-gunahkar-olmadigini-iddia-edir\\\/#primaryimage\"},\"thumbnailUrl\":\"https:\\\/\\\/www.meydan.tv\\\/wp-content\\\/uploads\\\/2403685_810x458.jpg\",\"articleSection\":[\"D\u00fcnya\"],\"inLanguage\":\"az\"},{\"@type\":\"WebPage\",\"@id\":\"https:\\\/\\\/www.meydan.tv\\\/az\\\/article\\\/yeni-zelandiyadaki-terrorda-teqsirlendirilen-sexs-gunahkar-olmadigini-iddia-edir\\\/\",\"url\":\"https:\\\/\\\/www.meydan.tv\\\/az\\\/article\\\/yeni-zelandiyadaki-terrorda-teqsirlendirilen-sexs-gunahkar-olmadigini-iddia-edir\\\/\",\"name\":\"Yeni Zelandiyadak\u0131 terrorda t\u0259qsirl\u0259ndiril\u0259n \u015f\u0259xs g\u00fcnahkar olmad\u0131\u011f\u0131n\u0131 iddia edir - MEYDAN.TV\",\"isPartOf\":{\"@id\":\"https:\\\/\\\/www.meydan.tv\\\/az\\\/#website\"},\"primaryImageOfPage\":{\"@id\":\"https:\\\/\\\/www.meydan.tv\\\/az\\\/article\\\/yeni-zelandiyadaki-terrorda-teqsirlendirilen-sexs-gunahkar-olmadigini-iddia-edir\\\/#primaryimage\"},\"image\":{\"@id\":\"https:\\\/\\\/www.meydan.tv\\\/az\\\/article\\\/yeni-zelandiyadaki-terrorda-teqsirlendirilen-sexs-gunahkar-olmadigini-iddia-edir\\\/#primaryimage\"},\"thumbnailUrl\":\"https:\\\/\\\/www.meydan.tv\\\/wp-content\\\/uploads\\\/2403685_810x458.jpg\",\"datePublished\":\"2019-06-14T12:19:17+00:00\",\"breadcrumb\":{\"@id\":\"https:\\\/\\\/www.meydan.tv\\\/az\\\/article\\\/yeni-zelandiyadaki-terrorda-teqsirlendirilen-sexs-gunahkar-olmadigini-iddia-edir\\\/#breadcrumb\"},\"inLanguage\":\"az\",\"potentialAction\":[{\"@type\":\"ReadAction\",\"target\":[\"https:\\\/\\\/www.meydan.tv\\\/az\\\/article\\\/yeni-zelandiyadaki-terrorda-teqsirlendirilen-sexs-gunahkar-olmadigini-iddia-edir\\\/\"]}]},{\"@type\":\"ImageObject\",\"inLanguage\":\"az\",\"@id\":\"https:\\\/\\\/www.meydan.tv\\\/az\\\/article\\\/yeni-zelandiyadaki-terrorda-teqsirlendirilen-sexs-gunahkar-olmadigini-iddia-edir\\\/#primaryimage\",\"url\":\"https:\\\/\\\/www.meydan.tv\\\/wp-content\\\/uploads\\\/2403685_810x458.jpg\",\"contentUrl\":\"https:\\\/\\\/www.meydan.tv\\\/wp-content\\\/uploads\\\/2403685_810x458.jpg\",\"width\":848,\"height\":480,\"caption\":\"Source: google.az\"},{\"@type\":\"BreadcrumbList\",\"@id\":\"https:\\\/\\\/www.meydan.tv\\\/az\\\/article\\\/yeni-zelandiyadaki-terrorda-teqsirlendirilen-sexs-gunahkar-olmadigini-iddia-edir\\\/#breadcrumb\",\"itemListElement\":[{\"@type\":\"ListItem\",\"position\":1,\"name\":\"Ana s\u0259hif\u0259\",\"item\":\"https:\\\/\\\/www.meydan.tv\\\/az\\\/\"},{\"@type\":\"ListItem\",\"position\":2,\"name\":\"D\u00fcnya\",\"item\":\"https:\\\/\\\/www.meydan.tv\\\/az\\\/section\\\/dunya\\\/\"},{\"@type\":\"ListItem\",\"position\":3,\"name\":\"Yeni Zelandiyadak\u0131 terrorda t\u0259qsirl\u0259ndiril\u0259n \u015f\u0259xs g\u00fcnahkar olmad\u0131\u011f\u0131n\u0131 iddia edir\"}]},{\"@type\":\"WebSite\",\"@id\":\"https:\\\/\\\/www.meydan.tv\\\/az\\\/#website\",\"url\":\"https:\\\/\\\/www.meydan.tv\\\/az\\\/\",\"name\":\"MEYDAN.TV\",\"description\":\"Meydan TV Az\u0259rbaycan\u0131n media m\u0259kan\u0131ndak\u0131 alternativ s\u0259sidir\",\"publisher\":{\"@id\":\"https:\\\/\\\/www.meydan.tv\\\/az\\\/#organization\"},\"potentialAction\":[{\"@type\":\"SearchAction\",\"target\":{\"@type\":\"EntryPoint\",\"urlTemplate\":\"https:\\\/\\\/www.meydan.tv\\\/az\\\/?s={search_term_string}\"},\"query-input\":{\"@type\":\"PropertyValueSpecification\",\"valueRequired\":true,\"valueName\":\"search_term_string\"}}],\"inLanguage\":\"az\"},{\"@type\":\"Organization\",\"@id\":\"https:\\\/\\\/www.meydan.tv\\\/az\\\/#organization\",\"name\":\"Meydan TV\",\"url\":\"https:\\\/\\\/www.meydan.tv\\\/az\\\/\",\"logo\":{\"@type\":\"ImageObject\",\"inLanguage\":\"az\",\"@id\":\"https:\\\/\\\/www.meydan.tv\\\/az\\\/#\\\/schema\\\/logo\\\/image\\\/\",\"url\":\"https:\\\/\\\/www.meydan.tv\\\/wp-content\\\/uploads\\\/2021\\\/07\\\/meydan-logo.svg\",\"contentUrl\":\"https:\\\/\\\/www.meydan.tv\\\/wp-content\\\/uploads\\\/2021\\\/07\\\/meydan-logo.svg\",\"width\":195,\"height\":46,\"caption\":\"Meydan TV\"},\"image\":{\"@id\":\"https:\\\/\\\/www.meydan.tv\\\/az\\\/#\\\/schema\\\/logo\\\/image\\\/\"}},{\"@type\":\"Person\",\"@id\":\"https:\\\/\\\/www.meydan.tv\\\/az\\\/#\\\/schema\\\/person\\\/10d11eccf6da3662cf5fdab9806ea91a\",\"name\":\"user-manager\"}]}<\/script>\n<!-- \/ Yoast SEO plugin. -->","yoast_head_json":{"title":"Yeni Zelandiyadak\u0131 terrorda t\u0259qsirl\u0259ndiril\u0259n \u015f\u0259xs g\u00fcnahkar olmad\u0131\u011f\u0131n\u0131 iddia edir - MEYDAN.TV","robots":{"index":"index","follow":"follow","max-snippet":"max-snippet:-1","max-image-preview":"max-image-preview:large","max-video-preview":"max-video-preview:-1"},"canonical":"https:\/\/www.meydan.tv\/az\/article\/yeni-zelandiyadaki-terrorda-teqsirlendirilen-sexs-gunahkar-olmadigini-iddia-edir\/","og_locale":"az_AZ","og_type":"article","og_title":"Yeni Zelandiyadak\u0131 terrorda t\u0259qsirl\u0259ndiril\u0259n \u015f\u0259xs g\u00fcnahkar olmad\u0131\u011f\u0131n\u0131 iddia edir - MEYDAN.TV","og_description":"Brenton Tarrant Yeni Zelandiyan\u0131n \u0259n \u00f6l\u00fcmc\u00fcl h\u00fccumunun t\u0259\u015fkilind\u0259 v\u0259 51 insan\u0131n \u00f6ld\u00fcr\u00fclm\u0259sind\u0259 ittiham edilir","og_url":"https:\/\/www.meydan.tv\/az\/article\/yeni-zelandiyadaki-terrorda-teqsirlendirilen-sexs-gunahkar-olmadigini-iddia-edir\/","og_site_name":"MEYDAN.TV","article_published_time":"2019-06-14T12:19:17+00:00","og_image":[{"width":848,"height":480,"url":"https:\/\/www.meydan.tv\/wp-content\/uploads\/2403685_810x458.jpg","type":"image\/jpeg"}],"author":"user-manager","twitter_card":"summary_large_image","schema":{"@context":"https:\/\/schema.org","@graph":[{"@type":"Article","@id":"https:\/\/www.meydan.tv\/az\/article\/yeni-zelandiyadaki-terrorda-teqsirlendirilen-sexs-gunahkar-olmadigini-iddia-edir\/#article","isPartOf":{"@id":"https:\/\/www.meydan.tv\/az\/article\/yeni-zelandiyadaki-terrorda-teqsirlendirilen-sexs-gunahkar-olmadigini-iddia-edir\/"},"author":{"name":"user-manager","@id":"https:\/\/www.meydan.tv\/az\/#\/schema\/person\/10d11eccf6da3662cf5fdab9806ea91a"},"headline":"Yeni Zelandiyadak\u0131 terrorda t\u0259qsirl\u0259ndiril\u0259n \u015f\u0259xs g\u00fcnahkar olmad\u0131\u011f\u0131n\u0131 iddia edir","datePublished":"2019-06-14T12:19:17+00:00","mainEntityOfPage":{"@id":"https:\/\/www.meydan.tv\/az\/article\/yeni-zelandiyadaki-terrorda-teqsirlendirilen-sexs-gunahkar-olmadigini-iddia-edir\/"},"wordCount":494,"publisher":{"@id":"https:\/\/www.meydan.tv\/az\/#organization"},"image":{"@id":"https:\/\/www.meydan.tv\/az\/article\/yeni-zelandiyadaki-terrorda-teqsirlendirilen-sexs-gunahkar-olmadigini-iddia-edir\/#primaryimage"},"thumbnailUrl":"https:\/\/www.meydan.tv\/wp-content\/uploads\/2403685_810x458.jpg","articleSection":["D\u00fcnya"],"inLanguage":"az"},{"@type":"WebPage","@id":"https:\/\/www.meydan.tv\/az\/article\/yeni-zelandiyadaki-terrorda-teqsirlendirilen-sexs-gunahkar-olmadigini-iddia-edir\/","url":"https:\/\/www.meydan.tv\/az\/article\/yeni-zelandiyadaki-terrorda-teqsirlendirilen-sexs-gunahkar-olmadigini-iddia-edir\/","name":"Yeni Zelandiyadak\u0131 terrorda t\u0259qsirl\u0259ndiril\u0259n \u015f\u0259xs g\u00fcnahkar olmad\u0131\u011f\u0131n\u0131 iddia edir - MEYDAN.TV","isPartOf":{"@id":"https:\/\/www.meydan.tv\/az\/#website"},"primaryImageOfPage":{"@id":"https:\/\/www.meydan.tv\/az\/article\/yeni-zelandiyadaki-terrorda-teqsirlendirilen-sexs-gunahkar-olmadigini-iddia-edir\/#primaryimage"},"image":{"@id":"https:\/\/www.meydan.tv\/az\/article\/yeni-zelandiyadaki-terrorda-teqsirlendirilen-sexs-gunahkar-olmadigini-iddia-edir\/#primaryimage"},"thumbnailUrl":"https:\/\/www.meydan.tv\/wp-content\/uploads\/2403685_810x458.jpg","datePublished":"2019-06-14T12:19:17+00:00","breadcrumb":{"@id":"https:\/\/www.meydan.tv\/az\/article\/yeni-zelandiyadaki-terrorda-teqsirlendirilen-sexs-gunahkar-olmadigini-iddia-edir\/#breadcrumb"},"inLanguage":"az","potentialAction":[{"@type":"ReadAction","target":["https:\/\/www.meydan.tv\/az\/article\/yeni-zelandiyadaki-terrorda-teqsirlendirilen-sexs-gunahkar-olmadigini-iddia-edir\/"]}]},{"@type":"ImageObject","inLanguage":"az","@id":"https:\/\/www.meydan.tv\/az\/article\/yeni-zelandiyadaki-terrorda-teqsirlendirilen-sexs-gunahkar-olmadigini-iddia-edir\/#primaryimage","url":"https:\/\/www.meydan.tv\/wp-content\/uploads\/2403685_810x458.jpg","contentUrl":"https:\/\/www.meydan.tv\/wp-content\/uploads\/2403685_810x458.jpg","width":848,"height":480,"caption":"Source: google.az"},{"@type":"BreadcrumbList","@id":"https:\/\/www.meydan.tv\/az\/article\/yeni-zelandiyadaki-terrorda-teqsirlendirilen-sexs-gunahkar-olmadigini-iddia-edir\/#breadcrumb","itemListElement":[{"@type":"ListItem","position":1,"name":"Ana s\u0259hif\u0259","item":"https:\/\/www.meydan.tv\/az\/"},{"@type":"ListItem","position":2,"name":"D\u00fcnya","item":"https:\/\/www.meydan.tv\/az\/section\/dunya\/"},{"@type":"ListItem","position":3,"name":"Yeni Zelandiyadak\u0131 terrorda t\u0259qsirl\u0259ndiril\u0259n \u015f\u0259xs g\u00fcnahkar olmad\u0131\u011f\u0131n\u0131 iddia edir"}]},{"@type":"WebSite","@id":"https:\/\/www.meydan.tv\/az\/#website","url":"https:\/\/www.meydan.tv\/az\/","name":"MEYDAN.TV","description":"Meydan TV Az\u0259rbaycan\u0131n media m\u0259kan\u0131ndak\u0131 alternativ s\u0259sidir","publisher":{"@id":"https:\/\/www.meydan.tv\/az\/#organization"},"potentialAction":[{"@type":"SearchAction","target":{"@type":"EntryPoint","urlTemplate":"https:\/\/www.meydan.tv\/az\/?s={search_term_string}"},"query-input":{"@type":"PropertyValueSpecification","valueRequired":true,"valueName":"search_term_string"}}],"inLanguage":"az"},{"@type":"Organization","@id":"https:\/\/www.meydan.tv\/az\/#organization","name":"Meydan TV","url":"https:\/\/www.meydan.tv\/az\/","logo":{"@type":"ImageObject","inLanguage":"az","@id":"https:\/\/www.meydan.tv\/az\/#\/schema\/logo\/image\/","url":"https:\/\/www.meydan.tv\/wp-content\/uploads\/2021\/07\/meydan-logo.svg","contentUrl":"https:\/\/www.meydan.tv\/wp-content\/uploads\/2021\/07\/meydan-logo.svg","width":195,"height":46,"caption":"Meydan TV"},"image":{"@id":"https:\/\/www.meydan.tv\/az\/#\/schema\/logo\/image\/"}},{"@type":"Person","@id":"https:\/\/www.meydan.tv\/az\/#\/schema\/person\/10d11eccf6da3662cf5fdab9806ea91a","name":"user-manager"}]}},"_links":{"self":[{"href":"https:\/\/www.meydan.tv\/az\/wp-json\/wp\/v2\/posts\/195847","targetHints":{"allow":["GET"]}}],"collection":[{"href":"https:\/\/www.meydan.tv\/az\/wp-json\/wp\/v2\/posts"}],"about":[{"href":"https:\/\/www.meydan.tv\/az\/wp-json\/wp\/v2\/types\/post"}],"author":[{"embeddable":true,"href":"https:\/\/www.meydan.tv\/az\/wp-json\/wp\/v2\/users\/11"}],"replies":[{"embeddable":true,"href":"https:\/\/www.meydan.tv\/az\/wp-json\/wp\/v2\/comments?post=195847"}],"version-history":[{"count":0,"href":"https:\/\/www.meydan.tv\/az\/wp-json\/wp\/v2\/posts\/195847\/revisions"}],"wp:featuredmedia":[{"embeddable":true,"href":"https:\/\/www.meydan.tv\/az\/wp-json\/wp\/v2\/media\/120249"}],"wp:attachment":[{"href":"https:\/\/www.meydan.tv\/az\/wp-json\/wp\/v2\/media?parent=195847"}],"wp:term":[{"taxonomy":"category","embeddable":true,"href":"https:\/\/www.meydan.tv\/az\/wp-json\/wp\/v2\/categories?post=195847"},{"taxonomy":"post_tag","embeddable":true,"href":"https:\/\/www.meydan.tv\/az\/wp-json\/wp\/v2\/tags?post=195847"}],"curies":[{"name":"wp","href":"https:\/\/api.w.org\/{rel}","templated":true}]}}