{"id":195840,"date":"2019-06-13T19:10:10","date_gmt":"2019-06-13T19:10:10","guid":{"rendered":"https:\/\/www.meydan.tv\/article\/cecen-lideri-tenqidcileri-dil-qoparmaq-ve-barmaq-sindirmaqla-tehdid-edib\/"},"modified":"2019-06-13T19:10:10","modified_gmt":"2019-06-13T19:10:10","slug":"cecen-lideri-tenqidcileri-dil-qoparmaq-ve-barmaq-sindirmaqla-tehdid-edib","status":"publish","type":"post","link":"https:\/\/www.meydan.tv\/az\/article\/cecen-lideri-tenqidcileri-dil-qoparmaq-ve-barmaq-sindirmaqla-tehdid-edib\/","title":{"rendered":"\u00c7e\u00e7en lideri t\u0259nqid\u00e7il\u0259ri dil qoparmaq v\u0259 barmaq s\u0131nd\u0131rmaqla t\u0259hdid edib"},"content":{"rendered":"<p>\n  <i><br \/>\n    \u201cBir \u015f\u0259rh v\u0259 ya videonu g\u00f6rm\u0259zd\u0259n g\u0259lm\u0259y\u0259c\u0259yik&quot;<br \/>\n  <\/i>\n<\/p>\n<p>\n  Rusiyan\u0131n \u015eimali Qafqaz \u00c7e\u00e7enistan Respublikas\u0131n\u0131n lideri Ramzan Kad\u0131rov sosial mediada onu t\u0259hqir ed\u0259n insanlar\u0131 a\u011f\u0131r c\u0259zaland\u0131raca\u011f\u0131n\u0131 bildirib, &#8211; \u201cCurrent Time\u201d x\u0259b\u0259r verir.\n<\/p>\n<p>\n  \u201c\u0130nstagram\u201dda yerl\u0259\u015fdiril\u0259n bir videoda Kad\u0131rov onun \u00f6z\u00fcn\u00fc v\u0259 ya &quot;xalq\u0131n\u0131&quot; onlayn \u015f\u0259rhl\u0259rd\u0259 t\u0259hqir ed\u0259n h\u0259r bir k\u0259s\u0259 \u00fcrk\u00fcd\u00fcc\u00fc c\u0259zalar t\u0259tbiq ed\u0259c\u0259yini deyib.\n<\/p>\n<p>\n  &quot;Biz he\u00e7 kim\u0259 \u015f\u0259xsiyy\u0259tl\u0259ri onlayn t\u0259hqir etm\u0259y\u0259 icaz\u0259 verm\u0259y\u0259c\u0259yik,&quot; &#8211; Kad\u0131rov deyib: &quot;\u015e\u0259rhl\u0259rinizi silin, ham\u0131s\u0131n\u0131 oxuyuruq. B\u00fct\u00fcn bunlar \u00fcz\u0259rind\u0259 i\u015fl\u0259y\u0259n bir qrup var. Bizim \u0259n\u0259n\u0259l\u0259rimiz var v\u0259 he\u00e7 kim bizim ad\u0259timizi sil\u0259 bilm\u0259z, buna g\u00f6r\u0259 kims\u0259 m\u0259ni \u00f6ld\u00fcrs\u0259, problem deyil. Qan\u0131m, tayfam, ail\u0259m, xalq\u0131m m\u0259nim \u00fc\u00e7\u00fcn \u0259n \u00f6n\u0259mli \u015feydir.\n<\/p>\n<p>\n  Biz bir \u015f\u0259rhi v\u0259 ya videonu bel\u0259 g\u00f6rm\u0259zd\u0259n g\u0259lm\u0259y\u0259c\u0259yik. &quot;Diliniz\u0259 riay\u0259t edin,&quot;- dey\u0259 o bildirib: &quot;Barmaqlar\u0131n\u0131za diqq\u0259t edin. \u00c7\u00fcnki barma\u011f\u0131n\u0131z\u0131 q\u0131raca\u011f\u0131q v\u0259 dill\u0259rinizi \u00e7\u0131xaraca\u011fam. Bir \u015f\u0259rh v\u0259 ya videonu g\u00f6rm\u0259zd\u0259n g\u0259lm\u0259y\u0259c\u0259yik&quot;.\n<\/p>\n<p>\n  \u00c7e\u00e7en liderinin \u015f\u0259rhi qon\u015fu Da\u011f\u0131stanla ya\u015fanm\u0131\u015f s\u0259rh\u0259d problemin\u0259 cavab olaraq g\u0259lib. \u00c7e\u00e7enistan son aylarda \u0130nqu\u015fetiya v\u0259 Da\u011f\u0131stan il\u0259 s\u0259rh\u0259d m\u00fcbahis\u0259l\u0259rinin h\u0259lli \u00fc\u00e7\u00fcn s\u0259rgil\u0259diyi t\u0259cav\u00fczkar davran\u0131\u015fa g\u00f6r\u0259 b\u00f6lg\u0259d\u0259 s\u0259rt t\u0259nqidl\u0259r\u0259 m\u0259ruz qal\u0131b.\n<\/p>\n<p>\n  Sentyabr ay\u0131nda Kad\u0131rov v\u0259 \u0130nqu\u015fetiya lideri Yunus-Bek Yevkurov gizli dan\u0131\u015f\u0131qlardan sonra s\u0259rh\u0259d sazi\u015fi imzalay\u0131b. Bu raz\u0131la\u015fma \u0130nqu\u015fetiya aktivistl\u0259ri t\u0259r\u0259find\u0259n naraz\u0131l\u0131qla qar\u015f\u0131lan\u0131b. Onlar m\u00fcqavil\u0259nin etibars\u0131z sayaraq qeyd edirl\u0259r ki, raz\u0131la\u015fmayla \u0130nqu\u015fetiya \u0259razisi qeyri-qanuni olaraq \u00c7e\u00e7enistana verilib. Bir ne\u00e7\u0259 ba\u015fqa torpaq sah\u0259l\u0259ri d\u0259 haz\u0131rda \u00c7e\u00e7enistan v\u0259 Da\u011f\u0131stan aras\u0131nda m\u00fcbahis\u0259l\u0259ndirilir. Da\u011f\u0131standa b\u0259zil\u0259ri inan\u0131r ki, \u00c7e\u00e7enistan dan\u0131\u015f\u0131qlar\u0131n bitm\u0259sini g\u00f6zl\u0259m\u0259d\u0259n torpaqlar\u0131n n\u0259zar\u0259tini \u00f6z \u00fcz\u0259rin\u0259 g\u00f6t\u00fcr\u00fcb.\n<\/p>\n<p>\n  Fiziki zorak\u0131l\u0131q Kad\u0131rovun diplomatik repertuar\u0131n\u0131n h\u0259r zaman bir hiss\u0259si olub. 2016-c\u0131 ild\u0259 beyn\u0259lxalq h\u00fcquq m\u00fcdafi\u0259 qruplar\u0131 Kremlin\u0259 Kad\u0131rovu n\u00fcfuzlu jurnalistl\u0259r\u0259 v\u0259 m\u00fcxalif siyasi xadiml\u0259r\u0259 qar\u015f\u0131 ictimai t\u0259hdidl\u0259r ya\u011fd\u0131rma\u011fa g\u00f6r\u0259 intizama d\u0259v\u0259t etm\u0259yi \u00f6n\u0259rib.\n<\/p>\n<p>\n  Kad\u0131rov deyib ki, jurnalistl\u0259r v\u0259 h\u00fcquq m\u00fcdafi\u0259\u00e7il\u0259rin\u0259 &quot;xalq\u0131n d\u00fc\u015fm\u0259nl\u0259ri kimi davran\u0131lmal\u0131d\u0131r&quot;.<\/p>\n","protected":false},"excerpt":{"rendered":"<p>\u201c\u0130nstagram\u201dda yerl\u0259\u015fdiril\u0259n bir videoda Kad\u0131rov onun \u00f6z\u00fcn\u00fc v\u0259 ya &#8220;xalq\u0131n\u0131&#8221; onlayn \u015f\u0259rhl\u0259rd\u0259 t\u0259hqir ed\u0259n h\u0259r bir k\u0259s\u0259 \u00fcrk\u00fcd\u00fcc\u00fc c\u0259zalar t\u0259tbiq ed\u0259c\u0259yini deyib.<\/p>\n","protected":false},"author":11,"featured_media":102891,"comment_status":"closed","ping_status":"open","sticky":false,"template":"","format":"standard","meta":{"_acf_changed":false,"_sitemap_exclude":false,"_sitemap_priority":"","_sitemap_frequency":"","footnotes":""},"categories":[64],"tags":[],"class_list":["post-195840","post","type-post","status-publish","format-standard","has-post-thumbnail","hentry","category-dunya","infinite-scroll-item","generate-columns","tablet-grid-50","mobile-grid-100","grid-parent","grid-33","no-featured-image-padding"],"acf":[],"yoast_head":"<!-- This site is optimized with the Yoast SEO plugin v27.5 - https:\/\/yoast.com\/product\/yoast-seo-wordpress\/ -->\n<title>\u00c7e\u00e7en lideri t\u0259nqid\u00e7il\u0259ri dil qoparmaq v\u0259 barmaq s\u0131nd\u0131rmaqla t\u0259hdid edib - MEYDAN.TV<\/title>\n<meta name=\"robots\" content=\"index, follow, max-snippet:-1, max-image-preview:large, max-video-preview:-1\" \/>\n<link rel=\"canonical\" href=\"https:\/\/www.meydan.tv\/az\/article\/cecen-lideri-tenqidcileri-dil-qoparmaq-ve-barmaq-sindirmaqla-tehdid-edib\/\" \/>\n<meta property=\"og:locale\" content=\"az_AZ\" \/>\n<meta property=\"og:type\" content=\"article\" \/>\n<meta property=\"og:title\" content=\"\u00c7e\u00e7en lideri t\u0259nqid\u00e7il\u0259ri dil qoparmaq v\u0259 barmaq s\u0131nd\u0131rmaqla t\u0259hdid edib - MEYDAN.TV\" \/>\n<meta property=\"og:description\" content=\"\u201c\u0130nstagram\u201dda yerl\u0259\u015fdiril\u0259n bir videoda Kad\u0131rov onun \u00f6z\u00fcn\u00fc v\u0259 ya &quot;xalq\u0131n\u0131&quot; onlayn \u015f\u0259rhl\u0259rd\u0259 t\u0259hqir ed\u0259n h\u0259r bir k\u0259s\u0259 \u00fcrk\u00fcd\u00fcc\u00fc c\u0259zalar t\u0259tbiq ed\u0259c\u0259yini deyib.\" \/>\n<meta property=\"og:url\" content=\"https:\/\/www.meydan.tv\/az\/article\/cecen-lideri-tenqidcileri-dil-qoparmaq-ve-barmaq-sindirmaqla-tehdid-edib\/\" \/>\n<meta property=\"og:site_name\" content=\"MEYDAN.TV\" \/>\n<meta property=\"article:published_time\" content=\"2019-06-13T19:10:10+00:00\" \/>\n<meta property=\"og:image\" content=\"https:\/\/www.meydan.tv\/wp-content\/uploads\/40807.jpg\" \/>\n\t<meta property=\"og:image:width\" content=\"900\" \/>\n\t<meta property=\"og:image:height\" content=\"506\" \/>\n\t<meta property=\"og:image:type\" content=\"image\/jpeg\" \/>\n<meta name=\"author\" content=\"user-manager\" \/>\n<meta name=\"twitter:card\" content=\"summary_large_image\" \/>\n<script type=\"application\/ld+json\" class=\"yoast-schema-graph\">{\"@context\":\"https:\\\/\\\/schema.org\",\"@graph\":[{\"@type\":\"Article\",\"@id\":\"https:\\\/\\\/www.meydan.tv\\\/az\\\/article\\\/cecen-lideri-tenqidcileri-dil-qoparmaq-ve-barmaq-sindirmaqla-tehdid-edib\\\/#article\",\"isPartOf\":{\"@id\":\"https:\\\/\\\/www.meydan.tv\\\/az\\\/article\\\/cecen-lideri-tenqidcileri-dil-qoparmaq-ve-barmaq-sindirmaqla-tehdid-edib\\\/\"},\"author\":{\"name\":\"user-manager\",\"@id\":\"https:\\\/\\\/www.meydan.tv\\\/az\\\/#\\\/schema\\\/person\\\/10d11eccf6da3662cf5fdab9806ea91a\"},\"headline\":\"\u00c7e\u00e7en lideri t\u0259nqid\u00e7il\u0259ri dil qoparmaq v\u0259 barmaq s\u0131nd\u0131rmaqla t\u0259hdid edib\",\"datePublished\":\"2019-06-13T19:10:10+00:00\",\"mainEntityOfPage\":{\"@id\":\"https:\\\/\\\/www.meydan.tv\\\/az\\\/article\\\/cecen-lideri-tenqidcileri-dil-qoparmaq-ve-barmaq-sindirmaqla-tehdid-edib\\\/\"},\"wordCount\":510,\"publisher\":{\"@id\":\"https:\\\/\\\/www.meydan.tv\\\/az\\\/#organization\"},\"image\":{\"@id\":\"https:\\\/\\\/www.meydan.tv\\\/az\\\/article\\\/cecen-lideri-tenqidcileri-dil-qoparmaq-ve-barmaq-sindirmaqla-tehdid-edib\\\/#primaryimage\"},\"thumbnailUrl\":\"https:\\\/\\\/www.meydan.tv\\\/wp-content\\\/uploads\\\/40807.jpg\",\"articleSection\":[\"D\u00fcnya\"],\"inLanguage\":\"az\"},{\"@type\":\"WebPage\",\"@id\":\"https:\\\/\\\/www.meydan.tv\\\/az\\\/article\\\/cecen-lideri-tenqidcileri-dil-qoparmaq-ve-barmaq-sindirmaqla-tehdid-edib\\\/\",\"url\":\"https:\\\/\\\/www.meydan.tv\\\/az\\\/article\\\/cecen-lideri-tenqidcileri-dil-qoparmaq-ve-barmaq-sindirmaqla-tehdid-edib\\\/\",\"name\":\"\u00c7e\u00e7en lideri t\u0259nqid\u00e7il\u0259ri dil qoparmaq v\u0259 barmaq s\u0131nd\u0131rmaqla t\u0259hdid edib - MEYDAN.TV\",\"isPartOf\":{\"@id\":\"https:\\\/\\\/www.meydan.tv\\\/az\\\/#website\"},\"primaryImageOfPage\":{\"@id\":\"https:\\\/\\\/www.meydan.tv\\\/az\\\/article\\\/cecen-lideri-tenqidcileri-dil-qoparmaq-ve-barmaq-sindirmaqla-tehdid-edib\\\/#primaryimage\"},\"image\":{\"@id\":\"https:\\\/\\\/www.meydan.tv\\\/az\\\/article\\\/cecen-lideri-tenqidcileri-dil-qoparmaq-ve-barmaq-sindirmaqla-tehdid-edib\\\/#primaryimage\"},\"thumbnailUrl\":\"https:\\\/\\\/www.meydan.tv\\\/wp-content\\\/uploads\\\/40807.jpg\",\"datePublished\":\"2019-06-13T19:10:10+00:00\",\"breadcrumb\":{\"@id\":\"https:\\\/\\\/www.meydan.tv\\\/az\\\/article\\\/cecen-lideri-tenqidcileri-dil-qoparmaq-ve-barmaq-sindirmaqla-tehdid-edib\\\/#breadcrumb\"},\"inLanguage\":\"az\",\"potentialAction\":[{\"@type\":\"ReadAction\",\"target\":[\"https:\\\/\\\/www.meydan.tv\\\/az\\\/article\\\/cecen-lideri-tenqidcileri-dil-qoparmaq-ve-barmaq-sindirmaqla-tehdid-edib\\\/\"]}]},{\"@type\":\"ImageObject\",\"inLanguage\":\"az\",\"@id\":\"https:\\\/\\\/www.meydan.tv\\\/az\\\/article\\\/cecen-lideri-tenqidcileri-dil-qoparmaq-ve-barmaq-sindirmaqla-tehdid-edib\\\/#primaryimage\",\"url\":\"https:\\\/\\\/www.meydan.tv\\\/wp-content\\\/uploads\\\/40807.jpg\",\"contentUrl\":\"https:\\\/\\\/www.meydan.tv\\\/wp-content\\\/uploads\\\/40807.jpg\",\"width\":900,\"height\":506,\"caption\":\"Source: Arxiv\"},{\"@type\":\"BreadcrumbList\",\"@id\":\"https:\\\/\\\/www.meydan.tv\\\/az\\\/article\\\/cecen-lideri-tenqidcileri-dil-qoparmaq-ve-barmaq-sindirmaqla-tehdid-edib\\\/#breadcrumb\",\"itemListElement\":[{\"@type\":\"ListItem\",\"position\":1,\"name\":\"Ana s\u0259hif\u0259\",\"item\":\"https:\\\/\\\/www.meydan.tv\\\/az\\\/\"},{\"@type\":\"ListItem\",\"position\":2,\"name\":\"D\u00fcnya\",\"item\":\"https:\\\/\\\/www.meydan.tv\\\/az\\\/section\\\/dunya\\\/\"},{\"@type\":\"ListItem\",\"position\":3,\"name\":\"\u00c7e\u00e7en lideri t\u0259nqid\u00e7il\u0259ri dil qoparmaq v\u0259 barmaq s\u0131nd\u0131rmaqla t\u0259hdid edib\"}]},{\"@type\":\"WebSite\",\"@id\":\"https:\\\/\\\/www.meydan.tv\\\/az\\\/#website\",\"url\":\"https:\\\/\\\/www.meydan.tv\\\/az\\\/\",\"name\":\"MEYDAN.TV\",\"description\":\"Meydan TV Az\u0259rbaycan\u0131n media m\u0259kan\u0131ndak\u0131 alternativ s\u0259sidir\",\"publisher\":{\"@id\":\"https:\\\/\\\/www.meydan.tv\\\/az\\\/#organization\"},\"potentialAction\":[{\"@type\":\"SearchAction\",\"target\":{\"@type\":\"EntryPoint\",\"urlTemplate\":\"https:\\\/\\\/www.meydan.tv\\\/az\\\/?s={search_term_string}\"},\"query-input\":{\"@type\":\"PropertyValueSpecification\",\"valueRequired\":true,\"valueName\":\"search_term_string\"}}],\"inLanguage\":\"az\"},{\"@type\":\"Organization\",\"@id\":\"https:\\\/\\\/www.meydan.tv\\\/az\\\/#organization\",\"name\":\"Meydan TV\",\"url\":\"https:\\\/\\\/www.meydan.tv\\\/az\\\/\",\"logo\":{\"@type\":\"ImageObject\",\"inLanguage\":\"az\",\"@id\":\"https:\\\/\\\/www.meydan.tv\\\/az\\\/#\\\/schema\\\/logo\\\/image\\\/\",\"url\":\"https:\\\/\\\/www.meydan.tv\\\/wp-content\\\/uploads\\\/2021\\\/07\\\/meydan-logo.svg\",\"contentUrl\":\"https:\\\/\\\/www.meydan.tv\\\/wp-content\\\/uploads\\\/2021\\\/07\\\/meydan-logo.svg\",\"width\":195,\"height\":46,\"caption\":\"Meydan TV\"},\"image\":{\"@id\":\"https:\\\/\\\/www.meydan.tv\\\/az\\\/#\\\/schema\\\/logo\\\/image\\\/\"}},{\"@type\":\"Person\",\"@id\":\"https:\\\/\\\/www.meydan.tv\\\/az\\\/#\\\/schema\\\/person\\\/10d11eccf6da3662cf5fdab9806ea91a\",\"name\":\"user-manager\"}]}<\/script>\n<!-- \/ Yoast SEO plugin. -->","yoast_head_json":{"title":"\u00c7e\u00e7en lideri t\u0259nqid\u00e7il\u0259ri dil qoparmaq v\u0259 barmaq s\u0131nd\u0131rmaqla t\u0259hdid edib - MEYDAN.TV","robots":{"index":"index","follow":"follow","max-snippet":"max-snippet:-1","max-image-preview":"max-image-preview:large","max-video-preview":"max-video-preview:-1"},"canonical":"https:\/\/www.meydan.tv\/az\/article\/cecen-lideri-tenqidcileri-dil-qoparmaq-ve-barmaq-sindirmaqla-tehdid-edib\/","og_locale":"az_AZ","og_type":"article","og_title":"\u00c7e\u00e7en lideri t\u0259nqid\u00e7il\u0259ri dil qoparmaq v\u0259 barmaq s\u0131nd\u0131rmaqla t\u0259hdid edib - MEYDAN.TV","og_description":"\u201c\u0130nstagram\u201dda yerl\u0259\u015fdiril\u0259n bir videoda Kad\u0131rov onun \u00f6z\u00fcn\u00fc v\u0259 ya \"xalq\u0131n\u0131\" onlayn \u015f\u0259rhl\u0259rd\u0259 t\u0259hqir ed\u0259n h\u0259r bir k\u0259s\u0259 \u00fcrk\u00fcd\u00fcc\u00fc c\u0259zalar t\u0259tbiq ed\u0259c\u0259yini deyib.","og_url":"https:\/\/www.meydan.tv\/az\/article\/cecen-lideri-tenqidcileri-dil-qoparmaq-ve-barmaq-sindirmaqla-tehdid-edib\/","og_site_name":"MEYDAN.TV","article_published_time":"2019-06-13T19:10:10+00:00","og_image":[{"width":900,"height":506,"url":"https:\/\/www.meydan.tv\/wp-content\/uploads\/40807.jpg","type":"image\/jpeg"}],"author":"user-manager","twitter_card":"summary_large_image","schema":{"@context":"https:\/\/schema.org","@graph":[{"@type":"Article","@id":"https:\/\/www.meydan.tv\/az\/article\/cecen-lideri-tenqidcileri-dil-qoparmaq-ve-barmaq-sindirmaqla-tehdid-edib\/#article","isPartOf":{"@id":"https:\/\/www.meydan.tv\/az\/article\/cecen-lideri-tenqidcileri-dil-qoparmaq-ve-barmaq-sindirmaqla-tehdid-edib\/"},"author":{"name":"user-manager","@id":"https:\/\/www.meydan.tv\/az\/#\/schema\/person\/10d11eccf6da3662cf5fdab9806ea91a"},"headline":"\u00c7e\u00e7en lideri t\u0259nqid\u00e7il\u0259ri dil qoparmaq v\u0259 barmaq s\u0131nd\u0131rmaqla t\u0259hdid edib","datePublished":"2019-06-13T19:10:10+00:00","mainEntityOfPage":{"@id":"https:\/\/www.meydan.tv\/az\/article\/cecen-lideri-tenqidcileri-dil-qoparmaq-ve-barmaq-sindirmaqla-tehdid-edib\/"},"wordCount":510,"publisher":{"@id":"https:\/\/www.meydan.tv\/az\/#organization"},"image":{"@id":"https:\/\/www.meydan.tv\/az\/article\/cecen-lideri-tenqidcileri-dil-qoparmaq-ve-barmaq-sindirmaqla-tehdid-edib\/#primaryimage"},"thumbnailUrl":"https:\/\/www.meydan.tv\/wp-content\/uploads\/40807.jpg","articleSection":["D\u00fcnya"],"inLanguage":"az"},{"@type":"WebPage","@id":"https:\/\/www.meydan.tv\/az\/article\/cecen-lideri-tenqidcileri-dil-qoparmaq-ve-barmaq-sindirmaqla-tehdid-edib\/","url":"https:\/\/www.meydan.tv\/az\/article\/cecen-lideri-tenqidcileri-dil-qoparmaq-ve-barmaq-sindirmaqla-tehdid-edib\/","name":"\u00c7e\u00e7en lideri t\u0259nqid\u00e7il\u0259ri dil qoparmaq v\u0259 barmaq s\u0131nd\u0131rmaqla t\u0259hdid edib - MEYDAN.TV","isPartOf":{"@id":"https:\/\/www.meydan.tv\/az\/#website"},"primaryImageOfPage":{"@id":"https:\/\/www.meydan.tv\/az\/article\/cecen-lideri-tenqidcileri-dil-qoparmaq-ve-barmaq-sindirmaqla-tehdid-edib\/#primaryimage"},"image":{"@id":"https:\/\/www.meydan.tv\/az\/article\/cecen-lideri-tenqidcileri-dil-qoparmaq-ve-barmaq-sindirmaqla-tehdid-edib\/#primaryimage"},"thumbnailUrl":"https:\/\/www.meydan.tv\/wp-content\/uploads\/40807.jpg","datePublished":"2019-06-13T19:10:10+00:00","breadcrumb":{"@id":"https:\/\/www.meydan.tv\/az\/article\/cecen-lideri-tenqidcileri-dil-qoparmaq-ve-barmaq-sindirmaqla-tehdid-edib\/#breadcrumb"},"inLanguage":"az","potentialAction":[{"@type":"ReadAction","target":["https:\/\/www.meydan.tv\/az\/article\/cecen-lideri-tenqidcileri-dil-qoparmaq-ve-barmaq-sindirmaqla-tehdid-edib\/"]}]},{"@type":"ImageObject","inLanguage":"az","@id":"https:\/\/www.meydan.tv\/az\/article\/cecen-lideri-tenqidcileri-dil-qoparmaq-ve-barmaq-sindirmaqla-tehdid-edib\/#primaryimage","url":"https:\/\/www.meydan.tv\/wp-content\/uploads\/40807.jpg","contentUrl":"https:\/\/www.meydan.tv\/wp-content\/uploads\/40807.jpg","width":900,"height":506,"caption":"Source: Arxiv"},{"@type":"BreadcrumbList","@id":"https:\/\/www.meydan.tv\/az\/article\/cecen-lideri-tenqidcileri-dil-qoparmaq-ve-barmaq-sindirmaqla-tehdid-edib\/#breadcrumb","itemListElement":[{"@type":"ListItem","position":1,"name":"Ana s\u0259hif\u0259","item":"https:\/\/www.meydan.tv\/az\/"},{"@type":"ListItem","position":2,"name":"D\u00fcnya","item":"https:\/\/www.meydan.tv\/az\/section\/dunya\/"},{"@type":"ListItem","position":3,"name":"\u00c7e\u00e7en lideri t\u0259nqid\u00e7il\u0259ri dil qoparmaq v\u0259 barmaq s\u0131nd\u0131rmaqla t\u0259hdid edib"}]},{"@type":"WebSite","@id":"https:\/\/www.meydan.tv\/az\/#website","url":"https:\/\/www.meydan.tv\/az\/","name":"MEYDAN.TV","description":"Meydan TV Az\u0259rbaycan\u0131n media m\u0259kan\u0131ndak\u0131 alternativ s\u0259sidir","publisher":{"@id":"https:\/\/www.meydan.tv\/az\/#organization"},"potentialAction":[{"@type":"SearchAction","target":{"@type":"EntryPoint","urlTemplate":"https:\/\/www.meydan.tv\/az\/?s={search_term_string}"},"query-input":{"@type":"PropertyValueSpecification","valueRequired":true,"valueName":"search_term_string"}}],"inLanguage":"az"},{"@type":"Organization","@id":"https:\/\/www.meydan.tv\/az\/#organization","name":"Meydan TV","url":"https:\/\/www.meydan.tv\/az\/","logo":{"@type":"ImageObject","inLanguage":"az","@id":"https:\/\/www.meydan.tv\/az\/#\/schema\/logo\/image\/","url":"https:\/\/www.meydan.tv\/wp-content\/uploads\/2021\/07\/meydan-logo.svg","contentUrl":"https:\/\/www.meydan.tv\/wp-content\/uploads\/2021\/07\/meydan-logo.svg","width":195,"height":46,"caption":"Meydan TV"},"image":{"@id":"https:\/\/www.meydan.tv\/az\/#\/schema\/logo\/image\/"}},{"@type":"Person","@id":"https:\/\/www.meydan.tv\/az\/#\/schema\/person\/10d11eccf6da3662cf5fdab9806ea91a","name":"user-manager"}]}},"_links":{"self":[{"href":"https:\/\/www.meydan.tv\/az\/wp-json\/wp\/v2\/posts\/195840","targetHints":{"allow":["GET"]}}],"collection":[{"href":"https:\/\/www.meydan.tv\/az\/wp-json\/wp\/v2\/posts"}],"about":[{"href":"https:\/\/www.meydan.tv\/az\/wp-json\/wp\/v2\/types\/post"}],"author":[{"embeddable":true,"href":"https:\/\/www.meydan.tv\/az\/wp-json\/wp\/v2\/users\/11"}],"replies":[{"embeddable":true,"href":"https:\/\/www.meydan.tv\/az\/wp-json\/wp\/v2\/comments?post=195840"}],"version-history":[{"count":0,"href":"https:\/\/www.meydan.tv\/az\/wp-json\/wp\/v2\/posts\/195840\/revisions"}],"wp:featuredmedia":[{"embeddable":true,"href":"https:\/\/www.meydan.tv\/az\/wp-json\/wp\/v2\/media\/102891"}],"wp:attachment":[{"href":"https:\/\/www.meydan.tv\/az\/wp-json\/wp\/v2\/media?parent=195840"}],"wp:term":[{"taxonomy":"category","embeddable":true,"href":"https:\/\/www.meydan.tv\/az\/wp-json\/wp\/v2\/categories?post=195840"},{"taxonomy":"post_tag","embeddable":true,"href":"https:\/\/www.meydan.tv\/az\/wp-json\/wp\/v2\/tags?post=195840"}],"curies":[{"name":"wp","href":"https:\/\/api.w.org\/{rel}","templated":true}]}}