{"id":195839,"date":"2019-06-13T19:03:50","date_gmt":"2019-06-13T19:03:50","guid":{"rendered":"https:\/\/www.meydan.tv\/article\/putin-qolunov-isi-ile-bagli-2-polis-generalini-isden-cixarib\/"},"modified":"2019-06-13T19:03:50","modified_gmt":"2019-06-13T19:03:50","slug":"putin-qolunov-isi-ile-bagli-2-polis-generalini-isden-cixarib","status":"publish","type":"post","link":"https:\/\/www.meydan.tv\/az\/article\/putin-qolunov-isi-ile-bagli-2-polis-generalini-isden-cixarib\/","title":{"rendered":"Putin Qolunov i\u015fi il\u0259 ba\u011fl\u0131 2 polis general\u0131n\u0131 i\u015fd\u0259n \u00e7\u0131xar\u0131b"},"content":{"rendered":"<p>\n  <i><br \/>\n    Daxili i\u015fl\u0259r naziri deyib ki, jurnalist\u0259 qar\u015f\u0131 ittihamlar s\u00fcbut olunmay\u0131b<br \/>\n  <\/i>\n<\/p>\n<p>\n  Rusiya Prezidenti Vladimir Putin iyunun 11-d\u0259 azadl\u0131\u011fa burax\u0131lan ara\u015fd\u0131rma\u00e7\u0131 jurnalist \u0130van Qolunova narkotik madd\u0259 ticar\u0259ti i\u015fi \u00fczr\u0259 m\u0259sul olan iki polis general\u0131n\u0131 v\u0259zif\u0259sind\u0259n xaric edib, &#8211; Azadl\u0131q Radiosu x\u0259b\u0259r verir.\n<\/p>\n<p>\n  \u0130yunun 13-d\u0259 Kremlin m\u0259tbuat xidm\u0259tind\u0259n veril\u0259n m\u0259lumata g\u00f6r\u0259, Putin Moskva polis narkotika n\u0259zar\u0259t b\u00f6lm\u0259sinin r\u0259hb\u0259ri mayor Yuri Devyatkin v\u0259 polis r\u0259isi general mayor Andrey Pu\u00e7kovu v\u0259zif\u0259sind\u0259n azad edib.\n<\/p>\n<p>\n  Daxili i\u015fl\u0259r naziri Vladimir Kolokoltsev iyunun 11-d\u0259 deyib ki, o, Putind\u0259n Qolunov iddias\u0131 il\u0259 ba\u011fl\u0131 iki y\u00fcks\u0259k v\u0259zif\u0259li polis m\u0259murunun v\u0259zif\u0259sind\u0259n azad edilm\u0259sini xahi\u015f ed\u0259c\u0259k.\n<\/p>\n<p>\n  Kolokoltsev h\u0259m\u00e7inin deyib ki, Latviyada yerl\u0259\u015f\u0259n &quot;Meduza&quot; onlayn media platformas\u0131n\u0131n \u0259m\u0259kda\u015f\u0131, 36 ya\u015fl\u0131 jurnalist Qolunova qar\u015f\u0131 b\u00fct\u00fcn ittihamlar g\u00f6t\u00fcr\u00fcl\u00fcb, \u00e7\u00fcnki iddia edil\u0259n cinay\u0259t s\u00fcbut edilm\u0259yib.\n<\/p>\n<p>\n  Qolunovun h\u0259bsi iyunun 6-da bir \u00e7ox rusiyal\u0131 jurnalist v\u0259 h\u00fcquq m\u00fcdafi\u0259\u00e7isi t\u0259r\u0259find\u0259n t\u0259nqid edilib. Moskva \u015f\u0259h\u0259rinin y\u00fcks\u0259k v\u0259zif\u0259li r\u0259smil\u0259ri v\u0259 dig\u0259rl\u0259ri aras\u0131nda korrupsiya il\u0259 ba\u011fl\u0131 istintaq m\u0259lumatlar\u0131 il\u0259 tan\u0131\u015fd\u0131r.\n<\/p>\n<p>\n  \u0130yunun 12-d\u0259 bir ne\u00e7\u0259 y\u00fcz n\u0259f\u0259r Moskvada icaz\u0259siz mitinq ke\u00e7ir\u0259r\u0259k Qolunovun i\u015fi \u00fczr\u0259 hakimiyy\u0259t\u0259 t\u0259zyiq g\u00f6st\u0259rm\u0259y\u0259 \u00e7al\u0131\u015f\u0131blar.\n<\/p>\n<p>\n  Rusiyada ke\u00e7iril\u0259n n\u00fcmayi\u015fl\u0259r\u0259 qar\u015f\u0131 polis t\u0259zyiqini monitorinq ed\u0259n OVD-Info adl\u0131 m\u00fcst\u0259qil qrup deyir ki, \u0259n az 513 n\u00fcmayi\u015f\u00e7i g\u00f6z alt\u0131na al\u0131n\u0131b.\n<\/p>\n<p>\n  Qeyd edilir ki, \u0259n az\u0131 yeddi adam ictimai t\u0259dbirl\u0259rin ke\u00e7irilm\u0259si il\u0259 ba\u011fl\u0131 qanunu pozmaqda ittiham olunur. Onlar 15 g\u00fcn h\u0259bs c\u0259zas\u0131na m\u0259hkum edilibl\u0259r.<\/p>\n","protected":false},"excerpt":{"rendered":"<p>\u0130yunun 13-d\u0259 Kremlin m\u0259tbuat xidm\u0259tind\u0259n veril\u0259n m\u0259lumata g\u00f6r\u0259, Putin Moskva polis narkotika n\u0259zar\u0259t b\u00f6lm\u0259sinin r\u0259hb\u0259ri mayor Yuri Devyatkin v\u0259 polis r\u0259isi general mayor Andrey Pu\u00e7kovu v\u0259zif\u0259sind\u0259n azad edib.<\/p>\n","protected":false},"author":11,"featured_media":125493,"comment_status":"closed","ping_status":"open","sticky":false,"template":"","format":"standard","meta":{"_acf_changed":false,"_sitemap_exclude":false,"_sitemap_priority":"","_sitemap_frequency":"","footnotes":""},"categories":[64],"tags":[],"class_list":["post-195839","post","type-post","status-publish","format-standard","has-post-thumbnail","hentry","category-dunya","infinite-scroll-item","generate-columns","tablet-grid-50","mobile-grid-100","grid-parent","grid-33","no-featured-image-padding"],"acf":[],"yoast_head":"<!-- This site is optimized with the Yoast SEO plugin v27.5 - https:\/\/yoast.com\/product\/yoast-seo-wordpress\/ -->\n<title>Putin Qolunov i\u015fi il\u0259 ba\u011fl\u0131 2 polis general\u0131n\u0131 i\u015fd\u0259n \u00e7\u0131xar\u0131b - MEYDAN.TV<\/title>\n<meta name=\"robots\" content=\"index, follow, max-snippet:-1, max-image-preview:large, max-video-preview:-1\" \/>\n<link rel=\"canonical\" href=\"https:\/\/www.meydan.tv\/az\/article\/putin-qolunov-isi-ile-bagli-2-polis-generalini-isden-cixarib\/\" \/>\n<meta property=\"og:locale\" content=\"az_AZ\" \/>\n<meta property=\"og:type\" content=\"article\" \/>\n<meta property=\"og:title\" content=\"Putin Qolunov i\u015fi il\u0259 ba\u011fl\u0131 2 polis general\u0131n\u0131 i\u015fd\u0259n \u00e7\u0131xar\u0131b - MEYDAN.TV\" \/>\n<meta property=\"og:description\" content=\"\u0130yunun 13-d\u0259 Kremlin m\u0259tbuat xidm\u0259tind\u0259n veril\u0259n m\u0259lumata g\u00f6r\u0259, Putin Moskva polis narkotika n\u0259zar\u0259t b\u00f6lm\u0259sinin r\u0259hb\u0259ri mayor Yuri Devyatkin v\u0259 polis r\u0259isi general mayor Andrey Pu\u00e7kovu v\u0259zif\u0259sind\u0259n azad edib.\" \/>\n<meta property=\"og:url\" content=\"https:\/\/www.meydan.tv\/az\/article\/putin-qolunov-isi-ile-bagli-2-polis-generalini-isden-cixarib\/\" \/>\n<meta property=\"og:site_name\" content=\"MEYDAN.TV\" \/>\n<meta property=\"article:published_time\" content=\"2019-06-13T19:03:50+00:00\" \/>\n<meta property=\"og:image\" content=\"https:\/\/www.meydan.tv\/wp-content\/uploads\/brief_8d7c9b4517c36e593fbc20bf2ebb089e.jpg\" \/>\n\t<meta property=\"og:image:width\" content=\"700\" \/>\n\t<meta property=\"og:image:height\" content=\"600\" \/>\n\t<meta property=\"og:image:type\" content=\"image\/jpeg\" \/>\n<meta name=\"author\" content=\"user-manager\" \/>\n<meta name=\"twitter:card\" content=\"summary_large_image\" \/>\n<script type=\"application\/ld+json\" class=\"yoast-schema-graph\">{\"@context\":\"https:\\\/\\\/schema.org\",\"@graph\":[{\"@type\":\"Article\",\"@id\":\"https:\\\/\\\/www.meydan.tv\\\/az\\\/article\\\/putin-qolunov-isi-ile-bagli-2-polis-generalini-isden-cixarib\\\/#article\",\"isPartOf\":{\"@id\":\"https:\\\/\\\/www.meydan.tv\\\/az\\\/article\\\/putin-qolunov-isi-ile-bagli-2-polis-generalini-isden-cixarib\\\/\"},\"author\":{\"name\":\"user-manager\",\"@id\":\"https:\\\/\\\/www.meydan.tv\\\/az\\\/#\\\/schema\\\/person\\\/10d11eccf6da3662cf5fdab9806ea91a\"},\"headline\":\"Putin Qolunov i\u015fi il\u0259 ba\u011fl\u0131 2 polis general\u0131n\u0131 i\u015fd\u0259n \u00e7\u0131xar\u0131b\",\"datePublished\":\"2019-06-13T19:03:50+00:00\",\"mainEntityOfPage\":{\"@id\":\"https:\\\/\\\/www.meydan.tv\\\/az\\\/article\\\/putin-qolunov-isi-ile-bagli-2-polis-generalini-isden-cixarib\\\/\"},\"wordCount\":351,\"publisher\":{\"@id\":\"https:\\\/\\\/www.meydan.tv\\\/az\\\/#organization\"},\"image\":{\"@id\":\"https:\\\/\\\/www.meydan.tv\\\/az\\\/article\\\/putin-qolunov-isi-ile-bagli-2-polis-generalini-isden-cixarib\\\/#primaryimage\"},\"thumbnailUrl\":\"https:\\\/\\\/www.meydan.tv\\\/wp-content\\\/uploads\\\/brief_8d7c9b4517c36e593fbc20bf2ebb089e.jpg\",\"articleSection\":[\"D\u00fcnya\"],\"inLanguage\":\"az\"},{\"@type\":\"WebPage\",\"@id\":\"https:\\\/\\\/www.meydan.tv\\\/az\\\/article\\\/putin-qolunov-isi-ile-bagli-2-polis-generalini-isden-cixarib\\\/\",\"url\":\"https:\\\/\\\/www.meydan.tv\\\/az\\\/article\\\/putin-qolunov-isi-ile-bagli-2-polis-generalini-isden-cixarib\\\/\",\"name\":\"Putin Qolunov i\u015fi il\u0259 ba\u011fl\u0131 2 polis general\u0131n\u0131 i\u015fd\u0259n \u00e7\u0131xar\u0131b - MEYDAN.TV\",\"isPartOf\":{\"@id\":\"https:\\\/\\\/www.meydan.tv\\\/az\\\/#website\"},\"primaryImageOfPage\":{\"@id\":\"https:\\\/\\\/www.meydan.tv\\\/az\\\/article\\\/putin-qolunov-isi-ile-bagli-2-polis-generalini-isden-cixarib\\\/#primaryimage\"},\"image\":{\"@id\":\"https:\\\/\\\/www.meydan.tv\\\/az\\\/article\\\/putin-qolunov-isi-ile-bagli-2-polis-generalini-isden-cixarib\\\/#primaryimage\"},\"thumbnailUrl\":\"https:\\\/\\\/www.meydan.tv\\\/wp-content\\\/uploads\\\/brief_8d7c9b4517c36e593fbc20bf2ebb089e.jpg\",\"datePublished\":\"2019-06-13T19:03:50+00:00\",\"breadcrumb\":{\"@id\":\"https:\\\/\\\/www.meydan.tv\\\/az\\\/article\\\/putin-qolunov-isi-ile-bagli-2-polis-generalini-isden-cixarib\\\/#breadcrumb\"},\"inLanguage\":\"az\",\"potentialAction\":[{\"@type\":\"ReadAction\",\"target\":[\"https:\\\/\\\/www.meydan.tv\\\/az\\\/article\\\/putin-qolunov-isi-ile-bagli-2-polis-generalini-isden-cixarib\\\/\"]}]},{\"@type\":\"ImageObject\",\"inLanguage\":\"az\",\"@id\":\"https:\\\/\\\/www.meydan.tv\\\/az\\\/article\\\/putin-qolunov-isi-ile-bagli-2-polis-generalini-isden-cixarib\\\/#primaryimage\",\"url\":\"https:\\\/\\\/www.meydan.tv\\\/wp-content\\\/uploads\\\/brief_8d7c9b4517c36e593fbc20bf2ebb089e.jpg\",\"contentUrl\":\"https:\\\/\\\/www.meydan.tv\\\/wp-content\\\/uploads\\\/brief_8d7c9b4517c36e593fbc20bf2ebb089e.jpg\",\"width\":700,\"height\":600,\"caption\":\"Source: Foto: Lenta.ru\"},{\"@type\":\"BreadcrumbList\",\"@id\":\"https:\\\/\\\/www.meydan.tv\\\/az\\\/article\\\/putin-qolunov-isi-ile-bagli-2-polis-generalini-isden-cixarib\\\/#breadcrumb\",\"itemListElement\":[{\"@type\":\"ListItem\",\"position\":1,\"name\":\"Ana s\u0259hif\u0259\",\"item\":\"https:\\\/\\\/www.meydan.tv\\\/az\\\/\"},{\"@type\":\"ListItem\",\"position\":2,\"name\":\"D\u00fcnya\",\"item\":\"https:\\\/\\\/www.meydan.tv\\\/az\\\/section\\\/dunya\\\/\"},{\"@type\":\"ListItem\",\"position\":3,\"name\":\"Putin Qolunov i\u015fi il\u0259 ba\u011fl\u0131 2 polis general\u0131n\u0131 i\u015fd\u0259n \u00e7\u0131xar\u0131b\"}]},{\"@type\":\"WebSite\",\"@id\":\"https:\\\/\\\/www.meydan.tv\\\/az\\\/#website\",\"url\":\"https:\\\/\\\/www.meydan.tv\\\/az\\\/\",\"name\":\"MEYDAN.TV\",\"description\":\"Meydan TV Az\u0259rbaycan\u0131n media m\u0259kan\u0131ndak\u0131 alternativ s\u0259sidir\",\"publisher\":{\"@id\":\"https:\\\/\\\/www.meydan.tv\\\/az\\\/#organization\"},\"potentialAction\":[{\"@type\":\"SearchAction\",\"target\":{\"@type\":\"EntryPoint\",\"urlTemplate\":\"https:\\\/\\\/www.meydan.tv\\\/az\\\/?s={search_term_string}\"},\"query-input\":{\"@type\":\"PropertyValueSpecification\",\"valueRequired\":true,\"valueName\":\"search_term_string\"}}],\"inLanguage\":\"az\"},{\"@type\":\"Organization\",\"@id\":\"https:\\\/\\\/www.meydan.tv\\\/az\\\/#organization\",\"name\":\"Meydan TV\",\"url\":\"https:\\\/\\\/www.meydan.tv\\\/az\\\/\",\"logo\":{\"@type\":\"ImageObject\",\"inLanguage\":\"az\",\"@id\":\"https:\\\/\\\/www.meydan.tv\\\/az\\\/#\\\/schema\\\/logo\\\/image\\\/\",\"url\":\"https:\\\/\\\/www.meydan.tv\\\/wp-content\\\/uploads\\\/2021\\\/07\\\/meydan-logo.svg\",\"contentUrl\":\"https:\\\/\\\/www.meydan.tv\\\/wp-content\\\/uploads\\\/2021\\\/07\\\/meydan-logo.svg\",\"width\":195,\"height\":46,\"caption\":\"Meydan TV\"},\"image\":{\"@id\":\"https:\\\/\\\/www.meydan.tv\\\/az\\\/#\\\/schema\\\/logo\\\/image\\\/\"}},{\"@type\":\"Person\",\"@id\":\"https:\\\/\\\/www.meydan.tv\\\/az\\\/#\\\/schema\\\/person\\\/10d11eccf6da3662cf5fdab9806ea91a\",\"name\":\"user-manager\"}]}<\/script>\n<!-- \/ Yoast SEO plugin. -->","yoast_head_json":{"title":"Putin Qolunov i\u015fi il\u0259 ba\u011fl\u0131 2 polis general\u0131n\u0131 i\u015fd\u0259n \u00e7\u0131xar\u0131b - MEYDAN.TV","robots":{"index":"index","follow":"follow","max-snippet":"max-snippet:-1","max-image-preview":"max-image-preview:large","max-video-preview":"max-video-preview:-1"},"canonical":"https:\/\/www.meydan.tv\/az\/article\/putin-qolunov-isi-ile-bagli-2-polis-generalini-isden-cixarib\/","og_locale":"az_AZ","og_type":"article","og_title":"Putin Qolunov i\u015fi il\u0259 ba\u011fl\u0131 2 polis general\u0131n\u0131 i\u015fd\u0259n \u00e7\u0131xar\u0131b - MEYDAN.TV","og_description":"\u0130yunun 13-d\u0259 Kremlin m\u0259tbuat xidm\u0259tind\u0259n veril\u0259n m\u0259lumata g\u00f6r\u0259, Putin Moskva polis narkotika n\u0259zar\u0259t b\u00f6lm\u0259sinin r\u0259hb\u0259ri mayor Yuri Devyatkin v\u0259 polis r\u0259isi general mayor Andrey Pu\u00e7kovu v\u0259zif\u0259sind\u0259n azad edib.","og_url":"https:\/\/www.meydan.tv\/az\/article\/putin-qolunov-isi-ile-bagli-2-polis-generalini-isden-cixarib\/","og_site_name":"MEYDAN.TV","article_published_time":"2019-06-13T19:03:50+00:00","og_image":[{"width":700,"height":600,"url":"https:\/\/www.meydan.tv\/wp-content\/uploads\/brief_8d7c9b4517c36e593fbc20bf2ebb089e.jpg","type":"image\/jpeg"}],"author":"user-manager","twitter_card":"summary_large_image","schema":{"@context":"https:\/\/schema.org","@graph":[{"@type":"Article","@id":"https:\/\/www.meydan.tv\/az\/article\/putin-qolunov-isi-ile-bagli-2-polis-generalini-isden-cixarib\/#article","isPartOf":{"@id":"https:\/\/www.meydan.tv\/az\/article\/putin-qolunov-isi-ile-bagli-2-polis-generalini-isden-cixarib\/"},"author":{"name":"user-manager","@id":"https:\/\/www.meydan.tv\/az\/#\/schema\/person\/10d11eccf6da3662cf5fdab9806ea91a"},"headline":"Putin Qolunov i\u015fi il\u0259 ba\u011fl\u0131 2 polis general\u0131n\u0131 i\u015fd\u0259n \u00e7\u0131xar\u0131b","datePublished":"2019-06-13T19:03:50+00:00","mainEntityOfPage":{"@id":"https:\/\/www.meydan.tv\/az\/article\/putin-qolunov-isi-ile-bagli-2-polis-generalini-isden-cixarib\/"},"wordCount":351,"publisher":{"@id":"https:\/\/www.meydan.tv\/az\/#organization"},"image":{"@id":"https:\/\/www.meydan.tv\/az\/article\/putin-qolunov-isi-ile-bagli-2-polis-generalini-isden-cixarib\/#primaryimage"},"thumbnailUrl":"https:\/\/www.meydan.tv\/wp-content\/uploads\/brief_8d7c9b4517c36e593fbc20bf2ebb089e.jpg","articleSection":["D\u00fcnya"],"inLanguage":"az"},{"@type":"WebPage","@id":"https:\/\/www.meydan.tv\/az\/article\/putin-qolunov-isi-ile-bagli-2-polis-generalini-isden-cixarib\/","url":"https:\/\/www.meydan.tv\/az\/article\/putin-qolunov-isi-ile-bagli-2-polis-generalini-isden-cixarib\/","name":"Putin Qolunov i\u015fi il\u0259 ba\u011fl\u0131 2 polis general\u0131n\u0131 i\u015fd\u0259n \u00e7\u0131xar\u0131b - MEYDAN.TV","isPartOf":{"@id":"https:\/\/www.meydan.tv\/az\/#website"},"primaryImageOfPage":{"@id":"https:\/\/www.meydan.tv\/az\/article\/putin-qolunov-isi-ile-bagli-2-polis-generalini-isden-cixarib\/#primaryimage"},"image":{"@id":"https:\/\/www.meydan.tv\/az\/article\/putin-qolunov-isi-ile-bagli-2-polis-generalini-isden-cixarib\/#primaryimage"},"thumbnailUrl":"https:\/\/www.meydan.tv\/wp-content\/uploads\/brief_8d7c9b4517c36e593fbc20bf2ebb089e.jpg","datePublished":"2019-06-13T19:03:50+00:00","breadcrumb":{"@id":"https:\/\/www.meydan.tv\/az\/article\/putin-qolunov-isi-ile-bagli-2-polis-generalini-isden-cixarib\/#breadcrumb"},"inLanguage":"az","potentialAction":[{"@type":"ReadAction","target":["https:\/\/www.meydan.tv\/az\/article\/putin-qolunov-isi-ile-bagli-2-polis-generalini-isden-cixarib\/"]}]},{"@type":"ImageObject","inLanguage":"az","@id":"https:\/\/www.meydan.tv\/az\/article\/putin-qolunov-isi-ile-bagli-2-polis-generalini-isden-cixarib\/#primaryimage","url":"https:\/\/www.meydan.tv\/wp-content\/uploads\/brief_8d7c9b4517c36e593fbc20bf2ebb089e.jpg","contentUrl":"https:\/\/www.meydan.tv\/wp-content\/uploads\/brief_8d7c9b4517c36e593fbc20bf2ebb089e.jpg","width":700,"height":600,"caption":"Source: Foto: Lenta.ru"},{"@type":"BreadcrumbList","@id":"https:\/\/www.meydan.tv\/az\/article\/putin-qolunov-isi-ile-bagli-2-polis-generalini-isden-cixarib\/#breadcrumb","itemListElement":[{"@type":"ListItem","position":1,"name":"Ana s\u0259hif\u0259","item":"https:\/\/www.meydan.tv\/az\/"},{"@type":"ListItem","position":2,"name":"D\u00fcnya","item":"https:\/\/www.meydan.tv\/az\/section\/dunya\/"},{"@type":"ListItem","position":3,"name":"Putin Qolunov i\u015fi il\u0259 ba\u011fl\u0131 2 polis general\u0131n\u0131 i\u015fd\u0259n \u00e7\u0131xar\u0131b"}]},{"@type":"WebSite","@id":"https:\/\/www.meydan.tv\/az\/#website","url":"https:\/\/www.meydan.tv\/az\/","name":"MEYDAN.TV","description":"Meydan TV Az\u0259rbaycan\u0131n media m\u0259kan\u0131ndak\u0131 alternativ s\u0259sidir","publisher":{"@id":"https:\/\/www.meydan.tv\/az\/#organization"},"potentialAction":[{"@type":"SearchAction","target":{"@type":"EntryPoint","urlTemplate":"https:\/\/www.meydan.tv\/az\/?s={search_term_string}"},"query-input":{"@type":"PropertyValueSpecification","valueRequired":true,"valueName":"search_term_string"}}],"inLanguage":"az"},{"@type":"Organization","@id":"https:\/\/www.meydan.tv\/az\/#organization","name":"Meydan TV","url":"https:\/\/www.meydan.tv\/az\/","logo":{"@type":"ImageObject","inLanguage":"az","@id":"https:\/\/www.meydan.tv\/az\/#\/schema\/logo\/image\/","url":"https:\/\/www.meydan.tv\/wp-content\/uploads\/2021\/07\/meydan-logo.svg","contentUrl":"https:\/\/www.meydan.tv\/wp-content\/uploads\/2021\/07\/meydan-logo.svg","width":195,"height":46,"caption":"Meydan TV"},"image":{"@id":"https:\/\/www.meydan.tv\/az\/#\/schema\/logo\/image\/"}},{"@type":"Person","@id":"https:\/\/www.meydan.tv\/az\/#\/schema\/person\/10d11eccf6da3662cf5fdab9806ea91a","name":"user-manager"}]}},"_links":{"self":[{"href":"https:\/\/www.meydan.tv\/az\/wp-json\/wp\/v2\/posts\/195839","targetHints":{"allow":["GET"]}}],"collection":[{"href":"https:\/\/www.meydan.tv\/az\/wp-json\/wp\/v2\/posts"}],"about":[{"href":"https:\/\/www.meydan.tv\/az\/wp-json\/wp\/v2\/types\/post"}],"author":[{"embeddable":true,"href":"https:\/\/www.meydan.tv\/az\/wp-json\/wp\/v2\/users\/11"}],"replies":[{"embeddable":true,"href":"https:\/\/www.meydan.tv\/az\/wp-json\/wp\/v2\/comments?post=195839"}],"version-history":[{"count":0,"href":"https:\/\/www.meydan.tv\/az\/wp-json\/wp\/v2\/posts\/195839\/revisions"}],"wp:featuredmedia":[{"embeddable":true,"href":"https:\/\/www.meydan.tv\/az\/wp-json\/wp\/v2\/media\/125493"}],"wp:attachment":[{"href":"https:\/\/www.meydan.tv\/az\/wp-json\/wp\/v2\/media?parent=195839"}],"wp:term":[{"taxonomy":"category","embeddable":true,"href":"https:\/\/www.meydan.tv\/az\/wp-json\/wp\/v2\/categories?post=195839"},{"taxonomy":"post_tag","embeddable":true,"href":"https:\/\/www.meydan.tv\/az\/wp-json\/wp\/v2\/tags?post=195839"}],"curies":[{"name":"wp","href":"https:\/\/api.w.org\/{rel}","templated":true}]}}