{"id":195813,"date":"2019-06-12T14:03:06","date_gmt":"2019-06-12T14:03:06","guid":{"rendered":"https:\/\/www.meydan.tv\/article\/goycay-sakini-oglumun-intiharina-sebeb-olanlar-cezasiz-qalib\/"},"modified":"2019-06-12T14:03:06","modified_gmt":"2019-06-12T14:03:06","slug":"goycay-sakini-oglumun-intiharina-sebeb-olanlar-cezasiz-qalib","status":"publish","type":"post","link":"https:\/\/www.meydan.tv\/az\/article\/goycay-sakini-oglumun-intiharina-sebeb-olanlar-cezasiz-qalib\/","title":{"rendered":"G\u00f6y\u00e7ay sakini: O\u011flumun intihar\u0131na s\u0259b\u0259b olanlar c\u0259zas\u0131z qal\u0131b"},"content":{"rendered":"<p>\n  <i><br \/>\n    &#x27;&#x27;G\u00fcnahkarlar\u0131n c\u0259zas\u0131n\u0131 layiqinc\u0259 \u00e7\u0259km\u0259sini ist\u0259yir\u0259m&#x27;&#x27;<br \/>\n  <\/i>\n<\/p>\n<p>\n  &#x27;&#x27;O\u011flumu evimizin i\u00e7ind\u0259, h\u0259yat yolda\u015f\u0131n\u0131n g\u00f6z\u00fc \u00f6n\u00fcnd\u0259 d\u00f6yd\u00fcl\u0259r. Sonra \u015f\u0259rl\u0259dil\u0259r. D\u00f6zm\u0259yib, intihar etdi. Amma \u00f6z\u00fcn\u00fc \u00f6ld\u00fcrm\u0259y\u0259 s\u00f6vq etdirm\u0259kl\u0259 ba\u011fl\u0131 kims\u0259 c\u0259za almad\u0131\u201d.\n<\/p>\n<p>\n  G\u00f6y\u00e7ay rayonunun Hac\u0131a\u011fab\u0259yli k\u0259ndinin sakini Fir\u0259ngiz F\u0259t\u0259liyeva bel\u0259 deyir. O, o\u011flunun intihara s\u00f6vq edildiyini, buna r\u0259\u011fm\u0259n yerli m\u0259hk\u0259m\u0259l\u0259rin i\u015fi \u0259dal\u0259tli ara\u015fd\u0131rmad\u0131\u011f\u0131n\u0131 s\u00f6yl\u0259yir.\n<\/p>\n<p>\n  F.F\u0259t\u0259liyeva deyir ki, \u0259vv\u0259l g\u00fcnd\u0259n onlar\u0131n i\u015fin\u0259 soyuq yana\u015f\u0131l\u0131b. \u018fvv\u0259lc\u0259 G\u00f6y\u00e7ay Rayon Prokurorlu\u011fu i\u015fi do\u011fru-d\u00fcr\u00fcst ara\u015fd\u0131rmay\u0131b, sonra da m\u0259hk\u0259m\u0259l\u0259r.\n<\/p>\n<p>\n  \u201cHadis\u0259 \u00f6t\u0259n il iyunun 20-d\u0259 olub. Qon\u015fu ail\u0259nin 7 n\u0259f\u0259r \u00fczv\u00fc o\u011flumun evin\u0259 h\u00fccum ed\u0259r\u0259k onu yata\u011f\u0131n\u0131n i\u00e7ind\u0259 d\u00f6y\u00fcb, \u00f6l\u00fcmc\u00fcl etdil\u0259r. Guya g\u0259linl\u0259rin\u0259 sata\u015f\u0131b. X\u0259st\u0259xanaya apard\u0131q, baxan olmad\u0131. Sonra polis\u0259 apard\u0131lar. Puldan bas\u0131b polisl\u0259 h\u0259d\u0259l\u0259dil\u0259r. O\u011flum da d\u00f6zm\u0259di, intihar etdi. O g\u00fcn, bu g\u00fcnd\u00fcr qalm\u0131\u015f\u0131q idar\u0259l\u0259rd\u0259, m\u0259hk\u0259m\u0259l\u0259rd\u0259, \u0259dal\u0259t axtar\u0131r\u0131q. Ancaq \u0259dal\u0259ti b\u0259rpa ed\u0259n yoxdur\u201d.\n<\/p>\n<p>\n  Ana deyir ki, o\u011flu d\u00f6y\u00fcl\u0259nd\u0259n sonra x\u0259sar\u0259t d\u0259r\u0259c\u0259sini m\u00fc\u0259yy\u0259n em\u0259k \u00fc\u00e7\u00fcn ekspertizaya m\u00fcraci\u0259t edibl\u0259r. H\u0259min ekspertiza r\u0259yini bel\u0259 bug\u00fcn\u0259d\u0259k ala bilmirl\u0259r:\n<\/p>\n<p>\n  \u201cM\u0259hk\u0259m\u0259 deyir, prokurorluqdan, prokurorluq deyir, m\u0259hk\u0259m\u0259d\u0259n al\u0131n. N\u0259hay\u0259t, G\u00f6y\u00e7ay Rayon M\u0259hk\u0259m\u0259si ev\u0259 h\u00fccum ed\u0259n 7 n\u0259f\u0259rd\u0259n 4-\u00fc haqq\u0131nda q\u0259rar verdi. Ev\u0259 basq\u0131n edib, adam d\u00f6ym\u0259y\u0259 g\u00f6r\u0259 sata\u015fd\u0131\u011f\u0131 deyil\u0259n g\u0259linin qarda\u015f\u0131 v\u0259 h\u0259yat yolda\u015f\u0131na 6 ay h\u0259bs, 2 n\u0259f\u0259r qad\u0131na is\u0259 inzibati c\u0259za k\u0259sildi. Onlar ictimai i\u015fl\u0259r\u0259 c\u0259lb edildil\u0259r. 33 ya\u015fl\u0131, yeni evli \u00f6vlad\u0131m\u0131n \u00f6l\u00fcm\u00fcn\u0259 s\u0259b\u0259b olublar. 6 ay h\u0259bs c\u0259zas\u0131 v\u0259 ictimai i\u015fl\u0259r n\u0259dir ki, bunun yan\u0131nda? \u00dcst\u0259lik, ev\u0259 h\u00fccum ed\u0259n 7 n\u0259f\u0259rin c\u0259mi 4 n\u0259f\u0259ri c\u0259za al\u0131b. Buna da c\u0259za dem\u0259k olarsa. Ev\u0259 h\u00fccum edib, \u015f\u0259xs\u0259 y\u00fcng\u00fcl x\u0259sar\u0259t yetirm\u0259k ad\u0131 il\u0259&#8230; Sonras\u0131n\u0131 d\u00fc\u015f\u00fcn\u0259n yoxdur\u201d.\n<\/p>\n<p>\n  Fir\u0259ngiz F\u0259t\u0259liyeva m\u0259hk\u0259m\u0259nin q\u0259rar\u0131 il\u0259 raz\u0131la\u015fmad\u0131\u011f\u0131ndan apelyasiya \u015fikay\u0259ti verib. \u015e\u0259ki Apelyasiya M\u0259hk\u0259m\u0259si birinci instansiya m\u0259hk\u0259m\u0259sinin q\u0259rar\u0131n\u0131 q\u00fcvv\u0259d\u0259 saxlay\u0131b:\n<\/p>\n<p>\n  \u201cBiz bununla da raz\u0131 deyilik. Odur ki, Ali M\u0259hk\u0259m\u0259y\u0259 m\u00fcraci\u0259t etmi\u015fik. Yen\u0259 \u0259dal\u0259ti b\u0259rpa etm\u0259s\u0259l\u0259r, sona, Avropa \u0130nsan Haqlar\u0131 M\u0259hk\u0259m\u0259sin\u0259d\u0259k ged\u0259c\u0259yik. Bizim i\u015fimizi d\u00fczg\u00fcn ara\u015fd\u0131rm\u0131rlar, \u00f6rt-basd\u0131r edirl\u0259r. M\u0259n buna imkan verm\u0259y\u0259c\u0259y\u0259m. G\u00fcnahkarlar\u0131n c\u0259zas\u0131n\u0131 layiqinc\u0259 \u00e7\u0259km\u0259sini ist\u0259yir\u0259m\u201d.\n<\/p>\n<figure class=\"wp-block-image size-large\">\n  <img decoding=\"async\" src=\"https:\/\/www.meydan.tv\/az\/image00002-jpeg-21\/\" alt=\"image00002.jpeg\" class=\"wp-image-125412\"\/><figcaption>\n    Fir\u0259ngiz F\u0259t\u0259liyevan\u0131n o\u011flu<br \/>\n  <\/figcaption><\/figure>\n<p>\n  2018-ci il iyunun 20-d\u0259 ba\u015f ver\u0259n hadis\u0259ni Fir\u0259ngiz F\u0259t\u0259liyeva bel\u0259 xat\u0131rlay\u0131r:\n<\/p>\n<p>\n  \u201cO\u011flum Anar F\u0259t\u0259liyev evind\u0259 yat\u0131bm\u0131\u015f. Qon\u015fu ail\u0259 evl\u0259rin\u0259 gir\u0259r\u0259k o\u011flunu yataqdaca d\u00f6y\u00fcb. Bu, s\u0259h\u0259r saat 10-da olub. Yaz\u0131qda salamat yer qoymam\u0131\u015fd\u0131lar. 7 n\u0259f\u0259r olublar. Onlara nec\u0259 m\u00fcqavim\u0259t g\u00f6st\u0259rm\u0259k olard\u0131? U\u015fa\u011f\u0131 st\u0259kanla, da\u015fla al qana boyay\u0131blar. Sonra da \u00e7\u0131x\u0131b gedibl\u0259r. S\u0259b\u0259b kimi d\u0259 deyibl\u0259r ki, guya m\u0259nim o\u011flum s\u0259h\u0259r tezd\u0259n gedib onlar\u0131n g\u0259linin\u0259 sata\u015f\u0131b. Halbuki, yaz\u0131q u\u015faq f\u0259hl\u0259likd\u0259n yor\u011fun d\u00fc\u015f\u00fcb yat\u0131bm\u0131\u015f. Biz onu x\u0259st\u0259xanaya apard\u0131q, v\u0259ziyy\u0259ti pis idi. X\u0259st\u0259xanada da normal yiy\u0259 durmad\u0131lar. El\u0259 bir az \u00f6z\u00fcn\u0259 g\u0259lmi\u015fdi ki, polis g\u0259lib apard\u0131. Ax\u015fam he\u00e7 n\u0259 s\u00fcbut ed\u0259 bilm\u0259dikl\u0259rin\u0259 g\u00f6r\u0259 buraxd\u0131lar\u201d.\n<\/p>\n<p>\n  Ana deyir ki, x\u0259sar\u0259t alan o\u011flunu x\u0259st\u0259xanaya apar\u0131blar. Ancaq orada da ona yax\u015f\u0131 baxan olmay\u0131b:\n<\/p>\n<p>\n  \u201c\u00c7ox soyuq yana\u015fd\u0131lar. El\u0259 bil xalq d\u00fc\u015fm\u0259ni idi. \u018fsas\u0259n d\u0259 ona at\u0131lan \u015f\u0259r\u0259 g\u00f6r\u0259 \u00e7ox pis \u00e7\u00f6km\u00fc\u015fd\u00fc. Daha sonra is\u0259 h\u0259d\u0259l\u0259r dayanmad\u0131. Polis\u0259 ifad\u0259si zaman\u0131 da o\u011flumu h\u0259d\u0259l\u0259mi\u015fdil\u0259r\u201d.\n<\/p>\n<p>\n  Ana bu s\u00f6zl\u0259ri o\u011flunun intihardan \u00f6nc\u0259 yazd\u0131\u011f\u0131 m\u0259ktubla \u0259sasland\u0131r\u0131r. Deyir, o\u011flu h\u0259m ona at\u0131lan \u015f\u0259r\u0259, h\u0259m d\u0259 h\u0259d\u0259l\u0259r\u0259 d\u00f6zm\u0259yib, intihar edib:\n<\/p>\n<p>\n  \u201c\u0130ntihar etdiyi g\u00fcn balaca bir v\u0259r\u0259q\u0259 bir ne\u00e7\u0259 c\u00fcml\u0259 yazm\u0131\u015fd\u0131: \u201cM\u0259n bel\u0259 ya\u015faya bilm\u0259r\u0259m. M\u0259n\u0259 \u015f\u0259r atd\u0131lar, b\u00f6htan atd\u0131lar. M\u0259ni h\u0259d\u0259l\u0259dil\u0259r. M\u0259n\u0259 bundan sonra ya\u015famaq \u00e7\u0259tindir\u201d \u2013 yazm\u0131\u015fd\u0131 v\u0259 2 ay \u00f6nc\u0259 tikdirdiyi t\u00f6vl\u0259d\u0259 \u00f6z\u00fcn\u00fc asm\u0131\u015fd\u0131\u201d.\n<\/p>\n<p>\n  Ana bildirir ki, m\u0259hk\u0259m\u0259 v\u0259 prokurorluq istintaq\u0131 \u0259dal\u0259tli aparmay\u0131b:\n<\/p>\n<p>\n  \u201cDeyir\u0259m, adam g\u00f6nd\u0259rilsin, ekspert g\u0259lsin k\u0259ndimiz\u0259. O\u011flumu qon\u015fudan, dostdan-tan\u0131\u015fdan, qohumlardan, n\u0259 bilim, sinif yolda\u015flar\u0131ndan, k\u0259nd camaat\u0131ndan soru\u015fsunlar. Bel\u0259 bir \u015fey ed\u0259 bil\u0259n o\u011ful olub, olmad\u0131\u011f\u0131n\u0131 ara\u015fd\u0131rs\u0131nlar. Bizi dindirsinl\u0259r, m\u0259s\u0259l\u0259nin k\u00f6k\u00fcn\u0259 getsinl\u0259r. He\u00e7 bir i\u015f g\u00f6r\u00fclm\u00fcr, i\u015f ara\u015fd\u0131r\u0131lm\u0131r. Qar\u015f\u0131 t\u0259r\u0259f iddia edir ki, 3 u\u015faq anas\u0131 olan g\u0259linl\u0259rin\u0259 sata\u015f\u0131b. Onun evin\u0259 s\u0259h\u0259r saat 10-da girib. \u018fg\u0259r el\u0259ydis\u0259, onun evin\u0259 niy\u0259 h\u0259min vaxt yox, saatlar ke\u00e7\u0259nd\u0259n sonra g\u0259libl\u0259r? Ba\u015f Prokurorlu\u011fa da yazm\u0131\u015fam. \u018fdal\u0259tli istintaq t\u0259l\u0259b edir\u0259m. Ancaq baxan, maraqlanan yoxdur\u201d.\n<\/p>\n<figure class=\"wp-block-image size-large\">\n  <img decoding=\"async\" src=\"https:\/\/www.meydan.tv\/az\/image00003-jpeg-16\/\" alt=\"image00003.jpeg\" class=\"wp-image-125415\"\/><figcaption>\n    \u015fikay\u0259t m\u0259ktublar\u0131 v\u0259 cavablar<br \/>\n  <\/figcaption><\/figure>\n<p>\n  F.F\u0259t\u0259liyeva deyir ki, indiy\u0259 q\u0259d\u0259r qon\u015fu il\u0259 h\u0259r hans\u0131 d\u00fc\u015fm\u0259n\u00e7ilikl\u0259ri olmay\u0131b. O\u011flunun qap\u0131 qon\u015fusu h\u0259min ail\u0259nin yax\u0131n\u0131d\u0131r:\n<\/p>\n<p>\n  \u201cAralar\u0131 yax\u015f\u0131 idi. Gedi\u015f-g\u0259li\u015fl\u0259ri vard\u0131. Bird\u0259n-bir\u0259 n\u0259 oldu, bilmir\u0259m. Evli u\u015faqd\u0131, g\u00fcl kimi h\u0259yat yolda\u015f\u0131 vard\u0131. Ba\u015fqas\u0131na, \u00f6z\u00fc d\u0259 evli, 3 u\u015faq anas\u0131na niy\u0259 baxs\u0131n ki? M\u0259nim \u00f6vlad\u0131m\u0131 intihar h\u0259ddin\u0259 \u00e7atd\u0131r\u0131blar. Burada ona \u015f\u0259r atanlar\u0131n da, polisin d\u0259 g\u00fcnah\u0131 var. Ancaq buna baxmayaraq \u0259dal\u0259tli q\u0259rar verilm\u0259di. Anar\u0131 \u00f6z\u00fcn\u00fc \u00f6ld\u00fcrm\u0259 h\u0259ddin\u0259 \u00e7atd\u0131rm\u0131\u015f bir qrup \u015f\u0259xsl\u0259ri cinay\u0259t m\u0259suliyy\u0259tind\u0259n k\u0259narda saxlad\u0131lar. Dig\u0259rl\u0259rin\u0259 is\u0259 y\u00fcng\u00fclvari c\u0259za verib, i\u015fi ba\u011flad\u0131lar. Bu \u0259dal\u0259t harada yaz\u0131l\u0131b?\u201d\n<\/p>\n<p>\n  F.F\u0259t\u0259liyeva ana kimi Prezident \u0130lham \u018fliyevd\u0259n, onun xan\u0131m\u0131 Birinci vitse-prezident Mehriban \u018fliyevadan, \u018fdliyy\u0259 Nazirliyi v\u0259 Ba\u015f prokuror Zakir Qaralovdan rica edir ki, o\u011flu Anar F\u0259t\u0259liyevin \u00f6z\u00fcn\u00fc asaraq \u00f6ld\u00fcrm\u0259si il\u0259 ba\u011fl\u0131 m\u0259hk\u0259m\u0259nin \u0259dal\u0259tli q\u0259rar \u00e7\u0131xarmas\u0131na v\u0259 i\u015fin yenid\u0259n ara\u015fd\u0131r\u0131lmas\u0131 il\u0259 ba\u011fl\u0131 g\u00f6st\u0259ri\u015f versinl\u0259r:\n<\/p>\n<p>\n  \u201cAna kimi ba\u011fr\u0131m \u00e7atlay\u0131r. M\u0259nim \u00f6vlad\u0131m\u0131 g\u00f6z g\u00f6r\u0259-g\u00f6r\u0259 \u00f6l\u00fcm h\u0259ddin\u0259 \u00e7atd\u0131rm\u0131\u015f insanlar\u0131n y\u00fcng\u00fclvari c\u0259za il\u0259 i\u015fin i\u00e7ind\u0259n \u00e7\u0131xmas\u0131na izin verm\u0259yin. Bizim k\u0259ndimizd\u0259 c\u0259mi 40-50 ev, 300-400 sakin var. Yalvar\u0131ram, g\u0259lib ara\u015fd\u0131rs\u0131nlar. M\u0259nim o\u011flum kimins\u0259 q\u0131z\u0131na, g\u0259linin\u0259 sata\u015facaq biriydimi? Niy\u0259 haqs\u0131z yer\u0259 \u00f6l\u00fcm\u00fcn\u0259 s\u0259b\u0259b oldular? \u0130ndi ham\u0131 h\u0259yat\u0131na qald\u0131\u011f\u0131 yerd\u0259n davam edir. Biz is\u0259 b\u0259db\u0259xt olduq\u201d.\n<\/p>\n<p>\n  Meydan TV m\u0259s\u0259l\u0259y\u0259 m\u00fcnasib\u0259t \u00f6yr\u0259nm\u0259k \u00fc\u00e7\u00fcn G\u00f6y\u00e7ay Rayon Prokurorlu\u011fu il\u0259 \u0259laq\u0259 saxlay\u0131b. Prokurorluqdan bildiribl\u0259r ki, istintaq yekunla\u015f\u0131b v\u0259 i\u015f m\u0259hk\u0259m\u0259d\u0259dir.\n<\/p>\n<p>\n  G\u00f6y\u00e7ay Rayon M\u0259hk\u0259m\u0259sind\u0259n is\u0259 bildirilib ki, o i\u015fl\u0259 ba\u011fl\u0131 art\u0131q q\u0259rar \u00e7\u0131xar\u0131l\u0131b. Ail\u0259 naraz\u0131d\u0131rsa, yuxar\u0131 instansiyalara \u015fikay\u0259t ed\u0259 bil\u0259r.\n<\/p>\n<p>\n  F.F\u0259t\u0259liyevan\u0131n g\u00fcnahland\u0131rd\u0131\u011f\u0131 qon\u015fusu da m\u0259tbuata a\u00e7\u0131qlama verm\u0259k ist\u0259m\u0259yib.\n<\/p>\n<figure class=\"wp-block-image size-large\">\n  <img decoding=\"async\" src=\"https:\/\/www.meydan.tv\/az\/image00004-jpeg-17\/\" alt=\"image00004.jpeg\" class=\"wp-image-125421\"\/><figcaption>\n    \u015f\u0259kill\u0259r<br \/>\n  <\/figcaption><\/figure>\n","protected":false},"excerpt":{"rendered":"<p>F.F\u0259t\u0259liyeva ana kimi Prezident \u0130lham \u018fliyevd\u0259n, onun xan\u0131m\u0131 Birinci vitse-prezident Mehriban \u018fliyevadan, \u018fdliyy\u0259 Nazirliyi v\u0259 Ba\u015f prokuror Zakir Qaralovdan rica edir ki, o\u011flu Anar F\u0259t\u0259liyevin \u00f6z\u00fcn\u00fc asaraq \u00f6ld\u00fcrm\u0259si il\u0259 ba\u011fl\u0131 m\u0259hk\u0259m\u0259nin \u0259dal\u0259tli q\u0259rar \u00e7\u0131xarmas\u0131na v\u0259 i\u015fin yenid\u0259n ara\u015fd\u0131r\u0131lmas\u0131 il\u0259 ba\u011fl\u0131 g\u00f6st\u0259ri\u015f versinl\u0259r:<\/p>\n","protected":false},"author":11,"featured_media":125409,"comment_status":"closed","ping_status":"open","sticky":false,"template":"","format":"standard","meta":{"_acf_changed":false,"_sitemap_exclude":false,"_sitemap_priority":"","_sitemap_frequency":"","footnotes":""},"categories":[60],"tags":[],"class_list":["post-195813","post","type-post","status-publish","format-standard","has-post-thumbnail","hentry","category-bolge","infinite-scroll-item","generate-columns","tablet-grid-50","mobile-grid-100","grid-parent","grid-33","no-featured-image-padding"],"acf":[],"yoast_head":"<!-- This site is optimized with the Yoast SEO plugin v27.4 - https:\/\/yoast.com\/product\/yoast-seo-wordpress\/ -->\n<title>G\u00f6y\u00e7ay sakini: O\u011flumun intihar\u0131na s\u0259b\u0259b olanlar c\u0259zas\u0131z qal\u0131b - MEYDAN.TV<\/title>\n<meta name=\"robots\" content=\"index, follow, max-snippet:-1, max-image-preview:large, max-video-preview:-1\" \/>\n<link rel=\"canonical\" href=\"https:\/\/www.meydan.tv\/az\/article\/goycay-sakini-oglumun-intiharina-sebeb-olanlar-cezasiz-qalib\/\" \/>\n<meta property=\"og:locale\" content=\"az_AZ\" \/>\n<meta property=\"og:type\" content=\"article\" \/>\n<meta property=\"og:title\" content=\"G\u00f6y\u00e7ay sakini: O\u011flumun intihar\u0131na s\u0259b\u0259b olanlar c\u0259zas\u0131z qal\u0131b - MEYDAN.TV\" \/>\n<meta property=\"og:description\" content=\"F.F\u0259t\u0259liyeva ana kimi Prezident \u0130lham \u018fliyevd\u0259n, onun xan\u0131m\u0131 Birinci vitse-prezident Mehriban \u018fliyevadan, \u018fdliyy\u0259 Nazirliyi v\u0259 Ba\u015f prokuror Zakir Qaralovdan rica edir ki, o\u011flu Anar F\u0259t\u0259liyevin \u00f6z\u00fcn\u00fc asaraq \u00f6ld\u00fcrm\u0259si il\u0259 ba\u011fl\u0131 m\u0259hk\u0259m\u0259nin \u0259dal\u0259tli q\u0259rar \u00e7\u0131xarmas\u0131na v\u0259 i\u015fin yenid\u0259n ara\u015fd\u0131r\u0131lmas\u0131 il\u0259 ba\u011fl\u0131 g\u00f6st\u0259ri\u015f versinl\u0259r:\" \/>\n<meta property=\"og:url\" content=\"https:\/\/www.meydan.tv\/az\/article\/goycay-sakini-oglumun-intiharina-sebeb-olanlar-cezasiz-qalib\/\" \/>\n<meta property=\"og:site_name\" content=\"MEYDAN.TV\" \/>\n<meta property=\"article:published_time\" content=\"2019-06-12T14:03:06+00:00\" \/>\n<meta property=\"og:image\" content=\"https:\/\/www.meydan.tv\/wp-content\/uploads\/image00005_rihobng.jpeg\" \/>\n\t<meta property=\"og:image:width\" content=\"1365\" \/>\n\t<meta property=\"og:image:height\" content=\"1024\" \/>\n\t<meta property=\"og:image:type\" content=\"image\/jpeg\" \/>\n<meta name=\"author\" content=\"user-manager\" \/>\n<meta name=\"twitter:card\" content=\"summary_large_image\" \/>\n<script type=\"application\/ld+json\" class=\"yoast-schema-graph\">{\"@context\":\"https:\\\/\\\/schema.org\",\"@graph\":[{\"@type\":\"Article\",\"@id\":\"https:\\\/\\\/www.meydan.tv\\\/az\\\/article\\\/goycay-sakini-oglumun-intiharina-sebeb-olanlar-cezasiz-qalib\\\/#article\",\"isPartOf\":{\"@id\":\"https:\\\/\\\/www.meydan.tv\\\/az\\\/article\\\/goycay-sakini-oglumun-intiharina-sebeb-olanlar-cezasiz-qalib\\\/\"},\"author\":{\"name\":\"user-manager\",\"@id\":\"https:\\\/\\\/www.meydan.tv\\\/az\\\/#\\\/schema\\\/person\\\/10d11eccf6da3662cf5fdab9806ea91a\"},\"headline\":\"G\u00f6y\u00e7ay sakini: O\u011flumun intihar\u0131na s\u0259b\u0259b olanlar c\u0259zas\u0131z qal\u0131b\",\"datePublished\":\"2019-06-12T14:03:06+00:00\",\"mainEntityOfPage\":{\"@id\":\"https:\\\/\\\/www.meydan.tv\\\/az\\\/article\\\/goycay-sakini-oglumun-intiharina-sebeb-olanlar-cezasiz-qalib\\\/\"},\"wordCount\":1493,\"publisher\":{\"@id\":\"https:\\\/\\\/www.meydan.tv\\\/az\\\/#organization\"},\"image\":{\"@id\":\"https:\\\/\\\/www.meydan.tv\\\/az\\\/article\\\/goycay-sakini-oglumun-intiharina-sebeb-olanlar-cezasiz-qalib\\\/#primaryimage\"},\"thumbnailUrl\":\"https:\\\/\\\/www.meydan.tv\\\/wp-content\\\/uploads\\\/image00005_rihobng.jpeg\",\"articleSection\":[\"B\u00f6lg\u0259\"],\"inLanguage\":\"az\"},{\"@type\":\"WebPage\",\"@id\":\"https:\\\/\\\/www.meydan.tv\\\/az\\\/article\\\/goycay-sakini-oglumun-intiharina-sebeb-olanlar-cezasiz-qalib\\\/\",\"url\":\"https:\\\/\\\/www.meydan.tv\\\/az\\\/article\\\/goycay-sakini-oglumun-intiharina-sebeb-olanlar-cezasiz-qalib\\\/\",\"name\":\"G\u00f6y\u00e7ay sakini: O\u011flumun intihar\u0131na s\u0259b\u0259b olanlar c\u0259zas\u0131z qal\u0131b - MEYDAN.TV\",\"isPartOf\":{\"@id\":\"https:\\\/\\\/www.meydan.tv\\\/az\\\/#website\"},\"primaryImageOfPage\":{\"@id\":\"https:\\\/\\\/www.meydan.tv\\\/az\\\/article\\\/goycay-sakini-oglumun-intiharina-sebeb-olanlar-cezasiz-qalib\\\/#primaryimage\"},\"image\":{\"@id\":\"https:\\\/\\\/www.meydan.tv\\\/az\\\/article\\\/goycay-sakini-oglumun-intiharina-sebeb-olanlar-cezasiz-qalib\\\/#primaryimage\"},\"thumbnailUrl\":\"https:\\\/\\\/www.meydan.tv\\\/wp-content\\\/uploads\\\/image00005_rihobng.jpeg\",\"datePublished\":\"2019-06-12T14:03:06+00:00\",\"breadcrumb\":{\"@id\":\"https:\\\/\\\/www.meydan.tv\\\/az\\\/article\\\/goycay-sakini-oglumun-intiharina-sebeb-olanlar-cezasiz-qalib\\\/#breadcrumb\"},\"inLanguage\":\"az\",\"potentialAction\":[{\"@type\":\"ReadAction\",\"target\":[\"https:\\\/\\\/www.meydan.tv\\\/az\\\/article\\\/goycay-sakini-oglumun-intiharina-sebeb-olanlar-cezasiz-qalib\\\/\"]}]},{\"@type\":\"ImageObject\",\"inLanguage\":\"az\",\"@id\":\"https:\\\/\\\/www.meydan.tv\\\/az\\\/article\\\/goycay-sakini-oglumun-intiharina-sebeb-olanlar-cezasiz-qalib\\\/#primaryimage\",\"url\":\"https:\\\/\\\/www.meydan.tv\\\/wp-content\\\/uploads\\\/image00005_rihobng.jpeg\",\"contentUrl\":\"https:\\\/\\\/www.meydan.tv\\\/wp-content\\\/uploads\\\/image00005_rihobng.jpeg\",\"width\":1365,\"height\":1024,\"caption\":\"Source: meydan tv\"},{\"@type\":\"BreadcrumbList\",\"@id\":\"https:\\\/\\\/www.meydan.tv\\\/az\\\/article\\\/goycay-sakini-oglumun-intiharina-sebeb-olanlar-cezasiz-qalib\\\/#breadcrumb\",\"itemListElement\":[{\"@type\":\"ListItem\",\"position\":1,\"name\":\"Ana s\u0259hif\u0259\",\"item\":\"https:\\\/\\\/www.meydan.tv\\\/az\\\/\"},{\"@type\":\"ListItem\",\"position\":2,\"name\":\"B\u00f6lg\u0259\",\"item\":\"https:\\\/\\\/www.meydan.tv\\\/az\\\/section\\\/bolge\\\/\"},{\"@type\":\"ListItem\",\"position\":3,\"name\":\"G\u00f6y\u00e7ay sakini: O\u011flumun intihar\u0131na s\u0259b\u0259b olanlar c\u0259zas\u0131z qal\u0131b\"}]},{\"@type\":\"WebSite\",\"@id\":\"https:\\\/\\\/www.meydan.tv\\\/az\\\/#website\",\"url\":\"https:\\\/\\\/www.meydan.tv\\\/az\\\/\",\"name\":\"MEYDAN.TV\",\"description\":\"Meydan TV Az\u0259rbaycan\u0131n media m\u0259kan\u0131ndak\u0131 alternativ s\u0259sidir\",\"publisher\":{\"@id\":\"https:\\\/\\\/www.meydan.tv\\\/az\\\/#organization\"},\"potentialAction\":[{\"@type\":\"SearchAction\",\"target\":{\"@type\":\"EntryPoint\",\"urlTemplate\":\"https:\\\/\\\/www.meydan.tv\\\/az\\\/?s={search_term_string}\"},\"query-input\":{\"@type\":\"PropertyValueSpecification\",\"valueRequired\":true,\"valueName\":\"search_term_string\"}}],\"inLanguage\":\"az\"},{\"@type\":\"Organization\",\"@id\":\"https:\\\/\\\/www.meydan.tv\\\/az\\\/#organization\",\"name\":\"Meydan TV\",\"url\":\"https:\\\/\\\/www.meydan.tv\\\/az\\\/\",\"logo\":{\"@type\":\"ImageObject\",\"inLanguage\":\"az\",\"@id\":\"https:\\\/\\\/www.meydan.tv\\\/az\\\/#\\\/schema\\\/logo\\\/image\\\/\",\"url\":\"https:\\\/\\\/www.meydan.tv\\\/wp-content\\\/uploads\\\/2021\\\/07\\\/meydan-logo.svg\",\"contentUrl\":\"https:\\\/\\\/www.meydan.tv\\\/wp-content\\\/uploads\\\/2021\\\/07\\\/meydan-logo.svg\",\"width\":195,\"height\":46,\"caption\":\"Meydan TV\"},\"image\":{\"@id\":\"https:\\\/\\\/www.meydan.tv\\\/az\\\/#\\\/schema\\\/logo\\\/image\\\/\"}},{\"@type\":\"Person\",\"@id\":\"https:\\\/\\\/www.meydan.tv\\\/az\\\/#\\\/schema\\\/person\\\/10d11eccf6da3662cf5fdab9806ea91a\",\"name\":\"user-manager\"}]}<\/script>\n<!-- \/ Yoast SEO plugin. -->","yoast_head_json":{"title":"G\u00f6y\u00e7ay sakini: O\u011flumun intihar\u0131na s\u0259b\u0259b olanlar c\u0259zas\u0131z qal\u0131b - MEYDAN.TV","robots":{"index":"index","follow":"follow","max-snippet":"max-snippet:-1","max-image-preview":"max-image-preview:large","max-video-preview":"max-video-preview:-1"},"canonical":"https:\/\/www.meydan.tv\/az\/article\/goycay-sakini-oglumun-intiharina-sebeb-olanlar-cezasiz-qalib\/","og_locale":"az_AZ","og_type":"article","og_title":"G\u00f6y\u00e7ay sakini: O\u011flumun intihar\u0131na s\u0259b\u0259b olanlar c\u0259zas\u0131z qal\u0131b - MEYDAN.TV","og_description":"F.F\u0259t\u0259liyeva ana kimi Prezident \u0130lham \u018fliyevd\u0259n, onun xan\u0131m\u0131 Birinci vitse-prezident Mehriban \u018fliyevadan, \u018fdliyy\u0259 Nazirliyi v\u0259 Ba\u015f prokuror Zakir Qaralovdan rica edir ki, o\u011flu Anar F\u0259t\u0259liyevin \u00f6z\u00fcn\u00fc asaraq \u00f6ld\u00fcrm\u0259si il\u0259 ba\u011fl\u0131 m\u0259hk\u0259m\u0259nin \u0259dal\u0259tli q\u0259rar \u00e7\u0131xarmas\u0131na v\u0259 i\u015fin yenid\u0259n ara\u015fd\u0131r\u0131lmas\u0131 il\u0259 ba\u011fl\u0131 g\u00f6st\u0259ri\u015f versinl\u0259r:","og_url":"https:\/\/www.meydan.tv\/az\/article\/goycay-sakini-oglumun-intiharina-sebeb-olanlar-cezasiz-qalib\/","og_site_name":"MEYDAN.TV","article_published_time":"2019-06-12T14:03:06+00:00","og_image":[{"width":1365,"height":1024,"url":"https:\/\/www.meydan.tv\/wp-content\/uploads\/image00005_rihobng.jpeg","type":"image\/jpeg"}],"author":"user-manager","twitter_card":"summary_large_image","schema":{"@context":"https:\/\/schema.org","@graph":[{"@type":"Article","@id":"https:\/\/www.meydan.tv\/az\/article\/goycay-sakini-oglumun-intiharina-sebeb-olanlar-cezasiz-qalib\/#article","isPartOf":{"@id":"https:\/\/www.meydan.tv\/az\/article\/goycay-sakini-oglumun-intiharina-sebeb-olanlar-cezasiz-qalib\/"},"author":{"name":"user-manager","@id":"https:\/\/www.meydan.tv\/az\/#\/schema\/person\/10d11eccf6da3662cf5fdab9806ea91a"},"headline":"G\u00f6y\u00e7ay sakini: O\u011flumun intihar\u0131na s\u0259b\u0259b olanlar c\u0259zas\u0131z qal\u0131b","datePublished":"2019-06-12T14:03:06+00:00","mainEntityOfPage":{"@id":"https:\/\/www.meydan.tv\/az\/article\/goycay-sakini-oglumun-intiharina-sebeb-olanlar-cezasiz-qalib\/"},"wordCount":1493,"publisher":{"@id":"https:\/\/www.meydan.tv\/az\/#organization"},"image":{"@id":"https:\/\/www.meydan.tv\/az\/article\/goycay-sakini-oglumun-intiharina-sebeb-olanlar-cezasiz-qalib\/#primaryimage"},"thumbnailUrl":"https:\/\/www.meydan.tv\/wp-content\/uploads\/image00005_rihobng.jpeg","articleSection":["B\u00f6lg\u0259"],"inLanguage":"az"},{"@type":"WebPage","@id":"https:\/\/www.meydan.tv\/az\/article\/goycay-sakini-oglumun-intiharina-sebeb-olanlar-cezasiz-qalib\/","url":"https:\/\/www.meydan.tv\/az\/article\/goycay-sakini-oglumun-intiharina-sebeb-olanlar-cezasiz-qalib\/","name":"G\u00f6y\u00e7ay sakini: O\u011flumun intihar\u0131na s\u0259b\u0259b olanlar c\u0259zas\u0131z qal\u0131b - MEYDAN.TV","isPartOf":{"@id":"https:\/\/www.meydan.tv\/az\/#website"},"primaryImageOfPage":{"@id":"https:\/\/www.meydan.tv\/az\/article\/goycay-sakini-oglumun-intiharina-sebeb-olanlar-cezasiz-qalib\/#primaryimage"},"image":{"@id":"https:\/\/www.meydan.tv\/az\/article\/goycay-sakini-oglumun-intiharina-sebeb-olanlar-cezasiz-qalib\/#primaryimage"},"thumbnailUrl":"https:\/\/www.meydan.tv\/wp-content\/uploads\/image00005_rihobng.jpeg","datePublished":"2019-06-12T14:03:06+00:00","breadcrumb":{"@id":"https:\/\/www.meydan.tv\/az\/article\/goycay-sakini-oglumun-intiharina-sebeb-olanlar-cezasiz-qalib\/#breadcrumb"},"inLanguage":"az","potentialAction":[{"@type":"ReadAction","target":["https:\/\/www.meydan.tv\/az\/article\/goycay-sakini-oglumun-intiharina-sebeb-olanlar-cezasiz-qalib\/"]}]},{"@type":"ImageObject","inLanguage":"az","@id":"https:\/\/www.meydan.tv\/az\/article\/goycay-sakini-oglumun-intiharina-sebeb-olanlar-cezasiz-qalib\/#primaryimage","url":"https:\/\/www.meydan.tv\/wp-content\/uploads\/image00005_rihobng.jpeg","contentUrl":"https:\/\/www.meydan.tv\/wp-content\/uploads\/image00005_rihobng.jpeg","width":1365,"height":1024,"caption":"Source: meydan tv"},{"@type":"BreadcrumbList","@id":"https:\/\/www.meydan.tv\/az\/article\/goycay-sakini-oglumun-intiharina-sebeb-olanlar-cezasiz-qalib\/#breadcrumb","itemListElement":[{"@type":"ListItem","position":1,"name":"Ana s\u0259hif\u0259","item":"https:\/\/www.meydan.tv\/az\/"},{"@type":"ListItem","position":2,"name":"B\u00f6lg\u0259","item":"https:\/\/www.meydan.tv\/az\/section\/bolge\/"},{"@type":"ListItem","position":3,"name":"G\u00f6y\u00e7ay sakini: O\u011flumun intihar\u0131na s\u0259b\u0259b olanlar c\u0259zas\u0131z qal\u0131b"}]},{"@type":"WebSite","@id":"https:\/\/www.meydan.tv\/az\/#website","url":"https:\/\/www.meydan.tv\/az\/","name":"MEYDAN.TV","description":"Meydan TV Az\u0259rbaycan\u0131n media m\u0259kan\u0131ndak\u0131 alternativ s\u0259sidir","publisher":{"@id":"https:\/\/www.meydan.tv\/az\/#organization"},"potentialAction":[{"@type":"SearchAction","target":{"@type":"EntryPoint","urlTemplate":"https:\/\/www.meydan.tv\/az\/?s={search_term_string}"},"query-input":{"@type":"PropertyValueSpecification","valueRequired":true,"valueName":"search_term_string"}}],"inLanguage":"az"},{"@type":"Organization","@id":"https:\/\/www.meydan.tv\/az\/#organization","name":"Meydan TV","url":"https:\/\/www.meydan.tv\/az\/","logo":{"@type":"ImageObject","inLanguage":"az","@id":"https:\/\/www.meydan.tv\/az\/#\/schema\/logo\/image\/","url":"https:\/\/www.meydan.tv\/wp-content\/uploads\/2021\/07\/meydan-logo.svg","contentUrl":"https:\/\/www.meydan.tv\/wp-content\/uploads\/2021\/07\/meydan-logo.svg","width":195,"height":46,"caption":"Meydan TV"},"image":{"@id":"https:\/\/www.meydan.tv\/az\/#\/schema\/logo\/image\/"}},{"@type":"Person","@id":"https:\/\/www.meydan.tv\/az\/#\/schema\/person\/10d11eccf6da3662cf5fdab9806ea91a","name":"user-manager"}]}},"_links":{"self":[{"href":"https:\/\/www.meydan.tv\/az\/wp-json\/wp\/v2\/posts\/195813","targetHints":{"allow":["GET"]}}],"collection":[{"href":"https:\/\/www.meydan.tv\/az\/wp-json\/wp\/v2\/posts"}],"about":[{"href":"https:\/\/www.meydan.tv\/az\/wp-json\/wp\/v2\/types\/post"}],"author":[{"embeddable":true,"href":"https:\/\/www.meydan.tv\/az\/wp-json\/wp\/v2\/users\/11"}],"replies":[{"embeddable":true,"href":"https:\/\/www.meydan.tv\/az\/wp-json\/wp\/v2\/comments?post=195813"}],"version-history":[{"count":0,"href":"https:\/\/www.meydan.tv\/az\/wp-json\/wp\/v2\/posts\/195813\/revisions"}],"wp:featuredmedia":[{"embeddable":true,"href":"https:\/\/www.meydan.tv\/az\/wp-json\/wp\/v2\/media\/125409"}],"wp:attachment":[{"href":"https:\/\/www.meydan.tv\/az\/wp-json\/wp\/v2\/media?parent=195813"}],"wp:term":[{"taxonomy":"category","embeddable":true,"href":"https:\/\/www.meydan.tv\/az\/wp-json\/wp\/v2\/categories?post=195813"},{"taxonomy":"post_tag","embeddable":true,"href":"https:\/\/www.meydan.tv\/az\/wp-json\/wp\/v2\/tags?post=195813"}],"curies":[{"name":"wp","href":"https:\/\/api.w.org\/{rel}","templated":true}]}}