{"id":195811,"date":"2019-06-12T13:18:41","date_gmt":"2019-06-12T13:18:41","guid":{"rendered":"https:\/\/www.meydan.tv\/article\/geleceyin-esgerleri-qurbaga-ilanin-suyun-icinde-yatir\/"},"modified":"2019-06-12T13:18:41","modified_gmt":"2019-06-12T13:18:41","slug":"geleceyin-esgerleri-qurbaga-ilanin-suyun-icinde-yatir","status":"publish","type":"post","link":"https:\/\/www.meydan.tv\/az\/article\/geleceyin-esgerleri-qurbaga-ilanin-suyun-icinde-yatir\/","title":{"rendered":"&#8221;G\u0259l\u0259c\u0259yin \u0259sg\u0259rl\u0259ri qurba\u011fa-ilan\u0131n, suyun i\u00e7ind\u0259 yat\u0131r&#8221;"},"content":{"rendered":"<p>\n  <i><br \/>\n    A\u011fsu sakini evsizlikd\u0259n v\u0259 i\u015fsizlikd\u0259n \u015fikay\u0259t\u00e7idir<br \/>\n  <\/i>\n<\/p>\n<p>\n  \u201cU\u015faqlar\u0131m yerd\u0259, n\u0259m torpa\u011f\u0131n \u00fcst\u00fcnd\u0259 yat\u0131r. Gec\u0259 televizorun i\u015f\u0131\u011f\u0131 d\u00fc\u015f\u0259nd\u0259, g\u00f6rd\u00fcm ki, o\u011flumun \u00fcst\u00fcnd\u0259 ilan g\u0259zir, \u00f6ld\u00fcrd\u00fcm, yoxsa u\u015fa\u011f\u0131 \u00e7alacaqd\u0131. Evl\u0259n\u0259nd\u0259n sonra m\u0259n\u0259 h\u0259y\u0259tin a\u015fa\u011f\u0131 t\u0259r\u0259find\u0259n ata pay\u0131 verilib. Balaca daxma, \u0259vv\u0259ll\u0259r t\u00f6vl\u0259 idi, burada ancaq gec\u0259l\u0259m\u0259k olur. Yayda buradan ilan, soxulcan, ilbiz \u00e7\u0131x\u0131r. Amma aidiyyat\u0131 qurumlar deyir ki, s\u0259n\u0259 ev tik\u0259 bilm\u0259rik. Ya g\u0259r\u0259k \u015f\u0259hid olasan, ya da Qaraba\u011f \u0259lili\u201d.\n<\/p>\n<p>\n  Meydan TV-y\u0259 bu s\u00f6zl\u0259ri A\u011fsu rayon, Koro\u011flu k\u00fc\u00e7\u0259si 16 \u00fcnvan\u0131nda ya\u015fayan 1986-c\u0131 il t\u0259v\u0259ll\u00fcdl\u00fc Zahid F\u0259r\u0259cov deyir. Onun s\u00f6zl\u0259rin\u0259 g\u00f6r\u0259, ev problemi il\u0259 ba\u011fl\u0131 A\u011fsu Rayon \u0130cra Hakimiyy\u0259tin\u0259 etdiyi says\u0131z m\u00fcraci\u0259tl\u0259ri n\u0259tic\u0259siz olub:\n<\/p>\n<p>\n  \u201cG\u00f6rd\u00fcm, bunlardan adama k\u00f6m\u0259k yoxdur, d\u00fcz be\u015f d\u0259f\u0259 ard-arda Prezident Adminstrasiyas\u0131na m\u0259ktub yazd\u0131m. Bundan sonra m\u0259ni icraya \u00e7a\u011f\u0131rd\u0131lar, getdim. Orada dedim ki, xahi\u015f edir\u0259m, Prezident Adminstrasiyas\u0131ndan g\u0259l\u0259n cavab m\u0259ktubunu verin g\u00f6r\u00fcm n\u0259 yaz\u0131l\u0131b. \u0130cra Hakimiyy\u0259tinin i\u015f\u00e7isi m\u0259n\u0259 h\u0259d\u0259-qorxu g\u0259ldi, dedi ki, s\u0259ni tutduraram. Sonra da polis\u0259 g\u00f6st\u0259ri\u015f verdi ki, bunu at\u0131n \u00e7\u00f6l\u0259. Sonradan da m\u0259n\u0259 m\u0259ktub yollad\u0131lar ki, A\u011fsu Rayon \u0130cra Hakimiyy\u0259ti t\u0259r\u0259find\u0259n yaln\u0131z \u015f\u0259hidl\u0259r\u0259 v\u0259 \u0259lill\u0259r\u0259 ev tikilir. M\u0259n \u0259sg\u0259rlikd\u0259 olanda, para\u015f\u00fct\u00e7\u00fc x\u00fcsusi h\u0259rbi ixtisas\u0131na yiy\u0259l\u0259nmi\u015f\u0259m. Bu \u00f6lk\u0259y\u0259, v\u0259t\u0259n\u0259 yararl\u0131yam. \u0130ki \u0259sg\u0259r b\u00f6y\u00fcd\u00fcr\u0259m, amma hans\u0131 \u015f\u0259raitd\u0259? N\u0259m torpa\u011fa s\u0259rilmi\u015f palaz\u0131n \u00fcst\u00fcnd\u0259 yat\u0131rlar. \u0130ndi maraqlanm\u0131rlar, amma \u0259sg\u0259r ya\u015f\u0131 \u00e7atanda g\u0259lib aparacaqlar.\n<\/p>\n<figure class=\"wp-block-image size-large\">\n  <img decoding=\"async\" src=\"https:\/\/www.meydan.tv\/az\/image_from_ios-7-jpg-5\/\" alt=\"image_from_ios (7).jpg\" class=\"wp-image-125400\"\/><figcaption>\n    ev<br \/>\n  <\/figcaption><\/figure>\n<p>\n  Haz\u0131rda A\u011fsuda z\u0259lz\u0259l\u0259nin q\u0259za v\u0259ziyy\u0259tin\u0259 g\u0259tirdiyi evl\u0259rin t\u0259miri il\u0259 yana\u015f\u0131, tikintiy\u0259 ehtiyac\u0131 olmayan evl\u0259ri d\u0259 s\u00f6k\u00fcb, yerind\u0259 yenisini tikirl\u0259r. Prezident sa\u011f olsun, ac\u0131nacaql\u0131 \u015f\u0259raitd\u0259 ya\u015fayanlara ev tikilm\u0259si haqq\u0131nda g\u00f6st\u0259ri\u015f verib. Buradak\u0131lar is\u0259 yalandan \u201cq\u0259zal\u0131d\u0131r\u201d deyib, topda\u011f\u0131tmaz evl\u0259ri s\u00f6k\u00fcrl\u0259r, yerind\u0259 yenisini tikirl\u0259r. Se\u00e7imi hans\u0131 prinsipl\u0259 apard\u0131rlar\u0131n\u0131 anlam\u0131ram\u201d.\n<\/p>\n<p>\n  \u015eikay\u0259t\u00e7i deyir ki, F\u00f6vq\u0259lad\u0259 Hallar Komissiyas\u0131 n\u00fcmay\u0259nd\u0259l\u0259rinin onun ya\u015fad\u0131\u011f\u0131 yer\u0259 ke\u00e7irdikl\u0259ri bax\u0131\u015f da n\u0259tic\u0259 verm\u0259yib:\n<\/p>\n<p>\n  \u201cDedil\u0259r ki, buran\u0131 t\u0259mir ed\u0259 bil\u0259rik. Daxman\u0131n n\u0259yini t\u0259mir ed\u0259c\u0259kl\u0259r? Ya\u011f\u0131\u015f ya\u011fanda, vedr\u0259ni qoyma\u011fa bel\u0259 yer yoxdur. Bunlar t\u00f6vl\u0259ni t\u0259mir etm\u0259k ist\u0259yirl\u0259r. Evin arxas\u0131 v\u0259 yan\u0131, betondan hasard\u0131r. \u00d6n\u00fcn\u00fc d\u0259 ke\u00e7mi\u015fin bi\u015fmi\u015f k\u0259rpici il\u0259 h\u00f6rm\u00fc\u015f\u0259m. Qar\u015f\u0131s\u0131n\u0131 da dikl\u0259 art\u0131r\u0131b, m\u0259tb\u0259x etmi\u015f\u0259m. K\u0259rpicl\u0259ri d\u0259 yalandan qoymu\u015fam \u00fcz\u0259rin\u0259, h\u00f6rg\u00fcs\u00fcz-filans\u0131z. Bunun n\u0259yini t\u0259mir ed\u0259c\u0259kl\u0259r? Qaz da yoxdur. Yem\u0259k bi\u015fir\u0259nd\u0259 d\u00fc\u015f\u0259nd\u0259 odun, olmayanda da rezin, t\u0259k\u0259r yand\u0131r\u0131r\u0131q. Hans\u0131 z\u0259man\u0259d\u0259 ya\u015fay\u0131r\u0131q ki, ocaq qalayaq? \u00d6z ya\u015fay\u0131\u015f\u0131ma a\u011flama\u011f\u0131m g\u0259lir. \u0130\u015f\u0131\u011f\u0131 da qon\u015fudan \u00e7\u0259kmi\u015f\u0259m. Ayda be\u015f o, iki manat da m\u0259n pul qoyuram, \u00f6d\u0259yirik. Adam haqq\u0131n\u0131n tapdalanma\u011f\u0131na yan\u0131r. M\u0259nim evimin qaba\u011f\u0131nda malikan\u0259 tik. G\u0259l\u0259c\u0259yin iki \u0259sg\u0259ri is\u0259 qurba\u011fa-ilan\u0131n, suyun i\u00e7ind\u0259 yats\u0131n\u201d.\n<\/p>\n<figure class=\"wp-block-image size-large\">\n  <img decoding=\"async\" src=\"https:\/\/www.meydan.tv\/az\/image_from_ios-6-jpg-14\/\" alt=\"image_from_ios (6).jpg\" class=\"wp-image-125403\"\/><figcaption>\n    Zahid F\u0259r\u0259cov<br \/>\n  <\/figcaption><\/figure>\n<p>\n  Zahid F\u0259r\u0259cov t\u0259k ev problemi ya\u015fam\u0131r. Dediyin\u0259 g\u00f6r\u0259, i\u015f tapa bilmir ki, ail\u0259sinin g\u00fcz\u0259ran\u0131n\u0131 yax\u015f\u0131la\u015fd\u0131rs\u0131n. \u0130\u015fl\u0259 ba\u011fl\u0131 d\u0259f\u0259l\u0259rl\u0259 A\u011fsu Rayon M\u0259\u015f\u011fulluq \u0130dar\u0259sin\u0259 ba\u015f vurub. Lakin h\u0259r d\u0259f\u0259 d\u0259 \u00fcmidsiz v\u0259ziyy\u0259td\u0259 geri d\u00f6n\u00fcb:\n<\/p>\n<p>\n  \u201cAil\u0259m d\u00f6rd n\u0259f\u0259rd\u0259n ibar\u0259tdir. O\u011fullar\u0131m\u0131n biri 9, dig\u0259ri 10 ya\u015f\u0131ndad\u0131r, m\u0259kt\u0259blidirl\u0259r. \u00d6z\u00fcm d\u0259 he\u00e7 bir yerd\u0259 i\u015fl\u0259mir\u0259m. F\u0259hl\u0259likl\u0259 ail\u0259 doland\u0131rmaq olmur. Bu i\u015f d\u0259 el\u0259dir ki, bir g\u00fcn var, o biri g\u00fcn yoxdur. Bu ilin fevral ay\u0131ndan A\u011fsu Rayon M\u0259\u015f\u011fulluq M\u0259rk\u0259zind\u0259 qeydiyyata dayanm\u0131\u015fam. Orada stol arxas\u0131nda oturan allahs\u0131zlar m\u0259ni aldad\u0131rlar. Get-g\u0259l\u0259 sal\u0131rlar, \u201cget, filan tarixd\u0259 g\u0259l, indi i\u015f yoxdur\u201d, \u2013 deyirl\u0259r. Halbuki, fevral ay\u0131ndan bu yana m\u0259niml\u0259 eyni vaxtda qeydiyyata dayananlar\u0131n ham\u0131s\u0131 i\u015fl\u0259yir. N\u0259 d\u0259rddir, n\u0259 problemdir, bilmir\u0259m. \u00dcmidim birc\u0259 Allaha qal\u0131b, bir d\u0259 iki \u00f6vlad\u0131ma. D\u00fc\u015f\u00fcn\u00fcr\u0259m ki, m\u0259nim taleyim g\u0259tirm\u0259di. He\u00e7 olmasa u\u015faqlar\u0131m bir g\u00fcn g\u00f6r\u0259r. D\u00f6z\u00fcb, dayan\u0131r\u0131q\u201d.\n<\/p>\n<p>\n  \u201cV\u0259t\u0259nda\u015f biz\u0259 \u00fc\u00e7 ay \u00f6nc\u0259 m\u00fcraci\u0259t edib. M\u0259rk\u0259zd\u0259 m\u00f6vcud olan vakansiyalar haqq\u0131nda ona m\u0259lumat v\u0259 istiqam\u0259t verilib. O is\u0259 imtina edib, t\u0259klif olunan f\u0259hl\u0259 i\u015fl\u0259rini ist\u0259m\u0259yib, b\u0259y\u0259n\u0259yib\u201d, &#8211; dey\u0259 A\u011fsu Rayon M\u0259\u015f\u011fulluq M\u0259rk\u0259zind\u0259n Meydan TV-y\u0259 bildirilib.\n<\/p>\n<p>\n  A\u011fsu Rayon \u0130cra Hakimiyy\u0259ti, s\u0259n\u0259dl\u0259rl\u0259 v\u0259 v\u0259t\u0259nda\u015flar\u0131n m\u00fcraci\u0259tl\u0259ri il\u0259 i\u015f \u015f\u00f6b\u0259sinin m\u00fcdiri Cahangir M\u0259h\u0259rr\u0259mov is\u0259 Meydan TV \u0259m\u0259kda\u015f\u0131 il\u0259 s\u00f6hb\u0259tind\u0259 s\u00f6yl\u0259yib ki, \u0130H-nin b\u00fcdc\u0259sind\u0259 hans\u0131sa v\u0259tanda\u015fa ev tikilm\u0259si il\u0259 ba\u011fl\u0131 v\u0259sait n\u0259z\u0259rd\u0259 tutulmay\u0131b:\n<\/p>\n<p>\n  \u201cEvl\u0259rin siyah\u0131ya al\u0131nmas\u0131 v\u0259 m\u00fcvafiq t\u0259dbirl\u0259rin g\u00f6r\u00fclm\u0259si il\u0259 F\u00f6vq\u0259lad\u0259 Hallar Nazirliyinin rayondak\u0131 \u015f\u00f6b\u0259si m\u0259\u015f\u011ful olur. Biz v\u0259t\u0259nda\u015fa t\u00f6vsiy\u0259 edirik ki, m\u0259s\u0259l\u0259 il\u0259 ba\u011fl\u0131 t\u0259krar olaraq aidiyyat\u0131 quruma m\u00fcraci\u0259t etsin\u201d.\n<\/p>\n<figure class=\"wp-block-image size-large\">\n  <img decoding=\"async\" src=\"https:\/\/www.meydan.tv\/az\/image_from_ios-8-jpg-6\/\" alt=\"image_from_ios (8).jpg\" class=\"wp-image-125406\"\/><figcaption>\n    Zahid F\u0259r\u0259cov \u00f6vladlar\u0131yla<br \/>\n  <\/figcaption><\/figure>\n","protected":false},"excerpt":{"rendered":"<p>Gec\u0259 televizorun i\u015f\u0131\u011f\u0131 d\u00fc\u015f\u0259nd\u0259, g\u00f6rd\u00fcm ki, o\u011flumun \u00fcst\u00fcnd\u0259 ilan g\u0259zir, \u00f6ld\u00fcrd\u00fcm, yoxsa u\u015fa\u011f\u0131 \u00e7alacaqd\u0131<\/p>\n","protected":false},"author":11,"featured_media":125397,"comment_status":"closed","ping_status":"open","sticky":false,"template":"","format":"standard","meta":{"_acf_changed":false,"_sitemap_exclude":false,"_sitemap_priority":"","_sitemap_frequency":"","footnotes":""},"categories":[60],"tags":[],"class_list":["post-195811","post","type-post","status-publish","format-standard","has-post-thumbnail","hentry","category-bolge","infinite-scroll-item","generate-columns","tablet-grid-50","mobile-grid-100","grid-parent","grid-33","no-featured-image-padding"],"acf":[],"yoast_head":"<!-- This site is optimized with the Yoast SEO plugin v27.4 - https:\/\/yoast.com\/product\/yoast-seo-wordpress\/ -->\n<title>&#039;&#039;G\u0259l\u0259c\u0259yin \u0259sg\u0259rl\u0259ri qurba\u011fa-ilan\u0131n, suyun i\u00e7ind\u0259 yat\u0131r&#039;&#039; - MEYDAN.TV<\/title>\n<meta name=\"robots\" content=\"index, follow, max-snippet:-1, max-image-preview:large, max-video-preview:-1\" \/>\n<link rel=\"canonical\" href=\"https:\/\/www.meydan.tv\/az\/article\/geleceyin-esgerleri-qurbaga-ilanin-suyun-icinde-yatir\/\" \/>\n<meta property=\"og:locale\" content=\"az_AZ\" \/>\n<meta property=\"og:type\" content=\"article\" \/>\n<meta property=\"og:title\" content=\"&#039;&#039;G\u0259l\u0259c\u0259yin \u0259sg\u0259rl\u0259ri qurba\u011fa-ilan\u0131n, suyun i\u00e7ind\u0259 yat\u0131r&#039;&#039; - MEYDAN.TV\" \/>\n<meta property=\"og:description\" content=\"Gec\u0259 televizorun i\u015f\u0131\u011f\u0131 d\u00fc\u015f\u0259nd\u0259, g\u00f6rd\u00fcm ki, o\u011flumun \u00fcst\u00fcnd\u0259 ilan g\u0259zir, \u00f6ld\u00fcrd\u00fcm, yoxsa u\u015fa\u011f\u0131 \u00e7alacaqd\u0131\" \/>\n<meta property=\"og:url\" content=\"https:\/\/www.meydan.tv\/az\/article\/geleceyin-esgerleri-qurbaga-ilanin-suyun-icinde-yatir\/\" \/>\n<meta property=\"og:site_name\" content=\"MEYDAN.TV\" \/>\n<meta property=\"article:published_time\" content=\"2019-06-12T13:18:41+00:00\" \/>\n<meta property=\"og:image\" content=\"https:\/\/www.meydan.tv\/wp-content\/uploads\/image_from_ios_5_e6kcyir.jpg\" \/>\n\t<meta property=\"og:image:width\" content=\"640\" \/>\n\t<meta property=\"og:image:height\" content=\"480\" \/>\n\t<meta property=\"og:image:type\" content=\"image\/jpeg\" \/>\n<meta name=\"author\" content=\"user-manager\" \/>\n<meta name=\"twitter:card\" content=\"summary_large_image\" \/>\n<script type=\"application\/ld+json\" class=\"yoast-schema-graph\">{\"@context\":\"https:\\\/\\\/schema.org\",\"@graph\":[{\"@type\":\"Article\",\"@id\":\"https:\\\/\\\/www.meydan.tv\\\/az\\\/article\\\/geleceyin-esgerleri-qurbaga-ilanin-suyun-icinde-yatir\\\/#article\",\"isPartOf\":{\"@id\":\"https:\\\/\\\/www.meydan.tv\\\/az\\\/article\\\/geleceyin-esgerleri-qurbaga-ilanin-suyun-icinde-yatir\\\/\"},\"author\":{\"name\":\"user-manager\",\"@id\":\"https:\\\/\\\/www.meydan.tv\\\/az\\\/#\\\/schema\\\/person\\\/10d11eccf6da3662cf5fdab9806ea91a\"},\"headline\":\"&#8221;G\u0259l\u0259c\u0259yin \u0259sg\u0259rl\u0259ri qurba\u011fa-ilan\u0131n, suyun i\u00e7ind\u0259 yat\u0131r&#8221;\",\"datePublished\":\"2019-06-12T13:18:41+00:00\",\"mainEntityOfPage\":{\"@id\":\"https:\\\/\\\/www.meydan.tv\\\/az\\\/article\\\/geleceyin-esgerleri-qurbaga-ilanin-suyun-icinde-yatir\\\/\"},\"wordCount\":1052,\"publisher\":{\"@id\":\"https:\\\/\\\/www.meydan.tv\\\/az\\\/#organization\"},\"image\":{\"@id\":\"https:\\\/\\\/www.meydan.tv\\\/az\\\/article\\\/geleceyin-esgerleri-qurbaga-ilanin-suyun-icinde-yatir\\\/#primaryimage\"},\"thumbnailUrl\":\"https:\\\/\\\/www.meydan.tv\\\/wp-content\\\/uploads\\\/image_from_ios_5_e6kcyir.jpg\",\"articleSection\":[\"B\u00f6lg\u0259\"],\"inLanguage\":\"az\"},{\"@type\":\"WebPage\",\"@id\":\"https:\\\/\\\/www.meydan.tv\\\/az\\\/article\\\/geleceyin-esgerleri-qurbaga-ilanin-suyun-icinde-yatir\\\/\",\"url\":\"https:\\\/\\\/www.meydan.tv\\\/az\\\/article\\\/geleceyin-esgerleri-qurbaga-ilanin-suyun-icinde-yatir\\\/\",\"name\":\"''G\u0259l\u0259c\u0259yin \u0259sg\u0259rl\u0259ri qurba\u011fa-ilan\u0131n, suyun i\u00e7ind\u0259 yat\u0131r'' - MEYDAN.TV\",\"isPartOf\":{\"@id\":\"https:\\\/\\\/www.meydan.tv\\\/az\\\/#website\"},\"primaryImageOfPage\":{\"@id\":\"https:\\\/\\\/www.meydan.tv\\\/az\\\/article\\\/geleceyin-esgerleri-qurbaga-ilanin-suyun-icinde-yatir\\\/#primaryimage\"},\"image\":{\"@id\":\"https:\\\/\\\/www.meydan.tv\\\/az\\\/article\\\/geleceyin-esgerleri-qurbaga-ilanin-suyun-icinde-yatir\\\/#primaryimage\"},\"thumbnailUrl\":\"https:\\\/\\\/www.meydan.tv\\\/wp-content\\\/uploads\\\/image_from_ios_5_e6kcyir.jpg\",\"datePublished\":\"2019-06-12T13:18:41+00:00\",\"breadcrumb\":{\"@id\":\"https:\\\/\\\/www.meydan.tv\\\/az\\\/article\\\/geleceyin-esgerleri-qurbaga-ilanin-suyun-icinde-yatir\\\/#breadcrumb\"},\"inLanguage\":\"az\",\"potentialAction\":[{\"@type\":\"ReadAction\",\"target\":[\"https:\\\/\\\/www.meydan.tv\\\/az\\\/article\\\/geleceyin-esgerleri-qurbaga-ilanin-suyun-icinde-yatir\\\/\"]}]},{\"@type\":\"ImageObject\",\"inLanguage\":\"az\",\"@id\":\"https:\\\/\\\/www.meydan.tv\\\/az\\\/article\\\/geleceyin-esgerleri-qurbaga-ilanin-suyun-icinde-yatir\\\/#primaryimage\",\"url\":\"https:\\\/\\\/www.meydan.tv\\\/wp-content\\\/uploads\\\/image_from_ios_5_e6kcyir.jpg\",\"contentUrl\":\"https:\\\/\\\/www.meydan.tv\\\/wp-content\\\/uploads\\\/image_from_ios_5_e6kcyir.jpg\",\"width\":640,\"height\":480,\"caption\":\"Source: meydan tv\"},{\"@type\":\"BreadcrumbList\",\"@id\":\"https:\\\/\\\/www.meydan.tv\\\/az\\\/article\\\/geleceyin-esgerleri-qurbaga-ilanin-suyun-icinde-yatir\\\/#breadcrumb\",\"itemListElement\":[{\"@type\":\"ListItem\",\"position\":1,\"name\":\"Ana s\u0259hif\u0259\",\"item\":\"https:\\\/\\\/www.meydan.tv\\\/az\\\/\"},{\"@type\":\"ListItem\",\"position\":2,\"name\":\"B\u00f6lg\u0259\",\"item\":\"https:\\\/\\\/www.meydan.tv\\\/az\\\/section\\\/bolge\\\/\"},{\"@type\":\"ListItem\",\"position\":3,\"name\":\"&#8221;G\u0259l\u0259c\u0259yin \u0259sg\u0259rl\u0259ri qurba\u011fa-ilan\u0131n, suyun i\u00e7ind\u0259 yat\u0131r&#8221;\"}]},{\"@type\":\"WebSite\",\"@id\":\"https:\\\/\\\/www.meydan.tv\\\/az\\\/#website\",\"url\":\"https:\\\/\\\/www.meydan.tv\\\/az\\\/\",\"name\":\"MEYDAN.TV\",\"description\":\"Meydan TV Az\u0259rbaycan\u0131n media m\u0259kan\u0131ndak\u0131 alternativ s\u0259sidir\",\"publisher\":{\"@id\":\"https:\\\/\\\/www.meydan.tv\\\/az\\\/#organization\"},\"potentialAction\":[{\"@type\":\"SearchAction\",\"target\":{\"@type\":\"EntryPoint\",\"urlTemplate\":\"https:\\\/\\\/www.meydan.tv\\\/az\\\/?s={search_term_string}\"},\"query-input\":{\"@type\":\"PropertyValueSpecification\",\"valueRequired\":true,\"valueName\":\"search_term_string\"}}],\"inLanguage\":\"az\"},{\"@type\":\"Organization\",\"@id\":\"https:\\\/\\\/www.meydan.tv\\\/az\\\/#organization\",\"name\":\"Meydan TV\",\"url\":\"https:\\\/\\\/www.meydan.tv\\\/az\\\/\",\"logo\":{\"@type\":\"ImageObject\",\"inLanguage\":\"az\",\"@id\":\"https:\\\/\\\/www.meydan.tv\\\/az\\\/#\\\/schema\\\/logo\\\/image\\\/\",\"url\":\"https:\\\/\\\/www.meydan.tv\\\/wp-content\\\/uploads\\\/2021\\\/07\\\/meydan-logo.svg\",\"contentUrl\":\"https:\\\/\\\/www.meydan.tv\\\/wp-content\\\/uploads\\\/2021\\\/07\\\/meydan-logo.svg\",\"width\":195,\"height\":46,\"caption\":\"Meydan TV\"},\"image\":{\"@id\":\"https:\\\/\\\/www.meydan.tv\\\/az\\\/#\\\/schema\\\/logo\\\/image\\\/\"}},{\"@type\":\"Person\",\"@id\":\"https:\\\/\\\/www.meydan.tv\\\/az\\\/#\\\/schema\\\/person\\\/10d11eccf6da3662cf5fdab9806ea91a\",\"name\":\"user-manager\"}]}<\/script>\n<!-- \/ Yoast SEO plugin. -->","yoast_head_json":{"title":"''G\u0259l\u0259c\u0259yin \u0259sg\u0259rl\u0259ri qurba\u011fa-ilan\u0131n, suyun i\u00e7ind\u0259 yat\u0131r'' - MEYDAN.TV","robots":{"index":"index","follow":"follow","max-snippet":"max-snippet:-1","max-image-preview":"max-image-preview:large","max-video-preview":"max-video-preview:-1"},"canonical":"https:\/\/www.meydan.tv\/az\/article\/geleceyin-esgerleri-qurbaga-ilanin-suyun-icinde-yatir\/","og_locale":"az_AZ","og_type":"article","og_title":"''G\u0259l\u0259c\u0259yin \u0259sg\u0259rl\u0259ri qurba\u011fa-ilan\u0131n, suyun i\u00e7ind\u0259 yat\u0131r'' - MEYDAN.TV","og_description":"Gec\u0259 televizorun i\u015f\u0131\u011f\u0131 d\u00fc\u015f\u0259nd\u0259, g\u00f6rd\u00fcm ki, o\u011flumun \u00fcst\u00fcnd\u0259 ilan g\u0259zir, \u00f6ld\u00fcrd\u00fcm, yoxsa u\u015fa\u011f\u0131 \u00e7alacaqd\u0131","og_url":"https:\/\/www.meydan.tv\/az\/article\/geleceyin-esgerleri-qurbaga-ilanin-suyun-icinde-yatir\/","og_site_name":"MEYDAN.TV","article_published_time":"2019-06-12T13:18:41+00:00","og_image":[{"width":640,"height":480,"url":"https:\/\/www.meydan.tv\/wp-content\/uploads\/image_from_ios_5_e6kcyir.jpg","type":"image\/jpeg"}],"author":"user-manager","twitter_card":"summary_large_image","schema":{"@context":"https:\/\/schema.org","@graph":[{"@type":"Article","@id":"https:\/\/www.meydan.tv\/az\/article\/geleceyin-esgerleri-qurbaga-ilanin-suyun-icinde-yatir\/#article","isPartOf":{"@id":"https:\/\/www.meydan.tv\/az\/article\/geleceyin-esgerleri-qurbaga-ilanin-suyun-icinde-yatir\/"},"author":{"name":"user-manager","@id":"https:\/\/www.meydan.tv\/az\/#\/schema\/person\/10d11eccf6da3662cf5fdab9806ea91a"},"headline":"&#8221;G\u0259l\u0259c\u0259yin \u0259sg\u0259rl\u0259ri qurba\u011fa-ilan\u0131n, suyun i\u00e7ind\u0259 yat\u0131r&#8221;","datePublished":"2019-06-12T13:18:41+00:00","mainEntityOfPage":{"@id":"https:\/\/www.meydan.tv\/az\/article\/geleceyin-esgerleri-qurbaga-ilanin-suyun-icinde-yatir\/"},"wordCount":1052,"publisher":{"@id":"https:\/\/www.meydan.tv\/az\/#organization"},"image":{"@id":"https:\/\/www.meydan.tv\/az\/article\/geleceyin-esgerleri-qurbaga-ilanin-suyun-icinde-yatir\/#primaryimage"},"thumbnailUrl":"https:\/\/www.meydan.tv\/wp-content\/uploads\/image_from_ios_5_e6kcyir.jpg","articleSection":["B\u00f6lg\u0259"],"inLanguage":"az"},{"@type":"WebPage","@id":"https:\/\/www.meydan.tv\/az\/article\/geleceyin-esgerleri-qurbaga-ilanin-suyun-icinde-yatir\/","url":"https:\/\/www.meydan.tv\/az\/article\/geleceyin-esgerleri-qurbaga-ilanin-suyun-icinde-yatir\/","name":"''G\u0259l\u0259c\u0259yin \u0259sg\u0259rl\u0259ri qurba\u011fa-ilan\u0131n, suyun i\u00e7ind\u0259 yat\u0131r'' - MEYDAN.TV","isPartOf":{"@id":"https:\/\/www.meydan.tv\/az\/#website"},"primaryImageOfPage":{"@id":"https:\/\/www.meydan.tv\/az\/article\/geleceyin-esgerleri-qurbaga-ilanin-suyun-icinde-yatir\/#primaryimage"},"image":{"@id":"https:\/\/www.meydan.tv\/az\/article\/geleceyin-esgerleri-qurbaga-ilanin-suyun-icinde-yatir\/#primaryimage"},"thumbnailUrl":"https:\/\/www.meydan.tv\/wp-content\/uploads\/image_from_ios_5_e6kcyir.jpg","datePublished":"2019-06-12T13:18:41+00:00","breadcrumb":{"@id":"https:\/\/www.meydan.tv\/az\/article\/geleceyin-esgerleri-qurbaga-ilanin-suyun-icinde-yatir\/#breadcrumb"},"inLanguage":"az","potentialAction":[{"@type":"ReadAction","target":["https:\/\/www.meydan.tv\/az\/article\/geleceyin-esgerleri-qurbaga-ilanin-suyun-icinde-yatir\/"]}]},{"@type":"ImageObject","inLanguage":"az","@id":"https:\/\/www.meydan.tv\/az\/article\/geleceyin-esgerleri-qurbaga-ilanin-suyun-icinde-yatir\/#primaryimage","url":"https:\/\/www.meydan.tv\/wp-content\/uploads\/image_from_ios_5_e6kcyir.jpg","contentUrl":"https:\/\/www.meydan.tv\/wp-content\/uploads\/image_from_ios_5_e6kcyir.jpg","width":640,"height":480,"caption":"Source: meydan tv"},{"@type":"BreadcrumbList","@id":"https:\/\/www.meydan.tv\/az\/article\/geleceyin-esgerleri-qurbaga-ilanin-suyun-icinde-yatir\/#breadcrumb","itemListElement":[{"@type":"ListItem","position":1,"name":"Ana s\u0259hif\u0259","item":"https:\/\/www.meydan.tv\/az\/"},{"@type":"ListItem","position":2,"name":"B\u00f6lg\u0259","item":"https:\/\/www.meydan.tv\/az\/section\/bolge\/"},{"@type":"ListItem","position":3,"name":"&#8221;G\u0259l\u0259c\u0259yin \u0259sg\u0259rl\u0259ri qurba\u011fa-ilan\u0131n, suyun i\u00e7ind\u0259 yat\u0131r&#8221;"}]},{"@type":"WebSite","@id":"https:\/\/www.meydan.tv\/az\/#website","url":"https:\/\/www.meydan.tv\/az\/","name":"MEYDAN.TV","description":"Meydan TV Az\u0259rbaycan\u0131n media m\u0259kan\u0131ndak\u0131 alternativ s\u0259sidir","publisher":{"@id":"https:\/\/www.meydan.tv\/az\/#organization"},"potentialAction":[{"@type":"SearchAction","target":{"@type":"EntryPoint","urlTemplate":"https:\/\/www.meydan.tv\/az\/?s={search_term_string}"},"query-input":{"@type":"PropertyValueSpecification","valueRequired":true,"valueName":"search_term_string"}}],"inLanguage":"az"},{"@type":"Organization","@id":"https:\/\/www.meydan.tv\/az\/#organization","name":"Meydan TV","url":"https:\/\/www.meydan.tv\/az\/","logo":{"@type":"ImageObject","inLanguage":"az","@id":"https:\/\/www.meydan.tv\/az\/#\/schema\/logo\/image\/","url":"https:\/\/www.meydan.tv\/wp-content\/uploads\/2021\/07\/meydan-logo.svg","contentUrl":"https:\/\/www.meydan.tv\/wp-content\/uploads\/2021\/07\/meydan-logo.svg","width":195,"height":46,"caption":"Meydan TV"},"image":{"@id":"https:\/\/www.meydan.tv\/az\/#\/schema\/logo\/image\/"}},{"@type":"Person","@id":"https:\/\/www.meydan.tv\/az\/#\/schema\/person\/10d11eccf6da3662cf5fdab9806ea91a","name":"user-manager"}]}},"_links":{"self":[{"href":"https:\/\/www.meydan.tv\/az\/wp-json\/wp\/v2\/posts\/195811","targetHints":{"allow":["GET"]}}],"collection":[{"href":"https:\/\/www.meydan.tv\/az\/wp-json\/wp\/v2\/posts"}],"about":[{"href":"https:\/\/www.meydan.tv\/az\/wp-json\/wp\/v2\/types\/post"}],"author":[{"embeddable":true,"href":"https:\/\/www.meydan.tv\/az\/wp-json\/wp\/v2\/users\/11"}],"replies":[{"embeddable":true,"href":"https:\/\/www.meydan.tv\/az\/wp-json\/wp\/v2\/comments?post=195811"}],"version-history":[{"count":0,"href":"https:\/\/www.meydan.tv\/az\/wp-json\/wp\/v2\/posts\/195811\/revisions"}],"wp:featuredmedia":[{"embeddable":true,"href":"https:\/\/www.meydan.tv\/az\/wp-json\/wp\/v2\/media\/125397"}],"wp:attachment":[{"href":"https:\/\/www.meydan.tv\/az\/wp-json\/wp\/v2\/media?parent=195811"}],"wp:term":[{"taxonomy":"category","embeddable":true,"href":"https:\/\/www.meydan.tv\/az\/wp-json\/wp\/v2\/categories?post=195811"},{"taxonomy":"post_tag","embeddable":true,"href":"https:\/\/www.meydan.tv\/az\/wp-json\/wp\/v2\/tags?post=195811"}],"curies":[{"name":"wp","href":"https:\/\/api.w.org\/{rel}","templated":true}]}}