{"id":195809,"date":"2019-06-12T11:59:23","date_gmt":"2019-06-12T11:59:23","guid":{"rendered":"https:\/\/www.meydan.tv\/article\/qarameryem-sakinleri-orus-yerlerimizi-das-karxanalarina-ceviribler\/"},"modified":"2019-06-12T11:59:23","modified_gmt":"2019-06-12T11:59:23","slug":"qarameryem-sakinleri-orus-yerlerimizi-das-karxanalarina-ceviribler","status":"publish","type":"post","link":"https:\/\/www.meydan.tv\/az\/article\/qarameryem-sakinleri-orus-yerlerimizi-das-karxanalarina-ceviribler\/","title":{"rendered":"Qaram\u0259ry\u0259m sakinl\u0259ri: \u00d6r\u00fc\u015f yerl\u0259rimizi da\u015f karxanalar\u0131na \u00e7eviribl\u0259r"},"content":{"rendered":"<p>\n  <i><br \/>\n    K\u0259nd sakinl\u0259rinin dem\u0259sin\u0259 g\u00f6r\u0259, gec\u0259-g\u00fcnd\u00fcz qayalar\u0131, da\u011flar\u0131 \u00e7ap\u0131b, da\u015f\u0131, torpa\u011f\u0131 &#x27;&#x27;Kamaz&#x27;&#x27;lara y\u00fckl\u0259yib da\u015f\u0131y\u0131rlar<br \/>\n  <\/i>\n<\/p>\n<p>\n  \u201cQoyun-quzunun, mal-qaran\u0131n yeml\u0259nm\u0259si \u00fc\u00e7\u00fcn otlaq sah\u0259l\u0259rimiz qalmay\u0131b. K\u0259ndin k\u0259nar\u0131ndak\u0131 5 hektardan \u00e7ox \u00f6r\u00fc\u015f yeri z\u0259bt olunub. B\u0259l\u0259diyy\u0259 s\u0259dri saxta s\u0259n\u0259dl\u0259 h\u0259min sah\u0259l\u0259ri i\u015f adamlar\u0131na icar\u0259y\u0259 verib, ayl\u0131q haqq al\u0131r. H\u0259min adamlar da \u0259razini \u00e7ap\u0131b, talay\u0131b, da\u015f\u0131n\u0131, torpa\u011f\u0131n\u0131 da\u015f\u0131y\u0131rlar. O \u0259razi Da\u015f\u0131nmaz \u018fmlak\u0131n D\u00f6vl\u0259t Reyestr Xidm\u0259tind\u0259 h\u0259min \u0259razi \u00f6r\u00fc\u015f sah\u0259si kimi qeydiyyatdad\u0131r\u201d.\n<\/p>\n<p>\n  G\u00f6y\u00e7ay\u0131n Qaram\u0259ry\u0259m k\u0259nd sakinl\u0259ri Meydan TV-y\u0259 k\u0259ndin \u0259razisind\u0259ki \u00f6r\u00fc\u015f sah\u0259l\u0259rinin \u0259ll\u0259rind\u0259n al\u0131naraq da\u015f karxanalar\u0131 i\u015fl\u0259d\u0259n sahibkarlara verilm\u0259sind\u0259n gileyl\u0259nirl\u0259r. Onlar\u0131n dem\u0259sin\u0259 g\u00f6r\u0259, haz\u0131rda da\u015f karxanalar\u0131 kimi isitifad\u0259 olunan \u0259razil\u0259rd\u0259 uzun ill\u0259r y\u00fczl\u0259rl\u0259 mal-qara, qoyun-quzu otar\u0131l\u0131b. \u0130ndi h\u0259min \u0259razil\u0259r heyvanlar \u00fc\u00e7\u00fcn t\u0259hl\u00fck\u0259y\u0259 \u00e7evrilib:\n<\/p>\n<p>\n  \u201cH\u0259r yeri \u00e7ap\u0131b t\u00f6k\u00fcbl\u0259r. Heyvanlar yaylaq kimi istifad\u0259 olunan \u0259razil\u0259r\u0259 qalxa bilmirl\u0259r. \u00c7\u00fcnki oralar\u0131 \u00e7ap\u0131rlar, iritonajl\u0131 y\u00fck ma\u015f\u0131nlar\u0131 gedib-g\u0259lir. Heyvanlar otlama\u011fa ged\u0259nd\u0259 ist\u0259r-ist\u0259m\u0259z da\u015f karxanalar\u0131na \u00e7evrilmi\u015f n\u00f6qt\u0259l\u0259rd\u0259n ke\u00e7m\u0259li olurlar. T\u0259s\u0259vv\u00fcr edin ki, eyni yerd\u0259 h\u0259m da\u015f karxanalar\u0131 f\u0259aliyy\u0259t g\u00f6st\u0259rir, h\u0259m d\u0259 qoyun-quzu otlay\u0131r. S\u0259s-k\u00fcy heyvanlar\u0131 h\u00fcrk\u00fcd\u00fcr, p\u0259r\u0259n-p\u0259r\u0259n d\u00fc\u015f\u00fcrl\u0259r. S\u0259sd\u0259n h\u00fcrk\u00fcb qa\u00e7anda qayalardan y\u0131x\u0131l\u0131b t\u0259l\u0259f olurlar. G\u00fcn\u00fcn \u00e7ox hiss\u0259sini karxanalar\u0131n tozunu udan heyvan nec\u0259 sa\u011flam qala bil\u0259r? Sonra da o x\u0259st\u0259 heyvan k\u0259silir, bazarda \u0259haliy\u0259 sat\u0131l\u0131r&#8230;\u201d\n<\/p>\n<p>\n  <i><br \/>\n    \u201cS\u0259n\u0259d \u00fcz\u0259rind\u0259 \u00f6r\u00fc\u015f, ger\u00e7\u0259kd\u0259s\u0259 da\u015f karxanas\u0131d\u0131r\u201d<br \/>\n  <\/i>\n<\/p>\n<p>\n  Ba\u015fqa k\u0259nd sakini Vidadi Babayev d\u0259 durumdan naraz\u0131d\u0131r. Deyir, ill\u0259rdir ki, heyvanlar\u0131n otar\u0131ld\u0131\u011f\u0131 \u0259razil\u0259r indi t\u0259hl\u00fck\u0259y\u0259 \u00e7evrildiyind\u0259n k\u0259ndlil\u0259r heyvanlar\u0131 t\u00f6vl\u0259l\u0259rd\u0259 saxlama\u011fa m\u0259cburdular. Bu is\u0259 k\u0259ndlil\u0259r\u0259 maddi z\u0259r\u0259r vurur:\n<\/p>\n<p>\n  \u201cHeyvanlar\u0131n\u0131 otlaq sah\u0259l\u0259rin\u0259 buraxmayan k\u0259ndlil\u0259r m\u0259cburdular ki, heyvanlar\u0131n\u0131 qapal\u0131 \u015f\u0259raitd\u0259 saxlay\u0131b yeml\u0259sinl\u0259r. Yemi d\u0259 pulla al\u0131rlar. \u00c7\u00f6ld\u0259 is\u0259 heyvan t\u0259bii, t\u0259z\u0259 otla qidalan\u0131r, arxlardan su i\u00e7ir&#8230; \u018flb\u0259tt\u0259 ki, indiki \u015f\u0259raitd\u0259 saxlanan heyvan n\u0259 \u0259t ver\u0259r, n\u0259 bala, n\u0259 s\u00fcd&#8230; Bir ne\u00e7\u0259 adam karxanadan pul qazan\u0131r dey\u0259, b\u00fct\u00fcn k\u0259ndd\u0259 heyvandarl\u0131q m\u0259hv olur. O karxanalar\u0131n icar\u0259haqq\u0131s\u0131, vergisi \u00f6d\u0259nilirmi, bu da sual alt\u0131ndad\u0131r. \u00c7\u00fcnki o \u0259razil\u0259r s\u0259n\u0259d \u00fcz\u0259rind\u0259 otlaq sah\u0259l\u0259ri kimi qeyd olunub, realda is\u0259 karxana kimi istifad\u0259 edilir\u201d.\n<\/p>\n<figure class=\"wp-block-image size-large\">\n  <img decoding=\"async\" src=\"https:\/\/www.meydan.tv\/az\/image_from_ios-2-jpg-39\/\" alt=\"image_from_ios (2).jpg\" class=\"wp-image-125379\"\/><figcaption>\n    k\u0259nd yolu<br \/>\n  <\/figcaption><\/figure>\n<p>\n  Sakinl\u0259r deyir, karxanalar\u0131n f\u0259aliyy\u0259ti \u00fcst\u0259lik, t\u0259bi\u0259t\u0259 d\u0259 z\u0259r\u0259r vurur. Qaz\u0131nt\u0131lar, \u00e7apmalar zaman\u0131 ya\u015f\u0131ll\u0131qlar m\u0259hv edilir. Bundan ba\u015fqa, g\u00fcn\u00fcn 24 saat\u0131 karxanalardan da\u015f, torpaq da\u015f\u0131yan a\u011f\u0131r tonajl\u0131 ma\u015f\u0131nlar k\u0259ndin yollar\u0131n\u0131 da yarars\u0131z v\u0259ziyy\u0259t\u0259 sal\u0131b. Sakinl\u0259r deyir, torpaqla, da\u015fla dolu y\u00fck ma\u015f\u0131nlar\u0131 h\u0259r g\u00fcn Ucar, Zardab istiqam\u0259tin\u0259 yollan\u0131r. Da\u015f v\u0259 torpaqdan yol \u00e7\u0259kili\u015fl\u0259rind\u0259 istifad\u0259 olunur.\n<\/p>\n<p>\n  <i><br \/>\n    Rayon prokuroru m\u0259s\u0259l\u0259yl\u0259 maraqlan\u0131b<br \/>\n  <\/i>\n<\/p>\n<p>\n  K\u0259nd sakinl\u0259ri karxanan\u0131n f\u0259aliyy\u0259ti il\u0259 ba\u011fl\u0131 F\u00f6vq\u0259lad\u0259 Hallar Nazirliyin\u0259, Ekologiya v\u0259 T\u0259bii S\u0259rv\u0259tl\u0259r Nazirliyin\u0259, rayon prokurorlu\u011funa r\u0259smi m\u00fcraci\u0259t edibl\u0259r.\n<\/p>\n<p>\n  G\u00f6y\u00e7ay Rayon \u0130cra Hakimiyy\u0259tind\u0259n bildirilib ki, S\u0259buhi Quliyevin \u015fikay\u0259tl\u0259ri il\u0259 \u0259laq\u0259dar Ekologiya v\u0259 T\u0259bii S\u0259rv\u0259tl\u0259r Nazirliyinin, F\u00f6vq\u0259lad\u0259 Hallar Nazirliyinin n\u00fcmay\u0259nd\u0259l\u0259ri onunla g\u00f6r\u00fc\u015f\u00fcb, \u0259raziy\u0259 bax\u0131\u015f ke\u00e7irilib. M\u00fcvafiq q\u0259rarlar\u0131 da h\u0259min qurumlar ver\u0259c\u0259k.\n<\/p>\n<p>\n  G\u00f6y\u00e7ay Rayon Prokurorlu\u011fundan bildirilib ki, S\u0259buhi Quliyev prokurorlu\u011fa d\u0259v\u0259t olunub, \u015fikay\u0259t \u0259riz\u0259sinin ara\u015fd\u0131r\u0131lmas\u0131 \u00fc\u00e7\u00fcn izahat\u0131 al\u0131n\u0131b. Prokuror Muxtar Eminov v\u0259t\u0259nda\u015f\u0131 q\u0259bul ed\u0259r\u0259k dinl\u0259yib, \u0259m\u0259kda\u015flara Ekologiya v\u0259 T\u0259bii S\u0259rv\u0259tl\u0259r Nazirliyin\u0259, F\u00f6vq\u0259lad\u0259 Hallar Nazirliyin\u0259, D\u00f6vl\u0259t Reyestr Cidm\u0259tinin G\u00f6y\u00e7ay \u015f\u00f6b\u0259sin\u0259 sor\u011fular g\u00f6nd\u0259rilm\u0259sini tap\u015f\u0131r\u0131b.\n<\/p>\n<p>\n  Qaram\u0259ry\u0259m b\u0259l\u0259diyy\u0259sinin s\u0259dri F\u0259qan \u015eamilovun is\u0259 m\u00fcnasib\u0259tini \u00f6yr\u0259nm\u0259k m\u00fcmk\u00fcn olmay\u0131b. B\u0259l\u0259diyy\u0259 s\u0259dri bu bar\u0259d\u0259 sual\u0131 e\u015fid\u0259n kimi d\u0259st\u0259yi as\u0131b.\n<\/p>\n<p>\n  <i><br \/>\n    R\u0259smi qurumlar \u0259raziy\u0259 bax\u0131\u015f ke\u00e7irib, amma&#8230;<br \/>\n  <\/i>\n<\/p>\n<p>\n  S\u0259buhi Quliyev deyir, da\u015f karxanalar\u0131n\u0131 i\u015fl\u0259d\u0259nl\u0259r he\u00e7 r\u0259smi qurumlar\u0131 da saym\u0131r:\n<\/p>\n<figure class=\"wp-block-image size-large\">\n  <img decoding=\"async\" src=\"https:\/\/www.meydan.tv\/az\/ekologiya-ve-tebii-servetler-nazirliyi\/\" alt=\"Ekologiya v\u0259 T\u0259bii S\u0259rv\u0259tl\u0259r Nazirliyi\" class=\"wp-image-47743\"\/><figcaption>\n    Ekologiya v\u0259 T\u0259bii S\u0259rv\u0259tl\u0259r Nazirliyi<br \/>\n  <\/figcaption><\/figure>\n<p>\n  \u201cEkologiya v\u0259 T\u0259bii S\u0259rv\u0259tl\u0259r Nazirliyinin \u201cqaynar x\u0259tt\u201din\u0259 m\u00fcraci\u0259t ed\u0259nd\u0259n sonra 8 sayl\u0131 Regional Ekologiya v\u0259 T\u0259bii S\u0259rv\u0259tl\u0259r \u0130dar\u0259sinin G\u00f6y\u00e7ay \u00fczr\u0259 n\u00fcmay\u0259nd\u0259si g\u0259ldi. Birlikd\u0259 \u0259raziy\u0259 yolland\u0131q, h\u0259min vaxt \u0259razid\u0259 q\u0131z\u011f\u0131n i\u015f gedirdi. N\u00fcmay\u0259nd\u0259 onlardan s\u0259n\u0259d ist\u0259di, t\u0259qdim etm\u0259dil\u0259r. M\u0259n d\u0259 g\u0259l\u0259n adama dedim, bax, g\u0259ldin, he\u00e7 s\u0259ni d\u0259 saymad\u0131lar, bu i\u015fl\u0259rin ax\u0131r\u0131 nec\u0259 olacaq? \u00c7iyinl\u0259rini \u00e7\u0259kdi. Dedi, n\u0259tic\u0259 haqq\u0131nda r\u0259smi m\u0259ktub yaz\u0131b g\u00f6nd\u0259r\u0259c\u0259yik s\u0259n\u0259. F\u00f6vq\u0259lad\u0259 Hallar Nazirliyinin Aran Regional M\u0259rk\u0259zind\u0259n g\u0259l\u0259n n\u00fcmay\u0259nd\u0259 d\u0259 h\u0259min \u0259razid\u0259 oldu, fotolar \u00e7\u0259kdi, dedi, \u0259razid\u0259 t\u0259hl\u00fck\u0259sizlik qaydalar\u0131na riay\u0259t olunmur. Ancaq g\u0259lib baxsan\u0131z g\u00f6r\u0259rsiniz ki, karxana sahibl\u0259ri he\u00e7 bir qurumu saym\u0131r, \u00f6z i\u015fl\u0259rind\u0259dir\u201d.<\/p>\n","protected":false},"excerpt":{"rendered":"<p>N\u00fcmay\u0259nd\u0259 onlardan s\u0259n\u0259d ist\u0259di, t\u0259qdim etm\u0259dil\u0259r. M\u0259n d\u0259 g\u0259l\u0259n adama dedim, bax, g\u0259ldin, he\u00e7 s\u0259ni d\u0259 saymad\u0131lar, bu i\u015fl\u0259rin ax\u0131r\u0131 nec\u0259 olacaq?<\/p>\n","protected":false},"author":11,"featured_media":125373,"comment_status":"closed","ping_status":"open","sticky":false,"template":"","format":"standard","meta":{"_acf_changed":false,"_sitemap_exclude":false,"_sitemap_priority":"","_sitemap_frequency":"","footnotes":""},"categories":[60],"tags":[],"class_list":["post-195809","post","type-post","status-publish","format-standard","has-post-thumbnail","hentry","category-bolge","infinite-scroll-item","generate-columns","tablet-grid-50","mobile-grid-100","grid-parent","grid-33","no-featured-image-padding"],"acf":[],"yoast_head":"<!-- This site is optimized with the Yoast SEO plugin v27.4 - https:\/\/yoast.com\/product\/yoast-seo-wordpress\/ -->\n<title>Qaram\u0259ry\u0259m sakinl\u0259ri: \u00d6r\u00fc\u015f yerl\u0259rimizi da\u015f karxanalar\u0131na \u00e7eviribl\u0259r - MEYDAN.TV<\/title>\n<meta name=\"robots\" content=\"index, follow, max-snippet:-1, max-image-preview:large, max-video-preview:-1\" \/>\n<link rel=\"canonical\" href=\"https:\/\/www.meydan.tv\/az\/article\/qarameryem-sakinleri-orus-yerlerimizi-das-karxanalarina-ceviribler\/\" \/>\n<meta property=\"og:locale\" content=\"az_AZ\" \/>\n<meta property=\"og:type\" content=\"article\" \/>\n<meta property=\"og:title\" content=\"Qaram\u0259ry\u0259m sakinl\u0259ri: \u00d6r\u00fc\u015f yerl\u0259rimizi da\u015f karxanalar\u0131na \u00e7eviribl\u0259r - MEYDAN.TV\" \/>\n<meta property=\"og:description\" content=\"N\u00fcmay\u0259nd\u0259 onlardan s\u0259n\u0259d ist\u0259di, t\u0259qdim etm\u0259dil\u0259r. M\u0259n d\u0259 g\u0259l\u0259n adama dedim, bax, g\u0259ldin, he\u00e7 s\u0259ni d\u0259 saymad\u0131lar, bu i\u015fl\u0259rin ax\u0131r\u0131 nec\u0259 olacaq?\" \/>\n<meta property=\"og:url\" content=\"https:\/\/www.meydan.tv\/az\/article\/qarameryem-sakinleri-orus-yerlerimizi-das-karxanalarina-ceviribler\/\" \/>\n<meta property=\"og:site_name\" content=\"MEYDAN.TV\" \/>\n<meta property=\"article:published_time\" content=\"2019-06-12T11:59:23+00:00\" \/>\n<meta property=\"og:image\" content=\"https:\/\/www.meydan.tv\/wp-content\/uploads\/image_from_ios_1_jvh9ahe.jpg\" \/>\n\t<meta property=\"og:image:width\" content=\"1280\" \/>\n\t<meta property=\"og:image:height\" content=\"960\" \/>\n\t<meta property=\"og:image:type\" content=\"image\/jpeg\" \/>\n<meta name=\"author\" content=\"user-manager\" \/>\n<meta name=\"twitter:card\" content=\"summary_large_image\" \/>\n<script type=\"application\/ld+json\" class=\"yoast-schema-graph\">{\"@context\":\"https:\\\/\\\/schema.org\",\"@graph\":[{\"@type\":\"Article\",\"@id\":\"https:\\\/\\\/www.meydan.tv\\\/az\\\/article\\\/qarameryem-sakinleri-orus-yerlerimizi-das-karxanalarina-ceviribler\\\/#article\",\"isPartOf\":{\"@id\":\"https:\\\/\\\/www.meydan.tv\\\/az\\\/article\\\/qarameryem-sakinleri-orus-yerlerimizi-das-karxanalarina-ceviribler\\\/\"},\"author\":{\"name\":\"user-manager\",\"@id\":\"https:\\\/\\\/www.meydan.tv\\\/az\\\/#\\\/schema\\\/person\\\/10d11eccf6da3662cf5fdab9806ea91a\"},\"headline\":\"Qaram\u0259ry\u0259m sakinl\u0259ri: \u00d6r\u00fc\u015f yerl\u0259rimizi da\u015f karxanalar\u0131na \u00e7eviribl\u0259r\",\"datePublished\":\"2019-06-12T11:59:23+00:00\",\"mainEntityOfPage\":{\"@id\":\"https:\\\/\\\/www.meydan.tv\\\/az\\\/article\\\/qarameryem-sakinleri-orus-yerlerimizi-das-karxanalarina-ceviribler\\\/\"},\"wordCount\":1045,\"publisher\":{\"@id\":\"https:\\\/\\\/www.meydan.tv\\\/az\\\/#organization\"},\"image\":{\"@id\":\"https:\\\/\\\/www.meydan.tv\\\/az\\\/article\\\/qarameryem-sakinleri-orus-yerlerimizi-das-karxanalarina-ceviribler\\\/#primaryimage\"},\"thumbnailUrl\":\"https:\\\/\\\/www.meydan.tv\\\/wp-content\\\/uploads\\\/image_from_ios_1_jvh9ahe.jpg\",\"articleSection\":[\"B\u00f6lg\u0259\"],\"inLanguage\":\"az\"},{\"@type\":\"WebPage\",\"@id\":\"https:\\\/\\\/www.meydan.tv\\\/az\\\/article\\\/qarameryem-sakinleri-orus-yerlerimizi-das-karxanalarina-ceviribler\\\/\",\"url\":\"https:\\\/\\\/www.meydan.tv\\\/az\\\/article\\\/qarameryem-sakinleri-orus-yerlerimizi-das-karxanalarina-ceviribler\\\/\",\"name\":\"Qaram\u0259ry\u0259m sakinl\u0259ri: \u00d6r\u00fc\u015f yerl\u0259rimizi da\u015f karxanalar\u0131na \u00e7eviribl\u0259r - MEYDAN.TV\",\"isPartOf\":{\"@id\":\"https:\\\/\\\/www.meydan.tv\\\/az\\\/#website\"},\"primaryImageOfPage\":{\"@id\":\"https:\\\/\\\/www.meydan.tv\\\/az\\\/article\\\/qarameryem-sakinleri-orus-yerlerimizi-das-karxanalarina-ceviribler\\\/#primaryimage\"},\"image\":{\"@id\":\"https:\\\/\\\/www.meydan.tv\\\/az\\\/article\\\/qarameryem-sakinleri-orus-yerlerimizi-das-karxanalarina-ceviribler\\\/#primaryimage\"},\"thumbnailUrl\":\"https:\\\/\\\/www.meydan.tv\\\/wp-content\\\/uploads\\\/image_from_ios_1_jvh9ahe.jpg\",\"datePublished\":\"2019-06-12T11:59:23+00:00\",\"breadcrumb\":{\"@id\":\"https:\\\/\\\/www.meydan.tv\\\/az\\\/article\\\/qarameryem-sakinleri-orus-yerlerimizi-das-karxanalarina-ceviribler\\\/#breadcrumb\"},\"inLanguage\":\"az\",\"potentialAction\":[{\"@type\":\"ReadAction\",\"target\":[\"https:\\\/\\\/www.meydan.tv\\\/az\\\/article\\\/qarameryem-sakinleri-orus-yerlerimizi-das-karxanalarina-ceviribler\\\/\"]}]},{\"@type\":\"ImageObject\",\"inLanguage\":\"az\",\"@id\":\"https:\\\/\\\/www.meydan.tv\\\/az\\\/article\\\/qarameryem-sakinleri-orus-yerlerimizi-das-karxanalarina-ceviribler\\\/#primaryimage\",\"url\":\"https:\\\/\\\/www.meydan.tv\\\/wp-content\\\/uploads\\\/image_from_ios_1_jvh9ahe.jpg\",\"contentUrl\":\"https:\\\/\\\/www.meydan.tv\\\/wp-content\\\/uploads\\\/image_from_ios_1_jvh9ahe.jpg\",\"width\":1280,\"height\":960,\"caption\":\"Source: meydan tv\"},{\"@type\":\"BreadcrumbList\",\"@id\":\"https:\\\/\\\/www.meydan.tv\\\/az\\\/article\\\/qarameryem-sakinleri-orus-yerlerimizi-das-karxanalarina-ceviribler\\\/#breadcrumb\",\"itemListElement\":[{\"@type\":\"ListItem\",\"position\":1,\"name\":\"Ana s\u0259hif\u0259\",\"item\":\"https:\\\/\\\/www.meydan.tv\\\/az\\\/\"},{\"@type\":\"ListItem\",\"position\":2,\"name\":\"B\u00f6lg\u0259\",\"item\":\"https:\\\/\\\/www.meydan.tv\\\/az\\\/section\\\/bolge\\\/\"},{\"@type\":\"ListItem\",\"position\":3,\"name\":\"Qaram\u0259ry\u0259m sakinl\u0259ri: \u00d6r\u00fc\u015f yerl\u0259rimizi da\u015f karxanalar\u0131na \u00e7eviribl\u0259r\"}]},{\"@type\":\"WebSite\",\"@id\":\"https:\\\/\\\/www.meydan.tv\\\/az\\\/#website\",\"url\":\"https:\\\/\\\/www.meydan.tv\\\/az\\\/\",\"name\":\"MEYDAN.TV\",\"description\":\"Meydan TV Az\u0259rbaycan\u0131n media m\u0259kan\u0131ndak\u0131 alternativ s\u0259sidir\",\"publisher\":{\"@id\":\"https:\\\/\\\/www.meydan.tv\\\/az\\\/#organization\"},\"potentialAction\":[{\"@type\":\"SearchAction\",\"target\":{\"@type\":\"EntryPoint\",\"urlTemplate\":\"https:\\\/\\\/www.meydan.tv\\\/az\\\/?s={search_term_string}\"},\"query-input\":{\"@type\":\"PropertyValueSpecification\",\"valueRequired\":true,\"valueName\":\"search_term_string\"}}],\"inLanguage\":\"az\"},{\"@type\":\"Organization\",\"@id\":\"https:\\\/\\\/www.meydan.tv\\\/az\\\/#organization\",\"name\":\"Meydan TV\",\"url\":\"https:\\\/\\\/www.meydan.tv\\\/az\\\/\",\"logo\":{\"@type\":\"ImageObject\",\"inLanguage\":\"az\",\"@id\":\"https:\\\/\\\/www.meydan.tv\\\/az\\\/#\\\/schema\\\/logo\\\/image\\\/\",\"url\":\"https:\\\/\\\/www.meydan.tv\\\/wp-content\\\/uploads\\\/2021\\\/07\\\/meydan-logo.svg\",\"contentUrl\":\"https:\\\/\\\/www.meydan.tv\\\/wp-content\\\/uploads\\\/2021\\\/07\\\/meydan-logo.svg\",\"width\":195,\"height\":46,\"caption\":\"Meydan TV\"},\"image\":{\"@id\":\"https:\\\/\\\/www.meydan.tv\\\/az\\\/#\\\/schema\\\/logo\\\/image\\\/\"}},{\"@type\":\"Person\",\"@id\":\"https:\\\/\\\/www.meydan.tv\\\/az\\\/#\\\/schema\\\/person\\\/10d11eccf6da3662cf5fdab9806ea91a\",\"name\":\"user-manager\"}]}<\/script>\n<!-- \/ Yoast SEO plugin. -->","yoast_head_json":{"title":"Qaram\u0259ry\u0259m sakinl\u0259ri: \u00d6r\u00fc\u015f yerl\u0259rimizi da\u015f karxanalar\u0131na \u00e7eviribl\u0259r - MEYDAN.TV","robots":{"index":"index","follow":"follow","max-snippet":"max-snippet:-1","max-image-preview":"max-image-preview:large","max-video-preview":"max-video-preview:-1"},"canonical":"https:\/\/www.meydan.tv\/az\/article\/qarameryem-sakinleri-orus-yerlerimizi-das-karxanalarina-ceviribler\/","og_locale":"az_AZ","og_type":"article","og_title":"Qaram\u0259ry\u0259m sakinl\u0259ri: \u00d6r\u00fc\u015f yerl\u0259rimizi da\u015f karxanalar\u0131na \u00e7eviribl\u0259r - MEYDAN.TV","og_description":"N\u00fcmay\u0259nd\u0259 onlardan s\u0259n\u0259d ist\u0259di, t\u0259qdim etm\u0259dil\u0259r. M\u0259n d\u0259 g\u0259l\u0259n adama dedim, bax, g\u0259ldin, he\u00e7 s\u0259ni d\u0259 saymad\u0131lar, bu i\u015fl\u0259rin ax\u0131r\u0131 nec\u0259 olacaq?","og_url":"https:\/\/www.meydan.tv\/az\/article\/qarameryem-sakinleri-orus-yerlerimizi-das-karxanalarina-ceviribler\/","og_site_name":"MEYDAN.TV","article_published_time":"2019-06-12T11:59:23+00:00","og_image":[{"width":1280,"height":960,"url":"https:\/\/www.meydan.tv\/wp-content\/uploads\/image_from_ios_1_jvh9ahe.jpg","type":"image\/jpeg"}],"author":"user-manager","twitter_card":"summary_large_image","schema":{"@context":"https:\/\/schema.org","@graph":[{"@type":"Article","@id":"https:\/\/www.meydan.tv\/az\/article\/qarameryem-sakinleri-orus-yerlerimizi-das-karxanalarina-ceviribler\/#article","isPartOf":{"@id":"https:\/\/www.meydan.tv\/az\/article\/qarameryem-sakinleri-orus-yerlerimizi-das-karxanalarina-ceviribler\/"},"author":{"name":"user-manager","@id":"https:\/\/www.meydan.tv\/az\/#\/schema\/person\/10d11eccf6da3662cf5fdab9806ea91a"},"headline":"Qaram\u0259ry\u0259m sakinl\u0259ri: \u00d6r\u00fc\u015f yerl\u0259rimizi da\u015f karxanalar\u0131na \u00e7eviribl\u0259r","datePublished":"2019-06-12T11:59:23+00:00","mainEntityOfPage":{"@id":"https:\/\/www.meydan.tv\/az\/article\/qarameryem-sakinleri-orus-yerlerimizi-das-karxanalarina-ceviribler\/"},"wordCount":1045,"publisher":{"@id":"https:\/\/www.meydan.tv\/az\/#organization"},"image":{"@id":"https:\/\/www.meydan.tv\/az\/article\/qarameryem-sakinleri-orus-yerlerimizi-das-karxanalarina-ceviribler\/#primaryimage"},"thumbnailUrl":"https:\/\/www.meydan.tv\/wp-content\/uploads\/image_from_ios_1_jvh9ahe.jpg","articleSection":["B\u00f6lg\u0259"],"inLanguage":"az"},{"@type":"WebPage","@id":"https:\/\/www.meydan.tv\/az\/article\/qarameryem-sakinleri-orus-yerlerimizi-das-karxanalarina-ceviribler\/","url":"https:\/\/www.meydan.tv\/az\/article\/qarameryem-sakinleri-orus-yerlerimizi-das-karxanalarina-ceviribler\/","name":"Qaram\u0259ry\u0259m sakinl\u0259ri: \u00d6r\u00fc\u015f yerl\u0259rimizi da\u015f karxanalar\u0131na \u00e7eviribl\u0259r - MEYDAN.TV","isPartOf":{"@id":"https:\/\/www.meydan.tv\/az\/#website"},"primaryImageOfPage":{"@id":"https:\/\/www.meydan.tv\/az\/article\/qarameryem-sakinleri-orus-yerlerimizi-das-karxanalarina-ceviribler\/#primaryimage"},"image":{"@id":"https:\/\/www.meydan.tv\/az\/article\/qarameryem-sakinleri-orus-yerlerimizi-das-karxanalarina-ceviribler\/#primaryimage"},"thumbnailUrl":"https:\/\/www.meydan.tv\/wp-content\/uploads\/image_from_ios_1_jvh9ahe.jpg","datePublished":"2019-06-12T11:59:23+00:00","breadcrumb":{"@id":"https:\/\/www.meydan.tv\/az\/article\/qarameryem-sakinleri-orus-yerlerimizi-das-karxanalarina-ceviribler\/#breadcrumb"},"inLanguage":"az","potentialAction":[{"@type":"ReadAction","target":["https:\/\/www.meydan.tv\/az\/article\/qarameryem-sakinleri-orus-yerlerimizi-das-karxanalarina-ceviribler\/"]}]},{"@type":"ImageObject","inLanguage":"az","@id":"https:\/\/www.meydan.tv\/az\/article\/qarameryem-sakinleri-orus-yerlerimizi-das-karxanalarina-ceviribler\/#primaryimage","url":"https:\/\/www.meydan.tv\/wp-content\/uploads\/image_from_ios_1_jvh9ahe.jpg","contentUrl":"https:\/\/www.meydan.tv\/wp-content\/uploads\/image_from_ios_1_jvh9ahe.jpg","width":1280,"height":960,"caption":"Source: meydan tv"},{"@type":"BreadcrumbList","@id":"https:\/\/www.meydan.tv\/az\/article\/qarameryem-sakinleri-orus-yerlerimizi-das-karxanalarina-ceviribler\/#breadcrumb","itemListElement":[{"@type":"ListItem","position":1,"name":"Ana s\u0259hif\u0259","item":"https:\/\/www.meydan.tv\/az\/"},{"@type":"ListItem","position":2,"name":"B\u00f6lg\u0259","item":"https:\/\/www.meydan.tv\/az\/section\/bolge\/"},{"@type":"ListItem","position":3,"name":"Qaram\u0259ry\u0259m sakinl\u0259ri: \u00d6r\u00fc\u015f yerl\u0259rimizi da\u015f karxanalar\u0131na \u00e7eviribl\u0259r"}]},{"@type":"WebSite","@id":"https:\/\/www.meydan.tv\/az\/#website","url":"https:\/\/www.meydan.tv\/az\/","name":"MEYDAN.TV","description":"Meydan TV Az\u0259rbaycan\u0131n media m\u0259kan\u0131ndak\u0131 alternativ s\u0259sidir","publisher":{"@id":"https:\/\/www.meydan.tv\/az\/#organization"},"potentialAction":[{"@type":"SearchAction","target":{"@type":"EntryPoint","urlTemplate":"https:\/\/www.meydan.tv\/az\/?s={search_term_string}"},"query-input":{"@type":"PropertyValueSpecification","valueRequired":true,"valueName":"search_term_string"}}],"inLanguage":"az"},{"@type":"Organization","@id":"https:\/\/www.meydan.tv\/az\/#organization","name":"Meydan TV","url":"https:\/\/www.meydan.tv\/az\/","logo":{"@type":"ImageObject","inLanguage":"az","@id":"https:\/\/www.meydan.tv\/az\/#\/schema\/logo\/image\/","url":"https:\/\/www.meydan.tv\/wp-content\/uploads\/2021\/07\/meydan-logo.svg","contentUrl":"https:\/\/www.meydan.tv\/wp-content\/uploads\/2021\/07\/meydan-logo.svg","width":195,"height":46,"caption":"Meydan TV"},"image":{"@id":"https:\/\/www.meydan.tv\/az\/#\/schema\/logo\/image\/"}},{"@type":"Person","@id":"https:\/\/www.meydan.tv\/az\/#\/schema\/person\/10d11eccf6da3662cf5fdab9806ea91a","name":"user-manager"}]}},"_links":{"self":[{"href":"https:\/\/www.meydan.tv\/az\/wp-json\/wp\/v2\/posts\/195809","targetHints":{"allow":["GET"]}}],"collection":[{"href":"https:\/\/www.meydan.tv\/az\/wp-json\/wp\/v2\/posts"}],"about":[{"href":"https:\/\/www.meydan.tv\/az\/wp-json\/wp\/v2\/types\/post"}],"author":[{"embeddable":true,"href":"https:\/\/www.meydan.tv\/az\/wp-json\/wp\/v2\/users\/11"}],"replies":[{"embeddable":true,"href":"https:\/\/www.meydan.tv\/az\/wp-json\/wp\/v2\/comments?post=195809"}],"version-history":[{"count":0,"href":"https:\/\/www.meydan.tv\/az\/wp-json\/wp\/v2\/posts\/195809\/revisions"}],"wp:featuredmedia":[{"embeddable":true,"href":"https:\/\/www.meydan.tv\/az\/wp-json\/wp\/v2\/media\/125373"}],"wp:attachment":[{"href":"https:\/\/www.meydan.tv\/az\/wp-json\/wp\/v2\/media?parent=195809"}],"wp:term":[{"taxonomy":"category","embeddable":true,"href":"https:\/\/www.meydan.tv\/az\/wp-json\/wp\/v2\/categories?post=195809"},{"taxonomy":"post_tag","embeddable":true,"href":"https:\/\/www.meydan.tv\/az\/wp-json\/wp\/v2\/tags?post=195809"}],"curies":[{"name":"wp","href":"https:\/\/api.w.org\/{rel}","templated":true}]}}