{"id":195794,"date":"2019-06-11T14:30:01","date_gmt":"2019-06-11T14:30:01","guid":{"rendered":"https:\/\/www.meydan.tv\/article\/qazaxistanda-toqayevin-qelebesi-resmi-olaraq-elan-edildi\/"},"modified":"2019-06-11T14:30:01","modified_gmt":"2019-06-11T14:30:01","slug":"qazaxistanda-toqayevin-qelebesi-resmi-olaraq-elan-edildi","status":"publish","type":"post","link":"https:\/\/www.meydan.tv\/az\/article\/qazaxistanda-toqayevin-qelebesi-resmi-olaraq-elan-edildi\/","title":{"rendered":"Qazax\u0131standa Toqayevin q\u0259l\u0259b\u0259si r\u0259smi olaraq elan edildi"},"content":{"rendered":"<p>\n  <i><br \/>\n    Toqayev s\u0259sl\u0259rin 70,96 faizini toplay\u0131b<br \/>\n  <\/i>\n<\/p>\n<p>\n  Qazax\u0131stan M\u0259rk\u0259zi Se\u00e7ki Komissiyas\u0131 (OSK) \u00f6lk\u0259d\u0259 ke\u00e7irilmi\u015f 9 iyun prezident se\u00e7kil\u0259rinin r\u0259smi n\u0259tic\u0259l\u0259rini a\u00e7\u0131qlayaraq, m\u00fcv\u0259qq\u0259ti prezident kimi f\u0259aliyy\u0259t g\u00f6st\u0259r\u0259n Qas\u0131m-Jomart Toqayevin b\u00f6y\u00fck s\u0259s\u00e7oxlu\u011fuyla q\u0259l\u0259b\u0259 qazand\u0131\u011f\u0131m\u0131 elan edib, &#8211; Azadl\u0131q Radiosu x\u0259b\u0259r verir.\n<\/p>\n<p>\n  Se\u00e7ki Komissiyas\u0131 iyunun 11-d\u0259 elan edib ki, ke\u00e7mi\u015f prezident Nursultan Nazarbayevin \u00f6z\u00fcn\u00fcn prezidentliy\u0259 namiz\u0259d olaraq t\u0259yin etdiyi Toqayev s\u0259sl\u0259rin 70,96 faizini toplay\u0131b. N\u0259tic\u0259l\u0259r\u0259 daha sonra dinc n\u00fcmayi\u015f\u00e7il\u0259r t\u0259r\u0259find\u0259n etiraz edilib.\n<\/p>\n<p>\n  K\u00f6hn\u0259 jurnalist Amirjan Qosanov prezident se\u00e7kil\u0259rind\u0259 Toqayevin r\u0259qibi olub v\u0259 16,23 faiz s\u0259sl\u0259 ikinci yerd\u0259dir.\n<\/p>\n<p>\n  Enerji z\u0259ngini bu Orta Asiya \u00f6lk\u0259sind\u0259 se\u00e7kinin n\u0259zar\u0259td\u0259 oldu\u011fu bildirilir. Bel\u0259 ki, Toqayevl\u0259 r\u0259qab\u0259t aparm\u0131\u015f alt\u0131 namiz\u0259din he\u00e7 biri onun kimi maddi v\u0259 m\u0259n\u0259vi d\u0259st\u0259y\u0259 sahib olmay\u0131b. \u00d6lk\u0259nin d\u00f6vl\u0259t aparat\u0131 da Toqayevin se\u00e7ki kampanyas\u0131n\u0131 d\u0259st\u0259kl\u0259yib.\n<\/p>\n<p>\n  Se\u00e7kil\u0259r \u0259r\u0259f\u0259sind\u0259 \u00f6lk\u0259d\u0259ki \u0259dal\u0259tsizliy\u0259 qar\u015f\u0131 ba\u015flam\u0131\u015f etiraz aksiyalar\u0131 se\u00e7ki g\u00fcn\u00fc iyunun 9-da da davam edib v\u0259 bir s\u0131ra b\u00f6lg\u0259l\u0259rd\u0259 polis t\u0259r\u0259find\u0259n da\u011f\u0131d\u0131l\u0131b.\n<\/p>\n<p>\n  \u0130yunun 11-d\u0259 x\u0259b\u0259r verilir ki, polis r\u0259smi n\u0259tic\u0259l\u0259r\u0259 etiraz etm\u0259k \u00fc\u00e7\u00fcn \u00f6lk\u0259nin \u0259n b\u00f6y\u00fck \u015f\u0259h\u0259ri olan Almat\u0131n\u0131n f\u0259rqli rayonlar\u0131nda topla\u015fan y\u00fczl\u0259rl\u0259 insan\u0131 da\u011f\u0131tma\u011fa \u00e7al\u0131\u015f\u0131b v\u0259 n\u00fcmayi\u015f\u00e7il\u0259rin b\u0259zil\u0259ri h\u0259bs edilib.\n<\/p>\n<p>\n  Almat\u0131dan \u00e7\u0259kilmi\u015f v\u0259 ictimai mediada n\u00fcmayi\u015f olunan bir videoda d\u00fcn\u0259n ax\u015fam k\u00fc\u00e7\u0259l\u0259rd\u0259 onlarla qaza\u011f\u0131n qa\u00e7d\u0131\u011f\u0131 v\u0259 polisin onlar\u0131 t\u0259qib etdiyi g\u00f6st\u0259rilir.\n<\/p>\n<p>\n  Hadis\u0259 h\u0259bsl\u0259rd\u0259n sonra 100-d\u0259n \u00e7ox n\u00fcmayi\u015f\u00e7inin Almat\u0131da polis b\u00f6lm\u0259sinin qar\u015f\u0131s\u0131nda toplanaraq m\u0259\u015fhur m\u00fc\u011f\u0259nni Rinat Zaitovun s\u0259rb\u0259st burax\u0131lmas\u0131n\u0131 t\u0259l\u0259b etm\u0259sind\u0259n sonra ba\u015f verib.\n<\/p>\n<p>\n  Zaitov 10 iyun tarixind\u0259 se\u00e7kil\u0259rin r\u0259smi n\u0259tic\u0259l\u0259rin\u0259 etiraz ed\u0259n y\u00fczl\u0259rl\u0259 Qazax\u0131stan v\u0259t\u0259nda\u015f\u0131n\u0131n aras\u0131nda olub. Beyn\u0259lxalq m\u00fc\u015fahid\u0259\u00e7il\u0259r se\u00e7kil\u0259ri &quot;fundamental azadl\u0131qlar\u0131n a\u00e7\u0131q \u015f\u0259kild\u0259 pozulmas\u0131&quot; kimi xarakteriz\u0259 edir.\n<\/p>\n<p>\n  Zaitov azad edildikd\u0259n sonra n\u00fcmayi\u015f\u00e7il\u0259rd\u0259n evl\u0259rin\u0259 qay\u0131tmalar\u0131n\u0131 xahi\u015f edib.\n<\/p>\n<p>\n  Toqayevin q\u0259l\u0259b\u0259si mart ay\u0131nda g\u00f6zl\u0259nilm\u0259d\u0259n postundan istefa ver\u0259n ke\u00e7mi\u015f prezident Nazarbayevin d\u0259st\u0259yi say\u0259sind\u0259 g\u00f6zl\u0259nil\u0259n idi. Nazarbayev 30 il\u0259 yax\u0131n idi ki, Qazax\u0131stan\u0131 idar\u0259 edirdi. O, h\u0259l\u0259 d\u0259 \u00f6lk\u0259nin v\u0259 r\u0259hb\u0259rlik etdiyi Nur-Otan Partiyas\u0131n\u0131n \u0259n \u00f6n\u0259mli postlar\u0131n\u0131 tutma\u011fa davam edir.<\/p>\n","protected":false},"excerpt":{"rendered":"<p>\u0130yunun 11-d\u0259 x\u0259b\u0259r verilir ki, polis r\u0259smi n\u0259tic\u0259l\u0259r\u0259 etiraz etm\u0259k \u00fc\u00e7\u00fcn \u00f6lk\u0259nin \u0259n b\u00f6y\u00fck \u015f\u0259h\u0259ri olan Almat\u0131n\u0131n f\u0259rqli rayonlar\u0131nda topla\u015fan y\u00fczl\u0259rl\u0259 insan\u0131 da\u011f\u0131tma\u011fa \u00e7al\u0131\u015f\u0131b v\u0259 n\u00fcmayi\u015f\u00e7il\u0259rin b\u0259zil\u0259ri h\u0259bs edilib.<\/p>\n","protected":false},"author":11,"featured_media":125349,"comment_status":"closed","ping_status":"open","sticky":false,"template":"","format":"standard","meta":{"_acf_changed":false,"_sitemap_exclude":false,"_sitemap_priority":"","_sitemap_frequency":"","footnotes":""},"categories":[64],"tags":[],"class_list":["post-195794","post","type-post","status-publish","format-standard","has-post-thumbnail","hentry","category-dunya","infinite-scroll-item","generate-columns","tablet-grid-50","mobile-grid-100","grid-parent","grid-33","no-featured-image-padding"],"acf":[],"yoast_head":"<!-- This site is optimized with the Yoast SEO plugin v27.5 - https:\/\/yoast.com\/product\/yoast-seo-wordpress\/ -->\n<title>Qazax\u0131standa Toqayevin q\u0259l\u0259b\u0259si r\u0259smi olaraq elan edildi - MEYDAN.TV<\/title>\n<meta name=\"robots\" content=\"index, follow, max-snippet:-1, max-image-preview:large, max-video-preview:-1\" \/>\n<link rel=\"canonical\" href=\"https:\/\/www.meydan.tv\/az\/article\/qazaxistanda-toqayevin-qelebesi-resmi-olaraq-elan-edildi\/\" \/>\n<meta property=\"og:locale\" content=\"az_AZ\" \/>\n<meta property=\"og:type\" content=\"article\" \/>\n<meta property=\"og:title\" content=\"Qazax\u0131standa Toqayevin q\u0259l\u0259b\u0259si r\u0259smi olaraq elan edildi - MEYDAN.TV\" \/>\n<meta property=\"og:description\" content=\"\u0130yunun 11-d\u0259 x\u0259b\u0259r verilir ki, polis r\u0259smi n\u0259tic\u0259l\u0259r\u0259 etiraz etm\u0259k \u00fc\u00e7\u00fcn \u00f6lk\u0259nin \u0259n b\u00f6y\u00fck \u015f\u0259h\u0259ri olan Almat\u0131n\u0131n f\u0259rqli rayonlar\u0131nda topla\u015fan y\u00fczl\u0259rl\u0259 insan\u0131 da\u011f\u0131tma\u011fa \u00e7al\u0131\u015f\u0131b v\u0259 n\u00fcmayi\u015f\u00e7il\u0259rin b\u0259zil\u0259ri h\u0259bs edilib.\" \/>\n<meta property=\"og:url\" content=\"https:\/\/www.meydan.tv\/az\/article\/qazaxistanda-toqayevin-qelebesi-resmi-olaraq-elan-edildi\/\" \/>\n<meta property=\"og:site_name\" content=\"MEYDAN.TV\" \/>\n<meta property=\"article:published_time\" content=\"2019-06-11T14:30:01+00:00\" \/>\n<meta property=\"og:image\" content=\"https:\/\/www.meydan.tv\/wp-content\/uploads\/preview_1e962920abbd021381ef29250331d83b_v0x8byn.jpg\" \/>\n\t<meta property=\"og:image:width\" content=\"940\" \/>\n\t<meta property=\"og:image:height\" content=\"630\" \/>\n\t<meta property=\"og:image:type\" content=\"image\/jpeg\" \/>\n<meta name=\"author\" content=\"user-manager\" \/>\n<meta name=\"twitter:card\" content=\"summary_large_image\" \/>\n<script type=\"application\/ld+json\" class=\"yoast-schema-graph\">{\"@context\":\"https:\\\/\\\/schema.org\",\"@graph\":[{\"@type\":\"Article\",\"@id\":\"https:\\\/\\\/www.meydan.tv\\\/az\\\/article\\\/qazaxistanda-toqayevin-qelebesi-resmi-olaraq-elan-edildi\\\/#article\",\"isPartOf\":{\"@id\":\"https:\\\/\\\/www.meydan.tv\\\/az\\\/article\\\/qazaxistanda-toqayevin-qelebesi-resmi-olaraq-elan-edildi\\\/\"},\"author\":{\"name\":\"user-manager\",\"@id\":\"https:\\\/\\\/www.meydan.tv\\\/az\\\/#\\\/schema\\\/person\\\/10d11eccf6da3662cf5fdab9806ea91a\"},\"headline\":\"Qazax\u0131standa Toqayevin q\u0259l\u0259b\u0259si r\u0259smi olaraq elan edildi\",\"datePublished\":\"2019-06-11T14:30:01+00:00\",\"mainEntityOfPage\":{\"@id\":\"https:\\\/\\\/www.meydan.tv\\\/az\\\/article\\\/qazaxistanda-toqayevin-qelebesi-resmi-olaraq-elan-edildi\\\/\"},\"wordCount\":513,\"publisher\":{\"@id\":\"https:\\\/\\\/www.meydan.tv\\\/az\\\/#organization\"},\"image\":{\"@id\":\"https:\\\/\\\/www.meydan.tv\\\/az\\\/article\\\/qazaxistanda-toqayevin-qelebesi-resmi-olaraq-elan-edildi\\\/#primaryimage\"},\"thumbnailUrl\":\"https:\\\/\\\/www.meydan.tv\\\/wp-content\\\/uploads\\\/preview_1e962920abbd021381ef29250331d83b_v0x8byn.jpg\",\"articleSection\":[\"D\u00fcnya\"],\"inLanguage\":\"az\"},{\"@type\":\"WebPage\",\"@id\":\"https:\\\/\\\/www.meydan.tv\\\/az\\\/article\\\/qazaxistanda-toqayevin-qelebesi-resmi-olaraq-elan-edildi\\\/\",\"url\":\"https:\\\/\\\/www.meydan.tv\\\/az\\\/article\\\/qazaxistanda-toqayevin-qelebesi-resmi-olaraq-elan-edildi\\\/\",\"name\":\"Qazax\u0131standa Toqayevin q\u0259l\u0259b\u0259si r\u0259smi olaraq elan edildi - MEYDAN.TV\",\"isPartOf\":{\"@id\":\"https:\\\/\\\/www.meydan.tv\\\/az\\\/#website\"},\"primaryImageOfPage\":{\"@id\":\"https:\\\/\\\/www.meydan.tv\\\/az\\\/article\\\/qazaxistanda-toqayevin-qelebesi-resmi-olaraq-elan-edildi\\\/#primaryimage\"},\"image\":{\"@id\":\"https:\\\/\\\/www.meydan.tv\\\/az\\\/article\\\/qazaxistanda-toqayevin-qelebesi-resmi-olaraq-elan-edildi\\\/#primaryimage\"},\"thumbnailUrl\":\"https:\\\/\\\/www.meydan.tv\\\/wp-content\\\/uploads\\\/preview_1e962920abbd021381ef29250331d83b_v0x8byn.jpg\",\"datePublished\":\"2019-06-11T14:30:01+00:00\",\"breadcrumb\":{\"@id\":\"https:\\\/\\\/www.meydan.tv\\\/az\\\/article\\\/qazaxistanda-toqayevin-qelebesi-resmi-olaraq-elan-edildi\\\/#breadcrumb\"},\"inLanguage\":\"az\",\"potentialAction\":[{\"@type\":\"ReadAction\",\"target\":[\"https:\\\/\\\/www.meydan.tv\\\/az\\\/article\\\/qazaxistanda-toqayevin-qelebesi-resmi-olaraq-elan-edildi\\\/\"]}]},{\"@type\":\"ImageObject\",\"inLanguage\":\"az\",\"@id\":\"https:\\\/\\\/www.meydan.tv\\\/az\\\/article\\\/qazaxistanda-toqayevin-qelebesi-resmi-olaraq-elan-edildi\\\/#primaryimage\",\"url\":\"https:\\\/\\\/www.meydan.tv\\\/wp-content\\\/uploads\\\/preview_1e962920abbd021381ef29250331d83b_v0x8byn.jpg\",\"contentUrl\":\"https:\\\/\\\/www.meydan.tv\\\/wp-content\\\/uploads\\\/preview_1e962920abbd021381ef29250331d83b_v0x8byn.jpg\",\"width\":940,\"height\":630,\"caption\":\"Source: google.az\"},{\"@type\":\"BreadcrumbList\",\"@id\":\"https:\\\/\\\/www.meydan.tv\\\/az\\\/article\\\/qazaxistanda-toqayevin-qelebesi-resmi-olaraq-elan-edildi\\\/#breadcrumb\",\"itemListElement\":[{\"@type\":\"ListItem\",\"position\":1,\"name\":\"Ana s\u0259hif\u0259\",\"item\":\"https:\\\/\\\/www.meydan.tv\\\/az\\\/\"},{\"@type\":\"ListItem\",\"position\":2,\"name\":\"D\u00fcnya\",\"item\":\"https:\\\/\\\/www.meydan.tv\\\/az\\\/section\\\/dunya\\\/\"},{\"@type\":\"ListItem\",\"position\":3,\"name\":\"Qazax\u0131standa Toqayevin q\u0259l\u0259b\u0259si r\u0259smi olaraq elan edildi\"}]},{\"@type\":\"WebSite\",\"@id\":\"https:\\\/\\\/www.meydan.tv\\\/az\\\/#website\",\"url\":\"https:\\\/\\\/www.meydan.tv\\\/az\\\/\",\"name\":\"MEYDAN.TV\",\"description\":\"Meydan TV Az\u0259rbaycan\u0131n media m\u0259kan\u0131ndak\u0131 alternativ s\u0259sidir\",\"publisher\":{\"@id\":\"https:\\\/\\\/www.meydan.tv\\\/az\\\/#organization\"},\"potentialAction\":[{\"@type\":\"SearchAction\",\"target\":{\"@type\":\"EntryPoint\",\"urlTemplate\":\"https:\\\/\\\/www.meydan.tv\\\/az\\\/?s={search_term_string}\"},\"query-input\":{\"@type\":\"PropertyValueSpecification\",\"valueRequired\":true,\"valueName\":\"search_term_string\"}}],\"inLanguage\":\"az\"},{\"@type\":\"Organization\",\"@id\":\"https:\\\/\\\/www.meydan.tv\\\/az\\\/#organization\",\"name\":\"Meydan TV\",\"url\":\"https:\\\/\\\/www.meydan.tv\\\/az\\\/\",\"logo\":{\"@type\":\"ImageObject\",\"inLanguage\":\"az\",\"@id\":\"https:\\\/\\\/www.meydan.tv\\\/az\\\/#\\\/schema\\\/logo\\\/image\\\/\",\"url\":\"https:\\\/\\\/www.meydan.tv\\\/wp-content\\\/uploads\\\/2021\\\/07\\\/meydan-logo.svg\",\"contentUrl\":\"https:\\\/\\\/www.meydan.tv\\\/wp-content\\\/uploads\\\/2021\\\/07\\\/meydan-logo.svg\",\"width\":195,\"height\":46,\"caption\":\"Meydan TV\"},\"image\":{\"@id\":\"https:\\\/\\\/www.meydan.tv\\\/az\\\/#\\\/schema\\\/logo\\\/image\\\/\"}},{\"@type\":\"Person\",\"@id\":\"https:\\\/\\\/www.meydan.tv\\\/az\\\/#\\\/schema\\\/person\\\/10d11eccf6da3662cf5fdab9806ea91a\",\"name\":\"user-manager\"}]}<\/script>\n<!-- \/ Yoast SEO plugin. -->","yoast_head_json":{"title":"Qazax\u0131standa Toqayevin q\u0259l\u0259b\u0259si r\u0259smi olaraq elan edildi - MEYDAN.TV","robots":{"index":"index","follow":"follow","max-snippet":"max-snippet:-1","max-image-preview":"max-image-preview:large","max-video-preview":"max-video-preview:-1"},"canonical":"https:\/\/www.meydan.tv\/az\/article\/qazaxistanda-toqayevin-qelebesi-resmi-olaraq-elan-edildi\/","og_locale":"az_AZ","og_type":"article","og_title":"Qazax\u0131standa Toqayevin q\u0259l\u0259b\u0259si r\u0259smi olaraq elan edildi - MEYDAN.TV","og_description":"\u0130yunun 11-d\u0259 x\u0259b\u0259r verilir ki, polis r\u0259smi n\u0259tic\u0259l\u0259r\u0259 etiraz etm\u0259k \u00fc\u00e7\u00fcn \u00f6lk\u0259nin \u0259n b\u00f6y\u00fck \u015f\u0259h\u0259ri olan Almat\u0131n\u0131n f\u0259rqli rayonlar\u0131nda topla\u015fan y\u00fczl\u0259rl\u0259 insan\u0131 da\u011f\u0131tma\u011fa \u00e7al\u0131\u015f\u0131b v\u0259 n\u00fcmayi\u015f\u00e7il\u0259rin b\u0259zil\u0259ri h\u0259bs edilib.","og_url":"https:\/\/www.meydan.tv\/az\/article\/qazaxistanda-toqayevin-qelebesi-resmi-olaraq-elan-edildi\/","og_site_name":"MEYDAN.TV","article_published_time":"2019-06-11T14:30:01+00:00","og_image":[{"width":940,"height":630,"url":"https:\/\/www.meydan.tv\/wp-content\/uploads\/preview_1e962920abbd021381ef29250331d83b_v0x8byn.jpg","type":"image\/jpeg"}],"author":"user-manager","twitter_card":"summary_large_image","schema":{"@context":"https:\/\/schema.org","@graph":[{"@type":"Article","@id":"https:\/\/www.meydan.tv\/az\/article\/qazaxistanda-toqayevin-qelebesi-resmi-olaraq-elan-edildi\/#article","isPartOf":{"@id":"https:\/\/www.meydan.tv\/az\/article\/qazaxistanda-toqayevin-qelebesi-resmi-olaraq-elan-edildi\/"},"author":{"name":"user-manager","@id":"https:\/\/www.meydan.tv\/az\/#\/schema\/person\/10d11eccf6da3662cf5fdab9806ea91a"},"headline":"Qazax\u0131standa Toqayevin q\u0259l\u0259b\u0259si r\u0259smi olaraq elan edildi","datePublished":"2019-06-11T14:30:01+00:00","mainEntityOfPage":{"@id":"https:\/\/www.meydan.tv\/az\/article\/qazaxistanda-toqayevin-qelebesi-resmi-olaraq-elan-edildi\/"},"wordCount":513,"publisher":{"@id":"https:\/\/www.meydan.tv\/az\/#organization"},"image":{"@id":"https:\/\/www.meydan.tv\/az\/article\/qazaxistanda-toqayevin-qelebesi-resmi-olaraq-elan-edildi\/#primaryimage"},"thumbnailUrl":"https:\/\/www.meydan.tv\/wp-content\/uploads\/preview_1e962920abbd021381ef29250331d83b_v0x8byn.jpg","articleSection":["D\u00fcnya"],"inLanguage":"az"},{"@type":"WebPage","@id":"https:\/\/www.meydan.tv\/az\/article\/qazaxistanda-toqayevin-qelebesi-resmi-olaraq-elan-edildi\/","url":"https:\/\/www.meydan.tv\/az\/article\/qazaxistanda-toqayevin-qelebesi-resmi-olaraq-elan-edildi\/","name":"Qazax\u0131standa Toqayevin q\u0259l\u0259b\u0259si r\u0259smi olaraq elan edildi - MEYDAN.TV","isPartOf":{"@id":"https:\/\/www.meydan.tv\/az\/#website"},"primaryImageOfPage":{"@id":"https:\/\/www.meydan.tv\/az\/article\/qazaxistanda-toqayevin-qelebesi-resmi-olaraq-elan-edildi\/#primaryimage"},"image":{"@id":"https:\/\/www.meydan.tv\/az\/article\/qazaxistanda-toqayevin-qelebesi-resmi-olaraq-elan-edildi\/#primaryimage"},"thumbnailUrl":"https:\/\/www.meydan.tv\/wp-content\/uploads\/preview_1e962920abbd021381ef29250331d83b_v0x8byn.jpg","datePublished":"2019-06-11T14:30:01+00:00","breadcrumb":{"@id":"https:\/\/www.meydan.tv\/az\/article\/qazaxistanda-toqayevin-qelebesi-resmi-olaraq-elan-edildi\/#breadcrumb"},"inLanguage":"az","potentialAction":[{"@type":"ReadAction","target":["https:\/\/www.meydan.tv\/az\/article\/qazaxistanda-toqayevin-qelebesi-resmi-olaraq-elan-edildi\/"]}]},{"@type":"ImageObject","inLanguage":"az","@id":"https:\/\/www.meydan.tv\/az\/article\/qazaxistanda-toqayevin-qelebesi-resmi-olaraq-elan-edildi\/#primaryimage","url":"https:\/\/www.meydan.tv\/wp-content\/uploads\/preview_1e962920abbd021381ef29250331d83b_v0x8byn.jpg","contentUrl":"https:\/\/www.meydan.tv\/wp-content\/uploads\/preview_1e962920abbd021381ef29250331d83b_v0x8byn.jpg","width":940,"height":630,"caption":"Source: google.az"},{"@type":"BreadcrumbList","@id":"https:\/\/www.meydan.tv\/az\/article\/qazaxistanda-toqayevin-qelebesi-resmi-olaraq-elan-edildi\/#breadcrumb","itemListElement":[{"@type":"ListItem","position":1,"name":"Ana s\u0259hif\u0259","item":"https:\/\/www.meydan.tv\/az\/"},{"@type":"ListItem","position":2,"name":"D\u00fcnya","item":"https:\/\/www.meydan.tv\/az\/section\/dunya\/"},{"@type":"ListItem","position":3,"name":"Qazax\u0131standa Toqayevin q\u0259l\u0259b\u0259si r\u0259smi olaraq elan edildi"}]},{"@type":"WebSite","@id":"https:\/\/www.meydan.tv\/az\/#website","url":"https:\/\/www.meydan.tv\/az\/","name":"MEYDAN.TV","description":"Meydan TV Az\u0259rbaycan\u0131n media m\u0259kan\u0131ndak\u0131 alternativ s\u0259sidir","publisher":{"@id":"https:\/\/www.meydan.tv\/az\/#organization"},"potentialAction":[{"@type":"SearchAction","target":{"@type":"EntryPoint","urlTemplate":"https:\/\/www.meydan.tv\/az\/?s={search_term_string}"},"query-input":{"@type":"PropertyValueSpecification","valueRequired":true,"valueName":"search_term_string"}}],"inLanguage":"az"},{"@type":"Organization","@id":"https:\/\/www.meydan.tv\/az\/#organization","name":"Meydan TV","url":"https:\/\/www.meydan.tv\/az\/","logo":{"@type":"ImageObject","inLanguage":"az","@id":"https:\/\/www.meydan.tv\/az\/#\/schema\/logo\/image\/","url":"https:\/\/www.meydan.tv\/wp-content\/uploads\/2021\/07\/meydan-logo.svg","contentUrl":"https:\/\/www.meydan.tv\/wp-content\/uploads\/2021\/07\/meydan-logo.svg","width":195,"height":46,"caption":"Meydan TV"},"image":{"@id":"https:\/\/www.meydan.tv\/az\/#\/schema\/logo\/image\/"}},{"@type":"Person","@id":"https:\/\/www.meydan.tv\/az\/#\/schema\/person\/10d11eccf6da3662cf5fdab9806ea91a","name":"user-manager"}]}},"_links":{"self":[{"href":"https:\/\/www.meydan.tv\/az\/wp-json\/wp\/v2\/posts\/195794","targetHints":{"allow":["GET"]}}],"collection":[{"href":"https:\/\/www.meydan.tv\/az\/wp-json\/wp\/v2\/posts"}],"about":[{"href":"https:\/\/www.meydan.tv\/az\/wp-json\/wp\/v2\/types\/post"}],"author":[{"embeddable":true,"href":"https:\/\/www.meydan.tv\/az\/wp-json\/wp\/v2\/users\/11"}],"replies":[{"embeddable":true,"href":"https:\/\/www.meydan.tv\/az\/wp-json\/wp\/v2\/comments?post=195794"}],"version-history":[{"count":0,"href":"https:\/\/www.meydan.tv\/az\/wp-json\/wp\/v2\/posts\/195794\/revisions"}],"wp:featuredmedia":[{"embeddable":true,"href":"https:\/\/www.meydan.tv\/az\/wp-json\/wp\/v2\/media\/125349"}],"wp:attachment":[{"href":"https:\/\/www.meydan.tv\/az\/wp-json\/wp\/v2\/media?parent=195794"}],"wp:term":[{"taxonomy":"category","embeddable":true,"href":"https:\/\/www.meydan.tv\/az\/wp-json\/wp\/v2\/categories?post=195794"},{"taxonomy":"post_tag","embeddable":true,"href":"https:\/\/www.meydan.tv\/az\/wp-json\/wp\/v2\/tags?post=195794"}],"curies":[{"name":"wp","href":"https:\/\/api.w.org\/{rel}","templated":true}]}}