{"id":195776,"date":"2019-06-10T19:50:11","date_gmt":"2019-06-10T19:50:11","guid":{"rendered":"https:\/\/www.meydan.tv\/article\/siyezende-tibb-bacisinin-unutqanligi-olume-sebeb-olub\/"},"modified":"2019-06-10T19:50:11","modified_gmt":"2019-06-10T19:50:11","slug":"siyezende-tibb-bacisinin-unutqanligi-olume-sebeb-olub","status":"publish","type":"post","link":"https:\/\/www.meydan.tv\/az\/article\/siyezende-tibb-bacisinin-unutqanligi-olume-sebeb-olub\/","title":{"rendered":"Siy\u0259z\u0259nd\u0259: Tibb bac\u0131s\u0131n\u0131n &#8221;unutqanl\u0131\u011f\u0131&#8221; \u00f6l\u00fcm\u0259 s\u0259b\u0259b olub"},"content":{"rendered":"<p>\n  <i><br \/>\n    M\u00f6h\u00fcbb\u0259t \u0130srafilov q\u0131z\u0131n\u0131n \u00f6l\u00fcm\u00fcnd\u0259 h\u0259kimi g\u00fcnahland\u0131r\u0131r<br \/>\n  <\/i>\n<\/p>\n<p>\n  \u201cTorpaq u\u011frunda can\u0131m\u0131 qoymu\u015fam, erm\u0259niyl\u0259 vuru\u015fmu\u015fam ki, 25 ild\u0259n sonra Az\u0259rbaycanda \u00f6vlad\u0131m\u0131 \u00f6ld\u00fcrs\u00fcnl\u0259r? U\u015fa\u011f\u0131m sa\u011f-salamat x\u0259st\u0259xanaya getdi, oradan c\u0259s\u0259di \u00e7\u0131xd\u0131. D\u00f6rd y\u00fcz manat pula g\u00f6r\u0259 q\u0131z\u0131m\u0131 \u00f6ld\u00fcrd\u00fcl\u0259r\u201d.\n<\/p>\n<p>\n  Siy\u0259z\u0259n rayon sakini M\u00f6h\u00fcbb\u0259t \u0130srafilov Meydan TV-y\u0259 bel\u0259 deyir. Onun s\u00f6zl\u0259rin\u0259 g\u00f6r\u0259, 1994-c\u00fc il t\u0259v\u0259ll\u00fcdl\u00fc q\u0131z\u0131 Ayt\u0259n Qas\u0131mova \u00f6t\u0259n il iyunun 11-d\u0259 Siy\u0259z\u0259n Regional M\u00fcalic\u0259 Diaqnostika M\u0259rk\u0259zin\u0259 (RMX) hamil\u0259 v\u0259ziyy\u0259tind\u0259 daxil olub. USM m\u00fcayin\u0259d\u0259n sonra h\u0259kiml\u0259r onu qeys\u0259riyy\u0259 \u0259m\u0259liyyat\u0131na g\u00f6t\u00fcr\u00fcb. \u018fm\u0259liyyatdan 20 d\u0259qiq\u0259 sonra is\u0259 pasiyent v\u0259fat edib:\n<\/p>\n<p>\n  \u201cQ\u0131z\u0131m 25 ya\u015f\u0131ndayd\u0131, ikinci hamil\u0259liyi idi. H\u0259kimi Aynur Quliyeva olub. O, q\u0131z\u0131ma demi\u015fdi ki, iyunun 11-d\u0259 g\u0259l, do\u011fum vaxt\u0131n\u0131 yoxlayaq. Do\u011fuma is\u0259 h\u0259l\u0259 iyirmi g\u00fcn vaxt var\u0131yd\u0131. \u018fslind\u0259, Ayt\u0259n h\u0259min g\u00fcn \u0259m\u0259liyyat olunmal\u0131 deyilmi\u015f. Pula g\u00f6r\u0259 sal\u0131blar \u0259m\u0259liyyata. \u018fm\u0259liyyat olundu, 20 d\u0259qiq\u0259 ke\u00e7m\u0259di hadis\u0259 ba\u015f verdi\u201d.\n<\/p>\n<p>\n  \u015eikay\u0259t\u00e7inin s\u00f6zl\u0259rin\u0259 g\u00f6r\u0259, q\u0131z\u0131nda a\u011fr\u0131k\u0259sici d\u0259rman olan \u201cAnalqin\u201d\u0259 qar\u015f\u0131 allergiya olub. \u018fm\u0259liyyatdan \u00f6nc\u0259 bu m\u0259lumat x\u0259st\u0259nin tarix kitabcas\u0131na qeyd edilib:\n<\/p>\n<p>\n  \u201cQ\u0131z\u0131m \u0259m\u0259liyyatdan \u00f6nc\u0259 yaz\u0131l\u0131 formada allergiyas\u0131n\u0131n\u0131n olmas\u0131 bar\u0259d\u0259 m\u0259lumat vermi\u015fdi. Biz d\u0259 d\u00f6n\u0259-d\u00f6n\u0259 \u0259m\u0259liyyata gir\u0259n tibbi hey\u0259t\u0259 q\u0131z\u0131n allergiyas\u0131n\u0131n oldu\u011funu s\u00f6yl\u0259mi\u015fdik. Deyil\u0259n\u0259 g\u00f6r\u0259, h\u0259min vaxt ba\u015fqa bir qad\u0131n do\u011fuma g\u0259lib, ba\u015flar\u0131 ona qar\u0131\u015f\u0131b. X\u0259st\u0259xanada adi xidm\u0259t\u00e7i d\u0259 deyir ki, q\u0131z yalvar\u0131rm\u0131\u015f ki, m\u0259n\u0259 bu iyn\u0259ni vurmay\u0131n. Q\u0131z\u0131ma da iyn\u0259ni tibb bac\u0131s\u0131 vurub. Tibb bac\u0131s\u0131n\u0131 da dindiribl\u0259r, deyib ki, bilirdim bu iyn\u0259 ona olmaz, sad\u0259c\u0259 unutmu\u015fam. \u0130nsan h\u0259yat\u0131 bunlar \u00fc\u00e7\u00fcn he\u00e7 n\u0259dir. Aynur Quliyevan\u0131n s\u0259hl\u0259nkarl\u0131\u011f\u0131 ucbat\u0131ndan u\u015fa\u011f\u0131m \u00f6l\u00fcb. O, m\u0259suliyy\u0259td\u0259n qa\u00e7d\u0131, dedi ki, m\u0259n t\u0259hvil ver\u0259nd\u0259n sonra iyn\u0259 vurulub. Bu i\u015fl\u0259ri t\u00f6r\u0259d\u0259n ba\u015f h\u0259kimdir. Guya o, bilmir ki, x\u0259st\u0259xanada pul y\u0131\u011f\u0131l\u0131r? Biri var, x\u0259st\u0259 ola, aparasan, hadis\u0259 ba\u015f ver\u0259, dey\u0259s\u0259n ki, olub. Amma q\u0131z\u0131m onlar\u0131n s\u0259hl\u0259nkarl\u0131\u011f\u0131, m\u0259suliyy\u0259tsiliyind\u0259n \u00f6l\u00fcb\u201d.\n<\/p>\n<p>\n  Siy\u0259z\u0259n Rayon M\u0259hk\u0259m\u0259sinin q\u0259rar\u0131na \u0259sas\u0259n, Cinay\u0259t M\u0259c\u0259ll\u0259sinin 124.1-ci (ehtiyats\u0131zl\u0131qdan adam \u00f6ld\u00fcrm\u0259) madd\u0259sil\u0259 ittiham edil\u0259n tibb bac\u0131s\u0131 R\u0259na Ba\u011f\u0131rova 1 il 9 ay m\u00fcdd\u0259tin\u0259 azadl\u0131qdan m\u0259hrum edilib. O, c\u0259zas\u0131n\u0131 m\u0259nt\u0259q\u0259 tipli c\u0259zac\u0259km\u0259 m\u00fc\u0259ssis\u0259sind\u0259 \u00e7\u0259k\u0259c\u0259k.\n<\/p>\n<p>\n  M\u00f6h\u00fcbb\u0259t \u0130srafilov is\u0259 m\u0259hk\u0259m\u0259 q\u0259rardan naraz\u0131d\u0131r:\n<\/p>\n<p>\n  \u201cBilir\u0259m ki, \u00f6l\u00fcm\u0259 baiskar Aynurdur. O, d\u0259f\u0259l\u0259rl\u0259 ana v\u0259 u\u015faq \u00f6l\u00fcm\u00fcn\u0259 s\u0259b\u0259b olub. Puldan verib, adamlar\u0131 susdurub. Aynur birinci d\u0259f\u0259 \u00f6l\u00fcm hadis\u0259sind\u0259 Siy\u0259z\u0259nd\u0259n getmi\u015fdi. Bir m\u00fcdd\u0259td\u0259n sonra geri qay\u0131td\u0131. Q\u0131z\u0131m\u0131 \u00f6ld\u00fcrd\u00fcl\u0259r, sonra da \u00f6rt-basd\u0131r el\u0259dil\u0259r. Bu \u00f6lk\u0259 ba\u015fl\u0131-ba\u015f\u0131nad\u0131r. D\u0259f\u0259l\u0259rl\u0259 Prezident Adminstrasiyas\u0131na, Ba\u015f Prokurorlu\u011fa, Milli M\u0259clis\u0259, S\u0259hiyy\u0259 Nazirliyin\u0259 m\u0259ktub yazd\u0131m, n\u0259tic\u0259si d\u0259 bu oldu. Aynur h\u0259kim bundan \u0259vv\u0259l bizim qohumun u\u015fa\u011f\u0131n\u0131 \u00f6ld\u00fcrm\u00fc\u015fd\u00fc. Pul verib, \u015fikay\u0259t etm\u0259y\u0259 qoymad\u0131. Q\u0131z\u0131m\u0131 \u00f6ld\u00fcrd\u00fcl\u0259r, qeys\u0259riyy\u0259 \u0259m\u0259liyyat\u0131 zaman\u0131 da n\u0259v\u0259min aya\u011f\u0131n\u0131 \u00e7\u0131xar\u0131blar, bir ildir ki, h\u0259kiml\u0259rd\u0259 qalm\u0131\u015f\u0131q\u201d.\n<\/p>\n<p>\n  RMX-n\u0131n ba\u015f h\u0259kimi Dada\u015f H\u00fcmb\u0259tov Meydan TV \u0259m\u0259kda\u015f\u0131 il\u0259 s\u00f6hb\u0259tind\u0259 bildirib ki, h\u0259min hadis\u0259d\u0259n d\u0259rhal sonra Tibbi \u015euran\u0131n iclas\u0131 ke\u00e7iril\u0259r\u0259k, tibb bac\u0131s\u0131 R\u0259na Ba\u011f\u0131rova i\u015fd\u0259n azad edilib:\n<\/p>\n<p>\n  \u201c\u00c7\u00fcnki \u00f6l\u00fcm\u0259 s\u0259b\u0259b onun s\u0259hl\u0259nkarl\u0131\u011f\u0131 olub. S\u0259hiyy\u0259 Nazirliyinin Do\u011fu\u015fayard\u0131m Komissiyas\u0131n\u0131n iclas\u0131nda R\u0259na Ba\u011f\u0131rova \u00f6z\u00fc boynuna ald\u0131, dedi ki, \u201cAnalqini m\u0259n vurmu\u015fam. Bu, istintaq ara\u015fd\u0131rmas\u0131 il\u0259 d\u0259 s\u00fcbuta yetirilib v\u0259 e\u015fitdiyim\u0259 g\u00f6r\u0259 ona c\u0259za verilib. X\u0259st\u0259nin allergiyas\u0131n\u0131n olmas\u0131ndan x\u0259b\u0259rimiz vard\u0131. Onun tarix\u00e7\u0259sind\u0259, eyni zamanda t\u0259yinat\u0131nda da yaz\u0131lm\u0131\u015fd\u0131 ki, \u201cAnalqin\u201d olmaz. H\u0259kimin he\u00e7 bir t\u0259qsiri yoxdur. R\u0259naya be\u015f d\u0259f\u0259 deyibl\u0259r ki, \u201cAnalqin\u201d olmaz. O da unudub, iyn\u0259ni vurub, x\u0259st\u0259 anafilaktik \u015fok ke\u00e7irib, 20 d\u0259qiq\u0259d\u0259n sonra v\u0259fat edib. \u018fm\u0259liyyat\u0131n taktiki gedi\u015find\u0259 kobud s\u0259hvl\u0259r\u0259 yol verils\u0259ydi, qanaxma olsayd\u0131, tiki\u015f a\u00e7\u0131lsayd\u0131, Aynur Quliyeva g\u00fcnahkar say\u0131lard\u0131. O, \u0259m\u0259liyyat zaman\u0131 v\u0259zif\u0259 funksiyalar\u0131n\u0131 d\u00fczg\u00fcn yerin\u0259 yetirib\u201d.\n<\/p>\n<p>\n  Bundan \u00f6nc\u0259 d\u0259 Meydan TV-y\u0259 Siy\u0259z\u0259n Regional M\u00fcalic\u0259 Diaqnostika M\u0259rk\u0259zinin (RMX) ginekoloq-h\u0259kimi Aynur Quliyevadan \u015fikay\u0259t daxil<br \/>\n  <a href=\"https:\/\/d9mc3ts4czbpr.cloudfront.net\/az\/article\/hekim-heyat-yoldasimi-ve-usagimi-oldurdu\/?ref=list-regions\"><br \/>\n    olub<br \/>\n  <\/a><br \/>\n  .\n<\/p>\n<p>\n  Siy\u0259z\u0259n rayon sakini Murad M\u0259mm\u0259dovun iddias\u0131na g\u00f6r\u0259, A.Quliyevan\u0131n tibbi s\u0259hvi, s\u0259hl\u0259nkarl\u0131\u011f\u0131 n\u0259tic\u0259sind\u0259 do\u011fu\u015f zaman\u0131 32 ya\u015fl\u0131 h\u0259yat yolda\u015f\u0131 B\u0259yl\u0259rova Z\u0259rif\u0259 Q\u0259ribxan q\u0131z\u0131 v\u0259 k\u00f6rp\u0259si v\u0259fat edib.<\/p>\n","protected":false},"excerpt":{"rendered":"<p>M\u00f6h\u00fcbb\u0259t \u0130srafilov q\u0131z\u0131n\u0131n \u00f6l\u00fcm\u00fcnd\u0259 h\u0259kimi g\u00fcnahland\u0131r\u0131r<\/p>\n","protected":false},"author":11,"featured_media":125304,"comment_status":"closed","ping_status":"open","sticky":false,"template":"","format":"standard","meta":{"_acf_changed":false,"_sitemap_exclude":false,"_sitemap_priority":"","_sitemap_frequency":"","footnotes":""},"categories":[60],"tags":[],"class_list":["post-195776","post","type-post","status-publish","format-standard","has-post-thumbnail","hentry","category-bolge","infinite-scroll-item","generate-columns","tablet-grid-50","mobile-grid-100","grid-parent","grid-33","no-featured-image-padding"],"acf":[],"yoast_head":"<!-- This site is optimized with the Yoast SEO plugin v27.4 - https:\/\/yoast.com\/product\/yoast-seo-wordpress\/ -->\n<title>Siy\u0259z\u0259nd\u0259: Tibb bac\u0131s\u0131n\u0131n &#039;&#039;unutqanl\u0131\u011f\u0131&#039;&#039; \u00f6l\u00fcm\u0259 s\u0259b\u0259b olub - MEYDAN.TV<\/title>\n<meta name=\"robots\" content=\"index, follow, max-snippet:-1, max-image-preview:large, max-video-preview:-1\" \/>\n<link rel=\"canonical\" href=\"https:\/\/www.meydan.tv\/az\/article\/siyezende-tibb-bacisinin-unutqanligi-olume-sebeb-olub\/\" \/>\n<meta property=\"og:locale\" content=\"az_AZ\" \/>\n<meta property=\"og:type\" content=\"article\" \/>\n<meta property=\"og:title\" content=\"Siy\u0259z\u0259nd\u0259: Tibb bac\u0131s\u0131n\u0131n &#039;&#039;unutqanl\u0131\u011f\u0131&#039;&#039; \u00f6l\u00fcm\u0259 s\u0259b\u0259b olub - MEYDAN.TV\" \/>\n<meta property=\"og:description\" content=\"M\u00f6h\u00fcbb\u0259t \u0130srafilov q\u0131z\u0131n\u0131n \u00f6l\u00fcm\u00fcnd\u0259 h\u0259kimi g\u00fcnahland\u0131r\u0131r\" \/>\n<meta property=\"og:url\" content=\"https:\/\/www.meydan.tv\/az\/article\/siyezende-tibb-bacisinin-unutqanligi-olume-sebeb-olub\/\" \/>\n<meta property=\"og:site_name\" content=\"MEYDAN.TV\" \/>\n<meta property=\"article:published_time\" content=\"2019-06-10T19:50:11+00:00\" \/>\n<meta property=\"og:image\" content=\"https:\/\/www.meydan.tv\/wp-content\/uploads\/image_from_ios_44.jpg\" \/>\n\t<meta property=\"og:image:width\" content=\"960\" \/>\n\t<meta property=\"og:image:height\" content=\"720\" \/>\n\t<meta property=\"og:image:type\" content=\"image\/jpeg\" \/>\n<meta name=\"author\" content=\"user-manager\" \/>\n<meta name=\"twitter:card\" content=\"summary_large_image\" \/>\n<script type=\"application\/ld+json\" class=\"yoast-schema-graph\">{\"@context\":\"https:\\\/\\\/schema.org\",\"@graph\":[{\"@type\":\"Article\",\"@id\":\"https:\\\/\\\/www.meydan.tv\\\/az\\\/article\\\/siyezende-tibb-bacisinin-unutqanligi-olume-sebeb-olub\\\/#article\",\"isPartOf\":{\"@id\":\"https:\\\/\\\/www.meydan.tv\\\/az\\\/article\\\/siyezende-tibb-bacisinin-unutqanligi-olume-sebeb-olub\\\/\"},\"author\":{\"name\":\"user-manager\",\"@id\":\"https:\\\/\\\/www.meydan.tv\\\/az\\\/#\\\/schema\\\/person\\\/10d11eccf6da3662cf5fdab9806ea91a\"},\"headline\":\"Siy\u0259z\u0259nd\u0259: Tibb bac\u0131s\u0131n\u0131n &#8221;unutqanl\u0131\u011f\u0131&#8221; \u00f6l\u00fcm\u0259 s\u0259b\u0259b olub\",\"datePublished\":\"2019-06-10T19:50:11+00:00\",\"mainEntityOfPage\":{\"@id\":\"https:\\\/\\\/www.meydan.tv\\\/az\\\/article\\\/siyezende-tibb-bacisinin-unutqanligi-olume-sebeb-olub\\\/\"},\"wordCount\":984,\"publisher\":{\"@id\":\"https:\\\/\\\/www.meydan.tv\\\/az\\\/#organization\"},\"image\":{\"@id\":\"https:\\\/\\\/www.meydan.tv\\\/az\\\/article\\\/siyezende-tibb-bacisinin-unutqanligi-olume-sebeb-olub\\\/#primaryimage\"},\"thumbnailUrl\":\"https:\\\/\\\/www.meydan.tv\\\/wp-content\\\/uploads\\\/image_from_ios_44.jpg\",\"articleSection\":[\"B\u00f6lg\u0259\"],\"inLanguage\":\"az\"},{\"@type\":\"WebPage\",\"@id\":\"https:\\\/\\\/www.meydan.tv\\\/az\\\/article\\\/siyezende-tibb-bacisinin-unutqanligi-olume-sebeb-olub\\\/\",\"url\":\"https:\\\/\\\/www.meydan.tv\\\/az\\\/article\\\/siyezende-tibb-bacisinin-unutqanligi-olume-sebeb-olub\\\/\",\"name\":\"Siy\u0259z\u0259nd\u0259: Tibb bac\u0131s\u0131n\u0131n ''unutqanl\u0131\u011f\u0131'' \u00f6l\u00fcm\u0259 s\u0259b\u0259b olub - MEYDAN.TV\",\"isPartOf\":{\"@id\":\"https:\\\/\\\/www.meydan.tv\\\/az\\\/#website\"},\"primaryImageOfPage\":{\"@id\":\"https:\\\/\\\/www.meydan.tv\\\/az\\\/article\\\/siyezende-tibb-bacisinin-unutqanligi-olume-sebeb-olub\\\/#primaryimage\"},\"image\":{\"@id\":\"https:\\\/\\\/www.meydan.tv\\\/az\\\/article\\\/siyezende-tibb-bacisinin-unutqanligi-olume-sebeb-olub\\\/#primaryimage\"},\"thumbnailUrl\":\"https:\\\/\\\/www.meydan.tv\\\/wp-content\\\/uploads\\\/image_from_ios_44.jpg\",\"datePublished\":\"2019-06-10T19:50:11+00:00\",\"breadcrumb\":{\"@id\":\"https:\\\/\\\/www.meydan.tv\\\/az\\\/article\\\/siyezende-tibb-bacisinin-unutqanligi-olume-sebeb-olub\\\/#breadcrumb\"},\"inLanguage\":\"az\",\"potentialAction\":[{\"@type\":\"ReadAction\",\"target\":[\"https:\\\/\\\/www.meydan.tv\\\/az\\\/article\\\/siyezende-tibb-bacisinin-unutqanligi-olume-sebeb-olub\\\/\"]}]},{\"@type\":\"ImageObject\",\"inLanguage\":\"az\",\"@id\":\"https:\\\/\\\/www.meydan.tv\\\/az\\\/article\\\/siyezende-tibb-bacisinin-unutqanligi-olume-sebeb-olub\\\/#primaryimage\",\"url\":\"https:\\\/\\\/www.meydan.tv\\\/wp-content\\\/uploads\\\/image_from_ios_44.jpg\",\"contentUrl\":\"https:\\\/\\\/www.meydan.tv\\\/wp-content\\\/uploads\\\/image_from_ios_44.jpg\",\"width\":960,\"height\":720,\"caption\":\"Source: Meydan TV\"},{\"@type\":\"BreadcrumbList\",\"@id\":\"https:\\\/\\\/www.meydan.tv\\\/az\\\/article\\\/siyezende-tibb-bacisinin-unutqanligi-olume-sebeb-olub\\\/#breadcrumb\",\"itemListElement\":[{\"@type\":\"ListItem\",\"position\":1,\"name\":\"Ana s\u0259hif\u0259\",\"item\":\"https:\\\/\\\/www.meydan.tv\\\/az\\\/\"},{\"@type\":\"ListItem\",\"position\":2,\"name\":\"B\u00f6lg\u0259\",\"item\":\"https:\\\/\\\/www.meydan.tv\\\/az\\\/section\\\/bolge\\\/\"},{\"@type\":\"ListItem\",\"position\":3,\"name\":\"Siy\u0259z\u0259nd\u0259: Tibb bac\u0131s\u0131n\u0131n &#8221;unutqanl\u0131\u011f\u0131&#8221; \u00f6l\u00fcm\u0259 s\u0259b\u0259b olub\"}]},{\"@type\":\"WebSite\",\"@id\":\"https:\\\/\\\/www.meydan.tv\\\/az\\\/#website\",\"url\":\"https:\\\/\\\/www.meydan.tv\\\/az\\\/\",\"name\":\"MEYDAN.TV\",\"description\":\"Meydan TV Az\u0259rbaycan\u0131n media m\u0259kan\u0131ndak\u0131 alternativ s\u0259sidir\",\"publisher\":{\"@id\":\"https:\\\/\\\/www.meydan.tv\\\/az\\\/#organization\"},\"potentialAction\":[{\"@type\":\"SearchAction\",\"target\":{\"@type\":\"EntryPoint\",\"urlTemplate\":\"https:\\\/\\\/www.meydan.tv\\\/az\\\/?s={search_term_string}\"},\"query-input\":{\"@type\":\"PropertyValueSpecification\",\"valueRequired\":true,\"valueName\":\"search_term_string\"}}],\"inLanguage\":\"az\"},{\"@type\":\"Organization\",\"@id\":\"https:\\\/\\\/www.meydan.tv\\\/az\\\/#organization\",\"name\":\"Meydan TV\",\"url\":\"https:\\\/\\\/www.meydan.tv\\\/az\\\/\",\"logo\":{\"@type\":\"ImageObject\",\"inLanguage\":\"az\",\"@id\":\"https:\\\/\\\/www.meydan.tv\\\/az\\\/#\\\/schema\\\/logo\\\/image\\\/\",\"url\":\"https:\\\/\\\/www.meydan.tv\\\/wp-content\\\/uploads\\\/2021\\\/07\\\/meydan-logo.svg\",\"contentUrl\":\"https:\\\/\\\/www.meydan.tv\\\/wp-content\\\/uploads\\\/2021\\\/07\\\/meydan-logo.svg\",\"width\":195,\"height\":46,\"caption\":\"Meydan TV\"},\"image\":{\"@id\":\"https:\\\/\\\/www.meydan.tv\\\/az\\\/#\\\/schema\\\/logo\\\/image\\\/\"}},{\"@type\":\"Person\",\"@id\":\"https:\\\/\\\/www.meydan.tv\\\/az\\\/#\\\/schema\\\/person\\\/10d11eccf6da3662cf5fdab9806ea91a\",\"name\":\"user-manager\"}]}<\/script>\n<!-- \/ Yoast SEO plugin. -->","yoast_head_json":{"title":"Siy\u0259z\u0259nd\u0259: Tibb bac\u0131s\u0131n\u0131n ''unutqanl\u0131\u011f\u0131'' \u00f6l\u00fcm\u0259 s\u0259b\u0259b olub - MEYDAN.TV","robots":{"index":"index","follow":"follow","max-snippet":"max-snippet:-1","max-image-preview":"max-image-preview:large","max-video-preview":"max-video-preview:-1"},"canonical":"https:\/\/www.meydan.tv\/az\/article\/siyezende-tibb-bacisinin-unutqanligi-olume-sebeb-olub\/","og_locale":"az_AZ","og_type":"article","og_title":"Siy\u0259z\u0259nd\u0259: Tibb bac\u0131s\u0131n\u0131n ''unutqanl\u0131\u011f\u0131'' \u00f6l\u00fcm\u0259 s\u0259b\u0259b olub - MEYDAN.TV","og_description":"M\u00f6h\u00fcbb\u0259t \u0130srafilov q\u0131z\u0131n\u0131n \u00f6l\u00fcm\u00fcnd\u0259 h\u0259kimi g\u00fcnahland\u0131r\u0131r","og_url":"https:\/\/www.meydan.tv\/az\/article\/siyezende-tibb-bacisinin-unutqanligi-olume-sebeb-olub\/","og_site_name":"MEYDAN.TV","article_published_time":"2019-06-10T19:50:11+00:00","og_image":[{"width":960,"height":720,"url":"https:\/\/www.meydan.tv\/wp-content\/uploads\/image_from_ios_44.jpg","type":"image\/jpeg"}],"author":"user-manager","twitter_card":"summary_large_image","schema":{"@context":"https:\/\/schema.org","@graph":[{"@type":"Article","@id":"https:\/\/www.meydan.tv\/az\/article\/siyezende-tibb-bacisinin-unutqanligi-olume-sebeb-olub\/#article","isPartOf":{"@id":"https:\/\/www.meydan.tv\/az\/article\/siyezende-tibb-bacisinin-unutqanligi-olume-sebeb-olub\/"},"author":{"name":"user-manager","@id":"https:\/\/www.meydan.tv\/az\/#\/schema\/person\/10d11eccf6da3662cf5fdab9806ea91a"},"headline":"Siy\u0259z\u0259nd\u0259: Tibb bac\u0131s\u0131n\u0131n &#8221;unutqanl\u0131\u011f\u0131&#8221; \u00f6l\u00fcm\u0259 s\u0259b\u0259b olub","datePublished":"2019-06-10T19:50:11+00:00","mainEntityOfPage":{"@id":"https:\/\/www.meydan.tv\/az\/article\/siyezende-tibb-bacisinin-unutqanligi-olume-sebeb-olub\/"},"wordCount":984,"publisher":{"@id":"https:\/\/www.meydan.tv\/az\/#organization"},"image":{"@id":"https:\/\/www.meydan.tv\/az\/article\/siyezende-tibb-bacisinin-unutqanligi-olume-sebeb-olub\/#primaryimage"},"thumbnailUrl":"https:\/\/www.meydan.tv\/wp-content\/uploads\/image_from_ios_44.jpg","articleSection":["B\u00f6lg\u0259"],"inLanguage":"az"},{"@type":"WebPage","@id":"https:\/\/www.meydan.tv\/az\/article\/siyezende-tibb-bacisinin-unutqanligi-olume-sebeb-olub\/","url":"https:\/\/www.meydan.tv\/az\/article\/siyezende-tibb-bacisinin-unutqanligi-olume-sebeb-olub\/","name":"Siy\u0259z\u0259nd\u0259: Tibb bac\u0131s\u0131n\u0131n ''unutqanl\u0131\u011f\u0131'' \u00f6l\u00fcm\u0259 s\u0259b\u0259b olub - MEYDAN.TV","isPartOf":{"@id":"https:\/\/www.meydan.tv\/az\/#website"},"primaryImageOfPage":{"@id":"https:\/\/www.meydan.tv\/az\/article\/siyezende-tibb-bacisinin-unutqanligi-olume-sebeb-olub\/#primaryimage"},"image":{"@id":"https:\/\/www.meydan.tv\/az\/article\/siyezende-tibb-bacisinin-unutqanligi-olume-sebeb-olub\/#primaryimage"},"thumbnailUrl":"https:\/\/www.meydan.tv\/wp-content\/uploads\/image_from_ios_44.jpg","datePublished":"2019-06-10T19:50:11+00:00","breadcrumb":{"@id":"https:\/\/www.meydan.tv\/az\/article\/siyezende-tibb-bacisinin-unutqanligi-olume-sebeb-olub\/#breadcrumb"},"inLanguage":"az","potentialAction":[{"@type":"ReadAction","target":["https:\/\/www.meydan.tv\/az\/article\/siyezende-tibb-bacisinin-unutqanligi-olume-sebeb-olub\/"]}]},{"@type":"ImageObject","inLanguage":"az","@id":"https:\/\/www.meydan.tv\/az\/article\/siyezende-tibb-bacisinin-unutqanligi-olume-sebeb-olub\/#primaryimage","url":"https:\/\/www.meydan.tv\/wp-content\/uploads\/image_from_ios_44.jpg","contentUrl":"https:\/\/www.meydan.tv\/wp-content\/uploads\/image_from_ios_44.jpg","width":960,"height":720,"caption":"Source: Meydan TV"},{"@type":"BreadcrumbList","@id":"https:\/\/www.meydan.tv\/az\/article\/siyezende-tibb-bacisinin-unutqanligi-olume-sebeb-olub\/#breadcrumb","itemListElement":[{"@type":"ListItem","position":1,"name":"Ana s\u0259hif\u0259","item":"https:\/\/www.meydan.tv\/az\/"},{"@type":"ListItem","position":2,"name":"B\u00f6lg\u0259","item":"https:\/\/www.meydan.tv\/az\/section\/bolge\/"},{"@type":"ListItem","position":3,"name":"Siy\u0259z\u0259nd\u0259: Tibb bac\u0131s\u0131n\u0131n &#8221;unutqanl\u0131\u011f\u0131&#8221; \u00f6l\u00fcm\u0259 s\u0259b\u0259b olub"}]},{"@type":"WebSite","@id":"https:\/\/www.meydan.tv\/az\/#website","url":"https:\/\/www.meydan.tv\/az\/","name":"MEYDAN.TV","description":"Meydan TV Az\u0259rbaycan\u0131n media m\u0259kan\u0131ndak\u0131 alternativ s\u0259sidir","publisher":{"@id":"https:\/\/www.meydan.tv\/az\/#organization"},"potentialAction":[{"@type":"SearchAction","target":{"@type":"EntryPoint","urlTemplate":"https:\/\/www.meydan.tv\/az\/?s={search_term_string}"},"query-input":{"@type":"PropertyValueSpecification","valueRequired":true,"valueName":"search_term_string"}}],"inLanguage":"az"},{"@type":"Organization","@id":"https:\/\/www.meydan.tv\/az\/#organization","name":"Meydan TV","url":"https:\/\/www.meydan.tv\/az\/","logo":{"@type":"ImageObject","inLanguage":"az","@id":"https:\/\/www.meydan.tv\/az\/#\/schema\/logo\/image\/","url":"https:\/\/www.meydan.tv\/wp-content\/uploads\/2021\/07\/meydan-logo.svg","contentUrl":"https:\/\/www.meydan.tv\/wp-content\/uploads\/2021\/07\/meydan-logo.svg","width":195,"height":46,"caption":"Meydan TV"},"image":{"@id":"https:\/\/www.meydan.tv\/az\/#\/schema\/logo\/image\/"}},{"@type":"Person","@id":"https:\/\/www.meydan.tv\/az\/#\/schema\/person\/10d11eccf6da3662cf5fdab9806ea91a","name":"user-manager"}]}},"_links":{"self":[{"href":"https:\/\/www.meydan.tv\/az\/wp-json\/wp\/v2\/posts\/195776","targetHints":{"allow":["GET"]}}],"collection":[{"href":"https:\/\/www.meydan.tv\/az\/wp-json\/wp\/v2\/posts"}],"about":[{"href":"https:\/\/www.meydan.tv\/az\/wp-json\/wp\/v2\/types\/post"}],"author":[{"embeddable":true,"href":"https:\/\/www.meydan.tv\/az\/wp-json\/wp\/v2\/users\/11"}],"replies":[{"embeddable":true,"href":"https:\/\/www.meydan.tv\/az\/wp-json\/wp\/v2\/comments?post=195776"}],"version-history":[{"count":0,"href":"https:\/\/www.meydan.tv\/az\/wp-json\/wp\/v2\/posts\/195776\/revisions"}],"wp:featuredmedia":[{"embeddable":true,"href":"https:\/\/www.meydan.tv\/az\/wp-json\/wp\/v2\/media\/125304"}],"wp:attachment":[{"href":"https:\/\/www.meydan.tv\/az\/wp-json\/wp\/v2\/media?parent=195776"}],"wp:term":[{"taxonomy":"category","embeddable":true,"href":"https:\/\/www.meydan.tv\/az\/wp-json\/wp\/v2\/categories?post=195776"},{"taxonomy":"post_tag","embeddable":true,"href":"https:\/\/www.meydan.tv\/az\/wp-json\/wp\/v2\/tags?post=195776"}],"curies":[{"name":"wp","href":"https:\/\/api.w.org\/{rel}","templated":true}]}}