{"id":195774,"date":"2019-06-10T15:30:13","date_gmt":"2019-06-10T15:30:13","guid":{"rendered":"https:\/\/www.meydan.tv\/article\/dovletin-gul-kimi-layihesini-bolgede-memurlar-mehv-etdi\/"},"modified":"2019-06-10T15:30:13","modified_gmt":"2019-06-10T15:30:13","slug":"dovletin-gul-kimi-layihesini-bolgede-memurlar-mehv-etdi","status":"publish","type":"post","link":"https:\/\/www.meydan.tv\/az\/article\/dovletin-gul-kimi-layihesini-bolgede-memurlar-mehv-etdi\/","title":{"rendered":"&#8221;D\u00f6vl\u0259tin g\u00fcl kimi layih\u0259sini b\u00f6lg\u0259d\u0259 m\u0259murlar m\u0259hv etdi&#8221;"},"content":{"rendered":"<p>\n  <i><br \/>\n    Ucar sakini d\u0259 ona x\u0259st\u0259 v\u0259 q\u0131s\u0131r heyvanlar verdikl\u0259rini deyir<br \/>\n  <\/i>\n<\/p>\n<p>\n  \u201c1 ay t\u0259pik d\u00f6yd\u00fck, 40 saat d\u0259rsl\u0259rd\u0259 oturduq. Yazd\u0131\u011f\u0131m\u0131z biznes plan\u0131 b\u0259h-b\u0259hl\u0259 q\u0259bul edildi. M\u00fckafat\u0131 da 20 x\u0259st\u0259 qoyun oldu\u201d.\n<\/p>\n<p>\n  Ucar\u0131n M\u0259likball\u0131 k\u0259ndinin sakini Ruslan Namazov bel\u0259 deyir. Bildirir ki, \u0259vv\u0259ll\u0259r d\u0259 heyvandarl\u0131qla m\u0259\u015f\u011ful olublar. Sonra m\u00fcflis olub, b\u00fct\u00fcn heyvanlar\u0131n\u0131 sat\u0131blar. Ail\u0259nin v\u0259ziyy\u0259ti o q\u0259d\u0259r a\u011f\u0131rla\u015f\u0131b ki, sonda \u00fcnvanl\u0131 sosial yard\u0131ma m\u00fcraci\u0259t etm\u0259li olublar. 2 il yard\u0131mla dolan\u0131blar. Sonra Ucar Rayon M\u0259\u015f\u011fulluq M\u0259rk\u0259zi ail\u0259y\u0259 \u201cyard\u0131mdan imtina et, siz\u0259 mal-heyvan ver\u0259k\u201d \u2013 t\u0259klifi edib.\n<\/p>\n<p>\n  R.Namazov deyir ki, heyvandarl\u0131\u011f\u0131n n\u0259 q\u0259d\u0259r g\u0259lirli sah\u0259 oldu\u011funu bildiyi \u00fc\u00e7\u00fcn el\u0259 h\u0259min g\u00fcn\u00fc yard\u0131mdan imtina edib, d\u0259rsl\u0259r\u0259 yaz\u0131l\u0131b.\n<\/p>\n<p>\n  \u201cDaha haradan bil\u0259rdm ki, yard\u0131mdan imtina etm\u0259yim\u0259 min pe\u015fman olaca\u011f\u0131m\u0131? Gec\u0259nin yar\u0131s\u0131 g\u0259tirib h\u0259y\u0259t\u0259 20 qoyun at\u0131b getdil\u0259r. Ancaq imzalad\u0131\u011f\u0131m\u0131z m\u00fcqavil\u0259d\u0259 deyilir ki, biz\u0259 20 \u0259d\u0259d yan\u0131balal\u0131 qoyun v\u0259 1 qo\u00e7 verilm\u0259li imi\u015f. Bunlar is\u0259 20 qoyun verdil\u0259r. Qo\u00e7u soru\u015fanda da \u0259lav\u0259 bir qoyun da verdil\u0259r quca\u011f\u0131ma ki, sat\u0131b, qo\u00e7 alarsan. H\u0259min qoyun da x\u0259st\u0259likd\u0259n g\u00fccl\u0259 ayaq \u00fcst\u0259 dururdu. S\u0259h\u0259risi bazara apard\u0131m, birt\u0259h\u0259r 60 manata sata bildim. \u00dcst\u00fcn\u0259 d\u0259 \u0259limd\u0259-ovcumda qalan 140 manat\u0131 qoyub bir qo\u00e7 ald\u0131m\u201d.\n<\/p>\n<p>\n  K\u0259ndli deyir ki, bu da i\u015f\u0259 yaramay\u0131b. \u0130ndiy\u0259 q\u0259d\u0259r h\u0259min qoyunlardan c\u0259mi 5-nin balas\u0131 olub. \u00dcst\u0259lik, 9 qoyun x\u0259st\u0259likd\u0259n \u00f6l\u00fcb:\n<\/p>\n<p>\n  \u201cD\u00fczd\u00fcr, yerin\u0259 g\u0259tirib ba\u015fqas\u0131n\u0131 verdil\u0259r. Ancaq o g\u0259tirdikl\u0259rinin i\u00e7ind\u0259 d\u0259 \u00f6l\u0259nl\u0259r oldu. Sonra yen\u0259 ba\u015fqas\u0131n\u0131 g\u0259tirdil\u0259r. Ham\u0131s\u0131 x\u0259st\u0259 qoyunlard\u0131r. M\u0259s\u0259l\u0259 d\u0259 buras\u0131ndad\u0131r ki, m\u0259n x\u0259rc \u00e7\u0259kib onlar\u0131 m\u00fcalic\u0259 etdirir\u0259m, \u00f6l\u00fcrl\u0259r, sonra yenid\u0259n ba\u015fqa x\u0259st\u0259 qoyun g\u0259tirirl\u0259r. Bu d\u0259f\u0259 h\u0259min qoyuna x\u0259rc \u00e7\u0259kir\u0259m, sonra o da \u00f6l\u00fcr. M\u0259n art\u0131q ba\u015f\u0131ma haran\u0131n da\u015f\u0131n\u0131 t\u00f6k\u0259c\u0259yimi bilmir\u0259m\u201d.\n<\/p>\n<p>\n  Ruslan Namazov bildirir ki, g\u0259tiril\u0259n qoyunlar h\u0259m x\u0259st\u0259, h\u0259m d\u0259 q\u0131s\u0131rd\u0131r. \u00d6z\u00fcn\u00fcm\u0259\u015f\u011fulluq proqram\u0131n\u0131n is\u0259 \u015f\u0259rtl\u0259ri var. Veril\u0259n heyvanlar\u0131 yox, balas\u0131n\u0131, s\u00fcd\u00fcn\u00fc, qat\u0131\u011f\u0131n\u0131 satmaq olar:\n<\/p>\n<p>\n  \u201cBalalay\u0131r ki, sat\u0131m? G\u0259r\u0259k balalas\u0131n ki, s\u00fcd\u00fc, qat\u0131\u011f\u0131 da oldun. Bu heyvanlar g\u0259ldikl\u0259ri g\u00fcnd\u0259n bizd\u0259n al\u0131blar ancaq. H\u0259l\u0259 m\u0259n bu heyvanlardan bir xeyir g\u00f6rm\u0259mi\u015f\u0259m. Bel\u0259 gets\u0259, n\u0259s\u0259 xeyir g\u00f6r\u0259c\u0259yim\u0259 d\u0259 inanm\u0131ram. \u00dcnvanl\u0131 sosial yard\u0131m da \u0259ld\u0259n \u00e7\u0131xd\u0131. 4 q\u0131z\u0131m var, ham\u0131s\u0131 da oxumaq ist\u0259yir. M\u0259n daha bilmir\u0259m ail\u0259mi nec\u0259 doland\u0131r\u0131m, o q\u0131zlar\u0131 nec\u0259 oxudum. He\u00e7 n\u0259 bilmir\u0259m\u201d.\n<\/p>\n<p>\n  R.Namazov anlaya bilmir ki, niy\u0259 m\u0259\u015f\u011fulluq m\u0259rk\u0259zinin \u0259m\u0259kda\u015flar\u0131 ail\u0259l\u0259r\u0259 veril\u0259n heyvanlar\u0131 gec\u0259yar\u0131, t\u0259l\u0259sik g\u0259tirirl\u0259r:\n<\/p>\n<p>\n  \u201c\u0130nan\u0131n, g\u0259tir\u0259nl\u0259rin \u00fcz\u00fcn\u00fc d\u0259 g\u00f6rm\u00fcr\u00fck. \u018fg\u0259r bir gizlin i\u015fl\u0259ri yoxdursa, niy\u0259 gec\u0259yn\u0259n g\u0259lirl\u0259r, niy\u0259 \u00fczl\u0259rini bizd\u0259n gizl\u0259dirl\u0259r, anlam\u0131ram. El\u0259 s\u0259n\u0259dl\u0259ri d\u0259 gec\u0259yn\u0259n, sevinc\u0259k imzalam\u0131\u015f\u0131q, g\u00f6rm\u0259mi\u015fik bizi aldatd\u0131qlar\u0131n\u0131. Sonradan oxuyuram ki, s\u0259n\u0259dd\u0259ki \u015f\u0259rtl\u0259r tamamil\u0259 f\u0259rqlidir. \u00c7oxunda bruselyoz x\u0259st\u0259liyi var. \u00d6z\u00fcm 3 il bruselyoz x\u0259st\u0259liyind\u0259n \u0259ziyy\u0259t \u00e7\u0259kmi\u015f\u0259m, ill\u0259rl\u0259 m\u00fcalic\u0259 al\u0131b, g\u00fccl\u0259 xilas olmu\u015fam. \u0130ndi qorxuram ki, yen\u0259 tutam. O x\u0259st\u0259liyi yax\u015f\u0131 bilir\u0259m. S\u0259h\u0259r t\u00f6vl\u0259y\u0259 gir\u0259nd\u0259 ham\u0131s\u0131n\u0131n n\u0259f\u0259sind\u0259n \u00e7ox pis qoxu g\u0259ldiyini hiss edir\u0259m\u201d.\n<\/p>\n<figure class=\"wp-block-image size-large\">\n  <img decoding=\"async\" src=\"https:\/\/www.meydan.tv\/az\/xeste-heyvan\/\" alt=\"X\u0259st\u0259 heyvan\" class=\"wp-image-125300\"\/><figcaption>\n    X\u0259st\u0259 heyvan<br \/>\n  <\/figcaption><\/figure>\n<p>\n  R.Namazov deyir ki, gec\u0259 il\u0259 heyvanlar\u0131 g\u0259tir\u0259nl\u0259rd\u0259n 2 n\u0259f\u0259ri tan\u0131ya bilib. H\u0259r ikisi m\u0259\u015f\u011fulluq m\u0259rk\u0259zinin \u0259m\u0259kda\u015flar\u0131 olub:\n<\/p>\n<p>\n  \u201cBiri Elg\u00fcn adl\u0131 \u015f\u0259xs, dig\u0259ri d\u0259 Qas\u0131m m\u00fc\u0259llim idi. M\u0259n dedim ki, g\u00fcnd\u00fcz g\u0259tirsinl\u0259r, bax\u0131m, se\u00e7im g\u00f6t\u00fcr\u00fcm heyvan\u0131. Dedil\u0259r, g\u00f6t\u00fcrm\u00fcrs\u0259ns\u0259, imtina \u0259riz\u0259si yazaca\u011f\u0131q. Ondan sonra m\u00fcraci\u0259t ets\u0259n d\u0259, verm\u0259zl\u0259r. M\u0259cbur olub, g\u00f6t\u00fcrd\u00fcm. \u0130nan\u0131n, az qala arpam\u0131n ham\u0131s\u0131n\u0131 yeyib bitiribl\u0259r. He\u00e7 \u0259m\u0259l\u0259 d\u0259 g\u0259lm\u0259yibl\u0259r\u201d.\n<\/p>\n<p>\n  R.Namazov problemi il\u0259 ba\u011fl\u0131 Bak\u0131ya, \u018fm\u0259k v\u0259 \u018fhalinin Sosial M\u00fcdafi\u0259si Nazirliyin\u0259 d\u0259 gedib. Oradan da bildiribl\u0259r ki, v\u0259t\u0259nda\u015fa ist\u0259m\u0259diyi heyvan\u0131 zorla ver\u0259 bilm\u0259zl\u0259r:\n<\/p>\n<p>\n  \u201cAncaq biz b\u00f6lg\u0259l\u0259rd\u0259ki m\u0259murlara d\u0259rdimizi dey\u0259 bilmirik. Heyvan\u0131 \u00fcst\u00fcm\u00fcz\u0259 at\u0131b qa\u00e7\u0131rlar. B\u0259lk\u0259 d\u0259 tamah imkan vermir. D\u00f6vl\u0259tin g\u00fcl kimi layih\u0259sini b\u00f6lg\u0259d\u0259ki m\u0259murlar m\u0259hv etdi. Mill\u0259ti \u00e7ox yax\u015f\u0131 \u0259l\u0259 sald\u0131lar\u201d.\n<\/p>\n<p>\n  B\u00f6lg\u0259l\u0259rd\u0259ki insanlar proqram\u0131 s\u0131rf b\u00f6lg\u0259 m\u0259murlar\u0131n\u0131n m\u0259hv etdiyini d\u00fc\u015f\u00fcn\u00fcrl\u0259r. Daha bilmirl\u0259r ki, D\u00f6vl\u0259t M\u0259\u015f\u011fulluq Xidm\u0259ti 2018-ci ilin avqustunda respublikan\u0131n rayonlar\u0131 \u00fczr\u0259 \u0259halinin \u00f6z\u00fcn\u0259m\u0259\u015f\u011fullu\u011funun t\u0259min olunmas\u0131 il\u0259 ba\u011fl\u0131 t\u0259l\u0259b olunan k\u0259nd t\u0259s\u0259rr\u00fcfat\u0131 mallar\u0131n\u0131n sat\u0131n al\u0131nmas\u0131 \u00fc\u00e7\u00fcn \u201cAqri Kon\u201d MMC v\u0259 \u201cBis Co\u201d MMC il\u0259 m\u00fcqavil\u0259l\u0259r ba\u011flay\u0131b. Konsorsiumun apar\u0131c\u0131 t\u0259\u015fkilat\u0131 olan \u201cAqri Kon\u201d MMC il\u0259 ba\u011flanan bu m\u00fcqavil\u0259nin 19 milyon 225 min 246 manatl\u0131q d\u0259y\u0259ri var. Ancaq h\u0259min \u015firk\u0259tl\u0259r layih\u0259ni he\u00e7 bir tenderd\u0259 udmay\u0131blar. D\u00f6vl\u0259t Sat\u0131nalmalar\u0131 Reyestrinin sayt\u0131nda \u018fm\u0259k v\u0259 \u018fhalinin Sosial M\u00fcdafi\u0259si Nazirliyinin bu i\u015fl\u0259rl\u0259 ba\u011fl\u0131 elan etdiyi h\u0259r hans\u0131 tender elan\u0131na rast g\u0259linmir.\n<\/p>\n<p>\n  Nazirliyin layih\u0259ni birg\u0259 h\u0259yata ke\u00e7irdiyi \u201cAqri Kon\u201d MMC-nin r\u0259hb\u0259ri Elman Umudov da<br \/>\n  <a href=\"https:\/\/www.meydan.tv\/az\/article\/ozunumesgulluq-proqramini-nazire-bagli-sirketler-heyata-kecirir\/?ref=list-investigations\"><br \/>\n    etiraf edib<br \/>\n  <\/a><br \/>\n  ki, daha \u00f6z\u00fcn\u00fcm\u0259\u015f\u011fulluq proqram\u0131 onlar\u0131n \u018fm\u0259k v\u0259 \u018fhalinin Sosial M\u00fcdafi\u0259si Nazirliyi il\u0259 \u0259m\u0259kda\u015fl\u0131q etdikl\u0259ri ilk layih\u0259 deyil. Daha \u00f6nc\u0259 d\u0259 m\u00fcxt\u0259lif \u015firk\u0259tl\u0259rl\u0259 nazirliyin bir ne\u00e7\u0259 layih\u0259sind\u0259 qalib olublar:\n<\/p>\n<p>\n  \u201cM\u0259n nazirliyin tenderl\u0259rind\u0259 \u0259vv\u0259ll\u0259r d\u0259 qalib g\u0259lmi\u015f\u0259m. Sad\u0259c\u0259 ba\u015fqa \u015firk\u0259t ad\u0131 il\u0259. \u00d6z\u00fcn\u00fc\u015f\u0259\u015f\u011fulluq proqram\u0131n\u0131 h\u0259yata ke\u00e7ir\u0259n Bis Co\u201d MMC Fariz H\u00fcseynlinindir, \u201cAqri Kon\u201d MMC d\u0259 m\u0259nim. Birg\u0259 i\u015fl\u0259yirik. Yeni \u015firk\u0259tl\u0259 tender udma\u011fa g\u0259linc\u0259, sad\u0259c\u0259 \u0259vv\u0259lki \u015firk\u0259tl\u0259rd\u0259 problem yaratd\u0131lar. Gah dedil\u0259r, vergid\u0259n azads\u0131z, gah dedil\u0259r, 8 faiz \u00f6d\u0259m\u0259lisiniz. Bir s\u00f6zl\u0259, o s\u0259n\u0259dl\u0259ri haz\u0131rlamaq 4-5 ay \u00e7\u0259kdi. Ax\u0131rda yeni \u015firk\u0259t a\u00e7maq q\u0259rar\u0131na g\u0259ldik. A\u00e7d\u0131q v\u0259 yeni \u015firk\u0259tl\u0259 m\u00fcraci\u0259t edib, tenderi udduq\u201d.\n<\/p>\n<p>\n  B\u00f6lg\u0259l\u0259rd\u0259 insanlara x\u0259st\u0259 heyvanlar\u0131n verilm\u0259si \u015fikay\u0259tl\u0259rin\u0259 g\u0259linc\u0259, Elman Umudov deyib ki, v\u0259t\u0259nda\u015flar\u0131n \u015fikay\u0259tl\u0259ri yersizdir. Kims\u0259y\u0259 x\u0259st\u0259, \u00e7\u0131xda\u015f heyvan verilm\u0259yib:\n<\/p>\n<p>\n  \u201cEl\u0259 insanlar \u015fikay\u0259t verib ki, he\u00e7 onlara nazirlik yard\u0131m da g\u00f6st\u0259rm\u0259yib, o adamlar\u0131n \u00e7oxu he\u00e7 heyvan da almay\u0131b. Yaz\u0131blar d\u0259, \u015fikay\u0259tdi, edibl\u0259r. Guya onlara x\u0259st\u0259 heyvan vermi\u015fik. Gedib ara\u015fd\u0131r\u0131blar, m\u0259lum olub ki, he\u00e7 k\u0259ndl\u0259rd\u0259 bel\u0259 insanlar yoxdur. Yaland\u0131r, b\u00f6htand\u0131r\u201d.\n<\/p>\n<p>\n  Ucar Rayon M\u0259\u015f\u011fulluq M\u0259rk\u0259zinin direktoru Qas\u0131m Kamilov da v\u0259t\u0259nda\u015flar\u0131n yalan s\u00f6yl\u0259diyini bildirib. O, Meydan TV-y\u0259 deyib ki, v\u0259t\u0259nda\u015flar onlara veril\u0259n heyvanlar\u0131 saxlaya bilmirl\u0259r, b\u0259han\u0259 edirl\u0259r:\n<\/p>\n<p>\n  \u201cD\u00fczd\u00fcr, layih\u0259d\u0259 \u0259vv\u0259lc\u0259 bir-iki x\u0131rda problem olub. Ancaq indi ham\u0131s\u0131 h\u0259ll edilib,, bitib. G\u00fcl kimi heyvanlar verilib camaata, x\u0259st\u0259 deyill\u0259r. G\u00f6r\u00fcn\u00fcr yax\u015f\u0131 baxa bilmirl\u0259r dey\u0259 g\u00fcnahland\u0131rma\u011fa yer axtar\u0131rlar\u201d.\n<\/p>\n<p>\n  R\u0259smi m\u0259lumatlara g\u00f6r\u0259, 2017-ci ild\u0259 \u00d6z\u00fcn\u00fcm\u0259\u015f\u011fulluq Proqram\u0131ndan 1232 ail\u0259 faydalan\u0131b. 2018-ci ild\u0259 is\u0259 proqrama 35 milyon manat v\u0259sait ayr\u0131l\u0131b .\n<\/p>\n<p>\n  \u018fm\u0259k v\u0259 \u0259halinin sosial m\u00fcdafi\u0259si naziri Sahil Babayev 2018-ci ild\u0259 proqram\u0131n 7737 n\u0259f\u0259ri \u0259hat\u0259 etdiyini deyib:\n<\/p>\n<p>\n  \u201cOnlardan 1029 n\u0259f\u0259ri g\u0259nc, 1255 n\u0259f\u0259ri m\u0259cburi k\u00f6\u00e7k\u00fcn, 816 n\u0259f\u0259ri \u00fcnvanl\u0131 sosial yard\u0131m alan, 298 n\u0259f\u0259ri m\u00fcharib\u0259 veteran\u0131d\u0131r. Bundan ba\u015fqa, \u00d6z\u00fcn\u00fcm\u0259\u015f\u011fulluq Proqram\u0131 il\u0259 1309 qad\u0131n, 913 fiziki m\u0259hdudiyy\u0259tli \u015f\u0259xs \u0259hat\u0259 olunub\u201d.\n<\/p>\n<p>\n  2019-cu ild\u0259 bu proqrama daha 8000 n\u0259f\u0259rin c\u0259lb olunmas\u0131 v\u0259 yen\u0259 30 milyondan art\u0131q v\u0259sait ayr\u0131lmas\u0131 planla\u015fd\u0131r\u0131l\u0131r.\n<\/p>\n<figure class=\"wp-block-image size-large\">\n  <img decoding=\"async\" src=\"https:\/\/www.meydan.tv\/az\/ruslan-namazov\/\" alt=\"Ruslan Namazov\" class=\"wp-image-125298\"\/><figcaption>\n    Ruslan Namazov<br \/>\n  <\/figcaption><\/figure>\n","protected":false},"excerpt":{"rendered":"<p>Ucar sakini d\u0259 ona x\u0259st\u0259 v\u0259 q\u0131s\u0131r heyvanlar verdikl\u0259rini deyir<\/p>\n","protected":false},"author":11,"featured_media":125310,"comment_status":"closed","ping_status":"open","sticky":false,"template":"","format":"standard","meta":{"_acf_changed":false,"_sitemap_exclude":false,"_sitemap_priority":"","_sitemap_frequency":"","footnotes":""},"categories":[60],"tags":[],"class_list":["post-195774","post","type-post","status-publish","format-standard","has-post-thumbnail","hentry","category-bolge","infinite-scroll-item","generate-columns","tablet-grid-50","mobile-grid-100","grid-parent","grid-33","no-featured-image-padding"],"acf":[],"yoast_head":"<!-- This site is optimized with the Yoast SEO plugin v27.4 - https:\/\/yoast.com\/product\/yoast-seo-wordpress\/ -->\n<title>&#039;&#039;D\u00f6vl\u0259tin g\u00fcl kimi layih\u0259sini b\u00f6lg\u0259d\u0259 m\u0259murlar m\u0259hv etdi&#039;&#039; - MEYDAN.TV<\/title>\n<meta name=\"robots\" content=\"index, follow, max-snippet:-1, max-image-preview:large, max-video-preview:-1\" \/>\n<link rel=\"canonical\" href=\"https:\/\/www.meydan.tv\/az\/article\/dovletin-gul-kimi-layihesini-bolgede-memurlar-mehv-etdi\/\" \/>\n<meta property=\"og:locale\" content=\"az_AZ\" \/>\n<meta property=\"og:type\" content=\"article\" \/>\n<meta property=\"og:title\" content=\"&#039;&#039;D\u00f6vl\u0259tin g\u00fcl kimi layih\u0259sini b\u00f6lg\u0259d\u0259 m\u0259murlar m\u0259hv etdi&#039;&#039; - MEYDAN.TV\" \/>\n<meta property=\"og:description\" content=\"Ucar sakini d\u0259 ona x\u0259st\u0259 v\u0259 q\u0131s\u0131r heyvanlar verdikl\u0259rini deyir\" \/>\n<meta property=\"og:url\" content=\"https:\/\/www.meydan.tv\/az\/article\/dovletin-gul-kimi-layihesini-bolgede-memurlar-mehv-etdi\/\" \/>\n<meta property=\"og:site_name\" content=\"MEYDAN.TV\" \/>\n<meta property=\"article:published_time\" content=\"2019-06-10T15:30:13+00:00\" \/>\n<meta property=\"og:image\" content=\"https:\/\/www.meydan.tv\/wp-content\/uploads\/untitled_design_47.jpg\" \/>\n\t<meta property=\"og:image:width\" content=\"1280\" \/>\n\t<meta property=\"og:image:height\" content=\"720\" \/>\n\t<meta property=\"og:image:type\" content=\"image\/jpeg\" \/>\n<meta name=\"author\" content=\"user-manager\" \/>\n<meta name=\"twitter:card\" content=\"summary_large_image\" \/>\n<script type=\"application\/ld+json\" class=\"yoast-schema-graph\">{\"@context\":\"https:\\\/\\\/schema.org\",\"@graph\":[{\"@type\":\"Article\",\"@id\":\"https:\\\/\\\/www.meydan.tv\\\/az\\\/article\\\/dovletin-gul-kimi-layihesini-bolgede-memurlar-mehv-etdi\\\/#article\",\"isPartOf\":{\"@id\":\"https:\\\/\\\/www.meydan.tv\\\/az\\\/article\\\/dovletin-gul-kimi-layihesini-bolgede-memurlar-mehv-etdi\\\/\"},\"author\":{\"name\":\"user-manager\",\"@id\":\"https:\\\/\\\/www.meydan.tv\\\/az\\\/#\\\/schema\\\/person\\\/10d11eccf6da3662cf5fdab9806ea91a\"},\"headline\":\"&#8221;D\u00f6vl\u0259tin g\u00fcl kimi layih\u0259sini b\u00f6lg\u0259d\u0259 m\u0259murlar m\u0259hv etdi&#8221;\",\"datePublished\":\"2019-06-10T15:30:13+00:00\",\"mainEntityOfPage\":{\"@id\":\"https:\\\/\\\/www.meydan.tv\\\/az\\\/article\\\/dovletin-gul-kimi-layihesini-bolgede-memurlar-mehv-etdi\\\/\"},\"wordCount\":1559,\"publisher\":{\"@id\":\"https:\\\/\\\/www.meydan.tv\\\/az\\\/#organization\"},\"image\":{\"@id\":\"https:\\\/\\\/www.meydan.tv\\\/az\\\/article\\\/dovletin-gul-kimi-layihesini-bolgede-memurlar-mehv-etdi\\\/#primaryimage\"},\"thumbnailUrl\":\"https:\\\/\\\/www.meydan.tv\\\/wp-content\\\/uploads\\\/untitled_design_47.jpg\",\"articleSection\":[\"B\u00f6lg\u0259\"],\"inLanguage\":\"az\"},{\"@type\":\"WebPage\",\"@id\":\"https:\\\/\\\/www.meydan.tv\\\/az\\\/article\\\/dovletin-gul-kimi-layihesini-bolgede-memurlar-mehv-etdi\\\/\",\"url\":\"https:\\\/\\\/www.meydan.tv\\\/az\\\/article\\\/dovletin-gul-kimi-layihesini-bolgede-memurlar-mehv-etdi\\\/\",\"name\":\"''D\u00f6vl\u0259tin g\u00fcl kimi layih\u0259sini b\u00f6lg\u0259d\u0259 m\u0259murlar m\u0259hv etdi'' - MEYDAN.TV\",\"isPartOf\":{\"@id\":\"https:\\\/\\\/www.meydan.tv\\\/az\\\/#website\"},\"primaryImageOfPage\":{\"@id\":\"https:\\\/\\\/www.meydan.tv\\\/az\\\/article\\\/dovletin-gul-kimi-layihesini-bolgede-memurlar-mehv-etdi\\\/#primaryimage\"},\"image\":{\"@id\":\"https:\\\/\\\/www.meydan.tv\\\/az\\\/article\\\/dovletin-gul-kimi-layihesini-bolgede-memurlar-mehv-etdi\\\/#primaryimage\"},\"thumbnailUrl\":\"https:\\\/\\\/www.meydan.tv\\\/wp-content\\\/uploads\\\/untitled_design_47.jpg\",\"datePublished\":\"2019-06-10T15:30:13+00:00\",\"breadcrumb\":{\"@id\":\"https:\\\/\\\/www.meydan.tv\\\/az\\\/article\\\/dovletin-gul-kimi-layihesini-bolgede-memurlar-mehv-etdi\\\/#breadcrumb\"},\"inLanguage\":\"az\",\"potentialAction\":[{\"@type\":\"ReadAction\",\"target\":[\"https:\\\/\\\/www.meydan.tv\\\/az\\\/article\\\/dovletin-gul-kimi-layihesini-bolgede-memurlar-mehv-etdi\\\/\"]}]},{\"@type\":\"ImageObject\",\"inLanguage\":\"az\",\"@id\":\"https:\\\/\\\/www.meydan.tv\\\/az\\\/article\\\/dovletin-gul-kimi-layihesini-bolgede-memurlar-mehv-etdi\\\/#primaryimage\",\"url\":\"https:\\\/\\\/www.meydan.tv\\\/wp-content\\\/uploads\\\/untitled_design_47.jpg\",\"contentUrl\":\"https:\\\/\\\/www.meydan.tv\\\/wp-content\\\/uploads\\\/untitled_design_47.jpg\",\"width\":1280,\"height\":720,\"caption\":\"Source: Meydan TV\"},{\"@type\":\"BreadcrumbList\",\"@id\":\"https:\\\/\\\/www.meydan.tv\\\/az\\\/article\\\/dovletin-gul-kimi-layihesini-bolgede-memurlar-mehv-etdi\\\/#breadcrumb\",\"itemListElement\":[{\"@type\":\"ListItem\",\"position\":1,\"name\":\"Ana s\u0259hif\u0259\",\"item\":\"https:\\\/\\\/www.meydan.tv\\\/az\\\/\"},{\"@type\":\"ListItem\",\"position\":2,\"name\":\"B\u00f6lg\u0259\",\"item\":\"https:\\\/\\\/www.meydan.tv\\\/az\\\/section\\\/bolge\\\/\"},{\"@type\":\"ListItem\",\"position\":3,\"name\":\"&#8221;D\u00f6vl\u0259tin g\u00fcl kimi layih\u0259sini b\u00f6lg\u0259d\u0259 m\u0259murlar m\u0259hv etdi&#8221;\"}]},{\"@type\":\"WebSite\",\"@id\":\"https:\\\/\\\/www.meydan.tv\\\/az\\\/#website\",\"url\":\"https:\\\/\\\/www.meydan.tv\\\/az\\\/\",\"name\":\"MEYDAN.TV\",\"description\":\"Meydan TV Az\u0259rbaycan\u0131n media m\u0259kan\u0131ndak\u0131 alternativ s\u0259sidir\",\"publisher\":{\"@id\":\"https:\\\/\\\/www.meydan.tv\\\/az\\\/#organization\"},\"potentialAction\":[{\"@type\":\"SearchAction\",\"target\":{\"@type\":\"EntryPoint\",\"urlTemplate\":\"https:\\\/\\\/www.meydan.tv\\\/az\\\/?s={search_term_string}\"},\"query-input\":{\"@type\":\"PropertyValueSpecification\",\"valueRequired\":true,\"valueName\":\"search_term_string\"}}],\"inLanguage\":\"az\"},{\"@type\":\"Organization\",\"@id\":\"https:\\\/\\\/www.meydan.tv\\\/az\\\/#organization\",\"name\":\"Meydan TV\",\"url\":\"https:\\\/\\\/www.meydan.tv\\\/az\\\/\",\"logo\":{\"@type\":\"ImageObject\",\"inLanguage\":\"az\",\"@id\":\"https:\\\/\\\/www.meydan.tv\\\/az\\\/#\\\/schema\\\/logo\\\/image\\\/\",\"url\":\"https:\\\/\\\/www.meydan.tv\\\/wp-content\\\/uploads\\\/2021\\\/07\\\/meydan-logo.svg\",\"contentUrl\":\"https:\\\/\\\/www.meydan.tv\\\/wp-content\\\/uploads\\\/2021\\\/07\\\/meydan-logo.svg\",\"width\":195,\"height\":46,\"caption\":\"Meydan TV\"},\"image\":{\"@id\":\"https:\\\/\\\/www.meydan.tv\\\/az\\\/#\\\/schema\\\/logo\\\/image\\\/\"}},{\"@type\":\"Person\",\"@id\":\"https:\\\/\\\/www.meydan.tv\\\/az\\\/#\\\/schema\\\/person\\\/10d11eccf6da3662cf5fdab9806ea91a\",\"name\":\"user-manager\"}]}<\/script>\n<!-- \/ Yoast SEO plugin. -->","yoast_head_json":{"title":"''D\u00f6vl\u0259tin g\u00fcl kimi layih\u0259sini b\u00f6lg\u0259d\u0259 m\u0259murlar m\u0259hv etdi'' - MEYDAN.TV","robots":{"index":"index","follow":"follow","max-snippet":"max-snippet:-1","max-image-preview":"max-image-preview:large","max-video-preview":"max-video-preview:-1"},"canonical":"https:\/\/www.meydan.tv\/az\/article\/dovletin-gul-kimi-layihesini-bolgede-memurlar-mehv-etdi\/","og_locale":"az_AZ","og_type":"article","og_title":"''D\u00f6vl\u0259tin g\u00fcl kimi layih\u0259sini b\u00f6lg\u0259d\u0259 m\u0259murlar m\u0259hv etdi'' - MEYDAN.TV","og_description":"Ucar sakini d\u0259 ona x\u0259st\u0259 v\u0259 q\u0131s\u0131r heyvanlar verdikl\u0259rini deyir","og_url":"https:\/\/www.meydan.tv\/az\/article\/dovletin-gul-kimi-layihesini-bolgede-memurlar-mehv-etdi\/","og_site_name":"MEYDAN.TV","article_published_time":"2019-06-10T15:30:13+00:00","og_image":[{"width":1280,"height":720,"url":"https:\/\/www.meydan.tv\/wp-content\/uploads\/untitled_design_47.jpg","type":"image\/jpeg"}],"author":"user-manager","twitter_card":"summary_large_image","schema":{"@context":"https:\/\/schema.org","@graph":[{"@type":"Article","@id":"https:\/\/www.meydan.tv\/az\/article\/dovletin-gul-kimi-layihesini-bolgede-memurlar-mehv-etdi\/#article","isPartOf":{"@id":"https:\/\/www.meydan.tv\/az\/article\/dovletin-gul-kimi-layihesini-bolgede-memurlar-mehv-etdi\/"},"author":{"name":"user-manager","@id":"https:\/\/www.meydan.tv\/az\/#\/schema\/person\/10d11eccf6da3662cf5fdab9806ea91a"},"headline":"&#8221;D\u00f6vl\u0259tin g\u00fcl kimi layih\u0259sini b\u00f6lg\u0259d\u0259 m\u0259murlar m\u0259hv etdi&#8221;","datePublished":"2019-06-10T15:30:13+00:00","mainEntityOfPage":{"@id":"https:\/\/www.meydan.tv\/az\/article\/dovletin-gul-kimi-layihesini-bolgede-memurlar-mehv-etdi\/"},"wordCount":1559,"publisher":{"@id":"https:\/\/www.meydan.tv\/az\/#organization"},"image":{"@id":"https:\/\/www.meydan.tv\/az\/article\/dovletin-gul-kimi-layihesini-bolgede-memurlar-mehv-etdi\/#primaryimage"},"thumbnailUrl":"https:\/\/www.meydan.tv\/wp-content\/uploads\/untitled_design_47.jpg","articleSection":["B\u00f6lg\u0259"],"inLanguage":"az"},{"@type":"WebPage","@id":"https:\/\/www.meydan.tv\/az\/article\/dovletin-gul-kimi-layihesini-bolgede-memurlar-mehv-etdi\/","url":"https:\/\/www.meydan.tv\/az\/article\/dovletin-gul-kimi-layihesini-bolgede-memurlar-mehv-etdi\/","name":"''D\u00f6vl\u0259tin g\u00fcl kimi layih\u0259sini b\u00f6lg\u0259d\u0259 m\u0259murlar m\u0259hv etdi'' - MEYDAN.TV","isPartOf":{"@id":"https:\/\/www.meydan.tv\/az\/#website"},"primaryImageOfPage":{"@id":"https:\/\/www.meydan.tv\/az\/article\/dovletin-gul-kimi-layihesini-bolgede-memurlar-mehv-etdi\/#primaryimage"},"image":{"@id":"https:\/\/www.meydan.tv\/az\/article\/dovletin-gul-kimi-layihesini-bolgede-memurlar-mehv-etdi\/#primaryimage"},"thumbnailUrl":"https:\/\/www.meydan.tv\/wp-content\/uploads\/untitled_design_47.jpg","datePublished":"2019-06-10T15:30:13+00:00","breadcrumb":{"@id":"https:\/\/www.meydan.tv\/az\/article\/dovletin-gul-kimi-layihesini-bolgede-memurlar-mehv-etdi\/#breadcrumb"},"inLanguage":"az","potentialAction":[{"@type":"ReadAction","target":["https:\/\/www.meydan.tv\/az\/article\/dovletin-gul-kimi-layihesini-bolgede-memurlar-mehv-etdi\/"]}]},{"@type":"ImageObject","inLanguage":"az","@id":"https:\/\/www.meydan.tv\/az\/article\/dovletin-gul-kimi-layihesini-bolgede-memurlar-mehv-etdi\/#primaryimage","url":"https:\/\/www.meydan.tv\/wp-content\/uploads\/untitled_design_47.jpg","contentUrl":"https:\/\/www.meydan.tv\/wp-content\/uploads\/untitled_design_47.jpg","width":1280,"height":720,"caption":"Source: Meydan TV"},{"@type":"BreadcrumbList","@id":"https:\/\/www.meydan.tv\/az\/article\/dovletin-gul-kimi-layihesini-bolgede-memurlar-mehv-etdi\/#breadcrumb","itemListElement":[{"@type":"ListItem","position":1,"name":"Ana s\u0259hif\u0259","item":"https:\/\/www.meydan.tv\/az\/"},{"@type":"ListItem","position":2,"name":"B\u00f6lg\u0259","item":"https:\/\/www.meydan.tv\/az\/section\/bolge\/"},{"@type":"ListItem","position":3,"name":"&#8221;D\u00f6vl\u0259tin g\u00fcl kimi layih\u0259sini b\u00f6lg\u0259d\u0259 m\u0259murlar m\u0259hv etdi&#8221;"}]},{"@type":"WebSite","@id":"https:\/\/www.meydan.tv\/az\/#website","url":"https:\/\/www.meydan.tv\/az\/","name":"MEYDAN.TV","description":"Meydan TV Az\u0259rbaycan\u0131n media m\u0259kan\u0131ndak\u0131 alternativ s\u0259sidir","publisher":{"@id":"https:\/\/www.meydan.tv\/az\/#organization"},"potentialAction":[{"@type":"SearchAction","target":{"@type":"EntryPoint","urlTemplate":"https:\/\/www.meydan.tv\/az\/?s={search_term_string}"},"query-input":{"@type":"PropertyValueSpecification","valueRequired":true,"valueName":"search_term_string"}}],"inLanguage":"az"},{"@type":"Organization","@id":"https:\/\/www.meydan.tv\/az\/#organization","name":"Meydan TV","url":"https:\/\/www.meydan.tv\/az\/","logo":{"@type":"ImageObject","inLanguage":"az","@id":"https:\/\/www.meydan.tv\/az\/#\/schema\/logo\/image\/","url":"https:\/\/www.meydan.tv\/wp-content\/uploads\/2021\/07\/meydan-logo.svg","contentUrl":"https:\/\/www.meydan.tv\/wp-content\/uploads\/2021\/07\/meydan-logo.svg","width":195,"height":46,"caption":"Meydan TV"},"image":{"@id":"https:\/\/www.meydan.tv\/az\/#\/schema\/logo\/image\/"}},{"@type":"Person","@id":"https:\/\/www.meydan.tv\/az\/#\/schema\/person\/10d11eccf6da3662cf5fdab9806ea91a","name":"user-manager"}]}},"_links":{"self":[{"href":"https:\/\/www.meydan.tv\/az\/wp-json\/wp\/v2\/posts\/195774","targetHints":{"allow":["GET"]}}],"collection":[{"href":"https:\/\/www.meydan.tv\/az\/wp-json\/wp\/v2\/posts"}],"about":[{"href":"https:\/\/www.meydan.tv\/az\/wp-json\/wp\/v2\/types\/post"}],"author":[{"embeddable":true,"href":"https:\/\/www.meydan.tv\/az\/wp-json\/wp\/v2\/users\/11"}],"replies":[{"embeddable":true,"href":"https:\/\/www.meydan.tv\/az\/wp-json\/wp\/v2\/comments?post=195774"}],"version-history":[{"count":0,"href":"https:\/\/www.meydan.tv\/az\/wp-json\/wp\/v2\/posts\/195774\/revisions"}],"wp:featuredmedia":[{"embeddable":true,"href":"https:\/\/www.meydan.tv\/az\/wp-json\/wp\/v2\/media\/125310"}],"wp:attachment":[{"href":"https:\/\/www.meydan.tv\/az\/wp-json\/wp\/v2\/media?parent=195774"}],"wp:term":[{"taxonomy":"category","embeddable":true,"href":"https:\/\/www.meydan.tv\/az\/wp-json\/wp\/v2\/categories?post=195774"},{"taxonomy":"post_tag","embeddable":true,"href":"https:\/\/www.meydan.tv\/az\/wp-json\/wp\/v2\/tags?post=195774"}],"curies":[{"name":"wp","href":"https:\/\/api.w.org\/{rel}","templated":true}]}}