{"id":195772,"date":"2019-06-10T14:53:25","date_gmt":"2019-06-10T14:53:25","guid":{"rendered":"https:\/\/www.meydan.tv\/article\/almaniyanin-xarici-isler-naziri-tehranda-konstruktiv-yollar-axtarir\/"},"modified":"2019-06-10T14:53:25","modified_gmt":"2019-06-10T14:53:25","slug":"almaniyanin-xarici-isler-naziri-tehranda-konstruktiv-yollar-axtarir","status":"publish","type":"post","link":"https:\/\/www.meydan.tv\/az\/article\/almaniyanin-xarici-isler-naziri-tehranda-konstruktiv-yollar-axtarir\/","title":{"rendered":"Almaniyan\u0131n xarici i\u015fl\u0259r naziri Tehranda &#8221;konstruktiv&#8221; yollar axtar\u0131r"},"content":{"rendered":"<p>\n  <i><br \/>\n    Almaniya v\u0259 \u0130ran\u0131n xarici i\u015fl\u0259r nazirl\u0259rinin g\u00f6r\u00fc\u015f\u00fcnd\u0259 n\u00fcv\u0259 raz\u0131la\u015fmas\u0131n\u0131n qorunmas\u0131 m\u0259s\u0259l\u0259si m\u00fczakir\u0259 olunacaq<br \/>\n  <\/i>\n<\/p>\n<p>\n  Almaniyan\u0131n xarici i\u015fl\u0259r naziri Hayko Maas (Heiko Maas) \u0130ran v\u0259 d\u00fcnya q\u00fcvv\u0259l\u0259ri aras\u0131nda 2015-ci ild\u0259 imzalanm\u0131\u015f n\u00fcv\u0259 raz\u0131la\u015fmas\u0131n\u0131n qorunmas\u0131 \u00fc\u00e7\u00fcn m\u00f6vcud imkanlar\u0131 ara\u015fd\u0131rmaq m\u0259qs\u0259diyl\u0259 iranl\u0131 h\u0259mkar\u0131 il\u0259 g\u00f6r\u00fc\u015f\u0259c\u0259k, &#8211; Azadl\u0131q Radiosu x\u0259b\u0259r verir.\n<\/p>\n<p>\n  G\u00f6r\u00fc\u015f iyunun 10-da ba\u015f tutacaq.\n<\/p>\n<p>\n  Maas \u00f6t\u0259n g\u00fcn \u0130ran\u0131n xarici i\u015fl\u0259r naziri M\u0259h\u0259mm\u0259d Cavad Z\u0259rif v\u0259 Prezident H\u0259s\u0259n Ruhani il\u0259 g\u00f6r\u00fc\u015fm\u0259k \u00fc\u00e7\u00fcn Tehrana g\u0259lib.\n<\/p>\n<p>\n  Tehran s\u0259f\u0259rind\u0259n \u00f6nc\u0259 Maas dan\u0131\u015f\u0131qlar\u0131n h\u0259r iki t\u0259r\u0259f \u00fc\u00e7\u00fcn &quot;konstruktiv&quot; olaca\u011f\u0131na \u00fcmid edib. O deyib ki, t\u0259r\u0259fl\u0259r \u0130ran\u0131n n\u00fcv\u0259 m\u00fcqavil\u0259sini qorumas\u0131 \u00fc\u00e7\u00fcn yollar axtaracaqlar.\n<\/p>\n<p>\n  Z\u0259rif is\u0259 deyib ki, o, t\u0259r\u0259fda\u015flar\u0131n raz\u0131la\u015fman\u0131 qorumaq \u00fc\u00e7\u00fcn n\u0259 t\u0259klif ed\u0259c\u0259kl\u0259rini bilm\u0259k ist\u0259yir.\n<\/p>\n<p>\n  M\u00fcqavil\u0259nin Avropa t\u0259r\u0259fda\u015flar\u0131 &#8211; Fransa, \u0130ngilt\u0259r\u0259 v\u0259 Almaniya &#8211; Amerika Birl\u0259\u015fmi\u015f \u015etatlar\u0131 2018-ci ilin may\u0131ndan etibar\u0259n m\u00fcqavil\u0259d\u0259n geri \u00e7\u0259kildikd\u0259n v\u0259 Va\u015finqton \u0130ran iqtisadiyyat\u0131na sanksiyalar t\u0259tbiq etm\u0259y\u0259 ba\u015flad\u0131qdan sonra \u00e7al\u0131\u015f\u0131rlar ki, h\u0259r hans\u0131 yolla Tehranla imzalanm\u0131\u015f raz\u0131la\u015fman\u0131 qorusunlar.\n<\/p>\n<p>\n  AB\u015e prezidenti Donald Tramp deyib ki, m\u00fcqavil\u0259nin \u015f\u0259rtl\u0259ri \u0130ran\u0131n n\u00fcv\u0259 silah\u0131n\u0131 inki\u015faf etdirm\u0259sin\u0259 mane olmaq \u00fc\u00e7\u00fcn kifay\u0259t q\u0259d\u0259r q\u0259na\u0259tb\u0259x\u015f deyil v\u0259 \u0130ran\u0131n ballistik raket proqram\u0131n\u0131, el\u0259c\u0259 d\u0259 Yax\u0131n \u015e\u0259rqd\u0259 m\u00f6vcud olan m\u00fcnaqi\u015f\u0259l\u0259rd\u0259ki rolunu \u0259ks etdirmir.\n<\/p>\n<p>\n  M\u00fcqavil\u0259ni imzalayan Avropa d\u00f6vl\u0259tl\u0259ri d\u0259 AB\u015e-\u0131n \u0130ran\u0131n ballistik raket proqram\u0131 v\u0259 regional f\u0259aliyy\u0259tl\u0259ri il\u0259 ba\u011fl\u0131 narahatl\u0131qlar\u0131n\u0131 payla\u015f\u0131r.\n<\/p>\n<p>\n  \u0130ran bu iddialar\u0131 r\u0259dd edir v\u0259 israr edir ki, n\u00fcv\u0259 proqram\u0131 sivil enerji m\u0259qs\u0259dl\u0259ri \u00fc\u00e7\u00fcn inki\u015faf etdirilir.\n<\/p>\n<p>\n  Ke\u00e7\u0259n ay Tehran n\u00fcv\u0259 raz\u0131la\u015fmas\u0131 \u00e7\u0259r\u00e7iv\u0259sind\u0259 bir s\u0131ra \u00f6hd\u0259likl\u0259rind\u0259n boyun qa\u00e7\u0131r\u0131b v\u0259 qeyd edib ki, Avropa \u00f6lk\u0259l\u0259ri onu AB\u015e-\u0131n sanksiyalar\u0131ndan qorumazsa, uran z\u0259nginl\u0259\u015fdirm\u0259sini davam etdir\u0259c\u0259k.\n<\/p>\n<p>\n  \u0130yunun 10-da \u0130ran Xarici \u0130\u015fl\u0259r Nazirliyinin m\u0259tbuat katibi Abbas Mus\u0259vi avropal\u0131 t\u0259r\u0259fda\u015flar\u0131n\u0131 q\u0131nayaraq deyib: &quot;\u0130ndiy\u0259 q\u0259d\u0259r biz \u0130ran\u0131n maraqlar\u0131n\u0131 t\u0259min etm\u0259k \u00fc\u00e7\u00fcn avropal\u0131lardan praktiki v\u0259 \u0259ll\u0259 tutulacaq he\u00e7 bir add\u0131m g\u00f6rm\u0259mi\u015fik&quot;.\n<\/p>\n<p>\n  Avropa \u00f6lk\u0259l\u0259ri &quot;\u0130ran\u0131 n\u00fcv\u0259 raz\u0131la\u015fmas\u0131ndan k\u0259nara \u00e7\u0131xan m\u0259s\u0259l\u0259l\u0259rd\u0259 sor\u011fulamaq iqtidar\u0131nda deyil,&quot; &#8211; Mus\u0259vi deyib.\n<\/p>\n<p>\n  Tehran v\u0259 Va\u015finqton aras\u0131ndak\u0131 g\u0259rginlik son h\u0259ft\u0259l\u0259rd\u0259 AB\u015e-\u0131n Yax\u0131n \u015e\u0259rq\u0259 h\u0259rbi avadanl\u0131q g\u00f6nd\u0259rm\u0259siyl\u0259 daha da art\u0131b. AB\u015e \u0130ran\u0131 a\u00e7\u0131q olaraq &quot;t\u0259hdid&quot; adland\u0131r\u0131b. Tehran is\u0259 AB\u015e-\u0131n iddialar\u0131n\u0131 r\u0259dd edir.<\/p>\n","protected":false},"excerpt":{"rendered":"<p>Almaniya v\u0259 \u0130ran\u0131n xarici i\u015fl\u0259r nazirl\u0259rinin g\u00f6r\u00fc\u015f\u00fcnd\u0259 n\u00fcv\u0259 raz\u0131la\u015fmas\u0131n\u0131n qorunmas\u0131 m\u0259s\u0259l\u0259si m\u00fczakir\u0259 olunacaq<\/p>\n","protected":false},"author":11,"featured_media":125292,"comment_status":"closed","ping_status":"open","sticky":false,"template":"","format":"standard","meta":{"_acf_changed":false,"_sitemap_exclude":false,"_sitemap_priority":"","_sitemap_frequency":"","footnotes":""},"categories":[64],"tags":[],"class_list":["post-195772","post","type-post","status-publish","format-standard","has-post-thumbnail","hentry","category-dunya","infinite-scroll-item","generate-columns","tablet-grid-50","mobile-grid-100","grid-parent","grid-33","no-featured-image-padding"],"acf":[],"yoast_head":"<!-- This site is optimized with the Yoast SEO plugin v27.4 - https:\/\/yoast.com\/product\/yoast-seo-wordpress\/ -->\n<title>Almaniyan\u0131n xarici i\u015fl\u0259r naziri Tehranda &#039;&#039;konstruktiv&#039;&#039; yollar axtar\u0131r - MEYDAN.TV<\/title>\n<meta name=\"robots\" content=\"index, follow, max-snippet:-1, max-image-preview:large, max-video-preview:-1\" \/>\n<link rel=\"canonical\" href=\"https:\/\/www.meydan.tv\/az\/article\/almaniyanin-xarici-isler-naziri-tehranda-konstruktiv-yollar-axtarir\/\" \/>\n<meta property=\"og:locale\" content=\"az_AZ\" \/>\n<meta property=\"og:type\" content=\"article\" \/>\n<meta property=\"og:title\" content=\"Almaniyan\u0131n xarici i\u015fl\u0259r naziri Tehranda &#039;&#039;konstruktiv&#039;&#039; yollar axtar\u0131r - MEYDAN.TV\" \/>\n<meta property=\"og:description\" content=\"Almaniya v\u0259 \u0130ran\u0131n xarici i\u015fl\u0259r nazirl\u0259rinin g\u00f6r\u00fc\u015f\u00fcnd\u0259 n\u00fcv\u0259 raz\u0131la\u015fmas\u0131n\u0131n qorunmas\u0131 m\u0259s\u0259l\u0259si m\u00fczakir\u0259 olunacaq\" \/>\n<meta property=\"og:url\" content=\"https:\/\/www.meydan.tv\/az\/article\/almaniyanin-xarici-isler-naziri-tehranda-konstruktiv-yollar-axtarir\/\" \/>\n<meta property=\"og:site_name\" content=\"MEYDAN.TV\" \/>\n<meta property=\"article:published_time\" content=\"2019-06-10T14:53:25+00:00\" \/>\n<meta property=\"og:image\" content=\"https:\/\/www.meydan.tv\/wp-content\/uploads\/iran-atomic-bomb-nuclear-trump.jpg\" \/>\n\t<meta property=\"og:image:width\" content=\"1024\" \/>\n\t<meta property=\"og:image:height\" content=\"683\" \/>\n\t<meta property=\"og:image:type\" content=\"image\/jpeg\" \/>\n<meta name=\"author\" content=\"user-manager\" \/>\n<meta name=\"twitter:card\" content=\"summary_large_image\" \/>\n<script type=\"application\/ld+json\" class=\"yoast-schema-graph\">{\"@context\":\"https:\\\/\\\/schema.org\",\"@graph\":[{\"@type\":\"Article\",\"@id\":\"https:\\\/\\\/www.meydan.tv\\\/az\\\/article\\\/almaniyanin-xarici-isler-naziri-tehranda-konstruktiv-yollar-axtarir\\\/#article\",\"isPartOf\":{\"@id\":\"https:\\\/\\\/www.meydan.tv\\\/az\\\/article\\\/almaniyanin-xarici-isler-naziri-tehranda-konstruktiv-yollar-axtarir\\\/\"},\"author\":{\"name\":\"user-manager\",\"@id\":\"https:\\\/\\\/www.meydan.tv\\\/az\\\/#\\\/schema\\\/person\\\/10d11eccf6da3662cf5fdab9806ea91a\"},\"headline\":\"Almaniyan\u0131n xarici i\u015fl\u0259r naziri Tehranda &#8221;konstruktiv&#8221; yollar axtar\u0131r\",\"datePublished\":\"2019-06-10T14:53:25+00:00\",\"mainEntityOfPage\":{\"@id\":\"https:\\\/\\\/www.meydan.tv\\\/az\\\/article\\\/almaniyanin-xarici-isler-naziri-tehranda-konstruktiv-yollar-axtarir\\\/\"},\"wordCount\":562,\"publisher\":{\"@id\":\"https:\\\/\\\/www.meydan.tv\\\/az\\\/#organization\"},\"image\":{\"@id\":\"https:\\\/\\\/www.meydan.tv\\\/az\\\/article\\\/almaniyanin-xarici-isler-naziri-tehranda-konstruktiv-yollar-axtarir\\\/#primaryimage\"},\"thumbnailUrl\":\"https:\\\/\\\/www.meydan.tv\\\/wp-content\\\/uploads\\\/iran-atomic-bomb-nuclear-trump.jpg\",\"articleSection\":[\"D\u00fcnya\"],\"inLanguage\":\"az\"},{\"@type\":\"WebPage\",\"@id\":\"https:\\\/\\\/www.meydan.tv\\\/az\\\/article\\\/almaniyanin-xarici-isler-naziri-tehranda-konstruktiv-yollar-axtarir\\\/\",\"url\":\"https:\\\/\\\/www.meydan.tv\\\/az\\\/article\\\/almaniyanin-xarici-isler-naziri-tehranda-konstruktiv-yollar-axtarir\\\/\",\"name\":\"Almaniyan\u0131n xarici i\u015fl\u0259r naziri Tehranda ''konstruktiv'' yollar axtar\u0131r - MEYDAN.TV\",\"isPartOf\":{\"@id\":\"https:\\\/\\\/www.meydan.tv\\\/az\\\/#website\"},\"primaryImageOfPage\":{\"@id\":\"https:\\\/\\\/www.meydan.tv\\\/az\\\/article\\\/almaniyanin-xarici-isler-naziri-tehranda-konstruktiv-yollar-axtarir\\\/#primaryimage\"},\"image\":{\"@id\":\"https:\\\/\\\/www.meydan.tv\\\/az\\\/article\\\/almaniyanin-xarici-isler-naziri-tehranda-konstruktiv-yollar-axtarir\\\/#primaryimage\"},\"thumbnailUrl\":\"https:\\\/\\\/www.meydan.tv\\\/wp-content\\\/uploads\\\/iran-atomic-bomb-nuclear-trump.jpg\",\"datePublished\":\"2019-06-10T14:53:25+00:00\",\"breadcrumb\":{\"@id\":\"https:\\\/\\\/www.meydan.tv\\\/az\\\/article\\\/almaniyanin-xarici-isler-naziri-tehranda-konstruktiv-yollar-axtarir\\\/#breadcrumb\"},\"inLanguage\":\"az\",\"potentialAction\":[{\"@type\":\"ReadAction\",\"target\":[\"https:\\\/\\\/www.meydan.tv\\\/az\\\/article\\\/almaniyanin-xarici-isler-naziri-tehranda-konstruktiv-yollar-axtarir\\\/\"]}]},{\"@type\":\"ImageObject\",\"inLanguage\":\"az\",\"@id\":\"https:\\\/\\\/www.meydan.tv\\\/az\\\/article\\\/almaniyanin-xarici-isler-naziri-tehranda-konstruktiv-yollar-axtarir\\\/#primaryimage\",\"url\":\"https:\\\/\\\/www.meydan.tv\\\/wp-content\\\/uploads\\\/iran-atomic-bomb-nuclear-trump.jpg\",\"contentUrl\":\"https:\\\/\\\/www.meydan.tv\\\/wp-content\\\/uploads\\\/iran-atomic-bomb-nuclear-trump.jpg\",\"width\":1024,\"height\":683,\"caption\":\"Source: Meydan TV\"},{\"@type\":\"BreadcrumbList\",\"@id\":\"https:\\\/\\\/www.meydan.tv\\\/az\\\/article\\\/almaniyanin-xarici-isler-naziri-tehranda-konstruktiv-yollar-axtarir\\\/#breadcrumb\",\"itemListElement\":[{\"@type\":\"ListItem\",\"position\":1,\"name\":\"Ana s\u0259hif\u0259\",\"item\":\"https:\\\/\\\/www.meydan.tv\\\/az\\\/\"},{\"@type\":\"ListItem\",\"position\":2,\"name\":\"D\u00fcnya\",\"item\":\"https:\\\/\\\/www.meydan.tv\\\/az\\\/section\\\/dunya\\\/\"},{\"@type\":\"ListItem\",\"position\":3,\"name\":\"Almaniyan\u0131n xarici i\u015fl\u0259r naziri Tehranda &#8221;konstruktiv&#8221; yollar axtar\u0131r\"}]},{\"@type\":\"WebSite\",\"@id\":\"https:\\\/\\\/www.meydan.tv\\\/az\\\/#website\",\"url\":\"https:\\\/\\\/www.meydan.tv\\\/az\\\/\",\"name\":\"MEYDAN.TV\",\"description\":\"Meydan TV Az\u0259rbaycan\u0131n media m\u0259kan\u0131ndak\u0131 alternativ s\u0259sidir\",\"publisher\":{\"@id\":\"https:\\\/\\\/www.meydan.tv\\\/az\\\/#organization\"},\"potentialAction\":[{\"@type\":\"SearchAction\",\"target\":{\"@type\":\"EntryPoint\",\"urlTemplate\":\"https:\\\/\\\/www.meydan.tv\\\/az\\\/?s={search_term_string}\"},\"query-input\":{\"@type\":\"PropertyValueSpecification\",\"valueRequired\":true,\"valueName\":\"search_term_string\"}}],\"inLanguage\":\"az\"},{\"@type\":\"Organization\",\"@id\":\"https:\\\/\\\/www.meydan.tv\\\/az\\\/#organization\",\"name\":\"Meydan TV\",\"url\":\"https:\\\/\\\/www.meydan.tv\\\/az\\\/\",\"logo\":{\"@type\":\"ImageObject\",\"inLanguage\":\"az\",\"@id\":\"https:\\\/\\\/www.meydan.tv\\\/az\\\/#\\\/schema\\\/logo\\\/image\\\/\",\"url\":\"https:\\\/\\\/www.meydan.tv\\\/wp-content\\\/uploads\\\/2021\\\/07\\\/meydan-logo.svg\",\"contentUrl\":\"https:\\\/\\\/www.meydan.tv\\\/wp-content\\\/uploads\\\/2021\\\/07\\\/meydan-logo.svg\",\"width\":195,\"height\":46,\"caption\":\"Meydan TV\"},\"image\":{\"@id\":\"https:\\\/\\\/www.meydan.tv\\\/az\\\/#\\\/schema\\\/logo\\\/image\\\/\"}},{\"@type\":\"Person\",\"@id\":\"https:\\\/\\\/www.meydan.tv\\\/az\\\/#\\\/schema\\\/person\\\/10d11eccf6da3662cf5fdab9806ea91a\",\"name\":\"user-manager\"}]}<\/script>\n<!-- \/ Yoast SEO plugin. -->","yoast_head_json":{"title":"Almaniyan\u0131n xarici i\u015fl\u0259r naziri Tehranda ''konstruktiv'' yollar axtar\u0131r - MEYDAN.TV","robots":{"index":"index","follow":"follow","max-snippet":"max-snippet:-1","max-image-preview":"max-image-preview:large","max-video-preview":"max-video-preview:-1"},"canonical":"https:\/\/www.meydan.tv\/az\/article\/almaniyanin-xarici-isler-naziri-tehranda-konstruktiv-yollar-axtarir\/","og_locale":"az_AZ","og_type":"article","og_title":"Almaniyan\u0131n xarici i\u015fl\u0259r naziri Tehranda ''konstruktiv'' yollar axtar\u0131r - MEYDAN.TV","og_description":"Almaniya v\u0259 \u0130ran\u0131n xarici i\u015fl\u0259r nazirl\u0259rinin g\u00f6r\u00fc\u015f\u00fcnd\u0259 n\u00fcv\u0259 raz\u0131la\u015fmas\u0131n\u0131n qorunmas\u0131 m\u0259s\u0259l\u0259si m\u00fczakir\u0259 olunacaq","og_url":"https:\/\/www.meydan.tv\/az\/article\/almaniyanin-xarici-isler-naziri-tehranda-konstruktiv-yollar-axtarir\/","og_site_name":"MEYDAN.TV","article_published_time":"2019-06-10T14:53:25+00:00","og_image":[{"width":1024,"height":683,"url":"https:\/\/www.meydan.tv\/wp-content\/uploads\/iran-atomic-bomb-nuclear-trump.jpg","type":"image\/jpeg"}],"author":"user-manager","twitter_card":"summary_large_image","schema":{"@context":"https:\/\/schema.org","@graph":[{"@type":"Article","@id":"https:\/\/www.meydan.tv\/az\/article\/almaniyanin-xarici-isler-naziri-tehranda-konstruktiv-yollar-axtarir\/#article","isPartOf":{"@id":"https:\/\/www.meydan.tv\/az\/article\/almaniyanin-xarici-isler-naziri-tehranda-konstruktiv-yollar-axtarir\/"},"author":{"name":"user-manager","@id":"https:\/\/www.meydan.tv\/az\/#\/schema\/person\/10d11eccf6da3662cf5fdab9806ea91a"},"headline":"Almaniyan\u0131n xarici i\u015fl\u0259r naziri Tehranda &#8221;konstruktiv&#8221; yollar axtar\u0131r","datePublished":"2019-06-10T14:53:25+00:00","mainEntityOfPage":{"@id":"https:\/\/www.meydan.tv\/az\/article\/almaniyanin-xarici-isler-naziri-tehranda-konstruktiv-yollar-axtarir\/"},"wordCount":562,"publisher":{"@id":"https:\/\/www.meydan.tv\/az\/#organization"},"image":{"@id":"https:\/\/www.meydan.tv\/az\/article\/almaniyanin-xarici-isler-naziri-tehranda-konstruktiv-yollar-axtarir\/#primaryimage"},"thumbnailUrl":"https:\/\/www.meydan.tv\/wp-content\/uploads\/iran-atomic-bomb-nuclear-trump.jpg","articleSection":["D\u00fcnya"],"inLanguage":"az"},{"@type":"WebPage","@id":"https:\/\/www.meydan.tv\/az\/article\/almaniyanin-xarici-isler-naziri-tehranda-konstruktiv-yollar-axtarir\/","url":"https:\/\/www.meydan.tv\/az\/article\/almaniyanin-xarici-isler-naziri-tehranda-konstruktiv-yollar-axtarir\/","name":"Almaniyan\u0131n xarici i\u015fl\u0259r naziri Tehranda ''konstruktiv'' yollar axtar\u0131r - MEYDAN.TV","isPartOf":{"@id":"https:\/\/www.meydan.tv\/az\/#website"},"primaryImageOfPage":{"@id":"https:\/\/www.meydan.tv\/az\/article\/almaniyanin-xarici-isler-naziri-tehranda-konstruktiv-yollar-axtarir\/#primaryimage"},"image":{"@id":"https:\/\/www.meydan.tv\/az\/article\/almaniyanin-xarici-isler-naziri-tehranda-konstruktiv-yollar-axtarir\/#primaryimage"},"thumbnailUrl":"https:\/\/www.meydan.tv\/wp-content\/uploads\/iran-atomic-bomb-nuclear-trump.jpg","datePublished":"2019-06-10T14:53:25+00:00","breadcrumb":{"@id":"https:\/\/www.meydan.tv\/az\/article\/almaniyanin-xarici-isler-naziri-tehranda-konstruktiv-yollar-axtarir\/#breadcrumb"},"inLanguage":"az","potentialAction":[{"@type":"ReadAction","target":["https:\/\/www.meydan.tv\/az\/article\/almaniyanin-xarici-isler-naziri-tehranda-konstruktiv-yollar-axtarir\/"]}]},{"@type":"ImageObject","inLanguage":"az","@id":"https:\/\/www.meydan.tv\/az\/article\/almaniyanin-xarici-isler-naziri-tehranda-konstruktiv-yollar-axtarir\/#primaryimage","url":"https:\/\/www.meydan.tv\/wp-content\/uploads\/iran-atomic-bomb-nuclear-trump.jpg","contentUrl":"https:\/\/www.meydan.tv\/wp-content\/uploads\/iran-atomic-bomb-nuclear-trump.jpg","width":1024,"height":683,"caption":"Source: Meydan TV"},{"@type":"BreadcrumbList","@id":"https:\/\/www.meydan.tv\/az\/article\/almaniyanin-xarici-isler-naziri-tehranda-konstruktiv-yollar-axtarir\/#breadcrumb","itemListElement":[{"@type":"ListItem","position":1,"name":"Ana s\u0259hif\u0259","item":"https:\/\/www.meydan.tv\/az\/"},{"@type":"ListItem","position":2,"name":"D\u00fcnya","item":"https:\/\/www.meydan.tv\/az\/section\/dunya\/"},{"@type":"ListItem","position":3,"name":"Almaniyan\u0131n xarici i\u015fl\u0259r naziri Tehranda &#8221;konstruktiv&#8221; yollar axtar\u0131r"}]},{"@type":"WebSite","@id":"https:\/\/www.meydan.tv\/az\/#website","url":"https:\/\/www.meydan.tv\/az\/","name":"MEYDAN.TV","description":"Meydan TV Az\u0259rbaycan\u0131n media m\u0259kan\u0131ndak\u0131 alternativ s\u0259sidir","publisher":{"@id":"https:\/\/www.meydan.tv\/az\/#organization"},"potentialAction":[{"@type":"SearchAction","target":{"@type":"EntryPoint","urlTemplate":"https:\/\/www.meydan.tv\/az\/?s={search_term_string}"},"query-input":{"@type":"PropertyValueSpecification","valueRequired":true,"valueName":"search_term_string"}}],"inLanguage":"az"},{"@type":"Organization","@id":"https:\/\/www.meydan.tv\/az\/#organization","name":"Meydan TV","url":"https:\/\/www.meydan.tv\/az\/","logo":{"@type":"ImageObject","inLanguage":"az","@id":"https:\/\/www.meydan.tv\/az\/#\/schema\/logo\/image\/","url":"https:\/\/www.meydan.tv\/wp-content\/uploads\/2021\/07\/meydan-logo.svg","contentUrl":"https:\/\/www.meydan.tv\/wp-content\/uploads\/2021\/07\/meydan-logo.svg","width":195,"height":46,"caption":"Meydan TV"},"image":{"@id":"https:\/\/www.meydan.tv\/az\/#\/schema\/logo\/image\/"}},{"@type":"Person","@id":"https:\/\/www.meydan.tv\/az\/#\/schema\/person\/10d11eccf6da3662cf5fdab9806ea91a","name":"user-manager"}]}},"_links":{"self":[{"href":"https:\/\/www.meydan.tv\/az\/wp-json\/wp\/v2\/posts\/195772","targetHints":{"allow":["GET"]}}],"collection":[{"href":"https:\/\/www.meydan.tv\/az\/wp-json\/wp\/v2\/posts"}],"about":[{"href":"https:\/\/www.meydan.tv\/az\/wp-json\/wp\/v2\/types\/post"}],"author":[{"embeddable":true,"href":"https:\/\/www.meydan.tv\/az\/wp-json\/wp\/v2\/users\/11"}],"replies":[{"embeddable":true,"href":"https:\/\/www.meydan.tv\/az\/wp-json\/wp\/v2\/comments?post=195772"}],"version-history":[{"count":0,"href":"https:\/\/www.meydan.tv\/az\/wp-json\/wp\/v2\/posts\/195772\/revisions"}],"wp:featuredmedia":[{"embeddable":true,"href":"https:\/\/www.meydan.tv\/az\/wp-json\/wp\/v2\/media\/125292"}],"wp:attachment":[{"href":"https:\/\/www.meydan.tv\/az\/wp-json\/wp\/v2\/media?parent=195772"}],"wp:term":[{"taxonomy":"category","embeddable":true,"href":"https:\/\/www.meydan.tv\/az\/wp-json\/wp\/v2\/categories?post=195772"},{"taxonomy":"post_tag","embeddable":true,"href":"https:\/\/www.meydan.tv\/az\/wp-json\/wp\/v2\/tags?post=195772"}],"curies":[{"name":"wp","href":"https:\/\/api.w.org\/{rel}","templated":true}]}}