{"id":195769,"date":"2019-06-10T13:56:25","date_gmt":"2019-06-10T13:56:25","guid":{"rendered":"https:\/\/www.meydan.tv\/article\/qazaxistanda-prezident-seckilerine-etiraz-edenler-saxlanilib\/"},"modified":"2019-06-10T13:56:25","modified_gmt":"2019-06-10T13:56:25","slug":"qazaxistanda-prezident-seckilerine-etiraz-edenler-saxlanilib","status":"publish","type":"post","link":"https:\/\/www.meydan.tv\/az\/article\/qazaxistanda-prezident-seckilerine-etiraz-edenler-saxlanilib\/","title":{"rendered":"Qazax\u0131standa prezident se\u00e7kil\u0259rin\u0259 etiraz ed\u0259nl\u0259r saxlan\u0131l\u0131b"},"content":{"rendered":"<p>\n  <i><br \/>\n    Onlarla insan iyunun 10-da Almat\u0131n\u0131n Q\u0259dim Meydan\u0131nda etiraz edib<br \/>\n  <\/i>\n<\/p>\n<p>\n  Almat\u0131 polisi \u015f\u0259h\u0259r m\u0259rk\u0259zind\u0259 toplanaraq prezident se\u00e7kil\u0259rinin r\u0259smi n\u0259tic\u0259l\u0259rin\u0259 etiraz ed\u0259n 30-a yax\u0131n n\u00fcmayi\u015f\u00e7ini saxlay\u0131b, &#8211; Azadl\u0131q Radiosu x\u0259b\u0259r verir.\n<\/p>\n<p>\n  Beyn\u0259lxalq m\u00fc\u015fahid\u0259\u00e7il\u0259r h\u0259ft\u0259sonu ke\u00e7irilmi\u015f prezident se\u00e7kil\u0259rini &quot;fundamental azadl\u0131qlar\u0131n a\u00e7\u0131q \u015f\u0259kild\u0259 pozulmas\u0131&quot; kimi t\u0259qdim edib.\n<\/p>\n<p>\n  Se\u00e7ki Komit\u0259si iyunun 10-da se\u00e7ki n\u0259tic\u0259l\u0259rin\u0259 istinad\u0259n deyib ki, eks-prezident Nursultan Nazarbayevin \u00f6z\u00fcn\u00fcn varisi olaraq se\u00e7diyi haz\u0131rk\u0131 president Qas\u0131m-Jomart Toqayev s\u0259sl\u0259rin 70 faizind\u0259n \u00e7oxunu qazan\u0131b.\n<\/p>\n<p>\n  Namiz\u0259dliyini ver\u0259n jurnalist Amirjan Qosanov 16.02 faiz s\u0259s toplayaraq ikinci olub.\n<\/p>\n<p>\n  Avropa T\u0259hl\u00fck\u0259sizlik v\u0259 \u018fm\u0259kda\u015fl\u0131q T\u0259\u015fkilat\u0131n\u0131n (AT\u018fT) se\u00e7ki m\u00fc\u015fahid\u0259\u00e7il\u0259ri bildiribl\u0259r:\n<\/p>\n<p>\n  &quot;Fundamental h\u00fcquqlar\u0131n \u00e7at\u0131\u015fmazl\u0131\u011f\u0131, dinc etiraz\u00e7\u0131lar\u0131n saxlanmas\u0131 v\u0259 s\u0259sverm\u0259 g\u00fcn\u00fcnd\u0259 yol veril\u0259n geni\u015f pozuntular demokratik standartlara kifay\u0259t q\u0259d\u0259r h\u00f6rm\u0259t edilm\u0259diyini g\u00f6st\u0259rib&quot;.\n<\/p>\n<p>\n  9 iyun se\u00e7kisiyl\u0259 son \u00fc\u00e7 \u00f6nillikd\u0259 ilk d\u0259f\u0259 olaraq yeni prezident se\u00e7m\u0259k \u00fc\u00e7\u00fcn sand\u0131q ba\u015f\u0131na ged\u0259n Qazaxstan etirazlarla qar\u015f\u0131la\u015f\u0131b. Etirazlar \u00fc\u00e7 b\u00f6y\u00fck \u015f\u0259h\u0259ri, Almat\u0131, Nur-Sultan v\u0259 c\u0259nub \u015f\u0259h\u0259ri olan \u015eimkeni \u0259hat\u0259 edib.\n<\/p>\n<p>\n  Onlarla insan iyunun 10-da Almat\u0131n\u0131n Q\u0259dim Meydan\u0131nda etiraz edib. Polis v\u0259 milli qvardiya zabitl\u0259ri \u0259razini v\u0259 yax\u0131nl\u0131qdak\u0131 park\u0131 n\u0259zar\u0259t\u0259 g\u00f6t\u00fcr\u00fcb.\n<\/p>\n<p>\n  Meydan\u0131n \u0259traf\u0131nda \u00f6z ma\u015f\u0131nlar\u0131 il\u0259 h\u0259r\u0259k\u0259t ed\u0259n insanlar siqnal ver\u0259r\u0259k etiraz ed\u0259nl\u0259ri d\u0259st\u0259kl\u0259yibl\u0259r.\n<\/p>\n<p>\n  Polis t\u0259r\u0259find\u0259n tutulduqdan sonra bil\u0259yini k\u0259smi\u015f bir n\u00fcmayi\u015f\u00e7iy\u0259 yard\u0131m etm\u0259k \u00fc\u00e7\u00fcn t\u0259cili yard\u0131m \u00e7a\u011f\u0131r\u0131l\u0131b.\n<\/p>\n<figure class=\"wp-block-image size-large\">\n  <img decoding=\"async\" src=\"https:\/\/www.meydan.tv\/az\/preview_1e962920abbd021381ef29250331d83b-jpg\/\" alt=\"preview_1e962920abbd021381ef29250331d83b.jpg\" class=\"wp-image-125289\"\/><figcaption>\n    yeni v\u0259 ke\u00e7mi\u015f prezidentl\u0259r<br \/>\n  <\/figcaption><\/figure>\n<p>\n  Azadl\u0131q Radiosunun m\u00fcxbiri aksiya\u00e7\u0131lar\u0131n saxlan\u0131lma s\u0259b\u0259bl\u0259ri bar\u0259d\u0259 polis m\u0259murundan soru\u015fub. O, saxlan\u0131lan \u015f\u0259xsl\u0259rin \u015f\u0259xsiyy\u0259t v\u0259siq\u0259si olmad\u0131\u011f\u0131n\u0131 deyib.\n<\/p>\n<p>\n  Paytaxt Nur-Sultanda onlarla insan polis t\u0259r\u0259find\u0259n \u0259hat\u0259 edilmi\u015f m\u0259rk\u0259zi meydana toplanmaya ba\u015flay\u0131b.\n<\/p>\n<p>\n  \u0130yunun 9-da ke\u00e7irilmi\u015f se\u00e7kid\u0259n sonra y\u00fczl\u0259rl\u0259 dinc anti-h\u00f6kum\u0259t n\u00fcmayi\u015f\u00e7il\u0259ri h\u0259bs\u0259 m\u0259ruz qald\u0131.\n<\/p>\n<p>\n  H\u0259min g\u00fcn jurnalistl\u0259r\u0259 a\u00e7\u0131qlama ver\u0259n Amirjan Qosanov Toqayevin q\u0259l\u0259b\u0259sini q\u0259bul edib v\u0259 deyib ki, \u0259g\u0259r &quot;birl\u0259\u015fmi\u015f m\u00fcxalif\u0259t&quot; v\u0259 ya daha \u00e7ox t\u0259cr\u00fcb\u0259y\u0259 malik olan b\u00f6y\u00fck partiya olsayd\u0131, o, daha \u00e7ox s\u0259s qazanm\u0131\u015f olard\u0131.\n<\/p>\n<p>\n  Bu ilin mart\u0131nda prezidentlikd\u0259n istefa ver\u0259n Nazarbayevin xeyir-duas\u0131n\u0131 alm\u0131\u015f Tokayevin z\u0259f\u0259ri g\u00f6zl\u0259nil\u0259n idi.\n<\/p>\n<p>\n  Qazax\u0131stan\u0131 t\u0259xmin\u0259n 30 il\u0259 yax\u0131nd\u0131r ki, idar\u0259 ed\u0259n Nazarbayev h\u0259l\u0259 \u00f6lk\u0259nin bir \u00e7ox m\u00fch\u00fcm siyasi postlar\u0131nda qalma\u011fa davam edir. O, \u00f6lk\u0259d\u0259 v\u0259 siyasi partiyas\u0131 olan Nur-Otanda h\u0259l\u0259 d\u0259 \u0259h\u0259miyy\u0259tli siyasi q\u00fcvv\u0259y\u0259 sahibdir.<\/p>\n","protected":false},"excerpt":{"rendered":"<p>Paytaxt Nur-Sultanda onlarla insan polis t\u0259r\u0259find\u0259n \u0259hat\u0259 edilmi\u015f m\u0259rk\u0259zi meydana toplanmaya ba\u015flay\u0131b.<\/p>\n","protected":false},"author":11,"featured_media":125286,"comment_status":"closed","ping_status":"open","sticky":false,"template":"","format":"standard","meta":{"_acf_changed":false,"_sitemap_exclude":false,"_sitemap_priority":"","_sitemap_frequency":"","footnotes":""},"categories":[64],"tags":[],"class_list":["post-195769","post","type-post","status-publish","format-standard","has-post-thumbnail","hentry","category-dunya","infinite-scroll-item","generate-columns","tablet-grid-50","mobile-grid-100","grid-parent","grid-33","no-featured-image-padding"],"acf":[],"yoast_head":"<!-- This site is optimized with the Yoast SEO plugin v27.4 - https:\/\/yoast.com\/product\/yoast-seo-wordpress\/ -->\n<title>Qazax\u0131standa prezident se\u00e7kil\u0259rin\u0259 etiraz ed\u0259nl\u0259r saxlan\u0131l\u0131b - MEYDAN.TV<\/title>\n<meta name=\"robots\" content=\"index, follow, max-snippet:-1, max-image-preview:large, max-video-preview:-1\" \/>\n<link rel=\"canonical\" href=\"https:\/\/www.meydan.tv\/az\/article\/qazaxistanda-prezident-seckilerine-etiraz-edenler-saxlanilib\/\" \/>\n<meta property=\"og:locale\" content=\"az_AZ\" \/>\n<meta property=\"og:type\" content=\"article\" \/>\n<meta property=\"og:title\" content=\"Qazax\u0131standa prezident se\u00e7kil\u0259rin\u0259 etiraz ed\u0259nl\u0259r saxlan\u0131l\u0131b - MEYDAN.TV\" \/>\n<meta property=\"og:description\" content=\"Paytaxt Nur-Sultanda onlarla insan polis t\u0259r\u0259find\u0259n \u0259hat\u0259 edilmi\u015f m\u0259rk\u0259zi meydana toplanmaya ba\u015flay\u0131b.\" \/>\n<meta property=\"og:url\" content=\"https:\/\/www.meydan.tv\/az\/article\/qazaxistanda-prezident-seckilerine-etiraz-edenler-saxlanilib\/\" \/>\n<meta property=\"og:site_name\" content=\"MEYDAN.TV\" \/>\n<meta property=\"article:published_time\" content=\"2019-06-10T13:56:25+00:00\" \/>\n<meta property=\"og:image\" content=\"https:\/\/www.meydan.tv\/wp-content\/uploads\/107307343_hi054531801.jpg\" \/>\n\t<meta property=\"og:image:width\" content=\"1031\" \/>\n\t<meta property=\"og:image:height\" content=\"580\" \/>\n\t<meta property=\"og:image:type\" content=\"image\/jpeg\" \/>\n<meta name=\"author\" content=\"user-manager\" \/>\n<meta name=\"twitter:card\" content=\"summary_large_image\" \/>\n<script type=\"application\/ld+json\" class=\"yoast-schema-graph\">{\"@context\":\"https:\\\/\\\/schema.org\",\"@graph\":[{\"@type\":\"Article\",\"@id\":\"https:\\\/\\\/www.meydan.tv\\\/az\\\/article\\\/qazaxistanda-prezident-seckilerine-etiraz-edenler-saxlanilib\\\/#article\",\"isPartOf\":{\"@id\":\"https:\\\/\\\/www.meydan.tv\\\/az\\\/article\\\/qazaxistanda-prezident-seckilerine-etiraz-edenler-saxlanilib\\\/\"},\"author\":{\"name\":\"user-manager\",\"@id\":\"https:\\\/\\\/www.meydan.tv\\\/az\\\/#\\\/schema\\\/person\\\/10d11eccf6da3662cf5fdab9806ea91a\"},\"headline\":\"Qazax\u0131standa prezident se\u00e7kil\u0259rin\u0259 etiraz ed\u0259nl\u0259r saxlan\u0131l\u0131b\",\"datePublished\":\"2019-06-10T13:56:25+00:00\",\"mainEntityOfPage\":{\"@id\":\"https:\\\/\\\/www.meydan.tv\\\/az\\\/article\\\/qazaxistanda-prezident-seckilerine-etiraz-edenler-saxlanilib\\\/\"},\"wordCount\":547,\"publisher\":{\"@id\":\"https:\\\/\\\/www.meydan.tv\\\/az\\\/#organization\"},\"image\":{\"@id\":\"https:\\\/\\\/www.meydan.tv\\\/az\\\/article\\\/qazaxistanda-prezident-seckilerine-etiraz-edenler-saxlanilib\\\/#primaryimage\"},\"thumbnailUrl\":\"https:\\\/\\\/www.meydan.tv\\\/wp-content\\\/uploads\\\/107307343_hi054531801.jpg\",\"articleSection\":[\"D\u00fcnya\"],\"inLanguage\":\"az\"},{\"@type\":\"WebPage\",\"@id\":\"https:\\\/\\\/www.meydan.tv\\\/az\\\/article\\\/qazaxistanda-prezident-seckilerine-etiraz-edenler-saxlanilib\\\/\",\"url\":\"https:\\\/\\\/www.meydan.tv\\\/az\\\/article\\\/qazaxistanda-prezident-seckilerine-etiraz-edenler-saxlanilib\\\/\",\"name\":\"Qazax\u0131standa prezident se\u00e7kil\u0259rin\u0259 etiraz ed\u0259nl\u0259r saxlan\u0131l\u0131b - MEYDAN.TV\",\"isPartOf\":{\"@id\":\"https:\\\/\\\/www.meydan.tv\\\/az\\\/#website\"},\"primaryImageOfPage\":{\"@id\":\"https:\\\/\\\/www.meydan.tv\\\/az\\\/article\\\/qazaxistanda-prezident-seckilerine-etiraz-edenler-saxlanilib\\\/#primaryimage\"},\"image\":{\"@id\":\"https:\\\/\\\/www.meydan.tv\\\/az\\\/article\\\/qazaxistanda-prezident-seckilerine-etiraz-edenler-saxlanilib\\\/#primaryimage\"},\"thumbnailUrl\":\"https:\\\/\\\/www.meydan.tv\\\/wp-content\\\/uploads\\\/107307343_hi054531801.jpg\",\"datePublished\":\"2019-06-10T13:56:25+00:00\",\"breadcrumb\":{\"@id\":\"https:\\\/\\\/www.meydan.tv\\\/az\\\/article\\\/qazaxistanda-prezident-seckilerine-etiraz-edenler-saxlanilib\\\/#breadcrumb\"},\"inLanguage\":\"az\",\"potentialAction\":[{\"@type\":\"ReadAction\",\"target\":[\"https:\\\/\\\/www.meydan.tv\\\/az\\\/article\\\/qazaxistanda-prezident-seckilerine-etiraz-edenler-saxlanilib\\\/\"]}]},{\"@type\":\"ImageObject\",\"inLanguage\":\"az\",\"@id\":\"https:\\\/\\\/www.meydan.tv\\\/az\\\/article\\\/qazaxistanda-prezident-seckilerine-etiraz-edenler-saxlanilib\\\/#primaryimage\",\"url\":\"https:\\\/\\\/www.meydan.tv\\\/wp-content\\\/uploads\\\/107307343_hi054531801.jpg\",\"contentUrl\":\"https:\\\/\\\/www.meydan.tv\\\/wp-content\\\/uploads\\\/107307343_hi054531801.jpg\",\"width\":1031,\"height\":580,\"caption\":\"Source: Foto: BBC\"},{\"@type\":\"BreadcrumbList\",\"@id\":\"https:\\\/\\\/www.meydan.tv\\\/az\\\/article\\\/qazaxistanda-prezident-seckilerine-etiraz-edenler-saxlanilib\\\/#breadcrumb\",\"itemListElement\":[{\"@type\":\"ListItem\",\"position\":1,\"name\":\"Ana s\u0259hif\u0259\",\"item\":\"https:\\\/\\\/www.meydan.tv\\\/az\\\/\"},{\"@type\":\"ListItem\",\"position\":2,\"name\":\"D\u00fcnya\",\"item\":\"https:\\\/\\\/www.meydan.tv\\\/az\\\/section\\\/dunya\\\/\"},{\"@type\":\"ListItem\",\"position\":3,\"name\":\"Qazax\u0131standa prezident se\u00e7kil\u0259rin\u0259 etiraz ed\u0259nl\u0259r saxlan\u0131l\u0131b\"}]},{\"@type\":\"WebSite\",\"@id\":\"https:\\\/\\\/www.meydan.tv\\\/az\\\/#website\",\"url\":\"https:\\\/\\\/www.meydan.tv\\\/az\\\/\",\"name\":\"MEYDAN.TV\",\"description\":\"Meydan TV Az\u0259rbaycan\u0131n media m\u0259kan\u0131ndak\u0131 alternativ s\u0259sidir\",\"publisher\":{\"@id\":\"https:\\\/\\\/www.meydan.tv\\\/az\\\/#organization\"},\"potentialAction\":[{\"@type\":\"SearchAction\",\"target\":{\"@type\":\"EntryPoint\",\"urlTemplate\":\"https:\\\/\\\/www.meydan.tv\\\/az\\\/?s={search_term_string}\"},\"query-input\":{\"@type\":\"PropertyValueSpecification\",\"valueRequired\":true,\"valueName\":\"search_term_string\"}}],\"inLanguage\":\"az\"},{\"@type\":\"Organization\",\"@id\":\"https:\\\/\\\/www.meydan.tv\\\/az\\\/#organization\",\"name\":\"Meydan TV\",\"url\":\"https:\\\/\\\/www.meydan.tv\\\/az\\\/\",\"logo\":{\"@type\":\"ImageObject\",\"inLanguage\":\"az\",\"@id\":\"https:\\\/\\\/www.meydan.tv\\\/az\\\/#\\\/schema\\\/logo\\\/image\\\/\",\"url\":\"https:\\\/\\\/www.meydan.tv\\\/wp-content\\\/uploads\\\/2021\\\/07\\\/meydan-logo.svg\",\"contentUrl\":\"https:\\\/\\\/www.meydan.tv\\\/wp-content\\\/uploads\\\/2021\\\/07\\\/meydan-logo.svg\",\"width\":195,\"height\":46,\"caption\":\"Meydan TV\"},\"image\":{\"@id\":\"https:\\\/\\\/www.meydan.tv\\\/az\\\/#\\\/schema\\\/logo\\\/image\\\/\"}},{\"@type\":\"Person\",\"@id\":\"https:\\\/\\\/www.meydan.tv\\\/az\\\/#\\\/schema\\\/person\\\/10d11eccf6da3662cf5fdab9806ea91a\",\"name\":\"user-manager\"}]}<\/script>\n<!-- \/ Yoast SEO plugin. -->","yoast_head_json":{"title":"Qazax\u0131standa prezident se\u00e7kil\u0259rin\u0259 etiraz ed\u0259nl\u0259r saxlan\u0131l\u0131b - MEYDAN.TV","robots":{"index":"index","follow":"follow","max-snippet":"max-snippet:-1","max-image-preview":"max-image-preview:large","max-video-preview":"max-video-preview:-1"},"canonical":"https:\/\/www.meydan.tv\/az\/article\/qazaxistanda-prezident-seckilerine-etiraz-edenler-saxlanilib\/","og_locale":"az_AZ","og_type":"article","og_title":"Qazax\u0131standa prezident se\u00e7kil\u0259rin\u0259 etiraz ed\u0259nl\u0259r saxlan\u0131l\u0131b - MEYDAN.TV","og_description":"Paytaxt Nur-Sultanda onlarla insan polis t\u0259r\u0259find\u0259n \u0259hat\u0259 edilmi\u015f m\u0259rk\u0259zi meydana toplanmaya ba\u015flay\u0131b.","og_url":"https:\/\/www.meydan.tv\/az\/article\/qazaxistanda-prezident-seckilerine-etiraz-edenler-saxlanilib\/","og_site_name":"MEYDAN.TV","article_published_time":"2019-06-10T13:56:25+00:00","og_image":[{"width":1031,"height":580,"url":"https:\/\/www.meydan.tv\/wp-content\/uploads\/107307343_hi054531801.jpg","type":"image\/jpeg"}],"author":"user-manager","twitter_card":"summary_large_image","schema":{"@context":"https:\/\/schema.org","@graph":[{"@type":"Article","@id":"https:\/\/www.meydan.tv\/az\/article\/qazaxistanda-prezident-seckilerine-etiraz-edenler-saxlanilib\/#article","isPartOf":{"@id":"https:\/\/www.meydan.tv\/az\/article\/qazaxistanda-prezident-seckilerine-etiraz-edenler-saxlanilib\/"},"author":{"name":"user-manager","@id":"https:\/\/www.meydan.tv\/az\/#\/schema\/person\/10d11eccf6da3662cf5fdab9806ea91a"},"headline":"Qazax\u0131standa prezident se\u00e7kil\u0259rin\u0259 etiraz ed\u0259nl\u0259r saxlan\u0131l\u0131b","datePublished":"2019-06-10T13:56:25+00:00","mainEntityOfPage":{"@id":"https:\/\/www.meydan.tv\/az\/article\/qazaxistanda-prezident-seckilerine-etiraz-edenler-saxlanilib\/"},"wordCount":547,"publisher":{"@id":"https:\/\/www.meydan.tv\/az\/#organization"},"image":{"@id":"https:\/\/www.meydan.tv\/az\/article\/qazaxistanda-prezident-seckilerine-etiraz-edenler-saxlanilib\/#primaryimage"},"thumbnailUrl":"https:\/\/www.meydan.tv\/wp-content\/uploads\/107307343_hi054531801.jpg","articleSection":["D\u00fcnya"],"inLanguage":"az"},{"@type":"WebPage","@id":"https:\/\/www.meydan.tv\/az\/article\/qazaxistanda-prezident-seckilerine-etiraz-edenler-saxlanilib\/","url":"https:\/\/www.meydan.tv\/az\/article\/qazaxistanda-prezident-seckilerine-etiraz-edenler-saxlanilib\/","name":"Qazax\u0131standa prezident se\u00e7kil\u0259rin\u0259 etiraz ed\u0259nl\u0259r saxlan\u0131l\u0131b - MEYDAN.TV","isPartOf":{"@id":"https:\/\/www.meydan.tv\/az\/#website"},"primaryImageOfPage":{"@id":"https:\/\/www.meydan.tv\/az\/article\/qazaxistanda-prezident-seckilerine-etiraz-edenler-saxlanilib\/#primaryimage"},"image":{"@id":"https:\/\/www.meydan.tv\/az\/article\/qazaxistanda-prezident-seckilerine-etiraz-edenler-saxlanilib\/#primaryimage"},"thumbnailUrl":"https:\/\/www.meydan.tv\/wp-content\/uploads\/107307343_hi054531801.jpg","datePublished":"2019-06-10T13:56:25+00:00","breadcrumb":{"@id":"https:\/\/www.meydan.tv\/az\/article\/qazaxistanda-prezident-seckilerine-etiraz-edenler-saxlanilib\/#breadcrumb"},"inLanguage":"az","potentialAction":[{"@type":"ReadAction","target":["https:\/\/www.meydan.tv\/az\/article\/qazaxistanda-prezident-seckilerine-etiraz-edenler-saxlanilib\/"]}]},{"@type":"ImageObject","inLanguage":"az","@id":"https:\/\/www.meydan.tv\/az\/article\/qazaxistanda-prezident-seckilerine-etiraz-edenler-saxlanilib\/#primaryimage","url":"https:\/\/www.meydan.tv\/wp-content\/uploads\/107307343_hi054531801.jpg","contentUrl":"https:\/\/www.meydan.tv\/wp-content\/uploads\/107307343_hi054531801.jpg","width":1031,"height":580,"caption":"Source: Foto: BBC"},{"@type":"BreadcrumbList","@id":"https:\/\/www.meydan.tv\/az\/article\/qazaxistanda-prezident-seckilerine-etiraz-edenler-saxlanilib\/#breadcrumb","itemListElement":[{"@type":"ListItem","position":1,"name":"Ana s\u0259hif\u0259","item":"https:\/\/www.meydan.tv\/az\/"},{"@type":"ListItem","position":2,"name":"D\u00fcnya","item":"https:\/\/www.meydan.tv\/az\/section\/dunya\/"},{"@type":"ListItem","position":3,"name":"Qazax\u0131standa prezident se\u00e7kil\u0259rin\u0259 etiraz ed\u0259nl\u0259r saxlan\u0131l\u0131b"}]},{"@type":"WebSite","@id":"https:\/\/www.meydan.tv\/az\/#website","url":"https:\/\/www.meydan.tv\/az\/","name":"MEYDAN.TV","description":"Meydan TV Az\u0259rbaycan\u0131n media m\u0259kan\u0131ndak\u0131 alternativ s\u0259sidir","publisher":{"@id":"https:\/\/www.meydan.tv\/az\/#organization"},"potentialAction":[{"@type":"SearchAction","target":{"@type":"EntryPoint","urlTemplate":"https:\/\/www.meydan.tv\/az\/?s={search_term_string}"},"query-input":{"@type":"PropertyValueSpecification","valueRequired":true,"valueName":"search_term_string"}}],"inLanguage":"az"},{"@type":"Organization","@id":"https:\/\/www.meydan.tv\/az\/#organization","name":"Meydan TV","url":"https:\/\/www.meydan.tv\/az\/","logo":{"@type":"ImageObject","inLanguage":"az","@id":"https:\/\/www.meydan.tv\/az\/#\/schema\/logo\/image\/","url":"https:\/\/www.meydan.tv\/wp-content\/uploads\/2021\/07\/meydan-logo.svg","contentUrl":"https:\/\/www.meydan.tv\/wp-content\/uploads\/2021\/07\/meydan-logo.svg","width":195,"height":46,"caption":"Meydan TV"},"image":{"@id":"https:\/\/www.meydan.tv\/az\/#\/schema\/logo\/image\/"}},{"@type":"Person","@id":"https:\/\/www.meydan.tv\/az\/#\/schema\/person\/10d11eccf6da3662cf5fdab9806ea91a","name":"user-manager"}]}},"_links":{"self":[{"href":"https:\/\/www.meydan.tv\/az\/wp-json\/wp\/v2\/posts\/195769","targetHints":{"allow":["GET"]}}],"collection":[{"href":"https:\/\/www.meydan.tv\/az\/wp-json\/wp\/v2\/posts"}],"about":[{"href":"https:\/\/www.meydan.tv\/az\/wp-json\/wp\/v2\/types\/post"}],"author":[{"embeddable":true,"href":"https:\/\/www.meydan.tv\/az\/wp-json\/wp\/v2\/users\/11"}],"replies":[{"embeddable":true,"href":"https:\/\/www.meydan.tv\/az\/wp-json\/wp\/v2\/comments?post=195769"}],"version-history":[{"count":0,"href":"https:\/\/www.meydan.tv\/az\/wp-json\/wp\/v2\/posts\/195769\/revisions"}],"wp:featuredmedia":[{"embeddable":true,"href":"https:\/\/www.meydan.tv\/az\/wp-json\/wp\/v2\/media\/125286"}],"wp:attachment":[{"href":"https:\/\/www.meydan.tv\/az\/wp-json\/wp\/v2\/media?parent=195769"}],"wp:term":[{"taxonomy":"category","embeddable":true,"href":"https:\/\/www.meydan.tv\/az\/wp-json\/wp\/v2\/categories?post=195769"},{"taxonomy":"post_tag","embeddable":true,"href":"https:\/\/www.meydan.tv\/az\/wp-json\/wp\/v2\/tags?post=195769"}],"curies":[{"name":"wp","href":"https:\/\/api.w.org\/{rel}","templated":true}]}}