{"id":195762,"date":"2019-06-09T19:59:56","date_gmt":"2019-06-09T19:59:56","guid":{"rendered":"https:\/\/www.meydan.tv\/article\/moldova-prezidenti-parlamenti-buraxib-erken-seckileri-cagirib\/"},"modified":"2019-06-09T19:59:56","modified_gmt":"2019-06-09T19:59:56","slug":"moldova-prezidenti-parlamenti-buraxib-erken-seckileri-cagirib","status":"publish","type":"post","link":"https:\/\/www.meydan.tv\/az\/article\/moldova-prezidenti-parlamenti-buraxib-erken-seckileri-cagirib\/","title":{"rendered":"Moldova Prezidenti parlamenti burax\u0131b, erk\u0259n se\u00e7kil\u0259ri \u00e7a\u011f\u0131r\u0131b"},"content":{"rendered":"<p>\n  <i><br \/>\n    Konstitusiya M\u0259hk\u0259m\u0259si ba\u015f vermi\u015f siyasi prosesl\u0259ri l\u0259\u011fv edib<br \/>\n  <\/i>\n<\/p>\n<p>\n  Moldovan\u0131n haz\u0131rk\u0131 Prezidenti Pavel Filip parlamenti burax\u0131b v\u0259 ke\u00e7mi\u015f Sovet \u00f6lk\u0259si siyasi b\u00f6hranla \u00fczl\u0259\u015fdiyi \u00fc\u00e7\u00fcn sentyabr\u0131n 6-da ke\u00e7iril\u0259c\u0259k erk\u0259n se\u00e7kil\u0259r\u0259 \u00e7a\u011f\u0131r\u0131\u015f edib, &#8211; Azadl\u0131q Radiosu x\u0259b\u0259r verir.\n<\/p>\n<p>\n  \u0130yunun 9-da Konstitusiya M\u0259hk\u0259m\u0259si Rusiyay\u00f6n\u00fcml\u00fc Prezident \u0130qor Dodonun prezidentliyini l\u0259\u011fv etdikd\u0259n v\u0259 Ba\u015f nazir v\u0259zif\u0259sini icra ed\u0259n Filipi m\u00fcv\u0259qq\u0259ti Prezident se\u00e7dikd\u0259n sonra o, bu b\u0259yanat\u0131 verib.\n<\/p>\n<p>\n  Dodon bu \u0259r\u0259f\u0259l\u0259rd\u0259 Avropa Birliyi v\u0259 AB\u015e il\u0259 s\u0131x \u0259laq\u0259l\u0259r\u0259 sahib olan Filip v\u0259 onun h\u00f6kum\u0259ti il\u0259 m\u00fcnaqi\u015f\u0259 ya\u015fay\u0131rd\u0131.\n<\/p>\n<p>\n  \u0130yunun 8-d\u0259n etibar\u0259n y\u00fczl\u0259rl\u0259 insan paytaxt Ki\u015finyovda k\u00fc\u00e7\u0259l\u0259r\u0259 \u00e7\u0131xaraq Dodona etiraz edir v\u0259 Konstitusiya M\u0259hk\u0259m\u0259sinin q\u0259rar\u0131n\u0131 d\u0259st\u0259kl\u0259yir. Etiraz aksiyas\u0131 Moldovan\u0131n z\u0259nginl\u0259rind\u0259n olan Vlad Plahotniucun r\u0259hb\u0259rlik etdiyi Demokratiya Partiyas\u0131 t\u0259r\u0259find\u0259n t\u0259\u015fkil edilir.\n<\/p>\n<p>\n  Filipin b\u0259yanat\u0131 parlament r\u0259hb\u0259rl\u0259rinin fevralda ba\u015f tutan qeyri-m\u00fc\u0259yy\u0259n se\u00e7kil\u0259rin ard\u0131ndan h\u00f6kum\u0259ti formala\u015fd\u0131rmaq \u00fc\u00e7\u00fcn bir araya g\u0259l\u0259r\u0259k ke\u00e7irdikl\u0259ri f\u00f6vq\u0259lad\u0259 g\u00f6r\u00fc\u015fd\u0259n bir g\u00fcn sonraya t\u0259sad\u00fcf edir.\n<\/p>\n<p>\n  Sosialist Partiya v\u0259 parlamentd\u0259ki 101 oturaca\u011f\u0131n 61-n\u0259 sahib olan Avropay\u00f6n\u00fcml\u00fc sa\u011f m\u0259rk\u0259zli ACUM bloku iyunun 8-d\u0259 iclas ke\u00e7irib. Onlar siyasi \u0259m\u0259kda\u015fl\u0131q haqq\u0131nda raz\u0131la\u015fmaya imza ataraq, yeni h\u00f6kum\u0259ti t\u0259sdiql\u0259yibl\u0259r.\n<\/p>\n<p>\n  Ancaq Konstitusiya M\u0259hk\u0259m\u0259si h\u0259min g\u00fcn 30 mandata sahib olan Demokratiya Partiyas\u0131n\u0131n ist\u0259yin\u0259 m\u00fcsb\u0259t cavab verib v\u0259 ba\u015f vermi\u015f siyasi prosesl\u0259ri l\u0259\u011fv edib.\n<\/p>\n<p>\n  \u0130yunun 7-d\u0259 Demokratiya Partiyas\u0131 v\u0259 Sosialist Partiyas\u0131 \u0259m\u0259kda\u015fl\u0131q haqq\u0131nda raz\u0131la\u015fma \u0259ld\u0259 ed\u0259 bilm\u0259yibl\u0259r. Demokratiya Partiyas\u0131n\u0131n s\u00f6zc\u00fcs\u00fc deyib ki, onlar f\u00f6vq\u0259lad\u0259 iclas\u0131n q\u0259rarlar\u0131n\u0131 q\u0259bul etm\u0259y\u0259c\u0259kl\u0259r.\n<\/p>\n<p>\n  Sosialist Partiyan\u0131n lideri Zenaida Greceanii parlamentin spikeri olaraq t\u0259sdiql\u0259nib.\n<\/p>\n<p>\n  ACUM h\u0259ms\u0259dri Maia Sandu da Ba\u015f nazir v\u0259zif\u0259sin\u0259 t\u0259sdiq edilib. ACUM h\u0259ms\u0259dri Andrey Nastase Ba\u015f nazirin m\u00fcavini v\u0259 daxili i\u015fl\u0259r naziri t\u0259yin olunub.\n<\/p>\n<p>\n  Reinteqrasiya \u00fczr\u0259 prezident Dodonun m\u0259sl\u0259h\u0259t\u00e7isi Vasile Sova yenid\u0259n reinteqrasiya \u00fczr\u0259 Ba\u015f nazir m\u00fcavini se\u00e7ilib. Akademik v\u0259 siyasi t\u0259hlil\u00e7i Nicolae Popescu Xarici \u0130\u015fl\u0259r v\u0259 Avropaya inteqrasiya naziri t\u0259yin edilib.\n<\/p>\n<p>\n  Sandu deyib ki, onun h\u00f6kum\u0259tinin proqram\u0131 &quot;\u00f6lk\u0259nin oliqarxik sistemd\u0259n qurtulu\u015fu&quot;, &quot;iqtisadiyyat\u0131n b\u0259rpas\u0131 v\u0259 Beyn\u0259lxalq Valyuta Fondu il\u0259 \u0259m\u0259kda\u015fl\u0131q&quot; v\u0259 &quot;korrupsiya v\u0259 yoxsulluqla m\u00fcbariz\u0259&quot; \u2013d\u0259n ibar\u0259tdir.\n<\/p>\n<p>\n  &quot;M\u0259hk\u0259m\u0259 8 dekabr 2019-cu il tarixli q\u0259rar\u0131, 10-cu parlament \u00fczvl\u0259ri t\u0259r\u0259find\u0259n Zinaida Greceaninin parlament spikeri v\u0259zif\u0259sin\u0259 t\u0259yin edilm\u0259sini qeyri-konstitusion hesab edir,&quot; Konstitusiya M\u0259hk\u0259m\u0259si b\u0259yan edib.\n<\/p>\n<p>\n  M\u0259hk\u0259m\u0259 h\u0259m\u00e7inin parlamentin b\u00fct\u00fcn g\u0259l\u0259c\u0259k q\u0259rarlar\u0131n\u0131 da etibars\u0131z elan edib.\n<\/p>\n<p>\n  Sosialist Partiyas\u0131n\u0131n ke\u00e7mi\u015f r\u0259hb\u0259ri Dodon h\u00f6kum\u0259ti formala\u015fd\u0131rmaq \u00fc\u00e7\u00fcn f\u00f6vq\u0259lad\u0259 sessiyaya qat\u0131l\u0131b.\n<\/p>\n<p>\n  Avropa \u0130ttifaq\u0131n\u0131n xarici siyas\u0259t r\u0259hb\u0259ri Federika Mo\u011ferini &quot;s\u00fclh&quot; \u00e7a\u011f\u0131r\u0131\u015f\u0131 il\u0259 \u00e7\u0131x\u0131\u015f ed\u0259r\u0259k deyib ki, &quot;Avropa \u0130ttifaq\u0131 Moldova Respublikas\u0131ndan h\u00fcququn \u00fcst\u00fcnl\u00fcy\u00fcn\u0259 h\u00f6rm\u0259t v\u0259 demokratiyan\u0131 t\u0259min etm\u0259yi g\u00f6zl\u0259yir&quot;.\n<\/p>\n<p>\n  Avropa Birliyinin Moldovadak\u0131 s\u0259firi Peter Mixalko (Michalko) \u201cFacebook\u201d-da qeyd edib ki, demokratik yolla se\u00e7ilmi\u015f n\u00fcmay\u0259nd\u0259l\u0259r siyasi prosesin n\u0259tic\u0259sini t\u0259yin etm\u0259lidir.\n<\/p>\n<p>\n  Moldova qanununa \u0259sas\u0259n, \u0259g\u0259r parlament se\u00e7ki n\u0259tic\u0259l\u0259rinin sertifikatla\u015fd\u0131r\u0131lmas\u0131ndan sonra \u00fc\u00e7 ay m\u00fcdd\u0259tind\u0259 h\u00f6kum\u0259ti t\u0259yin ed\u0259 bilmirs\u0259, bu zaman prezident qanunverici qurumu l\u0259\u011fv ed\u0259 v\u0259 yeni se\u00e7kil\u0259ri \u00e7a\u011f\u0131ra bil\u0259r.<\/p>\n","protected":false},"excerpt":{"rendered":"<p>Sosialist Partiyan\u0131n lideri Zenaida Greceanii parlamentin spikeri olaraq t\u0259sdiql\u0259nib.<\/p>\n","protected":false},"author":11,"featured_media":118862,"comment_status":"closed","ping_status":"open","sticky":false,"template":"","format":"standard","meta":{"_acf_changed":false,"_sitemap_exclude":false,"_sitemap_priority":"","_sitemap_frequency":"","footnotes":""},"categories":[64],"tags":[],"class_list":["post-195762","post","type-post","status-publish","format-standard","has-post-thumbnail","hentry","category-dunya","infinite-scroll-item","generate-columns","tablet-grid-50","mobile-grid-100","grid-parent","grid-33","no-featured-image-padding"],"acf":[],"yoast_head":"<!-- This site is optimized with the Yoast SEO plugin v27.4 - https:\/\/yoast.com\/product\/yoast-seo-wordpress\/ -->\n<title>Moldova Prezidenti parlamenti burax\u0131b, erk\u0259n se\u00e7kil\u0259ri \u00e7a\u011f\u0131r\u0131b - MEYDAN.TV<\/title>\n<meta name=\"robots\" content=\"index, follow, max-snippet:-1, max-image-preview:large, max-video-preview:-1\" \/>\n<link rel=\"canonical\" href=\"https:\/\/www.meydan.tv\/az\/article\/moldova-prezidenti-parlamenti-buraxib-erken-seckileri-cagirib\/\" \/>\n<meta property=\"og:locale\" content=\"az_AZ\" \/>\n<meta property=\"og:type\" content=\"article\" \/>\n<meta property=\"og:title\" content=\"Moldova Prezidenti parlamenti burax\u0131b, erk\u0259n se\u00e7kil\u0259ri \u00e7a\u011f\u0131r\u0131b - MEYDAN.TV\" \/>\n<meta property=\"og:description\" content=\"Sosialist Partiyan\u0131n lideri Zenaida Greceanii parlamentin spikeri olaraq t\u0259sdiql\u0259nib.\" \/>\n<meta property=\"og:url\" content=\"https:\/\/www.meydan.tv\/az\/article\/moldova-prezidenti-parlamenti-buraxib-erken-seckileri-cagirib\/\" \/>\n<meta property=\"og:site_name\" content=\"MEYDAN.TV\" \/>\n<meta property=\"article:published_time\" content=\"2019-06-09T19:59:56+00:00\" \/>\n<meta property=\"og:image\" content=\"https:\/\/www.meydan.tv\/wp-content\/uploads\/47398.jpg\" \/>\n\t<meta property=\"og:image:width\" content=\"720\" \/>\n\t<meta property=\"og:image:height\" content=\"405\" \/>\n\t<meta property=\"og:image:type\" content=\"image\/jpeg\" \/>\n<meta name=\"author\" content=\"user-manager\" \/>\n<meta name=\"twitter:card\" content=\"summary_large_image\" \/>\n<script type=\"application\/ld+json\" class=\"yoast-schema-graph\">{\"@context\":\"https:\\\/\\\/schema.org\",\"@graph\":[{\"@type\":\"Article\",\"@id\":\"https:\\\/\\\/www.meydan.tv\\\/az\\\/article\\\/moldova-prezidenti-parlamenti-buraxib-erken-seckileri-cagirib\\\/#article\",\"isPartOf\":{\"@id\":\"https:\\\/\\\/www.meydan.tv\\\/az\\\/article\\\/moldova-prezidenti-parlamenti-buraxib-erken-seckileri-cagirib\\\/\"},\"author\":{\"name\":\"user-manager\",\"@id\":\"https:\\\/\\\/www.meydan.tv\\\/az\\\/#\\\/schema\\\/person\\\/10d11eccf6da3662cf5fdab9806ea91a\"},\"headline\":\"Moldova Prezidenti parlamenti burax\u0131b, erk\u0259n se\u00e7kil\u0259ri \u00e7a\u011f\u0131r\u0131b\",\"datePublished\":\"2019-06-09T19:59:56+00:00\",\"mainEntityOfPage\":{\"@id\":\"https:\\\/\\\/www.meydan.tv\\\/az\\\/article\\\/moldova-prezidenti-parlamenti-buraxib-erken-seckileri-cagirib\\\/\"},\"wordCount\":719,\"publisher\":{\"@id\":\"https:\\\/\\\/www.meydan.tv\\\/az\\\/#organization\"},\"image\":{\"@id\":\"https:\\\/\\\/www.meydan.tv\\\/az\\\/article\\\/moldova-prezidenti-parlamenti-buraxib-erken-seckileri-cagirib\\\/#primaryimage\"},\"thumbnailUrl\":\"https:\\\/\\\/www.meydan.tv\\\/wp-content\\\/uploads\\\/47398.jpg\",\"articleSection\":[\"D\u00fcnya\"],\"inLanguage\":\"az\"},{\"@type\":\"WebPage\",\"@id\":\"https:\\\/\\\/www.meydan.tv\\\/az\\\/article\\\/moldova-prezidenti-parlamenti-buraxib-erken-seckileri-cagirib\\\/\",\"url\":\"https:\\\/\\\/www.meydan.tv\\\/az\\\/article\\\/moldova-prezidenti-parlamenti-buraxib-erken-seckileri-cagirib\\\/\",\"name\":\"Moldova Prezidenti parlamenti burax\u0131b, erk\u0259n se\u00e7kil\u0259ri \u00e7a\u011f\u0131r\u0131b - MEYDAN.TV\",\"isPartOf\":{\"@id\":\"https:\\\/\\\/www.meydan.tv\\\/az\\\/#website\"},\"primaryImageOfPage\":{\"@id\":\"https:\\\/\\\/www.meydan.tv\\\/az\\\/article\\\/moldova-prezidenti-parlamenti-buraxib-erken-seckileri-cagirib\\\/#primaryimage\"},\"image\":{\"@id\":\"https:\\\/\\\/www.meydan.tv\\\/az\\\/article\\\/moldova-prezidenti-parlamenti-buraxib-erken-seckileri-cagirib\\\/#primaryimage\"},\"thumbnailUrl\":\"https:\\\/\\\/www.meydan.tv\\\/wp-content\\\/uploads\\\/47398.jpg\",\"datePublished\":\"2019-06-09T19:59:56+00:00\",\"breadcrumb\":{\"@id\":\"https:\\\/\\\/www.meydan.tv\\\/az\\\/article\\\/moldova-prezidenti-parlamenti-buraxib-erken-seckileri-cagirib\\\/#breadcrumb\"},\"inLanguage\":\"az\",\"potentialAction\":[{\"@type\":\"ReadAction\",\"target\":[\"https:\\\/\\\/www.meydan.tv\\\/az\\\/article\\\/moldova-prezidenti-parlamenti-buraxib-erken-seckileri-cagirib\\\/\"]}]},{\"@type\":\"ImageObject\",\"inLanguage\":\"az\",\"@id\":\"https:\\\/\\\/www.meydan.tv\\\/az\\\/article\\\/moldova-prezidenti-parlamenti-buraxib-erken-seckileri-cagirib\\\/#primaryimage\",\"url\":\"https:\\\/\\\/www.meydan.tv\\\/wp-content\\\/uploads\\\/47398.jpg\",\"contentUrl\":\"https:\\\/\\\/www.meydan.tv\\\/wp-content\\\/uploads\\\/47398.jpg\",\"width\":720,\"height\":405,\"caption\":\"Source:\"},{\"@type\":\"BreadcrumbList\",\"@id\":\"https:\\\/\\\/www.meydan.tv\\\/az\\\/article\\\/moldova-prezidenti-parlamenti-buraxib-erken-seckileri-cagirib\\\/#breadcrumb\",\"itemListElement\":[{\"@type\":\"ListItem\",\"position\":1,\"name\":\"Ana s\u0259hif\u0259\",\"item\":\"https:\\\/\\\/www.meydan.tv\\\/az\\\/\"},{\"@type\":\"ListItem\",\"position\":2,\"name\":\"D\u00fcnya\",\"item\":\"https:\\\/\\\/www.meydan.tv\\\/az\\\/section\\\/dunya\\\/\"},{\"@type\":\"ListItem\",\"position\":3,\"name\":\"Moldova Prezidenti parlamenti burax\u0131b, erk\u0259n se\u00e7kil\u0259ri \u00e7a\u011f\u0131r\u0131b\"}]},{\"@type\":\"WebSite\",\"@id\":\"https:\\\/\\\/www.meydan.tv\\\/az\\\/#website\",\"url\":\"https:\\\/\\\/www.meydan.tv\\\/az\\\/\",\"name\":\"MEYDAN.TV\",\"description\":\"Meydan TV Az\u0259rbaycan\u0131n media m\u0259kan\u0131ndak\u0131 alternativ s\u0259sidir\",\"publisher\":{\"@id\":\"https:\\\/\\\/www.meydan.tv\\\/az\\\/#organization\"},\"potentialAction\":[{\"@type\":\"SearchAction\",\"target\":{\"@type\":\"EntryPoint\",\"urlTemplate\":\"https:\\\/\\\/www.meydan.tv\\\/az\\\/?s={search_term_string}\"},\"query-input\":{\"@type\":\"PropertyValueSpecification\",\"valueRequired\":true,\"valueName\":\"search_term_string\"}}],\"inLanguage\":\"az\"},{\"@type\":\"Organization\",\"@id\":\"https:\\\/\\\/www.meydan.tv\\\/az\\\/#organization\",\"name\":\"Meydan TV\",\"url\":\"https:\\\/\\\/www.meydan.tv\\\/az\\\/\",\"logo\":{\"@type\":\"ImageObject\",\"inLanguage\":\"az\",\"@id\":\"https:\\\/\\\/www.meydan.tv\\\/az\\\/#\\\/schema\\\/logo\\\/image\\\/\",\"url\":\"https:\\\/\\\/www.meydan.tv\\\/wp-content\\\/uploads\\\/2021\\\/07\\\/meydan-logo.svg\",\"contentUrl\":\"https:\\\/\\\/www.meydan.tv\\\/wp-content\\\/uploads\\\/2021\\\/07\\\/meydan-logo.svg\",\"width\":195,\"height\":46,\"caption\":\"Meydan TV\"},\"image\":{\"@id\":\"https:\\\/\\\/www.meydan.tv\\\/az\\\/#\\\/schema\\\/logo\\\/image\\\/\"}},{\"@type\":\"Person\",\"@id\":\"https:\\\/\\\/www.meydan.tv\\\/az\\\/#\\\/schema\\\/person\\\/10d11eccf6da3662cf5fdab9806ea91a\",\"name\":\"user-manager\"}]}<\/script>\n<!-- \/ Yoast SEO plugin. -->","yoast_head_json":{"title":"Moldova Prezidenti parlamenti burax\u0131b, erk\u0259n se\u00e7kil\u0259ri \u00e7a\u011f\u0131r\u0131b - MEYDAN.TV","robots":{"index":"index","follow":"follow","max-snippet":"max-snippet:-1","max-image-preview":"max-image-preview:large","max-video-preview":"max-video-preview:-1"},"canonical":"https:\/\/www.meydan.tv\/az\/article\/moldova-prezidenti-parlamenti-buraxib-erken-seckileri-cagirib\/","og_locale":"az_AZ","og_type":"article","og_title":"Moldova Prezidenti parlamenti burax\u0131b, erk\u0259n se\u00e7kil\u0259ri \u00e7a\u011f\u0131r\u0131b - MEYDAN.TV","og_description":"Sosialist Partiyan\u0131n lideri Zenaida Greceanii parlamentin spikeri olaraq t\u0259sdiql\u0259nib.","og_url":"https:\/\/www.meydan.tv\/az\/article\/moldova-prezidenti-parlamenti-buraxib-erken-seckileri-cagirib\/","og_site_name":"MEYDAN.TV","article_published_time":"2019-06-09T19:59:56+00:00","og_image":[{"width":720,"height":405,"url":"https:\/\/www.meydan.tv\/wp-content\/uploads\/47398.jpg","type":"image\/jpeg"}],"author":"user-manager","twitter_card":"summary_large_image","schema":{"@context":"https:\/\/schema.org","@graph":[{"@type":"Article","@id":"https:\/\/www.meydan.tv\/az\/article\/moldova-prezidenti-parlamenti-buraxib-erken-seckileri-cagirib\/#article","isPartOf":{"@id":"https:\/\/www.meydan.tv\/az\/article\/moldova-prezidenti-parlamenti-buraxib-erken-seckileri-cagirib\/"},"author":{"name":"user-manager","@id":"https:\/\/www.meydan.tv\/az\/#\/schema\/person\/10d11eccf6da3662cf5fdab9806ea91a"},"headline":"Moldova Prezidenti parlamenti burax\u0131b, erk\u0259n se\u00e7kil\u0259ri \u00e7a\u011f\u0131r\u0131b","datePublished":"2019-06-09T19:59:56+00:00","mainEntityOfPage":{"@id":"https:\/\/www.meydan.tv\/az\/article\/moldova-prezidenti-parlamenti-buraxib-erken-seckileri-cagirib\/"},"wordCount":719,"publisher":{"@id":"https:\/\/www.meydan.tv\/az\/#organization"},"image":{"@id":"https:\/\/www.meydan.tv\/az\/article\/moldova-prezidenti-parlamenti-buraxib-erken-seckileri-cagirib\/#primaryimage"},"thumbnailUrl":"https:\/\/www.meydan.tv\/wp-content\/uploads\/47398.jpg","articleSection":["D\u00fcnya"],"inLanguage":"az"},{"@type":"WebPage","@id":"https:\/\/www.meydan.tv\/az\/article\/moldova-prezidenti-parlamenti-buraxib-erken-seckileri-cagirib\/","url":"https:\/\/www.meydan.tv\/az\/article\/moldova-prezidenti-parlamenti-buraxib-erken-seckileri-cagirib\/","name":"Moldova Prezidenti parlamenti burax\u0131b, erk\u0259n se\u00e7kil\u0259ri \u00e7a\u011f\u0131r\u0131b - MEYDAN.TV","isPartOf":{"@id":"https:\/\/www.meydan.tv\/az\/#website"},"primaryImageOfPage":{"@id":"https:\/\/www.meydan.tv\/az\/article\/moldova-prezidenti-parlamenti-buraxib-erken-seckileri-cagirib\/#primaryimage"},"image":{"@id":"https:\/\/www.meydan.tv\/az\/article\/moldova-prezidenti-parlamenti-buraxib-erken-seckileri-cagirib\/#primaryimage"},"thumbnailUrl":"https:\/\/www.meydan.tv\/wp-content\/uploads\/47398.jpg","datePublished":"2019-06-09T19:59:56+00:00","breadcrumb":{"@id":"https:\/\/www.meydan.tv\/az\/article\/moldova-prezidenti-parlamenti-buraxib-erken-seckileri-cagirib\/#breadcrumb"},"inLanguage":"az","potentialAction":[{"@type":"ReadAction","target":["https:\/\/www.meydan.tv\/az\/article\/moldova-prezidenti-parlamenti-buraxib-erken-seckileri-cagirib\/"]}]},{"@type":"ImageObject","inLanguage":"az","@id":"https:\/\/www.meydan.tv\/az\/article\/moldova-prezidenti-parlamenti-buraxib-erken-seckileri-cagirib\/#primaryimage","url":"https:\/\/www.meydan.tv\/wp-content\/uploads\/47398.jpg","contentUrl":"https:\/\/www.meydan.tv\/wp-content\/uploads\/47398.jpg","width":720,"height":405,"caption":"Source:"},{"@type":"BreadcrumbList","@id":"https:\/\/www.meydan.tv\/az\/article\/moldova-prezidenti-parlamenti-buraxib-erken-seckileri-cagirib\/#breadcrumb","itemListElement":[{"@type":"ListItem","position":1,"name":"Ana s\u0259hif\u0259","item":"https:\/\/www.meydan.tv\/az\/"},{"@type":"ListItem","position":2,"name":"D\u00fcnya","item":"https:\/\/www.meydan.tv\/az\/section\/dunya\/"},{"@type":"ListItem","position":3,"name":"Moldova Prezidenti parlamenti burax\u0131b, erk\u0259n se\u00e7kil\u0259ri \u00e7a\u011f\u0131r\u0131b"}]},{"@type":"WebSite","@id":"https:\/\/www.meydan.tv\/az\/#website","url":"https:\/\/www.meydan.tv\/az\/","name":"MEYDAN.TV","description":"Meydan TV Az\u0259rbaycan\u0131n media m\u0259kan\u0131ndak\u0131 alternativ s\u0259sidir","publisher":{"@id":"https:\/\/www.meydan.tv\/az\/#organization"},"potentialAction":[{"@type":"SearchAction","target":{"@type":"EntryPoint","urlTemplate":"https:\/\/www.meydan.tv\/az\/?s={search_term_string}"},"query-input":{"@type":"PropertyValueSpecification","valueRequired":true,"valueName":"search_term_string"}}],"inLanguage":"az"},{"@type":"Organization","@id":"https:\/\/www.meydan.tv\/az\/#organization","name":"Meydan TV","url":"https:\/\/www.meydan.tv\/az\/","logo":{"@type":"ImageObject","inLanguage":"az","@id":"https:\/\/www.meydan.tv\/az\/#\/schema\/logo\/image\/","url":"https:\/\/www.meydan.tv\/wp-content\/uploads\/2021\/07\/meydan-logo.svg","contentUrl":"https:\/\/www.meydan.tv\/wp-content\/uploads\/2021\/07\/meydan-logo.svg","width":195,"height":46,"caption":"Meydan TV"},"image":{"@id":"https:\/\/www.meydan.tv\/az\/#\/schema\/logo\/image\/"}},{"@type":"Person","@id":"https:\/\/www.meydan.tv\/az\/#\/schema\/person\/10d11eccf6da3662cf5fdab9806ea91a","name":"user-manager"}]}},"_links":{"self":[{"href":"https:\/\/www.meydan.tv\/az\/wp-json\/wp\/v2\/posts\/195762","targetHints":{"allow":["GET"]}}],"collection":[{"href":"https:\/\/www.meydan.tv\/az\/wp-json\/wp\/v2\/posts"}],"about":[{"href":"https:\/\/www.meydan.tv\/az\/wp-json\/wp\/v2\/types\/post"}],"author":[{"embeddable":true,"href":"https:\/\/www.meydan.tv\/az\/wp-json\/wp\/v2\/users\/11"}],"replies":[{"embeddable":true,"href":"https:\/\/www.meydan.tv\/az\/wp-json\/wp\/v2\/comments?post=195762"}],"version-history":[{"count":0,"href":"https:\/\/www.meydan.tv\/az\/wp-json\/wp\/v2\/posts\/195762\/revisions"}],"wp:featuredmedia":[{"embeddable":true,"href":"https:\/\/www.meydan.tv\/az\/wp-json\/wp\/v2\/media\/118862"}],"wp:attachment":[{"href":"https:\/\/www.meydan.tv\/az\/wp-json\/wp\/v2\/media?parent=195762"}],"wp:term":[{"taxonomy":"category","embeddable":true,"href":"https:\/\/www.meydan.tv\/az\/wp-json\/wp\/v2\/categories?post=195762"},{"taxonomy":"post_tag","embeddable":true,"href":"https:\/\/www.meydan.tv\/az\/wp-json\/wp\/v2\/tags?post=195762"}],"curies":[{"name":"wp","href":"https:\/\/api.w.org\/{rel}","templated":true}]}}