{"id":195761,"date":"2019-06-08T13:13:40","date_gmt":"2019-06-08T13:13:40","guid":{"rendered":"https:\/\/www.meydan.tv\/article\/kurdemir-sakini-bele-sefalet-icinde-yasamagimizin-sebebkari-hokumetdir\/"},"modified":"2019-06-08T13:13:40","modified_gmt":"2019-06-08T13:13:40","slug":"kurdemir-sakini-bele-sefalet-icinde-yasamagimizin-sebebkari-hokumetdir","status":"publish","type":"post","link":"https:\/\/www.meydan.tv\/az\/article\/kurdemir-sakini-bele-sefalet-icinde-yasamagimizin-sebebkari-hokumetdir\/","title":{"rendered":"K\u00fcrd\u0259mir sakini: Bel\u0259 s\u0259fal\u0259t i\u00e7ind\u0259 ya\u015fama\u011f\u0131m\u0131z\u0131n s\u0259b\u0259bkar\u0131 h\u00f6kum\u0259tdir"},"content":{"rendered":"<p>\n  <i><br \/>\n    Yataqxana sakinl\u0259ri \u015f\u0259raitl\u0259rind\u0259n gileylidir<br \/>\n  <\/i>\n<\/p>\n<p>\n  67 ya\u015fl\u0131 Solmaz \u018fliyeva 32 ildir ki, K\u00fcrd\u0259mird\u0259ki M\u0259nzil \u0130stismar Sah\u0259sinin (M\u0130S) binas\u0131nda ya\u015fay\u0131r. Deyir, binan\u0131n yar\u0131s\u0131nda ail\u0259si ya\u015fay\u0131r, dig\u0259r yar\u0131s\u0131 is\u0259 idar\u0259dir. \u0130stismar m\u00fcdd\u0259tini \u00e7oxdan ba\u015fa vurmu\u015f bina q\u0259zal\u0131 v\u0259ziyy\u0259td\u0259dir. V\u0259 bu binalarda t\u0259kc\u0259, Solmaz xan\u0131m\u0131n ail\u0259si deyil, daha 9 ail\u0259 m\u0259skunla\u015f\u0131b.\n<\/p>\n<p>\n  <i><br \/>\n    \u201cBiz d\u0259 qocalm\u0131\u015f\u0131q, ya\u015fad\u0131\u011f\u0131m\u0131z bina da\u201d<br \/>\n  <\/i>\n<\/p>\n<p>\n  Sakinl\u0259rin s\u00f6yl\u0259m\u0259sin\u0259 g\u00f6r\u0259, bina 1960-c\u0131 ill\u0259rd\u0259 tikilib. \u018frazid\u0259ki yataqxana tipli ya\u015fay\u0131\u015f m\u0259nt\u0259q\u0259l\u0259rind\u0259 o vaxtlar \u015f\u0259h\u0259rl\u0259rd\u0259n K\u00fcrd\u0259mir\u0259 v\u0259 \u0259traf b\u00f6lg\u0259l\u0259r\u0259 pamb\u0131q y\u0131\u011fmaq \u00fc\u00e7\u00fcn g\u0259l\u0259n t\u0259l\u0259b\u0259l\u0259r qal\u0131rm\u0131\u015f.\n<\/p>\n<figure class=\"wp-block-image size-large\">\n  <img decoding=\"async\" src=\"https:\/\/www.meydan.tv\/az\/solmaz-aliyeva-jpeg\/\" alt=\"solmaz aliyeva.jpeg\" class=\"wp-image-125217\"\/><figcaption>\n    Solmaz \u018fliyeva<br \/>\n  <\/figcaption><\/figure>\n<p>\n  \u201cAz qala 60 ilin binalar\u0131d\u0131r. 30 ild\u0259n art\u0131qd\u0131r ki, biz ya\u015fay\u0131r\u0131q. \u018fvv\u0259ll\u0259r normal v\u0259ziyy\u0259td\u0259 idi, sonradan b\u0259rbad hala d\u00fc\u015fd\u00fc. Biz \u00f6z\u00fcm\u00fcz qocal\u0131b, \u0259ld\u0259n d\u00fc\u015fm\u00fc\u015f\u00fck, da\u015f-divardan n\u0259 g\u00f6zl\u0259y\u0259s\u0259n?\u201d \u2013 deyir, Solmaz \u018fliyeva.\n<\/p>\n<p>\n  <i><br \/>\n    \u201c\u00d6z\u00fcm\u00fc bu binaya m\u0259hkum hiss edir\u0259m\u201d<br \/>\n  <\/i>\n<\/p>\n<p>\n  S.\u018fliyeva g\u0259nc ya\u015flar\u0131nda h\u0259yat yolda\u015f\u0131ndan ayr\u0131l\u0131b. Deyir, h\u0259min \u0259r\u0259f\u0259l\u0259rd\u0259 n\u0259 normal i\u015fi, n\u0259 d\u0259 qalma\u011fa yeri olub. H\u00f6kum\u0259t\u0259 m\u00fcraci\u0259t edib, \u00e7\u00fcnki \u00f6vladlar\u0131 il\u0259 k\u00fc\u00e7\u0259d\u0259 qal\u0131bm\u0131\u015f. H\u00f6kum\u0259t d\u0259 onu bu binada m\u0259skunla\u015fd\u0131r\u0131b. Binada qalan dig\u0259r v\u0259t\u0259nda\u015flar da n\u0259 zamansa h\u00f6kum\u0259t\u0259 ev \u00fc\u00e7\u00fcn m\u00fcraci\u0259t ed\u0259nl\u0259rdir.\n<\/p>\n<figure class=\"wp-block-image size-large\">\n  <img decoding=\"async\" src=\"https:\/\/www.meydan.tv\/az\/image00030-jpeg-2\/\" alt=\"image00030.jpeg\" class=\"wp-image-125214\"\/><figcaption>\n    ya\u015fay\u0131\u015f\u00e7\u0131n\u0131n evi<br \/>\n  <\/figcaption><\/figure>\n<p>\n  \u201cN\u0259 onda, n\u0259 d\u0259 indi kiray\u0259 qalma\u011fa imkan\u0131m \u00e7at\u0131b. Odur ki, \u00f6z\u00fcm\u00fc bu binaya m\u0259hkum hiss edir\u0259m. N\u0259 z\u00fclml\u0259, zill\u0259tl\u0259, birt\u0259h\u0259r \u00f6vladlar\u0131m\u0131 b\u00f6y\u00fcd\u00fcb, boya-ba\u015fa \u00e7atd\u0131rm\u0131\u015fam. M\u0259nim d\u0259 g\u00fcc\u00fcm ancaq buna \u00e7at\u0131b\u201d, &#8211; Solmaz \u018fliyeva \u0259lav\u0259 edir.\n<\/p>\n<p>\n  <i><br \/>\n    \u201cBizi normal evl\u0259 t\u0259min etsinl\u0259r\u201d<br \/>\n  <\/i>\n<\/p>\n<p>\n  Yerli sakinl\u0259rin yataqxanalar adland\u0131rd\u0131\u011f\u0131 bu binalarda 9 ail\u0259 m\u0259skunla\u015f\u0131b. Sakinl\u0259r deyir ki, ya\u011f\u0131\u015fda evl\u0259rin\u0259 su dam\u0131r, k\u00fcl\u0259kd\u0259 is\u0259 dam\u0131n \u00fcst\u00fc u\u00e7ub t\u00f6k\u00fcl\u00fcr.\n<\/p>\n<figure class=\"wp-block-image size-large\">\n  <img decoding=\"async\" src=\"https:\/\/www.meydan.tv\/az\/nazima-hamidova-jpeg\/\" alt=\"nazima hamidova.jpeg\" class=\"wp-image-125220\"\/><figcaption>\n    Nazim\u0259 H\u0259midova<br \/>\n  <\/figcaption><\/figure>\n<p>\n  \u201c\u015e\u0259raitimiz b\u0259rbadd\u0131r. H\u0259r yer u\u00e7ub-da\u011f\u0131l\u0131r. Evin bir yerini d\u00fcz\u0259ldirik, dig\u0259r yeri t\u00f6k\u00fcl\u00fcr. Bir s\u00f6zl\u0259, \u0259m\u0259l\u0259 g\u0259tirm\u0259k m\u00fcmk\u00fcn deyil. Bu g\u00fcn &#8211; sabah ba\u015f\u0131m\u0131za t\u00f6k\u00fcl\u0259c\u0259k. Divarlar bel\u0259 aralan\u0131b, k\u00f6p\u00fck, pamb\u0131q t\u0131xay\u0131r\u0131q. \u00dcst\u0259lik, i\u00e7-i\u00e7\u0259 otaqlard\u0131r, p\u0259nc\u0259r\u0259si d\u0259 yoxdur. Ham\u0131m\u0131z x\u0259st\u0259 d\u00fc\u015fm\u00fc\u015f\u00fck. H\u00f6kum\u0259td\u0259n xahi\u015f edirik, bizi normal evl\u0259 t\u0259min etsinl\u0259r\u201d, &#8211; sakinl\u0259rd\u0259n Nazim\u0259 H\u0259midova bel\u0259 deyir.\n<\/p>\n<p>\n  <i><br \/>\n    \u201cO vaxt do\u011fulanlar az qala \u00f6l\u00fcrl\u0259r, qald\u0131 bina ola\u201d<br \/>\n  <\/i>\n<\/p>\n<p>\n  N.H\u0259midova \u0259lav\u0259 edir ki, bu \u0259razid\u0259 normal durumda olan bir d\u0259n\u0259 d\u0259 ev yoxdur. Ya\u011f\u0131\u015f ya\u011fanda evl\u0259rin\u0259 bir ne\u00e7\u0259 yerd\u0259n su dam\u0131r. D\u0259f\u0259l\u0259rl\u0259 yor\u011fan-d\u00f6\u015f\u0259kl\u0259ri, paltarlar\u0131 v\u0259 \u0259\u015fyalar\u0131 suyun alt\u0131nda qal\u0131b:\n<\/p>\n<figure class=\"wp-block-image size-large\">\n  <img decoding=\"async\" src=\"https:\/\/www.meydan.tv\/az\/image00020-jpeg-2\/\" alt=\"image00020.jpeg\" class=\"wp-image-125223\"\/><figcaption>\n    ev<br \/>\n  <\/figcaption><\/figure>\n<p>\n  \u201cBunlar bir yana, h\u0259y\u0259tl\u0259rimiz d\u0259 b\u0259rbad g\u00fcnd\u0259dir. Su y\u0131\u011f\u0131l\u0131r, iy verib, iyl\u0259nir. Bir damc\u0131 ya\u011f\u0131\u015f ya\u011fan kimi evin i\u00e7i d\u0259 su il\u0259 dolur. H\u0259r\u0259nin \u0259lind\u0259 bir vedr\u0259 su at\u0131r\u0131q evl\u0259rd\u0259n bay\u0131ra. Bel\u0259 ya\u015fay\u0131\u015f olar? Bir ne\u00e7\u0259 evdir, 60-c\u0131 ill\u0259rd\u0259n tikilib. O vaxt do\u011fulanlar az qala \u00f6l\u00fcrl\u0259r, qald\u0131 bina ola\u201d.\n<\/p>\n<p>\n  <i><br \/>\n    \u201cBir g\u00fcn i\u015fl\u0259m\u0259s\u0259m, ac\u0131ndan \u00f6l\u0259r\u0259m\u201d<br \/>\n  <\/i>\n<\/p>\n<p>\n  Sakinl\u0259r probleml\u0259ri il\u0259 ba\u011fl\u0131 d\u0259f\u0259l\u0259rl\u0259 K\u00fcrd\u0259mir Rayon \u0130cra Hakimiyy\u0259tin\u0259 m\u00fcraci\u0259t etdikl\u0259rini s\u00f6yl\u0259yirl\u0259r. H\u0259r d\u0259f\u0259sind\u0259 d\u0259 \u201cg\u0259lib, baxaca\u011f\u0131q\u201d, &#8211; cavab\u0131n\u0131 al\u0131blar. Ancaq bug\u00fcn\u0259d\u0259k qap\u0131lar\u0131n\u0131 d\u00f6y\u0259n olmay\u0131b deyirl\u0259r:\n<\/p>\n<p>\n  \u201cBurada varl\u0131 adam ya\u015fam\u0131r. Pulu olan \u00f6z\u00fcn\u0259 bu z\u00fclm\u00fc r\u0259va bilm\u0259z. M\u0259s\u0259l\u0259n, g\u00f6t\u00fcr\u0259k, el\u0259 m\u0259ni. 60 ya\u015f\u0131m var. Restoranlar\u0131n birind\u0259 g\u00fcn\u00fc 5 manatdan qab yuyuram. M\u0259n onu iyn\u0259m\u0259, d\u0259rman\u0131ma, problemim\u0259, \u0259rza\u011fa, kommunala verim, yoxsa, onunla ev al\u0131m, t\u0259mir edim? El\u0259 olur, x\u0259st\u0259l\u0259nir\u0259m, h\u0259min g\u00fcn\u00fc i\u015f\u0259 ged\u0259 bilmir\u0259m. Getm\u0259y\u0259nd\u0259 d\u0259 q\u0259piyim olmur. N\u0259 edim, \u0259limd\u0259n ba\u015fqa he\u00e7 n\u0259 g\u0259lmir\u201d, &#8211; N. H\u0259midova \u0259lav\u0259 edir.\n<\/p>\n<figure class=\"wp-block-image size-large\">\n  <img decoding=\"async\" src=\"https:\/\/www.meydan.tv\/az\/image00013-jpeg-6\/\" alt=\"image00013.jpeg\" class=\"wp-image-125226\"\/><figcaption>\n    tavan<br \/>\n  <\/figcaption><\/figure>\n<p>\n  <i><br \/>\n    \u201cN\u0259 ets\u0259k d\u0259, bir yer\u0259 \u00e7\u0131xm\u0131r, t\u00f6k\u00fcl\u00fcb, da\u011f\u0131l\u0131r\u201d<br \/>\n  <\/i>\n<\/p>\n<p>\n  26 ya\u015fl\u0131 G\u00fcnay Tuqa\u015fvili d\u0259 burada ya\u015fayanlardand\u0131r. Deyir, bir ota\u011f\u0131n i\u00e7ind\u0259 7 u\u015faq, 3 b\u00f6y\u00fck qal\u0131rlar, \u00e7\u0259tindir. He\u00e7 biri d\u0259 i\u015fl\u0259mir, dolan\u0131\u015f\u0131qlar\u0131 \u00e7ox a\u011f\u0131rd\u0131r:\n<\/p>\n<p>\n  \u201cBir yerd\u0259n bir q\u0259pik g\u0259lirimiz yoxdur. Bel\u0259 \u015f\u0259raitd\u0259 u\u015faq b\u00f6y\u00fctm\u0259k \u00e7\u0259tindir. Son ill\u0259r m\u00f6vs\u00fcmi i\u015fl\u0259r vaxt\u0131 bo\u011faz\u0131m\u0131zdan k\u0259sib evimizi 3 d\u0259f\u0259 t\u0259mir etdirmi\u015fik. N\u0259 ets\u0259k d\u0259, bir yer\u0259 \u00e7\u0131xm\u0131r. Yen\u0259 t\u00f6k\u00fcl\u00fcb, da\u011f\u0131l\u0131r\u201d.\n<\/p>\n<figure class=\"wp-block-image size-large\">\n  <img decoding=\"async\" src=\"https:\/\/www.meydan.tv\/az\/image00021-jpeg-2\/\" alt=\"image00021.jpeg\" class=\"wp-image-125232\"\/><figcaption>\n    G\u00fcnay Tuqa\u015fvili<br \/>\n  <\/figcaption><\/figure>\n<p>\n  <i><br \/>\n    \u201cEv t\u0259mir etm\u0259k bizim \u00fc\u00e7\u00fcn \u0259l\u00e7armazd\u0131r\u201d<br \/>\n  <\/i>\n<\/p>\n<p>\n  V\u0259fa Abdullayeva is\u0259 bir ota\u011f\u0131n i\u00e7ind\u0259 3 q\u0131z\u0131 il\u0259 birg\u0259 ya\u015fay\u0131r. Deyir, bir ne\u00e7\u0259 il \u00f6nc\u0259 q\u0259za ke\u00e7irib, i\u015f qabiliyy\u0259tini itirib. Qoluna mil qoyublar, bundan \u0259lav\u0259, qolunun biri dig\u0259rind\u0259n q\u0131sad\u0131r. H\u0259r\u0259k\u0259t etdirm\u0259k \u00e7\u0259tindir. 20 ya\u015fl\u0131 b\u00f6y\u00fck q\u0131z\u0131 ma\u011fazalar\u0131n birind\u0259 kassada i\u015fl\u0259yir. Evi doland\u0131ran da el\u0259 odur:\n<\/p>\n<p>\n  \u201cBu q\u0259d\u0259r mill\u0259t o balam\u0131n maa\u015f\u0131na bax\u0131r\u0131q. Ev t\u0259mir etm\u0259k bizim \u00fc\u00e7\u00fcn \u0259l\u00e7armazd\u0131r. H\u0259r yeri d\u0259 aralan\u0131b, g\u00f6r\u00fcrs\u00fcn\u00fcz. Yayda qurd-qu\u015f girir. Ev\u0259 qaz da g\u0259lmir, q\u0131\u015fda soba yand\u0131r\u0131r\u0131q, onu da \u00e7atd\u0131ra bilmirik. 20 ya\u015f\u0131nda u\u015fa\u011f\u0131n ald\u0131\u011f\u0131 200 manatla yar\u0131ac-yar\u0131tox dolan\u0131r\u0131q. Biz hara, ev t\u0259mir etm\u0259k hara? He\u00e7 t\u0259mirlik yan\u0131 da qalmay\u0131b. S\u00f6k\u00fcl\u0259n binalard\u0131r ham\u0131s\u0131\u201d.\n<\/p>\n<p><img \/><\/p>\n<p>\n  <i><br \/>\n    \u201cBiz burada \u0259n ax\u0131r\u0131nc\u0131 insanlar kimi ya\u015fay\u0131r\u0131q\u201d<br \/>\n  <\/i>\n<\/p>\n<p>\n  V.Abdullayeva deyir ki, qolu faktiki i\u015fl\u0259mir. Ancaq buna g\u00f6r\u0259 h\u0259r hans\u0131 pensiya da alm\u0131r. M\u00fcraci\u0259t ets\u0259 d\u0259, \u201cs\u0259n\u0259 d\u00fc\u015fm\u00fcr\u201d, &#8211; cavab\u0131n\u0131 veribl\u0259r.\n<\/p>\n<p>\n  \u201cKim\u0259 deyirs\u0259n, pul ist\u0259yirl\u0259r. \u018flil qalm\u0131\u015fam, \u00f6z\u00fc d\u0259 sa\u011f qolumdur. Ancaq deyirl\u0259r, s\u0259n\u0259 pensiya d\u00fc\u015fm\u00fcr. Evimizin \u015f\u0259raitini d\u0259 g\u00f6r\u00fcrs\u00fcz. Bir ara sosial yard\u0131ma m\u00fcraci\u0259t etdim. \u018fvv\u0259l dedil\u0259r, siz\u0259 d\u00fc\u015f\u00fcr, sonra dedil\u0259r ki, yox, sizlik deyil. Bir s\u00f6zl\u0259, biz burada \u0259n ax\u0131r\u0131nc\u0131 insanlar kimi ya\u015fay\u0131r\u0131q. M\u0259n he\u00e7 buna ya\u015famaq da dem\u0259zdim\u201d.\n<\/p>\n<figure class=\"wp-block-image size-large\">\n  <img decoding=\"async\" src=\"https:\/\/www.meydan.tv\/az\/vefa-abdul-jpeg\/\" alt=\"vefa abdul.jpeg\" class=\"wp-image-125235\"\/><figcaption>\n    V\u0259fa Abdullayeva<br \/>\n  <\/figcaption><\/figure>\n<p>\n  <i><br \/>\n    \u201cD\u0259f\u0259l\u0259rl\u0259 aya\u011f\u0131m d\u00f6\u015f\u0259m\u0259nin i\u00e7in\u0259 girib\u201d<br \/>\n  <\/i>\n<\/p>\n<p>\n  45 ya\u015fl\u0131 T\u0259ran\u0259 Abdullayeva da 20 ild\u0259n art\u0131qd\u0131r ki, bu yataqxanada ya\u015fay\u0131r. Deyir, h\u0259min 20 ili ya\u015famaqdan \u00e7ox h\u0259yata dir\u0259nib, m\u00fcbariz\u0259 apar\u0131b:\n<\/p>\n<p>\n  \u201cS\u00fcr\u00fcnm\u00fc\u015f\u0259m, \u00e7\u0259tinlik \u00e7\u0259kmi\u015f\u0259m, z\u00fclm \u00e7\u0259kmi\u015f\u0259m, amma ya\u015famam\u0131\u015fam. Bu, d\u0259qiqdir. Bir bax\u0131n, evdir guya. D\u00f6\u015f\u0259m\u0259 aya\u011f\u0131m\u0131z\u0131n alt\u0131ndan qa\u00e7\u0131r. D\u0259f\u0259l\u0259rl\u0259 aya\u011f\u0131m d\u00f6\u015f\u0259m\u0259nin i\u00e7in\u0259 girib. H\u0259r yer \u00e7\u00fcr\u00fcy\u00fcb da\u011f\u0131l\u0131r\u201d.\n<\/p>\n<figure class=\"wp-block-image size-large\">\n  <img decoding=\"async\" src=\"https:\/\/www.meydan.tv\/az\/image00018-jpeg-2\/\" alt=\"image00018.jpeg\" class=\"wp-image-125238\"\/><figcaption>\n    ev<br \/>\n  <\/figcaption><\/figure>\n<p>\n  <i><br \/>\n    \u201cO insanlar n\u0259 adla ev ist\u0259yirl\u0259r?\u201d<br \/>\n  <\/i>\n<\/p>\n<p>\n  Meydan TV m\u0259s\u0259l\u0259y\u0259 m\u00fcnasib\u0259t \u00f6yr\u0259nm\u0259k \u00fc\u00e7\u00fcn K\u00fcrd\u0259mir Rayon \u0130cra Hakimiyy\u0259ti il\u0259 \u0259laq\u0259 saxlay\u0131b. \u00dcmumi \u015f\u00f6b\u0259d\u0259n bildiribl\u0259r ki, h\u0259min \u0259razid\u0259n x\u0259b\u0259rdard\u0131rlar, ancaq oradak\u0131 evl\u0259r ya\u015fama\u011fa tam yarars\u0131z deyil:\n<\/p>\n<p>\n  \u201cO evl\u0259r\u0259 bax\u0131l\u0131b. Qism\u0259n yararl\u0131d\u0131r. O insanlar ya\u015fad\u0131qlar\u0131 yeri \u00f6zl\u0259ri t\u0259mir etdirm\u0259lidirl\u0259r. \u0130cra hakimiyy\u0259tinin camaata ev tik\u0259c\u0259k, ev t\u0259mir etdir\u0259c\u0259k b\u00fcdc\u0259si yoxdur. Orada ya\u015fayanlar\u0131n ham\u0131s\u0131 yerli sakinl\u0259rdir. Yen\u0259 m\u0259cburi k\u00f6\u00e7k\u00fcnl\u0259r\u0259 d\u00f6vl\u0259t ev verir, onlar n\u0259 adla ev ist\u0259yirl\u0259r?\u201d\n<\/p>\n<p>\n  Sakinl\u0259rd\u0259n T\u0259ran\u0259 Abdullayevaya bu cavab yad deyil. Deyir, h\u00f6kum\u0259t\u0259 dey\u0259nd\u0259, boyun qa\u00e7\u0131r\u0131r. \u201cBiz siz\u0259 niy\u0259 ev verm\u0259liyik?\u201d \u2013 deyirl\u0259r. Ancaq bir \u015feyi unudurlar:\n<\/p>\n<figure class=\"wp-block-image size-large\">\n  <img decoding=\"async\" src=\"https:\/\/www.meydan.tv\/az\/terane-abdulla-jpeg\/\" alt=\"terane abdulla.jpeg\" class=\"wp-image-125241\"\/><figcaption>\n    T\u0259ran\u0259 Abdullayeva<br \/>\n  <\/figcaption><\/figure>\n<p>\n  \u201cAx\u0131 insanlara normal \u015f\u0259rait d\u0259 yaratmay\u0131blar ki, i\u015fl\u0259y\u0259k v\u0259 \u00f6z\u00fcm\u00fcz\u0259 ev quraq. Dem\u0259li, bizim bel\u0259 s\u0259fal\u0259t i\u00e7ind\u0259 ya\u015fama\u011f\u0131m\u0131z\u0131n s\u0259b\u0259bkar\u0131 h\u00f6kum\u0259tdir. Onda g\u00fcnahlar\u0131n\u0131 yusunlar. Ya bizi normal ev, ya da i\u015fl\u0259 t\u0259min etsinl\u0259r ki, \u00f6z\u00fcm\u00fcz\u0259 adam kimi \u015f\u0259rait qura bil\u0259k\u201d.\n<\/p>\n<figure class=\"wp-block-image size-large\">\n  <img decoding=\"async\" src=\"https:\/\/www.meydan.tv\/az\/image00028-jpeg\/\" alt=\"image00028.jpeg\" class=\"wp-image-125244\"\/><figcaption>\n    hamam<br \/>\n  <\/figcaption><\/figure>\n","protected":false},"excerpt":{"rendered":"<p>Ax\u0131 insanlara normal \u015f\u0259rait d\u0259 yaratmay\u0131blar ki, i\u015fl\u0259y\u0259k v\u0259 \u00f6z\u00fcm\u00fcz\u0259 ev quraq.<\/p>\n","protected":false},"author":11,"featured_media":125211,"comment_status":"closed","ping_status":"open","sticky":false,"template":"","format":"standard","meta":{"_acf_changed":false,"_sitemap_exclude":false,"_sitemap_priority":"","_sitemap_frequency":"","footnotes":""},"categories":[60],"tags":[],"class_list":["post-195761","post","type-post","status-publish","format-standard","has-post-thumbnail","hentry","category-bolge","infinite-scroll-item","generate-columns","tablet-grid-50","mobile-grid-100","grid-parent","grid-33","no-featured-image-padding"],"acf":[],"yoast_head":"<!-- This site is optimized with the Yoast SEO plugin v27.4 - https:\/\/yoast.com\/product\/yoast-seo-wordpress\/ -->\n<title>K\u00fcrd\u0259mir sakini: Bel\u0259 s\u0259fal\u0259t i\u00e7ind\u0259 ya\u015fama\u011f\u0131m\u0131z\u0131n s\u0259b\u0259bkar\u0131 h\u00f6kum\u0259tdir - MEYDAN.TV<\/title>\n<meta name=\"robots\" content=\"index, follow, max-snippet:-1, max-image-preview:large, max-video-preview:-1\" \/>\n<link rel=\"canonical\" href=\"https:\/\/www.meydan.tv\/az\/article\/kurdemir-sakini-bele-sefalet-icinde-yasamagimizin-sebebkari-hokumetdir\/\" \/>\n<meta property=\"og:locale\" content=\"az_AZ\" \/>\n<meta property=\"og:type\" content=\"article\" \/>\n<meta property=\"og:title\" content=\"K\u00fcrd\u0259mir sakini: Bel\u0259 s\u0259fal\u0259t i\u00e7ind\u0259 ya\u015fama\u011f\u0131m\u0131z\u0131n s\u0259b\u0259bkar\u0131 h\u00f6kum\u0259tdir - MEYDAN.TV\" \/>\n<meta property=\"og:description\" content=\"Ax\u0131 insanlara normal \u015f\u0259rait d\u0259 yaratmay\u0131blar ki, i\u015fl\u0259y\u0259k v\u0259 \u00f6z\u00fcm\u00fcz\u0259 ev quraq.\" \/>\n<meta property=\"og:url\" content=\"https:\/\/www.meydan.tv\/az\/article\/kurdemir-sakini-bele-sefalet-icinde-yasamagimizin-sebebkari-hokumetdir\/\" \/>\n<meta property=\"og:site_name\" content=\"MEYDAN.TV\" \/>\n<meta property=\"article:published_time\" content=\"2019-06-08T13:13:40+00:00\" \/>\n<meta property=\"og:image\" content=\"https:\/\/www.meydan.tv\/wp-content\/uploads\/image00037.jpeg\" \/>\n\t<meta property=\"og:image:width\" content=\"1365\" \/>\n\t<meta property=\"og:image:height\" content=\"1024\" \/>\n\t<meta property=\"og:image:type\" content=\"image\/jpeg\" \/>\n<meta name=\"author\" content=\"user-manager\" \/>\n<meta name=\"twitter:card\" content=\"summary_large_image\" \/>\n<script type=\"application\/ld+json\" class=\"yoast-schema-graph\">{\"@context\":\"https:\\\/\\\/schema.org\",\"@graph\":[{\"@type\":\"Article\",\"@id\":\"https:\\\/\\\/www.meydan.tv\\\/az\\\/article\\\/kurdemir-sakini-bele-sefalet-icinde-yasamagimizin-sebebkari-hokumetdir\\\/#article\",\"isPartOf\":{\"@id\":\"https:\\\/\\\/www.meydan.tv\\\/az\\\/article\\\/kurdemir-sakini-bele-sefalet-icinde-yasamagimizin-sebebkari-hokumetdir\\\/\"},\"author\":{\"name\":\"user-manager\",\"@id\":\"https:\\\/\\\/www.meydan.tv\\\/az\\\/#\\\/schema\\\/person\\\/10d11eccf6da3662cf5fdab9806ea91a\"},\"headline\":\"K\u00fcrd\u0259mir sakini: Bel\u0259 s\u0259fal\u0259t i\u00e7ind\u0259 ya\u015fama\u011f\u0131m\u0131z\u0131n s\u0259b\u0259bkar\u0131 h\u00f6kum\u0259tdir\",\"datePublished\":\"2019-06-08T13:13:40+00:00\",\"mainEntityOfPage\":{\"@id\":\"https:\\\/\\\/www.meydan.tv\\\/az\\\/article\\\/kurdemir-sakini-bele-sefalet-icinde-yasamagimizin-sebebkari-hokumetdir\\\/\"},\"wordCount\":1558,\"publisher\":{\"@id\":\"https:\\\/\\\/www.meydan.tv\\\/az\\\/#organization\"},\"image\":{\"@id\":\"https:\\\/\\\/www.meydan.tv\\\/az\\\/article\\\/kurdemir-sakini-bele-sefalet-icinde-yasamagimizin-sebebkari-hokumetdir\\\/#primaryimage\"},\"thumbnailUrl\":\"https:\\\/\\\/www.meydan.tv\\\/wp-content\\\/uploads\\\/image00037.jpeg\",\"articleSection\":[\"B\u00f6lg\u0259\"],\"inLanguage\":\"az\"},{\"@type\":\"WebPage\",\"@id\":\"https:\\\/\\\/www.meydan.tv\\\/az\\\/article\\\/kurdemir-sakini-bele-sefalet-icinde-yasamagimizin-sebebkari-hokumetdir\\\/\",\"url\":\"https:\\\/\\\/www.meydan.tv\\\/az\\\/article\\\/kurdemir-sakini-bele-sefalet-icinde-yasamagimizin-sebebkari-hokumetdir\\\/\",\"name\":\"K\u00fcrd\u0259mir sakini: Bel\u0259 s\u0259fal\u0259t i\u00e7ind\u0259 ya\u015fama\u011f\u0131m\u0131z\u0131n s\u0259b\u0259bkar\u0131 h\u00f6kum\u0259tdir - MEYDAN.TV\",\"isPartOf\":{\"@id\":\"https:\\\/\\\/www.meydan.tv\\\/az\\\/#website\"},\"primaryImageOfPage\":{\"@id\":\"https:\\\/\\\/www.meydan.tv\\\/az\\\/article\\\/kurdemir-sakini-bele-sefalet-icinde-yasamagimizin-sebebkari-hokumetdir\\\/#primaryimage\"},\"image\":{\"@id\":\"https:\\\/\\\/www.meydan.tv\\\/az\\\/article\\\/kurdemir-sakini-bele-sefalet-icinde-yasamagimizin-sebebkari-hokumetdir\\\/#primaryimage\"},\"thumbnailUrl\":\"https:\\\/\\\/www.meydan.tv\\\/wp-content\\\/uploads\\\/image00037.jpeg\",\"datePublished\":\"2019-06-08T13:13:40+00:00\",\"breadcrumb\":{\"@id\":\"https:\\\/\\\/www.meydan.tv\\\/az\\\/article\\\/kurdemir-sakini-bele-sefalet-icinde-yasamagimizin-sebebkari-hokumetdir\\\/#breadcrumb\"},\"inLanguage\":\"az\",\"potentialAction\":[{\"@type\":\"ReadAction\",\"target\":[\"https:\\\/\\\/www.meydan.tv\\\/az\\\/article\\\/kurdemir-sakini-bele-sefalet-icinde-yasamagimizin-sebebkari-hokumetdir\\\/\"]}]},{\"@type\":\"ImageObject\",\"inLanguage\":\"az\",\"@id\":\"https:\\\/\\\/www.meydan.tv\\\/az\\\/article\\\/kurdemir-sakini-bele-sefalet-icinde-yasamagimizin-sebebkari-hokumetdir\\\/#primaryimage\",\"url\":\"https:\\\/\\\/www.meydan.tv\\\/wp-content\\\/uploads\\\/image00037.jpeg\",\"contentUrl\":\"https:\\\/\\\/www.meydan.tv\\\/wp-content\\\/uploads\\\/image00037.jpeg\",\"width\":1365,\"height\":1024,\"caption\":\"Source: meydan.tv\"},{\"@type\":\"BreadcrumbList\",\"@id\":\"https:\\\/\\\/www.meydan.tv\\\/az\\\/article\\\/kurdemir-sakini-bele-sefalet-icinde-yasamagimizin-sebebkari-hokumetdir\\\/#breadcrumb\",\"itemListElement\":[{\"@type\":\"ListItem\",\"position\":1,\"name\":\"Ana s\u0259hif\u0259\",\"item\":\"https:\\\/\\\/www.meydan.tv\\\/az\\\/\"},{\"@type\":\"ListItem\",\"position\":2,\"name\":\"B\u00f6lg\u0259\",\"item\":\"https:\\\/\\\/www.meydan.tv\\\/az\\\/section\\\/bolge\\\/\"},{\"@type\":\"ListItem\",\"position\":3,\"name\":\"K\u00fcrd\u0259mir sakini: Bel\u0259 s\u0259fal\u0259t i\u00e7ind\u0259 ya\u015fama\u011f\u0131m\u0131z\u0131n s\u0259b\u0259bkar\u0131 h\u00f6kum\u0259tdir\"}]},{\"@type\":\"WebSite\",\"@id\":\"https:\\\/\\\/www.meydan.tv\\\/az\\\/#website\",\"url\":\"https:\\\/\\\/www.meydan.tv\\\/az\\\/\",\"name\":\"MEYDAN.TV\",\"description\":\"Meydan TV Az\u0259rbaycan\u0131n media m\u0259kan\u0131ndak\u0131 alternativ s\u0259sidir\",\"publisher\":{\"@id\":\"https:\\\/\\\/www.meydan.tv\\\/az\\\/#organization\"},\"potentialAction\":[{\"@type\":\"SearchAction\",\"target\":{\"@type\":\"EntryPoint\",\"urlTemplate\":\"https:\\\/\\\/www.meydan.tv\\\/az\\\/?s={search_term_string}\"},\"query-input\":{\"@type\":\"PropertyValueSpecification\",\"valueRequired\":true,\"valueName\":\"search_term_string\"}}],\"inLanguage\":\"az\"},{\"@type\":\"Organization\",\"@id\":\"https:\\\/\\\/www.meydan.tv\\\/az\\\/#organization\",\"name\":\"Meydan TV\",\"url\":\"https:\\\/\\\/www.meydan.tv\\\/az\\\/\",\"logo\":{\"@type\":\"ImageObject\",\"inLanguage\":\"az\",\"@id\":\"https:\\\/\\\/www.meydan.tv\\\/az\\\/#\\\/schema\\\/logo\\\/image\\\/\",\"url\":\"https:\\\/\\\/www.meydan.tv\\\/wp-content\\\/uploads\\\/2021\\\/07\\\/meydan-logo.svg\",\"contentUrl\":\"https:\\\/\\\/www.meydan.tv\\\/wp-content\\\/uploads\\\/2021\\\/07\\\/meydan-logo.svg\",\"width\":195,\"height\":46,\"caption\":\"Meydan TV\"},\"image\":{\"@id\":\"https:\\\/\\\/www.meydan.tv\\\/az\\\/#\\\/schema\\\/logo\\\/image\\\/\"}},{\"@type\":\"Person\",\"@id\":\"https:\\\/\\\/www.meydan.tv\\\/az\\\/#\\\/schema\\\/person\\\/10d11eccf6da3662cf5fdab9806ea91a\",\"name\":\"user-manager\"}]}<\/script>\n<!-- \/ Yoast SEO plugin. -->","yoast_head_json":{"title":"K\u00fcrd\u0259mir sakini: Bel\u0259 s\u0259fal\u0259t i\u00e7ind\u0259 ya\u015fama\u011f\u0131m\u0131z\u0131n s\u0259b\u0259bkar\u0131 h\u00f6kum\u0259tdir - MEYDAN.TV","robots":{"index":"index","follow":"follow","max-snippet":"max-snippet:-1","max-image-preview":"max-image-preview:large","max-video-preview":"max-video-preview:-1"},"canonical":"https:\/\/www.meydan.tv\/az\/article\/kurdemir-sakini-bele-sefalet-icinde-yasamagimizin-sebebkari-hokumetdir\/","og_locale":"az_AZ","og_type":"article","og_title":"K\u00fcrd\u0259mir sakini: Bel\u0259 s\u0259fal\u0259t i\u00e7ind\u0259 ya\u015fama\u011f\u0131m\u0131z\u0131n s\u0259b\u0259bkar\u0131 h\u00f6kum\u0259tdir - MEYDAN.TV","og_description":"Ax\u0131 insanlara normal \u015f\u0259rait d\u0259 yaratmay\u0131blar ki, i\u015fl\u0259y\u0259k v\u0259 \u00f6z\u00fcm\u00fcz\u0259 ev quraq.","og_url":"https:\/\/www.meydan.tv\/az\/article\/kurdemir-sakini-bele-sefalet-icinde-yasamagimizin-sebebkari-hokumetdir\/","og_site_name":"MEYDAN.TV","article_published_time":"2019-06-08T13:13:40+00:00","og_image":[{"width":1365,"height":1024,"url":"https:\/\/www.meydan.tv\/wp-content\/uploads\/image00037.jpeg","type":"image\/jpeg"}],"author":"user-manager","twitter_card":"summary_large_image","schema":{"@context":"https:\/\/schema.org","@graph":[{"@type":"Article","@id":"https:\/\/www.meydan.tv\/az\/article\/kurdemir-sakini-bele-sefalet-icinde-yasamagimizin-sebebkari-hokumetdir\/#article","isPartOf":{"@id":"https:\/\/www.meydan.tv\/az\/article\/kurdemir-sakini-bele-sefalet-icinde-yasamagimizin-sebebkari-hokumetdir\/"},"author":{"name":"user-manager","@id":"https:\/\/www.meydan.tv\/az\/#\/schema\/person\/10d11eccf6da3662cf5fdab9806ea91a"},"headline":"K\u00fcrd\u0259mir sakini: Bel\u0259 s\u0259fal\u0259t i\u00e7ind\u0259 ya\u015fama\u011f\u0131m\u0131z\u0131n s\u0259b\u0259bkar\u0131 h\u00f6kum\u0259tdir","datePublished":"2019-06-08T13:13:40+00:00","mainEntityOfPage":{"@id":"https:\/\/www.meydan.tv\/az\/article\/kurdemir-sakini-bele-sefalet-icinde-yasamagimizin-sebebkari-hokumetdir\/"},"wordCount":1558,"publisher":{"@id":"https:\/\/www.meydan.tv\/az\/#organization"},"image":{"@id":"https:\/\/www.meydan.tv\/az\/article\/kurdemir-sakini-bele-sefalet-icinde-yasamagimizin-sebebkari-hokumetdir\/#primaryimage"},"thumbnailUrl":"https:\/\/www.meydan.tv\/wp-content\/uploads\/image00037.jpeg","articleSection":["B\u00f6lg\u0259"],"inLanguage":"az"},{"@type":"WebPage","@id":"https:\/\/www.meydan.tv\/az\/article\/kurdemir-sakini-bele-sefalet-icinde-yasamagimizin-sebebkari-hokumetdir\/","url":"https:\/\/www.meydan.tv\/az\/article\/kurdemir-sakini-bele-sefalet-icinde-yasamagimizin-sebebkari-hokumetdir\/","name":"K\u00fcrd\u0259mir sakini: Bel\u0259 s\u0259fal\u0259t i\u00e7ind\u0259 ya\u015fama\u011f\u0131m\u0131z\u0131n s\u0259b\u0259bkar\u0131 h\u00f6kum\u0259tdir - MEYDAN.TV","isPartOf":{"@id":"https:\/\/www.meydan.tv\/az\/#website"},"primaryImageOfPage":{"@id":"https:\/\/www.meydan.tv\/az\/article\/kurdemir-sakini-bele-sefalet-icinde-yasamagimizin-sebebkari-hokumetdir\/#primaryimage"},"image":{"@id":"https:\/\/www.meydan.tv\/az\/article\/kurdemir-sakini-bele-sefalet-icinde-yasamagimizin-sebebkari-hokumetdir\/#primaryimage"},"thumbnailUrl":"https:\/\/www.meydan.tv\/wp-content\/uploads\/image00037.jpeg","datePublished":"2019-06-08T13:13:40+00:00","breadcrumb":{"@id":"https:\/\/www.meydan.tv\/az\/article\/kurdemir-sakini-bele-sefalet-icinde-yasamagimizin-sebebkari-hokumetdir\/#breadcrumb"},"inLanguage":"az","potentialAction":[{"@type":"ReadAction","target":["https:\/\/www.meydan.tv\/az\/article\/kurdemir-sakini-bele-sefalet-icinde-yasamagimizin-sebebkari-hokumetdir\/"]}]},{"@type":"ImageObject","inLanguage":"az","@id":"https:\/\/www.meydan.tv\/az\/article\/kurdemir-sakini-bele-sefalet-icinde-yasamagimizin-sebebkari-hokumetdir\/#primaryimage","url":"https:\/\/www.meydan.tv\/wp-content\/uploads\/image00037.jpeg","contentUrl":"https:\/\/www.meydan.tv\/wp-content\/uploads\/image00037.jpeg","width":1365,"height":1024,"caption":"Source: meydan.tv"},{"@type":"BreadcrumbList","@id":"https:\/\/www.meydan.tv\/az\/article\/kurdemir-sakini-bele-sefalet-icinde-yasamagimizin-sebebkari-hokumetdir\/#breadcrumb","itemListElement":[{"@type":"ListItem","position":1,"name":"Ana s\u0259hif\u0259","item":"https:\/\/www.meydan.tv\/az\/"},{"@type":"ListItem","position":2,"name":"B\u00f6lg\u0259","item":"https:\/\/www.meydan.tv\/az\/section\/bolge\/"},{"@type":"ListItem","position":3,"name":"K\u00fcrd\u0259mir sakini: Bel\u0259 s\u0259fal\u0259t i\u00e7ind\u0259 ya\u015fama\u011f\u0131m\u0131z\u0131n s\u0259b\u0259bkar\u0131 h\u00f6kum\u0259tdir"}]},{"@type":"WebSite","@id":"https:\/\/www.meydan.tv\/az\/#website","url":"https:\/\/www.meydan.tv\/az\/","name":"MEYDAN.TV","description":"Meydan TV Az\u0259rbaycan\u0131n media m\u0259kan\u0131ndak\u0131 alternativ s\u0259sidir","publisher":{"@id":"https:\/\/www.meydan.tv\/az\/#organization"},"potentialAction":[{"@type":"SearchAction","target":{"@type":"EntryPoint","urlTemplate":"https:\/\/www.meydan.tv\/az\/?s={search_term_string}"},"query-input":{"@type":"PropertyValueSpecification","valueRequired":true,"valueName":"search_term_string"}}],"inLanguage":"az"},{"@type":"Organization","@id":"https:\/\/www.meydan.tv\/az\/#organization","name":"Meydan TV","url":"https:\/\/www.meydan.tv\/az\/","logo":{"@type":"ImageObject","inLanguage":"az","@id":"https:\/\/www.meydan.tv\/az\/#\/schema\/logo\/image\/","url":"https:\/\/www.meydan.tv\/wp-content\/uploads\/2021\/07\/meydan-logo.svg","contentUrl":"https:\/\/www.meydan.tv\/wp-content\/uploads\/2021\/07\/meydan-logo.svg","width":195,"height":46,"caption":"Meydan TV"},"image":{"@id":"https:\/\/www.meydan.tv\/az\/#\/schema\/logo\/image\/"}},{"@type":"Person","@id":"https:\/\/www.meydan.tv\/az\/#\/schema\/person\/10d11eccf6da3662cf5fdab9806ea91a","name":"user-manager"}]}},"_links":{"self":[{"href":"https:\/\/www.meydan.tv\/az\/wp-json\/wp\/v2\/posts\/195761","targetHints":{"allow":["GET"]}}],"collection":[{"href":"https:\/\/www.meydan.tv\/az\/wp-json\/wp\/v2\/posts"}],"about":[{"href":"https:\/\/www.meydan.tv\/az\/wp-json\/wp\/v2\/types\/post"}],"author":[{"embeddable":true,"href":"https:\/\/www.meydan.tv\/az\/wp-json\/wp\/v2\/users\/11"}],"replies":[{"embeddable":true,"href":"https:\/\/www.meydan.tv\/az\/wp-json\/wp\/v2\/comments?post=195761"}],"version-history":[{"count":0,"href":"https:\/\/www.meydan.tv\/az\/wp-json\/wp\/v2\/posts\/195761\/revisions"}],"wp:featuredmedia":[{"embeddable":true,"href":"https:\/\/www.meydan.tv\/az\/wp-json\/wp\/v2\/media\/125211"}],"wp:attachment":[{"href":"https:\/\/www.meydan.tv\/az\/wp-json\/wp\/v2\/media?parent=195761"}],"wp:term":[{"taxonomy":"category","embeddable":true,"href":"https:\/\/www.meydan.tv\/az\/wp-json\/wp\/v2\/categories?post=195761"},{"taxonomy":"post_tag","embeddable":true,"href":"https:\/\/www.meydan.tv\/az\/wp-json\/wp\/v2\/tags?post=195761"}],"curies":[{"name":"wp","href":"https:\/\/api.w.org\/{rel}","templated":true}]}}