{"id":195757,"date":"2019-06-08T19:38:58","date_gmt":"2019-06-08T19:38:58","guid":{"rendered":"https:\/\/www.meydan.tv\/article\/azerbaycan-iqtisadiyyati-hansi-veziyyetdedir\/"},"modified":"2019-06-08T19:38:58","modified_gmt":"2019-06-08T19:38:58","slug":"azerbaycan-iqtisadiyyati-hansi-veziyyetdedir","status":"publish","type":"post","link":"https:\/\/www.meydan.tv\/az\/article\/azerbaycan-iqtisadiyyati-hansi-veziyyetdedir\/","title":{"rendered":"Az\u0259rbaycan iqtisadiyyat\u0131 hans\u0131 v\u0259ziyy\u0259td\u0259dir?"},"content":{"rendered":"<p>\n  \u0130kiqat devalvasiyadan 4 il \u00f6tm\u0259sin\u0259 baxmayaraq Az\u0259rbaycan iqtisadiyyat h\u0259l\u0259 d\u0259 2015-ci ilin fevral v\u0259 dekabr ay\u0131nda manat\u0131n dollara n\u0259z\u0259r\u0259n m\u0259z\u0259nn\u0259sind\u0259ki k\u0259skin d\u0259yi\u015fiklikl\u0259rin t\u0259sirind\u0259n itirdikl\u0259rini h\u0259l\u0259 d\u0259 b\u0259rpa ed\u0259 bilmir. Maliyy\u0259 sektorunda \u0259sas oyun\u00e7u olan banklar\u0131n say\u0131n\u0131n azalmas\u0131, onlarla m\u00fc\u015ft\u0259ril\u0259r aras\u0131nda m\u00fcnasib\u0259tl\u0259rin g\u0259rginl\u0259\u015fm\u0259si, b\u00fct\u00f6vl\u00fckd\u0259 maliyy\u0259 sistemin\u0259, x\u00fcsusil\u0259 banklara olan etimad\u0131n a\u015fa\u011f\u0131 d\u00fc\u015fm\u0259sin\u0259 g\u0259tirib \u00e7\u0131xaran devalvasiya prosesl\u0259rinin t\u0259sirl\u0259ri h\u0259l\u0259 d\u0259 bu sektorda apar\u0131c\u0131 neqativ rola malikdir. Bu sektordak\u0131 durumu a\u011f\u0131rla\u015fd\u0131ran ba\u015fl\u0131ca s\u0259b\u0259bl\u0259rd\u0259n biri d\u0259 Az\u0259rbaycan Beyn\u0259lxalq Bank\u0131n\u0131n d\u00f6vl\u0259t\u0259 v\u0259 m\u00fc\u015ft\u0259ril\u0259r\u0259 m\u0259xsus v\u0259saitl\u0259rinin o\u011furlanmas\u0131 v\u0259 onun n\u0259tic\u0259sind\u0259 yaranm\u0131\u015f toksid aktivl\u0259rin t\u0259mizl\u0259nm\u0259si \u00fc\u00e7\u00fcn milyardlarla b\u00fcdc\u0259 v\u0259saitinin x\u0259rcl\u0259nm\u0259si olub. Odur ki, Az\u0259rbaycan iqtisadiyyat\u0131n\u0131n m\u00fcasir \u00e7\u0259tinlikl\u0259ri aras\u0131nda bank sektorunun sa\u011flamla\u015fd\u0131r\u0131lmas\u0131 v\u0259 adekvat maliyy\u0259 siyas\u0259tinin qurulmas\u0131 \u00f6nd\u0259 g\u0259lir.\n<\/p>\n<p>\n  \u0130kinci \u00e7\u0259tinlik neft-qaz resurslar\u0131ndan as\u0131l\u0131\u011f\u0131n g\u00fccl\u0259nm\u0259sind\u0259n qaynaqlan\u0131r. Bu as\u0131l\u0131l\u0131q dem\u0259k olar ki, b\u00fct\u00fcn sah\u0259l\u0259rd\u0259 m\u00fc\u015fahid\u0259 olunmaqdad\u0131r. 2015-2016-c\u0131 ill\u0259rd\u0259 m\u00fc\u015fahid\u0259 olunan as\u0131l\u0131l\u0131\u011f\u0131n z\u0259ifl\u0259m\u0259sini 2017-ci ild\u0259n d\u00fcnya bazar\u0131nda xam neftin qiym\u0259tinin bahala\u015fmas\u0131 sonra yaranm\u0131\u015f \u0259ks-effektl\u0259 \u0259v\u0259zl\u0259nm\u0259y\u0259 ba\u015flay\u0131b. Bel\u0259 ki, d\u00f6vl\u0259t b\u00fcdc\u0259sinin daxilolmalar\u0131nda neft g\u0259lirl\u0259rinin 2017-ci ild\u0259ki 47,7 faizlik pay\u0131 2018-ci ild\u0259 59,5 faiz\u0259, ixracatda xam neft, neft m\u0259hsullar\u0131 v\u0259 t\u0259bii qaz\u0131n pay\u0131 m\u00fcvafiq olaraq 2017-ci ild\u0259ki<br \/>\n  <a href=\"https:\/\/customs.gov.az\/modules\/pdf\/pdffolder\/56\/FILE_AA28EF-712081-B355C1-37724A-E40246-2FAAF8.pdf\"><br \/>\n    88,62 faiz<br \/>\n  <\/a><br \/>\n  d\u0259n 2018-ci ild\u0259<br \/>\n  <a href=\"https:\/\/customs.gov.az\/modules\/pdf\/pdffolder\/71\/FILE_44C1D3-FD03FF-A9A62A-0678E5-8898EF-88787F.pdf\"><br \/>\n    91,17 faiz<br \/>\n  <\/a><br \/>\n  \u0259, n\u0259hay\u0259t neft-qaz s\u0259nayesinin \u00dcDM-d\u0259 pay\u0131 2017-ci ild\u0259ki<br \/>\n  <a href=\"https:\/\/www.stat.gov.az\/news\/macroeconomy.php?page=17&amp;arxiv=1\"><br \/>\n    37,17 faiz<br \/>\n  <\/a><br \/>\n  d\u0259n 2018-ci ild\u0259<br \/>\n  <a href=\"https:\/\/www.stat.gov.az\/news\/macroeconomy.php?page=5\"><br \/>\n    42,56 faiz<br \/>\n  <\/a><br \/>\n  \u0259 q\u0259d\u0259r art\u0131b. Bununla yana\u015f\u0131 respublika \u00fczr\u0259 orta ayl\u0131q \u0259m\u0259k haqq\u0131 il\u0259 m\u0259d\u0259n s\u0259nayesind\u0259ki orta ayl\u0131q \u0259m\u0259k haqq\u0131 aras\u0131nda 6 d\u0259f\u0259y\u0259d\u0259k f\u0259rq yaran\u0131b. Bu neqativ tendensiyalar, q\u0259rarla\u015fm\u0131\u015f trendl\u0259r cari ild\u0259 d\u0259 davam etm\u0259kd\u0259 v\u0259 x\u00fcsusil\u0259 d\u0259 b\u00fcdc\u0259 g\u0259lirl\u0259rinin formala\u015fmas\u0131nda daha qabar\u0131q m\u00fc\u015fahid\u0259 olunmaqdad\u0131r. \u00c7\u00fcnki, 2014-c\u00fc ild\u0259n 2018-ci il\u0259d\u0259k neft fondundan d\u00f6vl\u0259t b\u00fcdc\u0259sin\u0259 y\u00f6n\u0259l\u0259n transferl\u0259rin azalma trendini \u00f6t\u0259n ild\u0259n ba\u015flayan yeni art\u0131m dal\u011fas\u0131 \u0259v\u0259z edib. Bel\u0259 ki, \u00f6t\u0259n ilin d\u00f6vl\u0259t b\u00fcdc\u0259 daxilolmalar\u0131nda ARDNF-nin transferl\u0259ri 10 milyard 995 milyon manat oldu\u011fu halda, bu il \u00fc\u00e7\u00fcn transferrin illik m\u0259bl\u0259\u011fi 11 milyard 364 milyon manat proqnozla\u015fd\u0131r\u0131l\u0131b. Bu is\u0259 o dem\u0259kdir, cari ilin b\u00fcdc\u0259sinin formala\u015fmas\u0131nda yaln\u0131z ARDNF-nin transfertl\u0259ri hesab\u0131na daxilolmalar\u0131n pay\u0131 50 faiz\u0259 yax\u0131n olacaq, bundan \u0259lav\u0259 ADRN\u015e-nin v\u0259 AB\u018f\u015e-in \u00f6d\u0259ni\u015fl\u0259ri hesab\u0131na b\u00fcdc\u0259d\u0259 birba\u015fa neft g\u0259lirl\u0259rinin h\u0259cmi 13 milyard 700 milyon manata \u00e7atacaq ki, bu da 2017-ci ill\u0259 m\u00fcqayis\u0259d\u0259 70 faiz \u00e7oxdur. Bu is\u0259 o dem\u0259kdir ki, cari ild\u0259 d\u00f6vl\u0259t b\u00fcdc\u0259sinin c\u0259mi g\u0259lirl\u0259rind\u0259 neft sektorundan daxilolamalar\u0131n 60 faizi \u00f6t\u0259c\u0259yini dem\u0259y\u0259 \u0259sas verir.\n<\/p>\n<p>\n  \u0130xracatda da eyni tendensiya m\u00fc\u015fahid\u0259 olunmaqdad\u0131r. D\u00fcnya bazar\u0131nda nefin qiym\u0259tinin bahala\u015fmas\u0131 v\u0259 qaz hasilat\u0131n\u0131n art\u0131m\u0131 hesab\u0131na 2019-cu ilin ilk 4 ay\u0131nda xam neft, neft m\u0259hsullar\u0131 v\u0259 t\u0259bii qaz\u0131n c\u0259mi ixracatdak\u0131 pay\u0131<br \/>\n  <a href=\"https:\/\/customs.gov.az\/modules\/pdf\/pdffolder\/84\/FILE_8F3F20-58BC19-63675A-C116F2-7C6D94-0B6D5A.pdf\"><br \/>\n    91,62 faiz<br \/>\n  <\/a><br \/>\n  t\u0259\u015fkil edib. Eyni il\u0259 d\u0259 cari ilin yanvar-aprel aylar\u0131nda \u00dcDM-d\u0259 neft sektorunun pay\u0131<br \/>\n  <a href=\"https:\/\/www.stat.gov.az\/news\/macroeconomy.php?page=1\"><br \/>\n    42,82 faiz<br \/>\n  <\/a><br \/>\n  olub.\n<\/p>\n<p>\n  D\u00f6vl\u0259t Statistika Komit\u0259si, Maliyy\u0259 Nazirliyi v\u0259 D\u00f6vl\u0259t G\u00f6mr\u00fck Komit\u0259sinin r\u0259smi hesabatlar\u0131 \u0259sas\u0131nda apar\u0131lan m\u00fcqayis\u0259li d\u0259y\u0259rl\u0259ndirm\u0259l\u0259r son 2 il 4 ayda m\u00fc\u015fahid\u0259 olunan b\u00fct\u00fcn d\u0259yi\u015fiklikl\u0259r Az\u0259rbaycan iqtisadiyyat\u0131n\u0131n t\u0259bii v\u0259 t\u00fck\u0259n\u0259n resurlardan as\u0131l\u0131l\u0131\u011f\u0131n\u0131n g\u00fccl\u0259ndiyini g\u00f6st\u0259rir. Bunu \u015f\u0259rtl\u0259rndir\u0259n ba\u015fl\u0131ca amill\u0259rd\u0259n biri d\u0259 Az\u0259rbaycana neft g\u0259lirl\u0259rinin idar\u0259olunmas\u0131nda x\u0259rcl\u0259m\u0259l\u0259rin pro-tsiklik xarakter da\u015f\u0131mas\u0131d\u0131r. Bel\u0259 ki, neft g\u0259lirl\u0259rinin x\u0259rcl\u0259nm\u0259si tempi xam neft, neft m\u0259hsullar\u0131 v\u0259 t\u0259bii qaz\u0131n ixracat\u0131nda daxilolmalar\u0131n h\u0259cmind\u0259n as\u0131l\u0131d\u0131r, xammal ixracat\u0131ndan valyuta g\u0259lril\u0259ri artanda b\u00fcdc\u0259 x\u0259rcl\u0259m\u0259l\u0259ri d\u0259 art\u0131r, azalanda is\u0259 azal\u0131r.\n<\/p>\n<p>\n  \u00dc\u00e7\u00fcnc\u00fc \u00e7\u0259tinlik Az\u0259rbaycanda sosial \u00f6d\u0259ni\u015fl\u0259rin m\u0259bl\u0259\u011finin h\u0259l\u0259 d\u0259 qon\u015fu post-sovet \u00f6lk\u0259l\u0259ri il\u0259 m\u00fcqayis\u0259d\u0259 az olmas\u0131 il\u0259 ba\u011fl\u0131d\u0131r. Baxmayaraq ki, cari ilin mart\u0131n ay\u0131n\u0131n 1-d\u0259n \u0259m\u0259k pensiyalar\u0131n\u0131n minumum m\u0259bl\u0259\u011fi 160 manat, minimum \u0259m\u0259k haqq\u0131180 manat m\u00fc\u0259yy\u0259n edilib, el\u0259c\u0259 d\u0259 t\u0259qa\u00fcdl\u0259r v\u0259 m\u00fcavin\u0259tl\u0259r afrt\u0131r\u0131l\u0131b, amam MDB Statistika Komit\u0259sinin aprelin 1-\u0259 olan m\u0259lumat\u0131na g\u00f6r\u0259, orta ayl\u0131q nominal \u0259m\u0259k haqq\u0131 m\u0259bl\u0259\u011fin\u0259 g\u00f6r\u0259 Az\u0259rbaycan yen\u0259 d\u0259 autsayderl\u0259r s\u0131ras\u0131ndan \u00e7\u0131xa bilm\u0259yib. Bel\u0259 ki, Az\u0259rbaycanda orta ayl\u0131q nominal \u0259m\u0259k haqq\u0131 338 dollar oldu\u011fu halda, bu g\u00f6st\u0259rici Erm\u0259nistanda 364 dollar, Ukraynada 390, G\u00fcrc\u00fcstanda 398 dollar, Qazax\u0131standa 444 dollar, Belarusda 471 dollar, Rusiyada<br \/>\n  <a href=\"http:\/\/www.cisstat.com\/index.html\"><br \/>\n    695 dollar<br \/>\n  <\/a><br \/>\n  olub. H\u0259tta 2005-ci ild\u0259 Erm\u0259nistanda orta ayl\u0131q \u0259m\u0259k haqq\u0131 (114 dollar) Az\u0259rbaycandan 17 dollar az oldu\u011fu halda bu ilin aprel ay\u0131n\u0131n 1-\u0259 olan m\u0259lumata g\u00f6r\u0259 Erm\u0259nistanda orta ayl\u0131q \u0259m\u0259k haqq\u0131 (364 dollar) Az\u0259rbaycandan 26 dollar \u00e7oxdur. Bununla yana\u015f\u0131, haz\u0131rda Az\u0259rbaycanda orta ayl\u0131q \u0259m\u0259k haqq\u0131 Ukraynadan 52 dollar, G\u00fcrc\u00fcstandan 60 dollar, Qazax\u0131standan 106 dollar, Belarusdan 133 dollar, Rusiyadan 357 dollar a\u015fa\u011f\u0131d\u0131r.\n<\/p>\n<p>\n  Bundan \u0259lav\u0259, Az\u0259rbaycanda h\u0259r 1000 n\u0259f\u0259r\u0259 130, Erm\u0259nistanda 154, Qazax\u0131standa 157, Moldovada 200, Ukraynada 264, Belarusda 273, Rusiyada 296 pensiya\u00e7\u0131 d\u00fc\u015f\u00fcr. Diqq\u0259t edin dem\u0259k olar ki, \u0259halisinin say\u0131 Az\u0259rbaycanla eyni olan Belarus 2 milyon 594 min t\u0259qa\u00fcd\u00e7\u00fcy\u0259 v\u0259 ya \u0259halinin 26 faizin\u0259, Az\u0259rbaycan is\u0259 1 milyon 299,5 min t\u0259qa\u00fcd\u00e7\u00fcy\u0259 (2018-ci ild\u0259 \u00f6lk\u0259d\u0259 t\u0259qa\u00fcd\u00e7\u00fcl\u0259rin say\u0131 20.9 min n\u0259f\u0259r azal\u0131b) v\u0259 ya \u0259halinin 13 faizin\u0259 pensiya verir. Amma buna baxmayaraq Az\u0259rbaycanda \u0259m\u0259k pensiyalar\u0131n\u0131n orta m\u0259bl\u0259\u011fi Rusiydan 2 d\u0259f\u0259, Qazax\u0131stan v\u0259 Belarusdan is\u0259 1,5 d\u0259f\u0259 azd\u0131r.\n<\/p>\n<p>\n  Yekun olaraq onu qeyd etm\u0259k ist\u0259rdim ki, Az\u0259rbaycanda 2019-cu ilin yanvar-aprel aylar\u0131nda \u00dcDM 2018-\u0441i ilin yanvar-aprel aylar\u0131na nisb\u0259t\u0259n 2,1 faiz art\u0131b. Az\u0259rbaycanda \u00f6t\u0259n il 46 milyard 939 milyon dollarl\u0131q \u00dcDM istehsal olunub. Bu g\u00f6st\u0259rici 2014-c\u00fc ild\u0259ki \u00dcDM-d\u0259n (75 milyard 659 dollar) 28 milyard 720 milyon dollar a\u015fa\u011f\u0131d\u0131r. Bu o dem\u0259kdir ki, bu g\u00fcnd\u0259n hesablayanda 2014-c\u00fc ill\u0259 m\u00fcqayis\u0259d\u0259 itirilmi\u015f \u00dcDM haz\u0131rk\u0131 art\u0131m tempi il\u0259 23,5 il\u0259, y\u0259ni 2042-ci ilin sonunda b\u0259rpa edil\u0259 bil\u0259r.\n<\/p>\n<p>\n  Odur ki, ir\u0259li getm\u0259k v\u0259 itiril\u0259nl\u0259ri b\u0259rpa etm\u0259k \u00fc\u00e7\u00fcn daha y\u00fcks\u0259k iqtisadi art\u0131m t\u0259l\u0259b olunur. Bu is\u0259 haz\u0131rk\u0131 idar\u0259\u00e7ilik \u015f\u0259rtl\u0259ri il\u0259 m\u00fcmk\u00fcn deyil. Az\u0259rbaycanda iqtisadi art\u0131m\u0131n m\u0259nb\u0259l\u0259ri v\u0259 sah\u0259l\u0259ri \u00fczr\u0259 ciddi islahatlara ehtiyac var. Buna yaln\u0131z iqtisadi azadl\u0131qlar v\u0259 \u0259ks m\u0259rk\u0259zl\u0259r\u015fdirm\u0259 sah\u0259sind\u0259 k\u00f6kl\u00fc d\u0259yi\u015fikiklikl\u0259rl\u0259, b\u00fct\u00fcn sah\u0259l\u0259rd\u0259 instiitutsional v\u0259 struktur islahatarla nail olmaq m\u00fcmk\u00fcnd\u00fcr. Apar\u0131lan kosmetik d\u0259yi\u015fiklikl\u0259r b\u00fct\u00f6vl\u00fckd\u0259 iqtisadi inki\u015fafda, x\u00fcsusil\u0259 d\u0259 \u0259halinin sosial v\u0259ziyy\u0259tind\u0259 ciddi d\u0259yi\u015fiklikl\u0259ri \u015f\u0259rtl\u0259ndir\u0259 bilm\u0259y\u0259c\u0259k.<\/p>\n","protected":false},"excerpt":{"rendered":"<p>Bu o dem\u0259kdir ki, bu g\u00fcnd\u0259n hesablayanda 2014-c\u00fc ill\u0259 m\u00fcqayis\u0259d\u0259 itirilmi\u015f \u00dcDM haz\u0131rk\u0131 art\u0131m tempi il\u0259 23,5 il\u0259, y\u0259ni 2042-ci ilin sonunda b\u0259rpa edil\u0259 bil\u0259r.<\/p>\n","protected":false},"author":11,"featured_media":125253,"comment_status":"closed","ping_status":"open","sticky":false,"template":"","format":"standard","meta":{"_acf_changed":false,"_sitemap_exclude":false,"_sitemap_priority":"","_sitemap_frequency":"","footnotes":""},"categories":[51],"tags":[],"class_list":["post-195757","post","type-post","status-publish","format-standard","has-post-thumbnail","hentry","category-analitika","infinite-scroll-item","generate-columns","tablet-grid-50","mobile-grid-100","grid-parent","grid-33","no-featured-image-padding"],"acf":[],"yoast_head":"<!-- This site is optimized with the Yoast SEO plugin v27.4 - https:\/\/yoast.com\/product\/yoast-seo-wordpress\/ -->\n<title>Az\u0259rbaycan iqtisadiyyat\u0131 hans\u0131 v\u0259ziyy\u0259td\u0259dir? - MEYDAN.TV<\/title>\n<meta name=\"robots\" content=\"index, follow, max-snippet:-1, max-image-preview:large, max-video-preview:-1\" \/>\n<link rel=\"canonical\" href=\"https:\/\/www.meydan.tv\/az\/article\/azerbaycan-iqtisadiyyati-hansi-veziyyetdedir\/\" \/>\n<meta property=\"og:locale\" content=\"az_AZ\" \/>\n<meta property=\"og:type\" content=\"article\" \/>\n<meta property=\"og:title\" content=\"Az\u0259rbaycan iqtisadiyyat\u0131 hans\u0131 v\u0259ziyy\u0259td\u0259dir? - MEYDAN.TV\" \/>\n<meta property=\"og:description\" content=\"Bu o dem\u0259kdir ki, bu g\u00fcnd\u0259n hesablayanda 2014-c\u00fc ill\u0259 m\u00fcqayis\u0259d\u0259 itirilmi\u015f \u00dcDM haz\u0131rk\u0131 art\u0131m tempi il\u0259 23,5 il\u0259, y\u0259ni 2042-ci ilin sonunda b\u0259rpa edil\u0259 bil\u0259r.\" \/>\n<meta property=\"og:url\" content=\"https:\/\/www.meydan.tv\/az\/article\/azerbaycan-iqtisadiyyati-hansi-veziyyetdedir\/\" \/>\n<meta property=\"og:site_name\" content=\"MEYDAN.TV\" \/>\n<meta property=\"article:published_time\" content=\"2019-06-08T19:38:58+00:00\" \/>\n<meta property=\"og:image\" content=\"https:\/\/www.meydan.tv\/wp-content\/uploads\/060800019504.jpg\" \/>\n\t<meta property=\"og:image:width\" content=\"890\" \/>\n\t<meta property=\"og:image:height\" content=\"480\" \/>\n\t<meta property=\"og:image:type\" content=\"image\/jpeg\" \/>\n<meta name=\"author\" content=\"user-manager\" \/>\n<meta name=\"twitter:card\" content=\"summary_large_image\" \/>\n<script type=\"application\/ld+json\" class=\"yoast-schema-graph\">{\"@context\":\"https:\\\/\\\/schema.org\",\"@graph\":[{\"@type\":\"Article\",\"@id\":\"https:\\\/\\\/www.meydan.tv\\\/az\\\/article\\\/azerbaycan-iqtisadiyyati-hansi-veziyyetdedir\\\/#article\",\"isPartOf\":{\"@id\":\"https:\\\/\\\/www.meydan.tv\\\/az\\\/article\\\/azerbaycan-iqtisadiyyati-hansi-veziyyetdedir\\\/\"},\"author\":{\"name\":\"user-manager\",\"@id\":\"https:\\\/\\\/www.meydan.tv\\\/az\\\/#\\\/schema\\\/person\\\/10d11eccf6da3662cf5fdab9806ea91a\"},\"headline\":\"Az\u0259rbaycan iqtisadiyyat\u0131 hans\u0131 v\u0259ziyy\u0259td\u0259dir?\",\"datePublished\":\"2019-06-08T19:38:58+00:00\",\"mainEntityOfPage\":{\"@id\":\"https:\\\/\\\/www.meydan.tv\\\/az\\\/article\\\/azerbaycan-iqtisadiyyati-hansi-veziyyetdedir\\\/\"},\"wordCount\":1562,\"publisher\":{\"@id\":\"https:\\\/\\\/www.meydan.tv\\\/az\\\/#organization\"},\"image\":{\"@id\":\"https:\\\/\\\/www.meydan.tv\\\/az\\\/article\\\/azerbaycan-iqtisadiyyati-hansi-veziyyetdedir\\\/#primaryimage\"},\"thumbnailUrl\":\"https:\\\/\\\/www.meydan.tv\\\/wp-content\\\/uploads\\\/060800019504.jpg\",\"articleSection\":[\"Analitika\"],\"inLanguage\":\"az\"},{\"@type\":\"WebPage\",\"@id\":\"https:\\\/\\\/www.meydan.tv\\\/az\\\/article\\\/azerbaycan-iqtisadiyyati-hansi-veziyyetdedir\\\/\",\"url\":\"https:\\\/\\\/www.meydan.tv\\\/az\\\/article\\\/azerbaycan-iqtisadiyyati-hansi-veziyyetdedir\\\/\",\"name\":\"Az\u0259rbaycan iqtisadiyyat\u0131 hans\u0131 v\u0259ziyy\u0259td\u0259dir? - MEYDAN.TV\",\"isPartOf\":{\"@id\":\"https:\\\/\\\/www.meydan.tv\\\/az\\\/#website\"},\"primaryImageOfPage\":{\"@id\":\"https:\\\/\\\/www.meydan.tv\\\/az\\\/article\\\/azerbaycan-iqtisadiyyati-hansi-veziyyetdedir\\\/#primaryimage\"},\"image\":{\"@id\":\"https:\\\/\\\/www.meydan.tv\\\/az\\\/article\\\/azerbaycan-iqtisadiyyati-hansi-veziyyetdedir\\\/#primaryimage\"},\"thumbnailUrl\":\"https:\\\/\\\/www.meydan.tv\\\/wp-content\\\/uploads\\\/060800019504.jpg\",\"datePublished\":\"2019-06-08T19:38:58+00:00\",\"breadcrumb\":{\"@id\":\"https:\\\/\\\/www.meydan.tv\\\/az\\\/article\\\/azerbaycan-iqtisadiyyati-hansi-veziyyetdedir\\\/#breadcrumb\"},\"inLanguage\":\"az\",\"potentialAction\":[{\"@type\":\"ReadAction\",\"target\":[\"https:\\\/\\\/www.meydan.tv\\\/az\\\/article\\\/azerbaycan-iqtisadiyyati-hansi-veziyyetdedir\\\/\"]}]},{\"@type\":\"ImageObject\",\"inLanguage\":\"az\",\"@id\":\"https:\\\/\\\/www.meydan.tv\\\/az\\\/article\\\/azerbaycan-iqtisadiyyati-hansi-veziyyetdedir\\\/#primaryimage\",\"url\":\"https:\\\/\\\/www.meydan.tv\\\/wp-content\\\/uploads\\\/060800019504.jpg\",\"contentUrl\":\"https:\\\/\\\/www.meydan.tv\\\/wp-content\\\/uploads\\\/060800019504.jpg\",\"width\":890,\"height\":480,\"caption\":\"Source: Foto: Turan \u0130A\"},{\"@type\":\"BreadcrumbList\",\"@id\":\"https:\\\/\\\/www.meydan.tv\\\/az\\\/article\\\/azerbaycan-iqtisadiyyati-hansi-veziyyetdedir\\\/#breadcrumb\",\"itemListElement\":[{\"@type\":\"ListItem\",\"position\":1,\"name\":\"Ana s\u0259hif\u0259\",\"item\":\"https:\\\/\\\/www.meydan.tv\\\/az\\\/\"},{\"@type\":\"ListItem\",\"position\":2,\"name\":\"Analitika\",\"item\":\"https:\\\/\\\/www.meydan.tv\\\/az\\\/section\\\/analitika\\\/\"},{\"@type\":\"ListItem\",\"position\":3,\"name\":\"Az\u0259rbaycan iqtisadiyyat\u0131 hans\u0131 v\u0259ziyy\u0259td\u0259dir?\"}]},{\"@type\":\"WebSite\",\"@id\":\"https:\\\/\\\/www.meydan.tv\\\/az\\\/#website\",\"url\":\"https:\\\/\\\/www.meydan.tv\\\/az\\\/\",\"name\":\"MEYDAN.TV\",\"description\":\"Meydan TV Az\u0259rbaycan\u0131n media m\u0259kan\u0131ndak\u0131 alternativ s\u0259sidir\",\"publisher\":{\"@id\":\"https:\\\/\\\/www.meydan.tv\\\/az\\\/#organization\"},\"potentialAction\":[{\"@type\":\"SearchAction\",\"target\":{\"@type\":\"EntryPoint\",\"urlTemplate\":\"https:\\\/\\\/www.meydan.tv\\\/az\\\/?s={search_term_string}\"},\"query-input\":{\"@type\":\"PropertyValueSpecification\",\"valueRequired\":true,\"valueName\":\"search_term_string\"}}],\"inLanguage\":\"az\"},{\"@type\":\"Organization\",\"@id\":\"https:\\\/\\\/www.meydan.tv\\\/az\\\/#organization\",\"name\":\"Meydan TV\",\"url\":\"https:\\\/\\\/www.meydan.tv\\\/az\\\/\",\"logo\":{\"@type\":\"ImageObject\",\"inLanguage\":\"az\",\"@id\":\"https:\\\/\\\/www.meydan.tv\\\/az\\\/#\\\/schema\\\/logo\\\/image\\\/\",\"url\":\"https:\\\/\\\/www.meydan.tv\\\/wp-content\\\/uploads\\\/2021\\\/07\\\/meydan-logo.svg\",\"contentUrl\":\"https:\\\/\\\/www.meydan.tv\\\/wp-content\\\/uploads\\\/2021\\\/07\\\/meydan-logo.svg\",\"width\":195,\"height\":46,\"caption\":\"Meydan TV\"},\"image\":{\"@id\":\"https:\\\/\\\/www.meydan.tv\\\/az\\\/#\\\/schema\\\/logo\\\/image\\\/\"}},{\"@type\":\"Person\",\"@id\":\"https:\\\/\\\/www.meydan.tv\\\/az\\\/#\\\/schema\\\/person\\\/10d11eccf6da3662cf5fdab9806ea91a\",\"name\":\"user-manager\"}]}<\/script>\n<!-- \/ Yoast SEO plugin. -->","yoast_head_json":{"title":"Az\u0259rbaycan iqtisadiyyat\u0131 hans\u0131 v\u0259ziyy\u0259td\u0259dir? - MEYDAN.TV","robots":{"index":"index","follow":"follow","max-snippet":"max-snippet:-1","max-image-preview":"max-image-preview:large","max-video-preview":"max-video-preview:-1"},"canonical":"https:\/\/www.meydan.tv\/az\/article\/azerbaycan-iqtisadiyyati-hansi-veziyyetdedir\/","og_locale":"az_AZ","og_type":"article","og_title":"Az\u0259rbaycan iqtisadiyyat\u0131 hans\u0131 v\u0259ziyy\u0259td\u0259dir? - MEYDAN.TV","og_description":"Bu o dem\u0259kdir ki, bu g\u00fcnd\u0259n hesablayanda 2014-c\u00fc ill\u0259 m\u00fcqayis\u0259d\u0259 itirilmi\u015f \u00dcDM haz\u0131rk\u0131 art\u0131m tempi il\u0259 23,5 il\u0259, y\u0259ni 2042-ci ilin sonunda b\u0259rpa edil\u0259 bil\u0259r.","og_url":"https:\/\/www.meydan.tv\/az\/article\/azerbaycan-iqtisadiyyati-hansi-veziyyetdedir\/","og_site_name":"MEYDAN.TV","article_published_time":"2019-06-08T19:38:58+00:00","og_image":[{"width":890,"height":480,"url":"https:\/\/www.meydan.tv\/wp-content\/uploads\/060800019504.jpg","type":"image\/jpeg"}],"author":"user-manager","twitter_card":"summary_large_image","schema":{"@context":"https:\/\/schema.org","@graph":[{"@type":"Article","@id":"https:\/\/www.meydan.tv\/az\/article\/azerbaycan-iqtisadiyyati-hansi-veziyyetdedir\/#article","isPartOf":{"@id":"https:\/\/www.meydan.tv\/az\/article\/azerbaycan-iqtisadiyyati-hansi-veziyyetdedir\/"},"author":{"name":"user-manager","@id":"https:\/\/www.meydan.tv\/az\/#\/schema\/person\/10d11eccf6da3662cf5fdab9806ea91a"},"headline":"Az\u0259rbaycan iqtisadiyyat\u0131 hans\u0131 v\u0259ziyy\u0259td\u0259dir?","datePublished":"2019-06-08T19:38:58+00:00","mainEntityOfPage":{"@id":"https:\/\/www.meydan.tv\/az\/article\/azerbaycan-iqtisadiyyati-hansi-veziyyetdedir\/"},"wordCount":1562,"publisher":{"@id":"https:\/\/www.meydan.tv\/az\/#organization"},"image":{"@id":"https:\/\/www.meydan.tv\/az\/article\/azerbaycan-iqtisadiyyati-hansi-veziyyetdedir\/#primaryimage"},"thumbnailUrl":"https:\/\/www.meydan.tv\/wp-content\/uploads\/060800019504.jpg","articleSection":["Analitika"],"inLanguage":"az"},{"@type":"WebPage","@id":"https:\/\/www.meydan.tv\/az\/article\/azerbaycan-iqtisadiyyati-hansi-veziyyetdedir\/","url":"https:\/\/www.meydan.tv\/az\/article\/azerbaycan-iqtisadiyyati-hansi-veziyyetdedir\/","name":"Az\u0259rbaycan iqtisadiyyat\u0131 hans\u0131 v\u0259ziyy\u0259td\u0259dir? - MEYDAN.TV","isPartOf":{"@id":"https:\/\/www.meydan.tv\/az\/#website"},"primaryImageOfPage":{"@id":"https:\/\/www.meydan.tv\/az\/article\/azerbaycan-iqtisadiyyati-hansi-veziyyetdedir\/#primaryimage"},"image":{"@id":"https:\/\/www.meydan.tv\/az\/article\/azerbaycan-iqtisadiyyati-hansi-veziyyetdedir\/#primaryimage"},"thumbnailUrl":"https:\/\/www.meydan.tv\/wp-content\/uploads\/060800019504.jpg","datePublished":"2019-06-08T19:38:58+00:00","breadcrumb":{"@id":"https:\/\/www.meydan.tv\/az\/article\/azerbaycan-iqtisadiyyati-hansi-veziyyetdedir\/#breadcrumb"},"inLanguage":"az","potentialAction":[{"@type":"ReadAction","target":["https:\/\/www.meydan.tv\/az\/article\/azerbaycan-iqtisadiyyati-hansi-veziyyetdedir\/"]}]},{"@type":"ImageObject","inLanguage":"az","@id":"https:\/\/www.meydan.tv\/az\/article\/azerbaycan-iqtisadiyyati-hansi-veziyyetdedir\/#primaryimage","url":"https:\/\/www.meydan.tv\/wp-content\/uploads\/060800019504.jpg","contentUrl":"https:\/\/www.meydan.tv\/wp-content\/uploads\/060800019504.jpg","width":890,"height":480,"caption":"Source: Foto: Turan \u0130A"},{"@type":"BreadcrumbList","@id":"https:\/\/www.meydan.tv\/az\/article\/azerbaycan-iqtisadiyyati-hansi-veziyyetdedir\/#breadcrumb","itemListElement":[{"@type":"ListItem","position":1,"name":"Ana s\u0259hif\u0259","item":"https:\/\/www.meydan.tv\/az\/"},{"@type":"ListItem","position":2,"name":"Analitika","item":"https:\/\/www.meydan.tv\/az\/section\/analitika\/"},{"@type":"ListItem","position":3,"name":"Az\u0259rbaycan iqtisadiyyat\u0131 hans\u0131 v\u0259ziyy\u0259td\u0259dir?"}]},{"@type":"WebSite","@id":"https:\/\/www.meydan.tv\/az\/#website","url":"https:\/\/www.meydan.tv\/az\/","name":"MEYDAN.TV","description":"Meydan TV Az\u0259rbaycan\u0131n media m\u0259kan\u0131ndak\u0131 alternativ s\u0259sidir","publisher":{"@id":"https:\/\/www.meydan.tv\/az\/#organization"},"potentialAction":[{"@type":"SearchAction","target":{"@type":"EntryPoint","urlTemplate":"https:\/\/www.meydan.tv\/az\/?s={search_term_string}"},"query-input":{"@type":"PropertyValueSpecification","valueRequired":true,"valueName":"search_term_string"}}],"inLanguage":"az"},{"@type":"Organization","@id":"https:\/\/www.meydan.tv\/az\/#organization","name":"Meydan TV","url":"https:\/\/www.meydan.tv\/az\/","logo":{"@type":"ImageObject","inLanguage":"az","@id":"https:\/\/www.meydan.tv\/az\/#\/schema\/logo\/image\/","url":"https:\/\/www.meydan.tv\/wp-content\/uploads\/2021\/07\/meydan-logo.svg","contentUrl":"https:\/\/www.meydan.tv\/wp-content\/uploads\/2021\/07\/meydan-logo.svg","width":195,"height":46,"caption":"Meydan TV"},"image":{"@id":"https:\/\/www.meydan.tv\/az\/#\/schema\/logo\/image\/"}},{"@type":"Person","@id":"https:\/\/www.meydan.tv\/az\/#\/schema\/person\/10d11eccf6da3662cf5fdab9806ea91a","name":"user-manager"}]}},"_links":{"self":[{"href":"https:\/\/www.meydan.tv\/az\/wp-json\/wp\/v2\/posts\/195757","targetHints":{"allow":["GET"]}}],"collection":[{"href":"https:\/\/www.meydan.tv\/az\/wp-json\/wp\/v2\/posts"}],"about":[{"href":"https:\/\/www.meydan.tv\/az\/wp-json\/wp\/v2\/types\/post"}],"author":[{"embeddable":true,"href":"https:\/\/www.meydan.tv\/az\/wp-json\/wp\/v2\/users\/11"}],"replies":[{"embeddable":true,"href":"https:\/\/www.meydan.tv\/az\/wp-json\/wp\/v2\/comments?post=195757"}],"version-history":[{"count":0,"href":"https:\/\/www.meydan.tv\/az\/wp-json\/wp\/v2\/posts\/195757\/revisions"}],"wp:featuredmedia":[{"embeddable":true,"href":"https:\/\/www.meydan.tv\/az\/wp-json\/wp\/v2\/media\/125253"}],"wp:attachment":[{"href":"https:\/\/www.meydan.tv\/az\/wp-json\/wp\/v2\/media?parent=195757"}],"wp:term":[{"taxonomy":"category","embeddable":true,"href":"https:\/\/www.meydan.tv\/az\/wp-json\/wp\/v2\/categories?post=195757"},{"taxonomy":"post_tag","embeddable":true,"href":"https:\/\/www.meydan.tv\/az\/wp-json\/wp\/v2\/tags?post=195757"}],"curies":[{"name":"wp","href":"https:\/\/api.w.org\/{rel}","templated":true}]}}