{"id":195742,"date":"2019-06-07T13:56:07","date_gmt":"2019-06-07T13:56:07","guid":{"rendered":"https:\/\/www.meydan.tv\/article\/mektebde-sagirdlerin-basina-bit-dusur\/"},"modified":"2019-06-07T13:56:07","modified_gmt":"2019-06-07T13:56:07","slug":"mektebde-sagirdlerin-basina-bit-dusur","status":"publish","type":"post","link":"https:\/\/www.meydan.tv\/az\/article\/mektebde-sagirdlerin-basina-bit-dusur\/","title":{"rendered":"&#8221;M\u0259kt\u0259bd\u0259 \u015fagirdl\u0259rin ba\u015f\u0131na bit d\u00fc\u015f\u00fcr&#8221;"},"content":{"rendered":"<p>\n  <i><br \/>\n    \u00c7ax\u0131rl\u0131lar k\u0259nd m\u0259kt\u0259bind\u0259n naraz\u0131d\u0131r<br \/>\n  <\/i>\n<\/p>\n<p>\n  \u201cK\u0259ndin m\u0259kt\u0259bi anti-sanitariya v\u0259ziyy\u0259tind\u0259dir. O q\u0259d\u0259r bax\u0131ms\u0131zd\u0131r ki, u\u015faqlar\u0131m\u0131z\u0131n ba\u015f\u0131na tez-tez bit d\u00fc\u015f\u00fcr. Bir n\u0259f\u0259r g\u0259lib yoxlam\u0131r, baxm\u0131r. Nat\u0259mizlik, t\u0259mirsizlik, \u015f\u0259raitsizlikdir\u201d.\n<\/p>\n<p>\n  G\u00f6y\u00e7ay\u0131n \u00c7ax\u0131rl\u0131 k\u0259ndinin sakini A\u011fas\u0259ddin R\u0259himov bel\u0259 deyir. Onun bir \u00f6vlad\u0131 bu m\u0259kt\u0259bd\u0259 oxuyur. Deyir, ill\u0259rdir bu u\u015faqlar normal m\u0259kt\u0259b \u00fcz\u00fc g\u00f6rm\u0259yibl\u0259r. El\u0259 valideynl\u0259r bacard\u0131qlar\u0131 pulu toplay\u0131b, bir-iki yerini t\u0259mir edibl\u0259r. Ancaq onlar\u0131n \u0259sasl\u0131 t\u0259mir etm\u0259y\u0259 g\u00fccl\u0259ri \u00e7atm\u0131r.\n<\/p>\n<p>\n  \u201cOdur ki, \u00fcz\u00fcm\u00fcz\u00fc d\u00f6vl\u0259t\u0259 tutub, xahi\u015f edirik. Nolar, bizim u\u015faqlar\u0131m\u0131za yaz\u0131qlar\u0131 g\u0259lsin, onlar da g\u0259l\u0259n d\u0259rs ilini normal m\u0259kt\u0259bd\u0259 oxusunlar. M\u0259kt\u0259bin bitm\u0259sin\u0259 az qal\u0131b. Plana sal\u0131nsa, t\u0259tild\u0259 t\u0259mir edil\u0259r v\u0259 ya k\u0259ndd\u0259 yeni m\u0259kt\u0259b tikil\u0259r\u201d \u2013 dey\u0259, valideynl\u0259r bildirirl\u0259r.\n<\/p>\n<p>\n  El\u015fad \u0130sg\u0259nd\u0259rovun \u00f6vlad\u0131 da bu m\u0259kt\u0259bd\u0259 t\u0259hsil al\u0131r. O da t\u0259mirsizlik, \u015f\u0259raitsizlikd\u0259n v\u0259 q\u0131\u015fda m\u0259kt\u0259bin soyuq olmas\u0131ndan \u015fikay\u0259t\u00e7idir. Deyir, m\u0259kt\u0259b o q\u0259d\u0259r bax\u0131ms\u0131zd\u0131r ki, vaxtl\u0131-vaxt\u0131nda dezinfeksiya da edilmir. N\u0259tic\u0259d\u0259 u\u015faqlar\u0131 bit-bir\u0259 yeyir:\n<\/p>\n<figure class=\"wp-block-image size-large\">\n  <img decoding=\"async\" src=\"https:\/\/www.meydan.tv\/az\/image00005-jpeg-16\/\" alt=\"image00005.jpeg\" class=\"wp-image-125172\"\/><figcaption>\n    A\u011fas\u0259ddin R\u0259himov<br \/>\n  <\/figcaption><\/figure>\n<p>\n  \u201cM\u0259kt\u0259bin normal laboratoriyas\u0131 yox, idman zal\u0131 pis g\u00fcnd\u0259, sinif otaqlar\u0131 ondan da bet\u0259r&#8230; Valideynl\u0259r n\u0259 q\u0259d\u0259r aralar\u0131nda pul toplay\u0131b, m\u0259kt\u0259bi t\u0259mir etdirm\u0259lidir? M\u0259n bil\u0259n, bu i\u015f\u0259 d\u00f6vl\u0259t baxmal\u0131d\u0131r ax\u0131. M\u0259kt\u0259bin dam \u00f6rt\u00fcy\u00fcn\u00fcn ciddi t\u0259mir\u0259 ehtiyac\u0131 var. 50-60 ilin m\u0259kt\u0259bidir. Tavan\u0131 dam\u0131r, d\u00f6\u015f\u0259m\u0259si de\u015fik-de\u015fik, partalar, qap\u0131 v\u0259 p\u0259nc\u0259r\u0259l\u0259r u\u00e7ub-t\u00f6k\u00fcl\u00fcb\u201d.\n<\/p>\n<p>\n  A\u011fas\u0259ddin R\u0259himov deyir ki, sonuncu d\u0259f\u0259 m\u0259kt\u0259bi k\u0259ndin Rusiyada ya\u015fayan v\u0259 \u00e7al\u0131\u015fan sakinl\u0259ri t\u0259mir edib. Ancaq t\u0259k d\u0259rd m\u0259kt\u0259bin t\u0259miri d\u0259 deyil. \u201cM\u0259kt\u0259b\u0259 getm\u0259k d\u0259 z\u00fclmd\u00fcr\u201d, &#8211; deyir:\n<\/p>\n<p>\n  \u201cU\u015faqlar d\u0259rsd\u0259n yay\u0131n\u0131rlar. \u00c7\u00fcnki yolu b\u0259rbadd\u0131r. Gedib-g\u0259l\u0259nd\u0259 pal\u00e7\u0131\u011fa d\u00fc\u015f\u00fcrl\u0259r, bat\u0131rlar. \u00dcst\u0259lik, natamam orta m\u0259kt\u0259bdir. H\u0259r \u015feyimiz \u00e7\u0259tindir, d\u0259rddir. Bax\u0131n, g\u00f6r\u00fcn, bu m\u0259kt\u0259bd\u0259 m\u00fcasir Az\u0259rbaycana yara\u015fan n\u0259 var? Sovetd\u0259nqalma bir yerdir. Ya\u011f\u0131\u015f ya\u011f\u0131r, m\u0259kt\u0259b\u0259 dam\u0131r. Bu m\u0259kt\u0259bin istismar m\u00fcdd\u0259ti b\u0259lk\u0259 d\u0259 30 il \u0259vv\u0259ld\u0259n bitib\u201d.\n<\/p>\n<figure class=\"wp-block-image size-large\">\n  <img decoding=\"async\" src=\"https:\/\/www.meydan.tv\/az\/image00001-jpeg-17\/\" alt=\"image00001.jpeg\" class=\"wp-image-125175\"\/><figcaption>\n    m\u0259kt\u0259bin bufeti<br \/>\n  <\/figcaption><\/figure>\n<p>\n  Valideynl\u0259r m\u0259kt\u0259bin t\u0259hsil oca\u011f\u0131ndan ba\u015fqa h\u0259r \u015fey\u0259 b\u0259nz\u0259diyini deyirl\u0259r. X\u00fcsus\u0259n d\u0259 q\u0131\u015fda v\u0259ziyy\u0259tin daha da b\u0259rbad hala d\u00fc\u015fd\u00fcy\u00fcn\u00fc s\u00f6yl\u0259yirl\u0259r:\n<\/p>\n<p>\n  \u201c\u0130stilik sistemi yoxdur. Odun qalay\u0131rlar, o da his-pas i\u00e7ind\u0259. \u0130ndiki d\u00f6vrd\u0259 m\u0259kt\u0259bd\u0259 odun yand\u0131rarlar? Nat\u0259mizlik, antisanitariyad\u0131r. Bir bax\u0131n, m\u0259kt\u0259bin m\u0259kt\u0259b oldu\u011funu g\u00f6st\u0259r\u0259n h\u0259r hans\u0131 bir l\u00f6vh\u0259 d\u0259 yoxdur. Xahi\u015f edirik, bizim u\u015faqlar \u00fc\u00e7\u00fcn d\u0259 normal \u015f\u0259rait yarats\u0131nlar. T\u0259hsil el\u0259 buradan ba\u015flay\u0131r. \u00d6lk\u0259d\u0259 t\u0259hsilin n\u0259 q\u0259d\u0259r y\u00fcks\u0259k s\u0259viyy\u0259d\u0259 oldu\u011funu g\u00f6st\u0259rsinl\u0259r\u201d.\n<\/p>\n<p>\n  Meydan TV m\u0259s\u0259l\u0259y\u0259 \u00c7ax\u0131rl\u0131 m\u0259kt\u0259bind\u0259n m\u00fcnasib\u0259t \u00f6yr\u0259n\u0259 bilm\u0259yib. G\u00f6y\u00e7ay Rayon \u0130cra Hakimiyy\u0259tind\u0259n is\u0259 bildiribl\u0259r ki,\n<\/p>\n<p>\n  indiy\u0259d\u0259k rayonun bir \u00e7ox k\u0259nd m\u0259kt\u0259bi \u0259sasl\u0131 t\u0259mir edilib, yenid\u0259n qurulub. B\u00fct\u00fcn t\u0259mirsiz v\u0259 \u015f\u0259raiti pis olan m\u0259kt\u0259bl\u0259r n\u00f6vb\u0259 il\u0259 t\u0259mir edil\u0259c\u0259k:\n<\/p>\n<p>\n  \u201cYax\u0131n ill\u0259rd\u0259 bel\u0259 problem qalmayacaq. Amma b\u00fct\u00fcn bu probleml\u0259rin ham\u0131s\u0131n\u0131 bir g\u00fcn\u00fcn i\u00e7ind\u0259 h\u0259ll etm\u0259k m\u00fcmk\u00fcn deyil. Onlar da s\u0131ralar\u0131n\u0131 g\u00f6zl\u0259sinl\u0259r\u201d.\n<\/p>\n<figure class=\"wp-block-image size-large\">\n  <img decoding=\"async\" src=\"https:\/\/www.meydan.tv\/az\/image00007-jpeg-11\/\" alt=\"image00007.jpeg\" class=\"wp-image-125178\"\/><figcaption>\n    El\u015fad \u0130sg\u0259nd\u0259rov<br \/>\n  <\/figcaption><\/figure>\n<figure class=\"wp-block-image size-large\">\n  <img decoding=\"async\" src=\"https:\/\/www.meydan.tv\/az\/image00008-jpeg-14\/\" alt=\"image00008.jpeg\" class=\"wp-image-125181\"\/><figcaption>\n    m\u0259kt\u0259b<br \/>\n  <\/figcaption><\/figure>\n","protected":false},"excerpt":{"rendered":"<p>Bax\u0131n, g\u00f6r\u00fcn, bu m\u0259kt\u0259bd\u0259 m\u00fcasir Az\u0259rbaycana yara\u015fan n\u0259 var?<\/p>\n","protected":false},"author":11,"featured_media":125169,"comment_status":"closed","ping_status":"open","sticky":false,"template":"","format":"standard","meta":{"_acf_changed":false,"_sitemap_exclude":false,"_sitemap_priority":"","_sitemap_frequency":"","footnotes":""},"categories":[60],"tags":[],"class_list":["post-195742","post","type-post","status-publish","format-standard","has-post-thumbnail","hentry","category-bolge","infinite-scroll-item","generate-columns","tablet-grid-50","mobile-grid-100","grid-parent","grid-33","no-featured-image-padding"],"acf":[],"yoast_head":"<!-- This site is optimized with the Yoast SEO plugin v27.4 - https:\/\/yoast.com\/product\/yoast-seo-wordpress\/ -->\n<title>&#039;&#039;M\u0259kt\u0259bd\u0259 \u015fagirdl\u0259rin ba\u015f\u0131na bit d\u00fc\u015f\u00fcr&#039;&#039; - MEYDAN.TV<\/title>\n<meta name=\"robots\" content=\"index, follow, max-snippet:-1, max-image-preview:large, max-video-preview:-1\" \/>\n<link rel=\"canonical\" href=\"https:\/\/www.meydan.tv\/az\/article\/mektebde-sagirdlerin-basina-bit-dusur\/\" \/>\n<meta property=\"og:locale\" content=\"az_AZ\" \/>\n<meta property=\"og:type\" content=\"article\" \/>\n<meta property=\"og:title\" content=\"&#039;&#039;M\u0259kt\u0259bd\u0259 \u015fagirdl\u0259rin ba\u015f\u0131na bit d\u00fc\u015f\u00fcr&#039;&#039; - MEYDAN.TV\" \/>\n<meta property=\"og:description\" content=\"Bax\u0131n, g\u00f6r\u00fcn, bu m\u0259kt\u0259bd\u0259 m\u00fcasir Az\u0259rbaycana yara\u015fan n\u0259 var?\" \/>\n<meta property=\"og:url\" content=\"https:\/\/www.meydan.tv\/az\/article\/mektebde-sagirdlerin-basina-bit-dusur\/\" \/>\n<meta property=\"og:site_name\" content=\"MEYDAN.TV\" \/>\n<meta property=\"article:published_time\" content=\"2019-06-07T13:56:07+00:00\" \/>\n<meta property=\"og:image\" content=\"https:\/\/www.meydan.tv\/wp-content\/uploads\/image00002_lpseirj.jpeg\" \/>\n\t<meta property=\"og:image:width\" content=\"1365\" \/>\n\t<meta property=\"og:image:height\" content=\"1024\" \/>\n\t<meta property=\"og:image:type\" content=\"image\/jpeg\" \/>\n<meta name=\"author\" content=\"user-manager\" \/>\n<meta name=\"twitter:card\" content=\"summary_large_image\" \/>\n<script type=\"application\/ld+json\" class=\"yoast-schema-graph\">{\"@context\":\"https:\\\/\\\/schema.org\",\"@graph\":[{\"@type\":\"Article\",\"@id\":\"https:\\\/\\\/www.meydan.tv\\\/az\\\/article\\\/mektebde-sagirdlerin-basina-bit-dusur\\\/#article\",\"isPartOf\":{\"@id\":\"https:\\\/\\\/www.meydan.tv\\\/az\\\/article\\\/mektebde-sagirdlerin-basina-bit-dusur\\\/\"},\"author\":{\"name\":\"user-manager\",\"@id\":\"https:\\\/\\\/www.meydan.tv\\\/az\\\/#\\\/schema\\\/person\\\/10d11eccf6da3662cf5fdab9806ea91a\"},\"headline\":\"&#8221;M\u0259kt\u0259bd\u0259 \u015fagirdl\u0259rin ba\u015f\u0131na bit d\u00fc\u015f\u00fcr&#8221;\",\"datePublished\":\"2019-06-07T13:56:07+00:00\",\"mainEntityOfPage\":{\"@id\":\"https:\\\/\\\/www.meydan.tv\\\/az\\\/article\\\/mektebde-sagirdlerin-basina-bit-dusur\\\/\"},\"wordCount\":729,\"publisher\":{\"@id\":\"https:\\\/\\\/www.meydan.tv\\\/az\\\/#organization\"},\"image\":{\"@id\":\"https:\\\/\\\/www.meydan.tv\\\/az\\\/article\\\/mektebde-sagirdlerin-basina-bit-dusur\\\/#primaryimage\"},\"thumbnailUrl\":\"https:\\\/\\\/www.meydan.tv\\\/wp-content\\\/uploads\\\/image00002_lpseirj.jpeg\",\"articleSection\":[\"B\u00f6lg\u0259\"],\"inLanguage\":\"az\"},{\"@type\":\"WebPage\",\"@id\":\"https:\\\/\\\/www.meydan.tv\\\/az\\\/article\\\/mektebde-sagirdlerin-basina-bit-dusur\\\/\",\"url\":\"https:\\\/\\\/www.meydan.tv\\\/az\\\/article\\\/mektebde-sagirdlerin-basina-bit-dusur\\\/\",\"name\":\"''M\u0259kt\u0259bd\u0259 \u015fagirdl\u0259rin ba\u015f\u0131na bit d\u00fc\u015f\u00fcr'' - MEYDAN.TV\",\"isPartOf\":{\"@id\":\"https:\\\/\\\/www.meydan.tv\\\/az\\\/#website\"},\"primaryImageOfPage\":{\"@id\":\"https:\\\/\\\/www.meydan.tv\\\/az\\\/article\\\/mektebde-sagirdlerin-basina-bit-dusur\\\/#primaryimage\"},\"image\":{\"@id\":\"https:\\\/\\\/www.meydan.tv\\\/az\\\/article\\\/mektebde-sagirdlerin-basina-bit-dusur\\\/#primaryimage\"},\"thumbnailUrl\":\"https:\\\/\\\/www.meydan.tv\\\/wp-content\\\/uploads\\\/image00002_lpseirj.jpeg\",\"datePublished\":\"2019-06-07T13:56:07+00:00\",\"breadcrumb\":{\"@id\":\"https:\\\/\\\/www.meydan.tv\\\/az\\\/article\\\/mektebde-sagirdlerin-basina-bit-dusur\\\/#breadcrumb\"},\"inLanguage\":\"az\",\"potentialAction\":[{\"@type\":\"ReadAction\",\"target\":[\"https:\\\/\\\/www.meydan.tv\\\/az\\\/article\\\/mektebde-sagirdlerin-basina-bit-dusur\\\/\"]}]},{\"@type\":\"ImageObject\",\"inLanguage\":\"az\",\"@id\":\"https:\\\/\\\/www.meydan.tv\\\/az\\\/article\\\/mektebde-sagirdlerin-basina-bit-dusur\\\/#primaryimage\",\"url\":\"https:\\\/\\\/www.meydan.tv\\\/wp-content\\\/uploads\\\/image00002_lpseirj.jpeg\",\"contentUrl\":\"https:\\\/\\\/www.meydan.tv\\\/wp-content\\\/uploads\\\/image00002_lpseirj.jpeg\",\"width\":1365,\"height\":1024,\"caption\":\"Source: meydan tv\"},{\"@type\":\"BreadcrumbList\",\"@id\":\"https:\\\/\\\/www.meydan.tv\\\/az\\\/article\\\/mektebde-sagirdlerin-basina-bit-dusur\\\/#breadcrumb\",\"itemListElement\":[{\"@type\":\"ListItem\",\"position\":1,\"name\":\"Ana s\u0259hif\u0259\",\"item\":\"https:\\\/\\\/www.meydan.tv\\\/az\\\/\"},{\"@type\":\"ListItem\",\"position\":2,\"name\":\"B\u00f6lg\u0259\",\"item\":\"https:\\\/\\\/www.meydan.tv\\\/az\\\/section\\\/bolge\\\/\"},{\"@type\":\"ListItem\",\"position\":3,\"name\":\"&#8221;M\u0259kt\u0259bd\u0259 \u015fagirdl\u0259rin ba\u015f\u0131na bit d\u00fc\u015f\u00fcr&#8221;\"}]},{\"@type\":\"WebSite\",\"@id\":\"https:\\\/\\\/www.meydan.tv\\\/az\\\/#website\",\"url\":\"https:\\\/\\\/www.meydan.tv\\\/az\\\/\",\"name\":\"MEYDAN.TV\",\"description\":\"Meydan TV Az\u0259rbaycan\u0131n media m\u0259kan\u0131ndak\u0131 alternativ s\u0259sidir\",\"publisher\":{\"@id\":\"https:\\\/\\\/www.meydan.tv\\\/az\\\/#organization\"},\"potentialAction\":[{\"@type\":\"SearchAction\",\"target\":{\"@type\":\"EntryPoint\",\"urlTemplate\":\"https:\\\/\\\/www.meydan.tv\\\/az\\\/?s={search_term_string}\"},\"query-input\":{\"@type\":\"PropertyValueSpecification\",\"valueRequired\":true,\"valueName\":\"search_term_string\"}}],\"inLanguage\":\"az\"},{\"@type\":\"Organization\",\"@id\":\"https:\\\/\\\/www.meydan.tv\\\/az\\\/#organization\",\"name\":\"Meydan TV\",\"url\":\"https:\\\/\\\/www.meydan.tv\\\/az\\\/\",\"logo\":{\"@type\":\"ImageObject\",\"inLanguage\":\"az\",\"@id\":\"https:\\\/\\\/www.meydan.tv\\\/az\\\/#\\\/schema\\\/logo\\\/image\\\/\",\"url\":\"https:\\\/\\\/www.meydan.tv\\\/wp-content\\\/uploads\\\/2021\\\/07\\\/meydan-logo.svg\",\"contentUrl\":\"https:\\\/\\\/www.meydan.tv\\\/wp-content\\\/uploads\\\/2021\\\/07\\\/meydan-logo.svg\",\"width\":195,\"height\":46,\"caption\":\"Meydan TV\"},\"image\":{\"@id\":\"https:\\\/\\\/www.meydan.tv\\\/az\\\/#\\\/schema\\\/logo\\\/image\\\/\"}},{\"@type\":\"Person\",\"@id\":\"https:\\\/\\\/www.meydan.tv\\\/az\\\/#\\\/schema\\\/person\\\/10d11eccf6da3662cf5fdab9806ea91a\",\"name\":\"user-manager\"}]}<\/script>\n<!-- \/ Yoast SEO plugin. -->","yoast_head_json":{"title":"''M\u0259kt\u0259bd\u0259 \u015fagirdl\u0259rin ba\u015f\u0131na bit d\u00fc\u015f\u00fcr'' - MEYDAN.TV","robots":{"index":"index","follow":"follow","max-snippet":"max-snippet:-1","max-image-preview":"max-image-preview:large","max-video-preview":"max-video-preview:-1"},"canonical":"https:\/\/www.meydan.tv\/az\/article\/mektebde-sagirdlerin-basina-bit-dusur\/","og_locale":"az_AZ","og_type":"article","og_title":"''M\u0259kt\u0259bd\u0259 \u015fagirdl\u0259rin ba\u015f\u0131na bit d\u00fc\u015f\u00fcr'' - MEYDAN.TV","og_description":"Bax\u0131n, g\u00f6r\u00fcn, bu m\u0259kt\u0259bd\u0259 m\u00fcasir Az\u0259rbaycana yara\u015fan n\u0259 var?","og_url":"https:\/\/www.meydan.tv\/az\/article\/mektebde-sagirdlerin-basina-bit-dusur\/","og_site_name":"MEYDAN.TV","article_published_time":"2019-06-07T13:56:07+00:00","og_image":[{"width":1365,"height":1024,"url":"https:\/\/www.meydan.tv\/wp-content\/uploads\/image00002_lpseirj.jpeg","type":"image\/jpeg"}],"author":"user-manager","twitter_card":"summary_large_image","schema":{"@context":"https:\/\/schema.org","@graph":[{"@type":"Article","@id":"https:\/\/www.meydan.tv\/az\/article\/mektebde-sagirdlerin-basina-bit-dusur\/#article","isPartOf":{"@id":"https:\/\/www.meydan.tv\/az\/article\/mektebde-sagirdlerin-basina-bit-dusur\/"},"author":{"name":"user-manager","@id":"https:\/\/www.meydan.tv\/az\/#\/schema\/person\/10d11eccf6da3662cf5fdab9806ea91a"},"headline":"&#8221;M\u0259kt\u0259bd\u0259 \u015fagirdl\u0259rin ba\u015f\u0131na bit d\u00fc\u015f\u00fcr&#8221;","datePublished":"2019-06-07T13:56:07+00:00","mainEntityOfPage":{"@id":"https:\/\/www.meydan.tv\/az\/article\/mektebde-sagirdlerin-basina-bit-dusur\/"},"wordCount":729,"publisher":{"@id":"https:\/\/www.meydan.tv\/az\/#organization"},"image":{"@id":"https:\/\/www.meydan.tv\/az\/article\/mektebde-sagirdlerin-basina-bit-dusur\/#primaryimage"},"thumbnailUrl":"https:\/\/www.meydan.tv\/wp-content\/uploads\/image00002_lpseirj.jpeg","articleSection":["B\u00f6lg\u0259"],"inLanguage":"az"},{"@type":"WebPage","@id":"https:\/\/www.meydan.tv\/az\/article\/mektebde-sagirdlerin-basina-bit-dusur\/","url":"https:\/\/www.meydan.tv\/az\/article\/mektebde-sagirdlerin-basina-bit-dusur\/","name":"''M\u0259kt\u0259bd\u0259 \u015fagirdl\u0259rin ba\u015f\u0131na bit d\u00fc\u015f\u00fcr'' - MEYDAN.TV","isPartOf":{"@id":"https:\/\/www.meydan.tv\/az\/#website"},"primaryImageOfPage":{"@id":"https:\/\/www.meydan.tv\/az\/article\/mektebde-sagirdlerin-basina-bit-dusur\/#primaryimage"},"image":{"@id":"https:\/\/www.meydan.tv\/az\/article\/mektebde-sagirdlerin-basina-bit-dusur\/#primaryimage"},"thumbnailUrl":"https:\/\/www.meydan.tv\/wp-content\/uploads\/image00002_lpseirj.jpeg","datePublished":"2019-06-07T13:56:07+00:00","breadcrumb":{"@id":"https:\/\/www.meydan.tv\/az\/article\/mektebde-sagirdlerin-basina-bit-dusur\/#breadcrumb"},"inLanguage":"az","potentialAction":[{"@type":"ReadAction","target":["https:\/\/www.meydan.tv\/az\/article\/mektebde-sagirdlerin-basina-bit-dusur\/"]}]},{"@type":"ImageObject","inLanguage":"az","@id":"https:\/\/www.meydan.tv\/az\/article\/mektebde-sagirdlerin-basina-bit-dusur\/#primaryimage","url":"https:\/\/www.meydan.tv\/wp-content\/uploads\/image00002_lpseirj.jpeg","contentUrl":"https:\/\/www.meydan.tv\/wp-content\/uploads\/image00002_lpseirj.jpeg","width":1365,"height":1024,"caption":"Source: meydan tv"},{"@type":"BreadcrumbList","@id":"https:\/\/www.meydan.tv\/az\/article\/mektebde-sagirdlerin-basina-bit-dusur\/#breadcrumb","itemListElement":[{"@type":"ListItem","position":1,"name":"Ana s\u0259hif\u0259","item":"https:\/\/www.meydan.tv\/az\/"},{"@type":"ListItem","position":2,"name":"B\u00f6lg\u0259","item":"https:\/\/www.meydan.tv\/az\/section\/bolge\/"},{"@type":"ListItem","position":3,"name":"&#8221;M\u0259kt\u0259bd\u0259 \u015fagirdl\u0259rin ba\u015f\u0131na bit d\u00fc\u015f\u00fcr&#8221;"}]},{"@type":"WebSite","@id":"https:\/\/www.meydan.tv\/az\/#website","url":"https:\/\/www.meydan.tv\/az\/","name":"MEYDAN.TV","description":"Meydan TV Az\u0259rbaycan\u0131n media m\u0259kan\u0131ndak\u0131 alternativ s\u0259sidir","publisher":{"@id":"https:\/\/www.meydan.tv\/az\/#organization"},"potentialAction":[{"@type":"SearchAction","target":{"@type":"EntryPoint","urlTemplate":"https:\/\/www.meydan.tv\/az\/?s={search_term_string}"},"query-input":{"@type":"PropertyValueSpecification","valueRequired":true,"valueName":"search_term_string"}}],"inLanguage":"az"},{"@type":"Organization","@id":"https:\/\/www.meydan.tv\/az\/#organization","name":"Meydan TV","url":"https:\/\/www.meydan.tv\/az\/","logo":{"@type":"ImageObject","inLanguage":"az","@id":"https:\/\/www.meydan.tv\/az\/#\/schema\/logo\/image\/","url":"https:\/\/www.meydan.tv\/wp-content\/uploads\/2021\/07\/meydan-logo.svg","contentUrl":"https:\/\/www.meydan.tv\/wp-content\/uploads\/2021\/07\/meydan-logo.svg","width":195,"height":46,"caption":"Meydan TV"},"image":{"@id":"https:\/\/www.meydan.tv\/az\/#\/schema\/logo\/image\/"}},{"@type":"Person","@id":"https:\/\/www.meydan.tv\/az\/#\/schema\/person\/10d11eccf6da3662cf5fdab9806ea91a","name":"user-manager"}]}},"_links":{"self":[{"href":"https:\/\/www.meydan.tv\/az\/wp-json\/wp\/v2\/posts\/195742","targetHints":{"allow":["GET"]}}],"collection":[{"href":"https:\/\/www.meydan.tv\/az\/wp-json\/wp\/v2\/posts"}],"about":[{"href":"https:\/\/www.meydan.tv\/az\/wp-json\/wp\/v2\/types\/post"}],"author":[{"embeddable":true,"href":"https:\/\/www.meydan.tv\/az\/wp-json\/wp\/v2\/users\/11"}],"replies":[{"embeddable":true,"href":"https:\/\/www.meydan.tv\/az\/wp-json\/wp\/v2\/comments?post=195742"}],"version-history":[{"count":0,"href":"https:\/\/www.meydan.tv\/az\/wp-json\/wp\/v2\/posts\/195742\/revisions"}],"wp:featuredmedia":[{"embeddable":true,"href":"https:\/\/www.meydan.tv\/az\/wp-json\/wp\/v2\/media\/125169"}],"wp:attachment":[{"href":"https:\/\/www.meydan.tv\/az\/wp-json\/wp\/v2\/media?parent=195742"}],"wp:term":[{"taxonomy":"category","embeddable":true,"href":"https:\/\/www.meydan.tv\/az\/wp-json\/wp\/v2\/categories?post=195742"},{"taxonomy":"post_tag","embeddable":true,"href":"https:\/\/www.meydan.tv\/az\/wp-json\/wp\/v2\/tags?post=195742"}],"curies":[{"name":"wp","href":"https:\/\/api.w.org\/{rel}","templated":true}]}}