{"id":195731,"date":"2019-06-05T17:49:59","date_gmt":"2019-06-05T17:49:59","guid":{"rendered":"https:\/\/www.meydan.tv\/article\/tramp-iranla-danisiqlara-hazir-oldugunu-deyib\/"},"modified":"2019-06-05T17:49:59","modified_gmt":"2019-06-05T17:49:59","slug":"tramp-iranla-danisiqlara-hazir-oldugunu-deyib","status":"publish","type":"post","link":"https:\/\/www.meydan.tv\/az\/article\/tramp-iranla-danisiqlara-hazir-oldugunu-deyib\/","title":{"rendered":"Tramp \u0130ranla dan\u0131\u015f\u0131qlara haz\u0131r oldu\u011funu deyib"},"content":{"rendered":"<p>\n  <i><br \/>\n    AB\u015e prezidentinin s\u00f6zl\u0259rin\u0259 g\u00f6r\u0259, \u00f6lk\u0259si h\u0259rbi \u0259m\u0259liyyatlara da haz\u0131r olmal\u0131d\u0131r<br \/>\n  <\/i>\n<\/p>\n<p>\n  AB\u015e prezidenti Donald Tramp \u0130ranla dan\u0131\u015f\u0131qlara haz\u0131r oldu\u011funu deyib. \u018flav\u0259 edib ki, \u00f6lk\u0259si d\u0259 Tehrana qar\u015f\u0131 h\u0259r zaman h\u0259rbi \u0259m\u0259liyyatlara haz\u0131r olmal\u0131d\u0131r, &#8211; Azadl\u0131q Radiosu x\u0259b\u0259r verir.\n<\/p>\n<p>\n  &quot;M\u0259n ilk prezident oldu\u011fum zaman \u0130ran son d\u0259r\u0259c\u0259 d\u00fc\u015fm\u0259n \u00f6lk\u0259 idi,&quot;- Britaniyaya s\u0259f\u0259rd\u0259 olan Tramp iyunun 5-d\u0259 \u0130TV telekanal\u0131na bildirib: &quot;Onlar h\u0259min vaxt d\u00fcnyada bir n\u00f6mr\u0259li terrorist mill\u0259t idi v\u0259 b\u0259lk\u0259 d\u0259 bu g\u00fcn d\u0259 bu, bel\u0259 ola bil\u0259r&quot;.\n<\/p>\n<p>\n  \u0130ranla h\u0259rbi \u0259m\u0259liyyat\u0131n laz\u0131m ola bil\u0259c\u0259yini soru\u015fan jurnalist\u0259 Tramp deyib ki, h\u0259r zaman \u015fans var: &quot;\u0130st\u0259yir\u0259mmi? Xeyr, ist\u0259m\u0259r\u0259m olsun, amma h\u0259r zaman bir \u015fans var&quot;.\n<\/p>\n<p>\n  O, h\u0259m\u00e7inin deyib ki, \u0130ran prezidenti Rohani il\u0259 dan\u0131\u015fma\u011fa haz\u0131rd\u0131r: &quot;\u018flb\u0259tt\u0259, \u00e7ox dan\u0131\u015fmaq ist\u0259rdim&quot;.\n<\/p>\n<p>\n  Tramp\u0131n b\u0259yanat\u0131 \u0259r\u0259f\u0259sind\u0259 \u0130ran v\u0259 AB\u015e, onun Farz k\u00f6rf\u0259zind\u0259ki m\u00fctt\u0259fiql\u0259ri aras\u0131nda g\u0259rginlik art\u0131b.\n<\/p>\n<p>\n  Bir il \u0259vv\u0259l Va\u015finqton d\u00fcnya \u00f6lk\u0259l\u0259ri il\u0259 \u0130ran aras\u0131nda imzalanan 2015-ci il n\u00fcv\u0259 raz\u0131la\u015fmas\u0131ndan geri \u00e7\u0259kilib. M\u00fcqavil\u0259yl\u0259 \u0130ran iqtisadi sanksiyalardan azad edilm\u0259 qar\u015f\u0131l\u0131\u011f\u0131nda \u00f6lk\u0259nin n\u00fcv\u0259 proqram\u0131n\u0131 m\u0259hdudla\u015fd\u0131rma \u00f6hd\u0259liyini g\u00f6t\u00fcrm\u00fc\u015fd\u00fc.\n<\/p>\n<p>\n  Tramp raz\u0131la\u015fman\u0131n \u015f\u0259rtl\u0259rinin \u0130ran\u0131n n\u00fcv\u0259 silah\u0131 \u0259ld\u0259 etm\u0259sinin qar\u015f\u0131s\u0131n\u0131 almaq \u00fc\u00e7\u00fcn kifay\u0259t q\u0259d\u0259r dayan\u0131ql\u0131 olmad\u0131\u011f\u0131n\u0131 v\u0259 \u00f6lk\u0259nin raket proqram\u0131n\u0131 \u0259hat\u0259 etm\u0259diyini iddia edir.\n<\/p>\n<p>\n  O vaxtdan etibar\u0259n Va\u015finqton Tehrana qar\u015f\u0131 sanksiyalar\u0131 yenid\u0259n b\u0259rpa edib, retorikas\u0131n\u0131 d\u0259yi\u015fib v\u0259 Yax\u0131n \u015e\u0259rqd\u0259 h\u0259rbi m\u00f6vcudlu\u011funu qoruyur. Bunlar\u0131 ed\u0259rk\u0259n Tramp \u0130ran &quot;t\u0259hl\u00fck\u0259sinin&quot; canl\u0131 oldu\u011funu qeyd edir.\n<\/p>\n<p>\n  \u0130ran\u0131n Ali R\u0259hb\u0259ri Ay\u0259tullah \u018fli Xameney iyunun 5-d\u0259 deyib ki, Tramp dan\u0131\u015f\u0131qlar t\u0259klifi il\u0259 Tehran\u0131 &quot;aldada&quot; bilm\u0259y\u0259c\u0259k v\u0259 Tehran raket proqram\u0131ndan imtina etm\u0259y\u0259c\u0259k.\n<\/p>\n<p>\n  &quot;Bu siyasi oyun \u0130ran r\u0259smil\u0259rini v\u0259 \u0130ran xalq\u0131n\u0131 aldatmayacaq,&quot; Xameney \u0130ran televiziyas\u0131nda \u00e7\u0131x\u0131\u015f\u0131 zaman\u0131 s\u00f6yl\u0259yib.<\/p>\n","protected":false},"excerpt":{"rendered":"<p>&#8220;M\u0259n ilk prezident oldu\u011fum zaman \u0130ran son d\u0259r\u0259c\u0259 d\u00fc\u015fm\u0259n \u00f6lk\u0259 idi,&#8221;- Britaniyaya s\u0259f\u0259rd\u0259 olan Tramp iyunun 5-d\u0259 \u0130TV telekanal\u0131na bildirib<\/p>\n","protected":false},"author":11,"featured_media":104070,"comment_status":"closed","ping_status":"open","sticky":false,"template":"","format":"standard","meta":{"_acf_changed":false,"_sitemap_exclude":false,"_sitemap_priority":"","_sitemap_frequency":"","footnotes":""},"categories":[64],"tags":[],"class_list":["post-195731","post","type-post","status-publish","format-standard","has-post-thumbnail","hentry","category-dunya","infinite-scroll-item","generate-columns","tablet-grid-50","mobile-grid-100","grid-parent","grid-33","no-featured-image-padding"],"acf":[],"yoast_head":"<!-- This site is optimized with the Yoast SEO plugin v27.4 - https:\/\/yoast.com\/product\/yoast-seo-wordpress\/ -->\n<title>Tramp \u0130ranla dan\u0131\u015f\u0131qlara haz\u0131r oldu\u011funu deyib - MEYDAN.TV<\/title>\n<meta name=\"robots\" content=\"index, follow, max-snippet:-1, max-image-preview:large, max-video-preview:-1\" \/>\n<link rel=\"canonical\" href=\"https:\/\/www.meydan.tv\/az\/article\/tramp-iranla-danisiqlara-hazir-oldugunu-deyib\/\" \/>\n<meta property=\"og:locale\" content=\"az_AZ\" \/>\n<meta property=\"og:type\" content=\"article\" \/>\n<meta property=\"og:title\" content=\"Tramp \u0130ranla dan\u0131\u015f\u0131qlara haz\u0131r oldu\u011funu deyib - MEYDAN.TV\" \/>\n<meta property=\"og:description\" content=\"&quot;M\u0259n ilk prezident oldu\u011fum zaman \u0130ran son d\u0259r\u0259c\u0259 d\u00fc\u015fm\u0259n \u00f6lk\u0259 idi,&quot;- Britaniyaya s\u0259f\u0259rd\u0259 olan Tramp iyunun 5-d\u0259 \u0130TV telekanal\u0131na bildirib\" \/>\n<meta property=\"og:url\" content=\"https:\/\/www.meydan.tv\/az\/article\/tramp-iranla-danisiqlara-hazir-oldugunu-deyib\/\" \/>\n<meta property=\"og:site_name\" content=\"MEYDAN.TV\" \/>\n<meta property=\"article:published_time\" content=\"2019-06-05T17:49:59+00:00\" \/>\n<meta property=\"og:image\" content=\"https:\/\/www.meydan.tv\/wp-content\/uploads\/41289.jpg\" \/>\n\t<meta property=\"og:image:width\" content=\"1280\" \/>\n\t<meta property=\"og:image:height\" content=\"720\" \/>\n\t<meta property=\"og:image:type\" content=\"image\/jpeg\" \/>\n<meta name=\"author\" content=\"user-manager\" \/>\n<meta name=\"twitter:card\" content=\"summary_large_image\" \/>\n<script type=\"application\/ld+json\" class=\"yoast-schema-graph\">{\"@context\":\"https:\\\/\\\/schema.org\",\"@graph\":[{\"@type\":\"Article\",\"@id\":\"https:\\\/\\\/www.meydan.tv\\\/az\\\/article\\\/tramp-iranla-danisiqlara-hazir-oldugunu-deyib\\\/#article\",\"isPartOf\":{\"@id\":\"https:\\\/\\\/www.meydan.tv\\\/az\\\/article\\\/tramp-iranla-danisiqlara-hazir-oldugunu-deyib\\\/\"},\"author\":{\"name\":\"user-manager\",\"@id\":\"https:\\\/\\\/www.meydan.tv\\\/az\\\/#\\\/schema\\\/person\\\/10d11eccf6da3662cf5fdab9806ea91a\"},\"headline\":\"Tramp \u0130ranla dan\u0131\u015f\u0131qlara haz\u0131r oldu\u011funu deyib\",\"datePublished\":\"2019-06-05T17:49:59+00:00\",\"mainEntityOfPage\":{\"@id\":\"https:\\\/\\\/www.meydan.tv\\\/az\\\/article\\\/tramp-iranla-danisiqlara-hazir-oldugunu-deyib\\\/\"},\"wordCount\":421,\"publisher\":{\"@id\":\"https:\\\/\\\/www.meydan.tv\\\/az\\\/#organization\"},\"image\":{\"@id\":\"https:\\\/\\\/www.meydan.tv\\\/az\\\/article\\\/tramp-iranla-danisiqlara-hazir-oldugunu-deyib\\\/#primaryimage\"},\"thumbnailUrl\":\"https:\\\/\\\/www.meydan.tv\\\/wp-content\\\/uploads\\\/41289.jpg\",\"articleSection\":[\"D\u00fcnya\"],\"inLanguage\":\"az\"},{\"@type\":\"WebPage\",\"@id\":\"https:\\\/\\\/www.meydan.tv\\\/az\\\/article\\\/tramp-iranla-danisiqlara-hazir-oldugunu-deyib\\\/\",\"url\":\"https:\\\/\\\/www.meydan.tv\\\/az\\\/article\\\/tramp-iranla-danisiqlara-hazir-oldugunu-deyib\\\/\",\"name\":\"Tramp \u0130ranla dan\u0131\u015f\u0131qlara haz\u0131r oldu\u011funu deyib - MEYDAN.TV\",\"isPartOf\":{\"@id\":\"https:\\\/\\\/www.meydan.tv\\\/az\\\/#website\"},\"primaryImageOfPage\":{\"@id\":\"https:\\\/\\\/www.meydan.tv\\\/az\\\/article\\\/tramp-iranla-danisiqlara-hazir-oldugunu-deyib\\\/#primaryimage\"},\"image\":{\"@id\":\"https:\\\/\\\/www.meydan.tv\\\/az\\\/article\\\/tramp-iranla-danisiqlara-hazir-oldugunu-deyib\\\/#primaryimage\"},\"thumbnailUrl\":\"https:\\\/\\\/www.meydan.tv\\\/wp-content\\\/uploads\\\/41289.jpg\",\"datePublished\":\"2019-06-05T17:49:59+00:00\",\"breadcrumb\":{\"@id\":\"https:\\\/\\\/www.meydan.tv\\\/az\\\/article\\\/tramp-iranla-danisiqlara-hazir-oldugunu-deyib\\\/#breadcrumb\"},\"inLanguage\":\"az\",\"potentialAction\":[{\"@type\":\"ReadAction\",\"target\":[\"https:\\\/\\\/www.meydan.tv\\\/az\\\/article\\\/tramp-iranla-danisiqlara-hazir-oldugunu-deyib\\\/\"]}]},{\"@type\":\"ImageObject\",\"inLanguage\":\"az\",\"@id\":\"https:\\\/\\\/www.meydan.tv\\\/az\\\/article\\\/tramp-iranla-danisiqlara-hazir-oldugunu-deyib\\\/#primaryimage\",\"url\":\"https:\\\/\\\/www.meydan.tv\\\/wp-content\\\/uploads\\\/41289.jpg\",\"contentUrl\":\"https:\\\/\\\/www.meydan.tv\\\/wp-content\\\/uploads\\\/41289.jpg\",\"width\":1280,\"height\":720,\"caption\":\"Source:\"},{\"@type\":\"BreadcrumbList\",\"@id\":\"https:\\\/\\\/www.meydan.tv\\\/az\\\/article\\\/tramp-iranla-danisiqlara-hazir-oldugunu-deyib\\\/#breadcrumb\",\"itemListElement\":[{\"@type\":\"ListItem\",\"position\":1,\"name\":\"Ana s\u0259hif\u0259\",\"item\":\"https:\\\/\\\/www.meydan.tv\\\/az\\\/\"},{\"@type\":\"ListItem\",\"position\":2,\"name\":\"D\u00fcnya\",\"item\":\"https:\\\/\\\/www.meydan.tv\\\/az\\\/section\\\/dunya\\\/\"},{\"@type\":\"ListItem\",\"position\":3,\"name\":\"Tramp \u0130ranla dan\u0131\u015f\u0131qlara haz\u0131r oldu\u011funu deyib\"}]},{\"@type\":\"WebSite\",\"@id\":\"https:\\\/\\\/www.meydan.tv\\\/az\\\/#website\",\"url\":\"https:\\\/\\\/www.meydan.tv\\\/az\\\/\",\"name\":\"MEYDAN.TV\",\"description\":\"Meydan TV Az\u0259rbaycan\u0131n media m\u0259kan\u0131ndak\u0131 alternativ s\u0259sidir\",\"publisher\":{\"@id\":\"https:\\\/\\\/www.meydan.tv\\\/az\\\/#organization\"},\"potentialAction\":[{\"@type\":\"SearchAction\",\"target\":{\"@type\":\"EntryPoint\",\"urlTemplate\":\"https:\\\/\\\/www.meydan.tv\\\/az\\\/?s={search_term_string}\"},\"query-input\":{\"@type\":\"PropertyValueSpecification\",\"valueRequired\":true,\"valueName\":\"search_term_string\"}}],\"inLanguage\":\"az\"},{\"@type\":\"Organization\",\"@id\":\"https:\\\/\\\/www.meydan.tv\\\/az\\\/#organization\",\"name\":\"Meydan TV\",\"url\":\"https:\\\/\\\/www.meydan.tv\\\/az\\\/\",\"logo\":{\"@type\":\"ImageObject\",\"inLanguage\":\"az\",\"@id\":\"https:\\\/\\\/www.meydan.tv\\\/az\\\/#\\\/schema\\\/logo\\\/image\\\/\",\"url\":\"https:\\\/\\\/www.meydan.tv\\\/wp-content\\\/uploads\\\/2021\\\/07\\\/meydan-logo.svg\",\"contentUrl\":\"https:\\\/\\\/www.meydan.tv\\\/wp-content\\\/uploads\\\/2021\\\/07\\\/meydan-logo.svg\",\"width\":195,\"height\":46,\"caption\":\"Meydan TV\"},\"image\":{\"@id\":\"https:\\\/\\\/www.meydan.tv\\\/az\\\/#\\\/schema\\\/logo\\\/image\\\/\"}},{\"@type\":\"Person\",\"@id\":\"https:\\\/\\\/www.meydan.tv\\\/az\\\/#\\\/schema\\\/person\\\/10d11eccf6da3662cf5fdab9806ea91a\",\"name\":\"user-manager\"}]}<\/script>\n<!-- \/ Yoast SEO plugin. -->","yoast_head_json":{"title":"Tramp \u0130ranla dan\u0131\u015f\u0131qlara haz\u0131r oldu\u011funu deyib - MEYDAN.TV","robots":{"index":"index","follow":"follow","max-snippet":"max-snippet:-1","max-image-preview":"max-image-preview:large","max-video-preview":"max-video-preview:-1"},"canonical":"https:\/\/www.meydan.tv\/az\/article\/tramp-iranla-danisiqlara-hazir-oldugunu-deyib\/","og_locale":"az_AZ","og_type":"article","og_title":"Tramp \u0130ranla dan\u0131\u015f\u0131qlara haz\u0131r oldu\u011funu deyib - MEYDAN.TV","og_description":"\"M\u0259n ilk prezident oldu\u011fum zaman \u0130ran son d\u0259r\u0259c\u0259 d\u00fc\u015fm\u0259n \u00f6lk\u0259 idi,\"- Britaniyaya s\u0259f\u0259rd\u0259 olan Tramp iyunun 5-d\u0259 \u0130TV telekanal\u0131na bildirib","og_url":"https:\/\/www.meydan.tv\/az\/article\/tramp-iranla-danisiqlara-hazir-oldugunu-deyib\/","og_site_name":"MEYDAN.TV","article_published_time":"2019-06-05T17:49:59+00:00","og_image":[{"width":1280,"height":720,"url":"https:\/\/www.meydan.tv\/wp-content\/uploads\/41289.jpg","type":"image\/jpeg"}],"author":"user-manager","twitter_card":"summary_large_image","schema":{"@context":"https:\/\/schema.org","@graph":[{"@type":"Article","@id":"https:\/\/www.meydan.tv\/az\/article\/tramp-iranla-danisiqlara-hazir-oldugunu-deyib\/#article","isPartOf":{"@id":"https:\/\/www.meydan.tv\/az\/article\/tramp-iranla-danisiqlara-hazir-oldugunu-deyib\/"},"author":{"name":"user-manager","@id":"https:\/\/www.meydan.tv\/az\/#\/schema\/person\/10d11eccf6da3662cf5fdab9806ea91a"},"headline":"Tramp \u0130ranla dan\u0131\u015f\u0131qlara haz\u0131r oldu\u011funu deyib","datePublished":"2019-06-05T17:49:59+00:00","mainEntityOfPage":{"@id":"https:\/\/www.meydan.tv\/az\/article\/tramp-iranla-danisiqlara-hazir-oldugunu-deyib\/"},"wordCount":421,"publisher":{"@id":"https:\/\/www.meydan.tv\/az\/#organization"},"image":{"@id":"https:\/\/www.meydan.tv\/az\/article\/tramp-iranla-danisiqlara-hazir-oldugunu-deyib\/#primaryimage"},"thumbnailUrl":"https:\/\/www.meydan.tv\/wp-content\/uploads\/41289.jpg","articleSection":["D\u00fcnya"],"inLanguage":"az"},{"@type":"WebPage","@id":"https:\/\/www.meydan.tv\/az\/article\/tramp-iranla-danisiqlara-hazir-oldugunu-deyib\/","url":"https:\/\/www.meydan.tv\/az\/article\/tramp-iranla-danisiqlara-hazir-oldugunu-deyib\/","name":"Tramp \u0130ranla dan\u0131\u015f\u0131qlara haz\u0131r oldu\u011funu deyib - MEYDAN.TV","isPartOf":{"@id":"https:\/\/www.meydan.tv\/az\/#website"},"primaryImageOfPage":{"@id":"https:\/\/www.meydan.tv\/az\/article\/tramp-iranla-danisiqlara-hazir-oldugunu-deyib\/#primaryimage"},"image":{"@id":"https:\/\/www.meydan.tv\/az\/article\/tramp-iranla-danisiqlara-hazir-oldugunu-deyib\/#primaryimage"},"thumbnailUrl":"https:\/\/www.meydan.tv\/wp-content\/uploads\/41289.jpg","datePublished":"2019-06-05T17:49:59+00:00","breadcrumb":{"@id":"https:\/\/www.meydan.tv\/az\/article\/tramp-iranla-danisiqlara-hazir-oldugunu-deyib\/#breadcrumb"},"inLanguage":"az","potentialAction":[{"@type":"ReadAction","target":["https:\/\/www.meydan.tv\/az\/article\/tramp-iranla-danisiqlara-hazir-oldugunu-deyib\/"]}]},{"@type":"ImageObject","inLanguage":"az","@id":"https:\/\/www.meydan.tv\/az\/article\/tramp-iranla-danisiqlara-hazir-oldugunu-deyib\/#primaryimage","url":"https:\/\/www.meydan.tv\/wp-content\/uploads\/41289.jpg","contentUrl":"https:\/\/www.meydan.tv\/wp-content\/uploads\/41289.jpg","width":1280,"height":720,"caption":"Source:"},{"@type":"BreadcrumbList","@id":"https:\/\/www.meydan.tv\/az\/article\/tramp-iranla-danisiqlara-hazir-oldugunu-deyib\/#breadcrumb","itemListElement":[{"@type":"ListItem","position":1,"name":"Ana s\u0259hif\u0259","item":"https:\/\/www.meydan.tv\/az\/"},{"@type":"ListItem","position":2,"name":"D\u00fcnya","item":"https:\/\/www.meydan.tv\/az\/section\/dunya\/"},{"@type":"ListItem","position":3,"name":"Tramp \u0130ranla dan\u0131\u015f\u0131qlara haz\u0131r oldu\u011funu deyib"}]},{"@type":"WebSite","@id":"https:\/\/www.meydan.tv\/az\/#website","url":"https:\/\/www.meydan.tv\/az\/","name":"MEYDAN.TV","description":"Meydan TV Az\u0259rbaycan\u0131n media m\u0259kan\u0131ndak\u0131 alternativ s\u0259sidir","publisher":{"@id":"https:\/\/www.meydan.tv\/az\/#organization"},"potentialAction":[{"@type":"SearchAction","target":{"@type":"EntryPoint","urlTemplate":"https:\/\/www.meydan.tv\/az\/?s={search_term_string}"},"query-input":{"@type":"PropertyValueSpecification","valueRequired":true,"valueName":"search_term_string"}}],"inLanguage":"az"},{"@type":"Organization","@id":"https:\/\/www.meydan.tv\/az\/#organization","name":"Meydan TV","url":"https:\/\/www.meydan.tv\/az\/","logo":{"@type":"ImageObject","inLanguage":"az","@id":"https:\/\/www.meydan.tv\/az\/#\/schema\/logo\/image\/","url":"https:\/\/www.meydan.tv\/wp-content\/uploads\/2021\/07\/meydan-logo.svg","contentUrl":"https:\/\/www.meydan.tv\/wp-content\/uploads\/2021\/07\/meydan-logo.svg","width":195,"height":46,"caption":"Meydan TV"},"image":{"@id":"https:\/\/www.meydan.tv\/az\/#\/schema\/logo\/image\/"}},{"@type":"Person","@id":"https:\/\/www.meydan.tv\/az\/#\/schema\/person\/10d11eccf6da3662cf5fdab9806ea91a","name":"user-manager"}]}},"_links":{"self":[{"href":"https:\/\/www.meydan.tv\/az\/wp-json\/wp\/v2\/posts\/195731","targetHints":{"allow":["GET"]}}],"collection":[{"href":"https:\/\/www.meydan.tv\/az\/wp-json\/wp\/v2\/posts"}],"about":[{"href":"https:\/\/www.meydan.tv\/az\/wp-json\/wp\/v2\/types\/post"}],"author":[{"embeddable":true,"href":"https:\/\/www.meydan.tv\/az\/wp-json\/wp\/v2\/users\/11"}],"replies":[{"embeddable":true,"href":"https:\/\/www.meydan.tv\/az\/wp-json\/wp\/v2\/comments?post=195731"}],"version-history":[{"count":0,"href":"https:\/\/www.meydan.tv\/az\/wp-json\/wp\/v2\/posts\/195731\/revisions"}],"wp:featuredmedia":[{"embeddable":true,"href":"https:\/\/www.meydan.tv\/az\/wp-json\/wp\/v2\/media\/104070"}],"wp:attachment":[{"href":"https:\/\/www.meydan.tv\/az\/wp-json\/wp\/v2\/media?parent=195731"}],"wp:term":[{"taxonomy":"category","embeddable":true,"href":"https:\/\/www.meydan.tv\/az\/wp-json\/wp\/v2\/categories?post=195731"},{"taxonomy":"post_tag","embeddable":true,"href":"https:\/\/www.meydan.tv\/az\/wp-json\/wp\/v2\/tags?post=195731"}],"curies":[{"name":"wp","href":"https:\/\/api.w.org\/{rel}","templated":true}]}}