{"id":195728,"date":"2019-06-05T14:28:13","date_gmt":"2019-06-05T14:28:13","guid":{"rendered":"https:\/\/www.meydan.tv\/article\/cexler-praqa-meydaninda-bas-nazire-qarsi-etiraz-edirler\/"},"modified":"2019-06-05T14:28:13","modified_gmt":"2019-06-05T14:28:13","slug":"cexler-praqa-meydaninda-bas-nazire-qarsi-etiraz-edirler","status":"publish","type":"post","link":"https:\/\/www.meydan.tv\/az\/article\/cexler-praqa-meydaninda-bas-nazire-qarsi-etiraz-edirler\/","title":{"rendered":"\u00c7exl\u0259r Praqa meydan\u0131nda Ba\u015f Nazir\u0259 qar\u015f\u0131 etiraz edirl\u0259r"},"content":{"rendered":"<p>\n  <i><br \/>\n    Etiraz aksiyas\u0131 alt\u0131 h\u0259ft\u0259 \u00f6nc\u0259 \u0259dliyy\u0259 nazirinin t\u0259yinat\u0131ndan sonra ba\u015flay\u0131b<br \/>\n  <\/i>\n<\/p>\n<p>\n  Praqan\u0131n q\u0259lbind\u0259 yerl\u0259\u015f\u0259n m\u0259rk\u0259zi meydanda 10 il bundan \u0259vv\u0259l \u00e7exl\u0259r kommunist rejimd\u0259n azadl\u0131q \u00e7a\u011f\u0131r\u0131\u015f\u0131 edirdil\u0259r. Ondan 7 onillik \u00f6nc\u0259 is\u0259 eyni meydan \u00e7exl\u0259r azadl\u0131qlar\u0131n\u0131 elan etmi\u015fdil\u0259r. \u00c7\u0259r\u015f\u0259nba ax\u015fam\u0131 ax\u015fam saatlar\u0131nda eyni xalq yenid\u0259n eyni meydanda azadl\u0131q n\u0259\u011fm\u0259l\u0259ri oxuyurlar, &#8211; \u201cNew York Times\u201d qeyd edir.\n<\/p>\n<p>\n  \u00c7exiya Respublikas\u0131n\u0131n f\u0259rqli b\u00f6lg\u0259l\u0259rind\u0259n olan on minl\u0259rl\u0259 ki\u015fi, qad\u0131n v\u0259 u\u015faq \u0259ll\u0259rind\u0259 bayraqlar v\u0259 h\u00f6kum\u0259ti t\u0259nqid ed\u0259n plakatlarla yenid\u0259n onlar\u0131n da dediyi kimi demokratiya ruhunun yeni m\u00fcbariz\u0259si \u00fc\u00e7\u00fcn bir aradad\u0131rlar.\n<\/p>\n<p>\n  Etiraz aksiyas\u0131 alt\u0131 h\u0259ft\u0259 \u00f6nc\u0259 \u0259dliyy\u0259 nazirinin t\u0259yinat\u0131ndan sonra ba\u015flay\u0131b. Bir \u00e7oxu onun Ba\u015f nazir Andrey Babi\u015fi (Andrej Babis) bir potensial ittihamlardan qoruyaca\u011f\u0131n\u0131 d\u00fc\u015f\u00fcn\u00fcr. Bu naraz\u0131l\u0131qla ba\u015flayan etirazlar art\u0131q n\u0259zar\u0259t edilm\u0259si \u00e7\u0259tin bir dal\u011faya \u00e7evrilib. T\u0259\u015fkilat\u00e7\u0131lar qeyd edirl\u0259r ki, \u00e7\u0259r\u015f\u0259nb\u0259 ax\u015fam\u0131 etirazlara 120.000 n\u0259f\u0259r qat\u0131l\u0131b. Bununla ayyar\u0131m \u00f6nc\u0259 ba\u015flam\u0131\u015f etirazlar 1989-cu ild\u0259n etibar\u0259n Praqan\u0131n \u0259n b\u00f6y\u00fck demokratiya n\u00fcmayi\u015fin\u0259 \u00e7evrilib.\n<\/p>\n<p>\n  &quot;Bu, sad\u0259c\u0259 korrupsiyaya etiraz deyil,&quot; &#8211; 44 ya\u015fl\u0131 Tomas Pejinski (Peszynski) \u0259lind\u0259 Avropa \u0130ttifaq\u0131n\u0131n bayra\u011f\u0131 deyir: &quot;Bu, h\u00f6kum\u0259tin sistemd\u0259n sui-istifad\u0259sin\u0259 etirazd\u0131r v\u0259 demokratiya institutlar\u0131n\u0131n qorunmas\u0131 \u00fc\u00e7\u00fcn m\u00fcbariz\u0259dir&quot;.\n<\/p>\n<p>\n  Babi\u015f etirazlara \u00f6z\u00fcn\u0259m\u0259xsus \u015f\u0259kild\u0259 cavab verib. O deyib ki, meydandak\u0131 b\u00f6y\u00fck k\u00fctl\u0259 g\u00f6z\u0259l havan\u0131n n\u0259tic\u0259sidir v\u0259 o, onun biznesi il\u0259 ba\u011fl\u0131 istintaq ba\u015fladanlar\u0131 t\u0259nqid at\u0259\u015fin\u0259 tutub. Art\u0131q bir ne\u00e7\u0259 g\u00fcnd\u00fcr Praqada havalar isinm\u0259y\u0259 ba\u015flay\u0131b.\n<\/p>\n<p>\n  &quot;Biz yenid\u0259n Babi\u015f isterikas\u0131n\u0131n \u015fahidi oluruq,&quot; &#8211; o, bu yax\u0131nlarda mill\u0259t v\u0259kill\u0259rin\u0259 deyib: &quot;Bunun \u0259v\u0259zin\u0259 insanlar \u00fc\u00e7\u00fcn bir \u015fey etm\u0259y\u0259 \u00e7al\u0131\u015f\u0131n, Babi\u015f\u0259 ili\u015fm\u0259yin\u201d.\n<\/p>\n<p>\n  Babi\u015f ill\u0259rdir korrupsiya il\u0259 ba\u011fl\u0131 haqq\u0131ndak\u0131 ittihamlarla m\u00fcbariz\u0259 apar\u0131r v\u0259 \u00f6t\u0259n il verdiyi bir m\u00fcsahib\u0259d\u0259 is\u0259 o, \u0259s\u0259bini gizl\u0259d\u0259 bilm\u0259yib v\u0259 deyib ki, art\u0131q \u00f6z\u00fcn\u00fc m\u00fct\u0259madi davam ed\u0259n h\u00fccumlardan qorumaq iqtidar\u0131nda deyil. B\u00fct\u00fcn bunlara baxmayaraq, Babi\u015f yen\u0259 d\u0259 parlament\u0259 qoyulmu\u015f etimads\u0131zl\u0131q s\u0259s verm\u0259sind\u0259n qalib \u00e7\u0131x\u0131b.\n<\/p>\n<p>\n  Ancaq n\u00fcmayi\u015fl\u0259r Babi\u015fin qar\u015f\u0131s\u0131na daha b\u00f6y\u00fck s\u0131naqlar qoyur. T\u0259\u015fkilat\u00e7\u0131lar g\u0259l\u0259c\u0259k h\u0259ft\u0259l\u0259rd\u0259 n\u00fcmayi\u015fl\u0259rin daha da geni\u015f v\u00fcs\u0259t alaca\u011f\u0131n\u0131 b\u0259yan edib.\n<\/p>\n<p>\n  Qon\u015fu Slovakiyada korrupsiyaya qar\u015f\u0131 hidd\u0259tl\u0259 ba\u015flayan etiraz aksiyalar\u0131 sonda h\u00f6kum\u0259tin da\u011f\u0131lmas\u0131na s\u0259b\u0259b olmu\u015fdu. Bu il ke\u00e7iril\u0259n prezident se\u00e7kil\u0259rind\u0259 is\u0259 Zuzana Caputova qalib g\u0259l\u0259r\u0259k Slovakiyan\u0131n yeni prezidenti olub. 1993-c\u00fc ild\u0259 ya\u015fad\u0131qlar\u0131 ayr\u0131l\u0131qdan sonra \u00e7exl\u0259rin qarda\u015f \u00f6lk\u0259si say\u0131lan Slovakiyadak\u0131 azadl\u0131q h\u0259r\u0259kat\u0131n\u0131n u\u011furlar\u0131 Praqa etirazlar\u0131n\u0131n t\u0259\u015fkilat\u00e7\u0131lar\u0131 t\u0259r\u0259find\u0259n diqq\u0259tl\u0259 m\u00fc\u015fahid\u0259 edilib.\n<\/p>\n<p>\n  Babi\u015f 2013-c\u00fc ild\u0259 korrupsiya il\u0259 m\u00fcbariz\u0259 v\u0259di ver\u0259r\u0259k parlament\u0259 se\u00e7ilib. O, kampanya zaman\u0131 korrupsiyaya bula\u015fmayacaq siyas\u0259t\u00e7i olaraq t\u0259qdim etmi\u015fdi. Biznes adam\u0131 olaraq siyasi elitan\u0131 t\u0259msil etm\u0259y\u0259n Babi\u015f \u00f6lk\u0259d\u0259 ill\u0259rdir davam ed\u0259n korrupsiya skandal\u0131ndan sonra xalq \u00fc\u00e7\u00fcn yeni d\u00f6vr v\u0259d ver\u0259r\u0259k \u00f6lk\u0259nin lider postunu \u0259l\u0259 ala bilmi\u015fdi. Bu s\u0259b\u0259bl\u0259 2017-ci ilin parlament se\u00e7kil\u0259rind\u0259 Babi\u015f v\u0259 onun partiyas\u0131 b\u00f6y\u00fck \u00fcst\u00fcnl\u00fckl\u0259 q\u0259l\u0259b\u0259 qazanm\u0131\u015f, \u00f6z\u00fc Ba\u015f nazir olmu\u015fdu.\n<\/p>\n<p>\n  \u0130ndi bir \u00e7oxu onu v\u0259t\u0259n\u0259 x\u0259yan\u0259td\u0259, \u0259n pisi is\u0259 \u00f6lk\u0259nin h\u00fcquq sistemini \u00f6z m\u0259nafeyi \u00fc\u00e7\u00fcn d\u0259yi\u015fm\u0259kd\u0259 ittiham edir.<\/p>\n","protected":false},"excerpt":{"rendered":"<p>&#8220;Biz yenid\u0259n Babi\u015f isterikas\u0131n\u0131n \u015fahidi oluruq,&#8221; &#8211; o, bu yax\u0131nlarda mill\u0259t v\u0259kill\u0259rin\u0259 deyib<\/p>\n","protected":false},"author":11,"featured_media":125136,"comment_status":"closed","ping_status":"open","sticky":false,"template":"","format":"standard","meta":{"_acf_changed":false,"_sitemap_exclude":false,"_sitemap_priority":"","_sitemap_frequency":"","footnotes":""},"categories":[64],"tags":[],"class_list":["post-195728","post","type-post","status-publish","format-standard","has-post-thumbnail","hentry","category-dunya","infinite-scroll-item","generate-columns","tablet-grid-50","mobile-grid-100","grid-parent","grid-33","no-featured-image-padding"],"acf":[],"yoast_head":"<!-- This site is optimized with the Yoast SEO plugin v27.4 - https:\/\/yoast.com\/product\/yoast-seo-wordpress\/ -->\n<title>\u00c7exl\u0259r Praqa meydan\u0131nda Ba\u015f Nazir\u0259 qar\u015f\u0131 etiraz edirl\u0259r - MEYDAN.TV<\/title>\n<meta name=\"robots\" content=\"index, follow, max-snippet:-1, max-image-preview:large, max-video-preview:-1\" \/>\n<link rel=\"canonical\" href=\"https:\/\/www.meydan.tv\/az\/article\/cexler-praqa-meydaninda-bas-nazire-qarsi-etiraz-edirler\/\" \/>\n<meta property=\"og:locale\" content=\"az_AZ\" \/>\n<meta property=\"og:type\" content=\"article\" \/>\n<meta property=\"og:title\" content=\"\u00c7exl\u0259r Praqa meydan\u0131nda Ba\u015f Nazir\u0259 qar\u015f\u0131 etiraz edirl\u0259r - MEYDAN.TV\" \/>\n<meta property=\"og:description\" content=\"&quot;Biz yenid\u0259n Babi\u015f isterikas\u0131n\u0131n \u015fahidi oluruq,&quot; - o, bu yax\u0131nlarda mill\u0259t v\u0259kill\u0259rin\u0259 deyib\" \/>\n<meta property=\"og:url\" content=\"https:\/\/www.meydan.tv\/az\/article\/cexler-praqa-meydaninda-bas-nazire-qarsi-etiraz-edirler\/\" \/>\n<meta property=\"og:site_name\" content=\"MEYDAN.TV\" \/>\n<meta property=\"article:published_time\" content=\"2019-06-05T14:28:13+00:00\" \/>\n<meta property=\"og:image\" content=\"https:\/\/www.meydan.tv\/wp-content\/uploads\/62099408_2479037138794586_3609856034455158784_n.jpg\" \/>\n\t<meta property=\"og:image:width\" content=\"960\" \/>\n\t<meta property=\"og:image:height\" content=\"640\" \/>\n\t<meta property=\"og:image:type\" content=\"image\/jpeg\" \/>\n<meta name=\"author\" content=\"user-manager\" \/>\n<meta name=\"twitter:card\" content=\"summary_large_image\" \/>\n<script type=\"application\/ld+json\" class=\"yoast-schema-graph\">{\"@context\":\"https:\\\/\\\/schema.org\",\"@graph\":[{\"@type\":\"Article\",\"@id\":\"https:\\\/\\\/www.meydan.tv\\\/az\\\/article\\\/cexler-praqa-meydaninda-bas-nazire-qarsi-etiraz-edirler\\\/#article\",\"isPartOf\":{\"@id\":\"https:\\\/\\\/www.meydan.tv\\\/az\\\/article\\\/cexler-praqa-meydaninda-bas-nazire-qarsi-etiraz-edirler\\\/\"},\"author\":{\"name\":\"user-manager\",\"@id\":\"https:\\\/\\\/www.meydan.tv\\\/az\\\/#\\\/schema\\\/person\\\/10d11eccf6da3662cf5fdab9806ea91a\"},\"headline\":\"\u00c7exl\u0259r Praqa meydan\u0131nda Ba\u015f Nazir\u0259 qar\u015f\u0131 etiraz edirl\u0259r\",\"datePublished\":\"2019-06-05T14:28:13+00:00\",\"mainEntityOfPage\":{\"@id\":\"https:\\\/\\\/www.meydan.tv\\\/az\\\/article\\\/cexler-praqa-meydaninda-bas-nazire-qarsi-etiraz-edirler\\\/\"},\"wordCount\":700,\"publisher\":{\"@id\":\"https:\\\/\\\/www.meydan.tv\\\/az\\\/#organization\"},\"image\":{\"@id\":\"https:\\\/\\\/www.meydan.tv\\\/az\\\/article\\\/cexler-praqa-meydaninda-bas-nazire-qarsi-etiraz-edirler\\\/#primaryimage\"},\"thumbnailUrl\":\"https:\\\/\\\/www.meydan.tv\\\/wp-content\\\/uploads\\\/62099408_2479037138794586_3609856034455158784_n.jpg\",\"articleSection\":[\"D\u00fcnya\"],\"inLanguage\":\"az\"},{\"@type\":\"WebPage\",\"@id\":\"https:\\\/\\\/www.meydan.tv\\\/az\\\/article\\\/cexler-praqa-meydaninda-bas-nazire-qarsi-etiraz-edirler\\\/\",\"url\":\"https:\\\/\\\/www.meydan.tv\\\/az\\\/article\\\/cexler-praqa-meydaninda-bas-nazire-qarsi-etiraz-edirler\\\/\",\"name\":\"\u00c7exl\u0259r Praqa meydan\u0131nda Ba\u015f Nazir\u0259 qar\u015f\u0131 etiraz edirl\u0259r - MEYDAN.TV\",\"isPartOf\":{\"@id\":\"https:\\\/\\\/www.meydan.tv\\\/az\\\/#website\"},\"primaryImageOfPage\":{\"@id\":\"https:\\\/\\\/www.meydan.tv\\\/az\\\/article\\\/cexler-praqa-meydaninda-bas-nazire-qarsi-etiraz-edirler\\\/#primaryimage\"},\"image\":{\"@id\":\"https:\\\/\\\/www.meydan.tv\\\/az\\\/article\\\/cexler-praqa-meydaninda-bas-nazire-qarsi-etiraz-edirler\\\/#primaryimage\"},\"thumbnailUrl\":\"https:\\\/\\\/www.meydan.tv\\\/wp-content\\\/uploads\\\/62099408_2479037138794586_3609856034455158784_n.jpg\",\"datePublished\":\"2019-06-05T14:28:13+00:00\",\"breadcrumb\":{\"@id\":\"https:\\\/\\\/www.meydan.tv\\\/az\\\/article\\\/cexler-praqa-meydaninda-bas-nazire-qarsi-etiraz-edirler\\\/#breadcrumb\"},\"inLanguage\":\"az\",\"potentialAction\":[{\"@type\":\"ReadAction\",\"target\":[\"https:\\\/\\\/www.meydan.tv\\\/az\\\/article\\\/cexler-praqa-meydaninda-bas-nazire-qarsi-etiraz-edirler\\\/\"]}]},{\"@type\":\"ImageObject\",\"inLanguage\":\"az\",\"@id\":\"https:\\\/\\\/www.meydan.tv\\\/az\\\/article\\\/cexler-praqa-meydaninda-bas-nazire-qarsi-etiraz-edirler\\\/#primaryimage\",\"url\":\"https:\\\/\\\/www.meydan.tv\\\/wp-content\\\/uploads\\\/62099408_2479037138794586_3609856034455158784_n.jpg\",\"contentUrl\":\"https:\\\/\\\/www.meydan.tv\\\/wp-content\\\/uploads\\\/62099408_2479037138794586_3609856034455158784_n.jpg\",\"width\":960,\"height\":640,\"caption\":\"Source: google.az\"},{\"@type\":\"BreadcrumbList\",\"@id\":\"https:\\\/\\\/www.meydan.tv\\\/az\\\/article\\\/cexler-praqa-meydaninda-bas-nazire-qarsi-etiraz-edirler\\\/#breadcrumb\",\"itemListElement\":[{\"@type\":\"ListItem\",\"position\":1,\"name\":\"Ana s\u0259hif\u0259\",\"item\":\"https:\\\/\\\/www.meydan.tv\\\/az\\\/\"},{\"@type\":\"ListItem\",\"position\":2,\"name\":\"D\u00fcnya\",\"item\":\"https:\\\/\\\/www.meydan.tv\\\/az\\\/section\\\/dunya\\\/\"},{\"@type\":\"ListItem\",\"position\":3,\"name\":\"\u00c7exl\u0259r Praqa meydan\u0131nda Ba\u015f Nazir\u0259 qar\u015f\u0131 etiraz edirl\u0259r\"}]},{\"@type\":\"WebSite\",\"@id\":\"https:\\\/\\\/www.meydan.tv\\\/az\\\/#website\",\"url\":\"https:\\\/\\\/www.meydan.tv\\\/az\\\/\",\"name\":\"MEYDAN.TV\",\"description\":\"Meydan TV Az\u0259rbaycan\u0131n media m\u0259kan\u0131ndak\u0131 alternativ s\u0259sidir\",\"publisher\":{\"@id\":\"https:\\\/\\\/www.meydan.tv\\\/az\\\/#organization\"},\"potentialAction\":[{\"@type\":\"SearchAction\",\"target\":{\"@type\":\"EntryPoint\",\"urlTemplate\":\"https:\\\/\\\/www.meydan.tv\\\/az\\\/?s={search_term_string}\"},\"query-input\":{\"@type\":\"PropertyValueSpecification\",\"valueRequired\":true,\"valueName\":\"search_term_string\"}}],\"inLanguage\":\"az\"},{\"@type\":\"Organization\",\"@id\":\"https:\\\/\\\/www.meydan.tv\\\/az\\\/#organization\",\"name\":\"Meydan TV\",\"url\":\"https:\\\/\\\/www.meydan.tv\\\/az\\\/\",\"logo\":{\"@type\":\"ImageObject\",\"inLanguage\":\"az\",\"@id\":\"https:\\\/\\\/www.meydan.tv\\\/az\\\/#\\\/schema\\\/logo\\\/image\\\/\",\"url\":\"https:\\\/\\\/www.meydan.tv\\\/wp-content\\\/uploads\\\/2021\\\/07\\\/meydan-logo.svg\",\"contentUrl\":\"https:\\\/\\\/www.meydan.tv\\\/wp-content\\\/uploads\\\/2021\\\/07\\\/meydan-logo.svg\",\"width\":195,\"height\":46,\"caption\":\"Meydan TV\"},\"image\":{\"@id\":\"https:\\\/\\\/www.meydan.tv\\\/az\\\/#\\\/schema\\\/logo\\\/image\\\/\"}},{\"@type\":\"Person\",\"@id\":\"https:\\\/\\\/www.meydan.tv\\\/az\\\/#\\\/schema\\\/person\\\/10d11eccf6da3662cf5fdab9806ea91a\",\"name\":\"user-manager\"}]}<\/script>\n<!-- \/ Yoast SEO plugin. -->","yoast_head_json":{"title":"\u00c7exl\u0259r Praqa meydan\u0131nda Ba\u015f Nazir\u0259 qar\u015f\u0131 etiraz edirl\u0259r - MEYDAN.TV","robots":{"index":"index","follow":"follow","max-snippet":"max-snippet:-1","max-image-preview":"max-image-preview:large","max-video-preview":"max-video-preview:-1"},"canonical":"https:\/\/www.meydan.tv\/az\/article\/cexler-praqa-meydaninda-bas-nazire-qarsi-etiraz-edirler\/","og_locale":"az_AZ","og_type":"article","og_title":"\u00c7exl\u0259r Praqa meydan\u0131nda Ba\u015f Nazir\u0259 qar\u015f\u0131 etiraz edirl\u0259r - MEYDAN.TV","og_description":"\"Biz yenid\u0259n Babi\u015f isterikas\u0131n\u0131n \u015fahidi oluruq,\" - o, bu yax\u0131nlarda mill\u0259t v\u0259kill\u0259rin\u0259 deyib","og_url":"https:\/\/www.meydan.tv\/az\/article\/cexler-praqa-meydaninda-bas-nazire-qarsi-etiraz-edirler\/","og_site_name":"MEYDAN.TV","article_published_time":"2019-06-05T14:28:13+00:00","og_image":[{"width":960,"height":640,"url":"https:\/\/www.meydan.tv\/wp-content\/uploads\/62099408_2479037138794586_3609856034455158784_n.jpg","type":"image\/jpeg"}],"author":"user-manager","twitter_card":"summary_large_image","schema":{"@context":"https:\/\/schema.org","@graph":[{"@type":"Article","@id":"https:\/\/www.meydan.tv\/az\/article\/cexler-praqa-meydaninda-bas-nazire-qarsi-etiraz-edirler\/#article","isPartOf":{"@id":"https:\/\/www.meydan.tv\/az\/article\/cexler-praqa-meydaninda-bas-nazire-qarsi-etiraz-edirler\/"},"author":{"name":"user-manager","@id":"https:\/\/www.meydan.tv\/az\/#\/schema\/person\/10d11eccf6da3662cf5fdab9806ea91a"},"headline":"\u00c7exl\u0259r Praqa meydan\u0131nda Ba\u015f Nazir\u0259 qar\u015f\u0131 etiraz edirl\u0259r","datePublished":"2019-06-05T14:28:13+00:00","mainEntityOfPage":{"@id":"https:\/\/www.meydan.tv\/az\/article\/cexler-praqa-meydaninda-bas-nazire-qarsi-etiraz-edirler\/"},"wordCount":700,"publisher":{"@id":"https:\/\/www.meydan.tv\/az\/#organization"},"image":{"@id":"https:\/\/www.meydan.tv\/az\/article\/cexler-praqa-meydaninda-bas-nazire-qarsi-etiraz-edirler\/#primaryimage"},"thumbnailUrl":"https:\/\/www.meydan.tv\/wp-content\/uploads\/62099408_2479037138794586_3609856034455158784_n.jpg","articleSection":["D\u00fcnya"],"inLanguage":"az"},{"@type":"WebPage","@id":"https:\/\/www.meydan.tv\/az\/article\/cexler-praqa-meydaninda-bas-nazire-qarsi-etiraz-edirler\/","url":"https:\/\/www.meydan.tv\/az\/article\/cexler-praqa-meydaninda-bas-nazire-qarsi-etiraz-edirler\/","name":"\u00c7exl\u0259r Praqa meydan\u0131nda Ba\u015f Nazir\u0259 qar\u015f\u0131 etiraz edirl\u0259r - MEYDAN.TV","isPartOf":{"@id":"https:\/\/www.meydan.tv\/az\/#website"},"primaryImageOfPage":{"@id":"https:\/\/www.meydan.tv\/az\/article\/cexler-praqa-meydaninda-bas-nazire-qarsi-etiraz-edirler\/#primaryimage"},"image":{"@id":"https:\/\/www.meydan.tv\/az\/article\/cexler-praqa-meydaninda-bas-nazire-qarsi-etiraz-edirler\/#primaryimage"},"thumbnailUrl":"https:\/\/www.meydan.tv\/wp-content\/uploads\/62099408_2479037138794586_3609856034455158784_n.jpg","datePublished":"2019-06-05T14:28:13+00:00","breadcrumb":{"@id":"https:\/\/www.meydan.tv\/az\/article\/cexler-praqa-meydaninda-bas-nazire-qarsi-etiraz-edirler\/#breadcrumb"},"inLanguage":"az","potentialAction":[{"@type":"ReadAction","target":["https:\/\/www.meydan.tv\/az\/article\/cexler-praqa-meydaninda-bas-nazire-qarsi-etiraz-edirler\/"]}]},{"@type":"ImageObject","inLanguage":"az","@id":"https:\/\/www.meydan.tv\/az\/article\/cexler-praqa-meydaninda-bas-nazire-qarsi-etiraz-edirler\/#primaryimage","url":"https:\/\/www.meydan.tv\/wp-content\/uploads\/62099408_2479037138794586_3609856034455158784_n.jpg","contentUrl":"https:\/\/www.meydan.tv\/wp-content\/uploads\/62099408_2479037138794586_3609856034455158784_n.jpg","width":960,"height":640,"caption":"Source: google.az"},{"@type":"BreadcrumbList","@id":"https:\/\/www.meydan.tv\/az\/article\/cexler-praqa-meydaninda-bas-nazire-qarsi-etiraz-edirler\/#breadcrumb","itemListElement":[{"@type":"ListItem","position":1,"name":"Ana s\u0259hif\u0259","item":"https:\/\/www.meydan.tv\/az\/"},{"@type":"ListItem","position":2,"name":"D\u00fcnya","item":"https:\/\/www.meydan.tv\/az\/section\/dunya\/"},{"@type":"ListItem","position":3,"name":"\u00c7exl\u0259r Praqa meydan\u0131nda Ba\u015f Nazir\u0259 qar\u015f\u0131 etiraz edirl\u0259r"}]},{"@type":"WebSite","@id":"https:\/\/www.meydan.tv\/az\/#website","url":"https:\/\/www.meydan.tv\/az\/","name":"MEYDAN.TV","description":"Meydan TV Az\u0259rbaycan\u0131n media m\u0259kan\u0131ndak\u0131 alternativ s\u0259sidir","publisher":{"@id":"https:\/\/www.meydan.tv\/az\/#organization"},"potentialAction":[{"@type":"SearchAction","target":{"@type":"EntryPoint","urlTemplate":"https:\/\/www.meydan.tv\/az\/?s={search_term_string}"},"query-input":{"@type":"PropertyValueSpecification","valueRequired":true,"valueName":"search_term_string"}}],"inLanguage":"az"},{"@type":"Organization","@id":"https:\/\/www.meydan.tv\/az\/#organization","name":"Meydan TV","url":"https:\/\/www.meydan.tv\/az\/","logo":{"@type":"ImageObject","inLanguage":"az","@id":"https:\/\/www.meydan.tv\/az\/#\/schema\/logo\/image\/","url":"https:\/\/www.meydan.tv\/wp-content\/uploads\/2021\/07\/meydan-logo.svg","contentUrl":"https:\/\/www.meydan.tv\/wp-content\/uploads\/2021\/07\/meydan-logo.svg","width":195,"height":46,"caption":"Meydan TV"},"image":{"@id":"https:\/\/www.meydan.tv\/az\/#\/schema\/logo\/image\/"}},{"@type":"Person","@id":"https:\/\/www.meydan.tv\/az\/#\/schema\/person\/10d11eccf6da3662cf5fdab9806ea91a","name":"user-manager"}]}},"_links":{"self":[{"href":"https:\/\/www.meydan.tv\/az\/wp-json\/wp\/v2\/posts\/195728","targetHints":{"allow":["GET"]}}],"collection":[{"href":"https:\/\/www.meydan.tv\/az\/wp-json\/wp\/v2\/posts"}],"about":[{"href":"https:\/\/www.meydan.tv\/az\/wp-json\/wp\/v2\/types\/post"}],"author":[{"embeddable":true,"href":"https:\/\/www.meydan.tv\/az\/wp-json\/wp\/v2\/users\/11"}],"replies":[{"embeddable":true,"href":"https:\/\/www.meydan.tv\/az\/wp-json\/wp\/v2\/comments?post=195728"}],"version-history":[{"count":0,"href":"https:\/\/www.meydan.tv\/az\/wp-json\/wp\/v2\/posts\/195728\/revisions"}],"wp:featuredmedia":[{"embeddable":true,"href":"https:\/\/www.meydan.tv\/az\/wp-json\/wp\/v2\/media\/125136"}],"wp:attachment":[{"href":"https:\/\/www.meydan.tv\/az\/wp-json\/wp\/v2\/media?parent=195728"}],"wp:term":[{"taxonomy":"category","embeddable":true,"href":"https:\/\/www.meydan.tv\/az\/wp-json\/wp\/v2\/categories?post=195728"},{"taxonomy":"post_tag","embeddable":true,"href":"https:\/\/www.meydan.tv\/az\/wp-json\/wp\/v2\/tags?post=195728"}],"curies":[{"name":"wp","href":"https:\/\/api.w.org\/{rel}","templated":true}]}}