{"id":195727,"date":"2019-06-05T10:35:00","date_gmt":"2019-06-05T10:35:00","guid":{"rendered":"https:\/\/www.meydan.tv\/article\/kelbecerli-kockun-bele-yasamaqdansa-olum-daha-yaxsidi\/"},"modified":"2019-06-05T10:35:00","modified_gmt":"2019-06-05T10:35:00","slug":"kelbecerli-kockun-bele-yasamaqdansa-olum-daha-yaxsidi","status":"publish","type":"post","link":"https:\/\/www.meydan.tv\/az\/article\/kelbecerli-kockun-bele-yasamaqdansa-olum-daha-yaxsidi\/","title":{"rendered":"K\u0259lb\u0259c\u0259rli k\u00f6\u00e7k\u00fcn: Bel\u0259 ya\u015famaqdansa, \u00f6l\u00fcm daha yax\u015f\u0131d\u0131"},"content":{"rendered":"<p>\n  <i><br \/>\n    &#x27;&#x27;Og\u0306lum &#x27;&#x27;ail\u0259mi burada c\u0327u\u0308ru\u0308d\u0259 bilm\u0259r\u0259m&#x27;&#x27; deyib, getdi&#x27;&#x27;<br \/>\n  <\/i>\n<\/p>\n<p>\n  &quot;Bir otag\u0306\u0131n ic\u0327ind\u0259 h\u0259m yat\u0131r, h\u0259m yem\u0259k yeyir, h\u0259m d\u0259 c\u0327imirik. Sag\u0306 olsunlar, h\u0259l\u0259 buran\u0131 veribl\u0259r, c\u0327o\u0308ld\u0259 qalm\u0131r\u0131q. Yoxsa nec\u0259 olard\u0131 bizim hal\u0131m\u0131z?&quot;\n<\/p>\n<p>\n  K\u0259lb\u0259c\u0259rin N\u0259c\u0259fal\u0131lar k\u0259ndind\u0259n ko\u0308c\u0327ku\u0308n du\u0308s\u0327mu\u0308s\u0327 Gu\u0308ls\u0327\u0259n M\u0259mm\u0259dova bel\u0259 deyir. O, Yevlax\u0131n Mal Bin\u0259si k\u0259ndind\u0259 m\u0259kt\u0259bin h\u0259y\u0259tind\u0259ki kic\u0327ik tikilid\u0259 yas\u0327ay\u0131r. Deyir, bu balaca daxmada 3 o\u0308vlad bo\u0308yu\u0308du\u0308b. Bu gu\u0308n c\u0327\u0259kdiyi c\u0327\u0259tinlikl\u0259rd\u0259n dan\u0131s\u0327maq, h\u0259min gu\u0308nl\u0259ri xat\u0131rlamaq ist\u0259mir. Amma bundan sonrak\u0131 h\u0259yat\u0131n\u0131 rahat yas\u0327amag\u0306\u0131 arzulay\u0131r.\n<\/p>\n<p>\n  &quot;Q\u0131z\u0131m ail\u0259 qurdu, ko\u0308c\u0327du\u0308. Og\u0306lum is\u0259 evl\u0259ndi, getdi. Dedi: \u201cAil\u0259mi burada c\u0327u\u0308ru\u0308d\u0259 bilm\u0259r\u0259m\u201d. Bak\u0131da f\u0259hl\u0259lik edir, kiray\u0259d\u0259 qal\u0131r. Q\u0131z\u0131m da ki, m\u0259kt\u0259blidir. Deyir\u0259m, hec\u0327 olmasa onun g\u0259ncliyi normal bir evd\u0259 kec\u0327sin. Yaz\u0131q us\u0327aq, go\u0308zu\u0308nu\u0308 du\u0308nyaya ac\u0327andan normal ev, s\u0327\u0259rait go\u0308rm\u0259yib. Hec\u0327 olmasa, bundan sonra bir ev ver\u0259l\u0259r, normal s\u0327\u0259raitd\u0259 yas\u0327adam. I\u0307nan\u0131n, u\u0308zl\u0259rin\u0259 baxanda utan\u0131ram&quot; &#8211; deyir, G. M\u0259mm\u0259dova.\n<\/p>\n<figure class=\"wp-block-image size-large\">\n  <img decoding=\"async\" src=\"https:\/\/www.meydan.tv\/az\/image00007-jpeg-10\/\" alt=\"image00007.jpeg\" class=\"wp-image-125112\"\/><figcaption>\n    K\u00f6\u00e7k\u00fcn evi<br \/>\n  <\/figcaption><\/figure>\n<p>\n  <i><br \/>\n    &quot;Deyir\u0259m, bel\u0259 yas\u0327ay\u0131s\u0327dansa, o\u0308lm\u0259k daha yaxs\u0327\u0131d\u0131r&quot;<br \/>\n  <\/i>\n<\/p>\n<p>\n  Gu\u0308ls\u0327\u0259n M\u0259mm\u0259dova deyir ki, normal s\u0327\u0259raitl\u0259ri olsayd\u0131, og\u0306lu Bak\u0131ya gedib, orada f\u0259hl\u0259lik etm\u0259zdi. Rayonda da is\u0327 tap\u0131b go\u0308r\u0259 bil\u0259rdi. Ail\u0259nin \u0259n bo\u0308yu\u0308k problemi evdir. Evl\u0259ri olsa, qalan h\u0259r s\u0327eyi yoluna qoya bil\u0259c\u0259yini deyir:\n<\/p>\n<p>\n  &quot;Bax\u0131n d\u0259, bir otag\u0306\u0131n ic\u0327ind\u0259 yat\u0131r\u0131q, dururuq, yeyirik, ic\u0327irik. H\u0259r s\u0327eyimizi bir otag\u0306\u0131n ic\u0327ind\u0259 etm\u0259kd\u0259n can\u0131m\u0131zdan bezmis\u0327ik. Zu\u0308lmdu\u0308 e, q\u0259biristanl\u0131q buradan genis\u0327di, rahatd\u0131. I\u0307nan\u0131n, g\u0259l\u0259nd\u0259n rahatl\u0131q tapa bilm\u0259mis\u0327ik. Bird\u0259n h\u0259yat\u0131mdan el\u0259 bezir\u0259m ki, deyir\u0259m, bel\u0259 yas\u0327ay\u0131s\u0327dansa, o\u0308lm\u0259k daha yaxs\u0327\u0131d\u0131r&quot;.\n<\/p>\n<p>\n  <i><br \/>\n    &quot;Yay-q\u0131s\u0327 odun is\u0327l\u0259dirik&quot;<br \/>\n  <\/i>\n<\/p>\n<p>\n  Ail\u0259 1994-cu\u0308 ild\u0259n burada yas\u0327ay\u0131r. G.M\u0259mm\u0259dova deyir ki, Prezident I\u0307lham \u018fliyev tez-tez c\u0327\u0131x\u0131s\u0327lar\u0131nda ko\u0308c\u0327ku\u0308nl\u0259r\u0259 h\u0259r bir s\u0327\u0259rait yarad\u0131ld\u0131g\u0306\u0131n\u0131 so\u0308yl\u0259yir. Ancaq o, yas\u0327ay\u0131s\u0327\u0131nda hec\u0327 bir yaxs\u0327\u0131 s\u0327\u0259rait go\u0308rmu\u0308r:\n<\/p>\n<p>\n  &quot;Prezident g\u0259lib go\u0308r\u0259 bizim bu yas\u0327ay\u0131s\u0327\u0131m\u0131z\u0131. B\u0259lk\u0259 onda biz\u0259 bir gu\u0308n ag\u0306layar. I\u0307mkan\u0131m\u0131z da yoxdur ki, n\u0259s\u0259 ed\u0259k. Ayda 60 manat pul girir bu ev\u0259 &#8211; c\u0327o\u0308r\u0259kpulu. Bir yerd\u0259 is\u0327l\u0259mir\u0259m, 2 d\u0259f\u0259 \u0259m\u0259liyyat olmus\u0327am, x\u0259st\u0259 adamam. Belimd\u0259 y\u0131rt\u0131q, bo\u0308yr\u0259yimd\u0259 das\u0327 var. I\u0307s\u0327 qu\u0308vv\u0259mi itirmis\u0327\u0259m. H\u0259min 60 manatla dolan\u0131r\u0131q. Ev-es\u0327ik, imkan, is\u0327 yox. I\u0307lham \u018fliyevin x\u0259b\u0259ri yoxdur bizim n\u0259 v\u0259ziyy\u0259td\u0259 yas\u0327ad\u0131g\u0306\u0131m\u0131zdan. Deyir, ko\u0308c\u0327u\u0308nl\u0259r\u0259 ev-es\u0327it tikmis\u0327\u0259m. Du\u0308zdu\u0308r, b\u0259lk\u0259 d\u0259 b\u0259zil\u0259rin\u0259 verib, ancaq bizim kimil\u0259r d\u0259 qal\u0131b ortal\u0131qda. M\u0259kt\u0259bin ko\u0308hn\u0259 qarovulxanas\u0131d\u0131r. Qaz, is\u0327\u0131q yox. Gu\u0308cl\u0259 ordan-burdan bir x\u0259tt c\u0327\u0259kmis\u0327ik. Odun is\u0327l\u0259dirik yay- q\u0131s\u0327. Suyu is\u0259 das\u0327\u0131y\u0131r\u0131q&quot;.\n<\/p>\n<figure class=\"wp-block-image size-large\">\n  <img decoding=\"async\" src=\"https:\/\/www.meydan.tv\/az\/image00006-jpeg-17\/\" alt=\"image00006.jpeg\" class=\"wp-image-125122\"\/><figcaption>\n    m\u0259tb\u0259x<br \/>\n  <\/figcaption><\/figure>\n<p>\n  <i><br \/>\n    &quot;S\u0327\u0259raitsizlik u\u0308cbat\u0131ndan us\u0327aqlar\u0131m\u0131n u\u0308zu\u0308n\u0259 h\u0259sr\u0259t qalm\u0131s\u0327am&quot;<br \/>\n  <\/i>\n<\/p>\n<p>\n  Gu\u0308ls\u0327\u0259n M\u0259mm\u0259dova deyir ki, h\u0259y\u0259td\u0259 gec\u0259l\u0259r ocaq qalay\u0131r, su isidir, c\u0327imirl\u0259r. Sual edir: I\u0307ndi hans\u0131 do\u0308vrdu\u0308r ki, ocaq qalay\u0131b, su isid\u0259rl\u0259r?\n<\/p>\n<p>\n  &quot;I\u0307s\u0327\u0131g\u0306\u0131 da c\u0327ox istifad\u0259 ed\u0259 bilmirik. Ay sonu g\u0259l\u0259nd\u0259 alt\u0131ndan c\u0327\u0131xmaq olmur. Burada 4 n\u0259f\u0259r yas\u0327ay\u0131rd\u0131q. G\u0259liniml\u0259 og\u0306lum ged\u0259nd\u0259n sonra q\u0131z\u0131mla qalm\u0131s\u0327am. Deyir\u0259m, dar\u0131x\u0131ram, g\u0259lin. Q\u0131z\u0131m da qardas\u0327\u0131na h\u0259sr\u0259tdir. Deyir: \u201cHara g\u0259l\u0259k, ora n\u0259 yerdir, n\u0259 s\u0327\u0259raitdir ki?\u201d Bo\u0308yu\u0308k q\u0131z\u0131m da ail\u0259 qurub. O da ko\u0308c\u0327ku\u0308nl\u0259 evlidir v\u0259 Mehdiabadda yas\u0327ay\u0131r. O da ayda, ild\u0259 bir g\u0259lir. S\u0327\u0259raitsizlik u\u0308cbat\u0131ndan us\u0327aqlar\u0131m\u0131n u\u0308zu\u0308n\u0259 h\u0259sr\u0259t qalm\u0131s\u0327am&quot;.\n<\/p>\n<p>\n  <i><br \/>\n    &quot;Q\u0131z\u0131m m\u0259n\u0259 dedi ki, bel\u0259 s\u0327\u0259raitd\u0259 neyl\u0259yirdin m\u0259ni du\u0308nyaya g\u0259tirib?&quot;<br \/>\n  <\/i>\n<\/p>\n<p>\n  G.M\u0259mm\u0259dova deyir ki, bel\u0259 s\u0327\u0259raitd\u0259 yas\u0327amaq c\u0327ox c\u0327\u0259tindir. Tez-tez oturub ag\u0306lay\u0131r. S\u0327\u0259raitind\u0259n gileyl\u0259nir:\n<\/p>\n<p>\n  &quot;M\u0259n kim\u0259, n\u0259 pislik etmis\u0327\u0259m ki, bu v\u0259ziyy\u0259t\u0259 du\u0308s\u0327mu\u0308s\u0327\u0259m? Vallah, daha do\u0308zmu\u0308r\u0259m, yas\u0327aya bilmir\u0259m. Yevlax, yas\u0327ad\u0131g\u0306\u0131m k\u0259nd pis deyil, ancaq s\u0327\u0259rait yoxdur. Anam\u0131, atam\u0131, bac\u0131m\u0131, qohumlar\u0131m\u0131z\u0131 burada itirmis\u0327ik. Baxma, ikinci v\u0259t\u0259ndir. Nolar, hec\u0327 olmasa, bir ev ver\u0259l\u0259r biz\u0259 d\u0259. Bundan sonra bir gu\u0308n go\u0308r\u0259k. Arada deyir\u0259m ki, bel\u0259 yas\u0327amaqdansa, o\u0308lm\u0259k yaxs\u0327\u0131d\u0131r. Sonra deyir\u0259m, bird\u0259n Allaha ag\u0306\u0131r ged\u0259r. Susuram, q\u0131z\u0131m bir d\u0259f\u0259 m\u0259n\u0259 dedi ki, bel\u0259 s\u0327\u0259raitd\u0259 neyl\u0259yirdin m\u0259ni du\u0308nyaya g\u0259tirib? Adam\u0131n u\u0308zu\u0308 d\u0259 utan\u0131r. Us\u0327aqdan da, bo\u0308yu\u0308kd\u0259n d\u0259, g\u0259l\u0259n qonaqdan da&#8230; N\u0259 bilim, bizim d\u0259 aln\u0131m\u0131za bu yaz\u0131l\u0131bm\u0131s\u0327&#8230;&quot;\n<\/p>\n<figure class=\"wp-block-image size-large\">\n  <img decoding=\"async\" src=\"https:\/\/www.meydan.tv\/az\/image00003-jpeg-15\/\" alt=\"image00003.jpeg\" class=\"wp-image-125121\"\/><figcaption>\n    G\u00fcl\u015f\u0259n M\u0259mm\u0259dova<br \/>\n  <\/figcaption><\/figure>\n<p>\n  <i><br \/>\n    &quot; \u018fn q\u0259zal\u0131, \u0259n t\u0259hlu\u0308k\u0259li s\u0327\u0259raitd\u0259 yas\u0327ayanlar birinci ko\u0308c\u0327u\u0308ru\u0308lu\u0308r&quot;<br \/>\n  <\/i>\n<\/p>\n<p>\n  Qac\u0327q\u0131n v\u0259 M\u0259cburi Ko\u0308c\u0327ku\u0308nl\u0259rl\u0259 \u0130\u015f u\u0308zr\u0259 Do\u0308vl\u0259t Komit\u0259sinin m\u0259tbuat xidm\u0259tinin r\u0259hb\u0259ri I\u0307brahim Mirz\u0259yev Meydan TV- y\u0259 bildirib ki, m\u0259cburi ko\u0308c\u0327ku\u0308nl\u0259rin yeni m\u0259nzill\u0259 t\u0259minat\u0131 h\u0259r zaman Prezident I\u0307lham \u018fliyev v\u0259 Birinci vitse- prezident xan\u0131m Mehriban \u018fliyevan\u0131n diqq\u0259t m\u0259rk\u0259zind\u0259dir. Yeni tikil\u0259n m\u0259nzill\u0259r Az\u0259rbaycan Respublikas\u0131 Prezidentinin mu\u0308vafiq F\u0259rman v\u0259 S\u0259r\u0259ncamlar\u0131na \u0259sas\u0259n, Do\u0308vl\u0259t Proqram\u0131 v\u0259 ona edilmis\u0327 \u0259lav\u0259l\u0259rd\u0259 go\u0308st\u0259ril\u0259n konkret ko\u0308c\u0327u\u0308ru\u0308lm\u0259 obyektl\u0259ri u\u0308zr\u0259 h\u0259yata kec\u0327irilir. Bundan bas\u0327qa, \u0259n q\u0259zal\u0131, h\u0259yat u\u0308c\u0327u\u0308n t\u0259hlu\u0308k\u0259li s\u0327\u0259raitd\u0259 yas\u0327ayan m\u0259cburi ko\u0308c\u0327ku\u0308n ail\u0259l\u0259ri ilk no\u0308vb\u0259d\u0259 yeni m\u0259nzill\u0259rl\u0259 t\u0259min edilir:\n<\/p>\n<p>\n  \u201cBu obyektl\u0259r Do\u0308vl\u0259t Komit\u0259sind\u0259 yarad\u0131lm\u0131s\u0327 is\u0327c\u0327i qrupu v\u0259 komissiyan\u0131n h\u0259rt\u0259r\u0259fli v\u0259 s\u0327\u0259ffaf aras\u0327d\u0131rmas\u0131 n\u0259tic\u0259sind\u0259 mu\u0308\u0259yy\u0259n olunur. M\u0259nzill\u0259 \u0259laq\u0259dar mu\u0308raci\u0259tl\u0259r is\u0327c\u0327i qrupu t\u0259r\u0259find\u0259n aras\u0327d\u0131r\u0131l\u0131r, n\u0259tic\u0259l\u0259r komissiyaya t\u0259qdim edilir. Komissiyan\u0131n r\u0259yi Do\u0308vl\u0259t Komit\u0259sinin s\u0259drin\u0259 t\u0259qdim edilir v\u0259 mu\u0308v\u0259qq\u0259ti m\u0259skunlas\u0327ma obyektl\u0259rinin ko\u0308c\u0327u\u0308ru\u0308lm\u0259si bar\u0259d\u0259 q\u0259rar q\u0259bul edilir\u201d.\n<\/p>\n<p>\n  <i><br \/>\n    &quot;No\u0308vb\u0259 il\u0259 ham\u0131 ko\u0308c\u0327u\u0308ru\u0308l\u0259c\u0259k&quot;<br \/>\n  <\/i>\n<\/p>\n<p>\n  I\u0307.Mirz\u0259yev \u0259lav\u0259 edib ki, regionlarda da m\u0259cburi ko\u0308c\u0327ku\u0308nl\u0259r u\u0308c\u0327u\u0308n hu\u0308ndu\u0308rm\u0259rt\u0259b\u0259li binalar v\u0259 f\u0259rdi evl\u0259rin tikintisi davam edir:\n<\/p>\n<p>\n  \u201cYevlax s\u0327\u0259h\u0259ri \u0259razisind\u0259 m\u0259cburi ko\u0308c\u0327ku\u0308nl\u0259r u\u0308c\u0327u\u0308n yas\u0327ay\u0131s\u0327 binalar\u0131 tikil\u0259n zaman qeyd etdiyiniz u\u0308nvanda yas\u0327ayan ail\u0259l\u0259rin d\u0259 ko\u0308c\u0327u\u0308ru\u0308lm\u0259si qanunauyg\u0306un formada bax\u0131lacaq\u201d.\n<\/p>\n<figure class=\"wp-block-image size-large\">\n  <img decoding=\"async\" src=\"https:\/\/www.meydan.tv\/az\/image00009-jpeg-12\/\" alt=\"image00009.jpeg\" class=\"wp-image-125127\"\/><figcaption>\n    ev<br \/>\n  <\/figcaption><\/figure>\n<p>\n  1990-c\u0131 ilin \u0259vv\u0259ll\u0259rind\u0259 Qarabag\u0306da Az\u0259rbaycan v\u0259 Erm\u0259nistan aras\u0131nda silahl\u0131 mu\u0308naqis\u0327\u0259 yu\u0308z minl\u0259rl\u0259 insan\u0131 evind\u0259n ko\u0308c\u0327ku\u0308n sald\u0131.\n<\/p>\n<p>\n  BMT-nin Miqrasiya Agentliyinin m\u0259lumat\u0131na \u0259sas\u0259n, 1994-cu\u0308 ild\u0259 at\u0259s\u0327k\u0259s imzalanana q\u0259d\u0259r mu\u0308harib\u0259d\u0259 30000-d\u0259n c\u0327ox insan h\u0259yat\u0131n\u0131 itirib, 600 mind\u0259n c\u0327ox insan m\u0259cburi ko\u0308c\u0327ku\u0308n v\u0259 250 mind\u0259n c\u0327ox etnik az\u0259rbaycanl\u0131 is\u0259 qac\u0327q\u0131n du\u0308s\u0327u\u0308b.\n<\/p>\n<p>\n  Ko\u0308c\u0327ku\u0308n du\u0308s\u0327mu\u0308s\u0327 \u0259hali s\u0131g\u0306\u0131nacaq kimi istifad\u0259 ed\u0259 bil\u0259c\u0259kl\u0259ri h\u0259r yerd\u0259 m\u0259skunlas\u0327\u0131b. M\u0259kt\u0259bl\u0259r, x\u0259st\u0259xanalar, us\u0327aq bag\u0306c\u0327alar\u0131, kitabxanalar, yol k\u0259narlar\u0131, h\u0259tta ilk vaxtlarda c\u0327ad\u0131rlarda qalanlar da var idi. Bu s\u0131g\u0306\u0131nacaqlar mu\u0308v\u0259qq\u0259ti say\u0131l\u0131rd\u0131, ancaq insanlar 25 ild\u0259n art\u0131qd\u0131r ki, bu yerl\u0259rd\u0259 yas\u0327ay\u0131rlar. Mu\u0308v\u0259qq\u0259ti s\u0131g\u0306\u0131nd\u0131qlar\u0131 bu yerl\u0259r onlar\u0131n daimi yas\u0327ay\u0131s\u0327 m\u0259sk\u0259nl\u0259rin\u0259 c\u0327evrilib.\n<\/p>\n<figure class=\"wp-block-image size-large\">\n  <img decoding=\"async\" src=\"https:\/\/www.meydan.tv\/az\/image00002-jpeg-19\/\" alt=\"image00002.jpeg\" class=\"wp-image-125130\"\/><figcaption>\n    G\u00fcl\u015f\u0259n M\u0259mm\u0259dova<br \/>\n  <\/figcaption><\/figure>\n","protected":false},"excerpt":{"rendered":"<p>Deyir\u0259m, hec\u0327 olmasa onun g\u0259ncliyi normal bir evd\u0259 kec\u0327sin<\/p>\n","protected":false},"author":11,"featured_media":125118,"comment_status":"closed","ping_status":"open","sticky":false,"template":"","format":"standard","meta":{"_acf_changed":false,"_sitemap_exclude":false,"_sitemap_priority":"","_sitemap_frequency":"","footnotes":""},"categories":[60],"tags":[],"class_list":["post-195727","post","type-post","status-publish","format-standard","has-post-thumbnail","hentry","category-bolge","infinite-scroll-item","generate-columns","tablet-grid-50","mobile-grid-100","grid-parent","grid-33","no-featured-image-padding"],"acf":[],"yoast_head":"<!-- This site is optimized with the Yoast SEO plugin v27.4 - https:\/\/yoast.com\/product\/yoast-seo-wordpress\/ -->\n<title>K\u0259lb\u0259c\u0259rli k\u00f6\u00e7k\u00fcn: Bel\u0259 ya\u015famaqdansa, \u00f6l\u00fcm daha yax\u015f\u0131d\u0131 - MEYDAN.TV<\/title>\n<meta name=\"robots\" content=\"index, follow, max-snippet:-1, max-image-preview:large, max-video-preview:-1\" \/>\n<link rel=\"canonical\" href=\"https:\/\/www.meydan.tv\/az\/article\/kelbecerli-kockun-bele-yasamaqdansa-olum-daha-yaxsidi\/\" \/>\n<meta property=\"og:locale\" content=\"az_AZ\" \/>\n<meta property=\"og:type\" content=\"article\" \/>\n<meta property=\"og:title\" content=\"K\u0259lb\u0259c\u0259rli k\u00f6\u00e7k\u00fcn: Bel\u0259 ya\u015famaqdansa, \u00f6l\u00fcm daha yax\u015f\u0131d\u0131 - MEYDAN.TV\" \/>\n<meta property=\"og:description\" content=\"Deyir\u0259m, hec\u0327 olmasa onun g\u0259ncliyi normal bir evd\u0259 kec\u0327sin\" \/>\n<meta property=\"og:url\" content=\"https:\/\/www.meydan.tv\/az\/article\/kelbecerli-kockun-bele-yasamaqdansa-olum-daha-yaxsidi\/\" \/>\n<meta property=\"og:site_name\" content=\"MEYDAN.TV\" \/>\n<meta property=\"article:published_time\" content=\"2019-06-05T10:35:00+00:00\" \/>\n<meta property=\"og:image\" content=\"https:\/\/www.meydan.tv\/wp-content\/uploads\/image00008_kphysu9.jpeg\" \/>\n\t<meta property=\"og:image:width\" content=\"1365\" \/>\n\t<meta property=\"og:image:height\" content=\"1024\" \/>\n\t<meta property=\"og:image:type\" content=\"image\/jpeg\" \/>\n<meta name=\"author\" content=\"user-manager\" \/>\n<meta name=\"twitter:card\" content=\"summary_large_image\" \/>\n<script type=\"application\/ld+json\" class=\"yoast-schema-graph\">{\"@context\":\"https:\\\/\\\/schema.org\",\"@graph\":[{\"@type\":\"Article\",\"@id\":\"https:\\\/\\\/www.meydan.tv\\\/az\\\/article\\\/kelbecerli-kockun-bele-yasamaqdansa-olum-daha-yaxsidi\\\/#article\",\"isPartOf\":{\"@id\":\"https:\\\/\\\/www.meydan.tv\\\/az\\\/article\\\/kelbecerli-kockun-bele-yasamaqdansa-olum-daha-yaxsidi\\\/\"},\"author\":{\"name\":\"user-manager\",\"@id\":\"https:\\\/\\\/www.meydan.tv\\\/az\\\/#\\\/schema\\\/person\\\/10d11eccf6da3662cf5fdab9806ea91a\"},\"headline\":\"K\u0259lb\u0259c\u0259rli k\u00f6\u00e7k\u00fcn: Bel\u0259 ya\u015famaqdansa, \u00f6l\u00fcm daha yax\u015f\u0131d\u0131\",\"datePublished\":\"2019-06-05T10:35:00+00:00\",\"mainEntityOfPage\":{\"@id\":\"https:\\\/\\\/www.meydan.tv\\\/az\\\/article\\\/kelbecerli-kockun-bele-yasamaqdansa-olum-daha-yaxsidi\\\/\"},\"wordCount\":1601,\"publisher\":{\"@id\":\"https:\\\/\\\/www.meydan.tv\\\/az\\\/#organization\"},\"image\":{\"@id\":\"https:\\\/\\\/www.meydan.tv\\\/az\\\/article\\\/kelbecerli-kockun-bele-yasamaqdansa-olum-daha-yaxsidi\\\/#primaryimage\"},\"thumbnailUrl\":\"https:\\\/\\\/www.meydan.tv\\\/wp-content\\\/uploads\\\/image00008_kphysu9.jpeg\",\"articleSection\":[\"B\u00f6lg\u0259\"],\"inLanguage\":\"az\"},{\"@type\":\"WebPage\",\"@id\":\"https:\\\/\\\/www.meydan.tv\\\/az\\\/article\\\/kelbecerli-kockun-bele-yasamaqdansa-olum-daha-yaxsidi\\\/\",\"url\":\"https:\\\/\\\/www.meydan.tv\\\/az\\\/article\\\/kelbecerli-kockun-bele-yasamaqdansa-olum-daha-yaxsidi\\\/\",\"name\":\"K\u0259lb\u0259c\u0259rli k\u00f6\u00e7k\u00fcn: Bel\u0259 ya\u015famaqdansa, \u00f6l\u00fcm daha yax\u015f\u0131d\u0131 - MEYDAN.TV\",\"isPartOf\":{\"@id\":\"https:\\\/\\\/www.meydan.tv\\\/az\\\/#website\"},\"primaryImageOfPage\":{\"@id\":\"https:\\\/\\\/www.meydan.tv\\\/az\\\/article\\\/kelbecerli-kockun-bele-yasamaqdansa-olum-daha-yaxsidi\\\/#primaryimage\"},\"image\":{\"@id\":\"https:\\\/\\\/www.meydan.tv\\\/az\\\/article\\\/kelbecerli-kockun-bele-yasamaqdansa-olum-daha-yaxsidi\\\/#primaryimage\"},\"thumbnailUrl\":\"https:\\\/\\\/www.meydan.tv\\\/wp-content\\\/uploads\\\/image00008_kphysu9.jpeg\",\"datePublished\":\"2019-06-05T10:35:00+00:00\",\"breadcrumb\":{\"@id\":\"https:\\\/\\\/www.meydan.tv\\\/az\\\/article\\\/kelbecerli-kockun-bele-yasamaqdansa-olum-daha-yaxsidi\\\/#breadcrumb\"},\"inLanguage\":\"az\",\"potentialAction\":[{\"@type\":\"ReadAction\",\"target\":[\"https:\\\/\\\/www.meydan.tv\\\/az\\\/article\\\/kelbecerli-kockun-bele-yasamaqdansa-olum-daha-yaxsidi\\\/\"]}]},{\"@type\":\"ImageObject\",\"inLanguage\":\"az\",\"@id\":\"https:\\\/\\\/www.meydan.tv\\\/az\\\/article\\\/kelbecerli-kockun-bele-yasamaqdansa-olum-daha-yaxsidi\\\/#primaryimage\",\"url\":\"https:\\\/\\\/www.meydan.tv\\\/wp-content\\\/uploads\\\/image00008_kphysu9.jpeg\",\"contentUrl\":\"https:\\\/\\\/www.meydan.tv\\\/wp-content\\\/uploads\\\/image00008_kphysu9.jpeg\",\"width\":1365,\"height\":1024,\"caption\":\"Source: meydan.tv\"},{\"@type\":\"BreadcrumbList\",\"@id\":\"https:\\\/\\\/www.meydan.tv\\\/az\\\/article\\\/kelbecerli-kockun-bele-yasamaqdansa-olum-daha-yaxsidi\\\/#breadcrumb\",\"itemListElement\":[{\"@type\":\"ListItem\",\"position\":1,\"name\":\"Ana s\u0259hif\u0259\",\"item\":\"https:\\\/\\\/www.meydan.tv\\\/az\\\/\"},{\"@type\":\"ListItem\",\"position\":2,\"name\":\"B\u00f6lg\u0259\",\"item\":\"https:\\\/\\\/www.meydan.tv\\\/az\\\/section\\\/bolge\\\/\"},{\"@type\":\"ListItem\",\"position\":3,\"name\":\"K\u0259lb\u0259c\u0259rli k\u00f6\u00e7k\u00fcn: Bel\u0259 ya\u015famaqdansa, \u00f6l\u00fcm daha yax\u015f\u0131d\u0131\"}]},{\"@type\":\"WebSite\",\"@id\":\"https:\\\/\\\/www.meydan.tv\\\/az\\\/#website\",\"url\":\"https:\\\/\\\/www.meydan.tv\\\/az\\\/\",\"name\":\"MEYDAN.TV\",\"description\":\"Meydan TV Az\u0259rbaycan\u0131n media m\u0259kan\u0131ndak\u0131 alternativ s\u0259sidir\",\"publisher\":{\"@id\":\"https:\\\/\\\/www.meydan.tv\\\/az\\\/#organization\"},\"potentialAction\":[{\"@type\":\"SearchAction\",\"target\":{\"@type\":\"EntryPoint\",\"urlTemplate\":\"https:\\\/\\\/www.meydan.tv\\\/az\\\/?s={search_term_string}\"},\"query-input\":{\"@type\":\"PropertyValueSpecification\",\"valueRequired\":true,\"valueName\":\"search_term_string\"}}],\"inLanguage\":\"az\"},{\"@type\":\"Organization\",\"@id\":\"https:\\\/\\\/www.meydan.tv\\\/az\\\/#organization\",\"name\":\"Meydan TV\",\"url\":\"https:\\\/\\\/www.meydan.tv\\\/az\\\/\",\"logo\":{\"@type\":\"ImageObject\",\"inLanguage\":\"az\",\"@id\":\"https:\\\/\\\/www.meydan.tv\\\/az\\\/#\\\/schema\\\/logo\\\/image\\\/\",\"url\":\"https:\\\/\\\/www.meydan.tv\\\/wp-content\\\/uploads\\\/2021\\\/07\\\/meydan-logo.svg\",\"contentUrl\":\"https:\\\/\\\/www.meydan.tv\\\/wp-content\\\/uploads\\\/2021\\\/07\\\/meydan-logo.svg\",\"width\":195,\"height\":46,\"caption\":\"Meydan TV\"},\"image\":{\"@id\":\"https:\\\/\\\/www.meydan.tv\\\/az\\\/#\\\/schema\\\/logo\\\/image\\\/\"}},{\"@type\":\"Person\",\"@id\":\"https:\\\/\\\/www.meydan.tv\\\/az\\\/#\\\/schema\\\/person\\\/10d11eccf6da3662cf5fdab9806ea91a\",\"name\":\"user-manager\"}]}<\/script>\n<!-- \/ Yoast SEO plugin. -->","yoast_head_json":{"title":"K\u0259lb\u0259c\u0259rli k\u00f6\u00e7k\u00fcn: Bel\u0259 ya\u015famaqdansa, \u00f6l\u00fcm daha yax\u015f\u0131d\u0131 - MEYDAN.TV","robots":{"index":"index","follow":"follow","max-snippet":"max-snippet:-1","max-image-preview":"max-image-preview:large","max-video-preview":"max-video-preview:-1"},"canonical":"https:\/\/www.meydan.tv\/az\/article\/kelbecerli-kockun-bele-yasamaqdansa-olum-daha-yaxsidi\/","og_locale":"az_AZ","og_type":"article","og_title":"K\u0259lb\u0259c\u0259rli k\u00f6\u00e7k\u00fcn: Bel\u0259 ya\u015famaqdansa, \u00f6l\u00fcm daha yax\u015f\u0131d\u0131 - MEYDAN.TV","og_description":"Deyir\u0259m, hec\u0327 olmasa onun g\u0259ncliyi normal bir evd\u0259 kec\u0327sin","og_url":"https:\/\/www.meydan.tv\/az\/article\/kelbecerli-kockun-bele-yasamaqdansa-olum-daha-yaxsidi\/","og_site_name":"MEYDAN.TV","article_published_time":"2019-06-05T10:35:00+00:00","og_image":[{"width":1365,"height":1024,"url":"https:\/\/www.meydan.tv\/wp-content\/uploads\/image00008_kphysu9.jpeg","type":"image\/jpeg"}],"author":"user-manager","twitter_card":"summary_large_image","schema":{"@context":"https:\/\/schema.org","@graph":[{"@type":"Article","@id":"https:\/\/www.meydan.tv\/az\/article\/kelbecerli-kockun-bele-yasamaqdansa-olum-daha-yaxsidi\/#article","isPartOf":{"@id":"https:\/\/www.meydan.tv\/az\/article\/kelbecerli-kockun-bele-yasamaqdansa-olum-daha-yaxsidi\/"},"author":{"name":"user-manager","@id":"https:\/\/www.meydan.tv\/az\/#\/schema\/person\/10d11eccf6da3662cf5fdab9806ea91a"},"headline":"K\u0259lb\u0259c\u0259rli k\u00f6\u00e7k\u00fcn: Bel\u0259 ya\u015famaqdansa, \u00f6l\u00fcm daha yax\u015f\u0131d\u0131","datePublished":"2019-06-05T10:35:00+00:00","mainEntityOfPage":{"@id":"https:\/\/www.meydan.tv\/az\/article\/kelbecerli-kockun-bele-yasamaqdansa-olum-daha-yaxsidi\/"},"wordCount":1601,"publisher":{"@id":"https:\/\/www.meydan.tv\/az\/#organization"},"image":{"@id":"https:\/\/www.meydan.tv\/az\/article\/kelbecerli-kockun-bele-yasamaqdansa-olum-daha-yaxsidi\/#primaryimage"},"thumbnailUrl":"https:\/\/www.meydan.tv\/wp-content\/uploads\/image00008_kphysu9.jpeg","articleSection":["B\u00f6lg\u0259"],"inLanguage":"az"},{"@type":"WebPage","@id":"https:\/\/www.meydan.tv\/az\/article\/kelbecerli-kockun-bele-yasamaqdansa-olum-daha-yaxsidi\/","url":"https:\/\/www.meydan.tv\/az\/article\/kelbecerli-kockun-bele-yasamaqdansa-olum-daha-yaxsidi\/","name":"K\u0259lb\u0259c\u0259rli k\u00f6\u00e7k\u00fcn: Bel\u0259 ya\u015famaqdansa, \u00f6l\u00fcm daha yax\u015f\u0131d\u0131 - MEYDAN.TV","isPartOf":{"@id":"https:\/\/www.meydan.tv\/az\/#website"},"primaryImageOfPage":{"@id":"https:\/\/www.meydan.tv\/az\/article\/kelbecerli-kockun-bele-yasamaqdansa-olum-daha-yaxsidi\/#primaryimage"},"image":{"@id":"https:\/\/www.meydan.tv\/az\/article\/kelbecerli-kockun-bele-yasamaqdansa-olum-daha-yaxsidi\/#primaryimage"},"thumbnailUrl":"https:\/\/www.meydan.tv\/wp-content\/uploads\/image00008_kphysu9.jpeg","datePublished":"2019-06-05T10:35:00+00:00","breadcrumb":{"@id":"https:\/\/www.meydan.tv\/az\/article\/kelbecerli-kockun-bele-yasamaqdansa-olum-daha-yaxsidi\/#breadcrumb"},"inLanguage":"az","potentialAction":[{"@type":"ReadAction","target":["https:\/\/www.meydan.tv\/az\/article\/kelbecerli-kockun-bele-yasamaqdansa-olum-daha-yaxsidi\/"]}]},{"@type":"ImageObject","inLanguage":"az","@id":"https:\/\/www.meydan.tv\/az\/article\/kelbecerli-kockun-bele-yasamaqdansa-olum-daha-yaxsidi\/#primaryimage","url":"https:\/\/www.meydan.tv\/wp-content\/uploads\/image00008_kphysu9.jpeg","contentUrl":"https:\/\/www.meydan.tv\/wp-content\/uploads\/image00008_kphysu9.jpeg","width":1365,"height":1024,"caption":"Source: meydan.tv"},{"@type":"BreadcrumbList","@id":"https:\/\/www.meydan.tv\/az\/article\/kelbecerli-kockun-bele-yasamaqdansa-olum-daha-yaxsidi\/#breadcrumb","itemListElement":[{"@type":"ListItem","position":1,"name":"Ana s\u0259hif\u0259","item":"https:\/\/www.meydan.tv\/az\/"},{"@type":"ListItem","position":2,"name":"B\u00f6lg\u0259","item":"https:\/\/www.meydan.tv\/az\/section\/bolge\/"},{"@type":"ListItem","position":3,"name":"K\u0259lb\u0259c\u0259rli k\u00f6\u00e7k\u00fcn: Bel\u0259 ya\u015famaqdansa, \u00f6l\u00fcm daha yax\u015f\u0131d\u0131"}]},{"@type":"WebSite","@id":"https:\/\/www.meydan.tv\/az\/#website","url":"https:\/\/www.meydan.tv\/az\/","name":"MEYDAN.TV","description":"Meydan TV Az\u0259rbaycan\u0131n media m\u0259kan\u0131ndak\u0131 alternativ s\u0259sidir","publisher":{"@id":"https:\/\/www.meydan.tv\/az\/#organization"},"potentialAction":[{"@type":"SearchAction","target":{"@type":"EntryPoint","urlTemplate":"https:\/\/www.meydan.tv\/az\/?s={search_term_string}"},"query-input":{"@type":"PropertyValueSpecification","valueRequired":true,"valueName":"search_term_string"}}],"inLanguage":"az"},{"@type":"Organization","@id":"https:\/\/www.meydan.tv\/az\/#organization","name":"Meydan TV","url":"https:\/\/www.meydan.tv\/az\/","logo":{"@type":"ImageObject","inLanguage":"az","@id":"https:\/\/www.meydan.tv\/az\/#\/schema\/logo\/image\/","url":"https:\/\/www.meydan.tv\/wp-content\/uploads\/2021\/07\/meydan-logo.svg","contentUrl":"https:\/\/www.meydan.tv\/wp-content\/uploads\/2021\/07\/meydan-logo.svg","width":195,"height":46,"caption":"Meydan TV"},"image":{"@id":"https:\/\/www.meydan.tv\/az\/#\/schema\/logo\/image\/"}},{"@type":"Person","@id":"https:\/\/www.meydan.tv\/az\/#\/schema\/person\/10d11eccf6da3662cf5fdab9806ea91a","name":"user-manager"}]}},"_links":{"self":[{"href":"https:\/\/www.meydan.tv\/az\/wp-json\/wp\/v2\/posts\/195727","targetHints":{"allow":["GET"]}}],"collection":[{"href":"https:\/\/www.meydan.tv\/az\/wp-json\/wp\/v2\/posts"}],"about":[{"href":"https:\/\/www.meydan.tv\/az\/wp-json\/wp\/v2\/types\/post"}],"author":[{"embeddable":true,"href":"https:\/\/www.meydan.tv\/az\/wp-json\/wp\/v2\/users\/11"}],"replies":[{"embeddable":true,"href":"https:\/\/www.meydan.tv\/az\/wp-json\/wp\/v2\/comments?post=195727"}],"version-history":[{"count":0,"href":"https:\/\/www.meydan.tv\/az\/wp-json\/wp\/v2\/posts\/195727\/revisions"}],"wp:featuredmedia":[{"embeddable":true,"href":"https:\/\/www.meydan.tv\/az\/wp-json\/wp\/v2\/media\/125118"}],"wp:attachment":[{"href":"https:\/\/www.meydan.tv\/az\/wp-json\/wp\/v2\/media?parent=195727"}],"wp:term":[{"taxonomy":"category","embeddable":true,"href":"https:\/\/www.meydan.tv\/az\/wp-json\/wp\/v2\/categories?post=195727"},{"taxonomy":"post_tag","embeddable":true,"href":"https:\/\/www.meydan.tv\/az\/wp-json\/wp\/v2\/tags?post=195727"}],"curies":[{"name":"wp","href":"https:\/\/api.w.org\/{rel}","templated":true}]}}