{"id":195706,"date":"2019-06-04T06:32:43","date_gmt":"2019-06-04T06:32:43","guid":{"rendered":"https:\/\/www.meydan.tv\/article\/yanlis-adamlar-illerle-pensiya-alib-elilliyi-olanlar-kenarda-qalib\/"},"modified":"2019-06-04T06:32:43","modified_gmt":"2019-06-04T06:32:43","slug":"yanlis-adamlar-illerle-pensiya-alib-elilliyi-olanlar-kenarda-qalib","status":"publish","type":"post","link":"https:\/\/www.meydan.tv\/az\/article\/yanlis-adamlar-illerle-pensiya-alib-elilliyi-olanlar-kenarda-qalib\/","title":{"rendered":"Yanl\u0131s\u0327 adamlar ill\u0259rl\u0259 pensiya al\u0131b, \u0259lilliyi olanlar k\u0259narda qal\u0131b?"},"content":{"rendered":"<p>\n  <i><br \/>\n    &#x27;&#x27;\u018flilliyim oldug\u0306u halda, d\u0259r\u0259c\u0259 verilmir, dag\u0306a-das\u0327a sal\u0131n\u0131ram&#x27;&#x27;<br \/>\n  <\/i>\n<\/p>\n<p>\n  52 yas\u0327l\u0131 Ku\u0308rd\u0259mir sakini Tofiq \u018fzizovun bir go\u0308zu\u0308 anadang\u0259lm\u0259 go\u0308rmu\u0308r. Son bir ilin ic\u0327ind\u0259 dig\u0259r go\u0308zu\u0308 d\u0259 z\u0259ifl\u0259yib. N\u0259tic\u0259d\u0259 o, go\u0308rm\u0259 qabiliyy\u0259tini itirib v\u0259 is\u0327l\u0259yib, ail\u0259sini doland\u0131ra bilmir. Tofiq \u018fzizov d\u0259f\u0259l\u0259rl\u0259 aidiyyat\u0131 qurumlara \u0259lillik d\u0259r\u0259c\u0259sinin t\u0259yini u\u0308c\u0327u\u0308n mu\u0308raci\u0259t edib, ancaq mu\u0308sb\u0259t cavab ala bilm\u0259yib. Deyir, onu get-g\u0259l\u0259 sal\u0131rlar. \u018flillik d\u0259r\u0259c\u0259sini almaq u\u0308c\u0327u\u0308n idar\u0259l\u0259ri g\u0259zm\u0259k imkan\u0131 is\u0259 yoxdur.\n<\/p>\n<p>\n  \u201cAnadang\u0259lm\u0259 go\u0308rm\u0259y\u0259n go\u0308zu\u0308m\u0259 go\u0308r\u0259 pensiya alm\u0131ram, bu, hec\u0327. Dig\u0259r go\u0308zu\u0308m\u0259 d\u0259 o q\u0259d\u0259r yu\u0308k du\u0308s\u0327u\u0308b ki, z\u0259ifl\u0259yib. I\u0307yn\u0259 ucu boyda gu\u0308cl\u0259 go\u0308ru\u0308r\u0259m. Son vaxtlar u\u0308mumiyy\u0259tl\u0259, ag\u0306r\u0131y\u0131r, yas\u0327ar\u0131r, q\u0131zar\u0131r, bir so\u0308zl\u0259, zu\u0308lmd\u0259y\u0259m. \u018fn pisi d\u0259 is\u0327 qabiliyy\u0259timi itirm\u0259yimdir. Daha ev\u0259 c\u0327o\u0308r\u0259k g\u0259tir\u0259 bilmir\u0259m. Hec\u0327 yerd\u0259n d\u0259 bir q\u0259pik g\u0259lirimiz olmad\u0131g\u0306\u0131ndan, ac\u0131nacaql\u0131 duruma du\u0308s\u0327mu\u0308s\u0327u\u0308k\u201d.\n<\/p>\n<p>\n  <i><br \/>\n    \u201cBak\u0131ya getm\u0259y\u0259 laz\u0131m olan v\u0259saiti haradan al\u0131m?\u201d<br \/>\n  <\/i>\n<\/p>\n<p>\n  T. \u018fzizov \u0259vv\u0259ll\u0259r bac\u0131s\u0131 og\u0306lunun yan\u0131nda f\u0259hl\u0259 is\u0327l\u0259yirmis\u0327. Deyir, gu\u0308n\u0259 4-5 manat g\u0259liri olurdu. Onunla birt\u0259h\u0259r dolan\u0131rd\u0131lar. Ancaq indi o da yoxdur. C\u0327u\u0308nki is\u0327l\u0259y\u0259 bilmir:\n<\/p>\n<p>\n  \u201cDedim, hec\u0327 olmazsa \u0259lillik t\u0259yin edilsin, t\u0259qau\u0308d al\u0131m, onunla birt\u0259h\u0259r dolan\u0131m. Burada h\u0259kim\u0259 getdim, dedil\u0259r, \u201cs\u0259n\u0259 go\u0308nd\u0259ris\u0327 ver\u0259k, Bak\u0131ya get, orada h\u0259ll et is\u0327ini\u201d. M\u0259nim is\u0259 c\u0327o\u0308r\u0259k almag\u0306a pulum yoxdur, qald\u0131, buradan durub Bak\u0131ya getm\u0259y\u0259 laz\u0131m olan v\u0259saiti haradan al\u0131m?\u201d\n<\/p>\n<p>\n  <i><br \/>\n    \u201cBak\u0131ya getm\u0259y\u0259c\u0259yimi anlad\u0131qlar\u0131 u\u0308c\u0327u\u0308n m\u0259ni yola verdil\u0259r\u201d<br \/>\n  <\/i>\n<\/p>\n<p>\n  S\u0327ikay\u0259tc\u0327i deyir ki, bundan \u0259lav\u0259, bird\u0259n-ikiy\u0259 Bak\u0131ya getm\u0259yib. Orada kim\u0259 mu\u0308raci\u0259t ed\u0259c\u0259yini, hara ged\u0259c\u0259yini d\u0259 bilmir:\n<\/p>\n<p>\n  \u201cHec\u0327 bilmir\u0259m ora gedib, hara mu\u0308raci\u0259t etm\u0259k laz\u0131md\u0131r. Hec\u0327 n\u0259d\u0259n bas\u0327\u0131m c\u0327\u0131xm\u0131r, u\u0308st\u0259lik, go\u0308zu\u0308m go\u0308rmu\u0308r, pulum v\u0259 orada qalmag\u0306a yerim yoxdur. Bel\u0259 bas\u0327a du\u0308s\u0327du\u0308m ki, getm\u0259y\u0259c\u0259yimi anlad\u0131qlar\u0131 u\u0308c\u0327u\u0308n m\u0259ni yola verdil\u0259r\u201d.\n<\/p>\n<p>\n  <i><br \/>\n    \u201cDu\u0308s\u0327u\u0308nu\u0308n, bir evim, ail\u0259m var v\u0259 o ev\u0259 bir q\u0259pik girmir\u201d<br \/>\n  <\/i>\n<\/p>\n<p>\n  Tofiq \u018fzizov deyir ki, \u0259lilliyin t\u0259yini u\u0308zr\u0259 komissiya h\u0259r rayonda olmal\u0131d\u0131r. Daha insanlar o\u0308zl\u0259ri durub Bak\u0131 s\u0327\u0259h\u0259rin\u0259 u\u0308z tutmamal\u0131d\u0131rlar. \u018fn az\u0131ndan, o, bel\u0259 es\u0327idib:\n<\/p>\n<figure class=\"wp-block-image size-large\">\n  <img decoding=\"async\" src=\"https:\/\/www.meydan.tv\/az\/image00001-jpeg-16\/\" alt=\"image00001.jpeg\" class=\"wp-image-125037\"\/><figcaption>\n    Tofiq \u018fzizov<br \/>\n  <\/figcaption><\/figure>\n<p>\n  \u201cM\u0259n \u0259lillik d\u0259r\u0259c\u0259sin\u0259 go\u0308r\u0259 niy\u0259 Bak\u0131ya getm\u0259liy\u0259m? Go\u0308ru\u0308nu\u0308r, n\u0259s\u0259 umacaqlar\u0131 var dey\u0259 bel\u0259 edirl\u0259r. M\u0259n is\u0259 art\u0131q n\u0259 ed\u0259c\u0259yimi bilmir\u0259m. Du\u0308s\u0327u\u0308nu\u0308n, bir evim, ail\u0259m var v\u0259 o ev\u0259 bir q\u0259pik girmir. Bas\u0327qa n\u0259 il\u0259 dolanmaq olar ki? Yoldas\u0327\u0131m k\u0259ndd\u0259ndir, onun ail\u0259si n\u0259 go\u0308nd\u0259rirs\u0259, dolan\u0131r\u0131q, v\u0259ss\u0259lam. Art\u0131q buna go\u0308r\u0259 d\u0259 c\u0327ox utan\u0131ram\u201d.\n<\/p>\n<p>\n  <i><br \/>\n    \u201cBu gu\u0308n biz c\u0327ox ag\u0306\u0131r v\u0259ziyy\u0259td\u0259 yas\u0327ay\u0131r\u0131q\u201d<br \/>\n  <\/i>\n<\/p>\n<p>\n  H\u0259qiq\u0259t M\u0259mm\u0259dova Tofiq \u018fzizovun h\u0259yat yoldas\u0327\u0131d\u0131r. Deyir, dolan\u0131s\u0327\u0131qlar\u0131 h\u0259dd\u0259n art\u0131q ag\u0306\u0131rd\u0131r. Buna go\u0308r\u0259 mo\u0308vsu\u0308md\u0259 pamb\u0131g\u0306a gedir, gu\u0308nu\u0308n\u0259 3-5 manat qazan\u0131r, birt\u0259h\u0259r dolan\u0131rlar. Amma o da h\u0259mis\u0327\u0259 olmur. Pamb\u0131q m\u00f6vs\u00fcm\u00fc olmayanda c\u0327ox c\u0327\u0259tinlikl\u0259 dolan\u0131rlar:\n<\/p>\n<p>\n  \u201cKo\u0308hn\u0259 bir evd\u0259n bas\u0327qa hec\u0327 n\u0259yimiz yoxdur. O da qaynanamdan qal\u0131b, bald\u0131z\u0131mla bo\u0308lmu\u0308s\u0327u\u0308k. Yar\u0131s\u0131nda o, yar\u0131s\u0131nda biz yas\u0327ay\u0131r\u0131q. Sosial yard\u0131ma da mu\u0308raci\u0259t etmis\u0327ik, ancaq \u201csiz\u0259 du\u0308s\u0327mu\u0308r\u201d, &#8211; cavab\u0131 veribl\u0259r. Ad\u0131m\u0131za mu\u0308lk, torpaq da yoxdur. I\u0307s\u0327l\u0259mirik, hec\u0327 n\u0259yimiz yoxdur. Du\u0308s\u0327m\u0259m\u0259sinin s\u0259b\u0259bini ac\u0327\u0131qlam\u0131rlar. N\u0259tic\u0259d\u0259 bu gu\u0308n biz c\u0327ox ag\u0306\u0131r v\u0259ziyy\u0259td\u0259 yas\u0327ay\u0131r\u0131q. Buna yas\u0327amaq dem\u0259k olarsa&#8230;\u201d\n<\/p>\n<p>\n  <i><br \/>\n    Yanl\u0131s\u0327 adamlara pensiya k\u0259silib?<br \/>\n  <\/i>\n<\/p>\n<p>\n  \u018fm\u0259k v\u0259 \u018fhalinin Sosial Mu\u0308dafi\u0259si Nazirliyinin (\u018f\u018fSMN) bu yax\u0131nlarda yayd\u0131g\u0306\u0131 bir m\u0259lumatda deyilirdi ki, Lerik rayonunun M.Qafarov ad\u0131na Siyov k\u0259nd m\u0259kt\u0259binin direktoru I\u0307lham \u018fv\u0259z og\u0306lu \u018fmirov hec\u0327 bir x\u0259st\u0259liyi olmadan ill\u0259rc\u0259 \u0259lil kimi pensiya al\u0131b. Nazirlik direktorun \u0259lillik t\u0259yinat\u0131n\u0131 l\u0259g\u0306v edib.\n<\/p>\n<p>\n  \u201cNazirliyin \u0259lillik m\u0259s\u0259l\u0259l\u0259ri u\u0308zr\u0259 is\u0327c\u0327i qrupu mu\u0308xt\u0259lif risk qruplar\u0131 u\u0308zr\u0259 davaml\u0131 aras\u0327d\u0131rmalar apar\u0131r. \u018fsass\u0131z go\u0308nd\u0259ris\u0327l\u0259rl\u0259 \u0259lillik t\u0259yinat\u0131 apar\u0131lm\u0131s\u0327 s\u0327\u0259xsl\u0259ri mu\u0308\u0259yy\u0259nl\u0259s\u0327dirir v\u0259 onlar\u0131n t\u0259yinatlar\u0131n\u0131 l\u0259g\u0306v edir. Onlara o\u0308d\u0259nil\u0259n pensiya, mu\u0308avin\u0259t v\u0259 t\u0259qau\u0308dl\u0259r geri tutulur\u201d, &#8211; nazirliyin so\u0308zc\u0327u\u0308su\u0308 Fazil Tal\u0131bov bel\u0259 deyib.\n<\/p>\n<figure class=\"wp-block-image size-large\">\n  <img decoding=\"async\" src=\"https:\/\/www.meydan.tv\/az\/407378479-jpg\/\" alt=\"407378479.jpg\" class=\"wp-image-125043\"\/><figcaption>\n    Fazil Tal\u0131bov<br \/>\n  <\/figcaption><\/figure>\n<p>\n  <i><br \/>\n    \u201c1300-d\u0259n c\u0327ox saxta \u0259lillik t\u0259yinat\u0131 l\u0259g\u0306v edilib\u201d<br \/>\n  <\/i>\n<\/p>\n<p>\n  O bildirib ki, o\u0308t\u0259n do\u0308vr \u0259rzind\u0259 1300-d\u0259n c\u0327ox bel\u0259 \u0259lillik t\u0259yinat\u0131 l\u0259g\u0306v edilib: \u201cDo\u0308vl\u0259t bu\u0308dc\u0259sinin illik q\u0259na\u0259ti milyonlarla manatd\u0131r. Aras\u0327d\u0131rmalar u\u0308zr\u0259 \u0259lilliyi l\u0259g\u0306v edilmis\u0327 s\u0327\u0259xsl\u0259rd\u0259n d\u0259 biri m\u0259hz I\u0307lham \u018fmirovdur. Ona dair s\u0259hiyy\u0259 mu\u0308\u0259ssis\u0259nin go\u0308nd\u0259ris\u0327ind\u0259 talassemiya x\u0259st\u0259si oldug\u0306u deyilir. Ona 2018-ci il yanvar\u0131n 12-d\u0259n mu\u0308dd\u0259tsiz II d\u0259r\u0259c\u0259 \u0259lillik t\u0259yin edilib. Bir mu\u0308dd\u0259t o\u0308nc\u0259 h\u0259min go\u0308nd\u0259ris\u0327 onu r\u0259smil\u0259s\u0327dirmis\u0327 s\u0259hiyy\u0259 mu\u0308\u0259ssis\u0259si t\u0259r\u0259find\u0259n \u0259sass\u0131z say\u0131l\u0131b. \u018flilliyin qiym\u0259tl\u0259ndirilm\u0259si u\u0308c\u0327u\u0308n \u0259sas s\u0259n\u0259d s\u0259hiyy\u0259 mu\u0308\u0259ssis\u0259nin go\u0308nd\u0259ris\u0327idir. S\u0327\u0259xsl\u0259r\u0259 dair go\u0308nd\u0259ris\u0327d\u0259 \u0259ks olunmus\u0327 m\u0259lumatlar \u0259sas\u0131nda \u0259lillik t\u0259yinat\u0131 apar\u0131l\u0131r\u201d.\n<\/p>\n<p>\n  <i><br \/>\n    \u201cOg\u0306lumun ag\u0306\u0131r \u0259qli geriliyi var, amma pensiya k\u0259smirl\u0259r\u201d<br \/>\n  <\/i>\n<\/p>\n<p>\n  Nazirliyin m\u0259lumat\u0131ndan da ayd\u0131n olur ki, indiy\u0259 q\u0259d\u0259r onlara m\u0259lum olan 1300-d\u0259n c\u0327ox insan saxta yolla \u0259ld\u0259 edil\u0259n \u0259lillik d\u0259r\u0259c\u0259si il\u0259 ill\u0259rl\u0259 do\u0308vl\u0259td\u0259n pensiya al\u0131b. Ancaq Meydan TV-y\u0259 d\u0259f\u0259l\u0259rl\u0259 h\u0259qiqi \u0259lilliyi oldug\u0306u halda, \u0259lillik d\u0259r\u0259c\u0259si ala bilm\u0259y\u0259n insanlar mu\u0308raci\u0259t edibl\u0259r. Onlar\u0131n s\u0327ikay\u0259tl\u0259rin\u0259, mu\u0308raci\u0259tl\u0259rin\u0259 bu gu\u0308n d\u0259 bax\u0131lm\u0131r. Bel\u0259 insanlardan biri d\u0259 martda Meydan TV-y\u0259 mu\u0308raci\u0259t ed\u0259n<br \/>\n  <a href=\"https:\/\/www.meydan.tv\/az\/article\/neinki-dermanlari-almaga-pulum-var-hec-20-qepiyim-de-yoxdur\/?ref=search\"><br \/>\n    Ofeliya M\u0259mm\u0259dova<br \/>\n  <\/a><br \/>\n  d\u0131r.\n<\/p>\n<p>\n  O, Ucar\u0131n B\u0259rgu\u0308s\u0327ad k\u0259ndinin sakinidir. Og\u0306lu Natiq M\u0259mm\u0259dov k\u0259skin \u0259qli gerilikd\u0259n \u0259ziyy\u0259t c\u0327\u0259kir. I\u0307ll\u0259rdir Ucar Rayon M\u0259rk\u0259zi X\u0259st\u0259xanas\u0131nda mu\u0308alic\u0259 olunub.\n<\/p>\n<p>\n  Ancaq ana og\u0306luna \u0259lillik d\u0259r\u0259c\u0259si ala bilmir. Ail\u0259 d\u0259f\u0259l\u0259rl\u0259 aidiyyat\u0131 qurumlara mu\u0308raci\u0259t d\u0259 edib, ancaq bir n\u0259tic\u0259si olmay\u0131b:\n<\/p>\n<p>\n  \u201cOg\u0306lumun ag\u0306\u0131r \u0259qli geriliyi var. Buna go\u0308r\u0259 pensiya alm\u0131r, k\u0259smirl\u0259r. D\u0259rmanlar\u0131n\u0131 ala bilm\u0259diyim u\u0308c\u0327u\u0308n bu\u0308tu\u0308n gu\u0308nu\u0308 q\u0131s\u0327q\u0131r\u0131r. O\u0308zu\u0308mu\u0308z d\u0259 kiray\u0259d\u0259 qal\u0131r\u0131q, 6 ayd\u0131r pulunu o\u0308d\u0259y\u0259 bilmirik. I\u0307nan\u0131n, bu d\u0259qiq\u0259 evimizd\u0259 bir tik\u0259 c\u0327o\u0308r\u0259yimiz d\u0259 yoxdur\u201d.\n<\/p>\n<p>\n  Ofeliya M\u0259mm\u0259dova deyirdi ki, x\u0259st\u0259xana son do\u0308vrl\u0259r\u0259 q\u0259d\u0259r ona laz\u0131m olan \u0259sas iki d\u0259rman\u0131 pulsuz verirmis\u0327. Son bir nec\u0327\u0259 ayd\u0131r ki, k\u0259sib, art\u0131q o\u0308zu\u0308nu\u0308z pulla al\u0131n deyib. Ana deyir ki, n\u0259inki d\u0259rmanlar\u0131 almag\u0306a pulu var, hec\u0327 evind\u0259 20 q\u0259piyi d\u0259 yoxdur. N\u0259tic\u0259d\u0259 og\u0306lu gu\u0308nu\u0308-gu\u0308nd\u0259n pisl\u0259s\u0327ir, ag\u0306\u0131rlas\u0327\u0131r.\n<\/p>\n<p>\n  <i><br \/>\n    Prosedur nec\u0259 olmal\u0131d\u0131r?<br \/>\n  <\/i>\n<\/p>\n<p>\n  Bo\u0308lg\u0259l\u0259rd\u0259 insanlar\u0131n \u0259lilliyinin t\u0259yini m\u0259s\u0259l\u0259sin\u0259 g\u0259linc\u0259, \u018fm\u0259k v\u0259 \u018fhalinin Sosial Mu\u0308dafi\u0259si Nazirliyinin m\u0259tbuat xidm\u0259tinin \u0259m\u0259kdas\u0327\u0131 Fazil Tal\u0131bov deyir ki, \u0259lilliyin t\u0259yini u\u0308c\u0327u\u0308n mu\u0308raci\u0259tl\u0259r daha \u0259vv\u0259lki kimi deyil, elektron qaydada edilir. Bunun u\u0308c\u0327u\u0308n v\u0259t\u0259ndas\u0327 \u0259vv\u0259lc\u0259 S\u0259hiyy\u0259 Nazirliyinin tabeliyind\u0259 olan poliklinika v\u0259 ya x\u0259st\u0259xanaya mu\u0308raci\u0259t etm\u0259lidir:\n<\/p>\n<p>\n  \u201cH\u0259min x\u0259st\u0259xana v\u0259 ya poliklinikada onu mu\u0308ayin\u0259 etm\u0259li, s\u0259n\u0259dl\u0259ri Forma 88 il\u0259 birg\u0259, elektron qaydada bizim sistem\u0259 go\u0308nd\u0259rilm\u0259lidir. X\u0259st\u0259xanalar bunu bilir. Bizim qurumlar\u0131m\u0131z v\u0259t\u0259ndas\u0327la real u\u0308nsiyy\u0259td\u0259 olmurlar. Go\u0308nd\u0259ris\u0327\u0259 \u0259sas\u0259n onlara \u0259lillik qrupu t\u0259yin edilir\u201d.\n<\/p>\n<p>\n  F.Tal\u0131bov deyir ki, bundan sonra g\u0259l\u0259n go\u0308nd\u0259ris\u0327 ads\u0131zlas\u0327d\u0131r\u0131laraq, x\u0259st\u0259nin qeydiyyatda oldug\u0306u TSEK-\u0259 deyil, dig\u0259r rayonlarda f\u0259aliyy\u0259t go\u0308st\u0259r\u0259n TSEK-\u0259 go\u0308nd\u0259rilir ki, onlar bunu s\u0327\u0259ffaf s\u0327\u0259kild\u0259 qiym\u0259tl\u0259ndirsinl\u0259r:\n<\/p>\n<p>\n  \u201cOnlar v\u0259t\u0259ndas\u0327\u0131n kimliyini, u\u0308nvan\u0131n\u0131 bilmirl\u0259r. Biz s\u0259hiyy\u0259 mu\u0308\u0259ssis\u0259sind\u0259n r\u0259smi elektron qaydas\u0131nda g\u0259l\u0259n go\u0308nd\u0259ris\u0327l\u0259r\u0259 \u0259sas\u0259n, Nazirl\u0259r Kabinetinin mo\u0308vcud q\u0259rar\u0131 il\u0259 uzlas\u0327d\u0131r\u0131b \u0259lillik d\u0259r\u0259c\u0259sini mu\u0308\u0259yy\u0259n edirik\u201d.\n<\/p>\n<p>\n  \u018flillik d\u0259r\u0259c\u0259si ala bilm\u0259y\u0259n v\u0259t\u0259ndas\u0327lar daim deyirl\u0259r ki, mu\u0308raci\u0259t etdikl\u0259ri qurumlarda onlardan pul umurlar. Ancaq nazirlik verdiyi ac\u0327\u0131qlamalar\u0131nda daim bu\u0308tu\u0308n prosesl\u0259rin s\u0327\u0259ffaf apar\u0131ld\u0131g\u0306\u0131n\u0131 so\u0308yl\u0259yir. Go\u0308ru\u0308nu\u0308r, v\u0259ziyy\u0259t hec\u0327 d\u0259 Fazil Tal\u0131bovun dediyi kimi s\u0327\u0259ffaf, ads\u0131z apar\u0131lm\u0131r. Yoxsa 1300-d\u0259n art\u0131q insana saxta \u0259lillik pensiyas\u0131 nec\u0259 k\u0259silib?<\/p>\n","protected":false},"excerpt":{"rendered":"<p>Hec\u0327 n\u0259d\u0259n bas\u0327\u0131m c\u0327\u0131xm\u0131r, u\u0308st\u0259lik, go\u0308zu\u0308m go\u0308rmu\u0308r, pulum v\u0259 orada qalmag\u0306a yerim yoxdur<\/p>\n","protected":false},"author":11,"featured_media":125034,"comment_status":"closed","ping_status":"open","sticky":false,"template":"","format":"standard","meta":{"_acf_changed":false,"_sitemap_exclude":false,"_sitemap_priority":"","_sitemap_frequency":"","footnotes":""},"categories":[60],"tags":[],"class_list":["post-195706","post","type-post","status-publish","format-standard","has-post-thumbnail","hentry","category-bolge","infinite-scroll-item","generate-columns","tablet-grid-50","mobile-grid-100","grid-parent","grid-33","no-featured-image-padding"],"acf":[],"yoast_head":"<!-- This site is optimized with the Yoast SEO plugin v27.4 - https:\/\/yoast.com\/product\/yoast-seo-wordpress\/ -->\n<title>Yanl\u0131s\u0327 adamlar ill\u0259rl\u0259 pensiya al\u0131b, \u0259lilliyi olanlar k\u0259narda qal\u0131b? - MEYDAN.TV<\/title>\n<meta name=\"robots\" content=\"index, follow, max-snippet:-1, max-image-preview:large, max-video-preview:-1\" \/>\n<link rel=\"canonical\" href=\"https:\/\/www.meydan.tv\/az\/article\/yanlis-adamlar-illerle-pensiya-alib-elilliyi-olanlar-kenarda-qalib\/\" \/>\n<meta property=\"og:locale\" content=\"az_AZ\" \/>\n<meta property=\"og:type\" content=\"article\" \/>\n<meta property=\"og:title\" content=\"Yanl\u0131s\u0327 adamlar ill\u0259rl\u0259 pensiya al\u0131b, \u0259lilliyi olanlar k\u0259narda qal\u0131b? - MEYDAN.TV\" \/>\n<meta property=\"og:description\" content=\"Hec\u0327 n\u0259d\u0259n bas\u0327\u0131m c\u0327\u0131xm\u0131r, u\u0308st\u0259lik, go\u0308zu\u0308m go\u0308rmu\u0308r, pulum v\u0259 orada qalmag\u0306a yerim yoxdur\" \/>\n<meta property=\"og:url\" content=\"https:\/\/www.meydan.tv\/az\/article\/yanlis-adamlar-illerle-pensiya-alib-elilliyi-olanlar-kenarda-qalib\/\" \/>\n<meta property=\"og:site_name\" content=\"MEYDAN.TV\" \/>\n<meta property=\"article:published_time\" content=\"2019-06-04T06:32:43+00:00\" \/>\n<meta property=\"og:image\" content=\"https:\/\/www.meydan.tv\/wp-content\/uploads\/image00004_qwgltuc.jpeg\" \/>\n\t<meta property=\"og:image:width\" content=\"1365\" \/>\n\t<meta property=\"og:image:height\" content=\"1024\" \/>\n\t<meta property=\"og:image:type\" content=\"image\/jpeg\" \/>\n<meta name=\"author\" content=\"user-manager\" \/>\n<meta name=\"twitter:card\" content=\"summary_large_image\" \/>\n<script type=\"application\/ld+json\" class=\"yoast-schema-graph\">{\"@context\":\"https:\\\/\\\/schema.org\",\"@graph\":[{\"@type\":\"Article\",\"@id\":\"https:\\\/\\\/www.meydan.tv\\\/az\\\/article\\\/yanlis-adamlar-illerle-pensiya-alib-elilliyi-olanlar-kenarda-qalib\\\/#article\",\"isPartOf\":{\"@id\":\"https:\\\/\\\/www.meydan.tv\\\/az\\\/article\\\/yanlis-adamlar-illerle-pensiya-alib-elilliyi-olanlar-kenarda-qalib\\\/\"},\"author\":{\"name\":\"user-manager\",\"@id\":\"https:\\\/\\\/www.meydan.tv\\\/az\\\/#\\\/schema\\\/person\\\/10d11eccf6da3662cf5fdab9806ea91a\"},\"headline\":\"Yanl\u0131s\u0327 adamlar ill\u0259rl\u0259 pensiya al\u0131b, \u0259lilliyi olanlar k\u0259narda qal\u0131b?\",\"datePublished\":\"2019-06-04T06:32:43+00:00\",\"mainEntityOfPage\":{\"@id\":\"https:\\\/\\\/www.meydan.tv\\\/az\\\/article\\\/yanlis-adamlar-illerle-pensiya-alib-elilliyi-olanlar-kenarda-qalib\\\/\"},\"wordCount\":1793,\"publisher\":{\"@id\":\"https:\\\/\\\/www.meydan.tv\\\/az\\\/#organization\"},\"image\":{\"@id\":\"https:\\\/\\\/www.meydan.tv\\\/az\\\/article\\\/yanlis-adamlar-illerle-pensiya-alib-elilliyi-olanlar-kenarda-qalib\\\/#primaryimage\"},\"thumbnailUrl\":\"https:\\\/\\\/www.meydan.tv\\\/wp-content\\\/uploads\\\/image00004_qwgltuc.jpeg\",\"articleSection\":[\"B\u00f6lg\u0259\"],\"inLanguage\":\"az\"},{\"@type\":\"WebPage\",\"@id\":\"https:\\\/\\\/www.meydan.tv\\\/az\\\/article\\\/yanlis-adamlar-illerle-pensiya-alib-elilliyi-olanlar-kenarda-qalib\\\/\",\"url\":\"https:\\\/\\\/www.meydan.tv\\\/az\\\/article\\\/yanlis-adamlar-illerle-pensiya-alib-elilliyi-olanlar-kenarda-qalib\\\/\",\"name\":\"Yanl\u0131s\u0327 adamlar ill\u0259rl\u0259 pensiya al\u0131b, \u0259lilliyi olanlar k\u0259narda qal\u0131b? - MEYDAN.TV\",\"isPartOf\":{\"@id\":\"https:\\\/\\\/www.meydan.tv\\\/az\\\/#website\"},\"primaryImageOfPage\":{\"@id\":\"https:\\\/\\\/www.meydan.tv\\\/az\\\/article\\\/yanlis-adamlar-illerle-pensiya-alib-elilliyi-olanlar-kenarda-qalib\\\/#primaryimage\"},\"image\":{\"@id\":\"https:\\\/\\\/www.meydan.tv\\\/az\\\/article\\\/yanlis-adamlar-illerle-pensiya-alib-elilliyi-olanlar-kenarda-qalib\\\/#primaryimage\"},\"thumbnailUrl\":\"https:\\\/\\\/www.meydan.tv\\\/wp-content\\\/uploads\\\/image00004_qwgltuc.jpeg\",\"datePublished\":\"2019-06-04T06:32:43+00:00\",\"breadcrumb\":{\"@id\":\"https:\\\/\\\/www.meydan.tv\\\/az\\\/article\\\/yanlis-adamlar-illerle-pensiya-alib-elilliyi-olanlar-kenarda-qalib\\\/#breadcrumb\"},\"inLanguage\":\"az\",\"potentialAction\":[{\"@type\":\"ReadAction\",\"target\":[\"https:\\\/\\\/www.meydan.tv\\\/az\\\/article\\\/yanlis-adamlar-illerle-pensiya-alib-elilliyi-olanlar-kenarda-qalib\\\/\"]}]},{\"@type\":\"ImageObject\",\"inLanguage\":\"az\",\"@id\":\"https:\\\/\\\/www.meydan.tv\\\/az\\\/article\\\/yanlis-adamlar-illerle-pensiya-alib-elilliyi-olanlar-kenarda-qalib\\\/#primaryimage\",\"url\":\"https:\\\/\\\/www.meydan.tv\\\/wp-content\\\/uploads\\\/image00004_qwgltuc.jpeg\",\"contentUrl\":\"https:\\\/\\\/www.meydan.tv\\\/wp-content\\\/uploads\\\/image00004_qwgltuc.jpeg\",\"width\":1365,\"height\":1024,\"caption\":\"Source: meydan.tv\"},{\"@type\":\"BreadcrumbList\",\"@id\":\"https:\\\/\\\/www.meydan.tv\\\/az\\\/article\\\/yanlis-adamlar-illerle-pensiya-alib-elilliyi-olanlar-kenarda-qalib\\\/#breadcrumb\",\"itemListElement\":[{\"@type\":\"ListItem\",\"position\":1,\"name\":\"Ana s\u0259hif\u0259\",\"item\":\"https:\\\/\\\/www.meydan.tv\\\/az\\\/\"},{\"@type\":\"ListItem\",\"position\":2,\"name\":\"B\u00f6lg\u0259\",\"item\":\"https:\\\/\\\/www.meydan.tv\\\/az\\\/section\\\/bolge\\\/\"},{\"@type\":\"ListItem\",\"position\":3,\"name\":\"Yanl\u0131s\u0327 adamlar ill\u0259rl\u0259 pensiya al\u0131b, \u0259lilliyi olanlar k\u0259narda qal\u0131b?\"}]},{\"@type\":\"WebSite\",\"@id\":\"https:\\\/\\\/www.meydan.tv\\\/az\\\/#website\",\"url\":\"https:\\\/\\\/www.meydan.tv\\\/az\\\/\",\"name\":\"MEYDAN.TV\",\"description\":\"Meydan TV Az\u0259rbaycan\u0131n media m\u0259kan\u0131ndak\u0131 alternativ s\u0259sidir\",\"publisher\":{\"@id\":\"https:\\\/\\\/www.meydan.tv\\\/az\\\/#organization\"},\"potentialAction\":[{\"@type\":\"SearchAction\",\"target\":{\"@type\":\"EntryPoint\",\"urlTemplate\":\"https:\\\/\\\/www.meydan.tv\\\/az\\\/?s={search_term_string}\"},\"query-input\":{\"@type\":\"PropertyValueSpecification\",\"valueRequired\":true,\"valueName\":\"search_term_string\"}}],\"inLanguage\":\"az\"},{\"@type\":\"Organization\",\"@id\":\"https:\\\/\\\/www.meydan.tv\\\/az\\\/#organization\",\"name\":\"Meydan TV\",\"url\":\"https:\\\/\\\/www.meydan.tv\\\/az\\\/\",\"logo\":{\"@type\":\"ImageObject\",\"inLanguage\":\"az\",\"@id\":\"https:\\\/\\\/www.meydan.tv\\\/az\\\/#\\\/schema\\\/logo\\\/image\\\/\",\"url\":\"https:\\\/\\\/www.meydan.tv\\\/wp-content\\\/uploads\\\/2021\\\/07\\\/meydan-logo.svg\",\"contentUrl\":\"https:\\\/\\\/www.meydan.tv\\\/wp-content\\\/uploads\\\/2021\\\/07\\\/meydan-logo.svg\",\"width\":195,\"height\":46,\"caption\":\"Meydan TV\"},\"image\":{\"@id\":\"https:\\\/\\\/www.meydan.tv\\\/az\\\/#\\\/schema\\\/logo\\\/image\\\/\"}},{\"@type\":\"Person\",\"@id\":\"https:\\\/\\\/www.meydan.tv\\\/az\\\/#\\\/schema\\\/person\\\/10d11eccf6da3662cf5fdab9806ea91a\",\"name\":\"user-manager\"}]}<\/script>\n<!-- \/ Yoast SEO plugin. -->","yoast_head_json":{"title":"Yanl\u0131s\u0327 adamlar ill\u0259rl\u0259 pensiya al\u0131b, \u0259lilliyi olanlar k\u0259narda qal\u0131b? - MEYDAN.TV","robots":{"index":"index","follow":"follow","max-snippet":"max-snippet:-1","max-image-preview":"max-image-preview:large","max-video-preview":"max-video-preview:-1"},"canonical":"https:\/\/www.meydan.tv\/az\/article\/yanlis-adamlar-illerle-pensiya-alib-elilliyi-olanlar-kenarda-qalib\/","og_locale":"az_AZ","og_type":"article","og_title":"Yanl\u0131s\u0327 adamlar ill\u0259rl\u0259 pensiya al\u0131b, \u0259lilliyi olanlar k\u0259narda qal\u0131b? - MEYDAN.TV","og_description":"Hec\u0327 n\u0259d\u0259n bas\u0327\u0131m c\u0327\u0131xm\u0131r, u\u0308st\u0259lik, go\u0308zu\u0308m go\u0308rmu\u0308r, pulum v\u0259 orada qalmag\u0306a yerim yoxdur","og_url":"https:\/\/www.meydan.tv\/az\/article\/yanlis-adamlar-illerle-pensiya-alib-elilliyi-olanlar-kenarda-qalib\/","og_site_name":"MEYDAN.TV","article_published_time":"2019-06-04T06:32:43+00:00","og_image":[{"width":1365,"height":1024,"url":"https:\/\/www.meydan.tv\/wp-content\/uploads\/image00004_qwgltuc.jpeg","type":"image\/jpeg"}],"author":"user-manager","twitter_card":"summary_large_image","schema":{"@context":"https:\/\/schema.org","@graph":[{"@type":"Article","@id":"https:\/\/www.meydan.tv\/az\/article\/yanlis-adamlar-illerle-pensiya-alib-elilliyi-olanlar-kenarda-qalib\/#article","isPartOf":{"@id":"https:\/\/www.meydan.tv\/az\/article\/yanlis-adamlar-illerle-pensiya-alib-elilliyi-olanlar-kenarda-qalib\/"},"author":{"name":"user-manager","@id":"https:\/\/www.meydan.tv\/az\/#\/schema\/person\/10d11eccf6da3662cf5fdab9806ea91a"},"headline":"Yanl\u0131s\u0327 adamlar ill\u0259rl\u0259 pensiya al\u0131b, \u0259lilliyi olanlar k\u0259narda qal\u0131b?","datePublished":"2019-06-04T06:32:43+00:00","mainEntityOfPage":{"@id":"https:\/\/www.meydan.tv\/az\/article\/yanlis-adamlar-illerle-pensiya-alib-elilliyi-olanlar-kenarda-qalib\/"},"wordCount":1793,"publisher":{"@id":"https:\/\/www.meydan.tv\/az\/#organization"},"image":{"@id":"https:\/\/www.meydan.tv\/az\/article\/yanlis-adamlar-illerle-pensiya-alib-elilliyi-olanlar-kenarda-qalib\/#primaryimage"},"thumbnailUrl":"https:\/\/www.meydan.tv\/wp-content\/uploads\/image00004_qwgltuc.jpeg","articleSection":["B\u00f6lg\u0259"],"inLanguage":"az"},{"@type":"WebPage","@id":"https:\/\/www.meydan.tv\/az\/article\/yanlis-adamlar-illerle-pensiya-alib-elilliyi-olanlar-kenarda-qalib\/","url":"https:\/\/www.meydan.tv\/az\/article\/yanlis-adamlar-illerle-pensiya-alib-elilliyi-olanlar-kenarda-qalib\/","name":"Yanl\u0131s\u0327 adamlar ill\u0259rl\u0259 pensiya al\u0131b, \u0259lilliyi olanlar k\u0259narda qal\u0131b? - MEYDAN.TV","isPartOf":{"@id":"https:\/\/www.meydan.tv\/az\/#website"},"primaryImageOfPage":{"@id":"https:\/\/www.meydan.tv\/az\/article\/yanlis-adamlar-illerle-pensiya-alib-elilliyi-olanlar-kenarda-qalib\/#primaryimage"},"image":{"@id":"https:\/\/www.meydan.tv\/az\/article\/yanlis-adamlar-illerle-pensiya-alib-elilliyi-olanlar-kenarda-qalib\/#primaryimage"},"thumbnailUrl":"https:\/\/www.meydan.tv\/wp-content\/uploads\/image00004_qwgltuc.jpeg","datePublished":"2019-06-04T06:32:43+00:00","breadcrumb":{"@id":"https:\/\/www.meydan.tv\/az\/article\/yanlis-adamlar-illerle-pensiya-alib-elilliyi-olanlar-kenarda-qalib\/#breadcrumb"},"inLanguage":"az","potentialAction":[{"@type":"ReadAction","target":["https:\/\/www.meydan.tv\/az\/article\/yanlis-adamlar-illerle-pensiya-alib-elilliyi-olanlar-kenarda-qalib\/"]}]},{"@type":"ImageObject","inLanguage":"az","@id":"https:\/\/www.meydan.tv\/az\/article\/yanlis-adamlar-illerle-pensiya-alib-elilliyi-olanlar-kenarda-qalib\/#primaryimage","url":"https:\/\/www.meydan.tv\/wp-content\/uploads\/image00004_qwgltuc.jpeg","contentUrl":"https:\/\/www.meydan.tv\/wp-content\/uploads\/image00004_qwgltuc.jpeg","width":1365,"height":1024,"caption":"Source: meydan.tv"},{"@type":"BreadcrumbList","@id":"https:\/\/www.meydan.tv\/az\/article\/yanlis-adamlar-illerle-pensiya-alib-elilliyi-olanlar-kenarda-qalib\/#breadcrumb","itemListElement":[{"@type":"ListItem","position":1,"name":"Ana s\u0259hif\u0259","item":"https:\/\/www.meydan.tv\/az\/"},{"@type":"ListItem","position":2,"name":"B\u00f6lg\u0259","item":"https:\/\/www.meydan.tv\/az\/section\/bolge\/"},{"@type":"ListItem","position":3,"name":"Yanl\u0131s\u0327 adamlar ill\u0259rl\u0259 pensiya al\u0131b, \u0259lilliyi olanlar k\u0259narda qal\u0131b?"}]},{"@type":"WebSite","@id":"https:\/\/www.meydan.tv\/az\/#website","url":"https:\/\/www.meydan.tv\/az\/","name":"MEYDAN.TV","description":"Meydan TV Az\u0259rbaycan\u0131n media m\u0259kan\u0131ndak\u0131 alternativ s\u0259sidir","publisher":{"@id":"https:\/\/www.meydan.tv\/az\/#organization"},"potentialAction":[{"@type":"SearchAction","target":{"@type":"EntryPoint","urlTemplate":"https:\/\/www.meydan.tv\/az\/?s={search_term_string}"},"query-input":{"@type":"PropertyValueSpecification","valueRequired":true,"valueName":"search_term_string"}}],"inLanguage":"az"},{"@type":"Organization","@id":"https:\/\/www.meydan.tv\/az\/#organization","name":"Meydan TV","url":"https:\/\/www.meydan.tv\/az\/","logo":{"@type":"ImageObject","inLanguage":"az","@id":"https:\/\/www.meydan.tv\/az\/#\/schema\/logo\/image\/","url":"https:\/\/www.meydan.tv\/wp-content\/uploads\/2021\/07\/meydan-logo.svg","contentUrl":"https:\/\/www.meydan.tv\/wp-content\/uploads\/2021\/07\/meydan-logo.svg","width":195,"height":46,"caption":"Meydan TV"},"image":{"@id":"https:\/\/www.meydan.tv\/az\/#\/schema\/logo\/image\/"}},{"@type":"Person","@id":"https:\/\/www.meydan.tv\/az\/#\/schema\/person\/10d11eccf6da3662cf5fdab9806ea91a","name":"user-manager"}]}},"_links":{"self":[{"href":"https:\/\/www.meydan.tv\/az\/wp-json\/wp\/v2\/posts\/195706","targetHints":{"allow":["GET"]}}],"collection":[{"href":"https:\/\/www.meydan.tv\/az\/wp-json\/wp\/v2\/posts"}],"about":[{"href":"https:\/\/www.meydan.tv\/az\/wp-json\/wp\/v2\/types\/post"}],"author":[{"embeddable":true,"href":"https:\/\/www.meydan.tv\/az\/wp-json\/wp\/v2\/users\/11"}],"replies":[{"embeddable":true,"href":"https:\/\/www.meydan.tv\/az\/wp-json\/wp\/v2\/comments?post=195706"}],"version-history":[{"count":0,"href":"https:\/\/www.meydan.tv\/az\/wp-json\/wp\/v2\/posts\/195706\/revisions"}],"wp:featuredmedia":[{"embeddable":true,"href":"https:\/\/www.meydan.tv\/az\/wp-json\/wp\/v2\/media\/125034"}],"wp:attachment":[{"href":"https:\/\/www.meydan.tv\/az\/wp-json\/wp\/v2\/media?parent=195706"}],"wp:term":[{"taxonomy":"category","embeddable":true,"href":"https:\/\/www.meydan.tv\/az\/wp-json\/wp\/v2\/categories?post=195706"},{"taxonomy":"post_tag","embeddable":true,"href":"https:\/\/www.meydan.tv\/az\/wp-json\/wp\/v2\/tags?post=195706"}],"curies":[{"name":"wp","href":"https:\/\/api.w.org\/{rel}","templated":true}]}}