{"id":195650,"date":"2019-05-30T21:31:12","date_gmt":"2019-05-30T21:31:12","guid":{"rendered":"https:\/\/www.meydan.tv\/article\/talassemiyali-ovladim-betonun-ustunde-yatir\/"},"modified":"2019-05-30T21:31:12","modified_gmt":"2019-05-30T21:31:12","slug":"talassemiyali-ovladim-betonun-ustunde-yatir","status":"publish","type":"post","link":"https:\/\/www.meydan.tv\/az\/article\/talassemiyali-ovladim-betonun-ustunde-yatir\/","title":{"rendered":"&#8221;Talassemiyal\u0131  \u00f6vlad\u0131m betonun \u00fcst\u00fcnd\u0259 yat\u0131r&#8221;"},"content":{"rendered":"<p>\n  <i><br \/>\n    Yevlaxda \u015f\u0259raitsiz evd\u0259 ya\u015fayan, m\u00fcalic\u0259 oluna bilm\u0259y\u0259n ail\u0259 \u015fikay\u0259t\u00e7idir<br \/>\n  <\/i>\n<\/p>\n<p>\n  Orxan M\u0259mm\u0259dov Yevlax sakinidir. 35 ya\u015f\u0131 var. Talassemiyadan \u0259ziyy\u0259t \u00e7\u0259kir. X\u0259st\u0259liyin\u0259 g\u00f6r\u0259 1-ci qrup \u0259lildir. Ail\u0259sind\u0259 eyni x\u0259st\u0259likd\u0259n \u0259ziyy\u0259t \u00e7\u0259k\u0259n daha bir n\u0259f\u0259r var \u2013 b\u00f6y\u00fck \u00f6vlad\u0131 \u2013 5-ci sinifd\u0259 oxuyan Qarag\u00f6z&#8230;\n<\/p>\n<p>\n  Orxan M\u0259mm\u0259dov Meydan TV-y\u0259 ail\u0259 durumundan dan\u0131\u015f\u0131r. Deyir, bu ail\u0259 t\u0259kc\u0259 a\u011f\u0131r x\u0259st\u0259likl\u0259rd\u0259n yox, h\u0259m d\u0259 acl\u0131qdan, s\u0259fal\u0259td\u0259n \u0259ziyy\u0259t \u00e7\u0259kir.\n<\/p>\n<p>\n  <i><br \/>\n    \u201cVerdikl\u0259ri 30 manat he\u00e7 d\u0259rmanlar\u0131n yar\u0131s\u0131na \u00e7atmad\u0131\u201d<br \/>\n  <\/i>\n<\/p>\n<p>\n  \u201cH\u0259r 21 g\u00fcn\u00fcn tamam\u0131nda q\u0131z\u0131ma qan k\u00f6\u00e7\u00fcr\u00fclm\u0259lidir. \u0130mkans\u0131zl\u0131qdan Bak\u0131ya apara bilmir\u0259m. Uzun m\u00fcdd\u0259t rayon icra hakimiyy\u0259tin\u0259 gedib-g\u0259ldim. Dedim, i\u015f\u0131\u011f\u0131n, qaz\u0131n borcunu \u00f6d\u0259y\u0259 bilmir\u0259m, he\u00e7 olmasa \u00f6d\u0259ni\u015fl\u0259r\u0259 k\u00f6m\u0259k el\u0259sinl\u0259r, x\u0259st\u0259 u\u015faq qaranl\u0131qda, soyuqda qalmas\u0131n. 7 ay \u0259vv\u0259l ad\u0131ma \u201cKapital bank\u201dda kart a\u00e7d\u0131rd\u0131lar, dedil\u0259r, ayda 30 manat ke\u00e7ir\u0259c\u0259yik, gedib g\u00f6t\u00fcr\u0259rs\u0259n, i\u015f\u0131\u011fa, qaza borcunu \u00f6d\u0259y\u0259rs\u0259n, 7 ayda \u00fcst-\u00fcst\u0259 c\u0259mi 90 manat pul k\u00f6\u00e7d\u00fc o karta&#8230; O da bel\u0259 k\u00f6\u00e7d\u00fc ki, h\u0259r d\u0259f\u0259 az\u0131 on d\u0259f\u0259 gedib-g\u0259lirdim, yadlar\u0131na sal\u0131rd\u0131m. Ax\u0131r\u0131nc\u0131 d\u0259f\u0259 d\u0259 iki g\u00fcn \u0259vv\u0259l qon\u015fu getdi, m\u0259nim \u0259v\u0259zimd\u0259n xahi\u015f el\u0259di ki, u\u015fa\u011fa d\u0259rman al\u0131nmal\u0131d\u0131, 30 manat ke\u00e7irtdil\u0259r. Apard\u0131m verdim aptek\u0259, d\u0259rmanlar\u0131n he\u00e7 yar\u0131s\u0131n\u0131 ala bilm\u0259dim. \u0130cra hakimiyy\u0259ti deyir, bizd\u0259 s\u0259nin \u00fc\u00e7\u00fcn pul yoxdur. Biz ancaq yol \u00e7\u0259kirik, bina tikirik&#8230;\u201d\n<\/p>\n<p>\n  M\u0259mm\u0259dovlar\u0131n m\u0259nzili d\u0259 ya\u015famaq \u00fc\u00e7\u00fcn yarars\u0131zd\u0131r. Ail\u0259 ba\u015f\u00e7\u0131s\u0131 deyir, b\u00fct\u00fcn q\u0131\u015f\u0131 soyuq, beton d\u00f6\u015f\u0259m\u0259nin \u00fcst\u00fcnd\u0259 yat\u0131blar, evin tavan\u0131ndan su dam\u0131r, ya\u011f\u0131\u015f sular\u0131 evin i\u00e7in\u0259 dolur. Divarlar n\u0259mi\u015flikd\u0259n g\u00f6y\u0259rib:\n<\/p>\n<p>\n  \u201cKi\u00e7ik u\u015fa\u011f\u0131m Muhammedin 4 ya\u015f\u0131 var. Ail\u0259d\u0259 bir az sa\u011flam olan\u0131m\u0131z odur. O da beton d\u00f6\u015f\u0259m\u0259d\u0259 yata-yata bir g\u00fcn daxili orqanlar\u0131 s\u0131radan \u00e7\u0131xacaq. Qarag\u00f6z d\u0259 dediyim kimi, talassemiyadan \u0259ziyy\u0259t \u00e7\u0259kir, b\u00fct\u00fcn q\u0131\u015f\u0131 u\u015fa\u011f\u0131n \u0259l-aya\u011f\u0131 buz kimi olur, b\u00fct\u00fcn b\u0259d\u0259ni a\u011fr\u0131y\u0131r. Qan da vaxt\u0131nda vurulmayanda hal\u0131 lap pisl\u0259\u015fir\u201d.\n<\/p>\n<p>\n  <i><br \/>\n    \u201cMehriban xan\u0131ma, Leyla xan\u0131ma yaz\u0131rd\u0131m, \u015f\u0259rl\u0259yib h\u0259bs etdil\u0259r\u201d<br \/>\n  <\/i>\n<\/p>\n<p>\n  Orxan M\u0259mm\u0259dov deyir, talassemiyadan \u0259ziyy\u0259t \u00e7\u0259kdiyi halda, 3 il \u0259vv\u0259l onu \u015f\u0259rl\u0259y\u0259r\u0259k h\u0259bs\u0259 d\u0259 at\u0131blar:\n<\/p>\n<p>\n  \u201cMehriban xan\u0131ma, \u0130lham m\u00fc\u0259llim\u0259, Leyla xan\u0131ma yaz\u0131rd\u0131m&#8230; Yaz\u0131rd\u0131m ki, ax\u0131 nec\u0259 olur, o boyda Talassemiya M\u0259rk\u0259zi a\u00e7\u0131rs\u0131n\u0131z, gec\u0259-g\u00fcnd\u00fcz talassemiyal\u0131 x\u0259st\u0259l\u0259r\u0259 diqq\u0259td\u0259n, qay\u011f\u0131dan dan\u0131\u015f\u0131rs\u0131z, \u00f6z\u00fcn\u00fcz\u00fc reklam edirsiniz, ancaq bir ail\u0259d\u0259 iki talassemiyal\u0131 x\u0259st\u0259 can verir, \u00f6l\u00fcr, d\u0259rman\u0131n\u0131 da \u00f6z cibind\u0259n al\u0131r, siz\u0259 m\u00fcraci\u0259tl\u0259rin\u0259 cavab vermirsiz&#8230; Ax\u0131rda g\u0259tirib qap\u0131m\u0131n qar\u015f\u0131s\u0131na o\u011furluq mal atd\u0131lar, 2016-c\u0131 ilin yanvar\u0131nda \u015f\u0259rl\u0259yib h\u0259bs el\u0259dil\u0259r. Bil\u0259-bil\u0259 ki, \u015f\u0259rdir, b\u00f6htand\u0131r, m\u0259hk\u0259m\u0259 m\u0259n\u0259 4 il, 10 ay, 5 g\u00fcn c\u0259za k\u0259sdi. Dedi, \u0259limd\u0259n he\u00e7 n\u0259 g\u0259lmir, s\u0259ni a\u00e7\u0131b buraxsam, talassemiyal\u0131 x\u0259st\u0259ni he\u00e7 n\u0259d\u0259n h\u0259bsd\u0259 saxlad\u0131\u011f\u0131 \u00fc\u00e7\u00fcn g\u0259r\u0259k m\u00fcst\u0259ntiqi tutub i\u00e7\u0259ri ats\u0131nlar. H\u0259bsd\u0259 oldu\u011fum m\u00fcdd\u0259td\u0259 anam\u0131n d\u00f6ym\u0259diyi qap\u0131, yazmad\u0131\u011f\u0131 qurum qalmad\u0131, m\u0259ni \u0259fv etm\u0259k \u00fc\u00e7\u00fcn anamdan pul ist\u0259dil\u0259r. Sonra baxd\u0131m ki, he\u00e7 bir m\u0259hbusu el\u0259-bel\u0259 \u0259fv el\u0259mirl\u0259r, \u0259fv\u0259 bir-iki ay qalm\u0131\u015f g\u0259lib \u0259rizl\u0259rin \u00fcst\u00fcnd\u0259 pullar\u0131 da y\u0131\u011f\u0131b gedirl\u0259r. Pul ver\u0259nl\u0259r \u00e7\u0131x\u0131r, pul verm\u0259y\u0259nl\u0259r i\u00e7\u0259rid\u0259 qal\u0131r. Anama dedim, daha he\u00e7 yer\u0259 m\u00fcraci\u0259t el\u0259m\u0259, bo\u015f yer\u0259 \u0259ziyy\u0259t \u00e7\u0259km\u0259&#8230;\u201d\n<\/p>\n<p>\n  Orxan M\u0259mm\u0259dov 2 il 8 ay h\u0259bsd\u0259 qald\u0131qdan sonra m\u0259hk\u0259m\u0259y\u0259 m\u00fcraci\u0259t edib:\n<\/p>\n<p>\n  \u201cV\u0259ziyy\u0259tim tam a\u011f\u0131rla\u015fanda, \u00f6l\u00fcmc\u00fcl halda olanda h\u0259bsxana r\u0259isi dedi, \u00f6l\u00fcb \u00fcst\u00fcm\u00fczd\u0259 qalacaqsan, X\u0259z\u0259r Rayon M\u0259hk\u0259m\u0259sin\u0259 bir \u0259riz\u0259 yaz&#8230; Hakim d\u0259h\u015f\u0259t\u0259 g\u0259lmi\u015fdi, h\u0259bsxanan\u0131n \u00f6z n\u00fcmay\u0259nd\u0259sinin yan\u0131nda dedi: \u201cBunlar n\u0259 q\u0259d\u0259r qans\u0131zd\u0131r, bu madd\u0259yl\u0259 bel\u0259 x\u0259st\u0259y\u0259 \u0259n y\u00fcks\u0259k h\u0259dd c\u0259za k\u0259sibl\u0259r, indiy\u0259d\u0259k a\u011f\u0131r v\u0259ziyy\u0259td\u0259 h\u0259bsd\u0259 saxlay\u0131blar. Bel\u0259c\u0259, m\u0259ni 2 il 8 ay h\u0259bsd\u0259 saxlayandan sonra, \u00f6t\u0259n ilin avqustunda m\u0259hk\u0259m\u0259 q\u0259rar\u0131 il\u0259 x\u0259st\u0259liyim\u0259 g\u00f6r\u0259 vaxt\u0131ndan \u0259vv\u0259l azadl\u0131\u011fa burax\u0131ld\u0131m. Dem\u0259yim odur ki, bunlarda insaf, \u0259dal\u0259t deyil\u0259n \u015fey yoxdur, ya\u015famaq haqq\u0131n\u0131 t\u0259l\u0259b ed\u0259n talassemiya x\u0259st\u0259sini d\u0259 \u015f\u0259rl\u0259yib tuta bilirl\u0259r\u201d.\n<\/p>\n<figure class=\"wp-block-image size-large\">\n  <img decoding=\"async\" src=\"https:\/\/www.meydan.tv\/az\/image_from_ios-6-jpg-12\/\" alt=\"image_from_ios (6).jpg\" class=\"wp-image-124740\"\/><figcaption>\n    Orxan M\u0259mm\u0259dov \u00f6vladlar\u0131yla<br \/>\n  <\/figcaption><\/figure>\n<p>\n  <i><br \/>\n    \u201cQank\u00f6\u00e7\u00fcrm\u0259 \u0130nstitutu a\u00e7\u0131q bazard\u0131&#8230;\u201d<br \/>\n  <\/i>\n<\/p>\n<p>\n  Orxan M\u0259mm\u0259dov deyir, Qank\u00f6\u00e7\u00fcrm\u0259 \u0130nstitutunda xidm\u0259t r\u0259sm\u0259n pulsuz, faktiki is\u0259 pulludur:\n<\/p>\n<p>\n  \u201cM\u0259nim ald\u0131\u011f\u0131m 191 manat pensiya he\u00e7 yem\u0259yimiz\u0259 \u00e7atm\u0131r. D\u0259rmanlar\u0131m\u0131 aptekl\u0259rd\u0259n nisy\u0259 al\u0131ram. Biz qan\u0131 k\u0259nardan vurulan adamlar\u0131q. \u0130mmunitetimiz a\u015fa\u011f\u0131 olur, bir az ac qalanda b\u0259d\u0259nimiz sanki t\u00f6k\u00fcl\u00fcr, biz\u0259 kalorili qidalar laz\u0131md\u0131r, ancaq aylarla \u0259t, meyv\u0259 yey\u0259 bilmirik. Anam q\u0131z\u0131m\u0131 21 g\u00fcnd\u0259nbir Bak\u0131ya \u2013 Qank\u00f6\u00e7\u00fcrm\u0259 \u0130nstitutuna qan vurdurma\u011fa apar\u0131b-g\u0259tirir. M\u0259n \u00f6z\u00fcm d\u0259 tez-tez h\u0259min x\u0259st\u0259xanada yat\u0131ram. Bizim yol x\u0259rcimiz anam\u0131n pensiyas\u0131 il\u0259 \u00f6d\u0259nilir. M\u0259n o x\u0259st\u0259xanada h\u0259r d\u0259f\u0259 az\u0131 23-25 g\u00fcn qal\u0131ram. Qank\u00f6\u00e7\u00fcrm\u0259 \u0130nstitutu a\u00e7\u0131q bazard\u0131r. O x\u0259st\u0259xanada az qala ald\u0131\u011f\u0131m\u0131z n\u0259f\u0259s d\u0259 pulludur. A\u00e7\u0131l\u0131b-ba\u011flanan \u00e7arpay\u0131nn g\u00fcn\u00fcn\u0259 2 manat al\u0131rlar. Sisteml\u0259r vurulanda d\u0259rmanlar\u0131na, \u015flanq\u0131na kimi cibimizd\u0259n al\u0131r\u0131q. El\u0259 ki, deyirs\u0259n, Mehriban \u018fliyevaya \u015fikay\u0259t ed\u0259c\u0259m, ql\u00fckoza, natrium-xlorid filan verirl\u0259r, qan vurulmas\u0131 \u00fc\u00e7\u00fcn \u015flanq\u0131 da \u00f6z\u00fcm\u00fcz\u0259 ald\u0131r\u0131rlar. \u018fvv\u0259ll\u0259r \u201cEsonsial\u201d d\u0259rman preparat\u0131 ver\u0259rdil\u0259r, ciy\u0259ri qaydas\u0131nda saxlamaq \u00fc\u00e7\u00fcnd\u00fcr. \u0130ndi onu da \u00f6z\u00fcm\u00fcz\u0259 ald\u0131r\u0131rlar. Laboratoriyaya pul, tibb bac\u0131s\u0131na pul&#8230; Adam bilmir hans\u0131n\u0131 desin&#8230;\u201d\n<\/p>\n<p>\n  <i><br \/>\n    \u201c\u0130cra hakimiyy\u0259tl\u0259rind\u0259 maddi yard\u0131m b\u00fcdc\u0259si olmur\u201d<br \/>\n  <\/i>\n<\/p>\n<p>\n  Yevlax Rayon \u0130cra Hakimiyy\u0259tind\u0259n bildirilib ki, qurumda v\u0259t\u0259nda\u015flara maddi d\u0259st\u0259k g\u00f6st\u0259rm\u0259k \u00fc\u00e7\u00fcn b\u00fcdc\u0259 yoxdur. Orxan M\u0259mm\u0259dov sosial durumu il\u0259 ba\u011fl\u0131 \u018fm\u0259k v\u0259 \u018fhalinin Sosial M\u00fcdafi\u0259si Nazirliyin\u0259, m\u00fcalic\u0259yl\u0259 ba\u011fl\u0131 is\u0259 S\u0259hiyy\u0259 Nazirliyin\u0259 m\u00fcraci\u0259t etm\u0259lidir:\n<\/p>\n<p>\n  \u201c\u018fn pisi odur ki, v\u0259t\u0259nda\u015flar rayon icra hakimiyy\u0259tinin v\u0259zif\u0259sin\u0259 daxil olanlar\u0131 bilmirl\u0259r v\u0259 dinl\u0259m\u0259k d\u0259 ist\u0259mirl\u0259r. V\u0259t\u0259nda\u015flara hans\u0131 m\u0259s\u0259l\u0259d\u0259n \u00f6tr\u00fc hans\u0131 quruma m\u00fcraci\u0259t etm\u0259k laz\u0131md\u0131r dey\u0259, ba\u015fa sal\u0131rsan, iki aya\u011f\u0131n\u0131 bir ba\u015fma\u011fa dir\u0259yir ki, g\u0259l i\u015f\u0131qpulumu \u00f6d\u0259, qazpulumu \u00f6d\u0259, d\u0259rmanlar\u0131m\u0131 al, \u00e7\u00f6r\u0259yimi ver, i\u015f ver&#8230; \u0130\u015f, m\u00fcalic\u0259, sosial yard\u0131m \u00fc\u00e7\u00fcn m\u00fcraci\u0259t etm\u0259y\u0259 ayr\u0131ca qurumlar var, v\u0259t\u0259nda\u015flar icra hakimiyy\u0259tind\u0259n ba\u015fqa qap\u0131 tan\u0131m\u0131rlar. O v\u0259t\u0259nda\u015fa imkan daxilind\u0259 yard\u0131m olunub, h\u0259r\u00e7\u0259nd ki, bu, bizim qurumun v\u0259zif\u0259si deyildi. Sad\u0259c\u0259, q\u0131\u015f m\u00f6vs\u00fcm\u00fc bitinc\u0259 i\u015f\u0131q, qaz pulunu \u00f6d\u0259m\u0259k \u00fc\u00e7\u00fcn ona bank hesab\u0131 a\u00e7d\u0131q, \u0259vv\u0259ld\u0259n d\u0259 dedik ki, bu, m\u00fcv\u0259qq\u0259ti k\u00f6m\u0259kdir, mart ay\u0131nda bit\u0259c\u0259k v\u0259 bitdi. Bundan sonra \u0259laqadar qurumlara m\u00fcraci\u0259t etsin\u201d.\n<\/p>\n<p>\n  Hemotologiya v\u0259 Qank\u00f6\u00e7\u00fcrm\u0259 Elmi T\u0259dqiqat \u0130nstitutundan bildirilib ki, tibbi xidm\u0259t m\u00fcqabilind\u0259 pasiyentl\u0259rd\u0259n pul al\u0131nmas\u0131 il\u0259 ba\u011fl\u0131 deyil\u0259nl\u0259r h\u0259qiq\u0259t\u0259uy\u011fun deyil:\n<\/p>\n<p>\n  \u201cB\u00fct\u00fcn d\u0259rman preparatlar\u0131 v\u0259 qan k\u00f6\u00e7\u00fcr\u00fclm\u0259si \u00fc\u00e7\u00fcn l\u0259vazimatlar d\u00f6vl\u0259t t\u0259r\u0259find\u0259n qar\u015f\u0131lan\u0131r, hans\u0131sa tibb bac\u0131s\u0131 h\u0259min x\u0259st\u0259d\u0259n buna g\u00f6r\u0259 pul t\u0259l\u0259b edirs\u0259, h\u0259min x\u0259st\u0259 ba\u015f h\u0259kim\u0259 m\u00fcraci\u0259t el\u0259sin\u201d.\n<\/p>\n<p>\n  D\u00f6vl\u0259t Proqram\u0131n\u0131n icra m\u00fcdd\u0259ti bitir, x\u0259st\u0259l\u0259rin say\u0131 azalm\u0131r\n<\/p>\n<p>\n  Talassemiya irsi qan x\u0259st\u0259liyidir. Az\u0259rbaycanda h\u0259r il ortalama 300-\u0259 yax\u0131n u\u015faq bu x\u0259st\u0259likl\u0259 do\u011fulur. S\u0259hiyy\u0259 Nazirliyinin m\u0259lumat\u0131na g\u00f6r\u0259, \u00f6lk\u0259d\u0259 talassemiyal\u0131 x\u0259st\u0259l\u0259rin say\u0131 2000-d\u0259n \u00e7oxdur.\n<\/p>\n<figure class=\"wp-block-image size-large\">\n  <img decoding=\"async\" src=\"https:\/\/www.meydan.tv\/az\/image_from_ios-7-jpg-4\/\" alt=\"image_from_ios (7).jpg\" class=\"wp-image-124743\"\/><figcaption>\n    ev<br \/>\n  <\/figcaption><\/figure>\n<p>\n  Az\u0259rbaycanda x\u0259st\u0259liyin qar\u015f\u0131s\u0131n\u0131n al\u0131nmas\u0131 m\u0259qs\u0259dil\u0259 4 il \u0259vv\u0259l 2015-2020-ci ill\u0259r \u00fc\u00e7\u00fcn q\u0259bul olunmu\u015f \u00fc\u00e7\u00fcnc\u00fc D\u00f6vl\u0259t Proqram\u0131 q\u0259bul edilib. Bu Proqram talassemiyal\u0131 x\u0259st\u0259l\u0259r\u0259 tibbi yard\u0131m\u0131n t\u0259kmill\u0259\u015fdirilm\u0259sin\u0259, onlar\u0131n qan v\u0259 d\u0259mirqovucu preparatlarla t\u0259minat\u0131na y\u00f6n\u0259ldilib. S\u0259hiyy\u0259 Nazirliyinin sayt\u0131nda deyilir ki, bel\u0259 x\u0259st\u0259l\u0259rin normal h\u0259yat f\u0259aliyy\u0259ti t\u0259min olunub, \u0259lillik v\u0259 \u00f6l\u00fcm hallar\u0131 azal\u0131b. Ger\u00e7\u0259klik is\u0259 nazirliyin sayt\u0131nda yaz\u0131lanlarla uy\u011fun g\u0259lmir. Bu x\u0259st\u0259likl\u0259 qeydiyyata d\u00fc\u015f\u0259nl\u0259rin say\u0131 ilb\u0259il art\u0131r. 4 il \u0259vv\u0259l q\u0259bul olunmu\u015f v\u0259 ba\u015fa \u00e7atmas\u0131na ikic\u0259 il qalm\u0131\u015f Proqram \u0259sas\u0259n, tibbi yard\u0131m\u0131n daha da t\u0259kmill\u0259\u015fdirilm\u0259si v\u0259 x\u0259st\u0259 u\u015faqlar\u0131n do\u011fulmas\u0131n\u0131n qar\u015f\u0131s\u0131n\u0131n al\u0131nmas\u0131na y\u00f6n\u0259ldils\u0259 d\u0259, g\u00f6zl\u0259nil\u0259n n\u0259tic\u0259 \u0259ld\u0259 olunmay\u0131b. Talassemiyal\u0131 u\u015faqlar \u0259sas\u0259n qohum nikahlara \u00fcst\u00fcnl\u00fck veril\u0259n \u015e\u0259ki, A\u011fda\u015f, Masall\u0131, Sabirabad, O\u011fuz, G\u00f6y\u00e7ay rayonlar\u0131nda rast g\u0259linir. M\u00fct\u0259x\u0259ssisl\u0259r hesab edir ki, qan qohumlu\u011fu olan \u015f\u0259xsl\u0259rd\u0259n d\u00fcnyaya g\u0259lmi\u015f u\u015faqlar\u0131n talassemiya x\u0259st\u0259si olmas\u0131 ehtimal\u0131 daha \u00e7oxdur. Az\u0259rbaycanda qohum nikahlara qada\u011fa qoyulmasa da, 4 il \u0259vv\u0259l Ail\u0259 M\u0259c\u0259ll\u0259sin\u0259 edil\u0259n d\u0259yi\u015fiklikl\u0259r\u0259 g\u00f6r\u0259, bu nikahlar r\u0259smil\u0259\u015fm\u0259mi\u015fd\u0259n t\u0259r\u0259fl\u0259r m\u0259cburi \u015f\u0259kild\u0259 talassemiya v\u0259 dig\u0259r a\u011f\u0131r x\u0259st\u0259likl\u0259r bar\u0259d\u0259 tibbi aray\u0131\u015f t\u0259qdim etm\u0259lidir. M\u00fct\u0259x\u0259ssisl\u0259r hesab edirl\u0259r ki, bu x\u0259st\u0259liyin qar\u015f\u0131s\u0131n\u0131 n\u0259 \u0259n m\u00fcasir tibbi aparatlarla t\u0259chiz olunmu\u015f Talassemiya M\u0259rk\u0259zi tikm\u0259kl\u0259, n\u0259 d\u0259 ba\u015fqa vasit\u0259l\u0259rl\u0259 almaq m\u00fcmk\u00fcnd\u00fcr. \u0130lk n\u00f6vb\u0259d\u0259 qan qohumlu\u011funun v\u0259 talassemiya da\u015f\u0131y\u0131c\u0131s\u0131 olan t\u0259r\u0259fl\u0259rin nikahlar\u0131na son qoyulmal\u0131d\u0131r.<\/p>\n","protected":false},"excerpt":{"rendered":"<p>\u0130lk n\u00f6vb\u0259d\u0259 qan qohumlu\u011funun v\u0259 talassemiya da\u015f\u0131y\u0131c\u0131s\u0131 olan t\u0259r\u0259fl\u0259rin nikahlar\u0131na son qoyulmal\u0131d\u0131r.<\/p>\n","protected":false},"author":11,"featured_media":124737,"comment_status":"closed","ping_status":"open","sticky":false,"template":"","format":"standard","meta":{"_acf_changed":false,"_sitemap_exclude":false,"_sitemap_priority":"","_sitemap_frequency":"","footnotes":""},"categories":[60],"tags":[],"class_list":["post-195650","post","type-post","status-publish","format-standard","has-post-thumbnail","hentry","category-bolge","infinite-scroll-item","generate-columns","tablet-grid-50","mobile-grid-100","grid-parent","grid-33","no-featured-image-padding"],"acf":[],"yoast_head":"<!-- This site is optimized with the Yoast SEO plugin v27.4 - https:\/\/yoast.com\/product\/yoast-seo-wordpress\/ -->\n<title>&#039;&#039;Talassemiyal\u0131 \u00f6vlad\u0131m betonun \u00fcst\u00fcnd\u0259 yat\u0131r&#039;&#039; - MEYDAN.TV<\/title>\n<meta name=\"robots\" content=\"index, follow, max-snippet:-1, max-image-preview:large, max-video-preview:-1\" \/>\n<link rel=\"canonical\" href=\"https:\/\/www.meydan.tv\/az\/article\/talassemiyali-ovladim-betonun-ustunde-yatir\/\" \/>\n<meta property=\"og:locale\" content=\"az_AZ\" \/>\n<meta property=\"og:type\" content=\"article\" \/>\n<meta property=\"og:title\" content=\"&#039;&#039;Talassemiyal\u0131 \u00f6vlad\u0131m betonun \u00fcst\u00fcnd\u0259 yat\u0131r&#039;&#039; - MEYDAN.TV\" \/>\n<meta property=\"og:description\" content=\"\u0130lk n\u00f6vb\u0259d\u0259 qan qohumlu\u011funun v\u0259 talassemiya da\u015f\u0131y\u0131c\u0131s\u0131 olan t\u0259r\u0259fl\u0259rin nikahlar\u0131na son qoyulmal\u0131d\u0131r.\" \/>\n<meta property=\"og:url\" content=\"https:\/\/www.meydan.tv\/az\/article\/talassemiyali-ovladim-betonun-ustunde-yatir\/\" \/>\n<meta property=\"og:site_name\" content=\"MEYDAN.TV\" \/>\n<meta property=\"article:published_time\" content=\"2019-05-30T21:31:12+00:00\" \/>\n<meta property=\"og:image\" content=\"https:\/\/www.meydan.tv\/wp-content\/uploads\/image_from_ios_5_j5jmxgy.jpg\" \/>\n\t<meta property=\"og:image:width\" content=\"1280\" \/>\n\t<meta property=\"og:image:height\" content=\"720\" \/>\n\t<meta property=\"og:image:type\" content=\"image\/jpeg\" \/>\n<meta name=\"author\" content=\"user-manager\" \/>\n<meta name=\"twitter:card\" content=\"summary_large_image\" \/>\n<script type=\"application\/ld+json\" class=\"yoast-schema-graph\">{\"@context\":\"https:\\\/\\\/schema.org\",\"@graph\":[{\"@type\":\"Article\",\"@id\":\"https:\\\/\\\/www.meydan.tv\\\/az\\\/article\\\/talassemiyali-ovladim-betonun-ustunde-yatir\\\/#article\",\"isPartOf\":{\"@id\":\"https:\\\/\\\/www.meydan.tv\\\/az\\\/article\\\/talassemiyali-ovladim-betonun-ustunde-yatir\\\/\"},\"author\":{\"name\":\"user-manager\",\"@id\":\"https:\\\/\\\/www.meydan.tv\\\/az\\\/#\\\/schema\\\/person\\\/10d11eccf6da3662cf5fdab9806ea91a\"},\"headline\":\"&#8221;Talassemiyal\u0131 \u00f6vlad\u0131m betonun \u00fcst\u00fcnd\u0259 yat\u0131r&#8221;\",\"datePublished\":\"2019-05-30T21:31:12+00:00\",\"mainEntityOfPage\":{\"@id\":\"https:\\\/\\\/www.meydan.tv\\\/az\\\/article\\\/talassemiyali-ovladim-betonun-ustunde-yatir\\\/\"},\"wordCount\":1896,\"publisher\":{\"@id\":\"https:\\\/\\\/www.meydan.tv\\\/az\\\/#organization\"},\"image\":{\"@id\":\"https:\\\/\\\/www.meydan.tv\\\/az\\\/article\\\/talassemiyali-ovladim-betonun-ustunde-yatir\\\/#primaryimage\"},\"thumbnailUrl\":\"https:\\\/\\\/www.meydan.tv\\\/wp-content\\\/uploads\\\/image_from_ios_5_j5jmxgy.jpg\",\"articleSection\":[\"B\u00f6lg\u0259\"],\"inLanguage\":\"az\"},{\"@type\":\"WebPage\",\"@id\":\"https:\\\/\\\/www.meydan.tv\\\/az\\\/article\\\/talassemiyali-ovladim-betonun-ustunde-yatir\\\/\",\"url\":\"https:\\\/\\\/www.meydan.tv\\\/az\\\/article\\\/talassemiyali-ovladim-betonun-ustunde-yatir\\\/\",\"name\":\"''Talassemiyal\u0131 \u00f6vlad\u0131m betonun \u00fcst\u00fcnd\u0259 yat\u0131r'' - MEYDAN.TV\",\"isPartOf\":{\"@id\":\"https:\\\/\\\/www.meydan.tv\\\/az\\\/#website\"},\"primaryImageOfPage\":{\"@id\":\"https:\\\/\\\/www.meydan.tv\\\/az\\\/article\\\/talassemiyali-ovladim-betonun-ustunde-yatir\\\/#primaryimage\"},\"image\":{\"@id\":\"https:\\\/\\\/www.meydan.tv\\\/az\\\/article\\\/talassemiyali-ovladim-betonun-ustunde-yatir\\\/#primaryimage\"},\"thumbnailUrl\":\"https:\\\/\\\/www.meydan.tv\\\/wp-content\\\/uploads\\\/image_from_ios_5_j5jmxgy.jpg\",\"datePublished\":\"2019-05-30T21:31:12+00:00\",\"breadcrumb\":{\"@id\":\"https:\\\/\\\/www.meydan.tv\\\/az\\\/article\\\/talassemiyali-ovladim-betonun-ustunde-yatir\\\/#breadcrumb\"},\"inLanguage\":\"az\",\"potentialAction\":[{\"@type\":\"ReadAction\",\"target\":[\"https:\\\/\\\/www.meydan.tv\\\/az\\\/article\\\/talassemiyali-ovladim-betonun-ustunde-yatir\\\/\"]}]},{\"@type\":\"ImageObject\",\"inLanguage\":\"az\",\"@id\":\"https:\\\/\\\/www.meydan.tv\\\/az\\\/article\\\/talassemiyali-ovladim-betonun-ustunde-yatir\\\/#primaryimage\",\"url\":\"https:\\\/\\\/www.meydan.tv\\\/wp-content\\\/uploads\\\/image_from_ios_5_j5jmxgy.jpg\",\"contentUrl\":\"https:\\\/\\\/www.meydan.tv\\\/wp-content\\\/uploads\\\/image_from_ios_5_j5jmxgy.jpg\",\"width\":1280,\"height\":720,\"caption\":\"Source: meydan.tv\"},{\"@type\":\"BreadcrumbList\",\"@id\":\"https:\\\/\\\/www.meydan.tv\\\/az\\\/article\\\/talassemiyali-ovladim-betonun-ustunde-yatir\\\/#breadcrumb\",\"itemListElement\":[{\"@type\":\"ListItem\",\"position\":1,\"name\":\"Ana s\u0259hif\u0259\",\"item\":\"https:\\\/\\\/www.meydan.tv\\\/az\\\/\"},{\"@type\":\"ListItem\",\"position\":2,\"name\":\"B\u00f6lg\u0259\",\"item\":\"https:\\\/\\\/www.meydan.tv\\\/az\\\/section\\\/bolge\\\/\"},{\"@type\":\"ListItem\",\"position\":3,\"name\":\"&#8221;Talassemiyal\u0131 \u00f6vlad\u0131m betonun \u00fcst\u00fcnd\u0259 yat\u0131r&#8221;\"}]},{\"@type\":\"WebSite\",\"@id\":\"https:\\\/\\\/www.meydan.tv\\\/az\\\/#website\",\"url\":\"https:\\\/\\\/www.meydan.tv\\\/az\\\/\",\"name\":\"MEYDAN.TV\",\"description\":\"Meydan TV Az\u0259rbaycan\u0131n media m\u0259kan\u0131ndak\u0131 alternativ s\u0259sidir\",\"publisher\":{\"@id\":\"https:\\\/\\\/www.meydan.tv\\\/az\\\/#organization\"},\"potentialAction\":[{\"@type\":\"SearchAction\",\"target\":{\"@type\":\"EntryPoint\",\"urlTemplate\":\"https:\\\/\\\/www.meydan.tv\\\/az\\\/?s={search_term_string}\"},\"query-input\":{\"@type\":\"PropertyValueSpecification\",\"valueRequired\":true,\"valueName\":\"search_term_string\"}}],\"inLanguage\":\"az\"},{\"@type\":\"Organization\",\"@id\":\"https:\\\/\\\/www.meydan.tv\\\/az\\\/#organization\",\"name\":\"Meydan TV\",\"url\":\"https:\\\/\\\/www.meydan.tv\\\/az\\\/\",\"logo\":{\"@type\":\"ImageObject\",\"inLanguage\":\"az\",\"@id\":\"https:\\\/\\\/www.meydan.tv\\\/az\\\/#\\\/schema\\\/logo\\\/image\\\/\",\"url\":\"https:\\\/\\\/www.meydan.tv\\\/wp-content\\\/uploads\\\/2021\\\/07\\\/meydan-logo.svg\",\"contentUrl\":\"https:\\\/\\\/www.meydan.tv\\\/wp-content\\\/uploads\\\/2021\\\/07\\\/meydan-logo.svg\",\"width\":195,\"height\":46,\"caption\":\"Meydan TV\"},\"image\":{\"@id\":\"https:\\\/\\\/www.meydan.tv\\\/az\\\/#\\\/schema\\\/logo\\\/image\\\/\"}},{\"@type\":\"Person\",\"@id\":\"https:\\\/\\\/www.meydan.tv\\\/az\\\/#\\\/schema\\\/person\\\/10d11eccf6da3662cf5fdab9806ea91a\",\"name\":\"user-manager\"}]}<\/script>\n<!-- \/ Yoast SEO plugin. -->","yoast_head_json":{"title":"''Talassemiyal\u0131 \u00f6vlad\u0131m betonun \u00fcst\u00fcnd\u0259 yat\u0131r'' - MEYDAN.TV","robots":{"index":"index","follow":"follow","max-snippet":"max-snippet:-1","max-image-preview":"max-image-preview:large","max-video-preview":"max-video-preview:-1"},"canonical":"https:\/\/www.meydan.tv\/az\/article\/talassemiyali-ovladim-betonun-ustunde-yatir\/","og_locale":"az_AZ","og_type":"article","og_title":"''Talassemiyal\u0131 \u00f6vlad\u0131m betonun \u00fcst\u00fcnd\u0259 yat\u0131r'' - MEYDAN.TV","og_description":"\u0130lk n\u00f6vb\u0259d\u0259 qan qohumlu\u011funun v\u0259 talassemiya da\u015f\u0131y\u0131c\u0131s\u0131 olan t\u0259r\u0259fl\u0259rin nikahlar\u0131na son qoyulmal\u0131d\u0131r.","og_url":"https:\/\/www.meydan.tv\/az\/article\/talassemiyali-ovladim-betonun-ustunde-yatir\/","og_site_name":"MEYDAN.TV","article_published_time":"2019-05-30T21:31:12+00:00","og_image":[{"width":1280,"height":720,"url":"https:\/\/www.meydan.tv\/wp-content\/uploads\/image_from_ios_5_j5jmxgy.jpg","type":"image\/jpeg"}],"author":"user-manager","twitter_card":"summary_large_image","schema":{"@context":"https:\/\/schema.org","@graph":[{"@type":"Article","@id":"https:\/\/www.meydan.tv\/az\/article\/talassemiyali-ovladim-betonun-ustunde-yatir\/#article","isPartOf":{"@id":"https:\/\/www.meydan.tv\/az\/article\/talassemiyali-ovladim-betonun-ustunde-yatir\/"},"author":{"name":"user-manager","@id":"https:\/\/www.meydan.tv\/az\/#\/schema\/person\/10d11eccf6da3662cf5fdab9806ea91a"},"headline":"&#8221;Talassemiyal\u0131 \u00f6vlad\u0131m betonun \u00fcst\u00fcnd\u0259 yat\u0131r&#8221;","datePublished":"2019-05-30T21:31:12+00:00","mainEntityOfPage":{"@id":"https:\/\/www.meydan.tv\/az\/article\/talassemiyali-ovladim-betonun-ustunde-yatir\/"},"wordCount":1896,"publisher":{"@id":"https:\/\/www.meydan.tv\/az\/#organization"},"image":{"@id":"https:\/\/www.meydan.tv\/az\/article\/talassemiyali-ovladim-betonun-ustunde-yatir\/#primaryimage"},"thumbnailUrl":"https:\/\/www.meydan.tv\/wp-content\/uploads\/image_from_ios_5_j5jmxgy.jpg","articleSection":["B\u00f6lg\u0259"],"inLanguage":"az"},{"@type":"WebPage","@id":"https:\/\/www.meydan.tv\/az\/article\/talassemiyali-ovladim-betonun-ustunde-yatir\/","url":"https:\/\/www.meydan.tv\/az\/article\/talassemiyali-ovladim-betonun-ustunde-yatir\/","name":"''Talassemiyal\u0131 \u00f6vlad\u0131m betonun \u00fcst\u00fcnd\u0259 yat\u0131r'' - MEYDAN.TV","isPartOf":{"@id":"https:\/\/www.meydan.tv\/az\/#website"},"primaryImageOfPage":{"@id":"https:\/\/www.meydan.tv\/az\/article\/talassemiyali-ovladim-betonun-ustunde-yatir\/#primaryimage"},"image":{"@id":"https:\/\/www.meydan.tv\/az\/article\/talassemiyali-ovladim-betonun-ustunde-yatir\/#primaryimage"},"thumbnailUrl":"https:\/\/www.meydan.tv\/wp-content\/uploads\/image_from_ios_5_j5jmxgy.jpg","datePublished":"2019-05-30T21:31:12+00:00","breadcrumb":{"@id":"https:\/\/www.meydan.tv\/az\/article\/talassemiyali-ovladim-betonun-ustunde-yatir\/#breadcrumb"},"inLanguage":"az","potentialAction":[{"@type":"ReadAction","target":["https:\/\/www.meydan.tv\/az\/article\/talassemiyali-ovladim-betonun-ustunde-yatir\/"]}]},{"@type":"ImageObject","inLanguage":"az","@id":"https:\/\/www.meydan.tv\/az\/article\/talassemiyali-ovladim-betonun-ustunde-yatir\/#primaryimage","url":"https:\/\/www.meydan.tv\/wp-content\/uploads\/image_from_ios_5_j5jmxgy.jpg","contentUrl":"https:\/\/www.meydan.tv\/wp-content\/uploads\/image_from_ios_5_j5jmxgy.jpg","width":1280,"height":720,"caption":"Source: meydan.tv"},{"@type":"BreadcrumbList","@id":"https:\/\/www.meydan.tv\/az\/article\/talassemiyali-ovladim-betonun-ustunde-yatir\/#breadcrumb","itemListElement":[{"@type":"ListItem","position":1,"name":"Ana s\u0259hif\u0259","item":"https:\/\/www.meydan.tv\/az\/"},{"@type":"ListItem","position":2,"name":"B\u00f6lg\u0259","item":"https:\/\/www.meydan.tv\/az\/section\/bolge\/"},{"@type":"ListItem","position":3,"name":"&#8221;Talassemiyal\u0131 \u00f6vlad\u0131m betonun \u00fcst\u00fcnd\u0259 yat\u0131r&#8221;"}]},{"@type":"WebSite","@id":"https:\/\/www.meydan.tv\/az\/#website","url":"https:\/\/www.meydan.tv\/az\/","name":"MEYDAN.TV","description":"Meydan TV Az\u0259rbaycan\u0131n media m\u0259kan\u0131ndak\u0131 alternativ s\u0259sidir","publisher":{"@id":"https:\/\/www.meydan.tv\/az\/#organization"},"potentialAction":[{"@type":"SearchAction","target":{"@type":"EntryPoint","urlTemplate":"https:\/\/www.meydan.tv\/az\/?s={search_term_string}"},"query-input":{"@type":"PropertyValueSpecification","valueRequired":true,"valueName":"search_term_string"}}],"inLanguage":"az"},{"@type":"Organization","@id":"https:\/\/www.meydan.tv\/az\/#organization","name":"Meydan TV","url":"https:\/\/www.meydan.tv\/az\/","logo":{"@type":"ImageObject","inLanguage":"az","@id":"https:\/\/www.meydan.tv\/az\/#\/schema\/logo\/image\/","url":"https:\/\/www.meydan.tv\/wp-content\/uploads\/2021\/07\/meydan-logo.svg","contentUrl":"https:\/\/www.meydan.tv\/wp-content\/uploads\/2021\/07\/meydan-logo.svg","width":195,"height":46,"caption":"Meydan TV"},"image":{"@id":"https:\/\/www.meydan.tv\/az\/#\/schema\/logo\/image\/"}},{"@type":"Person","@id":"https:\/\/www.meydan.tv\/az\/#\/schema\/person\/10d11eccf6da3662cf5fdab9806ea91a","name":"user-manager"}]}},"_links":{"self":[{"href":"https:\/\/www.meydan.tv\/az\/wp-json\/wp\/v2\/posts\/195650","targetHints":{"allow":["GET"]}}],"collection":[{"href":"https:\/\/www.meydan.tv\/az\/wp-json\/wp\/v2\/posts"}],"about":[{"href":"https:\/\/www.meydan.tv\/az\/wp-json\/wp\/v2\/types\/post"}],"author":[{"embeddable":true,"href":"https:\/\/www.meydan.tv\/az\/wp-json\/wp\/v2\/users\/11"}],"replies":[{"embeddable":true,"href":"https:\/\/www.meydan.tv\/az\/wp-json\/wp\/v2\/comments?post=195650"}],"version-history":[{"count":0,"href":"https:\/\/www.meydan.tv\/az\/wp-json\/wp\/v2\/posts\/195650\/revisions"}],"wp:featuredmedia":[{"embeddable":true,"href":"https:\/\/www.meydan.tv\/az\/wp-json\/wp\/v2\/media\/124737"}],"wp:attachment":[{"href":"https:\/\/www.meydan.tv\/az\/wp-json\/wp\/v2\/media?parent=195650"}],"wp:term":[{"taxonomy":"category","embeddable":true,"href":"https:\/\/www.meydan.tv\/az\/wp-json\/wp\/v2\/categories?post=195650"},{"taxonomy":"post_tag","embeddable":true,"href":"https:\/\/www.meydan.tv\/az\/wp-json\/wp\/v2\/tags?post=195650"}],"curies":[{"name":"wp","href":"https:\/\/api.w.org\/{rel}","templated":true}]}}