{"id":195649,"date":"2019-05-30T21:11:56","date_gmt":"2019-05-30T21:11:56","guid":{"rendered":"https:\/\/www.meydan.tv\/article\/siyezen-sakini-ramil-usubova-yalan-meruze-etdiler\/"},"modified":"2019-05-30T21:11:56","modified_gmt":"2019-05-30T21:11:56","slug":"siyezen-sakini-ramil-usubova-yalan-meruze-etdiler","status":"publish","type":"post","link":"https:\/\/www.meydan.tv\/az\/article\/siyezen-sakini-ramil-usubova-yalan-meruze-etdiler\/","title":{"rendered":"Siy\u0259z\u0259n sakini: Ramil Usubova yalan m\u0259ruz\u0259 etdil\u0259r"},"content":{"rendered":"<p>\n  <i><br \/>\n    &#x27;&#x27;M\u0259n narkotik, silah satmam\u0131\u015fam, halal mal\u0131md\u0131r, onu nec\u0259 yem\u0259k olar?&#x27;&#x27;<br \/>\n  <\/i>\n<\/p>\n<p>\n  Siy\u0259z\u0259nin Be\u015fdam k\u0259ndinin sakini A\u011fas\u0131 \u0130sg\u0259nd\u0259rov deyir, rayonda i\u015f yeri yoxdur ki, i\u015fl\u0259sin. Ona g\u00f6r\u0259 d\u0259 ill\u0259rdir ail\u0259sini maldarl\u0131q say\u0259sind\u0259 birt\u0259h\u0259r doland\u0131r\u0131rd\u0131. Amma i\u015f el\u0259 g\u0259tirib ki, mal-qaras\u0131n\u0131 almaq ad\u0131yla onu aldad\u0131b, heyvanlar\u0131 g\u00f6t\u00fcr\u00fcb apar\u0131blar.\n<\/p>\n<p>\n  D\u0259l\u0259duzluq qurban\u0131 olan A.\u0130sg\u0259nd\u0259rov dan\u0131\u015f\u0131r ki, aldad\u0131ld\u0131\u011f\u0131n\u0131 ba\u015fa d\u00fc\u015f\u0259nd\u0259n sonra polis\u0259 x\u0259b\u0259r verm\u0259kl\u0259 yana\u015f\u0131, \u00f6z\u00fc d\u0259 mal-qaras\u0131n\u0131 axtarma\u011fa ba\u015flay\u0131b. Bir m\u00fcdd\u0259t sonra onlar\u0131n yerini tap\u0131b da. D\u0259rhal bu haqda da polisi m\u0259lumatland\u0131rd\u0131\u011f\u0131n\u0131 v\u0259 gedib onlar\u0131 g\u0259tirm\u0259kd\u0259n \u00f6tr\u00fc k\u00f6m\u0259k ist\u0259diyini dey\u0259n A.\u0130sg\u0259nd\u0259rovun s\u00f6zl\u0259rin\u0259 g\u00f6r\u0259, ona vaxt\u0131nda bu m\u0259s\u0259l\u0259d\u0259 yard\u0131m ed\u0259n olmay\u0131b:\n<\/p>\n<p>\n  \u201cYalvar\u0131rd\u0131m ki, n\u0259 olar, o mallar m\u0259nim ail\u0259min \u00fcmid yeri, dolan\u0131\u015f\u0131\u011f\u0131d\u0131, k\u00f6m\u0259k el\u0259yin, ged\u0259k g\u0259tir\u0259k. M\u00fcst\u0259ntiq dedi ki, ya\u011f\u0131\u015fd\u0131, qard\u0131, sonra ged\u0259rik. Dedim ki, ma\u015f\u0131n da tapm\u0131\u015fam, \u201cNiva\u201dda apar\u0131b g\u0259tir\u0259c\u0259m sizi, ged\u0259k. Raz\u0131la\u015fmad\u0131. Bir d\u0259 onda getdil\u0259r ki, l\u0259l\u0259 k\u00f6\u00e7\u00fcb, yurdu qalm\u0131\u015fd\u0131. Heyvanlar\u0131m sat\u0131lm\u0131\u015fd\u0131\u201d.\n<\/p>\n<p>\n  <i><br \/>\n    \u201cY\u00fcks\u0259k v\u0259zif\u0259li adamlardan birinin s\u00fcr\u00fcl\u0259rin\u0259 bax\u0131r, ona g\u00f6r\u0259 d\u0259yib-dola\u015fmad\u0131lar\u201d<br \/>\n  <\/i>\n<\/p>\n<p>\n  A.\u0130sg\u0259nd\u0259rovun mal-qaras\u0131n\u0131n d\u0259l\u0259duzluq yoluyla \u0259l\u0259 ke\u00e7irilm\u0259si m\u0259s\u0259l\u0259si Daxili \u0130\u015fl\u0259r Nazirliyinin Ba\u015f \u0130stintaq v\u0259 T\u0259hqiqat \u0130dar\u0259sinin A\u011f\u0131r Cinay\u0259tl\u0259rin \u0130stintaq\u0131 \u015e\u00f6b\u0259sind\u0259 ara\u015fd\u0131r\u0131l\u0131b. \u00c7\u00fcnki A.\u0130sg\u0259nd\u0259rovu aldatmaqda ittiham olunan Mahir \u018fliyevd\u0259n ba\u015fqalar\u0131 da \u015fikay\u0259t\u00e7i olub. B\u00fct\u00fcn \u015fikay\u0259tl\u0259r eyni icraatda birl\u0259\u015fdirilib. Siy\u0259z\u0259n sakini d\u0259 el\u0259 h\u0259min \u015f\u00f6b\u0259d\u0259 i\u015fin istintaq\u0131n\u0131 aparm\u0131\u015f m\u00fcst\u0259ntiq Samir M\u0259cidovdan naraz\u0131d\u0131r. Deyir, vaxt\u0131nda yata\u011fa getm\u0259m\u0259kl\u0259ri bir yana, \u00fcst\u0259lik, cinay\u0259t i\u015finin materiallar\u0131nda da onun ad\u0131ndan saxtakarl\u0131q edibl\u0259r, dindirm\u0259 protokoluna onun verm\u0259diyi ifad\u0259l\u0259ri yaz\u0131b, ad\u0131ndan imza at\u0131blar:\n<\/p>\n<p>\n  \u201cGuya m\u0259n 3 saat dindirm\u0259d\u0259 olmu\u015fam. Daxili \u0130\u015fl\u0259r Nazirliyind\u0259ki kameralara baxs\u0131nlar, g\u00f6r\u0259rl\u0259r ki, h\u0259min g\u00fcn m\u0259n he\u00e7 yar\u0131m saat orada olmam\u0131\u015fam. \u0130mzaya baxanda a\u00e7\u0131q-a\u015fkar g\u00f6r\u00fcn\u00fcr ki, m\u0259nim deyil. M\u0259hk\u0259m\u0259d\u0259 n\u0259 q\u0259d\u0259r m\u0259s\u0259l\u0259 qald\u0131rd\u0131m ki, imza ekspertizaya g\u00f6nd\u0259rilsin. El\u0259m\u0259dil\u0259r\u201d.\n<\/p>\n<p>\n  Mahir \u018fliyev Bak\u0131 A\u011f\u0131r Cinay\u0259tl\u0259r M\u0259hk\u0259m\u0259sinin h\u00f6km\u00fcyl\u0259 3 il 3 ay 22 g\u00fcn azadl\u0131qdan m\u0259hrum edilib. Z\u0259r\u0259r\u00e7\u0259k\u0259n A.\u0130sg\u0259nd\u0259rovun da mal-qaras\u0131n\u0131n bir ne\u00e7\u0259si qaytar\u0131l\u0131b. M\u0259hk\u0259m\u0259nin h\u00f6km\u00fcnd\u0259 yaz\u0131l\u0131b ki, M.\u018fliyev z\u0259r\u0259r\u00e7\u0259k\u0259nin mal-heyvan\u0131n\u0131 \u018fzim adl\u0131 \u015f\u0259xs\u0259 sat\u0131b, ondan pulunu alsa da, g\u0259tirib sahibin\u0259 \u00e7atd\u0131rmay\u0131b:\n<\/p>\n<p>\n  \u201cM\u0259s\u0259l var, deyirl\u0259r, arxal\u0131 k\u00f6p\u0259k qurd basar. E\u015fitdiyim\u0259 g\u00f6r\u0259, \u018fzim d\u0259 y\u00fcks\u0259k v\u0259zif\u0259li adamlardan birinin s\u00fcr\u00fcl\u0259rin\u0259 bax\u0131r, ona g\u00f6r\u0259 ona d\u0259yib-dola\u015fmad\u0131lar. M\u0259nim heyvanlar\u0131m da onun yata\u011f\u0131nda idi\u201d.\n<\/p>\n<p>\n  <i><br \/>\n    \u201cNazir dedi ki, n\u0259 vaxta q\u0259d\u0259r v\u0259t\u0259nda\u015flar m\u00fcst\u0259ntiql\u0259rd\u0259n \u015fikay\u0259t el\u0259y\u0259c\u0259k?\u201d<br \/>\n  <\/i>\n<\/p>\n<p>\n  A.\u0130sg\u0259nd\u0259rov daxili i\u015fl\u0259r naziri Ramil Usubovla g\u00f6r\u00fc\u015f\u00fcb, d\u0259rdini ona dan\u0131\u015f\u0131b. Dan\u0131\u015f\u0131r ki, nazirin Qubada sakinl\u0259rl\u0259 g\u00f6r\u00fc\u015f\u0259c\u0259yini e\u015fid\u0259n kimi gedib q\u0259bula yaz\u0131l\u0131b. Onun nazirin q\u0259buluna yaz\u0131lmas\u0131ndan daxili i\u015fl\u0259r orqanlar\u0131nda x\u0259b\u0259r tutan kimi Bak\u0131ya \u00e7a\u011f\u0131r\u0131blar:\n<\/p>\n<p>\n  \u201cQ\u0259bul g\u00fcn\u00fcnd\u0259n \u0259vv\u0259l iki g\u00fcn ard\u0131c\u0131l m\u0259ni \u00e7a\u011f\u0131rd\u0131lar. Ancaq Daxili \u0130\u015fl\u0259r Nazirliyi deyildi, dey\u0259s\u0259n, M\u00fct\u0259\u015f\u0259kkil Cinay\u0259tkarl\u0131qla M\u00fcbariz\u0259 \u0130dar\u0259si idi. \u00c7\u00fcnki Mahirl\u0259 ba\u015fqa bir adam\u0131 da tutmu\u015fdular, sonradan i\u015fi ay\u0131rd\u0131lar. Bak\u0131n\u0131n X\u0259tai Rayon Polis \u0130dar\u0259sinin m\u00fcst\u0259ntiqi d\u0259 bu i\u015fin istintaq\u0131na qo\u015fulmu\u015fdu, M\u00fct\u0259\u015f\u0259kkil Cinay\u0259tkarl\u0131qla M\u00fcbariz\u0259 \u0130dar\u0259si d\u0259. \u0130stintaq\u0131n r\u0259isi dedi ki, n\u0259 ehtiyac var gedirs\u0259n nazirin q\u0259buluna? Bir a\u011f v\u0259r\u0259q qoydular qar\u015f\u0131ma, bir d\u0259n\u0259 d\u0259 q\u0259l\u0259m. \u00c7a\u011f\u0131rd\u0131 X\u0259tai polisind\u0259n g\u0259l\u0259n m\u00fcst\u0259ntiqi d\u0259. Dedi, gedin, bir az s\u00f6hb\u0259t el\u0259yin, g\u0259lin. M\u00fcst\u0259ntiq dedi ki, 3 min pul veririk s\u0259n\u0259. Raz\u0131la\u015fmad\u0131m, mal-heyvan\u0131m\u0131 ist\u0259dim. G\u0259ldik yen\u0259 istintaq\u0131n r\u0259isinin yan\u0131na, o a\u011f v\u0259r\u0259q\u0259 d\u0259 qol \u00e7\u0259km\u0259dim\u201d.\n<\/p>\n<p>\n  A.\u0130sg\u0259nd\u0259rov q\u0259bul zaman\u0131 nazir\u0259 D\u0130N-in Ba\u015f \u0130stintaq v\u0259 T\u0259hqiqat \u0130dar\u0259sinin A\u011f\u0131r Cinay\u0259tl\u0259rin \u0130stintaq\u0131 \u015e\u00f6b\u0259sinin m\u00fcst\u0259ntiqi Samir M\u0259cidovdan \u015fikay\u0259tl\u0259nib. Onun s\u00f6zl\u0259rin\u0259 g\u00f6r\u0259, h\u0259min vaxt q\u0259bulda R.Usubovdan ba\u015fqa bir n\u0259f\u0259r d\u0259 olub. H\u0259min \u015f\u0259xs onun i\u015find\u0259n \u00f6nc\u0259d\u0259n m\u0259lumatl\u0131 olub:\n<\/p>\n<figure class=\"wp-block-image size-large\">\n  <img decoding=\"async\" src=\"https:\/\/www.meydan.tv\/az\/image_from_ios-4-jpg-29\/\" alt=\"image_from_ios (4).jpg\" class=\"wp-image-124731\"\/><figcaption>\n    protokol<br \/>\n  <\/figcaption><\/figure>\n<p>\n  \u201cC\u0259nab nazir\u0259 \u015fikay\u0259timi dedim. Yan\u0131nda olan h\u0259min adam\u0131 qald\u0131rd\u0131. Dedi, n\u0259 vaxta q\u0259d\u0259r v\u0259t\u0259nda\u015flar m\u00fcst\u0259ntiql\u0259rd\u0259n \u015fikay\u0259t el\u0259y\u0259c\u0259k? Nazir dedi ki, bu i\u015fi \u00f6z n\u0259zar\u0259tim\u0259 g\u00f6t\u00fcr\u00fcr\u0259m, v\u0259t\u0259nda\u015f\u0131n m\u0259s\u0259l\u0259si m\u00fctl\u0259q h\u0259llini taps\u0131n. T\u0259\u0259ss\u00fcfl\u0259r olsun ki, tapmad\u0131. H\u0259min adam c\u0259nab nazir\u0259 yalan m\u0259ruz\u0259 el\u0259di. \u00dcst\u00fcnd\u0259n on g\u00fcn ke\u00e7di, m\u0259ni Daxili \u0130\u015fl\u0259r Nazirliyin\u0259 \u00e7a\u011f\u0131rd\u0131lar, polkovnik-leytenant Nizami m\u00fc\u0259llim m\u0259nd\u0259n ifad\u0259 ald\u0131. Dedi, istintaq\u0131n r\u0259isi d\u0259 s\u0259ni q\u0259bul el\u0259y\u0259c\u0259k. Sonra dedil\u0259r ki, i\u015fi \u00e7\u0131xd\u0131, getdi. Bir g\u0259nc o\u011flan q\u0259bul el\u0259di, ad\u0131 Az\u0259r idi, o da ba\u015f\u0131ndan el\u0259di. Dedi ki, get, i\u015fini m\u0259hk\u0259m\u0259d\u0259 h\u0259ll el\u0259&#8230;\u201d\n<\/p>\n<p>\n  <i><br \/>\n    \u201cKim\u0259 laz\u0131md\u0131r bel\u0259 m\u0259murlar?\u201d<br \/>\n  <\/i>\n<\/p>\n<p>\n  A.\u0130sg\u0259nd\u0259rov deyir ki, maddi durumu pisdir. Evin yegan\u0259 qazanc g\u0259tir\u0259nidir, bir q\u0131z\u0131 Bak\u0131da universitetd\u0259 t\u0259hsil al\u0131r. \u0130\u015f o h\u0259dd\u0259 \u00e7at\u0131b ki, anas\u0131n\u0131n pensiyas\u0131n\u0131n \u00fcmidin\u0259 qal\u0131b:\n<\/p>\n<p>\n  \u201cBel\u0259 haqs\u0131zl\u0131q olmaz. M\u0259n narkotik, silah satmam\u0131\u015fam. Halal mal\u0131md\u0131r, onu nec\u0259 yem\u0259k olar? Prezident m\u0259hk\u0259m\u0259-h\u00fcquq islahatlar\u0131 bar\u0259d\u0259 f\u0259rman imzalad\u0131. N\u0259 olsun? D\u0259yi\u015f\u0259n he\u00e7 n\u0259 yoxdur. Evd\u0259 yegan\u0259 ki\u015fi xeyla\u011f\u0131 m\u0259n\u0259m. 84 ya\u015fl\u0131 anam\u0131n pensiyas\u0131na m\u00f6htac qalm\u0131\u015f\u0131q. Budur h\u00f6kum\u0259t? Kim\u0259 laz\u0131md\u0131r bel\u0259 m\u0259murlar?\u201d\n<\/p>\n<p>\n  Daxili \u0130\u015fl\u0259r Nazirliyind\u0259n A.\u0130sg\u0259nd\u0259rovun dedikl\u0259ril\u0259 ba\u011fl\u0131 r\u0259y almaq m\u00fcmk\u00fcn olmay\u0131b. Onun bu bar\u0259d\u0259 Ba\u015f Prokurorluq v\u0259 ba\u015fqa orqanlara g\u00f6nd\u0259rdiyi \u015fikay\u0259tl\u0259r\u0259 cavab olaraq bildirilib ki, i\u015fi ara\u015fd\u0131r\u0131l\u0131b, ortada q\u00fcvv\u0259y\u0259 minmi\u015f m\u0259hk\u0259m\u0259 h\u00f6km\u00fc var.<\/p>\n","protected":false},"excerpt":{"rendered":"<p>Nazir dedi ki, bu i\u015fi \u00f6z n\u0259zar\u0259tim\u0259 g\u00f6t\u00fcr\u00fcr\u0259m, v\u0259t\u0259nda\u015f\u0131n m\u0259s\u0259l\u0259si m\u00fctl\u0259q h\u0259llini taps\u0131n.<\/p>\n","protected":false},"author":11,"featured_media":124733,"comment_status":"closed","ping_status":"open","sticky":false,"template":"","format":"standard","meta":{"_acf_changed":false,"_sitemap_exclude":false,"_sitemap_priority":"","_sitemap_frequency":"","footnotes":""},"categories":[60],"tags":[],"class_list":["post-195649","post","type-post","status-publish","format-standard","has-post-thumbnail","hentry","category-bolge","infinite-scroll-item","generate-columns","tablet-grid-50","mobile-grid-100","grid-parent","grid-33","no-featured-image-padding"],"acf":[],"yoast_head":"<!-- This site is optimized with the Yoast SEO plugin v27.4 - https:\/\/yoast.com\/product\/yoast-seo-wordpress\/ -->\n<title>Siy\u0259z\u0259n sakini: Ramil Usubova yalan m\u0259ruz\u0259 etdil\u0259r - MEYDAN.TV<\/title>\n<meta name=\"robots\" content=\"index, follow, max-snippet:-1, max-image-preview:large, max-video-preview:-1\" \/>\n<link rel=\"canonical\" href=\"https:\/\/www.meydan.tv\/az\/article\/siyezen-sakini-ramil-usubova-yalan-meruze-etdiler\/\" \/>\n<meta property=\"og:locale\" content=\"az_AZ\" \/>\n<meta property=\"og:type\" content=\"article\" \/>\n<meta property=\"og:title\" content=\"Siy\u0259z\u0259n sakini: Ramil Usubova yalan m\u0259ruz\u0259 etdil\u0259r - MEYDAN.TV\" \/>\n<meta property=\"og:description\" content=\"Nazir dedi ki, bu i\u015fi \u00f6z n\u0259zar\u0259tim\u0259 g\u00f6t\u00fcr\u00fcr\u0259m, v\u0259t\u0259nda\u015f\u0131n m\u0259s\u0259l\u0259si m\u00fctl\u0259q h\u0259llini taps\u0131n.\" \/>\n<meta property=\"og:url\" content=\"https:\/\/www.meydan.tv\/az\/article\/siyezen-sakini-ramil-usubova-yalan-meruze-etdiler\/\" \/>\n<meta property=\"og:site_name\" content=\"MEYDAN.TV\" \/>\n<meta property=\"article:published_time\" content=\"2019-05-30T21:11:56+00:00\" \/>\n<meta property=\"og:image\" content=\"https:\/\/www.meydan.tv\/wp-content\/uploads\/image_from_ios_0572uhx.jpg\" \/>\n\t<meta property=\"og:image:width\" content=\"1000\" \/>\n\t<meta property=\"og:image:height\" content=\"750\" \/>\n\t<meta property=\"og:image:type\" content=\"image\/jpeg\" \/>\n<meta name=\"author\" content=\"user-manager\" \/>\n<meta name=\"twitter:card\" content=\"summary_large_image\" \/>\n<script type=\"application\/ld+json\" class=\"yoast-schema-graph\">{\"@context\":\"https:\\\/\\\/schema.org\",\"@graph\":[{\"@type\":\"Article\",\"@id\":\"https:\\\/\\\/www.meydan.tv\\\/az\\\/article\\\/siyezen-sakini-ramil-usubova-yalan-meruze-etdiler\\\/#article\",\"isPartOf\":{\"@id\":\"https:\\\/\\\/www.meydan.tv\\\/az\\\/article\\\/siyezen-sakini-ramil-usubova-yalan-meruze-etdiler\\\/\"},\"author\":{\"name\":\"user-manager\",\"@id\":\"https:\\\/\\\/www.meydan.tv\\\/az\\\/#\\\/schema\\\/person\\\/10d11eccf6da3662cf5fdab9806ea91a\"},\"headline\":\"Siy\u0259z\u0259n sakini: Ramil Usubova yalan m\u0259ruz\u0259 etdil\u0259r\",\"datePublished\":\"2019-05-30T21:11:56+00:00\",\"mainEntityOfPage\":{\"@id\":\"https:\\\/\\\/www.meydan.tv\\\/az\\\/article\\\/siyezen-sakini-ramil-usubova-yalan-meruze-etdiler\\\/\"},\"wordCount\":1286,\"publisher\":{\"@id\":\"https:\\\/\\\/www.meydan.tv\\\/az\\\/#organization\"},\"image\":{\"@id\":\"https:\\\/\\\/www.meydan.tv\\\/az\\\/article\\\/siyezen-sakini-ramil-usubova-yalan-meruze-etdiler\\\/#primaryimage\"},\"thumbnailUrl\":\"https:\\\/\\\/www.meydan.tv\\\/wp-content\\\/uploads\\\/image_from_ios_0572uhx.jpg\",\"articleSection\":[\"B\u00f6lg\u0259\"],\"inLanguage\":\"az\"},{\"@type\":\"WebPage\",\"@id\":\"https:\\\/\\\/www.meydan.tv\\\/az\\\/article\\\/siyezen-sakini-ramil-usubova-yalan-meruze-etdiler\\\/\",\"url\":\"https:\\\/\\\/www.meydan.tv\\\/az\\\/article\\\/siyezen-sakini-ramil-usubova-yalan-meruze-etdiler\\\/\",\"name\":\"Siy\u0259z\u0259n sakini: Ramil Usubova yalan m\u0259ruz\u0259 etdil\u0259r - MEYDAN.TV\",\"isPartOf\":{\"@id\":\"https:\\\/\\\/www.meydan.tv\\\/az\\\/#website\"},\"primaryImageOfPage\":{\"@id\":\"https:\\\/\\\/www.meydan.tv\\\/az\\\/article\\\/siyezen-sakini-ramil-usubova-yalan-meruze-etdiler\\\/#primaryimage\"},\"image\":{\"@id\":\"https:\\\/\\\/www.meydan.tv\\\/az\\\/article\\\/siyezen-sakini-ramil-usubova-yalan-meruze-etdiler\\\/#primaryimage\"},\"thumbnailUrl\":\"https:\\\/\\\/www.meydan.tv\\\/wp-content\\\/uploads\\\/image_from_ios_0572uhx.jpg\",\"datePublished\":\"2019-05-30T21:11:56+00:00\",\"breadcrumb\":{\"@id\":\"https:\\\/\\\/www.meydan.tv\\\/az\\\/article\\\/siyezen-sakini-ramil-usubova-yalan-meruze-etdiler\\\/#breadcrumb\"},\"inLanguage\":\"az\",\"potentialAction\":[{\"@type\":\"ReadAction\",\"target\":[\"https:\\\/\\\/www.meydan.tv\\\/az\\\/article\\\/siyezen-sakini-ramil-usubova-yalan-meruze-etdiler\\\/\"]}]},{\"@type\":\"ImageObject\",\"inLanguage\":\"az\",\"@id\":\"https:\\\/\\\/www.meydan.tv\\\/az\\\/article\\\/siyezen-sakini-ramil-usubova-yalan-meruze-etdiler\\\/#primaryimage\",\"url\":\"https:\\\/\\\/www.meydan.tv\\\/wp-content\\\/uploads\\\/image_from_ios_0572uhx.jpg\",\"contentUrl\":\"https:\\\/\\\/www.meydan.tv\\\/wp-content\\\/uploads\\\/image_from_ios_0572uhx.jpg\",\"width\":1000,\"height\":750,\"caption\":\"Source: Foto: Meydan.tv\"},{\"@type\":\"BreadcrumbList\",\"@id\":\"https:\\\/\\\/www.meydan.tv\\\/az\\\/article\\\/siyezen-sakini-ramil-usubova-yalan-meruze-etdiler\\\/#breadcrumb\",\"itemListElement\":[{\"@type\":\"ListItem\",\"position\":1,\"name\":\"Ana s\u0259hif\u0259\",\"item\":\"https:\\\/\\\/www.meydan.tv\\\/az\\\/\"},{\"@type\":\"ListItem\",\"position\":2,\"name\":\"B\u00f6lg\u0259\",\"item\":\"https:\\\/\\\/www.meydan.tv\\\/az\\\/section\\\/bolge\\\/\"},{\"@type\":\"ListItem\",\"position\":3,\"name\":\"Siy\u0259z\u0259n sakini: Ramil Usubova yalan m\u0259ruz\u0259 etdil\u0259r\"}]},{\"@type\":\"WebSite\",\"@id\":\"https:\\\/\\\/www.meydan.tv\\\/az\\\/#website\",\"url\":\"https:\\\/\\\/www.meydan.tv\\\/az\\\/\",\"name\":\"MEYDAN.TV\",\"description\":\"Meydan TV Az\u0259rbaycan\u0131n media m\u0259kan\u0131ndak\u0131 alternativ s\u0259sidir\",\"publisher\":{\"@id\":\"https:\\\/\\\/www.meydan.tv\\\/az\\\/#organization\"},\"potentialAction\":[{\"@type\":\"SearchAction\",\"target\":{\"@type\":\"EntryPoint\",\"urlTemplate\":\"https:\\\/\\\/www.meydan.tv\\\/az\\\/?s={search_term_string}\"},\"query-input\":{\"@type\":\"PropertyValueSpecification\",\"valueRequired\":true,\"valueName\":\"search_term_string\"}}],\"inLanguage\":\"az\"},{\"@type\":\"Organization\",\"@id\":\"https:\\\/\\\/www.meydan.tv\\\/az\\\/#organization\",\"name\":\"Meydan TV\",\"url\":\"https:\\\/\\\/www.meydan.tv\\\/az\\\/\",\"logo\":{\"@type\":\"ImageObject\",\"inLanguage\":\"az\",\"@id\":\"https:\\\/\\\/www.meydan.tv\\\/az\\\/#\\\/schema\\\/logo\\\/image\\\/\",\"url\":\"https:\\\/\\\/www.meydan.tv\\\/wp-content\\\/uploads\\\/2021\\\/07\\\/meydan-logo.svg\",\"contentUrl\":\"https:\\\/\\\/www.meydan.tv\\\/wp-content\\\/uploads\\\/2021\\\/07\\\/meydan-logo.svg\",\"width\":195,\"height\":46,\"caption\":\"Meydan TV\"},\"image\":{\"@id\":\"https:\\\/\\\/www.meydan.tv\\\/az\\\/#\\\/schema\\\/logo\\\/image\\\/\"}},{\"@type\":\"Person\",\"@id\":\"https:\\\/\\\/www.meydan.tv\\\/az\\\/#\\\/schema\\\/person\\\/10d11eccf6da3662cf5fdab9806ea91a\",\"name\":\"user-manager\"}]}<\/script>\n<!-- \/ Yoast SEO plugin. -->","yoast_head_json":{"title":"Siy\u0259z\u0259n sakini: Ramil Usubova yalan m\u0259ruz\u0259 etdil\u0259r - MEYDAN.TV","robots":{"index":"index","follow":"follow","max-snippet":"max-snippet:-1","max-image-preview":"max-image-preview:large","max-video-preview":"max-video-preview:-1"},"canonical":"https:\/\/www.meydan.tv\/az\/article\/siyezen-sakini-ramil-usubova-yalan-meruze-etdiler\/","og_locale":"az_AZ","og_type":"article","og_title":"Siy\u0259z\u0259n sakini: Ramil Usubova yalan m\u0259ruz\u0259 etdil\u0259r - MEYDAN.TV","og_description":"Nazir dedi ki, bu i\u015fi \u00f6z n\u0259zar\u0259tim\u0259 g\u00f6t\u00fcr\u00fcr\u0259m, v\u0259t\u0259nda\u015f\u0131n m\u0259s\u0259l\u0259si m\u00fctl\u0259q h\u0259llini taps\u0131n.","og_url":"https:\/\/www.meydan.tv\/az\/article\/siyezen-sakini-ramil-usubova-yalan-meruze-etdiler\/","og_site_name":"MEYDAN.TV","article_published_time":"2019-05-30T21:11:56+00:00","og_image":[{"width":1000,"height":750,"url":"https:\/\/www.meydan.tv\/wp-content\/uploads\/image_from_ios_0572uhx.jpg","type":"image\/jpeg"}],"author":"user-manager","twitter_card":"summary_large_image","schema":{"@context":"https:\/\/schema.org","@graph":[{"@type":"Article","@id":"https:\/\/www.meydan.tv\/az\/article\/siyezen-sakini-ramil-usubova-yalan-meruze-etdiler\/#article","isPartOf":{"@id":"https:\/\/www.meydan.tv\/az\/article\/siyezen-sakini-ramil-usubova-yalan-meruze-etdiler\/"},"author":{"name":"user-manager","@id":"https:\/\/www.meydan.tv\/az\/#\/schema\/person\/10d11eccf6da3662cf5fdab9806ea91a"},"headline":"Siy\u0259z\u0259n sakini: Ramil Usubova yalan m\u0259ruz\u0259 etdil\u0259r","datePublished":"2019-05-30T21:11:56+00:00","mainEntityOfPage":{"@id":"https:\/\/www.meydan.tv\/az\/article\/siyezen-sakini-ramil-usubova-yalan-meruze-etdiler\/"},"wordCount":1286,"publisher":{"@id":"https:\/\/www.meydan.tv\/az\/#organization"},"image":{"@id":"https:\/\/www.meydan.tv\/az\/article\/siyezen-sakini-ramil-usubova-yalan-meruze-etdiler\/#primaryimage"},"thumbnailUrl":"https:\/\/www.meydan.tv\/wp-content\/uploads\/image_from_ios_0572uhx.jpg","articleSection":["B\u00f6lg\u0259"],"inLanguage":"az"},{"@type":"WebPage","@id":"https:\/\/www.meydan.tv\/az\/article\/siyezen-sakini-ramil-usubova-yalan-meruze-etdiler\/","url":"https:\/\/www.meydan.tv\/az\/article\/siyezen-sakini-ramil-usubova-yalan-meruze-etdiler\/","name":"Siy\u0259z\u0259n sakini: Ramil Usubova yalan m\u0259ruz\u0259 etdil\u0259r - MEYDAN.TV","isPartOf":{"@id":"https:\/\/www.meydan.tv\/az\/#website"},"primaryImageOfPage":{"@id":"https:\/\/www.meydan.tv\/az\/article\/siyezen-sakini-ramil-usubova-yalan-meruze-etdiler\/#primaryimage"},"image":{"@id":"https:\/\/www.meydan.tv\/az\/article\/siyezen-sakini-ramil-usubova-yalan-meruze-etdiler\/#primaryimage"},"thumbnailUrl":"https:\/\/www.meydan.tv\/wp-content\/uploads\/image_from_ios_0572uhx.jpg","datePublished":"2019-05-30T21:11:56+00:00","breadcrumb":{"@id":"https:\/\/www.meydan.tv\/az\/article\/siyezen-sakini-ramil-usubova-yalan-meruze-etdiler\/#breadcrumb"},"inLanguage":"az","potentialAction":[{"@type":"ReadAction","target":["https:\/\/www.meydan.tv\/az\/article\/siyezen-sakini-ramil-usubova-yalan-meruze-etdiler\/"]}]},{"@type":"ImageObject","inLanguage":"az","@id":"https:\/\/www.meydan.tv\/az\/article\/siyezen-sakini-ramil-usubova-yalan-meruze-etdiler\/#primaryimage","url":"https:\/\/www.meydan.tv\/wp-content\/uploads\/image_from_ios_0572uhx.jpg","contentUrl":"https:\/\/www.meydan.tv\/wp-content\/uploads\/image_from_ios_0572uhx.jpg","width":1000,"height":750,"caption":"Source: Foto: Meydan.tv"},{"@type":"BreadcrumbList","@id":"https:\/\/www.meydan.tv\/az\/article\/siyezen-sakini-ramil-usubova-yalan-meruze-etdiler\/#breadcrumb","itemListElement":[{"@type":"ListItem","position":1,"name":"Ana s\u0259hif\u0259","item":"https:\/\/www.meydan.tv\/az\/"},{"@type":"ListItem","position":2,"name":"B\u00f6lg\u0259","item":"https:\/\/www.meydan.tv\/az\/section\/bolge\/"},{"@type":"ListItem","position":3,"name":"Siy\u0259z\u0259n sakini: Ramil Usubova yalan m\u0259ruz\u0259 etdil\u0259r"}]},{"@type":"WebSite","@id":"https:\/\/www.meydan.tv\/az\/#website","url":"https:\/\/www.meydan.tv\/az\/","name":"MEYDAN.TV","description":"Meydan TV Az\u0259rbaycan\u0131n media m\u0259kan\u0131ndak\u0131 alternativ s\u0259sidir","publisher":{"@id":"https:\/\/www.meydan.tv\/az\/#organization"},"potentialAction":[{"@type":"SearchAction","target":{"@type":"EntryPoint","urlTemplate":"https:\/\/www.meydan.tv\/az\/?s={search_term_string}"},"query-input":{"@type":"PropertyValueSpecification","valueRequired":true,"valueName":"search_term_string"}}],"inLanguage":"az"},{"@type":"Organization","@id":"https:\/\/www.meydan.tv\/az\/#organization","name":"Meydan TV","url":"https:\/\/www.meydan.tv\/az\/","logo":{"@type":"ImageObject","inLanguage":"az","@id":"https:\/\/www.meydan.tv\/az\/#\/schema\/logo\/image\/","url":"https:\/\/www.meydan.tv\/wp-content\/uploads\/2021\/07\/meydan-logo.svg","contentUrl":"https:\/\/www.meydan.tv\/wp-content\/uploads\/2021\/07\/meydan-logo.svg","width":195,"height":46,"caption":"Meydan TV"},"image":{"@id":"https:\/\/www.meydan.tv\/az\/#\/schema\/logo\/image\/"}},{"@type":"Person","@id":"https:\/\/www.meydan.tv\/az\/#\/schema\/person\/10d11eccf6da3662cf5fdab9806ea91a","name":"user-manager"}]}},"_links":{"self":[{"href":"https:\/\/www.meydan.tv\/az\/wp-json\/wp\/v2\/posts\/195649","targetHints":{"allow":["GET"]}}],"collection":[{"href":"https:\/\/www.meydan.tv\/az\/wp-json\/wp\/v2\/posts"}],"about":[{"href":"https:\/\/www.meydan.tv\/az\/wp-json\/wp\/v2\/types\/post"}],"author":[{"embeddable":true,"href":"https:\/\/www.meydan.tv\/az\/wp-json\/wp\/v2\/users\/11"}],"replies":[{"embeddable":true,"href":"https:\/\/www.meydan.tv\/az\/wp-json\/wp\/v2\/comments?post=195649"}],"version-history":[{"count":0,"href":"https:\/\/www.meydan.tv\/az\/wp-json\/wp\/v2\/posts\/195649\/revisions"}],"wp:featuredmedia":[{"embeddable":true,"href":"https:\/\/www.meydan.tv\/az\/wp-json\/wp\/v2\/media\/124733"}],"wp:attachment":[{"href":"https:\/\/www.meydan.tv\/az\/wp-json\/wp\/v2\/media?parent=195649"}],"wp:term":[{"taxonomy":"category","embeddable":true,"href":"https:\/\/www.meydan.tv\/az\/wp-json\/wp\/v2\/categories?post=195649"},{"taxonomy":"post_tag","embeddable":true,"href":"https:\/\/www.meydan.tv\/az\/wp-json\/wp\/v2\/tags?post=195649"}],"curies":[{"name":"wp","href":"https:\/\/api.w.org\/{rel}","templated":true}]}}