{"id":195613,"date":"2019-05-29T15:53:26","date_gmt":"2019-05-29T15:53:26","guid":{"rendered":"https:\/\/www.meydan.tv\/article\/hakimiyyetin-deyismesinin-formulu\/"},"modified":"2019-05-29T15:53:26","modified_gmt":"2019-05-29T15:53:26","slug":"hakimiyyetin-deyismesinin-formulu","status":"publish","type":"post","link":"https:\/\/www.meydan.tv\/az\/article\/hakimiyyetin-deyismesinin-formulu\/","title":{"rendered":"Hakimiyy\u0259tin d\u0259yi\u015fm\u0259sinin formulu"},"content":{"rendered":"<p>\n  C\u0259miyy\u0259t dinamikdir v\u0259 daim d\u0259yi\u015fir. Sosial inki\u015faf\u0131n t\u0259bii axar\u0131 ist\u0259nil\u0259n halda \u00fcmumi d\u0259yi\u015fikliyi yeti\u015fdirir. Bu d\u0259yi\u015fikliyi bir m\u00fcdd\u0259t yubatmaq m\u00fcmk\u00fcn olsa da onu tamamil\u0259 dayand\u0131rmaq m\u00fcmk\u00fcn deyil. D\u0259yi\u015fikliyin sosiologiyas\u0131n\u0131 \u00f6yr\u0259n\u0259rk\u0259n ayd\u0131n g\u00f6r\u00fcn\u00fcr ki, onun \u00f6n\u00fcn\u00fcn s\u00fcni \u015f\u0259kild\u0259 al\u0131nmas\u0131 olduqca a\u011f\u0131r n\u0259tic\u0259l\u0259r\u0259 s\u0259b\u0259b olur. M\u00fcasir d\u00fcnyada m\u00fcsb\u0259t d\u0259yi\u015fikliyin taksanomiyas\u0131 c\u0259miyy\u0259tl\u0259rin siyasi haz\u0131rl\u0131\u011f\u0131ndan v\u0259 se\u00e7ki il\u0259 hakimiyy\u0259tl\u0259rin t\u0259bii \u0259v\u0259zl\u0259nm\u0259sind\u0259n bilavasit\u0259 as\u0131l\u0131d\u0131r.\n<\/p>\n<p>\n  Hakimiyy\u0259t d\u0259yi\u015fikliyi prosesinin \u00f6n\u00fc zorak\u0131 \u00fcsullarla al\u0131nd\u0131qda c\u0259miyy\u0259tin z\u0259ncirvari pozitiv inki\u015faf\u0131ndan dan\u0131\u015fmaq olmaz. C\u0259miyy\u0259tin b\u00fct\u00fcn sah\u0259l\u0259rind\u0259 \u0259tal\u0259t, dur\u011funluq, talan\u00e7\u0131l\u0131q v\u0259 h\u00fcquqi nihilizm ba\u015f verir. Bu sindrom davam etdikc\u0259 konstruktiv m\u00fcnasib\u0259tl\u0259r sistemi tamamil\u0259 z\u0259d\u0259l\u0259nir. Kataklizml\u0259rin ba\u015f verm\u0259si ehtimal\u0131 y\u00fcks\u0259lir. C\u0259miyy\u0259t t\u0259drici prosesl\u0259r\u0259 deyil, ani hadis\u0259l\u0259r\u0259 daha h\u0259ssas yana\u015f\u0131r v\u0259 da\u011f\u0131d\u0131c\u0131 meyll\u0259r\u0259 reaksiyas\u0131 art\u0131r.\n<\/p>\n<p>\n  \u00d6lk\u0259d\u0259 m\u00f6vcud olan real sosial-siyasi m\u0259nz\u0259r\u0259ni analiz ed\u0259rk\u0259n hakimiyy\u0259tin d\u0259yi\u015fm\u0259si il\u0259 ba\u011fl\u0131 iki sad\u0259 formul \u00fcz\u0259rind\u0259 dayanaq. Bunlardan biri hakimiyy\u0259tin \u00f6z\u00fcn\u00fcn d\u0259yi\u015fm\u0259sidir, dig\u0259ri is\u0259 c\u0259miyy\u0259tin hakimiyy\u0259ti d\u0259yi\u015fm\u0259sidir.\n<\/p>\n<p>\n  <b><br \/>\n    Hakimiyy\u0259tin \u00f6z\u00fcn\u00fcn d\u0259yi\u015fm\u0259si nec\u0259 ba\u015f ver\u0259 bil\u0259r<br \/>\n  <\/b><br \/>\n  ?\n<\/p>\n<p>\n  Hakimiyy\u0259tin \u00f6z\u00fcn\u00fc d\u0259yi\u015fm\u0259si iqtisadi, siyasi v\u0259 h\u00fcquqi islahatlardan ke\u00e7ir. Ayd\u0131n siyasi irad\u0259 ortaya qoyaraq ilk n\u00f6vb\u0259d\u0259 \u00f6z\u00fc bu d\u0259yi\u015fikliy\u0259 q\u0259rar verm\u0259lidir. Hakimiyy\u0259t bu d\u0259yi\u015fikliyi ist\u0259yirmi? Real durum n\u0259d\u0259n ibar\u0259tdir? \u00d6lk\u0259 m\u00fcxalif\u0259ti v\u0259 ictimaiyy\u0259t bel\u0259 d\u0259yi\u015fikliy\u0259 nec\u0259 yana\u015f\u0131r?\n<\/p>\n<p>\n  Bu g\u00fcn\u00fcn reall\u0131qlar\u0131ndan baxsaq hakimiyy\u0259tin bel\u0259 bir ist\u0259yi yoxdur. Antidemokratik se\u00e7kil\u0259rl\u0259 hakimiyy\u0259t\u0259 yiy\u0259l\u0259n\u0259n qruplar\u0131n \u00f6z\u00fcn\u00fc k\u00f6n\u00fcll\u00fc d\u0259yi\u015fm\u0259si t\u0259cr\u00fcb\u0259sin\u0259 \u00e7ox nadir hallarda rast g\u0259linir. \u00d6lk\u0259nin b\u00fct\u00fcn sah\u0259l\u0259rin\u0259 total n\u0259zar\u0259t sistemi \u00fcz\u0259rind\u0259 qurulan idar\u0259etm\u0259 yerli v\u0259 m\u0259rk\u0259zi idar\u0259\u00e7il\u0259r\u0259 el\u0259 geni\u015f imtiyaz v\u0259 komfort verib ki, bundan imtina edilm\u0259si \u00e7ox \u00e7\u0259tin t\u0259s\u0259vv\u00fcr olunur.\n<\/p>\n<p>\n  Eyni zamanda a\u015fa\u011f\u0131 v\u0259 orta m\u0259murlar, b\u00fcdc\u0259d\u0259n maliyy\u0259l\u0259\u015f\u0259n \u015f\u0259xsl\u0259r, habel\u0259 c\u0259miyy\u0259tin qism\u0259n m\u0259\u015f\u011ful t\u0259b\u0259q\u0259l\u0259ri d\u0259 m\u00f6vcud reall\u0131qlar\u0131n d\u0259yi\u015fm\u0259sin\u0259 h\u0259l\u0259lik a\u00e7\u0131q maraq g\u00f6st\u0259rmirl\u0259r. H\u0259rd\u0259n sosialy\u00f6nl\u00fc kort\u0259bii naraz\u0131l\u0131qlar v\u0259 ki\u00e7ik etirazlar ba\u015f vers\u0259 d\u0259 irimiqyasl\u0131 sosial dal\u011faya ke\u00e7m\u0259si m\u00fc\u015fahid\u0259 edilmir.\n<\/p>\n<p>\n  Hakimiyy\u0259t m\u00fcxalif\u0259tin t\u0259\u015f\u0259bb\u00fcs\u00fc v\u0259 t\u0259\u015fkilat\u00e7\u0131l\u0131\u011f\u0131 il\u0259 ke\u00e7iril\u0259n etiraz mitinql\u0259rinin d\u0259 qar\u015f\u0131s\u0131n\u0131 ala bilib. Qanunsuz m\u0259hdudiyy\u0259tl\u0259r v\u0259 qada\u011falar t\u0259tbiq etm\u0259kl\u0259 m\u00fcxalif\u0259t\u0259 s\u00fcni \u0259ng\u0259l yarad\u0131b.\n<\/p>\n<p>\n  H\u0259m\u00e7inin beyn\u0259lxalq m\u00fcnasib\u0259tl\u0259rd\u0259 arabir t\u0259zah\u00fcr ed\u0259n g\u0259rginlikl\u0259ri d\u0259 b\u0259zi kosmetik add\u0131mlarla d\u0259f etm\u0259k h\u0259l\u0259lik m\u00fcmk\u00fcn olur. Beyn\u0259lxalq ictimaiyy\u0259tin h\u00f6kum\u0259t\u0259 t\u0259zyiql\u0259ri il\u0259 c\u0259miyy\u0259tin reaksiyas\u0131 aras\u0131nda m\u00fct\u0259nasiblik olmad\u0131\u011f\u0131na g\u00f6r\u0259 ist\u0259nil\u0259n g\u0259rginlik \u00f6lk\u0259d\u0259 siyasi f\u0259all\u0131\u011fa s\u0259b\u0259b olmur.\n<\/p>\n<p>\n  \u00d6lk\u0259 m\u00fcxalif\u0259ti hakimiyy\u0259tin ger\u00e7\u0259k islahatlar yolu il\u0259 d\u0259yi\u015fm\u0259sind\u0259 maraql\u0131 olduqlar\u0131n\u0131 d\u0259f\u0259l\u0259rl\u0259 b\u0259yan edib. Ancaq qar\u015f\u0131l\u0131ql\u0131 etimad v\u0259 \u0259m\u0259kda\u015fl\u0131q m\u00fcst\u0259visi olmad\u0131\u011f\u0131na g\u00f6r\u0259 bu istiqam\u0259td\u0259 dialoq yoxdur.\n<\/p>\n<p>\n  Hakimiyy\u0259t bel\u0259 hesab edir ki, onun limiti bitm\u0259yib. H\u0259l\u0259 ki ger\u00e7\u0259k islahatlar aparmadan da bu \u015f\u0259kild\u0259 davam etm\u0259k m\u00fcmk\u00fcnd\u00fcr.\n<\/p>\n<p>\n  <b><br \/>\n    C\u0259miyy\u0259tin hakimiyy\u0259ti d\u0259yi\u015fm\u0259si m\u00fcmk\u00fcnd\u00fcrm\u00fc?<br \/>\n  <\/b>\n<\/p>\n<p>\n  \u0130lk n\u00f6vb\u0259d\u0259 bu istiqam\u0259td\u0259 d\u0259 b\u0259zi suallara cavab axtaraq.\n<\/p>\n<p>\n  C\u0259miyy\u0259tin hakimiyy\u0259ti d\u0259yi\u015fm\u0259si \u00fc\u00e7\u00fcn n\u0259 laz\u0131md\u0131r? Bel\u0259 bir d\u0259yi\u015fiklik yeti\u015fibmi v\u0259 n\u0259 q\u0259d\u0259r realdir?\n<\/p>\n<p>\n  \u00d6lk\u0259 Konstitusiyas\u0131nda hakimiyy\u0259tin m\u0259nb\u0259yi xalqd\u0131r v\u0259 bu irad\u0259nin se\u00e7kil\u0259rl\u0259 ifad\u0259 edilm\u0259si qanunvericilikd\u0259 t\u0259sbit olunub. Lakin reall\u0131q ondan ibar\u0259tdir ki, \u00f6lk\u0259d\u0259 beyn\u0259lxalq standartlara cavab ver\u0259n demokratik se\u00e7kil\u0259rin ke\u00e7irilm\u0259si ciddi problem kimi m\u00f6vcuddur. Yaln\u0131z m\u00fcxalif\u0259tin b\u0259yanatlar\u0131nda deyil, eyni zamanda b\u00fct\u00fcn n\u00fcfuzlu beyn\u0259lxalq hesabatlarda da hakimiyy\u0259tin se\u00e7ki il\u0259 d\u0259yi\u015fm\u0259sinin m\u00fcmk\u00fcns\u00fczl\u00fcy\u00fc d\u0259f\u0259l\u0259rl\u0259 qeyd edilib. AT\u018fT-in Demokratik T\u0259sisatlar v\u0259 \u0130nsan H\u00fcquqlar\u0131 B\u00fcrosu, AB\u015e D\u00f6vl\u0259t Departamenti, Avropa \u0130ttifaq\u0131 v\u0259 dig\u0259r n\u00fcfuzlu qurumlar\u0131n hesabatlar\u0131nda v\u0259 q\u0259tnam\u0259l\u0259rind\u0259 bu fakt ifad\u0259 olunub. Hakimiyy\u0259tin qanun \u00e7\u0259r\u00e7iv\u0259sind\u0259 d\u0259yi\u015f\u0259c\u0259yin\u0259 c\u0259miyy\u0259tin d\u0259 inam\u0131 k\u00f6kl\u00fc \u015f\u0259kild\u0259 sars\u0131l\u0131b.\n<\/p>\n<p>\n  N\u0259z\u0259ri bax\u0131mdan \u00fcmumxalq irad\u0259si ist\u0259nil\u0259n hakimiyy\u0259ti d\u0259yi\u015fdirm\u0259y\u0259 qadirdir.\n<\/p>\n<p>\n  C\u0259miyy\u0259tin f\u0259al i\u015ftirak\u0131 il\u0259 ba\u015f tutan m\u0259xm\u0259ri inqilablar\u0131n ox\u015far v\u0259 f\u0259rqli t\u0259r\u0259fl\u0259ri var. Burada bir s\u0131ra amill\u0259rin rolu v\u0259 t\u0259sirl\u0259ri d\u0259qiq \u00f6yr\u0259nilm\u0259lidir.\n<\/p>\n<p>\n  S\u0259thi ifad\u0259 ets\u0259k, \u0259halinin sosial-iqtisadi v\u0259 psixoloji durumu h\u0259lledicidir.\n<\/p>\n<p>\n  C\u0259miyy\u0259td\u0259 h\u00fcququn v\u0259 azadl\u0131qlar\u0131n m\u0259hdudla\u015fd\u0131r\u0131lmas\u0131, i\u015fsizliyin v\u0259 yoxsullu\u011fun artmas\u0131, habel\u0259, ayr\u0131-se\u00e7kiliyin, t\u0259b\u0259q\u0259l\u0259\u015fm\u0259nin, korrupsiyan\u0131n, r\u00fc\u015fv\u0259tin v\u0259 inzibati zorak\u0131l\u0131\u011f\u0131n do\u011furdu\u011fu g\u0259rginlik inqilabi d\u0259yi\u015fiklik \u00fc\u00e7\u00fcn m\u00fcnbit z\u0259min haz\u0131rlay\u0131r.\n<\/p>\n<p>\n  H\u0259m\u00e7inin c\u0259miyy\u0259tin siyasi prosesl\u0259rd\u0259 f\u0259al v\u0259 ard\u0131c\u0131l i\u015ftirak\u0131n\u0131n \u0259sas \u015f\u0259rtl\u0259rind\u0259n biri d\u0259 alternativ m\u00fcxalif siyasi q\u00fcvv\u0259nin formala\u015fmas\u0131ndan ke\u00e7ir. X\u00fcsusil\u0259 d\u0259 m\u00fcxalif\u0259tin t\u0259\u015fkil etdiyi dinc etirazlar\u0131n vahid g\u00fcc m\u0259rk\u0259zi t\u0259r\u0259find\u0259n idar\u0259 edilm\u0259si siyasi prosesl\u0259rin u\u011furlu inki\u015faf\u0131na g\u0259tirib \u00e7\u0131xara bilir. T\u0259sad\u00fcfi deyil ki, hakimiyy\u0259t d\u0259 b\u00fct\u00fcn vasit\u0259l\u0259rl\u0259 m\u00fcxalif\u0259tin s\u0131ras\u0131ndan lokomotiv t\u0259\u015fkilat\u0131n yaranmas\u0131n\u0131n v\u0259 davaml\u0131 olaraq \u00f6nd\u0259 g\u00f6r\u00fcnm\u0259sinin qar\u015f\u0131s\u0131n\u0131 alma\u011fa \u00e7al\u0131\u015f\u0131r. M\u00fc\u015fahid\u0259l\u0259r g\u00f6st\u0259rir ki, hakimiyy\u0259tin basq\u0131lar\u0131na baxmayaraq, art\u0131q bu istiqam\u0259td\u0259 d\u0259 n\u0259z\u0259r\u0259\u00e7arpan meyll\u0259r var.\n<\/p>\n<p>\n  Habel\u0259, iqtidar\u0131n daxilind\u0259 d\u0259 \u0259n\u0259n\u0259vi m\u00fcnasib\u0259tl\u0259r sisteminin pozulmas\u0131 c\u0259miyy\u0259td\u0259 sosial-siyasi f\u0259all\u0131\u011fa s\u0259b\u0259b olur. M\u0259hz 2016-c\u0131 ilin 26 sentyabr referendumundan sonra \u0259n\u0259n\u0259vi idar\u0259etm\u0259 konyukturas\u0131 t\u0259dric\u0259n d\u0259yi\u015fir. Hakimiyy\u0259t\u0259 ciddi t\u0259sir imkanlar\u0131 olan maraq qruplar\u0131n\u0131n m\u00f6vqeyi qism\u0259n z\u0259ifl\u0259yib.\n<\/p>\n<p>\n  Eyni zamanda regional v\u0259 qlobal beyn\u0259lxalq g\u00fccl\u0259rin siyasi-iqtisadi v\u0259 t\u0259hl\u00fck\u0259sizlik maraqlar\u0131ndan do\u011fan xarici t\u0259sirl\u0259r d\u0259 inqilabi d\u0259yi\u015fiklikl\u0259rd\u0259ki ciddi amill\u0259rd\u0259n biridir. \u00d6lk\u0259mizin yerl\u0259\u015fdiyi co\u011frafiyada c\u0259r\u0259yan ed\u0259n h\u0259rbi-siyasi prosesl\u0259r, onun yaratd\u0131\u011f\u0131 m\u00f6vcud reall\u0131qlar \u00f6lk\u0259d\u0259 g\u0259rginliyi daha da art\u0131ra bil\u0259r.\n<\/p>\n<p>\n  <b><br \/>\n    Son olaraq<br \/>\n  <\/b>\n<\/p>\n<p>\n  Son olaraq, qeyri-azad \u00f6lk\u0259l\u0259rd\u0259 ba\u015f ver\u0259n inqilabi d\u0259yi\u015fiklikl\u0259rin n\u0259tic\u0259si ox\u015far olsa da onun n\u0259 zaman v\u0259 nec\u0259 ba\u015f ver\u0259c\u0259yini proqnozla\u015fd\u0131rmaq m\u00fcmk\u00fcn olmur.\n<\/p>\n<p>\n  C\u0259miyy\u0259td\u0259ki sosial-psixoloji durumun d\u0259rin analizi g\u00f6st\u0259rir ki, \u00f6lk\u0259mizd\u0259 naraz\u0131l\u0131q v\u0259 g\u0259rginlik s\u00fcr\u0259tl\u0259 art\u0131r. \u018fhalinin siyasi f\u0259all\u0131\u011f\u0131na t\u0259kan olan v\u0259 sosial dal\u011fa yarada bil\u0259n amill\u0259rin tam v\u0259 ya qism\u0259n yeti\u015fm\u0259si diqq\u0259t \u00e7\u0259kir. D\u00f6vl\u0259t-v\u0259t\u0259nda\u015f m\u00fcnasib\u0259tl\u0259rind\u0259 etimads\u0131zl\u0131q y\u00fcks\u0259lir. Zorak\u0131l\u0131\u011fa s\u00f6yk\u0259n\u0259n \u0259n\u0259n\u0259vi siyas\u0259t c\u0259miyy\u0259td\u0259 ita\u0259t\u0259 deyil, etiraza s\u0259b\u0259b olur. B\u0259l\u0259 halda hakimiyy\u0259tin d\u0259rin v\u0259 k\u00f6kl\u00fc islahatlarla d\u0259yi\u015fm\u0259si c\u0259miyy\u0259tin hakimiyy\u0259ti inqilabi yolla d\u0259yi\u015fm\u0259sind\u0259n daha vacibdir.<\/p>\n","protected":false},"excerpt":{"rendered":"<p>S\u0259thi ifad\u0259 ets\u0259k, \u0259halinin sosial-iqtisadi v\u0259 psixoloji durumu h\u0259lledicidir<\/p>\n","protected":false},"author":11,"featured_media":124557,"comment_status":"closed","ping_status":"open","sticky":false,"template":"","format":"standard","meta":{"_acf_changed":false,"_sitemap_exclude":false,"_sitemap_priority":"","_sitemap_frequency":"","footnotes":""},"categories":[51],"tags":[],"class_list":["post-195613","post","type-post","status-publish","format-standard","has-post-thumbnail","hentry","category-analitika","infinite-scroll-item","generate-columns","tablet-grid-50","mobile-grid-100","grid-parent","grid-33","no-featured-image-padding"],"acf":[],"yoast_head":"<!-- This site is optimized with the Yoast SEO plugin v27.4 - https:\/\/yoast.com\/product\/yoast-seo-wordpress\/ -->\n<title>Hakimiyy\u0259tin d\u0259yi\u015fm\u0259sinin formulu - MEYDAN.TV<\/title>\n<meta name=\"robots\" content=\"index, follow, max-snippet:-1, max-image-preview:large, max-video-preview:-1\" \/>\n<link rel=\"canonical\" href=\"https:\/\/www.meydan.tv\/az\/article\/hakimiyyetin-deyismesinin-formulu\/\" \/>\n<meta property=\"og:locale\" content=\"az_AZ\" \/>\n<meta property=\"og:type\" content=\"article\" \/>\n<meta property=\"og:title\" content=\"Hakimiyy\u0259tin d\u0259yi\u015fm\u0259sinin formulu - MEYDAN.TV\" \/>\n<meta property=\"og:description\" content=\"S\u0259thi ifad\u0259 ets\u0259k, \u0259halinin sosial-iqtisadi v\u0259 psixoloji durumu h\u0259lledicidir\" \/>\n<meta property=\"og:url\" content=\"https:\/\/www.meydan.tv\/az\/article\/hakimiyyetin-deyismesinin-formulu\/\" \/>\n<meta property=\"og:site_name\" content=\"MEYDAN.TV\" \/>\n<meta property=\"article:published_time\" content=\"2019-05-29T15:53:26+00:00\" \/>\n<meta property=\"og:image\" content=\"https:\/\/www.meydan.tv\/wp-content\/uploads\/052900019228.jpg\" \/>\n\t<meta property=\"og:image:width\" content=\"800\" \/>\n\t<meta property=\"og:image:height\" content=\"600\" \/>\n\t<meta property=\"og:image:type\" content=\"image\/jpeg\" \/>\n<meta name=\"author\" content=\"user-manager\" \/>\n<meta name=\"twitter:card\" content=\"summary_large_image\" \/>\n<script type=\"application\/ld+json\" class=\"yoast-schema-graph\">{\"@context\":\"https:\\\/\\\/schema.org\",\"@graph\":[{\"@type\":\"Article\",\"@id\":\"https:\\\/\\\/www.meydan.tv\\\/az\\\/article\\\/hakimiyyetin-deyismesinin-formulu\\\/#article\",\"isPartOf\":{\"@id\":\"https:\\\/\\\/www.meydan.tv\\\/az\\\/article\\\/hakimiyyetin-deyismesinin-formulu\\\/\"},\"author\":{\"name\":\"user-manager\",\"@id\":\"https:\\\/\\\/www.meydan.tv\\\/az\\\/#\\\/schema\\\/person\\\/10d11eccf6da3662cf5fdab9806ea91a\"},\"headline\":\"Hakimiyy\u0259tin d\u0259yi\u015fm\u0259sinin formulu\",\"datePublished\":\"2019-05-29T15:53:26+00:00\",\"mainEntityOfPage\":{\"@id\":\"https:\\\/\\\/www.meydan.tv\\\/az\\\/article\\\/hakimiyyetin-deyismesinin-formulu\\\/\"},\"wordCount\":1478,\"publisher\":{\"@id\":\"https:\\\/\\\/www.meydan.tv\\\/az\\\/#organization\"},\"image\":{\"@id\":\"https:\\\/\\\/www.meydan.tv\\\/az\\\/article\\\/hakimiyyetin-deyismesinin-formulu\\\/#primaryimage\"},\"thumbnailUrl\":\"https:\\\/\\\/www.meydan.tv\\\/wp-content\\\/uploads\\\/052900019228.jpg\",\"articleSection\":[\"Analitika\"],\"inLanguage\":\"az\"},{\"@type\":\"WebPage\",\"@id\":\"https:\\\/\\\/www.meydan.tv\\\/az\\\/article\\\/hakimiyyetin-deyismesinin-formulu\\\/\",\"url\":\"https:\\\/\\\/www.meydan.tv\\\/az\\\/article\\\/hakimiyyetin-deyismesinin-formulu\\\/\",\"name\":\"Hakimiyy\u0259tin d\u0259yi\u015fm\u0259sinin formulu - MEYDAN.TV\",\"isPartOf\":{\"@id\":\"https:\\\/\\\/www.meydan.tv\\\/az\\\/#website\"},\"primaryImageOfPage\":{\"@id\":\"https:\\\/\\\/www.meydan.tv\\\/az\\\/article\\\/hakimiyyetin-deyismesinin-formulu\\\/#primaryimage\"},\"image\":{\"@id\":\"https:\\\/\\\/www.meydan.tv\\\/az\\\/article\\\/hakimiyyetin-deyismesinin-formulu\\\/#primaryimage\"},\"thumbnailUrl\":\"https:\\\/\\\/www.meydan.tv\\\/wp-content\\\/uploads\\\/052900019228.jpg\",\"datePublished\":\"2019-05-29T15:53:26+00:00\",\"breadcrumb\":{\"@id\":\"https:\\\/\\\/www.meydan.tv\\\/az\\\/article\\\/hakimiyyetin-deyismesinin-formulu\\\/#breadcrumb\"},\"inLanguage\":\"az\",\"potentialAction\":[{\"@type\":\"ReadAction\",\"target\":[\"https:\\\/\\\/www.meydan.tv\\\/az\\\/article\\\/hakimiyyetin-deyismesinin-formulu\\\/\"]}]},{\"@type\":\"ImageObject\",\"inLanguage\":\"az\",\"@id\":\"https:\\\/\\\/www.meydan.tv\\\/az\\\/article\\\/hakimiyyetin-deyismesinin-formulu\\\/#primaryimage\",\"url\":\"https:\\\/\\\/www.meydan.tv\\\/wp-content\\\/uploads\\\/052900019228.jpg\",\"contentUrl\":\"https:\\\/\\\/www.meydan.tv\\\/wp-content\\\/uploads\\\/052900019228.jpg\",\"width\":800,\"height\":600,\"caption\":\"Source: meydan tv\"},{\"@type\":\"BreadcrumbList\",\"@id\":\"https:\\\/\\\/www.meydan.tv\\\/az\\\/article\\\/hakimiyyetin-deyismesinin-formulu\\\/#breadcrumb\",\"itemListElement\":[{\"@type\":\"ListItem\",\"position\":1,\"name\":\"Ana s\u0259hif\u0259\",\"item\":\"https:\\\/\\\/www.meydan.tv\\\/az\\\/\"},{\"@type\":\"ListItem\",\"position\":2,\"name\":\"Analitika\",\"item\":\"https:\\\/\\\/www.meydan.tv\\\/az\\\/section\\\/analitika\\\/\"},{\"@type\":\"ListItem\",\"position\":3,\"name\":\"Hakimiyy\u0259tin d\u0259yi\u015fm\u0259sinin formulu\"}]},{\"@type\":\"WebSite\",\"@id\":\"https:\\\/\\\/www.meydan.tv\\\/az\\\/#website\",\"url\":\"https:\\\/\\\/www.meydan.tv\\\/az\\\/\",\"name\":\"MEYDAN.TV\",\"description\":\"Meydan TV Az\u0259rbaycan\u0131n media m\u0259kan\u0131ndak\u0131 alternativ s\u0259sidir\",\"publisher\":{\"@id\":\"https:\\\/\\\/www.meydan.tv\\\/az\\\/#organization\"},\"potentialAction\":[{\"@type\":\"SearchAction\",\"target\":{\"@type\":\"EntryPoint\",\"urlTemplate\":\"https:\\\/\\\/www.meydan.tv\\\/az\\\/?s={search_term_string}\"},\"query-input\":{\"@type\":\"PropertyValueSpecification\",\"valueRequired\":true,\"valueName\":\"search_term_string\"}}],\"inLanguage\":\"az\"},{\"@type\":\"Organization\",\"@id\":\"https:\\\/\\\/www.meydan.tv\\\/az\\\/#organization\",\"name\":\"Meydan TV\",\"url\":\"https:\\\/\\\/www.meydan.tv\\\/az\\\/\",\"logo\":{\"@type\":\"ImageObject\",\"inLanguage\":\"az\",\"@id\":\"https:\\\/\\\/www.meydan.tv\\\/az\\\/#\\\/schema\\\/logo\\\/image\\\/\",\"url\":\"https:\\\/\\\/www.meydan.tv\\\/wp-content\\\/uploads\\\/2021\\\/07\\\/meydan-logo.svg\",\"contentUrl\":\"https:\\\/\\\/www.meydan.tv\\\/wp-content\\\/uploads\\\/2021\\\/07\\\/meydan-logo.svg\",\"width\":195,\"height\":46,\"caption\":\"Meydan TV\"},\"image\":{\"@id\":\"https:\\\/\\\/www.meydan.tv\\\/az\\\/#\\\/schema\\\/logo\\\/image\\\/\"}},{\"@type\":\"Person\",\"@id\":\"https:\\\/\\\/www.meydan.tv\\\/az\\\/#\\\/schema\\\/person\\\/10d11eccf6da3662cf5fdab9806ea91a\",\"name\":\"user-manager\"}]}<\/script>\n<!-- \/ Yoast SEO plugin. -->","yoast_head_json":{"title":"Hakimiyy\u0259tin d\u0259yi\u015fm\u0259sinin formulu - MEYDAN.TV","robots":{"index":"index","follow":"follow","max-snippet":"max-snippet:-1","max-image-preview":"max-image-preview:large","max-video-preview":"max-video-preview:-1"},"canonical":"https:\/\/www.meydan.tv\/az\/article\/hakimiyyetin-deyismesinin-formulu\/","og_locale":"az_AZ","og_type":"article","og_title":"Hakimiyy\u0259tin d\u0259yi\u015fm\u0259sinin formulu - MEYDAN.TV","og_description":"S\u0259thi ifad\u0259 ets\u0259k, \u0259halinin sosial-iqtisadi v\u0259 psixoloji durumu h\u0259lledicidir","og_url":"https:\/\/www.meydan.tv\/az\/article\/hakimiyyetin-deyismesinin-formulu\/","og_site_name":"MEYDAN.TV","article_published_time":"2019-05-29T15:53:26+00:00","og_image":[{"width":800,"height":600,"url":"https:\/\/www.meydan.tv\/wp-content\/uploads\/052900019228.jpg","type":"image\/jpeg"}],"author":"user-manager","twitter_card":"summary_large_image","schema":{"@context":"https:\/\/schema.org","@graph":[{"@type":"Article","@id":"https:\/\/www.meydan.tv\/az\/article\/hakimiyyetin-deyismesinin-formulu\/#article","isPartOf":{"@id":"https:\/\/www.meydan.tv\/az\/article\/hakimiyyetin-deyismesinin-formulu\/"},"author":{"name":"user-manager","@id":"https:\/\/www.meydan.tv\/az\/#\/schema\/person\/10d11eccf6da3662cf5fdab9806ea91a"},"headline":"Hakimiyy\u0259tin d\u0259yi\u015fm\u0259sinin formulu","datePublished":"2019-05-29T15:53:26+00:00","mainEntityOfPage":{"@id":"https:\/\/www.meydan.tv\/az\/article\/hakimiyyetin-deyismesinin-formulu\/"},"wordCount":1478,"publisher":{"@id":"https:\/\/www.meydan.tv\/az\/#organization"},"image":{"@id":"https:\/\/www.meydan.tv\/az\/article\/hakimiyyetin-deyismesinin-formulu\/#primaryimage"},"thumbnailUrl":"https:\/\/www.meydan.tv\/wp-content\/uploads\/052900019228.jpg","articleSection":["Analitika"],"inLanguage":"az"},{"@type":"WebPage","@id":"https:\/\/www.meydan.tv\/az\/article\/hakimiyyetin-deyismesinin-formulu\/","url":"https:\/\/www.meydan.tv\/az\/article\/hakimiyyetin-deyismesinin-formulu\/","name":"Hakimiyy\u0259tin d\u0259yi\u015fm\u0259sinin formulu - MEYDAN.TV","isPartOf":{"@id":"https:\/\/www.meydan.tv\/az\/#website"},"primaryImageOfPage":{"@id":"https:\/\/www.meydan.tv\/az\/article\/hakimiyyetin-deyismesinin-formulu\/#primaryimage"},"image":{"@id":"https:\/\/www.meydan.tv\/az\/article\/hakimiyyetin-deyismesinin-formulu\/#primaryimage"},"thumbnailUrl":"https:\/\/www.meydan.tv\/wp-content\/uploads\/052900019228.jpg","datePublished":"2019-05-29T15:53:26+00:00","breadcrumb":{"@id":"https:\/\/www.meydan.tv\/az\/article\/hakimiyyetin-deyismesinin-formulu\/#breadcrumb"},"inLanguage":"az","potentialAction":[{"@type":"ReadAction","target":["https:\/\/www.meydan.tv\/az\/article\/hakimiyyetin-deyismesinin-formulu\/"]}]},{"@type":"ImageObject","inLanguage":"az","@id":"https:\/\/www.meydan.tv\/az\/article\/hakimiyyetin-deyismesinin-formulu\/#primaryimage","url":"https:\/\/www.meydan.tv\/wp-content\/uploads\/052900019228.jpg","contentUrl":"https:\/\/www.meydan.tv\/wp-content\/uploads\/052900019228.jpg","width":800,"height":600,"caption":"Source: meydan tv"},{"@type":"BreadcrumbList","@id":"https:\/\/www.meydan.tv\/az\/article\/hakimiyyetin-deyismesinin-formulu\/#breadcrumb","itemListElement":[{"@type":"ListItem","position":1,"name":"Ana s\u0259hif\u0259","item":"https:\/\/www.meydan.tv\/az\/"},{"@type":"ListItem","position":2,"name":"Analitika","item":"https:\/\/www.meydan.tv\/az\/section\/analitika\/"},{"@type":"ListItem","position":3,"name":"Hakimiyy\u0259tin d\u0259yi\u015fm\u0259sinin formulu"}]},{"@type":"WebSite","@id":"https:\/\/www.meydan.tv\/az\/#website","url":"https:\/\/www.meydan.tv\/az\/","name":"MEYDAN.TV","description":"Meydan TV Az\u0259rbaycan\u0131n media m\u0259kan\u0131ndak\u0131 alternativ s\u0259sidir","publisher":{"@id":"https:\/\/www.meydan.tv\/az\/#organization"},"potentialAction":[{"@type":"SearchAction","target":{"@type":"EntryPoint","urlTemplate":"https:\/\/www.meydan.tv\/az\/?s={search_term_string}"},"query-input":{"@type":"PropertyValueSpecification","valueRequired":true,"valueName":"search_term_string"}}],"inLanguage":"az"},{"@type":"Organization","@id":"https:\/\/www.meydan.tv\/az\/#organization","name":"Meydan TV","url":"https:\/\/www.meydan.tv\/az\/","logo":{"@type":"ImageObject","inLanguage":"az","@id":"https:\/\/www.meydan.tv\/az\/#\/schema\/logo\/image\/","url":"https:\/\/www.meydan.tv\/wp-content\/uploads\/2021\/07\/meydan-logo.svg","contentUrl":"https:\/\/www.meydan.tv\/wp-content\/uploads\/2021\/07\/meydan-logo.svg","width":195,"height":46,"caption":"Meydan TV"},"image":{"@id":"https:\/\/www.meydan.tv\/az\/#\/schema\/logo\/image\/"}},{"@type":"Person","@id":"https:\/\/www.meydan.tv\/az\/#\/schema\/person\/10d11eccf6da3662cf5fdab9806ea91a","name":"user-manager"}]}},"_links":{"self":[{"href":"https:\/\/www.meydan.tv\/az\/wp-json\/wp\/v2\/posts\/195613","targetHints":{"allow":["GET"]}}],"collection":[{"href":"https:\/\/www.meydan.tv\/az\/wp-json\/wp\/v2\/posts"}],"about":[{"href":"https:\/\/www.meydan.tv\/az\/wp-json\/wp\/v2\/types\/post"}],"author":[{"embeddable":true,"href":"https:\/\/www.meydan.tv\/az\/wp-json\/wp\/v2\/users\/11"}],"replies":[{"embeddable":true,"href":"https:\/\/www.meydan.tv\/az\/wp-json\/wp\/v2\/comments?post=195613"}],"version-history":[{"count":0,"href":"https:\/\/www.meydan.tv\/az\/wp-json\/wp\/v2\/posts\/195613\/revisions"}],"wp:featuredmedia":[{"embeddable":true,"href":"https:\/\/www.meydan.tv\/az\/wp-json\/wp\/v2\/media\/124557"}],"wp:attachment":[{"href":"https:\/\/www.meydan.tv\/az\/wp-json\/wp\/v2\/media?parent=195613"}],"wp:term":[{"taxonomy":"category","embeddable":true,"href":"https:\/\/www.meydan.tv\/az\/wp-json\/wp\/v2\/categories?post=195613"},{"taxonomy":"post_tag","embeddable":true,"href":"https:\/\/www.meydan.tv\/az\/wp-json\/wp\/v2\/tags?post=195613"}],"curies":[{"name":"wp","href":"https:\/\/api.w.org\/{rel}","templated":true}]}}