{"id":195612,"date":"2019-05-29T15:05:31","date_gmt":"2019-05-29T15:05:31","guid":{"rendered":"https:\/\/www.meydan.tv\/article\/goycay-sakini-mustentiq-qarsi-terefle-elbir-olub-cinayeti-ayagima-yazdi\/"},"modified":"2019-05-29T15:05:31","modified_gmt":"2019-05-29T15:05:31","slug":"goycay-sakini-mustentiq-qarsi-terefle-elbir-olub-cinayeti-ayagima-yazdi","status":"publish","type":"post","link":"https:\/\/www.meydan.tv\/az\/article\/goycay-sakini-mustentiq-qarsi-terefle-elbir-olub-cinayeti-ayagima-yazdi\/","title":{"rendered":"G\u00f6y\u00e7ay sakini: M\u00fcst\u0259ntiq qar\u015f\u0131 t\u0259r\u0259fl\u0259 \u0259lbir olub cinay\u0259ti aya\u011f\u0131ma yazd\u0131"},"content":{"rendered":"<p>\n  <i><br \/>\n    \u0130ki n\u0259f\u0259rin \u00f6l\u00fcm\u00fc il\u0259 n\u0259tic\u0259l\u0259n\u0259n avtoq\u0259zan\u0131n s\u0259b\u0259bkar\u0131 kimdir?<br \/>\n  <\/i>\n<\/p>\n<p>\n  \u201cHadis\u0259ni t\u00f6r\u0259d\u0259n s\u00fcr\u00fcc\u00fc \u015eamax\u0131dand\u0131r. M\u00fcst\u0259ntiq d\u0259 \u015famax\u0131l\u0131 idi. \u018flbir olub, i\u015fl\u0259ri d\u00fcz\u00fcb-qo\u015fub, cinay\u0259ti m\u0259nim aya\u011f\u0131ma yazd\u0131lar. Cinay\u0259t d\u0259 \u00e7ox a\u011f\u0131r \u00e7\u0259kilidir. Ortada iki n\u0259f\u0259r h\u0259yat\u0131n\u0131 itirib. \u0130ki avtomobil\u0259 \u00fcmumilikd\u0259 10 min manata yax\u0131n maddi z\u0259r\u0259r d\u0259yib. Hadis\u0259ni t\u00f6r\u0259d\u0259n qal\u0131b k\u0259narda, h\u0259r \u015feyi m\u0259nim \u00fcz\u0259rim\u0259 y\u0131x\u0131blar. Bu cinay\u0259t m\u0259nim \u00fcst\u00fcmd\u0259 qalsa, h\u0259m h\u0259bs\u0259 ged\u0259c\u0259m, h\u0259m d\u0259 10 min manat\u0131 \u00f6d\u0259m\u0259li olacam\u201d.\n<\/p>\n<p>\n  G\u00f6y\u00e7ay\u0131n Qarayaz\u0131 k\u0259nd sakini, 21 ya\u015fl\u0131 Vasif Cabbarov Meydan TV-y\u0259 dan\u0131\u015f\u0131r ki, \u00f6t\u0259n il iyunun 17-d\u0259 gec\u0259 saat 3 rad\u0259l\u0259rind\u0259 idar\u0259 etdiyi avtomobil \u201cQazel\u201dl\u0259 toqqu\u015fub. N\u0259tic\u0259d\u0259 onun ma\u015f\u0131n\u0131nda olan iki s\u0259rni\u015find\u0259n biri hadis\u0259 yerind\u0259, dig\u0259ri \u015eamax\u0131 M\u0259rk\u0259zi X\u0259st\u0259xanas\u0131nda ke\u00e7inib. \u00d6z\u00fc is\u0259 x\u0259sar\u0259t al\u0131b.\n<\/p>\n<p>\n  <i><br \/>\n    \u201c\u00d6z yolundan q\u0259fil \u0259ks yola ke\u00e7di, toqqu\u015fduq\u201d<br \/>\n  <\/i>\n<\/p>\n<p>\n  Vasif Cabbarov iddia edir ki, avtomobil q\u0259zas\u0131nda g\u00fcnah onda yox, qar\u015f\u0131 t\u0259r\u0259fin s\u00fcr\u00fcc\u00fcs\u00fcnd\u0259 olub:\n<\/p>\n<p>\n  \u201cAvtomobil alveri il\u0259 m\u0259\u015f\u011ful oluram. Ucuz qiym\u0259t\u0259 k\u00f6hn\u0259 avtomobill\u0259ri al\u0131ram, ustada d\u00fcz\u0259ltdirir\u0259m, h\u0259r h\u0259ft\u0259nin \u015f\u0259nb\u0259 g\u00fcnl\u0259ri Sumqay\u0131tdak\u0131 ma\u015f\u0131n bazar\u0131na apar\u0131b sat\u0131ram. H\u0259min vaxt da idar\u0259 etdiyim ma\u015f\u0131n\u0131 Sumqay\u0131ta satma\u011fa apar\u0131rd\u0131m. Y\u0259ni ma\u015f\u0131n\u0131n sahibi s\u0259n\u0259dl\u0259 ba\u015fqas\u0131 idi. Yaz\u0131b ki, guya q\u0259za \u015f\u0259raitini m\u0259n yaratm\u0131\u015fam, qar\u015f\u0131 yola \u00e7\u0131xm\u0131\u015fam. M\u0259n Bak\u0131 istiqam\u0259tind\u0259 h\u0259r\u0259k\u0259t edirdim. \u201cQazel\u201d \u0259ks yolla h\u0259r\u0259k\u0259t edirdi. Toqqu\u015fmaya s\u0259b\u0259b d\u0259 s\u00fcr\u00fcc\u00fcn\u00fcn q\u0259fil \u0259ks yoldan m\u0259nim h\u0259r\u0259k\u0259t etdiyim yola ke\u00e7m\u0259si oldu. M\u0259n \u00f6z s\u00fcr\u0259timl\u0259 yolumu gedirdim, s\u00fcr\u0259tl\u0259 g\u0259ldi, q\u0259fil ke\u00e7di m\u0259nim yoluma, h\u0259r \u015fey bir anda ba\u015f verdi, \u0259yl\u0259ci basma\u011fa macal tapmad\u0131m, toqqu\u015fduq\u201d.\n<\/p>\n<p>\n  \u015eamax\u0131 polisind\u0259n bildirilib ki, bu hadis\u0259 \u00f6t\u0259n yay Bak\u0131-\u015eamax\u0131-Yevlax yolunun \u015eamax\u0131 \u0259razisind\u0259n ke\u00e7\u0259n 123 kilometrliyind\u0259, ya\u015fay\u0131\u015f m\u0259nt\u0259q\u0259si hesab olunan \u0259razid\u0259 ba\u015f verib. Vasif Cabbarov iki n\u0259f\u0259rin \u00f6l\u00fcm\u00fc v\u0259 bir ne\u00e7\u0259 n\u0259f\u0259rin x\u0259sar\u0259t almas\u0131 il\u0259 n\u0259tic\u0259l\u0259n\u0259n q\u0259zan\u0131n ba\u015f verm\u0259sind\u0259 v\u0259 avtomobili s\u0259n\u0259dsiz idar\u0259 etm\u0259kd\u0259 t\u0259qsirl\u0259ndirilib. \u0130stintaq\u0131 \u015e\u00f6b\u0259nin istintaq b\u00f6lm\u0259sinin m\u00fcst\u0259ntiqi Baba Ataki\u015fiyev apar\u0131b. \u00d6t\u0259n ilin noyabr\u0131nda istintaq yekunla\u015f\u0131b v\u0259 i\u015f m\u0259hk\u0259m\u0259 bax\u0131\u015f\u0131na g\u00f6nd\u0259rilib, haz\u0131rda m\u0259hk\u0259m\u0259 prosesi davam edir, m\u0259s\u0259l\u0259y\u0259 h\u00fcquqi qiym\u0259ti d\u0259 m\u0259hk\u0259m\u0259 ver\u0259c\u0259k. Bu s\u0259b\u0259bd\u0259n polis \u015f\u00f6b\u0259si deyil\u0259nl\u0259r\u0259 h\u0259r hans\u0131 m\u00fcnasib\u0259t bildirmir.\n<\/p>\n<p>\n  M\u0259hk\u0259m\u0259 prosesi Bak\u0131 A\u011f\u0131r Cinay\u0259tl\u0259r M\u0259hk\u0259m\u0259sind\u0259 hakim \u0130rad\u0259 H\u0259s\u0259nzad\u0259nin s\u0259drliyi il\u0259 ke\u00e7irilir. 5 ayd\u0131r davam ed\u0259n m\u0259hk\u0259m\u0259d\u0259 t\u0259r\u0259fl\u0259r v\u0259 \u015fahidl\u0259r dindirilib. Vasif Cabbarov m\u0259hk\u0259m\u0259nin gedi\u015fat\u0131ndan da raz\u0131 deyil. Deyir, hadis\u0259 zaman\u0131 qar\u015f\u0131 ma\u015f\u0131n\u0131n s\u00fckan\u0131 arxas\u0131nda \u015eamax\u0131 sakini Nem\u0259t Feyzillayev olsa da, s\u0259n\u0259dl\u0259rd\u0259 avtomobili idar\u0259 ed\u0259n qismind\u0259 s\u00fcr\u00fcc\u00fcn\u00fcn atas\u0131n\u0131n ad\u0131 ke\u00e7ir.\n<\/p>\n<p>\n  <i><br \/>\n    \u201cM\u00fcst\u0259ntiq i\u015fi saxtala\u015fd\u0131r\u0131b, hakim d\u0259 saxta i\u015f\u0259 bax\u0131r\u201d<br \/>\n  <\/i>\n<\/p>\n<p>\n  M\u0259hk\u0259m\u0259nin indiy\u0259d\u0259k dindirdiyi z\u0259r\u0259r\u00e7\u0259kmi\u015f d\u0259, \u015fahidl\u0259r d\u0259 saxtad\u0131r:\n<\/p>\n<p>\n  \u201cM\u00fcst\u0259ntiqin t\u0259rtib etdiyi ittiham akt\u0131 saxtad\u0131r. Hakiml\u0259r saxtakarl\u0131\u011f\u0131 \u00fcz\u0259 \u00e7\u0131xarmaqdansa, saxta \u015fahidl\u0259ri, saxta z\u0259r\u0259r\u00e7\u0259kmi\u015fi dindirir, bizim v\u0259sat\u0259tl\u0259ri q\u0259bul etmir. M\u0259s\u0259l\u0259n, ma\u015f\u0131n\u0131 m\u0259nim yoluma \u00e7\u0131xaran v\u0259 toqqu\u015fmaya s\u0259b\u0259b olan s\u00fcr\u00fcc\u00fc Nem\u0259t Feyzullayevi ma\u015f\u0131ndan iki polis \u0259m\u0259kda\u015f\u0131 \u00e7\u0131xar\u0131b yer\u0259 uzatm\u0131\u015fd\u0131lar. G\u0259lib m\u0259hk\u0259m\u0259d\u0259 a\u011f yalan dan\u0131\u015fd\u0131lar, dedil\u0259r ki, guya Nem\u0259ti hadis\u0259 yerind\u0259 g\u00f6rm\u0259yibl\u0259r. H\u0259r \u015feyi s\u00fcr\u00fcc\u00fcn\u00fcn atas\u0131 \u018fflatun Feyzullayevin ad\u0131na r\u0259smil\u0259\u015fdirilib. Halbuki, h\u0259min adam he\u00e7 hadis\u0259 vaxt\u0131 ma\u015f\u0131nda olmay\u0131b. Hadis\u0259 yerinin yax\u0131nl\u0131\u011f\u0131ndak\u0131 ma\u011fazan\u0131n m\u00fc\u015fahid\u0259 kameras\u0131na bax\u0131\u015f ke\u00e7irilm\u0259sini t\u0259l\u0259b etmi\u015fdim, m\u00fcst\u0259ntiq dedi, h\u0259min vaxt guya kamera i\u015fl\u0259k v\u0259ziyy\u0259td\u0259 olmay\u0131b. Halbuki, kameran\u0131n yadda\u015f\u0131 silinmi\u015fdi. \u00c7\u00fcnki \u0259ks t\u0259r\u0259fd\u0259n g\u0259l\u0259n \u201cQazel\u201d-in m\u0259nim yoluma, qar\u015f\u0131ma \u00e7\u0131xmas\u0131 kameraya d\u00fc\u015fm\u00fc\u015fd\u00fc. \u015eahidl\u0259rs\u0259 hadis\u0259 yerind\u0259n 200-300 metr aral\u0131da olanlar v\u0259 hadis\u0259ni g\u00f6rm\u0259y\u0259nl\u0259rdir. V\u0259kilim m\u0259hk\u0259m\u0259y\u0259 h\u0259min yeddi \u015fahidin dindirilm\u0259si \u00fc\u00e7\u00fcn v\u0259sat\u0259t t\u0259qdim etdi, hakim q\u0259bul etm\u0259di. Kor-kor, g\u00f6r-g\u00f6r, adam \u00f6z yolundan \u0259ks yola \u00e7\u0131x\u0131b, m\u0259nim ma\u015f\u0131n\u0131m\u0131n qar\u015f\u0131s\u0131na \u00e7\u0131x\u0131b, h\u0259r \u015fey bir anda ba\u015f verdiyind\u0259n \u0259yl\u0259ci basa bilm\u0259mi\u015f\u0259m. Hadis\u0259d\u0259n sonra \u00f6z\u00fcm\u00fcz d\u0259 hadis\u0259 yerind\u0259 video, fotolar \u00e7\u0259kmi\u015fik, h\u0259min videolardan, fotolardan da a\u00e7\u0131q g\u00f6r\u00fcn\u00fcr ki, avtomobil s\u00fcr\u0259tl\u0259 g\u0259lib v\u0259 \u0259ks yola \u00e7\u0131x\u0131b, deyirl\u0259r yox, g\u00fcnah s\u0259nd\u0259dir. M\u0259hk\u0259m\u0259 n\u0259 videolar\u0131 q\u0259bul edir, n\u0259 fotolar\u0131, n\u0259 d\u0259 v\u0259kilimin verdiyi v\u0259sat\u0259tl\u0259ri&#8230; V\u0259kilim d\u0259 h\u0259min v\u0259sat\u0259ti m\u0259hk\u0259m\u0259y\u0259 po\u00e7t vasit\u0259sil\u0259 g\u00f6nd\u0259rm\u0259li oldu. H\u0259min yeddi n\u0259f\u0259r hadis\u0259ni g\u00f6r\u0259n adamlard\u0131r. Onlar da m\u0259niml\u0259 eyni vaxtda G\u00f6y\u00e7aydan Sumqay\u0131ta ma\u015f\u0131n alverin\u0259 gedirdil\u0259r. Rayondan eyni vaxtda \u00e7\u0131xm\u0131\u015fd\u0131q, yolu ma\u015f\u0131n karvan\u0131 \u015f\u0259klind\u0259 gedirdik\u201d.\n<\/p>\n<p>\n  <i><br \/>\n    Z\u0259r\u0259r\u00e7\u0259kmi\u015f qismind\u0259 ata v\u0259 o\u011ful dindirilib<br \/>\n  <\/i>\n<\/p>\n<p>\n  Qeyd olundu\u011fu kimi, bu i\u015f \u00fczr\u0259 istintaq orqan\u0131 z\u0259r\u0259r\u00e7\u0259kmi\u015f qismind\u0259 \u015eamax\u0131 sakini \u018fflatun Feyzullayevi v\u0259 onun o\u011flu Nem\u0259t Feyzullayevi tan\u0131y\u0131b, dindirib. O bildirib ki, m\u00fcxt\u0259lif rayon \u0259razil\u0259rind\u0259ki heyvan bazarlar\u0131nda heyvan alq\u0131-satq\u0131s\u0131 il\u0259 m\u0259\u015f\u011ful olur. \u0130yunun 17-d\u0259 o\u011flu Nem\u0259tl\u0259 birlikd\u0259 \u00f6z\u00fcn\u0259 m\u0259xsus \u201cQazel\u201d-l\u0259 evd\u0259n \u00e7\u0131x\u0131b. Bak\u0131-\u015eamax\u0131-Yevlax yolu il\u0259 A\u011fsu istiqam\u0259tind\u0259 h\u0259r\u0259k\u0259t ed\u0259rk\u0259n \u0259ks istiqam\u0259td\u0259n g\u0259l\u0259n, Vasif Cabbarovun idar\u0259 etdiyi \u201cVAZ-21074 markal\u0131 avtomobil onun qar\u015f\u0131s\u0131na \u00e7\u0131x\u0131b, avtomobill\u0259r toqqu\u015fub. O, hu\u015funu itirib v\u0259 ay\u0131ld\u0131qda \u00f6z\u00fcn\u00fc Bak\u0131da x\u0259st\u0259xanada g\u00f6r\u00fcb. Ona bildirilib ki, o\u011flu Nem\u0259t y\u00fcng\u00fcl yaralan\u0131b, qar\u015f\u0131 t\u0259r\u0259fd\u0259n g\u0259l\u0259n v\u0259 onun ma\u015f\u0131n\u0131yla toqqu\u015fan ma\u015f\u0131ndak\u0131 iki s\u0259rni\u015fin is\u0259 h\u0259lak olub.\n<\/p>\n<p>\n  Nem\u0259t Feyzullayev d\u0259 atas\u0131n\u0131n ifad\u0259sin\u0259 uy\u011fun ifad\u0259 verib.\n<\/p>\n<p>\n  M\u0259hk\u0259m\u0259 iclas\u0131 iyunun 17-d\u0259 davam etdiril\u0259c\u0259k. Vasif Cabbarovun v\u0259kili hadis\u0259nin \u015fahidi olmu\u015f 7 n\u0259f\u0259rin dindirilm\u0259si \u00fc\u00e7\u00fcn m\u0259hk\u0259m\u0259y\u0259 po\u00e7t vasit\u0259siyl\u0259 v\u0259sat\u0259t g\u00f6nd\u0259rib. Vasif Cabbarov \u00fcmid edir ki, n\u00f6vb\u0259ti m\u0259hk\u0259m\u0259 iclas\u0131nda h\u0259min v\u0259sat\u0259t t\u0259min olunacaq.<\/p>\n","protected":false},"excerpt":{"rendered":"<p>Hadis\u0259ni t\u00f6r\u0259d\u0259n qal\u0131b k\u0259narda, h\u0259r \u015feyi m\u0259nim \u00fcz\u0259rim\u0259 y\u0131x\u0131blar<\/p>\n","protected":false},"author":11,"featured_media":124548,"comment_status":"closed","ping_status":"open","sticky":false,"template":"","format":"standard","meta":{"_acf_changed":false,"_sitemap_exclude":false,"_sitemap_priority":"","_sitemap_frequency":"","footnotes":""},"categories":[60],"tags":[],"class_list":["post-195612","post","type-post","status-publish","format-standard","has-post-thumbnail","hentry","category-bolge","infinite-scroll-item","generate-columns","tablet-grid-50","mobile-grid-100","grid-parent","grid-33","no-featured-image-padding"],"acf":[],"yoast_head":"<!-- This site is optimized with the Yoast SEO plugin v27.4 - https:\/\/yoast.com\/product\/yoast-seo-wordpress\/ -->\n<title>G\u00f6y\u00e7ay sakini: M\u00fcst\u0259ntiq qar\u015f\u0131 t\u0259r\u0259fl\u0259 \u0259lbir olub cinay\u0259ti aya\u011f\u0131ma yazd\u0131 - MEYDAN.TV<\/title>\n<meta name=\"robots\" content=\"index, follow, max-snippet:-1, max-image-preview:large, max-video-preview:-1\" \/>\n<link rel=\"canonical\" href=\"https:\/\/www.meydan.tv\/az\/article\/goycay-sakini-mustentiq-qarsi-terefle-elbir-olub-cinayeti-ayagima-yazdi\/\" \/>\n<meta property=\"og:locale\" content=\"az_AZ\" \/>\n<meta property=\"og:type\" content=\"article\" \/>\n<meta property=\"og:title\" content=\"G\u00f6y\u00e7ay sakini: M\u00fcst\u0259ntiq qar\u015f\u0131 t\u0259r\u0259fl\u0259 \u0259lbir olub cinay\u0259ti aya\u011f\u0131ma yazd\u0131 - MEYDAN.TV\" \/>\n<meta property=\"og:description\" content=\"Hadis\u0259ni t\u00f6r\u0259d\u0259n qal\u0131b k\u0259narda, h\u0259r \u015feyi m\u0259nim \u00fcz\u0259rim\u0259 y\u0131x\u0131blar\" \/>\n<meta property=\"og:url\" content=\"https:\/\/www.meydan.tv\/az\/article\/goycay-sakini-mustentiq-qarsi-terefle-elbir-olub-cinayeti-ayagima-yazdi\/\" \/>\n<meta property=\"og:site_name\" content=\"MEYDAN.TV\" \/>\n<meta property=\"article:published_time\" content=\"2019-05-29T15:05:31+00:00\" \/>\n<meta property=\"og:image\" content=\"https:\/\/www.meydan.tv\/wp-content\/uploads\/image_from_ios_3_rgeskwn.jpg\" \/>\n\t<meta property=\"og:image:width\" content=\"1032\" \/>\n\t<meta property=\"og:image:height\" content=\"581\" \/>\n\t<meta property=\"og:image:type\" content=\"image\/jpeg\" \/>\n<meta name=\"author\" content=\"user-manager\" \/>\n<meta name=\"twitter:card\" content=\"summary_large_image\" \/>\n<script type=\"application\/ld+json\" class=\"yoast-schema-graph\">{\"@context\":\"https:\\\/\\\/schema.org\",\"@graph\":[{\"@type\":\"Article\",\"@id\":\"https:\\\/\\\/www.meydan.tv\\\/az\\\/article\\\/goycay-sakini-mustentiq-qarsi-terefle-elbir-olub-cinayeti-ayagima-yazdi\\\/#article\",\"isPartOf\":{\"@id\":\"https:\\\/\\\/www.meydan.tv\\\/az\\\/article\\\/goycay-sakini-mustentiq-qarsi-terefle-elbir-olub-cinayeti-ayagima-yazdi\\\/\"},\"author\":{\"name\":\"user-manager\",\"@id\":\"https:\\\/\\\/www.meydan.tv\\\/az\\\/#\\\/schema\\\/person\\\/10d11eccf6da3662cf5fdab9806ea91a\"},\"headline\":\"G\u00f6y\u00e7ay sakini: M\u00fcst\u0259ntiq qar\u015f\u0131 t\u0259r\u0259fl\u0259 \u0259lbir olub cinay\u0259ti aya\u011f\u0131ma yazd\u0131\",\"datePublished\":\"2019-05-29T15:05:31+00:00\",\"mainEntityOfPage\":{\"@id\":\"https:\\\/\\\/www.meydan.tv\\\/az\\\/article\\\/goycay-sakini-mustentiq-qarsi-terefle-elbir-olub-cinayeti-ayagima-yazdi\\\/\"},\"wordCount\":1314,\"publisher\":{\"@id\":\"https:\\\/\\\/www.meydan.tv\\\/az\\\/#organization\"},\"image\":{\"@id\":\"https:\\\/\\\/www.meydan.tv\\\/az\\\/article\\\/goycay-sakini-mustentiq-qarsi-terefle-elbir-olub-cinayeti-ayagima-yazdi\\\/#primaryimage\"},\"thumbnailUrl\":\"https:\\\/\\\/www.meydan.tv\\\/wp-content\\\/uploads\\\/image_from_ios_3_rgeskwn.jpg\",\"articleSection\":[\"B\u00f6lg\u0259\"],\"inLanguage\":\"az\"},{\"@type\":\"WebPage\",\"@id\":\"https:\\\/\\\/www.meydan.tv\\\/az\\\/article\\\/goycay-sakini-mustentiq-qarsi-terefle-elbir-olub-cinayeti-ayagima-yazdi\\\/\",\"url\":\"https:\\\/\\\/www.meydan.tv\\\/az\\\/article\\\/goycay-sakini-mustentiq-qarsi-terefle-elbir-olub-cinayeti-ayagima-yazdi\\\/\",\"name\":\"G\u00f6y\u00e7ay sakini: M\u00fcst\u0259ntiq qar\u015f\u0131 t\u0259r\u0259fl\u0259 \u0259lbir olub cinay\u0259ti aya\u011f\u0131ma yazd\u0131 - MEYDAN.TV\",\"isPartOf\":{\"@id\":\"https:\\\/\\\/www.meydan.tv\\\/az\\\/#website\"},\"primaryImageOfPage\":{\"@id\":\"https:\\\/\\\/www.meydan.tv\\\/az\\\/article\\\/goycay-sakini-mustentiq-qarsi-terefle-elbir-olub-cinayeti-ayagima-yazdi\\\/#primaryimage\"},\"image\":{\"@id\":\"https:\\\/\\\/www.meydan.tv\\\/az\\\/article\\\/goycay-sakini-mustentiq-qarsi-terefle-elbir-olub-cinayeti-ayagima-yazdi\\\/#primaryimage\"},\"thumbnailUrl\":\"https:\\\/\\\/www.meydan.tv\\\/wp-content\\\/uploads\\\/image_from_ios_3_rgeskwn.jpg\",\"datePublished\":\"2019-05-29T15:05:31+00:00\",\"breadcrumb\":{\"@id\":\"https:\\\/\\\/www.meydan.tv\\\/az\\\/article\\\/goycay-sakini-mustentiq-qarsi-terefle-elbir-olub-cinayeti-ayagima-yazdi\\\/#breadcrumb\"},\"inLanguage\":\"az\",\"potentialAction\":[{\"@type\":\"ReadAction\",\"target\":[\"https:\\\/\\\/www.meydan.tv\\\/az\\\/article\\\/goycay-sakini-mustentiq-qarsi-terefle-elbir-olub-cinayeti-ayagima-yazdi\\\/\"]}]},{\"@type\":\"ImageObject\",\"inLanguage\":\"az\",\"@id\":\"https:\\\/\\\/www.meydan.tv\\\/az\\\/article\\\/goycay-sakini-mustentiq-qarsi-terefle-elbir-olub-cinayeti-ayagima-yazdi\\\/#primaryimage\",\"url\":\"https:\\\/\\\/www.meydan.tv\\\/wp-content\\\/uploads\\\/image_from_ios_3_rgeskwn.jpg\",\"contentUrl\":\"https:\\\/\\\/www.meydan.tv\\\/wp-content\\\/uploads\\\/image_from_ios_3_rgeskwn.jpg\",\"width\":1032,\"height\":581,\"caption\":\"Source: meydan tv\"},{\"@type\":\"BreadcrumbList\",\"@id\":\"https:\\\/\\\/www.meydan.tv\\\/az\\\/article\\\/goycay-sakini-mustentiq-qarsi-terefle-elbir-olub-cinayeti-ayagima-yazdi\\\/#breadcrumb\",\"itemListElement\":[{\"@type\":\"ListItem\",\"position\":1,\"name\":\"Ana s\u0259hif\u0259\",\"item\":\"https:\\\/\\\/www.meydan.tv\\\/az\\\/\"},{\"@type\":\"ListItem\",\"position\":2,\"name\":\"B\u00f6lg\u0259\",\"item\":\"https:\\\/\\\/www.meydan.tv\\\/az\\\/section\\\/bolge\\\/\"},{\"@type\":\"ListItem\",\"position\":3,\"name\":\"G\u00f6y\u00e7ay sakini: M\u00fcst\u0259ntiq qar\u015f\u0131 t\u0259r\u0259fl\u0259 \u0259lbir olub cinay\u0259ti aya\u011f\u0131ma yazd\u0131\"}]},{\"@type\":\"WebSite\",\"@id\":\"https:\\\/\\\/www.meydan.tv\\\/az\\\/#website\",\"url\":\"https:\\\/\\\/www.meydan.tv\\\/az\\\/\",\"name\":\"MEYDAN.TV\",\"description\":\"Meydan TV Az\u0259rbaycan\u0131n media m\u0259kan\u0131ndak\u0131 alternativ s\u0259sidir\",\"publisher\":{\"@id\":\"https:\\\/\\\/www.meydan.tv\\\/az\\\/#organization\"},\"potentialAction\":[{\"@type\":\"SearchAction\",\"target\":{\"@type\":\"EntryPoint\",\"urlTemplate\":\"https:\\\/\\\/www.meydan.tv\\\/az\\\/?s={search_term_string}\"},\"query-input\":{\"@type\":\"PropertyValueSpecification\",\"valueRequired\":true,\"valueName\":\"search_term_string\"}}],\"inLanguage\":\"az\"},{\"@type\":\"Organization\",\"@id\":\"https:\\\/\\\/www.meydan.tv\\\/az\\\/#organization\",\"name\":\"Meydan TV\",\"url\":\"https:\\\/\\\/www.meydan.tv\\\/az\\\/\",\"logo\":{\"@type\":\"ImageObject\",\"inLanguage\":\"az\",\"@id\":\"https:\\\/\\\/www.meydan.tv\\\/az\\\/#\\\/schema\\\/logo\\\/image\\\/\",\"url\":\"https:\\\/\\\/www.meydan.tv\\\/wp-content\\\/uploads\\\/2021\\\/07\\\/meydan-logo.svg\",\"contentUrl\":\"https:\\\/\\\/www.meydan.tv\\\/wp-content\\\/uploads\\\/2021\\\/07\\\/meydan-logo.svg\",\"width\":195,\"height\":46,\"caption\":\"Meydan TV\"},\"image\":{\"@id\":\"https:\\\/\\\/www.meydan.tv\\\/az\\\/#\\\/schema\\\/logo\\\/image\\\/\"}},{\"@type\":\"Person\",\"@id\":\"https:\\\/\\\/www.meydan.tv\\\/az\\\/#\\\/schema\\\/person\\\/10d11eccf6da3662cf5fdab9806ea91a\",\"name\":\"user-manager\"}]}<\/script>\n<!-- \/ Yoast SEO plugin. -->","yoast_head_json":{"title":"G\u00f6y\u00e7ay sakini: M\u00fcst\u0259ntiq qar\u015f\u0131 t\u0259r\u0259fl\u0259 \u0259lbir olub cinay\u0259ti aya\u011f\u0131ma yazd\u0131 - MEYDAN.TV","robots":{"index":"index","follow":"follow","max-snippet":"max-snippet:-1","max-image-preview":"max-image-preview:large","max-video-preview":"max-video-preview:-1"},"canonical":"https:\/\/www.meydan.tv\/az\/article\/goycay-sakini-mustentiq-qarsi-terefle-elbir-olub-cinayeti-ayagima-yazdi\/","og_locale":"az_AZ","og_type":"article","og_title":"G\u00f6y\u00e7ay sakini: M\u00fcst\u0259ntiq qar\u015f\u0131 t\u0259r\u0259fl\u0259 \u0259lbir olub cinay\u0259ti aya\u011f\u0131ma yazd\u0131 - MEYDAN.TV","og_description":"Hadis\u0259ni t\u00f6r\u0259d\u0259n qal\u0131b k\u0259narda, h\u0259r \u015feyi m\u0259nim \u00fcz\u0259rim\u0259 y\u0131x\u0131blar","og_url":"https:\/\/www.meydan.tv\/az\/article\/goycay-sakini-mustentiq-qarsi-terefle-elbir-olub-cinayeti-ayagima-yazdi\/","og_site_name":"MEYDAN.TV","article_published_time":"2019-05-29T15:05:31+00:00","og_image":[{"width":1032,"height":581,"url":"https:\/\/www.meydan.tv\/wp-content\/uploads\/image_from_ios_3_rgeskwn.jpg","type":"image\/jpeg"}],"author":"user-manager","twitter_card":"summary_large_image","schema":{"@context":"https:\/\/schema.org","@graph":[{"@type":"Article","@id":"https:\/\/www.meydan.tv\/az\/article\/goycay-sakini-mustentiq-qarsi-terefle-elbir-olub-cinayeti-ayagima-yazdi\/#article","isPartOf":{"@id":"https:\/\/www.meydan.tv\/az\/article\/goycay-sakini-mustentiq-qarsi-terefle-elbir-olub-cinayeti-ayagima-yazdi\/"},"author":{"name":"user-manager","@id":"https:\/\/www.meydan.tv\/az\/#\/schema\/person\/10d11eccf6da3662cf5fdab9806ea91a"},"headline":"G\u00f6y\u00e7ay sakini: M\u00fcst\u0259ntiq qar\u015f\u0131 t\u0259r\u0259fl\u0259 \u0259lbir olub cinay\u0259ti aya\u011f\u0131ma yazd\u0131","datePublished":"2019-05-29T15:05:31+00:00","mainEntityOfPage":{"@id":"https:\/\/www.meydan.tv\/az\/article\/goycay-sakini-mustentiq-qarsi-terefle-elbir-olub-cinayeti-ayagima-yazdi\/"},"wordCount":1314,"publisher":{"@id":"https:\/\/www.meydan.tv\/az\/#organization"},"image":{"@id":"https:\/\/www.meydan.tv\/az\/article\/goycay-sakini-mustentiq-qarsi-terefle-elbir-olub-cinayeti-ayagima-yazdi\/#primaryimage"},"thumbnailUrl":"https:\/\/www.meydan.tv\/wp-content\/uploads\/image_from_ios_3_rgeskwn.jpg","articleSection":["B\u00f6lg\u0259"],"inLanguage":"az"},{"@type":"WebPage","@id":"https:\/\/www.meydan.tv\/az\/article\/goycay-sakini-mustentiq-qarsi-terefle-elbir-olub-cinayeti-ayagima-yazdi\/","url":"https:\/\/www.meydan.tv\/az\/article\/goycay-sakini-mustentiq-qarsi-terefle-elbir-olub-cinayeti-ayagima-yazdi\/","name":"G\u00f6y\u00e7ay sakini: M\u00fcst\u0259ntiq qar\u015f\u0131 t\u0259r\u0259fl\u0259 \u0259lbir olub cinay\u0259ti aya\u011f\u0131ma yazd\u0131 - MEYDAN.TV","isPartOf":{"@id":"https:\/\/www.meydan.tv\/az\/#website"},"primaryImageOfPage":{"@id":"https:\/\/www.meydan.tv\/az\/article\/goycay-sakini-mustentiq-qarsi-terefle-elbir-olub-cinayeti-ayagima-yazdi\/#primaryimage"},"image":{"@id":"https:\/\/www.meydan.tv\/az\/article\/goycay-sakini-mustentiq-qarsi-terefle-elbir-olub-cinayeti-ayagima-yazdi\/#primaryimage"},"thumbnailUrl":"https:\/\/www.meydan.tv\/wp-content\/uploads\/image_from_ios_3_rgeskwn.jpg","datePublished":"2019-05-29T15:05:31+00:00","breadcrumb":{"@id":"https:\/\/www.meydan.tv\/az\/article\/goycay-sakini-mustentiq-qarsi-terefle-elbir-olub-cinayeti-ayagima-yazdi\/#breadcrumb"},"inLanguage":"az","potentialAction":[{"@type":"ReadAction","target":["https:\/\/www.meydan.tv\/az\/article\/goycay-sakini-mustentiq-qarsi-terefle-elbir-olub-cinayeti-ayagima-yazdi\/"]}]},{"@type":"ImageObject","inLanguage":"az","@id":"https:\/\/www.meydan.tv\/az\/article\/goycay-sakini-mustentiq-qarsi-terefle-elbir-olub-cinayeti-ayagima-yazdi\/#primaryimage","url":"https:\/\/www.meydan.tv\/wp-content\/uploads\/image_from_ios_3_rgeskwn.jpg","contentUrl":"https:\/\/www.meydan.tv\/wp-content\/uploads\/image_from_ios_3_rgeskwn.jpg","width":1032,"height":581,"caption":"Source: meydan tv"},{"@type":"BreadcrumbList","@id":"https:\/\/www.meydan.tv\/az\/article\/goycay-sakini-mustentiq-qarsi-terefle-elbir-olub-cinayeti-ayagima-yazdi\/#breadcrumb","itemListElement":[{"@type":"ListItem","position":1,"name":"Ana s\u0259hif\u0259","item":"https:\/\/www.meydan.tv\/az\/"},{"@type":"ListItem","position":2,"name":"B\u00f6lg\u0259","item":"https:\/\/www.meydan.tv\/az\/section\/bolge\/"},{"@type":"ListItem","position":3,"name":"G\u00f6y\u00e7ay sakini: M\u00fcst\u0259ntiq qar\u015f\u0131 t\u0259r\u0259fl\u0259 \u0259lbir olub cinay\u0259ti aya\u011f\u0131ma yazd\u0131"}]},{"@type":"WebSite","@id":"https:\/\/www.meydan.tv\/az\/#website","url":"https:\/\/www.meydan.tv\/az\/","name":"MEYDAN.TV","description":"Meydan TV Az\u0259rbaycan\u0131n media m\u0259kan\u0131ndak\u0131 alternativ s\u0259sidir","publisher":{"@id":"https:\/\/www.meydan.tv\/az\/#organization"},"potentialAction":[{"@type":"SearchAction","target":{"@type":"EntryPoint","urlTemplate":"https:\/\/www.meydan.tv\/az\/?s={search_term_string}"},"query-input":{"@type":"PropertyValueSpecification","valueRequired":true,"valueName":"search_term_string"}}],"inLanguage":"az"},{"@type":"Organization","@id":"https:\/\/www.meydan.tv\/az\/#organization","name":"Meydan TV","url":"https:\/\/www.meydan.tv\/az\/","logo":{"@type":"ImageObject","inLanguage":"az","@id":"https:\/\/www.meydan.tv\/az\/#\/schema\/logo\/image\/","url":"https:\/\/www.meydan.tv\/wp-content\/uploads\/2021\/07\/meydan-logo.svg","contentUrl":"https:\/\/www.meydan.tv\/wp-content\/uploads\/2021\/07\/meydan-logo.svg","width":195,"height":46,"caption":"Meydan TV"},"image":{"@id":"https:\/\/www.meydan.tv\/az\/#\/schema\/logo\/image\/"}},{"@type":"Person","@id":"https:\/\/www.meydan.tv\/az\/#\/schema\/person\/10d11eccf6da3662cf5fdab9806ea91a","name":"user-manager"}]}},"_links":{"self":[{"href":"https:\/\/www.meydan.tv\/az\/wp-json\/wp\/v2\/posts\/195612","targetHints":{"allow":["GET"]}}],"collection":[{"href":"https:\/\/www.meydan.tv\/az\/wp-json\/wp\/v2\/posts"}],"about":[{"href":"https:\/\/www.meydan.tv\/az\/wp-json\/wp\/v2\/types\/post"}],"author":[{"embeddable":true,"href":"https:\/\/www.meydan.tv\/az\/wp-json\/wp\/v2\/users\/11"}],"replies":[{"embeddable":true,"href":"https:\/\/www.meydan.tv\/az\/wp-json\/wp\/v2\/comments?post=195612"}],"version-history":[{"count":0,"href":"https:\/\/www.meydan.tv\/az\/wp-json\/wp\/v2\/posts\/195612\/revisions"}],"wp:featuredmedia":[{"embeddable":true,"href":"https:\/\/www.meydan.tv\/az\/wp-json\/wp\/v2\/media\/124548"}],"wp:attachment":[{"href":"https:\/\/www.meydan.tv\/az\/wp-json\/wp\/v2\/media?parent=195612"}],"wp:term":[{"taxonomy":"category","embeddable":true,"href":"https:\/\/www.meydan.tv\/az\/wp-json\/wp\/v2\/categories?post=195612"},{"taxonomy":"post_tag","embeddable":true,"href":"https:\/\/www.meydan.tv\/az\/wp-json\/wp\/v2\/tags?post=195612"}],"curies":[{"name":"wp","href":"https:\/\/api.w.org\/{rel}","templated":true}]}}