{"id":195610,"date":"2019-05-29T14:34:03","date_gmt":"2019-05-29T14:34:03","guid":{"rendered":"https:\/\/www.meydan.tv\/article\/kendli-mene-deyilmemisdi-ki-bize-verilen-heyvanlar-xeste-olacaq\/"},"modified":"2019-05-29T14:34:03","modified_gmt":"2019-05-29T14:34:03","slug":"kendli-mene-deyilmemisdi-ki-bize-verilen-heyvanlar-xeste-olacaq","status":"publish","type":"post","link":"https:\/\/www.meydan.tv\/az\/article\/kendli-mene-deyilmemisdi-ki-bize-verilen-heyvanlar-xeste-olacaq\/","title":{"rendered":"K\u0259ndli: M\u0259n\u0259 deyilm\u0259mi\u015fdi ki, biz\u0259 veril\u0259n heyvanlar x\u0259st\u0259 olacaq"},"content":{"rendered":"<p>\n  <i><br \/>\n    Ayb\u0259niz Pa\u015fayeva: &#x27;&#x27;H\u0259l\u0259 bir ail\u0259y\u0259 normal heyvan verildiyini e\u015fitm\u0259mi\u015f\u0259m&#x27;&#x27;<br \/>\n  <\/i>\n<\/p>\n<p>\n  \u201cM\u00fcqavil\u0259y\u0259 g\u00f6r\u0259 h\u00f6kum\u0259t 2 in\u0259k verm\u0259li idi, h\u0259r ikisi yan\u0131balal\u0131. \u018fv\u0259zind\u0259 2 x\u0259st\u0259 in\u0259k v\u0259 1 bala g\u0259tirdil\u0259r. Aylard\u0131r \u0259limd\u0259-ovcumda olan\u0131 heyvanlar\u0131n m\u00fcalic\u0259sin\u0259 x\u0259rcl\u0259mi\u015f\u0259m. T\u00f6vl\u0259 tikm\u0259liydim, tik\u0259 bilm\u0259dim. B\u00fct\u00fcn pul iyn\u0259-d\u0259rmana x\u0259rcl\u0259ndi. \u0130ndi bilmir\u0259m bu heyvanlar\u0131 harda saxlay\u0131m\u201d.\n<\/p>\n<p>\n  Ucar\u0131n Qaz\u0131qumlaq k\u0259ndinin sakini 56 ya\u015fl\u0131 Ayb\u0259niz Pa\u015fayeva bel\u0259 deyir. Bildirir ki, bir ne\u00e7\u0259 il \u00f6nc\u0259 \u018fm\u0259k v\u0259 \u018fhalinin Sosial M\u00fcdafi\u0259si Nazirliyinin \u00d6z\u00fcn\u0259m\u0259\u015f\u011fulluq Proqram\u0131na qat\u0131l\u0131b. T\u0259klif etdiyi konsepsiya b\u0259y\u0259nilib. \u0130mtahandan da u\u011furla ke\u00e7ib dey\u0259, \u201csosial yard\u0131mdan imtina et, s\u0259n\u0259 \u00d6z\u00fcn\u00fcm\u0259\u015f\u011fulluq Proqram\u0131 vasit\u0259sil\u0259 heyvan ver\u0259k, saxla, v\u0259ziyy\u0259tin d\u00fcz\u0259lsin\u201d, &#8211; deyibl\u0259r.\n<\/p>\n<p>\n  \u201cM\u0259n d\u0259 raz\u0131la\u015fd\u0131m, h\u0259tta \u00e7ox sevindim. Amma sevincim uzun s\u00fcrm\u0259di, sonras\u0131 pe\u015fman\u00e7\u0131l\u0131q oldu. G\u0259l\u0259nl\u0259r, biz\u0259 veril\u0259nl\u0259r m\u00fcqavil\u0259d\u0259 g\u00f6st\u0259rildiyi kimi olmad\u0131. Ham\u0131s\u0131 x\u0259st\u0259 mallard\u0131. G\u0259l\u0259nd\u0259n m\u00fcalic\u0259 etdirir\u0259m. N\u0259 q\u0259d\u0259r pul t\u00f6km\u00fc\u015f\u0259m, he\u00e7 xeyri d\u0259 yoxdur. A\u011f\u0131zlar\u0131ndan k\u00f6p\u00fck g\u0259lir. Halbuki m\u00fcqavil\u0259d\u0259 deyilirdi ki, h\u0259r iki mal\u0131n yan\u0131nda balas\u0131 olmal\u0131d\u0131r. Yox idi&#8230;\u201d\n<\/p>\n<p>\n  A.Pa\u015fayeva deyir ki, in\u0259kl\u0259rd\u0259n birinin balas\u0131 olub. Dig\u0259ri is\u0259 ona veril\u0259nd\u0259n sonra balalay\u0131b:\n<\/p>\n<p>\n  \u201cBiri biz\u0259 g\u0259l\u0259nd\u0259n sonra do\u011fdu. Dig\u0259rinin is\u0259 h\u0259m \u00f6z\u00fcn\u0259, h\u0259m d\u0259 yan\u0131ndak\u0131 balas\u0131na qulluq etm\u0259kd\u0259n yorulmu\u015fuq. \u018fm\u0259l\u0259 g\u0259lmirl\u0259r. M\u0259n t\u00f6vl\u0259 tikm\u0259liy\u0259m ki, bu heyvan\u0131 art\u0131ram. Ancaq g\u0259l\u0259n x\u0259st\u0259 mallar\u0131 m\u00fcalic\u0259 etdirm\u0259kd\u0259n s\u0131ra t\u00f6vl\u0259y\u0259 \u00e7atmay\u0131b. \u0130nan\u0131n, \u0259limd\u0259-ovcumda pul da qalmay\u0131b\u201d.\n<\/p>\n<figure class=\"wp-block-image size-large\">\n  <img decoding=\"async\" src=\"https:\/\/www.meydan.tv\/az\/image00004-jpeg-15\/\" alt=\"image00004.jpeg\" class=\"wp-image-124512\"\/><figcaption>\n    Qaz\u0131qumlaq k\u0259ndi<br \/>\n  <\/figcaption><\/figure>\n<p>\n  Ayb\u0259niz Pa\u015fayeva h\u0259yat yolda\u015f\u0131n\u0131 itirib, o\u011flu il\u0259 ya\u015fay\u0131r. Deyir, arada d\u0259rzilik edir. Ancaq \u00e7ox qazanm\u0131r. O\u011flu is\u0259 k\u0259nd yerind\u0259 i\u015f tapa bilmir, i\u015fsizdir. Ail\u0259 uzun ill\u0259r \u00fcnvanl\u0131 sosial yard\u0131m al\u0131b. \u00d6z\u00fcn\u00fcm\u0259\u015f\u011fulluq Proqram\u0131na g\u00f6r\u0259 onu da k\u0259sibl\u0259r. \u0130ndi is\u0259 v\u0259ziyy\u0259tl\u0259r\u0131 bir az da a\u011f\u0131rla\u015f\u0131b:\n<\/p>\n<p>\n  \u201c\u00d6z ayaqlar\u0131m \u00fcst\u00fcnd\u0259 durma\u011fa \u00e7al\u0131\u015f\u0131ram, amma imkan vermirl\u0259r. He\u00e7 kim\u0259 m\u00f6htac olmaq ist\u0259mir\u0259m. Pensiyaya ya\u015f\u0131m \u00e7atm\u0131r. Sosial yard\u0131m al\u0131rd\u0131m, ondan da bu mal-heyvana g\u00f6r\u0259 imtina etmi\u015f\u0259m. \u0130ndi ev\u0259 bir q\u0259pik girmir. N\u0259 edim, bilmir\u0259m. M\u0259n\u0259 k\u00f6m\u0259k etsinl\u0259r. Nec\u0259 ki, t\u00f6vl\u0259 \u00fc\u00e7\u00fcn y\u0131\u011fd\u0131\u011f\u0131m pulu verdikl\u0259ri x\u0259st\u0259 mal-heyvana x\u0259rcl\u0259dim, indi m\u0259n\u0259 t\u00f6vl\u0259 tiksinl\u0259r. M\u0259n\u0259 deyilm\u0259mi\u015fdi ki, biz\u0259 veril\u0259n heyvanlar x\u0259st\u0259 olacaq. M\u0259n n\u0259 bilim ki, b\u00fct\u00fcn pulumu bunlara x\u0259rcl\u0259y\u0259c\u0259m?\u201d\n<\/p>\n<p>\n  Ayb\u0259niz Pa\u015fayeva d\u00fc\u015f\u00fcn\u00fcr ki, b\u0259lk\u0259 d\u0259 sosialdan imtina etm\u0259s\u0259ydi, daha yax\u015f\u0131 dolanard\u0131:\n<\/p>\n<p>\n  \u201cHam\u0131s\u0131 x\u0259st\u0259 mal-heyvand\u0131r, s\u0131r\u0131y\u0131blar camaata. Din\u0259nd\u0259 d\u0259, deyirl\u0259r, \u201cdemaqoq\u201dsan. D\u0259f\u0259l\u0259rl\u0259 m\u00fcraci\u0259t etmi\u015f\u0259m ki, g\u0259lin, bax\u0131n, g\u00f6r\u00fcn biz\u0259 n\u0259 vermisiniz. Ar\u0131q, ayaq \u00fcst\u0259 dura bilm\u0259y\u0259n heyvanlar idi. Bu, h\u0259l\u0259 bunlar\u0131n m\u00fcalic\u0259 al\u0131b \u00f6zl\u0259rin\u0259 g\u0259lmi\u015f formas\u0131d\u0131r. Ondan da gec\u0259 il\u0259 g\u0259lirl\u0259r, bilmirik, kimdirl\u0259r, n\u0259dirl\u0259r. Bax\u0131b, ancaq camaat\u0131 q\u0131nay\u0131rlar ki, yax\u015f\u0131 baxm\u0131rs\u0131z. Siz \u00f6l\u00fcmc\u00fcl heyvan vermisiz bu camaata, ha baxaq, \u00f6z\u00fcn\u0259 g\u0259l\u0259 bilirmi? N\u0259 bilim e, d\u0259rd bir deyil, iki deyil\u201d.\n<\/p>\n<figure class=\"wp-block-image size-large\">\n  <img decoding=\"async\" src=\"https:\/\/www.meydan.tv\/az\/image00003-jpeg-13\/\" alt=\"image00003.jpeg\" class=\"wp-image-124515\"\/><figcaption>\n    buzov<br \/>\n  <\/figcaption><\/figure>\n<p>\n  A.Pa\u015fayevan\u0131n Prezident \u0130lham \u018fliyevd\u0259n bir \u015fikay\u0259ti yoxdur. Deyir, o, insanlar\u0131n i\u015fsizliyini n\u0259z\u0259r\u0259 al\u0131b, bel\u0259 bir layih\u0259 h\u0259yata ke\u00e7irib, ancaq m\u0259murlar onun bu layih\u0259sini b\u0259rbad hala sal\u0131blar:\n<\/p>\n<p>\n  \u201cD\u0259rd buras\u0131ndad\u0131r. \u0130nan\u0131n, m\u0259nim h\u0259min layih\u0259d\u0259 tan\u0131\u015f oldu\u011fum n\u0259 q\u0259d\u0259r insan var, ham\u0131s\u0131n\u0131n problemi eynidir. H\u0259l\u0259 bir ail\u0259y\u0259 normal heyvan verildiyini e\u015fitm\u0259mi\u015f\u0259m\u201d.\n<\/p>\n<p>\n  Meydan TV m\u0259s\u0259l\u0259y\u0259 m\u00fcnasib\u0259t \u00f6yr\u0259nm\u0259k \u00fc\u00e7\u00fcn Ucar Rayon M\u0259\u015f\u011fulluq M\u0259rk\u0259zi il\u0259 \u0259laq\u0259 saxlay\u0131b. M\u0259rk\u0259zin direktoru Qas\u0131m Kamilov v\u0259t\u0259nda\u015flar\u0131n yalan s\u00f6yl\u0259diyini deyib:\n<\/p>\n<p>\n  \u201cSaxlaya bilmirl\u0259r, b\u0259han\u0259 edirl\u0259r. D\u00fczd\u00fcr, layih\u0259d\u0259 \u0259vv\u0259lc\u0259 bir-iki x\u0131rda problem olub. Ancaq indi ham\u0131s\u0131 h\u0259ll edilib, bitib. G\u00fcl kimi heyvanlar verilib camaata, x\u0259st\u0259 deyill\u0259r. G\u00f6r\u00fcn\u00fcr yax\u015f\u0131 baxa bilmirl\u0259r dey\u0259 g\u00fcnahland\u0131rma\u011fa yer axtar\u0131rlar\u201d.\n<\/p>\n<p>\n  R\u0259smi m\u0259lumatlara g\u00f6r\u0259, 2017-ci ild\u0259 \u00d6z\u00fcn\u00fcm\u0259\u015f\u011fulluq Proqram\u0131ndan 1232 ail\u0259 faydalan\u0131b. 2018-ci ild\u0259 is\u0259 proqrama 35 milyon manat v\u0259sait ayr\u0131l\u0131b .\n<\/p>\n<p>\n  \u018fm\u0259k v\u0259 \u0259halinin sosial m\u00fcdafi\u0259si naziri Sahil Babayev 2018-ci ild\u0259 proqram\u0131n 7737 n\u0259f\u0259ri \u0259hat\u0259 etdiyini deyib:\n<\/p>\n<p>\n  \u201cOnlardan 1029 n\u0259f\u0259ri g\u0259nc, 1255 n\u0259f\u0259ri m\u0259cburi k\u00f6\u00e7k\u00fcn, 816 n\u0259f\u0259ri \u00fcnvanl\u0131 sosial yard\u0131m alan, 298 n\u0259f\u0259ri m\u00fcharib\u0259 veteran\u0131d\u0131r. Bundan ba\u015fqa, \u00d6z\u00fcn\u00fcm\u0259\u015f\u011fulluq Proqram\u0131 il\u0259 1309 qad\u0131n, 913 fiziki m\u0259hdudiyy\u0259tli \u015f\u0259xs \u0259hat\u0259 olunub\u201d.\n<\/p>\n<figure class=\"wp-block-image size-large\">\n  <img decoding=\"async\" src=\"https:\/\/www.meydan.tv\/az\/image00001-jpeg-15\/\" alt=\"image00001.jpeg\" class=\"wp-image-124521\"\/><figcaption>\n    dana<br \/>\n  <\/figcaption><\/figure>\n<p>\n  2019-cu ild\u0259 bu proqrama daha 8000 n\u0259f\u0259rin c\u0259lb olunmas\u0131 v\u0259 yen\u0259 30 milyondan art\u0131q v\u0259sait ayr\u0131lmas\u0131 planla\u015fd\u0131r\u0131l\u0131r.\n<\/p>\n<p>\n  Nazirlik layih\u0259ni bir ne\u00e7\u0259 \u015firk\u0259tl\u0259 birg\u0259 h\u0259yata ke\u00e7irib. Bu \u015firk\u0259tl\u0259rd\u0259n biri d\u0259 \u201cAqri Kon\u201d MMC-dir. M\u0259hz bu \u015firk\u0259t b\u00f6lg\u0259l\u0259rd\u0259 heyvanlar\u0131n al\u0131nmas\u0131 v\u0259 v\u0259t\u0259nda\u015flara verilm\u0259sin\u0259 n\u0259zar\u0259t edib. \u015eirk\u0259tin sahibi<br \/>\n  <a href=\"https:\/\/www.meydan.tv\/az\/article\/ozunumesgulluq-proqramini-nazire-bagli-sirketler-heyata-kecirir\/?ref=list-investigations\"><br \/>\n    Elman Umudov<br \/>\n  <\/a><br \/>\n  daha \u00f6nc\u0259 Meydan TV-y\u0259 deyib ki, v\u0259t\u0259nda\u015flar\u0131n \u015fikay\u0259tl\u0259ri yersizdir. Kims\u0259y\u0259 x\u0259st\u0259, \u00e7\u0131xda\u015f heyvan verilm\u0259yib:\n<\/p>\n<p>\n  \u201cEl\u0259 insanlar \u015fikay\u0259t verib ki, he\u00e7 onlara nazirlik yard\u0131m da g\u00f6st\u0259rm\u0259yib, o adamlar\u0131n \u00e7oxu he\u00e7 heyvan da almay\u0131b. Yaz\u0131blar d\u0259, \u015fikay\u0259tdir, edibl\u0259r. Guya onlara x\u0259st\u0259 heyvan vermi\u015fik. Gedib ara\u015fd\u0131r\u0131blar, m\u0259lum olub ki, he\u00e7 k\u0259ndl\u0259rd\u0259 bel\u0259 insanlar yoxdur. Yaland\u0131r, b\u00f6htand\u0131r\u201d.\n<\/p>\n<figure class=\"wp-block-image size-large\">\n  <img decoding=\"async\" src=\"https:\/\/www.meydan.tv\/az\/image00002-jpeg-18\/\" alt=\"image00002.jpeg\" class=\"wp-image-124518\"\/><figcaption>\n    dana<br \/>\n  <\/figcaption><\/figure>\n","protected":false},"excerpt":{"rendered":"<p>Amma sevincim uzun s\u00fcrm\u0259di, sonras\u0131 pe\u015fman\u00e7\u0131l\u0131q oldu<\/p>\n","protected":false},"author":11,"featured_media":124509,"comment_status":"closed","ping_status":"open","sticky":false,"template":"","format":"standard","meta":{"_acf_changed":false,"_sitemap_exclude":false,"_sitemap_priority":"","_sitemap_frequency":"","footnotes":""},"categories":[60],"tags":[],"class_list":["post-195610","post","type-post","status-publish","format-standard","has-post-thumbnail","hentry","category-bolge","infinite-scroll-item","generate-columns","tablet-grid-50","mobile-grid-100","grid-parent","grid-33","no-featured-image-padding"],"acf":[],"yoast_head":"<!-- This site is optimized with the Yoast SEO plugin v27.4 - https:\/\/yoast.com\/product\/yoast-seo-wordpress\/ -->\n<title>K\u0259ndli: M\u0259n\u0259 deyilm\u0259mi\u015fdi ki, biz\u0259 veril\u0259n heyvanlar x\u0259st\u0259 olacaq - MEYDAN.TV<\/title>\n<meta name=\"robots\" content=\"index, follow, max-snippet:-1, max-image-preview:large, max-video-preview:-1\" \/>\n<link rel=\"canonical\" href=\"https:\/\/www.meydan.tv\/az\/article\/kendli-mene-deyilmemisdi-ki-bize-verilen-heyvanlar-xeste-olacaq\/\" \/>\n<meta property=\"og:locale\" content=\"az_AZ\" \/>\n<meta property=\"og:type\" content=\"article\" \/>\n<meta property=\"og:title\" content=\"K\u0259ndli: M\u0259n\u0259 deyilm\u0259mi\u015fdi ki, biz\u0259 veril\u0259n heyvanlar x\u0259st\u0259 olacaq - MEYDAN.TV\" \/>\n<meta property=\"og:description\" content=\"Amma sevincim uzun s\u00fcrm\u0259di, sonras\u0131 pe\u015fman\u00e7\u0131l\u0131q oldu\" \/>\n<meta property=\"og:url\" content=\"https:\/\/www.meydan.tv\/az\/article\/kendli-mene-deyilmemisdi-ki-bize-verilen-heyvanlar-xeste-olacaq\/\" \/>\n<meta property=\"og:site_name\" content=\"MEYDAN.TV\" \/>\n<meta property=\"article:published_time\" content=\"2019-05-29T14:34:03+00:00\" \/>\n<meta property=\"og:image\" content=\"https:\/\/www.meydan.tv\/wp-content\/uploads\/image00005_qpbouzv.jpeg\" \/>\n\t<meta property=\"og:image:width\" content=\"1365\" \/>\n\t<meta property=\"og:image:height\" content=\"1024\" \/>\n\t<meta property=\"og:image:type\" content=\"image\/jpeg\" \/>\n<meta name=\"author\" content=\"user-manager\" \/>\n<meta name=\"twitter:card\" content=\"summary_large_image\" \/>\n<script type=\"application\/ld+json\" class=\"yoast-schema-graph\">{\"@context\":\"https:\\\/\\\/schema.org\",\"@graph\":[{\"@type\":\"Article\",\"@id\":\"https:\\\/\\\/www.meydan.tv\\\/az\\\/article\\\/kendli-mene-deyilmemisdi-ki-bize-verilen-heyvanlar-xeste-olacaq\\\/#article\",\"isPartOf\":{\"@id\":\"https:\\\/\\\/www.meydan.tv\\\/az\\\/article\\\/kendli-mene-deyilmemisdi-ki-bize-verilen-heyvanlar-xeste-olacaq\\\/\"},\"author\":{\"name\":\"user-manager\",\"@id\":\"https:\\\/\\\/www.meydan.tv\\\/az\\\/#\\\/schema\\\/person\\\/10d11eccf6da3662cf5fdab9806ea91a\"},\"headline\":\"K\u0259ndli: M\u0259n\u0259 deyilm\u0259mi\u015fdi ki, biz\u0259 veril\u0259n heyvanlar x\u0259st\u0259 olacaq\",\"datePublished\":\"2019-05-29T14:34:03+00:00\",\"mainEntityOfPage\":{\"@id\":\"https:\\\/\\\/www.meydan.tv\\\/az\\\/article\\\/kendli-mene-deyilmemisdi-ki-bize-verilen-heyvanlar-xeste-olacaq\\\/\"},\"wordCount\":1120,\"publisher\":{\"@id\":\"https:\\\/\\\/www.meydan.tv\\\/az\\\/#organization\"},\"image\":{\"@id\":\"https:\\\/\\\/www.meydan.tv\\\/az\\\/article\\\/kendli-mene-deyilmemisdi-ki-bize-verilen-heyvanlar-xeste-olacaq\\\/#primaryimage\"},\"thumbnailUrl\":\"https:\\\/\\\/www.meydan.tv\\\/wp-content\\\/uploads\\\/image00005_qpbouzv.jpeg\",\"articleSection\":[\"B\u00f6lg\u0259\"],\"inLanguage\":\"az\"},{\"@type\":\"WebPage\",\"@id\":\"https:\\\/\\\/www.meydan.tv\\\/az\\\/article\\\/kendli-mene-deyilmemisdi-ki-bize-verilen-heyvanlar-xeste-olacaq\\\/\",\"url\":\"https:\\\/\\\/www.meydan.tv\\\/az\\\/article\\\/kendli-mene-deyilmemisdi-ki-bize-verilen-heyvanlar-xeste-olacaq\\\/\",\"name\":\"K\u0259ndli: M\u0259n\u0259 deyilm\u0259mi\u015fdi ki, biz\u0259 veril\u0259n heyvanlar x\u0259st\u0259 olacaq - MEYDAN.TV\",\"isPartOf\":{\"@id\":\"https:\\\/\\\/www.meydan.tv\\\/az\\\/#website\"},\"primaryImageOfPage\":{\"@id\":\"https:\\\/\\\/www.meydan.tv\\\/az\\\/article\\\/kendli-mene-deyilmemisdi-ki-bize-verilen-heyvanlar-xeste-olacaq\\\/#primaryimage\"},\"image\":{\"@id\":\"https:\\\/\\\/www.meydan.tv\\\/az\\\/article\\\/kendli-mene-deyilmemisdi-ki-bize-verilen-heyvanlar-xeste-olacaq\\\/#primaryimage\"},\"thumbnailUrl\":\"https:\\\/\\\/www.meydan.tv\\\/wp-content\\\/uploads\\\/image00005_qpbouzv.jpeg\",\"datePublished\":\"2019-05-29T14:34:03+00:00\",\"breadcrumb\":{\"@id\":\"https:\\\/\\\/www.meydan.tv\\\/az\\\/article\\\/kendli-mene-deyilmemisdi-ki-bize-verilen-heyvanlar-xeste-olacaq\\\/#breadcrumb\"},\"inLanguage\":\"az\",\"potentialAction\":[{\"@type\":\"ReadAction\",\"target\":[\"https:\\\/\\\/www.meydan.tv\\\/az\\\/article\\\/kendli-mene-deyilmemisdi-ki-bize-verilen-heyvanlar-xeste-olacaq\\\/\"]}]},{\"@type\":\"ImageObject\",\"inLanguage\":\"az\",\"@id\":\"https:\\\/\\\/www.meydan.tv\\\/az\\\/article\\\/kendli-mene-deyilmemisdi-ki-bize-verilen-heyvanlar-xeste-olacaq\\\/#primaryimage\",\"url\":\"https:\\\/\\\/www.meydan.tv\\\/wp-content\\\/uploads\\\/image00005_qpbouzv.jpeg\",\"contentUrl\":\"https:\\\/\\\/www.meydan.tv\\\/wp-content\\\/uploads\\\/image00005_qpbouzv.jpeg\",\"width\":1365,\"height\":1024,\"caption\":\"Source: meydan tv\"},{\"@type\":\"BreadcrumbList\",\"@id\":\"https:\\\/\\\/www.meydan.tv\\\/az\\\/article\\\/kendli-mene-deyilmemisdi-ki-bize-verilen-heyvanlar-xeste-olacaq\\\/#breadcrumb\",\"itemListElement\":[{\"@type\":\"ListItem\",\"position\":1,\"name\":\"Ana s\u0259hif\u0259\",\"item\":\"https:\\\/\\\/www.meydan.tv\\\/az\\\/\"},{\"@type\":\"ListItem\",\"position\":2,\"name\":\"B\u00f6lg\u0259\",\"item\":\"https:\\\/\\\/www.meydan.tv\\\/az\\\/section\\\/bolge\\\/\"},{\"@type\":\"ListItem\",\"position\":3,\"name\":\"K\u0259ndli: M\u0259n\u0259 deyilm\u0259mi\u015fdi ki, biz\u0259 veril\u0259n heyvanlar x\u0259st\u0259 olacaq\"}]},{\"@type\":\"WebSite\",\"@id\":\"https:\\\/\\\/www.meydan.tv\\\/az\\\/#website\",\"url\":\"https:\\\/\\\/www.meydan.tv\\\/az\\\/\",\"name\":\"MEYDAN.TV\",\"description\":\"Meydan TV Az\u0259rbaycan\u0131n media m\u0259kan\u0131ndak\u0131 alternativ s\u0259sidir\",\"publisher\":{\"@id\":\"https:\\\/\\\/www.meydan.tv\\\/az\\\/#organization\"},\"potentialAction\":[{\"@type\":\"SearchAction\",\"target\":{\"@type\":\"EntryPoint\",\"urlTemplate\":\"https:\\\/\\\/www.meydan.tv\\\/az\\\/?s={search_term_string}\"},\"query-input\":{\"@type\":\"PropertyValueSpecification\",\"valueRequired\":true,\"valueName\":\"search_term_string\"}}],\"inLanguage\":\"az\"},{\"@type\":\"Organization\",\"@id\":\"https:\\\/\\\/www.meydan.tv\\\/az\\\/#organization\",\"name\":\"Meydan TV\",\"url\":\"https:\\\/\\\/www.meydan.tv\\\/az\\\/\",\"logo\":{\"@type\":\"ImageObject\",\"inLanguage\":\"az\",\"@id\":\"https:\\\/\\\/www.meydan.tv\\\/az\\\/#\\\/schema\\\/logo\\\/image\\\/\",\"url\":\"https:\\\/\\\/www.meydan.tv\\\/wp-content\\\/uploads\\\/2021\\\/07\\\/meydan-logo.svg\",\"contentUrl\":\"https:\\\/\\\/www.meydan.tv\\\/wp-content\\\/uploads\\\/2021\\\/07\\\/meydan-logo.svg\",\"width\":195,\"height\":46,\"caption\":\"Meydan TV\"},\"image\":{\"@id\":\"https:\\\/\\\/www.meydan.tv\\\/az\\\/#\\\/schema\\\/logo\\\/image\\\/\"}},{\"@type\":\"Person\",\"@id\":\"https:\\\/\\\/www.meydan.tv\\\/az\\\/#\\\/schema\\\/person\\\/10d11eccf6da3662cf5fdab9806ea91a\",\"name\":\"user-manager\"}]}<\/script>\n<!-- \/ Yoast SEO plugin. -->","yoast_head_json":{"title":"K\u0259ndli: M\u0259n\u0259 deyilm\u0259mi\u015fdi ki, biz\u0259 veril\u0259n heyvanlar x\u0259st\u0259 olacaq - MEYDAN.TV","robots":{"index":"index","follow":"follow","max-snippet":"max-snippet:-1","max-image-preview":"max-image-preview:large","max-video-preview":"max-video-preview:-1"},"canonical":"https:\/\/www.meydan.tv\/az\/article\/kendli-mene-deyilmemisdi-ki-bize-verilen-heyvanlar-xeste-olacaq\/","og_locale":"az_AZ","og_type":"article","og_title":"K\u0259ndli: M\u0259n\u0259 deyilm\u0259mi\u015fdi ki, biz\u0259 veril\u0259n heyvanlar x\u0259st\u0259 olacaq - MEYDAN.TV","og_description":"Amma sevincim uzun s\u00fcrm\u0259di, sonras\u0131 pe\u015fman\u00e7\u0131l\u0131q oldu","og_url":"https:\/\/www.meydan.tv\/az\/article\/kendli-mene-deyilmemisdi-ki-bize-verilen-heyvanlar-xeste-olacaq\/","og_site_name":"MEYDAN.TV","article_published_time":"2019-05-29T14:34:03+00:00","og_image":[{"width":1365,"height":1024,"url":"https:\/\/www.meydan.tv\/wp-content\/uploads\/image00005_qpbouzv.jpeg","type":"image\/jpeg"}],"author":"user-manager","twitter_card":"summary_large_image","schema":{"@context":"https:\/\/schema.org","@graph":[{"@type":"Article","@id":"https:\/\/www.meydan.tv\/az\/article\/kendli-mene-deyilmemisdi-ki-bize-verilen-heyvanlar-xeste-olacaq\/#article","isPartOf":{"@id":"https:\/\/www.meydan.tv\/az\/article\/kendli-mene-deyilmemisdi-ki-bize-verilen-heyvanlar-xeste-olacaq\/"},"author":{"name":"user-manager","@id":"https:\/\/www.meydan.tv\/az\/#\/schema\/person\/10d11eccf6da3662cf5fdab9806ea91a"},"headline":"K\u0259ndli: M\u0259n\u0259 deyilm\u0259mi\u015fdi ki, biz\u0259 veril\u0259n heyvanlar x\u0259st\u0259 olacaq","datePublished":"2019-05-29T14:34:03+00:00","mainEntityOfPage":{"@id":"https:\/\/www.meydan.tv\/az\/article\/kendli-mene-deyilmemisdi-ki-bize-verilen-heyvanlar-xeste-olacaq\/"},"wordCount":1120,"publisher":{"@id":"https:\/\/www.meydan.tv\/az\/#organization"},"image":{"@id":"https:\/\/www.meydan.tv\/az\/article\/kendli-mene-deyilmemisdi-ki-bize-verilen-heyvanlar-xeste-olacaq\/#primaryimage"},"thumbnailUrl":"https:\/\/www.meydan.tv\/wp-content\/uploads\/image00005_qpbouzv.jpeg","articleSection":["B\u00f6lg\u0259"],"inLanguage":"az"},{"@type":"WebPage","@id":"https:\/\/www.meydan.tv\/az\/article\/kendli-mene-deyilmemisdi-ki-bize-verilen-heyvanlar-xeste-olacaq\/","url":"https:\/\/www.meydan.tv\/az\/article\/kendli-mene-deyilmemisdi-ki-bize-verilen-heyvanlar-xeste-olacaq\/","name":"K\u0259ndli: M\u0259n\u0259 deyilm\u0259mi\u015fdi ki, biz\u0259 veril\u0259n heyvanlar x\u0259st\u0259 olacaq - MEYDAN.TV","isPartOf":{"@id":"https:\/\/www.meydan.tv\/az\/#website"},"primaryImageOfPage":{"@id":"https:\/\/www.meydan.tv\/az\/article\/kendli-mene-deyilmemisdi-ki-bize-verilen-heyvanlar-xeste-olacaq\/#primaryimage"},"image":{"@id":"https:\/\/www.meydan.tv\/az\/article\/kendli-mene-deyilmemisdi-ki-bize-verilen-heyvanlar-xeste-olacaq\/#primaryimage"},"thumbnailUrl":"https:\/\/www.meydan.tv\/wp-content\/uploads\/image00005_qpbouzv.jpeg","datePublished":"2019-05-29T14:34:03+00:00","breadcrumb":{"@id":"https:\/\/www.meydan.tv\/az\/article\/kendli-mene-deyilmemisdi-ki-bize-verilen-heyvanlar-xeste-olacaq\/#breadcrumb"},"inLanguage":"az","potentialAction":[{"@type":"ReadAction","target":["https:\/\/www.meydan.tv\/az\/article\/kendli-mene-deyilmemisdi-ki-bize-verilen-heyvanlar-xeste-olacaq\/"]}]},{"@type":"ImageObject","inLanguage":"az","@id":"https:\/\/www.meydan.tv\/az\/article\/kendli-mene-deyilmemisdi-ki-bize-verilen-heyvanlar-xeste-olacaq\/#primaryimage","url":"https:\/\/www.meydan.tv\/wp-content\/uploads\/image00005_qpbouzv.jpeg","contentUrl":"https:\/\/www.meydan.tv\/wp-content\/uploads\/image00005_qpbouzv.jpeg","width":1365,"height":1024,"caption":"Source: meydan tv"},{"@type":"BreadcrumbList","@id":"https:\/\/www.meydan.tv\/az\/article\/kendli-mene-deyilmemisdi-ki-bize-verilen-heyvanlar-xeste-olacaq\/#breadcrumb","itemListElement":[{"@type":"ListItem","position":1,"name":"Ana s\u0259hif\u0259","item":"https:\/\/www.meydan.tv\/az\/"},{"@type":"ListItem","position":2,"name":"B\u00f6lg\u0259","item":"https:\/\/www.meydan.tv\/az\/section\/bolge\/"},{"@type":"ListItem","position":3,"name":"K\u0259ndli: M\u0259n\u0259 deyilm\u0259mi\u015fdi ki, biz\u0259 veril\u0259n heyvanlar x\u0259st\u0259 olacaq"}]},{"@type":"WebSite","@id":"https:\/\/www.meydan.tv\/az\/#website","url":"https:\/\/www.meydan.tv\/az\/","name":"MEYDAN.TV","description":"Meydan TV Az\u0259rbaycan\u0131n media m\u0259kan\u0131ndak\u0131 alternativ s\u0259sidir","publisher":{"@id":"https:\/\/www.meydan.tv\/az\/#organization"},"potentialAction":[{"@type":"SearchAction","target":{"@type":"EntryPoint","urlTemplate":"https:\/\/www.meydan.tv\/az\/?s={search_term_string}"},"query-input":{"@type":"PropertyValueSpecification","valueRequired":true,"valueName":"search_term_string"}}],"inLanguage":"az"},{"@type":"Organization","@id":"https:\/\/www.meydan.tv\/az\/#organization","name":"Meydan TV","url":"https:\/\/www.meydan.tv\/az\/","logo":{"@type":"ImageObject","inLanguage":"az","@id":"https:\/\/www.meydan.tv\/az\/#\/schema\/logo\/image\/","url":"https:\/\/www.meydan.tv\/wp-content\/uploads\/2021\/07\/meydan-logo.svg","contentUrl":"https:\/\/www.meydan.tv\/wp-content\/uploads\/2021\/07\/meydan-logo.svg","width":195,"height":46,"caption":"Meydan TV"},"image":{"@id":"https:\/\/www.meydan.tv\/az\/#\/schema\/logo\/image\/"}},{"@type":"Person","@id":"https:\/\/www.meydan.tv\/az\/#\/schema\/person\/10d11eccf6da3662cf5fdab9806ea91a","name":"user-manager"}]}},"_links":{"self":[{"href":"https:\/\/www.meydan.tv\/az\/wp-json\/wp\/v2\/posts\/195610","targetHints":{"allow":["GET"]}}],"collection":[{"href":"https:\/\/www.meydan.tv\/az\/wp-json\/wp\/v2\/posts"}],"about":[{"href":"https:\/\/www.meydan.tv\/az\/wp-json\/wp\/v2\/types\/post"}],"author":[{"embeddable":true,"href":"https:\/\/www.meydan.tv\/az\/wp-json\/wp\/v2\/users\/11"}],"replies":[{"embeddable":true,"href":"https:\/\/www.meydan.tv\/az\/wp-json\/wp\/v2\/comments?post=195610"}],"version-history":[{"count":0,"href":"https:\/\/www.meydan.tv\/az\/wp-json\/wp\/v2\/posts\/195610\/revisions"}],"wp:featuredmedia":[{"embeddable":true,"href":"https:\/\/www.meydan.tv\/az\/wp-json\/wp\/v2\/media\/124509"}],"wp:attachment":[{"href":"https:\/\/www.meydan.tv\/az\/wp-json\/wp\/v2\/media?parent=195610"}],"wp:term":[{"taxonomy":"category","embeddable":true,"href":"https:\/\/www.meydan.tv\/az\/wp-json\/wp\/v2\/categories?post=195610"},{"taxonomy":"post_tag","embeddable":true,"href":"https:\/\/www.meydan.tv\/az\/wp-json\/wp\/v2\/tags?post=195610"}],"curies":[{"name":"wp","href":"https:\/\/api.w.org\/{rel}","templated":true}]}}