{"id":195609,"date":"2019-05-29T14:40:39","date_gmt":"2019-05-29T14:40:39","guid":{"rendered":"https:\/\/www.meydan.tv\/article\/samaxi-sakini-zelzelenin-qezali-veziyyete-saldigi-evi-duzeltmirler\/"},"modified":"2019-05-29T14:40:39","modified_gmt":"2019-05-29T14:40:39","slug":"samaxi-sakini-zelzelenin-qezali-veziyyete-saldigi-evi-duzeltmirler","status":"publish","type":"post","link":"https:\/\/www.meydan.tv\/az\/article\/samaxi-sakini-zelzelenin-qezali-veziyyete-saldigi-evi-duzeltmirler\/","title":{"rendered":"\u015eamax\u0131 sakini: Z\u0259lz\u0259l\u0259nin q\u0259zal\u0131 v\u0259ziyy\u0259t\u0259 sald\u0131\u011f\u0131 evi d\u00fcz\u0259ltmirl\u0259r"},"content":{"rendered":"<p>\n  <i><br \/>\n    \u0130kinci qrup \u0259lil olan S\u0259di Qafarov 3 aydan \u00e7oxdur ki, ail\u0259sil\u0259 qohumlar\u0131n\u0131n evind\u0259 ya\u015fay\u0131r<br \/>\n  <\/i>\n<\/p>\n<p>\n  \u201cG\u0259lib ev\u0259 bax\u0131\u015f ke\u00e7ir\u0259n komissiya \u00fczvl\u0259rind\u0259n biri anamdan soru\u015fur ki, bu ev niy\u0259 bel\u0259 olub? Anam da deyir, z\u0259lz\u0259l\u0259d\u0259n olub, bala&#8230; Komissiya \u00fczv\u00fc d\u0259 qay\u0131d\u0131b ki, bir aya\u011f\u0131n burda, bir aya\u011f\u0131n gordad\u0131, utanm\u0131rsan, yalan dan\u0131\u015f\u0131rsan, bu ev \u0259vv\u0259ld\u0259n q\u0259zal\u0131 olub&#8230;\u201d\n<\/p>\n<p>\n  Bu ilin fevral\u0131nda \u015eamax\u0131 rayonunda ba\u015f vermi\u015f z\u0259lz\u0259l\u0259 n\u0259tic\u0259sind\u0259 q\u0259zal\u0131 v\u0259ziyy\u0259t\u0259 d\u00fc\u015f\u0259n evl\u0259rd\u0259n biri d\u0259 M\u0259lik\u00e7obanl\u0131 k\u0259nd sakini C\u0259m\u015fid Qafarovun evi olub. Qafarovlar ail\u0259sinin Meydan TV-y\u0259 dem\u0259sin\u0259 g\u00f6r\u0259, hadis\u0259d\u0259n \u00fc\u00e7 aydan \u00e7ox vaxt \u00f6tm\u0259sin\u0259 baxmayaraq, d\u00f6vl\u0259t qurumlar\u0131 ail\u0259y\u0259 yeni ev tikilm\u0259si il\u0259 ba\u011fl\u0131 h\u0259r hans\u0131 add\u0131m atmay\u0131blar. H\u0259tta dey\u0259s\u0259n, buna fikirl\u0259ri d\u0259 yoxdur. Haz\u0131rda C\u0259m\u015fid Qafarovun be\u015f n\u0259f\u0259rd\u0259n ibar\u0259t ail\u0259si qay\u0131natas\u0131n\u0131n evin\u0259 s\u0131\u011f\u0131n\u0131b. Onun qarda\u015f\u0131 S\u0259di Qafarov dan\u0131\u015f\u0131r ki, \u00fc\u00e7 aydan \u00e7oxdur d\u00f6vl\u0259t qurumlar\u0131na m\u00fcraci\u0259t ets\u0259l\u0259r d\u0259, qarda\u015f\u0131n\u0131n evini n\u0259 t\u0259mir-b\u0259rpa edirl\u0259r, n\u0259 d\u0259 yenisini tikirl\u0259r\n<\/p>\n<p>\n  <i><br \/>\n    \u201c\u018flilin ail\u0259si qohum qap\u0131lar\u0131nda gec\u0259l\u0259yir\u201d<br \/>\n  <\/i>\n<\/p>\n<p>\n  \u201c\u018fvv\u0259la, m\u0259n Prezidentimiz\u0259 v\u0259 xan\u0131m\u0131na t\u0259\u015f\u0259kk\u00fcr\u00fcm\u00fc bildirir\u0259m ki, onlar \u015eamax\u0131ya g\u0259l\u0259r\u0259k z\u0259lz\u0259l\u0259 n\u0259tic\u0259sind\u0259 q\u0259zal\u0131 v\u0259ziyy\u0259t\u0259 d\u00fc\u015fm\u00fc\u015f evl\u0259rl\u0259 maraqlan\u0131blar, tap\u015f\u0131r\u0131qlar veribl\u0259r. Ancaq onlar\u0131n tap\u015f\u0131r\u0131qlar\u0131 rayonda icra olunmur. Ba\u015fqalar\u0131n\u0131 bilmir\u0259m, \u015f\u0259xs\u0259n m\u0259nim qarda\u015f\u0131m q\u0259zal\u0131 v\u0259ziyy\u0259t\u0259 d\u00fc\u015fm\u00fc\u015f evi il\u0259 ba\u011fl\u0131 h\u0259l\u0259 ki, h\u00f6kum\u0259td\u0259n he\u00e7 bir yard\u0131m g\u00f6rm\u0259yib. Qarda\u015f\u0131m\u0131n biziml\u0259 eyni h\u0259y\u0259td\u0259 yerl\u0259\u015f\u0259n ikiotaql\u0131 evi tamamil\u0259 yarars\u0131z v\u0259ziyy\u0259t\u0259 d\u00fc\u015f\u00fcb. O evd\u0259 ya\u015famaq t\u0259hl\u00fck\u0259lidir, g\u0259lib bax\u0131\u015f ke\u00e7ir\u0259n komissiya \u00fczvl\u0259ri \u00f6zl\u0259ri d\u0259 x\u0259b\u0259rdarl\u0131q edibl\u0259r ki, ev\u0259 girm\u0259yin, h\u0259r an ba\u015f\u0131n\u0131za u\u00e7a bil\u0259r. M\u0259nim ki\u00e7ik evimd\u0259 11 n\u0259f\u0259r ya\u015fay\u0131r, ail\u0259m b\u00f6y\u00fckd\u00fcr, anam da biziml\u0259 qal\u0131r, bu s\u0259b\u0259bd\u0259n d\u0259 qarda\u015f\u0131m\u0131n 5 n\u0259f\u0259rd\u0259n ibar\u0259t ail\u0259sini evim\u0259 s\u0131\u011f\u0131\u015fd\u0131ra bilm\u0259dim, qaynatas\u0131gild\u0259 ya\u015fay\u0131r. Bu 5 n\u0259f\u0259r n\u0259 vaxta q\u0259d\u0259r qohum evind\u0259 qalacaq? Ax\u0131 bu, bir ail\u0259dir, onlar\u0131n da \u00f6z g\u00fcnd\u0259lik h\u0259yat\u0131, qay\u011f\u0131lar\u0131, probleml\u0259ri, s\u00f6z\u00fc-s\u00f6hb\u0259ti var&#8230; \u00dcst\u0259lik d\u0259, 5 ya\u015f\u0131nda a\u011f\u0131r x\u0259st\u0259 var,\u201d \u2013 S\u0259di Qafarov deyir.\n<\/p>\n<figure class=\"wp-block-image size-large\">\n  <img decoding=\"async\" src=\"https:\/\/www.meydan.tv\/az\/image_from_ios-2-jpg-37\/\" alt=\"image_from_ios (2).jpg\" class=\"wp-image-124527\"\/><figcaption>\n    z\u0259lz\u0259l\u0259nin da\u011f\u0131td\u0131\u011f\u0131 ev<br \/>\n  <\/figcaption><\/figure>\n<p>\n  <i><br \/>\n    \u201c\u015eikay\u0259t etdiyim \u00fc\u00e7\u00fcn r\u0259yi d\u0259yi\u015fdil\u0259r\u201d<br \/>\n  <\/i>\n<\/p>\n<p>\n  S\u0259di Qafarovun dem\u0259sin\u0259 g\u00f6r\u0259, komissiya \u00fczvl\u0259ri \u0259vv\u0259l evi q\u0259zal\u0131 tikili kimi qeyd\u0259 al\u0131blar. Sonra r\u0259yi d\u0259yi\u015f\u0259r\u0259k k\u00f6hn\u0259 tikili kimi qeyd edibl\u0259r. Onun s\u00f6zl\u0259rin\u0259 g\u00f6r\u0259, bunun da s\u0259b\u0259bl\u0259ri varm\u0131\u015f:\n<\/p>\n<p>\n  \u201cKomissiya \u00fczvl\u0259rind\u0259n biri anam\u0131 t\u0259hqir edib, ona \u201cqoca arvadsan, bir aya\u011f\u0131n burdad\u0131, bir aya\u011f\u0131n gorda\u201d, deyib, yalan\u00e7\u0131 adland\u0131rd\u0131\u011f\u0131 \u00fc\u00e7\u00fcn D\u0130N 102 xidm\u0259tin\u0259 z\u0259ng vurub \u015fikay\u0259t etdim. FHN n\u00fcmay\u0259nd\u0259l\u0259ri d\u0259 m\u0259ni \u201cc\u0259zaland\u0131rmaq\u201d \u00fc\u00e7\u00fcn ekspertl\u0259 \u0259lbir, dilbir oldular, r\u0259yi d\u0259yi\u015fdil\u0259r. Guya ev z\u0259lz\u0259l\u0259d\u0259n yox, k\u00f6hn\u0259likd\u0259n q\u0259zal\u0131 v\u0259ziyy\u0259t\u0259 d\u00fc\u015f\u00fcb. \u015eamax\u0131ya g\u0259l\u0259n f\u00f6vq\u0259lad\u0259 hallar nazirin\u0259 d\u0259 \u0259m\u0259kda\u015flar\u0131n\u0131n \u00f6zba\u015f\u0131nal\u0131qlar\u0131ndan \u015fikay\u0259t etdim. Ona qarda\u015f\u0131m\u0131n durumundan dan\u0131\u015fd\u0131m, \u00f6z\u00fcn\u00fcn \u0259lil oldu\u011funu, \u00f6vlad\u0131n\u0131n a\u011f\u0131r x\u0259st\u0259likd\u0259n \u0259ziyy\u0259t \u00e7\u0259kdiyini, ya\u015fama\u011fa yerl\u0259ri olmad\u0131\u011f\u0131n\u0131 bildirdim. O, ara\u015fd\u0131r\u0131l\u0131b, h\u0259r bir k\u00f6m\u0259yin olunaca\u011f\u0131na s\u00f6z verdi. Ancaq h\u0259l\u0259 d\u0259 n\u0259tic\u0259 yoxdur\u201d.\n<\/p>\n<p>\n  \u201c\u015eikay\u0259tl\u0259rim cavabs\u0131z qal\u0131b\u201d\n<\/p>\n<p>\n  S\u0259di Qafarov deyir, evin durumu il\u0259 ba\u011fl\u0131 r\u0259y vermi\u015f ekspertl\u0259r onun z\u0259ngl\u0259rin\u0259 v\u0259 mesajlar\u0131na cavab vermir:\n<\/p>\n<p>\n  \u201cQarda\u015f\u0131m \u00f6lk\u0259d\u0259 yoxdur dey\u0259, bu i\u015fl\u0259rl\u0259 m\u0259n m\u0259\u015f\u011ful oluram. Ekspertl\u0259r m\u0259nd\u0259n qa\u00e7\u0131r. \u0130cra hakimiyy\u0259tin\u0259 gedir\u0259m, deyirl\u0259r, bizlik deyil, bu i\u015fl\u0259 F\u00f6vq\u0259lad\u0259 Hallar Komissiyas\u0131 m\u0259\u015f\u011ful olur. Yazd\u0131\u011f\u0131m \u015fikay\u0259t m\u0259ktublar\u0131na cavab verilmir. Bir m\u00fcdd\u0259td\u0259n sonra evl\u0259rin tikintisi, t\u0259mir-b\u0259rpas\u0131 ba\u015fa \u00e7atacaq, onda da gec olacaq. B\u0259s bu ail\u0259 \u00e7\u00f6ld\u0259 qalacaq? Bu ail\u0259d\u0259 \u0259lil var, a\u011f\u0131r x\u0259st\u0259 olan 5 ya\u015f\u0131nda u\u015faq var&#8230;\u201d\n<\/p>\n<figure class=\"wp-block-image size-large\">\n  <img decoding=\"async\" src=\"https:\/\/www.meydan.tv\/az\/image_from_ios-1-jpg-25\/\" alt=\"image_from_ios (1).jpg\" class=\"wp-image-124530\"\/><figcaption>\n    ev<br \/>\n  <\/figcaption><\/figure>\n<p>\n  <i><br \/>\n    \u201c\u0130nsan n\u0259 q\u0259d\u0259r qans\u0131z olmal\u0131d\u0131r ki&#8230;\u201d<br \/>\n  <\/i>\n<\/p>\n<p>\n  S\u0259di Qafarovun s\u00f6zl\u0259rin\u0259 g\u00f6r\u0259, qarda\u015f\u0131 C\u0259m\u015fid haz\u0131rda \u00f6vlad\u0131n\u0131n n\u00f6vb\u0259ti \u0259m\u0259liyyat\u0131na g\u00f6r\u0259 Ukraynan\u0131n Xarkov \u015f\u0259h\u0259rind\u0259dir. \u018fvv\u0259ll\u0259r d\u0259 \u0259m\u0259liyyat olunmu\u015f 5 ya\u015fl\u0131 q\u0131z\u0131n durumu a\u011f\u0131rd\u0131r:\n<\/p>\n<p>\n  \u201c\u018flil qarda\u015f\u0131m u\u015fa\u011f\u0131n \u0259m\u0259liyyat\u0131, m\u00fcalic\u0259si \u00fc\u00e7\u00fcn imkans\u0131zl\u0131qdan bir d\u0259f\u0259 tv-l\u0259rd\u0259n birin\u0259 m\u00fcraci\u0259t etdi, \u00e7\u0259kib g\u00f6st\u0259rdil\u0259r, pul topland\u0131, \u0259m\u0259liyyat ba\u015f tutdu. \u0130ndi n\u00f6vb\u0259ti \u0259m\u0259liyyatlara ehtiyac var, yen\u0259 imkans\u0131zl\u0131q&#8230; U\u015fa\u011f\u0131n taleyi nec\u0259 olacaq, bilmirik, bir t\u0259r\u0259fd\u0259n d\u0259 evl\u0259ri pis v\u0259ziyy\u0259td\u0259. D\u00f6vl\u0259t bu evi d\u00fcz\u0259ltm\u0259lidir, g\u0259l ki, komissiya \u00fczvl\u0259ri \u0259ng\u0259ll\u0259yir. He\u00e7 olmasa bu u\u015fa\u011f\u0131 g\u00f6zl\u0259rinin qar\u015f\u0131s\u0131na g\u0259tirsinl\u0259r, m\u0259rdim\u0259zarl\u0131q el\u0259m\u0259sinl\u0259r. Ham\u0131n\u0131n balas\u0131 var, a\u011f\u0131r x\u0259st\u0259liy\u0259 d\u00fc\u00e7ar olmu\u015f bir u\u015faq qap\u0131larda qal\u0131r, he\u00e7 kimin balas\u0131 x\u0259st\u0259likd\u0259n s\u0131\u011fortalanmay\u0131b. Ham\u0131n\u0131n ba\u015f\u0131na g\u0259l\u0259 bil\u0259r. \u0130nsan n\u0259 q\u0259d\u0259r qans\u0131z, imans\u0131z olmal\u0131d\u0131r ki, \u00fcr\u0259yind\u0259 \u201cparoq\u201d olan, ciy\u0259rl\u0259ri, m\u0259d\u0259alt\u0131 v\u0259zisi \u015fi\u015f\u0259n bir u\u015fa\u011f\u0131n qap\u0131larda qalmas\u0131na baiskar olsun?!\u201d\n<\/p>\n<p>\n  \u015eamax\u0131 Rayon \u0130cra Hakimiyy\u0259tind\u0259n bildirilib ki, bu ilin fevral\u0131nda ba\u015f vermi\u015f z\u0259lz\u0259l\u0259d\u0259n d\u0259rhal sonra FHN komissiya \u00fczvl\u0259ri M\u0259lik\u00e7obanl\u0131 k\u0259ndind\u0259ki evl\u0259r\u0259 bax\u0131\u015f ke\u00e7irib. H\u0259min evl\u0259rin aras\u0131nda C\u0259m\u015fid Qafarova m\u0259xsus ev d\u0259 olub. \u018fvv\u0259lc\u0259 ev q\u0259zal\u0131 evl\u0259rin siyah\u0131s\u0131na daxil edilib, sonradan evin z\u0259lz\u0259l\u0259d\u0259n \u0259vv\u0259l ya\u015fama\u011fa yarars\u0131z oldu\u011fu m\u00fc\u0259yy\u0259n edilib v\u0259 siyah\u0131dan \u00e7\u0131xar\u0131l\u0131b.\n<\/p>\n<p>\n  <i><br \/>\n    \u201cM\u0259hk\u0259m\u0259 yolu il\u0259 h\u0259ll etm\u0259k olar\u201d<br \/>\n  <\/i>\n<\/p>\n<p>\n  S\u0259di Qafarovsa deyir, icra hakimiyy\u0259tinin dedikl\u0259ri h\u0259qiq\u0259t\u0259uy\u011fun deyil: \u201cM\u0259nim \u00f6z evim 40 ilin evidir, t\u0259mir olunacaq evl\u0259rin siyah\u0131s\u0131na yaz\u0131l\u0131b. Qarda\u015f\u0131m\u0131n evi 20 il \u0259vv\u0259l tikilib, saxtakarl\u0131q edib, onu k\u00f6hn\u0259 tikili kimi siyah\u0131dan \u00e7\u0131xar\u0131blar\u201d.\n<\/p>\n<p>\n  H\u00fcquq\u015f\u00fcnas Namiz\u0259d S\u0259f\u0259rov deyir, C\u0259m\u015fid Qafarov m\u0259s\u0259l\u0259ni m\u0259hk\u0259m\u0259 yolu il\u0259 h\u0259ll ed\u0259 bil\u0259r:\n<\/p>\n<p>\n  \u201cF\u00f6vq\u0259lad\u0259 Hallar Komissiyas\u0131na r\u0259smi m\u0259ktubla m\u00fcraci\u0259t etm\u0259lidir, r\u0259smi cavab almal\u0131d\u0131r, h\u0259min r\u0259smi cavabdan m\u0259hk\u0259m\u0259y\u0259 m\u00fcraci\u0259t etm\u0259lidir. M\u0259hk\u0259m\u0259d\u0259 iddia qald\u0131rmal\u0131d\u0131r, evin ekspertizadan ke\u00e7irilm\u0259sini t\u0259l\u0259b etm\u0259lidir. Ekspertiza n\u0259tic\u0259sind\u0259 tikilinin k\u00f6hn\u0259, yaxud yeni olmas\u0131 m\u00fc\u0259yy\u0259n edilm\u0259lidir. H\u0259m\u00e7inin m\u0259hk\u0259m\u0259 yoluyla ke\u00e7iril\u0259n ekspertiza zaman\u0131 tikilid\u0259ki q\u0259za izl\u0259rinin m\u00fcdd\u0259ti d\u0259 m\u00fc\u0259yy\u0259n edsilm\u0259lidir. \u018fg\u0259r m\u00fc\u0259yy\u0259n edils\u0259 ki, ev z\u0259lz\u0259l\u0259d\u0259n q\u0259zal\u0131 v\u0259ziyy\u0259t\u0259 d\u00fc\u015f\u00fcb, m\u0259hk\u0259m\u0259 FHN komissiyas\u0131n\u0131n \u00fcz\u0259rin\u0259 evin s\u00f6k\u00fcl\u00fcb yenid\u0259n tikilm\u0259si \u00f6hd\u0259liyini qoyacaq\u201d.\n<\/p>\n<p>\n  Bu il fevral\u0131n 5-d\u0259 \u015eamax\u0131da ba\u015f vermi\u015f z\u0259lz\u0259l\u0259 n\u0259tic\u0259sind\u0259 \u0259sas\u0259n da\u011f k\u0259ndl\u0259rind\u0259 da\u011f\u0131nt\u0131lar olub. Ya\u015fay\u0131\u015f v\u0259 qeyri \u2013ya\u015fay\u0131\u015f yerl\u0259rin\u0259, t\u0259s\u0259rr\u00fcfatlara z\u0259r\u0259r d\u0259yib. Prezident \u0130lham \u018fliyev v\u0259 vitse-prezident Mehriban \u018fliyeva rayona ged\u0259r\u0259k, z\u0259lz\u0259l\u0259d\u0259n z\u0259r\u0259r \u00e7\u0259kmi\u015f ail\u0259l\u0259rl\u0259 g\u00f6r\u00fc\u015f\u00fcb, v\u0259ziyy\u0259tl\u0259 maraqlan\u0131b, tap\u015f\u0131r\u0131qlar\u0131n\u0131 verib. K\u00fctl\u0259vi informasiya vasit\u0259l\u0259ri bunu geni\u015f i\u015f\u0131qland\u0131r\u0131b.<\/p>\n","protected":false},"excerpt":{"rendered":"<p>U\u015fa\u011f\u0131n taleyi nec\u0259 olacaq, bilmirik, bir t\u0259r\u0259fd\u0259n d\u0259 evl\u0259ri pis v\u0259ziyy\u0259td\u0259.<\/p>\n","protected":false},"author":11,"featured_media":124524,"comment_status":"closed","ping_status":"open","sticky":false,"template":"","format":"standard","meta":{"_acf_changed":false,"_sitemap_exclude":false,"_sitemap_priority":"","_sitemap_frequency":"","footnotes":""},"categories":[60],"tags":[],"class_list":["post-195609","post","type-post","status-publish","format-standard","has-post-thumbnail","hentry","category-bolge","infinite-scroll-item","generate-columns","tablet-grid-50","mobile-grid-100","grid-parent","grid-33","no-featured-image-padding"],"acf":[],"yoast_head":"<!-- This site is optimized with the Yoast SEO plugin v27.4 - https:\/\/yoast.com\/product\/yoast-seo-wordpress\/ -->\n<title>\u015eamax\u0131 sakini: Z\u0259lz\u0259l\u0259nin q\u0259zal\u0131 v\u0259ziyy\u0259t\u0259 sald\u0131\u011f\u0131 evi d\u00fcz\u0259ltmirl\u0259r - MEYDAN.TV<\/title>\n<meta name=\"robots\" content=\"index, follow, max-snippet:-1, max-image-preview:large, max-video-preview:-1\" \/>\n<link rel=\"canonical\" href=\"https:\/\/www.meydan.tv\/az\/article\/samaxi-sakini-zelzelenin-qezali-veziyyete-saldigi-evi-duzeltmirler\/\" \/>\n<meta property=\"og:locale\" content=\"az_AZ\" \/>\n<meta property=\"og:type\" content=\"article\" \/>\n<meta property=\"og:title\" content=\"\u015eamax\u0131 sakini: Z\u0259lz\u0259l\u0259nin q\u0259zal\u0131 v\u0259ziyy\u0259t\u0259 sald\u0131\u011f\u0131 evi d\u00fcz\u0259ltmirl\u0259r - MEYDAN.TV\" \/>\n<meta property=\"og:description\" content=\"U\u015fa\u011f\u0131n taleyi nec\u0259 olacaq, bilmirik, bir t\u0259r\u0259fd\u0259n d\u0259 evl\u0259ri pis v\u0259ziyy\u0259td\u0259.\" \/>\n<meta property=\"og:url\" content=\"https:\/\/www.meydan.tv\/az\/article\/samaxi-sakini-zelzelenin-qezali-veziyyete-saldigi-evi-duzeltmirler\/\" \/>\n<meta property=\"og:site_name\" content=\"MEYDAN.TV\" \/>\n<meta property=\"article:published_time\" content=\"2019-05-29T14:40:39+00:00\" \/>\n<meta property=\"og:image\" content=\"https:\/\/www.meydan.tv\/wp-content\/uploads\/image_from_ios_9rhlqx1.jpg\" \/>\n\t<meta property=\"og:image:width\" content=\"1280\" \/>\n\t<meta property=\"og:image:height\" content=\"720\" \/>\n\t<meta property=\"og:image:type\" content=\"image\/jpeg\" \/>\n<meta name=\"author\" content=\"user-manager\" \/>\n<meta name=\"twitter:card\" content=\"summary_large_image\" \/>\n<script type=\"application\/ld+json\" class=\"yoast-schema-graph\">{\"@context\":\"https:\\\/\\\/schema.org\",\"@graph\":[{\"@type\":\"Article\",\"@id\":\"https:\\\/\\\/www.meydan.tv\\\/az\\\/article\\\/samaxi-sakini-zelzelenin-qezali-veziyyete-saldigi-evi-duzeltmirler\\\/#article\",\"isPartOf\":{\"@id\":\"https:\\\/\\\/www.meydan.tv\\\/az\\\/article\\\/samaxi-sakini-zelzelenin-qezali-veziyyete-saldigi-evi-duzeltmirler\\\/\"},\"author\":{\"name\":\"user-manager\",\"@id\":\"https:\\\/\\\/www.meydan.tv\\\/az\\\/#\\\/schema\\\/person\\\/10d11eccf6da3662cf5fdab9806ea91a\"},\"headline\":\"\u015eamax\u0131 sakini: Z\u0259lz\u0259l\u0259nin q\u0259zal\u0131 v\u0259ziyy\u0259t\u0259 sald\u0131\u011f\u0131 evi d\u00fcz\u0259ltmirl\u0259r\",\"datePublished\":\"2019-05-29T14:40:39+00:00\",\"mainEntityOfPage\":{\"@id\":\"https:\\\/\\\/www.meydan.tv\\\/az\\\/article\\\/samaxi-sakini-zelzelenin-qezali-veziyyete-saldigi-evi-duzeltmirler\\\/\"},\"wordCount\":1494,\"publisher\":{\"@id\":\"https:\\\/\\\/www.meydan.tv\\\/az\\\/#organization\"},\"image\":{\"@id\":\"https:\\\/\\\/www.meydan.tv\\\/az\\\/article\\\/samaxi-sakini-zelzelenin-qezali-veziyyete-saldigi-evi-duzeltmirler\\\/#primaryimage\"},\"thumbnailUrl\":\"https:\\\/\\\/www.meydan.tv\\\/wp-content\\\/uploads\\\/image_from_ios_9rhlqx1.jpg\",\"articleSection\":[\"B\u00f6lg\u0259\"],\"inLanguage\":\"az\"},{\"@type\":\"WebPage\",\"@id\":\"https:\\\/\\\/www.meydan.tv\\\/az\\\/article\\\/samaxi-sakini-zelzelenin-qezali-veziyyete-saldigi-evi-duzeltmirler\\\/\",\"url\":\"https:\\\/\\\/www.meydan.tv\\\/az\\\/article\\\/samaxi-sakini-zelzelenin-qezali-veziyyete-saldigi-evi-duzeltmirler\\\/\",\"name\":\"\u015eamax\u0131 sakini: Z\u0259lz\u0259l\u0259nin q\u0259zal\u0131 v\u0259ziyy\u0259t\u0259 sald\u0131\u011f\u0131 evi d\u00fcz\u0259ltmirl\u0259r - MEYDAN.TV\",\"isPartOf\":{\"@id\":\"https:\\\/\\\/www.meydan.tv\\\/az\\\/#website\"},\"primaryImageOfPage\":{\"@id\":\"https:\\\/\\\/www.meydan.tv\\\/az\\\/article\\\/samaxi-sakini-zelzelenin-qezali-veziyyete-saldigi-evi-duzeltmirler\\\/#primaryimage\"},\"image\":{\"@id\":\"https:\\\/\\\/www.meydan.tv\\\/az\\\/article\\\/samaxi-sakini-zelzelenin-qezali-veziyyete-saldigi-evi-duzeltmirler\\\/#primaryimage\"},\"thumbnailUrl\":\"https:\\\/\\\/www.meydan.tv\\\/wp-content\\\/uploads\\\/image_from_ios_9rhlqx1.jpg\",\"datePublished\":\"2019-05-29T14:40:39+00:00\",\"breadcrumb\":{\"@id\":\"https:\\\/\\\/www.meydan.tv\\\/az\\\/article\\\/samaxi-sakini-zelzelenin-qezali-veziyyete-saldigi-evi-duzeltmirler\\\/#breadcrumb\"},\"inLanguage\":\"az\",\"potentialAction\":[{\"@type\":\"ReadAction\",\"target\":[\"https:\\\/\\\/www.meydan.tv\\\/az\\\/article\\\/samaxi-sakini-zelzelenin-qezali-veziyyete-saldigi-evi-duzeltmirler\\\/\"]}]},{\"@type\":\"ImageObject\",\"inLanguage\":\"az\",\"@id\":\"https:\\\/\\\/www.meydan.tv\\\/az\\\/article\\\/samaxi-sakini-zelzelenin-qezali-veziyyete-saldigi-evi-duzeltmirler\\\/#primaryimage\",\"url\":\"https:\\\/\\\/www.meydan.tv\\\/wp-content\\\/uploads\\\/image_from_ios_9rhlqx1.jpg\",\"contentUrl\":\"https:\\\/\\\/www.meydan.tv\\\/wp-content\\\/uploads\\\/image_from_ios_9rhlqx1.jpg\",\"width\":1280,\"height\":720,\"caption\":\"Source: meydan tv\"},{\"@type\":\"BreadcrumbList\",\"@id\":\"https:\\\/\\\/www.meydan.tv\\\/az\\\/article\\\/samaxi-sakini-zelzelenin-qezali-veziyyete-saldigi-evi-duzeltmirler\\\/#breadcrumb\",\"itemListElement\":[{\"@type\":\"ListItem\",\"position\":1,\"name\":\"Ana s\u0259hif\u0259\",\"item\":\"https:\\\/\\\/www.meydan.tv\\\/az\\\/\"},{\"@type\":\"ListItem\",\"position\":2,\"name\":\"B\u00f6lg\u0259\",\"item\":\"https:\\\/\\\/www.meydan.tv\\\/az\\\/section\\\/bolge\\\/\"},{\"@type\":\"ListItem\",\"position\":3,\"name\":\"\u015eamax\u0131 sakini: Z\u0259lz\u0259l\u0259nin q\u0259zal\u0131 v\u0259ziyy\u0259t\u0259 sald\u0131\u011f\u0131 evi d\u00fcz\u0259ltmirl\u0259r\"}]},{\"@type\":\"WebSite\",\"@id\":\"https:\\\/\\\/www.meydan.tv\\\/az\\\/#website\",\"url\":\"https:\\\/\\\/www.meydan.tv\\\/az\\\/\",\"name\":\"MEYDAN.TV\",\"description\":\"Meydan TV Az\u0259rbaycan\u0131n media m\u0259kan\u0131ndak\u0131 alternativ s\u0259sidir\",\"publisher\":{\"@id\":\"https:\\\/\\\/www.meydan.tv\\\/az\\\/#organization\"},\"potentialAction\":[{\"@type\":\"SearchAction\",\"target\":{\"@type\":\"EntryPoint\",\"urlTemplate\":\"https:\\\/\\\/www.meydan.tv\\\/az\\\/?s={search_term_string}\"},\"query-input\":{\"@type\":\"PropertyValueSpecification\",\"valueRequired\":true,\"valueName\":\"search_term_string\"}}],\"inLanguage\":\"az\"},{\"@type\":\"Organization\",\"@id\":\"https:\\\/\\\/www.meydan.tv\\\/az\\\/#organization\",\"name\":\"Meydan TV\",\"url\":\"https:\\\/\\\/www.meydan.tv\\\/az\\\/\",\"logo\":{\"@type\":\"ImageObject\",\"inLanguage\":\"az\",\"@id\":\"https:\\\/\\\/www.meydan.tv\\\/az\\\/#\\\/schema\\\/logo\\\/image\\\/\",\"url\":\"https:\\\/\\\/www.meydan.tv\\\/wp-content\\\/uploads\\\/2021\\\/07\\\/meydan-logo.svg\",\"contentUrl\":\"https:\\\/\\\/www.meydan.tv\\\/wp-content\\\/uploads\\\/2021\\\/07\\\/meydan-logo.svg\",\"width\":195,\"height\":46,\"caption\":\"Meydan TV\"},\"image\":{\"@id\":\"https:\\\/\\\/www.meydan.tv\\\/az\\\/#\\\/schema\\\/logo\\\/image\\\/\"}},{\"@type\":\"Person\",\"@id\":\"https:\\\/\\\/www.meydan.tv\\\/az\\\/#\\\/schema\\\/person\\\/10d11eccf6da3662cf5fdab9806ea91a\",\"name\":\"user-manager\"}]}<\/script>\n<!-- \/ Yoast SEO plugin. -->","yoast_head_json":{"title":"\u015eamax\u0131 sakini: Z\u0259lz\u0259l\u0259nin q\u0259zal\u0131 v\u0259ziyy\u0259t\u0259 sald\u0131\u011f\u0131 evi d\u00fcz\u0259ltmirl\u0259r - MEYDAN.TV","robots":{"index":"index","follow":"follow","max-snippet":"max-snippet:-1","max-image-preview":"max-image-preview:large","max-video-preview":"max-video-preview:-1"},"canonical":"https:\/\/www.meydan.tv\/az\/article\/samaxi-sakini-zelzelenin-qezali-veziyyete-saldigi-evi-duzeltmirler\/","og_locale":"az_AZ","og_type":"article","og_title":"\u015eamax\u0131 sakini: Z\u0259lz\u0259l\u0259nin q\u0259zal\u0131 v\u0259ziyy\u0259t\u0259 sald\u0131\u011f\u0131 evi d\u00fcz\u0259ltmirl\u0259r - MEYDAN.TV","og_description":"U\u015fa\u011f\u0131n taleyi nec\u0259 olacaq, bilmirik, bir t\u0259r\u0259fd\u0259n d\u0259 evl\u0259ri pis v\u0259ziyy\u0259td\u0259.","og_url":"https:\/\/www.meydan.tv\/az\/article\/samaxi-sakini-zelzelenin-qezali-veziyyete-saldigi-evi-duzeltmirler\/","og_site_name":"MEYDAN.TV","article_published_time":"2019-05-29T14:40:39+00:00","og_image":[{"width":1280,"height":720,"url":"https:\/\/www.meydan.tv\/wp-content\/uploads\/image_from_ios_9rhlqx1.jpg","type":"image\/jpeg"}],"author":"user-manager","twitter_card":"summary_large_image","schema":{"@context":"https:\/\/schema.org","@graph":[{"@type":"Article","@id":"https:\/\/www.meydan.tv\/az\/article\/samaxi-sakini-zelzelenin-qezali-veziyyete-saldigi-evi-duzeltmirler\/#article","isPartOf":{"@id":"https:\/\/www.meydan.tv\/az\/article\/samaxi-sakini-zelzelenin-qezali-veziyyete-saldigi-evi-duzeltmirler\/"},"author":{"name":"user-manager","@id":"https:\/\/www.meydan.tv\/az\/#\/schema\/person\/10d11eccf6da3662cf5fdab9806ea91a"},"headline":"\u015eamax\u0131 sakini: Z\u0259lz\u0259l\u0259nin q\u0259zal\u0131 v\u0259ziyy\u0259t\u0259 sald\u0131\u011f\u0131 evi d\u00fcz\u0259ltmirl\u0259r","datePublished":"2019-05-29T14:40:39+00:00","mainEntityOfPage":{"@id":"https:\/\/www.meydan.tv\/az\/article\/samaxi-sakini-zelzelenin-qezali-veziyyete-saldigi-evi-duzeltmirler\/"},"wordCount":1494,"publisher":{"@id":"https:\/\/www.meydan.tv\/az\/#organization"},"image":{"@id":"https:\/\/www.meydan.tv\/az\/article\/samaxi-sakini-zelzelenin-qezali-veziyyete-saldigi-evi-duzeltmirler\/#primaryimage"},"thumbnailUrl":"https:\/\/www.meydan.tv\/wp-content\/uploads\/image_from_ios_9rhlqx1.jpg","articleSection":["B\u00f6lg\u0259"],"inLanguage":"az"},{"@type":"WebPage","@id":"https:\/\/www.meydan.tv\/az\/article\/samaxi-sakini-zelzelenin-qezali-veziyyete-saldigi-evi-duzeltmirler\/","url":"https:\/\/www.meydan.tv\/az\/article\/samaxi-sakini-zelzelenin-qezali-veziyyete-saldigi-evi-duzeltmirler\/","name":"\u015eamax\u0131 sakini: Z\u0259lz\u0259l\u0259nin q\u0259zal\u0131 v\u0259ziyy\u0259t\u0259 sald\u0131\u011f\u0131 evi d\u00fcz\u0259ltmirl\u0259r - MEYDAN.TV","isPartOf":{"@id":"https:\/\/www.meydan.tv\/az\/#website"},"primaryImageOfPage":{"@id":"https:\/\/www.meydan.tv\/az\/article\/samaxi-sakini-zelzelenin-qezali-veziyyete-saldigi-evi-duzeltmirler\/#primaryimage"},"image":{"@id":"https:\/\/www.meydan.tv\/az\/article\/samaxi-sakini-zelzelenin-qezali-veziyyete-saldigi-evi-duzeltmirler\/#primaryimage"},"thumbnailUrl":"https:\/\/www.meydan.tv\/wp-content\/uploads\/image_from_ios_9rhlqx1.jpg","datePublished":"2019-05-29T14:40:39+00:00","breadcrumb":{"@id":"https:\/\/www.meydan.tv\/az\/article\/samaxi-sakini-zelzelenin-qezali-veziyyete-saldigi-evi-duzeltmirler\/#breadcrumb"},"inLanguage":"az","potentialAction":[{"@type":"ReadAction","target":["https:\/\/www.meydan.tv\/az\/article\/samaxi-sakini-zelzelenin-qezali-veziyyete-saldigi-evi-duzeltmirler\/"]}]},{"@type":"ImageObject","inLanguage":"az","@id":"https:\/\/www.meydan.tv\/az\/article\/samaxi-sakini-zelzelenin-qezali-veziyyete-saldigi-evi-duzeltmirler\/#primaryimage","url":"https:\/\/www.meydan.tv\/wp-content\/uploads\/image_from_ios_9rhlqx1.jpg","contentUrl":"https:\/\/www.meydan.tv\/wp-content\/uploads\/image_from_ios_9rhlqx1.jpg","width":1280,"height":720,"caption":"Source: meydan tv"},{"@type":"BreadcrumbList","@id":"https:\/\/www.meydan.tv\/az\/article\/samaxi-sakini-zelzelenin-qezali-veziyyete-saldigi-evi-duzeltmirler\/#breadcrumb","itemListElement":[{"@type":"ListItem","position":1,"name":"Ana s\u0259hif\u0259","item":"https:\/\/www.meydan.tv\/az\/"},{"@type":"ListItem","position":2,"name":"B\u00f6lg\u0259","item":"https:\/\/www.meydan.tv\/az\/section\/bolge\/"},{"@type":"ListItem","position":3,"name":"\u015eamax\u0131 sakini: Z\u0259lz\u0259l\u0259nin q\u0259zal\u0131 v\u0259ziyy\u0259t\u0259 sald\u0131\u011f\u0131 evi d\u00fcz\u0259ltmirl\u0259r"}]},{"@type":"WebSite","@id":"https:\/\/www.meydan.tv\/az\/#website","url":"https:\/\/www.meydan.tv\/az\/","name":"MEYDAN.TV","description":"Meydan TV Az\u0259rbaycan\u0131n media m\u0259kan\u0131ndak\u0131 alternativ s\u0259sidir","publisher":{"@id":"https:\/\/www.meydan.tv\/az\/#organization"},"potentialAction":[{"@type":"SearchAction","target":{"@type":"EntryPoint","urlTemplate":"https:\/\/www.meydan.tv\/az\/?s={search_term_string}"},"query-input":{"@type":"PropertyValueSpecification","valueRequired":true,"valueName":"search_term_string"}}],"inLanguage":"az"},{"@type":"Organization","@id":"https:\/\/www.meydan.tv\/az\/#organization","name":"Meydan TV","url":"https:\/\/www.meydan.tv\/az\/","logo":{"@type":"ImageObject","inLanguage":"az","@id":"https:\/\/www.meydan.tv\/az\/#\/schema\/logo\/image\/","url":"https:\/\/www.meydan.tv\/wp-content\/uploads\/2021\/07\/meydan-logo.svg","contentUrl":"https:\/\/www.meydan.tv\/wp-content\/uploads\/2021\/07\/meydan-logo.svg","width":195,"height":46,"caption":"Meydan TV"},"image":{"@id":"https:\/\/www.meydan.tv\/az\/#\/schema\/logo\/image\/"}},{"@type":"Person","@id":"https:\/\/www.meydan.tv\/az\/#\/schema\/person\/10d11eccf6da3662cf5fdab9806ea91a","name":"user-manager"}]}},"_links":{"self":[{"href":"https:\/\/www.meydan.tv\/az\/wp-json\/wp\/v2\/posts\/195609","targetHints":{"allow":["GET"]}}],"collection":[{"href":"https:\/\/www.meydan.tv\/az\/wp-json\/wp\/v2\/posts"}],"about":[{"href":"https:\/\/www.meydan.tv\/az\/wp-json\/wp\/v2\/types\/post"}],"author":[{"embeddable":true,"href":"https:\/\/www.meydan.tv\/az\/wp-json\/wp\/v2\/users\/11"}],"replies":[{"embeddable":true,"href":"https:\/\/www.meydan.tv\/az\/wp-json\/wp\/v2\/comments?post=195609"}],"version-history":[{"count":0,"href":"https:\/\/www.meydan.tv\/az\/wp-json\/wp\/v2\/posts\/195609\/revisions"}],"wp:featuredmedia":[{"embeddable":true,"href":"https:\/\/www.meydan.tv\/az\/wp-json\/wp\/v2\/media\/124524"}],"wp:attachment":[{"href":"https:\/\/www.meydan.tv\/az\/wp-json\/wp\/v2\/media?parent=195609"}],"wp:term":[{"taxonomy":"category","embeddable":true,"href":"https:\/\/www.meydan.tv\/az\/wp-json\/wp\/v2\/categories?post=195609"},{"taxonomy":"post_tag","embeddable":true,"href":"https:\/\/www.meydan.tv\/az\/wp-json\/wp\/v2\/tags?post=195609"}],"curies":[{"name":"wp","href":"https:\/\/api.w.org\/{rel}","templated":true}]}}