{"id":195594,"date":"2019-05-28T08:27:00","date_gmt":"2019-05-28T08:27:00","guid":{"rendered":"https:\/\/www.meydan.tv\/article\/biz-yoxdur-basa-dusuruk-usaqlar-acliga-doze-bilmir-axi\/"},"modified":"2019-05-28T08:27:00","modified_gmt":"2019-05-28T08:27:00","slug":"biz-yoxdur-basa-dusuruk-usaqlar-acliga-doze-bilmir-axi","status":"publish","type":"post","link":"https:\/\/www.meydan.tv\/az\/article\/biz-yoxdur-basa-dusuruk-usaqlar-acliga-doze-bilmir-axi\/","title":{"rendered":"&#8221;Biz &#8221;yoxdur&#8221; ba\u015fa d\u00fc\u015f\u00fcr\u00fck, u\u015faqlar acl\u0131\u011fa d\u00f6z\u0259 bilmir ax\u0131&#8230;&#8221;"},"content":{"rendered":"<p>\n  <i><br \/>\n    \u0130mi\u015flid\u0259 d\u00f6rdu\u015faql\u0131 ail\u0259 d\u00f6vl\u0259td\u0259n \u00d6z\u00fcn\u00fcm\u0259\u015f\u011fulluq Proqram\u0131 \u00e7\u0259r\u00e7iv\u0259sind\u0259 mal-qara ist\u0259yir, amma ala bilmir&#8230;<br \/>\n  <\/i>\n<\/p>\n<p>\n  \u201cM\u0259kt\u0259b\u0259 ged\u0259n u\u015faqlar\u0131m bir d\u0259st paltar\u0131 n\u00f6vb\u0259 il\u0259 geyinir. Biri g\u00fcnorta d\u0259rsd\u0259n g\u0259lib paltar\u0131 \u00e7\u0131xar\u0131r, sonra o birisi geyinib gedir. Qar\u0131ndolusu \u00e7\u00f6r\u0259k ver\u0259 bilmir\u0259m onlara&#8230;\u201d, &#8211; \u0130mi\u015fli rayonunun Q\u0131z\u0131lk\u0259nd k\u0259ndinin sakini Elm\u0259ddin \u018fliyev ail\u0259sinin a\u011f\u0131r durumundan dan\u0131\u015f\u0131r.\n<\/p>\n<p>\n  \u201c<br \/>\n  <b><br \/>\n    <i><br \/>\n      Bir ail\u0259 ac\u0131ndan \u00f6l\u0259 bil\u0259r\u201d<br \/>\n    <\/i><br \/>\n  <\/b>\n<\/p>\n<p>\n  37 ya\u015fl\u0131 E.\u018fliyev d\u00f6rd u\u015faq atas\u0131d\u0131r. \u00d6vladlar\u0131n\u0131n \u0259n b\u00f6y\u00fcy\u00fcn\u00fcn 12 ya\u015f\u0131 var, \u0259n ki\u00e7iyi is\u0259 8 ayl\u0131qd\u0131r. Deyir, Az\u0259rbaycan\u0131n \u0259ks\u0259r k\u0259ndl\u0259rind\u0259 h\u00f6km s\u00fcr\u0259n i\u015fsizlik Q\u0131z\u0131lk\u0259ndd\u0259n d\u0259 yan ke\u00e7m\u0259yib, burada da bir \u00e7ox g\u0259nc, ail\u0259 ba\u015f\u00e7\u0131s\u0131 i\u015fsizdir.\n<\/p>\n<p>\n  \u201c\u0130\u015f \u00fc\u00e7\u00fcn daha haralara getm\u0259mi\u015f\u0259m?! M\u0259\u015f\u011fulluq \u0130dar\u0259sind\u0259n tutmu\u015f, icra hakimiyy\u0259tin\u0259, Prezident Administrasiyas\u0131na q\u0259d\u0259r. \u0130cra hakimiyy\u0259tin\u0259 \u00fc\u00e7 d\u0259f\u0259 getmi\u015f\u0259m. Deyir\u0259m, n\u0259 ist\u0259yir\u0259m, u\u015faqlar\u0131m ac\u0131ndan \u00f6lm\u0259sin dey\u0259, i\u015fl\u0259m\u0259k \u00fc\u00e7\u00fcn i\u015f ist\u0259yir\u0259m. He\u00e7 q\u0259bul el\u0259yib, s\u00f6z\u00fcm\u00fc d\u0259 e\u015fitm\u0259k ist\u0259mirl\u0259r. Bunlar\u0131 narahat el\u0259mir ki, bir ail\u0259 ac\u0131ndan \u00f6l\u0259 bil\u0259r. \u0130mkan vermirl\u0259r ki, ba\u015f\u00e7\u0131n\u0131n q\u0259buluna d\u00fc\u015f\u00fcm. B\u0259lk\u0259 d\u0259 onun q\u0259buluna d\u00fc\u015f\u00fcb, s\u00f6z\u00fcm\u00fc dey\u0259 bils\u0259m, k\u00f6m\u0259k el\u0259y\u0259r. Ancaq imkan vermirl\u0259r. Y\u0259qin qorxurlar ki, ba\u015f\u00e7\u0131ya onlar\u0131n \u0259m\u0259ll\u0259rind\u0259n \u015fikay\u0259t ed\u0259r\u0259m. Ax\u0131r\u0131nc\u0131 d\u0259f\u0259 m\u00fcavini m\u0259ni \u00e7\u00f6l\u0259 \u00e7\u0131xar\u0131b qovdu. Kim\u0259 dey\u0259k d\u0259rdimizi?\u201d, &#8211; E.\u018fliyev bildirir.\n<\/p>\n<p>\n  \u201c<br \/>\n  <b><br \/>\n    <i><br \/>\n      H\u0259kimin pulunu \u00f6d\u0259m\u0259k \u00fc\u00e7\u00fcn torpa\u011f\u0131m\u0131 icar\u0259y\u0259 verdim\u201d<br \/>\n    <\/i><br \/>\n  <\/b>\n<\/p>\n<p>\n  \u00c7ar\u0259siz v\u0259ziyy\u0259td\u0259 qald\u0131\u011f\u0131na g\u00f6r\u0259 iki ay \u00f6nc\u0259 u\u015faqlar\u0131 il\u0259 birlikd\u0259 Prezident Administrasiyas\u0131na getdiyini dey\u0259n E.\u018fliyevin s\u00f6zl\u0259rin\u0259 g\u00f6r\u0259, orada onu q\u0259bul edib, d\u0259rdini e\u015fidibl\u0259r. Sonra onu \u018fm\u0259k v\u0259 \u018fhalinin Sosial M\u00fcdafi\u0259si Nazirliyin\u0259 g\u00f6nd\u0259ribl\u0259r. Orada da nazir m\u00fcavini Anar K\u0259rimovun q\u0259bulunda olub: \u201cD\u00fcz\u00fc, Anar m\u00fc\u0259llim diqq\u0259tl\u0259 qulaq asd\u0131, dedi ki, durumumu ba\u015fa d\u00fc\u015f\u00fcr. Ail\u0259m\u0259 yard\u0131m \u00fc\u00e7\u00fcn m\u00fcmk\u00fcn add\u0131mlar at\u0131lacaq\u201d.\n<\/p>\n<p>\n  Bundan sonra \u018fm\u0259k v\u0259 \u018fhalinin Sosial M\u00fcdafi\u0259si Nazirliyinin n\u0259zdind\u0259 f\u0259aliyy\u0259t g\u00f6st\u0259r\u0259n \u201cDOST \u0130\u015f M\u0259rk\u0259zi\u201dn\u0259 (\u201cDayan\u0131ql\u0131 v\u0259 Operativ Sosial T\u0259minat\u201d) \u0130mi\u015fli rayonunda q\u0259bul edil\u0259nl\u0259rd\u0259n biri d\u0259 E.\u018fliyev olub. \u0130ctimai i\u015fl\u0259r\u0259 c\u0259lb olunan E.\u018fliyev\u0259 ayl\u0131q 173 manat maa\u015f t\u0259yin olunub. O, aprel ay\u0131ndan bu pulu al\u0131r. Deyir ki, bu m\u0259bl\u0259\u011f 6 n\u0259f\u0259rlik ail\u0259nin kommunal x\u0259rcl\u0259rin\u0259, bir d\u0259 yavan \u00e7\u00f6r\u0259yin\u0259 ancaq \u00e7at\u0131r: \u201cBiz b\u00f6y\u00fck adamlar\u0131q, \u201cyoxdur\u201d ba\u015fa d\u00fc\u015f\u00fcr\u00fck, yem\u0259k olmayanda yemirik. U\u015faq bunu anlam\u0131r ax\u0131, d\u00f6zm\u00fcr. 173 manat\u0131 b\u00f6l\u0259nd\u0259 adama he\u00e7 30 manat d\u00fc\u015fm\u00fcr. Bununla dolanmaq olar?! Sosial yard\u0131m \u00fc\u00e7\u00fcn m\u00fcraci\u0259t etmi\u015fik, imtina cavab\u0131 g\u0259lir. Deyirl\u0259r ki, ad\u0131m\u0131zda torpaq var. D\u00fczd\u00fc, var, ancaq inan\u0131n, h\u0259kimin pulunu \u00f6d\u0259m\u0259k \u00fc\u00e7\u00fcn onu icar\u0259y\u0259 verdim\u201d.\n<\/p>\n<p>\n  \u201c<br \/>\n  <b><br \/>\n    <i><br \/>\n      Ail\u0259nin ehtiyac\u0131 olub-olmad\u0131\u011f\u0131 bunlar\u0131 maraqland\u0131rm\u0131r\u201d<br \/>\n    <\/i><br \/>\n  <\/b>\n<\/p>\n<p>\n  \u0130ndiki halda, E.\u018fliyevin ist\u0259yi ona mal-qaran\u0131n verilm\u0259sidir. \u018fm\u0259k v\u0259 \u018fhalinin Sosial M\u00fcdafi\u0259si Nazirliyi t\u0259r\u0259find\u0259n icra olunan \u00d6z\u00fcn\u00fcm\u0259\u015f\u011fulluq Proqram\u0131 \u00e7\u0259r\u00e7iv\u0259sind\u0259 i\u015fsiz v\u0259 i\u015faxtaran v\u0259t\u0259nda\u015flara mal-qara verilir. E.\u018fliyev deyir ki, yeddi ay \u00f6nc\u0259 n\u00f6vb\u0259y\u0259 yaz\u0131l\u0131b, ancaq ala bilmir: \u201cBundan \u00f6tr\u00fc d\u0259f\u0259l\u0259rl\u0259 rayon M\u0259\u015f\u011fulluq \u0130dar\u0259sind\u0259 olmu\u015fam, Bak\u0131ya \u2013 \u018fm\u0259k v\u0259 \u018fhalinin Sosial M\u00fcdafi\u0259si Nazirliyin\u0259 d\u0259 getmi\u015f\u0259m. Oradan g\u00f6st\u0259ri\u015f veribl\u0259r ki, m\u0259n\u0259 mal-heyvan verilsin. Ancaq M\u0259\u015f\u011fulluq \u0130dar\u0259si \u0259m\u0259l el\u0259mir. Kim\u0259 ist\u0259yirl\u0259r, verirl\u0259r, kim\u0259 d\u0259 ist\u0259mirl\u0259r, vermirl\u0259r. Ail\u0259nin ehtiyac\u0131 olub-olmad\u0131\u011f\u0131 bunlar\u0131 maraqland\u0131rm\u0131r. \u018fsas m\u0259s\u0259l\u0259 onlar\u0131n \u00f6z maraqlar\u0131d\u0131r\u201d.\n<\/p>\n<p>\n  \u201c<br \/>\n  <b><br \/>\n    <i><br \/>\n      Bizi g\u00fcnahland\u0131rmaq do\u011fru deyil\u201d<br \/>\n    <\/i><br \/>\n  <\/b>\n<\/p>\n<p>\n  \u0130mi\u015fli rayon M\u0259\u015f\u011fulluq M\u0259rk\u0259zinin direktor m\u00fcavini Elxan Qarayev Meydan TV-y\u0259 bildirib ki, Q\u0131z\u0131lk\u0259ndd\u0259ki \u018fliyevl\u0259r ail\u0259sinin a\u011f\u0131r durumundan onlar da x\u0259b\u0259rdard\u0131lar. \u00c7\u00fcnki ail\u0259nin ba\u015f\u00e7\u0131s\u0131 E.\u018fliyev xeyli m\u00fcdd\u0259t i\u015faxtaran kimi qeydiyyatda olub. M\u0259\u015f\u011fulluq \u0130dar\u0259si d\u0259 bu ail\u0259y\u0259 yard\u0131m etm\u0259k \u00fc\u00e7\u00fcn m\u00fcmk\u00fcn add\u0131mlar\u0131 at\u0131b: \u201cOna i\u015faxtaran v\u0259t\u0259nda\u015f kimi \u201cDOST \u0130\u015f M\u0259rk\u0259zi\u201dn\u0259 g\u00f6nd\u0259ri\u015f verdik. Apreld\u0259n 173 manat maa\u015f al\u0131r. \u018fg\u0259r v\u0259t\u0259nda\u015f\u0131n i\u015fi varsa, ona mal-qara veril\u0259 bilm\u0259z. Bu, i\u015fsiz, i\u015faxtaran v\u0259t\u0259nda\u015flara verilir. Sistemd\u0259 \u015f\u0259xsin i\u015f yeri g\u00f6r\u00fcn\u0259nd\u0259 nazirlik imtina verir. Y\u0259ni bizi g\u00fcnahland\u0131rmaq do\u011fru deyil. O ail\u0259 h\u0259qiq\u0259t\u0259n a\u011f\u0131r v\u0259ziyy\u0259td\u0259dir. Ancaq biz d\u0259 \u00f6z\u00fcm\u00fczd\u0259n as\u0131l\u0131 olan\u0131 el\u0259mi\u015fik. Elm\u0259ddin \u018fliyev sosial yard\u0131m \u00fc\u00e7\u00fcn m\u00fcraci\u0259t ed\u0259 bil\u0259r\u201d.\n<\/p>\n<figure class=\"wp-block-image size-large\">\n  <img decoding=\"async\" src=\"https:\/\/www.meydan.tv\/az\/evin-veziyyeti-9\/\" alt=\"Evin v\u0259ziyy\u0259ti\" class=\"wp-image-124434\"\/><figcaption>\n    Evin v\u0259ziyy\u0259ti<br \/>\n  <\/figcaption><\/figure>\n","protected":false},"excerpt":{"rendered":"<p>\u0130mi\u015flid\u0259 d\u00f6rdu\u015faql\u0131 ail\u0259 d\u00f6vl\u0259td\u0259n \u00d6z\u00fcn\u00fcm\u0259\u015f\u011fulluq Proqram\u0131 \u00e7\u0259r\u00e7iv\u0259sind\u0259 mal-qara ist\u0259yir, amma ala bilmir&#8230;<\/p>\n","protected":false},"author":11,"featured_media":124431,"comment_status":"closed","ping_status":"open","sticky":false,"template":"","format":"standard","meta":{"_acf_changed":false,"_sitemap_exclude":false,"_sitemap_priority":"","_sitemap_frequency":"","footnotes":""},"categories":[60],"tags":[],"class_list":["post-195594","post","type-post","status-publish","format-standard","has-post-thumbnail","hentry","category-bolge","infinite-scroll-item","generate-columns","tablet-grid-50","mobile-grid-100","grid-parent","grid-33","no-featured-image-padding"],"acf":[],"yoast_head":"<!-- This site is optimized with the Yoast SEO plugin v27.4 - https:\/\/yoast.com\/product\/yoast-seo-wordpress\/ -->\n<title>&#039;&#039;Biz &#039;&#039;yoxdur&#039;&#039; ba\u015fa d\u00fc\u015f\u00fcr\u00fck, u\u015faqlar acl\u0131\u011fa d\u00f6z\u0259 bilmir ax\u0131...&#039;&#039; - MEYDAN.TV<\/title>\n<meta name=\"robots\" content=\"index, follow, max-snippet:-1, max-image-preview:large, max-video-preview:-1\" \/>\n<link rel=\"canonical\" href=\"https:\/\/www.meydan.tv\/az\/article\/biz-yoxdur-basa-dusuruk-usaqlar-acliga-doze-bilmir-axi\/\" \/>\n<meta property=\"og:locale\" content=\"az_AZ\" \/>\n<meta property=\"og:type\" content=\"article\" \/>\n<meta property=\"og:title\" content=\"&#039;&#039;Biz &#039;&#039;yoxdur&#039;&#039; ba\u015fa d\u00fc\u015f\u00fcr\u00fck, u\u015faqlar acl\u0131\u011fa d\u00f6z\u0259 bilmir ax\u0131...&#039;&#039; - MEYDAN.TV\" \/>\n<meta property=\"og:description\" content=\"\u0130mi\u015flid\u0259 d\u00f6rdu\u015faql\u0131 ail\u0259 d\u00f6vl\u0259td\u0259n \u00d6z\u00fcn\u00fcm\u0259\u015f\u011fulluq Proqram\u0131 \u00e7\u0259r\u00e7iv\u0259sind\u0259 mal-qara ist\u0259yir, amma ala bilmir...\" \/>\n<meta property=\"og:url\" content=\"https:\/\/www.meydan.tv\/az\/article\/biz-yoxdur-basa-dusuruk-usaqlar-acliga-doze-bilmir-axi\/\" \/>\n<meta property=\"og:site_name\" content=\"MEYDAN.TV\" \/>\n<meta property=\"article:published_time\" content=\"2019-05-28T08:27:00+00:00\" \/>\n<meta property=\"og:image\" content=\"https:\/\/www.meydan.tv\/wp-content\/uploads\/9b0cc6d7-b23a-4d1b-9432-1207f15ead95.jpeg\" \/>\n\t<meta property=\"og:image:width\" content=\"923\" \/>\n\t<meta property=\"og:image:height\" content=\"638\" \/>\n\t<meta property=\"og:image:type\" content=\"image\/jpeg\" \/>\n<meta name=\"author\" content=\"user-manager\" \/>\n<meta name=\"twitter:card\" content=\"summary_large_image\" \/>\n<script type=\"application\/ld+json\" class=\"yoast-schema-graph\">{\"@context\":\"https:\\\/\\\/schema.org\",\"@graph\":[{\"@type\":\"Article\",\"@id\":\"https:\\\/\\\/www.meydan.tv\\\/az\\\/article\\\/biz-yoxdur-basa-dusuruk-usaqlar-acliga-doze-bilmir-axi\\\/#article\",\"isPartOf\":{\"@id\":\"https:\\\/\\\/www.meydan.tv\\\/az\\\/article\\\/biz-yoxdur-basa-dusuruk-usaqlar-acliga-doze-bilmir-axi\\\/\"},\"author\":{\"name\":\"user-manager\",\"@id\":\"https:\\\/\\\/www.meydan.tv\\\/az\\\/#\\\/schema\\\/person\\\/10d11eccf6da3662cf5fdab9806ea91a\"},\"headline\":\"&#8221;Biz &#8221;yoxdur&#8221; ba\u015fa d\u00fc\u015f\u00fcr\u00fck, u\u015faqlar acl\u0131\u011fa d\u00f6z\u0259 bilmir ax\u0131&#8230;&#8221;\",\"datePublished\":\"2019-05-28T08:27:00+00:00\",\"mainEntityOfPage\":{\"@id\":\"https:\\\/\\\/www.meydan.tv\\\/az\\\/article\\\/biz-yoxdur-basa-dusuruk-usaqlar-acliga-doze-bilmir-axi\\\/\"},\"wordCount\":931,\"publisher\":{\"@id\":\"https:\\\/\\\/www.meydan.tv\\\/az\\\/#organization\"},\"image\":{\"@id\":\"https:\\\/\\\/www.meydan.tv\\\/az\\\/article\\\/biz-yoxdur-basa-dusuruk-usaqlar-acliga-doze-bilmir-axi\\\/#primaryimage\"},\"thumbnailUrl\":\"https:\\\/\\\/www.meydan.tv\\\/wp-content\\\/uploads\\\/9b0cc6d7-b23a-4d1b-9432-1207f15ead95.jpeg\",\"articleSection\":[\"B\u00f6lg\u0259\"],\"inLanguage\":\"az\"},{\"@type\":\"WebPage\",\"@id\":\"https:\\\/\\\/www.meydan.tv\\\/az\\\/article\\\/biz-yoxdur-basa-dusuruk-usaqlar-acliga-doze-bilmir-axi\\\/\",\"url\":\"https:\\\/\\\/www.meydan.tv\\\/az\\\/article\\\/biz-yoxdur-basa-dusuruk-usaqlar-acliga-doze-bilmir-axi\\\/\",\"name\":\"''Biz ''yoxdur'' ba\u015fa d\u00fc\u015f\u00fcr\u00fck, u\u015faqlar acl\u0131\u011fa d\u00f6z\u0259 bilmir ax\u0131...'' - MEYDAN.TV\",\"isPartOf\":{\"@id\":\"https:\\\/\\\/www.meydan.tv\\\/az\\\/#website\"},\"primaryImageOfPage\":{\"@id\":\"https:\\\/\\\/www.meydan.tv\\\/az\\\/article\\\/biz-yoxdur-basa-dusuruk-usaqlar-acliga-doze-bilmir-axi\\\/#primaryimage\"},\"image\":{\"@id\":\"https:\\\/\\\/www.meydan.tv\\\/az\\\/article\\\/biz-yoxdur-basa-dusuruk-usaqlar-acliga-doze-bilmir-axi\\\/#primaryimage\"},\"thumbnailUrl\":\"https:\\\/\\\/www.meydan.tv\\\/wp-content\\\/uploads\\\/9b0cc6d7-b23a-4d1b-9432-1207f15ead95.jpeg\",\"datePublished\":\"2019-05-28T08:27:00+00:00\",\"breadcrumb\":{\"@id\":\"https:\\\/\\\/www.meydan.tv\\\/az\\\/article\\\/biz-yoxdur-basa-dusuruk-usaqlar-acliga-doze-bilmir-axi\\\/#breadcrumb\"},\"inLanguage\":\"az\",\"potentialAction\":[{\"@type\":\"ReadAction\",\"target\":[\"https:\\\/\\\/www.meydan.tv\\\/az\\\/article\\\/biz-yoxdur-basa-dusuruk-usaqlar-acliga-doze-bilmir-axi\\\/\"]}]},{\"@type\":\"ImageObject\",\"inLanguage\":\"az\",\"@id\":\"https:\\\/\\\/www.meydan.tv\\\/az\\\/article\\\/biz-yoxdur-basa-dusuruk-usaqlar-acliga-doze-bilmir-axi\\\/#primaryimage\",\"url\":\"https:\\\/\\\/www.meydan.tv\\\/wp-content\\\/uploads\\\/9b0cc6d7-b23a-4d1b-9432-1207f15ead95.jpeg\",\"contentUrl\":\"https:\\\/\\\/www.meydan.tv\\\/wp-content\\\/uploads\\\/9b0cc6d7-b23a-4d1b-9432-1207f15ead95.jpeg\",\"width\":923,\"height\":638,\"caption\":\"Source: Meydan Tv\"},{\"@type\":\"BreadcrumbList\",\"@id\":\"https:\\\/\\\/www.meydan.tv\\\/az\\\/article\\\/biz-yoxdur-basa-dusuruk-usaqlar-acliga-doze-bilmir-axi\\\/#breadcrumb\",\"itemListElement\":[{\"@type\":\"ListItem\",\"position\":1,\"name\":\"Ana s\u0259hif\u0259\",\"item\":\"https:\\\/\\\/www.meydan.tv\\\/az\\\/\"},{\"@type\":\"ListItem\",\"position\":2,\"name\":\"B\u00f6lg\u0259\",\"item\":\"https:\\\/\\\/www.meydan.tv\\\/az\\\/section\\\/bolge\\\/\"},{\"@type\":\"ListItem\",\"position\":3,\"name\":\"&#8221;Biz &#8221;yoxdur&#8221; ba\u015fa d\u00fc\u015f\u00fcr\u00fck, u\u015faqlar acl\u0131\u011fa d\u00f6z\u0259 bilmir ax\u0131&#8230;&#8221;\"}]},{\"@type\":\"WebSite\",\"@id\":\"https:\\\/\\\/www.meydan.tv\\\/az\\\/#website\",\"url\":\"https:\\\/\\\/www.meydan.tv\\\/az\\\/\",\"name\":\"MEYDAN.TV\",\"description\":\"Meydan TV Az\u0259rbaycan\u0131n media m\u0259kan\u0131ndak\u0131 alternativ s\u0259sidir\",\"publisher\":{\"@id\":\"https:\\\/\\\/www.meydan.tv\\\/az\\\/#organization\"},\"potentialAction\":[{\"@type\":\"SearchAction\",\"target\":{\"@type\":\"EntryPoint\",\"urlTemplate\":\"https:\\\/\\\/www.meydan.tv\\\/az\\\/?s={search_term_string}\"},\"query-input\":{\"@type\":\"PropertyValueSpecification\",\"valueRequired\":true,\"valueName\":\"search_term_string\"}}],\"inLanguage\":\"az\"},{\"@type\":\"Organization\",\"@id\":\"https:\\\/\\\/www.meydan.tv\\\/az\\\/#organization\",\"name\":\"Meydan TV\",\"url\":\"https:\\\/\\\/www.meydan.tv\\\/az\\\/\",\"logo\":{\"@type\":\"ImageObject\",\"inLanguage\":\"az\",\"@id\":\"https:\\\/\\\/www.meydan.tv\\\/az\\\/#\\\/schema\\\/logo\\\/image\\\/\",\"url\":\"https:\\\/\\\/www.meydan.tv\\\/wp-content\\\/uploads\\\/2021\\\/07\\\/meydan-logo.svg\",\"contentUrl\":\"https:\\\/\\\/www.meydan.tv\\\/wp-content\\\/uploads\\\/2021\\\/07\\\/meydan-logo.svg\",\"width\":195,\"height\":46,\"caption\":\"Meydan TV\"},\"image\":{\"@id\":\"https:\\\/\\\/www.meydan.tv\\\/az\\\/#\\\/schema\\\/logo\\\/image\\\/\"}},{\"@type\":\"Person\",\"@id\":\"https:\\\/\\\/www.meydan.tv\\\/az\\\/#\\\/schema\\\/person\\\/10d11eccf6da3662cf5fdab9806ea91a\",\"name\":\"user-manager\"}]}<\/script>\n<!-- \/ Yoast SEO plugin. -->","yoast_head_json":{"title":"''Biz ''yoxdur'' ba\u015fa d\u00fc\u015f\u00fcr\u00fck, u\u015faqlar acl\u0131\u011fa d\u00f6z\u0259 bilmir ax\u0131...'' - MEYDAN.TV","robots":{"index":"index","follow":"follow","max-snippet":"max-snippet:-1","max-image-preview":"max-image-preview:large","max-video-preview":"max-video-preview:-1"},"canonical":"https:\/\/www.meydan.tv\/az\/article\/biz-yoxdur-basa-dusuruk-usaqlar-acliga-doze-bilmir-axi\/","og_locale":"az_AZ","og_type":"article","og_title":"''Biz ''yoxdur'' ba\u015fa d\u00fc\u015f\u00fcr\u00fck, u\u015faqlar acl\u0131\u011fa d\u00f6z\u0259 bilmir ax\u0131...'' - MEYDAN.TV","og_description":"\u0130mi\u015flid\u0259 d\u00f6rdu\u015faql\u0131 ail\u0259 d\u00f6vl\u0259td\u0259n \u00d6z\u00fcn\u00fcm\u0259\u015f\u011fulluq Proqram\u0131 \u00e7\u0259r\u00e7iv\u0259sind\u0259 mal-qara ist\u0259yir, amma ala bilmir...","og_url":"https:\/\/www.meydan.tv\/az\/article\/biz-yoxdur-basa-dusuruk-usaqlar-acliga-doze-bilmir-axi\/","og_site_name":"MEYDAN.TV","article_published_time":"2019-05-28T08:27:00+00:00","og_image":[{"width":923,"height":638,"url":"https:\/\/www.meydan.tv\/wp-content\/uploads\/9b0cc6d7-b23a-4d1b-9432-1207f15ead95.jpeg","type":"image\/jpeg"}],"author":"user-manager","twitter_card":"summary_large_image","schema":{"@context":"https:\/\/schema.org","@graph":[{"@type":"Article","@id":"https:\/\/www.meydan.tv\/az\/article\/biz-yoxdur-basa-dusuruk-usaqlar-acliga-doze-bilmir-axi\/#article","isPartOf":{"@id":"https:\/\/www.meydan.tv\/az\/article\/biz-yoxdur-basa-dusuruk-usaqlar-acliga-doze-bilmir-axi\/"},"author":{"name":"user-manager","@id":"https:\/\/www.meydan.tv\/az\/#\/schema\/person\/10d11eccf6da3662cf5fdab9806ea91a"},"headline":"&#8221;Biz &#8221;yoxdur&#8221; ba\u015fa d\u00fc\u015f\u00fcr\u00fck, u\u015faqlar acl\u0131\u011fa d\u00f6z\u0259 bilmir ax\u0131&#8230;&#8221;","datePublished":"2019-05-28T08:27:00+00:00","mainEntityOfPage":{"@id":"https:\/\/www.meydan.tv\/az\/article\/biz-yoxdur-basa-dusuruk-usaqlar-acliga-doze-bilmir-axi\/"},"wordCount":931,"publisher":{"@id":"https:\/\/www.meydan.tv\/az\/#organization"},"image":{"@id":"https:\/\/www.meydan.tv\/az\/article\/biz-yoxdur-basa-dusuruk-usaqlar-acliga-doze-bilmir-axi\/#primaryimage"},"thumbnailUrl":"https:\/\/www.meydan.tv\/wp-content\/uploads\/9b0cc6d7-b23a-4d1b-9432-1207f15ead95.jpeg","articleSection":["B\u00f6lg\u0259"],"inLanguage":"az"},{"@type":"WebPage","@id":"https:\/\/www.meydan.tv\/az\/article\/biz-yoxdur-basa-dusuruk-usaqlar-acliga-doze-bilmir-axi\/","url":"https:\/\/www.meydan.tv\/az\/article\/biz-yoxdur-basa-dusuruk-usaqlar-acliga-doze-bilmir-axi\/","name":"''Biz ''yoxdur'' ba\u015fa d\u00fc\u015f\u00fcr\u00fck, u\u015faqlar acl\u0131\u011fa d\u00f6z\u0259 bilmir ax\u0131...'' - MEYDAN.TV","isPartOf":{"@id":"https:\/\/www.meydan.tv\/az\/#website"},"primaryImageOfPage":{"@id":"https:\/\/www.meydan.tv\/az\/article\/biz-yoxdur-basa-dusuruk-usaqlar-acliga-doze-bilmir-axi\/#primaryimage"},"image":{"@id":"https:\/\/www.meydan.tv\/az\/article\/biz-yoxdur-basa-dusuruk-usaqlar-acliga-doze-bilmir-axi\/#primaryimage"},"thumbnailUrl":"https:\/\/www.meydan.tv\/wp-content\/uploads\/9b0cc6d7-b23a-4d1b-9432-1207f15ead95.jpeg","datePublished":"2019-05-28T08:27:00+00:00","breadcrumb":{"@id":"https:\/\/www.meydan.tv\/az\/article\/biz-yoxdur-basa-dusuruk-usaqlar-acliga-doze-bilmir-axi\/#breadcrumb"},"inLanguage":"az","potentialAction":[{"@type":"ReadAction","target":["https:\/\/www.meydan.tv\/az\/article\/biz-yoxdur-basa-dusuruk-usaqlar-acliga-doze-bilmir-axi\/"]}]},{"@type":"ImageObject","inLanguage":"az","@id":"https:\/\/www.meydan.tv\/az\/article\/biz-yoxdur-basa-dusuruk-usaqlar-acliga-doze-bilmir-axi\/#primaryimage","url":"https:\/\/www.meydan.tv\/wp-content\/uploads\/9b0cc6d7-b23a-4d1b-9432-1207f15ead95.jpeg","contentUrl":"https:\/\/www.meydan.tv\/wp-content\/uploads\/9b0cc6d7-b23a-4d1b-9432-1207f15ead95.jpeg","width":923,"height":638,"caption":"Source: Meydan Tv"},{"@type":"BreadcrumbList","@id":"https:\/\/www.meydan.tv\/az\/article\/biz-yoxdur-basa-dusuruk-usaqlar-acliga-doze-bilmir-axi\/#breadcrumb","itemListElement":[{"@type":"ListItem","position":1,"name":"Ana s\u0259hif\u0259","item":"https:\/\/www.meydan.tv\/az\/"},{"@type":"ListItem","position":2,"name":"B\u00f6lg\u0259","item":"https:\/\/www.meydan.tv\/az\/section\/bolge\/"},{"@type":"ListItem","position":3,"name":"&#8221;Biz &#8221;yoxdur&#8221; ba\u015fa d\u00fc\u015f\u00fcr\u00fck, u\u015faqlar acl\u0131\u011fa d\u00f6z\u0259 bilmir ax\u0131&#8230;&#8221;"}]},{"@type":"WebSite","@id":"https:\/\/www.meydan.tv\/az\/#website","url":"https:\/\/www.meydan.tv\/az\/","name":"MEYDAN.TV","description":"Meydan TV Az\u0259rbaycan\u0131n media m\u0259kan\u0131ndak\u0131 alternativ s\u0259sidir","publisher":{"@id":"https:\/\/www.meydan.tv\/az\/#organization"},"potentialAction":[{"@type":"SearchAction","target":{"@type":"EntryPoint","urlTemplate":"https:\/\/www.meydan.tv\/az\/?s={search_term_string}"},"query-input":{"@type":"PropertyValueSpecification","valueRequired":true,"valueName":"search_term_string"}}],"inLanguage":"az"},{"@type":"Organization","@id":"https:\/\/www.meydan.tv\/az\/#organization","name":"Meydan TV","url":"https:\/\/www.meydan.tv\/az\/","logo":{"@type":"ImageObject","inLanguage":"az","@id":"https:\/\/www.meydan.tv\/az\/#\/schema\/logo\/image\/","url":"https:\/\/www.meydan.tv\/wp-content\/uploads\/2021\/07\/meydan-logo.svg","contentUrl":"https:\/\/www.meydan.tv\/wp-content\/uploads\/2021\/07\/meydan-logo.svg","width":195,"height":46,"caption":"Meydan TV"},"image":{"@id":"https:\/\/www.meydan.tv\/az\/#\/schema\/logo\/image\/"}},{"@type":"Person","@id":"https:\/\/www.meydan.tv\/az\/#\/schema\/person\/10d11eccf6da3662cf5fdab9806ea91a","name":"user-manager"}]}},"_links":{"self":[{"href":"https:\/\/www.meydan.tv\/az\/wp-json\/wp\/v2\/posts\/195594","targetHints":{"allow":["GET"]}}],"collection":[{"href":"https:\/\/www.meydan.tv\/az\/wp-json\/wp\/v2\/posts"}],"about":[{"href":"https:\/\/www.meydan.tv\/az\/wp-json\/wp\/v2\/types\/post"}],"author":[{"embeddable":true,"href":"https:\/\/www.meydan.tv\/az\/wp-json\/wp\/v2\/users\/11"}],"replies":[{"embeddable":true,"href":"https:\/\/www.meydan.tv\/az\/wp-json\/wp\/v2\/comments?post=195594"}],"version-history":[{"count":0,"href":"https:\/\/www.meydan.tv\/az\/wp-json\/wp\/v2\/posts\/195594\/revisions"}],"wp:featuredmedia":[{"embeddable":true,"href":"https:\/\/www.meydan.tv\/az\/wp-json\/wp\/v2\/media\/124431"}],"wp:attachment":[{"href":"https:\/\/www.meydan.tv\/az\/wp-json\/wp\/v2\/media?parent=195594"}],"wp:term":[{"taxonomy":"category","embeddable":true,"href":"https:\/\/www.meydan.tv\/az\/wp-json\/wp\/v2\/categories?post=195594"},{"taxonomy":"post_tag","embeddable":true,"href":"https:\/\/www.meydan.tv\/az\/wp-json\/wp\/v2\/tags?post=195594"}],"curies":[{"name":"wp","href":"https:\/\/api.w.org\/{rel}","templated":true}]}}