{"id":195550,"date":"2019-05-24T09:35:02","date_gmt":"2019-05-24T09:35:02","guid":{"rendered":"https:\/\/www.meydan.tv\/article\/imislide-pambiq-zavodunun-elinden-hava-uda-bilmirik\/"},"modified":"2019-05-24T09:35:02","modified_gmt":"2019-05-24T09:35:02","slug":"imislide-pambiq-zavodunun-elinden-hava-uda-bilmirik","status":"publish","type":"post","link":"https:\/\/www.meydan.tv\/az\/article\/imislide-pambiq-zavodunun-elinden-hava-uda-bilmirik\/","title":{"rendered":"\u0130mi\u015flid\u0259: Pamb\u0131q zavodunun \u0259lind\u0259n hava uda bilmirik"},"content":{"rendered":"<p>\n  <i><br \/>\n    \u0130mi\u015flid\u0259: Pamb\u0131q zavodunun \u0259lind\u0259n hava uda bilmirik<br \/>\n  <\/i>\n<\/p>\n<p>\n  Mu\u011fan k\u00fc\u00e7\u0259sinin sakinl\u0259ri naraz\u0131l\u0131q edir\n<\/p>\n<p>\n  &quot;Pamb\u0131q zavodunun toz-duman\u0131ndan h\u0259y\u0259timizd\u0259 otura bilmirik. Guya pamb\u0131\u011f\u0131 torpaqdan ay\u0131r\u0131rlar. Bu zaman g\u00f6r\u00fcn\u00fcr filterl\u0259rd\u0259n istifad\u0259 etmirl\u0259r. N\u0259tic\u0259d\u0259 h\u0259min toz-torpa\u011f\u0131n ham\u0131s\u0131 havaya burax\u0131l\u0131r. Ordan da bizim h\u0259y\u0259tl\u0259rimiz\u0259, evl\u0259rimizin i\u00e7in\u0259. Ne\u00e7\u0259 ildir \u0259ziyy\u0259t \u00e7\u0259kirik. D\u0259f\u0259l\u0259rl\u0259 icra hakimiyy\u0259tin\u0259, zavodun \u00f6z\u00fcn\u0259 m\u00fcraci\u0259t etmi\u015fik, xeyri olmay\u0131b&quot;.\n<\/p>\n<p>\n  \u0130mi\u015flinin Mu\u011fan k\u00fc\u00e7\u0259sinin sakini M\u00fcnasib\u0259t M\u0259mm\u0259dov bel\u0259 deyir. Bildirir ki, h\u0259min tozun \u0259lind\u0259n ba\u011flar\u0131, bostanlar\u0131 da m\u0259hv olub. Onlar 3-4 ildir ki, bu v\u0259ziyy\u0259td\u0259 ya\u015fay\u0131lar.\n<\/p>\n<p>\n  &quot;Lap \u0259vv\u0259l bel\u0259 deyildi. Sonradan bet\u0259r g\u00fcn\u0259 qald\u0131. Zavoddan h\u0259r d\u0259f\u0259 s\u00f6z verirl\u0259r ki, d\u00fcz\u0259l\u0259c\u0259k, d\u00fcz\u0259lmir. M\u0259n bilmir\u0259m, bunlar\u0131n t\u0259mizl\u0259yici qur\u011fular\u0131 ya i\u015fl\u0259mir, ya da i\u015fl\u0259tm\u0259k ist\u0259mirl\u0259r. Bilmir\u0259m d\u0259rdl\u0259ri n\u0259dir. \u018fkin-bi\u00e7in, meyv\u0259 a\u011fac\u0131 qalmay\u0131b. Ham\u0131s\u0131 tozun-torpa\u011f\u0131n i\u00e7ind\u0259 itib, bat\u0131r&quot;.\n<\/p>\n<figure class=\"wp-block-image size-large\">\n  <img decoding=\"async\" src=\"https:\/\/www.meydan.tv\/az\/image00001-jpeg-14\/\" alt=\"image00001.jpeg\" class=\"wp-image-124293\"\/><figcaption>\n    M\u00fcnasib M\u0259mm\u0259dov<br \/>\n  <\/figcaption><\/figure>\n<p>\n  Sakinl\u0259r deyirl\u0259r ki, Sovet d\u00f6vr\u00fcnd\u0259 rayonda h\u0259tta illik g\u00fcc\u00fc 50 min ton olan Pamb\u0131q Zavodu olub. H\u0259min d\u00f6vrl\u0259rd\u0259 bel\u0259 zir-zibili g\u00f6rm\u0259yibl\u0259r. \u0130ndiki ki\u00e7ik bir zavoddur, ancaq tozu-duman\u0131 \u00f6z\u00fcnd\u0259n b\u00f6y\u00fckd\u00fcr:\n<\/p>\n<p>\n  &quot;Tozun, torpa\u011f\u0131n \u0259lind\u0259n ya\u015faya bilmirik. Son 3-4 ildir lap biab\u0131r\u00e7\u0131l\u0131qd\u0131r. Paltar asa bilmirik. X\u00fcsus\u0259n gec\u0259l\u0259r ba\u015flay\u0131r, s\u0259h\u0259r\u0259c\u0259n h\u0259r yeri toza-dumana b\u00fcr\u00fcy\u00fcr. N\u0259 p\u0259nc\u0259r\u0259 a\u00e7a bilirik, n\u0259 d\u0259 \u00e7\u00f6ld\u0259 oturmaq m\u00fcmk\u00fcnd\u00fcr. Evl\u0259rimizin \u00fcst\u00fc tozla dolur. Ya\u011f\u0131\u015f ya\u011fanda da pal\u00e7\u0131q t\u00f6k\u00fcl\u00fcr. A\u011faclar\u0131n \u00fcst\u00fcn\u0259 bir bax\u0131n, ham\u0131s\u0131 pamb\u0131q lifl\u0259ridir, inki\u015faf etm\u0259l\u0259ri m\u00fcmk\u00fcn deyil. Yaz\u0131q bitkil\u0259r nec\u0259 n\u0259f\u0259s als\u0131nlar. N\u0259tic\u0259d\u0259 bu boyda m\u0259h\u0259ll\u0259d\u0259 bir d\u0259n\u0259 a\u011fac qalmay\u0131b&quot;, &#8211; sakinl\u0259rd\u0259n R\u0259smiyy\u0259 Balaki\u015fiyeva bel\u0259 deyir.\n<\/p>\n<p>\n  O bildirir ki, zavod r\u0259hb\u0259rli problemin s\u0259b\u0259bini insanlarda g\u00f6r\u00fcr. Onlar\u0131n zavoda yax\u0131n yerl\u0259rd\u0259 m\u0259skunla\u015fd\u0131qlar\u0131n\u0131, g\u00fcnah\u0131n \u00f6zl\u0259rind\u0259 oldu\u011funu deyir:\n<\/p>\n<figure class=\"wp-block-image size-large\">\n  <img decoding=\"async\" src=\"https:\/\/www.meydan.tv\/az\/image00003-jpeg-12\/\" alt=\"image00003.jpeg\" class=\"wp-image-124290\"\/><figcaption>\n    R\u0259smiyy\u0259 Balaki\u015fiyeva<br \/>\n  <\/figcaption><\/figure>\n<p>\n  &quot;Ancaq bel\u0259 deyil. Biz bu topraqlar\u0131 1957-ci ild\u0259 q\u0259s\u0259b\u0259 sovetinin q\u0259rar\u0131 il\u0259 alm\u0131\u015f\u0131q. B\u00f6y\u00fck pamb\u0131q zavodu is\u0259 1980-ci ill\u0259rd\u0259 tikilib. Hans\u0131 ki, illik g\u00fcc\u00fc 50 min ton olan zavod idi. \u0130ndi bir bax\u0131n, bu ki\u00e7ik pamb\u0131qt\u0259mizl\u0259m\u0259 zavodu is\u0259 son 4-5 ild\u0259 bura k\u00f6\u00e7\u00fcr\u00fcl\u00fcb. Bu boyda m\u0259h\u0259ll\u0259 \u0259ziyy\u0259t \u00e7\u0259kir bu v\u0259ziyy\u0259td\u0259n. \u0130nan\u0131n, evd\u0259 x\u0259st\u0259l\u0259rimiz var, havaya \u00e7\u0131xara bilmirik. Tez-tez paltar bat\u0131r\u0131rlar. Yuyub, s\u0259r\u0259 bilmirik. H\u0259tta p\u0259nc\u0259r\u0259 d\u0259 a\u00e7a bilmirik. M\u0259n 3 x\u0259st\u0259 il\u0259 bundan sonra hara k\u00f6\u00e7\u00fcm? Evim-e\u015fiyim, ham\u0131s\u0131 buradad\u0131r. Y\u0259qin bu zavodu evl\u0259r\u0259 yax\u0131n tik\u0259nd\u0259 bunlar\u0131 n\u0259z\u0259r\u0259 al\u0131blar. Z\u0259hm\u0259t \u00e7\u0259kib, filterl\u0259ri d\u0259 i\u015f\u0259 sals\u0131nlar&quot;.\n<\/p>\n<p>\n  Sakinl\u0259rd\u0259n Rufan\u0259 Balaki\u015fiyeva da \u015fikay\u0259t\u00e7idir . Deyir, g\u00fcn \u0259rzind\u0259 evd\u0259 havas\u0131 \u00e7atm\u0131r. Toz-duman \u0259lind\u0259n is\u0259 \u00e7\u00f6l\u0259 \u00e7\u0131xmaq m\u00fcmk\u00fcn olmur:\n<\/p>\n<figure class=\"wp-block-image size-large\">\n  <img decoding=\"async\" src=\"https:\/\/www.meydan.tv\/az\/image00002-jpeg-17\/\" alt=\"image00002.jpeg\" class=\"wp-image-124296\"\/><figcaption>\n    Rufan\u0259 Balaki\u015fiyeva<br \/>\n  <\/figcaption><\/figure>\n<p>\n  &quot;Paltar yuyub, s\u0259r\u0259 bilmirik. X\u00fcsus\u0259n d\u0259 a\u011f paltard\u0131rsa, bat\u0131r. G\u00f6yd\u0259n pamb\u0131q t\u00f6k\u00fcl\u00fcr, toz da ki, ya\u011f\u0131\u015f kimi ya\u011f\u0131r. N\u0259f\u0259sim tutulur, havam \u00e7atm\u0131r. \u0130ll\u0259rdir bel\u0259dir. T\u0259miz hava uda bilmirik. 2 k\u00f6rp\u0259 u\u015faq b\u00f6y\u00fcd\u00fcr\u0259m. Evi t\u0259mizl\u0259yir\u0259m, bir saat sonra qapqara toz olur. G\u00fczg\u00fcn\u00fcn, p\u0259nc\u0259r\u0259nin \u00f6n\u00fcn\u00fc silm\u0259kd\u0259n bezmi\u015f\u0259m. U\u015faqlar\u0131 h\u0259y\u0259t\u0259 buraxa bilmir\u0259m. Bir bax\u0131n, toyuq-c\u00fcc\u0259nin t\u00fckl\u0259ri d\u0259 qapqarad\u0131r. \u0130sti rayondu, yayd\u0131r, p\u0259nc\u0259r\u0259 a\u00e7a bilmirik. H\u0259y\u0259td\u0259 oturmaq is\u0259 \u00fcmumiyy\u0259tl\u0259, m\u00fcmk\u00fcn deyil&quot;.\n<\/p>\n<p>\n  B\u0259hlul M\u0259mm\u0259dov ill\u0259rdir Mu\u011fan m\u0259h\u0259ll\u0259sind\u0259 \u00e7al\u0131\u015f\u0131r. O, ma\u015f\u0131n t\u0259mir edir. Deyir, tozun \u0259lind\u0259n i\u015fl\u0259m\u0259k d\u0259 m\u00fcmk\u00fcn deyil:\n<\/p>\n<p>\n  &quot;M\u0259n burada ma\u015f\u0131n t\u0259mir edir\u0259m, ya\u015fam\u0131ram. Amma g\u00fcn\u00fcm burada ke\u00e7ir. M\u00fcmk\u00fcn deyil, z\u00fclmd\u00fc. A\u011fz\u0131m\u0131 ba\u011flay\u0131b i\u015fl\u0259yir\u0259m. Bir bax\u0131n, \u0259trafda a\u011fac qalmay\u0131b, ham\u0131s\u0131 pis g\u00fcnd\u0259dir. \u0130nan\u0131n, torpa\u011f\u0131n-tozun \u0259lind\u0259n oturmaq m\u00fcmk\u00fcn deyil&quot;.\n<\/p>\n<figure class=\"wp-block-image size-large\">\n  <img decoding=\"async\" src=\"https:\/\/www.meydan.tv\/az\/image00004-jpeg-14\/\" alt=\"image00004.jpeg\" class=\"wp-image-124299\"\/><figcaption>\n    Pamb\u0131q zavodu<br \/>\n  <\/figcaption><\/figure>\n<p>\n  \u0130mi\u015fli Rayon \u0130cra Hakimiyy\u0259tinin yerli idar\u0259etm\u0259 orqanlar\u0131 il\u0259 i\u015f \u015f\u00f6b\u0259sinin m\u00fcdiri Mirz\u0259 Quliyev bildirib ki, orada el\u0259 bir problem olmamal\u0131d\u0131r:\n<\/p>\n<p>\n  &quot;Yox \u0259g\u0259r el\u0259 bir ciddi problem varsa, biz m\u00fcdaxil\u0259 ed\u0259 bil\u0259rik. Zavoda m\u0259ktub g\u00f6nd\u0259rib xahi\u015f ed\u0259rik ki, problemi aradan qald\u0131rs\u0131nlar&quot;.\n<\/p>\n<p>\n  \u0130mi\u015fli Pamb\u0131q Zavodundan is\u0259 bildirilib ki, art\u0131q problem \u00f6z h\u0259llini tap\u0131b:\n<\/p>\n<p>\n  &quot;B\u0259zi x\u0131rda probleml\u0259r var idi. \u0130nsanlar\u0131n \u015fikay\u0259tind\u0259n sonra yoluna qoyduq. Art\u0131q h\u0259r hans\u0131 problem qalmay\u0131b&quot;.<\/p>\n","protected":false},"excerpt":{"rendered":"<p>&#8220;Yox \u0259g\u0259r el\u0259 bir ciddi problem varsa, biz m\u00fcdaxil\u0259 ed\u0259 bil\u0259rik&#8221;.<\/p>\n","protected":false},"author":11,"featured_media":124302,"comment_status":"closed","ping_status":"open","sticky":false,"template":"","format":"standard","meta":{"_acf_changed":false,"_sitemap_exclude":false,"_sitemap_priority":"","_sitemap_frequency":"","footnotes":""},"categories":[60],"tags":[],"class_list":["post-195550","post","type-post","status-publish","format-standard","has-post-thumbnail","hentry","category-bolge","infinite-scroll-item","generate-columns","tablet-grid-50","mobile-grid-100","grid-parent","grid-33","no-featured-image-padding"],"acf":[],"yoast_head":"<!-- This site is optimized with the Yoast SEO plugin v27.4 - https:\/\/yoast.com\/product\/yoast-seo-wordpress\/ -->\n<title>\u0130mi\u015flid\u0259: Pamb\u0131q zavodunun \u0259lind\u0259n hava uda bilmirik - MEYDAN.TV<\/title>\n<meta name=\"robots\" content=\"index, follow, max-snippet:-1, max-image-preview:large, max-video-preview:-1\" \/>\n<link rel=\"canonical\" href=\"https:\/\/www.meydan.tv\/az\/article\/imislide-pambiq-zavodunun-elinden-hava-uda-bilmirik\/\" \/>\n<meta property=\"og:locale\" content=\"az_AZ\" \/>\n<meta property=\"og:type\" content=\"article\" \/>\n<meta property=\"og:title\" content=\"\u0130mi\u015flid\u0259: Pamb\u0131q zavodunun \u0259lind\u0259n hava uda bilmirik - MEYDAN.TV\" \/>\n<meta property=\"og:description\" content=\"&quot;Yox \u0259g\u0259r el\u0259 bir ciddi problem varsa, biz m\u00fcdaxil\u0259 ed\u0259 bil\u0259rik&quot;.\" \/>\n<meta property=\"og:url\" content=\"https:\/\/www.meydan.tv\/az\/article\/imislide-pambiq-zavodunun-elinden-hava-uda-bilmirik\/\" \/>\n<meta property=\"og:site_name\" content=\"MEYDAN.TV\" \/>\n<meta property=\"article:published_time\" content=\"2019-05-24T09:35:02+00:00\" \/>\n<meta property=\"og:image\" content=\"https:\/\/www.meydan.tv\/wp-content\/uploads\/image00006_ocq67un.jpeg\" \/>\n\t<meta property=\"og:image:width\" content=\"1365\" \/>\n\t<meta property=\"og:image:height\" content=\"1024\" \/>\n\t<meta property=\"og:image:type\" content=\"image\/jpeg\" \/>\n<meta name=\"author\" content=\"user-manager\" \/>\n<meta name=\"twitter:card\" content=\"summary_large_image\" \/>\n<script type=\"application\/ld+json\" class=\"yoast-schema-graph\">{\"@context\":\"https:\\\/\\\/schema.org\",\"@graph\":[{\"@type\":\"Article\",\"@id\":\"https:\\\/\\\/www.meydan.tv\\\/az\\\/article\\\/imislide-pambiq-zavodunun-elinden-hava-uda-bilmirik\\\/#article\",\"isPartOf\":{\"@id\":\"https:\\\/\\\/www.meydan.tv\\\/az\\\/article\\\/imislide-pambiq-zavodunun-elinden-hava-uda-bilmirik\\\/\"},\"author\":{\"name\":\"user-manager\",\"@id\":\"https:\\\/\\\/www.meydan.tv\\\/az\\\/#\\\/schema\\\/person\\\/10d11eccf6da3662cf5fdab9806ea91a\"},\"headline\":\"\u0130mi\u015flid\u0259: Pamb\u0131q zavodunun \u0259lind\u0259n hava uda bilmirik\",\"datePublished\":\"2019-05-24T09:35:02+00:00\",\"mainEntityOfPage\":{\"@id\":\"https:\\\/\\\/www.meydan.tv\\\/az\\\/article\\\/imislide-pambiq-zavodunun-elinden-hava-uda-bilmirik\\\/\"},\"wordCount\":948,\"publisher\":{\"@id\":\"https:\\\/\\\/www.meydan.tv\\\/az\\\/#organization\"},\"image\":{\"@id\":\"https:\\\/\\\/www.meydan.tv\\\/az\\\/article\\\/imislide-pambiq-zavodunun-elinden-hava-uda-bilmirik\\\/#primaryimage\"},\"thumbnailUrl\":\"https:\\\/\\\/www.meydan.tv\\\/wp-content\\\/uploads\\\/image00006_ocq67un.jpeg\",\"articleSection\":[\"B\u00f6lg\u0259\"],\"inLanguage\":\"az\"},{\"@type\":\"WebPage\",\"@id\":\"https:\\\/\\\/www.meydan.tv\\\/az\\\/article\\\/imislide-pambiq-zavodunun-elinden-hava-uda-bilmirik\\\/\",\"url\":\"https:\\\/\\\/www.meydan.tv\\\/az\\\/article\\\/imislide-pambiq-zavodunun-elinden-hava-uda-bilmirik\\\/\",\"name\":\"\u0130mi\u015flid\u0259: Pamb\u0131q zavodunun \u0259lind\u0259n hava uda bilmirik - MEYDAN.TV\",\"isPartOf\":{\"@id\":\"https:\\\/\\\/www.meydan.tv\\\/az\\\/#website\"},\"primaryImageOfPage\":{\"@id\":\"https:\\\/\\\/www.meydan.tv\\\/az\\\/article\\\/imislide-pambiq-zavodunun-elinden-hava-uda-bilmirik\\\/#primaryimage\"},\"image\":{\"@id\":\"https:\\\/\\\/www.meydan.tv\\\/az\\\/article\\\/imislide-pambiq-zavodunun-elinden-hava-uda-bilmirik\\\/#primaryimage\"},\"thumbnailUrl\":\"https:\\\/\\\/www.meydan.tv\\\/wp-content\\\/uploads\\\/image00006_ocq67un.jpeg\",\"datePublished\":\"2019-05-24T09:35:02+00:00\",\"breadcrumb\":{\"@id\":\"https:\\\/\\\/www.meydan.tv\\\/az\\\/article\\\/imislide-pambiq-zavodunun-elinden-hava-uda-bilmirik\\\/#breadcrumb\"},\"inLanguage\":\"az\",\"potentialAction\":[{\"@type\":\"ReadAction\",\"target\":[\"https:\\\/\\\/www.meydan.tv\\\/az\\\/article\\\/imislide-pambiq-zavodunun-elinden-hava-uda-bilmirik\\\/\"]}]},{\"@type\":\"ImageObject\",\"inLanguage\":\"az\",\"@id\":\"https:\\\/\\\/www.meydan.tv\\\/az\\\/article\\\/imislide-pambiq-zavodunun-elinden-hava-uda-bilmirik\\\/#primaryimage\",\"url\":\"https:\\\/\\\/www.meydan.tv\\\/wp-content\\\/uploads\\\/image00006_ocq67un.jpeg\",\"contentUrl\":\"https:\\\/\\\/www.meydan.tv\\\/wp-content\\\/uploads\\\/image00006_ocq67un.jpeg\",\"width\":1365,\"height\":1024,\"caption\":\"Source: meydan tv\"},{\"@type\":\"BreadcrumbList\",\"@id\":\"https:\\\/\\\/www.meydan.tv\\\/az\\\/article\\\/imislide-pambiq-zavodunun-elinden-hava-uda-bilmirik\\\/#breadcrumb\",\"itemListElement\":[{\"@type\":\"ListItem\",\"position\":1,\"name\":\"Ana s\u0259hif\u0259\",\"item\":\"https:\\\/\\\/www.meydan.tv\\\/az\\\/\"},{\"@type\":\"ListItem\",\"position\":2,\"name\":\"B\u00f6lg\u0259\",\"item\":\"https:\\\/\\\/www.meydan.tv\\\/az\\\/section\\\/bolge\\\/\"},{\"@type\":\"ListItem\",\"position\":3,\"name\":\"\u0130mi\u015flid\u0259: Pamb\u0131q zavodunun \u0259lind\u0259n hava uda bilmirik\"}]},{\"@type\":\"WebSite\",\"@id\":\"https:\\\/\\\/www.meydan.tv\\\/az\\\/#website\",\"url\":\"https:\\\/\\\/www.meydan.tv\\\/az\\\/\",\"name\":\"MEYDAN.TV\",\"description\":\"Meydan TV Az\u0259rbaycan\u0131n media m\u0259kan\u0131ndak\u0131 alternativ s\u0259sidir\",\"publisher\":{\"@id\":\"https:\\\/\\\/www.meydan.tv\\\/az\\\/#organization\"},\"potentialAction\":[{\"@type\":\"SearchAction\",\"target\":{\"@type\":\"EntryPoint\",\"urlTemplate\":\"https:\\\/\\\/www.meydan.tv\\\/az\\\/?s={search_term_string}\"},\"query-input\":{\"@type\":\"PropertyValueSpecification\",\"valueRequired\":true,\"valueName\":\"search_term_string\"}}],\"inLanguage\":\"az\"},{\"@type\":\"Organization\",\"@id\":\"https:\\\/\\\/www.meydan.tv\\\/az\\\/#organization\",\"name\":\"Meydan TV\",\"url\":\"https:\\\/\\\/www.meydan.tv\\\/az\\\/\",\"logo\":{\"@type\":\"ImageObject\",\"inLanguage\":\"az\",\"@id\":\"https:\\\/\\\/www.meydan.tv\\\/az\\\/#\\\/schema\\\/logo\\\/image\\\/\",\"url\":\"https:\\\/\\\/www.meydan.tv\\\/wp-content\\\/uploads\\\/2021\\\/07\\\/meydan-logo.svg\",\"contentUrl\":\"https:\\\/\\\/www.meydan.tv\\\/wp-content\\\/uploads\\\/2021\\\/07\\\/meydan-logo.svg\",\"width\":195,\"height\":46,\"caption\":\"Meydan TV\"},\"image\":{\"@id\":\"https:\\\/\\\/www.meydan.tv\\\/az\\\/#\\\/schema\\\/logo\\\/image\\\/\"}},{\"@type\":\"Person\",\"@id\":\"https:\\\/\\\/www.meydan.tv\\\/az\\\/#\\\/schema\\\/person\\\/10d11eccf6da3662cf5fdab9806ea91a\",\"name\":\"user-manager\"}]}<\/script>\n<!-- \/ Yoast SEO plugin. -->","yoast_head_json":{"title":"\u0130mi\u015flid\u0259: Pamb\u0131q zavodunun \u0259lind\u0259n hava uda bilmirik - MEYDAN.TV","robots":{"index":"index","follow":"follow","max-snippet":"max-snippet:-1","max-image-preview":"max-image-preview:large","max-video-preview":"max-video-preview:-1"},"canonical":"https:\/\/www.meydan.tv\/az\/article\/imislide-pambiq-zavodunun-elinden-hava-uda-bilmirik\/","og_locale":"az_AZ","og_type":"article","og_title":"\u0130mi\u015flid\u0259: Pamb\u0131q zavodunun \u0259lind\u0259n hava uda bilmirik - MEYDAN.TV","og_description":"\"Yox \u0259g\u0259r el\u0259 bir ciddi problem varsa, biz m\u00fcdaxil\u0259 ed\u0259 bil\u0259rik\".","og_url":"https:\/\/www.meydan.tv\/az\/article\/imislide-pambiq-zavodunun-elinden-hava-uda-bilmirik\/","og_site_name":"MEYDAN.TV","article_published_time":"2019-05-24T09:35:02+00:00","og_image":[{"width":1365,"height":1024,"url":"https:\/\/www.meydan.tv\/wp-content\/uploads\/image00006_ocq67un.jpeg","type":"image\/jpeg"}],"author":"user-manager","twitter_card":"summary_large_image","schema":{"@context":"https:\/\/schema.org","@graph":[{"@type":"Article","@id":"https:\/\/www.meydan.tv\/az\/article\/imislide-pambiq-zavodunun-elinden-hava-uda-bilmirik\/#article","isPartOf":{"@id":"https:\/\/www.meydan.tv\/az\/article\/imislide-pambiq-zavodunun-elinden-hava-uda-bilmirik\/"},"author":{"name":"user-manager","@id":"https:\/\/www.meydan.tv\/az\/#\/schema\/person\/10d11eccf6da3662cf5fdab9806ea91a"},"headline":"\u0130mi\u015flid\u0259: Pamb\u0131q zavodunun \u0259lind\u0259n hava uda bilmirik","datePublished":"2019-05-24T09:35:02+00:00","mainEntityOfPage":{"@id":"https:\/\/www.meydan.tv\/az\/article\/imislide-pambiq-zavodunun-elinden-hava-uda-bilmirik\/"},"wordCount":948,"publisher":{"@id":"https:\/\/www.meydan.tv\/az\/#organization"},"image":{"@id":"https:\/\/www.meydan.tv\/az\/article\/imislide-pambiq-zavodunun-elinden-hava-uda-bilmirik\/#primaryimage"},"thumbnailUrl":"https:\/\/www.meydan.tv\/wp-content\/uploads\/image00006_ocq67un.jpeg","articleSection":["B\u00f6lg\u0259"],"inLanguage":"az"},{"@type":"WebPage","@id":"https:\/\/www.meydan.tv\/az\/article\/imislide-pambiq-zavodunun-elinden-hava-uda-bilmirik\/","url":"https:\/\/www.meydan.tv\/az\/article\/imislide-pambiq-zavodunun-elinden-hava-uda-bilmirik\/","name":"\u0130mi\u015flid\u0259: Pamb\u0131q zavodunun \u0259lind\u0259n hava uda bilmirik - MEYDAN.TV","isPartOf":{"@id":"https:\/\/www.meydan.tv\/az\/#website"},"primaryImageOfPage":{"@id":"https:\/\/www.meydan.tv\/az\/article\/imislide-pambiq-zavodunun-elinden-hava-uda-bilmirik\/#primaryimage"},"image":{"@id":"https:\/\/www.meydan.tv\/az\/article\/imislide-pambiq-zavodunun-elinden-hava-uda-bilmirik\/#primaryimage"},"thumbnailUrl":"https:\/\/www.meydan.tv\/wp-content\/uploads\/image00006_ocq67un.jpeg","datePublished":"2019-05-24T09:35:02+00:00","breadcrumb":{"@id":"https:\/\/www.meydan.tv\/az\/article\/imislide-pambiq-zavodunun-elinden-hava-uda-bilmirik\/#breadcrumb"},"inLanguage":"az","potentialAction":[{"@type":"ReadAction","target":["https:\/\/www.meydan.tv\/az\/article\/imislide-pambiq-zavodunun-elinden-hava-uda-bilmirik\/"]}]},{"@type":"ImageObject","inLanguage":"az","@id":"https:\/\/www.meydan.tv\/az\/article\/imislide-pambiq-zavodunun-elinden-hava-uda-bilmirik\/#primaryimage","url":"https:\/\/www.meydan.tv\/wp-content\/uploads\/image00006_ocq67un.jpeg","contentUrl":"https:\/\/www.meydan.tv\/wp-content\/uploads\/image00006_ocq67un.jpeg","width":1365,"height":1024,"caption":"Source: meydan tv"},{"@type":"BreadcrumbList","@id":"https:\/\/www.meydan.tv\/az\/article\/imislide-pambiq-zavodunun-elinden-hava-uda-bilmirik\/#breadcrumb","itemListElement":[{"@type":"ListItem","position":1,"name":"Ana s\u0259hif\u0259","item":"https:\/\/www.meydan.tv\/az\/"},{"@type":"ListItem","position":2,"name":"B\u00f6lg\u0259","item":"https:\/\/www.meydan.tv\/az\/section\/bolge\/"},{"@type":"ListItem","position":3,"name":"\u0130mi\u015flid\u0259: Pamb\u0131q zavodunun \u0259lind\u0259n hava uda bilmirik"}]},{"@type":"WebSite","@id":"https:\/\/www.meydan.tv\/az\/#website","url":"https:\/\/www.meydan.tv\/az\/","name":"MEYDAN.TV","description":"Meydan TV Az\u0259rbaycan\u0131n media m\u0259kan\u0131ndak\u0131 alternativ s\u0259sidir","publisher":{"@id":"https:\/\/www.meydan.tv\/az\/#organization"},"potentialAction":[{"@type":"SearchAction","target":{"@type":"EntryPoint","urlTemplate":"https:\/\/www.meydan.tv\/az\/?s={search_term_string}"},"query-input":{"@type":"PropertyValueSpecification","valueRequired":true,"valueName":"search_term_string"}}],"inLanguage":"az"},{"@type":"Organization","@id":"https:\/\/www.meydan.tv\/az\/#organization","name":"Meydan TV","url":"https:\/\/www.meydan.tv\/az\/","logo":{"@type":"ImageObject","inLanguage":"az","@id":"https:\/\/www.meydan.tv\/az\/#\/schema\/logo\/image\/","url":"https:\/\/www.meydan.tv\/wp-content\/uploads\/2021\/07\/meydan-logo.svg","contentUrl":"https:\/\/www.meydan.tv\/wp-content\/uploads\/2021\/07\/meydan-logo.svg","width":195,"height":46,"caption":"Meydan TV"},"image":{"@id":"https:\/\/www.meydan.tv\/az\/#\/schema\/logo\/image\/"}},{"@type":"Person","@id":"https:\/\/www.meydan.tv\/az\/#\/schema\/person\/10d11eccf6da3662cf5fdab9806ea91a","name":"user-manager"}]}},"_links":{"self":[{"href":"https:\/\/www.meydan.tv\/az\/wp-json\/wp\/v2\/posts\/195550","targetHints":{"allow":["GET"]}}],"collection":[{"href":"https:\/\/www.meydan.tv\/az\/wp-json\/wp\/v2\/posts"}],"about":[{"href":"https:\/\/www.meydan.tv\/az\/wp-json\/wp\/v2\/types\/post"}],"author":[{"embeddable":true,"href":"https:\/\/www.meydan.tv\/az\/wp-json\/wp\/v2\/users\/11"}],"replies":[{"embeddable":true,"href":"https:\/\/www.meydan.tv\/az\/wp-json\/wp\/v2\/comments?post=195550"}],"version-history":[{"count":0,"href":"https:\/\/www.meydan.tv\/az\/wp-json\/wp\/v2\/posts\/195550\/revisions"}],"wp:featuredmedia":[{"embeddable":true,"href":"https:\/\/www.meydan.tv\/az\/wp-json\/wp\/v2\/media\/124302"}],"wp:attachment":[{"href":"https:\/\/www.meydan.tv\/az\/wp-json\/wp\/v2\/media?parent=195550"}],"wp:term":[{"taxonomy":"category","embeddable":true,"href":"https:\/\/www.meydan.tv\/az\/wp-json\/wp\/v2\/categories?post=195550"},{"taxonomy":"post_tag","embeddable":true,"href":"https:\/\/www.meydan.tv\/az\/wp-json\/wp\/v2\/tags?post=195550"}],"curies":[{"name":"wp","href":"https:\/\/api.w.org\/{rel}","templated":true}]}}