{"id":195494,"date":"2019-05-21T10:19:47","date_gmt":"2019-05-21T10:19:47","guid":{"rendered":"https:\/\/www.meydan.tv\/article\/samaxi-sakini-oglumuz-yataq-xestesi-olandan-sonra-heyat-yoldasim-bizi-atdi\/"},"modified":"2019-05-21T10:19:47","modified_gmt":"2019-05-21T10:19:47","slug":"samaxi-sakini-oglumuz-yataq-xestesi-olandan-sonra-heyat-yoldasim-bizi-atdi","status":"publish","type":"post","link":"https:\/\/www.meydan.tv\/az\/article\/samaxi-sakini-oglumuz-yataq-xestesi-olandan-sonra-heyat-yoldasim-bizi-atdi\/","title":{"rendered":"\u015eamax\u0131 sakini: O\u011flumuz yataq x\u0259st\u0259si olandan sonra h\u0259yat yolda\u015f\u0131m bizi atd\u0131"},"content":{"rendered":"<p>\n  <i><br \/>\n    Evi z\u0259lz\u0259l\u0259d\u0259n z\u0259r\u0259r \u00e7\u0259kmi\u015f ail\u0259 d\u00f6vl\u0259td\u0259n d\u0259st\u0259k g\u00f6rm\u0259diyini deyir<br \/>\n  <\/i>\n<\/p>\n<p>\n  \u201c2002-ci ild\u0259 ail\u0259 h\u0259yat\u0131 qurdum. Evlilik d\u00f6vr\u00fcm\u00fczd\u0259 h\u0259yat yolda\u015f\u0131m\u0131n imkan\u0131 olmad\u0131\u011f\u0131 \u00fc\u00e7\u00fcn r\u0259hm\u0259tlik atam evini biz\u0259 verdi. \u0130lk vaxtlar h\u0259r \u015fey yax\u015f\u0131 idi. \u00dc\u00e7 \u00f6vlad\u0131m\u0131z oldu- iki q\u0131z, bir o\u011flan. Sonradan o\u011flumun s\u0259hh\u0259tind\u0259 problem yarand\u0131, s\u00fcm\u00fck x\u0259st\u0259liyi u\u015fa\u011f\u0131 \u0259lil el\u0259di. Ail\u0259mizd\u0259 s\u00f6z-s\u00f6hb\u0259tl\u0259r, davalar da bundan sonra ba\u015flad\u0131\u201d.\n<\/p>\n<p>\n  Bunu Meydan TV-y\u0259 \u015eamax\u0131 \u015f\u0259h\u0259ri, Niyazi N\u0259c\u0259f k\u00fc\u00e7\u0259si, 106 \u00fcnvan\u0131nda ya\u015fayan 1974-c\u00fc il t\u0259v\u0259ll\u00fcdl\u00fc F\u0259rid\u0259 Hac\u0131yeva deyir. Onun s\u00f6zl\u0259rin\u0259 g\u00f6r\u0259, h\u0259yat yolda\u015f\u0131 T\u0259rlan Hac\u0131yev 5 il \u00f6nc\u0259 o\u011fullar\u0131 Emin x\u0259st\u0259l\u0259n\u0259nd\u0259n sonra ail\u0259sind\u0259n imtina ed\u0259r\u0259k evd\u0259n gedib. F\u0259rid\u0259 xan\u0131m haz\u0131rda \u00fc\u00e7 \u00f6vlad\u0131n\u0131 t\u0259kba\u015f\u0131na b\u00f6y\u00fcd\u00fcr:\n<\/p>\n<p>\n  \u201cQ\u0131zlar\u0131n birinin 14, dig\u0259rinin is\u0259 15 ya\u015f\u0131 var. O\u011flum sonbe\u015fikdir, 13 ya\u015f\u0131ndad\u0131r. Onun da \u0259lilliyi var. H\u0259r d\u0259f\u0259 ona baxanda, az qal\u0131r, \u00fcr\u0259yim dayans\u0131n. A\u011flamaqdan g\u00f6z\u00fcm\u00fcn ya\u015f\u0131 quruyub. O\u011flumu d\u0259f\u0259l\u0259rl\u0259 m\u00fcxt\u0259lif h\u0259kiml\u0259r\u0259 apard\u0131m. Dedil\u0259r ki, bu u\u015fa\u011fa \u0259ziyy\u0259t verm\u0259, x\u0259st\u0259liyinin m\u00fcalic\u0259si yoxdur. O\u011flumuz yataq x\u0259st\u0259si olandan sonra h\u0259yat yolda\u015f\u0131m evd\u0259 tez-tez dava sal\u0131rd\u0131, deyirdi ki, m\u0259n\u0259 \u0259lil \u00f6vlad laz\u0131m deyil. Sonra da bizi at\u0131b getdi. Dolana bilmirik, u\u015faqlar\u0131n babas\u0131 da var, n\u0259n\u0259si d\u0259, \u00fcst\u0259lik, atas\u0131 da. Bu be\u015f ild\u0259 biri qap\u0131n\u0131 a\u00e7\u0131b g\u0259lmir ki, g\u00f6r\u00fcm, u\u015faqlar nec\u0259 ya\u015fay\u0131r? G\u00f6r\u0259s\u0259n, F\u0259rid\u0259 u\u015faqlar\u0131 ac, yoxsa tox saxlay\u0131r?\u201d.\n<\/p>\n<figure class=\"wp-block-image size-large\">\n  <img decoding=\"async\" src=\"https:\/\/www.meydan.tv\/az\/image_from_ios-3-jpg-20\/\" alt=\"image_from_ios (3).jpg\" class=\"wp-image-124059\"\/><figcaption>\n    z\u0259lz\u0259l\u0259d\u0259n z\u0259d\u0259 alan ev<br \/>\n  <\/figcaption><\/figure>\n<p>\n  H\u0259yat yolda\u015f\u0131n\u0131n yolunu g\u00f6zl\u0259m\u0259kd\u0259n yorulan F\u0259rid\u0259 Hac\u0131yeva g\u00fcnl\u0259rin birind\u0259, \u0259rinin evl\u0259ndiyini e\u015fidib. Bundan sonra \u00fcmidini bird\u0259f\u0259lik \u00fcz\u0259r\u0259k, m\u0259hk\u0259m\u0259y\u0259 m\u00fcraci\u0259t edib r\u0259smi qaydada bo\u015fan\u0131b:\n<\/p>\n<p>\n  \u201cBo\u015fanmam\u0131\u015fdan \u00fc\u00e7 il \u0259vv\u0259l m\u0259hk\u0259m\u0259 q\u0259rar\u0131na \u0259sas\u0259n, T\u0259rlan h\u0259r u\u015fa\u011fa ayda 75 manat olmaqla, \u00fcmimilikd\u0259 225 manat aliment \u00f6d\u0259m\u0259li idi. Lakin indiy\u0259 kimi bir manat da pul verm\u0259yib. D\u0259f\u0259l\u0259rl\u0259 \u015eamax\u0131 Rayon M\u0259hk\u0259m\u0259sin\u0259 m\u00fcraci\u0259t etdim. \u00c7a\u011f\u0131r\u0131b, g\u0259tirdil\u0259r, g\u00f6r\u00fcn\u00fcr, bu adam\u0131n he\u00e7 n\u0259 vecin\u0259 deyil. T\u0259rlan\u0131n s\u00fcr\u00fcyl\u0259 mal-heyvan\u0131 var, amma bir d\u0259f\u0259 d\u0259 olsun \u00f6vladlar\u0131n\u0131 yada salmay\u0131b. H\u0259l\u0259 bir m\u0259ni borclu \u00e7\u0131xar\u0131r. Deyir ki, siz\u0259 he\u00e7 n\u0259 verm\u0259y\u0259c\u0259y\u0259m, \u0259lind\u0259n n\u0259 g\u0259lir el\u0259. B\u0259s yax\u015f\u0131, m\u0259n bu u\u015faqlar\u0131 nec\u0259 saxlay\u0131m? O\u011flum bac\u0131lar\u0131ndan utand\u0131\u011f\u0131 \u00fc\u00e7\u00fcn \u00f6z\u00fcm ona baxma\u011fa m\u0259cburam, i\u015fl\u0259y\u0259 bilmir\u0259m. Qoca anam\u0131n v\u0259 o\u011flumun pensiyas\u0131ndan ba\u015fqa evimiz\u0259 \u0259lav\u0259 pul g\u0259lmir. \u0130mkans\u0131zl\u0131qdan q\u0131zlar\u0131m\u0131n ikisini d\u0259 m\u0259kt\u0259bd\u0259n \u00e7\u0131xarma\u011fa m\u0259cbur oldum. Kas\u0131bl\u0131q v\u0259 atas\u0131zl\u0131q \u00f6vladlar\u0131m\u0131n t\u0259hsilini yar\u0131m\u00e7\u0131q qoydu. Onlar da bir ba\u015fqa c\u00fcr \u0259lil oldular\u201d.\n<\/p>\n<figure class=\"wp-block-image size-large\">\n  <img decoding=\"async\" src=\"https:\/\/www.meydan.tv\/az\/image_from_ios-5-jpg-12\/\" alt=\"image_from_ios (5).jpg\" class=\"wp-image-124062\"\/><figcaption>\n    tavan<br \/>\n  <\/figcaption><\/figure>\n<p>\n  Bunlar azm\u0131\u015f kimi 2019-cu ilin fevral\u0131nda ba\u015f ver\u0259n z\u0259lz\u0259l\u0259 n\u0259tic\u0259sind\u0259 F\u0259rid\u0259 Hac\u0131yevan\u0131n da evi q\u0259zal\u0131 v\u0259ziyy\u0259t\u0259 d\u00fc\u015f\u00fcb. O, bununla ba\u011fl\u0131 \u015eamax\u0131 Rayon \u0130cra Hakimiyy\u0259tin\u0259 m\u00fcraci\u0259t edib:\n<\/p>\n<p>\n  \u201cAtamdan qalan ev 1970-ci ild\u0259 tikilib. Sonuncu z\u0259lz\u0259l\u0259d\u0259n sonra divarlarda iri \u00e7atlar yarand\u0131. T\u0259mir etm\u0259y\u0259 imkan\u0131m yoxdur. Bununla ba\u011fl\u0131 d\u0259f\u0259l\u0259rl\u0259 \u015eamax\u0131 Rayon \u0130cra hakimiyy\u0259tin\u0259 gets\u0259m d\u0259, h\u0259r d\u0259f\u0259 bir b\u0259han\u0259yl\u0259 m\u0259ni ba\u015flar\u0131ndan edirl\u0259r. F\u00f6vq\u0259lad\u0259 Hallar Komissiyas\u0131n\u0131n \u0259m\u0259kda\u015f\u0131 m\u0259n\u0259 k\u00f6m\u0259k ed\u0259c\u0259kl\u0259rini bildirs\u0259 d\u0259, art\u0131q d\u00f6rd ay olub, amma maraqlanan yoxdur. Adam tapm\u0131r\u0131q ki, d\u0259rdimzi dey\u0259k. Bu boyda probleml\u0259rim ola-ola, evim d\u0259 u\u00e7ur v\u0259 k\u00f6m\u0259k umma\u011fa d\u00f6vl\u0259t m\u0259muru tapa bilmir\u0259m\u201d.\n<\/p>\n<p>\n  Meydan TV \u0259m\u0259kda\u015f\u0131 m\u0259s\u0259l\u0259 il\u0259 ba\u011fl\u0131 \u015eamax\u0131 Rayon \u0130cra Hakimiyy\u0259tind\u0259 olub. Lakin qurumda suallar\u0131n\u0131 cavabland\u0131racaq s\u0259lahiyy\u0259tli bir \u015f\u0259xs tap\u0131lmay\u0131b. \u0130H-nin d\u0259hlizind\u0259 topla\u015fan insanlar is\u0259 giley-g\u00fczar edibl\u0259r ki, onlar\u0131n he\u00e7 bir \u015fikay\u0259tin\u0259 bax\u0131lm\u0131r:\n<\/p>\n<figure class=\"wp-block-image size-large\">\n  <img decoding=\"async\" src=\"https:\/\/www.meydan.tv\/az\/image_from_ios-4-jpg-26\/\" alt=\"image_from_ios (4).jpg\" class=\"wp-image-124065\"\/><figcaption>\n    z\u0259lz\u0259l\u0259nin yaratd\u0131\u011f\u0131 \u00e7at<br \/>\n  <\/figcaption><\/figure>\n<p>\n  \u201cBiz h\u0259r d\u0259f\u0259 bura g\u0259l\u0259nd\u0259 t\u0259dbir ad\u0131 il\u0259 ma\u015f\u0131nlar\u0131na oturub gedirl\u0259r. \u00dc\u00e7 ayd\u0131r ki, biz burada he\u00e7 kimi g\u00f6r\u0259 bilmirik. F\u00f6vqalad\u0259 Hallar Komissiyas\u0131n\u0131n n\u00fcmay\u0259nd\u0259si il\u0259 g\u00f6r\u00fc\u015fm\u0259k imkan\u0131m\u0131z olub. O da bir d\u0259f\u0259 deyib ki, d\u00fcz\u0259l\u0259c\u0259k. Bizi aldad\u0131rlar\u201d \u2013 dey\u0259, \u015eamax\u0131 rayon sakini Telman Camalov deyib.\n<\/p>\n<p>\n  F\u0259rid\u0259 Hac\u0131yevan\u0131n ke\u00e7mi\u015f h\u0259yat yolda\u015f\u0131 T\u0259rlan Hac\u0131yev Meydan TV-y\u0259 bildirib ki, maddi imkans\u0131zl\u0131q ucbat\u0131ndan \u00f6vladlar\u0131na aliment \u00f6d\u0259y\u0259 bilmir:\n<\/p>\n<p>\n  \u201c\u0130ki il olar ki, alimentl\u0259 ba\u011fl\u0131 m\u0259n\u0259 x\u0259b\u0259rdarl\u0131q edilib. H\u0259tta buna g\u00f6r\u0259 13 sutka h\u0259bsd\u0259 yatm\u0131\u015fam. \u0130mkan\u0131m olmay\u0131b, yaln\u0131z bir d\u0259f\u0259 pul g\u00f6nd\u0259rmi\u015f\u0259m. Evliy\u0259m, iki \u00f6vlad\u0131m var. Haz\u0131rda imkan\u0131m olmasa da, \u00e7al\u0131\u015f\u0131b onlara m\u00fc\u0259yy\u0259n m\u0259nada k\u00f6m\u0259klik g\u00f6st\u0259r\u0259c\u0259y\u0259m\u201d.\n<\/p>\n<figure class=\"wp-block-image size-large\">\n  <img decoding=\"async\" src=\"https:\/\/www.meydan.tv\/az\/image_from_ios-2-jpg-34\/\" alt=\"image_from_ios (2).jpg\" class=\"wp-image-124068\"\/><figcaption>\n    evin \u00e7at olan tavan\u0131<br \/>\n  <\/figcaption><\/figure>\n","protected":false},"excerpt":{"rendered":"<p>Dedil\u0259r ki, bu u\u015fa\u011fa \u0259ziyy\u0259t verm\u0259, x\u0259st\u0259liyinin m\u00fcalic\u0259si yoxdur<\/p>\n","protected":false},"author":11,"featured_media":124137,"comment_status":"closed","ping_status":"open","sticky":false,"template":"","format":"standard","meta":{"_acf_changed":false,"_sitemap_exclude":false,"_sitemap_priority":"","_sitemap_frequency":"","footnotes":""},"categories":[60],"tags":[],"class_list":["post-195494","post","type-post","status-publish","format-standard","has-post-thumbnail","hentry","category-bolge","infinite-scroll-item","generate-columns","tablet-grid-50","mobile-grid-100","grid-parent","grid-33","no-featured-image-padding"],"acf":[],"yoast_head":"<!-- This site is optimized with the Yoast SEO plugin v27.4 - https:\/\/yoast.com\/product\/yoast-seo-wordpress\/ -->\n<title>\u015eamax\u0131 sakini: O\u011flumuz yataq x\u0259st\u0259si olandan sonra h\u0259yat yolda\u015f\u0131m bizi atd\u0131 - MEYDAN.TV<\/title>\n<meta name=\"robots\" content=\"index, follow, max-snippet:-1, max-image-preview:large, max-video-preview:-1\" \/>\n<link rel=\"canonical\" href=\"https:\/\/www.meydan.tv\/az\/article\/samaxi-sakini-oglumuz-yataq-xestesi-olandan-sonra-heyat-yoldasim-bizi-atdi\/\" \/>\n<meta property=\"og:locale\" content=\"az_AZ\" \/>\n<meta property=\"og:type\" content=\"article\" \/>\n<meta property=\"og:title\" content=\"\u015eamax\u0131 sakini: O\u011flumuz yataq x\u0259st\u0259si olandan sonra h\u0259yat yolda\u015f\u0131m bizi atd\u0131 - MEYDAN.TV\" \/>\n<meta property=\"og:description\" content=\"Dedil\u0259r ki, bu u\u015fa\u011fa \u0259ziyy\u0259t verm\u0259, x\u0259st\u0259liyinin m\u00fcalic\u0259si yoxdur\" \/>\n<meta property=\"og:url\" content=\"https:\/\/www.meydan.tv\/az\/article\/samaxi-sakini-oglumuz-yataq-xestesi-olandan-sonra-heyat-yoldasim-bizi-atdi\/\" \/>\n<meta property=\"og:site_name\" content=\"MEYDAN.TV\" \/>\n<meta property=\"article:published_time\" content=\"2019-05-21T10:19:47+00:00\" \/>\n<meta property=\"og:image\" content=\"https:\/\/www.meydan.tv\/wp-content\/uploads\/screenshot_3.jpg\" \/>\n\t<meta property=\"og:image:width\" content=\"1000\" \/>\n\t<meta property=\"og:image:height\" content=\"552\" \/>\n\t<meta property=\"og:image:type\" content=\"image\/jpeg\" \/>\n<meta name=\"author\" content=\"user-manager\" \/>\n<meta name=\"twitter:card\" content=\"summary_large_image\" \/>\n<script type=\"application\/ld+json\" class=\"yoast-schema-graph\">{\"@context\":\"https:\\\/\\\/schema.org\",\"@graph\":[{\"@type\":\"Article\",\"@id\":\"https:\\\/\\\/www.meydan.tv\\\/az\\\/article\\\/samaxi-sakini-oglumuz-yataq-xestesi-olandan-sonra-heyat-yoldasim-bizi-atdi\\\/#article\",\"isPartOf\":{\"@id\":\"https:\\\/\\\/www.meydan.tv\\\/az\\\/article\\\/samaxi-sakini-oglumuz-yataq-xestesi-olandan-sonra-heyat-yoldasim-bizi-atdi\\\/\"},\"author\":{\"name\":\"user-manager\",\"@id\":\"https:\\\/\\\/www.meydan.tv\\\/az\\\/#\\\/schema\\\/person\\\/10d11eccf6da3662cf5fdab9806ea91a\"},\"headline\":\"\u015eamax\u0131 sakini: O\u011flumuz yataq x\u0259st\u0259si olandan sonra h\u0259yat yolda\u015f\u0131m bizi atd\u0131\",\"datePublished\":\"2019-05-21T10:19:47+00:00\",\"mainEntityOfPage\":{\"@id\":\"https:\\\/\\\/www.meydan.tv\\\/az\\\/article\\\/samaxi-sakini-oglumuz-yataq-xestesi-olandan-sonra-heyat-yoldasim-bizi-atdi\\\/\"},\"wordCount\":989,\"publisher\":{\"@id\":\"https:\\\/\\\/www.meydan.tv\\\/az\\\/#organization\"},\"image\":{\"@id\":\"https:\\\/\\\/www.meydan.tv\\\/az\\\/article\\\/samaxi-sakini-oglumuz-yataq-xestesi-olandan-sonra-heyat-yoldasim-bizi-atdi\\\/#primaryimage\"},\"thumbnailUrl\":\"https:\\\/\\\/www.meydan.tv\\\/wp-content\\\/uploads\\\/screenshot_3.jpg\",\"articleSection\":[\"B\u00f6lg\u0259\"],\"inLanguage\":\"az\"},{\"@type\":\"WebPage\",\"@id\":\"https:\\\/\\\/www.meydan.tv\\\/az\\\/article\\\/samaxi-sakini-oglumuz-yataq-xestesi-olandan-sonra-heyat-yoldasim-bizi-atdi\\\/\",\"url\":\"https:\\\/\\\/www.meydan.tv\\\/az\\\/article\\\/samaxi-sakini-oglumuz-yataq-xestesi-olandan-sonra-heyat-yoldasim-bizi-atdi\\\/\",\"name\":\"\u015eamax\u0131 sakini: O\u011flumuz yataq x\u0259st\u0259si olandan sonra h\u0259yat yolda\u015f\u0131m bizi atd\u0131 - MEYDAN.TV\",\"isPartOf\":{\"@id\":\"https:\\\/\\\/www.meydan.tv\\\/az\\\/#website\"},\"primaryImageOfPage\":{\"@id\":\"https:\\\/\\\/www.meydan.tv\\\/az\\\/article\\\/samaxi-sakini-oglumuz-yataq-xestesi-olandan-sonra-heyat-yoldasim-bizi-atdi\\\/#primaryimage\"},\"image\":{\"@id\":\"https:\\\/\\\/www.meydan.tv\\\/az\\\/article\\\/samaxi-sakini-oglumuz-yataq-xestesi-olandan-sonra-heyat-yoldasim-bizi-atdi\\\/#primaryimage\"},\"thumbnailUrl\":\"https:\\\/\\\/www.meydan.tv\\\/wp-content\\\/uploads\\\/screenshot_3.jpg\",\"datePublished\":\"2019-05-21T10:19:47+00:00\",\"breadcrumb\":{\"@id\":\"https:\\\/\\\/www.meydan.tv\\\/az\\\/article\\\/samaxi-sakini-oglumuz-yataq-xestesi-olandan-sonra-heyat-yoldasim-bizi-atdi\\\/#breadcrumb\"},\"inLanguage\":\"az\",\"potentialAction\":[{\"@type\":\"ReadAction\",\"target\":[\"https:\\\/\\\/www.meydan.tv\\\/az\\\/article\\\/samaxi-sakini-oglumuz-yataq-xestesi-olandan-sonra-heyat-yoldasim-bizi-atdi\\\/\"]}]},{\"@type\":\"ImageObject\",\"inLanguage\":\"az\",\"@id\":\"https:\\\/\\\/www.meydan.tv\\\/az\\\/article\\\/samaxi-sakini-oglumuz-yataq-xestesi-olandan-sonra-heyat-yoldasim-bizi-atdi\\\/#primaryimage\",\"url\":\"https:\\\/\\\/www.meydan.tv\\\/wp-content\\\/uploads\\\/screenshot_3.jpg\",\"contentUrl\":\"https:\\\/\\\/www.meydan.tv\\\/wp-content\\\/uploads\\\/screenshot_3.jpg\",\"width\":1000,\"height\":552,\"caption\":\"Source: Meydan.TV\"},{\"@type\":\"BreadcrumbList\",\"@id\":\"https:\\\/\\\/www.meydan.tv\\\/az\\\/article\\\/samaxi-sakini-oglumuz-yataq-xestesi-olandan-sonra-heyat-yoldasim-bizi-atdi\\\/#breadcrumb\",\"itemListElement\":[{\"@type\":\"ListItem\",\"position\":1,\"name\":\"Ana s\u0259hif\u0259\",\"item\":\"https:\\\/\\\/www.meydan.tv\\\/az\\\/\"},{\"@type\":\"ListItem\",\"position\":2,\"name\":\"B\u00f6lg\u0259\",\"item\":\"https:\\\/\\\/www.meydan.tv\\\/az\\\/section\\\/bolge\\\/\"},{\"@type\":\"ListItem\",\"position\":3,\"name\":\"\u015eamax\u0131 sakini: O\u011flumuz yataq x\u0259st\u0259si olandan sonra h\u0259yat yolda\u015f\u0131m bizi atd\u0131\"}]},{\"@type\":\"WebSite\",\"@id\":\"https:\\\/\\\/www.meydan.tv\\\/az\\\/#website\",\"url\":\"https:\\\/\\\/www.meydan.tv\\\/az\\\/\",\"name\":\"MEYDAN.TV\",\"description\":\"Meydan TV Az\u0259rbaycan\u0131n media m\u0259kan\u0131ndak\u0131 alternativ s\u0259sidir\",\"publisher\":{\"@id\":\"https:\\\/\\\/www.meydan.tv\\\/az\\\/#organization\"},\"potentialAction\":[{\"@type\":\"SearchAction\",\"target\":{\"@type\":\"EntryPoint\",\"urlTemplate\":\"https:\\\/\\\/www.meydan.tv\\\/az\\\/?s={search_term_string}\"},\"query-input\":{\"@type\":\"PropertyValueSpecification\",\"valueRequired\":true,\"valueName\":\"search_term_string\"}}],\"inLanguage\":\"az\"},{\"@type\":\"Organization\",\"@id\":\"https:\\\/\\\/www.meydan.tv\\\/az\\\/#organization\",\"name\":\"Meydan TV\",\"url\":\"https:\\\/\\\/www.meydan.tv\\\/az\\\/\",\"logo\":{\"@type\":\"ImageObject\",\"inLanguage\":\"az\",\"@id\":\"https:\\\/\\\/www.meydan.tv\\\/az\\\/#\\\/schema\\\/logo\\\/image\\\/\",\"url\":\"https:\\\/\\\/www.meydan.tv\\\/wp-content\\\/uploads\\\/2021\\\/07\\\/meydan-logo.svg\",\"contentUrl\":\"https:\\\/\\\/www.meydan.tv\\\/wp-content\\\/uploads\\\/2021\\\/07\\\/meydan-logo.svg\",\"width\":195,\"height\":46,\"caption\":\"Meydan TV\"},\"image\":{\"@id\":\"https:\\\/\\\/www.meydan.tv\\\/az\\\/#\\\/schema\\\/logo\\\/image\\\/\"}},{\"@type\":\"Person\",\"@id\":\"https:\\\/\\\/www.meydan.tv\\\/az\\\/#\\\/schema\\\/person\\\/10d11eccf6da3662cf5fdab9806ea91a\",\"name\":\"user-manager\"}]}<\/script>\n<!-- \/ Yoast SEO plugin. -->","yoast_head_json":{"title":"\u015eamax\u0131 sakini: O\u011flumuz yataq x\u0259st\u0259si olandan sonra h\u0259yat yolda\u015f\u0131m bizi atd\u0131 - MEYDAN.TV","robots":{"index":"index","follow":"follow","max-snippet":"max-snippet:-1","max-image-preview":"max-image-preview:large","max-video-preview":"max-video-preview:-1"},"canonical":"https:\/\/www.meydan.tv\/az\/article\/samaxi-sakini-oglumuz-yataq-xestesi-olandan-sonra-heyat-yoldasim-bizi-atdi\/","og_locale":"az_AZ","og_type":"article","og_title":"\u015eamax\u0131 sakini: O\u011flumuz yataq x\u0259st\u0259si olandan sonra h\u0259yat yolda\u015f\u0131m bizi atd\u0131 - MEYDAN.TV","og_description":"Dedil\u0259r ki, bu u\u015fa\u011fa \u0259ziyy\u0259t verm\u0259, x\u0259st\u0259liyinin m\u00fcalic\u0259si yoxdur","og_url":"https:\/\/www.meydan.tv\/az\/article\/samaxi-sakini-oglumuz-yataq-xestesi-olandan-sonra-heyat-yoldasim-bizi-atdi\/","og_site_name":"MEYDAN.TV","article_published_time":"2019-05-21T10:19:47+00:00","og_image":[{"width":1000,"height":552,"url":"https:\/\/www.meydan.tv\/wp-content\/uploads\/screenshot_3.jpg","type":"image\/jpeg"}],"author":"user-manager","twitter_card":"summary_large_image","schema":{"@context":"https:\/\/schema.org","@graph":[{"@type":"Article","@id":"https:\/\/www.meydan.tv\/az\/article\/samaxi-sakini-oglumuz-yataq-xestesi-olandan-sonra-heyat-yoldasim-bizi-atdi\/#article","isPartOf":{"@id":"https:\/\/www.meydan.tv\/az\/article\/samaxi-sakini-oglumuz-yataq-xestesi-olandan-sonra-heyat-yoldasim-bizi-atdi\/"},"author":{"name":"user-manager","@id":"https:\/\/www.meydan.tv\/az\/#\/schema\/person\/10d11eccf6da3662cf5fdab9806ea91a"},"headline":"\u015eamax\u0131 sakini: O\u011flumuz yataq x\u0259st\u0259si olandan sonra h\u0259yat yolda\u015f\u0131m bizi atd\u0131","datePublished":"2019-05-21T10:19:47+00:00","mainEntityOfPage":{"@id":"https:\/\/www.meydan.tv\/az\/article\/samaxi-sakini-oglumuz-yataq-xestesi-olandan-sonra-heyat-yoldasim-bizi-atdi\/"},"wordCount":989,"publisher":{"@id":"https:\/\/www.meydan.tv\/az\/#organization"},"image":{"@id":"https:\/\/www.meydan.tv\/az\/article\/samaxi-sakini-oglumuz-yataq-xestesi-olandan-sonra-heyat-yoldasim-bizi-atdi\/#primaryimage"},"thumbnailUrl":"https:\/\/www.meydan.tv\/wp-content\/uploads\/screenshot_3.jpg","articleSection":["B\u00f6lg\u0259"],"inLanguage":"az"},{"@type":"WebPage","@id":"https:\/\/www.meydan.tv\/az\/article\/samaxi-sakini-oglumuz-yataq-xestesi-olandan-sonra-heyat-yoldasim-bizi-atdi\/","url":"https:\/\/www.meydan.tv\/az\/article\/samaxi-sakini-oglumuz-yataq-xestesi-olandan-sonra-heyat-yoldasim-bizi-atdi\/","name":"\u015eamax\u0131 sakini: O\u011flumuz yataq x\u0259st\u0259si olandan sonra h\u0259yat yolda\u015f\u0131m bizi atd\u0131 - MEYDAN.TV","isPartOf":{"@id":"https:\/\/www.meydan.tv\/az\/#website"},"primaryImageOfPage":{"@id":"https:\/\/www.meydan.tv\/az\/article\/samaxi-sakini-oglumuz-yataq-xestesi-olandan-sonra-heyat-yoldasim-bizi-atdi\/#primaryimage"},"image":{"@id":"https:\/\/www.meydan.tv\/az\/article\/samaxi-sakini-oglumuz-yataq-xestesi-olandan-sonra-heyat-yoldasim-bizi-atdi\/#primaryimage"},"thumbnailUrl":"https:\/\/www.meydan.tv\/wp-content\/uploads\/screenshot_3.jpg","datePublished":"2019-05-21T10:19:47+00:00","breadcrumb":{"@id":"https:\/\/www.meydan.tv\/az\/article\/samaxi-sakini-oglumuz-yataq-xestesi-olandan-sonra-heyat-yoldasim-bizi-atdi\/#breadcrumb"},"inLanguage":"az","potentialAction":[{"@type":"ReadAction","target":["https:\/\/www.meydan.tv\/az\/article\/samaxi-sakini-oglumuz-yataq-xestesi-olandan-sonra-heyat-yoldasim-bizi-atdi\/"]}]},{"@type":"ImageObject","inLanguage":"az","@id":"https:\/\/www.meydan.tv\/az\/article\/samaxi-sakini-oglumuz-yataq-xestesi-olandan-sonra-heyat-yoldasim-bizi-atdi\/#primaryimage","url":"https:\/\/www.meydan.tv\/wp-content\/uploads\/screenshot_3.jpg","contentUrl":"https:\/\/www.meydan.tv\/wp-content\/uploads\/screenshot_3.jpg","width":1000,"height":552,"caption":"Source: Meydan.TV"},{"@type":"BreadcrumbList","@id":"https:\/\/www.meydan.tv\/az\/article\/samaxi-sakini-oglumuz-yataq-xestesi-olandan-sonra-heyat-yoldasim-bizi-atdi\/#breadcrumb","itemListElement":[{"@type":"ListItem","position":1,"name":"Ana s\u0259hif\u0259","item":"https:\/\/www.meydan.tv\/az\/"},{"@type":"ListItem","position":2,"name":"B\u00f6lg\u0259","item":"https:\/\/www.meydan.tv\/az\/section\/bolge\/"},{"@type":"ListItem","position":3,"name":"\u015eamax\u0131 sakini: O\u011flumuz yataq x\u0259st\u0259si olandan sonra h\u0259yat yolda\u015f\u0131m bizi atd\u0131"}]},{"@type":"WebSite","@id":"https:\/\/www.meydan.tv\/az\/#website","url":"https:\/\/www.meydan.tv\/az\/","name":"MEYDAN.TV","description":"Meydan TV Az\u0259rbaycan\u0131n media m\u0259kan\u0131ndak\u0131 alternativ s\u0259sidir","publisher":{"@id":"https:\/\/www.meydan.tv\/az\/#organization"},"potentialAction":[{"@type":"SearchAction","target":{"@type":"EntryPoint","urlTemplate":"https:\/\/www.meydan.tv\/az\/?s={search_term_string}"},"query-input":{"@type":"PropertyValueSpecification","valueRequired":true,"valueName":"search_term_string"}}],"inLanguage":"az"},{"@type":"Organization","@id":"https:\/\/www.meydan.tv\/az\/#organization","name":"Meydan TV","url":"https:\/\/www.meydan.tv\/az\/","logo":{"@type":"ImageObject","inLanguage":"az","@id":"https:\/\/www.meydan.tv\/az\/#\/schema\/logo\/image\/","url":"https:\/\/www.meydan.tv\/wp-content\/uploads\/2021\/07\/meydan-logo.svg","contentUrl":"https:\/\/www.meydan.tv\/wp-content\/uploads\/2021\/07\/meydan-logo.svg","width":195,"height":46,"caption":"Meydan TV"},"image":{"@id":"https:\/\/www.meydan.tv\/az\/#\/schema\/logo\/image\/"}},{"@type":"Person","@id":"https:\/\/www.meydan.tv\/az\/#\/schema\/person\/10d11eccf6da3662cf5fdab9806ea91a","name":"user-manager"}]}},"_links":{"self":[{"href":"https:\/\/www.meydan.tv\/az\/wp-json\/wp\/v2\/posts\/195494","targetHints":{"allow":["GET"]}}],"collection":[{"href":"https:\/\/www.meydan.tv\/az\/wp-json\/wp\/v2\/posts"}],"about":[{"href":"https:\/\/www.meydan.tv\/az\/wp-json\/wp\/v2\/types\/post"}],"author":[{"embeddable":true,"href":"https:\/\/www.meydan.tv\/az\/wp-json\/wp\/v2\/users\/11"}],"replies":[{"embeddable":true,"href":"https:\/\/www.meydan.tv\/az\/wp-json\/wp\/v2\/comments?post=195494"}],"version-history":[{"count":0,"href":"https:\/\/www.meydan.tv\/az\/wp-json\/wp\/v2\/posts\/195494\/revisions"}],"wp:featuredmedia":[{"embeddable":true,"href":"https:\/\/www.meydan.tv\/az\/wp-json\/wp\/v2\/media\/124137"}],"wp:attachment":[{"href":"https:\/\/www.meydan.tv\/az\/wp-json\/wp\/v2\/media?parent=195494"}],"wp:term":[{"taxonomy":"category","embeddable":true,"href":"https:\/\/www.meydan.tv\/az\/wp-json\/wp\/v2\/categories?post=195494"},{"taxonomy":"post_tag","embeddable":true,"href":"https:\/\/www.meydan.tv\/az\/wp-json\/wp\/v2\/tags?post=195494"}],"curies":[{"name":"wp","href":"https:\/\/api.w.org\/{rel}","templated":true}]}}