{"id":195480,"date":"2019-05-20T14:16:48","date_gmt":"2019-05-20T14:16:48","guid":{"rendered":"https:\/\/www.meydan.tv\/article\/turan-agentliyinin-emekdasina-akkreditasiya-qadagasi-qoyulub\/"},"modified":"2019-05-20T14:16:48","modified_gmt":"2019-05-20T14:16:48","slug":"turan-agentliyinin-emekdasina-akkreditasiya-qadagasi-qoyulub","status":"publish","type":"post","link":"https:\/\/www.meydan.tv\/az\/article\/turan-agentliyinin-emekdasina-akkreditasiya-qadagasi-qoyulub\/","title":{"rendered":"&#8221;Turan&#8221; agentliyinin \u0259m\u0259kda\u015f\u0131na akkreditasiya qada\u011fas\u0131 qoyulub"},"content":{"rendered":"<p>\n  <i><br \/>\n    UEFA \u018fziz K\u0259rimova imtina cavab\u0131 g\u00f6nd\u0259rib<br \/>\n  <\/i>\n<\/p>\n<p>\n  May\u0131n 29-da Avropa Liqas\u0131n\u0131n &quot;Arsenal&quot; v\u0259 &quot;\u00c7elsi&quot; klublar\u0131 aras\u0131nda final ma\u00e7\u0131n\u0131 i\u015f\u0131qland\u0131rmaq \u00fc\u00e7\u00fcn UEFA-dan akkreditasiya alan \u201cTuran\u201d \u0130nformasiya Agentliyinin fotom\u00fcxbiri \u018fziz K\u0259rimova Az\u0259rbaycan hakimiyy\u0259ti qada\u011fa t\u0259tbiq edib.\n<\/p>\n<p>\n  M\u0259lumat\u0131 \u201cTuran\u201d yay\u0131b.\n<\/p>\n<p>\n  Bel\u0259 ki, UEFA may\u0131n 15-d\u0259 r\u0259smi bildiri\u015f g\u00f6nd\u0259r\u0259r\u0259k, K\u0259rimova akkreditasiya verib. Amma may\u0131n 18-d\u0259 onlar s\u0259b\u0259bini izah etm\u0259d\u0259n, K\u0259rimova imtina cavab\u0131 g\u00f6nd\u0259ribl\u0259r. El\u0259 h\u0259min g\u00fcn K\u0259rimov UEFA-ya imtina cavab\u0131n\u0131n s\u0259b\u0259bini izah etm\u0259k xahi\u015fi il\u0259 sor\u011fu g\u00f6nd\u0259rib. UEFA cavab vermi\u015fdi ki, h\u00fcquq-m\u00fchafiz\u0259 v\u0259 yerli hakimiyy\u0259t orqanlar\u0131 K\u0259rimova akkreditasiya etm\u0259sind\u0259n imtina edibl\u0259r.\n<\/p>\n<p>\n  M\u0259lumatda bildirilir ki, 2019-cu ilin aprelind\u0259 &quot;Formula-1&quot; Az\u0259rbaycan Qran-pri ke\u00e7irildiyi zaman da, dem\u0259k olar ki, bel\u0259 bir v\u0259ziyy\u0259t olub. \u201cBaku City Circuit\u201d \u0259m\u0259liyyat \u015firk\u0259ti \u201cTuran\u201d Agentliyini bu yar\u0131\u015flarda akkreditasiya etm\u0259kd\u0259n imtina edib, baxmayaraq ki, &quot;Formula-1&quot;d\u0259n akkreditasiya var idi.\n<\/p>\n<p>\n  \u201cBaku City Circuit\u201d-in marketinq v\u0259 kommunikasiyalar \u015f\u00f6b\u0259sinin r\u0259hb\u0259ri Nigar Arpadarai \u201cTuran\u201d-\u0131n imtinan\u0131n s\u0259b\u0259bl\u0259ri haqq\u0131nda sor\u011fusunu cavabs\u0131z qoyub.\n<\/p>\n<p>\n  \u018fm\u0259liyyat \u015firk\u0259tinin \u0259m\u0259kda\u015flar\u0131 \u015f\u0259xsi s\u00f6hb\u0259tl\u0259rd\u0259 qada\u011fan\u0131n h\u00fcquq-m\u00fchafiz\u0259 orqanlar\u0131 t\u0259r\u0259find\u0259n qoyuldu\u011funu bildiribl\u0259r.\n<\/p>\n<p>\n  \u201cT\u0259\u015fkilat\u00e7\u0131s\u0131 beyn\u0259lxalq t\u0259\u015fkilatlar, h\u0259m\u00e7inin s\u0259firlikl\u0259r olsa bel\u0259, \u00f6lk\u0259 hakimiyy\u0259ti \u0259ks\u0259r r\u0259smi t\u0259dbirl\u0259rin i\u015f\u0131qland\u0131r\u0131lmas\u0131nda \u201cTuran\u201d-a qada\u011fa qoyub.\n<\/p>\n<p>\n  Formula-1-d\u0259 oldu\u011fu kimi, &quot;Arsenal&quot; &#8211; &quot;\u00c7elsi&quot; ma\u00e7\u0131nda da akkreditasiyadan imtinan\u0131 a\u00e7\u0131q-a\u015fkar ayr\u0131-se\u00e7kilik v\u0259 Agentliyin pe\u015f\u0259 f\u0259aliyy\u0259tinin q\u0259sd\u0259n m\u0259hdudla\u015fd\u0131r\u0131lmas\u0131, Az\u0259rbaycanda s\u00f6z azadl\u0131\u011f\u0131n\u0131n m\u0259hdudla\u015fd\u0131r\u0131lmas\u0131 \u00fczr\u0259 d\u00f6vl\u0259t siyas\u0259tinin davam\u0131 kimi qiym\u0259tl\u0259ndiririk,\u201d- agentliyin m\u0259lumat\u0131nda deyilir.\n<\/p>\n<p>\n  Agentlik Az\u0259rbaycan prezidentini bu ayr\u0131-se\u00e7kiliy\u0259 v\u0259 onlara qar\u015f\u0131 uzun ill\u0259rdir h\u0259yata ke\u00e7iril\u0259n t\u0259zyiq siyas\u0259tin\u0259 son qoyulmas\u0131 \u00fc\u00e7\u00fcn t\u0259dbirl\u0259r g\u00f6rm\u0259y\u0259 \u00e7a\u011f\u0131r\u0131r. Bu t\u0259zyiql\u0259rin \u0259n y\u00fcks\u0259k n\u00f6qt\u0259si 2017-ci ilin avqustunda Agentliy\u0259 qar\u015f\u0131 a\u00e7\u0131lm\u0131\u015f saxta cinay\u0259t i\u015fi v\u0259 agentliyin direktorunun h\u0259bs edilm\u0259si olub.<\/p>\n","protected":false},"excerpt":{"rendered":"<p>UEFA \u018fziz K\u0259rimova imtina cavab\u0131 g\u00f6nd\u0259rib<\/p>\n","protected":false},"author":11,"featured_media":124110,"comment_status":"closed","ping_status":"open","sticky":false,"template":"","format":"standard","meta":{"_acf_changed":false,"_sitemap_exclude":false,"_sitemap_priority":"","_sitemap_frequency":"","footnotes":""},"categories":[56],"tags":[],"class_list":["post-195480","post","type-post","status-publish","format-standard","has-post-thumbnail","hentry","category-xeberler","infinite-scroll-item","generate-columns","tablet-grid-50","mobile-grid-100","grid-parent","grid-33","no-featured-image-padding"],"acf":[],"yoast_head":"<!-- This site is optimized with the Yoast SEO plugin v27.5 - https:\/\/yoast.com\/product\/yoast-seo-wordpress\/ -->\n<title>&#039;&#039;Turan&#039;&#039; agentliyinin \u0259m\u0259kda\u015f\u0131na akkreditasiya qada\u011fas\u0131 qoyulub - MEYDAN.TV<\/title>\n<meta name=\"robots\" content=\"index, follow, max-snippet:-1, max-image-preview:large, max-video-preview:-1\" \/>\n<link rel=\"canonical\" href=\"https:\/\/www.meydan.tv\/az\/article\/turan-agentliyinin-emekdasina-akkreditasiya-qadagasi-qoyulub\/\" \/>\n<meta property=\"og:locale\" content=\"az_AZ\" \/>\n<meta property=\"og:type\" content=\"article\" \/>\n<meta property=\"og:title\" content=\"&#039;&#039;Turan&#039;&#039; agentliyinin \u0259m\u0259kda\u015f\u0131na akkreditasiya qada\u011fas\u0131 qoyulub - MEYDAN.TV\" \/>\n<meta property=\"og:description\" content=\"UEFA \u018fziz K\u0259rimova imtina cavab\u0131 g\u00f6nd\u0259rib\" \/>\n<meta property=\"og:url\" content=\"https:\/\/www.meydan.tv\/az\/article\/turan-agentliyinin-emekdasina-akkreditasiya-qadagasi-qoyulub\/\" \/>\n<meta property=\"og:site_name\" content=\"MEYDAN.TV\" \/>\n<meta property=\"article:published_time\" content=\"2019-05-20T14:16:48+00:00\" \/>\n<meta property=\"og:image\" content=\"https:\/\/www.meydan.tv\/wp-content\/uploads\/untitled_design_37.png\" \/>\n\t<meta property=\"og:image:width\" content=\"1000\" \/>\n\t<meta property=\"og:image:height\" content=\"563\" \/>\n\t<meta property=\"og:image:type\" content=\"image\/png\" \/>\n<meta name=\"author\" content=\"user-manager\" \/>\n<meta name=\"twitter:card\" content=\"summary_large_image\" \/>\n<script type=\"application\/ld+json\" class=\"yoast-schema-graph\">{\"@context\":\"https:\\\/\\\/schema.org\",\"@graph\":[{\"@type\":\"Article\",\"@id\":\"https:\\\/\\\/www.meydan.tv\\\/az\\\/article\\\/turan-agentliyinin-emekdasina-akkreditasiya-qadagasi-qoyulub\\\/#article\",\"isPartOf\":{\"@id\":\"https:\\\/\\\/www.meydan.tv\\\/az\\\/article\\\/turan-agentliyinin-emekdasina-akkreditasiya-qadagasi-qoyulub\\\/\"},\"author\":{\"name\":\"user-manager\",\"@id\":\"https:\\\/\\\/www.meydan.tv\\\/az\\\/#\\\/schema\\\/person\\\/10d11eccf6da3662cf5fdab9806ea91a\"},\"headline\":\"&#8221;Turan&#8221; agentliyinin \u0259m\u0259kda\u015f\u0131na akkreditasiya qada\u011fas\u0131 qoyulub\",\"datePublished\":\"2019-05-20T14:16:48+00:00\",\"mainEntityOfPage\":{\"@id\":\"https:\\\/\\\/www.meydan.tv\\\/az\\\/article\\\/turan-agentliyinin-emekdasina-akkreditasiya-qadagasi-qoyulub\\\/\"},\"wordCount\":432,\"publisher\":{\"@id\":\"https:\\\/\\\/www.meydan.tv\\\/az\\\/#organization\"},\"image\":{\"@id\":\"https:\\\/\\\/www.meydan.tv\\\/az\\\/article\\\/turan-agentliyinin-emekdasina-akkreditasiya-qadagasi-qoyulub\\\/#primaryimage\"},\"thumbnailUrl\":\"https:\\\/\\\/www.meydan.tv\\\/wp-content\\\/uploads\\\/untitled_design_37.png\",\"articleSection\":[\"X\u0259b\u0259rl\u0259r\"],\"inLanguage\":\"az\"},{\"@type\":\"WebPage\",\"@id\":\"https:\\\/\\\/www.meydan.tv\\\/az\\\/article\\\/turan-agentliyinin-emekdasina-akkreditasiya-qadagasi-qoyulub\\\/\",\"url\":\"https:\\\/\\\/www.meydan.tv\\\/az\\\/article\\\/turan-agentliyinin-emekdasina-akkreditasiya-qadagasi-qoyulub\\\/\",\"name\":\"''Turan'' agentliyinin \u0259m\u0259kda\u015f\u0131na akkreditasiya qada\u011fas\u0131 qoyulub - MEYDAN.TV\",\"isPartOf\":{\"@id\":\"https:\\\/\\\/www.meydan.tv\\\/az\\\/#website\"},\"primaryImageOfPage\":{\"@id\":\"https:\\\/\\\/www.meydan.tv\\\/az\\\/article\\\/turan-agentliyinin-emekdasina-akkreditasiya-qadagasi-qoyulub\\\/#primaryimage\"},\"image\":{\"@id\":\"https:\\\/\\\/www.meydan.tv\\\/az\\\/article\\\/turan-agentliyinin-emekdasina-akkreditasiya-qadagasi-qoyulub\\\/#primaryimage\"},\"thumbnailUrl\":\"https:\\\/\\\/www.meydan.tv\\\/wp-content\\\/uploads\\\/untitled_design_37.png\",\"datePublished\":\"2019-05-20T14:16:48+00:00\",\"breadcrumb\":{\"@id\":\"https:\\\/\\\/www.meydan.tv\\\/az\\\/article\\\/turan-agentliyinin-emekdasina-akkreditasiya-qadagasi-qoyulub\\\/#breadcrumb\"},\"inLanguage\":\"az\",\"potentialAction\":[{\"@type\":\"ReadAction\",\"target\":[\"https:\\\/\\\/www.meydan.tv\\\/az\\\/article\\\/turan-agentliyinin-emekdasina-akkreditasiya-qadagasi-qoyulub\\\/\"]}]},{\"@type\":\"ImageObject\",\"inLanguage\":\"az\",\"@id\":\"https:\\\/\\\/www.meydan.tv\\\/az\\\/article\\\/turan-agentliyinin-emekdasina-akkreditasiya-qadagasi-qoyulub\\\/#primaryimage\",\"url\":\"https:\\\/\\\/www.meydan.tv\\\/wp-content\\\/uploads\\\/untitled_design_37.png\",\"contentUrl\":\"https:\\\/\\\/www.meydan.tv\\\/wp-content\\\/uploads\\\/untitled_design_37.png\",\"width\":1000,\"height\":563,\"caption\":\"Foto: Meydan TV\"},{\"@type\":\"BreadcrumbList\",\"@id\":\"https:\\\/\\\/www.meydan.tv\\\/az\\\/article\\\/turan-agentliyinin-emekdasina-akkreditasiya-qadagasi-qoyulub\\\/#breadcrumb\",\"itemListElement\":[{\"@type\":\"ListItem\",\"position\":1,\"name\":\"Ana s\u0259hif\u0259\",\"item\":\"https:\\\/\\\/www.meydan.tv\\\/az\\\/\"},{\"@type\":\"ListItem\",\"position\":2,\"name\":\"X\u0259b\u0259rl\u0259r\",\"item\":\"https:\\\/\\\/www.meydan.tv\\\/az\\\/section\\\/xeberler\\\/\"},{\"@type\":\"ListItem\",\"position\":3,\"name\":\"&#8221;Turan&#8221; agentliyinin \u0259m\u0259kda\u015f\u0131na akkreditasiya qada\u011fas\u0131 qoyulub\"}]},{\"@type\":\"WebSite\",\"@id\":\"https:\\\/\\\/www.meydan.tv\\\/az\\\/#website\",\"url\":\"https:\\\/\\\/www.meydan.tv\\\/az\\\/\",\"name\":\"MEYDAN.TV\",\"description\":\"Meydan TV Az\u0259rbaycan\u0131n media m\u0259kan\u0131ndak\u0131 alternativ s\u0259sidir\",\"publisher\":{\"@id\":\"https:\\\/\\\/www.meydan.tv\\\/az\\\/#organization\"},\"potentialAction\":[{\"@type\":\"SearchAction\",\"target\":{\"@type\":\"EntryPoint\",\"urlTemplate\":\"https:\\\/\\\/www.meydan.tv\\\/az\\\/?s={search_term_string}\"},\"query-input\":{\"@type\":\"PropertyValueSpecification\",\"valueRequired\":true,\"valueName\":\"search_term_string\"}}],\"inLanguage\":\"az\"},{\"@type\":\"Organization\",\"@id\":\"https:\\\/\\\/www.meydan.tv\\\/az\\\/#organization\",\"name\":\"Meydan TV\",\"url\":\"https:\\\/\\\/www.meydan.tv\\\/az\\\/\",\"logo\":{\"@type\":\"ImageObject\",\"inLanguage\":\"az\",\"@id\":\"https:\\\/\\\/www.meydan.tv\\\/az\\\/#\\\/schema\\\/logo\\\/image\\\/\",\"url\":\"https:\\\/\\\/www.meydan.tv\\\/wp-content\\\/uploads\\\/2021\\\/07\\\/meydan-logo.svg\",\"contentUrl\":\"https:\\\/\\\/www.meydan.tv\\\/wp-content\\\/uploads\\\/2021\\\/07\\\/meydan-logo.svg\",\"width\":195,\"height\":46,\"caption\":\"Meydan TV\"},\"image\":{\"@id\":\"https:\\\/\\\/www.meydan.tv\\\/az\\\/#\\\/schema\\\/logo\\\/image\\\/\"}},{\"@type\":\"Person\",\"@id\":\"https:\\\/\\\/www.meydan.tv\\\/az\\\/#\\\/schema\\\/person\\\/10d11eccf6da3662cf5fdab9806ea91a\",\"name\":\"user-manager\"}]}<\/script>\n<!-- \/ Yoast SEO plugin. -->","yoast_head_json":{"title":"''Turan'' agentliyinin \u0259m\u0259kda\u015f\u0131na akkreditasiya qada\u011fas\u0131 qoyulub - MEYDAN.TV","robots":{"index":"index","follow":"follow","max-snippet":"max-snippet:-1","max-image-preview":"max-image-preview:large","max-video-preview":"max-video-preview:-1"},"canonical":"https:\/\/www.meydan.tv\/az\/article\/turan-agentliyinin-emekdasina-akkreditasiya-qadagasi-qoyulub\/","og_locale":"az_AZ","og_type":"article","og_title":"''Turan'' agentliyinin \u0259m\u0259kda\u015f\u0131na akkreditasiya qada\u011fas\u0131 qoyulub - MEYDAN.TV","og_description":"UEFA \u018fziz K\u0259rimova imtina cavab\u0131 g\u00f6nd\u0259rib","og_url":"https:\/\/www.meydan.tv\/az\/article\/turan-agentliyinin-emekdasina-akkreditasiya-qadagasi-qoyulub\/","og_site_name":"MEYDAN.TV","article_published_time":"2019-05-20T14:16:48+00:00","og_image":[{"width":1000,"height":563,"url":"https:\/\/www.meydan.tv\/wp-content\/uploads\/untitled_design_37.png","type":"image\/png"}],"author":"user-manager","twitter_card":"summary_large_image","schema":{"@context":"https:\/\/schema.org","@graph":[{"@type":"Article","@id":"https:\/\/www.meydan.tv\/az\/article\/turan-agentliyinin-emekdasina-akkreditasiya-qadagasi-qoyulub\/#article","isPartOf":{"@id":"https:\/\/www.meydan.tv\/az\/article\/turan-agentliyinin-emekdasina-akkreditasiya-qadagasi-qoyulub\/"},"author":{"name":"user-manager","@id":"https:\/\/www.meydan.tv\/az\/#\/schema\/person\/10d11eccf6da3662cf5fdab9806ea91a"},"headline":"&#8221;Turan&#8221; agentliyinin \u0259m\u0259kda\u015f\u0131na akkreditasiya qada\u011fas\u0131 qoyulub","datePublished":"2019-05-20T14:16:48+00:00","mainEntityOfPage":{"@id":"https:\/\/www.meydan.tv\/az\/article\/turan-agentliyinin-emekdasina-akkreditasiya-qadagasi-qoyulub\/"},"wordCount":432,"publisher":{"@id":"https:\/\/www.meydan.tv\/az\/#organization"},"image":{"@id":"https:\/\/www.meydan.tv\/az\/article\/turan-agentliyinin-emekdasina-akkreditasiya-qadagasi-qoyulub\/#primaryimage"},"thumbnailUrl":"https:\/\/www.meydan.tv\/wp-content\/uploads\/untitled_design_37.png","articleSection":["X\u0259b\u0259rl\u0259r"],"inLanguage":"az"},{"@type":"WebPage","@id":"https:\/\/www.meydan.tv\/az\/article\/turan-agentliyinin-emekdasina-akkreditasiya-qadagasi-qoyulub\/","url":"https:\/\/www.meydan.tv\/az\/article\/turan-agentliyinin-emekdasina-akkreditasiya-qadagasi-qoyulub\/","name":"''Turan'' agentliyinin \u0259m\u0259kda\u015f\u0131na akkreditasiya qada\u011fas\u0131 qoyulub - MEYDAN.TV","isPartOf":{"@id":"https:\/\/www.meydan.tv\/az\/#website"},"primaryImageOfPage":{"@id":"https:\/\/www.meydan.tv\/az\/article\/turan-agentliyinin-emekdasina-akkreditasiya-qadagasi-qoyulub\/#primaryimage"},"image":{"@id":"https:\/\/www.meydan.tv\/az\/article\/turan-agentliyinin-emekdasina-akkreditasiya-qadagasi-qoyulub\/#primaryimage"},"thumbnailUrl":"https:\/\/www.meydan.tv\/wp-content\/uploads\/untitled_design_37.png","datePublished":"2019-05-20T14:16:48+00:00","breadcrumb":{"@id":"https:\/\/www.meydan.tv\/az\/article\/turan-agentliyinin-emekdasina-akkreditasiya-qadagasi-qoyulub\/#breadcrumb"},"inLanguage":"az","potentialAction":[{"@type":"ReadAction","target":["https:\/\/www.meydan.tv\/az\/article\/turan-agentliyinin-emekdasina-akkreditasiya-qadagasi-qoyulub\/"]}]},{"@type":"ImageObject","inLanguage":"az","@id":"https:\/\/www.meydan.tv\/az\/article\/turan-agentliyinin-emekdasina-akkreditasiya-qadagasi-qoyulub\/#primaryimage","url":"https:\/\/www.meydan.tv\/wp-content\/uploads\/untitled_design_37.png","contentUrl":"https:\/\/www.meydan.tv\/wp-content\/uploads\/untitled_design_37.png","width":1000,"height":563,"caption":"Foto: Meydan TV"},{"@type":"BreadcrumbList","@id":"https:\/\/www.meydan.tv\/az\/article\/turan-agentliyinin-emekdasina-akkreditasiya-qadagasi-qoyulub\/#breadcrumb","itemListElement":[{"@type":"ListItem","position":1,"name":"Ana s\u0259hif\u0259","item":"https:\/\/www.meydan.tv\/az\/"},{"@type":"ListItem","position":2,"name":"X\u0259b\u0259rl\u0259r","item":"https:\/\/www.meydan.tv\/az\/section\/xeberler\/"},{"@type":"ListItem","position":3,"name":"&#8221;Turan&#8221; agentliyinin \u0259m\u0259kda\u015f\u0131na akkreditasiya qada\u011fas\u0131 qoyulub"}]},{"@type":"WebSite","@id":"https:\/\/www.meydan.tv\/az\/#website","url":"https:\/\/www.meydan.tv\/az\/","name":"MEYDAN.TV","description":"Meydan TV Az\u0259rbaycan\u0131n media m\u0259kan\u0131ndak\u0131 alternativ s\u0259sidir","publisher":{"@id":"https:\/\/www.meydan.tv\/az\/#organization"},"potentialAction":[{"@type":"SearchAction","target":{"@type":"EntryPoint","urlTemplate":"https:\/\/www.meydan.tv\/az\/?s={search_term_string}"},"query-input":{"@type":"PropertyValueSpecification","valueRequired":true,"valueName":"search_term_string"}}],"inLanguage":"az"},{"@type":"Organization","@id":"https:\/\/www.meydan.tv\/az\/#organization","name":"Meydan TV","url":"https:\/\/www.meydan.tv\/az\/","logo":{"@type":"ImageObject","inLanguage":"az","@id":"https:\/\/www.meydan.tv\/az\/#\/schema\/logo\/image\/","url":"https:\/\/www.meydan.tv\/wp-content\/uploads\/2021\/07\/meydan-logo.svg","contentUrl":"https:\/\/www.meydan.tv\/wp-content\/uploads\/2021\/07\/meydan-logo.svg","width":195,"height":46,"caption":"Meydan TV"},"image":{"@id":"https:\/\/www.meydan.tv\/az\/#\/schema\/logo\/image\/"}},{"@type":"Person","@id":"https:\/\/www.meydan.tv\/az\/#\/schema\/person\/10d11eccf6da3662cf5fdab9806ea91a","name":"user-manager"}]}},"_links":{"self":[{"href":"https:\/\/www.meydan.tv\/az\/wp-json\/wp\/v2\/posts\/195480","targetHints":{"allow":["GET"]}}],"collection":[{"href":"https:\/\/www.meydan.tv\/az\/wp-json\/wp\/v2\/posts"}],"about":[{"href":"https:\/\/www.meydan.tv\/az\/wp-json\/wp\/v2\/types\/post"}],"author":[{"embeddable":true,"href":"https:\/\/www.meydan.tv\/az\/wp-json\/wp\/v2\/users\/11"}],"replies":[{"embeddable":true,"href":"https:\/\/www.meydan.tv\/az\/wp-json\/wp\/v2\/comments?post=195480"}],"version-history":[{"count":0,"href":"https:\/\/www.meydan.tv\/az\/wp-json\/wp\/v2\/posts\/195480\/revisions"}],"wp:featuredmedia":[{"embeddable":true,"href":"https:\/\/www.meydan.tv\/az\/wp-json\/wp\/v2\/media\/124110"}],"wp:attachment":[{"href":"https:\/\/www.meydan.tv\/az\/wp-json\/wp\/v2\/media?parent=195480"}],"wp:term":[{"taxonomy":"category","embeddable":true,"href":"https:\/\/www.meydan.tv\/az\/wp-json\/wp\/v2\/categories?post=195480"},{"taxonomy":"post_tag","embeddable":true,"href":"https:\/\/www.meydan.tv\/az\/wp-json\/wp\/v2\/tags?post=195480"}],"curies":[{"name":"wp","href":"https:\/\/api.w.org\/{rel}","templated":true}]}}