{"id":195469,"date":"2019-05-20T09:36:51","date_gmt":"2019-05-20T09:36:51","guid":{"rendered":"https:\/\/www.meydan.tv\/article\/agsu-sakini-bu-ev-basimiza-ucsa-kim-cavabdeh-olacaq\/"},"modified":"2019-05-20T09:36:51","modified_gmt":"2019-05-20T09:36:51","slug":"agsu-sakini-bu-ev-basimiza-ucsa-kim-cavabdeh-olacaq","status":"publish","type":"post","link":"https:\/\/www.meydan.tv\/az\/article\/agsu-sakini-bu-ev-basimiza-ucsa-kim-cavabdeh-olacaq\/","title":{"rendered":"A\u011fsu sakini: Bu ev ba\u015f\u0131m\u0131za u\u00e7sa, kim cavabdeh olacaq?"},"content":{"rendered":"<p>\n  <i><br \/>\n    Z\u0259lz\u0259l\u0259d\u0259n z\u0259r\u0259r \u00e7\u0259k\u0259n ail\u0259 rayon r\u0259hb\u0259rliyinin etinas\u0131zl\u0131\u011f\u0131ndan naraz\u0131d\u0131r<br \/>\n  <\/i>\n<\/p>\n<p>\n  \u201cPrezidentin s\u0259r\u0259ncam\u0131na \u0259h\u0259miyy\u0259t ver\u0259n yoxdur. Ev ba\u015f\u0131m\u0131za u\u00e7ur, divarlar \u00e7atlay\u0131b, ya\u011f\u0131\u015f ya\u011fanda evin i\u00e7ini su yuyub apar\u0131r. D\u0259f\u0259l\u0259rl\u0259 aidiyyat\u0131 qurumlara m\u00fcraci\u0259t etmi\u015fik, n\u0259tic\u0259siz qal\u0131b\u201d.\n<\/p>\n<p>\n  Bunu Meydan TV-y\u0259 A\u011fsu rayon sakini R\u0259him\u0259 Allahverdiyeva s\u00f6yl\u0259yir. Onun bildirdiyin\u0259 g\u00f6r\u0259, ya\u015fad\u0131qlar\u0131 ikim\u0259rt\u0259b\u0259li tikili 1950-ci ild\u0259 qay\u0131natas\u0131 t\u0259r\u0259find\u0259n in\u015fa olunub. Son bir ne\u00e7\u0259 ild\u0259 is\u0259 ev q\u0259zal\u0131 v\u0259ziyy\u0259t\u0259 d\u00fc\u015f\u00fcb:\n<\/p>\n<p>\n  \u201cBu ilin fervral\u0131ndak\u0131 z\u0259lz\u0259l\u0259d\u0259n sonra ev daha da ac\u0131nacaql\u0131 hala d\u00fc\u015fd\u00fc. Yolda\u015f\u0131m d\u00fcz \u00fc\u00e7 ildir ki, A\u011fsu Rayon \u0130cra Hakimiyy\u0259tin\u0259 gedib-g\u0259lir, amma he\u00e7 bir xeyri yoxdur. \u015e\u0259xs\u0259n icra ba\u015f\u00e7\u0131s\u0131n\u0131n \u00f6z\u00fcyl\u0259 g\u00f6r\u00fc\u015f\u00fcb, d\u0259rdini deyib. Ba\u015f\u00e7\u0131 da bildirib ki, ev m\u0259s\u0259l\u0259l\u0259rin\u0259 biz baxm\u0131r\u0131q. Bir \u015feyi anlaya bilmir\u0259m, icra ba\u015f\u00e7\u0131s\u0131 ona g\u00f6r\u0259dir ki, cavabdeh oldu\u011fu yerin \u0259halisinin d\u0259rdin\u0259 \u00e7ar\u0259 taps\u0131n, qeydin\u0259 qals\u0131n. Bizimki is\u0259 n\u0259 deyirs\u0259n, yaxas\u0131n\u0131 k\u0259nara \u00e7\u0259kir. H\u0259yat yolda\u015f\u0131m ill\u0259rdir he\u00e7 bir yerd\u0259 i\u015fl\u0259mir. \u018fnv\u0259r Seyid\u0259liyev on iki ildir ki, A\u011fsuda r\u0259hb\u0259r i\u015fl\u0259yir. Yolda\u015f\u0131m da 3 ildir, ora ayaq d\u00f6y\u00fcr. Yolda\u015f\u0131ma bir i\u015f vermir. Evimizin d\u0259 tikilm\u0259yin\u0259 k\u00f6m\u0259klik etmir. Yolda\u015f\u0131m d\u00f6rd il Qaraba\u011f d\u00f6y\u00fc\u015fl\u0259rind\u0259 xidm\u0259t edib\u201d.\n<\/p>\n<figure class=\"wp-block-image size-large\">\n  <img decoding=\"async\" src=\"https:\/\/www.meydan.tv\/az\/image_from_ios_7_jt2aqfe\/\" alt=\"image_from_ios_7_jt2aqfe\" class=\"wp-image-124071\"\/><figcaption>\n    z\u0259d\u0259li ev<br \/>\n  <\/figcaption><\/figure>\n<p>\n  \u015eikay\u0259t\u00e7inin s\u00f6zl\u0259rin\u0259 g\u00f6r\u0259, F\u00f6vq\u0259lad\u0259 Hallar Nazirliyinin komissiya \u00fczvl\u0259ri ev\u0259 bax\u0131\u015f ke\u00e7irs\u0259l\u0259r d\u0259, m\u00fcsb\u0259t r\u0259y verm\u0259yibl\u0259r:\n<\/p>\n<p>\n  \u201c\u00d6z\u00fcn\u00fcz d\u0259 g\u00f6r\u00fcrs\u00fcn\u00fcz ki, bu evin t\u0259mir\u0259 ehtiyac\u0131 yoxdur. Bu g\u00fcn-sabah ba\u015f\u0131m\u0131za u\u00e7acaq. Komissiya \u00fczvl\u0259ri d\u0259 deyir ki, biz uzaqba\u015f\u0131 t\u0259mir\u0259 pul ay\u0131ra bil\u0259rik. T\u0259mir \u00fc\u00e7\u00fcn d\u0259 iki min manat verirl\u0259r. N\u0259 olsun ki, ev ikim\u0259rt\u0259b\u0259lidir? Vallah, biz\u0259 bu b\u00f6y\u00fckl\u00fckd\u0259 ev laz\u0131m deyil. S\u00f6k\u00fcb, yerind\u0259 iki, ya da \u00fc\u00e7otaql\u0131 normal ev tiksinl\u0259r. Burada bilirsiniz, kiml\u0259rin evl\u0259rini s\u00f6k\u00fcb, yenid\u0259n tikirl\u0259r? \u0130ll\u0259r \u0259vv\u0259l k\u00f6\u00e7\u00fcb, Bak\u0131da ya\u015fayanlar\u0131n. F\u00f6vq\u0259lad\u0259 hallar naziri K\u0259mal\u0259ddin Heyd\u0259rova m\u0259ktub yazm\u0131\u015f\u0131q, g\u00f6zl\u0259yirik. \u00dcmid edir\u0259m ki, bundan sonra b\u0259lk\u0259 \u015fikay\u0259timiz\u0259 \u0259dal\u0259tl\u0259 baxarlar. Bu ev ba\u015f\u0131m\u0131za u\u00e7sa, kim cavabdeh olacaq? He\u00e7 kim. Ona g\u00f6r\u0259 d\u0259 indid\u0259n \u0259ncam \u00e7\u0259ksinl\u0259r\u201d.\n<\/p>\n<figure class=\"wp-block-image size-large\">\n  <img decoding=\"async\" src=\"https:\/\/www.meydan.tv\/az\/image_from_ios-8-jpg-3\/\" alt=\"image_from_ios (8).jpg\" class=\"wp-image-124077\"\/><figcaption>\n    ev<br \/>\n  <\/figcaption><\/figure>\n<p>\n  A\u011fsu Rayon \u0130cra Hakimiyy\u0259tind\u0259n Meydan TV-y\u0259 bildirilib ki, evl\u0259rin tikintisi, t\u0259mir-b\u0259rpas\u0131 il\u0259 ba\u011fl\u0131 m\u00fcraci\u0259tl\u0259r\u0259 bax\u0131\u015f n\u00f6vb\u0259lilik \u0259sas\u0131nda h\u0259yata ke\u00e7irilir:\n<\/p>\n<p>\n  \u201cT\u0259krar m\u00fcraci\u0259tl\u0259r\u0259 d\u0259 h\u0259m\u00e7inin bu prinsipl\u0259 bax\u0131l\u0131r. V\u0259t\u0259nda\u015f\u0131n m\u00fcraci\u0259tind\u0259n bir, b\u0259z\u0259n ayyar\u0131mdan sonra cavab g\u0259lir. Rayon F\u00f6vq\u0259lad\u0259 Hallar Komissiyas\u0131 m\u00fcraci\u0259tl\u0259ri f\u0259rdi qaydada ara\u015fd\u0131r\u0131r, d\u0259ymi\u015f ziyan m\u00fc\u0259yy\u0259nl\u0259\u015fdirilir. Z\u0259lz\u0259l\u0259d\u0259n sonra m\u00fcraci\u0259t m\u0259ktublar\u0131 \u00e7oxdur. Buna m\u00fc\u0259yy\u0259n vaxt laz\u0131md\u0131r\u201d.\n<\/p>\n<p>\n  Prezident \u0130lham \u018fliyev bu il fevral\u0131n 5-d\u0259 \u015eamax\u0131, \u0130smay\u0131ll\u0131 v\u0259 A\u011fsu rayonlar\u0131nda ba\u015f vermi\u015f t\u0259bii f\u0259lak\u0259tin n\u0259tic\u0259l\u0259rinin aradan qald\u0131r\u0131lmas\u0131 t\u0259dbirl\u0259ri haqq\u0131nda s\u0259r\u0259ncam imzalay\u0131b. S\u0259r\u0259ncama \u0259sas\u0259n, F\u00f6vq\u0259lad\u0259 Hallar Nazirliyin\u0259 ilkin olaraq 2 milyon manat ayr\u0131l\u0131b.<\/p>\n","protected":false},"excerpt":{"rendered":"<p>Z\u0259lz\u0259l\u0259d\u0259n sonra m\u00fcraci\u0259t m\u0259ktublar\u0131 \u00e7oxdur. Buna m\u00fc\u0259yy\u0259n vaxt laz\u0131md\u0131r.<\/p>\n","protected":false},"author":11,"featured_media":124073,"comment_status":"closed","ping_status":"open","sticky":false,"template":"","format":"standard","meta":{"_acf_changed":false,"_sitemap_exclude":false,"_sitemap_priority":"","_sitemap_frequency":"","footnotes":""},"categories":[60],"tags":[],"class_list":["post-195469","post","type-post","status-publish","format-standard","has-post-thumbnail","hentry","category-bolge","infinite-scroll-item","generate-columns","tablet-grid-50","mobile-grid-100","grid-parent","grid-33","no-featured-image-padding"],"acf":[],"yoast_head":"<!-- This site is optimized with the Yoast SEO plugin v27.4 - https:\/\/yoast.com\/product\/yoast-seo-wordpress\/ -->\n<title>A\u011fsu sakini: Bu ev ba\u015f\u0131m\u0131za u\u00e7sa, kim cavabdeh olacaq? - MEYDAN.TV<\/title>\n<meta name=\"robots\" content=\"index, follow, max-snippet:-1, max-image-preview:large, max-video-preview:-1\" \/>\n<link rel=\"canonical\" href=\"https:\/\/www.meydan.tv\/az\/article\/agsu-sakini-bu-ev-basimiza-ucsa-kim-cavabdeh-olacaq\/\" \/>\n<meta property=\"og:locale\" content=\"az_AZ\" \/>\n<meta property=\"og:type\" content=\"article\" \/>\n<meta property=\"og:title\" content=\"A\u011fsu sakini: Bu ev ba\u015f\u0131m\u0131za u\u00e7sa, kim cavabdeh olacaq? - MEYDAN.TV\" \/>\n<meta property=\"og:description\" content=\"Z\u0259lz\u0259l\u0259d\u0259n sonra m\u00fcraci\u0259t m\u0259ktublar\u0131 \u00e7oxdur. Buna m\u00fc\u0259yy\u0259n vaxt laz\u0131md\u0131r.\" \/>\n<meta property=\"og:url\" content=\"https:\/\/www.meydan.tv\/az\/article\/agsu-sakini-bu-ev-basimiza-ucsa-kim-cavabdeh-olacaq\/\" \/>\n<meta property=\"og:site_name\" content=\"MEYDAN.TV\" \/>\n<meta property=\"article:published_time\" content=\"2019-05-20T09:36:51+00:00\" \/>\n<meta property=\"og:image\" content=\"https:\/\/www.meydan.tv\/wp-content\/uploads\/image_from_ios_6_ru6toc7.jpg\" \/>\n\t<meta property=\"og:image:width\" content=\"960\" \/>\n\t<meta property=\"og:image:height\" content=\"720\" \/>\n\t<meta property=\"og:image:type\" content=\"image\/jpeg\" \/>\n<meta name=\"author\" content=\"user-manager\" \/>\n<meta name=\"twitter:card\" content=\"summary_large_image\" \/>\n<script type=\"application\/ld+json\" class=\"yoast-schema-graph\">{\"@context\":\"https:\\\/\\\/schema.org\",\"@graph\":[{\"@type\":\"Article\",\"@id\":\"https:\\\/\\\/www.meydan.tv\\\/az\\\/article\\\/agsu-sakini-bu-ev-basimiza-ucsa-kim-cavabdeh-olacaq\\\/#article\",\"isPartOf\":{\"@id\":\"https:\\\/\\\/www.meydan.tv\\\/az\\\/article\\\/agsu-sakini-bu-ev-basimiza-ucsa-kim-cavabdeh-olacaq\\\/\"},\"author\":{\"name\":\"user-manager\",\"@id\":\"https:\\\/\\\/www.meydan.tv\\\/az\\\/#\\\/schema\\\/person\\\/10d11eccf6da3662cf5fdab9806ea91a\"},\"headline\":\"A\u011fsu sakini: Bu ev ba\u015f\u0131m\u0131za u\u00e7sa, kim cavabdeh olacaq?\",\"datePublished\":\"2019-05-20T09:36:51+00:00\",\"mainEntityOfPage\":{\"@id\":\"https:\\\/\\\/www.meydan.tv\\\/az\\\/article\\\/agsu-sakini-bu-ev-basimiza-ucsa-kim-cavabdeh-olacaq\\\/\"},\"wordCount\":653,\"publisher\":{\"@id\":\"https:\\\/\\\/www.meydan.tv\\\/az\\\/#organization\"},\"image\":{\"@id\":\"https:\\\/\\\/www.meydan.tv\\\/az\\\/article\\\/agsu-sakini-bu-ev-basimiza-ucsa-kim-cavabdeh-olacaq\\\/#primaryimage\"},\"thumbnailUrl\":\"https:\\\/\\\/www.meydan.tv\\\/wp-content\\\/uploads\\\/image_from_ios_6_ru6toc7.jpg\",\"articleSection\":[\"B\u00f6lg\u0259\"],\"inLanguage\":\"az\"},{\"@type\":\"WebPage\",\"@id\":\"https:\\\/\\\/www.meydan.tv\\\/az\\\/article\\\/agsu-sakini-bu-ev-basimiza-ucsa-kim-cavabdeh-olacaq\\\/\",\"url\":\"https:\\\/\\\/www.meydan.tv\\\/az\\\/article\\\/agsu-sakini-bu-ev-basimiza-ucsa-kim-cavabdeh-olacaq\\\/\",\"name\":\"A\u011fsu sakini: Bu ev ba\u015f\u0131m\u0131za u\u00e7sa, kim cavabdeh olacaq? - MEYDAN.TV\",\"isPartOf\":{\"@id\":\"https:\\\/\\\/www.meydan.tv\\\/az\\\/#website\"},\"primaryImageOfPage\":{\"@id\":\"https:\\\/\\\/www.meydan.tv\\\/az\\\/article\\\/agsu-sakini-bu-ev-basimiza-ucsa-kim-cavabdeh-olacaq\\\/#primaryimage\"},\"image\":{\"@id\":\"https:\\\/\\\/www.meydan.tv\\\/az\\\/article\\\/agsu-sakini-bu-ev-basimiza-ucsa-kim-cavabdeh-olacaq\\\/#primaryimage\"},\"thumbnailUrl\":\"https:\\\/\\\/www.meydan.tv\\\/wp-content\\\/uploads\\\/image_from_ios_6_ru6toc7.jpg\",\"datePublished\":\"2019-05-20T09:36:51+00:00\",\"breadcrumb\":{\"@id\":\"https:\\\/\\\/www.meydan.tv\\\/az\\\/article\\\/agsu-sakini-bu-ev-basimiza-ucsa-kim-cavabdeh-olacaq\\\/#breadcrumb\"},\"inLanguage\":\"az\",\"potentialAction\":[{\"@type\":\"ReadAction\",\"target\":[\"https:\\\/\\\/www.meydan.tv\\\/az\\\/article\\\/agsu-sakini-bu-ev-basimiza-ucsa-kim-cavabdeh-olacaq\\\/\"]}]},{\"@type\":\"ImageObject\",\"inLanguage\":\"az\",\"@id\":\"https:\\\/\\\/www.meydan.tv\\\/az\\\/article\\\/agsu-sakini-bu-ev-basimiza-ucsa-kim-cavabdeh-olacaq\\\/#primaryimage\",\"url\":\"https:\\\/\\\/www.meydan.tv\\\/wp-content\\\/uploads\\\/image_from_ios_6_ru6toc7.jpg\",\"contentUrl\":\"https:\\\/\\\/www.meydan.tv\\\/wp-content\\\/uploads\\\/image_from_ios_6_ru6toc7.jpg\",\"width\":960,\"height\":720,\"caption\":\"Source: meydan tv\"},{\"@type\":\"BreadcrumbList\",\"@id\":\"https:\\\/\\\/www.meydan.tv\\\/az\\\/article\\\/agsu-sakini-bu-ev-basimiza-ucsa-kim-cavabdeh-olacaq\\\/#breadcrumb\",\"itemListElement\":[{\"@type\":\"ListItem\",\"position\":1,\"name\":\"Ana s\u0259hif\u0259\",\"item\":\"https:\\\/\\\/www.meydan.tv\\\/az\\\/\"},{\"@type\":\"ListItem\",\"position\":2,\"name\":\"B\u00f6lg\u0259\",\"item\":\"https:\\\/\\\/www.meydan.tv\\\/az\\\/section\\\/bolge\\\/\"},{\"@type\":\"ListItem\",\"position\":3,\"name\":\"A\u011fsu sakini: Bu ev ba\u015f\u0131m\u0131za u\u00e7sa, kim cavabdeh olacaq?\"}]},{\"@type\":\"WebSite\",\"@id\":\"https:\\\/\\\/www.meydan.tv\\\/az\\\/#website\",\"url\":\"https:\\\/\\\/www.meydan.tv\\\/az\\\/\",\"name\":\"MEYDAN.TV\",\"description\":\"Meydan TV Az\u0259rbaycan\u0131n media m\u0259kan\u0131ndak\u0131 alternativ s\u0259sidir\",\"publisher\":{\"@id\":\"https:\\\/\\\/www.meydan.tv\\\/az\\\/#organization\"},\"potentialAction\":[{\"@type\":\"SearchAction\",\"target\":{\"@type\":\"EntryPoint\",\"urlTemplate\":\"https:\\\/\\\/www.meydan.tv\\\/az\\\/?s={search_term_string}\"},\"query-input\":{\"@type\":\"PropertyValueSpecification\",\"valueRequired\":true,\"valueName\":\"search_term_string\"}}],\"inLanguage\":\"az\"},{\"@type\":\"Organization\",\"@id\":\"https:\\\/\\\/www.meydan.tv\\\/az\\\/#organization\",\"name\":\"Meydan TV\",\"url\":\"https:\\\/\\\/www.meydan.tv\\\/az\\\/\",\"logo\":{\"@type\":\"ImageObject\",\"inLanguage\":\"az\",\"@id\":\"https:\\\/\\\/www.meydan.tv\\\/az\\\/#\\\/schema\\\/logo\\\/image\\\/\",\"url\":\"https:\\\/\\\/www.meydan.tv\\\/wp-content\\\/uploads\\\/2021\\\/07\\\/meydan-logo.svg\",\"contentUrl\":\"https:\\\/\\\/www.meydan.tv\\\/wp-content\\\/uploads\\\/2021\\\/07\\\/meydan-logo.svg\",\"width\":195,\"height\":46,\"caption\":\"Meydan TV\"},\"image\":{\"@id\":\"https:\\\/\\\/www.meydan.tv\\\/az\\\/#\\\/schema\\\/logo\\\/image\\\/\"}},{\"@type\":\"Person\",\"@id\":\"https:\\\/\\\/www.meydan.tv\\\/az\\\/#\\\/schema\\\/person\\\/10d11eccf6da3662cf5fdab9806ea91a\",\"name\":\"user-manager\"}]}<\/script>\n<!-- \/ Yoast SEO plugin. -->","yoast_head_json":{"title":"A\u011fsu sakini: Bu ev ba\u015f\u0131m\u0131za u\u00e7sa, kim cavabdeh olacaq? - MEYDAN.TV","robots":{"index":"index","follow":"follow","max-snippet":"max-snippet:-1","max-image-preview":"max-image-preview:large","max-video-preview":"max-video-preview:-1"},"canonical":"https:\/\/www.meydan.tv\/az\/article\/agsu-sakini-bu-ev-basimiza-ucsa-kim-cavabdeh-olacaq\/","og_locale":"az_AZ","og_type":"article","og_title":"A\u011fsu sakini: Bu ev ba\u015f\u0131m\u0131za u\u00e7sa, kim cavabdeh olacaq? - MEYDAN.TV","og_description":"Z\u0259lz\u0259l\u0259d\u0259n sonra m\u00fcraci\u0259t m\u0259ktublar\u0131 \u00e7oxdur. Buna m\u00fc\u0259yy\u0259n vaxt laz\u0131md\u0131r.","og_url":"https:\/\/www.meydan.tv\/az\/article\/agsu-sakini-bu-ev-basimiza-ucsa-kim-cavabdeh-olacaq\/","og_site_name":"MEYDAN.TV","article_published_time":"2019-05-20T09:36:51+00:00","og_image":[{"width":960,"height":720,"url":"https:\/\/www.meydan.tv\/wp-content\/uploads\/image_from_ios_6_ru6toc7.jpg","type":"image\/jpeg"}],"author":"user-manager","twitter_card":"summary_large_image","schema":{"@context":"https:\/\/schema.org","@graph":[{"@type":"Article","@id":"https:\/\/www.meydan.tv\/az\/article\/agsu-sakini-bu-ev-basimiza-ucsa-kim-cavabdeh-olacaq\/#article","isPartOf":{"@id":"https:\/\/www.meydan.tv\/az\/article\/agsu-sakini-bu-ev-basimiza-ucsa-kim-cavabdeh-olacaq\/"},"author":{"name":"user-manager","@id":"https:\/\/www.meydan.tv\/az\/#\/schema\/person\/10d11eccf6da3662cf5fdab9806ea91a"},"headline":"A\u011fsu sakini: Bu ev ba\u015f\u0131m\u0131za u\u00e7sa, kim cavabdeh olacaq?","datePublished":"2019-05-20T09:36:51+00:00","mainEntityOfPage":{"@id":"https:\/\/www.meydan.tv\/az\/article\/agsu-sakini-bu-ev-basimiza-ucsa-kim-cavabdeh-olacaq\/"},"wordCount":653,"publisher":{"@id":"https:\/\/www.meydan.tv\/az\/#organization"},"image":{"@id":"https:\/\/www.meydan.tv\/az\/article\/agsu-sakini-bu-ev-basimiza-ucsa-kim-cavabdeh-olacaq\/#primaryimage"},"thumbnailUrl":"https:\/\/www.meydan.tv\/wp-content\/uploads\/image_from_ios_6_ru6toc7.jpg","articleSection":["B\u00f6lg\u0259"],"inLanguage":"az"},{"@type":"WebPage","@id":"https:\/\/www.meydan.tv\/az\/article\/agsu-sakini-bu-ev-basimiza-ucsa-kim-cavabdeh-olacaq\/","url":"https:\/\/www.meydan.tv\/az\/article\/agsu-sakini-bu-ev-basimiza-ucsa-kim-cavabdeh-olacaq\/","name":"A\u011fsu sakini: Bu ev ba\u015f\u0131m\u0131za u\u00e7sa, kim cavabdeh olacaq? - MEYDAN.TV","isPartOf":{"@id":"https:\/\/www.meydan.tv\/az\/#website"},"primaryImageOfPage":{"@id":"https:\/\/www.meydan.tv\/az\/article\/agsu-sakini-bu-ev-basimiza-ucsa-kim-cavabdeh-olacaq\/#primaryimage"},"image":{"@id":"https:\/\/www.meydan.tv\/az\/article\/agsu-sakini-bu-ev-basimiza-ucsa-kim-cavabdeh-olacaq\/#primaryimage"},"thumbnailUrl":"https:\/\/www.meydan.tv\/wp-content\/uploads\/image_from_ios_6_ru6toc7.jpg","datePublished":"2019-05-20T09:36:51+00:00","breadcrumb":{"@id":"https:\/\/www.meydan.tv\/az\/article\/agsu-sakini-bu-ev-basimiza-ucsa-kim-cavabdeh-olacaq\/#breadcrumb"},"inLanguage":"az","potentialAction":[{"@type":"ReadAction","target":["https:\/\/www.meydan.tv\/az\/article\/agsu-sakini-bu-ev-basimiza-ucsa-kim-cavabdeh-olacaq\/"]}]},{"@type":"ImageObject","inLanguage":"az","@id":"https:\/\/www.meydan.tv\/az\/article\/agsu-sakini-bu-ev-basimiza-ucsa-kim-cavabdeh-olacaq\/#primaryimage","url":"https:\/\/www.meydan.tv\/wp-content\/uploads\/image_from_ios_6_ru6toc7.jpg","contentUrl":"https:\/\/www.meydan.tv\/wp-content\/uploads\/image_from_ios_6_ru6toc7.jpg","width":960,"height":720,"caption":"Source: meydan tv"},{"@type":"BreadcrumbList","@id":"https:\/\/www.meydan.tv\/az\/article\/agsu-sakini-bu-ev-basimiza-ucsa-kim-cavabdeh-olacaq\/#breadcrumb","itemListElement":[{"@type":"ListItem","position":1,"name":"Ana s\u0259hif\u0259","item":"https:\/\/www.meydan.tv\/az\/"},{"@type":"ListItem","position":2,"name":"B\u00f6lg\u0259","item":"https:\/\/www.meydan.tv\/az\/section\/bolge\/"},{"@type":"ListItem","position":3,"name":"A\u011fsu sakini: Bu ev ba\u015f\u0131m\u0131za u\u00e7sa, kim cavabdeh olacaq?"}]},{"@type":"WebSite","@id":"https:\/\/www.meydan.tv\/az\/#website","url":"https:\/\/www.meydan.tv\/az\/","name":"MEYDAN.TV","description":"Meydan TV Az\u0259rbaycan\u0131n media m\u0259kan\u0131ndak\u0131 alternativ s\u0259sidir","publisher":{"@id":"https:\/\/www.meydan.tv\/az\/#organization"},"potentialAction":[{"@type":"SearchAction","target":{"@type":"EntryPoint","urlTemplate":"https:\/\/www.meydan.tv\/az\/?s={search_term_string}"},"query-input":{"@type":"PropertyValueSpecification","valueRequired":true,"valueName":"search_term_string"}}],"inLanguage":"az"},{"@type":"Organization","@id":"https:\/\/www.meydan.tv\/az\/#organization","name":"Meydan TV","url":"https:\/\/www.meydan.tv\/az\/","logo":{"@type":"ImageObject","inLanguage":"az","@id":"https:\/\/www.meydan.tv\/az\/#\/schema\/logo\/image\/","url":"https:\/\/www.meydan.tv\/wp-content\/uploads\/2021\/07\/meydan-logo.svg","contentUrl":"https:\/\/www.meydan.tv\/wp-content\/uploads\/2021\/07\/meydan-logo.svg","width":195,"height":46,"caption":"Meydan TV"},"image":{"@id":"https:\/\/www.meydan.tv\/az\/#\/schema\/logo\/image\/"}},{"@type":"Person","@id":"https:\/\/www.meydan.tv\/az\/#\/schema\/person\/10d11eccf6da3662cf5fdab9806ea91a","name":"user-manager"}]}},"_links":{"self":[{"href":"https:\/\/www.meydan.tv\/az\/wp-json\/wp\/v2\/posts\/195469","targetHints":{"allow":["GET"]}}],"collection":[{"href":"https:\/\/www.meydan.tv\/az\/wp-json\/wp\/v2\/posts"}],"about":[{"href":"https:\/\/www.meydan.tv\/az\/wp-json\/wp\/v2\/types\/post"}],"author":[{"embeddable":true,"href":"https:\/\/www.meydan.tv\/az\/wp-json\/wp\/v2\/users\/11"}],"replies":[{"embeddable":true,"href":"https:\/\/www.meydan.tv\/az\/wp-json\/wp\/v2\/comments?post=195469"}],"version-history":[{"count":0,"href":"https:\/\/www.meydan.tv\/az\/wp-json\/wp\/v2\/posts\/195469\/revisions"}],"wp:featuredmedia":[{"embeddable":true,"href":"https:\/\/www.meydan.tv\/az\/wp-json\/wp\/v2\/media\/124073"}],"wp:attachment":[{"href":"https:\/\/www.meydan.tv\/az\/wp-json\/wp\/v2\/media?parent=195469"}],"wp:term":[{"taxonomy":"category","embeddable":true,"href":"https:\/\/www.meydan.tv\/az\/wp-json\/wp\/v2\/categories?post=195469"},{"taxonomy":"post_tag","embeddable":true,"href":"https:\/\/www.meydan.tv\/az\/wp-json\/wp\/v2\/tags?post=195469"}],"curies":[{"name":"wp","href":"https:\/\/api.w.org\/{rel}","templated":true}]}}