{"id":195463,"date":"2019-05-19T06:05:18","date_gmt":"2019-05-19T06:05:18","guid":{"rendered":"https:\/\/www.meydan.tv\/article\/meydan-tv-ye-sikayet-etdi-polisler-qandallayib-apardilar\/"},"modified":"2019-05-19T06:05:18","modified_gmt":"2019-05-19T06:05:18","slug":"meydan-tv-ye-sikayet-etdi-polisler-qandallayib-apardilar","status":"publish","type":"post","link":"https:\/\/www.meydan.tv\/az\/article\/meydan-tv-ye-sikayet-etdi-polisler-qandallayib-apardilar\/","title":{"rendered":"&#8221;Meydan TV-y\u0259 \u015fikay\u0259t etdi, polisl\u0259r qandallay\u0131b apard\u0131lar&#8221;"},"content":{"rendered":"<p>\n  <i><br \/>\n    \u0130\u015fsizlikd\u0259n \u015fikay\u0259tl\u0259n\u0259n Saatl\u0131 rayon sakini h\u0259bs olunub<br \/>\n  <\/i>\n<\/p>\n<p>\n  \u201c\u0130cra ba\u015f\u00e7\u0131s\u0131n\u0131n m\u00fcavinl\u0259ri h\u0259r d\u0259f\u0259 x\u0259b\u0259r g\u00f6nd\u0259rirdil\u0259r ki, prezident\u0259 \u201cYoutube\u201d vasit\u0259sil\u0259 videom\u00fcraci\u0259tl\u0259ri silsin. V\u00fcsalsa \u0259ksin\u0259, m\u00fcraci\u0259tl\u0259rinin n\u0259tic\u0259si olmad\u0131qca, yeni videom\u00fcraci\u0259tl\u0259rini qoyurdu. May\u0131n 15-d\u0259 is\u0259 \u015fikay\u0259ti \u0259sas\u0131nda Meydan TV-d\u0259 yaz\u0131 d\u0259rc olundu. El\u0259 h\u0259min g\u00fcn polisl\u0259r qandallay\u0131b apard\u0131lar\u201d.\n<\/p>\n<p>\n  Saatl\u0131 sakini V\u00fcsal Axundov may\u0131n 15-d\u0259 polisl\u0259r t\u0259r\u0259find\u0259n saxlan\u0131laraq rayon polis \u015f\u00f6b\u0259sin\u0259 apar\u0131l\u0131b. H\u0259min g\u00fcn<br \/>\n  <a href=\"https:\/\/www.meydan.tv\/az\/article\/dedi-get-otur-evde-her-ay-kartina-pul-vurulacaq\/?ref=list-regions\"><br \/>\n    Meydan TV<br \/>\n  <\/a><br \/>\n  V\u00fcsal Axundovun i\u015fsizlikl\u0259 ba\u011fl\u0131 \u015fikay\u0259tini i\u015f\u0131qland\u0131rm\u0131\u015fd\u0131.\n<\/p>\n<p>\n  H\u0259yat yolda\u015f\u0131 R\u0259na Axundova Meydan TV-y\u0259 dan\u0131\u015f\u0131r ki, bundan \u0259vv\u0259l d\u0259 yerli icra hakimiyy\u0259tinin v\u0259zif\u0259li \u015f\u0259xsl\u0259ri V\u00fcsal\u0131 \u0259g\u0259r \u015fikay\u0259tl\u0259rini dayand\u0131rmasa, h\u0259bs\u0259 atd\u0131racaqlar\u0131 il\u0259 h\u0259d\u0259l\u0259yib. R\u0259na xan\u0131m hesab edir ki, h\u0259yat yolda\u015f\u0131n\u0131 m\u0259hz videom\u00fcraci\u0259tl\u0259rin\u0259 v\u0259 Meydan TV-d\u0259ki yaz\u0131ya g\u00f6r\u0259 h\u0259bs edibl\u0259r.\n<\/p>\n<p>\n  <i><br \/>\n    \u201cV\u00fcsal i\u015f ist\u0259yirdi, ba\u015fqa he\u00e7 n\u0259&#8230;\u201d<br \/>\n  <\/i>\n<\/p>\n<p>\n  R\u0259na xan\u0131m:\n<\/p>\n<p>\n  \u201cV\u00fcsal i\u015f ist\u0259yirdi, ba\u015fqa he\u00e7 n\u0259&#8230; Deyirdi i\u015f verin, yax\u015f\u0131 maa\u015f verin, i\u015fl\u0259yim, ail\u0259m\u0259 ya\u015fama\u011fa yer d\u00fcz\u0259ldim. 11 ayl\u0131q k\u00f6rp\u0259m\u0259 yem\u0259k ala bilmir\u0259m, i\u015fl\u0259yim, u\u015fa\u011f\u0131m\u0131 b\u00f6y\u00fcd\u00fcm. H\u0259rbi xidm\u0259td\u0259n g\u0259l\u0259nd\u0259n i\u015f \u00fc\u00e7\u00fcn m\u00fcraci\u0259t etm\u0259diyi qurum qalmam\u0131\u015fd\u0131. 11 ayl\u0131q bir \u00f6vlad\u0131m\u0131z var, \u00f6z\u00fcm d\u0259 4 ayl\u0131q n\u00f6vb\u0259ti u\u015fa\u011fa hamil\u0259y\u0259m. Ail\u0259nin ba\u015f\u00e7\u0131s\u0131na i\u015fl\u0259m\u0259y\u0259 i\u015f verm\u0259kd\u0259ns\u0259, i\u015f t\u0259l\u0259b etdiyin\u0259 g\u00f6r\u0259 tutub h\u0259bs\u0259 at\u0131blar, m\u0259n k\u00f6rp\u0259yl\u0259 t\u0259k qalm\u0131\u015fam. Bu g\u00fcn u\u015fa\u011f\u0131 ba\u011f\u00e7adan g\u00f6t\u00fcrm\u0259liydi, vaxt \u00f6td\u00fc, ev\u0259 g\u0259lib \u00e7\u0131xmad\u0131lar. Z\u0259ng vurdum, telefonu s\u00f6nd\u00fcr\u00fclm\u00fc\u015fd\u00fc. Sonra yax\u0131nlar\u0131m\u0131z x\u0259b\u0259r verdi ki, V\u00fcsal\u0131 tutublar\u201d.\n<\/p>\n<p>\n  <i><br \/>\n    \u201c\u0130cra hakimiyy\u0259tinin binas\u0131na polis \u00e7a\u011f\u0131r\u0131b tutdurublar\u201d<br \/>\n  <\/i>\n<\/p>\n<p>\n  R\u0259na xan\u0131m deyir, h\u0259min g\u00fcn V\u00fcsal Axundov yerli icra hakimiyy\u0259tin\u0259 gedib, orada da polis \u00e7a\u011f\u0131r\u0131blar:\n<\/p>\n<p>\n  \u201cBir dostu var, m\u00fcharib\u0259d\u0259 aya\u011f\u0131ndan z\u0259d\u0259 al\u0131b. V\u00fcsal h\u0259min dostunun sosial problemin\u0259 g\u00f6r\u0259 onunla birlikd\u0259 icra hakimiyy\u0259tin\u0259 gedib. Binan\u0131n qar\u015f\u0131s\u0131nda dayanark\u0259n icra hakimiyy\u0259tinin bir ne\u00e7\u0259 i\u015f\u00e7isi tutub i\u00e7\u0259ri apar\u0131blar, telefonunu \u0259lind\u0259n al\u0131b yadda\u015f\u0131n\u0131 yoxlay\u0131blar. S\u0259s yaz\u0131lar\u0131 olub, ham\u0131s\u0131n\u0131 silibl\u0259r, sonra da polis \u00e7a\u011f\u0131r\u0131blar. Polisl\u0259r yolda\u015f\u0131m\u0131 d\u00f6ym\u0259k ist\u0259y\u0259nd\u0259 p\u0259nc\u0259r\u0259d\u0259n \u00f6z\u00fcn\u00fc at\u0131b, ancaq qa\u00e7a bilm\u0259yib. Tutub polis \u015f\u00f6b\u0259sin\u0259 apar\u0131blar. Aparan kimi s\u0259n\u0259d t\u0259rtib edib, birba\u015fa m\u0259hk\u0259m\u0259y\u0259 apar\u0131blar, m\u0259hk\u0259m\u0259 10 sutka h\u0259bs k\u0259sib. Polis\u0259 getdik, biri dedi, guya polisl\u0259rin paqonunu c\u0131r\u0131b, biri dedi, guya icra hakimiyy\u0259tinin otaqlar\u0131n\u0131 da\u011f\u0131d\u0131b, stol-stullar\u0131 q\u0131r\u0131b&#8230; Cinay\u0259tkarlar ortal\u0131qda g\u0259zir, dola\u015f\u0131r, haqq\u0131n\u0131 t\u0259l\u0259b ed\u0259nl\u0259ri \u015f\u0259rl\u0259yib h\u0259bs\u0259 at\u0131rlar. H\u0259yat yolda\u015f\u0131m\u0131n h\u0259bsi birba\u015fa icra ba\u015f\u00e7\u0131s\u0131n\u0131n sifari\u015fidir. \u00c7\u00fcnki h\u0259min g\u00fcn\u0259d\u0259k d\u0259f\u0259l\u0259rl\u0259 yolda\u015f\u0131m\u0131 a\u00e7\u0131q-a\u015fkar h\u0259d\u0259l\u0259yib ki, ya s\u0259sini k\u0259s, ya da \u00fcst\u00fcn\u0259 narkotik, o\u011furluq atd\u0131r\u0131b \u015f\u0259rl\u0259tdir\u0259c\u0259m s\u0259ni&#8230;\u201d\n<\/p>\n<p>\n  <i><br \/>\n    Qanunsuzluqlardan, \u00f6zba\u015f\u0131nal\u0131qlardan dan\u0131\u015f\u0131b<br \/>\n  <\/i>\n<\/p>\n<p>\n  V\u00fcsal Axundov may\u0131n 15-d\u0259 Meydan TV-y\u0259 bildirmi\u015fdi ki, bu ay\u0131n \u0259vv\u0259li icra hakimiyy\u0259tind\u0259n ona i\u015fsizl\u0259r \u00fc\u00e7\u00fcn yarad\u0131lm\u0131\u015f \u201cDOST \u0130\u015e M\u0259rk\u0259zi\u201d MMC-nin maa\u015f kart\u0131 verilib. Kartda 173 manat m\u0259bl\u0259\u011find\u0259 maa\u015f olub. O, icra hakimiyy\u0259tin\u0259 ged\u0259r\u0259k, he\u00e7 yerd\u0259 i\u015fl\u0259m\u0259diyi halda bu maa\u015f\u0131n ona hans\u0131 \u0259saslarla verildiyini \u00f6yr\u0259nm\u0259y\u0259 \u00e7al\u0131\u015f\u0131b. Bildiribl\u0259r ki, get otur evd\u0259, h\u0259r ay kartdan pulunu \u00e7\u0131xart x\u0259rcl\u0259, qalan \u015feyl\u0259r s\u0259nlik deyil&#8230; V\u00fcsal Axundov bu yolla maa\u015f almaq ist\u0259m\u0259diyi bildirir, i\u015fl\u0259 t\u0259min olunmas\u0131n\u0131 t\u0259l\u0259b edirdi. O, \u201cYoutube\u201d vasit\u0259sil\u0259 \u00f6lk\u0259 ba\u015f\u00e7\u0131s\u0131na videom\u00fcraci\u0259tl\u0259rind\u0259 rayondak\u0131 i\u015fsizlikl\u0259 yana\u015f\u0131 ba\u015fqa qanunsuzluqlardan, \u00f6zba\u015f\u0131nal\u0131qlardan da dan\u0131\u015f\u0131b.\n<\/p>\n<p>\n  Saatl\u0131 Rayon Polis \u015e\u00f6b\u0259sind\u0259n is\u0259 Meydan TV-y\u0259 bildirilib ki, V\u00fcsal Axundovla ba\u011fl\u0131 Saatl\u0131 Rayon \u0130cra Hakimiyy\u0259tind\u0259n \u015fikay\u0259t daxil olub. Polis i\u015f\u00e7il\u0259ri h\u0259min \u00fcnvana ged\u0259rk\u0259n V\u00fcsal Axundov polisin qanuni \u0259mrin\u0259 tabe olmay\u0131b v\u0259 m\u00fcqavim\u0259t g\u00f6st\u0259rib. O, \u015f\u00f6b\u0259y\u0259 g\u0259tiril\u0259r\u0259k bar\u0259sind\u0259 inzibati x\u0259ta haqq\u0131nda material t\u0259rtib olunub v\u0259 Saatl\u0131 Rayon M\u0259hk\u0259m\u0259sin\u0259 g\u00f6nd\u0259rilib. V\u00fcsal Axundova \u0130nzibati X\u0259talar M\u0259c\u0259ll\u0259sinin polis\u0259 m\u00fcqavim\u0259t madd\u0259sil\u0259 10 sutka h\u0259bs c\u0259zas\u0131 k\u0259silib. Haz\u0131rda Saatl\u0131 Rayon Polis \u015e\u00f6b\u0259sinin t\u0259cridxanas\u0131nda saxlan\u0131l\u0131r.<\/p>\n","protected":false},"excerpt":{"rendered":"<p>11 ayl\u0131q bir \u00f6vlad\u0131m\u0131z var, \u00f6z\u00fcm d\u0259 4 ayl\u0131q n\u00f6vb\u0259ti u\u015fa\u011fa hamil\u0259y\u0259m<\/p>\n","protected":false},"author":11,"featured_media":123592,"comment_status":"closed","ping_status":"open","sticky":false,"template":"","format":"standard","meta":{"_acf_changed":false,"_sitemap_exclude":false,"_sitemap_priority":"","_sitemap_frequency":"","footnotes":""},"categories":[60],"tags":[],"class_list":["post-195463","post","type-post","status-publish","format-standard","has-post-thumbnail","hentry","category-bolge","infinite-scroll-item","generate-columns","tablet-grid-50","mobile-grid-100","grid-parent","grid-33","no-featured-image-padding"],"acf":[],"yoast_head":"<!-- This site is optimized with the Yoast SEO plugin v27.4 - https:\/\/yoast.com\/product\/yoast-seo-wordpress\/ -->\n<title>&#039;&#039;Meydan TV-y\u0259 \u015fikay\u0259t etdi, polisl\u0259r qandallay\u0131b apard\u0131lar&#039;&#039; - MEYDAN.TV<\/title>\n<meta name=\"robots\" content=\"index, follow, max-snippet:-1, max-image-preview:large, max-video-preview:-1\" \/>\n<link rel=\"canonical\" href=\"https:\/\/www.meydan.tv\/az\/article\/meydan-tv-ye-sikayet-etdi-polisler-qandallayib-apardilar\/\" \/>\n<meta property=\"og:locale\" content=\"az_AZ\" \/>\n<meta property=\"og:type\" content=\"article\" \/>\n<meta property=\"og:title\" content=\"&#039;&#039;Meydan TV-y\u0259 \u015fikay\u0259t etdi, polisl\u0259r qandallay\u0131b apard\u0131lar&#039;&#039; - MEYDAN.TV\" \/>\n<meta property=\"og:description\" content=\"11 ayl\u0131q bir \u00f6vlad\u0131m\u0131z var, \u00f6z\u00fcm d\u0259 4 ayl\u0131q n\u00f6vb\u0259ti u\u015fa\u011fa hamil\u0259y\u0259m\" \/>\n<meta property=\"og:url\" content=\"https:\/\/www.meydan.tv\/az\/article\/meydan-tv-ye-sikayet-etdi-polisler-qandallayib-apardilar\/\" \/>\n<meta property=\"og:site_name\" content=\"MEYDAN.TV\" \/>\n<meta property=\"article:published_time\" content=\"2019-05-19T06:05:18+00:00\" \/>\n<meta property=\"og:image\" content=\"https:\/\/www.meydan.tv\/wp-content\/uploads\/saatli.jpg\" \/>\n\t<meta property=\"og:image:width\" content=\"1024\" \/>\n\t<meta property=\"og:image:height\" content=\"576\" \/>\n\t<meta property=\"og:image:type\" content=\"image\/jpeg\" \/>\n<meta name=\"author\" content=\"user-manager\" \/>\n<meta name=\"twitter:card\" content=\"summary_large_image\" \/>\n<script type=\"application\/ld+json\" class=\"yoast-schema-graph\">{\"@context\":\"https:\\\/\\\/schema.org\",\"@graph\":[{\"@type\":\"Article\",\"@id\":\"https:\\\/\\\/www.meydan.tv\\\/az\\\/article\\\/meydan-tv-ye-sikayet-etdi-polisler-qandallayib-apardilar\\\/#article\",\"isPartOf\":{\"@id\":\"https:\\\/\\\/www.meydan.tv\\\/az\\\/article\\\/meydan-tv-ye-sikayet-etdi-polisler-qandallayib-apardilar\\\/\"},\"author\":{\"name\":\"user-manager\",\"@id\":\"https:\\\/\\\/www.meydan.tv\\\/az\\\/#\\\/schema\\\/person\\\/10d11eccf6da3662cf5fdab9806ea91a\"},\"headline\":\"&#8221;Meydan TV-y\u0259 \u015fikay\u0259t etdi, polisl\u0259r qandallay\u0131b apard\u0131lar&#8221;\",\"datePublished\":\"2019-05-19T06:05:18+00:00\",\"mainEntityOfPage\":{\"@id\":\"https:\\\/\\\/www.meydan.tv\\\/az\\\/article\\\/meydan-tv-ye-sikayet-etdi-polisler-qandallayib-apardilar\\\/\"},\"wordCount\":902,\"publisher\":{\"@id\":\"https:\\\/\\\/www.meydan.tv\\\/az\\\/#organization\"},\"image\":{\"@id\":\"https:\\\/\\\/www.meydan.tv\\\/az\\\/article\\\/meydan-tv-ye-sikayet-etdi-polisler-qandallayib-apardilar\\\/#primaryimage\"},\"thumbnailUrl\":\"https:\\\/\\\/www.meydan.tv\\\/wp-content\\\/uploads\\\/saatli.jpg\",\"articleSection\":[\"B\u00f6lg\u0259\"],\"inLanguage\":\"az\"},{\"@type\":\"WebPage\",\"@id\":\"https:\\\/\\\/www.meydan.tv\\\/az\\\/article\\\/meydan-tv-ye-sikayet-etdi-polisler-qandallayib-apardilar\\\/\",\"url\":\"https:\\\/\\\/www.meydan.tv\\\/az\\\/article\\\/meydan-tv-ye-sikayet-etdi-polisler-qandallayib-apardilar\\\/\",\"name\":\"''Meydan TV-y\u0259 \u015fikay\u0259t etdi, polisl\u0259r qandallay\u0131b apard\u0131lar'' - MEYDAN.TV\",\"isPartOf\":{\"@id\":\"https:\\\/\\\/www.meydan.tv\\\/az\\\/#website\"},\"primaryImageOfPage\":{\"@id\":\"https:\\\/\\\/www.meydan.tv\\\/az\\\/article\\\/meydan-tv-ye-sikayet-etdi-polisler-qandallayib-apardilar\\\/#primaryimage\"},\"image\":{\"@id\":\"https:\\\/\\\/www.meydan.tv\\\/az\\\/article\\\/meydan-tv-ye-sikayet-etdi-polisler-qandallayib-apardilar\\\/#primaryimage\"},\"thumbnailUrl\":\"https:\\\/\\\/www.meydan.tv\\\/wp-content\\\/uploads\\\/saatli.jpg\",\"datePublished\":\"2019-05-19T06:05:18+00:00\",\"breadcrumb\":{\"@id\":\"https:\\\/\\\/www.meydan.tv\\\/az\\\/article\\\/meydan-tv-ye-sikayet-etdi-polisler-qandallayib-apardilar\\\/#breadcrumb\"},\"inLanguage\":\"az\",\"potentialAction\":[{\"@type\":\"ReadAction\",\"target\":[\"https:\\\/\\\/www.meydan.tv\\\/az\\\/article\\\/meydan-tv-ye-sikayet-etdi-polisler-qandallayib-apardilar\\\/\"]}]},{\"@type\":\"ImageObject\",\"inLanguage\":\"az\",\"@id\":\"https:\\\/\\\/www.meydan.tv\\\/az\\\/article\\\/meydan-tv-ye-sikayet-etdi-polisler-qandallayib-apardilar\\\/#primaryimage\",\"url\":\"https:\\\/\\\/www.meydan.tv\\\/wp-content\\\/uploads\\\/saatli.jpg\",\"contentUrl\":\"https:\\\/\\\/www.meydan.tv\\\/wp-content\\\/uploads\\\/saatli.jpg\",\"width\":1024,\"height\":576,\"caption\":\"Source: meydan.tv\"},{\"@type\":\"BreadcrumbList\",\"@id\":\"https:\\\/\\\/www.meydan.tv\\\/az\\\/article\\\/meydan-tv-ye-sikayet-etdi-polisler-qandallayib-apardilar\\\/#breadcrumb\",\"itemListElement\":[{\"@type\":\"ListItem\",\"position\":1,\"name\":\"Ana s\u0259hif\u0259\",\"item\":\"https:\\\/\\\/www.meydan.tv\\\/az\\\/\"},{\"@type\":\"ListItem\",\"position\":2,\"name\":\"B\u00f6lg\u0259\",\"item\":\"https:\\\/\\\/www.meydan.tv\\\/az\\\/section\\\/bolge\\\/\"},{\"@type\":\"ListItem\",\"position\":3,\"name\":\"&#8221;Meydan TV-y\u0259 \u015fikay\u0259t etdi, polisl\u0259r qandallay\u0131b apard\u0131lar&#8221;\"}]},{\"@type\":\"WebSite\",\"@id\":\"https:\\\/\\\/www.meydan.tv\\\/az\\\/#website\",\"url\":\"https:\\\/\\\/www.meydan.tv\\\/az\\\/\",\"name\":\"MEYDAN.TV\",\"description\":\"Meydan TV Az\u0259rbaycan\u0131n media m\u0259kan\u0131ndak\u0131 alternativ s\u0259sidir\",\"publisher\":{\"@id\":\"https:\\\/\\\/www.meydan.tv\\\/az\\\/#organization\"},\"potentialAction\":[{\"@type\":\"SearchAction\",\"target\":{\"@type\":\"EntryPoint\",\"urlTemplate\":\"https:\\\/\\\/www.meydan.tv\\\/az\\\/?s={search_term_string}\"},\"query-input\":{\"@type\":\"PropertyValueSpecification\",\"valueRequired\":true,\"valueName\":\"search_term_string\"}}],\"inLanguage\":\"az\"},{\"@type\":\"Organization\",\"@id\":\"https:\\\/\\\/www.meydan.tv\\\/az\\\/#organization\",\"name\":\"Meydan TV\",\"url\":\"https:\\\/\\\/www.meydan.tv\\\/az\\\/\",\"logo\":{\"@type\":\"ImageObject\",\"inLanguage\":\"az\",\"@id\":\"https:\\\/\\\/www.meydan.tv\\\/az\\\/#\\\/schema\\\/logo\\\/image\\\/\",\"url\":\"https:\\\/\\\/www.meydan.tv\\\/wp-content\\\/uploads\\\/2021\\\/07\\\/meydan-logo.svg\",\"contentUrl\":\"https:\\\/\\\/www.meydan.tv\\\/wp-content\\\/uploads\\\/2021\\\/07\\\/meydan-logo.svg\",\"width\":195,\"height\":46,\"caption\":\"Meydan TV\"},\"image\":{\"@id\":\"https:\\\/\\\/www.meydan.tv\\\/az\\\/#\\\/schema\\\/logo\\\/image\\\/\"}},{\"@type\":\"Person\",\"@id\":\"https:\\\/\\\/www.meydan.tv\\\/az\\\/#\\\/schema\\\/person\\\/10d11eccf6da3662cf5fdab9806ea91a\",\"name\":\"user-manager\"}]}<\/script>\n<!-- \/ Yoast SEO plugin. -->","yoast_head_json":{"title":"''Meydan TV-y\u0259 \u015fikay\u0259t etdi, polisl\u0259r qandallay\u0131b apard\u0131lar'' - MEYDAN.TV","robots":{"index":"index","follow":"follow","max-snippet":"max-snippet:-1","max-image-preview":"max-image-preview:large","max-video-preview":"max-video-preview:-1"},"canonical":"https:\/\/www.meydan.tv\/az\/article\/meydan-tv-ye-sikayet-etdi-polisler-qandallayib-apardilar\/","og_locale":"az_AZ","og_type":"article","og_title":"''Meydan TV-y\u0259 \u015fikay\u0259t etdi, polisl\u0259r qandallay\u0131b apard\u0131lar'' - MEYDAN.TV","og_description":"11 ayl\u0131q bir \u00f6vlad\u0131m\u0131z var, \u00f6z\u00fcm d\u0259 4 ayl\u0131q n\u00f6vb\u0259ti u\u015fa\u011fa hamil\u0259y\u0259m","og_url":"https:\/\/www.meydan.tv\/az\/article\/meydan-tv-ye-sikayet-etdi-polisler-qandallayib-apardilar\/","og_site_name":"MEYDAN.TV","article_published_time":"2019-05-19T06:05:18+00:00","og_image":[{"width":1024,"height":576,"url":"https:\/\/www.meydan.tv\/wp-content\/uploads\/saatli.jpg","type":"image\/jpeg"}],"author":"user-manager","twitter_card":"summary_large_image","schema":{"@context":"https:\/\/schema.org","@graph":[{"@type":"Article","@id":"https:\/\/www.meydan.tv\/az\/article\/meydan-tv-ye-sikayet-etdi-polisler-qandallayib-apardilar\/#article","isPartOf":{"@id":"https:\/\/www.meydan.tv\/az\/article\/meydan-tv-ye-sikayet-etdi-polisler-qandallayib-apardilar\/"},"author":{"name":"user-manager","@id":"https:\/\/www.meydan.tv\/az\/#\/schema\/person\/10d11eccf6da3662cf5fdab9806ea91a"},"headline":"&#8221;Meydan TV-y\u0259 \u015fikay\u0259t etdi, polisl\u0259r qandallay\u0131b apard\u0131lar&#8221;","datePublished":"2019-05-19T06:05:18+00:00","mainEntityOfPage":{"@id":"https:\/\/www.meydan.tv\/az\/article\/meydan-tv-ye-sikayet-etdi-polisler-qandallayib-apardilar\/"},"wordCount":902,"publisher":{"@id":"https:\/\/www.meydan.tv\/az\/#organization"},"image":{"@id":"https:\/\/www.meydan.tv\/az\/article\/meydan-tv-ye-sikayet-etdi-polisler-qandallayib-apardilar\/#primaryimage"},"thumbnailUrl":"https:\/\/www.meydan.tv\/wp-content\/uploads\/saatli.jpg","articleSection":["B\u00f6lg\u0259"],"inLanguage":"az"},{"@type":"WebPage","@id":"https:\/\/www.meydan.tv\/az\/article\/meydan-tv-ye-sikayet-etdi-polisler-qandallayib-apardilar\/","url":"https:\/\/www.meydan.tv\/az\/article\/meydan-tv-ye-sikayet-etdi-polisler-qandallayib-apardilar\/","name":"''Meydan TV-y\u0259 \u015fikay\u0259t etdi, polisl\u0259r qandallay\u0131b apard\u0131lar'' - MEYDAN.TV","isPartOf":{"@id":"https:\/\/www.meydan.tv\/az\/#website"},"primaryImageOfPage":{"@id":"https:\/\/www.meydan.tv\/az\/article\/meydan-tv-ye-sikayet-etdi-polisler-qandallayib-apardilar\/#primaryimage"},"image":{"@id":"https:\/\/www.meydan.tv\/az\/article\/meydan-tv-ye-sikayet-etdi-polisler-qandallayib-apardilar\/#primaryimage"},"thumbnailUrl":"https:\/\/www.meydan.tv\/wp-content\/uploads\/saatli.jpg","datePublished":"2019-05-19T06:05:18+00:00","breadcrumb":{"@id":"https:\/\/www.meydan.tv\/az\/article\/meydan-tv-ye-sikayet-etdi-polisler-qandallayib-apardilar\/#breadcrumb"},"inLanguage":"az","potentialAction":[{"@type":"ReadAction","target":["https:\/\/www.meydan.tv\/az\/article\/meydan-tv-ye-sikayet-etdi-polisler-qandallayib-apardilar\/"]}]},{"@type":"ImageObject","inLanguage":"az","@id":"https:\/\/www.meydan.tv\/az\/article\/meydan-tv-ye-sikayet-etdi-polisler-qandallayib-apardilar\/#primaryimage","url":"https:\/\/www.meydan.tv\/wp-content\/uploads\/saatli.jpg","contentUrl":"https:\/\/www.meydan.tv\/wp-content\/uploads\/saatli.jpg","width":1024,"height":576,"caption":"Source: meydan.tv"},{"@type":"BreadcrumbList","@id":"https:\/\/www.meydan.tv\/az\/article\/meydan-tv-ye-sikayet-etdi-polisler-qandallayib-apardilar\/#breadcrumb","itemListElement":[{"@type":"ListItem","position":1,"name":"Ana s\u0259hif\u0259","item":"https:\/\/www.meydan.tv\/az\/"},{"@type":"ListItem","position":2,"name":"B\u00f6lg\u0259","item":"https:\/\/www.meydan.tv\/az\/section\/bolge\/"},{"@type":"ListItem","position":3,"name":"&#8221;Meydan TV-y\u0259 \u015fikay\u0259t etdi, polisl\u0259r qandallay\u0131b apard\u0131lar&#8221;"}]},{"@type":"WebSite","@id":"https:\/\/www.meydan.tv\/az\/#website","url":"https:\/\/www.meydan.tv\/az\/","name":"MEYDAN.TV","description":"Meydan TV Az\u0259rbaycan\u0131n media m\u0259kan\u0131ndak\u0131 alternativ s\u0259sidir","publisher":{"@id":"https:\/\/www.meydan.tv\/az\/#organization"},"potentialAction":[{"@type":"SearchAction","target":{"@type":"EntryPoint","urlTemplate":"https:\/\/www.meydan.tv\/az\/?s={search_term_string}"},"query-input":{"@type":"PropertyValueSpecification","valueRequired":true,"valueName":"search_term_string"}}],"inLanguage":"az"},{"@type":"Organization","@id":"https:\/\/www.meydan.tv\/az\/#organization","name":"Meydan TV","url":"https:\/\/www.meydan.tv\/az\/","logo":{"@type":"ImageObject","inLanguage":"az","@id":"https:\/\/www.meydan.tv\/az\/#\/schema\/logo\/image\/","url":"https:\/\/www.meydan.tv\/wp-content\/uploads\/2021\/07\/meydan-logo.svg","contentUrl":"https:\/\/www.meydan.tv\/wp-content\/uploads\/2021\/07\/meydan-logo.svg","width":195,"height":46,"caption":"Meydan TV"},"image":{"@id":"https:\/\/www.meydan.tv\/az\/#\/schema\/logo\/image\/"}},{"@type":"Person","@id":"https:\/\/www.meydan.tv\/az\/#\/schema\/person\/10d11eccf6da3662cf5fdab9806ea91a","name":"user-manager"}]}},"_links":{"self":[{"href":"https:\/\/www.meydan.tv\/az\/wp-json\/wp\/v2\/posts\/195463","targetHints":{"allow":["GET"]}}],"collection":[{"href":"https:\/\/www.meydan.tv\/az\/wp-json\/wp\/v2\/posts"}],"about":[{"href":"https:\/\/www.meydan.tv\/az\/wp-json\/wp\/v2\/types\/post"}],"author":[{"embeddable":true,"href":"https:\/\/www.meydan.tv\/az\/wp-json\/wp\/v2\/users\/11"}],"replies":[{"embeddable":true,"href":"https:\/\/www.meydan.tv\/az\/wp-json\/wp\/v2\/comments?post=195463"}],"version-history":[{"count":0,"href":"https:\/\/www.meydan.tv\/az\/wp-json\/wp\/v2\/posts\/195463\/revisions"}],"wp:featuredmedia":[{"embeddable":true,"href":"https:\/\/www.meydan.tv\/az\/wp-json\/wp\/v2\/media\/123592"}],"wp:attachment":[{"href":"https:\/\/www.meydan.tv\/az\/wp-json\/wp\/v2\/media?parent=195463"}],"wp:term":[{"taxonomy":"category","embeddable":true,"href":"https:\/\/www.meydan.tv\/az\/wp-json\/wp\/v2\/categories?post=195463"},{"taxonomy":"post_tag","embeddable":true,"href":"https:\/\/www.meydan.tv\/az\/wp-json\/wp\/v2\/tags?post=195463"}],"curies":[{"name":"wp","href":"https:\/\/api.w.org\/{rel}","templated":true}]}}