{"id":195431,"date":"2019-05-16T16:40:50","date_gmt":"2019-05-16T16:40:50","guid":{"rendered":"https:\/\/www.meydan.tv\/article\/agdam-sakini-qizim-imkansizliqdan-mualice-ala-bilmedi-vefat-etdi\/"},"modified":"2019-05-16T16:40:50","modified_gmt":"2019-05-16T16:40:50","slug":"agdam-sakini-qizim-imkansizliqdan-mualice-ala-bilmedi-vefat-etdi","status":"publish","type":"post","link":"https:\/\/www.meydan.tv\/az\/article\/agdam-sakini-qizim-imkansizliqdan-mualice-ala-bilmedi-vefat-etdi\/","title":{"rendered":"A\u011fdam sakini: Q\u0131z\u0131m imkans\u0131zl\u0131qdan m\u00fcalic\u0259 ala bilm\u0259di, v\u0259fat etdi"},"content":{"rendered":"<h3>\n  &#8221;A\u011fdam\u0131n icra ba\u015f\u00e7\u0131s\u0131 yolda\u015f\u0131ma deyib ki, saxlaya bilmirdin, do\u011fmayayd\u0131n&#8221;<br \/>\n<\/h3>\n<p>\n  \u201cT\u00fcrkana qan sonuncu d\u0259f\u0259 \u00f6l\u00fcm\u00fcnd\u0259n 4 ay \u0259vv\u0259l vurulmu\u015fdu. \u0130mkan\u0131m yox idi ki, u\u015fa\u011f\u0131 vaxt\u0131nda Bak\u0131ya apar\u0131m, qan vurdurum&#8230; \u0130\u015f yoxdur, u\u015fa\u011f\u0131n x\u0259st\u0259liy\u0259 g\u00f6r\u0259 m\u00fcavin\u0259ti karta vurulmurdu, hans\u0131 qurumun qap\u0131s\u0131n\u0131 d\u00f6y\u00fcb k\u00f6m\u0259k ist\u0259yirdiks\u0259, deyirdil\u0259r, imkan yoxdur. U\u015faq bel\u0259c\u0259, g\u00f6z\u00fcm\u00fcz g\u00f6r\u0259-g\u00f6r\u0259 \u00f6ld\u00fc, getdi&#8230;\u201d\n<\/p>\n<p>\n  Nadir \u018fl\u0259sg\u0259rov A\u011fd\u0259r\u0259 k\u00f6\u00e7k\u00fcn\u00fcd\u00fcr. Ail\u0259si il\u0259 birlikd\u0259 A\u011fdam\u0131n D\u00f6rdyol-1 q\u0259s\u0259b\u0259sind\u0259 m\u0259skunla\u015f\u0131b. Meydan TV-y\u0259 dan\u0131\u015f\u0131r ki, \u00fc\u00e7 \u00f6vlad\u0131ndan \u0259n ki\u00e7iyi \u2013 14 ya\u015fl\u0131 T\u00fcrkan aprelin 23-d\u0259 x\u0259st\u0259likd\u0259n v\u0259fat edib. Ata anemiyadan (qan azl\u0131\u011f\u0131 n\u0259tic\u0259sind\u0259 yaranan x\u0259st\u0259lik) \u0259ziyy\u0259t \u00e7\u0259k\u0259n \u00f6vlad\u0131n\u0131 ehtiyac \u00fcz\u00fcnd\u0259n m\u00fcalic\u0259 etdir\u0259 bilm\u0259yib.\n<\/p>\n<h3>\n  \u201cO, \u00f6l\u00fcm qorxusu, biz vicdan \u0259zab\u0131 \u00e7\u0259kirdik\u201d<br \/>\n<\/h3>\n<p>\n  \u201c10 il idi ki, qan itkisind\u0259n \u0259ziyy\u0259t \u00e7\u0259kirdi. Dolan\u0131\u015f\u0131\u011f\u0131m\u0131z olduqca z\u0259ifdir, T\u00fcrkan\u0131nsa vitaminli, qan art\u0131ran qidalara ehtiyac\u0131 vard\u0131. Bir u\u015faq ki, qan azl\u0131\u011f\u0131ndan \u0259ziyy\u0259t \u00e7\u0259kirdi v\u0259 ehtiyac \u00fcz\u00fcnd\u0259n aylarla \u0259t yey\u0259 bilmirdi. Bu, bir t\u0259r\u0259f\u0259, son 4 ay\u0131 pulsuzluq \u00fcz\u00fcnd\u0259n he\u00e7 Bak\u0131ya da apara bilmirdik ki, qan vurulsun. A\u011fdam\u0131n bundan \u0259vv\u0259lki icra ba\u015f\u00e7\u0131lar\u0131 bizi yax\u015f\u0131 anlay\u0131rd\u0131lar, \u0259n az\u0131, yolpulumuzu verirdil\u0259r ki, u\u015fa\u011f\u0131 vaxt\u0131nda Bak\u0131ya \u2013 Qank\u00f6\u00e7\u00fcrm\u0259 \u0130nstitutuna \u00e7atd\u0131raq. Ancaq yolda\u015f\u0131m T\u00fcrkan\u0131 da g\u00f6t\u00fcr\u00fcb indiki ba\u015f\u00e7\u0131n\u0131n yan\u0131na ged\u0259nd\u0259, onun \u00fcst\u00fcn\u0259 ac\u0131qlan\u0131b, deyib: \u201cSaxlaya bilmirdin, do\u011fmayayd\u0131n\u201d. T\u00fcrkan balam g\u0259ldi, evd\u0259 xeyli a\u011flad\u0131, u\u015fa\u011f\u0131n i\u00e7ind\u0259 bir \u00f6l\u00fcm qorxusu vard\u0131, o qorxunun \u0259zab\u0131n\u0131 \u00e7\u0259kirdi, biz is\u0259 ona k\u00f6m\u0259k ed\u0259 bilm\u0259diyimiz \u00fc\u00e7\u00fcn ikiqat vicdan \u0259zab\u0131 \u00e7\u0259kirdik. Onun m\u00fcalic\u0259si, h\u0259yatda qalmas\u0131 \u00fc\u00e7\u00fcn s\u0259l\u0259m\u0259 ald\u0131\u011f\u0131m pullar\u0131, banklardan g\u00f6t\u00fcrd\u00fcy\u00fcm kreditl\u0259ri, qohumdan, qon\u015fudan ald\u0131\u011f\u0131m borclar\u0131 h\u0259l\u0259 d\u0259 qaytara bilm\u0259mi\u015f\u0259m. G\u00fcc\u00fcm\u00fcz T\u00fcrkan\u0131 yaln\u0131z Quzanl\u0131dak\u0131 u\u015faq h\u0259kiminin yan\u0131na aparma\u011fa \u00e7at\u0131rd\u0131. Daha do\u011frusu, he\u00e7 ona da g\u00fcc\u00fcm\u00fcz \u00e7atm\u0131rd\u0131, h\u0259r d\u0259f\u0259 o qon\u015fudan 3, bu qon\u015fudan 5 manat al\u0131b yolda\u015f\u0131mla T\u00fcrkan\u0131 yola sal\u0131rd\u0131m, yolpulum olmad\u0131\u011f\u0131ndan \u00f6z\u00fcm ged\u0259 bilmirdim\u201d.\n<\/p>\n<h3>\n  \u201c\u0130ki ayl\u0131q m\u00fcavin\u0259tini g\u00f6zl\u0259y\u0259-g\u00f6zl\u0259y\u0259 \u00f6ld\u00fc\u201d<br \/>\n<\/h3>\n<p>\n  T\u00fcrkana x\u0259st\u0259liyin\u0259 g\u00f6r\u0259 82 manat m\u00fcavin\u0259t k\u0259silibmi\u015f. Bu m\u00fcavin\u0259t sinir x\u0259st\u0259liyind\u0259n \u0259ziyy\u0259t \u00e7\u0259k\u0259n anas\u0131n\u0131n m\u00fcavin\u0259tinin \u00fcz\u0259rin\u0259 hesablan\u0131rm\u0131\u015f. Ancaq bu ilin fevral ay\u0131nda T\u00fcrkana sonuncu m\u00fcavin\u0259ti verilib. Aprelin 1-d\u0259n m\u00fcavin\u0259tl\u0259r art\u0131r\u0131lsa da, T\u00fcrkana bu art\u0131m\u0131 g\u00f6rm\u0259k qism\u0259t olmay\u0131b.\n<\/p>\n<p>\n  O, t\u0259krar tibbi komissiyadan ke\u00e7m\u0259liymi\u015f v\u0259 ke\u00e7ib d\u0259&#8230; Fevral ay\u0131n\u0131n 7-d\u0259 tibbi komissiyadan ke\u00e7m\u0259sin\u0259 baxmayaraq, s\u0259n\u0259dl\u0259ri m\u00fcvafiq qurumlara vaxt\u0131nda g\u00f6nd\u0259rilm\u0259diyind\u0259n mart v\u0259 aprel aylar\u0131n\u0131n m\u00fcavin\u0259tl\u0259rini ala bilm\u0259yib. Ata g\u00f6z ya\u015flar\u0131n\u0131 saxlaya bilmir:\n<\/p>\n<p>\n  \u201cM\u0259nim can\u0131yla \u00e7arp\u0131\u015fan u\u015fa\u011f\u0131m \u00f6l\u0259n g\u00fcn\u00fcn\u0259d\u0259k narahat idi. H\u0259r g\u00fcn deyirdi, ata, pulum k\u00f6\u00e7\u00fcr\u00fcls\u0259ydi, Bak\u0131ya ged\u0259rdik, qan vurard\u0131lar&#8230; M\u0259n adamlardan o q\u0259d\u0259r pul ist\u0259mi\u015fdim ki, art\u0131q pul ist\u0259m\u0259y\u0259 adam qalmam\u0131\u015fd\u0131. Yegan\u0259 \u00fcmidim rayondak\u0131 m\u0259murlarayd\u0131 ki, he\u00e7 olmasa yol pulumuzu versinl\u0259r, Bak\u0131ya \u00e7ataq, m\u0259murlar he\u00e7 qap\u0131lar\u0131na yax\u0131n da buraxmad\u0131lar\u201d.\n<\/p>\n<p>\n  Aprelin ortalar\u0131 T\u00fcrkan\u0131n durumu a\u011f\u0131rla\u015f\u0131r. Aprelin 17-d\u0259 valideynl\u0259ri onu Quzanl\u0131dak\u0131 x\u0259st\u0259xanaya g\u00f6t\u00fcr\u00fcrl\u0259r.\n<\/p>\n<h3>\n  \u201cAldatd\u0131lar ki, h\u0259r \u015fey yax\u015f\u0131d\u0131r\u201d<br \/>\n<\/h3>\n<p>\n  \u201cX\u0259st\u0259xanada analiz el\u0259dil\u0259r, yalandan dedil\u0259r, h\u0259r \u015fey normald\u0131r, ciy\u0259rl\u0259rini yoxlad\u0131lar, dedil\u0259r, ki\u00e7ik t\u0259rp\u0259ni\u015f var, ancaq qorxulu bir \u015fey deyil. Dedil\u0259r, u\u015fa\u011f\u0131n immuniteti a\u015fa\u011f\u0131 oldu\u011fundan q\u0131z\u0131lca tutub, h\u0259rar\u0259ti d\u0259 ondan qalx\u0131b. Ancaq n\u0259d\u0259ns\u0259 u\u015fa\u011f\u0131 x\u0259st\u0259xanada saxlamay\u0131b ev\u0259 qaytard\u0131lar. T\u00fcrkan bir ne\u00e7\u0259 g\u00fcn q\u0131zd\u0131rma i\u00e7ind\u0259 qald\u0131. H\u0259min g\u00fcnl\u0259r aptekl\u0259rd\u0259n g\u00f6t\u00fcrd\u00fcy\u00fcm d\u0259rmanlar\u0131n pulunu h\u0259l\u0259 d\u0259 \u00f6d\u0259y\u0259 bilm\u0259mi\u015f\u0259m,\u201d- ata dan\u0131\u015f\u0131r.\n<\/p>\n<p>\n  Aprelin 23-d\u0259 s\u0259h\u0259r\u0259 yax\u0131n T\u00fcrkan g\u00f6zl\u0259rini h\u0259mi\u015f\u0259lik yumub.\n<\/p>\n<p>\n  Nadir \u018fl\u0259sg\u0259rov deyir, q\u0131z\u0131n\u0131n m\u00fcalic\u0259si il\u0259 ciddi m\u0259\u015f\u011ful olmaq \u00fc\u00e7\u00fcn i\u015f axtar\u0131rm\u0131\u015f. D\u0259f\u0259l\u0259rl\u0259 yerli icra hakimiyy\u0259tin\u0259 v\u0259 rayondak\u0131 M\u0259\u015f\u011fulluq M\u0259rk\u0259zin\u0259 m\u00fcraci\u0259t edib, s\u0259n\u0259dl\u0259rini d\u0259 t\u0259qdim edib.\n<\/p>\n<h3>\n  \u201cHal\u0131 yox idi, ancaq kitab \u0259lind\u0259n d\u00fc\u015fm\u00fcrd\u00fc\u201d<br \/>\n<\/h3>\n<p>\n  T\u00fcrkan \u018fl\u0259sg\u0259rova A\u011fdam rayon 14 n\u00f6mr\u0259li Texniki F\u0259nl\u0259r T\u0259may\u00fcll\u00fc M\u0259kt\u0259b Liseyin 8-ci sinifind\u0259 t\u0259hsil al\u0131rm\u0131\u015f. \u018fla\u00e7\u0131 imi\u015f. S\u0259hh\u0259tin\u0259 g\u00f6r\u0259 son vaxtlar m\u0259kt\u0259b\u0259 ged\u0259 bilmirmi\u015f. Ail\u0259 \u00fczvl\u0259ri deyir, bununla bel\u0259, kitab-d\u0259ft\u0259r hals\u0131z T\u00fcrkan\u0131n \u0259lind\u0259n d\u00fc\u015fm\u00fcrm\u00fc\u015f. Liseyin \u201cFacebook s\u0259hif\u0259sind\u0259 T\u00fcrkan\u0131n xatir\u0259sin\u0259 h\u0259sr olunmu\u015f payla\u015f\u0131mlarda da bu, qeyd olunub.\n<\/p>\n<p>\n  A\u011fdam Rayon \u0130cra Hakimiyy\u0259tind\u0259n bildirilib ki, Nadir \u018fl\u0259sg\u0259rova i\u015f t\u0259klif olunub, ancaq o, i\u015f\u0259 ba\u015flamay\u0131b. K\u00f6m\u0259k olunmamas\u0131 il\u0259 ba\u011fl\u0131 deyil\u0259nl\u0259r\u0259 g\u0259linc\u0259, qurum deyilib ki, v\u0259t\u0259nda\u015flar\u0131n sosial durumu il\u0259 \u018fm\u0259k v\u0259 \u018fhalinin Sosial M\u00fcdafi\u0259si Nazirliyi m\u0259\u015f\u011ful olmal\u0131d\u0131r. Buna g\u00f6r\u0259 icra hakimiyy\u0259tind\u0259 b\u00fcdc\u0259 yoxdur. Nadir \u018fl\u0259sg\u0259rov deyir, q\u0131z\u0131n\u0131n \u00f6l\u00fcm\u00fcnd\u0259n iki h\u0259ft\u0259 sonra \u2013 may\u0131n 9-da ona yerli icra hakimiyy\u0259tind\u0259n z\u0259ng vuraraq rayon Kommunal T\u0259s\u0259rr\u00fcfat Birliyind\u0259 f\u0259hl\u0259 i\u015fi il\u0259 t\u0259min olundu\u011funu bildiribl\u0259r. Nadir \u018fl\u0259sg\u0259rovsa bildirib ki, i\u015f ona h\u0259m maa\u015f, h\u0259m d\u0259 \u00fcnvanl\u0131 sosial yard\u0131m \u00fc\u00e7\u00fcn laz\u0131m imi\u015f ki, q\u0131z\u0131n\u0131n m\u00fcalic\u0259si il\u0259 m\u0259\u015f\u011ful ola bilsin. Haz\u0131rda g\u00fcn\u0259muzd i\u015fl\u0259rd\u0259 \u00e7al\u0131\u015f\u0131b ba\u015f\u0131n\u0131 doland\u0131r\u0131r.\n<\/p>\n<p>\n  A\u011fdam Rayon M\u0259rk\u0259zi X\u0259st\u0259xanas\u0131ndan bildirilib ki, T\u00fcrkan \u018fl\u0259sg\u0259rova il\u0259 ba\u011fl\u0131 m\u00fcvafiq s\u0259n\u0259dl\u0259r t\u0259sdiql\u0259nm\u0259si \u00fc\u00e7\u00fcn S\u0259hiyy\u0259 Nazirliyin\u0259 g\u00f6nd\u0259rilib. Ancaq s\u0259n\u0259dl\u0259rd\u0259 natamaml\u0131q oldu\u011fundan nazirlik geri qaytar\u0131b. Nadir \u018fl\u0259sg\u0259rov deyir, T\u00fcrkan\u0131n \u00f6l\u00fcm\u00fcnd\u0259n 20 g\u00fcnd\u0259n \u00e7ox vaxt \u00f6t\u00fcb, ancaq rayon M\u0259rk\u0259zi X\u0259st\u0259xanas\u0131yla nazirlik aras\u0131ndak\u0131 \u201cs\u0259n\u0259d oyunu\u201d h\u0259l\u0259 d\u0259 davam edir. T\u00fcrkan\u0131n sa\u011fl\u0131\u011f\u0131nda al\u0131b m\u00fcalic\u0259y\u0259 ged\u0259 bilm\u0259diyi, art\u0131m\u0131n\u0131 g\u00f6r\u0259 bilm\u0259diyi ikiayl\u0131q m\u00fcavin\u0259tl\u0259 onun q\u0259bir\u00fcst\u00fc da\u015f\u0131n\u0131 d\u00fcz\u0259ltdirm\u0259yi planlay\u0131r ata&#8230;<\/p>\n","protected":false},"excerpt":{"rendered":"<p>Ata anemiyadan (qan azl\u0131\u011f\u0131 n\u0259tic\u0259sind\u0259 yaranan x\u0259st\u0259lik) \u0259ziyy\u0259t \u00e7\u0259k\u0259n \u00f6vlad\u0131n\u0131 ehtiyac \u00fcz\u00fcnd\u0259n m\u00fcalic\u0259 etdir\u0259 bilm\u0259yib<\/p>\n","protected":false},"author":11,"featured_media":123870,"comment_status":"closed","ping_status":"open","sticky":false,"template":"","format":"standard","meta":{"_acf_changed":false,"_sitemap_exclude":false,"_sitemap_priority":"","_sitemap_frequency":"","footnotes":""},"categories":[60],"tags":[],"class_list":["post-195431","post","type-post","status-publish","format-standard","has-post-thumbnail","hentry","category-bolge","infinite-scroll-item","generate-columns","tablet-grid-50","mobile-grid-100","grid-parent","grid-33","no-featured-image-padding"],"acf":[],"yoast_head":"<!-- This site is optimized with the Yoast SEO plugin v27.4 - https:\/\/yoast.com\/product\/yoast-seo-wordpress\/ -->\n<title>A\u011fdam sakini: Q\u0131z\u0131m imkans\u0131zl\u0131qdan m\u00fcalic\u0259 ala bilm\u0259di, v\u0259fat etdi - MEYDAN.TV<\/title>\n<meta name=\"robots\" content=\"index, follow, max-snippet:-1, max-image-preview:large, max-video-preview:-1\" \/>\n<link rel=\"canonical\" href=\"https:\/\/www.meydan.tv\/az\/article\/agdam-sakini-qizim-imkansizliqdan-mualice-ala-bilmedi-vefat-etdi\/\" \/>\n<meta property=\"og:locale\" content=\"az_AZ\" \/>\n<meta property=\"og:type\" content=\"article\" \/>\n<meta property=\"og:title\" content=\"A\u011fdam sakini: Q\u0131z\u0131m imkans\u0131zl\u0131qdan m\u00fcalic\u0259 ala bilm\u0259di, v\u0259fat etdi - MEYDAN.TV\" \/>\n<meta property=\"og:description\" content=\"Ata anemiyadan (qan azl\u0131\u011f\u0131 n\u0259tic\u0259sind\u0259 yaranan x\u0259st\u0259lik) \u0259ziyy\u0259t \u00e7\u0259k\u0259n \u00f6vlad\u0131n\u0131 ehtiyac \u00fcz\u00fcnd\u0259n m\u00fcalic\u0259 etdir\u0259 bilm\u0259yib\" \/>\n<meta property=\"og:url\" content=\"https:\/\/www.meydan.tv\/az\/article\/agdam-sakini-qizim-imkansizliqdan-mualice-ala-bilmedi-vefat-etdi\/\" \/>\n<meta property=\"og:site_name\" content=\"MEYDAN.TV\" \/>\n<meta property=\"article:published_time\" content=\"2019-05-16T16:40:50+00:00\" \/>\n<meta property=\"og:image\" content=\"https:\/\/www.meydan.tv\/wp-content\/uploads\/sayt-cover_mocledm.png\" \/>\n\t<meta property=\"og:image:width\" content=\"1000\" \/>\n\t<meta property=\"og:image:height\" content=\"555\" \/>\n\t<meta property=\"og:image:type\" content=\"image\/png\" \/>\n<meta name=\"author\" content=\"user-manager\" \/>\n<meta name=\"twitter:card\" content=\"summary_large_image\" \/>\n<script type=\"application\/ld+json\" class=\"yoast-schema-graph\">{\"@context\":\"https:\\\/\\\/schema.org\",\"@graph\":[{\"@type\":\"Article\",\"@id\":\"https:\\\/\\\/www.meydan.tv\\\/az\\\/article\\\/agdam-sakini-qizim-imkansizliqdan-mualice-ala-bilmedi-vefat-etdi\\\/#article\",\"isPartOf\":{\"@id\":\"https:\\\/\\\/www.meydan.tv\\\/az\\\/article\\\/agdam-sakini-qizim-imkansizliqdan-mualice-ala-bilmedi-vefat-etdi\\\/\"},\"author\":{\"name\":\"user-manager\",\"@id\":\"https:\\\/\\\/www.meydan.tv\\\/az\\\/#\\\/schema\\\/person\\\/10d11eccf6da3662cf5fdab9806ea91a\"},\"headline\":\"A\u011fdam sakini: Q\u0131z\u0131m imkans\u0131zl\u0131qdan m\u00fcalic\u0259 ala bilm\u0259di, v\u0259fat etdi\",\"datePublished\":\"2019-05-16T16:40:50+00:00\",\"mainEntityOfPage\":{\"@id\":\"https:\\\/\\\/www.meydan.tv\\\/az\\\/article\\\/agdam-sakini-qizim-imkansizliqdan-mualice-ala-bilmedi-vefat-etdi\\\/\"},\"wordCount\":1267,\"publisher\":{\"@id\":\"https:\\\/\\\/www.meydan.tv\\\/az\\\/#organization\"},\"image\":{\"@id\":\"https:\\\/\\\/www.meydan.tv\\\/az\\\/article\\\/agdam-sakini-qizim-imkansizliqdan-mualice-ala-bilmedi-vefat-etdi\\\/#primaryimage\"},\"thumbnailUrl\":\"https:\\\/\\\/www.meydan.tv\\\/wp-content\\\/uploads\\\/sayt-cover_mocledm.png\",\"articleSection\":[\"B\u00f6lg\u0259\"],\"inLanguage\":\"az\"},{\"@type\":\"WebPage\",\"@id\":\"https:\\\/\\\/www.meydan.tv\\\/az\\\/article\\\/agdam-sakini-qizim-imkansizliqdan-mualice-ala-bilmedi-vefat-etdi\\\/\",\"url\":\"https:\\\/\\\/www.meydan.tv\\\/az\\\/article\\\/agdam-sakini-qizim-imkansizliqdan-mualice-ala-bilmedi-vefat-etdi\\\/\",\"name\":\"A\u011fdam sakini: Q\u0131z\u0131m imkans\u0131zl\u0131qdan m\u00fcalic\u0259 ala bilm\u0259di, v\u0259fat etdi - MEYDAN.TV\",\"isPartOf\":{\"@id\":\"https:\\\/\\\/www.meydan.tv\\\/az\\\/#website\"},\"primaryImageOfPage\":{\"@id\":\"https:\\\/\\\/www.meydan.tv\\\/az\\\/article\\\/agdam-sakini-qizim-imkansizliqdan-mualice-ala-bilmedi-vefat-etdi\\\/#primaryimage\"},\"image\":{\"@id\":\"https:\\\/\\\/www.meydan.tv\\\/az\\\/article\\\/agdam-sakini-qizim-imkansizliqdan-mualice-ala-bilmedi-vefat-etdi\\\/#primaryimage\"},\"thumbnailUrl\":\"https:\\\/\\\/www.meydan.tv\\\/wp-content\\\/uploads\\\/sayt-cover_mocledm.png\",\"datePublished\":\"2019-05-16T16:40:50+00:00\",\"breadcrumb\":{\"@id\":\"https:\\\/\\\/www.meydan.tv\\\/az\\\/article\\\/agdam-sakini-qizim-imkansizliqdan-mualice-ala-bilmedi-vefat-etdi\\\/#breadcrumb\"},\"inLanguage\":\"az\",\"potentialAction\":[{\"@type\":\"ReadAction\",\"target\":[\"https:\\\/\\\/www.meydan.tv\\\/az\\\/article\\\/agdam-sakini-qizim-imkansizliqdan-mualice-ala-bilmedi-vefat-etdi\\\/\"]}]},{\"@type\":\"ImageObject\",\"inLanguage\":\"az\",\"@id\":\"https:\\\/\\\/www.meydan.tv\\\/az\\\/article\\\/agdam-sakini-qizim-imkansizliqdan-mualice-ala-bilmedi-vefat-etdi\\\/#primaryimage\",\"url\":\"https:\\\/\\\/www.meydan.tv\\\/wp-content\\\/uploads\\\/sayt-cover_mocledm.png\",\"contentUrl\":\"https:\\\/\\\/www.meydan.tv\\\/wp-content\\\/uploads\\\/sayt-cover_mocledm.png\",\"width\":1000,\"height\":555,\"caption\":\"Source: Meydan.TV\"},{\"@type\":\"BreadcrumbList\",\"@id\":\"https:\\\/\\\/www.meydan.tv\\\/az\\\/article\\\/agdam-sakini-qizim-imkansizliqdan-mualice-ala-bilmedi-vefat-etdi\\\/#breadcrumb\",\"itemListElement\":[{\"@type\":\"ListItem\",\"position\":1,\"name\":\"Ana s\u0259hif\u0259\",\"item\":\"https:\\\/\\\/www.meydan.tv\\\/az\\\/\"},{\"@type\":\"ListItem\",\"position\":2,\"name\":\"B\u00f6lg\u0259\",\"item\":\"https:\\\/\\\/www.meydan.tv\\\/az\\\/section\\\/bolge\\\/\"},{\"@type\":\"ListItem\",\"position\":3,\"name\":\"A\u011fdam sakini: Q\u0131z\u0131m imkans\u0131zl\u0131qdan m\u00fcalic\u0259 ala bilm\u0259di, v\u0259fat etdi\"}]},{\"@type\":\"WebSite\",\"@id\":\"https:\\\/\\\/www.meydan.tv\\\/az\\\/#website\",\"url\":\"https:\\\/\\\/www.meydan.tv\\\/az\\\/\",\"name\":\"MEYDAN.TV\",\"description\":\"Meydan TV Az\u0259rbaycan\u0131n media m\u0259kan\u0131ndak\u0131 alternativ s\u0259sidir\",\"publisher\":{\"@id\":\"https:\\\/\\\/www.meydan.tv\\\/az\\\/#organization\"},\"potentialAction\":[{\"@type\":\"SearchAction\",\"target\":{\"@type\":\"EntryPoint\",\"urlTemplate\":\"https:\\\/\\\/www.meydan.tv\\\/az\\\/?s={search_term_string}\"},\"query-input\":{\"@type\":\"PropertyValueSpecification\",\"valueRequired\":true,\"valueName\":\"search_term_string\"}}],\"inLanguage\":\"az\"},{\"@type\":\"Organization\",\"@id\":\"https:\\\/\\\/www.meydan.tv\\\/az\\\/#organization\",\"name\":\"Meydan TV\",\"url\":\"https:\\\/\\\/www.meydan.tv\\\/az\\\/\",\"logo\":{\"@type\":\"ImageObject\",\"inLanguage\":\"az\",\"@id\":\"https:\\\/\\\/www.meydan.tv\\\/az\\\/#\\\/schema\\\/logo\\\/image\\\/\",\"url\":\"https:\\\/\\\/www.meydan.tv\\\/wp-content\\\/uploads\\\/2021\\\/07\\\/meydan-logo.svg\",\"contentUrl\":\"https:\\\/\\\/www.meydan.tv\\\/wp-content\\\/uploads\\\/2021\\\/07\\\/meydan-logo.svg\",\"width\":195,\"height\":46,\"caption\":\"Meydan TV\"},\"image\":{\"@id\":\"https:\\\/\\\/www.meydan.tv\\\/az\\\/#\\\/schema\\\/logo\\\/image\\\/\"}},{\"@type\":\"Person\",\"@id\":\"https:\\\/\\\/www.meydan.tv\\\/az\\\/#\\\/schema\\\/person\\\/10d11eccf6da3662cf5fdab9806ea91a\",\"name\":\"user-manager\"}]}<\/script>\n<!-- \/ Yoast SEO plugin. -->","yoast_head_json":{"title":"A\u011fdam sakini: Q\u0131z\u0131m imkans\u0131zl\u0131qdan m\u00fcalic\u0259 ala bilm\u0259di, v\u0259fat etdi - MEYDAN.TV","robots":{"index":"index","follow":"follow","max-snippet":"max-snippet:-1","max-image-preview":"max-image-preview:large","max-video-preview":"max-video-preview:-1"},"canonical":"https:\/\/www.meydan.tv\/az\/article\/agdam-sakini-qizim-imkansizliqdan-mualice-ala-bilmedi-vefat-etdi\/","og_locale":"az_AZ","og_type":"article","og_title":"A\u011fdam sakini: Q\u0131z\u0131m imkans\u0131zl\u0131qdan m\u00fcalic\u0259 ala bilm\u0259di, v\u0259fat etdi - MEYDAN.TV","og_description":"Ata anemiyadan (qan azl\u0131\u011f\u0131 n\u0259tic\u0259sind\u0259 yaranan x\u0259st\u0259lik) \u0259ziyy\u0259t \u00e7\u0259k\u0259n \u00f6vlad\u0131n\u0131 ehtiyac \u00fcz\u00fcnd\u0259n m\u00fcalic\u0259 etdir\u0259 bilm\u0259yib","og_url":"https:\/\/www.meydan.tv\/az\/article\/agdam-sakini-qizim-imkansizliqdan-mualice-ala-bilmedi-vefat-etdi\/","og_site_name":"MEYDAN.TV","article_published_time":"2019-05-16T16:40:50+00:00","og_image":[{"width":1000,"height":555,"url":"https:\/\/www.meydan.tv\/wp-content\/uploads\/sayt-cover_mocledm.png","type":"image\/png"}],"author":"user-manager","twitter_card":"summary_large_image","schema":{"@context":"https:\/\/schema.org","@graph":[{"@type":"Article","@id":"https:\/\/www.meydan.tv\/az\/article\/agdam-sakini-qizim-imkansizliqdan-mualice-ala-bilmedi-vefat-etdi\/#article","isPartOf":{"@id":"https:\/\/www.meydan.tv\/az\/article\/agdam-sakini-qizim-imkansizliqdan-mualice-ala-bilmedi-vefat-etdi\/"},"author":{"name":"user-manager","@id":"https:\/\/www.meydan.tv\/az\/#\/schema\/person\/10d11eccf6da3662cf5fdab9806ea91a"},"headline":"A\u011fdam sakini: Q\u0131z\u0131m imkans\u0131zl\u0131qdan m\u00fcalic\u0259 ala bilm\u0259di, v\u0259fat etdi","datePublished":"2019-05-16T16:40:50+00:00","mainEntityOfPage":{"@id":"https:\/\/www.meydan.tv\/az\/article\/agdam-sakini-qizim-imkansizliqdan-mualice-ala-bilmedi-vefat-etdi\/"},"wordCount":1267,"publisher":{"@id":"https:\/\/www.meydan.tv\/az\/#organization"},"image":{"@id":"https:\/\/www.meydan.tv\/az\/article\/agdam-sakini-qizim-imkansizliqdan-mualice-ala-bilmedi-vefat-etdi\/#primaryimage"},"thumbnailUrl":"https:\/\/www.meydan.tv\/wp-content\/uploads\/sayt-cover_mocledm.png","articleSection":["B\u00f6lg\u0259"],"inLanguage":"az"},{"@type":"WebPage","@id":"https:\/\/www.meydan.tv\/az\/article\/agdam-sakini-qizim-imkansizliqdan-mualice-ala-bilmedi-vefat-etdi\/","url":"https:\/\/www.meydan.tv\/az\/article\/agdam-sakini-qizim-imkansizliqdan-mualice-ala-bilmedi-vefat-etdi\/","name":"A\u011fdam sakini: Q\u0131z\u0131m imkans\u0131zl\u0131qdan m\u00fcalic\u0259 ala bilm\u0259di, v\u0259fat etdi - MEYDAN.TV","isPartOf":{"@id":"https:\/\/www.meydan.tv\/az\/#website"},"primaryImageOfPage":{"@id":"https:\/\/www.meydan.tv\/az\/article\/agdam-sakini-qizim-imkansizliqdan-mualice-ala-bilmedi-vefat-etdi\/#primaryimage"},"image":{"@id":"https:\/\/www.meydan.tv\/az\/article\/agdam-sakini-qizim-imkansizliqdan-mualice-ala-bilmedi-vefat-etdi\/#primaryimage"},"thumbnailUrl":"https:\/\/www.meydan.tv\/wp-content\/uploads\/sayt-cover_mocledm.png","datePublished":"2019-05-16T16:40:50+00:00","breadcrumb":{"@id":"https:\/\/www.meydan.tv\/az\/article\/agdam-sakini-qizim-imkansizliqdan-mualice-ala-bilmedi-vefat-etdi\/#breadcrumb"},"inLanguage":"az","potentialAction":[{"@type":"ReadAction","target":["https:\/\/www.meydan.tv\/az\/article\/agdam-sakini-qizim-imkansizliqdan-mualice-ala-bilmedi-vefat-etdi\/"]}]},{"@type":"ImageObject","inLanguage":"az","@id":"https:\/\/www.meydan.tv\/az\/article\/agdam-sakini-qizim-imkansizliqdan-mualice-ala-bilmedi-vefat-etdi\/#primaryimage","url":"https:\/\/www.meydan.tv\/wp-content\/uploads\/sayt-cover_mocledm.png","contentUrl":"https:\/\/www.meydan.tv\/wp-content\/uploads\/sayt-cover_mocledm.png","width":1000,"height":555,"caption":"Source: Meydan.TV"},{"@type":"BreadcrumbList","@id":"https:\/\/www.meydan.tv\/az\/article\/agdam-sakini-qizim-imkansizliqdan-mualice-ala-bilmedi-vefat-etdi\/#breadcrumb","itemListElement":[{"@type":"ListItem","position":1,"name":"Ana s\u0259hif\u0259","item":"https:\/\/www.meydan.tv\/az\/"},{"@type":"ListItem","position":2,"name":"B\u00f6lg\u0259","item":"https:\/\/www.meydan.tv\/az\/section\/bolge\/"},{"@type":"ListItem","position":3,"name":"A\u011fdam sakini: Q\u0131z\u0131m imkans\u0131zl\u0131qdan m\u00fcalic\u0259 ala bilm\u0259di, v\u0259fat etdi"}]},{"@type":"WebSite","@id":"https:\/\/www.meydan.tv\/az\/#website","url":"https:\/\/www.meydan.tv\/az\/","name":"MEYDAN.TV","description":"Meydan TV Az\u0259rbaycan\u0131n media m\u0259kan\u0131ndak\u0131 alternativ s\u0259sidir","publisher":{"@id":"https:\/\/www.meydan.tv\/az\/#organization"},"potentialAction":[{"@type":"SearchAction","target":{"@type":"EntryPoint","urlTemplate":"https:\/\/www.meydan.tv\/az\/?s={search_term_string}"},"query-input":{"@type":"PropertyValueSpecification","valueRequired":true,"valueName":"search_term_string"}}],"inLanguage":"az"},{"@type":"Organization","@id":"https:\/\/www.meydan.tv\/az\/#organization","name":"Meydan TV","url":"https:\/\/www.meydan.tv\/az\/","logo":{"@type":"ImageObject","inLanguage":"az","@id":"https:\/\/www.meydan.tv\/az\/#\/schema\/logo\/image\/","url":"https:\/\/www.meydan.tv\/wp-content\/uploads\/2021\/07\/meydan-logo.svg","contentUrl":"https:\/\/www.meydan.tv\/wp-content\/uploads\/2021\/07\/meydan-logo.svg","width":195,"height":46,"caption":"Meydan TV"},"image":{"@id":"https:\/\/www.meydan.tv\/az\/#\/schema\/logo\/image\/"}},{"@type":"Person","@id":"https:\/\/www.meydan.tv\/az\/#\/schema\/person\/10d11eccf6da3662cf5fdab9806ea91a","name":"user-manager"}]}},"_links":{"self":[{"href":"https:\/\/www.meydan.tv\/az\/wp-json\/wp\/v2\/posts\/195431","targetHints":{"allow":["GET"]}}],"collection":[{"href":"https:\/\/www.meydan.tv\/az\/wp-json\/wp\/v2\/posts"}],"about":[{"href":"https:\/\/www.meydan.tv\/az\/wp-json\/wp\/v2\/types\/post"}],"author":[{"embeddable":true,"href":"https:\/\/www.meydan.tv\/az\/wp-json\/wp\/v2\/users\/11"}],"replies":[{"embeddable":true,"href":"https:\/\/www.meydan.tv\/az\/wp-json\/wp\/v2\/comments?post=195431"}],"version-history":[{"count":0,"href":"https:\/\/www.meydan.tv\/az\/wp-json\/wp\/v2\/posts\/195431\/revisions"}],"wp:featuredmedia":[{"embeddable":true,"href":"https:\/\/www.meydan.tv\/az\/wp-json\/wp\/v2\/media\/123870"}],"wp:attachment":[{"href":"https:\/\/www.meydan.tv\/az\/wp-json\/wp\/v2\/media?parent=195431"}],"wp:term":[{"taxonomy":"category","embeddable":true,"href":"https:\/\/www.meydan.tv\/az\/wp-json\/wp\/v2\/categories?post=195431"},{"taxonomy":"post_tag","embeddable":true,"href":"https:\/\/www.meydan.tv\/az\/wp-json\/wp\/v2\/tags?post=195431"}],"curies":[{"name":"wp","href":"https:\/\/api.w.org\/{rel}","templated":true}]}}