{"id":195371,"date":"2019-05-13T23:52:00","date_gmt":"2019-05-13T23:52:00","guid":{"rendered":"https:\/\/www.meydan.tv\/article\/polis-reisi-meni-uc-defe-ruhi-xestexanaya-saldirib-indi-dorduncuye-cehd-edir\/"},"modified":"2019-05-13T23:52:00","modified_gmt":"2019-05-13T23:52:00","slug":"polis-reisi-meni-uc-defe-ruhi-xestexanaya-saldirib-indi-dorduncuye-cehd-edir","status":"publish","type":"post","link":"https:\/\/www.meydan.tv\/az\/article\/polis-reisi-meni-uc-defe-ruhi-xestexanaya-saldirib-indi-dorduncuye-cehd-edir\/","title":{"rendered":"\u201cPolis r\u0259isi m\u0259ni \u00fc\u00e7 d\u0259f\u0259 ruhi x\u0259st\u0259xanaya sald\u0131r\u0131b, indi d\u00f6rd\u00fcnc\u00fcy\u0259 c\u0259hd edir\u201d"},"content":{"rendered":"<p>\n  Co\u015f\u011fun Nuriyevin dem\u0259sin\u0259 g\u00f6r\u0259, h\u0259r d\u0259f\u0259 x\u0259st\u0259liyi v\u0259 sosial durumundan \u015fikay\u0259tl\u0259n\u0259nd\u0259, onu Ma\u015fta\u011fadak\u0131 ruhi x\u0259st\u0259xanaya yollay\u0131rlar.\n<\/p>\n<p>\n  H\u0259r d\u0259f\u0259 m\u0259hk\u0259m\u0259d\u0259n bildiri\u015f g\u0259l\u0259nd\u0259 g\u00f6t\u00fcr\u00fcb getmi\u015f\u0259m ba\u015f h\u0259kimin yan\u0131na, soru\u015furam ki, bu n\u0259 dem\u0259kdir, m\u0259ni ruhi x\u0259st\u0259xanaya niy\u0259 yerl\u0259\u015fdirm\u0259k ist\u0259yirsiz? Deyir, m\u0259nlik deyil, polis r\u0259isinin tap\u015f\u0131r\u0131\u011f\u0131d\u0131r\u201d.\n<\/p>\n<p>\n  Salyan sakini Co\u015f\u011fun Nuriyevin 32 ya\u015f\u0131 var. \u0130ll\u0259rdir ki, a\u00e7\u0131q v\u0259r\u0259md\u0259n \u0259ziyy\u0259t \u00e7\u0259kir. Onun dem\u0259sin\u0259 g\u00f6r\u0259, 2015-ci ild\u0259 polisl\u0259r t\u0259r\u0259find\u0259n d\u00f6y\u00fcld\u00fckd\u0259n sonra sa\u011f ciy\u0259ri partlay\u0131b, sonrak\u0131 m\u00fcalic\u0259l\u0259r fayda verm\u0259yib v\u0259 n\u0259tic\u0259d\u0259 a\u00e7\u0131q v\u0259r\u0259m\u0259 s\u0259b\u0259b olub. M\u00fcalic\u0259 oluna bilmir, i\u015fsizdir, sosial durumu a\u011f\u0131rd\u0131r. Buna g\u00f6r\u0259 d\u0259 tez-tez Salyan Rayon \u0130cra Hakimiyy\u0259tin\u0259 k\u00f6m\u0259k \u00fc\u00e7\u00fcn m\u00fcraci\u0259t edir. Bir ne\u00e7\u0259 d\u0259f\u0259 ba\u015f\u00e7\u0131n\u0131n v\u0259 m\u00fcavinl\u0259rinin q\u0259bulunda olub, h\u0259r d\u0259f\u0259 d\u0259 \u201cbura niy\u0259 g\u0259lirs\u0259n ax\u0131, bura c\u0259miyy\u0259ti deyil, get, ham\u0131 kimi, s\u0259n d\u0259 \u00f6z\u00fcn ba\u015f\u0131n\u0131 saxla\u201d cavab\u0131 al\u0131r. Buna g\u00f6r\u0259 d\u0259 \u00f6lk\u0259 ba\u015f\u00e7\u0131s\u0131na m\u00fcraci\u0259t etm\u0259k q\u0259rar\u0131na g\u0259lir. Ancaq dem\u0259sin\u0259 g\u00f6r\u0259, h\u0259r d\u0259f\u0259ki m\u00fcraci\u0259tind\u0259n sonra onu Ma\u015fta\u011fadak\u0131 1 sayl\u0131 Respublika Psixatriya X\u0259st\u0259xanas\u0131na yerl\u0259\u015fdirm\u0259kl\u0259 c\u0259zaland\u0131r\u0131rlar.\n<\/p>\n<h3>\n  \u201cBa\u015f\u00e7\u0131 \u0259mr verir ki, tutun d\u0259lixanaya sal\u0131n\u201d<br \/>\n<\/h3>\n<p>\n  \u201cBak\u0131ya g\u00f6nd\u0259rdiyim \u015fikay\u0259t m\u0259ktublar\u0131 Salyan\u0131n icra hakimiyy\u0259tinin ba\u015f\u00e7\u0131s\u0131na qay\u0131d\u0131b g\u0259lir, o da polis r\u0259isin\u0259 tap\u015f\u0131r\u0131r ki, \u015fikay\u0259t etdiyim \u00fc\u00e7\u00fcn m\u0259niml\u0259 ba\u011fl\u0131 t\u0259dbir g\u00f6rs\u00fcn. Polis r\u0259isi d\u0259 rayon m\u0259rk\u0259zi x\u0259st\u0259xanas\u0131n\u0131n ba\u015f h\u0259kimin\u0259 tap\u015f\u0131r\u0131r ki, m\u0259ni \u201cd\u0259lixanaya\u201d bass\u0131n. Ba\u015f h\u0259kim m\u0259hk\u0259m\u0259y\u0259 ruhi x\u0259st\u0259 olma\u011f\u0131mla ba\u011fl\u0131 saxta s\u0259n\u0259d g\u00f6nd\u0259rir ki, v\u0259t\u0259nda\u015f ruhi x\u0259st\u0259dir, qeyri-k\u00f6n\u00fcll\u00fc ruhi x\u0259st\u0259xanaya yerl\u0259\u015fsirilsin. M\u0259hk\u0259m\u0259 d\u0259 he\u00e7 n\u0259yi ara\u015fd\u0131rmadan q\u0259rar \u00e7\u0131xar\u0131r, harda olsam, tutub bas\u0131rlar ma\u015f\u0131na, apar\u0131b at\u0131rlar Ma\u015fta\u011fadak\u0131 ruhi x\u0259st\u0259xanaya,\u201d- Co\u015f\u011fun Nuriyev deyir.\n<\/p>\n<p>\n  Onun s\u00f6zl\u0259rin\u0259 g\u00f6r\u0259, bu proses art\u0131q \u00fc\u00e7 d\u0259f\u0259 t\u0259krar olunub. Birinci d\u0259f\u0259 2017-ci ild\u0259 Ma\u015fta\u011fadak\u0131 Psixatriya X\u0259st\u0259xanas\u0131nda 3 ay saxlan\u0131l\u0131b. Anas\u0131 T\u0259ran\u0259 Nuriyevan\u0131n Ombudsmana m\u00fcraci\u0259tind\u0259n sonra burax\u0131l\u0131b. \u0130kinci d\u0259f\u0259 Salyandak\u0131 Ruhi-\u018fs\u0259b Dispanserind\u0259 6 g\u00fcn saxlan\u0131l\u0131b. 6 g\u00fcnd\u0259n sonra dispanserin h\u0259kiml\u0259ri onu Ma\u015fta\u011fadak\u0131 Psixatriya X\u0259st\u0259xanas\u0131na g\u00f6t\u00fcr\u00fcbl\u0259r.\n<\/p>\n<h3>\n  \u201cPolisl\u0259r yoldan tutub, ma\u015f\u0131na bas\u0131b, d\u0259lixanaya apard\u0131lar\u201d<br \/>\n<\/h3>\n<p>\n  Co\u015f\u011fun Nuriyev dan\u0131\u015f\u0131r:\n<\/p>\n<p>\n  \u201cMa\u015fta\u011fadak\u0131 x\u0259st\u0259xanada bir \u015f\u00f6b\u0259 m\u00fcdiri var, Orxan h\u0259kim, dedi, bunu yen\u0259 bura niy\u0259 g\u0259tirmisiz? A\u011fl\u0131 ba\u015f\u0131nda adamlar\u0131 bura niy\u0259 da\u015f\u0131y\u0131rs\u0131z? Bu adam a\u00e7\u0131q v\u0259r\u0259m x\u0259st\u0259sidir, d\u0259li deyil, apar\u0131n, aidiyy\u0259ti \u00fczr\u0259 x\u0259st\u0259xanaya yerl\u0259\u015fdirin, adam m\u00fcalic\u0259 olunsun. M\u0259ni aparan h\u0259kiml\u0259r Salyandak\u0131 Ruhi-\u0259s\u0259b Dispanserinin ba\u015f h\u0259kimi Ya\u015far K\u0259rimova z\u0259ng vurdular ki, o \u00f6z\u00fc Orxan h\u0259kim\u0259 tap\u015f\u0131rs\u0131n. Orxan h\u0259kim ona da eyni s\u00f6zl\u0259ri dedi, m\u0259niml\u0259 ba\u011fl\u0131 m\u00fcsb\u0259t r\u0259y yaz\u0131b verdi, yola sald\u0131. H\u0259kiml\u0259r m\u0259ni t\u0259z\u0259d\u0259n Salyandak\u0131 Ruhi-\u0259s\u0259b Dispanser\u0259 qaytard\u0131lar. Sabah\u0131 g\u00fcn anam s\u0259h\u0259r tezd\u0259n dispanser\u0259 g\u0259ldi, h\u0259kim\u0259 bildirdi ki, bunu ciy\u0259rinin qan\u0131 a\u011fz\u0131ndan axa-axa h\u0259r d\u0259f\u0259 tutub gah Ma\u015fta\u011faya apar\u0131rs\u0131z, gah burda saxlay\u0131rs\u0131z, Ombudsmana yazacam. H\u0259kim dedi, he\u00e7 yer\u0259 yazma, g\u00f6t\u00fcr apar o\u011flunu, ancaq tap\u015f\u0131r ki, he\u00e7 yer\u0259 yazmas\u0131n, o yazd\u0131qca, ba\u015f\u00e7\u0131 da bizi s\u0131x\u0131\u015fd\u0131r\u0131r ki, g\u00f6t\u00fcr\u00fcn at\u0131n onu d\u0259lixanaya&#8230;\u201d\n<\/p>\n<p>\n  \u00dc\u00e7\u00fcnc\u00fc d\u0259f\u0259 Co\u015f\u011fun Nuriyevin ba\u015f\u0131na eyni hadis\u0259 bu ilin fevral\u0131nda g\u0259lib. Dem\u0259sin\u0259 g\u00f6r\u0259, fevral\u0131n 14-d\u0259 gec\u0259 saatlar\u0131nda telefonla dan\u0131\u015fa-dan\u0131\u015fa ya\u015fad\u0131\u011f\u0131 ev\u0259 yax\u0131nla\u015fark\u0259n polisl\u0259r onu tutub zorla ma\u015f\u0131na mindirib birba\u015fa Ma\u015fta\u011fadak\u0131 Psixatriya X\u0259st\u0259xanas\u0131na apar\u0131blar. Yen\u0259 d\u0259 anas\u0131n\u0131n Ombudsmana \u015fikay\u0259tl\u0259rind\u0259n sonra mart\u0131n 26-da x\u0259st\u0259xanadan burax\u0131l\u0131b.\n<\/p>\n<h3>\n  \u201cUyu\u015fdurucu t\u0259rkibli iyn\u0259l\u0259r vurub g\u00fcnl\u0259rl\u0259 yatd\u0131r\u0131rlar\u201d<br \/>\n<\/h3>\n<p>\n  Co\u015f\u011fun Nuriyev deyir, h\u0259r d\u0259f\u0259 ruhi x\u0259st\u0259xanaya yerl\u0259\u015fdiril\u0259nd\u0259 ona a\u011f\u0131r, uyu\u015fdurucu t\u0259rkibli iyn\u0259l\u0259r vurulur ki, bu, sa\u011flam olmayan s\u0259hh\u0259tini daha da a\u011f\u0131rla\u015fd\u0131r\u0131r:\n<\/p>\n<p>\n  \u201cH\u0259r d\u0259f\u0259 aparanda a\u011f\u0131r iyn\u0259l\u0259r vurulur, el\u0259 t\u0259kc\u0259 \u201cAminazin\u201di vuranda 3 g\u00fcn yat\u0131rd\u0131m. Ay\u0131landa \u00f6z\u00fcm\u00fc olduqca \u0259zgin hiss edirdim, aya\u011fa zorla qalx\u0131rd\u0131m. M\u0259n Prezindent\u0259 m\u00fcraci\u0259t edir\u0259m ki, v\u0259r\u0259md\u0259n \u0259ziyy\u0259t \u00e7\u0259kdiyim \u00fc\u00e7\u00fcn m\u00fcalic\u0259m\u0259 k\u00f6m\u0259k etsin, bunlarsa h\u0259r d\u0259f\u0259 m\u0259n\u0259 narkotik, uyu\u015fdurucu t\u0259rkibli iyn\u0259l\u0259rd\u0259n vurub ciy\u0259rl\u0259rim\u0259 daha da z\u0259r\u0259r vururlar, \u00f6l\u00fcm\u00fcm\u00fc tezl\u0259\u015fdirirl\u0259r\u201d.\n<\/p>\n<figure class=\"wp-block-image size-large\">\n  <img decoding=\"async\" src=\"https:\/\/www.meydan.tv\/az\/erize\/\" alt=\"\u018friz\u0259\" class=\"wp-image-123726\"\/><figcaption>\n    \u018friz\u0259<br \/>\n  <\/figcaption><\/figure>\n<p>\n  Co\u015f\u011fun Nuriyev art\u0131q \u00f6lk\u0259 ba\u015f\u00e7\u0131s\u0131na t\u0259kc\u0259 sosial durumu v\u0259 m\u00fcalic\u0259 ala bilm\u0259m\u0259si il\u0259 ba\u011fl\u0131 yox, h\u0259m d\u0259 rayonun icra ba\u015f\u00e7\u0131s\u0131n\u0131n, polis r\u0259isinin, m\u0259rk\u0259zi x\u0259st\u0259xanan\u0131n ba\u015f h\u0259kiminin v\u0259 ruhi-\u0259s\u0259b dispanderinin ba\u015f h\u0259kiminin ona qar\u015f\u0131 etdikl\u0259rind\u0259n yaz\u0131r. Bunun n\u0259tic\u0259sidir ki, aprelin 15-d\u0259 o, Salyan Rayon M\u0259hk\u0259m\u0259sind\u0259n n\u00f6vb\u0259ti bildiri\u015fi al\u0131b:\n<\/p>\n<p>\n  \u201cYa\u015fad\u0131\u011f\u0131m\u0131z \u00fcnvana n\u00f6vb\u0259ti bildiri\u015f g\u0259lib. Qeyd olunub ki, Salyan rayon M\u0259rk\u0259zi X\u0259st\u0259xanas\u0131n\u0131n m\u0259nim psixatriya stasionar\u0131na qeyri-k\u00f6n\u00fcll\u00fc yerl\u0259\u015fdirilm\u0259m \u00fc\u00e7\u00fcn m\u0259hk\u0259m\u0259y\u0259 yazd\u0131\u011f\u0131 \u0259riz\u0259y\u0259 aprelin 17-d\u0259 saat 15.00-da bax\u0131lacaq. M\u0259nim n\u00fcmay\u0259nd\u0259min d\u0259 m\u0259hk\u0259m\u0259 iclas\u0131nda i\u015ftirak\u0131 m\u0259cburidir. T\u0259bii ki, getm\u0259dim v\u0259 n\u00fcmay\u0259nd\u0259m d\u0259 yoxdur, \u00e7\u00fcnki a\u011fl\u0131 ba\u015f\u0131nda olan adamam, anlaqs\u0131z deyil\u0259m. N\u00f6vb\u0259ti d\u0259f\u0259 aprelin 24-d\u0259 po\u00e7t \u015f\u00f6b\u0259sind\u0259n z\u0259ng vurub bildirdil\u0259r ki, m\u0259hk\u0259m\u0259d\u0259n m\u0259n\u0259 m\u0259ktub var, dedim, q\u0259bul el\u0259mir\u0259m, qaytar\u0131n m\u0259hk\u0259m\u0259y\u0259&#8230; H\u0259l\u0259 ki, m\u0259hk\u0259m\u0259d\u0259n m\u0259n\u0259 z\u0259ng olmay\u0131b. M\u0259nim s\u00f6z\u00fcm c\u0259nab Prezident\u0259dir. O, \u00f6z\u00fc ill\u0259rdir ki, \u00e7\u0131x\u0131\u015flar\u0131nda deyir, h\u0259r bir v\u0259t\u0259nda\u015f\u0131n qarant\u0131d\u0131r. Ancaq m\u0259murlar\u0131n prezidentd\u0259n \u00e7\u0259kin\u0259n yerl\u0259ri yoxdur. V\u0259t\u0259nda\u015f prezidentd\u0259n k\u00f6m\u0259k ist\u0259yir, m\u0259mur h\u0259min v\u0259t\u0259nda\u015f\u0131 d\u0259lixanaya salmaqla c\u0259zaland\u0131r\u0131r\u201d.\n<\/p>\n<h3>\n  \u201cEvd\u0259n \u00e7\u00f6l\u0259 \u00e7\u0131xa bilmir\u0259m\u201d<br \/>\n<\/h3>\n<p>\n  Salyan Rayon \u0130cra Hakimiyy\u0259tind\u0259n Meydan TV-y\u0259 bildirilib ki, Co\u015f\u011fun Nuriyev ad\u0131nda v\u0259t\u0259nda\u015f quruma he\u00e7 vaxt m\u00fcraci\u0259t etm\u0259yib, dan\u0131\u015fd\u0131qlar\u0131n\u0131n icra hakimiyy\u0259ti, ba\u015f\u00e7\u0131 v\u0259 m\u00fcavinl\u0259rl\u0259 h\u0259r hans\u0131 \u0259laq\u0259si yoxdur. Rayon Polis \u015e\u00f6b\u0259sind\u0259n d\u0259 deyil\u0259nl\u0259r t\u0259kzib olunub: \u201cOla bilsin ki, m\u0259hk\u0259m\u0259 q\u0259rar\u0131n\u0131n icras\u0131n\u0131 h\u0259yata ke\u00e7ir\u0259 bilm\u0259yibl\u0259r, polis\u0259 m\u00fcraci\u0259t olunub, polis d\u0259 x\u0259st\u0259nin yerl\u0259\u015fdirilm\u0259si il\u0259 ba\u011fl\u0131 qanuni t\u0259dbir g\u00f6r\u00fcb, ancaq kimins\u0259 r\u0259isin sifari\u015fil\u0259 ruhi x\u0259st\u0259xanaya sal\u0131nmas\u0131 na\u011f\u0131ldan, iftiradan ba\u015fqa bir \u015fey deyil\u201d.\n<\/p>\n<p>\n  Rayon M\u0259rk\u0259zi X\u0259st\u0259xanas\u0131ndan bildirilib ki, Co\u015f\u011fun Nuriyevin psixi probleml\u0259ri olmasayd\u0131, \u0259vv\u0259ll\u0259r onu Ma\u015fta\u011fadak\u0131 v\u0259 Salyandak\u0131 psixatriya x\u0259st\u0259xanalar\u0131nda stasionar m\u00fcalic\u0259 etm\u0259zdil\u0259r. Co\u015f\u011fun Nuriyevl\u0259 ba\u011fl\u0131 Ma\u015fta\u011fadak\u0131 Respublika Psixatriya X\u0259st\u0259xanas\u0131ndan v\u0259 Salyan rayon Ruhi-\u018fs\u0259b Dispanserind\u0259n is\u0259 m\u0259s\u0259l\u0259y\u0259 m\u00fcnasib\u0259t \u00f6yr\u0259nm\u0259k m\u00fcmk\u00fcn olmay\u0131b.\n<\/p>\n<p>\n  Co\u015f\u011fun Nuriyevs\u0259 add\u0131m\u0131n\u0131 evd\u0259n \u00e7\u00f6l\u0259 ata bilmir. Deyir, d\u0259rmanlar\u0131n\u0131 almaq \u00fc\u00e7\u00fcn aptek\u0259 d\u0259 anas\u0131 gedir. Onda h\u0259r an k\u00fc\u00e7\u0259nin ortas\u0131nda qamarlan\u0131b ruhi x\u0259st\u0259xanaya apar\u0131lmas\u0131 xofu yaran\u0131b.<\/p>\n","protected":false},"excerpt":{"rendered":"<p>Co\u015f\u011fun Nuriyevin dem\u0259sin\u0259 g\u00f6r\u0259, h\u0259r d\u0259f\u0259 x\u0259st\u0259liyi v\u0259 sosial durumundan \u015fikay\u0259tl\u0259n\u0259nd\u0259, onu Ma\u015fta\u011fadak\u0131 ruhi x\u0259st\u0259xanaya yollay\u0131rlar<\/p>\n","protected":false},"author":11,"featured_media":123717,"comment_status":"closed","ping_status":"open","sticky":false,"template":"","format":"standard","meta":{"_acf_changed":false,"_sitemap_exclude":false,"_sitemap_priority":"","_sitemap_frequency":"","footnotes":""},"categories":[60],"tags":[],"class_list":["post-195371","post","type-post","status-publish","format-standard","has-post-thumbnail","hentry","category-bolge","infinite-scroll-item","generate-columns","tablet-grid-50","mobile-grid-100","grid-parent","grid-33","no-featured-image-padding"],"acf":[],"yoast_head":"<!-- This site is optimized with the Yoast SEO plugin v27.4 - https:\/\/yoast.com\/product\/yoast-seo-wordpress\/ -->\n<title>\u201cPolis r\u0259isi m\u0259ni \u00fc\u00e7 d\u0259f\u0259 ruhi x\u0259st\u0259xanaya sald\u0131r\u0131b, indi d\u00f6rd\u00fcnc\u00fcy\u0259 c\u0259hd edir\u201d - MEYDAN.TV<\/title>\n<meta name=\"robots\" content=\"index, follow, max-snippet:-1, max-image-preview:large, max-video-preview:-1\" \/>\n<link rel=\"canonical\" href=\"https:\/\/www.meydan.tv\/az\/article\/polis-reisi-meni-uc-defe-ruhi-xestexanaya-saldirib-indi-dorduncuye-cehd-edir\/\" \/>\n<meta property=\"og:locale\" content=\"az_AZ\" \/>\n<meta property=\"og:type\" content=\"article\" \/>\n<meta property=\"og:title\" content=\"\u201cPolis r\u0259isi m\u0259ni \u00fc\u00e7 d\u0259f\u0259 ruhi x\u0259st\u0259xanaya sald\u0131r\u0131b, indi d\u00f6rd\u00fcnc\u00fcy\u0259 c\u0259hd edir\u201d - MEYDAN.TV\" \/>\n<meta property=\"og:description\" content=\"Co\u015f\u011fun Nuriyevin dem\u0259sin\u0259 g\u00f6r\u0259, h\u0259r d\u0259f\u0259 x\u0259st\u0259liyi v\u0259 sosial durumundan \u015fikay\u0259tl\u0259n\u0259nd\u0259, onu Ma\u015fta\u011fadak\u0131 ruhi x\u0259st\u0259xanaya yollay\u0131rlar\" \/>\n<meta property=\"og:url\" content=\"https:\/\/www.meydan.tv\/az\/article\/polis-reisi-meni-uc-defe-ruhi-xestexanaya-saldirib-indi-dorduncuye-cehd-edir\/\" \/>\n<meta property=\"og:site_name\" content=\"MEYDAN.TV\" \/>\n<meta property=\"article:published_time\" content=\"2019-05-13T23:52:00+00:00\" \/>\n<meta property=\"og:image\" content=\"https:\/\/www.meydan.tv\/wp-content\/uploads\/sayt-cover_1_eoxouqk.png\" \/>\n\t<meta property=\"og:image:width\" content=\"1000\" \/>\n\t<meta property=\"og:image:height\" content=\"555\" \/>\n\t<meta property=\"og:image:type\" content=\"image\/png\" \/>\n<meta name=\"author\" content=\"user-manager\" \/>\n<meta name=\"twitter:card\" content=\"summary_large_image\" \/>\n<script type=\"application\/ld+json\" class=\"yoast-schema-graph\">{\"@context\":\"https:\\\/\\\/schema.org\",\"@graph\":[{\"@type\":\"Article\",\"@id\":\"https:\\\/\\\/www.meydan.tv\\\/az\\\/article\\\/polis-reisi-meni-uc-defe-ruhi-xestexanaya-saldirib-indi-dorduncuye-cehd-edir\\\/#article\",\"isPartOf\":{\"@id\":\"https:\\\/\\\/www.meydan.tv\\\/az\\\/article\\\/polis-reisi-meni-uc-defe-ruhi-xestexanaya-saldirib-indi-dorduncuye-cehd-edir\\\/\"},\"author\":{\"name\":\"user-manager\",\"@id\":\"https:\\\/\\\/www.meydan.tv\\\/az\\\/#\\\/schema\\\/person\\\/10d11eccf6da3662cf5fdab9806ea91a\"},\"headline\":\"\u201cPolis r\u0259isi m\u0259ni \u00fc\u00e7 d\u0259f\u0259 ruhi x\u0259st\u0259xanaya sald\u0131r\u0131b, indi d\u00f6rd\u00fcnc\u00fcy\u0259 c\u0259hd edir\u201d\",\"datePublished\":\"2019-05-13T23:52:00+00:00\",\"mainEntityOfPage\":{\"@id\":\"https:\\\/\\\/www.meydan.tv\\\/az\\\/article\\\/polis-reisi-meni-uc-defe-ruhi-xestexanaya-saldirib-indi-dorduncuye-cehd-edir\\\/\"},\"wordCount\":1512,\"publisher\":{\"@id\":\"https:\\\/\\\/www.meydan.tv\\\/az\\\/#organization\"},\"image\":{\"@id\":\"https:\\\/\\\/www.meydan.tv\\\/az\\\/article\\\/polis-reisi-meni-uc-defe-ruhi-xestexanaya-saldirib-indi-dorduncuye-cehd-edir\\\/#primaryimage\"},\"thumbnailUrl\":\"https:\\\/\\\/www.meydan.tv\\\/wp-content\\\/uploads\\\/sayt-cover_1_eoxouqk.png\",\"articleSection\":[\"B\u00f6lg\u0259\"],\"inLanguage\":\"az\"},{\"@type\":\"WebPage\",\"@id\":\"https:\\\/\\\/www.meydan.tv\\\/az\\\/article\\\/polis-reisi-meni-uc-defe-ruhi-xestexanaya-saldirib-indi-dorduncuye-cehd-edir\\\/\",\"url\":\"https:\\\/\\\/www.meydan.tv\\\/az\\\/article\\\/polis-reisi-meni-uc-defe-ruhi-xestexanaya-saldirib-indi-dorduncuye-cehd-edir\\\/\",\"name\":\"\u201cPolis r\u0259isi m\u0259ni \u00fc\u00e7 d\u0259f\u0259 ruhi x\u0259st\u0259xanaya sald\u0131r\u0131b, indi d\u00f6rd\u00fcnc\u00fcy\u0259 c\u0259hd edir\u201d - MEYDAN.TV\",\"isPartOf\":{\"@id\":\"https:\\\/\\\/www.meydan.tv\\\/az\\\/#website\"},\"primaryImageOfPage\":{\"@id\":\"https:\\\/\\\/www.meydan.tv\\\/az\\\/article\\\/polis-reisi-meni-uc-defe-ruhi-xestexanaya-saldirib-indi-dorduncuye-cehd-edir\\\/#primaryimage\"},\"image\":{\"@id\":\"https:\\\/\\\/www.meydan.tv\\\/az\\\/article\\\/polis-reisi-meni-uc-defe-ruhi-xestexanaya-saldirib-indi-dorduncuye-cehd-edir\\\/#primaryimage\"},\"thumbnailUrl\":\"https:\\\/\\\/www.meydan.tv\\\/wp-content\\\/uploads\\\/sayt-cover_1_eoxouqk.png\",\"datePublished\":\"2019-05-13T23:52:00+00:00\",\"breadcrumb\":{\"@id\":\"https:\\\/\\\/www.meydan.tv\\\/az\\\/article\\\/polis-reisi-meni-uc-defe-ruhi-xestexanaya-saldirib-indi-dorduncuye-cehd-edir\\\/#breadcrumb\"},\"inLanguage\":\"az\",\"potentialAction\":[{\"@type\":\"ReadAction\",\"target\":[\"https:\\\/\\\/www.meydan.tv\\\/az\\\/article\\\/polis-reisi-meni-uc-defe-ruhi-xestexanaya-saldirib-indi-dorduncuye-cehd-edir\\\/\"]}]},{\"@type\":\"ImageObject\",\"inLanguage\":\"az\",\"@id\":\"https:\\\/\\\/www.meydan.tv\\\/az\\\/article\\\/polis-reisi-meni-uc-defe-ruhi-xestexanaya-saldirib-indi-dorduncuye-cehd-edir\\\/#primaryimage\",\"url\":\"https:\\\/\\\/www.meydan.tv\\\/wp-content\\\/uploads\\\/sayt-cover_1_eoxouqk.png\",\"contentUrl\":\"https:\\\/\\\/www.meydan.tv\\\/wp-content\\\/uploads\\\/sayt-cover_1_eoxouqk.png\",\"width\":1000,\"height\":555,\"caption\":\"Source: Meydan.TV\"},{\"@type\":\"BreadcrumbList\",\"@id\":\"https:\\\/\\\/www.meydan.tv\\\/az\\\/article\\\/polis-reisi-meni-uc-defe-ruhi-xestexanaya-saldirib-indi-dorduncuye-cehd-edir\\\/#breadcrumb\",\"itemListElement\":[{\"@type\":\"ListItem\",\"position\":1,\"name\":\"Ana s\u0259hif\u0259\",\"item\":\"https:\\\/\\\/www.meydan.tv\\\/az\\\/\"},{\"@type\":\"ListItem\",\"position\":2,\"name\":\"B\u00f6lg\u0259\",\"item\":\"https:\\\/\\\/www.meydan.tv\\\/az\\\/section\\\/bolge\\\/\"},{\"@type\":\"ListItem\",\"position\":3,\"name\":\"\u201cPolis r\u0259isi m\u0259ni \u00fc\u00e7 d\u0259f\u0259 ruhi x\u0259st\u0259xanaya sald\u0131r\u0131b, indi d\u00f6rd\u00fcnc\u00fcy\u0259 c\u0259hd edir\u201d\"}]},{\"@type\":\"WebSite\",\"@id\":\"https:\\\/\\\/www.meydan.tv\\\/az\\\/#website\",\"url\":\"https:\\\/\\\/www.meydan.tv\\\/az\\\/\",\"name\":\"MEYDAN.TV\",\"description\":\"Meydan TV Az\u0259rbaycan\u0131n media m\u0259kan\u0131ndak\u0131 alternativ s\u0259sidir\",\"publisher\":{\"@id\":\"https:\\\/\\\/www.meydan.tv\\\/az\\\/#organization\"},\"potentialAction\":[{\"@type\":\"SearchAction\",\"target\":{\"@type\":\"EntryPoint\",\"urlTemplate\":\"https:\\\/\\\/www.meydan.tv\\\/az\\\/?s={search_term_string}\"},\"query-input\":{\"@type\":\"PropertyValueSpecification\",\"valueRequired\":true,\"valueName\":\"search_term_string\"}}],\"inLanguage\":\"az\"},{\"@type\":\"Organization\",\"@id\":\"https:\\\/\\\/www.meydan.tv\\\/az\\\/#organization\",\"name\":\"Meydan TV\",\"url\":\"https:\\\/\\\/www.meydan.tv\\\/az\\\/\",\"logo\":{\"@type\":\"ImageObject\",\"inLanguage\":\"az\",\"@id\":\"https:\\\/\\\/www.meydan.tv\\\/az\\\/#\\\/schema\\\/logo\\\/image\\\/\",\"url\":\"https:\\\/\\\/www.meydan.tv\\\/wp-content\\\/uploads\\\/2021\\\/07\\\/meydan-logo.svg\",\"contentUrl\":\"https:\\\/\\\/www.meydan.tv\\\/wp-content\\\/uploads\\\/2021\\\/07\\\/meydan-logo.svg\",\"width\":195,\"height\":46,\"caption\":\"Meydan TV\"},\"image\":{\"@id\":\"https:\\\/\\\/www.meydan.tv\\\/az\\\/#\\\/schema\\\/logo\\\/image\\\/\"}},{\"@type\":\"Person\",\"@id\":\"https:\\\/\\\/www.meydan.tv\\\/az\\\/#\\\/schema\\\/person\\\/10d11eccf6da3662cf5fdab9806ea91a\",\"name\":\"user-manager\"}]}<\/script>\n<!-- \/ Yoast SEO plugin. -->","yoast_head_json":{"title":"\u201cPolis r\u0259isi m\u0259ni \u00fc\u00e7 d\u0259f\u0259 ruhi x\u0259st\u0259xanaya sald\u0131r\u0131b, indi d\u00f6rd\u00fcnc\u00fcy\u0259 c\u0259hd edir\u201d - MEYDAN.TV","robots":{"index":"index","follow":"follow","max-snippet":"max-snippet:-1","max-image-preview":"max-image-preview:large","max-video-preview":"max-video-preview:-1"},"canonical":"https:\/\/www.meydan.tv\/az\/article\/polis-reisi-meni-uc-defe-ruhi-xestexanaya-saldirib-indi-dorduncuye-cehd-edir\/","og_locale":"az_AZ","og_type":"article","og_title":"\u201cPolis r\u0259isi m\u0259ni \u00fc\u00e7 d\u0259f\u0259 ruhi x\u0259st\u0259xanaya sald\u0131r\u0131b, indi d\u00f6rd\u00fcnc\u00fcy\u0259 c\u0259hd edir\u201d - MEYDAN.TV","og_description":"Co\u015f\u011fun Nuriyevin dem\u0259sin\u0259 g\u00f6r\u0259, h\u0259r d\u0259f\u0259 x\u0259st\u0259liyi v\u0259 sosial durumundan \u015fikay\u0259tl\u0259n\u0259nd\u0259, onu Ma\u015fta\u011fadak\u0131 ruhi x\u0259st\u0259xanaya yollay\u0131rlar","og_url":"https:\/\/www.meydan.tv\/az\/article\/polis-reisi-meni-uc-defe-ruhi-xestexanaya-saldirib-indi-dorduncuye-cehd-edir\/","og_site_name":"MEYDAN.TV","article_published_time":"2019-05-13T23:52:00+00:00","og_image":[{"width":1000,"height":555,"url":"https:\/\/www.meydan.tv\/wp-content\/uploads\/sayt-cover_1_eoxouqk.png","type":"image\/png"}],"author":"user-manager","twitter_card":"summary_large_image","schema":{"@context":"https:\/\/schema.org","@graph":[{"@type":"Article","@id":"https:\/\/www.meydan.tv\/az\/article\/polis-reisi-meni-uc-defe-ruhi-xestexanaya-saldirib-indi-dorduncuye-cehd-edir\/#article","isPartOf":{"@id":"https:\/\/www.meydan.tv\/az\/article\/polis-reisi-meni-uc-defe-ruhi-xestexanaya-saldirib-indi-dorduncuye-cehd-edir\/"},"author":{"name":"user-manager","@id":"https:\/\/www.meydan.tv\/az\/#\/schema\/person\/10d11eccf6da3662cf5fdab9806ea91a"},"headline":"\u201cPolis r\u0259isi m\u0259ni \u00fc\u00e7 d\u0259f\u0259 ruhi x\u0259st\u0259xanaya sald\u0131r\u0131b, indi d\u00f6rd\u00fcnc\u00fcy\u0259 c\u0259hd edir\u201d","datePublished":"2019-05-13T23:52:00+00:00","mainEntityOfPage":{"@id":"https:\/\/www.meydan.tv\/az\/article\/polis-reisi-meni-uc-defe-ruhi-xestexanaya-saldirib-indi-dorduncuye-cehd-edir\/"},"wordCount":1512,"publisher":{"@id":"https:\/\/www.meydan.tv\/az\/#organization"},"image":{"@id":"https:\/\/www.meydan.tv\/az\/article\/polis-reisi-meni-uc-defe-ruhi-xestexanaya-saldirib-indi-dorduncuye-cehd-edir\/#primaryimage"},"thumbnailUrl":"https:\/\/www.meydan.tv\/wp-content\/uploads\/sayt-cover_1_eoxouqk.png","articleSection":["B\u00f6lg\u0259"],"inLanguage":"az"},{"@type":"WebPage","@id":"https:\/\/www.meydan.tv\/az\/article\/polis-reisi-meni-uc-defe-ruhi-xestexanaya-saldirib-indi-dorduncuye-cehd-edir\/","url":"https:\/\/www.meydan.tv\/az\/article\/polis-reisi-meni-uc-defe-ruhi-xestexanaya-saldirib-indi-dorduncuye-cehd-edir\/","name":"\u201cPolis r\u0259isi m\u0259ni \u00fc\u00e7 d\u0259f\u0259 ruhi x\u0259st\u0259xanaya sald\u0131r\u0131b, indi d\u00f6rd\u00fcnc\u00fcy\u0259 c\u0259hd edir\u201d - MEYDAN.TV","isPartOf":{"@id":"https:\/\/www.meydan.tv\/az\/#website"},"primaryImageOfPage":{"@id":"https:\/\/www.meydan.tv\/az\/article\/polis-reisi-meni-uc-defe-ruhi-xestexanaya-saldirib-indi-dorduncuye-cehd-edir\/#primaryimage"},"image":{"@id":"https:\/\/www.meydan.tv\/az\/article\/polis-reisi-meni-uc-defe-ruhi-xestexanaya-saldirib-indi-dorduncuye-cehd-edir\/#primaryimage"},"thumbnailUrl":"https:\/\/www.meydan.tv\/wp-content\/uploads\/sayt-cover_1_eoxouqk.png","datePublished":"2019-05-13T23:52:00+00:00","breadcrumb":{"@id":"https:\/\/www.meydan.tv\/az\/article\/polis-reisi-meni-uc-defe-ruhi-xestexanaya-saldirib-indi-dorduncuye-cehd-edir\/#breadcrumb"},"inLanguage":"az","potentialAction":[{"@type":"ReadAction","target":["https:\/\/www.meydan.tv\/az\/article\/polis-reisi-meni-uc-defe-ruhi-xestexanaya-saldirib-indi-dorduncuye-cehd-edir\/"]}]},{"@type":"ImageObject","inLanguage":"az","@id":"https:\/\/www.meydan.tv\/az\/article\/polis-reisi-meni-uc-defe-ruhi-xestexanaya-saldirib-indi-dorduncuye-cehd-edir\/#primaryimage","url":"https:\/\/www.meydan.tv\/wp-content\/uploads\/sayt-cover_1_eoxouqk.png","contentUrl":"https:\/\/www.meydan.tv\/wp-content\/uploads\/sayt-cover_1_eoxouqk.png","width":1000,"height":555,"caption":"Source: Meydan.TV"},{"@type":"BreadcrumbList","@id":"https:\/\/www.meydan.tv\/az\/article\/polis-reisi-meni-uc-defe-ruhi-xestexanaya-saldirib-indi-dorduncuye-cehd-edir\/#breadcrumb","itemListElement":[{"@type":"ListItem","position":1,"name":"Ana s\u0259hif\u0259","item":"https:\/\/www.meydan.tv\/az\/"},{"@type":"ListItem","position":2,"name":"B\u00f6lg\u0259","item":"https:\/\/www.meydan.tv\/az\/section\/bolge\/"},{"@type":"ListItem","position":3,"name":"\u201cPolis r\u0259isi m\u0259ni \u00fc\u00e7 d\u0259f\u0259 ruhi x\u0259st\u0259xanaya sald\u0131r\u0131b, indi d\u00f6rd\u00fcnc\u00fcy\u0259 c\u0259hd edir\u201d"}]},{"@type":"WebSite","@id":"https:\/\/www.meydan.tv\/az\/#website","url":"https:\/\/www.meydan.tv\/az\/","name":"MEYDAN.TV","description":"Meydan TV Az\u0259rbaycan\u0131n media m\u0259kan\u0131ndak\u0131 alternativ s\u0259sidir","publisher":{"@id":"https:\/\/www.meydan.tv\/az\/#organization"},"potentialAction":[{"@type":"SearchAction","target":{"@type":"EntryPoint","urlTemplate":"https:\/\/www.meydan.tv\/az\/?s={search_term_string}"},"query-input":{"@type":"PropertyValueSpecification","valueRequired":true,"valueName":"search_term_string"}}],"inLanguage":"az"},{"@type":"Organization","@id":"https:\/\/www.meydan.tv\/az\/#organization","name":"Meydan TV","url":"https:\/\/www.meydan.tv\/az\/","logo":{"@type":"ImageObject","inLanguage":"az","@id":"https:\/\/www.meydan.tv\/az\/#\/schema\/logo\/image\/","url":"https:\/\/www.meydan.tv\/wp-content\/uploads\/2021\/07\/meydan-logo.svg","contentUrl":"https:\/\/www.meydan.tv\/wp-content\/uploads\/2021\/07\/meydan-logo.svg","width":195,"height":46,"caption":"Meydan TV"},"image":{"@id":"https:\/\/www.meydan.tv\/az\/#\/schema\/logo\/image\/"}},{"@type":"Person","@id":"https:\/\/www.meydan.tv\/az\/#\/schema\/person\/10d11eccf6da3662cf5fdab9806ea91a","name":"user-manager"}]}},"_links":{"self":[{"href":"https:\/\/www.meydan.tv\/az\/wp-json\/wp\/v2\/posts\/195371","targetHints":{"allow":["GET"]}}],"collection":[{"href":"https:\/\/www.meydan.tv\/az\/wp-json\/wp\/v2\/posts"}],"about":[{"href":"https:\/\/www.meydan.tv\/az\/wp-json\/wp\/v2\/types\/post"}],"author":[{"embeddable":true,"href":"https:\/\/www.meydan.tv\/az\/wp-json\/wp\/v2\/users\/11"}],"replies":[{"embeddable":true,"href":"https:\/\/www.meydan.tv\/az\/wp-json\/wp\/v2\/comments?post=195371"}],"version-history":[{"count":0,"href":"https:\/\/www.meydan.tv\/az\/wp-json\/wp\/v2\/posts\/195371\/revisions"}],"wp:featuredmedia":[{"embeddable":true,"href":"https:\/\/www.meydan.tv\/az\/wp-json\/wp\/v2\/media\/123717"}],"wp:attachment":[{"href":"https:\/\/www.meydan.tv\/az\/wp-json\/wp\/v2\/media?parent=195371"}],"wp:term":[{"taxonomy":"category","embeddable":true,"href":"https:\/\/www.meydan.tv\/az\/wp-json\/wp\/v2\/categories?post=195371"},{"taxonomy":"post_tag","embeddable":true,"href":"https:\/\/www.meydan.tv\/az\/wp-json\/wp\/v2\/tags?post=195371"}],"curies":[{"name":"wp","href":"https:\/\/api.w.org\/{rel}","templated":true}]}}