{"id":195367,"date":"2019-05-13T18:14:55","date_gmt":"2019-05-13T18:14:55","guid":{"rendered":"https:\/\/www.meydan.tv\/article\/siyezende-yataqxana-sakinleri-qazin-olmamasindan-sikayetcidir\/"},"modified":"2019-05-13T18:14:55","modified_gmt":"2019-05-13T18:14:55","slug":"siyezende-yataqxana-sakinleri-qazin-olmamasindan-sikayetcidir","status":"publish","type":"post","link":"https:\/\/www.meydan.tv\/az\/article\/siyezende-yataqxana-sakinleri-qazin-olmamasindan-sikayetcidir\/","title":{"rendered":"Siy\u0259z\u0259nd\u0259 yataqxana sakinl\u0259ri qaz\u0131n olmamas\u0131ndan \u015fikay\u0259t\u00e7idir"},"content":{"rendered":"<p>\n  <i><br \/>\n    &#x27;&#x27;Qaz vermirl\u0259r, be\u015f adamdan da birinin borcu olanda, g\u0259lib ham\u0131n\u0131n i\u015f\u0131\u011f\u0131n\u0131 k\u0259sirl\u0259r&#x27;&#x27;<br \/>\n  <\/i>\n<\/p>\n<p>\n  Vaxtil\u0259 \u201cSi\u0307y\u0259z\u0259nneft\u201d Neft-qaz\u00e7\u0131xarma \u0130dar\u0259sinin balans\u0131nda olan f\u0259hl\u0259 yataqxanas\u0131n\u0131n binas\u0131nda m\u0259skunla\u015fan sakinl\u0259r naraz\u0131d\u0131r.\n<\/p>\n<p>\n  Onlar Meydan TV-y\u0259 \u015fikay\u0259t edirl\u0259r ki, haz\u0131rda Siy\u0259z\u0259n Rayon \u0130cra Hakimiyy\u0259tinin balans\u0131nda olan binan\u0131n mavi qaz\u0131n\u0131 ill\u0259r \u00f6nc\u0259 k\u0259sibl\u0259r. Sakinl\u0259r m\u00fcvafiq qurumlara v\u0259ziyy\u0259tl\u0259 ba\u011fl\u0131 d\u0259f\u0259l\u0259rl\u0259 m\u00fcraci\u0259t ets\u0259l\u0259r d\u0259, he\u00e7 bir n\u0259tic\u0259si olmay\u0131b.\n<\/p>\n<p>\n  \u201cBu ill\u0259r \u0259rzind\u0259 bizi d\u0259f\u0259l\u0259rl\u0259 binadan \u00e7\u0131xarmaq ist\u0259yibl\u0259r. Etiraz\u0131m\u0131z\u0131 bildirmi\u015fik ki, \u0259vv\u0259lc\u0259 ya\u015famaq \u00fc\u00e7\u00fcn bizi evl\u0259 t\u0259min edin. Lakin s\u00f6z\u00fcm\u00fcz\u0259 \u0259h\u0259miyy\u0259t ver\u0259n olmay\u0131b\u201d, &#8211; yataqxana sakini R\u0259na H\u0259midova bel\u0259 deyir:\n<\/p>\n<p>\n  \u201c\u00c7ox a\u011f\u0131r \u015f\u0259raitd\u0259 ya\u015fay\u0131r\u0131q, bina \u00e7ox k\u00f6hn\u0259dir, m\u0259cburiyy\u0259td\u0259n burada qal\u0131r\u0131q. Kimin imkan\u0131 varsa, m\u0259nzilind\u0259 orta \u015f\u0259rait yarad\u0131b. Ayaqyolu \u00fcmumidir. V\u0259ziyy\u0259t g\u00fcnd\u0259n-g\u00fcn\u0259 daha da pisl\u0259\u015fir, anti-sanitariya ba\u015f al\u0131b gedir. B\u00fct\u00fcn bunlara d\u00f6zm\u0259k olar, he\u00e7 olmasa, qaz\u0131m\u0131z\u0131 b\u0259rpa etsinl\u0259r. D\u0259f\u0259l\u0259rl\u0259 aidiyyati qurumlara m\u00fcraci\u0259t etmi\u015fik, lakin he\u00e7 bir k\u00f6m\u0259klik etmirl\u0259r\u201d.\n<\/p>\n<figure class=\"wp-block-image size-large\">\n  <img decoding=\"async\" src=\"https:\/\/www.meydan.tv\/az\/image_from_ios-6-jpg-6\/\" alt=\"image_from_ios (6).jpg\" class=\"wp-image-123699\"\/><figcaption>\n    m\u0259tb\u0259x<br \/>\n  <\/figcaption><\/figure>\n<p>\n  \u201cYax\u015f\u0131 olan odur ki, supulu vermirik\u201d- bunu dig\u0259r sakin Murad M\u0259mm\u0259dov deyir v\u0259 \u0259lav\u0259 edir ki, \u0259sas probleml\u0259ri mavi qaz\u0131n olmamas\u0131d\u0131r:\n<\/p>\n<p>\n  \u201cQaz vermirl\u0259r, be\u015f adamdan da birinin borcu olanda, g\u0259lib ham\u0131n\u0131n i\u015f\u0131\u011f\u0131n\u0131 k\u0259sirl\u0259r. Uzun ill\u0259rdir ki, yataqxanada d\u00f6z\u00fclm\u0259z \u015f\u0259raitd\u0259 ya\u015fay\u0131r\u0131q, amma s\u0259simizi \u00e7\u0131xarm\u0131r\u0131q. \u00c7\u00fcnki ged\u0259c\u0259k yerimiz yoxdur. \u0130nsanlar\u0131n aqib\u0259ti il\u0259 maraqlanm\u0131rlar, antisanitariyad\u0131r, v\u0259r\u0259mxanad\u0131r bura. Ayaqyolunu g\u00f6rd\u00fcn\u00fcz, min c\u00fcr x\u0259st\u0259lik tapmaq olar burada. Nevroz olmu\u015fuq. Bir ara bizi \u00e7\u0131xarmaq ist\u0259yirdil\u0259r. Deyirdil\u0259r ki, bina yenid\u0259n t\u0259mir-b\u0259rpa edilib, otel kimi istifad\u0259y\u0259 veril\u0259c\u0259k\u201d.\n<\/p>\n<figure class=\"wp-block-image size-large\">\n  <img decoding=\"async\" src=\"https:\/\/www.meydan.tv\/az\/image_from_ios-5-jpg-10\/\" alt=\"image_from_ios (5).jpg\" class=\"wp-image-123705\"\/><figcaption>\n    yataqxana<br \/>\n  <\/figcaption><\/figure>\n<p>\n  \u018fntiq\u0259 V\u0259liyeva da Meydan TV \u0259m\u0259kda\u015f\u0131na giley-g\u00fczar edir. Deyir ki, q\u0131\u015fda qazlar\u0131 olmur:\n<\/p>\n<p>\n  \u201cYayda da k\u00f6hn\u0259 bina oldu\u011funa g\u00f6r\u0259 bit-bir\u0259nin \u0259lind\u0259n t\u0259rp\u0259nm\u0259k olmur. D\u0259rmanlamaqdan yorulmu\u015fuq. Burada t\u0259xmin\u0259n 15 ail\u0259 ya\u015fay\u0131r. H\u0259r ail\u0259d\u0259 d\u0259 3-4 u\u015faq var. Bina \u0130cra Hakimiyy\u0259tinin balans\u0131na veril\u0259nd\u0259n sonra qaz\u0131 k\u0259sdil\u0259r. \u0130\u015f\u0131qpulunu da \u00e7atd\u0131rmaq olmur. D\u00fcnyan\u0131n pulunu yaz\u0131r. Uzun ill\u0259rdir, binan\u0131 t\u0259mir\u0259 saxlay\u0131rlar, amma ortada he\u00e7 bir n\u0259tic\u0259 yoxdur. G\u0259tirib, say\u011fac qura\u015fd\u0131rs\u0131nlar, biz d\u0259 i\u015fl\u0259tdiyimiz qaz\u0131n pulunu ver\u0259k. Bununla ba\u011fl\u0131 d\u0259f\u0259l\u0259rl\u0259 Siy\u0259z\u0259n Rayon \u0130cra Hakimiyy\u0259tin\u0259 m\u00fcraci\u0259t etmi\u015fik, biz\u0259 qaz verm\u0259k ist\u0259mirl\u0259r. B\u0259han\u0259l\u0259ri d\u0259 odur ki, bura t\u0259hl\u00fck\u0259li yerdir\u201d.\n<\/p>\n<p>\n  Siy\u0259z\u0259n rayon icra ba\u015f\u00e7\u0131s\u0131n\u0131n m\u00fcavini Z\u0259f\u0259r \u018fliyev Meydan TV-y\u0259 a\u00e7\u0131qlamas\u0131nda bildirib ki, haz\u0131rda qurumun balans\u0131nda olan kommunal yataqxanada m\u0259skunla\u015fan sakinl\u0259rin \u0259ks\u0259riyy\u0259ti orada qeyri-qanuni ya\u015fay\u0131r:\n<\/p>\n<p>\n  \u201cKimin qeydiyyat\u0131 v\u0259 M\u0259nzil \u0130stismar Sah\u0259si il\u0259 kiray\u0259 m\u00fcqavil\u0259si varsa, qanuna m\u00fcvafiq olaraq ASAN Xidm\u0259t\u0259 m\u00fcraci\u0259t etm\u0259lidir. Smeta v\u0259 layih\u0259 haz\u0131rlamal\u0131d\u0131r. Bundan sonra v\u0259t\u0259nda\u015f apar\u0131b, \u00f6d\u0259ni\u015f etm\u0259lidir. \u00d6d\u0259ni\u015f edildikd\u0259n sonra qaz t\u0259minat\u0131 h\u0259yata ke\u00e7iril\u0259 bil\u0259r\u201d.\n<\/p>\n<figure class=\"wp-block-image size-large\">\n  <img decoding=\"async\" src=\"https:\/\/www.meydan.tv\/az\/image_from_ios-3-jpg-16\/\" alt=\"image_from_ios (3).jpg\" class=\"wp-image-123708\"\/><figcaption>\n    d\u0259hliz<br \/>\n  <\/figcaption><\/figure>\n<p>\n  \u0130H s\u00f6z\u00e7\u00fcs\u00fcn\u00fcn bildirdiyin\u0259 g\u00f6r\u0259, 70-d\u0259n \u00e7ox ya\u015f\u0131 olan binan\u0131n g\u0259l\u0259c\u0259kd\u0259 restavrasiya olunaraq, turizm m\u0259qs\u0259dil\u0259 istismar edilm\u0259si d\u0259 istisna deyil:\n<\/p>\n<p>\n  \u201cH\u0259r \u015fey m\u00fcmk\u00fcnd\u00fcr. Lakin \u00f6z\u00fcn\u00fcz d\u0259 bilirsiniz ki, orada m\u0259skunla\u015fm\u0131\u015f insanlar\u0131 k\u00f6\u00e7\u00fcrm\u0259k \u00e7\u0259tin m\u0259s\u0259l\u0259dir. Binan\u0131n n\u0259 zamansa bo\u015fald\u0131laca\u011f\u0131 is\u0259 \u0259vv\u0259l-ax\u0131r olacaq\u201d.\n<\/p>\n<figure class=\"wp-block-image size-large\">\n  <img decoding=\"async\" src=\"https:\/\/www.meydan.tv\/az\/image_from_ios-4-jpg-23\/\" alt=\"image_from_ios (4).jpg\" class=\"wp-image-123711\"\/><figcaption>\n    yataqxana<br \/>\n  <\/figcaption><\/figure>\n","protected":false},"excerpt":{"rendered":"<p>Vaxtil\u0259 \u201cSi\u0307y\u0259z\u0259nneft\u201d Neft-qaz\u00e7\u0131xarma \u0130dar\u0259sinin balans\u0131nda olan f\u0259hl\u0259 yataqxanas\u0131n\u0131n binas\u0131nda m\u0259skunla\u015fan sakinl\u0259r naraz\u0131d\u0131r.<\/p>\n","protected":false},"author":11,"featured_media":123702,"comment_status":"closed","ping_status":"open","sticky":false,"template":"","format":"standard","meta":{"_acf_changed":false,"_sitemap_exclude":false,"_sitemap_priority":"","_sitemap_frequency":"","footnotes":""},"categories":[60],"tags":[],"class_list":["post-195367","post","type-post","status-publish","format-standard","has-post-thumbnail","hentry","category-bolge","infinite-scroll-item","generate-columns","tablet-grid-50","mobile-grid-100","grid-parent","grid-33","no-featured-image-padding"],"acf":[],"yoast_head":"<!-- This site is optimized with the Yoast SEO plugin v27.4 - https:\/\/yoast.com\/product\/yoast-seo-wordpress\/ -->\n<title>Siy\u0259z\u0259nd\u0259 yataqxana sakinl\u0259ri qaz\u0131n olmamas\u0131ndan \u015fikay\u0259t\u00e7idir - MEYDAN.TV<\/title>\n<meta name=\"robots\" content=\"index, follow, max-snippet:-1, max-image-preview:large, max-video-preview:-1\" \/>\n<link rel=\"canonical\" href=\"https:\/\/www.meydan.tv\/az\/article\/siyezende-yataqxana-sakinleri-qazin-olmamasindan-sikayetcidir\/\" \/>\n<meta property=\"og:locale\" content=\"az_AZ\" \/>\n<meta property=\"og:type\" content=\"article\" \/>\n<meta property=\"og:title\" content=\"Siy\u0259z\u0259nd\u0259 yataqxana sakinl\u0259ri qaz\u0131n olmamas\u0131ndan \u015fikay\u0259t\u00e7idir - MEYDAN.TV\" \/>\n<meta property=\"og:description\" content=\"Vaxtil\u0259 \u201cSi\u0307y\u0259z\u0259nneft\u201d Neft-qaz\u00e7\u0131xarma \u0130dar\u0259sinin balans\u0131nda olan f\u0259hl\u0259 yataqxanas\u0131n\u0131n binas\u0131nda m\u0259skunla\u015fan sakinl\u0259r naraz\u0131d\u0131r.\" \/>\n<meta property=\"og:url\" content=\"https:\/\/www.meydan.tv\/az\/article\/siyezende-yataqxana-sakinleri-qazin-olmamasindan-sikayetcidir\/\" \/>\n<meta property=\"og:site_name\" content=\"MEYDAN.TV\" \/>\n<meta property=\"article:published_time\" content=\"2019-05-13T18:14:55+00:00\" \/>\n<meta property=\"og:image\" content=\"https:\/\/www.meydan.tv\/wp-content\/uploads\/image_from_ios_2xprsja.jpg\" \/>\n\t<meta property=\"og:image:width\" content=\"960\" \/>\n\t<meta property=\"og:image:height\" content=\"720\" \/>\n\t<meta property=\"og:image:type\" content=\"image\/jpeg\" \/>\n<meta name=\"author\" content=\"user-manager\" \/>\n<meta name=\"twitter:card\" content=\"summary_large_image\" \/>\n<script type=\"application\/ld+json\" class=\"yoast-schema-graph\">{\"@context\":\"https:\\\/\\\/schema.org\",\"@graph\":[{\"@type\":\"Article\",\"@id\":\"https:\\\/\\\/www.meydan.tv\\\/az\\\/article\\\/siyezende-yataqxana-sakinleri-qazin-olmamasindan-sikayetcidir\\\/#article\",\"isPartOf\":{\"@id\":\"https:\\\/\\\/www.meydan.tv\\\/az\\\/article\\\/siyezende-yataqxana-sakinleri-qazin-olmamasindan-sikayetcidir\\\/\"},\"author\":{\"name\":\"user-manager\",\"@id\":\"https:\\\/\\\/www.meydan.tv\\\/az\\\/#\\\/schema\\\/person\\\/10d11eccf6da3662cf5fdab9806ea91a\"},\"headline\":\"Siy\u0259z\u0259nd\u0259 yataqxana sakinl\u0259ri qaz\u0131n olmamas\u0131ndan \u015fikay\u0259t\u00e7idir\",\"datePublished\":\"2019-05-13T18:14:55+00:00\",\"mainEntityOfPage\":{\"@id\":\"https:\\\/\\\/www.meydan.tv\\\/az\\\/article\\\/siyezende-yataqxana-sakinleri-qazin-olmamasindan-sikayetcidir\\\/\"},\"wordCount\":719,\"publisher\":{\"@id\":\"https:\\\/\\\/www.meydan.tv\\\/az\\\/#organization\"},\"image\":{\"@id\":\"https:\\\/\\\/www.meydan.tv\\\/az\\\/article\\\/siyezende-yataqxana-sakinleri-qazin-olmamasindan-sikayetcidir\\\/#primaryimage\"},\"thumbnailUrl\":\"https:\\\/\\\/www.meydan.tv\\\/wp-content\\\/uploads\\\/image_from_ios_2xprsja.jpg\",\"articleSection\":[\"B\u00f6lg\u0259\"],\"inLanguage\":\"az\"},{\"@type\":\"WebPage\",\"@id\":\"https:\\\/\\\/www.meydan.tv\\\/az\\\/article\\\/siyezende-yataqxana-sakinleri-qazin-olmamasindan-sikayetcidir\\\/\",\"url\":\"https:\\\/\\\/www.meydan.tv\\\/az\\\/article\\\/siyezende-yataqxana-sakinleri-qazin-olmamasindan-sikayetcidir\\\/\",\"name\":\"Siy\u0259z\u0259nd\u0259 yataqxana sakinl\u0259ri qaz\u0131n olmamas\u0131ndan \u015fikay\u0259t\u00e7idir - MEYDAN.TV\",\"isPartOf\":{\"@id\":\"https:\\\/\\\/www.meydan.tv\\\/az\\\/#website\"},\"primaryImageOfPage\":{\"@id\":\"https:\\\/\\\/www.meydan.tv\\\/az\\\/article\\\/siyezende-yataqxana-sakinleri-qazin-olmamasindan-sikayetcidir\\\/#primaryimage\"},\"image\":{\"@id\":\"https:\\\/\\\/www.meydan.tv\\\/az\\\/article\\\/siyezende-yataqxana-sakinleri-qazin-olmamasindan-sikayetcidir\\\/#primaryimage\"},\"thumbnailUrl\":\"https:\\\/\\\/www.meydan.tv\\\/wp-content\\\/uploads\\\/image_from_ios_2xprsja.jpg\",\"datePublished\":\"2019-05-13T18:14:55+00:00\",\"breadcrumb\":{\"@id\":\"https:\\\/\\\/www.meydan.tv\\\/az\\\/article\\\/siyezende-yataqxana-sakinleri-qazin-olmamasindan-sikayetcidir\\\/#breadcrumb\"},\"inLanguage\":\"az\",\"potentialAction\":[{\"@type\":\"ReadAction\",\"target\":[\"https:\\\/\\\/www.meydan.tv\\\/az\\\/article\\\/siyezende-yataqxana-sakinleri-qazin-olmamasindan-sikayetcidir\\\/\"]}]},{\"@type\":\"ImageObject\",\"inLanguage\":\"az\",\"@id\":\"https:\\\/\\\/www.meydan.tv\\\/az\\\/article\\\/siyezende-yataqxana-sakinleri-qazin-olmamasindan-sikayetcidir\\\/#primaryimage\",\"url\":\"https:\\\/\\\/www.meydan.tv\\\/wp-content\\\/uploads\\\/image_from_ios_2xprsja.jpg\",\"contentUrl\":\"https:\\\/\\\/www.meydan.tv\\\/wp-content\\\/uploads\\\/image_from_ios_2xprsja.jpg\",\"width\":960,\"height\":720,\"caption\":\"Source: Foto6 Meydan.TV\"},{\"@type\":\"BreadcrumbList\",\"@id\":\"https:\\\/\\\/www.meydan.tv\\\/az\\\/article\\\/siyezende-yataqxana-sakinleri-qazin-olmamasindan-sikayetcidir\\\/#breadcrumb\",\"itemListElement\":[{\"@type\":\"ListItem\",\"position\":1,\"name\":\"Ana s\u0259hif\u0259\",\"item\":\"https:\\\/\\\/www.meydan.tv\\\/az\\\/\"},{\"@type\":\"ListItem\",\"position\":2,\"name\":\"B\u00f6lg\u0259\",\"item\":\"https:\\\/\\\/www.meydan.tv\\\/az\\\/section\\\/bolge\\\/\"},{\"@type\":\"ListItem\",\"position\":3,\"name\":\"Siy\u0259z\u0259nd\u0259 yataqxana sakinl\u0259ri qaz\u0131n olmamas\u0131ndan \u015fikay\u0259t\u00e7idir\"}]},{\"@type\":\"WebSite\",\"@id\":\"https:\\\/\\\/www.meydan.tv\\\/az\\\/#website\",\"url\":\"https:\\\/\\\/www.meydan.tv\\\/az\\\/\",\"name\":\"MEYDAN.TV\",\"description\":\"Meydan TV Az\u0259rbaycan\u0131n media m\u0259kan\u0131ndak\u0131 alternativ s\u0259sidir\",\"publisher\":{\"@id\":\"https:\\\/\\\/www.meydan.tv\\\/az\\\/#organization\"},\"potentialAction\":[{\"@type\":\"SearchAction\",\"target\":{\"@type\":\"EntryPoint\",\"urlTemplate\":\"https:\\\/\\\/www.meydan.tv\\\/az\\\/?s={search_term_string}\"},\"query-input\":{\"@type\":\"PropertyValueSpecification\",\"valueRequired\":true,\"valueName\":\"search_term_string\"}}],\"inLanguage\":\"az\"},{\"@type\":\"Organization\",\"@id\":\"https:\\\/\\\/www.meydan.tv\\\/az\\\/#organization\",\"name\":\"Meydan TV\",\"url\":\"https:\\\/\\\/www.meydan.tv\\\/az\\\/\",\"logo\":{\"@type\":\"ImageObject\",\"inLanguage\":\"az\",\"@id\":\"https:\\\/\\\/www.meydan.tv\\\/az\\\/#\\\/schema\\\/logo\\\/image\\\/\",\"url\":\"https:\\\/\\\/www.meydan.tv\\\/wp-content\\\/uploads\\\/2021\\\/07\\\/meydan-logo.svg\",\"contentUrl\":\"https:\\\/\\\/www.meydan.tv\\\/wp-content\\\/uploads\\\/2021\\\/07\\\/meydan-logo.svg\",\"width\":195,\"height\":46,\"caption\":\"Meydan TV\"},\"image\":{\"@id\":\"https:\\\/\\\/www.meydan.tv\\\/az\\\/#\\\/schema\\\/logo\\\/image\\\/\"}},{\"@type\":\"Person\",\"@id\":\"https:\\\/\\\/www.meydan.tv\\\/az\\\/#\\\/schema\\\/person\\\/10d11eccf6da3662cf5fdab9806ea91a\",\"name\":\"user-manager\"}]}<\/script>\n<!-- \/ Yoast SEO plugin. -->","yoast_head_json":{"title":"Siy\u0259z\u0259nd\u0259 yataqxana sakinl\u0259ri qaz\u0131n olmamas\u0131ndan \u015fikay\u0259t\u00e7idir - MEYDAN.TV","robots":{"index":"index","follow":"follow","max-snippet":"max-snippet:-1","max-image-preview":"max-image-preview:large","max-video-preview":"max-video-preview:-1"},"canonical":"https:\/\/www.meydan.tv\/az\/article\/siyezende-yataqxana-sakinleri-qazin-olmamasindan-sikayetcidir\/","og_locale":"az_AZ","og_type":"article","og_title":"Siy\u0259z\u0259nd\u0259 yataqxana sakinl\u0259ri qaz\u0131n olmamas\u0131ndan \u015fikay\u0259t\u00e7idir - MEYDAN.TV","og_description":"Vaxtil\u0259 \u201cSi\u0307y\u0259z\u0259nneft\u201d Neft-qaz\u00e7\u0131xarma \u0130dar\u0259sinin balans\u0131nda olan f\u0259hl\u0259 yataqxanas\u0131n\u0131n binas\u0131nda m\u0259skunla\u015fan sakinl\u0259r naraz\u0131d\u0131r.","og_url":"https:\/\/www.meydan.tv\/az\/article\/siyezende-yataqxana-sakinleri-qazin-olmamasindan-sikayetcidir\/","og_site_name":"MEYDAN.TV","article_published_time":"2019-05-13T18:14:55+00:00","og_image":[{"width":960,"height":720,"url":"https:\/\/www.meydan.tv\/wp-content\/uploads\/image_from_ios_2xprsja.jpg","type":"image\/jpeg"}],"author":"user-manager","twitter_card":"summary_large_image","schema":{"@context":"https:\/\/schema.org","@graph":[{"@type":"Article","@id":"https:\/\/www.meydan.tv\/az\/article\/siyezende-yataqxana-sakinleri-qazin-olmamasindan-sikayetcidir\/#article","isPartOf":{"@id":"https:\/\/www.meydan.tv\/az\/article\/siyezende-yataqxana-sakinleri-qazin-olmamasindan-sikayetcidir\/"},"author":{"name":"user-manager","@id":"https:\/\/www.meydan.tv\/az\/#\/schema\/person\/10d11eccf6da3662cf5fdab9806ea91a"},"headline":"Siy\u0259z\u0259nd\u0259 yataqxana sakinl\u0259ri qaz\u0131n olmamas\u0131ndan \u015fikay\u0259t\u00e7idir","datePublished":"2019-05-13T18:14:55+00:00","mainEntityOfPage":{"@id":"https:\/\/www.meydan.tv\/az\/article\/siyezende-yataqxana-sakinleri-qazin-olmamasindan-sikayetcidir\/"},"wordCount":719,"publisher":{"@id":"https:\/\/www.meydan.tv\/az\/#organization"},"image":{"@id":"https:\/\/www.meydan.tv\/az\/article\/siyezende-yataqxana-sakinleri-qazin-olmamasindan-sikayetcidir\/#primaryimage"},"thumbnailUrl":"https:\/\/www.meydan.tv\/wp-content\/uploads\/image_from_ios_2xprsja.jpg","articleSection":["B\u00f6lg\u0259"],"inLanguage":"az"},{"@type":"WebPage","@id":"https:\/\/www.meydan.tv\/az\/article\/siyezende-yataqxana-sakinleri-qazin-olmamasindan-sikayetcidir\/","url":"https:\/\/www.meydan.tv\/az\/article\/siyezende-yataqxana-sakinleri-qazin-olmamasindan-sikayetcidir\/","name":"Siy\u0259z\u0259nd\u0259 yataqxana sakinl\u0259ri qaz\u0131n olmamas\u0131ndan \u015fikay\u0259t\u00e7idir - MEYDAN.TV","isPartOf":{"@id":"https:\/\/www.meydan.tv\/az\/#website"},"primaryImageOfPage":{"@id":"https:\/\/www.meydan.tv\/az\/article\/siyezende-yataqxana-sakinleri-qazin-olmamasindan-sikayetcidir\/#primaryimage"},"image":{"@id":"https:\/\/www.meydan.tv\/az\/article\/siyezende-yataqxana-sakinleri-qazin-olmamasindan-sikayetcidir\/#primaryimage"},"thumbnailUrl":"https:\/\/www.meydan.tv\/wp-content\/uploads\/image_from_ios_2xprsja.jpg","datePublished":"2019-05-13T18:14:55+00:00","breadcrumb":{"@id":"https:\/\/www.meydan.tv\/az\/article\/siyezende-yataqxana-sakinleri-qazin-olmamasindan-sikayetcidir\/#breadcrumb"},"inLanguage":"az","potentialAction":[{"@type":"ReadAction","target":["https:\/\/www.meydan.tv\/az\/article\/siyezende-yataqxana-sakinleri-qazin-olmamasindan-sikayetcidir\/"]}]},{"@type":"ImageObject","inLanguage":"az","@id":"https:\/\/www.meydan.tv\/az\/article\/siyezende-yataqxana-sakinleri-qazin-olmamasindan-sikayetcidir\/#primaryimage","url":"https:\/\/www.meydan.tv\/wp-content\/uploads\/image_from_ios_2xprsja.jpg","contentUrl":"https:\/\/www.meydan.tv\/wp-content\/uploads\/image_from_ios_2xprsja.jpg","width":960,"height":720,"caption":"Source: Foto6 Meydan.TV"},{"@type":"BreadcrumbList","@id":"https:\/\/www.meydan.tv\/az\/article\/siyezende-yataqxana-sakinleri-qazin-olmamasindan-sikayetcidir\/#breadcrumb","itemListElement":[{"@type":"ListItem","position":1,"name":"Ana s\u0259hif\u0259","item":"https:\/\/www.meydan.tv\/az\/"},{"@type":"ListItem","position":2,"name":"B\u00f6lg\u0259","item":"https:\/\/www.meydan.tv\/az\/section\/bolge\/"},{"@type":"ListItem","position":3,"name":"Siy\u0259z\u0259nd\u0259 yataqxana sakinl\u0259ri qaz\u0131n olmamas\u0131ndan \u015fikay\u0259t\u00e7idir"}]},{"@type":"WebSite","@id":"https:\/\/www.meydan.tv\/az\/#website","url":"https:\/\/www.meydan.tv\/az\/","name":"MEYDAN.TV","description":"Meydan TV Az\u0259rbaycan\u0131n media m\u0259kan\u0131ndak\u0131 alternativ s\u0259sidir","publisher":{"@id":"https:\/\/www.meydan.tv\/az\/#organization"},"potentialAction":[{"@type":"SearchAction","target":{"@type":"EntryPoint","urlTemplate":"https:\/\/www.meydan.tv\/az\/?s={search_term_string}"},"query-input":{"@type":"PropertyValueSpecification","valueRequired":true,"valueName":"search_term_string"}}],"inLanguage":"az"},{"@type":"Organization","@id":"https:\/\/www.meydan.tv\/az\/#organization","name":"Meydan TV","url":"https:\/\/www.meydan.tv\/az\/","logo":{"@type":"ImageObject","inLanguage":"az","@id":"https:\/\/www.meydan.tv\/az\/#\/schema\/logo\/image\/","url":"https:\/\/www.meydan.tv\/wp-content\/uploads\/2021\/07\/meydan-logo.svg","contentUrl":"https:\/\/www.meydan.tv\/wp-content\/uploads\/2021\/07\/meydan-logo.svg","width":195,"height":46,"caption":"Meydan TV"},"image":{"@id":"https:\/\/www.meydan.tv\/az\/#\/schema\/logo\/image\/"}},{"@type":"Person","@id":"https:\/\/www.meydan.tv\/az\/#\/schema\/person\/10d11eccf6da3662cf5fdab9806ea91a","name":"user-manager"}]}},"_links":{"self":[{"href":"https:\/\/www.meydan.tv\/az\/wp-json\/wp\/v2\/posts\/195367","targetHints":{"allow":["GET"]}}],"collection":[{"href":"https:\/\/www.meydan.tv\/az\/wp-json\/wp\/v2\/posts"}],"about":[{"href":"https:\/\/www.meydan.tv\/az\/wp-json\/wp\/v2\/types\/post"}],"author":[{"embeddable":true,"href":"https:\/\/www.meydan.tv\/az\/wp-json\/wp\/v2\/users\/11"}],"replies":[{"embeddable":true,"href":"https:\/\/www.meydan.tv\/az\/wp-json\/wp\/v2\/comments?post=195367"}],"version-history":[{"count":0,"href":"https:\/\/www.meydan.tv\/az\/wp-json\/wp\/v2\/posts\/195367\/revisions"}],"wp:featuredmedia":[{"embeddable":true,"href":"https:\/\/www.meydan.tv\/az\/wp-json\/wp\/v2\/media\/123702"}],"wp:attachment":[{"href":"https:\/\/www.meydan.tv\/az\/wp-json\/wp\/v2\/media?parent=195367"}],"wp:term":[{"taxonomy":"category","embeddable":true,"href":"https:\/\/www.meydan.tv\/az\/wp-json\/wp\/v2\/categories?post=195367"},{"taxonomy":"post_tag","embeddable":true,"href":"https:\/\/www.meydan.tv\/az\/wp-json\/wp\/v2\/tags?post=195367"}],"curies":[{"name":"wp","href":"https:\/\/api.w.org\/{rel}","templated":true}]}}