{"id":195365,"date":"2019-05-13T13:09:24","date_gmt":"2019-05-13T13:09:24","guid":{"rendered":"https:\/\/www.meydan.tv\/article\/sumqayit-yarmarkasindan-sikayet-var\/"},"modified":"2019-05-13T13:09:24","modified_gmt":"2019-05-13T13:09:24","slug":"sumqayit-yarmarkasindan-sikayet-var","status":"publish","type":"post","link":"https:\/\/www.meydan.tv\/az\/article\/sumqayit-yarmarkasindan-sikayet-var\/","title":{"rendered":"Sumqay\u0131t yarmarkas\u0131ndan \u015fikay\u0259t var"},"content":{"rendered":"<p>\n  <i><br \/>\n    &#x27;&#x27;Nec\u0259 olur ki, \u015f\u0259rait, t\u0131xac, gigiyena ad\u0131 il\u0259 yarmarka ba\u011flan\u0131r, amma ondan da bet\u0259r pis g\u00fcnd\u0259 yarmarka a\u00e7\u0131l\u0131r?&#x27;&#x27;<br \/>\n  <\/i>\n<\/p>\n<p>\n  \u201cSumqay\u0131tda a\u00e7\u0131lan yeni yarmarka \u0259vv\u0259lkind\u0259n d\u0259 bet\u0259r g\u00fcnd\u0259dir. \u018fvv\u0259la, yarmarka deyil, adi bazard\u0131r. Sad\u0259c\u0259 ad\u0131n\u0131 el\u0259 qoyublar. \u0130kincisi d\u0259, y\u00fcks\u0259k m\u0259bl\u0259\u011fd\u0259 yerpulu toplan\u0131r, bezmi\u015fik, t\u0259ng\u0259 g\u0259lmi\u015fik, \u00f6d\u0259y\u0259 bilmirik\u201d.\n<\/p>\n<p>\n  Sumqay\u0131t yarmarkas\u0131nda \u00e7al\u0131\u015fanlar Meydan TV-y\u0259 bel\u0259 deyibl\u0259r. Bildiribl\u0259r ki, ill\u0259rdir Az\u0259rbaycanda yarmarkalar \u0259n\u0259n\u0259 hal\u0131n\u0131 al\u0131b. Bak\u0131da da bir \u00e7ox yerd\u0259 t\u0259\u015fkil edilir:\n<\/p>\n<p>\n  \u201cBu yarmarkalar\u0131n t\u0259\u015fkil edilm\u0259sind\u0259 m\u0259qs\u0259d fermerl\u0259rin m\u0259hsullar\u0131n\u0131 bazara \u00e7\u0131xarmas\u0131na k\u00f6m\u0259k etm\u0259k, fermerl\u0259rl\u0259 emal m\u00fc\u0259ssis\u0259l\u0259ri v\u0259 al\u0131c\u0131lar aras\u0131nda \u0259laq\u0259 yaratmaq, bazarlarda s\u00fcni qiym\u0259t art\u0131m\u0131n\u0131 \u0259ng\u0259ll\u0259m\u0259kdir. \u018fn \u0259sas\u0131 da azt\u0259minatl\u0131 insanlar\u0131n ucuz m\u0259hsul almas\u0131na imkan yaratmaqd\u0131r. T\u0259\u0259ss\u00fcfl\u0259r olsun ki, Az\u0259rbaycan yax\u015f\u0131 m\u0259qs\u0259d \u00fc\u00e7\u00fcn ke\u00e7irilm\u0259y\u0259 ba\u015flayan bu yarmarkalar \u00e7oxlu sayda neqativ hallarla m\u00fc\u015fayi\u0259t olunur. Bunun \u0259n eyb\u0259c\u0259ri d\u0259 Sumqay\u0131tda ke\u00e7iril\u0259n yarmarkada \u00f6z\u00fcn\u00fc g\u00f6st\u0259rir\u201d.\n<\/p>\n<figure class=\"wp-block-image size-large\">\n  <img decoding=\"async\" src=\"https:\/\/www.meydan.tv\/az\/img_20190331_094711-jpg\/\" alt=\"img_20190331_094711.jpg\" class=\"wp-image-123651\"\/><figcaption>\n    yarmarka<br \/>\n  <\/figcaption><\/figure>\n<p>\n  \u015eikay\u0259t\u00e7il\u0259r bildirirl\u0259r ki, K\u0259nd T\u0259s\u0259rr\u00fcfat\u0131 Nazirliyinin sat\u0131\u015f yarmarkas\u0131 Sumqay\u0131tda 2015-ci ild\u0259n a\u00e7\u0131l\u0131b. Qanunla k\u0259nd t\u0259s\u0259rr\u00fcfat\u0131 v\u0259 \u0259rzaq m\u0259hsullar\u0131n\u0131n sat\u0131\u015f-yarmarkalar\u0131n\u0131n t\u0259\u015fkilin\u0259 v\u0259 onlar\u0131n f\u0259aliyy\u0259tin\u0259 \u00fcmumi n\u0259zar\u0259ti K\u0259nd T\u0259s\u0259rr\u00fcfat\u0131 Nazirliyi, dig\u0259r m\u0259hsullar \u00fczr\u0259 t\u0259\u015fkil olunan yarmarkalara is\u0259 aidiyy\u0259ti m\u0259rk\u0259zi icra hakimiyy\u0259ti orqanlar\u0131 h\u0259yata ke\u00e7irm\u0259lidirl\u0259r:\n<\/p>\n<p>\n  \u201cBa\u015flayaq ondan ki, K\u0259nd T\u0259s\u0259rr\u00fcfat\u0131 Nazirliyinin t\u0259\u015fkilat\u00e7\u0131l\u0131\u011f\u0131 il\u0259 icra haimiyy\u0259ti t\u0259r\u0259find\u0259n Sumqay\u0131tda ke\u00e7iril\u0259n yarmarka geni\u015f m\u0259nada yarmarka anlam\u0131na he\u00e7 c\u00fcr uy\u011fun g\u0259lmir. Burada yarmakadan \u0259s\u0259r -\u0259lam\u0259t yoxdur. Daha \u00e7ox orta \u0259srl\u0259rin k\u00f6\u00e7\u0259ri bazar\u0131na b\u0259nz\u0259yir. \u018fvv\u0259l Sumqay\u0131tda yarmarka ke\u00e7mi\u015f trolleybus park\u0131n\u0131n yerind\u0259, 40-c\u0131 m\u0259h\u0259ll\u0259d\u0259 f\u0259aliyy\u0259t g\u00f6st\u0259rib. Sonra yarmarkada antisanitariya m\u00fchitinin h\u00f6km s\u00fcrm\u0259si \u0259sas g\u0259tiril\u0259r\u0259k 12-ci mikrorayon \u0259razisin\u0259 k\u00f6\u00e7\u00fcr\u00fcld\u00fc. Amma qeyri-r\u0259smi s\u0259b\u0259b kimi yarmarkan\u0131n ona n\u0259zar\u0259t ed\u0259n m\u0259murun \u0259lind\u0259n al\u0131n\u0131b, o zaman &#8211; 2015-ci lin sentyabr\u0131nda t\u0259yin olunan icra ba\u015f\u00e7\u0131s\u0131 Zakir F\u0259r\u0259covun n\u0259zar\u0259tin\u0259 ke\u00e7m\u0259si g\u00f6st\u0259rilir\u201d.\n<\/p>\n<p>\n  \u015eikay\u0259t\u00e7il\u0259r deyirl\u0259r ki, 12-ci mikrorayon \u0259razisin\u0259 ke\u00e7\u0259n yarmarkan\u0131n durumu he\u00e7 d\u0259 yax\u015f\u0131 olmad\u0131. Ke\u00e7\u0259n ilin noyabr\u0131nda, d\u0259miryol va\u011fzal\u0131 yax\u0131nl\u0131\u011f\u0131nda, 12-ci mikrorayon \u0259razisind\u0259 f\u0259aliyy\u0259t g\u00f6st\u0259r\u0259n k\u0259nd t\u0259s\u0259rr\u00fcfat\u0131 m\u0259hsullar\u0131n\u0131n sat\u0131\u015f\u0131 yarmarkas\u0131n\u0131n 42-ci m\u0259h\u0259ll\u0259y\u0259 k\u00f6\u00e7\u00fcr\u00fclm\u0259sin\u0259 q\u0259rar verildi. Buna r\u0259smi s\u0259b\u0259b kimi yarmarkan\u0131n \u0259vv\u0259lki yerind\u0259 sat\u0131c\u0131lar\u0131n gigiyena qaydalar\u0131na \u0259m\u0259l etm\u0259m\u0259si v\u0259 avtomobill\u0259rin s\u00fcni t\u0131xac yaratmas\u0131 g\u00f6st\u0259rildi:\n<\/p>\n<figure class=\"wp-block-image size-large\">\n  <img decoding=\"async\" src=\"https:\/\/www.meydan.tv\/az\/img_20190427_081128-jpg\/\" alt=\"img_20190427_081128.jpg\" class=\"wp-image-123648\"\/><figcaption>\n    yarmarka<br \/>\n  <\/figcaption><\/figure>\n<p>\n  \u201cR\u0259smi m\u0259lumatda bildirilirdi ki, \u0259razid\u0259 ya\u015fayan sakinl\u0259r m\u0259s\u0259l\u0259 il\u0259 ba\u011fl\u0131 Sumqay\u0131t \u015e\u0259h\u0259r \u0130cra Hakimiyy\u0259tin\u0259 \u015fikay\u0259t edibl\u0259r. \u0130cra r\u0259smil\u0259ri v\u0259t\u0259nda\u015flar\u0131n \u015fikay\u0259tini haql\u0131 say\u0131b v\u0259 yaranm\u0131\u015f poblemin aradan qald\u0131r\u0131lmas\u0131 \u00fc\u00e7\u00fcn bu add\u0131m\u0131 at\u0131b. Halbuki \u00f6lk\u0259 m\u0259tbuat\u0131nda Sumqay\u0131t yarmarkas\u0131 haqda d\u0259f\u0259l\u0259rl\u0259 t\u0259nqidl\u0259r, bu yarmarkada- antisanitariya \u015f\u0259raitinin, xaosun h\u00f6km s\u00fcrm\u0259si haqda fikirl\u0259r s\u0259sl\u0259nib ki, bunlar\u0131n \u0259ks\u0259riyy\u0259ti \u00f6z t\u0259sdiqini tap\u0131b, amma n\u0259 yerli icra hakimiyy\u0259ti, n\u0259 d\u0259 m\u00fcvafiq d\u00f6vl\u0259t orqanlar\u0131 bu yarmarka il\u0259 ba\u011fl\u0131 uzun m\u00fcdd\u0259t he\u00e7 bir t\u0259dbir g\u00f6rm\u0259yib. D\u00f6vl\u0259tin qoydu\u011fu qaydalara g\u00f6r\u0259, K\u0259nd T\u0259s\u0259rr\u00fcfat\u0131 Nazirliyinin ke\u00e7irdiyi k\u0259nd t\u0259s\u0259rr\u00fcfat\u0131 v\u0259 \u0259rzaq m\u0259hsullar\u0131n\u0131n sat\u0131\u015f yarmarkalar\u0131n\u0131n i\u015ftirak\u00e7\u0131lar\u0131ndan (sat\u0131c\u0131lardan) i\u015ftirakla ba\u011fl\u0131 he\u00e7 bir haqq t\u0259l\u0259b olunmamal\u0131d\u0131r. Yarmarkalarda sat\u0131c\u0131lardan he\u00e7 bir yerpulu y\u0131\u011f\u0131lmamal\u0131d\u0131r. Amma bu yarmarkada haqq verm\u0259d\u0259n mal satmaq m\u00fcmk\u00fcn deyil\u201d.\n<\/p>\n<p>\n  Sat\u0131c\u0131lar deyirl\u0259r ki, orta hesabla b\u00f6y\u00fckl\u00fcy\u00fcnd\u0259n as\u0131l\u0131 olaraq h\u0259r pi\u015ftaxtadan \u015f\u0259nb\u0259-bazar 50-100, \u0259traf yerl\u0259rd\u0259n is\u0259 20-50 manat aras\u0131 qeyri-qanuni pul y\u0131\u011f\u0131l\u0131r. Orada 500\u2013d\u0259n \u00e7ox insan\u0131n ticar\u0259tl\u0259 m\u0259\u015f\u011ful olmas\u0131 n\u0259z\u0259r\u0259 al\u0131nsa, burada 2 g\u00fcn\u0259 10 min manatdan \u00e7ox pul toplan\u0131r:\n<\/p>\n<figure class=\"wp-block-image size-large\">\n  <img decoding=\"async\" src=\"https:\/\/www.meydan.tv\/az\/img_20190331_095048-jpg\/\" alt=\"img_20190331_095048.jpg\" class=\"wp-image-123654\"\/><figcaption>\n    yarmarka<br \/>\n  <\/figcaption><\/figure>\n<p>\n  \u201cHalbuki, Nazirl\u0259r Kabinetinin Az\u0259rbaycan Respublikas\u0131nda ticar\u0259t, ictimai ia\u015f\u0259, m\u0259i\u015f\u0259t v\u0259 dig\u0259r n\u00f6v xidm\u0259t Qaydalar\u0131\u201dna \u0259sas\u0259n, ya\u015f\u0131l bazarlar v\u0259 k\u0259nd t\u0259s\u0259rr\u00fcfat\u0131 yarmarkalar\u0131 \u00fc\u00e7\u00fcn x\u00fcsusi qaydalar\u0131n\u0131n 20-1.11 b\u0259ndind\u0259 g\u00f6st\u0259rilir ki, yarmarkalar\u0131n m\u0259d\u0259niyy\u0259t, idman, t\u0259hsil v\u0259 s\u0259hiyy\u0259 m\u00fc\u0259ssis\u0259l\u0259rinin, avtova\u011fzal, d\u0259miryol v\u0259 d\u0259niz va\u011fzallar\u0131n\u0131n \u0259razil\u0259rind\u0259, el\u0259c\u0259 d\u0259 yolun h\u0259r\u0259k\u0259t istiqam\u0259tind\u0259 v\u0259 ya\u015f\u0131ll\u0131q \u0259razil\u0259rind\u0259 ke\u00e7irilm\u0259sin\u0259 yol verilmir. Yarmarkan\u0131n h\u0259min \u0259razid\u0259 yerl\u0259\u015fm\u0259si is\u0259 Nazirl\u0259r Kabinetinin qaydalar\u0131n\u0131 kobud pozurdu. Bel\u0259 ki, yarmarka d\u00fcz avtomobil yolunun ortas\u0131nda v\u0259 d\u0259miryolu va\u011fzal\u0131n\u0131n yan\u0131nda f\u0259aliyy\u0259t g\u00f6st\u0259rirdi. D\u00fc\u015f\u00fcnm\u0259k olardi ki, yarmarka t\u0259z\u0259 yer\u0259 k\u00f6\u00e7\u00fcr\u00fcl\u0259nd\u0259n sonra qanunlar\u0131n t\u0259l\u0259bl\u0259ri icra olunacaq, yarmarka daha m\u00fcnasib olacaq. Ancaq m\u0259lum oldu ki, 42-ci m\u0259h\u0259ll\u0259d\u0259 \u015f\u0259rait \u0259vv\u0259lkind\u0259n d\u0259 pisdir. \u0130nsaf\u0259n 12-ci mikrorayonda olan yarmarka qanunsuz olsa da, orda \u015f\u0259rait daha ab\u0131rl\u0131 idi v\u0259 sanitar qaydalar daha \u00fcr\u0259ka\u00e7an idi. Nec\u0259 olur ki, \u015f\u0259rait, t\u0131xac, gigiyena ad\u0131 il\u0259 yarmarka ba\u011flan\u0131r, amma ondan da bet\u0259r pis g\u00fcnd\u0259 yarmarka a\u00e7\u0131l\u0131r? \u00dcst\u0259lik, t\u0259z\u0259 yarmarkan\u0131n yerl\u0259\u015fdiyi yer adi a\u00e7\u0131q \u0259razidir. \u018fvv\u0259lki yerd\u0259 he\u00e7 olmasa talvar konstruksiyas\u0131 var idi, sat\u0131\u00e7\u0131lar orda pis hava \u015f\u0259araitind\u0259 daldana bilirdi. \u0130ndikind\u0259 is\u0259 sat\u0131c\u0131lar ya\u011f\u0131\u015f\u0131n, k\u00fcl\u0259yin alt\u0131nda qal\u0131rlar\u201d.\n<\/p>\n<p>\n  Meydan TV m\u0259s\u0259l\u0259y\u0259 m\u00fcnasib\u0259t \u00f6yr\u0259nm\u0259k \u00fc\u00e7\u00fcn Sumqay\u0131t \u015e\u0259h\u0259r \u0130cra Hakimiyy\u0259ti il\u0259 \u0259laq\u0259 saxlay\u0131b. \u0130cra hakimiyy\u0259tind\u0259n m\u0259s\u0259l\u0259ni ara\u015fd\u0131racaqlar\u0131n\u0131 s\u00f6yl\u0259yibl\u0259r. K\u0259nd T\u0259s\u0259rr\u00fcfat\u0131 Nazirliyin\u0259 d\u0259 probleml\u0259 ba\u011fl\u0131 m\u0259lumat verilib. Onlar da ara\u015fd\u0131racaqlar\u0131n\u0131 s\u00f6yl\u0259yibl\u0259r.\n<\/p>\n<figure class=\"wp-block-image size-large\">\n  <img decoding=\"async\" src=\"https:\/\/www.meydan.tv\/az\/img_20190427_074828-jpg\/\" alt=\"img_20190427_074828.jpg\" class=\"wp-image-123660\"\/><figcaption>\n    yarmarka<br \/>\n  <\/figcaption><\/figure>\n","protected":false},"excerpt":{"rendered":"<p>Bu yarmarkalar\u0131n t\u0259\u015fkil edilm\u0259sind\u0259 m\u0259qs\u0259d fermerl\u0259rin m\u0259hsullar\u0131n\u0131 bazara \u00e7\u0131xarmas\u0131na k\u00f6m\u0259k etm\u0259k, fermerl\u0259rl\u0259 emal m\u00fc\u0259ssis\u0259l\u0259ri v\u0259 al\u0131c\u0131lar aras\u0131nda \u0259laq\u0259 yaratmaq, bazarlarda s\u00fcni qiym\u0259t art\u0131m\u0131n\u0131 \u0259ng\u0259ll\u0259m\u0259kdir<\/p>\n","protected":false},"author":11,"featured_media":123645,"comment_status":"closed","ping_status":"open","sticky":false,"template":"","format":"standard","meta":{"_acf_changed":false,"_sitemap_exclude":false,"_sitemap_priority":"","_sitemap_frequency":"","footnotes":""},"categories":[60],"tags":[],"class_list":["post-195365","post","type-post","status-publish","format-standard","has-post-thumbnail","hentry","category-bolge","infinite-scroll-item","generate-columns","tablet-grid-50","mobile-grid-100","grid-parent","grid-33","no-featured-image-padding"],"acf":[],"yoast_head":"<!-- This site is optimized with the Yoast SEO plugin v27.4 - https:\/\/yoast.com\/product\/yoast-seo-wordpress\/ -->\n<title>Sumqay\u0131t yarmarkas\u0131ndan \u015fikay\u0259t var - MEYDAN.TV<\/title>\n<meta name=\"robots\" content=\"index, follow, max-snippet:-1, max-image-preview:large, max-video-preview:-1\" \/>\n<link rel=\"canonical\" href=\"https:\/\/www.meydan.tv\/az\/article\/sumqayit-yarmarkasindan-sikayet-var\/\" \/>\n<meta property=\"og:locale\" content=\"az_AZ\" \/>\n<meta property=\"og:type\" content=\"article\" \/>\n<meta property=\"og:title\" content=\"Sumqay\u0131t yarmarkas\u0131ndan \u015fikay\u0259t var - MEYDAN.TV\" \/>\n<meta property=\"og:description\" content=\"Bu yarmarkalar\u0131n t\u0259\u015fkil edilm\u0259sind\u0259 m\u0259qs\u0259d fermerl\u0259rin m\u0259hsullar\u0131n\u0131 bazara \u00e7\u0131xarmas\u0131na k\u00f6m\u0259k etm\u0259k, fermerl\u0259rl\u0259 emal m\u00fc\u0259ssis\u0259l\u0259ri v\u0259 al\u0131c\u0131lar aras\u0131nda \u0259laq\u0259 yaratmaq, bazarlarda s\u00fcni qiym\u0259t art\u0131m\u0131n\u0131 \u0259ng\u0259ll\u0259m\u0259kdir\" \/>\n<meta property=\"og:url\" content=\"https:\/\/www.meydan.tv\/az\/article\/sumqayit-yarmarkasindan-sikayet-var\/\" \/>\n<meta property=\"og:site_name\" content=\"MEYDAN.TV\" \/>\n<meta property=\"article:published_time\" content=\"2019-05-13T13:09:24+00:00\" \/>\n<meta property=\"og:image\" content=\"https:\/\/www.meydan.tv\/wp-content\/uploads\/img_20190331_093622.jpg\" \/>\n\t<meta property=\"og:image:width\" content=\"936\" \/>\n\t<meta property=\"og:image:height\" content=\"1248\" \/>\n\t<meta property=\"og:image:type\" content=\"image\/jpeg\" \/>\n<meta name=\"author\" content=\"user-manager\" \/>\n<meta name=\"twitter:card\" content=\"summary_large_image\" \/>\n<script type=\"application\/ld+json\" class=\"yoast-schema-graph\">{\"@context\":\"https:\\\/\\\/schema.org\",\"@graph\":[{\"@type\":\"Article\",\"@id\":\"https:\\\/\\\/www.meydan.tv\\\/az\\\/article\\\/sumqayit-yarmarkasindan-sikayet-var\\\/#article\",\"isPartOf\":{\"@id\":\"https:\\\/\\\/www.meydan.tv\\\/az\\\/article\\\/sumqayit-yarmarkasindan-sikayet-var\\\/\"},\"author\":{\"name\":\"user-manager\",\"@id\":\"https:\\\/\\\/www.meydan.tv\\\/az\\\/#\\\/schema\\\/person\\\/10d11eccf6da3662cf5fdab9806ea91a\"},\"headline\":\"Sumqay\u0131t yarmarkas\u0131ndan \u015fikay\u0259t var\",\"datePublished\":\"2019-05-13T13:09:24+00:00\",\"mainEntityOfPage\":{\"@id\":\"https:\\\/\\\/www.meydan.tv\\\/az\\\/article\\\/sumqayit-yarmarkasindan-sikayet-var\\\/\"},\"wordCount\":1180,\"publisher\":{\"@id\":\"https:\\\/\\\/www.meydan.tv\\\/az\\\/#organization\"},\"image\":{\"@id\":\"https:\\\/\\\/www.meydan.tv\\\/az\\\/article\\\/sumqayit-yarmarkasindan-sikayet-var\\\/#primaryimage\"},\"thumbnailUrl\":\"https:\\\/\\\/www.meydan.tv\\\/wp-content\\\/uploads\\\/img_20190331_093622.jpg\",\"articleSection\":[\"B\u00f6lg\u0259\"],\"inLanguage\":\"az\"},{\"@type\":\"WebPage\",\"@id\":\"https:\\\/\\\/www.meydan.tv\\\/az\\\/article\\\/sumqayit-yarmarkasindan-sikayet-var\\\/\",\"url\":\"https:\\\/\\\/www.meydan.tv\\\/az\\\/article\\\/sumqayit-yarmarkasindan-sikayet-var\\\/\",\"name\":\"Sumqay\u0131t yarmarkas\u0131ndan \u015fikay\u0259t var - MEYDAN.TV\",\"isPartOf\":{\"@id\":\"https:\\\/\\\/www.meydan.tv\\\/az\\\/#website\"},\"primaryImageOfPage\":{\"@id\":\"https:\\\/\\\/www.meydan.tv\\\/az\\\/article\\\/sumqayit-yarmarkasindan-sikayet-var\\\/#primaryimage\"},\"image\":{\"@id\":\"https:\\\/\\\/www.meydan.tv\\\/az\\\/article\\\/sumqayit-yarmarkasindan-sikayet-var\\\/#primaryimage\"},\"thumbnailUrl\":\"https:\\\/\\\/www.meydan.tv\\\/wp-content\\\/uploads\\\/img_20190331_093622.jpg\",\"datePublished\":\"2019-05-13T13:09:24+00:00\",\"breadcrumb\":{\"@id\":\"https:\\\/\\\/www.meydan.tv\\\/az\\\/article\\\/sumqayit-yarmarkasindan-sikayet-var\\\/#breadcrumb\"},\"inLanguage\":\"az\",\"potentialAction\":[{\"@type\":\"ReadAction\",\"target\":[\"https:\\\/\\\/www.meydan.tv\\\/az\\\/article\\\/sumqayit-yarmarkasindan-sikayet-var\\\/\"]}]},{\"@type\":\"ImageObject\",\"inLanguage\":\"az\",\"@id\":\"https:\\\/\\\/www.meydan.tv\\\/az\\\/article\\\/sumqayit-yarmarkasindan-sikayet-var\\\/#primaryimage\",\"url\":\"https:\\\/\\\/www.meydan.tv\\\/wp-content\\\/uploads\\\/img_20190331_093622.jpg\",\"contentUrl\":\"https:\\\/\\\/www.meydan.tv\\\/wp-content\\\/uploads\\\/img_20190331_093622.jpg\",\"width\":936,\"height\":1248,\"caption\":\"Source: meydan tv\"},{\"@type\":\"BreadcrumbList\",\"@id\":\"https:\\\/\\\/www.meydan.tv\\\/az\\\/article\\\/sumqayit-yarmarkasindan-sikayet-var\\\/#breadcrumb\",\"itemListElement\":[{\"@type\":\"ListItem\",\"position\":1,\"name\":\"Ana s\u0259hif\u0259\",\"item\":\"https:\\\/\\\/www.meydan.tv\\\/az\\\/\"},{\"@type\":\"ListItem\",\"position\":2,\"name\":\"B\u00f6lg\u0259\",\"item\":\"https:\\\/\\\/www.meydan.tv\\\/az\\\/section\\\/bolge\\\/\"},{\"@type\":\"ListItem\",\"position\":3,\"name\":\"Sumqay\u0131t yarmarkas\u0131ndan \u015fikay\u0259t var\"}]},{\"@type\":\"WebSite\",\"@id\":\"https:\\\/\\\/www.meydan.tv\\\/az\\\/#website\",\"url\":\"https:\\\/\\\/www.meydan.tv\\\/az\\\/\",\"name\":\"MEYDAN.TV\",\"description\":\"Meydan TV Az\u0259rbaycan\u0131n media m\u0259kan\u0131ndak\u0131 alternativ s\u0259sidir\",\"publisher\":{\"@id\":\"https:\\\/\\\/www.meydan.tv\\\/az\\\/#organization\"},\"potentialAction\":[{\"@type\":\"SearchAction\",\"target\":{\"@type\":\"EntryPoint\",\"urlTemplate\":\"https:\\\/\\\/www.meydan.tv\\\/az\\\/?s={search_term_string}\"},\"query-input\":{\"@type\":\"PropertyValueSpecification\",\"valueRequired\":true,\"valueName\":\"search_term_string\"}}],\"inLanguage\":\"az\"},{\"@type\":\"Organization\",\"@id\":\"https:\\\/\\\/www.meydan.tv\\\/az\\\/#organization\",\"name\":\"Meydan TV\",\"url\":\"https:\\\/\\\/www.meydan.tv\\\/az\\\/\",\"logo\":{\"@type\":\"ImageObject\",\"inLanguage\":\"az\",\"@id\":\"https:\\\/\\\/www.meydan.tv\\\/az\\\/#\\\/schema\\\/logo\\\/image\\\/\",\"url\":\"https:\\\/\\\/www.meydan.tv\\\/wp-content\\\/uploads\\\/2021\\\/07\\\/meydan-logo.svg\",\"contentUrl\":\"https:\\\/\\\/www.meydan.tv\\\/wp-content\\\/uploads\\\/2021\\\/07\\\/meydan-logo.svg\",\"width\":195,\"height\":46,\"caption\":\"Meydan TV\"},\"image\":{\"@id\":\"https:\\\/\\\/www.meydan.tv\\\/az\\\/#\\\/schema\\\/logo\\\/image\\\/\"}},{\"@type\":\"Person\",\"@id\":\"https:\\\/\\\/www.meydan.tv\\\/az\\\/#\\\/schema\\\/person\\\/10d11eccf6da3662cf5fdab9806ea91a\",\"name\":\"user-manager\"}]}<\/script>\n<!-- \/ Yoast SEO plugin. -->","yoast_head_json":{"title":"Sumqay\u0131t yarmarkas\u0131ndan \u015fikay\u0259t var - MEYDAN.TV","robots":{"index":"index","follow":"follow","max-snippet":"max-snippet:-1","max-image-preview":"max-image-preview:large","max-video-preview":"max-video-preview:-1"},"canonical":"https:\/\/www.meydan.tv\/az\/article\/sumqayit-yarmarkasindan-sikayet-var\/","og_locale":"az_AZ","og_type":"article","og_title":"Sumqay\u0131t yarmarkas\u0131ndan \u015fikay\u0259t var - MEYDAN.TV","og_description":"Bu yarmarkalar\u0131n t\u0259\u015fkil edilm\u0259sind\u0259 m\u0259qs\u0259d fermerl\u0259rin m\u0259hsullar\u0131n\u0131 bazara \u00e7\u0131xarmas\u0131na k\u00f6m\u0259k etm\u0259k, fermerl\u0259rl\u0259 emal m\u00fc\u0259ssis\u0259l\u0259ri v\u0259 al\u0131c\u0131lar aras\u0131nda \u0259laq\u0259 yaratmaq, bazarlarda s\u00fcni qiym\u0259t art\u0131m\u0131n\u0131 \u0259ng\u0259ll\u0259m\u0259kdir","og_url":"https:\/\/www.meydan.tv\/az\/article\/sumqayit-yarmarkasindan-sikayet-var\/","og_site_name":"MEYDAN.TV","article_published_time":"2019-05-13T13:09:24+00:00","og_image":[{"width":936,"height":1248,"url":"https:\/\/www.meydan.tv\/wp-content\/uploads\/img_20190331_093622.jpg","type":"image\/jpeg"}],"author":"user-manager","twitter_card":"summary_large_image","schema":{"@context":"https:\/\/schema.org","@graph":[{"@type":"Article","@id":"https:\/\/www.meydan.tv\/az\/article\/sumqayit-yarmarkasindan-sikayet-var\/#article","isPartOf":{"@id":"https:\/\/www.meydan.tv\/az\/article\/sumqayit-yarmarkasindan-sikayet-var\/"},"author":{"name":"user-manager","@id":"https:\/\/www.meydan.tv\/az\/#\/schema\/person\/10d11eccf6da3662cf5fdab9806ea91a"},"headline":"Sumqay\u0131t yarmarkas\u0131ndan \u015fikay\u0259t var","datePublished":"2019-05-13T13:09:24+00:00","mainEntityOfPage":{"@id":"https:\/\/www.meydan.tv\/az\/article\/sumqayit-yarmarkasindan-sikayet-var\/"},"wordCount":1180,"publisher":{"@id":"https:\/\/www.meydan.tv\/az\/#organization"},"image":{"@id":"https:\/\/www.meydan.tv\/az\/article\/sumqayit-yarmarkasindan-sikayet-var\/#primaryimage"},"thumbnailUrl":"https:\/\/www.meydan.tv\/wp-content\/uploads\/img_20190331_093622.jpg","articleSection":["B\u00f6lg\u0259"],"inLanguage":"az"},{"@type":"WebPage","@id":"https:\/\/www.meydan.tv\/az\/article\/sumqayit-yarmarkasindan-sikayet-var\/","url":"https:\/\/www.meydan.tv\/az\/article\/sumqayit-yarmarkasindan-sikayet-var\/","name":"Sumqay\u0131t yarmarkas\u0131ndan \u015fikay\u0259t var - MEYDAN.TV","isPartOf":{"@id":"https:\/\/www.meydan.tv\/az\/#website"},"primaryImageOfPage":{"@id":"https:\/\/www.meydan.tv\/az\/article\/sumqayit-yarmarkasindan-sikayet-var\/#primaryimage"},"image":{"@id":"https:\/\/www.meydan.tv\/az\/article\/sumqayit-yarmarkasindan-sikayet-var\/#primaryimage"},"thumbnailUrl":"https:\/\/www.meydan.tv\/wp-content\/uploads\/img_20190331_093622.jpg","datePublished":"2019-05-13T13:09:24+00:00","breadcrumb":{"@id":"https:\/\/www.meydan.tv\/az\/article\/sumqayit-yarmarkasindan-sikayet-var\/#breadcrumb"},"inLanguage":"az","potentialAction":[{"@type":"ReadAction","target":["https:\/\/www.meydan.tv\/az\/article\/sumqayit-yarmarkasindan-sikayet-var\/"]}]},{"@type":"ImageObject","inLanguage":"az","@id":"https:\/\/www.meydan.tv\/az\/article\/sumqayit-yarmarkasindan-sikayet-var\/#primaryimage","url":"https:\/\/www.meydan.tv\/wp-content\/uploads\/img_20190331_093622.jpg","contentUrl":"https:\/\/www.meydan.tv\/wp-content\/uploads\/img_20190331_093622.jpg","width":936,"height":1248,"caption":"Source: meydan tv"},{"@type":"BreadcrumbList","@id":"https:\/\/www.meydan.tv\/az\/article\/sumqayit-yarmarkasindan-sikayet-var\/#breadcrumb","itemListElement":[{"@type":"ListItem","position":1,"name":"Ana s\u0259hif\u0259","item":"https:\/\/www.meydan.tv\/az\/"},{"@type":"ListItem","position":2,"name":"B\u00f6lg\u0259","item":"https:\/\/www.meydan.tv\/az\/section\/bolge\/"},{"@type":"ListItem","position":3,"name":"Sumqay\u0131t yarmarkas\u0131ndan \u015fikay\u0259t var"}]},{"@type":"WebSite","@id":"https:\/\/www.meydan.tv\/az\/#website","url":"https:\/\/www.meydan.tv\/az\/","name":"MEYDAN.TV","description":"Meydan TV Az\u0259rbaycan\u0131n media m\u0259kan\u0131ndak\u0131 alternativ s\u0259sidir","publisher":{"@id":"https:\/\/www.meydan.tv\/az\/#organization"},"potentialAction":[{"@type":"SearchAction","target":{"@type":"EntryPoint","urlTemplate":"https:\/\/www.meydan.tv\/az\/?s={search_term_string}"},"query-input":{"@type":"PropertyValueSpecification","valueRequired":true,"valueName":"search_term_string"}}],"inLanguage":"az"},{"@type":"Organization","@id":"https:\/\/www.meydan.tv\/az\/#organization","name":"Meydan TV","url":"https:\/\/www.meydan.tv\/az\/","logo":{"@type":"ImageObject","inLanguage":"az","@id":"https:\/\/www.meydan.tv\/az\/#\/schema\/logo\/image\/","url":"https:\/\/www.meydan.tv\/wp-content\/uploads\/2021\/07\/meydan-logo.svg","contentUrl":"https:\/\/www.meydan.tv\/wp-content\/uploads\/2021\/07\/meydan-logo.svg","width":195,"height":46,"caption":"Meydan TV"},"image":{"@id":"https:\/\/www.meydan.tv\/az\/#\/schema\/logo\/image\/"}},{"@type":"Person","@id":"https:\/\/www.meydan.tv\/az\/#\/schema\/person\/10d11eccf6da3662cf5fdab9806ea91a","name":"user-manager"}]}},"_links":{"self":[{"href":"https:\/\/www.meydan.tv\/az\/wp-json\/wp\/v2\/posts\/195365","targetHints":{"allow":["GET"]}}],"collection":[{"href":"https:\/\/www.meydan.tv\/az\/wp-json\/wp\/v2\/posts"}],"about":[{"href":"https:\/\/www.meydan.tv\/az\/wp-json\/wp\/v2\/types\/post"}],"author":[{"embeddable":true,"href":"https:\/\/www.meydan.tv\/az\/wp-json\/wp\/v2\/users\/11"}],"replies":[{"embeddable":true,"href":"https:\/\/www.meydan.tv\/az\/wp-json\/wp\/v2\/comments?post=195365"}],"version-history":[{"count":0,"href":"https:\/\/www.meydan.tv\/az\/wp-json\/wp\/v2\/posts\/195365\/revisions"}],"wp:featuredmedia":[{"embeddable":true,"href":"https:\/\/www.meydan.tv\/az\/wp-json\/wp\/v2\/media\/123645"}],"wp:attachment":[{"href":"https:\/\/www.meydan.tv\/az\/wp-json\/wp\/v2\/media?parent=195365"}],"wp:term":[{"taxonomy":"category","embeddable":true,"href":"https:\/\/www.meydan.tv\/az\/wp-json\/wp\/v2\/categories?post=195365"},{"taxonomy":"post_tag","embeddable":true,"href":"https:\/\/www.meydan.tv\/az\/wp-json\/wp\/v2\/tags?post=195365"}],"curies":[{"name":"wp","href":"https:\/\/api.w.org\/{rel}","templated":true}]}}