{"id":195348,"date":"2019-05-10T22:37:51","date_gmt":"2019-05-10T22:37:51","guid":{"rendered":"https:\/\/www.meydan.tv\/article\/dedi-get-otur-evde-her-ay-kartina-pul-vurulacaq\/"},"modified":"2019-05-10T22:37:51","modified_gmt":"2019-05-10T22:37:51","slug":"dedi-get-otur-evde-her-ay-kartina-pul-vurulacaq","status":"publish","type":"post","link":"https:\/\/www.meydan.tv\/az\/article\/dedi-get-otur-evde-her-ay-kartina-pul-vurulacaq\/","title":{"rendered":"&#8221;Dedi, get otur evd\u0259, h\u0259r ay kart\u0131na pul vurulacaq&#8221;"},"content":{"rendered":"<p>\n  <i><br \/>\n    \u0130\u015fsizlikd\u0259n \u0259ziyy\u0259t \u00e7\u0259k\u0259n Saatl\u0131 sakini deyir, ona maa\u015f kart\u0131 verilib, karta maa\u015f da k\u00f6\u00e7\u00fcr\u00fcl\u00fcb, ancaq i\u015f yoxdur<br \/>\n  <\/i>\n<\/p>\n<p>\n  \u201c\u0130cra hakimiyy\u0259tind\u0259n m\u0259ni \u201cKapitakbank\u201d\u0131n Saatl\u0131 rayon filial\u0131na g\u00f6nd\u0259rdil\u0259r. Dedil\u0259r, get, ordan maa\u015f kart\u0131n\u0131 g\u00f6t\u00fcr. Soru\u015fdum, m\u0259n harda i\u015fl\u0259y\u0259c\u0259m? Dedil\u0259r, kart veririk, h\u0259r ay da i\u00e7ind\u0259 pul olacaq, get, ba\u015f\u0131n\u0131 saxla, i\u015f yoxdur\u201d.\n<\/p>\n<p>\n  Saatl\u0131 sakini V\u00fcsal Axundov Meydan TV-y\u0259 dan\u0131\u015f\u0131r ki, 2015-ci ilin yanvar ay\u0131nda h\u0259rbi xidm\u0259td\u0259n qay\u0131dandan sonra rayon M\u0259\u015f\u011fulluq M\u0259rk\u0259zin\u0259, yerli icra hakimiyy\u0259tin\u0259 i\u015f \u00fc\u00e7\u00fcn r\u0259smi m\u00fcraci\u0259tl\u0259r edib. Bu qurumlardan m\u00fcsb\u0259t cavab almad\u0131qda \u00f6lk\u0259 ba\u015f\u00e7\u0131s\u0131na v\u0259 onun xan\u0131m\u0131na rayondak\u0131 i\u015fsizlik probleml\u0259rind\u0259n yaz\u0131b.\n<\/p>\n<p>\n  <i><br \/>\n    &#x27;&#x27;Adamlar ac\u0131ndan torpaqlar\u0131n\u0131 sat\u0131r\u201d<br \/>\n  <\/i>\n<\/p>\n<p>\n  &quot;Adamlar acd\u0131r, el\u0259l\u0259ri var ki, x\u0259st\u0259sini m\u00fcalic\u0259 etdirm\u0259k \u00fc\u00e7\u00fcn pay torpa\u011f\u0131n\u0131 sat\u0131b. Adamlar ac\u0131ndan qab-qacaqlar\u0131n\u0131, evinin \u0259\u015fyalar\u0131n\u0131 apar\u0131b Bak\u0131da gedirl\u0259r. M\u0259n d\u0259 \u00f6lk\u0259 ba\u015f\u00e7\u0131s\u0131na bunlar\u0131 yaz\u0131ram. \u00d6z\u00fcm ail\u0259liy\u0259m, 10 ayl\u0131q k\u00f6rp\u0259yl\u0259 ortal\u0131qda qalm\u0131\u015fam. Yolda\u015f\u0131m\u0131n ayaqlar\u0131 qanqrenad\u0131r, \u00e7\u00fcnki pulsuzluqdan \u0259m\u0259liyyat\u0131 gecikib. Evim yoxdur, kiray\u0259d\u0259 qal\u0131ram, n\u0259 \u00fcnvanl\u0131 sosial yard\u0131m, n\u0259 ba\u015fqa g\u0259lirimiz var. 4 ild\u0259n \u00e7oxdur ist\u0259diyim i\u015fl\u0259 t\u0259min olunmaqd\u0131r, onu da el\u0259mirl\u0259r. \u0130\u015f \u00fc\u00e7\u00fcn ged\u0259nd\u0259 \u015f\u0259rl\u0259m\u0259kl\u0259 h\u0259d\u0259l\u0259yib qovurlar. Ba\u015f\u00e7\u0131 v\u0259t\u0259nda\u015flar\u0131 k\u00fc\u00e7\u0259 s\u00f6y\u00fc\u015fl\u0259ri il\u0259 t\u0259hqir edir, m\u0259nim \u00f6z\u00fcm\u0259 Bak\u0131ya \u015fikay\u0259t yazd\u0131\u011f\u0131m \u00fc\u00e7\u00fcn \u201ck\u00fc\u00e7\u00fck\u201d deyib, icra hakimiyy\u0259tinin qap\u0131s\u0131ndan qovub. H\u0259l\u0259 bu, ba\u015f\u00e7\u0131n\u0131n leksikonundak\u0131 \u0259n \u201cab\u0131rl\u0131\u201d s\u00f6y\u00fc\u015fd\u00fcr,\u201d &#8211; V\u00fcsal Axundov dan\u0131\u015f\u0131r.\n<\/p>\n<p>\n  V\u00fcsal Axundovun dem\u0259sin\u0259 g\u00f6r\u0259, m\u0259hz bundan sonra yerli icra hakimiyy\u0259ti il\u0259 probleml\u0259ri ba\u015flay\u0131b:\n<\/p>\n<p>\n  \u201cBir d\u0259f\u0259 icra hakimiyy\u0259tin\u0259 \u00e7a\u011f\u0131rd\u0131lar, dedirl\u0259r, s\u0259n\u0259 sonuncu x\u0259b\u0259rdarl\u0131\u011f\u0131m\u0131zd\u0131r, ba\u015f\u00e7\u0131 s\u0259nin \u0259lind\u0259n y\u0131\u011f\u0131b, yazma\u011f\u0131 dayand\u0131r, yoxsa s\u0259ni o\u011furluqla, narkotikl\u0259 atd\u0131racaq h\u0259bs\u0259&#8230; N\u0259 \u0130lham \u018fliyev, n\u0259 Mehriban \u018fliyeva s\u0259ni \u00e7a\u011f\u0131r\u0131b i\u015f ver\u0259n deyil, ancaq o d\u0259r\u0259c\u0259y\u0259 \u00e7atd\u0131rma ki, ba\u015f\u00e7\u0131 s\u0259n\u0259 ba\u015fqa \u201ci\u015f\u201d verdirsin&#8230;\u201d\n<\/p>\n<figure class=\"wp-block-image size-large\">\n  <img decoding=\"async\" src=\"https:\/\/www.meydan.tv\/az\/image_from_ios-jpg-38\/\" alt=\"image_from_ios.jpg\" class=\"wp-image-123595\"\/><figcaption>\n    M\u0259\u015f\u011fulluq M\u0259rk\u0259zinin direktorunun cavab m\u0259ktubu<br \/>\n  <\/figcaption><\/figure>\n<p>\n  <i><br \/>\n    \u201cH\u0259yat yolda\u015f\u0131m\u0131n c\u00fczi maa\u015f\u0131 kreditl\u0259r\u0259 \u00f6d\u0259nilir\u201d<br \/>\n  <\/i>\n<\/p>\n<p>\n  V\u00fcsal Axundov 3 ay \u0259vv\u0259l\u0259d\u0259k k\u00f6hn\u0259 ma\u015f\u0131n\u0131 il\u0259 Saatl\u0131dan Bak\u0131ya taksi xidm\u0259ti g\u00f6st\u0259rirmi\u015f. Ancaq h\u0259yat yolda\u015f\u0131n\u0131n s\u0259hh\u0259ti a\u011f\u0131rla\u015fd\u0131qca, m\u00fcalic\u0259y\u0259 pulu olmad\u0131\u011f\u0131ndan ma\u015f\u0131n\u0131 da satmal\u0131 olub. Orta m\u0259kt\u0259bd\u0259 ibtidai sinif m\u00fc\u0259llim\u0259si i\u015fl\u0259y\u0259n h\u0259yat yolda\u015f\u0131n\u0131n c\u00fczi maa\u015f\u0131 is\u0259 bir ne\u00e7\u0259 bankdan g\u00f6t\u00fcr\u00fclm\u00fc\u015f kreditl\u0259rin ayl\u0131q \u00f6d\u0259ni\u015fl\u0259rin\u0259 gedir:\n<\/p>\n<p>\n  \u201cS\u0259n\u0259tim traktor\u00e7uluqdur. \u018flimd\u0259n elektrik, santexnik i\u015fl\u0259ri g\u0259lir. Ya m\u0259s\u0259l\u0259n, qaz idar\u0259sind\u0259 i\u015f versin, boru da\u015f\u0131y\u0131m, i\u015f\u0131q idar\u0259sind\u0259 i\u015f versin, \u015funur da\u015f\u0131y\u0131m, su idar\u0259sind\u0259 i\u015f versin, \u015flanq da\u015f\u0131y\u0131m&#8230; Ax\u0131r ki, h\u0259r n\u0259 i\u015f olur, f\u0259rq el\u0259m\u0259z, t\u0259ki k\u00f6rp\u0259m ac qalmas\u0131n, evin kiray\u0259sini ver\u0259 bilim&#8230;\u201d\n<\/p>\n<p>\n  <i><br \/>\n    \u201cKart var, maa\u015f var, i\u015f yoxdur\u201d<br \/>\n  <\/i>\n<\/p>\n<p>\n  Bu yax\u0131nlarda V\u00fcsal Axundovu yen\u0259 yerli icra hakimiyy\u0259tin\u0259 \u00e7a\u011f\u0131r\u0131blar. Ona bildiribl\u0259r ki, i\u015f yoxdur, ancaq maa\u015f kart\u0131 var, g\u00f6t\u00fcrs\u00fcn v\u0259 bir daha i\u015fsizlikl\u0259 ba\u011fl\u0131 \u00f6lk\u0259 r\u0259hb\u0259rliyin\u0259 \u015fikay\u0259tl\u0259nm\u0259sin:\n<\/p>\n<p>\n  \u201cYoutube kanal\u0131 vasit\u0259sil\u0259 prezident\u0259 n\u00f6vb\u0259ti video-m\u00fcraci\u0259timd\u0259n sonra &#8211; \u00f6t\u0259n h\u0259ft\u0259 ba\u015f\u00e7\u0131n\u0131n k\u00f6m\u0259k\u00e7isi Zaur \u018fs\u0259dov m\u0259ni \u00e7a\u011f\u0131r\u0131b dedi, get, \u201cKapitalbank\u201dda s\u0259nin ad\u0131na kart var, g\u00f6t\u00fcr&#8230; M\u0259n d\u0259 \u201cKapitalbank\u201d\u0131n rayon \u015f\u00f6b\u0259sin\u0259 getdim, yax\u0131nla\u015f\u0131b dedim, burda m\u0259nim kart\u0131m olmal\u0131d\u0131r. Kart\u0131 verdil\u0259r, dedim, bu n\u0259 kartd\u0131r? Dedil\u0259r, \u201cDOST\u201d \u0130\u015f M\u0259rk\u0259zinin verdiyi maa\u015f kart\u0131d\u0131r. Qalan \u015feyl\u0259ri get, icra hakimiyy\u0259ti il\u0259 ayd\u0131nla\u015fd\u0131r. Kartda 173 manat vard\u0131, g\u0259ldim icra hakimiyy\u0259tin\u0259, Zaur \u018fs\u0259dova dedim, b\u0259s m\u0259n harda i\u015fl\u0259y\u0259c\u0259m? Bu pulu m\u0259n\u0259 kim, niy\u0259 verir? Dedi, i\u015f yoxdur, get, otur evind\u0259, h\u0259r ay maa\u015f\u0131n k\u00f6\u00e7\u00fcr\u00fcl\u0259c\u0259k karta. May\u0131n 3-d\u0259 kartdan 173 manat\u0131 \u00e7\u0131xartd\u0131m, el\u0259 h\u0259min g\u00fcn yolda\u015f\u0131m\u0131 x\u0259st\u0259xanaya apard\u0131m. Ancaq m\u0259n bel\u0259 \u201cmaa\u015f\u0131\u201d ist\u0259mir\u0259m. M\u0259n i\u015f t\u0259l\u0259b edir\u0259m. Evd\u0259n \u00e7\u0131x\u0131m, gedim, i\u015fl\u0259yim, \u00e7\u00f6r\u0259yimi z\u0259hm\u0259timl\u0259 qazan\u0131m\u201d.\n<\/p>\n<figure class=\"wp-block-image size-large\">\n  <img decoding=\"async\" src=\"https:\/\/www.meydan.tv\/az\/saatli1-jpg\/\" alt=\"saatli1.jpg\" class=\"wp-image-123598\"\/><figcaption>\n    kart<br \/>\n  <\/figcaption><\/figure>\n<p>\n  <i><br \/>\n    \u201cT\u0259klif olunan i\u015fl\u0259rd\u0259n imtina edib\u201d<br \/>\n  <\/i>\n<\/p>\n<p>\n  D\u00f6vl\u0259t M\u0259\u015f\u011fulluq M\u0259rk\u0259zind\u0259n bildirilib ki, i\u015fl\u0259 ba\u011fl\u0131 m\u00fcxt\u0259lif qurumlara m\u00fcraci\u0259t ed\u0259n V\u00fcsal Axundov Saatl\u0131 rayon M\u0259\u015f\u011fulluq M\u0259rk\u0259zin\u0259 d\u0259v\u0259t olunsa da, g\u0259lm\u0259yib. M\u0259rk\u0259zin \u0259m\u0259kda\u015flar\u0131 V\u00fcsal Axundovla telefon \u0259laq\u0259si yaradaraq ona 200 manat \u0259m\u0259khaqq\u0131s\u0131 olan A\u011fc\u0259b\u0259di Regional Me\u015f\u0259 T\u0259s\u0259rr\u00fcfat\u0131 M\u0259rk\u0259zind\u0259 i\u015f t\u0259klif edibl\u0259r. Bundan ba\u015fqa, V\u00fcsal Axundova \u201cMKT Saatl\u0131\u201d Pamb\u0131q \u0130stehsal\u0131 v\u0259 Emal\u0131 Zavodunda g\u00fcn\u0259muzd \u0259m\u0259khaqq\u0131s\u0131 olan i\u015f yerl\u0259ri t\u0259klif edibl\u0259r. Ancaq V\u00fcsal Axundov t\u0259klif olunan i\u015f yerl\u0259rinin ya\u015fad\u0131\u011f\u0131 yerd\u0259n uzaqda yerl\u0259\u015fdiyini s\u0259b\u0259b g\u0259tir\u0259r\u0259k, h\u0259r iki i\u015fd\u0259n imtina edib: \u201cBiz d\u0259 V\u00fcsal Axundova yeni i\u015f yerl\u0259ri il\u0259 ba\u011fl\u0131 m\u0259lumat \u0259ld\u0259 etm\u0259k \u00fc\u00e7\u00fcn rayon M\u0259\u015f\u011fulluq M\u0259rk\u0259ziyl\u0259 m\u00fct\u0259madi \u0259laq\u0259 saxlama\u011f\u0131n\u0131 t\u00f6vsiy\u0259 etmi\u015fik\u201d.\n<\/p>\n<p>\n  V\u00fcsal Axundova \u201cDOST \u0130\u015f M\u0259rk\u0259zi\u201d MMC-nin x\u0259tti il\u0259 verilmi\u015f maa\u015f kart\u0131na g\u0259linc\u0259, m\u0259rk\u0259zd\u0259n bildirilib ki, m\u0259s\u0259l\u0259ni ara\u015fd\u0131racaqlar.\n<\/p>\n<p>\n  <i><br \/>\n    \u201c\u0130cra hakimiyy\u0259ti i\u015f ver\u0259n qurum deyil\u201d<br \/>\n  <\/i>\n<\/p>\n<p>\n  Saatl\u0131 Rayon \u0130cra Hakimiyy\u0259tind\u0259ns\u0259 V\u00fcsal Axundovun dedikl\u0259ri il\u0259 raz\u0131la\u015fm\u0131rlar. Qurumdan bildirilib ki, V\u00fcsal Axundov d\u0259f\u0259l\u0259rl\u0259 ba\u015f\u00e7\u0131ya v\u0259 onun m\u00fcavinl\u0259rin\u0259 i\u015fl\u0259 ba\u011fl\u0131 m\u00fcraci\u0259t edib, ona bildirilib ki, icra hakimiyy\u0259ti v\u0259t\u0259nda\u015flar\u0131n i\u015fl\u0259 t\u0259minat\u0131 il\u0259 m\u0259\u015f\u011ful olmur. Bunun \u00fc\u00e7\u00fcn rayonun M\u0259\u015f\u011fulluq M\u0259rk\u0259zi var. T\u00f6vsiy\u0259 olunub ki, h\u0259min m\u0259rk\u0259z\u0259 m\u00fcraci\u0259t etsin: \u201cH\u0259r h\u0259ft\u0259 ba\u015f\u00e7\u0131 v\u0259t\u0259nda\u015flar\u0131n q\u0259bulunu ke\u00e7irir, dinl\u0259yir, probleml\u0259rin h\u0259lli qurumun s\u0259lahiyy\u0259tin\u0259 aiddirs\u0259, ba\u015f\u00e7\u0131 yerind\u0259c\u0259 tap\u015f\u0131r\u0131q verir. Ba\u015f\u00e7\u0131n\u0131n v\u0259t\u0259nda\u015flarla kobud davranmas\u0131 il\u0259 ba\u011fl\u0131 deyil\u0259nl\u0259r h\u0259qiq\u0259t\u0259uy\u011fun deyil. V\u00fcsal Axundova verilmi\u015f maa\u015f kart\u0131n\u0131n icra hakimiyy\u0259ti il\u0259 he\u00e7 bir \u0259laq\u0259si yoxdur. V\u0259t\u0259nda\u015fa d\u0259f\u0259l\u0259rl\u0259 bildirilib ki, icra hakimiyy\u0259ti i\u015f ver\u0259n qurum deyil, bunun \u00fc\u00e7\u00fcn m\u00fcvafiq qurum var. \u018fg\u0259r \u201cDOST \u0130\u015f M\u0259rk\u0259zi\u201d ona maa\u015f kart\u0131 veribs\u0259, dem\u0259li, o, uy\u011fun i\u015fl\u0259 t\u0259min olunub. Getsin, i\u015fini i\u015fl\u0259sin\u201d.\n<\/p>\n<p>\n  V\u00fcsal Axundovsa M\u0259\u015f\u011fulluq M\u0259rk\u0259zi t\u0259r\u0259find\u0259n h\u0259r hans\u0131 i\u015f t\u0259klifi almad\u0131\u011f\u0131n\u0131 v\u0259 i\u015fl\u0259 t\u0259min olunmad\u0131\u011f\u0131n\u0131 israrla deyir.\n<\/p>\n<p>\n  Bir ne\u00e7\u0259 ay \u0259vv\u0259l \u018fm\u0259k v\u0259 \u018fhalinin Sosial M\u00fcdafi\u0259si Nazirliyinin tabeliyind\u0259 Dayan\u0131ql\u0131 v\u0259 Operativ Sosial T\u0259minat Agentliyi n\u0259zdind\u0259 &quot;DOST \u0130\u015f M\u0259rk\u0259zi&quot; M\u0259hdud M\u0259suliyy\u0259tli C\u0259miyy\u0259ti yard\u0131l\u0131b. MMC-y\u0259 he\u00e7 bir pe\u015f\u0259 haz\u0131rl\u0131\u011f\u0131 v\u0259 ixtisas t\u0259l\u0259b olunmayan i\u015faxtaranlar t\u0259l\u0259b olunur. Bu i\u015fl\u0259r\u0259 sosial xidm\u0259tl\u0259rin g\u00f6st\u0259rilm\u0259si, t\u0259mir, abadla\u015fd\u0131rma, \u0259razil\u0259rin ekoloji sa\u011flamla\u015fd\u0131r\u0131lmas\u0131, o c\u00fcml\u0259d\u0259n ya\u015f\u0131lla\u015fd\u0131rma i\u015fl\u0259ri, parklara, ictimai yerl\u0259r\u0259 qulluq v\u0259 sair daxildir. M\u0259s\u0259l\u0259n, \u015eamax\u0131 sakinl\u0259ri bildirirdil\u0259r ki, rayonda xeyli adam\u0131n ad\u0131na m\u00fcqavil\u0259rl\u0259r ba\u011flansa da, onlar\u0131n c\u00fczi hiss\u0259si i\u015f\u0259 c\u0259lb olunub v\u0259 maa\u015f kart\u0131 verilib. C\u0259lb olunduqlar\u0131 i\u015fl\u0259rs\u0259 \u0259sas\u0259n k\u00fc\u00e7\u0259 t\u0259mizlik\u00e7iliyind\u0259n ibar\u0259tdir. Eyni naraz\u0131l\u0131qlar Bil\u0259suvar sakinl\u0259rind\u0259n d\u0259 daxil olub.\n<\/p>\n<figure class=\"wp-block-image size-large\">\n  <img decoding=\"async\" src=\"https:\/\/www.meydan.tv\/az\/image_from_ios-jpg-39\/\" alt=\"image_from_ios.jpg\" class=\"wp-image-123601\"\/><figcaption>\n    \u015fikay\u0259t m\u0259ktublar\u0131na cavablar<br \/>\n  <\/figcaption><\/figure>\n","protected":false},"excerpt":{"rendered":"<p>Evim yoxdur, kiray\u0259d\u0259 qal\u0131ram, n\u0259 \u00fcnvanl\u0131 sosial yard\u0131m, n\u0259 ba\u015fqa g\u0259lirimiz var<\/p>\n","protected":false},"author":11,"featured_media":123592,"comment_status":"closed","ping_status":"open","sticky":false,"template":"","format":"standard","meta":{"_acf_changed":false,"_sitemap_exclude":false,"_sitemap_priority":"","_sitemap_frequency":"","footnotes":""},"categories":[60],"tags":[],"class_list":["post-195348","post","type-post","status-publish","format-standard","has-post-thumbnail","hentry","category-bolge","infinite-scroll-item","generate-columns","tablet-grid-50","mobile-grid-100","grid-parent","grid-33","no-featured-image-padding"],"acf":[],"yoast_head":"<!-- This site is optimized with the Yoast SEO plugin v27.4 - https:\/\/yoast.com\/product\/yoast-seo-wordpress\/ -->\n<title>&#039;&#039;Dedi, get otur evd\u0259, h\u0259r ay kart\u0131na pul vurulacaq&#039;&#039; - MEYDAN.TV<\/title>\n<meta name=\"robots\" content=\"index, follow, max-snippet:-1, max-image-preview:large, max-video-preview:-1\" \/>\n<link rel=\"canonical\" href=\"https:\/\/www.meydan.tv\/az\/article\/dedi-get-otur-evde-her-ay-kartina-pul-vurulacaq\/\" \/>\n<meta property=\"og:locale\" content=\"az_AZ\" \/>\n<meta property=\"og:type\" content=\"article\" \/>\n<meta property=\"og:title\" content=\"&#039;&#039;Dedi, get otur evd\u0259, h\u0259r ay kart\u0131na pul vurulacaq&#039;&#039; - MEYDAN.TV\" \/>\n<meta property=\"og:description\" content=\"Evim yoxdur, kiray\u0259d\u0259 qal\u0131ram, n\u0259 \u00fcnvanl\u0131 sosial yard\u0131m, n\u0259 ba\u015fqa g\u0259lirimiz var\" \/>\n<meta property=\"og:url\" content=\"https:\/\/www.meydan.tv\/az\/article\/dedi-get-otur-evde-her-ay-kartina-pul-vurulacaq\/\" \/>\n<meta property=\"og:site_name\" content=\"MEYDAN.TV\" \/>\n<meta property=\"article:published_time\" content=\"2019-05-10T22:37:51+00:00\" \/>\n<meta property=\"og:image\" content=\"https:\/\/www.meydan.tv\/wp-content\/uploads\/saatli.jpg\" \/>\n\t<meta property=\"og:image:width\" content=\"1024\" \/>\n\t<meta property=\"og:image:height\" content=\"576\" \/>\n\t<meta property=\"og:image:type\" content=\"image\/jpeg\" \/>\n<meta name=\"author\" content=\"user-manager\" \/>\n<meta name=\"twitter:card\" content=\"summary_large_image\" \/>\n<script type=\"application\/ld+json\" class=\"yoast-schema-graph\">{\"@context\":\"https:\\\/\\\/schema.org\",\"@graph\":[{\"@type\":\"Article\",\"@id\":\"https:\\\/\\\/www.meydan.tv\\\/az\\\/article\\\/dedi-get-otur-evde-her-ay-kartina-pul-vurulacaq\\\/#article\",\"isPartOf\":{\"@id\":\"https:\\\/\\\/www.meydan.tv\\\/az\\\/article\\\/dedi-get-otur-evde-her-ay-kartina-pul-vurulacaq\\\/\"},\"author\":{\"name\":\"user-manager\",\"@id\":\"https:\\\/\\\/www.meydan.tv\\\/az\\\/#\\\/schema\\\/person\\\/10d11eccf6da3662cf5fdab9806ea91a\"},\"headline\":\"&#8221;Dedi, get otur evd\u0259, h\u0259r ay kart\u0131na pul vurulacaq&#8221;\",\"datePublished\":\"2019-05-10T22:37:51+00:00\",\"mainEntityOfPage\":{\"@id\":\"https:\\\/\\\/www.meydan.tv\\\/az\\\/article\\\/dedi-get-otur-evde-her-ay-kartina-pul-vurulacaq\\\/\"},\"wordCount\":1475,\"publisher\":{\"@id\":\"https:\\\/\\\/www.meydan.tv\\\/az\\\/#organization\"},\"image\":{\"@id\":\"https:\\\/\\\/www.meydan.tv\\\/az\\\/article\\\/dedi-get-otur-evde-her-ay-kartina-pul-vurulacaq\\\/#primaryimage\"},\"thumbnailUrl\":\"https:\\\/\\\/www.meydan.tv\\\/wp-content\\\/uploads\\\/saatli.jpg\",\"articleSection\":[\"B\u00f6lg\u0259\"],\"inLanguage\":\"az\"},{\"@type\":\"WebPage\",\"@id\":\"https:\\\/\\\/www.meydan.tv\\\/az\\\/article\\\/dedi-get-otur-evde-her-ay-kartina-pul-vurulacaq\\\/\",\"url\":\"https:\\\/\\\/www.meydan.tv\\\/az\\\/article\\\/dedi-get-otur-evde-her-ay-kartina-pul-vurulacaq\\\/\",\"name\":\"''Dedi, get otur evd\u0259, h\u0259r ay kart\u0131na pul vurulacaq'' - MEYDAN.TV\",\"isPartOf\":{\"@id\":\"https:\\\/\\\/www.meydan.tv\\\/az\\\/#website\"},\"primaryImageOfPage\":{\"@id\":\"https:\\\/\\\/www.meydan.tv\\\/az\\\/article\\\/dedi-get-otur-evde-her-ay-kartina-pul-vurulacaq\\\/#primaryimage\"},\"image\":{\"@id\":\"https:\\\/\\\/www.meydan.tv\\\/az\\\/article\\\/dedi-get-otur-evde-her-ay-kartina-pul-vurulacaq\\\/#primaryimage\"},\"thumbnailUrl\":\"https:\\\/\\\/www.meydan.tv\\\/wp-content\\\/uploads\\\/saatli.jpg\",\"datePublished\":\"2019-05-10T22:37:51+00:00\",\"breadcrumb\":{\"@id\":\"https:\\\/\\\/www.meydan.tv\\\/az\\\/article\\\/dedi-get-otur-evde-her-ay-kartina-pul-vurulacaq\\\/#breadcrumb\"},\"inLanguage\":\"az\",\"potentialAction\":[{\"@type\":\"ReadAction\",\"target\":[\"https:\\\/\\\/www.meydan.tv\\\/az\\\/article\\\/dedi-get-otur-evde-her-ay-kartina-pul-vurulacaq\\\/\"]}]},{\"@type\":\"ImageObject\",\"inLanguage\":\"az\",\"@id\":\"https:\\\/\\\/www.meydan.tv\\\/az\\\/article\\\/dedi-get-otur-evde-her-ay-kartina-pul-vurulacaq\\\/#primaryimage\",\"url\":\"https:\\\/\\\/www.meydan.tv\\\/wp-content\\\/uploads\\\/saatli.jpg\",\"contentUrl\":\"https:\\\/\\\/www.meydan.tv\\\/wp-content\\\/uploads\\\/saatli.jpg\",\"width\":1024,\"height\":576,\"caption\":\"Source: meydan.tv\"},{\"@type\":\"BreadcrumbList\",\"@id\":\"https:\\\/\\\/www.meydan.tv\\\/az\\\/article\\\/dedi-get-otur-evde-her-ay-kartina-pul-vurulacaq\\\/#breadcrumb\",\"itemListElement\":[{\"@type\":\"ListItem\",\"position\":1,\"name\":\"Ana s\u0259hif\u0259\",\"item\":\"https:\\\/\\\/www.meydan.tv\\\/az\\\/\"},{\"@type\":\"ListItem\",\"position\":2,\"name\":\"B\u00f6lg\u0259\",\"item\":\"https:\\\/\\\/www.meydan.tv\\\/az\\\/section\\\/bolge\\\/\"},{\"@type\":\"ListItem\",\"position\":3,\"name\":\"&#8221;Dedi, get otur evd\u0259, h\u0259r ay kart\u0131na pul vurulacaq&#8221;\"}]},{\"@type\":\"WebSite\",\"@id\":\"https:\\\/\\\/www.meydan.tv\\\/az\\\/#website\",\"url\":\"https:\\\/\\\/www.meydan.tv\\\/az\\\/\",\"name\":\"MEYDAN.TV\",\"description\":\"Meydan TV Az\u0259rbaycan\u0131n media m\u0259kan\u0131ndak\u0131 alternativ s\u0259sidir\",\"publisher\":{\"@id\":\"https:\\\/\\\/www.meydan.tv\\\/az\\\/#organization\"},\"potentialAction\":[{\"@type\":\"SearchAction\",\"target\":{\"@type\":\"EntryPoint\",\"urlTemplate\":\"https:\\\/\\\/www.meydan.tv\\\/az\\\/?s={search_term_string}\"},\"query-input\":{\"@type\":\"PropertyValueSpecification\",\"valueRequired\":true,\"valueName\":\"search_term_string\"}}],\"inLanguage\":\"az\"},{\"@type\":\"Organization\",\"@id\":\"https:\\\/\\\/www.meydan.tv\\\/az\\\/#organization\",\"name\":\"Meydan TV\",\"url\":\"https:\\\/\\\/www.meydan.tv\\\/az\\\/\",\"logo\":{\"@type\":\"ImageObject\",\"inLanguage\":\"az\",\"@id\":\"https:\\\/\\\/www.meydan.tv\\\/az\\\/#\\\/schema\\\/logo\\\/image\\\/\",\"url\":\"https:\\\/\\\/www.meydan.tv\\\/wp-content\\\/uploads\\\/2021\\\/07\\\/meydan-logo.svg\",\"contentUrl\":\"https:\\\/\\\/www.meydan.tv\\\/wp-content\\\/uploads\\\/2021\\\/07\\\/meydan-logo.svg\",\"width\":195,\"height\":46,\"caption\":\"Meydan TV\"},\"image\":{\"@id\":\"https:\\\/\\\/www.meydan.tv\\\/az\\\/#\\\/schema\\\/logo\\\/image\\\/\"}},{\"@type\":\"Person\",\"@id\":\"https:\\\/\\\/www.meydan.tv\\\/az\\\/#\\\/schema\\\/person\\\/10d11eccf6da3662cf5fdab9806ea91a\",\"name\":\"user-manager\"}]}<\/script>\n<!-- \/ Yoast SEO plugin. -->","yoast_head_json":{"title":"''Dedi, get otur evd\u0259, h\u0259r ay kart\u0131na pul vurulacaq'' - MEYDAN.TV","robots":{"index":"index","follow":"follow","max-snippet":"max-snippet:-1","max-image-preview":"max-image-preview:large","max-video-preview":"max-video-preview:-1"},"canonical":"https:\/\/www.meydan.tv\/az\/article\/dedi-get-otur-evde-her-ay-kartina-pul-vurulacaq\/","og_locale":"az_AZ","og_type":"article","og_title":"''Dedi, get otur evd\u0259, h\u0259r ay kart\u0131na pul vurulacaq'' - MEYDAN.TV","og_description":"Evim yoxdur, kiray\u0259d\u0259 qal\u0131ram, n\u0259 \u00fcnvanl\u0131 sosial yard\u0131m, n\u0259 ba\u015fqa g\u0259lirimiz var","og_url":"https:\/\/www.meydan.tv\/az\/article\/dedi-get-otur-evde-her-ay-kartina-pul-vurulacaq\/","og_site_name":"MEYDAN.TV","article_published_time":"2019-05-10T22:37:51+00:00","og_image":[{"width":1024,"height":576,"url":"https:\/\/www.meydan.tv\/wp-content\/uploads\/saatli.jpg","type":"image\/jpeg"}],"author":"user-manager","twitter_card":"summary_large_image","schema":{"@context":"https:\/\/schema.org","@graph":[{"@type":"Article","@id":"https:\/\/www.meydan.tv\/az\/article\/dedi-get-otur-evde-her-ay-kartina-pul-vurulacaq\/#article","isPartOf":{"@id":"https:\/\/www.meydan.tv\/az\/article\/dedi-get-otur-evde-her-ay-kartina-pul-vurulacaq\/"},"author":{"name":"user-manager","@id":"https:\/\/www.meydan.tv\/az\/#\/schema\/person\/10d11eccf6da3662cf5fdab9806ea91a"},"headline":"&#8221;Dedi, get otur evd\u0259, h\u0259r ay kart\u0131na pul vurulacaq&#8221;","datePublished":"2019-05-10T22:37:51+00:00","mainEntityOfPage":{"@id":"https:\/\/www.meydan.tv\/az\/article\/dedi-get-otur-evde-her-ay-kartina-pul-vurulacaq\/"},"wordCount":1475,"publisher":{"@id":"https:\/\/www.meydan.tv\/az\/#organization"},"image":{"@id":"https:\/\/www.meydan.tv\/az\/article\/dedi-get-otur-evde-her-ay-kartina-pul-vurulacaq\/#primaryimage"},"thumbnailUrl":"https:\/\/www.meydan.tv\/wp-content\/uploads\/saatli.jpg","articleSection":["B\u00f6lg\u0259"],"inLanguage":"az"},{"@type":"WebPage","@id":"https:\/\/www.meydan.tv\/az\/article\/dedi-get-otur-evde-her-ay-kartina-pul-vurulacaq\/","url":"https:\/\/www.meydan.tv\/az\/article\/dedi-get-otur-evde-her-ay-kartina-pul-vurulacaq\/","name":"''Dedi, get otur evd\u0259, h\u0259r ay kart\u0131na pul vurulacaq'' - MEYDAN.TV","isPartOf":{"@id":"https:\/\/www.meydan.tv\/az\/#website"},"primaryImageOfPage":{"@id":"https:\/\/www.meydan.tv\/az\/article\/dedi-get-otur-evde-her-ay-kartina-pul-vurulacaq\/#primaryimage"},"image":{"@id":"https:\/\/www.meydan.tv\/az\/article\/dedi-get-otur-evde-her-ay-kartina-pul-vurulacaq\/#primaryimage"},"thumbnailUrl":"https:\/\/www.meydan.tv\/wp-content\/uploads\/saatli.jpg","datePublished":"2019-05-10T22:37:51+00:00","breadcrumb":{"@id":"https:\/\/www.meydan.tv\/az\/article\/dedi-get-otur-evde-her-ay-kartina-pul-vurulacaq\/#breadcrumb"},"inLanguage":"az","potentialAction":[{"@type":"ReadAction","target":["https:\/\/www.meydan.tv\/az\/article\/dedi-get-otur-evde-her-ay-kartina-pul-vurulacaq\/"]}]},{"@type":"ImageObject","inLanguage":"az","@id":"https:\/\/www.meydan.tv\/az\/article\/dedi-get-otur-evde-her-ay-kartina-pul-vurulacaq\/#primaryimage","url":"https:\/\/www.meydan.tv\/wp-content\/uploads\/saatli.jpg","contentUrl":"https:\/\/www.meydan.tv\/wp-content\/uploads\/saatli.jpg","width":1024,"height":576,"caption":"Source: meydan.tv"},{"@type":"BreadcrumbList","@id":"https:\/\/www.meydan.tv\/az\/article\/dedi-get-otur-evde-her-ay-kartina-pul-vurulacaq\/#breadcrumb","itemListElement":[{"@type":"ListItem","position":1,"name":"Ana s\u0259hif\u0259","item":"https:\/\/www.meydan.tv\/az\/"},{"@type":"ListItem","position":2,"name":"B\u00f6lg\u0259","item":"https:\/\/www.meydan.tv\/az\/section\/bolge\/"},{"@type":"ListItem","position":3,"name":"&#8221;Dedi, get otur evd\u0259, h\u0259r ay kart\u0131na pul vurulacaq&#8221;"}]},{"@type":"WebSite","@id":"https:\/\/www.meydan.tv\/az\/#website","url":"https:\/\/www.meydan.tv\/az\/","name":"MEYDAN.TV","description":"Meydan TV Az\u0259rbaycan\u0131n media m\u0259kan\u0131ndak\u0131 alternativ s\u0259sidir","publisher":{"@id":"https:\/\/www.meydan.tv\/az\/#organization"},"potentialAction":[{"@type":"SearchAction","target":{"@type":"EntryPoint","urlTemplate":"https:\/\/www.meydan.tv\/az\/?s={search_term_string}"},"query-input":{"@type":"PropertyValueSpecification","valueRequired":true,"valueName":"search_term_string"}}],"inLanguage":"az"},{"@type":"Organization","@id":"https:\/\/www.meydan.tv\/az\/#organization","name":"Meydan TV","url":"https:\/\/www.meydan.tv\/az\/","logo":{"@type":"ImageObject","inLanguage":"az","@id":"https:\/\/www.meydan.tv\/az\/#\/schema\/logo\/image\/","url":"https:\/\/www.meydan.tv\/wp-content\/uploads\/2021\/07\/meydan-logo.svg","contentUrl":"https:\/\/www.meydan.tv\/wp-content\/uploads\/2021\/07\/meydan-logo.svg","width":195,"height":46,"caption":"Meydan TV"},"image":{"@id":"https:\/\/www.meydan.tv\/az\/#\/schema\/logo\/image\/"}},{"@type":"Person","@id":"https:\/\/www.meydan.tv\/az\/#\/schema\/person\/10d11eccf6da3662cf5fdab9806ea91a","name":"user-manager"}]}},"_links":{"self":[{"href":"https:\/\/www.meydan.tv\/az\/wp-json\/wp\/v2\/posts\/195348","targetHints":{"allow":["GET"]}}],"collection":[{"href":"https:\/\/www.meydan.tv\/az\/wp-json\/wp\/v2\/posts"}],"about":[{"href":"https:\/\/www.meydan.tv\/az\/wp-json\/wp\/v2\/types\/post"}],"author":[{"embeddable":true,"href":"https:\/\/www.meydan.tv\/az\/wp-json\/wp\/v2\/users\/11"}],"replies":[{"embeddable":true,"href":"https:\/\/www.meydan.tv\/az\/wp-json\/wp\/v2\/comments?post=195348"}],"version-history":[{"count":0,"href":"https:\/\/www.meydan.tv\/az\/wp-json\/wp\/v2\/posts\/195348\/revisions"}],"wp:featuredmedia":[{"embeddable":true,"href":"https:\/\/www.meydan.tv\/az\/wp-json\/wp\/v2\/media\/123592"}],"wp:attachment":[{"href":"https:\/\/www.meydan.tv\/az\/wp-json\/wp\/v2\/media?parent=195348"}],"wp:term":[{"taxonomy":"category","embeddable":true,"href":"https:\/\/www.meydan.tv\/az\/wp-json\/wp\/v2\/categories?post=195348"},{"taxonomy":"post_tag","embeddable":true,"href":"https:\/\/www.meydan.tv\/az\/wp-json\/wp\/v2\/tags?post=195348"}],"curies":[{"name":"wp","href":"https:\/\/api.w.org\/{rel}","templated":true}]}}