{"id":195325,"date":"2019-05-08T16:05:14","date_gmt":"2019-05-08T16:05:14","guid":{"rendered":"https:\/\/www.meydan.tv\/article\/lerik-sakini-torpagimizda-stansiya-tikilib-kompensasiya-verilmeyib\/"},"modified":"2019-05-08T16:05:14","modified_gmt":"2019-05-08T16:05:14","slug":"lerik-sakini-torpagimizda-stansiya-tikilib-kompensasiya-verilmeyib","status":"publish","type":"post","link":"https:\/\/www.meydan.tv\/az\/article\/lerik-sakini-torpagimizda-stansiya-tikilib-kompensasiya-verilmeyib\/","title":{"rendered":"Lerik sakini: Torpa\u011f\u0131m\u0131zda stansiya tikilib, kompensasiya verilm\u0259yib"},"content":{"rendered":"<p>\n  <i><br \/>\n    Yerli icra hakimiyy\u0259ti ail\u0259y\u0259 g\u00f6t\u00fcr\u00fclm\u00fc\u015f torpa\u011f\u0131n \u0259v\u0259zi olaraq ba\u015fqa \u0259razid\u0259n torpaq sah\u0259si ayr\u0131ld\u0131\u011f\u0131n\u0131 bildirir<br \/>\n  <\/i>\n<\/p>\n<p>\n  \u201cM\u00fclkiyy\u0259timizd\u0259 olan torpaq sah\u0259si \u0259limizd\u0259n al\u0131n\u0131b, \u00fcz\u0259rind\u0259 elektrik stansiyas\u0131 tikilib. Ancaq n\u0259 kompensasiya \u00f6d\u0259nilib, n\u0259 d\u0259 \u0259v\u0259zi olaraq ba\u015fqa yerd\u0259n torpaq sah\u0259si verilib\u201d.\n<\/p>\n<p>\n  Bunu Meydan TV-y\u0259 Lerik rayon sakini Eld\u0259niz Quliyev deyir. Onun s\u00f6zl\u0259rin\u0259 g\u00f6r\u0259, m\u00fclkiyy\u0259t\u00e7isi olduqlar\u0131 54 sot h\u0259y\u0259tyan\u0131 torpaq sah\u0259si \u0259ll\u0259rind\u0259n al\u0131n\u0131b.\n<\/p>\n<p>\n  <i><br \/>\n    \u201cH\u0259d\u0259l\u0259nirik, t\u0259hqir olunuruq\u201d<br \/>\n  <\/i>\n<\/p>\n<p>\n  \u201cAil\u0259mizl\u0259 raz\u0131la\u015fd\u0131r\u0131lmadan torpa\u011f\u0131m\u0131z yerli icra hakimiyy\u0259ti t\u0259r\u0259find\u0259n \u201cAz\u0259renerji\u201d ASC-y\u0259 sat\u0131l\u0131b. Sah\u0259y\u0259 a\u011f\u0131r texnikalar g\u0259tir\u0259r\u0259k tax\u0131l z\u0259misini m\u0259hv edibl\u0259r. Torpa\u011f\u0131n m\u00fclkiyy\u0259t\u00e7isi 75 ya\u015fl\u0131 x\u0259st\u0259 anamd\u0131r. H\u0259r d\u0259f\u0259 icra hakimiyy\u0259tin\u0259 z\u0259ng vuranda h\u0259d\u0259l\u0259nir, s\u00f6y\u00fcl\u00fcr, t\u0259hqir olunur. Bu v\u0259ziyy\u0259t 10 ild\u0259n \u00e7oxdur ki, davam edir. \u0130ndi d\u0259 anam\u0131 h\u0259d\u0259l\u0259yirl\u0259r ki, o\u011flun \u015fikay\u0259tl\u0259rini dayand\u0131rmasa, ax\u0131r\u0131n\u0131z yax\u015f\u0131 olmayacaq. Bizi susdurmaq \u00fc\u00e7\u00fcn qarda\u015f\u0131m\u0131 h\u0259bs\u0259 d\u0259 atm\u0131\u015fd\u0131lar. Biz n\u0259 ist\u0259riik ki? \u0130st\u0259diyimiz yaln\u0131z biz\u0259 \u00e7atan haqq\u0131m\u0131zd\u0131r. Hesablans\u0131n, bizd\u0259n g\u00f6t\u00fcr\u00fcl\u0259n torpa\u011f\u0131n d\u0259y\u0259ri \u00f6d\u0259nilsin. Torpa\u011f\u0131m\u0131z\u0131n haqq\u0131n\u0131 t\u0259l\u0259b etdik, anam\u0131z t\u0259hqir olundu, qarda\u015f\u0131m h\u0259bs\u0259 d\u00fc\u015fd\u00fc, \u00f6z\u00fcm\u00fc d\u0259 i\u015fsiz qoydular,\u201d- Eld\u0259niz Quliyev bel\u0259 deyir.\n<\/p>\n<p>\n  <i><br \/>\n    \u201cO torpaqda tax\u0131l, kartof \u0259kirdik\u201d<br \/>\n  <\/i>\n<\/p>\n<p>\n  Eld\u0259niz Quliyev deyir, torpaq sah\u0259si 2007-ci ild\u0259 \u0259ll\u0259rind\u0259n al\u0131n\u0131b. 4 il sonra torpa\u011f\u0131n \u00fcz\u0259rind\u0259 tikinti i\u015fl\u0259ri ba\u015flay\u0131b. Ancaq ail\u0259y\u0259 \u0259v\u0259zi olaraq ba\u015fqa yerd\u0259 sah\u0259 ayr\u0131lmay\u0131b:\n<\/p>\n<p>\n  \u201cAil\u0259d\u0259 15 n\u0259f\u0259rik. O torpaqdan \u0259kin i\u015fl\u0259ri \u00fc\u00e7\u00fcn istifad\u0259 edirdik. H\u0259min torpaqda \u0259kdiyimiz tax\u0131l\u0131, kartofu sataraq dolan\u0131\u015f\u0131\u011f\u0131m\u0131z\u0131 t\u0259min edirdik. Hans\u0131 quruma yaz\u0131ramsa, m\u0259ktubum icra hakimiyy\u0259tin\u0259 g\u00f6nd\u0259rilir. Onlar da m\u0259s\u0259l\u0259ni yaln\u0131z bizi t\u0259hqir etm\u0259kl\u0259, h\u0259bs\u0259 atmaqla, i\u015fsiz qoymaqla \u201ch\u0259ll edirl\u0259r\u201d. 12 ildir ki, d\u00f6vl\u0259t qurumlar\u0131n\u0131n aras\u0131nda qalm\u0131\u015f\u0131q. Ham\u0131 bir-birinin \u00fcst\u00fcn\u0259 \u00f6t\u00fcr\u00fcr\u201d.\n<\/p>\n<figure class=\"wp-block-image size-large\">\n  <img decoding=\"async\" src=\"https:\/\/www.meydan.tv\/az\/image_from_ios-1-jpg-19\/\" alt=\"image_from_ios (1).jpg\" class=\"wp-image-123490\"\/><figcaption>\n    &#8220;Az\u0259renerji&#8221; ASC-nin cavab m\u0259ktubu<br \/>\n  <\/figcaption><\/figure>\n<p>\n  \u201c\u015eirvan Regional Elektrik \u015e\u0259b\u0259k\u0259si\u201d MMC-d\u0259n bildirilib ki, Regionlar\u0131n \u0130qtisadi \u0130nki\u015faf D\u00f6vl\u0259t Proqram\u0131na m\u00fcvafiq olaraq, Lerikd\u0259 \u201cModul\u201d tipli elektrik stansiyas\u0131 tikilm\u0259si q\u0259rar\u0131 verilib. Bunun \u00fc\u00e7\u00fcn icra orqanlar\u0131 t\u0259r\u0259find\u0259n yer ayr\u0131lark\u0259n bir ne\u00e7\u0259 rayon sakininin torpaq sah\u0259si, o c\u00fcml\u0259d\u0259n d\u0259, Quliyevl\u0259r ail\u0259sinin 56 sot torpaq sah\u0259si ayr\u0131lm\u0131\u015f yer\u0259 d\u00fc\u015f\u00fcb. \u201cAz\u0259renerji\u201d ASC rayon \u0259razisind\u0259 tikil\u0259c\u0259k elektrik stansiyas\u0131 v\u0259 yar\u0131mstansiyas\u0131 tikintisin\u0259 3,9 hektar yer ayr\u0131lmas\u0131 \u00fc\u00e7\u00fcn Lerik Rayon \u0130cra Hakimiyy\u0259tin\u0259 m\u00fcraci\u0259t edib. \u0130cra hakimiyy\u0259ti iri h\u0259cmli layih\u0259 \u00fc\u00e7\u00fcn Lerik-K\u0259lv\u0259z avtomobil yolunun k\u0259nar\u0131nda 3,87 hektar torpaq sah\u0259si stansiya tikintisi \u00fc\u00e7\u00fcn \u0259lveri\u015fli \u0259razi hesab olunub. Lerik Elektrik Stansiyas\u0131n\u0131n tikintisi \u00fc\u00e7\u00fcn n\u0259z\u0259rd\u0259 tutulan torpaq sah\u0259si rayon icra hakimiyy\u0259ti t\u0259r\u0259find\u0259n torpaq m\u00fclkiyy\u0259t\u00e7il\u0259riyl\u0259 raz\u0131la\u015fd\u0131r\u0131laraq \u201cAz\u0259renerji\u201d ASC-y\u0259 ayr\u0131l\u0131b. Sakinl\u0259rin kompensasiya m\u0259s\u0259l\u0259si il\u0259 icra hakimiyy\u0259ti m\u0259\u015f\u011ful olmal\u0131d\u0131r\u201d.\n<\/p>\n<p>\n  Lerik Rayon \u0130cra Hakimiyy\u0259tind\u0259n is\u0259 bildirilib ki, Quliyevl\u0259r ail\u0259sin\u0259 rayonun ba\u015fqa yerind\u0259n 64 sot torpaq sah\u0259si ayr\u0131lsa da, ail\u0259 raz\u0131la\u015fmay\u0131b. Ancaq Eld\u0259niz Quliyev deyir, icra hakimiyy\u0259ti onlara \u015fifahi olaraq torpaq sah\u0259sinin ayr\u0131ld\u0131\u011f\u0131n\u0131 des\u0259 d\u0259, h\u0259min torpa\u011f\u0131n harada yerl\u0259\u015fm\u0259sini, h\u0259min torpa\u011fa dair s\u0259n\u0259dl\u0259ri t\u0259qdim etm\u0259yib. Bu da o dem\u0259kdir ki, onlara torpaq sah\u0259si yaln\u0131z s\u00f6zd\u0259 v\u0259d olunub.\n<\/p>\n<p>\n  Eld\u0259niz Quliyev Lerik Rayon M\u0259hk\u0259m\u0259sin\u0259 d\u0259 \u0259riz\u0259yl\u0259 m\u00fcraci\u0259t edib. M\u0259hk\u0259m\u0259 onun \u0259riz\u0259sini q\u0259bul etm\u0259yib. H\u00fcquq\u015f\u00fcnas Namiz\u0259d S\u0259f\u0259rov deyir, Eld\u0259niz Quliyev \u015eirvan \u0130nzibati \u0130qtisad M\u0259hk\u0259m\u0259sind\u0259 Lerik Rayon \u0130cra Hakimiyy\u0259tin\u0259 qar\u015f\u0131 g\u00f6t\u00fcr\u00fclm\u00fc\u015f torpa\u011f\u0131n \u0259v\u0259zi, yaxud kompensasiya iddias\u0131 qald\u0131rmal\u0131d\u0131r.<\/p>\n","protected":false},"excerpt":{"rendered":"<p>Lerik Elektrik Stansiyas\u0131n\u0131n tikintisi \u00fc\u00e7\u00fcn n\u0259z\u0259rd\u0259 tutulan torpaq sah\u0259si rayon icra hakimiyy\u0259ti t\u0259r\u0259find\u0259n torpaq m\u00fclkiyy\u0259t\u00e7il\u0259riyl\u0259 raz\u0131la\u015fd\u0131r\u0131laraq \u201cAz\u0259renerji\u201d ASC-y\u0259 ayr\u0131l\u0131b. Sakinl\u0259rin kompensasiya m\u0259s\u0259l\u0259si il\u0259 icra hakimiyy\u0259ti m\u0259\u015f\u011ful olmal\u0131d\u0131r<\/p>\n","protected":false},"author":11,"featured_media":123487,"comment_status":"closed","ping_status":"open","sticky":false,"template":"","format":"standard","meta":{"_acf_changed":false,"_sitemap_exclude":false,"_sitemap_priority":"","_sitemap_frequency":"","footnotes":""},"categories":[60],"tags":[],"class_list":["post-195325","post","type-post","status-publish","format-standard","has-post-thumbnail","hentry","category-bolge","infinite-scroll-item","generate-columns","tablet-grid-50","mobile-grid-100","grid-parent","grid-33","no-featured-image-padding"],"acf":[],"yoast_head":"<!-- This site is optimized with the Yoast SEO plugin v27.4 - https:\/\/yoast.com\/product\/yoast-seo-wordpress\/ -->\n<title>Lerik sakini: Torpa\u011f\u0131m\u0131zda stansiya tikilib, kompensasiya verilm\u0259yib - MEYDAN.TV<\/title>\n<meta name=\"robots\" content=\"index, follow, max-snippet:-1, max-image-preview:large, max-video-preview:-1\" \/>\n<link rel=\"canonical\" href=\"https:\/\/www.meydan.tv\/az\/article\/lerik-sakini-torpagimizda-stansiya-tikilib-kompensasiya-verilmeyib\/\" \/>\n<meta property=\"og:locale\" content=\"az_AZ\" \/>\n<meta property=\"og:type\" content=\"article\" \/>\n<meta property=\"og:title\" content=\"Lerik sakini: Torpa\u011f\u0131m\u0131zda stansiya tikilib, kompensasiya verilm\u0259yib - MEYDAN.TV\" \/>\n<meta property=\"og:description\" content=\"Lerik Elektrik Stansiyas\u0131n\u0131n tikintisi \u00fc\u00e7\u00fcn n\u0259z\u0259rd\u0259 tutulan torpaq sah\u0259si rayon icra hakimiyy\u0259ti t\u0259r\u0259find\u0259n torpaq m\u00fclkiyy\u0259t\u00e7il\u0259riyl\u0259 raz\u0131la\u015fd\u0131r\u0131laraq \u201cAz\u0259renerji\u201d ASC-y\u0259 ayr\u0131l\u0131b. Sakinl\u0259rin kompensasiya m\u0259s\u0259l\u0259si il\u0259 icra hakimiyy\u0259ti m\u0259\u015f\u011ful olmal\u0131d\u0131r\" \/>\n<meta property=\"og:url\" content=\"https:\/\/www.meydan.tv\/az\/article\/lerik-sakini-torpagimizda-stansiya-tikilib-kompensasiya-verilmeyib\/\" \/>\n<meta property=\"og:site_name\" content=\"MEYDAN.TV\" \/>\n<meta property=\"article:published_time\" content=\"2019-05-08T16:05:14+00:00\" \/>\n<meta property=\"og:image\" content=\"https:\/\/www.meydan.tv\/wp-content\/uploads\/image_from_ios_834t8am.jpg\" \/>\n\t<meta property=\"og:image:width\" content=\"1032\" \/>\n\t<meta property=\"og:image:height\" content=\"581\" \/>\n\t<meta property=\"og:image:type\" content=\"image\/jpeg\" \/>\n<meta name=\"author\" content=\"user-manager\" \/>\n<meta name=\"twitter:card\" content=\"summary_large_image\" \/>\n<script type=\"application\/ld+json\" class=\"yoast-schema-graph\">{\"@context\":\"https:\\\/\\\/schema.org\",\"@graph\":[{\"@type\":\"Article\",\"@id\":\"https:\\\/\\\/www.meydan.tv\\\/az\\\/article\\\/lerik-sakini-torpagimizda-stansiya-tikilib-kompensasiya-verilmeyib\\\/#article\",\"isPartOf\":{\"@id\":\"https:\\\/\\\/www.meydan.tv\\\/az\\\/article\\\/lerik-sakini-torpagimizda-stansiya-tikilib-kompensasiya-verilmeyib\\\/\"},\"author\":{\"name\":\"user-manager\",\"@id\":\"https:\\\/\\\/www.meydan.tv\\\/az\\\/#\\\/schema\\\/person\\\/10d11eccf6da3662cf5fdab9806ea91a\"},\"headline\":\"Lerik sakini: Torpa\u011f\u0131m\u0131zda stansiya tikilib, kompensasiya verilm\u0259yib\",\"datePublished\":\"2019-05-08T16:05:14+00:00\",\"mainEntityOfPage\":{\"@id\":\"https:\\\/\\\/www.meydan.tv\\\/az\\\/article\\\/lerik-sakini-torpagimizda-stansiya-tikilib-kompensasiya-verilmeyib\\\/\"},\"wordCount\":763,\"publisher\":{\"@id\":\"https:\\\/\\\/www.meydan.tv\\\/az\\\/#organization\"},\"image\":{\"@id\":\"https:\\\/\\\/www.meydan.tv\\\/az\\\/article\\\/lerik-sakini-torpagimizda-stansiya-tikilib-kompensasiya-verilmeyib\\\/#primaryimage\"},\"thumbnailUrl\":\"https:\\\/\\\/www.meydan.tv\\\/wp-content\\\/uploads\\\/image_from_ios_834t8am.jpg\",\"articleSection\":[\"B\u00f6lg\u0259\"],\"inLanguage\":\"az\"},{\"@type\":\"WebPage\",\"@id\":\"https:\\\/\\\/www.meydan.tv\\\/az\\\/article\\\/lerik-sakini-torpagimizda-stansiya-tikilib-kompensasiya-verilmeyib\\\/\",\"url\":\"https:\\\/\\\/www.meydan.tv\\\/az\\\/article\\\/lerik-sakini-torpagimizda-stansiya-tikilib-kompensasiya-verilmeyib\\\/\",\"name\":\"Lerik sakini: Torpa\u011f\u0131m\u0131zda stansiya tikilib, kompensasiya verilm\u0259yib - MEYDAN.TV\",\"isPartOf\":{\"@id\":\"https:\\\/\\\/www.meydan.tv\\\/az\\\/#website\"},\"primaryImageOfPage\":{\"@id\":\"https:\\\/\\\/www.meydan.tv\\\/az\\\/article\\\/lerik-sakini-torpagimizda-stansiya-tikilib-kompensasiya-verilmeyib\\\/#primaryimage\"},\"image\":{\"@id\":\"https:\\\/\\\/www.meydan.tv\\\/az\\\/article\\\/lerik-sakini-torpagimizda-stansiya-tikilib-kompensasiya-verilmeyib\\\/#primaryimage\"},\"thumbnailUrl\":\"https:\\\/\\\/www.meydan.tv\\\/wp-content\\\/uploads\\\/image_from_ios_834t8am.jpg\",\"datePublished\":\"2019-05-08T16:05:14+00:00\",\"breadcrumb\":{\"@id\":\"https:\\\/\\\/www.meydan.tv\\\/az\\\/article\\\/lerik-sakini-torpagimizda-stansiya-tikilib-kompensasiya-verilmeyib\\\/#breadcrumb\"},\"inLanguage\":\"az\",\"potentialAction\":[{\"@type\":\"ReadAction\",\"target\":[\"https:\\\/\\\/www.meydan.tv\\\/az\\\/article\\\/lerik-sakini-torpagimizda-stansiya-tikilib-kompensasiya-verilmeyib\\\/\"]}]},{\"@type\":\"ImageObject\",\"inLanguage\":\"az\",\"@id\":\"https:\\\/\\\/www.meydan.tv\\\/az\\\/article\\\/lerik-sakini-torpagimizda-stansiya-tikilib-kompensasiya-verilmeyib\\\/#primaryimage\",\"url\":\"https:\\\/\\\/www.meydan.tv\\\/wp-content\\\/uploads\\\/image_from_ios_834t8am.jpg\",\"contentUrl\":\"https:\\\/\\\/www.meydan.tv\\\/wp-content\\\/uploads\\\/image_from_ios_834t8am.jpg\",\"width\":1032,\"height\":581,\"caption\":\"Source: meydan tv\"},{\"@type\":\"BreadcrumbList\",\"@id\":\"https:\\\/\\\/www.meydan.tv\\\/az\\\/article\\\/lerik-sakini-torpagimizda-stansiya-tikilib-kompensasiya-verilmeyib\\\/#breadcrumb\",\"itemListElement\":[{\"@type\":\"ListItem\",\"position\":1,\"name\":\"Ana s\u0259hif\u0259\",\"item\":\"https:\\\/\\\/www.meydan.tv\\\/az\\\/\"},{\"@type\":\"ListItem\",\"position\":2,\"name\":\"B\u00f6lg\u0259\",\"item\":\"https:\\\/\\\/www.meydan.tv\\\/az\\\/section\\\/bolge\\\/\"},{\"@type\":\"ListItem\",\"position\":3,\"name\":\"Lerik sakini: Torpa\u011f\u0131m\u0131zda stansiya tikilib, kompensasiya verilm\u0259yib\"}]},{\"@type\":\"WebSite\",\"@id\":\"https:\\\/\\\/www.meydan.tv\\\/az\\\/#website\",\"url\":\"https:\\\/\\\/www.meydan.tv\\\/az\\\/\",\"name\":\"MEYDAN.TV\",\"description\":\"Meydan TV Az\u0259rbaycan\u0131n media m\u0259kan\u0131ndak\u0131 alternativ s\u0259sidir\",\"publisher\":{\"@id\":\"https:\\\/\\\/www.meydan.tv\\\/az\\\/#organization\"},\"potentialAction\":[{\"@type\":\"SearchAction\",\"target\":{\"@type\":\"EntryPoint\",\"urlTemplate\":\"https:\\\/\\\/www.meydan.tv\\\/az\\\/?s={search_term_string}\"},\"query-input\":{\"@type\":\"PropertyValueSpecification\",\"valueRequired\":true,\"valueName\":\"search_term_string\"}}],\"inLanguage\":\"az\"},{\"@type\":\"Organization\",\"@id\":\"https:\\\/\\\/www.meydan.tv\\\/az\\\/#organization\",\"name\":\"Meydan TV\",\"url\":\"https:\\\/\\\/www.meydan.tv\\\/az\\\/\",\"logo\":{\"@type\":\"ImageObject\",\"inLanguage\":\"az\",\"@id\":\"https:\\\/\\\/www.meydan.tv\\\/az\\\/#\\\/schema\\\/logo\\\/image\\\/\",\"url\":\"https:\\\/\\\/www.meydan.tv\\\/wp-content\\\/uploads\\\/2021\\\/07\\\/meydan-logo.svg\",\"contentUrl\":\"https:\\\/\\\/www.meydan.tv\\\/wp-content\\\/uploads\\\/2021\\\/07\\\/meydan-logo.svg\",\"width\":195,\"height\":46,\"caption\":\"Meydan TV\"},\"image\":{\"@id\":\"https:\\\/\\\/www.meydan.tv\\\/az\\\/#\\\/schema\\\/logo\\\/image\\\/\"}},{\"@type\":\"Person\",\"@id\":\"https:\\\/\\\/www.meydan.tv\\\/az\\\/#\\\/schema\\\/person\\\/10d11eccf6da3662cf5fdab9806ea91a\",\"name\":\"user-manager\"}]}<\/script>\n<!-- \/ Yoast SEO plugin. -->","yoast_head_json":{"title":"Lerik sakini: Torpa\u011f\u0131m\u0131zda stansiya tikilib, kompensasiya verilm\u0259yib - MEYDAN.TV","robots":{"index":"index","follow":"follow","max-snippet":"max-snippet:-1","max-image-preview":"max-image-preview:large","max-video-preview":"max-video-preview:-1"},"canonical":"https:\/\/www.meydan.tv\/az\/article\/lerik-sakini-torpagimizda-stansiya-tikilib-kompensasiya-verilmeyib\/","og_locale":"az_AZ","og_type":"article","og_title":"Lerik sakini: Torpa\u011f\u0131m\u0131zda stansiya tikilib, kompensasiya verilm\u0259yib - MEYDAN.TV","og_description":"Lerik Elektrik Stansiyas\u0131n\u0131n tikintisi \u00fc\u00e7\u00fcn n\u0259z\u0259rd\u0259 tutulan torpaq sah\u0259si rayon icra hakimiyy\u0259ti t\u0259r\u0259find\u0259n torpaq m\u00fclkiyy\u0259t\u00e7il\u0259riyl\u0259 raz\u0131la\u015fd\u0131r\u0131laraq \u201cAz\u0259renerji\u201d ASC-y\u0259 ayr\u0131l\u0131b. Sakinl\u0259rin kompensasiya m\u0259s\u0259l\u0259si il\u0259 icra hakimiyy\u0259ti m\u0259\u015f\u011ful olmal\u0131d\u0131r","og_url":"https:\/\/www.meydan.tv\/az\/article\/lerik-sakini-torpagimizda-stansiya-tikilib-kompensasiya-verilmeyib\/","og_site_name":"MEYDAN.TV","article_published_time":"2019-05-08T16:05:14+00:00","og_image":[{"width":1032,"height":581,"url":"https:\/\/www.meydan.tv\/wp-content\/uploads\/image_from_ios_834t8am.jpg","type":"image\/jpeg"}],"author":"user-manager","twitter_card":"summary_large_image","schema":{"@context":"https:\/\/schema.org","@graph":[{"@type":"Article","@id":"https:\/\/www.meydan.tv\/az\/article\/lerik-sakini-torpagimizda-stansiya-tikilib-kompensasiya-verilmeyib\/#article","isPartOf":{"@id":"https:\/\/www.meydan.tv\/az\/article\/lerik-sakini-torpagimizda-stansiya-tikilib-kompensasiya-verilmeyib\/"},"author":{"name":"user-manager","@id":"https:\/\/www.meydan.tv\/az\/#\/schema\/person\/10d11eccf6da3662cf5fdab9806ea91a"},"headline":"Lerik sakini: Torpa\u011f\u0131m\u0131zda stansiya tikilib, kompensasiya verilm\u0259yib","datePublished":"2019-05-08T16:05:14+00:00","mainEntityOfPage":{"@id":"https:\/\/www.meydan.tv\/az\/article\/lerik-sakini-torpagimizda-stansiya-tikilib-kompensasiya-verilmeyib\/"},"wordCount":763,"publisher":{"@id":"https:\/\/www.meydan.tv\/az\/#organization"},"image":{"@id":"https:\/\/www.meydan.tv\/az\/article\/lerik-sakini-torpagimizda-stansiya-tikilib-kompensasiya-verilmeyib\/#primaryimage"},"thumbnailUrl":"https:\/\/www.meydan.tv\/wp-content\/uploads\/image_from_ios_834t8am.jpg","articleSection":["B\u00f6lg\u0259"],"inLanguage":"az"},{"@type":"WebPage","@id":"https:\/\/www.meydan.tv\/az\/article\/lerik-sakini-torpagimizda-stansiya-tikilib-kompensasiya-verilmeyib\/","url":"https:\/\/www.meydan.tv\/az\/article\/lerik-sakini-torpagimizda-stansiya-tikilib-kompensasiya-verilmeyib\/","name":"Lerik sakini: Torpa\u011f\u0131m\u0131zda stansiya tikilib, kompensasiya verilm\u0259yib - MEYDAN.TV","isPartOf":{"@id":"https:\/\/www.meydan.tv\/az\/#website"},"primaryImageOfPage":{"@id":"https:\/\/www.meydan.tv\/az\/article\/lerik-sakini-torpagimizda-stansiya-tikilib-kompensasiya-verilmeyib\/#primaryimage"},"image":{"@id":"https:\/\/www.meydan.tv\/az\/article\/lerik-sakini-torpagimizda-stansiya-tikilib-kompensasiya-verilmeyib\/#primaryimage"},"thumbnailUrl":"https:\/\/www.meydan.tv\/wp-content\/uploads\/image_from_ios_834t8am.jpg","datePublished":"2019-05-08T16:05:14+00:00","breadcrumb":{"@id":"https:\/\/www.meydan.tv\/az\/article\/lerik-sakini-torpagimizda-stansiya-tikilib-kompensasiya-verilmeyib\/#breadcrumb"},"inLanguage":"az","potentialAction":[{"@type":"ReadAction","target":["https:\/\/www.meydan.tv\/az\/article\/lerik-sakini-torpagimizda-stansiya-tikilib-kompensasiya-verilmeyib\/"]}]},{"@type":"ImageObject","inLanguage":"az","@id":"https:\/\/www.meydan.tv\/az\/article\/lerik-sakini-torpagimizda-stansiya-tikilib-kompensasiya-verilmeyib\/#primaryimage","url":"https:\/\/www.meydan.tv\/wp-content\/uploads\/image_from_ios_834t8am.jpg","contentUrl":"https:\/\/www.meydan.tv\/wp-content\/uploads\/image_from_ios_834t8am.jpg","width":1032,"height":581,"caption":"Source: meydan tv"},{"@type":"BreadcrumbList","@id":"https:\/\/www.meydan.tv\/az\/article\/lerik-sakini-torpagimizda-stansiya-tikilib-kompensasiya-verilmeyib\/#breadcrumb","itemListElement":[{"@type":"ListItem","position":1,"name":"Ana s\u0259hif\u0259","item":"https:\/\/www.meydan.tv\/az\/"},{"@type":"ListItem","position":2,"name":"B\u00f6lg\u0259","item":"https:\/\/www.meydan.tv\/az\/section\/bolge\/"},{"@type":"ListItem","position":3,"name":"Lerik sakini: Torpa\u011f\u0131m\u0131zda stansiya tikilib, kompensasiya verilm\u0259yib"}]},{"@type":"WebSite","@id":"https:\/\/www.meydan.tv\/az\/#website","url":"https:\/\/www.meydan.tv\/az\/","name":"MEYDAN.TV","description":"Meydan TV Az\u0259rbaycan\u0131n media m\u0259kan\u0131ndak\u0131 alternativ s\u0259sidir","publisher":{"@id":"https:\/\/www.meydan.tv\/az\/#organization"},"potentialAction":[{"@type":"SearchAction","target":{"@type":"EntryPoint","urlTemplate":"https:\/\/www.meydan.tv\/az\/?s={search_term_string}"},"query-input":{"@type":"PropertyValueSpecification","valueRequired":true,"valueName":"search_term_string"}}],"inLanguage":"az"},{"@type":"Organization","@id":"https:\/\/www.meydan.tv\/az\/#organization","name":"Meydan TV","url":"https:\/\/www.meydan.tv\/az\/","logo":{"@type":"ImageObject","inLanguage":"az","@id":"https:\/\/www.meydan.tv\/az\/#\/schema\/logo\/image\/","url":"https:\/\/www.meydan.tv\/wp-content\/uploads\/2021\/07\/meydan-logo.svg","contentUrl":"https:\/\/www.meydan.tv\/wp-content\/uploads\/2021\/07\/meydan-logo.svg","width":195,"height":46,"caption":"Meydan TV"},"image":{"@id":"https:\/\/www.meydan.tv\/az\/#\/schema\/logo\/image\/"}},{"@type":"Person","@id":"https:\/\/www.meydan.tv\/az\/#\/schema\/person\/10d11eccf6da3662cf5fdab9806ea91a","name":"user-manager"}]}},"_links":{"self":[{"href":"https:\/\/www.meydan.tv\/az\/wp-json\/wp\/v2\/posts\/195325","targetHints":{"allow":["GET"]}}],"collection":[{"href":"https:\/\/www.meydan.tv\/az\/wp-json\/wp\/v2\/posts"}],"about":[{"href":"https:\/\/www.meydan.tv\/az\/wp-json\/wp\/v2\/types\/post"}],"author":[{"embeddable":true,"href":"https:\/\/www.meydan.tv\/az\/wp-json\/wp\/v2\/users\/11"}],"replies":[{"embeddable":true,"href":"https:\/\/www.meydan.tv\/az\/wp-json\/wp\/v2\/comments?post=195325"}],"version-history":[{"count":0,"href":"https:\/\/www.meydan.tv\/az\/wp-json\/wp\/v2\/posts\/195325\/revisions"}],"wp:featuredmedia":[{"embeddable":true,"href":"https:\/\/www.meydan.tv\/az\/wp-json\/wp\/v2\/media\/123487"}],"wp:attachment":[{"href":"https:\/\/www.meydan.tv\/az\/wp-json\/wp\/v2\/media?parent=195325"}],"wp:term":[{"taxonomy":"category","embeddable":true,"href":"https:\/\/www.meydan.tv\/az\/wp-json\/wp\/v2\/categories?post=195325"},{"taxonomy":"post_tag","embeddable":true,"href":"https:\/\/www.meydan.tv\/az\/wp-json\/wp\/v2\/tags?post=195325"}],"curies":[{"name":"wp","href":"https:\/\/api.w.org\/{rel}","templated":true}]}}