{"id":195300,"date":"2019-05-07T16:46:10","date_gmt":"2019-05-07T16:46:10","guid":{"rendered":"https:\/\/www.meydan.tv\/article\/gencliyim-bu-yataqxanada-curuyub-indi-usaqlarim-buna-mehkumdur\/"},"modified":"2019-05-07T16:46:10","modified_gmt":"2019-05-07T16:46:10","slug":"gencliyim-bu-yataqxanada-curuyub-indi-usaqlarim-buna-mehkumdur","status":"publish","type":"post","link":"https:\/\/www.meydan.tv\/az\/article\/gencliyim-bu-yataqxanada-curuyub-indi-usaqlarim-buna-mehkumdur\/","title":{"rendered":"&#8221;G\u0259ncliyim bu yataqxanada \u00e7\u00fcr\u00fcy\u00fcb, indi u\u015faqlar\u0131m buna m\u0259hkumdur&#8221;"},"content":{"rendered":"<p>\n  <i><br \/>\n    K\u00fcrd\u0259mir sakinl\u0259ri ya\u015fay\u0131\u015f \u015f\u0259raitinin yax\u015f\u0131la\u015fd\u0131r\u0131lmas\u0131n\u0131 ist\u0259yirl\u0259r<br \/>\n  <\/i>\n<\/p>\n<p>\n  &quot;\u00d6t\u0259n g\u00fcn ev\u0259 si\u00e7ovul girmi\u015fdi. Bir az da gec g\u00f6rs\u0259ydim, u\u015fa\u011f\u0131n barma\u011f\u0131n\u0131 \u00fcz\u0259c\u0259kdi. Bir bax\u0131n, g\u00f6r\u00fcn, bura 2 k\u00f6rp\u0259 il\u0259 ya\u015fanas\u0131 yerdirmi? U\u015faqlara g\u00f6r\u0259 evi d\u0259rmanlaya da bilmirik. Deyirik, bird\u0259n z\u0259h\u0259rl\u0259n\u0259rl\u0259r. M\u0259nim u\u015faql\u0131\u011f\u0131m, g\u0259ncliyim burada \u00e7\u00fcr\u00fcy\u00fcb, indi d\u0259 u\u015faqlar\u0131m burada ya\u015fama\u011fa m\u0259hkumdur&quot;.\n<\/p>\n<p>\n  27 ya\u015fl\u0131 K\u00fcrd\u0259mir sakini Sevda Zeynalova bel\u0259 deyir. O, K\u00fcrd\u0259mir \u015f\u0259h\u0259rind\u0259ki yataqxanalardan birind\u0259 ya\u015fay\u0131r. Deyir, bura k\u00f6\u00e7\u0259nd\u0259 11 ya\u015f\u0131 olub. U\u015faql\u0131\u011f\u0131 burada ke\u00e7ib, sonra el ad\u0259ti il\u0259 toyu olub, el\u0259 buradan g\u0259lin k\u00f6\u00e7\u00fcb. \u0130ndi is\u0259 h\u0259yat yolda\u015f\u0131ndan ayr\u0131l\u0131b. 4 ya\u015fl\u0131 q\u0131z\u0131 v\u0259 2 ayl\u0131q o\u011flu il\u0259 anas\u0131n\u0131n ya\u015fad\u0131\u011f\u0131 yataqxanaya geri d\u00f6n\u00fcb:\n<\/p>\n<figure class=\"wp-block-image size-large\">\n  <img decoding=\"async\" src=\"https:\/\/www.meydan.tv\/az\/image00002-jpeg-15\/\" alt=\"image00002.jpeg\" class=\"wp-image-123391\"\/><figcaption>\n    ail\u0259nin ya\u015fad\u0131\u011f\u0131 ev<br \/>\n  <\/figcaption><\/figure>\n<p>\n  &quot;Can\u0131m he\u00e7 c\u00fcr buradan qurtarm\u0131r. Ev deyil, xarabad\u0131r, h\u0259r yeri u\u00e7ub-da\u011f\u0131l\u0131r. Tavan\u0131 dam\u0131r, r\u00fctub\u0259tdir. Ancaq t\u0259k d\u0259rd bu da deyil. He\u00e7 yerd\u0259n bir qara q\u0259pik g\u0259lirimiz yoxdur. M\u0259cbur u\u015faqlar\u0131 anam\u0131n yan\u0131na qoyub, idar\u0259l\u0259rin d\u00f6\u015f\u0259m\u0259sini yuma\u011fa gedir\u0259m. \u00d6z\u00fc d\u0259 i\u015fim \u015f\u0259h\u0259rd\u0259n xeyli k\u0259nardad\u0131r. S\u0259h\u0259r gedib, ax\u015fam d\u00f6n\u00fcr\u0259m. 2 k\u00f6rp\u0259m d\u0259 qal\u0131r \u015f\u0259k\u0259r v\u0259 t\u0259zyiq x\u0259st\u0259si olan ya\u015fl\u0131 anam\u0131n \u00f6hd\u0259sind\u0259&quot;.\n<\/p>\n<p>\n  Sevda Zeynalovan\u0131n anas\u0131, 61 ya\u015fl\u0131 Dursun S\u0259f\u0259rova da ya\u015fay\u0131\u015f\u0131ndan gileylidir. Deyir, y\u00fcks\u0259k \u015f\u0259k\u0259rd\u0259n \u0259ziyy\u0259t \u00e7\u0259kir. Daha g\u00f6zl\u0259ri yax\u015f\u0131 g\u00f6rm\u00fcr. Odur ki, i\u015f qabiliyy\u0259tini itirib:\n<\/p>\n<figure class=\"wp-block-image size-large\">\n  <img decoding=\"async\" src=\"https:\/\/www.meydan.tv\/az\/image00003-jpeg-11\/\" alt=\"image00003.jpeg\" class=\"wp-image-123397\"\/><figcaption>\n    d\u0259hliz<br \/>\n  <\/figcaption><\/figure>\n<p>\n  &quot;Yen\u0259 \u0259vv\u0259l kafel\u0259rd\u0259 qab yuyub, 3-5 manat\u0131m\u0131 qazan\u0131rd\u0131m. \u0130ndi h\u0259m s\u0259hh\u0259tim imkan vermir, h\u0259m d\u0259 evd\u0259 oturub n\u0259v\u0259l\u0259rim\u0259 baxmaq m\u0259cburiyy\u0259tind\u0259y\u0259m. Birc\u0259 q\u0131z\u0131m i\u015fl\u0259yir. O da, ayda g\u0259liri 200-250 manat olur. Onun da el\u0259 50-60 manat\u0131 yolpuludur. K\u00f6rp\u0259 2 u\u015faq, bir d\u0259 x\u0259st\u0259 ana var \u00f6hd\u0259sind\u0259. Yaz\u0131q q\u0131z, \u0259m\u0259liyyatla u\u015faq d\u00fcnyaya g\u0259tir\u0259nd\u0259n 1 h\u0259ft\u0259 sonra i\u015f\u0259 \u00e7\u0131xmaq m\u0259cburiyy\u0259tind\u0259 qal\u0131b&quot;.\n<\/p>\n<p>\n  D.S\u0259f\u0259rova deyir ki, h\u00f6kum\u0259t pensiya ya\u015f\u0131n\u0131 art\u0131rmasayd\u0131, bu g\u00fcn onun ya\u015f\u0131 pensiyaya d\u00fc\u015f\u0259c\u0259k v\u0259 he\u00e7 olmasa \u00f6z\u00fcn\u00fcn d\u0259rmanlar\u0131n\u0131, iyn\u0259l\u0259rini t\u0259min ed\u0259 bil\u0259c\u0259kdi:\n<\/p>\n<figure class=\"wp-block-image size-large\">\n  <img decoding=\"async\" src=\"https:\/\/www.meydan.tv\/az\/image00004-jpeg-11\/\" alt=\"image00004.jpeg\" class=\"wp-image-123403\"\/><figcaption>\n    Dursun S\u0259f\u0259rova<br \/>\n  <\/figcaption><\/figure>\n<p>\n  &quot;D\u0259rd bir deyil, iki deyil. H\u0259r t\u0259r\u0259fd\u0259n \u0259limiz-qolumuz ba\u011flan\u0131b. At\u0131lan add\u0131mlar el\u0259 bil \u0259halini q\u0131rmaq \u00fc\u00e7\u00fcnd\u00fcr. 8 ildir \u015f\u0259k\u0259r x\u0259st\u0259liyind\u0259n \u0259ziyy\u0259t \u00e7\u0259kir\u0259m. Y\u00fcks\u0259k t\u0259zyiq d\u0259 \u00f6z yerind\u0259. Daha i\u015fl\u0259y\u0259 d\u0259 bilmir\u0259m. Oturmu\u015fam evd\u0259 z\u00fclml\u0259, zill\u0259tl\u0259 q\u0131z\u0131m\u0131n u\u015faqlar\u0131na bax\u0131ram. \u0130nan\u0131n, sonuncu bayramda bizim pulumuz olmad\u0131 ki, Allah\u0131n d\u00fcy\u00fcs\u00fcn\u00fc al\u0131b s\u00fcz\u0259k. El\u0259c\u0259 pomidor- yumurta il\u0259 yola verdik. H\u0259l\u0259 onu tapd\u0131\u011f\u0131m\u0131za sevinirdik. Q\u0131z\u0131m i\u015fl\u0259m\u0259s\u0259, biz batar\u0131q&quot;.\n<\/p>\n<figure class=\"wp-block-image size-large\">\n  <img decoding=\"async\" src=\"https:\/\/www.meydan.tv\/az\/image00008-jpeg-11\/\" alt=\"image00008.jpeg\" class=\"wp-image-123406\"\/><figcaption>\n    m\u0259tb\u0259x<br \/>\n  <\/figcaption><\/figure>\n<p>\n  2017-ci ild\u0259 Az\u0259rbaycan qanunvericiliyin\u0259 edil\u0259n d\u0259yi\u015fiklikl\u0259 pensiyaya \u00e7\u0131xmaq h\u0259ddi 65 ya\u015f m\u00fc\u0259yy\u0259n edildi. Bu ya\u015f h\u0259ddi \u0259vv\u0259ll\u0259r qad\u0131nlarda 60, ki\u015fil\u0259rd\u0259 is\u0259 63 idi. Lakin bu m\u00fcdd\u0259t m\u0259rh\u0259l\u0259li \u015f\u0259kild\u0259 uzad\u0131l\u0131r. Pensiyaya \u00e7\u0131xmaq ya\u015f\u0131 ki\u015fil\u0259rd\u0259 2017-ci il yanvar\u0131n 1-d\u0259n ba\u015flayaraq 2021-ci il yanvar\u0131n 1-d\u0259k, qad\u0131nlarda is\u0259 2017-ci il yanvar\u0131n 1-d\u0259n 2027-ci il yanvar\u0131n 1-d\u0259k h\u0259r il 6 ay art\u0131r\u0131l\u0131r.\n<\/p>\n<p>\n  Dursun S\u0259f\u0259rova deyir ki, q\u0131z\u0131n\u0131n ald\u0131\u011f\u0131 \u0259m\u0259k haqq\u0131 il\u0259 2 u\u015fa\u011fa baxmaq v\u0259 ev doland\u0131rmaq \u00e7\u0259tindir. Odur ki, u\u015faqlar yax\u015f\u0131 yem\u0259dikl\u0259rind\u0259n, bax\u0131ms\u0131zl\u0131qdan ya\u015flar\u0131n\u0131 g\u00f6st\u0259rmirl\u0259r:\n<\/p>\n<figure class=\"wp-block-image size-large\">\n  <img decoding=\"async\" src=\"https:\/\/www.meydan.tv\/az\/image00012-jpeg-7\/\" alt=\"image00012.jpeg\" class=\"wp-image-123412\"\/><figcaption>\n    ev<br \/>\n  <\/figcaption><\/figure>\n<p>\n  &quot;Bax\u0131n, he\u00e7 3 ay\u0131na ke\u00e7mi\u015f u\u015fa\u011fa ox\u015fay\u0131r? \u00c7ox balacad\u0131, yem\u0259zlikd\u0259n, bax\u0131ms\u0131zl\u0131qdan. Q\u0131z\u0131m g\u00fcn\u00fcn\u0259 8 manat al\u0131r. Onunla m\u0259n\u0259 d\u0259rman als\u0131n, u\u015fa\u011fa yem\u0259k, bez \u00e7atd\u0131rs\u0131n, yoxsa kommunallar\u0131 \u00f6d\u0259sin? Bir normal qohum-\u0259qr\u0259bam\u0131z da yoxdur ki, biz\u0259 sahib \u00e7\u0131xa. \u0130kinci q\u0131z\u0131m da \u0259rd\u0259dir, Bak\u0131da ya\u015fay\u0131r. Vallah, onlar da imkans\u0131zl\u0131qdan kiray\u0259l\u0259rd\u0259 s\u00fcr\u00fcn\u00fcrl\u0259r. N\u0259 biz onlara \u0259l ata bilirik, n\u0259 d\u0259 onlar biz\u0259&quot;.\n<\/p>\n<p>\n  Ail\u0259 20 ildir yataqxanada ya\u015fay\u0131r. D\u00f6vl\u0259tin 1970-ci ill\u0259rd\u0259 tikdirdiyi bu yataqxanalarda vaxtil\u0259 K\u00fcrd\u0259mir\u0259 pamb\u0131q y\u0131\u011f\u0131m\u0131na g\u0259l\u0259n t\u0259l\u0259b\u0259l\u0259r qal\u0131b. Sonradan icra hakimiyy\u0259ti bu yataqxana otaqlar\u0131n\u0131 imkans\u0131zlara, kims\u0259sizl\u0259r\u0259 ya\u015famaq \u00fc\u00e7\u00fcn verib. D.S\u0259f\u0259rova deyir ki, bina istismar m\u00fcdd\u0259tini \u00e7oxdan tamamlay\u0131b. U\u00e7ub, t\u00f6k\u00fcl\u00fcr, tavan\u0131 dam\u0131r, d\u00f6\u015f\u0259m\u0259si \u00e7\u00fcr\u00fcy\u00fcb. Ancaq onlar\u0131n burada ya\u015famaqdan ba\u015fqa \u00e7ar\u0259l\u0259ri yoxdur:\n<\/p>\n<figure class=\"wp-block-image size-large\">\n  <img decoding=\"async\" src=\"https:\/\/www.meydan.tv\/az\/image00017-jpeg-5\/\" alt=\"image00017.jpeg\" class=\"wp-image-123415\"\/><figcaption>\n    ev<br \/>\n  <\/figcaption><\/figure>\n<p>\n  &quot;Ev almaq bizim \u00fc\u00e7\u00fcn x\u0259yald\u0131r. Qald\u0131, kiray\u0259 \u00e7\u0131xmaq, t\u0259mir etm\u0259y\u0259 d\u0259 g\u00fcc\u00fcm\u00fcz \u00e7atm\u0131r. H\u0259r \u015fey bir yana, ac\u0131ndan \u00f6l\u00fcr\u00fck, inan\u0131n. D\u0259f\u0259l\u0259rl\u0259 sosiala m\u00fcraci\u0259t etmi\u015fik ki, biz\u0259 yard\u0131m versinl\u0259r. Ona da deyirl\u0259r ki, g\u00f6z\u00fcn\u00fcz\u00fc y\u0131\u011f\u0131n, siz\u0259 yard\u0131m-filan d\u00fc\u015fm\u00fcr. Biz yem\u0259y\u0259 \u00e7\u00f6r\u0259k tapm\u0131r\u0131q. Biz\u0259 niy\u0259 yard\u0131m d\u00fc\u015fm\u0259m\u0259lidir, anlam\u0131ram. Sonda m\u0259cbur oldum, getdim bankdan 500 manat kredit g\u00f6t\u00fcrd\u00fcm. Ev\u0259 yax\u015f\u0131ca bazarl\u0131q etdim, u\u015fa\u011fa \u00e7oxlu bez, yem\u0259k al\u0131b y\u0131\u011fd\u0131m. \u0130ndi d\u0259 h\u0259min kreditin ayl\u0131\u011f\u0131n\u0131 \u00f6d\u0259y\u0259 bilmirik. Arada g\u00fclm\u0259yim d\u0259 g\u0259lir, vallah n\u0259 etm\u0259liydim, ac\u0131ndan \u00f6l\u0259si deyildik ki&#8230; Camaat kredit g\u00f6t\u00fcr\u00fcb i\u015f a\u015f\u0131r\u0131r, biz bazarl\u0131q edirik&quot;.\n<\/p>\n<p>\n  Ail\u0259 d\u0259f\u0259l\u0259rl\u0259 i\u015fl\u0259 t\u0259min edilm\u0259, ya\u015fay\u0131\u015f yerinin v\u0259ziyy\u0259tinin yax\u015f\u0131l\u0131\u015fd\u0131r\u0131lmas\u0131 ist\u0259yi il\u0259 K\u00fcrd\u0259mir Rayon \u0130cra Hakimiyy\u0259tin\u0259 m\u00fcraci\u0259t edib. Dedikl\u0259rin\u0259 g\u00f6r\u0259, he\u00e7 bir cavab ala bilm\u0259yibl\u0259r.\n<\/p>\n<figure class=\"wp-block-image size-large\">\n  <img decoding=\"async\" src=\"https:\/\/www.meydan.tv\/az\/image00014-jpeg-4\/\" alt=\"image00014.jpeg\" class=\"wp-image-123424\"\/><figcaption>\n    ev<br \/>\n  <\/figcaption><\/figure>\n<p>\n  K\u00fcrd\u0259mir Rayon \u0130cra Hakimiyy\u0259tind\u0259n Meydan TV-y\u0259 deyilib ki, haz\u0131rda \u015f\u0259raitsiz m\u0259nzild\u0259 ya\u015fayan y\u00fczl\u0259rl\u0259 insan var. Ancaq onlar\u0131 evl\u0259 t\u0259min etm\u0259k icra hakimiyy\u0259tinin i\u015fi deyil:\n<\/p>\n<p>\n  &quot;Biz ham\u0131n\u0131 evl\u0259 nec\u0259 t\u0259min ed\u0259k? \u0130cra hakimiyy\u0259tinin balans\u0131nda ev yoxdur ax\u0131. \u0130\u015f\u0259 g\u0259linc\u0259, m\u0259\u015f\u011fulluq m\u0259rk\u0259zin\u0259 m\u00fcraci\u0259t etm\u0259lidirl\u0259r. Sosial yard\u0131m i\u015fin\u0259 d\u0259 biz baxm\u0131r\u0131q. Sosial Fond var, m\u00fcraci\u0259t etsinl\u0259r, uy\u011fun olsalar yard\u0131m alarlar&quot;.\n<\/p>\n<p><img \/><\/p>\n<p>\n  D\u00f6vl\u0259t Sosial M\u00fcdafi\u0259 Fondunun K\u00fcrd\u0259mir Rayon \u015e\u00f6b\u0259sind\u0259n is\u0259 bildirilib ki, ail\u0259 h\u0259qiq\u0259t\u0259n a\u011f\u0131r \u015f\u0259raitd\u0259 ya\u015fay\u0131rsa v\u0259 yard\u0131ma ehtiyaclar\u0131 varsa, bu zaman elektron qaydada onlara m\u00fcraci\u0259t etm\u0259lidirl\u0259r:\n<\/p>\n<p>\n  &quot;H\u0259min m\u00fcraci\u0259t\u0259 x\u00fcsusi komissiya bax\u0131r v\u0259 r\u0259y verir. \u018fg\u0259r ail\u0259 yard\u0131ma m\u00f6htacd\u0131rsa, bu, n\u0259z\u0259r\u0259 al\u0131n\u0131r v\u0259 onlara yard\u0131m ayr\u0131l\u0131r&quot;.\n<\/p>\n<figure class=\"wp-block-image size-large\">\n  <img decoding=\"async\" src=\"https:\/\/www.meydan.tv\/az\/image00011-jpeg-11\/\" alt=\"image00011.jpeg\" class=\"wp-image-123421\"\/><figcaption>\n    ev<br \/>\n  <\/figcaption><\/figure>\n","protected":false},"excerpt":{"rendered":"<p>Yen\u0259 \u0259vv\u0259l kafel\u0259rd\u0259 qab yuyub, 3-5 manat\u0131m\u0131 qazan\u0131rd\u0131m<\/p>\n","protected":false},"author":11,"featured_media":123388,"comment_status":"closed","ping_status":"open","sticky":false,"template":"","format":"standard","meta":{"_acf_changed":false,"_sitemap_exclude":false,"_sitemap_priority":"","_sitemap_frequency":"","footnotes":""},"categories":[60],"tags":[],"class_list":["post-195300","post","type-post","status-publish","format-standard","has-post-thumbnail","hentry","category-bolge","infinite-scroll-item","generate-columns","tablet-grid-50","mobile-grid-100","grid-parent","grid-33","no-featured-image-padding"],"acf":[],"yoast_head":"<!-- This site is optimized with the Yoast SEO plugin v27.4 - https:\/\/yoast.com\/product\/yoast-seo-wordpress\/ -->\n<title>&#039;&#039;G\u0259ncliyim bu yataqxanada \u00e7\u00fcr\u00fcy\u00fcb, indi u\u015faqlar\u0131m buna m\u0259hkumdur&#039;&#039; - MEYDAN.TV<\/title>\n<meta name=\"robots\" content=\"index, follow, max-snippet:-1, max-image-preview:large, max-video-preview:-1\" \/>\n<link rel=\"canonical\" href=\"https:\/\/www.meydan.tv\/az\/article\/gencliyim-bu-yataqxanada-curuyub-indi-usaqlarim-buna-mehkumdur\/\" \/>\n<meta property=\"og:locale\" content=\"az_AZ\" \/>\n<meta property=\"og:type\" content=\"article\" \/>\n<meta property=\"og:title\" content=\"&#039;&#039;G\u0259ncliyim bu yataqxanada \u00e7\u00fcr\u00fcy\u00fcb, indi u\u015faqlar\u0131m buna m\u0259hkumdur&#039;&#039; - MEYDAN.TV\" \/>\n<meta property=\"og:description\" content=\"Yen\u0259 \u0259vv\u0259l kafel\u0259rd\u0259 qab yuyub, 3-5 manat\u0131m\u0131 qazan\u0131rd\u0131m\" \/>\n<meta property=\"og:url\" content=\"https:\/\/www.meydan.tv\/az\/article\/gencliyim-bu-yataqxanada-curuyub-indi-usaqlarim-buna-mehkumdur\/\" \/>\n<meta property=\"og:site_name\" content=\"MEYDAN.TV\" \/>\n<meta property=\"article:published_time\" content=\"2019-05-07T16:46:10+00:00\" \/>\n<meta property=\"og:image\" content=\"https:\/\/www.meydan.tv\/wp-content\/uploads\/image00006_kctnzio.jpeg\" \/>\n\t<meta property=\"og:image:width\" content=\"1365\" \/>\n\t<meta property=\"og:image:height\" content=\"1024\" \/>\n\t<meta property=\"og:image:type\" content=\"image\/jpeg\" \/>\n<meta name=\"author\" content=\"user-manager\" \/>\n<meta name=\"twitter:card\" content=\"summary_large_image\" \/>\n<script type=\"application\/ld+json\" class=\"yoast-schema-graph\">{\"@context\":\"https:\\\/\\\/schema.org\",\"@graph\":[{\"@type\":\"Article\",\"@id\":\"https:\\\/\\\/www.meydan.tv\\\/az\\\/article\\\/gencliyim-bu-yataqxanada-curuyub-indi-usaqlarim-buna-mehkumdur\\\/#article\",\"isPartOf\":{\"@id\":\"https:\\\/\\\/www.meydan.tv\\\/az\\\/article\\\/gencliyim-bu-yataqxanada-curuyub-indi-usaqlarim-buna-mehkumdur\\\/\"},\"author\":{\"name\":\"user-manager\",\"@id\":\"https:\\\/\\\/www.meydan.tv\\\/az\\\/#\\\/schema\\\/person\\\/10d11eccf6da3662cf5fdab9806ea91a\"},\"headline\":\"&#8221;G\u0259ncliyim bu yataqxanada \u00e7\u00fcr\u00fcy\u00fcb, indi u\u015faqlar\u0131m buna m\u0259hkumdur&#8221;\",\"datePublished\":\"2019-05-07T16:46:10+00:00\",\"mainEntityOfPage\":{\"@id\":\"https:\\\/\\\/www.meydan.tv\\\/az\\\/article\\\/gencliyim-bu-yataqxanada-curuyub-indi-usaqlarim-buna-mehkumdur\\\/\"},\"wordCount\":1302,\"publisher\":{\"@id\":\"https:\\\/\\\/www.meydan.tv\\\/az\\\/#organization\"},\"image\":{\"@id\":\"https:\\\/\\\/www.meydan.tv\\\/az\\\/article\\\/gencliyim-bu-yataqxanada-curuyub-indi-usaqlarim-buna-mehkumdur\\\/#primaryimage\"},\"thumbnailUrl\":\"https:\\\/\\\/www.meydan.tv\\\/wp-content\\\/uploads\\\/image00006_kctnzio.jpeg\",\"articleSection\":[\"B\u00f6lg\u0259\"],\"inLanguage\":\"az\"},{\"@type\":\"WebPage\",\"@id\":\"https:\\\/\\\/www.meydan.tv\\\/az\\\/article\\\/gencliyim-bu-yataqxanada-curuyub-indi-usaqlarim-buna-mehkumdur\\\/\",\"url\":\"https:\\\/\\\/www.meydan.tv\\\/az\\\/article\\\/gencliyim-bu-yataqxanada-curuyub-indi-usaqlarim-buna-mehkumdur\\\/\",\"name\":\"''G\u0259ncliyim bu yataqxanada \u00e7\u00fcr\u00fcy\u00fcb, indi u\u015faqlar\u0131m buna m\u0259hkumdur'' - MEYDAN.TV\",\"isPartOf\":{\"@id\":\"https:\\\/\\\/www.meydan.tv\\\/az\\\/#website\"},\"primaryImageOfPage\":{\"@id\":\"https:\\\/\\\/www.meydan.tv\\\/az\\\/article\\\/gencliyim-bu-yataqxanada-curuyub-indi-usaqlarim-buna-mehkumdur\\\/#primaryimage\"},\"image\":{\"@id\":\"https:\\\/\\\/www.meydan.tv\\\/az\\\/article\\\/gencliyim-bu-yataqxanada-curuyub-indi-usaqlarim-buna-mehkumdur\\\/#primaryimage\"},\"thumbnailUrl\":\"https:\\\/\\\/www.meydan.tv\\\/wp-content\\\/uploads\\\/image00006_kctnzio.jpeg\",\"datePublished\":\"2019-05-07T16:46:10+00:00\",\"breadcrumb\":{\"@id\":\"https:\\\/\\\/www.meydan.tv\\\/az\\\/article\\\/gencliyim-bu-yataqxanada-curuyub-indi-usaqlarim-buna-mehkumdur\\\/#breadcrumb\"},\"inLanguage\":\"az\",\"potentialAction\":[{\"@type\":\"ReadAction\",\"target\":[\"https:\\\/\\\/www.meydan.tv\\\/az\\\/article\\\/gencliyim-bu-yataqxanada-curuyub-indi-usaqlarim-buna-mehkumdur\\\/\"]}]},{\"@type\":\"ImageObject\",\"inLanguage\":\"az\",\"@id\":\"https:\\\/\\\/www.meydan.tv\\\/az\\\/article\\\/gencliyim-bu-yataqxanada-curuyub-indi-usaqlarim-buna-mehkumdur\\\/#primaryimage\",\"url\":\"https:\\\/\\\/www.meydan.tv\\\/wp-content\\\/uploads\\\/image00006_kctnzio.jpeg\",\"contentUrl\":\"https:\\\/\\\/www.meydan.tv\\\/wp-content\\\/uploads\\\/image00006_kctnzio.jpeg\",\"width\":1365,\"height\":1024,\"caption\":\"Source: Foto: meydan.tv\"},{\"@type\":\"BreadcrumbList\",\"@id\":\"https:\\\/\\\/www.meydan.tv\\\/az\\\/article\\\/gencliyim-bu-yataqxanada-curuyub-indi-usaqlarim-buna-mehkumdur\\\/#breadcrumb\",\"itemListElement\":[{\"@type\":\"ListItem\",\"position\":1,\"name\":\"Ana s\u0259hif\u0259\",\"item\":\"https:\\\/\\\/www.meydan.tv\\\/az\\\/\"},{\"@type\":\"ListItem\",\"position\":2,\"name\":\"B\u00f6lg\u0259\",\"item\":\"https:\\\/\\\/www.meydan.tv\\\/az\\\/section\\\/bolge\\\/\"},{\"@type\":\"ListItem\",\"position\":3,\"name\":\"&#8221;G\u0259ncliyim bu yataqxanada \u00e7\u00fcr\u00fcy\u00fcb, indi u\u015faqlar\u0131m buna m\u0259hkumdur&#8221;\"}]},{\"@type\":\"WebSite\",\"@id\":\"https:\\\/\\\/www.meydan.tv\\\/az\\\/#website\",\"url\":\"https:\\\/\\\/www.meydan.tv\\\/az\\\/\",\"name\":\"MEYDAN.TV\",\"description\":\"Meydan TV Az\u0259rbaycan\u0131n media m\u0259kan\u0131ndak\u0131 alternativ s\u0259sidir\",\"publisher\":{\"@id\":\"https:\\\/\\\/www.meydan.tv\\\/az\\\/#organization\"},\"potentialAction\":[{\"@type\":\"SearchAction\",\"target\":{\"@type\":\"EntryPoint\",\"urlTemplate\":\"https:\\\/\\\/www.meydan.tv\\\/az\\\/?s={search_term_string}\"},\"query-input\":{\"@type\":\"PropertyValueSpecification\",\"valueRequired\":true,\"valueName\":\"search_term_string\"}}],\"inLanguage\":\"az\"},{\"@type\":\"Organization\",\"@id\":\"https:\\\/\\\/www.meydan.tv\\\/az\\\/#organization\",\"name\":\"Meydan TV\",\"url\":\"https:\\\/\\\/www.meydan.tv\\\/az\\\/\",\"logo\":{\"@type\":\"ImageObject\",\"inLanguage\":\"az\",\"@id\":\"https:\\\/\\\/www.meydan.tv\\\/az\\\/#\\\/schema\\\/logo\\\/image\\\/\",\"url\":\"https:\\\/\\\/www.meydan.tv\\\/wp-content\\\/uploads\\\/2021\\\/07\\\/meydan-logo.svg\",\"contentUrl\":\"https:\\\/\\\/www.meydan.tv\\\/wp-content\\\/uploads\\\/2021\\\/07\\\/meydan-logo.svg\",\"width\":195,\"height\":46,\"caption\":\"Meydan TV\"},\"image\":{\"@id\":\"https:\\\/\\\/www.meydan.tv\\\/az\\\/#\\\/schema\\\/logo\\\/image\\\/\"}},{\"@type\":\"Person\",\"@id\":\"https:\\\/\\\/www.meydan.tv\\\/az\\\/#\\\/schema\\\/person\\\/10d11eccf6da3662cf5fdab9806ea91a\",\"name\":\"user-manager\"}]}<\/script>\n<!-- \/ Yoast SEO plugin. -->","yoast_head_json":{"title":"''G\u0259ncliyim bu yataqxanada \u00e7\u00fcr\u00fcy\u00fcb, indi u\u015faqlar\u0131m buna m\u0259hkumdur'' - MEYDAN.TV","robots":{"index":"index","follow":"follow","max-snippet":"max-snippet:-1","max-image-preview":"max-image-preview:large","max-video-preview":"max-video-preview:-1"},"canonical":"https:\/\/www.meydan.tv\/az\/article\/gencliyim-bu-yataqxanada-curuyub-indi-usaqlarim-buna-mehkumdur\/","og_locale":"az_AZ","og_type":"article","og_title":"''G\u0259ncliyim bu yataqxanada \u00e7\u00fcr\u00fcy\u00fcb, indi u\u015faqlar\u0131m buna m\u0259hkumdur'' - MEYDAN.TV","og_description":"Yen\u0259 \u0259vv\u0259l kafel\u0259rd\u0259 qab yuyub, 3-5 manat\u0131m\u0131 qazan\u0131rd\u0131m","og_url":"https:\/\/www.meydan.tv\/az\/article\/gencliyim-bu-yataqxanada-curuyub-indi-usaqlarim-buna-mehkumdur\/","og_site_name":"MEYDAN.TV","article_published_time":"2019-05-07T16:46:10+00:00","og_image":[{"width":1365,"height":1024,"url":"https:\/\/www.meydan.tv\/wp-content\/uploads\/image00006_kctnzio.jpeg","type":"image\/jpeg"}],"author":"user-manager","twitter_card":"summary_large_image","schema":{"@context":"https:\/\/schema.org","@graph":[{"@type":"Article","@id":"https:\/\/www.meydan.tv\/az\/article\/gencliyim-bu-yataqxanada-curuyub-indi-usaqlarim-buna-mehkumdur\/#article","isPartOf":{"@id":"https:\/\/www.meydan.tv\/az\/article\/gencliyim-bu-yataqxanada-curuyub-indi-usaqlarim-buna-mehkumdur\/"},"author":{"name":"user-manager","@id":"https:\/\/www.meydan.tv\/az\/#\/schema\/person\/10d11eccf6da3662cf5fdab9806ea91a"},"headline":"&#8221;G\u0259ncliyim bu yataqxanada \u00e7\u00fcr\u00fcy\u00fcb, indi u\u015faqlar\u0131m buna m\u0259hkumdur&#8221;","datePublished":"2019-05-07T16:46:10+00:00","mainEntityOfPage":{"@id":"https:\/\/www.meydan.tv\/az\/article\/gencliyim-bu-yataqxanada-curuyub-indi-usaqlarim-buna-mehkumdur\/"},"wordCount":1302,"publisher":{"@id":"https:\/\/www.meydan.tv\/az\/#organization"},"image":{"@id":"https:\/\/www.meydan.tv\/az\/article\/gencliyim-bu-yataqxanada-curuyub-indi-usaqlarim-buna-mehkumdur\/#primaryimage"},"thumbnailUrl":"https:\/\/www.meydan.tv\/wp-content\/uploads\/image00006_kctnzio.jpeg","articleSection":["B\u00f6lg\u0259"],"inLanguage":"az"},{"@type":"WebPage","@id":"https:\/\/www.meydan.tv\/az\/article\/gencliyim-bu-yataqxanada-curuyub-indi-usaqlarim-buna-mehkumdur\/","url":"https:\/\/www.meydan.tv\/az\/article\/gencliyim-bu-yataqxanada-curuyub-indi-usaqlarim-buna-mehkumdur\/","name":"''G\u0259ncliyim bu yataqxanada \u00e7\u00fcr\u00fcy\u00fcb, indi u\u015faqlar\u0131m buna m\u0259hkumdur'' - MEYDAN.TV","isPartOf":{"@id":"https:\/\/www.meydan.tv\/az\/#website"},"primaryImageOfPage":{"@id":"https:\/\/www.meydan.tv\/az\/article\/gencliyim-bu-yataqxanada-curuyub-indi-usaqlarim-buna-mehkumdur\/#primaryimage"},"image":{"@id":"https:\/\/www.meydan.tv\/az\/article\/gencliyim-bu-yataqxanada-curuyub-indi-usaqlarim-buna-mehkumdur\/#primaryimage"},"thumbnailUrl":"https:\/\/www.meydan.tv\/wp-content\/uploads\/image00006_kctnzio.jpeg","datePublished":"2019-05-07T16:46:10+00:00","breadcrumb":{"@id":"https:\/\/www.meydan.tv\/az\/article\/gencliyim-bu-yataqxanada-curuyub-indi-usaqlarim-buna-mehkumdur\/#breadcrumb"},"inLanguage":"az","potentialAction":[{"@type":"ReadAction","target":["https:\/\/www.meydan.tv\/az\/article\/gencliyim-bu-yataqxanada-curuyub-indi-usaqlarim-buna-mehkumdur\/"]}]},{"@type":"ImageObject","inLanguage":"az","@id":"https:\/\/www.meydan.tv\/az\/article\/gencliyim-bu-yataqxanada-curuyub-indi-usaqlarim-buna-mehkumdur\/#primaryimage","url":"https:\/\/www.meydan.tv\/wp-content\/uploads\/image00006_kctnzio.jpeg","contentUrl":"https:\/\/www.meydan.tv\/wp-content\/uploads\/image00006_kctnzio.jpeg","width":1365,"height":1024,"caption":"Source: Foto: meydan.tv"},{"@type":"BreadcrumbList","@id":"https:\/\/www.meydan.tv\/az\/article\/gencliyim-bu-yataqxanada-curuyub-indi-usaqlarim-buna-mehkumdur\/#breadcrumb","itemListElement":[{"@type":"ListItem","position":1,"name":"Ana s\u0259hif\u0259","item":"https:\/\/www.meydan.tv\/az\/"},{"@type":"ListItem","position":2,"name":"B\u00f6lg\u0259","item":"https:\/\/www.meydan.tv\/az\/section\/bolge\/"},{"@type":"ListItem","position":3,"name":"&#8221;G\u0259ncliyim bu yataqxanada \u00e7\u00fcr\u00fcy\u00fcb, indi u\u015faqlar\u0131m buna m\u0259hkumdur&#8221;"}]},{"@type":"WebSite","@id":"https:\/\/www.meydan.tv\/az\/#website","url":"https:\/\/www.meydan.tv\/az\/","name":"MEYDAN.TV","description":"Meydan TV Az\u0259rbaycan\u0131n media m\u0259kan\u0131ndak\u0131 alternativ s\u0259sidir","publisher":{"@id":"https:\/\/www.meydan.tv\/az\/#organization"},"potentialAction":[{"@type":"SearchAction","target":{"@type":"EntryPoint","urlTemplate":"https:\/\/www.meydan.tv\/az\/?s={search_term_string}"},"query-input":{"@type":"PropertyValueSpecification","valueRequired":true,"valueName":"search_term_string"}}],"inLanguage":"az"},{"@type":"Organization","@id":"https:\/\/www.meydan.tv\/az\/#organization","name":"Meydan TV","url":"https:\/\/www.meydan.tv\/az\/","logo":{"@type":"ImageObject","inLanguage":"az","@id":"https:\/\/www.meydan.tv\/az\/#\/schema\/logo\/image\/","url":"https:\/\/www.meydan.tv\/wp-content\/uploads\/2021\/07\/meydan-logo.svg","contentUrl":"https:\/\/www.meydan.tv\/wp-content\/uploads\/2021\/07\/meydan-logo.svg","width":195,"height":46,"caption":"Meydan TV"},"image":{"@id":"https:\/\/www.meydan.tv\/az\/#\/schema\/logo\/image\/"}},{"@type":"Person","@id":"https:\/\/www.meydan.tv\/az\/#\/schema\/person\/10d11eccf6da3662cf5fdab9806ea91a","name":"user-manager"}]}},"_links":{"self":[{"href":"https:\/\/www.meydan.tv\/az\/wp-json\/wp\/v2\/posts\/195300","targetHints":{"allow":["GET"]}}],"collection":[{"href":"https:\/\/www.meydan.tv\/az\/wp-json\/wp\/v2\/posts"}],"about":[{"href":"https:\/\/www.meydan.tv\/az\/wp-json\/wp\/v2\/types\/post"}],"author":[{"embeddable":true,"href":"https:\/\/www.meydan.tv\/az\/wp-json\/wp\/v2\/users\/11"}],"replies":[{"embeddable":true,"href":"https:\/\/www.meydan.tv\/az\/wp-json\/wp\/v2\/comments?post=195300"}],"version-history":[{"count":0,"href":"https:\/\/www.meydan.tv\/az\/wp-json\/wp\/v2\/posts\/195300\/revisions"}],"wp:featuredmedia":[{"embeddable":true,"href":"https:\/\/www.meydan.tv\/az\/wp-json\/wp\/v2\/media\/123388"}],"wp:attachment":[{"href":"https:\/\/www.meydan.tv\/az\/wp-json\/wp\/v2\/media?parent=195300"}],"wp:term":[{"taxonomy":"category","embeddable":true,"href":"https:\/\/www.meydan.tv\/az\/wp-json\/wp\/v2\/categories?post=195300"},{"taxonomy":"post_tag","embeddable":true,"href":"https:\/\/www.meydan.tv\/az\/wp-json\/wp\/v2\/tags?post=195300"}],"curies":[{"name":"wp","href":"https:\/\/api.w.org\/{rel}","templated":true}]}}