{"id":195237,"date":"2019-05-02T15:44:21","date_gmt":"2019-05-02T15:44:21","guid":{"rendered":"https:\/\/www.meydan.tv\/article\/saatlinin-coxmilletli-kendi\/"},"modified":"2019-05-02T15:44:21","modified_gmt":"2019-05-02T15:44:21","slug":"saatlinin-coxmilletli-kendi","status":"publish","type":"post","link":"https:\/\/www.meydan.tv\/az\/article\/saatlinin-coxmilletli-kendi\/","title":{"rendered":"Saatl\u0131n\u0131n \u00e7oxmill\u0259tli k\u0259ndi\u2026"},"content":{"rendered":"<p>\n  &#x27;<br \/>\n  <i><br \/>\n    &#x27;Burada ya\u015fad\u0131\u011f\u0131m\u0131za g\u00f6r\u0259 ham\u0131 biz\u0259 h\u0259s\u0259d apar\u0131rd\u0131&#x27;&#x27;<br \/>\n  <\/i>\n<\/p>\n<p>\n  &quot;Babamgil 1924-c\u00fc ild\u0259 k\u0259nd\u0259 k\u00f6\u00e7\u0259nd\u0259 burada c\u0259mi 5 az\u0259rbaycanl\u0131 ail\u0259si ya\u015fay\u0131b. Qalan ham\u0131s\u0131 ruslar olub. \u00d6z\u00fc d\u0259 o vaxt k\u0259nd bel\u0259 geni\u015f deyildi. \u018fsas \u00fc\u00e7 k\u00fc\u00e7\u0259si var idi. &quot;Kuban\u00e7\u0131&quot;, &quot;Po\u00e7ka&quot; v\u0259 &quot;Ferma&quot; k\u00fc\u00e7\u0259l\u0259ri&#8230; \u0130ndi h\u0259m k\u00fc\u00e7\u0259l\u0259ri art\u0131b, h\u0259m d\u0259 \u0259halisi. Art\u0131q t\u0259kc\u0259 ruslar v\u0259 az\u0259rbaycanl\u0131lar da deyil, k\u0259ndimiz belorus, ukraynal\u0131, ah\u0131ska v\u0259 m\u0259hs\u0259ti t\u00fcrkl\u0259rin\u0259 d\u0259 qucaq a\u00e7\u0131b&quot;.\n<\/p>\n<p>\n  S\u00f6hb\u0259t Saatl\u0131n\u0131n \u0259n b\u00f6y\u00fck, Az\u0259rbaycan\u0131n is\u0259 ikinci b\u00f6y\u00fck k\u0259ndi olan Qara Nurudan gedir. Bu s\u00f6zl\u0259ri is\u0259 k\u0259nd sakini B\u0259hlul V\u0259liyev s\u00f6yl\u0259yir.\n<\/p>\n<p>\n  K\u0259ndin ilk ad\u0131 \u2014 Nikolayevka olub. Rus \u00e7ar\u0131 I Nikolay\u0131n \u015f\u0259r\u0259fin\u0259 bel\u0259 adland\u0131r\u0131l\u0131b. Deyil\u0259n\u0259 g\u00f6r\u0259 bu ad ona 1909-cu ild\u0259 verilib. Rusdilli \u0259halinin bura k\u00f6\u00e7\u00fcr\u00fclm\u0259sin\u0259 is\u0259 19-cu \u0259srin sonlar\u0131nda ba\u015flan\u0131b. Daha sonra ad\u0131 d\u0259yi\u015fdiril\u0259r\u0259k &quot;Krasnoselski&quot; edilib. M\u0259\u015fhur rus fotoqraf\u0131 Prokudin-Qorskinin AB\u015e-\u0131n Konqres Kitabxanas\u0131nda saxlan\u0131lan &quot;Mu\u011fan d\u00fcz\u00fc&quot; albomundak\u0131 13 \u015f\u0259kil d\u0259 bu k\u0259ndd\u0259 \u00e7\u0259kilib.\n<\/p>\n<figure class=\"wp-block-image size-large\">\n  <img decoding=\"async\" src=\"https:\/\/www.meydan.tv\/az\/image00006-jpeg-13\/\" alt=\"image00006.jpeg\" class=\"wp-image-123178\"\/><figcaption>\n    K\u0259nd yolu<br \/>\n  <\/figcaption><\/figure>\n<p>\n  \u0130ndiki ad\u0131na g\u0259linc\u0259, burada ya\u015fayanlar Qara Nurunun kim oldu\u011funu bilmirl\u0259r. Bir-iki f\u0259rziyy\u0259l\u0259ri var sad\u0259c\u0259. Deyirl\u0259r, bura vaxtil\u0259 qam\u0131\u015fl\u0131q v\u0259 g\u00f6lm\u0259\u00e7\u0259l\u0259rl\u0259 \u0259hat\u0259l\u0259n\u0259n otlaq sah\u0259si olub. \u0130\u00e7ind\u0259 d\u0259 mal bin\u0259si yerl\u0259\u015fib. H\u0259min yer Nuru adl\u0131 bir maldara m\u0259xsus imi\u015f. Ba\u015fqa bir f\u0259rziyy\u0259y\u0259 g\u00f6r\u0259, \u0259razi Sabirabad\u0131n Qalaqay\u0131n k\u0259ndind\u0259n g\u0259l\u0259n qaranurulular n\u0259slin\u0259 m\u0259nsub olub.\n<\/p>\n<p>\n  Bu g\u00fcn is\u0259 7 mind\u0259n art\u0131q \u0259halisi var. Onlar daha \u00e7ox t\u0259s\u0259rr\u00fcfatla, \u0259kin\u00e7ilik v\u0259 maldarl\u0131qla m\u0259\u015f\u011fuldurlar.<br \/>\n  <a href=\"https:\/\/www.meydan.tv\/en\/article\/supurge-toxucusu-qiymeti-zehmetine-deymir\/\"><br \/>\n    K\u0259nd camaat\u0131<br \/>\n  <\/a><br \/>\n  n\u0131n dem\u0259sin\u0259 g\u00f6r\u0259, x\u00fcsus\u0259n t\u00fcrkl\u0259rin g\u0259li\u015find\u0259n sonra \u0259hali s\u00fcp\u00fcrg\u0259 \u0259kinin\u0259 maraq g\u00f6st\u0259rib. \u0130ndi daha \u00e7ox s\u00fcp\u00fcrg\u0259 \u0259kir, sonra onu tikir, toxuyur v\u0259 bazarlarda birini 1,5-2 manatdan sat\u0131rlar.\n<\/p>\n<p>\n  B.V\u0259liyev deyir ki, vaxtil\u0259 Az\u0259rbaycanda b\u0259lk\u0259 d\u0259 bura q\u0259d\u0259r maraql\u0131, m\u00fcasir k\u0259nd olmay\u0131b. Kitabxanas\u0131, m\u0259d\u0259niyy\u0259t evi \u00f6z yerind\u0259&#8230; K\u0259ndd\u0259 film klubundan tutmu\u015f, kils\u0259y\u0259, diskotekaya q\u0259d\u0259r h\u0259r \u015fey olub. \u018fyl\u0259nc\u0259si bol oldu\u011fundan qon\u015fu rayonlardan da bura r\u0259qs etm\u0259k, film izl\u0259m\u0259k \u00fc\u00e7\u00fcn g\u0259l\u0259nl\u0259r az olmay\u0131b:\n<\/p>\n<figure class=\"wp-block-image size-large\">\n  <img decoding=\"async\" src=\"https:\/\/www.meydan.tv\/az\/image00011-jpeg-10\/\" alt=\"image00011.jpeg\" class=\"wp-image-123181\"\/><figcaption>\n    B\u0259hlul V\u0259liyev<br \/>\n  <\/figcaption><\/figure>\n<p>\n  &quot;Burada ya\u015fad\u0131\u011f\u0131m\u0131za g\u00f6r\u0259 ham\u0131 biz\u0259 h\u0259s\u0259d apar\u0131rd\u0131. Deyirdil\u0259r, b\u0259xt\u0259v\u0259rsiniz, dar\u0131xmazs\u0131n\u0131z. Yeni film \u00e7\u0131xan kimi bizim klubda n\u00fcmayi\u015f edilirdi. \u018fn son d\u0259bd\u0259 olan musiqil\u0259r lent\u0259 yaz\u0131l\u0131b, bizim diskotekalarda s\u0259sl\u0259ndirilirdi. K\u0259ndd\u0259ki evl\u0259rin \u0259ks\u0259riyy\u0259ti k\u00f6hn\u0259 molakan evl\u0259ri idi. R\u0259ngar\u0259ng, eyni \u00f6l\u00e7\u00fcl\u00fc, \u00f6nl\u0259rind\u0259 \u00e7\u0259p\u0259r yox idi. \u018fv\u0259zind\u0259 g\u00fcl-\u00e7i\u00e7\u0259k boylan\u0131rd\u0131&quot;.\n<\/p>\n<p>\n  B\u0259hlul V\u0259liyev deyir ki, zamanla, Sovetl\u0259r da\u011f\u0131landan sonra ruslar yava\u015f-yava\u015f k\u0259ndd\u0259n k\u00f6\u00e7\u00fcbl\u0259r:\n<\/p>\n<p>\n  &quot;Daha do\u011frusu, g\u0259ncl\u0259ri Rusiyan\u0131n m\u00fcxt\u0259lif b\u00f6lg\u0259l\u0259rin\u0259 i\u015fl\u0259m\u0259y\u0259 gedib. Ya\u015fl\u0131lar da ya d\u00fcnyadan k\u00f6\u00e7\u00fcb getdil\u0259r, ya da \u00f6vladlar\u0131 yanlar\u0131na apard\u0131lar. \u00c7ox az sayda qalanlar da oldu. \u0130ndi \u00e7ox deyil, \u0259vv\u0259lki az\u0259rbaycan ail\u0259l\u0259rinin say\u0131 q\u0259d\u0259r qalarlar, ya yox. C\u0259mi 4-5 rus ail\u0259si ya\u015fay\u0131r k\u0259ndd\u0259&quot;.\n<\/p>\n<p>\n  K\u0259ndd\u0259 h\u0259m d\u0259 t\u00fcrkdilli xalqlar\u0131n n\u00fcmay\u0259nd\u0259l\u0259ri ya\u015fay\u0131r. Ah\u0131ska t\u00fcrkl\u0259ri d\u0259 onlardand\u0131r. Bundan \u0259lav\u0259, 1949-cu ild\u0259 Erm\u0259nistandan deportasiya olunan onlarla az\u0259rbaycanl\u0131 ail\u0259si d\u0259 Qara Nuruda yerl\u0259\u015fdirilib. 1953-c\u00fc ild\u0259 Sovet-\u0130ran s\u0259rh\u0259dinin d\u0259qiql\u0259\u015fdirilm\u0259si ad\u0131 il\u0259 C\u0259lilabad rayonunun Qaral\u0131 k\u0259ndind\u0259n olan t\u0259xmin\u0259n 50 ail\u0259 d\u0259 buraya k\u00f6\u00e7\u00fcr\u00fcl\u00fcb. Stalinin \u00f6l\u00fcm\u00fcnd\u0259n sonra s\u00fcrg\u00fcnd\u0259 olan az\u0259rbaycanl\u0131lar v\u0259 Ah\u0131ska t\u00fcrkl\u0259rinin bir qrupu Orta Asiya respublikalar\u0131ndan bu k\u0259nd\u0259 g\u0259lib. V\u0259 sonda 1989-cu ild\u0259 ba\u015f ver\u0259n F\u0259rqan\u0259 hadis\u0259si n\u0259tic\u0259sind\u0259 daha 20 Ah\u0131ska ail\u0259si Krasnoselsk\u0259 k\u00f6\u00e7\u00fcb.\n<\/p>\n<figure class=\"wp-block-image size-large\">\n  <img decoding=\"async\" src=\"https:\/\/www.meydan.tv\/az\/image00003-jpeg-9\/\" alt=\"image00003.jpeg\" class=\"wp-image-123184\"\/><figcaption>\n    Meydan Eyyubov<br \/>\n  <\/figcaption><\/figure>\n<p>\n  El\u0259 66 ya\u015fl\u0131 Meydan Eyyubovun ail\u0259si kimi. Onlar bu k\u0259nd\u0259 ruslar\u0131n \u00e7oxu k\u00f6\u00e7\u0259nd\u0259n sonra, 90-c\u0131 ill\u0259rd\u0259 g\u0259lib. Deyir, ke\u00e7mi\u015f\u0259 baxanda k\u00f6\u00e7 uzun g\u00f6r\u00fcn\u00fcr, amma bir d\u0259 ay\u0131l\u0131blar ki, bu k\u0259ndd\u0259dir:\n<\/p>\n<p>\n  &quot;1990-c\u0131 ild\u0259 F\u0259rqan\u0259 hekay\u0259sini \u00e7\u0131xartd\u0131lar ortal\u0131\u011fa. Biz \u00d6zb\u0259kistanda ya\u015fay\u0131rd\u0131q. N\u0259 is\u0259, oradak\u0131 evimizi sat\u0131b, \u0259vv\u0259lc\u0259 Rusiyaya getdik. Bir m\u00fcdd\u0259t orada ya\u015fad\u0131q. Sonra atam dedi ki, yox e, buralar bizlik deyil, \u00e7ox soyuqdur. \u00dcz\u00fc istil\u0259r\u0259 do\u011fru getm\u0259k q\u0259rar\u0131na g\u0259ldik. V\u0259 n\u0259hay\u0259t, Qara Nuruya k\u00f6\u00e7d\u00fck. Ah\u0131ska t\u00fcrk\u00fcy\u00fck, art\u0131q 29-cu ildir ki, buraday\u0131q&quot;.\n<\/p>\n<p>\n  K\u0259ndd\u0259ki qon\u015fular\u0131ndan, ya\u015fay\u0131\u015f\u0131ndan raz\u0131d\u0131r Meydan ki\u015fi. Deyir, art\u0131q \u00f6yr\u0259\u015fibl\u0259r, v\u0259t\u0259n kimidir. G\u0259ldikl\u0259ri ilk ill\u0259rd\u0259 \u0259ziyy\u0259tl\u0259ri \u00e7ox olub, d\u00fczd\u00fcr. Ancaq \u00e7oxlu i\u015fl\u0259m\u0259kl\u0259 \u00f6zl\u0259rin\u0259 normal \u015f\u0259rait qura bilibl\u0259r:\n<\/p>\n<p>\n  &quot;\u0130nsan el\u0259dir ki, uy\u011funla\u015f\u0131r, \u00f6yr\u0259\u015fir. D\u00fczd\u00fcr, v\u0259t\u0259n h\u0259sr\u0259ti da\u011flay\u0131r, \u00e7\u0259tindir. Amma \u0259ld\u0259n he\u00e7 n\u0259 g\u0259lmir. Siyas\u0259t ki var, onun qar\u015f\u0131s\u0131nda ham\u0131m\u0131z acizik. Bir ne\u00e7\u0259 d\u0259f\u0259 T\u00fcrkiy\u0259y\u0259 gedib-g\u0259lmi\u015fik. Ancaq ordan o t\u0259r\u0259f\u0259si biz\u0259 yasaqd\u0131r. \u00d6zb\u0259kistandan Rusiyaya, Rusiyadan da Qara Nuruya. Ke\u00e7mi\u015f\u0259 baxanda uzun g\u00f6r\u00fcn\u00fcr, ancaq m\u0259n bu g\u00fcn\u00fcm\u0259 \u015f\u00fckr edir\u0259m&quot;.\n<\/p>\n<figure class=\"wp-block-image size-large\">\n  <img decoding=\"async\" src=\"https:\/\/www.meydan.tv\/az\/image00008-jpeg-10\/\" alt=\"image00008.jpeg\" class=\"wp-image-123190\"\/><figcaption>\n    k\u0259nd<br \/>\n  <\/figcaption><\/figure>\n<p>\n  M.Eyyubov deyir ki, 90-c\u0131 ill\u0259rd\u0259 bu k\u0259ndd\u0259 \u00e7oxlu ah\u0131ska t\u00fcrkl\u0259ri ya\u015fay\u0131b. Ancaq qaz, i\u015f\u0131q, \u015f\u0259raitsizlikd\u0259n \u00e7oxu k\u00f6\u00e7\u00fcb gedib:\n<\/p>\n<p>\n  &quot;Sonra T\u00fcrkiy\u0259nin d\u0259 yolu \u00fcz\u00fcm\u00fcz\u0259 a\u00e7\u0131ld\u0131. Ora k\u00f6\u00e7\u0259nl\u0259r d\u0259 oldu. M\u0259n d\u0259 bir ara ora \u00fcz tutdum. Ya\u015faya bilm\u0259dim, qay\u0131d\u0131b g\u0259ldim. Bundan sonra m\u0259n\u0259 \u015f\u0259h\u0259rd\u0259 ya\u015famaq \u00e7\u0259tindir&quot;.\n<\/p>\n<p>\n  K\u0259nd sakinl\u0259rind\u0259n S\u0259m\u0259d S\u0259m\u0259dov buran\u0131 qar\u0131\u015f\u0131q, r\u0259ngar\u0259ng, ancaq \u0259n g\u00f6z\u0259l k\u0259nd say\u0131r. Deyir, el\u0259 onlar\u0131n ya\u015fad\u0131qlar\u0131 ev 1934-c\u00fc ill\u0259rd\u0259 tikilib, molakan evidir. He\u00e7 yerin\u0259 d\u0259ym\u0259yib, toxunmay\u0131b. Deyir, h\u0259yat yolda\u015f\u0131 tez-tez &quot;g\u0259l, s\u00f6k\u00fcb yenisini tik\u0259k, he\u00e7 olmasa, t\u0259mir etdir\u0259k&quot; s\u00f6yl\u0259yir. Ancaq o, raz\u0131la\u015fm\u0131r, nec\u0259 var, el\u0259 saxlama\u011f\u0131n t\u0259r\u0259fdar\u0131d\u0131r:\n<\/p>\n<p>\n  &quot;H\u0259m cibim\u0259 ziyand\u0131r, h\u0259m d\u0259 bu r\u0259ngar\u0259ngliyi da\u011f\u0131tmaq ist\u0259mir\u0259m. N\u0259y\u0259 laz\u0131m, g\u00f6r\u00fcn, n\u0259 g\u00f6z\u0259ldir. \u0130ndi hardad\u0131r bel\u0259 ustalar ki, bu c\u00fcr nax\u0131\u015flar vuralar. G\u00f6z\u0259ldir, r\u0259ngar\u0259ngdir, d\u00fczd\u00fcr, ki\u00e7ikdir, ancaq \u015firindir&quot;.\n<\/p>\n<figure class=\"wp-block-image size-large\">\n  <img decoding=\"async\" src=\"https:\/\/www.meydan.tv\/az\/image00014-jpeg-3\/\" alt=\"image00014.jpeg\" class=\"wp-image-123187\"\/><figcaption>\n    k\u0259nd<br \/>\n  <\/figcaption><\/figure>\n<p>\n  S.S\u0259m\u0259dov deyir ki, g\u0259r\u0259k d\u00fcz\u00fcn\u00fc dey\u0259s\u0259n, ruslar ya\u015fayan vaxtlar k\u0259ndl\u0259ri \u00e7ox daha maraql\u0131 olub. Eyni zamanda, t\u0259miz v\u0259 bax\u0131ml\u0131:\n<\/p>\n<p>\n  &quot;Onlarda ad\u0259t idi, evl\u0259rinin \u00f6n\u00fcn\u00fc t\u0259mizl\u0259r, g\u00fcl-\u00e7i\u00e7\u0259k \u0259k\u0259r, oturmaq \u00fc\u00e7\u00fcn r\u0259ngli oturacaqlar qoyard\u0131lar. Biz d\u0259 onlara baxar, h\u0259v\u0259sl\u0259n\u0259r, eynisini ed\u0259rdik. Bel\u0259c\u0259 k\u0259nd d\u00f6n\u00fcb olurdu c\u0259nn\u0259t. Da\u015f \u00e7\u0259p\u0259rl\u0259r yox idi, h\u0259y\u0259tl\u0259r s\u0259liq\u0259li, g\u00f6z\u0259l idi. \u0130ndi n\u0259inki ham\u0131 da\u015f \u00e7\u0259p\u0259rl\u0259r \u00e7\u0259kib, h\u0259r\u0259 5-10 metr \u00e7\u0259p\u0259rini b\u00f6y\u00fcd\u00fcb, yolu darald\u0131blar:\n<\/p>\n<p>\n  &quot;\u018fvv\u0259lki s\u0259liq\u0259-sahman daha yoxdur. M\u00fcs\u0259lman\u0131n \u0259lin\u0259 ke\u00e7m\u0259y\u0259 d\u0259&#8230; \u0130ndi g\u00f6r\u00fcrs\u00fcn\u00fcz, el\u0259 i\u00e7i biz qar\u0131\u015f\u0131q bu k\u0259ndi tipik Az\u0259rbaycan ya\u015fay\u0131\u015f m\u0259sk\u0259nin\u0259 \u00e7evirmi\u015fik. Astaran\u0131n \u018fr\u00e7ivan k\u0259ndind\u0259n sonra \u00f6lk\u0259nin \u0259n b\u00f6y\u00fck ikinci k\u0259ndidir. Ona qar\u015f\u0131 daha duyarl\u0131 davran\u0131b, daha s\u0259liq\u0259li saxlaya bil\u0259rdik, etm\u0259dik&quot;.\n<\/p>\n<figure class=\"wp-block-image size-large\">\n  <img decoding=\"async\" src=\"https:\/\/www.meydan.tv\/az\/image00007-jpeg-9\/\" alt=\"image00007.jpeg\" class=\"wp-image-123193\"\/><figcaption>\n    ev<br \/>\n  <\/figcaption><\/figure>\n<figure class=\"wp-block-image size-large\">\n  <img decoding=\"async\" src=\"https:\/\/www.meydan.tv\/az\/image00001-jpeg-13\/\" alt=\"image00001.jpeg\" class=\"wp-image-123196\"\/><figcaption>\n    ev<br \/>\n  <\/figcaption><\/figure>\n<figure class=\"wp-block-image size-large\">\n  <img decoding=\"async\" src=\"https:\/\/www.meydan.tv\/az\/image00005-jpeg-14\/\" alt=\"image00005.jpeg\" class=\"wp-image-123202\"\/><figcaption>\n    Meydan Eyyubov<br \/>\n  <\/figcaption><\/figure>\n","protected":false},"excerpt":{"rendered":"<p>Deyirl\u0259r, bura vaxtil\u0259 qam\u0131\u015fl\u0131q v\u0259 g\u00f6lm\u0259\u00e7\u0259l\u0259rl\u0259 \u0259hat\u0259l\u0259n\u0259n otlaq sah\u0259si olub<\/p>\n","protected":false},"author":11,"featured_media":123172,"comment_status":"closed","ping_status":"open","sticky":false,"template":"","format":"standard","meta":{"_acf_changed":false,"_sitemap_exclude":false,"_sitemap_priority":"","_sitemap_frequency":"","footnotes":""},"categories":[60],"tags":[],"class_list":["post-195237","post","type-post","status-publish","format-standard","has-post-thumbnail","hentry","category-bolge","infinite-scroll-item","generate-columns","tablet-grid-50","mobile-grid-100","grid-parent","grid-33","no-featured-image-padding"],"acf":[],"yoast_head":"<!-- This site is optimized with the Yoast SEO plugin v27.4 - https:\/\/yoast.com\/product\/yoast-seo-wordpress\/ -->\n<title>Saatl\u0131n\u0131n \u00e7oxmill\u0259tli k\u0259ndi\u2026 - MEYDAN.TV<\/title>\n<meta name=\"robots\" content=\"index, follow, max-snippet:-1, max-image-preview:large, max-video-preview:-1\" \/>\n<link rel=\"canonical\" href=\"https:\/\/www.meydan.tv\/az\/article\/saatlinin-coxmilletli-kendi\/\" \/>\n<meta property=\"og:locale\" content=\"az_AZ\" \/>\n<meta property=\"og:type\" content=\"article\" \/>\n<meta property=\"og:title\" content=\"Saatl\u0131n\u0131n \u00e7oxmill\u0259tli k\u0259ndi\u2026 - MEYDAN.TV\" \/>\n<meta property=\"og:description\" content=\"Deyirl\u0259r, bura vaxtil\u0259 qam\u0131\u015fl\u0131q v\u0259 g\u00f6lm\u0259\u00e7\u0259l\u0259rl\u0259 \u0259hat\u0259l\u0259n\u0259n otlaq sah\u0259si olub\" \/>\n<meta property=\"og:url\" content=\"https:\/\/www.meydan.tv\/az\/article\/saatlinin-coxmilletli-kendi\/\" \/>\n<meta property=\"og:site_name\" content=\"MEYDAN.TV\" \/>\n<meta property=\"article:published_time\" content=\"2019-05-02T15:44:21+00:00\" \/>\n<meta property=\"og:image\" content=\"https:\/\/www.meydan.tv\/wp-content\/uploads\/image00012_2l1cmv0.jpeg\" \/>\n\t<meta property=\"og:image:width\" content=\"1365\" \/>\n\t<meta property=\"og:image:height\" content=\"1024\" \/>\n\t<meta property=\"og:image:type\" content=\"image\/jpeg\" \/>\n<meta name=\"author\" content=\"user-manager\" \/>\n<meta name=\"twitter:card\" content=\"summary_large_image\" \/>\n<script type=\"application\/ld+json\" class=\"yoast-schema-graph\">{\"@context\":\"https:\\\/\\\/schema.org\",\"@graph\":[{\"@type\":\"Article\",\"@id\":\"https:\\\/\\\/www.meydan.tv\\\/az\\\/article\\\/saatlinin-coxmilletli-kendi\\\/#article\",\"isPartOf\":{\"@id\":\"https:\\\/\\\/www.meydan.tv\\\/az\\\/article\\\/saatlinin-coxmilletli-kendi\\\/\"},\"author\":{\"name\":\"user-manager\",\"@id\":\"https:\\\/\\\/www.meydan.tv\\\/az\\\/#\\\/schema\\\/person\\\/10d11eccf6da3662cf5fdab9806ea91a\"},\"headline\":\"Saatl\u0131n\u0131n \u00e7oxmill\u0259tli k\u0259ndi\u2026\",\"datePublished\":\"2019-05-02T15:44:21+00:00\",\"mainEntityOfPage\":{\"@id\":\"https:\\\/\\\/www.meydan.tv\\\/az\\\/article\\\/saatlinin-coxmilletli-kendi\\\/\"},\"wordCount\":1466,\"publisher\":{\"@id\":\"https:\\\/\\\/www.meydan.tv\\\/az\\\/#organization\"},\"image\":{\"@id\":\"https:\\\/\\\/www.meydan.tv\\\/az\\\/article\\\/saatlinin-coxmilletli-kendi\\\/#primaryimage\"},\"thumbnailUrl\":\"https:\\\/\\\/www.meydan.tv\\\/wp-content\\\/uploads\\\/image00012_2l1cmv0.jpeg\",\"articleSection\":[\"B\u00f6lg\u0259\"],\"inLanguage\":\"az\"},{\"@type\":\"WebPage\",\"@id\":\"https:\\\/\\\/www.meydan.tv\\\/az\\\/article\\\/saatlinin-coxmilletli-kendi\\\/\",\"url\":\"https:\\\/\\\/www.meydan.tv\\\/az\\\/article\\\/saatlinin-coxmilletli-kendi\\\/\",\"name\":\"Saatl\u0131n\u0131n \u00e7oxmill\u0259tli k\u0259ndi\u2026 - MEYDAN.TV\",\"isPartOf\":{\"@id\":\"https:\\\/\\\/www.meydan.tv\\\/az\\\/#website\"},\"primaryImageOfPage\":{\"@id\":\"https:\\\/\\\/www.meydan.tv\\\/az\\\/article\\\/saatlinin-coxmilletli-kendi\\\/#primaryimage\"},\"image\":{\"@id\":\"https:\\\/\\\/www.meydan.tv\\\/az\\\/article\\\/saatlinin-coxmilletli-kendi\\\/#primaryimage\"},\"thumbnailUrl\":\"https:\\\/\\\/www.meydan.tv\\\/wp-content\\\/uploads\\\/image00012_2l1cmv0.jpeg\",\"datePublished\":\"2019-05-02T15:44:21+00:00\",\"breadcrumb\":{\"@id\":\"https:\\\/\\\/www.meydan.tv\\\/az\\\/article\\\/saatlinin-coxmilletli-kendi\\\/#breadcrumb\"},\"inLanguage\":\"az\",\"potentialAction\":[{\"@type\":\"ReadAction\",\"target\":[\"https:\\\/\\\/www.meydan.tv\\\/az\\\/article\\\/saatlinin-coxmilletli-kendi\\\/\"]}]},{\"@type\":\"ImageObject\",\"inLanguage\":\"az\",\"@id\":\"https:\\\/\\\/www.meydan.tv\\\/az\\\/article\\\/saatlinin-coxmilletli-kendi\\\/#primaryimage\",\"url\":\"https:\\\/\\\/www.meydan.tv\\\/wp-content\\\/uploads\\\/image00012_2l1cmv0.jpeg\",\"contentUrl\":\"https:\\\/\\\/www.meydan.tv\\\/wp-content\\\/uploads\\\/image00012_2l1cmv0.jpeg\",\"width\":1365,\"height\":1024,\"caption\":\"Source: meydan tv\"},{\"@type\":\"BreadcrumbList\",\"@id\":\"https:\\\/\\\/www.meydan.tv\\\/az\\\/article\\\/saatlinin-coxmilletli-kendi\\\/#breadcrumb\",\"itemListElement\":[{\"@type\":\"ListItem\",\"position\":1,\"name\":\"Ana s\u0259hif\u0259\",\"item\":\"https:\\\/\\\/www.meydan.tv\\\/az\\\/\"},{\"@type\":\"ListItem\",\"position\":2,\"name\":\"B\u00f6lg\u0259\",\"item\":\"https:\\\/\\\/www.meydan.tv\\\/az\\\/section\\\/bolge\\\/\"},{\"@type\":\"ListItem\",\"position\":3,\"name\":\"Saatl\u0131n\u0131n \u00e7oxmill\u0259tli k\u0259ndi\u2026\"}]},{\"@type\":\"WebSite\",\"@id\":\"https:\\\/\\\/www.meydan.tv\\\/az\\\/#website\",\"url\":\"https:\\\/\\\/www.meydan.tv\\\/az\\\/\",\"name\":\"MEYDAN.TV\",\"description\":\"Meydan TV Az\u0259rbaycan\u0131n media m\u0259kan\u0131ndak\u0131 alternativ s\u0259sidir\",\"publisher\":{\"@id\":\"https:\\\/\\\/www.meydan.tv\\\/az\\\/#organization\"},\"potentialAction\":[{\"@type\":\"SearchAction\",\"target\":{\"@type\":\"EntryPoint\",\"urlTemplate\":\"https:\\\/\\\/www.meydan.tv\\\/az\\\/?s={search_term_string}\"},\"query-input\":{\"@type\":\"PropertyValueSpecification\",\"valueRequired\":true,\"valueName\":\"search_term_string\"}}],\"inLanguage\":\"az\"},{\"@type\":\"Organization\",\"@id\":\"https:\\\/\\\/www.meydan.tv\\\/az\\\/#organization\",\"name\":\"Meydan TV\",\"url\":\"https:\\\/\\\/www.meydan.tv\\\/az\\\/\",\"logo\":{\"@type\":\"ImageObject\",\"inLanguage\":\"az\",\"@id\":\"https:\\\/\\\/www.meydan.tv\\\/az\\\/#\\\/schema\\\/logo\\\/image\\\/\",\"url\":\"https:\\\/\\\/www.meydan.tv\\\/wp-content\\\/uploads\\\/2021\\\/07\\\/meydan-logo.svg\",\"contentUrl\":\"https:\\\/\\\/www.meydan.tv\\\/wp-content\\\/uploads\\\/2021\\\/07\\\/meydan-logo.svg\",\"width\":195,\"height\":46,\"caption\":\"Meydan TV\"},\"image\":{\"@id\":\"https:\\\/\\\/www.meydan.tv\\\/az\\\/#\\\/schema\\\/logo\\\/image\\\/\"}},{\"@type\":\"Person\",\"@id\":\"https:\\\/\\\/www.meydan.tv\\\/az\\\/#\\\/schema\\\/person\\\/10d11eccf6da3662cf5fdab9806ea91a\",\"name\":\"user-manager\"}]}<\/script>\n<!-- \/ Yoast SEO plugin. -->","yoast_head_json":{"title":"Saatl\u0131n\u0131n \u00e7oxmill\u0259tli k\u0259ndi\u2026 - MEYDAN.TV","robots":{"index":"index","follow":"follow","max-snippet":"max-snippet:-1","max-image-preview":"max-image-preview:large","max-video-preview":"max-video-preview:-1"},"canonical":"https:\/\/www.meydan.tv\/az\/article\/saatlinin-coxmilletli-kendi\/","og_locale":"az_AZ","og_type":"article","og_title":"Saatl\u0131n\u0131n \u00e7oxmill\u0259tli k\u0259ndi\u2026 - MEYDAN.TV","og_description":"Deyirl\u0259r, bura vaxtil\u0259 qam\u0131\u015fl\u0131q v\u0259 g\u00f6lm\u0259\u00e7\u0259l\u0259rl\u0259 \u0259hat\u0259l\u0259n\u0259n otlaq sah\u0259si olub","og_url":"https:\/\/www.meydan.tv\/az\/article\/saatlinin-coxmilletli-kendi\/","og_site_name":"MEYDAN.TV","article_published_time":"2019-05-02T15:44:21+00:00","og_image":[{"width":1365,"height":1024,"url":"https:\/\/www.meydan.tv\/wp-content\/uploads\/image00012_2l1cmv0.jpeg","type":"image\/jpeg"}],"author":"user-manager","twitter_card":"summary_large_image","schema":{"@context":"https:\/\/schema.org","@graph":[{"@type":"Article","@id":"https:\/\/www.meydan.tv\/az\/article\/saatlinin-coxmilletli-kendi\/#article","isPartOf":{"@id":"https:\/\/www.meydan.tv\/az\/article\/saatlinin-coxmilletli-kendi\/"},"author":{"name":"user-manager","@id":"https:\/\/www.meydan.tv\/az\/#\/schema\/person\/10d11eccf6da3662cf5fdab9806ea91a"},"headline":"Saatl\u0131n\u0131n \u00e7oxmill\u0259tli k\u0259ndi\u2026","datePublished":"2019-05-02T15:44:21+00:00","mainEntityOfPage":{"@id":"https:\/\/www.meydan.tv\/az\/article\/saatlinin-coxmilletli-kendi\/"},"wordCount":1466,"publisher":{"@id":"https:\/\/www.meydan.tv\/az\/#organization"},"image":{"@id":"https:\/\/www.meydan.tv\/az\/article\/saatlinin-coxmilletli-kendi\/#primaryimage"},"thumbnailUrl":"https:\/\/www.meydan.tv\/wp-content\/uploads\/image00012_2l1cmv0.jpeg","articleSection":["B\u00f6lg\u0259"],"inLanguage":"az"},{"@type":"WebPage","@id":"https:\/\/www.meydan.tv\/az\/article\/saatlinin-coxmilletli-kendi\/","url":"https:\/\/www.meydan.tv\/az\/article\/saatlinin-coxmilletli-kendi\/","name":"Saatl\u0131n\u0131n \u00e7oxmill\u0259tli k\u0259ndi\u2026 - MEYDAN.TV","isPartOf":{"@id":"https:\/\/www.meydan.tv\/az\/#website"},"primaryImageOfPage":{"@id":"https:\/\/www.meydan.tv\/az\/article\/saatlinin-coxmilletli-kendi\/#primaryimage"},"image":{"@id":"https:\/\/www.meydan.tv\/az\/article\/saatlinin-coxmilletli-kendi\/#primaryimage"},"thumbnailUrl":"https:\/\/www.meydan.tv\/wp-content\/uploads\/image00012_2l1cmv0.jpeg","datePublished":"2019-05-02T15:44:21+00:00","breadcrumb":{"@id":"https:\/\/www.meydan.tv\/az\/article\/saatlinin-coxmilletli-kendi\/#breadcrumb"},"inLanguage":"az","potentialAction":[{"@type":"ReadAction","target":["https:\/\/www.meydan.tv\/az\/article\/saatlinin-coxmilletli-kendi\/"]}]},{"@type":"ImageObject","inLanguage":"az","@id":"https:\/\/www.meydan.tv\/az\/article\/saatlinin-coxmilletli-kendi\/#primaryimage","url":"https:\/\/www.meydan.tv\/wp-content\/uploads\/image00012_2l1cmv0.jpeg","contentUrl":"https:\/\/www.meydan.tv\/wp-content\/uploads\/image00012_2l1cmv0.jpeg","width":1365,"height":1024,"caption":"Source: meydan tv"},{"@type":"BreadcrumbList","@id":"https:\/\/www.meydan.tv\/az\/article\/saatlinin-coxmilletli-kendi\/#breadcrumb","itemListElement":[{"@type":"ListItem","position":1,"name":"Ana s\u0259hif\u0259","item":"https:\/\/www.meydan.tv\/az\/"},{"@type":"ListItem","position":2,"name":"B\u00f6lg\u0259","item":"https:\/\/www.meydan.tv\/az\/section\/bolge\/"},{"@type":"ListItem","position":3,"name":"Saatl\u0131n\u0131n \u00e7oxmill\u0259tli k\u0259ndi\u2026"}]},{"@type":"WebSite","@id":"https:\/\/www.meydan.tv\/az\/#website","url":"https:\/\/www.meydan.tv\/az\/","name":"MEYDAN.TV","description":"Meydan TV Az\u0259rbaycan\u0131n media m\u0259kan\u0131ndak\u0131 alternativ s\u0259sidir","publisher":{"@id":"https:\/\/www.meydan.tv\/az\/#organization"},"potentialAction":[{"@type":"SearchAction","target":{"@type":"EntryPoint","urlTemplate":"https:\/\/www.meydan.tv\/az\/?s={search_term_string}"},"query-input":{"@type":"PropertyValueSpecification","valueRequired":true,"valueName":"search_term_string"}}],"inLanguage":"az"},{"@type":"Organization","@id":"https:\/\/www.meydan.tv\/az\/#organization","name":"Meydan TV","url":"https:\/\/www.meydan.tv\/az\/","logo":{"@type":"ImageObject","inLanguage":"az","@id":"https:\/\/www.meydan.tv\/az\/#\/schema\/logo\/image\/","url":"https:\/\/www.meydan.tv\/wp-content\/uploads\/2021\/07\/meydan-logo.svg","contentUrl":"https:\/\/www.meydan.tv\/wp-content\/uploads\/2021\/07\/meydan-logo.svg","width":195,"height":46,"caption":"Meydan TV"},"image":{"@id":"https:\/\/www.meydan.tv\/az\/#\/schema\/logo\/image\/"}},{"@type":"Person","@id":"https:\/\/www.meydan.tv\/az\/#\/schema\/person\/10d11eccf6da3662cf5fdab9806ea91a","name":"user-manager"}]}},"_links":{"self":[{"href":"https:\/\/www.meydan.tv\/az\/wp-json\/wp\/v2\/posts\/195237","targetHints":{"allow":["GET"]}}],"collection":[{"href":"https:\/\/www.meydan.tv\/az\/wp-json\/wp\/v2\/posts"}],"about":[{"href":"https:\/\/www.meydan.tv\/az\/wp-json\/wp\/v2\/types\/post"}],"author":[{"embeddable":true,"href":"https:\/\/www.meydan.tv\/az\/wp-json\/wp\/v2\/users\/11"}],"replies":[{"embeddable":true,"href":"https:\/\/www.meydan.tv\/az\/wp-json\/wp\/v2\/comments?post=195237"}],"version-history":[{"count":0,"href":"https:\/\/www.meydan.tv\/az\/wp-json\/wp\/v2\/posts\/195237\/revisions"}],"wp:featuredmedia":[{"embeddable":true,"href":"https:\/\/www.meydan.tv\/az\/wp-json\/wp\/v2\/media\/123172"}],"wp:attachment":[{"href":"https:\/\/www.meydan.tv\/az\/wp-json\/wp\/v2\/media?parent=195237"}],"wp:term":[{"taxonomy":"category","embeddable":true,"href":"https:\/\/www.meydan.tv\/az\/wp-json\/wp\/v2\/categories?post=195237"},{"taxonomy":"post_tag","embeddable":true,"href":"https:\/\/www.meydan.tv\/az\/wp-json\/wp\/v2\/tags?post=195237"}],"curies":[{"name":"wp","href":"https:\/\/api.w.org\/{rel}","templated":true}]}}