{"id":195234,"date":"2019-05-02T15:53:11","date_gmt":"2019-05-02T15:53:11","guid":{"rendered":"https:\/\/www.meydan.tv\/article\/hekim-heyat-yoldasimi-ve-usagimi-oldurdu\/"},"modified":"2019-05-02T15:53:11","modified_gmt":"2019-05-02T15:53:11","slug":"hekim-heyat-yoldasimi-ve-usagimi-oldurdu","status":"publish","type":"post","link":"https:\/\/www.meydan.tv\/az\/article\/hekim-heyat-yoldasimi-ve-usagimi-oldurdu\/","title":{"rendered":"&#8221;H\u0259kim h\u0259yat yolda\u015f\u0131m\u0131 v\u0259 u\u015fa\u011f\u0131m\u0131 \u00f6ld\u00fcrd\u00fc&#8221;"},"content":{"rendered":"<p>\n  <i><br \/>\n    Siy\u0259z\u0259nd\u0259 ana do\u011fu\u015f zaman\u0131 h\u0259yat\u0131n\u0131 itirib<br \/>\n  <\/i>\n<\/p>\n<p>\n  Aprelin 23-d\u0259, saat 19 rad\u0259l\u0259rind\u0259 Siy\u0259z\u0259n Regional M\u00fcalic\u0259 Diaqnostika M\u0259rk\u0259zind\u0259 (RMX) Siy\u0259z\u0259n rayon sakini, 32 ya\u015fl\u0131 B\u0259yl\u0259rova Z\u0259rif\u0259 Q\u0259ribxan q\u0131z\u0131 do\u011fu\u015f zaman\u0131 v\u0259fat edib.\n<\/p>\n<p>\n  Bu haqda m\u0259lumat\u0131 Meydan TV-y\u0259 m\u0259rhumun yax\u0131nlar\u0131 verib.\n<\/p>\n<p>\n  Z.B\u0259yl\u0259rovan\u0131n bac\u0131s\u0131 Xuraman Nurm\u0259mm\u0259dova iddia edir ki, bac\u0131s\u0131 v\u0259 do\u011fulmam\u0131\u015f k\u00f6rp\u0259si ginekoloq-h\u0259kim Aynur Quliyevan\u0131n tibbi s\u0259hvi v\u0259 s\u0259hl\u0259nkarl\u0131\u011f\u0131 ucbat\u0131ndan \u00f6l\u00fcb:\n<\/p>\n<p>\n  \u201cAprelin 22-d\u0259 bac\u0131m\u0131n ad g\u00fcn\u00fc idi. N\u00f6vb\u0259ti g\u00fcn, ay\u0131n 23-d\u0259 do\u011fum sanc\u0131lar\u0131 tutdu. X\u0259st\u0259xanaya getdim, mama\u00e7a dedi ki, burada h\u0259kim yoxdur. Amma yen\u0259 d\u0259 q\u0131z\u0131 g\u0259tir x\u0259st\u0259xanaya. G\u0259ldim ev\u0259 ki, bac\u0131m\u0131 x\u0259st\u0259xanaya apar\u0131m. M\u0259n onu x\u0259st\u0259xanaya aparanda, suyu getmi\u015fdi, qan ax\u0131rd\u0131. Ax\u015fam saat 7-d\u0259 \u00e7\u0131xd\u0131 do\u011fu\u015f stoluna. U\u015fa\u011f\u0131n ba\u015f\u0131 yar\u0131ya kimi g\u00f6r\u00fcn\u0259nd\u0259, bac\u0131m\u0131n do\u011fma\u011fa g\u00fcc\u00fc olmad\u0131. Ba\u015flad\u0131, Aynur h\u0259kim\u0259 yalvarma\u011fa ki, taq\u0259tim yoxdur, m\u0259ni qeys\u0259riyy\u0259 \u0259m\u0259liyyat\u0131 edin. Aynur h\u0259kim d\u0259 dedi ki, qeys\u0259riyy\u0259 olmayacaq, do\u011fmal\u0131san. Bac\u0131m n\u0259 q\u0259d\u0259r yalvard\u0131sa, h\u0259kim ona \u0259h\u0259miyy\u0259t verm\u0259di. El\u0259c\u0259 u\u015faq bo\u011fulub \u00f6ld\u00fc. U\u015faq \u00f6l\u0259nd\u0259n sonra da bac\u0131m\u0131n r\u0259ngi g\u00f6mg\u00f6y oldu, do\u011fu\u015f stolunda da ke\u00e7indi. Bunu g\u00f6r\u0259n, Aynur h\u0259kim otaqdan qa\u00e7maq ist\u0259di, qar\u015f\u0131s\u0131n\u0131 k\u0259sdim ki, hara gedirs\u0259n, dayan burda. Gec\u0259yl\u0259 102-y\u0259 z\u0259ng etdim, bac\u0131m\u0131n meyitini g\u0259lib, Bak\u0131ya ekspertizaya apard\u0131lar\u201d.\n<\/p>\n<figure class=\"wp-block-image size-large\">\n  <img decoding=\"async\" src=\"https:\/\/www.meydan.tv\/az\/image_from_ios-1-jpg-16\/\" alt=\"image_from_ios (1).jpg\" class=\"wp-image-123205\"\/><figcaption>\n    Xuraman M\u0259mm\u0259dova<br \/>\n  <\/figcaption><\/figure>\n<p>\n  Z.B\u0259yl\u0259rova deyir ki, bu, bac\u0131s\u0131n\u0131n ikinci evliliyind\u0259n olan u\u015faq imi\u015f. Birinci nikah\u0131ndan iki o\u011flu, bir q\u0131z\u0131 var. Sonbe\u015fiyi \u00fc\u00e7 ya\u015f\u0131ndad\u0131r:\n<\/p>\n<p>\n  \u201cAnas\u0131 \u00f6l\u0259n g\u00fcnd\u0259n, u\u015fa\u011f\u0131 he\u00e7 c\u00fcr sakitl\u0259\u015fdir\u0259 bilmirik. Gec\u0259-g\u00fcnd\u00fcz a\u011flay\u0131b, anas\u0131n\u0131 ist\u0259yir. \u00dcr\u0259yim par\u00e7alan\u0131r, dayana bilmir\u0259m. Aynur Quliyeva bac\u0131m\u0131 \u00f6ld\u00fcrd\u00fc, indi d\u0259 qan\u0131n\u0131 bat\u0131rmaq ist\u0259yir. \u00dcst\u00fcm\u00fcz\u0259 m\u00fcxt\u0259lif adamlar g\u00f6nd\u0259rir ki, \u015fikay\u0259t \u0259riz\u0259sini geri g\u00f6t\u00fcr\u0259k\u201d.\n<\/p>\n<p>\n  M\u0259rhumla 2,5 ildir v\u0259t\u0259nda\u015f nikah\u0131nda ya\u015fayan M\u0259mm\u0259dov Murad Canlar o\u011flu Meydan TV-nin \u0259m\u0259kda\u015f\u0131 il\u0259 s\u00f6hb\u0259tind\u0259 s\u00f6yl\u0259yir ki, h\u0259kim-mama-ginekoloq Aynur Quliyeva hadis\u0259d\u0259n sonra qa\u00e7\u0131b-gizl\u0259nib:\n<\/p>\n<p>\n  \u201cBunun \u0259v\u0259zin\u0259 is\u0259 \u0259rini, n\u0259 bilim, dig\u0259r h\u0259kiml\u0259ri \u00fcst\u00fcm\u0259 g\u00f6nd\u0259rir ki, \u015fikay\u0259t \u0259riz\u0259sini geri g\u00f6t\u00fcr\u00fcm. Hadis\u0259 olan g\u00fcn\u00fc Z\u0259rif\u0259 m\u0259n\u0259 z\u0259ng el\u0259di ki, x\u0259st\u0259xanadayam, do\u011fu\u015f ba\u015flay\u0131r. Sonra da \u0259lav\u0259 etdi ki, h\u0259kim m\u0259nd\u0259n 150 manat pul ist\u0259yir. M\u0259n d\u0259 dedim ki, ver, problem deyil. Bir saatdan sonra m\u0259n\u0259 z\u0259ng g\u0259ldi ki, u\u015faq da, yolda\u015f\u0131m da r\u0259hm\u0259t\u0259 gedib. T\u0259cili x\u0259st\u0259xanaya getdim. Aynur h\u0259kim hadis\u0259y\u0259 g\u00f6r\u0259 \u00fczrxahl\u0131q etm\u0259k \u0259v\u0259zin\u0259, dedi ki, get, \u0259lind\u0259n g\u0259l\u0259ni be\u015f qaba \u00e7\u0259k. M\u0259nim arxam var, arxamda duran\u0131m var. Dedi ki, pulumuzu verib, \u00f6z\u00fcm\u00fcz\u00fc qurtaraca\u011f\u0131q. Yan\u0131nda da tibb bac\u0131s\u0131 var idi. Onu da siz\u0259 deyim ki, bu qad\u0131n indiy\u0259 kimi on d\u00f6rd\u00fcnc\u00fc adamd\u0131r ki, \u00f6ld\u00fcr\u00fcr. Bar\u0259sind\u0259 haz\u0131rda cinay\u0259t i\u015fi gedir. \u0130yirmi be\u015f ya\u015fl\u0131 q\u0131z\u0131 qeys\u0259riyy\u0259 zaman\u0131 \u00f6ld\u00fcr\u00fcb. M\u0259hk\u0259m\u0259si is\u0259 bug\u00fcnl\u0259rd\u0259 olacaq. Ba\u015fqa bir ail\u0259ni d\u0259 g\u00f6z\u00fcya\u015fl\u0131 qoyub. R\u00fc\u015fv\u0259tl\u0259 onlar\u0131 susdura bilib. Tibbi ekspertizada \u00f6z\u00fcm \u015f\u0259xs\u0259n i\u015ftirak el\u0259mi\u015f\u0259m, Respublika Diaqnostika M\u0259rk\u0259zind\u0259 olub. 15 g\u00fcn \u0259rzind\u0259 cavab veril\u0259c\u0259k. H\u0259yat yolda\u015f\u0131m\u0131 \u00f6ld\u00fcr\u00fcbl\u0259r, \u00fc\u00e7 k\u00f6rp\u0259 u\u015fa\u011f\u0131 yetim qal\u0131b. O h\u0259kimin i\u015fd\u0259n \u00e7\u0131xar\u0131lma\u011f\u0131n\u0131 t\u0259l\u0259b edir\u0259m. M\u0259nim kimi \u00e7ox ail\u0259l\u0259r b\u0259db\u0259xt olmas\u0131n\u201d.\n<\/p>\n<figure class=\"wp-block-image size-large\">\n  <img decoding=\"async\" src=\"https:\/\/www.meydan.tv\/az\/image_from_ios-2-jpg-27\/\" alt=\"image_from_ios (2).jpg\" class=\"wp-image-123208\"\/><figcaption>\n    X\u0259st\u0259xana<br \/>\n  <\/figcaption><\/figure>\n<p>\n  RMX-n\u0131n ba\u015f h\u0259kimi Dada\u015f H\u00fcmb\u0259tov Meydan TV \u0259m\u0259kda\u015f\u0131 il\u0259 s\u00f6hb\u0259tind\u0259 hadis\u0259ni t\u0259sdiql\u0259yib. Bildirib ki, m\u0259s\u0259l\u0259 il\u0259 ba\u011fl\u0131 aidiyyat\u0131 qurumlara m\u0259lumat verilib:\n<\/p>\n<p>\n  \u201cZ\u0259rif\u0259 B\u0259yl\u0259rova aprelin 23-d\u0259, 17 rad\u0259l\u0259rind\u0259 x\u0259st\u0259xanam\u0131z\u0131n do\u011fu\u015f \u015f\u00f6b\u0259sin\u0259 d\u00f6lyan\u0131 mayenin erk\u0259n axmas\u0131 diaqnozu il\u0259 daxil olub. H\u0259kim-mama-ginekoloq Aynur Quliyeva t\u0259r\u0259find\u0259n hamil\u0259 m\u00fcayin\u0259 olunub v\u0259 do\u011fu\u015fun konservativ (adi do\u011fu\u015f-red) apar\u0131lmas\u0131 q\u0259rara al\u0131n\u0131b. Saat 19:20-d\u0259 hamil\u0259y\u0259 t\u0259krar bax\u0131\u015f zaman\u0131 d\u00f6l\u00fcn ba\u015f\u0131 il\u0259 \u00e7anaq aras\u0131nda uy\u011funsuzluq m\u00fc\u015fahid\u0259 olunub. Daha sonra hamil\u0259 qad\u0131n q\u0259fl\u0259t\u0259n yaranan bo\u011fulma, t\u0259ngn\u0259f\u0259slik, d\u00f6\u015f s\u00fcm\u00fcy\u00fc arxas\u0131nda k\u0259skin a\u011fr\u0131lardan \u015fikay\u0259tl\u0259nm\u0259y\u0259 ba\u015flay\u0131b. Onu t\u0259cili Reanimasiya v\u0259 intensiv terapiya \u015f\u00f6b\u0259sin\u0259 k\u00f6\u00e7\u00fcr\u00fcbl\u0259r. Apar\u0131lan reanimasyon t\u0259dbirl\u0259r\u0259 baxmayaraq, qad\u0131n 20:00-da v\u0259fat edib. Ba\u015f vermi\u015f \u00f6l\u00fcm hadis\u0259si il\u0259 bar\u0259d\u0259 d\u0259rhal h\u00fcquq-m\u00fchafiz\u0259 orqanlar\u0131na, h\u0259m\u00e7inin S\u0259hiyy\u0259 Nazirliyin\u0259 m\u0259lumat vermi\u015fik. Patoloji anotomik t\u0259\u015frih v\u0259 m\u0259hk\u0259m\u0259 tibbi m\u00fcayin\u0259si m\u0259qs\u0259dil\u0259 meyit Bak\u0131 \u015f\u0259h\u0259rin\u0259 g\u00f6nd\u0259rilib\u201d.\n<\/p>\n<figure class=\"wp-block-image size-large\">\n  <img decoding=\"async\" src=\"https:\/\/www.meydan.tv\/az\/image-from-ios-jpg-2\/\" alt=\"Image from iOS.jpg\" class=\"wp-image-123211\"\/><figcaption>\n    Z\u0259rif\u0259 B\u0259yl\u0259rova<br \/>\n  <\/figcaption><\/figure>\n<p>\n  Haz\u0131rda rayon prokurorlu\u011funda faktla ba\u011fl\u0131 ara\u015fd\u0131rmalara ba\u015flan\u0131l\u0131b. \u00d6l\u00fcm\u00fcn d\u0259qiq s\u0259b\u0259bi ara\u015fd\u0131r\u0131l\u0131r. Ekspertl\u0259rin r\u0259yi haz\u0131r olduqdan v\u0259 ara\u015fd\u0131rmalar ba\u015fa \u00e7atd\u0131qdan sonra hadis\u0259y\u0259 h\u00fcquqi qiym\u0259t veril\u0259c\u0259k.\n<\/p>\n<p>\n  D\u00f6vl\u0259t Statistika Komit\u0259sinin m\u0259lumatlar\u0131na g\u00f6r\u0259, Az\u0259rbaycanda ana \u00f6l\u00fcml\u0259rinin say\u0131 azal\u0131b. Ana \u00f6l\u00fcm\u00fcn\u00fcn nisb\u0259ti 2017-ci ild\u0259 h\u0259r 100 min n\u0259f\u0259r\u0259 14,6 d\u00fc\u015f\u00fcrd\u00fcs\u0259, 2018-ci ild\u0259 bu r\u0259q\u0259m 12,2 olub.<\/p>\n","protected":false},"excerpt":{"rendered":"<p>Bunu g\u00f6r\u0259n, Aynur h\u0259kim otaqdan qa\u00e7maq ist\u0259di, qar\u015f\u0131s\u0131n\u0131 k\u0259sdim ki, hara gedirs\u0259n, dayan burda.<\/p>\n","protected":false},"author":11,"featured_media":123199,"comment_status":"closed","ping_status":"open","sticky":false,"template":"","format":"standard","meta":{"_acf_changed":false,"_sitemap_exclude":false,"_sitemap_priority":"","_sitemap_frequency":"","footnotes":""},"categories":[60],"tags":[],"class_list":["post-195234","post","type-post","status-publish","format-standard","has-post-thumbnail","hentry","category-bolge","infinite-scroll-item","generate-columns","tablet-grid-50","mobile-grid-100","grid-parent","grid-33","no-featured-image-padding"],"acf":[],"yoast_head":"<!-- This site is optimized with the Yoast SEO plugin v27.4 - https:\/\/yoast.com\/product\/yoast-seo-wordpress\/ -->\n<title>&#039;&#039;H\u0259kim h\u0259yat yolda\u015f\u0131m\u0131 v\u0259 u\u015fa\u011f\u0131m\u0131 \u00f6ld\u00fcrd\u00fc&#039;&#039; - MEYDAN.TV<\/title>\n<meta name=\"robots\" content=\"index, follow, max-snippet:-1, max-image-preview:large, max-video-preview:-1\" \/>\n<link rel=\"canonical\" href=\"https:\/\/www.meydan.tv\/az\/article\/hekim-heyat-yoldasimi-ve-usagimi-oldurdu\/\" \/>\n<meta property=\"og:locale\" content=\"az_AZ\" \/>\n<meta property=\"og:type\" content=\"article\" \/>\n<meta property=\"og:title\" content=\"&#039;&#039;H\u0259kim h\u0259yat yolda\u015f\u0131m\u0131 v\u0259 u\u015fa\u011f\u0131m\u0131 \u00f6ld\u00fcrd\u00fc&#039;&#039; - MEYDAN.TV\" \/>\n<meta property=\"og:description\" content=\"Bunu g\u00f6r\u0259n, Aynur h\u0259kim otaqdan qa\u00e7maq ist\u0259di, qar\u015f\u0131s\u0131n\u0131 k\u0259sdim ki, hara gedirs\u0259n, dayan burda.\" \/>\n<meta property=\"og:url\" content=\"https:\/\/www.meydan.tv\/az\/article\/hekim-heyat-yoldasimi-ve-usagimi-oldurdu\/\" \/>\n<meta property=\"og:site_name\" content=\"MEYDAN.TV\" \/>\n<meta property=\"article:published_time\" content=\"2019-05-02T15:53:11+00:00\" \/>\n<meta property=\"og:image\" content=\"https:\/\/www.meydan.tv\/wp-content\/uploads\/image_from_ios_5ebxbn4.jpg\" \/>\n\t<meta property=\"og:image:width\" content=\"960\" \/>\n\t<meta property=\"og:image:height\" content=\"720\" \/>\n\t<meta property=\"og:image:type\" content=\"image\/jpeg\" \/>\n<meta name=\"author\" content=\"user-manager\" \/>\n<meta name=\"twitter:card\" content=\"summary_large_image\" \/>\n<script type=\"application\/ld+json\" class=\"yoast-schema-graph\">{\"@context\":\"https:\\\/\\\/schema.org\",\"@graph\":[{\"@type\":\"Article\",\"@id\":\"https:\\\/\\\/www.meydan.tv\\\/az\\\/article\\\/hekim-heyat-yoldasimi-ve-usagimi-oldurdu\\\/#article\",\"isPartOf\":{\"@id\":\"https:\\\/\\\/www.meydan.tv\\\/az\\\/article\\\/hekim-heyat-yoldasimi-ve-usagimi-oldurdu\\\/\"},\"author\":{\"name\":\"user-manager\",\"@id\":\"https:\\\/\\\/www.meydan.tv\\\/az\\\/#\\\/schema\\\/person\\\/10d11eccf6da3662cf5fdab9806ea91a\"},\"headline\":\"&#8221;H\u0259kim h\u0259yat yolda\u015f\u0131m\u0131 v\u0259 u\u015fa\u011f\u0131m\u0131 \u00f6ld\u00fcrd\u00fc&#8221;\",\"datePublished\":\"2019-05-02T15:53:11+00:00\",\"mainEntityOfPage\":{\"@id\":\"https:\\\/\\\/www.meydan.tv\\\/az\\\/article\\\/hekim-heyat-yoldasimi-ve-usagimi-oldurdu\\\/\"},\"wordCount\":1070,\"publisher\":{\"@id\":\"https:\\\/\\\/www.meydan.tv\\\/az\\\/#organization\"},\"image\":{\"@id\":\"https:\\\/\\\/www.meydan.tv\\\/az\\\/article\\\/hekim-heyat-yoldasimi-ve-usagimi-oldurdu\\\/#primaryimage\"},\"thumbnailUrl\":\"https:\\\/\\\/www.meydan.tv\\\/wp-content\\\/uploads\\\/image_from_ios_5ebxbn4.jpg\",\"articleSection\":[\"B\u00f6lg\u0259\"],\"inLanguage\":\"az\"},{\"@type\":\"WebPage\",\"@id\":\"https:\\\/\\\/www.meydan.tv\\\/az\\\/article\\\/hekim-heyat-yoldasimi-ve-usagimi-oldurdu\\\/\",\"url\":\"https:\\\/\\\/www.meydan.tv\\\/az\\\/article\\\/hekim-heyat-yoldasimi-ve-usagimi-oldurdu\\\/\",\"name\":\"''H\u0259kim h\u0259yat yolda\u015f\u0131m\u0131 v\u0259 u\u015fa\u011f\u0131m\u0131 \u00f6ld\u00fcrd\u00fc'' - MEYDAN.TV\",\"isPartOf\":{\"@id\":\"https:\\\/\\\/www.meydan.tv\\\/az\\\/#website\"},\"primaryImageOfPage\":{\"@id\":\"https:\\\/\\\/www.meydan.tv\\\/az\\\/article\\\/hekim-heyat-yoldasimi-ve-usagimi-oldurdu\\\/#primaryimage\"},\"image\":{\"@id\":\"https:\\\/\\\/www.meydan.tv\\\/az\\\/article\\\/hekim-heyat-yoldasimi-ve-usagimi-oldurdu\\\/#primaryimage\"},\"thumbnailUrl\":\"https:\\\/\\\/www.meydan.tv\\\/wp-content\\\/uploads\\\/image_from_ios_5ebxbn4.jpg\",\"datePublished\":\"2019-05-02T15:53:11+00:00\",\"breadcrumb\":{\"@id\":\"https:\\\/\\\/www.meydan.tv\\\/az\\\/article\\\/hekim-heyat-yoldasimi-ve-usagimi-oldurdu\\\/#breadcrumb\"},\"inLanguage\":\"az\",\"potentialAction\":[{\"@type\":\"ReadAction\",\"target\":[\"https:\\\/\\\/www.meydan.tv\\\/az\\\/article\\\/hekim-heyat-yoldasimi-ve-usagimi-oldurdu\\\/\"]}]},{\"@type\":\"ImageObject\",\"inLanguage\":\"az\",\"@id\":\"https:\\\/\\\/www.meydan.tv\\\/az\\\/article\\\/hekim-heyat-yoldasimi-ve-usagimi-oldurdu\\\/#primaryimage\",\"url\":\"https:\\\/\\\/www.meydan.tv\\\/wp-content\\\/uploads\\\/image_from_ios_5ebxbn4.jpg\",\"contentUrl\":\"https:\\\/\\\/www.meydan.tv\\\/wp-content\\\/uploads\\\/image_from_ios_5ebxbn4.jpg\",\"width\":960,\"height\":720,\"caption\":\"Source: meydan tv\"},{\"@type\":\"BreadcrumbList\",\"@id\":\"https:\\\/\\\/www.meydan.tv\\\/az\\\/article\\\/hekim-heyat-yoldasimi-ve-usagimi-oldurdu\\\/#breadcrumb\",\"itemListElement\":[{\"@type\":\"ListItem\",\"position\":1,\"name\":\"Ana s\u0259hif\u0259\",\"item\":\"https:\\\/\\\/www.meydan.tv\\\/az\\\/\"},{\"@type\":\"ListItem\",\"position\":2,\"name\":\"B\u00f6lg\u0259\",\"item\":\"https:\\\/\\\/www.meydan.tv\\\/az\\\/section\\\/bolge\\\/\"},{\"@type\":\"ListItem\",\"position\":3,\"name\":\"&#8221;H\u0259kim h\u0259yat yolda\u015f\u0131m\u0131 v\u0259 u\u015fa\u011f\u0131m\u0131 \u00f6ld\u00fcrd\u00fc&#8221;\"}]},{\"@type\":\"WebSite\",\"@id\":\"https:\\\/\\\/www.meydan.tv\\\/az\\\/#website\",\"url\":\"https:\\\/\\\/www.meydan.tv\\\/az\\\/\",\"name\":\"MEYDAN.TV\",\"description\":\"Meydan TV Az\u0259rbaycan\u0131n media m\u0259kan\u0131ndak\u0131 alternativ s\u0259sidir\",\"publisher\":{\"@id\":\"https:\\\/\\\/www.meydan.tv\\\/az\\\/#organization\"},\"potentialAction\":[{\"@type\":\"SearchAction\",\"target\":{\"@type\":\"EntryPoint\",\"urlTemplate\":\"https:\\\/\\\/www.meydan.tv\\\/az\\\/?s={search_term_string}\"},\"query-input\":{\"@type\":\"PropertyValueSpecification\",\"valueRequired\":true,\"valueName\":\"search_term_string\"}}],\"inLanguage\":\"az\"},{\"@type\":\"Organization\",\"@id\":\"https:\\\/\\\/www.meydan.tv\\\/az\\\/#organization\",\"name\":\"Meydan TV\",\"url\":\"https:\\\/\\\/www.meydan.tv\\\/az\\\/\",\"logo\":{\"@type\":\"ImageObject\",\"inLanguage\":\"az\",\"@id\":\"https:\\\/\\\/www.meydan.tv\\\/az\\\/#\\\/schema\\\/logo\\\/image\\\/\",\"url\":\"https:\\\/\\\/www.meydan.tv\\\/wp-content\\\/uploads\\\/2021\\\/07\\\/meydan-logo.svg\",\"contentUrl\":\"https:\\\/\\\/www.meydan.tv\\\/wp-content\\\/uploads\\\/2021\\\/07\\\/meydan-logo.svg\",\"width\":195,\"height\":46,\"caption\":\"Meydan TV\"},\"image\":{\"@id\":\"https:\\\/\\\/www.meydan.tv\\\/az\\\/#\\\/schema\\\/logo\\\/image\\\/\"}},{\"@type\":\"Person\",\"@id\":\"https:\\\/\\\/www.meydan.tv\\\/az\\\/#\\\/schema\\\/person\\\/10d11eccf6da3662cf5fdab9806ea91a\",\"name\":\"user-manager\"}]}<\/script>\n<!-- \/ Yoast SEO plugin. -->","yoast_head_json":{"title":"''H\u0259kim h\u0259yat yolda\u015f\u0131m\u0131 v\u0259 u\u015fa\u011f\u0131m\u0131 \u00f6ld\u00fcrd\u00fc'' - MEYDAN.TV","robots":{"index":"index","follow":"follow","max-snippet":"max-snippet:-1","max-image-preview":"max-image-preview:large","max-video-preview":"max-video-preview:-1"},"canonical":"https:\/\/www.meydan.tv\/az\/article\/hekim-heyat-yoldasimi-ve-usagimi-oldurdu\/","og_locale":"az_AZ","og_type":"article","og_title":"''H\u0259kim h\u0259yat yolda\u015f\u0131m\u0131 v\u0259 u\u015fa\u011f\u0131m\u0131 \u00f6ld\u00fcrd\u00fc'' - MEYDAN.TV","og_description":"Bunu g\u00f6r\u0259n, Aynur h\u0259kim otaqdan qa\u00e7maq ist\u0259di, qar\u015f\u0131s\u0131n\u0131 k\u0259sdim ki, hara gedirs\u0259n, dayan burda.","og_url":"https:\/\/www.meydan.tv\/az\/article\/hekim-heyat-yoldasimi-ve-usagimi-oldurdu\/","og_site_name":"MEYDAN.TV","article_published_time":"2019-05-02T15:53:11+00:00","og_image":[{"width":960,"height":720,"url":"https:\/\/www.meydan.tv\/wp-content\/uploads\/image_from_ios_5ebxbn4.jpg","type":"image\/jpeg"}],"author":"user-manager","twitter_card":"summary_large_image","schema":{"@context":"https:\/\/schema.org","@graph":[{"@type":"Article","@id":"https:\/\/www.meydan.tv\/az\/article\/hekim-heyat-yoldasimi-ve-usagimi-oldurdu\/#article","isPartOf":{"@id":"https:\/\/www.meydan.tv\/az\/article\/hekim-heyat-yoldasimi-ve-usagimi-oldurdu\/"},"author":{"name":"user-manager","@id":"https:\/\/www.meydan.tv\/az\/#\/schema\/person\/10d11eccf6da3662cf5fdab9806ea91a"},"headline":"&#8221;H\u0259kim h\u0259yat yolda\u015f\u0131m\u0131 v\u0259 u\u015fa\u011f\u0131m\u0131 \u00f6ld\u00fcrd\u00fc&#8221;","datePublished":"2019-05-02T15:53:11+00:00","mainEntityOfPage":{"@id":"https:\/\/www.meydan.tv\/az\/article\/hekim-heyat-yoldasimi-ve-usagimi-oldurdu\/"},"wordCount":1070,"publisher":{"@id":"https:\/\/www.meydan.tv\/az\/#organization"},"image":{"@id":"https:\/\/www.meydan.tv\/az\/article\/hekim-heyat-yoldasimi-ve-usagimi-oldurdu\/#primaryimage"},"thumbnailUrl":"https:\/\/www.meydan.tv\/wp-content\/uploads\/image_from_ios_5ebxbn4.jpg","articleSection":["B\u00f6lg\u0259"],"inLanguage":"az"},{"@type":"WebPage","@id":"https:\/\/www.meydan.tv\/az\/article\/hekim-heyat-yoldasimi-ve-usagimi-oldurdu\/","url":"https:\/\/www.meydan.tv\/az\/article\/hekim-heyat-yoldasimi-ve-usagimi-oldurdu\/","name":"''H\u0259kim h\u0259yat yolda\u015f\u0131m\u0131 v\u0259 u\u015fa\u011f\u0131m\u0131 \u00f6ld\u00fcrd\u00fc'' - MEYDAN.TV","isPartOf":{"@id":"https:\/\/www.meydan.tv\/az\/#website"},"primaryImageOfPage":{"@id":"https:\/\/www.meydan.tv\/az\/article\/hekim-heyat-yoldasimi-ve-usagimi-oldurdu\/#primaryimage"},"image":{"@id":"https:\/\/www.meydan.tv\/az\/article\/hekim-heyat-yoldasimi-ve-usagimi-oldurdu\/#primaryimage"},"thumbnailUrl":"https:\/\/www.meydan.tv\/wp-content\/uploads\/image_from_ios_5ebxbn4.jpg","datePublished":"2019-05-02T15:53:11+00:00","breadcrumb":{"@id":"https:\/\/www.meydan.tv\/az\/article\/hekim-heyat-yoldasimi-ve-usagimi-oldurdu\/#breadcrumb"},"inLanguage":"az","potentialAction":[{"@type":"ReadAction","target":["https:\/\/www.meydan.tv\/az\/article\/hekim-heyat-yoldasimi-ve-usagimi-oldurdu\/"]}]},{"@type":"ImageObject","inLanguage":"az","@id":"https:\/\/www.meydan.tv\/az\/article\/hekim-heyat-yoldasimi-ve-usagimi-oldurdu\/#primaryimage","url":"https:\/\/www.meydan.tv\/wp-content\/uploads\/image_from_ios_5ebxbn4.jpg","contentUrl":"https:\/\/www.meydan.tv\/wp-content\/uploads\/image_from_ios_5ebxbn4.jpg","width":960,"height":720,"caption":"Source: meydan tv"},{"@type":"BreadcrumbList","@id":"https:\/\/www.meydan.tv\/az\/article\/hekim-heyat-yoldasimi-ve-usagimi-oldurdu\/#breadcrumb","itemListElement":[{"@type":"ListItem","position":1,"name":"Ana s\u0259hif\u0259","item":"https:\/\/www.meydan.tv\/az\/"},{"@type":"ListItem","position":2,"name":"B\u00f6lg\u0259","item":"https:\/\/www.meydan.tv\/az\/section\/bolge\/"},{"@type":"ListItem","position":3,"name":"&#8221;H\u0259kim h\u0259yat yolda\u015f\u0131m\u0131 v\u0259 u\u015fa\u011f\u0131m\u0131 \u00f6ld\u00fcrd\u00fc&#8221;"}]},{"@type":"WebSite","@id":"https:\/\/www.meydan.tv\/az\/#website","url":"https:\/\/www.meydan.tv\/az\/","name":"MEYDAN.TV","description":"Meydan TV Az\u0259rbaycan\u0131n media m\u0259kan\u0131ndak\u0131 alternativ s\u0259sidir","publisher":{"@id":"https:\/\/www.meydan.tv\/az\/#organization"},"potentialAction":[{"@type":"SearchAction","target":{"@type":"EntryPoint","urlTemplate":"https:\/\/www.meydan.tv\/az\/?s={search_term_string}"},"query-input":{"@type":"PropertyValueSpecification","valueRequired":true,"valueName":"search_term_string"}}],"inLanguage":"az"},{"@type":"Organization","@id":"https:\/\/www.meydan.tv\/az\/#organization","name":"Meydan TV","url":"https:\/\/www.meydan.tv\/az\/","logo":{"@type":"ImageObject","inLanguage":"az","@id":"https:\/\/www.meydan.tv\/az\/#\/schema\/logo\/image\/","url":"https:\/\/www.meydan.tv\/wp-content\/uploads\/2021\/07\/meydan-logo.svg","contentUrl":"https:\/\/www.meydan.tv\/wp-content\/uploads\/2021\/07\/meydan-logo.svg","width":195,"height":46,"caption":"Meydan TV"},"image":{"@id":"https:\/\/www.meydan.tv\/az\/#\/schema\/logo\/image\/"}},{"@type":"Person","@id":"https:\/\/www.meydan.tv\/az\/#\/schema\/person\/10d11eccf6da3662cf5fdab9806ea91a","name":"user-manager"}]}},"_links":{"self":[{"href":"https:\/\/www.meydan.tv\/az\/wp-json\/wp\/v2\/posts\/195234","targetHints":{"allow":["GET"]}}],"collection":[{"href":"https:\/\/www.meydan.tv\/az\/wp-json\/wp\/v2\/posts"}],"about":[{"href":"https:\/\/www.meydan.tv\/az\/wp-json\/wp\/v2\/types\/post"}],"author":[{"embeddable":true,"href":"https:\/\/www.meydan.tv\/az\/wp-json\/wp\/v2\/users\/11"}],"replies":[{"embeddable":true,"href":"https:\/\/www.meydan.tv\/az\/wp-json\/wp\/v2\/comments?post=195234"}],"version-history":[{"count":0,"href":"https:\/\/www.meydan.tv\/az\/wp-json\/wp\/v2\/posts\/195234\/revisions"}],"wp:featuredmedia":[{"embeddable":true,"href":"https:\/\/www.meydan.tv\/az\/wp-json\/wp\/v2\/media\/123199"}],"wp:attachment":[{"href":"https:\/\/www.meydan.tv\/az\/wp-json\/wp\/v2\/media?parent=195234"}],"wp:term":[{"taxonomy":"category","embeddable":true,"href":"https:\/\/www.meydan.tv\/az\/wp-json\/wp\/v2\/categories?post=195234"},{"taxonomy":"post_tag","embeddable":true,"href":"https:\/\/www.meydan.tv\/az\/wp-json\/wp\/v2\/tags?post=195234"}],"curies":[{"name":"wp","href":"https:\/\/api.w.org\/{rel}","templated":true}]}}