{"id":195177,"date":"2019-04-29T14:32:42","date_gmt":"2019-04-29T14:32:42","guid":{"rendered":"https:\/\/www.meydan.tv\/article\/carxi-sakinleri-kendimizde-heyvandarliq-da-meyvecilik-de-yoxa-cixir\/"},"modified":"2019-04-29T14:32:42","modified_gmt":"2019-04-29T14:32:42","slug":"carxi-sakinleri-kendimizde-heyvandarliq-da-meyvecilik-de-yoxa-cixir","status":"publish","type":"post","link":"https:\/\/www.meydan.tv\/az\/article\/carxi-sakinleri-kendimizde-heyvandarliq-da-meyvecilik-de-yoxa-cixir\/","title":{"rendered":"\u00c7arx\u0131 sakinl\u0259ri: K\u0259ndimizd\u0259 heyvandarl\u0131q da, meyv\u0259\u00e7ilik d\u0259 yoxa \u00e7\u0131x\u0131r"},"content":{"rendered":"<figure class=\"wp-block-embed is-type-video is-provider-youtube wp-block-embed-youtube wp-embed-aspect-16-9 wp-has-aspect-ratio\">\n<div class=\"wp-block-embed__wrapper\">\n    <iframe\ttitle=\"\u00c7arx\u0131 sakinl\u0259ri: K\u0259ndimizd\u0259 heyvandarl\u0131q da, meyv\u0259\u00e7ilik d\u0259 yoxa \u00e7\u0131x\u0131r\" width=\"1200\" height=\"675\" data-src=\"https:\/\/www.youtube.com\/embed\/8RwIKj5SsLY\"\tframeborder=\"0\"\tallow=\"accelerometer; autoplay; clipboard-write; encrypted-media; gyroscope; picture-in-picture\" allowfullscreen src=\"data:image\/svg+xml;base64,PHN2ZyB3aWR0aD0iMSIgaGVpZ2h0PSIxIiB4bWxucz0iaHR0cDovL3d3dy53My5vcmcvMjAwMC9zdmciPjwvc3ZnPg==\" class=\"lazyload\" data-load-mode=\"1\"><\/iframe>\n  <\/div><figcaption>\n    \u00c7arx\u0131 sakinl\u0259ri: K\u0259ndimizd\u0259 heyvandarl\u0131q da, meyv\u0259\u00e7ilik d\u0259 yoxa \u00e7\u0131x\u0131r<br \/>\n  <\/figcaption><\/figure>\n<p>\n  <i><br \/>\n    \u00c7arx\u0131 sakinl\u0259ri \u00f6r\u00fc\u015f yerl\u0259rinin sat\u0131lmas\u0131na etiraz edirl\u0259r<br \/>\n  <\/i>\n<\/p>\n<p>\n  \u201cK\u0259ndd\u0259ki 2 min ail\u0259nin mal-qaras\u0131n\u0131 otarma\u011fa yer yoxdur. Az\u0131 100 hektarl\u0131q yer hiss\u0259-hiss\u0259 sat\u0131l\u0131b, hardasa 15-20 hektar yer qal\u0131b. Adamlar mal-qaralar\u0131n\u0131, qoyun s\u00fcr\u00fcl\u0259rini otarma\u011fa yer tapm\u0131r\u201d.\n<\/p>\n<p>\n  Bunu Meydan TV-y\u0259 Xa\u00e7maz\u0131n \u00c7arx\u0131 k\u0259nd sakinl\u0259ri deyir. Onlar\u0131n s\u00f6zl\u0259rin\u0259 g\u00f6r\u0259, k\u0259ndin \u00f6r\u00fc\u015f yeri son 1il \u0259rzind\u0259 hiss\u0259-hiss\u0259 m\u00fcxt\u0259lif adamlara sat\u0131l\u0131b, \u00e7\u0259p\u0259rl\u0259nib. \u0130ndi 2 min ail\u0259nin mal-qara v\u0259 qoyun-quzusunu otarma\u011fa yer tap\u0131lm\u0131r. K\u0259nd sakini Zaur \u018fliyev:\n<\/p>\n<p>\n  \u201cO vaxt torpaq islahatlar\u0131 apar\u0131landa, k\u0259ndlil\u0259r\u0259 pay torpaqlar\u0131 veril\u0259nd\u0259 ham\u0131dan \u00f6r\u00fc\u015f sah\u0259sin\u0259 g\u00f6r\u0259 10-15-20 sot torpaq sah\u0259si saxlad\u0131lar. \u00d6t\u0259n il\u0259d\u0259k ham\u0131 \u00fcmumi sah\u0259si 100 hektardan \u00e7ox olan \u00f6r\u00fc\u015f yerind\u0259 rahat \u015f\u0259kild\u0259 mal-qaras\u0131n\u0131, qoyun s\u00fcr\u00fcl\u0259rini otar\u0131rd\u0131. Son 1 ild\u0259 \u00f6r\u00fc\u015f sah\u0259si s\u00fcr\u0259tl\u0259 sat\u0131lma\u011fa ba\u015fland\u0131. Biz dava-q\u0131r\u011f\u0131nla vur-tut 15-20 hektar yer saxlaya bildik. Ancaq bu 1 ild\u0259 o q\u0259d\u0259r \u0259ziyy\u0259t \u00e7\u0259kdik ki&#8230; Adamlar mal-qaran\u0131 otarma\u011fa yer tapm\u0131r, m\u0259cbur oluruq mal-qaran\u0131 t\u00f6vl\u0259d\u0259 saxlayaq. Heyvanlar havas\u0131zl\u0131qdan x\u0259st\u0259lik tap\u0131r, \u00f6l\u00fcr, i\u015ftahlar\u0131 k\u0259silir, s\u00fcd vermir, q\u0131s\u0131rla\u015f\u0131r\u201d.\n<\/p>\n<p>\n  <b><br \/>\n    <i><br \/>\n      \u201cT\u0259s\u0259rr\u00fcfatlar m\u0259qs\u0259dli \u015f\u0259kild\u0259 m\u0259hv edilir\u201d<br \/>\n    <\/i><br \/>\n  <\/b>\n<\/p>\n<p>\n  K\u0259nd sakini Fikr\u0259t Nadirov deyir, \u0259hali \u0259sas\u0259n meyv\u0259\u00e7ilik v\u0259 heyvandarl\u0131qla m\u0259\u015f\u011ful olur. \u00d6r\u00fc\u015fs\u00fczl\u00fck s\u0259b\u0259bind\u0259n heyvandarl\u0131q yoxa \u00e7\u0131xmaq \u00fczr\u0259dir:\n<\/p>\n<p>\n  \u201cHeyvana yem \u00e7atd\u0131ra bilm\u0259y\u0259n k\u0259ndli m\u0259cburdur, onu bazara \u00e7\u0259kib sats\u0131n&#8230; Bu da o dem\u0259kdir ki, yax\u0131n vaxtlarda k\u0259ndd\u0259 heyvan qalmayacaq. Meyv\u0259\u00e7iliyi susuzluqla m\u0259hv edirl\u0259r, heyvandarl\u0131\u011f\u0131 \u00f6r\u00fc\u015fs\u00fczl\u00fckl\u0259. Bir-iki n\u0259f\u0259r pul qazanacaq dey\u0259, 2 min ail\u0259nin s\u00fcr\u00fcs\u00fc qal\u0131b ortal\u0131qda, bu boyda \u00f6zba\u015f\u0131nal\u0131q olar? Bu, bir k\u0259ndin t\u0259s\u0259rr\u00fcfat\u0131n\u0131 m\u0259hv etm\u0259k dem\u0259kdir\u201d.\n<\/p>\n<p>\n  K\u0259ndlil\u0259rin dem\u0259sin\u0259 g\u00f6r\u0259, onlara heyvan otarmaq \u00fc\u00e7\u00fcn saxlan\u0131lan yer k\u0259ndin q\u0259biristanl\u0131\u011f\u0131n\u0131n \u0259traf\u0131d\u0131r:\n<\/p>\n<p>\n  \u201cOrda da dem\u0259k olar ki, ot yoxdur. Heyvanlar\u0131 apar\u0131b t\u00f6k\u00fcr\u00fck ora, quru yerdir. Bir az qal\u0131rlar orda, m\u0259cbur oluruq qaytaraq t\u00f6vl\u0259y\u0259, ged\u0259k, ot alaq, g\u0259tirib t\u00f6k\u0259k qabaqlar\u0131na, yesinl\u0259r. Bel\u0259 heyvandarl\u0131q olar? Bir il \u0259vv\u0259l\u0259d\u0259k mal-qara otard\u0131\u011f\u0131m\u0131z yerl\u0259rin \u0259traf\u0131n\u0131 ba\u011flay\u0131blar, x\u0259nd\u0259kl\u0259r at\u0131blar, \u0259kin i\u015fl\u0259ri d\u0259 apar\u0131l\u0131b. Torpaqlar\u0131 satan b\u0259l\u0259diyy\u0259dir, alanlar da el\u0259 k\u0259ndd\u0259ndir. Bir d\u0259f\u0259 b\u0259l\u0259diyy\u0259 s\u0259drin\u0259 m\u00fcraci\u0259t el\u0259dik, g\u0259ldi, dedi, daha sat\u0131lmayacaq. Ancaq bax\u0131r\u0131q ki, hiss\u0259-hiss\u0259 yen\u0259 sat\u0131l\u0131r.\n<\/p>\n<p>\n  Aprelin 29-da \u0259llid\u0259n \u00e7ox k\u0259nd sakini \u00f6r\u00fc\u015f yerin\u0259 y\u0131\u011f\u0131\u015faraq torpaqlar\u0131n sat\u0131lmas\u0131na etiraz edib. K\u0259ndin b\u0259l\u0259diyy\u0259 s\u0259dri Ya\u015far H\u00fcseynov onlarla g\u00f6r\u00fc\u015f\u00fcb.\n<\/p>\n<p>\n  <b><br \/>\n    <i><br \/>\n      B\u0259l\u0259diyy\u0259 s\u0259dri: \u201c\u018fll\u0259rind\u0259 40 hektar sah\u0259 var, daha n\u0259 ist\u0259yirl\u0259r?\u201d<br \/>\n    <\/i><br \/>\n  <\/b>\n<\/p>\n<p>\n  \u00c7arx\u0131 k\u0259nd b\u0259l\u0259diyy\u0259 s\u0259dri Ya\u015far H\u00fcseynov Meydan TV-y\u0259 bildirib ki, k\u0259nd sakinl\u0259rinin \u00f6r\u00fc\u015f sah\u0259si kimi iddia etdiyi torpaq sah\u0259l\u0259ri b\u0259l\u0259diyy\u0259y\u0259 aid torpaqlar olub v\u0259 icar\u0259y\u0259 verilib:\n<\/p>\n<p>\n  \u201cSakinl\u0259rin iddialar\u0131 \u0259sass\u0131zd\u0131r. \u018fvv\u0259la, h\u0259y\u0259tyan\u0131 torpaq sah\u0259l\u0259ri istisna olmaqla, b\u0259l\u0259diyy\u0259 torpaqlar\u0131 sat\u0131lm\u0131r, yaln\u0131z m\u00fcqavil\u0259 \u0259sas\u0131nda icar\u0259y\u0259 verilir. Sakinl\u0259rin iddia etdikl\u0259ri torpaq sah\u0259l\u0259ri d\u0259 b\u0259l\u0259diyy\u0259 m\u00fclkiyy\u0259tind\u0259 olan sah\u0259l\u0259rdir v\u0259 tam qanuni \u015f\u0259kild\u0259 ayr\u0131-ayr\u0131 adamlara icar\u0259y\u0259 verilib. K\u0259ndlil\u0259rin istifad\u0259sind\u0259 haz\u0131rda 40 hektardan \u00e7ox \u00f6r\u00fc\u015f sah\u0259si var. K\u0259ndd\u0259 siz\u0259 deyildiyi q\u0259d\u0259r mal-heyvan say\u0131 da yoxdur. Bu g\u00fcn m\u0259n onlar\u0131n topla\u015fd\u0131\u011f\u0131 yer\u0259 getdim, \u00f6zl\u0259rin\u0259 d\u0259 ba\u015fa sald\u0131m ki, icar\u0259y\u0259 veril\u0259n torpaqlar\u0131n \u00f6r\u00fc\u015f sah\u0259l\u0259riyl\u0259 \u0259laq\u0259si yoxdur. Torpaq islahatlar\u0131 n\u0259tic\u0259sind\u0259 b\u0259l\u0259diyy\u0259l\u0259rin m\u00fclkiyy\u0259tin\u0259 d\u0259 torpaq sah\u0259l\u0259ri verilib. B\u0259l\u0259diyy\u0259l\u0259r \u0259sas\u0259n torpaqlar\u0131n icar\u0259sind\u0259n, \u0259razid\u0259ki \u0259mlaklar\u0131n vergisind\u0259n v\u0259 h\u0259y\u0259tyan\u0131 torpaq sat\u0131\u015f\u0131ndan maliyy\u0259l\u0259\u015fir v\u0259 torpa\u011f\u0131 qanuni yolla icar\u0259y\u0259 verm\u0259k d\u0259 b\u0259l\u0259diyy\u0259nin h\u00fcququdur. \u0130car\u0259darlar \u00f6zl\u0259ri d\u0259 sakinl\u0259r\u0259 d\u0259f\u0259l\u0259rl\u0259 s\u0259n\u0259dl\u0259rini t\u0259qdim edibl\u0259r. Bu adamlar n\u0259 ist\u0259yirl\u0259r, anlam\u0131ram\u201d.\n<\/p>\n<p>\n  Ya\u015far H\u00fcseynovun s\u00f6zl\u0259rin\u0259 g\u00f6r\u0259, \u00fcmumiyy\u0259tl\u0259, k\u0259ndli il\u0259 b\u0259l\u0259diyy\u0259l\u0259r aras\u0131nda torpaq m\u00fcbahis\u0259l\u0259rinin yaranmas\u0131n\u0131n s\u0259b\u0259bkar\u0131 el\u0259 k\u0259ndlil\u0259rdir:\n<\/p>\n<p>\n  \u201cBel\u0259 hallar da var ki, k\u0259ndli torpa\u011f\u0131n\u0131 d\u0259y\u0259r-d\u0259ym\u0259zin\u0259 sat\u0131b, gedib bir \u201cJiquli\u201d al\u0131b qoyub alt\u0131na, sonra da g\u0259lir ki, torpa\u011f\u0131m yoxdur, m\u0259n\u0259 torpar ver. Bu torpaq bir d\u0259f\u0259 verilir, torpa\u011f\u0131 sat\u0131b ma\u015f\u0131n almaqdansa, \u0259k, m\u0259hsul g\u00f6t\u00fcr, m\u0259hsulunu sat, ma\u015f\u0131n al&#8230; Adamlar \u0259vv\u0259lki kimi torpaqda i\u015fl\u0259m\u0259yi b\u0259y\u0259nmirl\u0259r, d\u00fc\u015f\u00fcn\u00fcrl\u0259r ki, \u0259ziyy\u0259t \u00e7\u0259km\u0259kd\u0259ns\u0259, el\u0259 birba\u015fa torpa\u011f\u0131 sat\u0131m, ma\u015f\u0131n al\u0131m, sonra gedib yap\u0131\u015faram b\u0259l\u0259diyy\u0259nin xirtd\u0259yind\u0259n, yen\u0259 torpaq alaram\u201d.<\/p>\n","protected":false},"excerpt":{"rendered":"<p>\u00c7arx\u0131 sakinl\u0259ri \u00f6r\u00fc\u015f yerl\u0259rinin sat\u0131lmas\u0131na etiraz edirl\u0259r<\/p>\n","protected":false},"author":11,"featured_media":123049,"comment_status":"closed","ping_status":"open","sticky":false,"template":"","format":"standard","meta":{"_acf_changed":false,"_sitemap_exclude":false,"_sitemap_priority":"","_sitemap_frequency":"","footnotes":""},"categories":[60],"tags":[],"class_list":["post-195177","post","type-post","status-publish","format-standard","has-post-thumbnail","hentry","category-bolge","infinite-scroll-item","generate-columns","tablet-grid-50","mobile-grid-100","grid-parent","grid-33","no-featured-image-padding"],"acf":[],"yoast_head":"<!-- This site is optimized with the Yoast SEO plugin v27.4 - https:\/\/yoast.com\/product\/yoast-seo-wordpress\/ -->\n<title>\u00c7arx\u0131 sakinl\u0259ri: K\u0259ndimizd\u0259 heyvandarl\u0131q da, meyv\u0259\u00e7ilik d\u0259 yoxa \u00e7\u0131x\u0131r - MEYDAN.TV<\/title>\n<meta name=\"robots\" content=\"index, follow, max-snippet:-1, max-image-preview:large, max-video-preview:-1\" \/>\n<link rel=\"canonical\" href=\"https:\/\/www.meydan.tv\/az\/article\/carxi-sakinleri-kendimizde-heyvandarliq-da-meyvecilik-de-yoxa-cixir\/\" \/>\n<meta property=\"og:locale\" content=\"az_AZ\" \/>\n<meta property=\"og:type\" content=\"article\" \/>\n<meta property=\"og:title\" content=\"\u00c7arx\u0131 sakinl\u0259ri: K\u0259ndimizd\u0259 heyvandarl\u0131q da, meyv\u0259\u00e7ilik d\u0259 yoxa \u00e7\u0131x\u0131r - MEYDAN.TV\" \/>\n<meta property=\"og:description\" content=\"\u00c7arx\u0131 sakinl\u0259ri \u00f6r\u00fc\u015f yerl\u0259rinin sat\u0131lmas\u0131na etiraz edirl\u0259r\" \/>\n<meta property=\"og:url\" content=\"https:\/\/www.meydan.tv\/az\/article\/carxi-sakinleri-kendimizde-heyvandarliq-da-meyvecilik-de-yoxa-cixir\/\" \/>\n<meta property=\"og:site_name\" content=\"MEYDAN.TV\" \/>\n<meta property=\"article:published_time\" content=\"2019-04-29T14:32:42+00:00\" \/>\n<meta property=\"og:image\" content=\"https:\/\/www.meydan.tv\/wp-content\/uploads\/screenshot_2019-04-29_at_14.29.01-1200x583.png\" \/>\n\t<meta property=\"og:image:width\" content=\"1200\" \/>\n\t<meta property=\"og:image:height\" content=\"583\" \/>\n\t<meta property=\"og:image:type\" content=\"image\/png\" \/>\n<meta name=\"author\" content=\"user-manager\" \/>\n<meta name=\"twitter:card\" content=\"summary_large_image\" \/>\n<script type=\"application\/ld+json\" class=\"yoast-schema-graph\">{\"@context\":\"https:\\\/\\\/schema.org\",\"@graph\":[{\"@type\":\"Article\",\"@id\":\"https:\\\/\\\/www.meydan.tv\\\/az\\\/article\\\/carxi-sakinleri-kendimizde-heyvandarliq-da-meyvecilik-de-yoxa-cixir\\\/#article\",\"isPartOf\":{\"@id\":\"https:\\\/\\\/www.meydan.tv\\\/az\\\/article\\\/carxi-sakinleri-kendimizde-heyvandarliq-da-meyvecilik-de-yoxa-cixir\\\/\"},\"author\":{\"name\":\"user-manager\",\"@id\":\"https:\\\/\\\/www.meydan.tv\\\/az\\\/#\\\/schema\\\/person\\\/10d11eccf6da3662cf5fdab9806ea91a\"},\"headline\":\"\u00c7arx\u0131 sakinl\u0259ri: K\u0259ndimizd\u0259 heyvandarl\u0131q da, meyv\u0259\u00e7ilik d\u0259 yoxa \u00e7\u0131x\u0131r\",\"datePublished\":\"2019-04-29T14:32:42+00:00\",\"mainEntityOfPage\":{\"@id\":\"https:\\\/\\\/www.meydan.tv\\\/az\\\/article\\\/carxi-sakinleri-kendimizde-heyvandarliq-da-meyvecilik-de-yoxa-cixir\\\/\"},\"wordCount\":966,\"publisher\":{\"@id\":\"https:\\\/\\\/www.meydan.tv\\\/az\\\/#organization\"},\"image\":{\"@id\":\"https:\\\/\\\/www.meydan.tv\\\/az\\\/article\\\/carxi-sakinleri-kendimizde-heyvandarliq-da-meyvecilik-de-yoxa-cixir\\\/#primaryimage\"},\"thumbnailUrl\":\"https:\\\/\\\/www.meydan.tv\\\/wp-content\\\/uploads\\\/screenshot_2019-04-29_at_14.29.01.png\",\"articleSection\":[\"B\u00f6lg\u0259\"],\"inLanguage\":\"az\"},{\"@type\":\"WebPage\",\"@id\":\"https:\\\/\\\/www.meydan.tv\\\/az\\\/article\\\/carxi-sakinleri-kendimizde-heyvandarliq-da-meyvecilik-de-yoxa-cixir\\\/\",\"url\":\"https:\\\/\\\/www.meydan.tv\\\/az\\\/article\\\/carxi-sakinleri-kendimizde-heyvandarliq-da-meyvecilik-de-yoxa-cixir\\\/\",\"name\":\"\u00c7arx\u0131 sakinl\u0259ri: K\u0259ndimizd\u0259 heyvandarl\u0131q da, meyv\u0259\u00e7ilik d\u0259 yoxa \u00e7\u0131x\u0131r - MEYDAN.TV\",\"isPartOf\":{\"@id\":\"https:\\\/\\\/www.meydan.tv\\\/az\\\/#website\"},\"primaryImageOfPage\":{\"@id\":\"https:\\\/\\\/www.meydan.tv\\\/az\\\/article\\\/carxi-sakinleri-kendimizde-heyvandarliq-da-meyvecilik-de-yoxa-cixir\\\/#primaryimage\"},\"image\":{\"@id\":\"https:\\\/\\\/www.meydan.tv\\\/az\\\/article\\\/carxi-sakinleri-kendimizde-heyvandarliq-da-meyvecilik-de-yoxa-cixir\\\/#primaryimage\"},\"thumbnailUrl\":\"https:\\\/\\\/www.meydan.tv\\\/wp-content\\\/uploads\\\/screenshot_2019-04-29_at_14.29.01.png\",\"datePublished\":\"2019-04-29T14:32:42+00:00\",\"breadcrumb\":{\"@id\":\"https:\\\/\\\/www.meydan.tv\\\/az\\\/article\\\/carxi-sakinleri-kendimizde-heyvandarliq-da-meyvecilik-de-yoxa-cixir\\\/#breadcrumb\"},\"inLanguage\":\"az\",\"potentialAction\":[{\"@type\":\"ReadAction\",\"target\":[\"https:\\\/\\\/www.meydan.tv\\\/az\\\/article\\\/carxi-sakinleri-kendimizde-heyvandarliq-da-meyvecilik-de-yoxa-cixir\\\/\"]}]},{\"@type\":\"ImageObject\",\"inLanguage\":\"az\",\"@id\":\"https:\\\/\\\/www.meydan.tv\\\/az\\\/article\\\/carxi-sakinleri-kendimizde-heyvandarliq-da-meyvecilik-de-yoxa-cixir\\\/#primaryimage\",\"url\":\"https:\\\/\\\/www.meydan.tv\\\/wp-content\\\/uploads\\\/screenshot_2019-04-29_at_14.29.01.png\",\"contentUrl\":\"https:\\\/\\\/www.meydan.tv\\\/wp-content\\\/uploads\\\/screenshot_2019-04-29_at_14.29.01.png\",\"width\":2204,\"height\":1070,\"caption\":\"Source: Meydan TV\"},{\"@type\":\"BreadcrumbList\",\"@id\":\"https:\\\/\\\/www.meydan.tv\\\/az\\\/article\\\/carxi-sakinleri-kendimizde-heyvandarliq-da-meyvecilik-de-yoxa-cixir\\\/#breadcrumb\",\"itemListElement\":[{\"@type\":\"ListItem\",\"position\":1,\"name\":\"Ana s\u0259hif\u0259\",\"item\":\"https:\\\/\\\/www.meydan.tv\\\/az\\\/\"},{\"@type\":\"ListItem\",\"position\":2,\"name\":\"B\u00f6lg\u0259\",\"item\":\"https:\\\/\\\/www.meydan.tv\\\/az\\\/section\\\/bolge\\\/\"},{\"@type\":\"ListItem\",\"position\":3,\"name\":\"\u00c7arx\u0131 sakinl\u0259ri: K\u0259ndimizd\u0259 heyvandarl\u0131q da, meyv\u0259\u00e7ilik d\u0259 yoxa \u00e7\u0131x\u0131r\"}]},{\"@type\":\"WebSite\",\"@id\":\"https:\\\/\\\/www.meydan.tv\\\/az\\\/#website\",\"url\":\"https:\\\/\\\/www.meydan.tv\\\/az\\\/\",\"name\":\"MEYDAN.TV\",\"description\":\"Meydan TV Az\u0259rbaycan\u0131n media m\u0259kan\u0131ndak\u0131 alternativ s\u0259sidir\",\"publisher\":{\"@id\":\"https:\\\/\\\/www.meydan.tv\\\/az\\\/#organization\"},\"potentialAction\":[{\"@type\":\"SearchAction\",\"target\":{\"@type\":\"EntryPoint\",\"urlTemplate\":\"https:\\\/\\\/www.meydan.tv\\\/az\\\/?s={search_term_string}\"},\"query-input\":{\"@type\":\"PropertyValueSpecification\",\"valueRequired\":true,\"valueName\":\"search_term_string\"}}],\"inLanguage\":\"az\"},{\"@type\":\"Organization\",\"@id\":\"https:\\\/\\\/www.meydan.tv\\\/az\\\/#organization\",\"name\":\"Meydan TV\",\"url\":\"https:\\\/\\\/www.meydan.tv\\\/az\\\/\",\"logo\":{\"@type\":\"ImageObject\",\"inLanguage\":\"az\",\"@id\":\"https:\\\/\\\/www.meydan.tv\\\/az\\\/#\\\/schema\\\/logo\\\/image\\\/\",\"url\":\"https:\\\/\\\/www.meydan.tv\\\/wp-content\\\/uploads\\\/2021\\\/07\\\/meydan-logo.svg\",\"contentUrl\":\"https:\\\/\\\/www.meydan.tv\\\/wp-content\\\/uploads\\\/2021\\\/07\\\/meydan-logo.svg\",\"width\":195,\"height\":46,\"caption\":\"Meydan TV\"},\"image\":{\"@id\":\"https:\\\/\\\/www.meydan.tv\\\/az\\\/#\\\/schema\\\/logo\\\/image\\\/\"}},{\"@type\":\"Person\",\"@id\":\"https:\\\/\\\/www.meydan.tv\\\/az\\\/#\\\/schema\\\/person\\\/10d11eccf6da3662cf5fdab9806ea91a\",\"name\":\"user-manager\"}]}<\/script>\n<!-- \/ Yoast SEO plugin. -->","yoast_head_json":{"title":"\u00c7arx\u0131 sakinl\u0259ri: K\u0259ndimizd\u0259 heyvandarl\u0131q da, meyv\u0259\u00e7ilik d\u0259 yoxa \u00e7\u0131x\u0131r - MEYDAN.TV","robots":{"index":"index","follow":"follow","max-snippet":"max-snippet:-1","max-image-preview":"max-image-preview:large","max-video-preview":"max-video-preview:-1"},"canonical":"https:\/\/www.meydan.tv\/az\/article\/carxi-sakinleri-kendimizde-heyvandarliq-da-meyvecilik-de-yoxa-cixir\/","og_locale":"az_AZ","og_type":"article","og_title":"\u00c7arx\u0131 sakinl\u0259ri: K\u0259ndimizd\u0259 heyvandarl\u0131q da, meyv\u0259\u00e7ilik d\u0259 yoxa \u00e7\u0131x\u0131r - MEYDAN.TV","og_description":"\u00c7arx\u0131 sakinl\u0259ri \u00f6r\u00fc\u015f yerl\u0259rinin sat\u0131lmas\u0131na etiraz edirl\u0259r","og_url":"https:\/\/www.meydan.tv\/az\/article\/carxi-sakinleri-kendimizde-heyvandarliq-da-meyvecilik-de-yoxa-cixir\/","og_site_name":"MEYDAN.TV","article_published_time":"2019-04-29T14:32:42+00:00","og_image":[{"width":1200,"height":583,"url":"https:\/\/www.meydan.tv\/wp-content\/uploads\/screenshot_2019-04-29_at_14.29.01-1200x583.png","type":"image\/png"}],"author":"user-manager","twitter_card":"summary_large_image","schema":{"@context":"https:\/\/schema.org","@graph":[{"@type":"Article","@id":"https:\/\/www.meydan.tv\/az\/article\/carxi-sakinleri-kendimizde-heyvandarliq-da-meyvecilik-de-yoxa-cixir\/#article","isPartOf":{"@id":"https:\/\/www.meydan.tv\/az\/article\/carxi-sakinleri-kendimizde-heyvandarliq-da-meyvecilik-de-yoxa-cixir\/"},"author":{"name":"user-manager","@id":"https:\/\/www.meydan.tv\/az\/#\/schema\/person\/10d11eccf6da3662cf5fdab9806ea91a"},"headline":"\u00c7arx\u0131 sakinl\u0259ri: K\u0259ndimizd\u0259 heyvandarl\u0131q da, meyv\u0259\u00e7ilik d\u0259 yoxa \u00e7\u0131x\u0131r","datePublished":"2019-04-29T14:32:42+00:00","mainEntityOfPage":{"@id":"https:\/\/www.meydan.tv\/az\/article\/carxi-sakinleri-kendimizde-heyvandarliq-da-meyvecilik-de-yoxa-cixir\/"},"wordCount":966,"publisher":{"@id":"https:\/\/www.meydan.tv\/az\/#organization"},"image":{"@id":"https:\/\/www.meydan.tv\/az\/article\/carxi-sakinleri-kendimizde-heyvandarliq-da-meyvecilik-de-yoxa-cixir\/#primaryimage"},"thumbnailUrl":"https:\/\/www.meydan.tv\/wp-content\/uploads\/screenshot_2019-04-29_at_14.29.01.png","articleSection":["B\u00f6lg\u0259"],"inLanguage":"az"},{"@type":"WebPage","@id":"https:\/\/www.meydan.tv\/az\/article\/carxi-sakinleri-kendimizde-heyvandarliq-da-meyvecilik-de-yoxa-cixir\/","url":"https:\/\/www.meydan.tv\/az\/article\/carxi-sakinleri-kendimizde-heyvandarliq-da-meyvecilik-de-yoxa-cixir\/","name":"\u00c7arx\u0131 sakinl\u0259ri: K\u0259ndimizd\u0259 heyvandarl\u0131q da, meyv\u0259\u00e7ilik d\u0259 yoxa \u00e7\u0131x\u0131r - MEYDAN.TV","isPartOf":{"@id":"https:\/\/www.meydan.tv\/az\/#website"},"primaryImageOfPage":{"@id":"https:\/\/www.meydan.tv\/az\/article\/carxi-sakinleri-kendimizde-heyvandarliq-da-meyvecilik-de-yoxa-cixir\/#primaryimage"},"image":{"@id":"https:\/\/www.meydan.tv\/az\/article\/carxi-sakinleri-kendimizde-heyvandarliq-da-meyvecilik-de-yoxa-cixir\/#primaryimage"},"thumbnailUrl":"https:\/\/www.meydan.tv\/wp-content\/uploads\/screenshot_2019-04-29_at_14.29.01.png","datePublished":"2019-04-29T14:32:42+00:00","breadcrumb":{"@id":"https:\/\/www.meydan.tv\/az\/article\/carxi-sakinleri-kendimizde-heyvandarliq-da-meyvecilik-de-yoxa-cixir\/#breadcrumb"},"inLanguage":"az","potentialAction":[{"@type":"ReadAction","target":["https:\/\/www.meydan.tv\/az\/article\/carxi-sakinleri-kendimizde-heyvandarliq-da-meyvecilik-de-yoxa-cixir\/"]}]},{"@type":"ImageObject","inLanguage":"az","@id":"https:\/\/www.meydan.tv\/az\/article\/carxi-sakinleri-kendimizde-heyvandarliq-da-meyvecilik-de-yoxa-cixir\/#primaryimage","url":"https:\/\/www.meydan.tv\/wp-content\/uploads\/screenshot_2019-04-29_at_14.29.01.png","contentUrl":"https:\/\/www.meydan.tv\/wp-content\/uploads\/screenshot_2019-04-29_at_14.29.01.png","width":2204,"height":1070,"caption":"Source: Meydan TV"},{"@type":"BreadcrumbList","@id":"https:\/\/www.meydan.tv\/az\/article\/carxi-sakinleri-kendimizde-heyvandarliq-da-meyvecilik-de-yoxa-cixir\/#breadcrumb","itemListElement":[{"@type":"ListItem","position":1,"name":"Ana s\u0259hif\u0259","item":"https:\/\/www.meydan.tv\/az\/"},{"@type":"ListItem","position":2,"name":"B\u00f6lg\u0259","item":"https:\/\/www.meydan.tv\/az\/section\/bolge\/"},{"@type":"ListItem","position":3,"name":"\u00c7arx\u0131 sakinl\u0259ri: K\u0259ndimizd\u0259 heyvandarl\u0131q da, meyv\u0259\u00e7ilik d\u0259 yoxa \u00e7\u0131x\u0131r"}]},{"@type":"WebSite","@id":"https:\/\/www.meydan.tv\/az\/#website","url":"https:\/\/www.meydan.tv\/az\/","name":"MEYDAN.TV","description":"Meydan TV Az\u0259rbaycan\u0131n media m\u0259kan\u0131ndak\u0131 alternativ s\u0259sidir","publisher":{"@id":"https:\/\/www.meydan.tv\/az\/#organization"},"potentialAction":[{"@type":"SearchAction","target":{"@type":"EntryPoint","urlTemplate":"https:\/\/www.meydan.tv\/az\/?s={search_term_string}"},"query-input":{"@type":"PropertyValueSpecification","valueRequired":true,"valueName":"search_term_string"}}],"inLanguage":"az"},{"@type":"Organization","@id":"https:\/\/www.meydan.tv\/az\/#organization","name":"Meydan TV","url":"https:\/\/www.meydan.tv\/az\/","logo":{"@type":"ImageObject","inLanguage":"az","@id":"https:\/\/www.meydan.tv\/az\/#\/schema\/logo\/image\/","url":"https:\/\/www.meydan.tv\/wp-content\/uploads\/2021\/07\/meydan-logo.svg","contentUrl":"https:\/\/www.meydan.tv\/wp-content\/uploads\/2021\/07\/meydan-logo.svg","width":195,"height":46,"caption":"Meydan TV"},"image":{"@id":"https:\/\/www.meydan.tv\/az\/#\/schema\/logo\/image\/"}},{"@type":"Person","@id":"https:\/\/www.meydan.tv\/az\/#\/schema\/person\/10d11eccf6da3662cf5fdab9806ea91a","name":"user-manager"}]}},"_links":{"self":[{"href":"https:\/\/www.meydan.tv\/az\/wp-json\/wp\/v2\/posts\/195177","targetHints":{"allow":["GET"]}}],"collection":[{"href":"https:\/\/www.meydan.tv\/az\/wp-json\/wp\/v2\/posts"}],"about":[{"href":"https:\/\/www.meydan.tv\/az\/wp-json\/wp\/v2\/types\/post"}],"author":[{"embeddable":true,"href":"https:\/\/www.meydan.tv\/az\/wp-json\/wp\/v2\/users\/11"}],"replies":[{"embeddable":true,"href":"https:\/\/www.meydan.tv\/az\/wp-json\/wp\/v2\/comments?post=195177"}],"version-history":[{"count":0,"href":"https:\/\/www.meydan.tv\/az\/wp-json\/wp\/v2\/posts\/195177\/revisions"}],"wp:featuredmedia":[{"embeddable":true,"href":"https:\/\/www.meydan.tv\/az\/wp-json\/wp\/v2\/media\/123049"}],"wp:attachment":[{"href":"https:\/\/www.meydan.tv\/az\/wp-json\/wp\/v2\/media?parent=195177"}],"wp:term":[{"taxonomy":"category","embeddable":true,"href":"https:\/\/www.meydan.tv\/az\/wp-json\/wp\/v2\/categories?post=195177"},{"taxonomy":"post_tag","embeddable":true,"href":"https:\/\/www.meydan.tv\/az\/wp-json\/wp\/v2\/tags?post=195177"}],"curies":[{"name":"wp","href":"https:\/\/api.w.org\/{rel}","templated":true}]}}