{"id":195169,"date":"2019-04-29T12:16:38","date_gmt":"2019-04-29T12:16:38","guid":{"rendered":"https:\/\/www.meydan.tv\/article\/yoldasim-hebsdedir-sosial-yardim-ala-bilmirem\/"},"modified":"2019-04-29T12:16:38","modified_gmt":"2019-04-29T12:16:38","slug":"yoldasim-hebsdedir-sosial-yardim-ala-bilmirem","status":"publish","type":"post","link":"https:\/\/www.meydan.tv\/az\/article\/yoldasim-hebsdedir-sosial-yardim-ala-bilmirem\/","title":{"rendered":"&#8221;Yolda\u015f\u0131m h\u0259bsd\u0259dir, sosial yard\u0131m ala bilmir\u0259m&#8221;"},"content":{"rendered":"<p>\n  <i><br \/>\n    \u0130smay\u0131ll\u0131 sakini imkans\u0131zl\u0131qdan \u0259ziyy\u0259t \u00e7\u0259kdikl\u0259rini deyir<br \/>\n  <\/i>\n<\/p>\n<p>\n  \u201cD\u00fcz s\u0259kkiz d\u0259f\u0259 \u00fcnvanl\u0131 sosial yard\u0131m almaq \u00fc\u00e7\u00fcn m\u00fcraci\u0259t etmi\u015f\u0259m. Lakin h\u0259r d\u0259f\u0259sind\u0259 d\u0259 imtina cavab\u0131 g\u0259lib. \u018fvv\u0259ll\u0259r imtina cavab\u0131nda kommunalla ba\u011fl\u0131 probleml\u0259r \u00e7\u0131xard\u0131. \u0130ndi is\u0259 yeni b\u0259han\u0259 tap\u0131blar. H\u0259yat yolda\u015f\u0131m h\u0259bsxanada yatd\u0131\u011f\u0131 halda, imtina cavab\u0131nda onun h\u0259bsd\u0259 olmas\u0131 t\u0259sdiql\u0259nm\u0259yib\u201d.\n<\/p>\n<p>\n  Bunu Meydan TV-y\u0259 \u0130smay\u0131ll\u0131 rayon sakini Q\u0259nir\u0259 Bayramova deyir. S\u00f6yl\u0259yir ki, h\u0259yat yolda\u015f\u0131, 1974-c\u00fc il t\u0259v\u0259ll\u00fcdl\u00fc \u0130mran \u0130nqilab o\u011flu Bayramov narkotik madd\u0259l\u0259rin istifad\u0259sin\u0259 g\u00f6r\u0259 6 il m\u00fcdd\u0259tin\u0259 h\u0259bs edilib. C\u0259zas\u0131n\u0131n iki ilini \u00e7\u0259kib:\n<\/p>\n<p>\n  \u201cSonuncu m\u00fcraci\u0259timiz\u0259 g\u0259l\u0259n imtina cavab\u0131nda g\u00f6st\u0259rilirdi ki, \u018fdliyy\u0259 Nazirliyi h\u0259yat yolda\u015f\u0131m\u0131n h\u0259qiq\u0259t\u0259n d\u0259 \u00e7\u0259za\u00e7\u0259k\u0259n \u015f\u0259xs olmas\u0131 bar\u0259d\u0259 m\u0259lumat\u0131 t\u0259sdiq etm\u0259yib. O, c\u0259zas\u0131n\u0131 7 sayl\u0131 c\u0259za\u00e7\u0259km\u0259 m\u00fc\u0259ssis\u0259sind\u0259 \u00e7\u0259kir. Biz ail\u0259 quranda, onun narkoman oldu\u011funu bilm\u0259mi\u015fdim. Art\u0131q \u00fc\u00e7\u00fcnc\u00fc d\u0259f\u0259dir ki, h\u0259bsd\u0259 yat\u0131r. Qay\u0131namam\u0131n pensiyas\u0131 il\u0259 dolan\u0131r\u0131q. K\u00f6m\u0259y\u0259 ehtiyac\u0131m\u0131z var\u201d.\n<\/p>\n<p>\n  \u015eikay\u0259t\u00e7inin s\u00f6zl\u0259rin\u0259 g\u00f6r\u0259, \u0259vv\u0259ll\u0259r \u00fcnvanl\u0131 sosial yard\u0131m al\u0131blar. Lakin elektron varianta ke\u00e7\u0259nd\u0259n sonra yard\u0131m dayand\u0131r\u0131l\u0131b.\n<\/p>\n<p>\n  \u201c100 manatdan \u00e7ox pul idi, \u00fc\u00e7 ildir ki, k\u0259sibl\u0259r\u201d, &#8211; dey\u0259 \u0259lav\u0259 ed\u0259n Q.Bayramova s\u00f6yl\u0259yir ki, DSMF-nun \u0130smay\u0131ll\u0131 Rayon \u015e\u00f6b\u0259sind\u0259 ona bildiribl\u0259r ki, bizlik deyil, nazirliy\u0259 m\u00fcraci\u0259t etm\u0259k laz\u0131md\u0131r:\n<\/p>\n<p>\n  \u201cHam\u0131 deyir ki, yolda\u015f\u0131m h\u0259bsd\u0259 oldu\u011funa g\u00f6r\u0259 ail\u0259miz\u0259 \u00fcnvanl\u0131 sosial yard\u0131m d\u00fc\u015fm\u0259lidir. D\u00fc\u015fm\u0259lidir, amma ala bilmir\u0259m. D\u0259f\u0259l\u0259rl\u0259 \u018fm\u0259k v\u0259 \u018fhalinin Sosial M\u00fcdafi\u0259si Nazirliyin\u0259 getmi\u015fik. Ara\u015fd\u0131r\u0131b, deyibl\u0259r ki, sizin ail\u0259y\u0259 \u00fcnvanl\u0131 sosial yard\u0131m d\u00fc\u015f\u00fcr. Gedin, t\u0259krar olaraq, onlayn m\u00fcraci\u0259t edin. T\u0259krar m\u00fcraci\u0259t g\u00f6nd\u0259rmi\u015fik, yenid\u0259n imtina cavab\u0131 alm\u0131\u015f\u0131q.\n<\/p>\n<p>\n  G\u00fcz\u0259ran\u0131m\u0131z g\u00fcnd\u0259n-g\u00fcn\u0259 daha da pisl\u0259\u015fir, qay\u0131nanam\u0131n pensiyas\u0131 il\u0259 dolan\u0131r\u0131q. He\u00e7 bir yerd\u0259n g\u0259lirimiz yoxdur. Sosial yard\u0131m ala bils\u0259ydim, dolan\u0131\u015f\u0131\u011f\u0131m\u0131z yax\u015f\u0131la\u015fard\u0131\u201d.\n<\/p>\n<p>\n  DSMF-nun \u0130smay\u0131ll\u0131 rayon \u015f\u00f6b\u0259sind\u0259n Meydan TV-y\u0259 bildirilib ki imtina cavab\u0131nda, \u0130mran Bayramovun c\u0259za\u00e7\u0259km\u0259 m\u00fc\u0259ssis\u0259sind\u0259 oldu\u011fu \u00f6z t\u0259sdiqini tapm\u0131r:\n<\/p>\n<p>\n  \u201cBunun da biz\u0259 aidiyyat\u0131 yoxdur. V\u0259t\u0259nda\u015f sor\u011funu onlayn qaydada \u00f6z\u00fc g\u00f6nd\u0259rir. Y\u0259qin ki, c\u0259za\u00e7\u0259km\u0259 m\u00fc\u0259ssis\u0259sin\u0259 m\u00fcraci\u0259t etm\u0259lidir ki, m\u0259lumat\u0131 sistem\u0259 otuzdursunlar. Biz istiqam\u0259t vermi\u015fik ki, aidiyyat\u0131 quruma m\u00fcraci\u0259t etsin\u201d.\n<\/p>\n<p>\n  \u018fdliyy\u0259 Nazirliyinin Penitensiar Xidm\u0259tind\u0259n is\u0259 Meydan TV-y\u0259 bildirilib ki, Q\u0259nir\u0259 Bayramova quruma m\u00fcraci\u0259t etsin, m\u0259s\u0259y\u0259 aidiyyat\u0131 \u00fczr\u0259 m\u00fctl\u0259q bax\u0131lacaq.\n<\/p>\n<p>\n  \u018fm\u0259k v\u0259 \u018fhalinin Sosial M\u00fcdafi\u0259si Nazirliyinin m\u0259tbuat xidm\u0259tind\u0259n bildirilib ki, insanlar \u00fcnvanl\u0131 sosial yard\u0131m \u00fc\u00e7\u00fcn elektron m\u00fcraci\u0259ti d\u00fczg\u00fcn doldurmurlar:\n<\/p>\n<p>\n  &quot;\u00dcnvanl\u0131 sosial yard\u0131mla ba\u011fl\u0131 m\u00fcraci\u0259t v\u0259 onun cavabland\u0131rlmas\u0131, t\u0259yinat\u0131, avtomatla\u015fd\u0131r\u0131lm\u0131\u015f sistem vasit\u0259sil\u0259 h\u0259yata ke\u00e7irilir. Elektron informasiya sisteml\u0259ri vasit\u0259sil\u0259 edil\u0259n m\u00fcraci\u0259td\u0259 g\u00f6st\u0259ril\u0259n m\u0259lumatlar d\u0259qiql\u0259\u015fdirilir, uzala\u015fd\u0131rl\u0131r. H\u0259r bir \u015fikay\u0259t\u00e7iy\u0259 elektron m\u00fcraci\u0259t vasit\u0259sil\u0259 imtina s\u0259b\u0259bl\u0259ri g\u00f6st\u0259rilir. Y\u0259ni h\u0259r bir \u015fey sistem vasit\u0259sil\u0259 t\u0259yin olunur. S\u0259n\u0259dl\u0259r qaydas\u0131nda olandan sonra m\u00fcraci\u0259t ed\u0259n \u015f\u0259xsl\u0259r sosial yard\u0131m\u0131 ala bilirl\u0259r&quot;.<\/p>\n","protected":false},"excerpt":{"rendered":"<p>\u0130smay\u0131ll\u0131 sakini imkans\u0131zl\u0131qdan \u0259ziyy\u0259t \u00e7\u0259kdikl\u0259rini deyir<\/p>\n","protected":false},"author":11,"featured_media":123019,"comment_status":"closed","ping_status":"open","sticky":false,"template":"","format":"standard","meta":{"_acf_changed":false,"_sitemap_exclude":false,"_sitemap_priority":"","_sitemap_frequency":"","footnotes":""},"categories":[60],"tags":[],"class_list":["post-195169","post","type-post","status-publish","format-standard","has-post-thumbnail","hentry","category-bolge","infinite-scroll-item","generate-columns","tablet-grid-50","mobile-grid-100","grid-parent","grid-33","no-featured-image-padding"],"acf":[],"yoast_head":"<!-- This site is optimized with the Yoast SEO plugin v27.4 - https:\/\/yoast.com\/product\/yoast-seo-wordpress\/ -->\n<title>&#039;&#039;Yolda\u015f\u0131m h\u0259bsd\u0259dir, sosial yard\u0131m ala bilmir\u0259m&#039;&#039; - MEYDAN.TV<\/title>\n<meta name=\"robots\" content=\"index, follow, max-snippet:-1, max-image-preview:large, max-video-preview:-1\" \/>\n<link rel=\"canonical\" href=\"https:\/\/www.meydan.tv\/az\/article\/yoldasim-hebsdedir-sosial-yardim-ala-bilmirem\/\" \/>\n<meta property=\"og:locale\" content=\"az_AZ\" \/>\n<meta property=\"og:type\" content=\"article\" \/>\n<meta property=\"og:title\" content=\"&#039;&#039;Yolda\u015f\u0131m h\u0259bsd\u0259dir, sosial yard\u0131m ala bilmir\u0259m&#039;&#039; - MEYDAN.TV\" \/>\n<meta property=\"og:description\" content=\"\u0130smay\u0131ll\u0131 sakini imkans\u0131zl\u0131qdan \u0259ziyy\u0259t \u00e7\u0259kdikl\u0259rini deyir\" \/>\n<meta property=\"og:url\" content=\"https:\/\/www.meydan.tv\/az\/article\/yoldasim-hebsdedir-sosial-yardim-ala-bilmirem\/\" \/>\n<meta property=\"og:site_name\" content=\"MEYDAN.TV\" \/>\n<meta property=\"article:published_time\" content=\"2019-04-29T12:16:38+00:00\" \/>\n<meta property=\"og:image\" content=\"https:\/\/www.meydan.tv\/wp-content\/uploads\/image_from_ios_32.jpg\" \/>\n\t<meta property=\"og:image:width\" content=\"960\" \/>\n\t<meta property=\"og:image:height\" content=\"720\" \/>\n\t<meta property=\"og:image:type\" content=\"image\/jpeg\" \/>\n<meta name=\"author\" content=\"user-manager\" \/>\n<meta name=\"twitter:card\" content=\"summary_large_image\" \/>\n<script type=\"application\/ld+json\" class=\"yoast-schema-graph\">{\"@context\":\"https:\\\/\\\/schema.org\",\"@graph\":[{\"@type\":\"Article\",\"@id\":\"https:\\\/\\\/www.meydan.tv\\\/az\\\/article\\\/yoldasim-hebsdedir-sosial-yardim-ala-bilmirem\\\/#article\",\"isPartOf\":{\"@id\":\"https:\\\/\\\/www.meydan.tv\\\/az\\\/article\\\/yoldasim-hebsdedir-sosial-yardim-ala-bilmirem\\\/\"},\"author\":{\"name\":\"user-manager\",\"@id\":\"https:\\\/\\\/www.meydan.tv\\\/az\\\/#\\\/schema\\\/person\\\/10d11eccf6da3662cf5fdab9806ea91a\"},\"headline\":\"&#8221;Yolda\u015f\u0131m h\u0259bsd\u0259dir, sosial yard\u0131m ala bilmir\u0259m&#8221;\",\"datePublished\":\"2019-04-29T12:16:38+00:00\",\"mainEntityOfPage\":{\"@id\":\"https:\\\/\\\/www.meydan.tv\\\/az\\\/article\\\/yoldasim-hebsdedir-sosial-yardim-ala-bilmirem\\\/\"},\"wordCount\":659,\"publisher\":{\"@id\":\"https:\\\/\\\/www.meydan.tv\\\/az\\\/#organization\"},\"image\":{\"@id\":\"https:\\\/\\\/www.meydan.tv\\\/az\\\/article\\\/yoldasim-hebsdedir-sosial-yardim-ala-bilmirem\\\/#primaryimage\"},\"thumbnailUrl\":\"https:\\\/\\\/www.meydan.tv\\\/wp-content\\\/uploads\\\/image_from_ios_32.jpg\",\"articleSection\":[\"B\u00f6lg\u0259\"],\"inLanguage\":\"az\"},{\"@type\":\"WebPage\",\"@id\":\"https:\\\/\\\/www.meydan.tv\\\/az\\\/article\\\/yoldasim-hebsdedir-sosial-yardim-ala-bilmirem\\\/\",\"url\":\"https:\\\/\\\/www.meydan.tv\\\/az\\\/article\\\/yoldasim-hebsdedir-sosial-yardim-ala-bilmirem\\\/\",\"name\":\"''Yolda\u015f\u0131m h\u0259bsd\u0259dir, sosial yard\u0131m ala bilmir\u0259m'' - MEYDAN.TV\",\"isPartOf\":{\"@id\":\"https:\\\/\\\/www.meydan.tv\\\/az\\\/#website\"},\"primaryImageOfPage\":{\"@id\":\"https:\\\/\\\/www.meydan.tv\\\/az\\\/article\\\/yoldasim-hebsdedir-sosial-yardim-ala-bilmirem\\\/#primaryimage\"},\"image\":{\"@id\":\"https:\\\/\\\/www.meydan.tv\\\/az\\\/article\\\/yoldasim-hebsdedir-sosial-yardim-ala-bilmirem\\\/#primaryimage\"},\"thumbnailUrl\":\"https:\\\/\\\/www.meydan.tv\\\/wp-content\\\/uploads\\\/image_from_ios_32.jpg\",\"datePublished\":\"2019-04-29T12:16:38+00:00\",\"breadcrumb\":{\"@id\":\"https:\\\/\\\/www.meydan.tv\\\/az\\\/article\\\/yoldasim-hebsdedir-sosial-yardim-ala-bilmirem\\\/#breadcrumb\"},\"inLanguage\":\"az\",\"potentialAction\":[{\"@type\":\"ReadAction\",\"target\":[\"https:\\\/\\\/www.meydan.tv\\\/az\\\/article\\\/yoldasim-hebsdedir-sosial-yardim-ala-bilmirem\\\/\"]}]},{\"@type\":\"ImageObject\",\"inLanguage\":\"az\",\"@id\":\"https:\\\/\\\/www.meydan.tv\\\/az\\\/article\\\/yoldasim-hebsdedir-sosial-yardim-ala-bilmirem\\\/#primaryimage\",\"url\":\"https:\\\/\\\/www.meydan.tv\\\/wp-content\\\/uploads\\\/image_from_ios_32.jpg\",\"contentUrl\":\"https:\\\/\\\/www.meydan.tv\\\/wp-content\\\/uploads\\\/image_from_ios_32.jpg\",\"width\":960,\"height\":720,\"caption\":\"Source: Meydan TV\"},{\"@type\":\"BreadcrumbList\",\"@id\":\"https:\\\/\\\/www.meydan.tv\\\/az\\\/article\\\/yoldasim-hebsdedir-sosial-yardim-ala-bilmirem\\\/#breadcrumb\",\"itemListElement\":[{\"@type\":\"ListItem\",\"position\":1,\"name\":\"Ana s\u0259hif\u0259\",\"item\":\"https:\\\/\\\/www.meydan.tv\\\/az\\\/\"},{\"@type\":\"ListItem\",\"position\":2,\"name\":\"B\u00f6lg\u0259\",\"item\":\"https:\\\/\\\/www.meydan.tv\\\/az\\\/section\\\/bolge\\\/\"},{\"@type\":\"ListItem\",\"position\":3,\"name\":\"&#8221;Yolda\u015f\u0131m h\u0259bsd\u0259dir, sosial yard\u0131m ala bilmir\u0259m&#8221;\"}]},{\"@type\":\"WebSite\",\"@id\":\"https:\\\/\\\/www.meydan.tv\\\/az\\\/#website\",\"url\":\"https:\\\/\\\/www.meydan.tv\\\/az\\\/\",\"name\":\"MEYDAN.TV\",\"description\":\"Meydan TV Az\u0259rbaycan\u0131n media m\u0259kan\u0131ndak\u0131 alternativ s\u0259sidir\",\"publisher\":{\"@id\":\"https:\\\/\\\/www.meydan.tv\\\/az\\\/#organization\"},\"potentialAction\":[{\"@type\":\"SearchAction\",\"target\":{\"@type\":\"EntryPoint\",\"urlTemplate\":\"https:\\\/\\\/www.meydan.tv\\\/az\\\/?s={search_term_string}\"},\"query-input\":{\"@type\":\"PropertyValueSpecification\",\"valueRequired\":true,\"valueName\":\"search_term_string\"}}],\"inLanguage\":\"az\"},{\"@type\":\"Organization\",\"@id\":\"https:\\\/\\\/www.meydan.tv\\\/az\\\/#organization\",\"name\":\"Meydan TV\",\"url\":\"https:\\\/\\\/www.meydan.tv\\\/az\\\/\",\"logo\":{\"@type\":\"ImageObject\",\"inLanguage\":\"az\",\"@id\":\"https:\\\/\\\/www.meydan.tv\\\/az\\\/#\\\/schema\\\/logo\\\/image\\\/\",\"url\":\"https:\\\/\\\/www.meydan.tv\\\/wp-content\\\/uploads\\\/2021\\\/07\\\/meydan-logo.svg\",\"contentUrl\":\"https:\\\/\\\/www.meydan.tv\\\/wp-content\\\/uploads\\\/2021\\\/07\\\/meydan-logo.svg\",\"width\":195,\"height\":46,\"caption\":\"Meydan TV\"},\"image\":{\"@id\":\"https:\\\/\\\/www.meydan.tv\\\/az\\\/#\\\/schema\\\/logo\\\/image\\\/\"}},{\"@type\":\"Person\",\"@id\":\"https:\\\/\\\/www.meydan.tv\\\/az\\\/#\\\/schema\\\/person\\\/10d11eccf6da3662cf5fdab9806ea91a\",\"name\":\"user-manager\"}]}<\/script>\n<!-- \/ Yoast SEO plugin. -->","yoast_head_json":{"title":"''Yolda\u015f\u0131m h\u0259bsd\u0259dir, sosial yard\u0131m ala bilmir\u0259m'' - MEYDAN.TV","robots":{"index":"index","follow":"follow","max-snippet":"max-snippet:-1","max-image-preview":"max-image-preview:large","max-video-preview":"max-video-preview:-1"},"canonical":"https:\/\/www.meydan.tv\/az\/article\/yoldasim-hebsdedir-sosial-yardim-ala-bilmirem\/","og_locale":"az_AZ","og_type":"article","og_title":"''Yolda\u015f\u0131m h\u0259bsd\u0259dir, sosial yard\u0131m ala bilmir\u0259m'' - MEYDAN.TV","og_description":"\u0130smay\u0131ll\u0131 sakini imkans\u0131zl\u0131qdan \u0259ziyy\u0259t \u00e7\u0259kdikl\u0259rini deyir","og_url":"https:\/\/www.meydan.tv\/az\/article\/yoldasim-hebsdedir-sosial-yardim-ala-bilmirem\/","og_site_name":"MEYDAN.TV","article_published_time":"2019-04-29T12:16:38+00:00","og_image":[{"width":960,"height":720,"url":"https:\/\/www.meydan.tv\/wp-content\/uploads\/image_from_ios_32.jpg","type":"image\/jpeg"}],"author":"user-manager","twitter_card":"summary_large_image","schema":{"@context":"https:\/\/schema.org","@graph":[{"@type":"Article","@id":"https:\/\/www.meydan.tv\/az\/article\/yoldasim-hebsdedir-sosial-yardim-ala-bilmirem\/#article","isPartOf":{"@id":"https:\/\/www.meydan.tv\/az\/article\/yoldasim-hebsdedir-sosial-yardim-ala-bilmirem\/"},"author":{"name":"user-manager","@id":"https:\/\/www.meydan.tv\/az\/#\/schema\/person\/10d11eccf6da3662cf5fdab9806ea91a"},"headline":"&#8221;Yolda\u015f\u0131m h\u0259bsd\u0259dir, sosial yard\u0131m ala bilmir\u0259m&#8221;","datePublished":"2019-04-29T12:16:38+00:00","mainEntityOfPage":{"@id":"https:\/\/www.meydan.tv\/az\/article\/yoldasim-hebsdedir-sosial-yardim-ala-bilmirem\/"},"wordCount":659,"publisher":{"@id":"https:\/\/www.meydan.tv\/az\/#organization"},"image":{"@id":"https:\/\/www.meydan.tv\/az\/article\/yoldasim-hebsdedir-sosial-yardim-ala-bilmirem\/#primaryimage"},"thumbnailUrl":"https:\/\/www.meydan.tv\/wp-content\/uploads\/image_from_ios_32.jpg","articleSection":["B\u00f6lg\u0259"],"inLanguage":"az"},{"@type":"WebPage","@id":"https:\/\/www.meydan.tv\/az\/article\/yoldasim-hebsdedir-sosial-yardim-ala-bilmirem\/","url":"https:\/\/www.meydan.tv\/az\/article\/yoldasim-hebsdedir-sosial-yardim-ala-bilmirem\/","name":"''Yolda\u015f\u0131m h\u0259bsd\u0259dir, sosial yard\u0131m ala bilmir\u0259m'' - MEYDAN.TV","isPartOf":{"@id":"https:\/\/www.meydan.tv\/az\/#website"},"primaryImageOfPage":{"@id":"https:\/\/www.meydan.tv\/az\/article\/yoldasim-hebsdedir-sosial-yardim-ala-bilmirem\/#primaryimage"},"image":{"@id":"https:\/\/www.meydan.tv\/az\/article\/yoldasim-hebsdedir-sosial-yardim-ala-bilmirem\/#primaryimage"},"thumbnailUrl":"https:\/\/www.meydan.tv\/wp-content\/uploads\/image_from_ios_32.jpg","datePublished":"2019-04-29T12:16:38+00:00","breadcrumb":{"@id":"https:\/\/www.meydan.tv\/az\/article\/yoldasim-hebsdedir-sosial-yardim-ala-bilmirem\/#breadcrumb"},"inLanguage":"az","potentialAction":[{"@type":"ReadAction","target":["https:\/\/www.meydan.tv\/az\/article\/yoldasim-hebsdedir-sosial-yardim-ala-bilmirem\/"]}]},{"@type":"ImageObject","inLanguage":"az","@id":"https:\/\/www.meydan.tv\/az\/article\/yoldasim-hebsdedir-sosial-yardim-ala-bilmirem\/#primaryimage","url":"https:\/\/www.meydan.tv\/wp-content\/uploads\/image_from_ios_32.jpg","contentUrl":"https:\/\/www.meydan.tv\/wp-content\/uploads\/image_from_ios_32.jpg","width":960,"height":720,"caption":"Source: Meydan TV"},{"@type":"BreadcrumbList","@id":"https:\/\/www.meydan.tv\/az\/article\/yoldasim-hebsdedir-sosial-yardim-ala-bilmirem\/#breadcrumb","itemListElement":[{"@type":"ListItem","position":1,"name":"Ana s\u0259hif\u0259","item":"https:\/\/www.meydan.tv\/az\/"},{"@type":"ListItem","position":2,"name":"B\u00f6lg\u0259","item":"https:\/\/www.meydan.tv\/az\/section\/bolge\/"},{"@type":"ListItem","position":3,"name":"&#8221;Yolda\u015f\u0131m h\u0259bsd\u0259dir, sosial yard\u0131m ala bilmir\u0259m&#8221;"}]},{"@type":"WebSite","@id":"https:\/\/www.meydan.tv\/az\/#website","url":"https:\/\/www.meydan.tv\/az\/","name":"MEYDAN.TV","description":"Meydan TV Az\u0259rbaycan\u0131n media m\u0259kan\u0131ndak\u0131 alternativ s\u0259sidir","publisher":{"@id":"https:\/\/www.meydan.tv\/az\/#organization"},"potentialAction":[{"@type":"SearchAction","target":{"@type":"EntryPoint","urlTemplate":"https:\/\/www.meydan.tv\/az\/?s={search_term_string}"},"query-input":{"@type":"PropertyValueSpecification","valueRequired":true,"valueName":"search_term_string"}}],"inLanguage":"az"},{"@type":"Organization","@id":"https:\/\/www.meydan.tv\/az\/#organization","name":"Meydan TV","url":"https:\/\/www.meydan.tv\/az\/","logo":{"@type":"ImageObject","inLanguage":"az","@id":"https:\/\/www.meydan.tv\/az\/#\/schema\/logo\/image\/","url":"https:\/\/www.meydan.tv\/wp-content\/uploads\/2021\/07\/meydan-logo.svg","contentUrl":"https:\/\/www.meydan.tv\/wp-content\/uploads\/2021\/07\/meydan-logo.svg","width":195,"height":46,"caption":"Meydan TV"},"image":{"@id":"https:\/\/www.meydan.tv\/az\/#\/schema\/logo\/image\/"}},{"@type":"Person","@id":"https:\/\/www.meydan.tv\/az\/#\/schema\/person\/10d11eccf6da3662cf5fdab9806ea91a","name":"user-manager"}]}},"_links":{"self":[{"href":"https:\/\/www.meydan.tv\/az\/wp-json\/wp\/v2\/posts\/195169","targetHints":{"allow":["GET"]}}],"collection":[{"href":"https:\/\/www.meydan.tv\/az\/wp-json\/wp\/v2\/posts"}],"about":[{"href":"https:\/\/www.meydan.tv\/az\/wp-json\/wp\/v2\/types\/post"}],"author":[{"embeddable":true,"href":"https:\/\/www.meydan.tv\/az\/wp-json\/wp\/v2\/users\/11"}],"replies":[{"embeddable":true,"href":"https:\/\/www.meydan.tv\/az\/wp-json\/wp\/v2\/comments?post=195169"}],"version-history":[{"count":0,"href":"https:\/\/www.meydan.tv\/az\/wp-json\/wp\/v2\/posts\/195169\/revisions"}],"wp:featuredmedia":[{"embeddable":true,"href":"https:\/\/www.meydan.tv\/az\/wp-json\/wp\/v2\/media\/123019"}],"wp:attachment":[{"href":"https:\/\/www.meydan.tv\/az\/wp-json\/wp\/v2\/media?parent=195169"}],"wp:term":[{"taxonomy":"category","embeddable":true,"href":"https:\/\/www.meydan.tv\/az\/wp-json\/wp\/v2\/categories?post=195169"},{"taxonomy":"post_tag","embeddable":true,"href":"https:\/\/www.meydan.tv\/az\/wp-json\/wp\/v2\/tags?post=195169"}],"curies":[{"name":"wp","href":"https:\/\/api.w.org\/{rel}","templated":true}]}}