{"id":195162,"date":"2019-04-27T21:24:56","date_gmt":"2019-04-27T21:24:56","guid":{"rendered":"https:\/\/www.meydan.tv\/article\/kecmis-herbci-vicdanli-herbcileri-serleyib-ordu-siralarindan-uzaqlasdirirlar\/"},"modified":"2019-04-27T21:24:56","modified_gmt":"2019-04-27T21:24:56","slug":"kecmis-herbci-vicdanli-herbcileri-serleyib-ordu-siralarindan-uzaqlasdirirlar","status":"publish","type":"post","link":"https:\/\/www.meydan.tv\/az\/article\/kecmis-herbci-vicdanli-herbcileri-serleyib-ordu-siralarindan-uzaqlasdirirlar\/","title":{"rendered":"Ke\u00e7mi\u015f h\u0259rb\u00e7i: Vicdanl\u0131 h\u0259rb\u00e7il\u0259ri \u015f\u0259rl\u0259yib ordu s\u0131ralar\u0131ndan uzaqla\u015fd\u0131r\u0131rlar"},"content":{"rendered":"<p>\n  <i><br \/>\n    H\u0259rbi hiss\u0259 is\u0259 hesab edir ki, Fuad F\u0259t\u0259liyev daxili \u0259mri pozub<br \/>\n  <\/i>\n<\/p>\n<p>\n  \u201cG\u0259l\u0259n m\u0259ktublarda bildirilir ki, m\u0259ni ordudan guya 2016-c\u0131 ild\u0259 smartfon tipli telefondan istifad\u0259 etdiyim \u00fc\u00e7\u00fcn uzaqla\u015fd\u0131r\u0131blar. Birincisi, bu, m\u0259n\u0259 qar\u015f\u0131 b\u00f6htand\u0131r, ikincisi, h\u0259tta \u0259g\u0259r qanunu pozmu\u015fdumsa, niy\u0259 vaxt\u0131nda yox, 2 ild\u0259n sonra t\u0259dbir g\u00f6r\u00fcl\u00fcb?\u201d\n<\/p>\n<p>\n  Samux sakini olan Fuad F\u0259t\u0259liyev Meydan TV-y\u0259 dan\u0131\u015f\u0131r ki, h\u0259rbi qulluq\u00e7u kimi xidm\u0259t etm\u0259k \u00fc\u00e7\u00fcn 2009-cu ild\u0259 H\u0259rbi S\u0259f\u0259rb\u0259rlik Xidm\u0259tinin Samux \u015f\u00f6b\u0259sin\u0259 m\u00fcraci\u0259t edib. M\u00fcraci\u0259tind\u0259n sonra Silahl\u0131 Q\u00fcvv\u0259l\u0259rin T\u0259lim T\u0259dris M\u0259rk\u0259zinin m\u00fcdd\u0259td\u0259n art\u0131q h\u0259qiqi h\u0259rbi xidm\u0259t h\u0259rbi qulluq\u00e7u kursuna g\u00f6nd\u0259rilib. \u0130mtahan yoluyla kursa q\u0259bul olunub. H\u0259min ilin oktyabr ay\u0131nda kursu ba\u015fa vurub. Bundan sonra xidm\u0259tini G\u0259nc\u0259d\u0259ki N sayl\u0131 h\u0259rbi hiss\u0259d\u0259 davam edib. 2012-ci ilin may\u0131nda \u00f6z ist\u0259yi il\u0259 \u00f6n x\u0259tt\u0259 &#8211; G\u0259d\u0259b\u0259yd\u0259ki N sayl\u0131 h\u0259rbi hiss\u0259y\u0259 g\u00f6nd\u0259rilib v\u0259 orada 5 il xidm\u0259t edib. 2017-ci ild\u0259 s\u0259hh\u0259tind\u0259 probleml\u0259r yarand\u0131\u011f\u0131ndan arxa c\u0259bh\u0259y\u0259 g\u00f6nd\u0259rilm\u0259si \u00fc\u00e7\u00fcn m\u00fcraci\u0259t edib.\n<\/p>\n<p>\n  <i><br \/>\n    \u201cM\u0259cbur olub, Mehriban \u018fliyevaya yazd\u0131m\u201d<br \/>\n  <\/i>\n<\/p>\n<p>\n  \u201c\u018fvv\u0259ll\u0259r d\u0259 travmalar\u0131m olmu\u015fdu dey\u0259, s\u0259hh\u0259timd\u0259ki probleml\u0259r d\u0259rinl\u0259\u015fmi\u015fdi. Art\u0131q s\u0259hh\u0259tim \u015faxtaya d\u00f6zm\u0259y\u0259 imkan vermirdi. D\u0259f\u0259l\u0259rl\u0259 etdiyim m\u00fcraci\u0259tl\u0259r qulaqard\u0131na vurulurdu. N\u0259hay\u0259t, m\u0259nd\u0259n 3 min manat r\u00fc\u015fv\u0259t ist\u0259nildiyin\u0259 g\u00f6r\u0259 m\u0259cbur olub Birinci vitse-prezident Mehriban \u018fliyevaya m\u0259ktub yazd\u0131m. M\u0259ktuba cavab g\u0259l\u0259nd\u0259n sonra m\u0259ni G\u0259nc\u0259d\u0259ki N sayl\u0131 h\u0259rbi hiss\u0259y\u0259 g\u00f6nd\u0259rs\u0259l\u0259r d\u0259, nec\u0259 dey\u0259rl\u0259r, art\u0131q \u201cqara siyah\u0131lar\u0131na\u201d \u0259lav\u0259 etmi\u015fdil\u0259r. 1 il 9 ay orada xidm\u0259t etdim. H\u0259rbi hiss\u0259 komandiri m\u0259n\u0259 batareya komandirim vasit\u0259sil\u0259 x\u0259b\u0259r g\u00f6nd\u0259rdi ki, m\u00fcdd\u0259td\u0259n art\u0131q xidm\u0259t ed\u0259nl\u0259ri ba\u015fqa h\u0259rbi hiss\u0259l\u0259r\u0259 g\u00f6nd\u0259rs\u0259 d\u0259, normal xidm\u0259t t\u0259\u015fkil etdiyim v\u0259 i\u015fimin \u00f6hd\u0259sind\u0259n layiqinc\u0259 g\u0259ldiyim \u00fc\u00e7\u00fcn m\u0259ni h\u0259rbi hiss\u0259d\u0259 saxlamaq ist\u0259yir. Ancaq buna g\u00f6r\u0259 ona \u201c\u015firinlik\u201d verm\u0259liy\u0259m,\u201d- ke\u00e7mi\u015f h\u0259rb\u00e7i deyir.\n<\/p>\n<figure class=\"wp-block-image size-large\">\n  <img decoding=\"async\" src=\"https:\/\/www.meydan.tv\/az\/image_from_ios-2-jpg-25\/\" alt=\"image_from_ios (2).jpg\" class=\"wp-image-122851\"\/><figcaption>\n    Fuad F\u0259t\u0259liyev<br \/>\n  <\/figcaption><\/figure>\n<p>\n  <i><br \/>\n    \u201c\u0130st\u0259dikl\u0259ri \u201c\u015firinliyi\u201d verm\u0259dim\u201d<br \/>\n  <\/i>\n<\/p>\n<p>\n  Fuad F\u0259t\u0259liyevin s\u00f6zl\u0259rin\u0259 g\u00f6r\u0259, h\u0259r \u015fey \u201c\u015firinlik\u201d m\u0259s\u0259l\u0259sind\u0259 raz\u0131l\u0131\u011fa g\u0259lm\u0259m\u0259sind\u0259n ba\u015flay\u0131b:\n<\/p>\n<p>\n  \u201cDedim, bir halda ki, m\u0259n yax\u015f\u0131 h\u0259rb\u00e7iy\u0259m, xidm\u0259timd\u0259n ham\u0131 raz\u0131d\u0131r, i\u015fimi layiqinc\u0259 yerin\u0259 yetirir\u0259m, he\u00e7 bir xidm\u0259ti q\u00fcsurum yoxdur, n\u0259y\u0259 g\u00f6r\u0259 kim\u0259s\u0259 \u201c\u015firinlik\u201d verm\u0259liy\u0259m? \u0130st\u0259dikl\u0259ri \u201c\u015firinlik\u201d d\u0259 1000-1500 manat civar\u0131nda idi. Orduda quru maa\u015fa xidm\u0259t ed\u0259n, bu ya\u015fa q\u0259d\u0259r ev-e\u015fiyi, ail\u0259si olmayan, h\u0259yat\u0131n\u0131 h\u0259rbi xidm\u0259t\u0259 h\u0259sr ed\u0259n adamdan qal\u0131b xidm\u0259tini davam etdirm\u0259k \u00fc\u00e7\u00fcn \u201c\u015firinlik\u201d ist\u0259nilm\u0259si q\u00fcruruma toxunurdu. Orduda can qoyasan, vicdanla xidm\u0259t ed\u0259s\u0259n, g\u0259ncliyini itir\u0259s\u0259n, 32 ya\u015f\u0131na g\u0259lib \u00e7atasan v\u0259 \u015f\u0259xsi h\u0259yat\u0131n olmas\u0131n, b\u00fct\u00fcn bunlardan sonra da s\u0259nd\u0259n r\u00fc\u015fv\u0259t ist\u0259sinl\u0259r. Bu ya\u015fa \u00e7atm\u0131\u015fam, h\u0259yatda quru can\u0131mdan ba\u015fqa he\u00e7 n\u0259yim yoxdur. T\u0259bii ki, ist\u0259dikl\u0259ri \u201c\u015firinliyi\u201d verm\u0259dim, h\u0259r \u015fey d\u0259 bundan sonra ba\u015flad\u0131. El\u0259 h\u0259min \u0259r\u0259f\u0259l\u0259rd\u0259 h\u0259rbi hiss\u0259d\u0259 komandirl\u0259 rastla\u015fd\u0131m, dedi, yaman lotu-lotu dan\u0131\u0131rsan, x\u0259b\u0259r g\u00f6nd\u0259rirs\u0259n m\u0259n\u0259. E\u015fitmi\u015f\u0259m, \u0259vv\u0259ll\u0259r d\u0259 Mehriban \u018fliyevaya \u015fikay\u0259t yazm\u0131san, ancaq bil\u0259s\u0259n ki, s\u0259ni el\u0259 yox ed\u0259r\u0259m, he\u00e7 Mehriban xan\u0131m da dad\u0131na \u00e7ata bilm\u0259z\u201d.\n<\/p>\n<p>\n  <i><br \/>\n    \u201cDedil\u0259r, korpus komandirinin \u0259mrl\u0259ri m\u00fczakir\u0259 olunmur\u201d<br \/>\n  <\/i>\n<\/p>\n<p>\n  \u00d6t\u0259n il may\u0131n 26-da evd\u0259 olark\u0259n Fuad F\u0259t\u0259liyev\u0259 z\u0259ng vuraraq Murova g\u00f6nd\u0259rilm\u0259si bar\u0259d\u0259 \u0259mr imzaland\u0131\u011f\u0131n\u0131 bildiribl\u0259r. N\u00f6vb\u0259ti g\u00fcn h\u0259rbi hiss\u0259y\u0259 ged\u0259nd\u0259 ona deyibl\u0259r ki, h\u0259rbi hiss\u0259d\u0259ki v\u0259zif\u0259 l\u0259\u011fv olundu\u011fu \u00fc\u00e7\u00fcn Murova g\u00f6nd\u0259rilir. O da t\u0259yinat v\u0259r\u0259q\u0259sini g\u00f6t\u00fcr\u0259r\u0259k G\u00f6yg\u00f6ld\u0259ki N sayl\u0131 h\u0259rbi hiss\u0259nin \u00f6n x\u0259tt taboruna gedib:\n<\/p>\n<p>\n  \u201cM\u0259ni Murova g\u00f6nd\u0259r\u0259nd\u0259 dedil\u0259r ki, guya v\u0259zif\u0259m \u00fczr\u0259 \u015ftat l\u0259\u011fv olunub. Ancaq Murovda olanda e\u015fitdim ki, \u015ftat yerind\u0259di, sad\u0259c\u0259, r\u00fc\u015fv\u0259t alaraq m\u0259nim yerim\u0259 ba\u015fqas\u0131n\u0131 i\u015f\u0259 g\u00f6t\u00fcr\u00fcbl\u0259r, m\u0259ni d\u0259 pul verm\u0259diyim \u00fc\u00e7\u00fcn \u00f6n x\u0259tt\u0259 g\u00f6nd\u0259ribl\u0259r\u201d.\n<\/p>\n<p>\n  \u00d6t\u0259n il iyunun 4-d\u0259 \u015e\u0259mkir h\u0259rbi birl\u0259\u015fm\u0259sinin tabeliyind\u0259ki h\u0259rbi hiss\u0259l\u0259rd\u0259n birinin komandiri, general-mayor X\u0259qani C\u0259bray\u0131lov oraya g\u0259lib, h\u0259rb\u00e7il\u0259rl\u0259 g\u00f6r\u00fc\u015f\u00fcb:\n<\/p>\n<p>\n  \u201cSoru\u015fdu ki, kimin m\u0259n\u0259 s\u00f6z\u00fc var? Dedim, c\u0259nab general, m\u0259nim s\u00f6z\u00fcm var. \u0130ll\u0259rdir ki, orduda xidm\u0259t edir\u0259m, uzun ill\u0259r \u00f6n x\u0259td\u0259 olmu\u015fam. \u0130ndi \u00f6n x\u0259tt\u0259 getm\u0259y\u0259 s\u0259hh\u0259tim yol vermir, ancaq m\u0259ni zorla \u00f6n x\u0259tt\u0259 g\u00f6nd\u0259rirl\u0259r. O da bildirdi ki, ax\u0131 g\u00f6st\u0259ri\u015fim var, \u00f6n x\u0259tt\u0259 yaln\u0131z t\u0259z\u0259l\u0259r getm\u0259lidir, k\u00f6hn\u0259l\u0259ri \u00f6n x\u0259tt\u0259 verm\u0259sinl\u0259r. Daha iki ay da ke\u00e7di, avqustun 29-da m\u0259ni G\u00f6yg\u00f6ld\u0259ki h\u0259rbi hiss\u0259 q\u0259rargah\u0131na \u00e7a\u011f\u0131rd\u0131lar, bildirdil\u0259r ki, korpus komandiri, general-mayor X\u0259qani C\u0259bray\u0131lovun \u0259mri var, ordudan t\u0259rxis olunursan. S\u0259b\u0259bini soru\u015fdum, dedil\u0259r, \u201cH\u0259rbi Xidm\u0259tke\u00e7m\u0259 Haqq\u0131nda\u201d \u018fsasnam\u0259nin 156-ci madd\u0259sinin \u201ce\u201d b\u0259ndi il\u0259 t\u0259rxis olunursan, y\u0259ni xidm\u0259t\u0259 uy\u011funsuzlu\u011fa g\u00f6r\u0259&#8230; T\u0259l\u0259b etdim ki, xidm\u0259t\u0259 uy\u011funsuz oldu\u011fumu \u0259sasland\u0131rs\u0131nlar, ancaq dedil\u0259r, biz korpus komandirinin \u0259mrini m\u00fczakir\u0259 ed\u0259 bilm\u0259rik\u201d.\n<\/p>\n<figure class=\"wp-block-image size-large\">\n  <img decoding=\"async\" src=\"https:\/\/www.meydan.tv\/az\/image_from_ios-jpg-29\/\" alt=\"image_from_ios.jpg\" class=\"wp-image-122854\"\/><figcaption>\n    cavab m\u0259ktubu<br \/>\n  <\/figcaption><\/figure>\n<p>\n  <i><br \/>\n    \u201cGuya q\u0259rargah r\u0259isinin \u0259mrini pozmu\u015fam\u201d<br \/>\n  <\/i>\n<\/p>\n<p>\n  Fuad F\u0259t\u0259liyev d\u0259 t\u0259yinat v\u0259r\u0259q\u0259sini alaraq H\u0259rbi S\u0259f\u0259rb\u0259rlik Xidm\u0259tinin Samux \u015f\u00f6b\u0259sin\u0259 t\u0259hvil verib. Bundan sonra onun M\u00fcdafi\u0259 Nazirliyin\u0259 m\u00fcraci\u0259tl\u0259ri ba\u015flay\u0131b:\n<\/p>\n<p>\n  \u201cSual\u0131ma cavab ist\u0259yir\u0259m, desinl\u0259r, m\u0259ni hans\u0131 n\u00f6qsan\u0131ma, hans\u0131 uy\u011funsuzlu\u011fuma g\u00f6r\u0259 ordudan t\u0259rxis edibl\u0259r? \u0130ndiy\u0259d\u0259k nazirliy\u0259 etdiyim b\u00fct\u00fcn m\u00fcraci\u0259tl\u0259rim korpus komandiri X\u0259qani C\u0259bral\u0131yova g\u00f6nd\u0259rilir, o da cavab yaz\u0131r ki, guya 2016-c\u0131 ild\u0259 ba\u015f q\u0259rargah r\u0259isinin h\u0259rbi hiss\u0259 daxilind\u0259 smartfon tipli telefonlar\u0131n qada\u011fas\u0131 il\u0259 ba\u011fl\u0131 \u0259mrini pozmu\u015fam, h\u0259rbi hiss\u0259d\u0259 smartfon tipli telefondan istifad\u0259 etmi\u015f\u0259m. M\u0259n d\u0259 t\u0259l\u0259b edir\u0259m ki, bununla ba\u011fl\u0131 s\u00fcbutlar\u0131 ortaya qoysunlar. \u018fg\u0259r h\u0259qiq\u0259t\u0259n d\u0259 m\u0259n h\u0259rbi hiss\u0259 daxilind\u0259 smartfon tipli telefondan istifad\u0259 etmi\u015fdims\u0259, bu hadis\u0259 aktla\u015fd\u0131r\u0131lmal\u0131, \u0259\u015fya aktla\u015fd\u0131r\u0131lmal\u0131, m\u0259nd\u0259n g\u00f6t\u00fcr\u00fcl\u0259r\u0259k h\u0259rbi hiss\u0259nin m\u0259xfi hiss\u0259sin\u0259 t\u0259hvil verilm\u0259liydi. Q\u0259rargah r\u0259isinin \u0259mrini pozmaq \u00f6z\u00fc cinay\u0259t hesab olunur. Han\u0131 m\u0259nd\u0259n telefonun m\u00fcsadir\u0259si il\u0259 ba\u011fl\u0131 akt? Han\u0131 cinay\u0259t i\u015fi? Hans\u0131 t\u0259dbir g\u00f6r\u00fcl\u00fcb? Niy\u0259 g\u00f6r\u0259 m\u0259ni c\u0259zaland\u0131rmaq 2016-c\u0131 ild\u0259 yox, 2 ild\u0259n sonra yadlar\u0131na d\u00fc\u015f\u00fcb?\u201d\n<\/p>\n<p>\n  Fuad F\u0259t\u0259liyev deyir, bu suallarla M\u00fcdafi\u0259 Nazirliyin\u0259 az\u0131 be\u015f d\u0259f\u0259 r\u0259smi m\u00fcraci\u0259t edib, h\u0259r d\u0259f\u0259 d\u0259 m\u0259ktublar\u0131 korpus komandirin\u0259 g\u00f6nd\u0259rilir, oradansa iki c\u00fcml\u0259lik t\u0259krar cavablarla onun \u00f6z\u00fcn\u0259 qay\u0131d\u0131r:\n<\/p>\n<p>\n  \u201cBir s\u00f6zl\u0259, orduda vicdanla \u00e7al\u0131\u015fanlar\u0131n, can\u0131n\u0131 ordu yolunda qoyanlar\u0131n yeri yoxdur. V\u0259zif\u0259nd\u0259 qalmaq \u00fc\u00e7\u00fcn \u201c\u015firinlik\u201d verm\u0259lis\u0259n, yoxsa s\u0259hh\u0259tin, imkanlar\u0131n n\u0259z\u0259r\u0259 al\u0131nmadan c\u0259za kimi \u00f6n x\u0259tt\u0259 at\u0131lacaqsan. S\u0259sini \u00e7\u0131xaranda, haqq\u0131n\u0131 t\u0259l\u0259b ed\u0259nd\u0259 \u015f\u0259rl\u0259n\u0259c\u0259ks\u0259n\u201d.\n<\/p>\n<p>\n  N sayl\u0131 h\u0259rbi hiss\u0259d\u0259n Fuad F\u0259t\u0259liyev\u0259 g\u00f6nd\u0259ril\u0259n m\u0259ktubda bildirilir: \u201c&#8230; Siz m\u00fcdafi\u0259 nazirinin birinci m\u00fcavini, Silahl\u0131 Q\u00fcvv\u0259l\u0259rin Ba\u015f Q\u0259rargah r\u0259isinin 01 fevral 2016-c\u0131 il tarixli m\u00fcvafiq \u0259mrinin t\u0259l\u0259bl\u0259rini pozaraq smartfon tipli telefon istifad\u0259 etmisiz. B\u00f6lm\u0259 komandiri t\u0259r\u0259find\u0259n raport yaz\u0131laraq \u015f\u0259r\u0259f m\u0259hk\u0259m\u0259sin\u0259 \u00e7\u0131xar\u0131lm\u0131s\u0131n\u0131z. N sayl\u0131 h\u0259rbi hiss\u0259d\u0259n t\u0259qdim olunan s\u0259n\u0259dl\u0259r\u0259 \u0259sas\u0259n h\u0259rbi hiss\u0259 komandirinin 21.08.2018-ci il tarixli m\u00fcvafiq \u0259mri il\u0259 xidm\u0259ti uy\u011funsuzlu\u011fa g\u00f6r\u0259 ehtiyata burax\u0131lm\u0131s\u0131z. Xidm\u0259ti uy\u011funsuzlu\u011fa g\u00f6r\u0259 ehtiyata burax\u0131lm\u0131\u015f h\u0259rbi qulluq\u00e7ular\u0131n t\u0259krar\u0259n b\u0259rpa olunmas\u0131 m\u0259qs\u0259d\u0259uy\u011fun hesab edilmir\u201d.\n<\/p>\n<p>\n  <i><br \/>\n    \u0130\u015f tapa bilmir<br \/>\n  <\/i>\n<\/p>\n<p>\n  Fuad F\u0259t\u0259liyevin daha bir problemi i\u015fsizlikdir. Aylard\u0131r ki, ke\u00e7mi\u015f h\u0259rb\u00e7i \u00f6z\u00fcn\u0259 i\u015f tapa bilmir. Tapd\u0131\u011f\u0131 i\u015fl\u0259r\u0259 d\u0259 g\u00f6t\u00fcrm\u00fcrl\u0259r:\n<\/p>\n<p>\n  \u201c\u0130\u015fl\u0259 ba\u011fl\u0131 cv g\u00f6nd\u0259rmi\u015f\u0259m, d\u0259v\u0259t edibl\u0259r, getmi\u015f\u0259m bir \u015firk\u0259t\u0259, xan\u0131m maraqland\u0131, bil\u0259nd\u0259 ki, uzun ill\u0259r h\u0259rbi qulluq\u00e7u olmu\u015fam, dedi, sizi i\u015fl\u0259 t\u0259min ed\u0259 bilm\u0259rik. H\u0259rbid\u0259 i\u015fl\u0259mi\u015f adamlar\u0131n psixoloji pozuntular\u0131 olur. Biz siz\u0259 \u015firk\u0259timizin avtomobilini etibar ed\u0259 bilm\u0259rik. Soru\u015furam, sizin ma\u015f\u0131n\u0131n n\u0259 q\u0259d\u0259r qiym\u0259ti var? Deyir, 24 min manat&#8230; Deyir\u0259m, m\u0259n \u00f6n x\u0259td\u0259 post ba\u015f\u00e7\u0131s\u0131 olmu\u015fam, d\u00f6vl\u0259t m\u0259n\u0259 d\u0259y\u0259ri milyonlarla \u00f6l\u00e7\u00fcl\u0259n h\u0259rbi texnikalar etibar edib, siz m\u0259n\u0259 24 min manatl\u0131q ma\u015f\u0131n etibar etmirsiz&#8230; Dem\u0259yim odur ki, biz h\u0259rbid\u0259n sonra i\u015fl\u0259m\u0259y\u0259 yer d\u0259 tapm\u0131r\u0131q. Bu da biz\u0259 d\u0259y\u0259n z\u0259rb\u0259nin \u00fcst\u00fcnd\u0259n daha bir z\u0259rb\u0259 dem\u0259kdir\u201d.\n<\/p>\n<p>\n  Meydan TV M\u00fcdafi\u0259 Nazirliyind\u0259n m\u0259s\u0259l\u0259y\u0259 m\u00fcnasib\u0259t \u00f6yr\u0259n\u0259 bilm\u0259yib.<\/p>\n","protected":false},"excerpt":{"rendered":"<p>\u0130\u015fl\u0259 ba\u011fl\u0131 cv g\u00f6nd\u0259rmi\u015f\u0259m, d\u0259v\u0259t edibl\u0259r, getmi\u015f\u0259m bir \u015firk\u0259t\u0259, xan\u0131m maraqland\u0131, bil\u0259nd\u0259 ki, uzun ill\u0259r h\u0259rbi qulluq\u00e7u olmu\u015fam, dedi, sizi i\u015fl\u0259 t\u0259min ed\u0259 bilm\u0259rik<\/p>\n","protected":false},"author":11,"featured_media":107616,"comment_status":"closed","ping_status":"open","sticky":false,"template":"","format":"standard","meta":{"_acf_changed":false,"_sitemap_exclude":false,"_sitemap_priority":"","_sitemap_frequency":"","footnotes":""},"categories":[60],"tags":[],"class_list":["post-195162","post","type-post","status-publish","format-standard","has-post-thumbnail","hentry","category-bolge","infinite-scroll-item","generate-columns","tablet-grid-50","mobile-grid-100","grid-parent","grid-33","no-featured-image-padding"],"acf":[],"yoast_head":"<!-- This site is optimized with the Yoast SEO plugin v27.4 - https:\/\/yoast.com\/product\/yoast-seo-wordpress\/ -->\n<title>Ke\u00e7mi\u015f h\u0259rb\u00e7i: Vicdanl\u0131 h\u0259rb\u00e7il\u0259ri \u015f\u0259rl\u0259yib ordu s\u0131ralar\u0131ndan uzaqla\u015fd\u0131r\u0131rlar - MEYDAN.TV<\/title>\n<meta name=\"robots\" content=\"index, follow, max-snippet:-1, max-image-preview:large, max-video-preview:-1\" \/>\n<link rel=\"canonical\" href=\"https:\/\/www.meydan.tv\/az\/article\/kecmis-herbci-vicdanli-herbcileri-serleyib-ordu-siralarindan-uzaqlasdirirlar\/\" \/>\n<meta property=\"og:locale\" content=\"az_AZ\" \/>\n<meta property=\"og:type\" content=\"article\" \/>\n<meta property=\"og:title\" content=\"Ke\u00e7mi\u015f h\u0259rb\u00e7i: Vicdanl\u0131 h\u0259rb\u00e7il\u0259ri \u015f\u0259rl\u0259yib ordu s\u0131ralar\u0131ndan uzaqla\u015fd\u0131r\u0131rlar - MEYDAN.TV\" \/>\n<meta property=\"og:description\" content=\"\u0130\u015fl\u0259 ba\u011fl\u0131 cv g\u00f6nd\u0259rmi\u015f\u0259m, d\u0259v\u0259t edibl\u0259r, getmi\u015f\u0259m bir \u015firk\u0259t\u0259, xan\u0131m maraqland\u0131, bil\u0259nd\u0259 ki, uzun ill\u0259r h\u0259rbi qulluq\u00e7u olmu\u015fam, dedi, sizi i\u015fl\u0259 t\u0259min ed\u0259 bilm\u0259rik\" \/>\n<meta property=\"og:url\" content=\"https:\/\/www.meydan.tv\/az\/article\/kecmis-herbci-vicdanli-herbcileri-serleyib-ordu-siralarindan-uzaqlasdirirlar\/\" \/>\n<meta property=\"og:site_name\" content=\"MEYDAN.TV\" \/>\n<meta property=\"article:published_time\" content=\"2019-04-27T21:24:56+00:00\" \/>\n<meta property=\"og:image\" content=\"https:\/\/www.meydan.tv\/wp-content\/uploads\/42737.jpg\" \/>\n\t<meta property=\"og:image:width\" content=\"1200\" \/>\n\t<meta property=\"og:image:height\" content=\"800\" \/>\n\t<meta property=\"og:image:type\" content=\"image\/jpeg\" \/>\n<meta name=\"author\" content=\"user-manager\" \/>\n<meta name=\"twitter:card\" content=\"summary_large_image\" \/>\n<script type=\"application\/ld+json\" class=\"yoast-schema-graph\">{\"@context\":\"https:\\\/\\\/schema.org\",\"@graph\":[{\"@type\":\"Article\",\"@id\":\"https:\\\/\\\/www.meydan.tv\\\/az\\\/article\\\/kecmis-herbci-vicdanli-herbcileri-serleyib-ordu-siralarindan-uzaqlasdirirlar\\\/#article\",\"isPartOf\":{\"@id\":\"https:\\\/\\\/www.meydan.tv\\\/az\\\/article\\\/kecmis-herbci-vicdanli-herbcileri-serleyib-ordu-siralarindan-uzaqlasdirirlar\\\/\"},\"author\":{\"name\":\"user-manager\",\"@id\":\"https:\\\/\\\/www.meydan.tv\\\/az\\\/#\\\/schema\\\/person\\\/10d11eccf6da3662cf5fdab9806ea91a\"},\"headline\":\"Ke\u00e7mi\u015f h\u0259rb\u00e7i: Vicdanl\u0131 h\u0259rb\u00e7il\u0259ri \u015f\u0259rl\u0259yib ordu s\u0131ralar\u0131ndan uzaqla\u015fd\u0131r\u0131rlar\",\"datePublished\":\"2019-04-27T21:24:56+00:00\",\"mainEntityOfPage\":{\"@id\":\"https:\\\/\\\/www.meydan.tv\\\/az\\\/article\\\/kecmis-herbci-vicdanli-herbcileri-serleyib-ordu-siralarindan-uzaqlasdirirlar\\\/\"},\"wordCount\":1809,\"publisher\":{\"@id\":\"https:\\\/\\\/www.meydan.tv\\\/az\\\/#organization\"},\"image\":{\"@id\":\"https:\\\/\\\/www.meydan.tv\\\/az\\\/article\\\/kecmis-herbci-vicdanli-herbcileri-serleyib-ordu-siralarindan-uzaqlasdirirlar\\\/#primaryimage\"},\"thumbnailUrl\":\"https:\\\/\\\/www.meydan.tv\\\/wp-content\\\/uploads\\\/42737.jpg\",\"articleSection\":[\"B\u00f6lg\u0259\"],\"inLanguage\":\"az\"},{\"@type\":\"WebPage\",\"@id\":\"https:\\\/\\\/www.meydan.tv\\\/az\\\/article\\\/kecmis-herbci-vicdanli-herbcileri-serleyib-ordu-siralarindan-uzaqlasdirirlar\\\/\",\"url\":\"https:\\\/\\\/www.meydan.tv\\\/az\\\/article\\\/kecmis-herbci-vicdanli-herbcileri-serleyib-ordu-siralarindan-uzaqlasdirirlar\\\/\",\"name\":\"Ke\u00e7mi\u015f h\u0259rb\u00e7i: Vicdanl\u0131 h\u0259rb\u00e7il\u0259ri \u015f\u0259rl\u0259yib ordu s\u0131ralar\u0131ndan uzaqla\u015fd\u0131r\u0131rlar - MEYDAN.TV\",\"isPartOf\":{\"@id\":\"https:\\\/\\\/www.meydan.tv\\\/az\\\/#website\"},\"primaryImageOfPage\":{\"@id\":\"https:\\\/\\\/www.meydan.tv\\\/az\\\/article\\\/kecmis-herbci-vicdanli-herbcileri-serleyib-ordu-siralarindan-uzaqlasdirirlar\\\/#primaryimage\"},\"image\":{\"@id\":\"https:\\\/\\\/www.meydan.tv\\\/az\\\/article\\\/kecmis-herbci-vicdanli-herbcileri-serleyib-ordu-siralarindan-uzaqlasdirirlar\\\/#primaryimage\"},\"thumbnailUrl\":\"https:\\\/\\\/www.meydan.tv\\\/wp-content\\\/uploads\\\/42737.jpg\",\"datePublished\":\"2019-04-27T21:24:56+00:00\",\"breadcrumb\":{\"@id\":\"https:\\\/\\\/www.meydan.tv\\\/az\\\/article\\\/kecmis-herbci-vicdanli-herbcileri-serleyib-ordu-siralarindan-uzaqlasdirirlar\\\/#breadcrumb\"},\"inLanguage\":\"az\",\"potentialAction\":[{\"@type\":\"ReadAction\",\"target\":[\"https:\\\/\\\/www.meydan.tv\\\/az\\\/article\\\/kecmis-herbci-vicdanli-herbcileri-serleyib-ordu-siralarindan-uzaqlasdirirlar\\\/\"]}]},{\"@type\":\"ImageObject\",\"inLanguage\":\"az\",\"@id\":\"https:\\\/\\\/www.meydan.tv\\\/az\\\/article\\\/kecmis-herbci-vicdanli-herbcileri-serleyib-ordu-siralarindan-uzaqlasdirirlar\\\/#primaryimage\",\"url\":\"https:\\\/\\\/www.meydan.tv\\\/wp-content\\\/uploads\\\/42737.jpg\",\"contentUrl\":\"https:\\\/\\\/www.meydan.tv\\\/wp-content\\\/uploads\\\/42737.jpg\",\"width\":1200,\"height\":800,\"caption\":\"Foto: M\u00fcdafi\u0259 Nazirliyi\"},{\"@type\":\"BreadcrumbList\",\"@id\":\"https:\\\/\\\/www.meydan.tv\\\/az\\\/article\\\/kecmis-herbci-vicdanli-herbcileri-serleyib-ordu-siralarindan-uzaqlasdirirlar\\\/#breadcrumb\",\"itemListElement\":[{\"@type\":\"ListItem\",\"position\":1,\"name\":\"Ana s\u0259hif\u0259\",\"item\":\"https:\\\/\\\/www.meydan.tv\\\/az\\\/\"},{\"@type\":\"ListItem\",\"position\":2,\"name\":\"B\u00f6lg\u0259\",\"item\":\"https:\\\/\\\/www.meydan.tv\\\/az\\\/section\\\/bolge\\\/\"},{\"@type\":\"ListItem\",\"position\":3,\"name\":\"Ke\u00e7mi\u015f h\u0259rb\u00e7i: Vicdanl\u0131 h\u0259rb\u00e7il\u0259ri \u015f\u0259rl\u0259yib ordu s\u0131ralar\u0131ndan uzaqla\u015fd\u0131r\u0131rlar\"}]},{\"@type\":\"WebSite\",\"@id\":\"https:\\\/\\\/www.meydan.tv\\\/az\\\/#website\",\"url\":\"https:\\\/\\\/www.meydan.tv\\\/az\\\/\",\"name\":\"MEYDAN.TV\",\"description\":\"Meydan TV Az\u0259rbaycan\u0131n media m\u0259kan\u0131ndak\u0131 alternativ s\u0259sidir\",\"publisher\":{\"@id\":\"https:\\\/\\\/www.meydan.tv\\\/az\\\/#organization\"},\"potentialAction\":[{\"@type\":\"SearchAction\",\"target\":{\"@type\":\"EntryPoint\",\"urlTemplate\":\"https:\\\/\\\/www.meydan.tv\\\/az\\\/?s={search_term_string}\"},\"query-input\":{\"@type\":\"PropertyValueSpecification\",\"valueRequired\":true,\"valueName\":\"search_term_string\"}}],\"inLanguage\":\"az\"},{\"@type\":\"Organization\",\"@id\":\"https:\\\/\\\/www.meydan.tv\\\/az\\\/#organization\",\"name\":\"Meydan TV\",\"url\":\"https:\\\/\\\/www.meydan.tv\\\/az\\\/\",\"logo\":{\"@type\":\"ImageObject\",\"inLanguage\":\"az\",\"@id\":\"https:\\\/\\\/www.meydan.tv\\\/az\\\/#\\\/schema\\\/logo\\\/image\\\/\",\"url\":\"https:\\\/\\\/www.meydan.tv\\\/wp-content\\\/uploads\\\/2021\\\/07\\\/meydan-logo.svg\",\"contentUrl\":\"https:\\\/\\\/www.meydan.tv\\\/wp-content\\\/uploads\\\/2021\\\/07\\\/meydan-logo.svg\",\"width\":195,\"height\":46,\"caption\":\"Meydan TV\"},\"image\":{\"@id\":\"https:\\\/\\\/www.meydan.tv\\\/az\\\/#\\\/schema\\\/logo\\\/image\\\/\"}},{\"@type\":\"Person\",\"@id\":\"https:\\\/\\\/www.meydan.tv\\\/az\\\/#\\\/schema\\\/person\\\/10d11eccf6da3662cf5fdab9806ea91a\",\"name\":\"user-manager\"}]}<\/script>\n<!-- \/ Yoast SEO plugin. -->","yoast_head_json":{"title":"Ke\u00e7mi\u015f h\u0259rb\u00e7i: Vicdanl\u0131 h\u0259rb\u00e7il\u0259ri \u015f\u0259rl\u0259yib ordu s\u0131ralar\u0131ndan uzaqla\u015fd\u0131r\u0131rlar - MEYDAN.TV","robots":{"index":"index","follow":"follow","max-snippet":"max-snippet:-1","max-image-preview":"max-image-preview:large","max-video-preview":"max-video-preview:-1"},"canonical":"https:\/\/www.meydan.tv\/az\/article\/kecmis-herbci-vicdanli-herbcileri-serleyib-ordu-siralarindan-uzaqlasdirirlar\/","og_locale":"az_AZ","og_type":"article","og_title":"Ke\u00e7mi\u015f h\u0259rb\u00e7i: Vicdanl\u0131 h\u0259rb\u00e7il\u0259ri \u015f\u0259rl\u0259yib ordu s\u0131ralar\u0131ndan uzaqla\u015fd\u0131r\u0131rlar - MEYDAN.TV","og_description":"\u0130\u015fl\u0259 ba\u011fl\u0131 cv g\u00f6nd\u0259rmi\u015f\u0259m, d\u0259v\u0259t edibl\u0259r, getmi\u015f\u0259m bir \u015firk\u0259t\u0259, xan\u0131m maraqland\u0131, bil\u0259nd\u0259 ki, uzun ill\u0259r h\u0259rbi qulluq\u00e7u olmu\u015fam, dedi, sizi i\u015fl\u0259 t\u0259min ed\u0259 bilm\u0259rik","og_url":"https:\/\/www.meydan.tv\/az\/article\/kecmis-herbci-vicdanli-herbcileri-serleyib-ordu-siralarindan-uzaqlasdirirlar\/","og_site_name":"MEYDAN.TV","article_published_time":"2019-04-27T21:24:56+00:00","og_image":[{"width":1200,"height":800,"url":"https:\/\/www.meydan.tv\/wp-content\/uploads\/42737.jpg","type":"image\/jpeg"}],"author":"user-manager","twitter_card":"summary_large_image","schema":{"@context":"https:\/\/schema.org","@graph":[{"@type":"Article","@id":"https:\/\/www.meydan.tv\/az\/article\/kecmis-herbci-vicdanli-herbcileri-serleyib-ordu-siralarindan-uzaqlasdirirlar\/#article","isPartOf":{"@id":"https:\/\/www.meydan.tv\/az\/article\/kecmis-herbci-vicdanli-herbcileri-serleyib-ordu-siralarindan-uzaqlasdirirlar\/"},"author":{"name":"user-manager","@id":"https:\/\/www.meydan.tv\/az\/#\/schema\/person\/10d11eccf6da3662cf5fdab9806ea91a"},"headline":"Ke\u00e7mi\u015f h\u0259rb\u00e7i: Vicdanl\u0131 h\u0259rb\u00e7il\u0259ri \u015f\u0259rl\u0259yib ordu s\u0131ralar\u0131ndan uzaqla\u015fd\u0131r\u0131rlar","datePublished":"2019-04-27T21:24:56+00:00","mainEntityOfPage":{"@id":"https:\/\/www.meydan.tv\/az\/article\/kecmis-herbci-vicdanli-herbcileri-serleyib-ordu-siralarindan-uzaqlasdirirlar\/"},"wordCount":1809,"publisher":{"@id":"https:\/\/www.meydan.tv\/az\/#organization"},"image":{"@id":"https:\/\/www.meydan.tv\/az\/article\/kecmis-herbci-vicdanli-herbcileri-serleyib-ordu-siralarindan-uzaqlasdirirlar\/#primaryimage"},"thumbnailUrl":"https:\/\/www.meydan.tv\/wp-content\/uploads\/42737.jpg","articleSection":["B\u00f6lg\u0259"],"inLanguage":"az"},{"@type":"WebPage","@id":"https:\/\/www.meydan.tv\/az\/article\/kecmis-herbci-vicdanli-herbcileri-serleyib-ordu-siralarindan-uzaqlasdirirlar\/","url":"https:\/\/www.meydan.tv\/az\/article\/kecmis-herbci-vicdanli-herbcileri-serleyib-ordu-siralarindan-uzaqlasdirirlar\/","name":"Ke\u00e7mi\u015f h\u0259rb\u00e7i: Vicdanl\u0131 h\u0259rb\u00e7il\u0259ri \u015f\u0259rl\u0259yib ordu s\u0131ralar\u0131ndan uzaqla\u015fd\u0131r\u0131rlar - MEYDAN.TV","isPartOf":{"@id":"https:\/\/www.meydan.tv\/az\/#website"},"primaryImageOfPage":{"@id":"https:\/\/www.meydan.tv\/az\/article\/kecmis-herbci-vicdanli-herbcileri-serleyib-ordu-siralarindan-uzaqlasdirirlar\/#primaryimage"},"image":{"@id":"https:\/\/www.meydan.tv\/az\/article\/kecmis-herbci-vicdanli-herbcileri-serleyib-ordu-siralarindan-uzaqlasdirirlar\/#primaryimage"},"thumbnailUrl":"https:\/\/www.meydan.tv\/wp-content\/uploads\/42737.jpg","datePublished":"2019-04-27T21:24:56+00:00","breadcrumb":{"@id":"https:\/\/www.meydan.tv\/az\/article\/kecmis-herbci-vicdanli-herbcileri-serleyib-ordu-siralarindan-uzaqlasdirirlar\/#breadcrumb"},"inLanguage":"az","potentialAction":[{"@type":"ReadAction","target":["https:\/\/www.meydan.tv\/az\/article\/kecmis-herbci-vicdanli-herbcileri-serleyib-ordu-siralarindan-uzaqlasdirirlar\/"]}]},{"@type":"ImageObject","inLanguage":"az","@id":"https:\/\/www.meydan.tv\/az\/article\/kecmis-herbci-vicdanli-herbcileri-serleyib-ordu-siralarindan-uzaqlasdirirlar\/#primaryimage","url":"https:\/\/www.meydan.tv\/wp-content\/uploads\/42737.jpg","contentUrl":"https:\/\/www.meydan.tv\/wp-content\/uploads\/42737.jpg","width":1200,"height":800,"caption":"Foto: M\u00fcdafi\u0259 Nazirliyi"},{"@type":"BreadcrumbList","@id":"https:\/\/www.meydan.tv\/az\/article\/kecmis-herbci-vicdanli-herbcileri-serleyib-ordu-siralarindan-uzaqlasdirirlar\/#breadcrumb","itemListElement":[{"@type":"ListItem","position":1,"name":"Ana s\u0259hif\u0259","item":"https:\/\/www.meydan.tv\/az\/"},{"@type":"ListItem","position":2,"name":"B\u00f6lg\u0259","item":"https:\/\/www.meydan.tv\/az\/section\/bolge\/"},{"@type":"ListItem","position":3,"name":"Ke\u00e7mi\u015f h\u0259rb\u00e7i: Vicdanl\u0131 h\u0259rb\u00e7il\u0259ri \u015f\u0259rl\u0259yib ordu s\u0131ralar\u0131ndan uzaqla\u015fd\u0131r\u0131rlar"}]},{"@type":"WebSite","@id":"https:\/\/www.meydan.tv\/az\/#website","url":"https:\/\/www.meydan.tv\/az\/","name":"MEYDAN.TV","description":"Meydan TV Az\u0259rbaycan\u0131n media m\u0259kan\u0131ndak\u0131 alternativ s\u0259sidir","publisher":{"@id":"https:\/\/www.meydan.tv\/az\/#organization"},"potentialAction":[{"@type":"SearchAction","target":{"@type":"EntryPoint","urlTemplate":"https:\/\/www.meydan.tv\/az\/?s={search_term_string}"},"query-input":{"@type":"PropertyValueSpecification","valueRequired":true,"valueName":"search_term_string"}}],"inLanguage":"az"},{"@type":"Organization","@id":"https:\/\/www.meydan.tv\/az\/#organization","name":"Meydan TV","url":"https:\/\/www.meydan.tv\/az\/","logo":{"@type":"ImageObject","inLanguage":"az","@id":"https:\/\/www.meydan.tv\/az\/#\/schema\/logo\/image\/","url":"https:\/\/www.meydan.tv\/wp-content\/uploads\/2021\/07\/meydan-logo.svg","contentUrl":"https:\/\/www.meydan.tv\/wp-content\/uploads\/2021\/07\/meydan-logo.svg","width":195,"height":46,"caption":"Meydan TV"},"image":{"@id":"https:\/\/www.meydan.tv\/az\/#\/schema\/logo\/image\/"}},{"@type":"Person","@id":"https:\/\/www.meydan.tv\/az\/#\/schema\/person\/10d11eccf6da3662cf5fdab9806ea91a","name":"user-manager"}]}},"_links":{"self":[{"href":"https:\/\/www.meydan.tv\/az\/wp-json\/wp\/v2\/posts\/195162","targetHints":{"allow":["GET"]}}],"collection":[{"href":"https:\/\/www.meydan.tv\/az\/wp-json\/wp\/v2\/posts"}],"about":[{"href":"https:\/\/www.meydan.tv\/az\/wp-json\/wp\/v2\/types\/post"}],"author":[{"embeddable":true,"href":"https:\/\/www.meydan.tv\/az\/wp-json\/wp\/v2\/users\/11"}],"replies":[{"embeddable":true,"href":"https:\/\/www.meydan.tv\/az\/wp-json\/wp\/v2\/comments?post=195162"}],"version-history":[{"count":0,"href":"https:\/\/www.meydan.tv\/az\/wp-json\/wp\/v2\/posts\/195162\/revisions"}],"wp:featuredmedia":[{"embeddable":true,"href":"https:\/\/www.meydan.tv\/az\/wp-json\/wp\/v2\/media\/107616"}],"wp:attachment":[{"href":"https:\/\/www.meydan.tv\/az\/wp-json\/wp\/v2\/media?parent=195162"}],"wp:term":[{"taxonomy":"category","embeddable":true,"href":"https:\/\/www.meydan.tv\/az\/wp-json\/wp\/v2\/categories?post=195162"},{"taxonomy":"post_tag","embeddable":true,"href":"https:\/\/www.meydan.tv\/az\/wp-json\/wp\/v2\/tags?post=195162"}],"curies":[{"name":"wp","href":"https:\/\/api.w.org\/{rel}","templated":true}]}}