{"id":195153,"date":"2019-04-26T18:58:41","date_gmt":"2019-04-26T18:58:41","guid":{"rendered":"https:\/\/www.meydan.tv\/article\/qusar-sakini-direktorun-dersini-bezen-kitabxanaci-kecir-ozu-defelerle-qizimi-doyub\/"},"modified":"2019-04-26T18:58:41","modified_gmt":"2019-04-26T18:58:41","slug":"qusar-sakini-direktorun-dersini-bezen-kitabxanaci-kecir-ozu-defelerle-qizimi-doyub","status":"publish","type":"post","link":"https:\/\/www.meydan.tv\/az\/article\/qusar-sakini-direktorun-dersini-bezen-kitabxanaci-kecir-ozu-defelerle-qizimi-doyub\/","title":{"rendered":"Qusar sakini: Direktorun d\u0259rsini b\u0259z\u0259n kitabxana\u00e7\u0131 ke\u00e7ir, \u00f6z\u00fc d\u0259f\u0259l\u0259rl\u0259 q\u0131z\u0131m\u0131 d\u00f6y\u00fcb"},"content":{"rendered":"<p>\n  <i><br \/>\n    Direktor: &#x27;&#x27;M\u0259nim bu v\u0259zif\u0259d\u0259 qalma\u011f\u0131m \u00e7ox adama s\u0259rf el\u0259mir&#x27;&#x27;<br \/>\n  <\/i>\n<\/p>\n<p>\n  Qusar\u0131n Piral k\u0259nd m\u0259kt\u0259bind\u0259 t\u0259hsil h\u0259yat\u0131 sakit ke\u00e7mir. Direktor-m\u00fc\u0259llim qar\u015f\u0131durmas\u0131ndan tutmu\u015f, m\u0259kt\u0259bd\u0259 istiliyin olmamas\u0131, \u015fagirdin d\u00f6y\u00fclm\u0259si iddias\u0131na q\u0259d\u0259r xeyli problem var.\n<\/p>\n<p>\n  <i><br \/>\n    \u201cM\u0259ni \u00e7\u0131xar\u0131b, yerim\u0259 qohumunu g\u00f6t\u00fcrm\u0259k ist\u0259yir\u201d<br \/>\n  <\/i>\n<\/p>\n<p>\n  Piralda dan\u0131\u015f\u0131rlar ki, m\u0259kt\u0259bin direktoru Kamran Mikay\u0131lovla kimya-biologiya m\u00fc\u0259llimi \u0130kram Qas\u0131mov \u00e7oxdand\u0131r yola getmir. \u00d6yr\u0259ndik ki, \u0130kram m\u00fc\u0259llimin anas\u0131 G\u00fclar\u0259 Qas\u0131mova da m\u0259kt\u0259bin yem\u0259kxanas\u0131nda i\u015fl\u0259yir. G\u00fclar\u0259 xan\u0131m iddia edir ki, direktor h\u0259m o\u011flunu, h\u0259m d\u0259 onu i\u015fd\u0259n k\u0259narla\u015fd\u0131rmaq ist\u0259yir. Piralda \u0259vv\u0259lc\u0259 onunla qar\u015f\u0131la\u015f\u0131r\u0131q.\n<\/p>\n<p>\n  G\u00fclar\u0259 Qas\u0131mova dan\u0131\u015f\u0131r ki, bufetd\u0259 i\u015fini itirm\u0259k onun \u00fc\u00e7\u00fcn b\u00f6y\u00fck faci\u0259dir, \u00e7\u00fcnki nitq m\u0259hdudiyy\u0259ti olan q\u0131z\u0131 R\u0259van\u0259ni d\u0259 saxlamal\u0131d\u0131r: \u201cO\u011fluma prezident \u201cT\u0259r\u0259qqi\u201d medal\u0131 verib, ona g\u00f6r\u0259 g\u00f6z\u00fc g\u00f6t\u00fcrm\u00fcr. M\u0259ni m\u0259kt\u0259bd\u0259n uzaqla\u015fd\u0131r\u0131b, yerim\u0259 qohumunu g\u00f6t\u00fcrm\u0259k ist\u0259yir. M\u0259kt\u0259bd\u0259 iki xadim\u0259, kitabxana\u00e7\u0131, g\u00f6z\u0259t\u00e7i, ocaq\u00e7\u0131, katib\u0259 onun qohumlar\u0131d\u0131r. M\u0259n\u0259 i\u015fl\u0259m\u0259y\u0259 imkan vermir, bufetin yerini \u00fc\u00e7 d\u0259f\u0259 d\u0259yi\u015fdirib. \u0130ndi ondan bu vaxta q\u0259d\u0259r verdiyim pullar\u0131 t\u0259l\u0259b el\u0259yir\u0259m\u201d.\n<\/p>\n<p>\n  Piral\u0131n yollar\u0131nda k\u0259nd sakinl\u0259rind\u0259n Elxan Abbasovla \u00fcz-\u00fcz\u0259 g\u0259lirik. M\u0259kt\u0259b\u0259 getdiyimiz bil\u0259nd\u0259 \u015fikay\u0259t el\u0259yir:\n<\/p>\n<p>\n  \u201cDirektor m\u0259nim u\u015fa\u011f\u0131m\u0131n tarix m\u00fc\u0259llimidi h\u0259m d\u0259. Alt\u0131nc\u0131 sinifd\u0259 oxuyur, evd\u0259 soru\u015furam, h\u0259r d\u0259f\u0259 deyir ki, tap\u015f\u0131r\u0131q verilm\u0259yib. Ayyar\u0131m sonra d\u00f6zm\u0259dim, getdim m\u0259kt\u0259b\u0259. \u0130rad\u0131m\u0131 Kamran m\u00fc\u0259llim\u0259 bildirdim. \u00c7\u0131xar\u0131b i\u015f plan\u0131n\u0131 g\u00f6st\u0259rdi. Q\u0131z\u0131mla birlikd\u0259 oxuyan u\u015faqlardan da bu haqda soru\u015fub, videoya \u00e7\u0259kmi\u015fdim. Direktora g\u00f6st\u0259r\u0259nd\u0259 etiraf el\u0259di ki, \u00e7atd\u0131ra bilmir. Dedim, bu, d\u0259rs ke\u00e7m\u0259m\u0259y\u0259 \u0259sas vermir, qoy ba\u015fqas\u0131 sinf\u0259 daxil olsun. \u00dcmumiyy\u0259tl\u0259, m\u0259kt\u0259bd\u0259 problem \u00e7oxdu. \u0130stilik sistemi i\u015fl\u0259mir. Valideynl\u0259r y\u0131\u011f\u0131\u015f\u0131b elektrik sobalar\u0131 alm\u0131\u015f\u0131q. M\u0259n u\u015faqlar\u0131m\u0131n yax\u015f\u0131 t\u0259hsil g\u00f6rm\u0259sini ist\u0259yir\u0259m\u201d.\n<\/p>\n<figure class=\"wp-block-image size-large\">\n  <img decoding=\"async\" src=\"https:\/\/www.meydan.tv\/az\/image_from_ios-5-jpg-8\/\" alt=\"image_from_ios (5).jpg\" class=\"wp-image-122794\"\/><figcaption>\n    Elman Abbasov<br \/>\n  <\/figcaption><\/figure>\n<p>\n  Elxan Abbasov, \u00fcmumiyy\u0259tl\u0259, k\u0259ndin \u00e7ox problemi oldu\u011funu deyir. Piral\u0131n torpaqlar\u0131 k\u0259nar adamlara sat\u0131l\u0131r, \u00f6r\u00fc\u015f yerl\u0259ri qalmay\u0131b. Bu bar\u0259d\u0259 sonra yazaca\u011f\u0131q.\n<\/p>\n<p>\n  <i><br \/>\n    \u201cQ\u0131z\u0131m\u0131 d\u0259f\u0259l\u0259rl\u0259 d\u00f6y\u00fcb\u201d<br \/>\n  <\/i>\n<\/p>\n<p>\n  \u0130kram Qas\u0131mov biziml\u0259 s\u00f6hb\u0259t\u0259 sin\u0259sind\u0259 medalla g\u0259lir. Deyir, m\u0259kt\u0259b bazara d\u00f6n\u00fcb, r\u00fc\u015fv\u0259txorluq ba\u015f al\u0131b gedir: \u201cM\u00fc\u0259lliml\u0259r direktora g\u00f6r\u0259 qorxu i\u00e7ind\u0259 i\u015fl\u0259yir. Tarix m\u00fc\u0259llimidi, \u00f6z d\u0259rsl\u0259rini m\u00fct\u0259madi ke\u00e7mir. Onun yerin\u0259 d\u0259rsi \u0259sas\u0259n u\u015faq birliyinin r\u0259hb\u0259ri Razim Orucov ke\u00e7ir. H\u0259tta m\u0259kt\u0259bin kitabxana\u00e7\u0131s\u0131 Xan\u0131m Mikay\u0131lova da onun \u0259v\u0259zin\u0259 d\u0259rs ke\u00e7ir. \u00d6z yax\u0131nlar\u0131n\u0131 i\u015f\u0259 g\u00f6t\u00fcr\u00fcr. M\u0259kt\u0259bd\u0259 h\u0259rc-m\u0259rclik yarad\u0131r. He\u00e7 n\u0259d\u0259n qorxmad\u0131\u011f\u0131n\u0131 bildirir. Deyir, m\u0259n \u00f6z\u00fcm hakimiyy\u0259t\u0259m. M\u0259n\u0259 deyir ki, prezidentin s\u0259r\u0259ncam\u0131 il\u0259 verilmi\u015f \u201cT\u0259r\u0259qqi\u201d medal\u0131n\u0131 geri alacaq. S\u0259r\u0259ncama h\u00f6rm\u0259tsizlik el\u0259yir. M\u0259kt\u0259b direktorunun medal\u0131 geri almaq s\u0259lahiyy\u0259ti var? M\u0259niml\u0259 a\u015fkar q\u0259sd-q\u0259r\u0259zlik el\u0259yir\u201d.\n<\/p>\n<p>\n  \u0130.Qas\u0131mov iddia edir ki, K.Mikay\u0131lov bu m\u0259kt\u0259b\u0259 direktor t\u0259yin olunan kimi onun h\u0259yat yolda\u015f\u0131 R\u0259nan\u0131 i\u015fd\u0259n \u00e7\u0131xma\u011fa vadar edib. R\u0259na m\u0259kt\u0259bin kitabxanas\u0131nda i\u015fl\u0259yirmi\u015f. H\u0259yat yolda\u015f\u0131n\u0131n s\u00f6zl\u0259rin\u0259 g\u00f6r\u0259, direktor onu bir ne\u00e7\u0259 d\u0259f\u0259 t\u0259hqir ed\u0259nd\u0259n sonra o da d\u00f6zm\u0259yib, \u0259riz\u0259sini yazma\u011fa m\u0259cbur olub: \u201cBa\u015fqalar\u0131yla da bel\u0259 davran\u0131r. M\u0259ni d\u0259 i\u015fd\u0259n uzaqla\u015fd\u0131rmaq ist\u0259yir. U\u015faqlar\u0131mla da pis r\u0259ftar edir. S\u0259kkizinci sinifd\u0259 oxuyan q\u0131z\u0131m \u018fmin\u0259ni d\u0259f\u0259l\u0259rl\u0259 d\u00f6y\u00fcb. U\u015faqlar\u0131n qar\u015f\u0131s\u0131nda onu a\u015fa\u011f\u0131lay\u0131r. Ne\u00e7\u0259 d\u0259f\u0259 evd\u0259 onu a\u011flayan g\u00f6rm\u00fc\u015fd\u00fcm, h\u0259tta bir d\u0259f\u0259 dedi ki, ya\u015famaq ist\u0259mir\u0259m. Uzun m\u00fcdd\u0259t gizl\u0259dirdi. Bir ne\u00e7\u0259 g\u00fcn \u0259vv\u0259l biz\u0259 h\u0259qiq\u0259ti dedi. \u0130ndiy\u0259 q\u0259d\u0259r n\u0259 dost idik, n\u0259 d\u0259 d\u00fc\u015fm\u0259n. U\u015faqlar\u0131ma \u0259l qald\u0131rmas\u0131 m\u0259ni t\u0259bd\u0259n \u00e7\u0131xard\u0131\u201d.\n<\/p>\n<figure class=\"wp-block-image size-large\">\n  <img decoding=\"async\" src=\"https:\/\/www.meydan.tv\/az\/image_from_ios-1-jpg-14\/\" alt=\"image_from_ios (1).jpg\" class=\"wp-image-122797\"\/><figcaption>\n    \u0130kram Qas\u0131mov<br \/>\n  <\/figcaption><\/figure>\n<p>\n  \u0130.Qas\u0131mov \u00f6vlad\u0131n\u0131n m\u0259kt\u0259bd\u0259 d\u00f6y\u00fclm\u0259sil\u0259 \u0259laq\u0259dar h\u00fcquq-m\u00fchafiz\u0259 orqanlar\u0131na m\u00fcraci\u0259t edib. Deyir ki, d\u0259rsd\u0259n sonra evd\u0259 \u015fagird haz\u0131rla\u015fd\u0131rd\u0131\u011f\u0131na g\u00f6r\u0259 direktor onu \u015fantaj edir: \u201cDeyir, repetitorluq el\u0259m\u0259y\u0259 haqq\u0131n yoxdu, cinay\u0259tdi, vergi \u00f6d\u0259mirs\u0259n. Uzun ill\u0259r bufetd\u0259 i\u015fl\u0259mi\u015f anamla \u00e7oxdan prinsip apar\u0131r. H\u0259mi\u015f\u0259 demi\u015f\u0259m ki, m\u0259ni aran\u0131zdak\u0131 s\u00f6z-s\u00f6hb\u0259t\u0259 qatmay\u0131n. Direktor is\u0259 deyir ki, anan\u0131 s\u0259n \u00f6yr\u0259dirs\u0259n. B\u00fct\u00fcn add\u0131mlar\u0131 m\u0259ni i\u015fd\u0259n k\u0259narla\u015fd\u0131rma\u011fa xidm\u0259t el\u0259yir\u201d.\n<\/p>\n<p>\n  <i><br \/>\n    \u201cV\u0259zif\u0259d\u0259 qalma\u011f\u0131m \u00e7ox adama s\u0259rf el\u0259mir\u201d<br \/>\n  <\/i>\n<\/p>\n<p>\n  M\u0259kt\u0259bin direktoru Kamran Mikay\u0131lovla da g\u00f6r\u00fc\u015fd\u00fck. Direktor qohumlar\u0131ndan yaln\u0131z qarda\u015f\u0131n\u0131n h\u0259yat yolda\u015f\u0131 Xan\u0131m Mikay\u0131lovan\u0131n m\u0259kt\u0259bd\u0259 i\u015fl\u0259diyini t\u0259sdiql\u0259yir. \u00dcz\u0259rin\u0259 g\u00f6t\u00fcrd\u00fcy\u00fc tarix d\u0259rsl\u0259rini ke\u00e7m\u0259m\u0259si bar\u0259d\u0259 deyil\u0259nl\u0259rin is\u0259 do\u011fru olmad\u0131\u011f\u0131n\u0131 bildirir:\n<\/p>\n<p>\n  \u201c\u0130kram m\u00fc\u0259lliml\u0259 1998-ci ild\u0259n bu m\u0259kt\u0259bd\u0259 birlikd\u0259 i\u015fl\u0259yirik. Dost olmu\u015fuq, bir-birimizin evin\u0259 getmi\u015fik. \u0130nsaf\u0259n, \u0130kram m\u00fc\u0259llim d\u0259 yax\u015f\u0131 kimya\u00e7\u0131d\u0131, m\u0259nim u\u015fa\u011f\u0131m onun evin\u0259 haz\u0131rl\u0131\u011fa gedib. Onunla d\u00fc\u015fm\u0259n olsayd\u0131m, u\u015fa\u011f\u0131 evin\u0259 g\u00f6nd\u0259rm\u0259zdim. O da direktor olmaq ist\u0259yirdi. Kims\u0259 yax\u015f\u0131 m\u00fc\u0259llim ola bil\u0259r, kims\u0259 d\u0259 yax\u015f\u0131 t\u0259\u015fkilat\u00e7\u0131. 2013-c\u00fc ild\u0259n m\u00fc\u0259yy\u0259n q\u00fcvv\u0259l\u0259r haqq\u0131mda \u015fikay\u0259tl\u0259r yazma\u011fa ba\u015flay\u0131b. Sa\u011f olsun T\u0259hsil Nazirliyi ki, \u0259sass\u0131z h\u00fccumlara fikir verm\u0259di. M\u0259nim bu v\u0259zif\u0259d\u0259 qalma\u011f\u0131m \u00e7ox adama s\u0259rf el\u0259mir\u201d.\n<\/p>\n<p>\n  M\u00fc\u0259llimin anas\u0131 G.Qas\u0131movan\u0131n \u00e7\u0131xar\u0131lmas\u0131 iddias\u0131na g\u0259linc\u0259, K.Mikay\u0131lov deyir ki, o, m\u0259kt\u0259bl\u0259 \u0259vv\u0259lki direktorun vaxt\u0131nda m\u00fcqavil\u0259 ba\u011flay\u0131b. H\u0259tta m\u0259kt\u0259b \u00fc\u00e7\u00fcn yeni bina tikil\u0259nd\u0259n sonra onu \u00e7\u0131xarmaq ist\u0259yib. S\u0259b\u0259bini d\u0259 bel\u0259 izah edir:\n<\/p>\n<figure class=\"wp-block-image size-large\">\n  <img decoding=\"async\" src=\"https:\/\/www.meydan.tv\/az\/image_from_ios-4-jpg-19\/\" alt=\"image_from_ios (4).jpg\" class=\"wp-image-122800\"\/><figcaption>\n    Kamran Mikay\u0131lov<br \/>\n  <\/figcaption><\/figure>\n<p>\n  \u201c\u00c7\u00fcnki m\u0259kt\u0259bd\u0259ki t\u0259lim-t\u0259rbiy\u0259 i\u015finin ah\u0259ngini pozan insand\u0131r. Bunu qad\u0131n\u0131 pisl\u0259m\u0259k \u00fc\u00e7\u00fcn demir\u0259m, onu b\u00fct\u00fcn k\u0259nd tan\u0131y\u0131r. Ne\u00e7\u0259 d\u0259f\u0259 \u015fagirdl\u0259ri s\u00f6y\u00fcb. Deputat Az\u0259r Badamova \u015fikay\u0259t el\u0259mi\u015fdi. O da m\u0259n\u0259 dedi ki, m\u00fc\u0259llim, \u00e7al\u0131\u015f bu m\u0259s\u0259l\u0259 m\u00fcsb\u0259t h\u0259ll olunsun. M\u0259n d\u0259 toxunmad\u0131m. Getdikc\u0259 o\u011flu il\u0259 birlikd\u0259 m\u0259nd\u0259n daha \u00e7ox \u015fikay\u0259t yazma\u011fa ba\u015flad\u0131lar. Pullar\u0131 geri ist\u0259yirs\u0259, versin m\u0259hk\u0259m\u0259y\u0259. Ona 49 kvadrat yeri avadanl\u0131qlarla birlikd\u0259 ay\u0131 20 manata icar\u0259y\u0259 vermi\u015fdik. Daha \u00e7ox t\u0259l\u0259b el\u0259y\u0259 bil\u0259rdik, amma imkan\u0131 n\u0259z\u0259r\u0259 ald\u0131q. M\u0259nc\u0259, s\u00fcni naraz\u0131l\u0131q yarad\u0131rlar. \u0130nsana medal t\u0259xribatla m\u0259\u015f\u011ful olmaq \u00fc\u00e7\u00fcn verilmir. Ona medal\u0131 ver\u0259n prezident geri ala da bil\u0259r\u201d.\n<\/p>\n<p>\n  Direktor deyir ki, \u0130.Qas\u0131movun h\u0259yat yolda\u015f\u0131n\u0131 \u00e7\u0131xar\u0131b, qohumunu i\u015f\u0259 g\u00f6t\u00fcrm\u0259k planl\u0131 olmay\u0131b: \u201cSad\u0259c\u0259, yer bo\u015fald\u0131. Onun kimi ist\u0259nil\u0259n ixtisasl\u0131 kadr\u0131 i\u015f\u0259 g\u00f6t\u00fcr\u0259c\u0259kdim\u201d.\n<\/p>\n<p>\n  K.Mikay\u0131lov onunla yola getm\u0259y\u0259n m\u00fc\u0259llimin intizams\u0131z oldu\u011funu bildirir: \u201cOn ay fasil\u0259siz x\u0259st\u0259liyi s\u0259b\u0259b g\u0259tir\u0259r\u0259k d\u0259rs\u0259 \u00e7\u0131xmay\u0131b. Bu ay\u0131n 8-d\u0259n m\u0259kt\u0259b\u0259 g\u0259lir. X\u0259st\u0259lik v\u0259r\u0259q\u0259si ola-ola \u201cH\u0259d\u0259f\u201d kurslar\u0131nda d\u0259rs deyirdi. \u201cG\u0259l, m\u0259kt\u0259bd\u0259 d\u0259rs ke\u00e7\u201d dey\u0259nd\u0259 cavab verir ki, \u201cx\u0259st\u0259y\u0259m\u201d.\n<\/p>\n<p>\n  Direktor d\u0259rsl\u0259rini \u00f6z\u00fc ke\u00e7diyini, \u018fmin\u0259ni d\u00f6ym\u0259diyini bildirir&#8230;\n<\/p>\n<p>\n  Yaz\u0131 haz\u0131r olanda x\u0259b\u0259r tuturuq ki, Qusar Rayon Polis \u015e\u00f6b\u0259sinin \u0259m\u0259kda\u015f\u0131 \u015fikay\u0259tl\u0259 \u0259laq\u0259dar k\u0259nd\u0259 g\u0259lib, \u018fmin\u0259d\u0259n, onun sinif yolda\u015flar\u0131ndan izahat al\u0131b.<\/p>\n","protected":false},"excerpt":{"rendered":"<p>Valideynl\u0259r y\u0131\u011f\u0131\u015f\u0131b elektrik sobalar\u0131 alm\u0131\u015f\u0131q<\/p>\n","protected":false},"author":11,"featured_media":122791,"comment_status":"closed","ping_status":"open","sticky":false,"template":"","format":"standard","meta":{"_acf_changed":false,"_sitemap_exclude":false,"_sitemap_priority":"","_sitemap_frequency":"","footnotes":""},"categories":[60],"tags":[],"class_list":["post-195153","post","type-post","status-publish","format-standard","has-post-thumbnail","hentry","category-bolge","infinite-scroll-item","generate-columns","tablet-grid-50","mobile-grid-100","grid-parent","grid-33","no-featured-image-padding"],"acf":[],"yoast_head":"<!-- This site is optimized with the Yoast SEO plugin v27.4 - https:\/\/yoast.com\/product\/yoast-seo-wordpress\/ -->\n<title>Qusar sakini: Direktorun d\u0259rsini b\u0259z\u0259n kitabxana\u00e7\u0131 ke\u00e7ir, \u00f6z\u00fc d\u0259f\u0259l\u0259rl\u0259 q\u0131z\u0131m\u0131 d\u00f6y\u00fcb - MEYDAN.TV<\/title>\n<meta name=\"robots\" content=\"index, follow, max-snippet:-1, max-image-preview:large, max-video-preview:-1\" \/>\n<link rel=\"canonical\" href=\"https:\/\/www.meydan.tv\/az\/article\/qusar-sakini-direktorun-dersini-bezen-kitabxanaci-kecir-ozu-defelerle-qizimi-doyub\/\" \/>\n<meta property=\"og:locale\" content=\"az_AZ\" \/>\n<meta property=\"og:type\" content=\"article\" \/>\n<meta property=\"og:title\" content=\"Qusar sakini: Direktorun d\u0259rsini b\u0259z\u0259n kitabxana\u00e7\u0131 ke\u00e7ir, \u00f6z\u00fc d\u0259f\u0259l\u0259rl\u0259 q\u0131z\u0131m\u0131 d\u00f6y\u00fcb - MEYDAN.TV\" \/>\n<meta property=\"og:description\" content=\"Valideynl\u0259r y\u0131\u011f\u0131\u015f\u0131b elektrik sobalar\u0131 alm\u0131\u015f\u0131q\" \/>\n<meta property=\"og:url\" content=\"https:\/\/www.meydan.tv\/az\/article\/qusar-sakini-direktorun-dersini-bezen-kitabxanaci-kecir-ozu-defelerle-qizimi-doyub\/\" \/>\n<meta property=\"og:site_name\" content=\"MEYDAN.TV\" \/>\n<meta property=\"article:published_time\" content=\"2019-04-26T18:58:41+00:00\" \/>\n<meta property=\"og:image\" content=\"https:\/\/www.meydan.tv\/wp-content\/uploads\/image_from_ios_uuo7fbn.jpg\" \/>\n\t<meta property=\"og:image:width\" content=\"960\" \/>\n\t<meta property=\"og:image:height\" content=\"717\" \/>\n\t<meta property=\"og:image:type\" content=\"image\/jpeg\" \/>\n<meta name=\"author\" content=\"user-manager\" \/>\n<meta name=\"twitter:card\" content=\"summary_large_image\" \/>\n<script type=\"application\/ld+json\" class=\"yoast-schema-graph\">{\"@context\":\"https:\\\/\\\/schema.org\",\"@graph\":[{\"@type\":\"Article\",\"@id\":\"https:\\\/\\\/www.meydan.tv\\\/az\\\/article\\\/qusar-sakini-direktorun-dersini-bezen-kitabxanaci-kecir-ozu-defelerle-qizimi-doyub\\\/#article\",\"isPartOf\":{\"@id\":\"https:\\\/\\\/www.meydan.tv\\\/az\\\/article\\\/qusar-sakini-direktorun-dersini-bezen-kitabxanaci-kecir-ozu-defelerle-qizimi-doyub\\\/\"},\"author\":{\"name\":\"user-manager\",\"@id\":\"https:\\\/\\\/www.meydan.tv\\\/az\\\/#\\\/schema\\\/person\\\/10d11eccf6da3662cf5fdab9806ea91a\"},\"headline\":\"Qusar sakini: Direktorun d\u0259rsini b\u0259z\u0259n kitabxana\u00e7\u0131 ke\u00e7ir, \u00f6z\u00fc d\u0259f\u0259l\u0259rl\u0259 q\u0131z\u0131m\u0131 d\u00f6y\u00fcb\",\"datePublished\":\"2019-04-26T18:58:41+00:00\",\"mainEntityOfPage\":{\"@id\":\"https:\\\/\\\/www.meydan.tv\\\/az\\\/article\\\/qusar-sakini-direktorun-dersini-bezen-kitabxanaci-kecir-ozu-defelerle-qizimi-doyub\\\/\"},\"wordCount\":1521,\"publisher\":{\"@id\":\"https:\\\/\\\/www.meydan.tv\\\/az\\\/#organization\"},\"image\":{\"@id\":\"https:\\\/\\\/www.meydan.tv\\\/az\\\/article\\\/qusar-sakini-direktorun-dersini-bezen-kitabxanaci-kecir-ozu-defelerle-qizimi-doyub\\\/#primaryimage\"},\"thumbnailUrl\":\"https:\\\/\\\/www.meydan.tv\\\/wp-content\\\/uploads\\\/image_from_ios_uuo7fbn.jpg\",\"articleSection\":[\"B\u00f6lg\u0259\"],\"inLanguage\":\"az\"},{\"@type\":\"WebPage\",\"@id\":\"https:\\\/\\\/www.meydan.tv\\\/az\\\/article\\\/qusar-sakini-direktorun-dersini-bezen-kitabxanaci-kecir-ozu-defelerle-qizimi-doyub\\\/\",\"url\":\"https:\\\/\\\/www.meydan.tv\\\/az\\\/article\\\/qusar-sakini-direktorun-dersini-bezen-kitabxanaci-kecir-ozu-defelerle-qizimi-doyub\\\/\",\"name\":\"Qusar sakini: Direktorun d\u0259rsini b\u0259z\u0259n kitabxana\u00e7\u0131 ke\u00e7ir, \u00f6z\u00fc d\u0259f\u0259l\u0259rl\u0259 q\u0131z\u0131m\u0131 d\u00f6y\u00fcb - MEYDAN.TV\",\"isPartOf\":{\"@id\":\"https:\\\/\\\/www.meydan.tv\\\/az\\\/#website\"},\"primaryImageOfPage\":{\"@id\":\"https:\\\/\\\/www.meydan.tv\\\/az\\\/article\\\/qusar-sakini-direktorun-dersini-bezen-kitabxanaci-kecir-ozu-defelerle-qizimi-doyub\\\/#primaryimage\"},\"image\":{\"@id\":\"https:\\\/\\\/www.meydan.tv\\\/az\\\/article\\\/qusar-sakini-direktorun-dersini-bezen-kitabxanaci-kecir-ozu-defelerle-qizimi-doyub\\\/#primaryimage\"},\"thumbnailUrl\":\"https:\\\/\\\/www.meydan.tv\\\/wp-content\\\/uploads\\\/image_from_ios_uuo7fbn.jpg\",\"datePublished\":\"2019-04-26T18:58:41+00:00\",\"breadcrumb\":{\"@id\":\"https:\\\/\\\/www.meydan.tv\\\/az\\\/article\\\/qusar-sakini-direktorun-dersini-bezen-kitabxanaci-kecir-ozu-defelerle-qizimi-doyub\\\/#breadcrumb\"},\"inLanguage\":\"az\",\"potentialAction\":[{\"@type\":\"ReadAction\",\"target\":[\"https:\\\/\\\/www.meydan.tv\\\/az\\\/article\\\/qusar-sakini-direktorun-dersini-bezen-kitabxanaci-kecir-ozu-defelerle-qizimi-doyub\\\/\"]}]},{\"@type\":\"ImageObject\",\"inLanguage\":\"az\",\"@id\":\"https:\\\/\\\/www.meydan.tv\\\/az\\\/article\\\/qusar-sakini-direktorun-dersini-bezen-kitabxanaci-kecir-ozu-defelerle-qizimi-doyub\\\/#primaryimage\",\"url\":\"https:\\\/\\\/www.meydan.tv\\\/wp-content\\\/uploads\\\/image_from_ios_uuo7fbn.jpg\",\"contentUrl\":\"https:\\\/\\\/www.meydan.tv\\\/wp-content\\\/uploads\\\/image_from_ios_uuo7fbn.jpg\",\"width\":960,\"height\":717,\"caption\":\"Source: meydan tv\"},{\"@type\":\"BreadcrumbList\",\"@id\":\"https:\\\/\\\/www.meydan.tv\\\/az\\\/article\\\/qusar-sakini-direktorun-dersini-bezen-kitabxanaci-kecir-ozu-defelerle-qizimi-doyub\\\/#breadcrumb\",\"itemListElement\":[{\"@type\":\"ListItem\",\"position\":1,\"name\":\"Ana s\u0259hif\u0259\",\"item\":\"https:\\\/\\\/www.meydan.tv\\\/az\\\/\"},{\"@type\":\"ListItem\",\"position\":2,\"name\":\"B\u00f6lg\u0259\",\"item\":\"https:\\\/\\\/www.meydan.tv\\\/az\\\/section\\\/bolge\\\/\"},{\"@type\":\"ListItem\",\"position\":3,\"name\":\"Qusar sakini: Direktorun d\u0259rsini b\u0259z\u0259n kitabxana\u00e7\u0131 ke\u00e7ir, \u00f6z\u00fc d\u0259f\u0259l\u0259rl\u0259 q\u0131z\u0131m\u0131 d\u00f6y\u00fcb\"}]},{\"@type\":\"WebSite\",\"@id\":\"https:\\\/\\\/www.meydan.tv\\\/az\\\/#website\",\"url\":\"https:\\\/\\\/www.meydan.tv\\\/az\\\/\",\"name\":\"MEYDAN.TV\",\"description\":\"Meydan TV Az\u0259rbaycan\u0131n media m\u0259kan\u0131ndak\u0131 alternativ s\u0259sidir\",\"publisher\":{\"@id\":\"https:\\\/\\\/www.meydan.tv\\\/az\\\/#organization\"},\"potentialAction\":[{\"@type\":\"SearchAction\",\"target\":{\"@type\":\"EntryPoint\",\"urlTemplate\":\"https:\\\/\\\/www.meydan.tv\\\/az\\\/?s={search_term_string}\"},\"query-input\":{\"@type\":\"PropertyValueSpecification\",\"valueRequired\":true,\"valueName\":\"search_term_string\"}}],\"inLanguage\":\"az\"},{\"@type\":\"Organization\",\"@id\":\"https:\\\/\\\/www.meydan.tv\\\/az\\\/#organization\",\"name\":\"Meydan TV\",\"url\":\"https:\\\/\\\/www.meydan.tv\\\/az\\\/\",\"logo\":{\"@type\":\"ImageObject\",\"inLanguage\":\"az\",\"@id\":\"https:\\\/\\\/www.meydan.tv\\\/az\\\/#\\\/schema\\\/logo\\\/image\\\/\",\"url\":\"https:\\\/\\\/www.meydan.tv\\\/wp-content\\\/uploads\\\/2021\\\/07\\\/meydan-logo.svg\",\"contentUrl\":\"https:\\\/\\\/www.meydan.tv\\\/wp-content\\\/uploads\\\/2021\\\/07\\\/meydan-logo.svg\",\"width\":195,\"height\":46,\"caption\":\"Meydan TV\"},\"image\":{\"@id\":\"https:\\\/\\\/www.meydan.tv\\\/az\\\/#\\\/schema\\\/logo\\\/image\\\/\"}},{\"@type\":\"Person\",\"@id\":\"https:\\\/\\\/www.meydan.tv\\\/az\\\/#\\\/schema\\\/person\\\/10d11eccf6da3662cf5fdab9806ea91a\",\"name\":\"user-manager\"}]}<\/script>\n<!-- \/ Yoast SEO plugin. -->","yoast_head_json":{"title":"Qusar sakini: Direktorun d\u0259rsini b\u0259z\u0259n kitabxana\u00e7\u0131 ke\u00e7ir, \u00f6z\u00fc d\u0259f\u0259l\u0259rl\u0259 q\u0131z\u0131m\u0131 d\u00f6y\u00fcb - MEYDAN.TV","robots":{"index":"index","follow":"follow","max-snippet":"max-snippet:-1","max-image-preview":"max-image-preview:large","max-video-preview":"max-video-preview:-1"},"canonical":"https:\/\/www.meydan.tv\/az\/article\/qusar-sakini-direktorun-dersini-bezen-kitabxanaci-kecir-ozu-defelerle-qizimi-doyub\/","og_locale":"az_AZ","og_type":"article","og_title":"Qusar sakini: Direktorun d\u0259rsini b\u0259z\u0259n kitabxana\u00e7\u0131 ke\u00e7ir, \u00f6z\u00fc d\u0259f\u0259l\u0259rl\u0259 q\u0131z\u0131m\u0131 d\u00f6y\u00fcb - MEYDAN.TV","og_description":"Valideynl\u0259r y\u0131\u011f\u0131\u015f\u0131b elektrik sobalar\u0131 alm\u0131\u015f\u0131q","og_url":"https:\/\/www.meydan.tv\/az\/article\/qusar-sakini-direktorun-dersini-bezen-kitabxanaci-kecir-ozu-defelerle-qizimi-doyub\/","og_site_name":"MEYDAN.TV","article_published_time":"2019-04-26T18:58:41+00:00","og_image":[{"width":960,"height":717,"url":"https:\/\/www.meydan.tv\/wp-content\/uploads\/image_from_ios_uuo7fbn.jpg","type":"image\/jpeg"}],"author":"user-manager","twitter_card":"summary_large_image","schema":{"@context":"https:\/\/schema.org","@graph":[{"@type":"Article","@id":"https:\/\/www.meydan.tv\/az\/article\/qusar-sakini-direktorun-dersini-bezen-kitabxanaci-kecir-ozu-defelerle-qizimi-doyub\/#article","isPartOf":{"@id":"https:\/\/www.meydan.tv\/az\/article\/qusar-sakini-direktorun-dersini-bezen-kitabxanaci-kecir-ozu-defelerle-qizimi-doyub\/"},"author":{"name":"user-manager","@id":"https:\/\/www.meydan.tv\/az\/#\/schema\/person\/10d11eccf6da3662cf5fdab9806ea91a"},"headline":"Qusar sakini: Direktorun d\u0259rsini b\u0259z\u0259n kitabxana\u00e7\u0131 ke\u00e7ir, \u00f6z\u00fc d\u0259f\u0259l\u0259rl\u0259 q\u0131z\u0131m\u0131 d\u00f6y\u00fcb","datePublished":"2019-04-26T18:58:41+00:00","mainEntityOfPage":{"@id":"https:\/\/www.meydan.tv\/az\/article\/qusar-sakini-direktorun-dersini-bezen-kitabxanaci-kecir-ozu-defelerle-qizimi-doyub\/"},"wordCount":1521,"publisher":{"@id":"https:\/\/www.meydan.tv\/az\/#organization"},"image":{"@id":"https:\/\/www.meydan.tv\/az\/article\/qusar-sakini-direktorun-dersini-bezen-kitabxanaci-kecir-ozu-defelerle-qizimi-doyub\/#primaryimage"},"thumbnailUrl":"https:\/\/www.meydan.tv\/wp-content\/uploads\/image_from_ios_uuo7fbn.jpg","articleSection":["B\u00f6lg\u0259"],"inLanguage":"az"},{"@type":"WebPage","@id":"https:\/\/www.meydan.tv\/az\/article\/qusar-sakini-direktorun-dersini-bezen-kitabxanaci-kecir-ozu-defelerle-qizimi-doyub\/","url":"https:\/\/www.meydan.tv\/az\/article\/qusar-sakini-direktorun-dersini-bezen-kitabxanaci-kecir-ozu-defelerle-qizimi-doyub\/","name":"Qusar sakini: Direktorun d\u0259rsini b\u0259z\u0259n kitabxana\u00e7\u0131 ke\u00e7ir, \u00f6z\u00fc d\u0259f\u0259l\u0259rl\u0259 q\u0131z\u0131m\u0131 d\u00f6y\u00fcb - MEYDAN.TV","isPartOf":{"@id":"https:\/\/www.meydan.tv\/az\/#website"},"primaryImageOfPage":{"@id":"https:\/\/www.meydan.tv\/az\/article\/qusar-sakini-direktorun-dersini-bezen-kitabxanaci-kecir-ozu-defelerle-qizimi-doyub\/#primaryimage"},"image":{"@id":"https:\/\/www.meydan.tv\/az\/article\/qusar-sakini-direktorun-dersini-bezen-kitabxanaci-kecir-ozu-defelerle-qizimi-doyub\/#primaryimage"},"thumbnailUrl":"https:\/\/www.meydan.tv\/wp-content\/uploads\/image_from_ios_uuo7fbn.jpg","datePublished":"2019-04-26T18:58:41+00:00","breadcrumb":{"@id":"https:\/\/www.meydan.tv\/az\/article\/qusar-sakini-direktorun-dersini-bezen-kitabxanaci-kecir-ozu-defelerle-qizimi-doyub\/#breadcrumb"},"inLanguage":"az","potentialAction":[{"@type":"ReadAction","target":["https:\/\/www.meydan.tv\/az\/article\/qusar-sakini-direktorun-dersini-bezen-kitabxanaci-kecir-ozu-defelerle-qizimi-doyub\/"]}]},{"@type":"ImageObject","inLanguage":"az","@id":"https:\/\/www.meydan.tv\/az\/article\/qusar-sakini-direktorun-dersini-bezen-kitabxanaci-kecir-ozu-defelerle-qizimi-doyub\/#primaryimage","url":"https:\/\/www.meydan.tv\/wp-content\/uploads\/image_from_ios_uuo7fbn.jpg","contentUrl":"https:\/\/www.meydan.tv\/wp-content\/uploads\/image_from_ios_uuo7fbn.jpg","width":960,"height":717,"caption":"Source: meydan tv"},{"@type":"BreadcrumbList","@id":"https:\/\/www.meydan.tv\/az\/article\/qusar-sakini-direktorun-dersini-bezen-kitabxanaci-kecir-ozu-defelerle-qizimi-doyub\/#breadcrumb","itemListElement":[{"@type":"ListItem","position":1,"name":"Ana s\u0259hif\u0259","item":"https:\/\/www.meydan.tv\/az\/"},{"@type":"ListItem","position":2,"name":"B\u00f6lg\u0259","item":"https:\/\/www.meydan.tv\/az\/section\/bolge\/"},{"@type":"ListItem","position":3,"name":"Qusar sakini: Direktorun d\u0259rsini b\u0259z\u0259n kitabxana\u00e7\u0131 ke\u00e7ir, \u00f6z\u00fc d\u0259f\u0259l\u0259rl\u0259 q\u0131z\u0131m\u0131 d\u00f6y\u00fcb"}]},{"@type":"WebSite","@id":"https:\/\/www.meydan.tv\/az\/#website","url":"https:\/\/www.meydan.tv\/az\/","name":"MEYDAN.TV","description":"Meydan TV Az\u0259rbaycan\u0131n media m\u0259kan\u0131ndak\u0131 alternativ s\u0259sidir","publisher":{"@id":"https:\/\/www.meydan.tv\/az\/#organization"},"potentialAction":[{"@type":"SearchAction","target":{"@type":"EntryPoint","urlTemplate":"https:\/\/www.meydan.tv\/az\/?s={search_term_string}"},"query-input":{"@type":"PropertyValueSpecification","valueRequired":true,"valueName":"search_term_string"}}],"inLanguage":"az"},{"@type":"Organization","@id":"https:\/\/www.meydan.tv\/az\/#organization","name":"Meydan TV","url":"https:\/\/www.meydan.tv\/az\/","logo":{"@type":"ImageObject","inLanguage":"az","@id":"https:\/\/www.meydan.tv\/az\/#\/schema\/logo\/image\/","url":"https:\/\/www.meydan.tv\/wp-content\/uploads\/2021\/07\/meydan-logo.svg","contentUrl":"https:\/\/www.meydan.tv\/wp-content\/uploads\/2021\/07\/meydan-logo.svg","width":195,"height":46,"caption":"Meydan TV"},"image":{"@id":"https:\/\/www.meydan.tv\/az\/#\/schema\/logo\/image\/"}},{"@type":"Person","@id":"https:\/\/www.meydan.tv\/az\/#\/schema\/person\/10d11eccf6da3662cf5fdab9806ea91a","name":"user-manager"}]}},"_links":{"self":[{"href":"https:\/\/www.meydan.tv\/az\/wp-json\/wp\/v2\/posts\/195153","targetHints":{"allow":["GET"]}}],"collection":[{"href":"https:\/\/www.meydan.tv\/az\/wp-json\/wp\/v2\/posts"}],"about":[{"href":"https:\/\/www.meydan.tv\/az\/wp-json\/wp\/v2\/types\/post"}],"author":[{"embeddable":true,"href":"https:\/\/www.meydan.tv\/az\/wp-json\/wp\/v2\/users\/11"}],"replies":[{"embeddable":true,"href":"https:\/\/www.meydan.tv\/az\/wp-json\/wp\/v2\/comments?post=195153"}],"version-history":[{"count":0,"href":"https:\/\/www.meydan.tv\/az\/wp-json\/wp\/v2\/posts\/195153\/revisions"}],"wp:featuredmedia":[{"embeddable":true,"href":"https:\/\/www.meydan.tv\/az\/wp-json\/wp\/v2\/media\/122791"}],"wp:attachment":[{"href":"https:\/\/www.meydan.tv\/az\/wp-json\/wp\/v2\/media?parent=195153"}],"wp:term":[{"taxonomy":"category","embeddable":true,"href":"https:\/\/www.meydan.tv\/az\/wp-json\/wp\/v2\/categories?post=195153"},{"taxonomy":"post_tag","embeddable":true,"href":"https:\/\/www.meydan.tv\/az\/wp-json\/wp\/v2\/tags?post=195153"}],"curies":[{"name":"wp","href":"https:\/\/api.w.org\/{rel}","templated":true}]}}