{"id":195131,"date":"2019-04-25T14:10:29","date_gmt":"2019-04-25T14:10:29","guid":{"rendered":"https:\/\/www.meydan.tv\/article\/taxta-dayaqlarin-saxladigi-kend-mektebi\/"},"modified":"2019-04-25T14:10:29","modified_gmt":"2019-04-25T14:10:29","slug":"taxta-dayaqlarin-saxladigi-kend-mektebi","status":"publish","type":"post","link":"https:\/\/www.meydan.tv\/az\/article\/taxta-dayaqlarin-saxladigi-kend-mektebi\/","title":{"rendered":"Taxta dayaqlar\u0131n saxlad\u0131\u011f\u0131 k\u0259nd m\u0259kt\u0259bi"},"content":{"rendered":"<p>\n  <i><br \/>\n    K\u00fc\u00e7eyli k\u0259nd m\u0259kt\u0259binin d\u00f6\u015f\u0259m\u0259si, tavan\u0131 q\u0259zal\u0131 olan yeddi sinif ota\u011f\u0131nda 200-\u0259 yax\u0131n \u015fagird elm \u00f6yr\u0259nir<br \/>\n  <\/i>\n<\/p>\n<p>\n  \u201c7 sinif ota\u011f\u0131ndan ikisinin tavan\u0131 tamamil\u0259 \u00e7\u00f6km\u00fc\u015fd\u00fc. M\u00fc\u0259lliml\u0259rl\u0259 valideynl\u0259r y\u0131\u011f\u0131\u015f\u0131b, \u00f6zl\u0259ri tavan\u0131 qald\u0131rd\u0131lar, alt\u0131na da dayaqlar vurdular ki, u\u015faqlar\u0131n ba\u015f\u0131na d\u00fc\u015fm\u0259sin\u201d.\n<\/p>\n<p>\n  Quban\u0131n K\u00fc\u00e7eyi k\u0259nd sakinl\u0259ri bel\u0259 deyir.\n<\/p>\n<p>\n  K\u0259ndd\u0259 200-\u0259 yax\u0131n \u015fagirdin t\u0259hsil ald\u0131\u011f\u0131, 50-d\u0259n \u00e7ox m\u00fc\u0259llimin \u00e7al\u0131\u015fd\u0131\u011f\u0131 m\u0259kt\u0259b \u00e7\u00f6k\u00fcr. \u00d6vladlar\u0131 h\u0259min m\u0259kt\u0259bd\u0259 oxuyan k\u0259nd sakinl\u0259ri Meydan TV-y\u0259 dan\u0131\u015f\u0131rlar ki, 40 ild\u0259n \u00e7oxdur f\u0259aliyy\u0259t g\u00f6st\u0259r\u0259n m\u0259kt\u0259b binas\u0131 he\u00e7 vaxt \u0259sasl\u0131 t\u0259mir olunmay\u0131b.\n<\/p>\n<p>\n  <i><br \/>\n    \u201cDayaqlar d\u00fcz\u0259ltdil\u0259r ki, n\u00f6vb\u0259ti d\u0259f\u0259 \u00e7\u00f6km\u0259sin\u201d<br \/>\n  <\/i>\n<\/p>\n<p>\n  K\u0259nd sakini Yaqut S\u0259limova deyir, vaxtil\u0259 im\u0259cilik yoluyla, \u00e7ay da\u015flar\u0131ndan tikilmi\u015f m\u0259kt\u0259b he\u00e7 vaxt \u0259sasl\u0131 t\u0259mir g\u00f6rm\u0259yib:\n<\/p>\n<p>\n  \u201cBir ne\u00e7\u0259 il \u0259vv\u0259l iki sinif ota\u011f\u0131n\u0131n tavan\u0131 \u00e7\u00f6km\u00fc\u015fd\u00fc. Yax\u015f\u0131 ki, tavan d\u0259rs vaxt\u0131 bitdikd\u0259n sonra \u00e7\u00f6k\u00fcb. U\u015faqlar da\u011f\u0131nt\u0131lar alt\u0131nda \u0259zilib \u00f6l\u0259rdi. M\u00fc\u0259lliml\u0259rl\u0259 valideynl\u0259r \u00f6zl\u0259ri \u0259lbir olub tavan\u0131 y\u00fcng\u00fclvari t\u0259mir etdil\u0259r, sonra da dayaqlar qoydular ki, n\u00f6vb\u0259ti d\u0259f\u0259 \u00e7\u00f6km\u0259sin\u201d .\n<\/p>\n<figure class=\"wp-block-image size-large\">\n  <img decoding=\"async\" src=\"https:\/\/www.meydan.tv\/az\/image_from_ios-4-jpg-18\/\" alt=\"image_from_ios (4).jpg\" class=\"wp-image-122731\"\/><figcaption>\n    sinif ota\u011f\u0131<br \/>\n  <\/figcaption><\/figure>\n<p>\n  M\u0259kt\u0259b binas\u0131nda 7 sinif var. Sinifl\u0259rin d\u00f6\u015f\u0259m\u0259si v\u0259 tavan\u0131 q\u0259zal\u0131 v\u0259ziyy\u0259td\u0259dir. Sinifl\u0259rin dar\u0131sqal olmas\u0131 is\u0259 bir ba\u015fqa s\u00f6hb\u0259tdir. Valideynl\u0259r deyir, sinif otaqlan\u0131n sah\u0259si maksimum 15 kvadratmetrdir. M\u00fcasir infrastruktur normalar\u0131na g\u00f6r\u0259, h\u0259r bir \u015fagird\u0259 2,5 kvadratmetr sah\u0259 d\u00fc\u015fm\u0259lidir. Ancaq burada h\u0259r \u015fagird\u0259 he\u00e7 1 kvadratmetr d\u0259 d\u00fc\u015fm\u00fcr. Bu is\u0259 o dem\u0259kdir ki, h\u0259r bir \u015fagird\u0259 t\u0259xmin\u0259n 1,5 d\u0259f\u0259 az yer d\u00fc\u015f\u00fcr. Valideyn s\u00f6z\u00fcn\u0259 davam edir:\n<\/p>\n<p>\n  <i><br \/>\n    \u201cBir partaya d\u00f6rd \u015fagird yerl\u0259\u015fdirilir\u201d<br \/>\n  <\/i>\n<\/p>\n<p>\n  \u201c200-\u0259 yax\u0131n \u015fagirdi olan m\u0259kt\u0259bin c\u0259mi 7 sinif ota\u011f\u0131 var, onlar\u0131n da h\u0259r biri vur-tut 15 kvadratmetrdir. Bir parta arxas\u0131nda d\u00f6rd \u015fagird yerl\u0259\u015fdirilir. Bu da u\u015faqlar\u0131n d\u0259rs oxumas\u0131na \u00e7\u0259tinlikl\u0259r yarad\u0131r, u\u015faqlar \u00f6zl\u0259rini narahat hiss edirl\u0259r. B\u0259z\u0259n u\u015faqlar ayaq \u00fcst\u0259 qal\u0131r. D\u00f6\u015f\u0259m\u0259 taxtalar\u0131nda iri de\u015fikl\u0259r \u0259m\u0259l\u0259 g\u0259lib, d\u0259rsin ortas\u0131nda si\u00e7ovullar \u00e7\u0131x\u0131r, u\u015faqlar qorxur. B\u0259zi sinifl\u0259rin tavan\u0131na is\u0259 yar\u0131qlar\u0131 \u00f6rtm\u0259k \u00fc\u00e7\u00fcn divar ka\u011f\u0131z\u0131 \u00e7\u0259kilib. Avadanl\u0131qlar da Sovet vaxt\u0131ndan qal\u0131b. Dem\u0259k olar ki, ham\u0131s\u0131 s\u0131n\u0131q-s\u0131n\u0131qd\u0131r\u201d.\n<\/p>\n<p>\n  Valideynl\u0259rin naraz\u0131l\u0131\u011f\u0131 h\u0259m d\u0259 m\u0259kt\u0259bd\u0259 idman zal\u0131n\u0131n v\u0259 f\u0259nn kabinetl\u0259rinin olmamas\u0131d\u0131r.\n<\/p>\n<figure class=\"wp-block-image size-large\">\n  <img decoding=\"async\" src=\"https:\/\/www.meydan.tv\/az\/image_from_ios-jpg-27\/\" alt=\"image_from_ios.jpg\" class=\"wp-image-122734\"\/><figcaption>\n    K\u00fc\u00e7eyi k\u0259nd m\u0259kt\u0259bi<br \/>\n  <\/figcaption><\/figure>\n<p>\n  <i><br \/>\n    M\u00fcraci\u0259tl\u0259r cavabs\u0131z qal\u0131r<br \/>\n  <\/i>\n<\/p>\n<p>\n  10 il\u0259 yax\u0131nd\u0131r ki, m\u0259kt\u0259b 20 yanvar \u015f\u0259hidi El\u00e7in Qeybullayevin ad\u0131n\u0131 da\u015f\u0131y\u0131r. \u015e\u0259hidin bac\u0131s\u0131 Simuz\u0259r xan\u0131m Meydan TV-y\u0259 dan\u0131\u015f\u0131r ki, m\u0259kt\u0259b binas\u0131n\u0131n t\u0259mir-b\u0259rpas\u0131 \u00fc\u00e7\u00fcn m\u00fcvafiq qurumlara m\u00fcraci\u0259tl\u0259ri cavabs\u0131z qal\u0131b:\n<\/p>\n<p>\n  \u201cD\u00fczd\u00fcr, m\u0259kt\u0259b binas\u0131n\u0131n dam \u00f6rt\u00fcy\u00fc v\u0259 xarici g\u00f6r\u00fcn\u00fc\u015f\u00fc yenil\u0259nib. Ancaq daxili t\u0259mir olunmay\u0131b. M\u0259kt\u0259b\u0259 bel\u0259 m\u00fcnasib\u0259t h\u0259m d\u0259 ad\u0131n\u0131 da\u015f\u0131d\u0131\u011f\u0131 \u015f\u0259hid\u0259 m\u00fcnasib\u0259tin g\u00f6st\u0259ricisidir. D\u0259f\u0259l\u0259rl\u0259 Quba Rayon \u0130cra Hakimiyy\u0259tin\u0259, T\u0259hsil Nazirliyin\u0259, Birinci vitse-prezident Mehriban \u018fliyevaya m\u0259ktubla m\u00fcraci\u0259t etmi\u015f\u0259m, bax\u0131lm\u0131r. K\u00fcrs\u00fcl\u00fc, s\u0259liq\u0259li, yeni, m\u00fcasir tipli bir m\u0259kt\u0259b o u\u015faqlar\u0131n haqq\u0131 deyilmi?\u201d\n<\/p>\n<p>\n  Quba Rayon \u0130cra Hakiiyy\u0259tind\u0259n bildirilib ki, m\u0259kt\u0259bin dam \u00f6rt\u00fcy\u00fc v\u0259 f\u0259sadlar\u0131 \u0259sasl\u0131 t\u0259mir olunub. Ancaq binada daha geni\u015fmiqyasl\u0131 t\u0259mir-b\u0259rpa i\u015fl\u0259ri apar\u0131lmas\u0131 h\u0259l\u0259lik m\u00fcmk\u00fcn deyil. Aidiyy\u0259ti qurumlar bu m\u0259s\u0259l\u0259y\u0259 n\u00f6vb\u0259ti ill\u0259rin d\u00f6vl\u0259t investisiya proqramlar\u0131nda baxacaq.\n<\/p>\n<figure class=\"wp-block-image size-large\">\n  <img decoding=\"async\" src=\"https:\/\/www.meydan.tv\/az\/image_from_ios-1-jpg-13\/\" alt=\"image_from_ios (1).jpg\" class=\"wp-image-122737\"\/><figcaption>\n    sinif ota\u011f\u0131<br \/>\n  <\/figcaption><\/figure>\n","protected":false},"excerpt":{"rendered":"<p>D\u0259f\u0259l\u0259rl\u0259 Quba Rayon \u0130cra Hakimiyy\u0259tin\u0259, T\u0259hsil Nazirliyin\u0259, Birinci vitse-prezident Mehriban \u018fliyevaya m\u0259ktubla m\u00fcraci\u0259t etmi\u015f\u0259m, bax\u0131lm\u0131r<\/p>\n","protected":false},"author":11,"featured_media":122728,"comment_status":"closed","ping_status":"open","sticky":false,"template":"","format":"standard","meta":{"_acf_changed":false,"_sitemap_exclude":false,"_sitemap_priority":"","_sitemap_frequency":"","footnotes":""},"categories":[60],"tags":[],"class_list":["post-195131","post","type-post","status-publish","format-standard","has-post-thumbnail","hentry","category-bolge","infinite-scroll-item","generate-columns","tablet-grid-50","mobile-grid-100","grid-parent","grid-33","no-featured-image-padding"],"acf":[],"yoast_head":"<!-- This site is optimized with the Yoast SEO plugin v27.4 - https:\/\/yoast.com\/product\/yoast-seo-wordpress\/ -->\n<title>Taxta dayaqlar\u0131n saxlad\u0131\u011f\u0131 k\u0259nd m\u0259kt\u0259bi - MEYDAN.TV<\/title>\n<meta name=\"robots\" content=\"index, follow, max-snippet:-1, max-image-preview:large, max-video-preview:-1\" \/>\n<link rel=\"canonical\" href=\"https:\/\/www.meydan.tv\/az\/article\/taxta-dayaqlarin-saxladigi-kend-mektebi\/\" \/>\n<meta property=\"og:locale\" content=\"az_AZ\" \/>\n<meta property=\"og:type\" content=\"article\" \/>\n<meta property=\"og:title\" content=\"Taxta dayaqlar\u0131n saxlad\u0131\u011f\u0131 k\u0259nd m\u0259kt\u0259bi - MEYDAN.TV\" \/>\n<meta property=\"og:description\" content=\"D\u0259f\u0259l\u0259rl\u0259 Quba Rayon \u0130cra Hakimiyy\u0259tin\u0259, T\u0259hsil Nazirliyin\u0259, Birinci vitse-prezident Mehriban \u018fliyevaya m\u0259ktubla m\u00fcraci\u0259t etmi\u015f\u0259m, bax\u0131lm\u0131r\" \/>\n<meta property=\"og:url\" content=\"https:\/\/www.meydan.tv\/az\/article\/taxta-dayaqlarin-saxladigi-kend-mektebi\/\" \/>\n<meta property=\"og:site_name\" content=\"MEYDAN.TV\" \/>\n<meta property=\"article:published_time\" content=\"2019-04-25T14:10:29+00:00\" \/>\n<meta property=\"og:image\" content=\"https:\/\/www.meydan.tv\/wp-content\/uploads\/image_from_ios_2_rqm3geu.jpg\" \/>\n\t<meta property=\"og:image:width\" content=\"1280\" \/>\n\t<meta property=\"og:image:height\" content=\"960\" \/>\n\t<meta property=\"og:image:type\" content=\"image\/jpeg\" \/>\n<meta name=\"author\" content=\"user-manager\" \/>\n<meta name=\"twitter:card\" content=\"summary_large_image\" \/>\n<script type=\"application\/ld+json\" class=\"yoast-schema-graph\">{\"@context\":\"https:\\\/\\\/schema.org\",\"@graph\":[{\"@type\":\"Article\",\"@id\":\"https:\\\/\\\/www.meydan.tv\\\/az\\\/article\\\/taxta-dayaqlarin-saxladigi-kend-mektebi\\\/#article\",\"isPartOf\":{\"@id\":\"https:\\\/\\\/www.meydan.tv\\\/az\\\/article\\\/taxta-dayaqlarin-saxladigi-kend-mektebi\\\/\"},\"author\":{\"name\":\"user-manager\",\"@id\":\"https:\\\/\\\/www.meydan.tv\\\/az\\\/#\\\/schema\\\/person\\\/10d11eccf6da3662cf5fdab9806ea91a\"},\"headline\":\"Taxta dayaqlar\u0131n saxlad\u0131\u011f\u0131 k\u0259nd m\u0259kt\u0259bi\",\"datePublished\":\"2019-04-25T14:10:29+00:00\",\"mainEntityOfPage\":{\"@id\":\"https:\\\/\\\/www.meydan.tv\\\/az\\\/article\\\/taxta-dayaqlarin-saxladigi-kend-mektebi\\\/\"},\"wordCount\":705,\"publisher\":{\"@id\":\"https:\\\/\\\/www.meydan.tv\\\/az\\\/#organization\"},\"image\":{\"@id\":\"https:\\\/\\\/www.meydan.tv\\\/az\\\/article\\\/taxta-dayaqlarin-saxladigi-kend-mektebi\\\/#primaryimage\"},\"thumbnailUrl\":\"https:\\\/\\\/www.meydan.tv\\\/wp-content\\\/uploads\\\/image_from_ios_2_rqm3geu.jpg\",\"articleSection\":[\"B\u00f6lg\u0259\"],\"inLanguage\":\"az\"},{\"@type\":\"WebPage\",\"@id\":\"https:\\\/\\\/www.meydan.tv\\\/az\\\/article\\\/taxta-dayaqlarin-saxladigi-kend-mektebi\\\/\",\"url\":\"https:\\\/\\\/www.meydan.tv\\\/az\\\/article\\\/taxta-dayaqlarin-saxladigi-kend-mektebi\\\/\",\"name\":\"Taxta dayaqlar\u0131n saxlad\u0131\u011f\u0131 k\u0259nd m\u0259kt\u0259bi - MEYDAN.TV\",\"isPartOf\":{\"@id\":\"https:\\\/\\\/www.meydan.tv\\\/az\\\/#website\"},\"primaryImageOfPage\":{\"@id\":\"https:\\\/\\\/www.meydan.tv\\\/az\\\/article\\\/taxta-dayaqlarin-saxladigi-kend-mektebi\\\/#primaryimage\"},\"image\":{\"@id\":\"https:\\\/\\\/www.meydan.tv\\\/az\\\/article\\\/taxta-dayaqlarin-saxladigi-kend-mektebi\\\/#primaryimage\"},\"thumbnailUrl\":\"https:\\\/\\\/www.meydan.tv\\\/wp-content\\\/uploads\\\/image_from_ios_2_rqm3geu.jpg\",\"datePublished\":\"2019-04-25T14:10:29+00:00\",\"breadcrumb\":{\"@id\":\"https:\\\/\\\/www.meydan.tv\\\/az\\\/article\\\/taxta-dayaqlarin-saxladigi-kend-mektebi\\\/#breadcrumb\"},\"inLanguage\":\"az\",\"potentialAction\":[{\"@type\":\"ReadAction\",\"target\":[\"https:\\\/\\\/www.meydan.tv\\\/az\\\/article\\\/taxta-dayaqlarin-saxladigi-kend-mektebi\\\/\"]}]},{\"@type\":\"ImageObject\",\"inLanguage\":\"az\",\"@id\":\"https:\\\/\\\/www.meydan.tv\\\/az\\\/article\\\/taxta-dayaqlarin-saxladigi-kend-mektebi\\\/#primaryimage\",\"url\":\"https:\\\/\\\/www.meydan.tv\\\/wp-content\\\/uploads\\\/image_from_ios_2_rqm3geu.jpg\",\"contentUrl\":\"https:\\\/\\\/www.meydan.tv\\\/wp-content\\\/uploads\\\/image_from_ios_2_rqm3geu.jpg\",\"width\":1280,\"height\":960,\"caption\":\"Source: meydan tv\"},{\"@type\":\"BreadcrumbList\",\"@id\":\"https:\\\/\\\/www.meydan.tv\\\/az\\\/article\\\/taxta-dayaqlarin-saxladigi-kend-mektebi\\\/#breadcrumb\",\"itemListElement\":[{\"@type\":\"ListItem\",\"position\":1,\"name\":\"Ana s\u0259hif\u0259\",\"item\":\"https:\\\/\\\/www.meydan.tv\\\/az\\\/\"},{\"@type\":\"ListItem\",\"position\":2,\"name\":\"B\u00f6lg\u0259\",\"item\":\"https:\\\/\\\/www.meydan.tv\\\/az\\\/section\\\/bolge\\\/\"},{\"@type\":\"ListItem\",\"position\":3,\"name\":\"Taxta dayaqlar\u0131n saxlad\u0131\u011f\u0131 k\u0259nd m\u0259kt\u0259bi\"}]},{\"@type\":\"WebSite\",\"@id\":\"https:\\\/\\\/www.meydan.tv\\\/az\\\/#website\",\"url\":\"https:\\\/\\\/www.meydan.tv\\\/az\\\/\",\"name\":\"MEYDAN.TV\",\"description\":\"Meydan TV Az\u0259rbaycan\u0131n media m\u0259kan\u0131ndak\u0131 alternativ s\u0259sidir\",\"publisher\":{\"@id\":\"https:\\\/\\\/www.meydan.tv\\\/az\\\/#organization\"},\"potentialAction\":[{\"@type\":\"SearchAction\",\"target\":{\"@type\":\"EntryPoint\",\"urlTemplate\":\"https:\\\/\\\/www.meydan.tv\\\/az\\\/?s={search_term_string}\"},\"query-input\":{\"@type\":\"PropertyValueSpecification\",\"valueRequired\":true,\"valueName\":\"search_term_string\"}}],\"inLanguage\":\"az\"},{\"@type\":\"Organization\",\"@id\":\"https:\\\/\\\/www.meydan.tv\\\/az\\\/#organization\",\"name\":\"Meydan TV\",\"url\":\"https:\\\/\\\/www.meydan.tv\\\/az\\\/\",\"logo\":{\"@type\":\"ImageObject\",\"inLanguage\":\"az\",\"@id\":\"https:\\\/\\\/www.meydan.tv\\\/az\\\/#\\\/schema\\\/logo\\\/image\\\/\",\"url\":\"https:\\\/\\\/www.meydan.tv\\\/wp-content\\\/uploads\\\/2021\\\/07\\\/meydan-logo.svg\",\"contentUrl\":\"https:\\\/\\\/www.meydan.tv\\\/wp-content\\\/uploads\\\/2021\\\/07\\\/meydan-logo.svg\",\"width\":195,\"height\":46,\"caption\":\"Meydan TV\"},\"image\":{\"@id\":\"https:\\\/\\\/www.meydan.tv\\\/az\\\/#\\\/schema\\\/logo\\\/image\\\/\"}},{\"@type\":\"Person\",\"@id\":\"https:\\\/\\\/www.meydan.tv\\\/az\\\/#\\\/schema\\\/person\\\/10d11eccf6da3662cf5fdab9806ea91a\",\"name\":\"user-manager\"}]}<\/script>\n<!-- \/ Yoast SEO plugin. -->","yoast_head_json":{"title":"Taxta dayaqlar\u0131n saxlad\u0131\u011f\u0131 k\u0259nd m\u0259kt\u0259bi - MEYDAN.TV","robots":{"index":"index","follow":"follow","max-snippet":"max-snippet:-1","max-image-preview":"max-image-preview:large","max-video-preview":"max-video-preview:-1"},"canonical":"https:\/\/www.meydan.tv\/az\/article\/taxta-dayaqlarin-saxladigi-kend-mektebi\/","og_locale":"az_AZ","og_type":"article","og_title":"Taxta dayaqlar\u0131n saxlad\u0131\u011f\u0131 k\u0259nd m\u0259kt\u0259bi - MEYDAN.TV","og_description":"D\u0259f\u0259l\u0259rl\u0259 Quba Rayon \u0130cra Hakimiyy\u0259tin\u0259, T\u0259hsil Nazirliyin\u0259, Birinci vitse-prezident Mehriban \u018fliyevaya m\u0259ktubla m\u00fcraci\u0259t etmi\u015f\u0259m, bax\u0131lm\u0131r","og_url":"https:\/\/www.meydan.tv\/az\/article\/taxta-dayaqlarin-saxladigi-kend-mektebi\/","og_site_name":"MEYDAN.TV","article_published_time":"2019-04-25T14:10:29+00:00","og_image":[{"width":1280,"height":960,"url":"https:\/\/www.meydan.tv\/wp-content\/uploads\/image_from_ios_2_rqm3geu.jpg","type":"image\/jpeg"}],"author":"user-manager","twitter_card":"summary_large_image","schema":{"@context":"https:\/\/schema.org","@graph":[{"@type":"Article","@id":"https:\/\/www.meydan.tv\/az\/article\/taxta-dayaqlarin-saxladigi-kend-mektebi\/#article","isPartOf":{"@id":"https:\/\/www.meydan.tv\/az\/article\/taxta-dayaqlarin-saxladigi-kend-mektebi\/"},"author":{"name":"user-manager","@id":"https:\/\/www.meydan.tv\/az\/#\/schema\/person\/10d11eccf6da3662cf5fdab9806ea91a"},"headline":"Taxta dayaqlar\u0131n saxlad\u0131\u011f\u0131 k\u0259nd m\u0259kt\u0259bi","datePublished":"2019-04-25T14:10:29+00:00","mainEntityOfPage":{"@id":"https:\/\/www.meydan.tv\/az\/article\/taxta-dayaqlarin-saxladigi-kend-mektebi\/"},"wordCount":705,"publisher":{"@id":"https:\/\/www.meydan.tv\/az\/#organization"},"image":{"@id":"https:\/\/www.meydan.tv\/az\/article\/taxta-dayaqlarin-saxladigi-kend-mektebi\/#primaryimage"},"thumbnailUrl":"https:\/\/www.meydan.tv\/wp-content\/uploads\/image_from_ios_2_rqm3geu.jpg","articleSection":["B\u00f6lg\u0259"],"inLanguage":"az"},{"@type":"WebPage","@id":"https:\/\/www.meydan.tv\/az\/article\/taxta-dayaqlarin-saxladigi-kend-mektebi\/","url":"https:\/\/www.meydan.tv\/az\/article\/taxta-dayaqlarin-saxladigi-kend-mektebi\/","name":"Taxta dayaqlar\u0131n saxlad\u0131\u011f\u0131 k\u0259nd m\u0259kt\u0259bi - MEYDAN.TV","isPartOf":{"@id":"https:\/\/www.meydan.tv\/az\/#website"},"primaryImageOfPage":{"@id":"https:\/\/www.meydan.tv\/az\/article\/taxta-dayaqlarin-saxladigi-kend-mektebi\/#primaryimage"},"image":{"@id":"https:\/\/www.meydan.tv\/az\/article\/taxta-dayaqlarin-saxladigi-kend-mektebi\/#primaryimage"},"thumbnailUrl":"https:\/\/www.meydan.tv\/wp-content\/uploads\/image_from_ios_2_rqm3geu.jpg","datePublished":"2019-04-25T14:10:29+00:00","breadcrumb":{"@id":"https:\/\/www.meydan.tv\/az\/article\/taxta-dayaqlarin-saxladigi-kend-mektebi\/#breadcrumb"},"inLanguage":"az","potentialAction":[{"@type":"ReadAction","target":["https:\/\/www.meydan.tv\/az\/article\/taxta-dayaqlarin-saxladigi-kend-mektebi\/"]}]},{"@type":"ImageObject","inLanguage":"az","@id":"https:\/\/www.meydan.tv\/az\/article\/taxta-dayaqlarin-saxladigi-kend-mektebi\/#primaryimage","url":"https:\/\/www.meydan.tv\/wp-content\/uploads\/image_from_ios_2_rqm3geu.jpg","contentUrl":"https:\/\/www.meydan.tv\/wp-content\/uploads\/image_from_ios_2_rqm3geu.jpg","width":1280,"height":960,"caption":"Source: meydan tv"},{"@type":"BreadcrumbList","@id":"https:\/\/www.meydan.tv\/az\/article\/taxta-dayaqlarin-saxladigi-kend-mektebi\/#breadcrumb","itemListElement":[{"@type":"ListItem","position":1,"name":"Ana s\u0259hif\u0259","item":"https:\/\/www.meydan.tv\/az\/"},{"@type":"ListItem","position":2,"name":"B\u00f6lg\u0259","item":"https:\/\/www.meydan.tv\/az\/section\/bolge\/"},{"@type":"ListItem","position":3,"name":"Taxta dayaqlar\u0131n saxlad\u0131\u011f\u0131 k\u0259nd m\u0259kt\u0259bi"}]},{"@type":"WebSite","@id":"https:\/\/www.meydan.tv\/az\/#website","url":"https:\/\/www.meydan.tv\/az\/","name":"MEYDAN.TV","description":"Meydan TV Az\u0259rbaycan\u0131n media m\u0259kan\u0131ndak\u0131 alternativ s\u0259sidir","publisher":{"@id":"https:\/\/www.meydan.tv\/az\/#organization"},"potentialAction":[{"@type":"SearchAction","target":{"@type":"EntryPoint","urlTemplate":"https:\/\/www.meydan.tv\/az\/?s={search_term_string}"},"query-input":{"@type":"PropertyValueSpecification","valueRequired":true,"valueName":"search_term_string"}}],"inLanguage":"az"},{"@type":"Organization","@id":"https:\/\/www.meydan.tv\/az\/#organization","name":"Meydan TV","url":"https:\/\/www.meydan.tv\/az\/","logo":{"@type":"ImageObject","inLanguage":"az","@id":"https:\/\/www.meydan.tv\/az\/#\/schema\/logo\/image\/","url":"https:\/\/www.meydan.tv\/wp-content\/uploads\/2021\/07\/meydan-logo.svg","contentUrl":"https:\/\/www.meydan.tv\/wp-content\/uploads\/2021\/07\/meydan-logo.svg","width":195,"height":46,"caption":"Meydan TV"},"image":{"@id":"https:\/\/www.meydan.tv\/az\/#\/schema\/logo\/image\/"}},{"@type":"Person","@id":"https:\/\/www.meydan.tv\/az\/#\/schema\/person\/10d11eccf6da3662cf5fdab9806ea91a","name":"user-manager"}]}},"_links":{"self":[{"href":"https:\/\/www.meydan.tv\/az\/wp-json\/wp\/v2\/posts\/195131","targetHints":{"allow":["GET"]}}],"collection":[{"href":"https:\/\/www.meydan.tv\/az\/wp-json\/wp\/v2\/posts"}],"about":[{"href":"https:\/\/www.meydan.tv\/az\/wp-json\/wp\/v2\/types\/post"}],"author":[{"embeddable":true,"href":"https:\/\/www.meydan.tv\/az\/wp-json\/wp\/v2\/users\/11"}],"replies":[{"embeddable":true,"href":"https:\/\/www.meydan.tv\/az\/wp-json\/wp\/v2\/comments?post=195131"}],"version-history":[{"count":0,"href":"https:\/\/www.meydan.tv\/az\/wp-json\/wp\/v2\/posts\/195131\/revisions"}],"wp:featuredmedia":[{"embeddable":true,"href":"https:\/\/www.meydan.tv\/az\/wp-json\/wp\/v2\/media\/122728"}],"wp:attachment":[{"href":"https:\/\/www.meydan.tv\/az\/wp-json\/wp\/v2\/media?parent=195131"}],"wp:term":[{"taxonomy":"category","embeddable":true,"href":"https:\/\/www.meydan.tv\/az\/wp-json\/wp\/v2\/categories?post=195131"},{"taxonomy":"post_tag","embeddable":true,"href":"https:\/\/www.meydan.tv\/az\/wp-json\/wp\/v2\/tags?post=195131"}],"curies":[{"name":"wp","href":"https:\/\/api.w.org\/{rel}","templated":true}]}}