{"id":195118,"date":"2019-04-24T15:42:38","date_gmt":"2019-04-24T15:42:38","guid":{"rendered":"https:\/\/www.meydan.tv\/article\/yataq-xestesiyem-elillik-derecesi-vermirler\/"},"modified":"2019-04-24T15:42:38","modified_gmt":"2019-04-24T15:42:38","slug":"yataq-xestesiyem-elillik-derecesi-vermirler","status":"publish","type":"post","link":"https:\/\/www.meydan.tv\/az\/article\/yataq-xestesiyem-elillik-derecesi-vermirler\/","title":{"rendered":"&#8221;Yataq x\u0259st\u0259siy\u0259m, \u0259lillik d\u0259r\u0259c\u0259si vermirl\u0259r&#8221;"},"content":{"rendered":"<p>\n  <i><br \/>\n    Ucar sakini: &#x27;&#x27;M\u0259rk\u0259zi X\u0259st\u0259xanadan m\u0259nim s\u0259n\u0259dl\u0259rimi g\u00f6nd\u0259rmirl\u0259r&#x27;&#x27;<br \/>\n  <\/i>\n<\/p>\n<p>\n  \u201c3 d\u0259f\u0259 \u0259m\u0259liyyat olunmus\u0327am, yataq x\u0259st\u0259siy\u0259m, ayag\u0306\u0131m\u0131n biri tutulub, amma m\u0259n\u0259 \u0259lillik d\u0259r\u0259c\u0259si verm\u0259k ist\u0259mirl\u0259r. D\u0259f\u0259l\u0259rl\u0259 Ucar Rayon M\u0259rk\u0259zi X\u0259st\u0259xanas\u0131na mu\u0308raci\u0259t etmis\u0327\u0259m, m\u0259nim s\u0259n\u0259dl\u0259rimi go\u0308nd\u0259rmirl\u0259r. Daha dog\u0306rusu, deyirl\u0259r ki, go\u0308nd\u0259rmis\u0327ik, r\u0259dd cavab\u0131 g\u0259lib. H\u0259min cavab r\u0259smi blankda deyil. Kic\u0327ik bir v\u0259r\u0259qd\u0259 \u201cZ\u0259kiyy\u0259 Quliyeva stop\u201d yaz\u0131l\u0131b, v\u0259ss\u0259lam. Deyirl\u0259r, budur, s\u0259n\u0259 g\u0259l\u0259n cavabd\u0131r\u201d, &#8211; Ucar sakini, 50 yas\u0327l\u0131 Z\u0259kiyy\u0259 Quliyeva bel\u0259 deyir.\n<\/p>\n<p>\n  <i><br \/>\n    \u201cKomissiyan\u0131n n\u0259s\u0259 go\u0308zl\u0259ntisi var\u201d<br \/>\n  <\/i>\n<\/p>\n<p>\n  Z.Quliyeva bildirir ki, Ucar Rayon M\u0259rk\u0259zi X\u0259st\u0259xanas\u0131n\u0131n bas\u0327 h\u0259kimi Zeynal Bayraml\u0131 ona \u018fm\u0259k v\u0259 \u018fhalinin Sosial Mu\u0308dafi\u0259si Nazirliyinin \u0259lilliyinin t\u0259yini il\u0259 bag\u0306l\u0131 imtina verdiyini so\u0308yl\u0259yir. O is\u0259 buna inanm\u0131r:\n<\/p>\n<p>\n  \u201cH\u0259r halda, imtina cavab\u0131 3 k\u0259lim\u0259d\u0259n ibar\u0259t, b\u0259sit bir v\u0259r\u0259qd\u0259 olmaz. M\u0259n bilir\u0259m, komissiyan\u0131n n\u0259s\u0259 go\u0308zl\u0259ntisi var. Ona go\u0308r\u0259 s\u0259n\u0259dl\u0259rimi ya \u0259skik go\u0308nd\u0259rirl\u0259r, ya da hec\u0327 go\u0308nd\u0259rmirl\u0259r. M\u0259n haqq\u0131m olan t\u0259qau\u0308du\u0308 ala bilm\u0259k u\u0308c\u0327u\u0308n n\u0259s\u0259 o\u0308d\u0259m\u0259k fikrind\u0259 deyil\u0259m. Niy\u0259 m\u0259n\u0259 t\u0259qau\u0308d du\u0308s\u0327m\u0259m\u0259lidir? Faktiki yataq x\u0259st\u0259siy\u0259m, ayag\u0306a dura bilmir\u0259m. \u018fm\u0259liyyatdan sonra z\u0259lil qalm\u0131s\u0327am. Bundan \u0259lav\u0259, h\u0259m d\u0259 t\u0259zyiq v\u0259 s\u0327\u0259k\u0259r x\u0259st\u0259siy\u0259m. M\u0259n\u0259 d\u0259 du\u0308s\u0327mu\u0308rs\u0259, b\u0259s kim\u0259 du\u0308s\u0327u\u0308r bu pensiya?\u201d\n<\/p>\n<p>\n  <i><br \/>\n    \u201cAnam\u0131n ko\u0308m\u0259ksiz yas\u0327amas\u0131 mu\u0308mku\u0308n deyil\u201d<br \/>\n  <\/i>\n<\/p>\n<p>\n  Z.Quliyevan\u0131n og\u0306lu K\u0259nan Quliyev deyir ki, m\u0259lumat\u0131 var, pul verm\u0259y\u0259n, ho\u0308rm\u0259t etm\u0259y\u0259n insanlar\u0131n s\u0259n\u0259dl\u0259rini q\u0259sd\u0259n Tibbi Sosial Ekspert Komissiyas\u0131na (TSEK) natamam go\u0308nd\u0259rirl\u0259r:\n<\/p>\n<p>\n  \u201cEl\u0259 edirl\u0259r ki, \u0259lillik d\u0259r\u0259c\u0259si t\u0259yin edilm\u0259sind\u0259n imtina edilsin. Anam 3 d\u0259f\u0259 c\u0259rrahiyy\u0259 \u0259m\u0259liyyat\u0131 ke\u00e7irib. H\u0259m s\u0327\u0259k\u0259r, h\u0259m d\u0259 hipertoniya x\u0259st\u0259sidir. Yeriy\u0259 bilmir, bu\u0308tu\u0308n gu\u0308nu\u0308 yataqdad\u0131r. O\u0308zbas\u0327\u0131na \u0259n x\u0131rda is\u0327i bel\u0259 go\u0308r\u0259 bilmir. Ko\u0308m\u0259ksiz yas\u0327amas\u0131 mu\u0308mku\u0308n deyil. Bu adama niy\u0259 t\u0259qau\u0308d, \u0259lillik d\u0259r\u0259c\u0259si du\u0308s\u0327m\u0259m\u0259lidir ax\u0131?\u201d.\n<\/p>\n<figure class=\"wp-block-image size-large\">\n  <img decoding=\"async\" src=\"https:\/\/www.meydan.tv\/az\/image00003-jpeg-8\/\" alt=\"image00003.jpeg\" class=\"wp-image-122662\"\/><figcaption>\n    analizl\u0259r<br \/>\n  <\/figcaption><\/figure>\n<p>\n  <i><br \/>\n    \u201cYolda ayaqqab\u0131 ayag\u0306\u0131mdan c\u0327\u0131x\u0131rd\u0131, hiss etmirdim\u201d<br \/>\n  <\/i>\n<\/p>\n<p>\n  Z.Quliyeva uzun ill\u0259r bel ag\u0306r\u0131lar\u0131ndan \u0259ziyy\u0259t c\u0327\u0259kib. Belind\u0259 y\u0131rt\u0131q oldug\u0306u m\u0259lum olub. Getdiyi h\u0259kiml\u0259rin h\u0259r biri \u0259m\u0259liyyat m\u0259sl\u0259h\u0259t go\u0308ru\u0308b:\n<\/p>\n<p>\n  \u201cM\u0259n d\u0259 raz\u0131las\u0327d\u0131m v\u0259 h\u0259min y\u0131rt\u0131g\u0306\u0131 c\u0327\u0131xaranda sinirim\u0259 toxunublar. \u018fm\u0259liyyatdan sonra ayaqlar\u0131m\u0131 hiss etmirdim. 1-1,5 il kec\u0327\u0259nd\u0259n sonra s\u0327idd\u0259tli ag\u0306r\u0131lar yenid\u0259n bas\u0327lad\u0131. O q\u0259d\u0259r ag\u0306r\u0131y\u0131rd\u0131 ki, evd\u0259 h\u0259r gu\u0308n ag\u0306r\u0131k\u0259sici vurmal\u0131 olurdum. Sonra hal\u0131m daha da pisl\u0259s\u0327di. Getdim h\u0259kim\u0259, dedil\u0259r ki, yaran\u0131n yeri pis v\u0259ziyy\u0259td\u0259dir, irinl\u0259yib. T\u0259s\u0259vvu\u0308r edin, gu\u0308cl\u0259 yeriyirdim. Yolda ayaqqab\u0131 ayag\u0306\u0131mdan c\u0327\u0131x\u0131rd\u0131, hiss etmirdim. H\u0259kiml\u0259r dedil\u0259r ki, t\u0259mizl\u0259nm\u0259lidir, yoxsa beynin\u0259 vuracaq. Yenid\u0259n \u0259m\u0259liyyat etdil\u0259r. Onurg\u0306am\u0131n aralar\u0131na h\u0259r iki t\u0259r\u0259fd\u0259n d\u0259mirl\u0259r yerl\u0259s\u0327diribl\u0259r\u201d.\n<\/p>\n<p>\n  <i><br \/>\n    \u201cBir il kec\u0327sin, yen\u0259 hissiyyat olmazsa, daban\u0131na iyn\u0259 vuracaqlar\u201d<br \/>\n  <\/i>\n<\/p>\n<p>\n  K\u0259nan Quliyev deyir ki, bu \u0259m\u0259liyyatdan sonra anas\u0131n\u0131n v\u0259ziyy\u0259ti daha da pisl\u0259s\u0327ib. Ayag\u0306\u0131n\u0131n biri dem\u0259k olar ki, is\u0327l\u0259mir, c\u0327\u0259likl\u0259, zu\u0308lml\u0259 g\u0259zir:\n<\/p>\n<p>\n  \u201cDeyibl\u0259r, u\u0308stu\u0308nd\u0259n bir il kec\u0327sin, yen\u0259 hissiyyat olmazsa, daban\u0131na iyn\u0259 vuracaqlar. Sonuncu \u0259m\u0259liyyat u\u0308c\u0327u\u0308n 6 min pul ist\u0259dil\u0259r. Kredit go\u0308tu\u0308ru\u0308b o\u0308d\u0259mis\u0327\u0259m. Ayda 272 manat kredit o\u0308d\u0259yirik. H\u0259l\u0259 16 ay\u0131 qal\u0131b. No\u0308vb\u0259ti \u0259m\u0259liyyata imkan\u0131m\u0131z yoxdur. T\u0259qau\u0308d ayr\u0131lsa, birt\u0259h\u0259r etdirm\u0259k olar. Hec\u0327 olmasa, kredit\u0259 d\u0259st\u0259k olar. Ay\u0131rm\u0131rlar. H\u0259l\u0259 gu\u0308nd\u0259lik n\u0259 q\u0259d\u0259r iyn\u0259si, d\u0259rman\u0131 var. C\u0327\u0259tindir, o\u0308d\u0259y\u0259 bilmirik\u201d.\n<\/p>\n<p>\n  <i><br \/>\n    \u201cHaqq\u0131m olan \u0259lillik d\u0259r\u0259c\u0259sini versinl\u0259r, bas\u0327qa n\u0259s\u0259 ist\u0259mir\u0259m\u201d<br \/>\n  <\/i>\n<\/p>\n<p>\n  Z.Quliyeva kims\u0259d\u0259n yard\u0131m, ko\u0308m\u0259k ist\u0259mir. Deyir, haqq\u0131 olan \u0259lillik d\u0259r\u0259c\u0259sini ala bils\u0259, b\u0259sidir:\n<\/p>\n<p>\n  \u201cYeriy\u0259 bilmir\u0259m, ayag\u0306\u0131m tutulub, belimd\u0259 d\u0259mirl\u0259rl\u0259 yas\u0327ay\u0131ram. M\u0259n\u0259 pensiya k\u0259silsin. Nec\u0327\u0259 d\u0259f\u0259 \u0259riz\u0259 yazm\u0131s\u0327\u0131q, cavab g\u0259lmir\u201d.\n<\/p>\n<figure class=\"wp-block-image size-large\">\n  <img decoding=\"async\" src=\"https:\/\/www.meydan.tv\/az\/image00004-jpeg-10\/\" alt=\"image00004.jpeg\" class=\"wp-image-122665\"\/><figcaption>\n    s\u0259n\u0259d<br \/>\n  <\/figcaption><\/figure>\n<p>\n  <i><br \/>\n    \u201cO\u0308vladlar\u0131m\u0131n qazanc\u0131n\u0131n ham\u0131s\u0131 m\u0259nim iyn\u0259- d\u0259rman\u0131mdad\u0131r\u201d<br \/>\n  <\/i>\n<\/p>\n<p>\n  Gu\u0308nu\u0308nu\u0308 ag\u0306r\u0131k\u0259sicil\u0259rl\u0259 bas\u0327a vurdug\u0306unu so\u0308yl\u0259y\u0259n Z.Quliyevan\u0131n u\u0308c\u0327 o\u0308vlad\u0131 var. Onlardan 2-si Bak\u0131da, 1-i yan\u0131nda yas\u0327ay\u0131r:\n<\/p>\n<p>\n  \u201cUtan\u0131ram, inan\u0131n. Onlar\u0131n qazand\u0131qlar\u0131 m\u0259nim iyn\u0259, d\u0259rman\u0131mdad\u0131r. Halbuki \u0259lilliyim var. M\u0259n\u0259 pensiya k\u0259sils\u0259, o\u0308zu\u0308mu\u0308 t\u0259min ed\u0259r\u0259m. K\u0259smirl\u0259r, go\u0308ru\u0308nu\u0308r n\u0259s\u0259 go\u0308zl\u0259yirl\u0259r, ho\u0308rm\u0259t ets\u0259k ver\u0259rl\u0259r. Bizi su\u0308ru\u0308ndu\u0308ru\u0308rl\u0259r. T\u0259k ist\u0259diyim og\u0306ula, q\u0131za mo\u0308htac olmamaqd\u0131r. T\u0259kc\u0259 bir t\u0259zyiq d\u0259rman\u0131m\u0131n qiym\u0259ti 30 manatd\u0131r. Hec\u0327 olmasa, bu s\u0327eyl\u0259ri o\u0308d\u0259yim, bas\u0327qa hec\u0327 n\u0259 ist\u0259mir\u0259m. M\u0259n yalandan demir\u0259m, g\u0259lib, baxs\u0131nlar, yataq x\u0259st\u0259siy\u0259m\u201d.\n<\/p>\n<p>\n  <i><br \/>\n    \u201cBizim qurumlar\u0131m\u0131z v\u0259t\u0259ndas\u0327la real u\u0308nsiyy\u0259td\u0259 olmurlar\u201d<br \/>\n  <\/i>\n<\/p>\n<p>\n  Meydan TV m\u0259s\u0259l\u0259y\u0259 mu\u0308nasib\u0259t o\u0308yr\u0259nm\u0259k u\u0308c\u0327u\u0308n Ucar Rayon M\u0259rk\u0259zi X\u0259st\u0259xanas\u0131 il\u0259 \u0259laq\u0259 saxlay\u0131b. X\u0259st\u0259xanadan problem\u0259 mu\u0308nasib\u0259t bildirm\u0259kd\u0259n imtina edibl\u0259r.\n<\/p>\n<p>\n  \u018fm\u0259k v\u0259 \u018fhalinin Sosial Mu\u0308dafi\u0259si Nazirliyinin m\u0259tbuat xidm\u0259tinin r\u0259hb\u0259ri Fazil Tal\u0131bov is\u0259 Meydan TV-y\u0259 deyib ki, \u0259lilliyin t\u0259yini u\u0308c\u0327u\u0308n mu\u0308raci\u0259tl\u0259r daha \u0259vv\u0259lki kimi deyil, elektron qaydada edilir. Bunun u\u0308c\u0327u\u0308n Z\u0259kiyy\u0259 Quliyeva \u0259vv\u0259lc\u0259 S\u0259hiyy\u0259 Nazirliyinin tabeliyind\u0259 olan poliklinika v\u0259 ya x\u0259st\u0259xanaya mu\u0308raci\u0259t etm\u0259lidir:\n<\/p>\n<p>\n  \u201cH\u0259min x\u0259st\u0259xana v\u0259 ya poliklinikada onu mu\u0308ayin\u0259 etm\u0259li, s\u0259n\u0259dl\u0259ri Forma 88 il\u0259 birg\u0259, elektron qaydada bizim sistem\u0259 go\u0308nd\u0259rilm\u0259lidir. X\u0259st\u0259xanalar bunu bilir. Bizim qurumlar\u0131m\u0131z v\u0259t\u0259ndas\u0327la real u\u0308nsiyy\u0259td\u0259 olmurlar. Go\u0308nd\u0259ris\u0327\u0259 \u0259sas\u0259n onlara \u0259lillik qrupu t\u0259yin edilir\u201d.\n<\/p>\n<p>\n  <i><br \/>\n    \u201cElektron qaydada g\u0259l\u0259n go\u0308nd\u0259ris\u0327\u0259 \u0259sas\u0259n \u0259lillik d\u0259r\u0259c\u0259si t\u0259yin edilir\u201d<br \/>\n  <\/i>\n<\/p>\n<figure class=\"wp-block-image size-large\">\n  <img decoding=\"async\" src=\"https:\/\/www.meydan.tv\/az\/image00002-jpeg-14\/\" alt=\"image00002.jpeg\" class=\"wp-image-122659\"\/><figcaption>\n    h\u0259kim r\u0259yi<br \/>\n  <\/figcaption><\/figure>\n<p>\n  F.Tal\u0131bov deyir ki, bundan sonra g\u0259l\u0259n go\u0308nd\u0259ris\u0327 ads\u0131zlas\u0327d\u0131r\u0131laraq, x\u0259st\u0259nin qeydiyyatda oldug\u0306u TSEK-\u0259 deyil, dig\u0259r rayonlarda f\u0259aliyy\u0259t go\u0308st\u0259r\u0259n TSEK-\u0259 go\u0308nd\u0259rilir ki, onlar bunu s\u0327\u0259ffaf s\u0327\u0259kild\u0259 qiym\u0259tl\u0259ndirsinl\u0259r:\n<\/p>\n<p>\n  \u201cOnlar v\u0259t\u0259ndas\u0327\u0131n kimliyini, u\u0308nvan\u0131n\u0131 bilmirl\u0259r. Biz s\u0259hiyy\u0259 mu\u0308\u0259ssis\u0259sind\u0259n r\u0259smi elektron qaydas\u0131nda g\u0259l\u0259n go\u0308nd\u0259ris\u0327l\u0259r\u0259 \u0259sas\u0259n, Nazirl\u0259r Kabinetinin mo\u0308vcud q\u0259rar\u0131 il\u0259 uzlas\u0327d\u0131r\u0131b \u0259lillik d\u0259r\u0259c\u0259sini mu\u0308\u0259yy\u0259n edirik\u201d.\n<\/p>\n<p>\n  <i><br \/>\n    \u201cX\u0259st\u0259y\u0259 h\u0259r hans\u0131 s\u0259n\u0259d t\u0259qdim edilm\u0259si mu\u0308mku\u0308n deyil\u201d<br \/>\n  <\/i>\n<\/p>\n<p>\n  Fazil Tal\u0131bov deyir ki, s\u0259hiyy\u0259 mu\u0308\u0259ssis\u0259sinin h\u0259min xan\u0131ma ona \u0259lilliyin du\u0308s\u0327u\u0308b-du\u0308s\u0327m\u0259m\u0259si il\u0259 bag\u0306l\u0131 s\u0259n\u0259d t\u0259qdim etm\u0259si mu\u0308mku\u0308n deyil:\n<\/p>\n<p>\n  \u201c\u018fg\u0259r bir s\u0327\u0259xs\u0259 \u0259lillik d\u0259r\u0259c\u0259si t\u0259yin edilm\u0259yibs\u0259 v\u0259 ya t\u0259yin edilibs\u0259, bu bar\u0259d\u0259 onun telefon no\u0308mr\u0259sin\u0259 \u201cSMS\u201d gedir. Burada h\u0259r hans\u0131 bir kag\u0306\u0131za ehtiyac olmur. Olubsa da, bu, du\u0308zgu\u0308n deyil\u201d.\n<\/p>\n<p>\n  Z\u0259kiyy\u0259 Quliyeva is\u0259 deyir ki, ona h\u0259r hans\u0131 \u201cSMS\u201d x\u0259b\u0259rdarl\u0131q, r\u0259smi m\u0259ktub g\u0259lm\u0259yib. Ucar Rayon M\u0259rk\u0259zi X\u0259st\u0259xanas\u0131n\u0131n ona verdiyi, u\u0308z\u0259rind\u0259 \u201cZ\u0259kiyy\u0259 Quliyeva stop\u201d qeyd olunan kag\u0306\u0131zdan bas\u0327qa \u0259lind\u0259 hec\u0327 n\u0259 yoxdur.<\/p>\n","protected":false},"excerpt":{"rendered":"<p>\u201c\u018fg\u0259r bir s\u0327\u0259xs\u0259 \u0259lillik d\u0259r\u0259c\u0259si t\u0259yin edilm\u0259yibs\u0259 v\u0259 ya t\u0259yin edilibs\u0259, bu bar\u0259d\u0259 onun telefon no\u0308mr\u0259sin\u0259 \u201cSMS\u201d gedir.<\/p>\n","protected":false},"author":11,"featured_media":122653,"comment_status":"closed","ping_status":"open","sticky":false,"template":"","format":"standard","meta":{"_acf_changed":false,"_sitemap_exclude":false,"_sitemap_priority":"","_sitemap_frequency":"","footnotes":""},"categories":[60],"tags":[],"class_list":["post-195118","post","type-post","status-publish","format-standard","has-post-thumbnail","hentry","category-bolge","infinite-scroll-item","generate-columns","tablet-grid-50","mobile-grid-100","grid-parent","grid-33","no-featured-image-padding"],"acf":[],"yoast_head":"<!-- This site is optimized with the Yoast SEO plugin v27.4 - https:\/\/yoast.com\/product\/yoast-seo-wordpress\/ -->\n<title>&#039;&#039;Yataq x\u0259st\u0259siy\u0259m, \u0259lillik d\u0259r\u0259c\u0259si vermirl\u0259r&#039;&#039; - MEYDAN.TV<\/title>\n<meta name=\"robots\" content=\"index, follow, max-snippet:-1, max-image-preview:large, max-video-preview:-1\" \/>\n<link rel=\"canonical\" href=\"https:\/\/www.meydan.tv\/az\/article\/yataq-xestesiyem-elillik-derecesi-vermirler\/\" \/>\n<meta property=\"og:locale\" content=\"az_AZ\" \/>\n<meta property=\"og:type\" content=\"article\" \/>\n<meta property=\"og:title\" content=\"&#039;&#039;Yataq x\u0259st\u0259siy\u0259m, \u0259lillik d\u0259r\u0259c\u0259si vermirl\u0259r&#039;&#039; - MEYDAN.TV\" \/>\n<meta property=\"og:description\" content=\"\u201c\u018fg\u0259r bir s\u0327\u0259xs\u0259 \u0259lillik d\u0259r\u0259c\u0259si t\u0259yin edilm\u0259yibs\u0259 v\u0259 ya t\u0259yin edilibs\u0259, bu bar\u0259d\u0259 onun telefon no\u0308mr\u0259sin\u0259 \u201cSMS\u201d gedir.\" \/>\n<meta property=\"og:url\" content=\"https:\/\/www.meydan.tv\/az\/article\/yataq-xestesiyem-elillik-derecesi-vermirler\/\" \/>\n<meta property=\"og:site_name\" content=\"MEYDAN.TV\" \/>\n<meta property=\"article:published_time\" content=\"2019-04-24T15:42:38+00:00\" \/>\n<meta property=\"og:image\" content=\"https:\/\/www.meydan.tv\/wp-content\/uploads\/image00005_8z23yfd-scaled.jpeg\" \/>\n\t<meta property=\"og:image:width\" content=\"2560\" \/>\n\t<meta property=\"og:image:height\" content=\"1920\" \/>\n\t<meta property=\"og:image:type\" content=\"image\/jpeg\" \/>\n<meta name=\"author\" content=\"user-manager\" \/>\n<meta name=\"twitter:card\" content=\"summary_large_image\" \/>\n<script type=\"application\/ld+json\" class=\"yoast-schema-graph\">{\"@context\":\"https:\\\/\\\/schema.org\",\"@graph\":[{\"@type\":\"Article\",\"@id\":\"https:\\\/\\\/www.meydan.tv\\\/az\\\/article\\\/yataq-xestesiyem-elillik-derecesi-vermirler\\\/#article\",\"isPartOf\":{\"@id\":\"https:\\\/\\\/www.meydan.tv\\\/az\\\/article\\\/yataq-xestesiyem-elillik-derecesi-vermirler\\\/\"},\"author\":{\"name\":\"user-manager\",\"@id\":\"https:\\\/\\\/www.meydan.tv\\\/az\\\/#\\\/schema\\\/person\\\/10d11eccf6da3662cf5fdab9806ea91a\"},\"headline\":\"&#8221;Yataq x\u0259st\u0259siy\u0259m, \u0259lillik d\u0259r\u0259c\u0259si vermirl\u0259r&#8221;\",\"datePublished\":\"2019-04-24T15:42:38+00:00\",\"mainEntityOfPage\":{\"@id\":\"https:\\\/\\\/www.meydan.tv\\\/az\\\/article\\\/yataq-xestesiyem-elillik-derecesi-vermirler\\\/\"},\"wordCount\":1507,\"publisher\":{\"@id\":\"https:\\\/\\\/www.meydan.tv\\\/az\\\/#organization\"},\"image\":{\"@id\":\"https:\\\/\\\/www.meydan.tv\\\/az\\\/article\\\/yataq-xestesiyem-elillik-derecesi-vermirler\\\/#primaryimage\"},\"thumbnailUrl\":\"https:\\\/\\\/www.meydan.tv\\\/wp-content\\\/uploads\\\/image00005_8z23yfd-scaled.jpeg\",\"articleSection\":[\"B\u00f6lg\u0259\"],\"inLanguage\":\"az\"},{\"@type\":\"WebPage\",\"@id\":\"https:\\\/\\\/www.meydan.tv\\\/az\\\/article\\\/yataq-xestesiyem-elillik-derecesi-vermirler\\\/\",\"url\":\"https:\\\/\\\/www.meydan.tv\\\/az\\\/article\\\/yataq-xestesiyem-elillik-derecesi-vermirler\\\/\",\"name\":\"''Yataq x\u0259st\u0259siy\u0259m, \u0259lillik d\u0259r\u0259c\u0259si vermirl\u0259r'' - MEYDAN.TV\",\"isPartOf\":{\"@id\":\"https:\\\/\\\/www.meydan.tv\\\/az\\\/#website\"},\"primaryImageOfPage\":{\"@id\":\"https:\\\/\\\/www.meydan.tv\\\/az\\\/article\\\/yataq-xestesiyem-elillik-derecesi-vermirler\\\/#primaryimage\"},\"image\":{\"@id\":\"https:\\\/\\\/www.meydan.tv\\\/az\\\/article\\\/yataq-xestesiyem-elillik-derecesi-vermirler\\\/#primaryimage\"},\"thumbnailUrl\":\"https:\\\/\\\/www.meydan.tv\\\/wp-content\\\/uploads\\\/image00005_8z23yfd-scaled.jpeg\",\"datePublished\":\"2019-04-24T15:42:38+00:00\",\"breadcrumb\":{\"@id\":\"https:\\\/\\\/www.meydan.tv\\\/az\\\/article\\\/yataq-xestesiyem-elillik-derecesi-vermirler\\\/#breadcrumb\"},\"inLanguage\":\"az\",\"potentialAction\":[{\"@type\":\"ReadAction\",\"target\":[\"https:\\\/\\\/www.meydan.tv\\\/az\\\/article\\\/yataq-xestesiyem-elillik-derecesi-vermirler\\\/\"]}]},{\"@type\":\"ImageObject\",\"inLanguage\":\"az\",\"@id\":\"https:\\\/\\\/www.meydan.tv\\\/az\\\/article\\\/yataq-xestesiyem-elillik-derecesi-vermirler\\\/#primaryimage\",\"url\":\"https:\\\/\\\/www.meydan.tv\\\/wp-content\\\/uploads\\\/image00005_8z23yfd-scaled.jpeg\",\"contentUrl\":\"https:\\\/\\\/www.meydan.tv\\\/wp-content\\\/uploads\\\/image00005_8z23yfd-scaled.jpeg\",\"width\":2560,\"height\":1920,\"caption\":\"Source: meydan tv\"},{\"@type\":\"BreadcrumbList\",\"@id\":\"https:\\\/\\\/www.meydan.tv\\\/az\\\/article\\\/yataq-xestesiyem-elillik-derecesi-vermirler\\\/#breadcrumb\",\"itemListElement\":[{\"@type\":\"ListItem\",\"position\":1,\"name\":\"Ana s\u0259hif\u0259\",\"item\":\"https:\\\/\\\/www.meydan.tv\\\/az\\\/\"},{\"@type\":\"ListItem\",\"position\":2,\"name\":\"B\u00f6lg\u0259\",\"item\":\"https:\\\/\\\/www.meydan.tv\\\/az\\\/section\\\/bolge\\\/\"},{\"@type\":\"ListItem\",\"position\":3,\"name\":\"&#8221;Yataq x\u0259st\u0259siy\u0259m, \u0259lillik d\u0259r\u0259c\u0259si vermirl\u0259r&#8221;\"}]},{\"@type\":\"WebSite\",\"@id\":\"https:\\\/\\\/www.meydan.tv\\\/az\\\/#website\",\"url\":\"https:\\\/\\\/www.meydan.tv\\\/az\\\/\",\"name\":\"MEYDAN.TV\",\"description\":\"Meydan TV Az\u0259rbaycan\u0131n media m\u0259kan\u0131ndak\u0131 alternativ s\u0259sidir\",\"publisher\":{\"@id\":\"https:\\\/\\\/www.meydan.tv\\\/az\\\/#organization\"},\"potentialAction\":[{\"@type\":\"SearchAction\",\"target\":{\"@type\":\"EntryPoint\",\"urlTemplate\":\"https:\\\/\\\/www.meydan.tv\\\/az\\\/?s={search_term_string}\"},\"query-input\":{\"@type\":\"PropertyValueSpecification\",\"valueRequired\":true,\"valueName\":\"search_term_string\"}}],\"inLanguage\":\"az\"},{\"@type\":\"Organization\",\"@id\":\"https:\\\/\\\/www.meydan.tv\\\/az\\\/#organization\",\"name\":\"Meydan TV\",\"url\":\"https:\\\/\\\/www.meydan.tv\\\/az\\\/\",\"logo\":{\"@type\":\"ImageObject\",\"inLanguage\":\"az\",\"@id\":\"https:\\\/\\\/www.meydan.tv\\\/az\\\/#\\\/schema\\\/logo\\\/image\\\/\",\"url\":\"https:\\\/\\\/www.meydan.tv\\\/wp-content\\\/uploads\\\/2021\\\/07\\\/meydan-logo.svg\",\"contentUrl\":\"https:\\\/\\\/www.meydan.tv\\\/wp-content\\\/uploads\\\/2021\\\/07\\\/meydan-logo.svg\",\"width\":195,\"height\":46,\"caption\":\"Meydan TV\"},\"image\":{\"@id\":\"https:\\\/\\\/www.meydan.tv\\\/az\\\/#\\\/schema\\\/logo\\\/image\\\/\"}},{\"@type\":\"Person\",\"@id\":\"https:\\\/\\\/www.meydan.tv\\\/az\\\/#\\\/schema\\\/person\\\/10d11eccf6da3662cf5fdab9806ea91a\",\"name\":\"user-manager\"}]}<\/script>\n<!-- \/ Yoast SEO plugin. -->","yoast_head_json":{"title":"''Yataq x\u0259st\u0259siy\u0259m, \u0259lillik d\u0259r\u0259c\u0259si vermirl\u0259r'' - MEYDAN.TV","robots":{"index":"index","follow":"follow","max-snippet":"max-snippet:-1","max-image-preview":"max-image-preview:large","max-video-preview":"max-video-preview:-1"},"canonical":"https:\/\/www.meydan.tv\/az\/article\/yataq-xestesiyem-elillik-derecesi-vermirler\/","og_locale":"az_AZ","og_type":"article","og_title":"''Yataq x\u0259st\u0259siy\u0259m, \u0259lillik d\u0259r\u0259c\u0259si vermirl\u0259r'' - MEYDAN.TV","og_description":"\u201c\u018fg\u0259r bir s\u0327\u0259xs\u0259 \u0259lillik d\u0259r\u0259c\u0259si t\u0259yin edilm\u0259yibs\u0259 v\u0259 ya t\u0259yin edilibs\u0259, bu bar\u0259d\u0259 onun telefon no\u0308mr\u0259sin\u0259 \u201cSMS\u201d gedir.","og_url":"https:\/\/www.meydan.tv\/az\/article\/yataq-xestesiyem-elillik-derecesi-vermirler\/","og_site_name":"MEYDAN.TV","article_published_time":"2019-04-24T15:42:38+00:00","og_image":[{"width":2560,"height":1920,"url":"https:\/\/www.meydan.tv\/wp-content\/uploads\/image00005_8z23yfd-scaled.jpeg","type":"image\/jpeg"}],"author":"user-manager","twitter_card":"summary_large_image","schema":{"@context":"https:\/\/schema.org","@graph":[{"@type":"Article","@id":"https:\/\/www.meydan.tv\/az\/article\/yataq-xestesiyem-elillik-derecesi-vermirler\/#article","isPartOf":{"@id":"https:\/\/www.meydan.tv\/az\/article\/yataq-xestesiyem-elillik-derecesi-vermirler\/"},"author":{"name":"user-manager","@id":"https:\/\/www.meydan.tv\/az\/#\/schema\/person\/10d11eccf6da3662cf5fdab9806ea91a"},"headline":"&#8221;Yataq x\u0259st\u0259siy\u0259m, \u0259lillik d\u0259r\u0259c\u0259si vermirl\u0259r&#8221;","datePublished":"2019-04-24T15:42:38+00:00","mainEntityOfPage":{"@id":"https:\/\/www.meydan.tv\/az\/article\/yataq-xestesiyem-elillik-derecesi-vermirler\/"},"wordCount":1507,"publisher":{"@id":"https:\/\/www.meydan.tv\/az\/#organization"},"image":{"@id":"https:\/\/www.meydan.tv\/az\/article\/yataq-xestesiyem-elillik-derecesi-vermirler\/#primaryimage"},"thumbnailUrl":"https:\/\/www.meydan.tv\/wp-content\/uploads\/image00005_8z23yfd-scaled.jpeg","articleSection":["B\u00f6lg\u0259"],"inLanguage":"az"},{"@type":"WebPage","@id":"https:\/\/www.meydan.tv\/az\/article\/yataq-xestesiyem-elillik-derecesi-vermirler\/","url":"https:\/\/www.meydan.tv\/az\/article\/yataq-xestesiyem-elillik-derecesi-vermirler\/","name":"''Yataq x\u0259st\u0259siy\u0259m, \u0259lillik d\u0259r\u0259c\u0259si vermirl\u0259r'' - MEYDAN.TV","isPartOf":{"@id":"https:\/\/www.meydan.tv\/az\/#website"},"primaryImageOfPage":{"@id":"https:\/\/www.meydan.tv\/az\/article\/yataq-xestesiyem-elillik-derecesi-vermirler\/#primaryimage"},"image":{"@id":"https:\/\/www.meydan.tv\/az\/article\/yataq-xestesiyem-elillik-derecesi-vermirler\/#primaryimage"},"thumbnailUrl":"https:\/\/www.meydan.tv\/wp-content\/uploads\/image00005_8z23yfd-scaled.jpeg","datePublished":"2019-04-24T15:42:38+00:00","breadcrumb":{"@id":"https:\/\/www.meydan.tv\/az\/article\/yataq-xestesiyem-elillik-derecesi-vermirler\/#breadcrumb"},"inLanguage":"az","potentialAction":[{"@type":"ReadAction","target":["https:\/\/www.meydan.tv\/az\/article\/yataq-xestesiyem-elillik-derecesi-vermirler\/"]}]},{"@type":"ImageObject","inLanguage":"az","@id":"https:\/\/www.meydan.tv\/az\/article\/yataq-xestesiyem-elillik-derecesi-vermirler\/#primaryimage","url":"https:\/\/www.meydan.tv\/wp-content\/uploads\/image00005_8z23yfd-scaled.jpeg","contentUrl":"https:\/\/www.meydan.tv\/wp-content\/uploads\/image00005_8z23yfd-scaled.jpeg","width":2560,"height":1920,"caption":"Source: meydan tv"},{"@type":"BreadcrumbList","@id":"https:\/\/www.meydan.tv\/az\/article\/yataq-xestesiyem-elillik-derecesi-vermirler\/#breadcrumb","itemListElement":[{"@type":"ListItem","position":1,"name":"Ana s\u0259hif\u0259","item":"https:\/\/www.meydan.tv\/az\/"},{"@type":"ListItem","position":2,"name":"B\u00f6lg\u0259","item":"https:\/\/www.meydan.tv\/az\/section\/bolge\/"},{"@type":"ListItem","position":3,"name":"&#8221;Yataq x\u0259st\u0259siy\u0259m, \u0259lillik d\u0259r\u0259c\u0259si vermirl\u0259r&#8221;"}]},{"@type":"WebSite","@id":"https:\/\/www.meydan.tv\/az\/#website","url":"https:\/\/www.meydan.tv\/az\/","name":"MEYDAN.TV","description":"Meydan TV Az\u0259rbaycan\u0131n media m\u0259kan\u0131ndak\u0131 alternativ s\u0259sidir","publisher":{"@id":"https:\/\/www.meydan.tv\/az\/#organization"},"potentialAction":[{"@type":"SearchAction","target":{"@type":"EntryPoint","urlTemplate":"https:\/\/www.meydan.tv\/az\/?s={search_term_string}"},"query-input":{"@type":"PropertyValueSpecification","valueRequired":true,"valueName":"search_term_string"}}],"inLanguage":"az"},{"@type":"Organization","@id":"https:\/\/www.meydan.tv\/az\/#organization","name":"Meydan TV","url":"https:\/\/www.meydan.tv\/az\/","logo":{"@type":"ImageObject","inLanguage":"az","@id":"https:\/\/www.meydan.tv\/az\/#\/schema\/logo\/image\/","url":"https:\/\/www.meydan.tv\/wp-content\/uploads\/2021\/07\/meydan-logo.svg","contentUrl":"https:\/\/www.meydan.tv\/wp-content\/uploads\/2021\/07\/meydan-logo.svg","width":195,"height":46,"caption":"Meydan TV"},"image":{"@id":"https:\/\/www.meydan.tv\/az\/#\/schema\/logo\/image\/"}},{"@type":"Person","@id":"https:\/\/www.meydan.tv\/az\/#\/schema\/person\/10d11eccf6da3662cf5fdab9806ea91a","name":"user-manager"}]}},"_links":{"self":[{"href":"https:\/\/www.meydan.tv\/az\/wp-json\/wp\/v2\/posts\/195118","targetHints":{"allow":["GET"]}}],"collection":[{"href":"https:\/\/www.meydan.tv\/az\/wp-json\/wp\/v2\/posts"}],"about":[{"href":"https:\/\/www.meydan.tv\/az\/wp-json\/wp\/v2\/types\/post"}],"author":[{"embeddable":true,"href":"https:\/\/www.meydan.tv\/az\/wp-json\/wp\/v2\/users\/11"}],"replies":[{"embeddable":true,"href":"https:\/\/www.meydan.tv\/az\/wp-json\/wp\/v2\/comments?post=195118"}],"version-history":[{"count":0,"href":"https:\/\/www.meydan.tv\/az\/wp-json\/wp\/v2\/posts\/195118\/revisions"}],"wp:featuredmedia":[{"embeddable":true,"href":"https:\/\/www.meydan.tv\/az\/wp-json\/wp\/v2\/media\/122653"}],"wp:attachment":[{"href":"https:\/\/www.meydan.tv\/az\/wp-json\/wp\/v2\/media?parent=195118"}],"wp:term":[{"taxonomy":"category","embeddable":true,"href":"https:\/\/www.meydan.tv\/az\/wp-json\/wp\/v2\/categories?post=195118"},{"taxonomy":"post_tag","embeddable":true,"href":"https:\/\/www.meydan.tv\/az\/wp-json\/wp\/v2\/tags?post=195118"}],"curies":[{"name":"wp","href":"https:\/\/api.w.org\/{rel}","templated":true}]}}