{"id":195087,"date":"2019-04-23T12:57:45","date_gmt":"2019-04-23T12:57:45","guid":{"rendered":"https:\/\/www.meydan.tv\/article\/agsuda-zelzeleden-evleri-yararsiz-hala-dusen-sakinler-sikayetcidir\/"},"modified":"2019-04-23T12:57:45","modified_gmt":"2019-04-23T12:57:45","slug":"agsuda-zelzeleden-evleri-yararsiz-hala-dusen-sakinler-sikayetcidir","status":"publish","type":"post","link":"https:\/\/www.meydan.tv\/az\/article\/agsuda-zelzeleden-evleri-yararsiz-hala-dusen-sakinler-sikayetcidir\/","title":{"rendered":"A\u011fsuda: Z\u0259lz\u0259l\u0259d\u0259n evl\u0259ri yarars\u0131z hala d\u00fc\u015f\u0259n sakinl\u0259r \u015fikay\u0259t\u00e7idir"},"content":{"rendered":"<p>\n  <i><br \/>\n    &#x27;&#x27;Gec\u0259l\u0259r s\u0259ks\u0259k\u0259 i\u00e7ind\u0259 yat\u0131r\u0131q, qorxuruq, ev ba\u015f\u0131m\u0131za u\u00e7sun&#x27;&#x27;<br \/>\n  <\/i>\n<\/p>\n<p>\n  Bu il fevral\u0131n 5-d\u0259 episentri A\u011fsu rayonu olan 6 ball\u0131q z\u0259lz\u0259l\u0259d\u0259n sonra orada q\u0259zal\u0131 v\u0259ziyy\u0259t\u0259 d\u00fc\u015f\u0259n f\u0259rdi evl\u0259rin t\u0259miri il\u0259 ba\u011fl\u0131 \u015fikay\u0259tl\u0259r\u0259 qeyri-obyektiv bax\u0131ld\u0131\u011f\u0131 deyilir.\n<\/p>\n<p>\n  A\u011fsu sakinl\u0259ri bu q\u0259na\u0259td\u0259dir.\n<\/p>\n<p>\n  Onlar\u0131n Meydan TV-y\u0259 dedikl\u0259rin\u0259 g\u00f6r\u0259, s\u0259sl\u0259rini n\u0259 yerli icra hakimiyy\u0259tin\u0259, n\u0259 d\u0259 K\u0259mal\u0259ddin Heyd\u0259rova \u00e7atd\u0131ra bilirl\u0259r.\n<\/p>\n<p>\n  Zakir Allahverdiyev s\u00f6yl\u0259yir ki, ya\u015fad\u0131qlar\u0131 ev 1949-cu ild\u0259 in\u015fa olunub. K\u0259rpicd\u0259n tikildiyi \u00fc\u00e7\u00fcn tamamil\u0259 yarars\u0131z v\u0259ziyy\u0259t\u0259 d\u00fc\u015f\u00fcb. Z\u0259lz\u0259l\u0259d\u0259n sonra is\u0259 divarda iri \u00e7atlar \u0259m\u0259l\u0259 g\u0259lib:\n<\/p>\n<p>\n  \u201cM\u0259lum z\u0259lz\u0259l\u0259d\u0259n sonra ev daha da yarars\u0131z hala d\u00fc\u015fd\u00fc. A\u011fsu Rayon \u0130cra Hakimiyy\u0259tin\u0259 d\u0259f\u0259l\u0259rl\u0259 m\u00fcraci\u0259t etmi\u015f\u0259m. H\u0259r d\u0259f\u0259sind\u0259 d\u0259 deyibl\u0259r ki, q\u0259zal\u0131 evl\u0259r\u0259 biz baxm\u0131r\u0131q. Daha sonra F\u00f6vq\u0259lad\u0259 Hallar Nazirliyind\u0259n komissiya g\u0259lib ev\u0259 bax\u0131\u015f ke\u00e7irdi. Getdil\u0259r, sonradan bildirdil\u0259r ki, guya ev ya\u015famaq \u00fc\u00e7\u00fcn yararl\u0131d\u0131r. 70 ilin evidir, burada adam ya\u015fayar? Dam ba\u015f\u0131m\u0131za u\u00e7ur. Tavan\u0131 sallan\u0131b, divarlarda da iri \u00e7atlar yaran\u0131b. Ba\u015f\u0131m\u0131za u\u00e7an evin haras\u0131 yararl\u0131d\u0131r? M\u0259cbur olub, t\u0259krar olaraq, FHN-nin qaynar x\u0259ttin\u0259 z\u0259ng etdim. M\u0259n\u0259 bildirdil\u0259r ki, \u015fikay\u0259tiniz qeydiyyata al\u0131nd\u0131, A\u011fsu Rayonu \u0130cra Hakimiyy\u0259tin\u0259 \u00f6t\u00fcr\u00fcl\u0259c\u0259k. \u0130ki ayd\u0131r h\u0259l\u0259 d\u0259 g\u00f6zl\u0259yir\u0259m. He\u00e7 bir x\u0259b\u0259r-\u0259t\u0259r yoxdur\u201d.\n<\/p>\n<p>\n  Ariz Sadayev is\u0259 d\u0259f\u0259l\u0259rl\u0259 etdiyi m\u00fcraci\u0259t\u0259 A\u011fsu Rayon \u0130cra Hakimiyy\u0259ti t\u0259r\u0259find\u0259n \u0259h\u0259miyy\u0259t verilm\u0259diyini bildirir. On n\u0259f\u0259rd\u0259n ibar\u0259t \u00fc\u00e7 ail\u0259nin ikiotaql\u0131 evd\u0259 ya\u015fad\u0131\u011f\u0131n\u0131 bildir\u0259n \u015fikay\u0259t\u00e7i, \u201cgec\u0259l\u0259r s\u0259ks\u0259k\u0259 i\u00e7ind\u0259 yat\u0131r\u0131q, qorxuruq, ev ba\u015f\u0131m\u0131za u\u00e7sun\u201d, &#8211; deyir:\n<\/p>\n<figure class=\"wp-block-image size-large\">\n  <img decoding=\"async\" src=\"https:\/\/www.meydan.tv\/az\/image_from_ios-2-jpg-22\/\" alt=\"image_from_ios (2).jpg\" class=\"wp-image-122545\"\/><figcaption>\n    Zakir Allahverdiyev<br \/>\n  <\/figcaption><\/figure>\n<p>\n  \u201cEv atamdan qal\u0131b, 1938-ci ild\u0259 tikilib. Pis v\u0259ziyy\u0259td\u0259 idi, fevral ay\u0131nda ba\u015f ver\u0259n z\u0259lz\u0259l\u0259d\u0259n sonra is\u0259 daha bet\u0259r g\u00fcn\u0259 qald\u0131. \u018fvv\u0259lc\u0259 getdim, \u0130cra Hakimiyy\u0259tin\u0259 qeydiyyata dayand\u0131m. Xeyli g\u00f6zl\u0259dik, x\u0259b\u0259r-\u0259t\u0259r \u00e7\u0131xmad\u0131. T\u0259krar getdim, dedil\u0259r ki, qeydiyyatda deyilsiniz. Bunlar adamlara f\u0131r\u0131ldaq g\u0259lirl\u0259r, aldad\u0131rlar. 10 n\u0259f\u0259r adam iki otaq v\u0259 bir m\u0259tb\u0259xd\u0259n ibar\u0259t evd\u0259 ya\u015fay\u0131r. \u0130cra ba\u015f\u00e7\u0131s\u0131na deyir\u0259m ki, sabah ev ba\u015f\u0131m\u0131za u\u00e7sa, s\u0259n cavabdehs\u0259n, \u00e7\u00fcnki maraqlanm\u0131rsan. Deyir ki, bizlik deyil. Bizi sanki ba\u015flar\u0131ndan edirl\u0259r. Ev \u00e7\u00f6k\u00fcb, yar\u0131l\u0131b, arxas\u0131 u\u00e7maq \u00fczr\u0259dir. F\u0259rli-ba\u015fl\u0131 d\u00f6\u015f\u0259m\u0259si d\u0259 yoxdur. 81 ilin evidir, art\u0131q k\u0259rpicl\u0259r d\u0259 ovulub gedir.\n<\/p>\n<p>\n  Burada f\u0259rli r\u0259hb\u0259rlik yoxdur. El\u0259 adamlara ev tikirl\u0259r ki, inan\u0131n, onlara he\u00e7 ev laz\u0131m deyil. S\u0259b\u0259bini is\u0259 tapa bilmirik. Sonuncu d\u0259f\u0259 icraya ged\u0259nd\u0259 dedil\u0259r ki, get bir evd\u0259 ne\u00e7\u0259 adam\u0131n ya\u015fama\u011f\u0131na dair s\u0259n\u0259d g\u0259tir. Guya m\u0259n yalan dan\u0131\u015f\u0131ram. \u00d6z\u00fcm A\u011fsu rayon Su Kanal \u0130dar\u0259sind\u0259 i\u015fl\u0259yir\u0259m, ald\u0131\u011f\u0131m da 180 manatd\u0131r, birt\u0259h\u0259r dolan\u0131r\u0131q. Bu pulla qarn\u0131m\u0131z\u0131 doyduraq, ya ev tik\u0259k?\u201d.\n<\/p>\n<figure class=\"wp-block-image size-large\">\n  <img decoding=\"async\" src=\"https:\/\/www.meydan.tv\/az\/image_from_ios-1-jpg-11\/\" alt=\"image_from_ios (1).jpg\" class=\"wp-image-122548\"\/><figcaption>\n    z\u0259lz\u0259l\u0259nin yaratd\u0131\u011f\u0131 \u00e7at<br \/>\n  <\/figcaption><\/figure>\n<p>\n  A\u011fsu Rayon \u0130cra Hakimiyy\u0259tinin ictimai-siyasi v\u0259 humanitar m\u0259s\u0259l\u0259l\u0259r \u015f\u00f6b\u0259sind\u0259n Meydan TV-y\u0259 bildirib ki, \u015fikay\u0259t\u00e7il\u0259r t\u0259krar \u0130H-n\u0259 yaz\u0131l\u0131 m\u00fcraci\u0259t etsinl\u0259r:\n<\/p>\n<p>\n  &quot;Evl\u0259rin siyah\u0131ya al\u0131nmas\u0131 v\u0259 m\u00fcvafiq t\u0259dbirl\u0259rin g\u00f6r\u00fclm\u0259si il\u0259 F\u00f6vq\u0259lad\u0259 Hallar Nazirliyinin rayondak\u0131 \u015f\u00f6b\u0259si m\u0259\u015f\u011ful olur. V\u0259t\u0259nda\u015flar g\u0259lsinl\u0259r, \u0130H-n\u0259 m\u00fcraci\u0259t etsinl\u0259r. Qeydiyyata al\u0131nd\u0131qdan sonra y\u00f6nl\u0259ndir\u0259k, F\u00f6vq\u0259lad\u0259 Hallar Komissiyas\u0131n\u0131n \u00fczvl\u0259ri gedib yerind\u0259 bax\u0131b, qiym\u0259t ver\u0259c\u0259kl\u0259r&quot;.\n<\/p>\n<p>\n  F\u00f6vq\u0259lad\u0259 Hallar Nazirliyi il\u0259 \u0259laq\u0259 saxlama\u011fa c\u0259hd g\u00f6st\u0259rs\u0259k d\u0259, ba\u015f tutmay\u0131b.\n<\/p>\n<p>\n  Rayon F\u00f6vq\u0259lad\u0259 hallar Komissiyas\u0131n\u0131n hesabat\u0131nda is\u0259 bildirlir ki, bu g\u00fcn\u0259 q\u0259d\u0259r komissiyaya 1400-d\u0259n art\u0131q m\u00fcraci\u0259t daxil olub:\n<\/p>\n<p>\n  &quot;Komissiya m\u00fcraci\u0259tl\u0259ri f\u0259rdi qaydada ara\u015fd\u0131r\u0131r, d\u0259ymi\u015f ziyan m\u00fc\u0259yy\u0259nl\u0259\u015fdirilir. Art\u0131q m\u00fcraci\u0259tl\u0259r \u0259sas\u0131nda 1250-d\u0259n art\u0131q ev v\u0259 obyekt\u0259 bax\u0131\u015f ke\u00e7irilib. M\u0259nzil v\u0259 obyektl\u0259rin v\u0259ziyy\u0259ti bar\u0259d\u0259 akt t\u0259qdim edil\u0259r\u0259k aidiyy\u0259ti qurumlara t\u0259qdim olunub. Haz\u0131rda ara\u015fd\u0131rmalar davam edir&quot;.\n<\/p>\n<figure class=\"wp-block-image size-large\">\n  <img decoding=\"async\" src=\"https:\/\/www.meydan.tv\/az\/image_from_ios-4-jpg-15\/\" alt=\"image_from_ios (4).jpg\" class=\"wp-image-122551\"\/><figcaption>\n    Ariz Sadayev<br \/>\n  <\/figcaption><\/figure>\n<p>\n  Fevral\u0131n 5-d\u0259 Pirqulu stansiyas\u0131ndan 7 km c\u0259nubda, A\u011fsu \u0259razisind\u0259 4,4 bal g\u00fcc\u00fcnd\u0259 z\u0259lz\u0259l\u0259 qeyd\u0259 al\u0131n\u0131b. H\u0259min z\u0259lz\u0259l\u0259 episentrd\u0259 5 bala yax\u0131n, \u0259traf rayonlarda 4,3 bala q\u0259d\u0259r hiss olunub. H\u0259min g\u00fcn Pirqulu stansiyas\u0131ndan 9 km c\u0259nub-q\u0259rbd\u0259 \u0130smay\u0131ll\u0131 \u0259razisind\u0259 z\u0259lz\u0259l\u0259 qeyd\u0259 al\u0131n\u0131b. Fevral\u0131n 9-da v\u0259 11-d\u0259 d\u0259 Pirqulu stansiyas\u0131ndan 8 v\u0259 9 km c\u0259nub-q\u0259rbd\u0259 v\u0259 q\u0259rbd\u0259 yeralt\u0131 t\u0259kanlar ba\u015f verib.\n<\/p>\n<p>\n  Prezident \u0130lham \u018fliyev \u015eamax\u0131, \u0130smay\u0131ll\u0131 v\u0259 A\u011fsu rayonlar\u0131nda ba\u015f vermi\u015f t\u0259bii f\u0259lak\u0259tin n\u0259tic\u0259l\u0259rinin aradan qald\u0131r\u0131lmas\u0131 t\u0259dbirl\u0259ri haqq\u0131nda s\u0259r\u0259ncam imzalay\u0131b. S\u0259r\u0259ncama \u0259sas\u0259n, F\u00f6vq\u0259lad\u0259 Hallar Nazirliyin\u0259 ilkin olaraq 2 milyon manat ayr\u0131l\u0131b.<\/p>\n","protected":false},"excerpt":{"rendered":"<p>H\u0259r d\u0259f\u0259sind\u0259 d\u0259 deyibl\u0259r ki, q\u0259zal\u0131 evl\u0259r\u0259 biz baxm\u0131r\u0131q<\/p>\n","protected":false},"author":11,"featured_media":122530,"comment_status":"closed","ping_status":"open","sticky":false,"template":"","format":"standard","meta":{"_acf_changed":false,"_sitemap_exclude":false,"_sitemap_priority":"","_sitemap_frequency":"","footnotes":""},"categories":[60],"tags":[],"class_list":["post-195087","post","type-post","status-publish","format-standard","has-post-thumbnail","hentry","category-bolge","infinite-scroll-item","generate-columns","tablet-grid-50","mobile-grid-100","grid-parent","grid-33","no-featured-image-padding"],"acf":[],"yoast_head":"<!-- This site is optimized with the Yoast SEO plugin v27.4 - https:\/\/yoast.com\/product\/yoast-seo-wordpress\/ -->\n<title>A\u011fsuda: Z\u0259lz\u0259l\u0259d\u0259n evl\u0259ri yarars\u0131z hala d\u00fc\u015f\u0259n sakinl\u0259r \u015fikay\u0259t\u00e7idir - MEYDAN.TV<\/title>\n<meta name=\"robots\" content=\"index, follow, max-snippet:-1, max-image-preview:large, max-video-preview:-1\" \/>\n<link rel=\"canonical\" href=\"https:\/\/www.meydan.tv\/az\/article\/agsuda-zelzeleden-evleri-yararsiz-hala-dusen-sakinler-sikayetcidir\/\" \/>\n<meta property=\"og:locale\" content=\"az_AZ\" \/>\n<meta property=\"og:type\" content=\"article\" \/>\n<meta property=\"og:title\" content=\"A\u011fsuda: Z\u0259lz\u0259l\u0259d\u0259n evl\u0259ri yarars\u0131z hala d\u00fc\u015f\u0259n sakinl\u0259r \u015fikay\u0259t\u00e7idir - MEYDAN.TV\" \/>\n<meta property=\"og:description\" content=\"H\u0259r d\u0259f\u0259sind\u0259 d\u0259 deyibl\u0259r ki, q\u0259zal\u0131 evl\u0259r\u0259 biz baxm\u0131r\u0131q\" \/>\n<meta property=\"og:url\" content=\"https:\/\/www.meydan.tv\/az\/article\/agsuda-zelzeleden-evleri-yararsiz-hala-dusen-sakinler-sikayetcidir\/\" \/>\n<meta property=\"og:site_name\" content=\"MEYDAN.TV\" \/>\n<meta property=\"article:published_time\" content=\"2019-04-23T12:57:45+00:00\" \/>\n<meta property=\"og:image\" content=\"https:\/\/www.meydan.tv\/wp-content\/uploads\/image_from_ios_ul7i1ya.jpg\" \/>\n\t<meta property=\"og:image:width\" content=\"960\" \/>\n\t<meta property=\"og:image:height\" content=\"720\" \/>\n\t<meta property=\"og:image:type\" content=\"image\/jpeg\" \/>\n<meta name=\"author\" content=\"user-manager\" \/>\n<meta name=\"twitter:card\" content=\"summary_large_image\" \/>\n<script type=\"application\/ld+json\" class=\"yoast-schema-graph\">{\"@context\":\"https:\\\/\\\/schema.org\",\"@graph\":[{\"@type\":\"Article\",\"@id\":\"https:\\\/\\\/www.meydan.tv\\\/az\\\/article\\\/agsuda-zelzeleden-evleri-yararsiz-hala-dusen-sakinler-sikayetcidir\\\/#article\",\"isPartOf\":{\"@id\":\"https:\\\/\\\/www.meydan.tv\\\/az\\\/article\\\/agsuda-zelzeleden-evleri-yararsiz-hala-dusen-sakinler-sikayetcidir\\\/\"},\"author\":{\"name\":\"user-manager\",\"@id\":\"https:\\\/\\\/www.meydan.tv\\\/az\\\/#\\\/schema\\\/person\\\/10d11eccf6da3662cf5fdab9806ea91a\"},\"headline\":\"A\u011fsuda: Z\u0259lz\u0259l\u0259d\u0259n evl\u0259ri yarars\u0131z hala d\u00fc\u015f\u0259n sakinl\u0259r \u015fikay\u0259t\u00e7idir\",\"datePublished\":\"2019-04-23T12:57:45+00:00\",\"mainEntityOfPage\":{\"@id\":\"https:\\\/\\\/www.meydan.tv\\\/az\\\/article\\\/agsuda-zelzeleden-evleri-yararsiz-hala-dusen-sakinler-sikayetcidir\\\/\"},\"wordCount\":993,\"publisher\":{\"@id\":\"https:\\\/\\\/www.meydan.tv\\\/az\\\/#organization\"},\"image\":{\"@id\":\"https:\\\/\\\/www.meydan.tv\\\/az\\\/article\\\/agsuda-zelzeleden-evleri-yararsiz-hala-dusen-sakinler-sikayetcidir\\\/#primaryimage\"},\"thumbnailUrl\":\"https:\\\/\\\/www.meydan.tv\\\/wp-content\\\/uploads\\\/image_from_ios_ul7i1ya.jpg\",\"articleSection\":[\"B\u00f6lg\u0259\"],\"inLanguage\":\"az\"},{\"@type\":\"WebPage\",\"@id\":\"https:\\\/\\\/www.meydan.tv\\\/az\\\/article\\\/agsuda-zelzeleden-evleri-yararsiz-hala-dusen-sakinler-sikayetcidir\\\/\",\"url\":\"https:\\\/\\\/www.meydan.tv\\\/az\\\/article\\\/agsuda-zelzeleden-evleri-yararsiz-hala-dusen-sakinler-sikayetcidir\\\/\",\"name\":\"A\u011fsuda: Z\u0259lz\u0259l\u0259d\u0259n evl\u0259ri yarars\u0131z hala d\u00fc\u015f\u0259n sakinl\u0259r \u015fikay\u0259t\u00e7idir - MEYDAN.TV\",\"isPartOf\":{\"@id\":\"https:\\\/\\\/www.meydan.tv\\\/az\\\/#website\"},\"primaryImageOfPage\":{\"@id\":\"https:\\\/\\\/www.meydan.tv\\\/az\\\/article\\\/agsuda-zelzeleden-evleri-yararsiz-hala-dusen-sakinler-sikayetcidir\\\/#primaryimage\"},\"image\":{\"@id\":\"https:\\\/\\\/www.meydan.tv\\\/az\\\/article\\\/agsuda-zelzeleden-evleri-yararsiz-hala-dusen-sakinler-sikayetcidir\\\/#primaryimage\"},\"thumbnailUrl\":\"https:\\\/\\\/www.meydan.tv\\\/wp-content\\\/uploads\\\/image_from_ios_ul7i1ya.jpg\",\"datePublished\":\"2019-04-23T12:57:45+00:00\",\"breadcrumb\":{\"@id\":\"https:\\\/\\\/www.meydan.tv\\\/az\\\/article\\\/agsuda-zelzeleden-evleri-yararsiz-hala-dusen-sakinler-sikayetcidir\\\/#breadcrumb\"},\"inLanguage\":\"az\",\"potentialAction\":[{\"@type\":\"ReadAction\",\"target\":[\"https:\\\/\\\/www.meydan.tv\\\/az\\\/article\\\/agsuda-zelzeleden-evleri-yararsiz-hala-dusen-sakinler-sikayetcidir\\\/\"]}]},{\"@type\":\"ImageObject\",\"inLanguage\":\"az\",\"@id\":\"https:\\\/\\\/www.meydan.tv\\\/az\\\/article\\\/agsuda-zelzeleden-evleri-yararsiz-hala-dusen-sakinler-sikayetcidir\\\/#primaryimage\",\"url\":\"https:\\\/\\\/www.meydan.tv\\\/wp-content\\\/uploads\\\/image_from_ios_ul7i1ya.jpg\",\"contentUrl\":\"https:\\\/\\\/www.meydan.tv\\\/wp-content\\\/uploads\\\/image_from_ios_ul7i1ya.jpg\",\"width\":960,\"height\":720,\"caption\":\"Source: meydan tv\"},{\"@type\":\"BreadcrumbList\",\"@id\":\"https:\\\/\\\/www.meydan.tv\\\/az\\\/article\\\/agsuda-zelzeleden-evleri-yararsiz-hala-dusen-sakinler-sikayetcidir\\\/#breadcrumb\",\"itemListElement\":[{\"@type\":\"ListItem\",\"position\":1,\"name\":\"Ana s\u0259hif\u0259\",\"item\":\"https:\\\/\\\/www.meydan.tv\\\/az\\\/\"},{\"@type\":\"ListItem\",\"position\":2,\"name\":\"B\u00f6lg\u0259\",\"item\":\"https:\\\/\\\/www.meydan.tv\\\/az\\\/section\\\/bolge\\\/\"},{\"@type\":\"ListItem\",\"position\":3,\"name\":\"A\u011fsuda: Z\u0259lz\u0259l\u0259d\u0259n evl\u0259ri yarars\u0131z hala d\u00fc\u015f\u0259n sakinl\u0259r \u015fikay\u0259t\u00e7idir\"}]},{\"@type\":\"WebSite\",\"@id\":\"https:\\\/\\\/www.meydan.tv\\\/az\\\/#website\",\"url\":\"https:\\\/\\\/www.meydan.tv\\\/az\\\/\",\"name\":\"MEYDAN.TV\",\"description\":\"Meydan TV Az\u0259rbaycan\u0131n media m\u0259kan\u0131ndak\u0131 alternativ s\u0259sidir\",\"publisher\":{\"@id\":\"https:\\\/\\\/www.meydan.tv\\\/az\\\/#organization\"},\"potentialAction\":[{\"@type\":\"SearchAction\",\"target\":{\"@type\":\"EntryPoint\",\"urlTemplate\":\"https:\\\/\\\/www.meydan.tv\\\/az\\\/?s={search_term_string}\"},\"query-input\":{\"@type\":\"PropertyValueSpecification\",\"valueRequired\":true,\"valueName\":\"search_term_string\"}}],\"inLanguage\":\"az\"},{\"@type\":\"Organization\",\"@id\":\"https:\\\/\\\/www.meydan.tv\\\/az\\\/#organization\",\"name\":\"Meydan TV\",\"url\":\"https:\\\/\\\/www.meydan.tv\\\/az\\\/\",\"logo\":{\"@type\":\"ImageObject\",\"inLanguage\":\"az\",\"@id\":\"https:\\\/\\\/www.meydan.tv\\\/az\\\/#\\\/schema\\\/logo\\\/image\\\/\",\"url\":\"https:\\\/\\\/www.meydan.tv\\\/wp-content\\\/uploads\\\/2021\\\/07\\\/meydan-logo.svg\",\"contentUrl\":\"https:\\\/\\\/www.meydan.tv\\\/wp-content\\\/uploads\\\/2021\\\/07\\\/meydan-logo.svg\",\"width\":195,\"height\":46,\"caption\":\"Meydan TV\"},\"image\":{\"@id\":\"https:\\\/\\\/www.meydan.tv\\\/az\\\/#\\\/schema\\\/logo\\\/image\\\/\"}},{\"@type\":\"Person\",\"@id\":\"https:\\\/\\\/www.meydan.tv\\\/az\\\/#\\\/schema\\\/person\\\/10d11eccf6da3662cf5fdab9806ea91a\",\"name\":\"user-manager\"}]}<\/script>\n<!-- \/ Yoast SEO plugin. -->","yoast_head_json":{"title":"A\u011fsuda: Z\u0259lz\u0259l\u0259d\u0259n evl\u0259ri yarars\u0131z hala d\u00fc\u015f\u0259n sakinl\u0259r \u015fikay\u0259t\u00e7idir - MEYDAN.TV","robots":{"index":"index","follow":"follow","max-snippet":"max-snippet:-1","max-image-preview":"max-image-preview:large","max-video-preview":"max-video-preview:-1"},"canonical":"https:\/\/www.meydan.tv\/az\/article\/agsuda-zelzeleden-evleri-yararsiz-hala-dusen-sakinler-sikayetcidir\/","og_locale":"az_AZ","og_type":"article","og_title":"A\u011fsuda: Z\u0259lz\u0259l\u0259d\u0259n evl\u0259ri yarars\u0131z hala d\u00fc\u015f\u0259n sakinl\u0259r \u015fikay\u0259t\u00e7idir - MEYDAN.TV","og_description":"H\u0259r d\u0259f\u0259sind\u0259 d\u0259 deyibl\u0259r ki, q\u0259zal\u0131 evl\u0259r\u0259 biz baxm\u0131r\u0131q","og_url":"https:\/\/www.meydan.tv\/az\/article\/agsuda-zelzeleden-evleri-yararsiz-hala-dusen-sakinler-sikayetcidir\/","og_site_name":"MEYDAN.TV","article_published_time":"2019-04-23T12:57:45+00:00","og_image":[{"width":960,"height":720,"url":"https:\/\/www.meydan.tv\/wp-content\/uploads\/image_from_ios_ul7i1ya.jpg","type":"image\/jpeg"}],"author":"user-manager","twitter_card":"summary_large_image","schema":{"@context":"https:\/\/schema.org","@graph":[{"@type":"Article","@id":"https:\/\/www.meydan.tv\/az\/article\/agsuda-zelzeleden-evleri-yararsiz-hala-dusen-sakinler-sikayetcidir\/#article","isPartOf":{"@id":"https:\/\/www.meydan.tv\/az\/article\/agsuda-zelzeleden-evleri-yararsiz-hala-dusen-sakinler-sikayetcidir\/"},"author":{"name":"user-manager","@id":"https:\/\/www.meydan.tv\/az\/#\/schema\/person\/10d11eccf6da3662cf5fdab9806ea91a"},"headline":"A\u011fsuda: Z\u0259lz\u0259l\u0259d\u0259n evl\u0259ri yarars\u0131z hala d\u00fc\u015f\u0259n sakinl\u0259r \u015fikay\u0259t\u00e7idir","datePublished":"2019-04-23T12:57:45+00:00","mainEntityOfPage":{"@id":"https:\/\/www.meydan.tv\/az\/article\/agsuda-zelzeleden-evleri-yararsiz-hala-dusen-sakinler-sikayetcidir\/"},"wordCount":993,"publisher":{"@id":"https:\/\/www.meydan.tv\/az\/#organization"},"image":{"@id":"https:\/\/www.meydan.tv\/az\/article\/agsuda-zelzeleden-evleri-yararsiz-hala-dusen-sakinler-sikayetcidir\/#primaryimage"},"thumbnailUrl":"https:\/\/www.meydan.tv\/wp-content\/uploads\/image_from_ios_ul7i1ya.jpg","articleSection":["B\u00f6lg\u0259"],"inLanguage":"az"},{"@type":"WebPage","@id":"https:\/\/www.meydan.tv\/az\/article\/agsuda-zelzeleden-evleri-yararsiz-hala-dusen-sakinler-sikayetcidir\/","url":"https:\/\/www.meydan.tv\/az\/article\/agsuda-zelzeleden-evleri-yararsiz-hala-dusen-sakinler-sikayetcidir\/","name":"A\u011fsuda: Z\u0259lz\u0259l\u0259d\u0259n evl\u0259ri yarars\u0131z hala d\u00fc\u015f\u0259n sakinl\u0259r \u015fikay\u0259t\u00e7idir - MEYDAN.TV","isPartOf":{"@id":"https:\/\/www.meydan.tv\/az\/#website"},"primaryImageOfPage":{"@id":"https:\/\/www.meydan.tv\/az\/article\/agsuda-zelzeleden-evleri-yararsiz-hala-dusen-sakinler-sikayetcidir\/#primaryimage"},"image":{"@id":"https:\/\/www.meydan.tv\/az\/article\/agsuda-zelzeleden-evleri-yararsiz-hala-dusen-sakinler-sikayetcidir\/#primaryimage"},"thumbnailUrl":"https:\/\/www.meydan.tv\/wp-content\/uploads\/image_from_ios_ul7i1ya.jpg","datePublished":"2019-04-23T12:57:45+00:00","breadcrumb":{"@id":"https:\/\/www.meydan.tv\/az\/article\/agsuda-zelzeleden-evleri-yararsiz-hala-dusen-sakinler-sikayetcidir\/#breadcrumb"},"inLanguage":"az","potentialAction":[{"@type":"ReadAction","target":["https:\/\/www.meydan.tv\/az\/article\/agsuda-zelzeleden-evleri-yararsiz-hala-dusen-sakinler-sikayetcidir\/"]}]},{"@type":"ImageObject","inLanguage":"az","@id":"https:\/\/www.meydan.tv\/az\/article\/agsuda-zelzeleden-evleri-yararsiz-hala-dusen-sakinler-sikayetcidir\/#primaryimage","url":"https:\/\/www.meydan.tv\/wp-content\/uploads\/image_from_ios_ul7i1ya.jpg","contentUrl":"https:\/\/www.meydan.tv\/wp-content\/uploads\/image_from_ios_ul7i1ya.jpg","width":960,"height":720,"caption":"Source: meydan tv"},{"@type":"BreadcrumbList","@id":"https:\/\/www.meydan.tv\/az\/article\/agsuda-zelzeleden-evleri-yararsiz-hala-dusen-sakinler-sikayetcidir\/#breadcrumb","itemListElement":[{"@type":"ListItem","position":1,"name":"Ana s\u0259hif\u0259","item":"https:\/\/www.meydan.tv\/az\/"},{"@type":"ListItem","position":2,"name":"B\u00f6lg\u0259","item":"https:\/\/www.meydan.tv\/az\/section\/bolge\/"},{"@type":"ListItem","position":3,"name":"A\u011fsuda: Z\u0259lz\u0259l\u0259d\u0259n evl\u0259ri yarars\u0131z hala d\u00fc\u015f\u0259n sakinl\u0259r \u015fikay\u0259t\u00e7idir"}]},{"@type":"WebSite","@id":"https:\/\/www.meydan.tv\/az\/#website","url":"https:\/\/www.meydan.tv\/az\/","name":"MEYDAN.TV","description":"Meydan TV Az\u0259rbaycan\u0131n media m\u0259kan\u0131ndak\u0131 alternativ s\u0259sidir","publisher":{"@id":"https:\/\/www.meydan.tv\/az\/#organization"},"potentialAction":[{"@type":"SearchAction","target":{"@type":"EntryPoint","urlTemplate":"https:\/\/www.meydan.tv\/az\/?s={search_term_string}"},"query-input":{"@type":"PropertyValueSpecification","valueRequired":true,"valueName":"search_term_string"}}],"inLanguage":"az"},{"@type":"Organization","@id":"https:\/\/www.meydan.tv\/az\/#organization","name":"Meydan TV","url":"https:\/\/www.meydan.tv\/az\/","logo":{"@type":"ImageObject","inLanguage":"az","@id":"https:\/\/www.meydan.tv\/az\/#\/schema\/logo\/image\/","url":"https:\/\/www.meydan.tv\/wp-content\/uploads\/2021\/07\/meydan-logo.svg","contentUrl":"https:\/\/www.meydan.tv\/wp-content\/uploads\/2021\/07\/meydan-logo.svg","width":195,"height":46,"caption":"Meydan TV"},"image":{"@id":"https:\/\/www.meydan.tv\/az\/#\/schema\/logo\/image\/"}},{"@type":"Person","@id":"https:\/\/www.meydan.tv\/az\/#\/schema\/person\/10d11eccf6da3662cf5fdab9806ea91a","name":"user-manager"}]}},"_links":{"self":[{"href":"https:\/\/www.meydan.tv\/az\/wp-json\/wp\/v2\/posts\/195087","targetHints":{"allow":["GET"]}}],"collection":[{"href":"https:\/\/www.meydan.tv\/az\/wp-json\/wp\/v2\/posts"}],"about":[{"href":"https:\/\/www.meydan.tv\/az\/wp-json\/wp\/v2\/types\/post"}],"author":[{"embeddable":true,"href":"https:\/\/www.meydan.tv\/az\/wp-json\/wp\/v2\/users\/11"}],"replies":[{"embeddable":true,"href":"https:\/\/www.meydan.tv\/az\/wp-json\/wp\/v2\/comments?post=195087"}],"version-history":[{"count":0,"href":"https:\/\/www.meydan.tv\/az\/wp-json\/wp\/v2\/posts\/195087\/revisions"}],"wp:featuredmedia":[{"embeddable":true,"href":"https:\/\/www.meydan.tv\/az\/wp-json\/wp\/v2\/media\/122530"}],"wp:attachment":[{"href":"https:\/\/www.meydan.tv\/az\/wp-json\/wp\/v2\/media?parent=195087"}],"wp:term":[{"taxonomy":"category","embeddable":true,"href":"https:\/\/www.meydan.tv\/az\/wp-json\/wp\/v2\/categories?post=195087"},{"taxonomy":"post_tag","embeddable":true,"href":"https:\/\/www.meydan.tv\/az\/wp-json\/wp\/v2\/tags?post=195087"}],"curies":[{"name":"wp","href":"https:\/\/api.w.org\/{rel}","templated":true}]}}