{"id":195085,"date":"2019-04-23T12:21:06","date_gmt":"2019-04-23T12:21:06","guid":{"rendered":"https:\/\/www.meydan.tv\/article\/kurdemir-sakini-polis-reisinden-sikayet-etdim-deye-meni-doyduler\/"},"modified":"2019-04-23T12:21:06","modified_gmt":"2019-04-23T12:21:06","slug":"kurdemir-sakini-polis-reisinden-sikayet-etdim-deye-meni-doyduler","status":"publish","type":"post","link":"https:\/\/www.meydan.tv\/az\/article\/kurdemir-sakini-polis-reisinden-sikayet-etdim-deye-meni-doyduler\/","title":{"rendered":"K\u00fcrd\u0259mir sakini: Polis r\u0259isind\u0259n \u015fikay\u0259t etdim dey\u0259, m\u0259ni d\u00f6yd\u00fcl\u0259r"},"content":{"rendered":"<p>\n  <i><br \/>\n    &#x27;&#x27;M\u0259ni o q\u0259d\u0259r do\u0308ymu\u0308s\u0327du\u0308l\u0259r ki, \u0259ynimd\u0259ki paltarlar\u0131m da c\u0131r\u0131q-c\u0131r\u0131q idi&#x27;&#x27;<br \/>\n  <\/i>\n<\/p>\n<p>\n  \u201cI\u0307cra hakimiyy\u0259tin\u0259 etdiyim s\u0327ikay\u0259t\u0259 go\u0308r\u0259 haqs\u0131z yer\u0259 h\u0259bs edilib, do\u0308yu\u0308lmu\u0308s\u0327\u0259m\u201d.\n<\/p>\n<p>\n  Ku\u0308rd\u0259mirin M. \u018f. R\u0259sulzad\u0259 ku\u0308c\u0327\u0259sinin sakini Tural \u018fzizov bel\u0259 deyir. O, bas\u0327\u0131na g\u0259l\u0259nl\u0259ri Meydan TV il\u0259 bo\u0308lu\u0308s\u0327u\u0308b.\n<\/p>\n<p>\n  Rusiyada, atas\u0131n\u0131n yan\u0131nda c\u0327al\u0131s\u0327an Tural, deportasiya edildikd\u0259n sonra Ku\u0308rd\u0259mir\u0259, anas\u0131n\u0131n v\u0259 ail\u0259sinin yan\u0131na qay\u0131d\u0131b. Deyir, bir mu\u0308dd\u0259t mu\u0308xt\u0259lif yerl\u0259r\u0259 is\u0327 u\u0308c\u0327u\u0308n d\u0259 mu\u0308raci\u0259t edib, tapa bilm\u0259yib. Ail\u0259si il\u0259 birg\u0259 birt\u0259h\u0259r, c\u0327\u0259tinlikl\u0259 dolan\u0131rlar. Anas\u0131 xadim\u0259lik edir, ayda 70 manat al\u0131r, atas\u0131n\u0131n da go\u0308nd\u0259rdiyi azca pulla birt\u0259h\u0259r ay\u0131 bas\u0327a vururlar.\n<\/p>\n<p>\n  \u201cVallah m\u0259n kas\u0131b, o\u0308z hal\u0131nda yas\u0327ayan biri idim. Ta ki, icra hakimiyy\u0259tin\u0259 is\u0327 v\u0259 b\u0259zi go\u0308rdu\u0308yu\u0308m qanunsuzluqlar u\u0308c\u0327u\u0308n ged\u0259n\u0259c\u0259n. H\u0259m o\u0308zu\u0308m\u0259 is\u0327 ist\u0259yirdim, h\u0259m d\u0259 polis o\u0308zbas\u0327\u0131nal\u0131g\u0306\u0131ndan s\u0327ikay\u0259t etdim. Dedim, yeni g\u0259l\u0259n polis r\u0259isind\u0259n sonra rayonda o\u0308zbas\u0327\u0131nal\u0131q v\u0259 narkotik sat\u0131s\u0327\u0131 bas\u0327 al\u0131b gedir. S\u0327ikay\u0259timd\u0259n 4 gu\u0308n kec\u0327m\u0259mis\u0327 m\u0259ni evd\u0259n go\u0308tu\u0308rdu\u0308l\u0259r. Polis is\u0327c\u0327il\u0259ri m\u0259ni yaxs\u0327\u0131ca \u0259zis\u0327dirdil\u0259r, x\u0259st\u0259xanal\u0131q oldum,\u201d- Tural \u018fzizov deyir.\n<\/p>\n<p>\n  T. \u018fzizov k\u0259ll\u0259-beyin travmas\u0131 ald\u0131g\u0306\u0131n\u0131 iddia edir. Bundan sonra bir mu\u0308dd\u0259t x\u0259st\u0259xanada yat\u0131b. Deyir, x\u0259st\u0259xanada da ona yaxs\u0327\u0131 baxmay\u0131blar. C\u0327irkli do\u0308s\u0327\u0259kd\u0259 yat\u0131rd\u0131blar. N\u0259tic\u0259d\u0259 yaras\u0131na miktob du\u0308s\u0327u\u0308b, c\u0327irk edib:\n<\/p>\n<p>\n  \u201cN\u0259 is\u0259 uzun mu\u0308dd\u0259t yaram sag\u0306almad\u0131. Bundan sonra Asan Xidm\u0259tin qars\u0327\u0131s\u0131nda bas\u0327 h\u0259kiml\u0259 rastlas\u0327d\u0131m. Dedim, bel\u0259 olmaz, m\u0259ni sag\u0306altmaqdansa, daha da pis gu\u0308n\u0259 qoydunuz. C\u0327ox normal so\u0308zu\u0308mu\u0308 deyirdim. Bu zaman yen\u0259 m\u0259ni tutub, polis\u0259 apard\u0131lar ki, guya bas\u0327 h\u0259kimi ku\u0308c\u0327\u0259nin ortas\u0131nda so\u0308ymu\u0308s\u0327\u0259m. Ay to\u0308vb\u0259, bel\u0259 bir s\u0327ey olmay\u0131b. Bu zaman m\u0259n\u0259 15 sutka h\u0259bs c\u0259zas\u0131 verdil\u0259r\u201d.\n<\/p>\n<figure class=\"wp-block-image size-large\">\n  <img decoding=\"async\" src=\"https:\/\/www.meydan.tv\/az\/image00003-jpeg-7\/\" alt=\"image00003.jpeg\" class=\"wp-image-122527\"\/><figcaption>\n    s\u0259n\u0259dl\u0259r<br \/>\n  <\/figcaption><\/figure>\n<p>\n  T. \u018fzizov iddia edir ki, h\u0259bsd\u0259 yatd\u0131g\u0306\u0131 h\u0259r gu\u0308n polis \u0259m\u0259kdas\u0327lar\u0131 t\u0259r\u0259find\u0259n do\u0308yu\u0308lu\u0308b, t\u0259hqir edilib. Ail\u0259si, anas\u0131 bar\u0259d\u0259 xos\u0327ag\u0259lm\u0259z so\u0308zl\u0259r so\u0308yl\u0259nib:\n<\/p>\n<p>\n  \u201cAllah\u0131n do\u0308s\u0327\u0259yini d\u0259 verm\u0259mis\u0327dil\u0259r. 15 gu\u0308n quru yerd\u0259 yatd\u0131m. M\u0259ni o q\u0259d\u0259r do\u0308ymu\u0308s\u0327du\u0308l\u0259r ki, \u0259ynimd\u0259ki paltarlar\u0131m da c\u0131r\u0131q-c\u0131r\u0131q idi. H\u0259bsd\u0259n burax\u0131ld\u0131g\u0306\u0131m gu\u0308n r\u0259is m\u0259ni mas\u0327\u0131n\u0131na mindirdi. Su\u0308ru\u0308cu\u0308su\u0308n\u0259 d\u0259 taps\u0327\u0131rd\u0131 ki, m\u0259ni bazara apar\u0131b geyim als\u0131n. Bel\u0259 d\u0259 oldu. M\u0259ni bazara apard\u0131, ayaqqab\u0131, ko\u0308yn\u0259k, s\u0327alvar, go\u0308d\u0259kc\u0327\u0259 v\u0259 s. ald\u0131rd\u0131. H\u0259min vaxtdan o\u0308zu\u0308m\u0259 g\u0259l\u0259 bilmir\u0259m. Ag\u0306r\u0131lar v\u0259 bas\u0327\u0131ma g\u0259tiril\u0259nl\u0259ri du\u0308s\u0327u\u0308ndu\u0308kc\u0259, o\u0308zu\u0308md\u0259n c\u0327\u0131x\u0131rd\u0131m. H\u0259tta bir d\u0259f\u0259 o\u0308zu\u0308m\u0259 q\u0259sd d\u0259 etdim. B\u0131c\u0327aq x\u0259sar\u0259ti yetirdim. Yen\u0259 bir mu\u0308dd\u0259t x\u0259st\u0259xanada yatmal\u0131 oldum\u201d.\n<\/p>\n<p>\n  Tural \u018fzizov deyir ki, bu gu\u0308n s\u0131rf haql\u0131 dan\u0131s\u0327d\u0131g\u0306\u0131 u\u0308c\u0327u\u0308n polis t\u0259r\u0259find\u0259n incidilir:\n<\/p>\n<p>\n  \u201cRayonda narkotik bas\u0327 al\u0131b gedir. O\u0308zbas\u0327\u0131nal\u0131qlar art\u0131b. Bunu dem\u0259mi h\u0259zm ed\u0259 bilm\u0259dikl\u0259ri u\u0308c\u0327u\u0308n m\u0259nim bas\u0327\u0131ma oyun ac\u0327\u0131rlar. O\u0308zu\u0308 d\u0259 h\u0259r h\u0259bs ed\u0259nd\u0259 \u0259ll\u0259rimi qandallay\u0131b m\u0259ni o ki var, c\u0327\u0131rp\u0131rlar. Sizi inand\u0131r\u0131m ki, hec\u0327 iti m\u0259nim kimi do\u0308ymu\u0308rl\u0259r. I\u0307ndi h\u0259kiml\u0259r d\u0259 t\u0259sdiq edir, beynimd\u0259 problem var, go\u0308zl\u0259rim z\u0259ifl\u0259yib. Go\u0308r m\u0259ni n\u0259 v\u0259ziyy\u0259t\u0259 sal\u0131blar ki, o\u0308zu\u0308mu\u0308 b\u0131c\u0327aqlam\u0131s\u0327am. Bundan o t\u0259r\u0259fi var? I\u0307ndi d\u0259 s\u0259simi c\u0327\u0131xaran kimi deyirl\u0259r ki, bu d\u0259f\u0259 maskal\u0131lar\u0131 c\u0327ag\u0306\u0131racag\u0306\u0131q, s\u0259ni basd\u0131racag\u0306\u0131q ic\u0327\u0259ri\u201d.\n<\/p>\n<figure class=\"wp-block-image size-large\">\n  <img decoding=\"async\" src=\"https:\/\/www.meydan.tv\/az\/image00005-jpeg-11\/\" alt=\"image00005.jpeg\" class=\"wp-image-122536\"\/><figcaption>\n    T.\u018fzizov \u00f6vladlar\u0131yla<br \/>\n  <\/figcaption><\/figure>\n<p>\n  Tural \u018fzizov deyir ki, bas\u0327\u0131na g\u0259tiril\u0259nl\u0259r azm\u0131s\u0327 kimi h\u0259l\u0259 bu yax\u0131nlarda evl\u0259rin\u0259 m\u0259hk\u0259m\u0259 s\u0259n\u0259di d\u0259 g\u0259lib. Ku\u0308rd\u0259mir Rayon Polis S\u0327o\u0308b\u0259sinin (RPS\u0327) cinay\u0259t-axtar\u0131s\u0327 bo\u0308lm\u0259sinin r\u0259isi Samir M\u0259h\u0259rr\u0259mov onu m\u0259hk\u0259m\u0259y\u0259 verib:\n<\/p>\n<p>\n  \u201cGuya m\u0259n onun s\u0327\u0259r\u0259f v\u0259 l\u0259yaq\u0259tin, is\u0327gu\u0308zar nu\u0308fuzuna z\u0259rb\u0259 vurmus\u0327am. M\u0259nd\u0259n ondan u\u0308zr ist\u0259m\u0259mi v\u0259 vurulan m\u0259n\u0259vi z\u0259r\u0259r\u0259 go\u0308r\u0259 10 min manat o\u0308d\u0259m\u0259mi ist\u0259yir. \u018fksin\u0259, h\u0259bs olundug\u0306um vaxt onlar m\u0259nim qucaqdak\u0131 q\u0131z\u0131ma q\u0259d\u0259r so\u0308yu\u0308bl\u0259r. M\u0259n onlar\u0131 m\u0259hk\u0259m\u0259y\u0259 verm\u0259kd\u0259n, onlar m\u0259ni veribl\u0259r. Bel\u0259 d\u0259 \u0259dal\u0259tsizlik olar?\u201d\n<\/p>\n<p>\n  Ku\u0308rd\u0259mir Rayon M\u0259hk\u0259m\u0259sind\u0259n Meydan TV-y\u0259 bildirilib ki, b\u0259li, bel\u0259 bir iddia \u0259riz\u0259si icraata go\u0308tu\u0308ru\u0308lu\u0308b. I\u0307s\u0327 u\u0308zr\u0259 ilk haz\u0131rl\u0131q iclas\u0131 is\u0259 mart\u0131n 27-n\u0259 t\u0259yin edilib. Lakin t\u0259r\u0259fl\u0259r m\u0259hk\u0259m\u0259d\u0259 is\u0327tirak etm\u0259diyind\u0259n iclas bas\u0327 tutmay\u0131b.\n<\/p>\n<p>\n  Tural \u018fzizov bas\u0327\u0131na g\u0259l\u0259nl\u0259rl\u0259 bag\u0306l\u0131 Respublika Bas\u0327 Prokurorlug\u0306una, Daxili I\u0307s\u0327l\u0259r Nazirliyin\u0259 m\u0259ktubla mu\u0308raci\u0259t edib. Deyir, yerli polis onun m\u0259ktublar\u0131n\u0131n Bak\u0131ya, u\u0308nvana getm\u0259sin\u0259 mane olub:\n<\/p>\n<p>\n  \u201cM\u0259ktublar\u0131m\u0131 el\u0259 buradaca, poc\u0327tdan go\u0308tu\u0308ru\u0308b m\u0259hv edibl\u0259r. M\u0259nim s\u0259simin aidiyyat\u0131 qurumlara c\u0327atmamas\u0131 u\u0308c\u0327u\u0308n \u0259ll\u0259rind\u0259n g\u0259l\u0259ni edirl\u0259r. Qalm\u0131s\u0327am c\u0327ar\u0259siz, pis v\u0259ziyy\u0259td\u0259. Bilmir\u0259m rastlas\u0327d\u0131g\u0306\u0131m bu haqs\u0131zl\u0131lqla bag\u0306l\u0131 hara mu\u0308raci\u0259t edim. Hara c\u0327\u0131x\u0131b gedim, onu da bilmir\u0259m. Bir ko\u0308hn\u0259, yar\u0131tikili evimiz var, o da Ku\u0308rd\u0259mird\u0259dir. M\u0259nim getm\u0259y\u0259 d\u0259 yerim yoxdur. Go\u0308ru\u0308n d\u0259, o\u0308zbas\u0327\u0131nal\u0131qd\u0131r v\u0259 haqq\u0131 dey\u0259n birinin bas\u0327\u0131na hans\u0131 b\u0259lalar\u0131 g\u0259tirirl\u0259r\u201d.\n<\/p>\n<figure class=\"wp-block-image size-large\">\n  <img decoding=\"async\" src=\"https:\/\/www.meydan.tv\/az\/image00002-jpeg-13\/\" alt=\"image00002.jpeg\" class=\"wp-image-122533\"\/><figcaption>\n    izahat<br \/>\n  <\/figcaption><\/figure>\n<p>\n  Meydan TV Ku\u0308rd\u0259mir Rayon Polis I\u0307dar\u0259si il\u0259 \u0259laq\u0259 saxlay\u0131b. I\u0307dar\u0259d\u0259n bu bar\u0259d\u0259 dan\u0131s\u0327maq s\u0259lahiyy\u0259tl\u0259rinin olmad\u0131g\u0306\u0131n\u0131 so\u0308yl\u0259yibl\u0259r:\n<\/p>\n<p>\n  \u201cBizim m\u0259tbuata ac\u0327\u0131qlama verm\u0259k s\u0259lahiyy\u0259timiz yoxdur. Uzun zamand\u0131r ki, bu, biz\u0259 qadag\u0306an edilib. Ona go\u0308r\u0259 n\u0259s\u0259 dey\u0259 bilm\u0259rik\u201d.\n<\/p>\n<p>\n  Daxili I\u0307s\u0327l\u0259r Nazirliyind\u0259n is\u0259 bu bar\u0259d\u0259 m\u0259lumat almaq mu\u0308mku\u0308n olmay\u0131b.\n<\/p>\n<p>\n  Ku\u0308rd\u0259mir M\u0259rk\u0259zi X\u0259st\u0259xanas\u0131ndan is\u0259 bildirilib ki, il \u0259rzind\u0259 x\u0259st\u0259xanaya o q\u0259d\u0259r mu\u0308raci\u0259tl\u0259r olur ki, ham\u0131s\u0131 yadda qalm\u0131r:\n<\/p>\n<p>\n  \u201cX\u0259st\u0259nin ad\u0131n\u0131, soyad\u0131n\u0131 deyirsiz, ancaq biz mu\u0308raci\u0259t ed\u0259n h\u0259r x\u0259st\u0259nin ad\u0131n\u0131 \u0259zb\u0259rl\u0259y\u0259 bilm\u0259rik. Ola bil\u0259r ki, bel\u0259 bir adam bizd\u0259 mu\u0308alic\u0259 al\u0131b. Ancaq biz siz\u0259 d\u0259qiq dey\u0259 bilm\u0259rik. Axtarmag\u0306a da vaxt yoxdur. O q\u0259d\u0259r is\u0327-gu\u0308c var ki&#8230;\u201d.\n<\/p>\n<figure class=\"wp-block-image size-large\">\n  <img decoding=\"async\" src=\"https:\/\/www.meydan.tv\/az\/image00001-jpeg-12\/\" alt=\"image00001.jpeg\" class=\"wp-image-122539\"\/><figcaption>\n    M\u0259hk\u0259m\u0259 bildiri\u015fi<br \/>\n  <\/figcaption><\/figure>\n","protected":false},"excerpt":{"rendered":"<p>Bizim m\u0259tbuata ac\u0327\u0131qlama verm\u0259k s\u0259lahiyy\u0259timiz yoxdur<\/p>\n","protected":false},"author":11,"featured_media":122524,"comment_status":"closed","ping_status":"open","sticky":false,"template":"","format":"standard","meta":{"_acf_changed":false,"_sitemap_exclude":false,"_sitemap_priority":"","_sitemap_frequency":"","footnotes":""},"categories":[60],"tags":[],"class_list":["post-195085","post","type-post","status-publish","format-standard","has-post-thumbnail","hentry","category-bolge","infinite-scroll-item","generate-columns","tablet-grid-50","mobile-grid-100","grid-parent","grid-33","no-featured-image-padding"],"acf":[],"yoast_head":"<!-- This site is optimized with the Yoast SEO plugin v27.4 - https:\/\/yoast.com\/product\/yoast-seo-wordpress\/ -->\n<title>K\u00fcrd\u0259mir sakini: Polis r\u0259isind\u0259n \u015fikay\u0259t etdim dey\u0259, m\u0259ni d\u00f6yd\u00fcl\u0259r - MEYDAN.TV<\/title>\n<meta name=\"robots\" content=\"index, follow, max-snippet:-1, max-image-preview:large, max-video-preview:-1\" \/>\n<link rel=\"canonical\" href=\"https:\/\/www.meydan.tv\/az\/article\/kurdemir-sakini-polis-reisinden-sikayet-etdim-deye-meni-doyduler\/\" \/>\n<meta property=\"og:locale\" content=\"az_AZ\" \/>\n<meta property=\"og:type\" content=\"article\" \/>\n<meta property=\"og:title\" content=\"K\u00fcrd\u0259mir sakini: Polis r\u0259isind\u0259n \u015fikay\u0259t etdim dey\u0259, m\u0259ni d\u00f6yd\u00fcl\u0259r - MEYDAN.TV\" \/>\n<meta property=\"og:description\" content=\"Bizim m\u0259tbuata ac\u0327\u0131qlama verm\u0259k s\u0259lahiyy\u0259timiz yoxdur\" \/>\n<meta property=\"og:url\" content=\"https:\/\/www.meydan.tv\/az\/article\/kurdemir-sakini-polis-reisinden-sikayet-etdim-deye-meni-doyduler\/\" \/>\n<meta property=\"og:site_name\" content=\"MEYDAN.TV\" \/>\n<meta property=\"article:published_time\" content=\"2019-04-23T12:21:06+00:00\" \/>\n<meta property=\"og:image\" content=\"https:\/\/www.meydan.tv\/wp-content\/uploads\/image00004_qv2tbvd-scaled.jpeg\" \/>\n\t<meta property=\"og:image:width\" content=\"2560\" \/>\n\t<meta property=\"og:image:height\" content=\"1920\" \/>\n\t<meta property=\"og:image:type\" content=\"image\/jpeg\" \/>\n<meta name=\"author\" content=\"user-manager\" \/>\n<meta name=\"twitter:card\" content=\"summary_large_image\" \/>\n<script type=\"application\/ld+json\" class=\"yoast-schema-graph\">{\"@context\":\"https:\\\/\\\/schema.org\",\"@graph\":[{\"@type\":\"Article\",\"@id\":\"https:\\\/\\\/www.meydan.tv\\\/az\\\/article\\\/kurdemir-sakini-polis-reisinden-sikayet-etdim-deye-meni-doyduler\\\/#article\",\"isPartOf\":{\"@id\":\"https:\\\/\\\/www.meydan.tv\\\/az\\\/article\\\/kurdemir-sakini-polis-reisinden-sikayet-etdim-deye-meni-doyduler\\\/\"},\"author\":{\"name\":\"user-manager\",\"@id\":\"https:\\\/\\\/www.meydan.tv\\\/az\\\/#\\\/schema\\\/person\\\/10d11eccf6da3662cf5fdab9806ea91a\"},\"headline\":\"K\u00fcrd\u0259mir sakini: Polis r\u0259isind\u0259n \u015fikay\u0259t etdim dey\u0259, m\u0259ni d\u00f6yd\u00fcl\u0259r\",\"datePublished\":\"2019-04-23T12:21:06+00:00\",\"mainEntityOfPage\":{\"@id\":\"https:\\\/\\\/www.meydan.tv\\\/az\\\/article\\\/kurdemir-sakini-polis-reisinden-sikayet-etdim-deye-meni-doyduler\\\/\"},\"wordCount\":1349,\"publisher\":{\"@id\":\"https:\\\/\\\/www.meydan.tv\\\/az\\\/#organization\"},\"image\":{\"@id\":\"https:\\\/\\\/www.meydan.tv\\\/az\\\/article\\\/kurdemir-sakini-polis-reisinden-sikayet-etdim-deye-meni-doyduler\\\/#primaryimage\"},\"thumbnailUrl\":\"https:\\\/\\\/www.meydan.tv\\\/wp-content\\\/uploads\\\/image00004_qv2tbvd-scaled.jpeg\",\"articleSection\":[\"B\u00f6lg\u0259\"],\"inLanguage\":\"az\"},{\"@type\":\"WebPage\",\"@id\":\"https:\\\/\\\/www.meydan.tv\\\/az\\\/article\\\/kurdemir-sakini-polis-reisinden-sikayet-etdim-deye-meni-doyduler\\\/\",\"url\":\"https:\\\/\\\/www.meydan.tv\\\/az\\\/article\\\/kurdemir-sakini-polis-reisinden-sikayet-etdim-deye-meni-doyduler\\\/\",\"name\":\"K\u00fcrd\u0259mir sakini: Polis r\u0259isind\u0259n \u015fikay\u0259t etdim dey\u0259, m\u0259ni d\u00f6yd\u00fcl\u0259r - MEYDAN.TV\",\"isPartOf\":{\"@id\":\"https:\\\/\\\/www.meydan.tv\\\/az\\\/#website\"},\"primaryImageOfPage\":{\"@id\":\"https:\\\/\\\/www.meydan.tv\\\/az\\\/article\\\/kurdemir-sakini-polis-reisinden-sikayet-etdim-deye-meni-doyduler\\\/#primaryimage\"},\"image\":{\"@id\":\"https:\\\/\\\/www.meydan.tv\\\/az\\\/article\\\/kurdemir-sakini-polis-reisinden-sikayet-etdim-deye-meni-doyduler\\\/#primaryimage\"},\"thumbnailUrl\":\"https:\\\/\\\/www.meydan.tv\\\/wp-content\\\/uploads\\\/image00004_qv2tbvd-scaled.jpeg\",\"datePublished\":\"2019-04-23T12:21:06+00:00\",\"breadcrumb\":{\"@id\":\"https:\\\/\\\/www.meydan.tv\\\/az\\\/article\\\/kurdemir-sakini-polis-reisinden-sikayet-etdim-deye-meni-doyduler\\\/#breadcrumb\"},\"inLanguage\":\"az\",\"potentialAction\":[{\"@type\":\"ReadAction\",\"target\":[\"https:\\\/\\\/www.meydan.tv\\\/az\\\/article\\\/kurdemir-sakini-polis-reisinden-sikayet-etdim-deye-meni-doyduler\\\/\"]}]},{\"@type\":\"ImageObject\",\"inLanguage\":\"az\",\"@id\":\"https:\\\/\\\/www.meydan.tv\\\/az\\\/article\\\/kurdemir-sakini-polis-reisinden-sikayet-etdim-deye-meni-doyduler\\\/#primaryimage\",\"url\":\"https:\\\/\\\/www.meydan.tv\\\/wp-content\\\/uploads\\\/image00004_qv2tbvd-scaled.jpeg\",\"contentUrl\":\"https:\\\/\\\/www.meydan.tv\\\/wp-content\\\/uploads\\\/image00004_qv2tbvd-scaled.jpeg\",\"width\":2560,\"height\":1920,\"caption\":\"Source: Foto: meydan.tv\"},{\"@type\":\"BreadcrumbList\",\"@id\":\"https:\\\/\\\/www.meydan.tv\\\/az\\\/article\\\/kurdemir-sakini-polis-reisinden-sikayet-etdim-deye-meni-doyduler\\\/#breadcrumb\",\"itemListElement\":[{\"@type\":\"ListItem\",\"position\":1,\"name\":\"Ana s\u0259hif\u0259\",\"item\":\"https:\\\/\\\/www.meydan.tv\\\/az\\\/\"},{\"@type\":\"ListItem\",\"position\":2,\"name\":\"B\u00f6lg\u0259\",\"item\":\"https:\\\/\\\/www.meydan.tv\\\/az\\\/section\\\/bolge\\\/\"},{\"@type\":\"ListItem\",\"position\":3,\"name\":\"K\u00fcrd\u0259mir sakini: Polis r\u0259isind\u0259n \u015fikay\u0259t etdim dey\u0259, m\u0259ni d\u00f6yd\u00fcl\u0259r\"}]},{\"@type\":\"WebSite\",\"@id\":\"https:\\\/\\\/www.meydan.tv\\\/az\\\/#website\",\"url\":\"https:\\\/\\\/www.meydan.tv\\\/az\\\/\",\"name\":\"MEYDAN.TV\",\"description\":\"Meydan TV Az\u0259rbaycan\u0131n media m\u0259kan\u0131ndak\u0131 alternativ s\u0259sidir\",\"publisher\":{\"@id\":\"https:\\\/\\\/www.meydan.tv\\\/az\\\/#organization\"},\"potentialAction\":[{\"@type\":\"SearchAction\",\"target\":{\"@type\":\"EntryPoint\",\"urlTemplate\":\"https:\\\/\\\/www.meydan.tv\\\/az\\\/?s={search_term_string}\"},\"query-input\":{\"@type\":\"PropertyValueSpecification\",\"valueRequired\":true,\"valueName\":\"search_term_string\"}}],\"inLanguage\":\"az\"},{\"@type\":\"Organization\",\"@id\":\"https:\\\/\\\/www.meydan.tv\\\/az\\\/#organization\",\"name\":\"Meydan TV\",\"url\":\"https:\\\/\\\/www.meydan.tv\\\/az\\\/\",\"logo\":{\"@type\":\"ImageObject\",\"inLanguage\":\"az\",\"@id\":\"https:\\\/\\\/www.meydan.tv\\\/az\\\/#\\\/schema\\\/logo\\\/image\\\/\",\"url\":\"https:\\\/\\\/www.meydan.tv\\\/wp-content\\\/uploads\\\/2021\\\/07\\\/meydan-logo.svg\",\"contentUrl\":\"https:\\\/\\\/www.meydan.tv\\\/wp-content\\\/uploads\\\/2021\\\/07\\\/meydan-logo.svg\",\"width\":195,\"height\":46,\"caption\":\"Meydan TV\"},\"image\":{\"@id\":\"https:\\\/\\\/www.meydan.tv\\\/az\\\/#\\\/schema\\\/logo\\\/image\\\/\"}},{\"@type\":\"Person\",\"@id\":\"https:\\\/\\\/www.meydan.tv\\\/az\\\/#\\\/schema\\\/person\\\/10d11eccf6da3662cf5fdab9806ea91a\",\"name\":\"user-manager\"}]}<\/script>\n<!-- \/ Yoast SEO plugin. -->","yoast_head_json":{"title":"K\u00fcrd\u0259mir sakini: Polis r\u0259isind\u0259n \u015fikay\u0259t etdim dey\u0259, m\u0259ni d\u00f6yd\u00fcl\u0259r - MEYDAN.TV","robots":{"index":"index","follow":"follow","max-snippet":"max-snippet:-1","max-image-preview":"max-image-preview:large","max-video-preview":"max-video-preview:-1"},"canonical":"https:\/\/www.meydan.tv\/az\/article\/kurdemir-sakini-polis-reisinden-sikayet-etdim-deye-meni-doyduler\/","og_locale":"az_AZ","og_type":"article","og_title":"K\u00fcrd\u0259mir sakini: Polis r\u0259isind\u0259n \u015fikay\u0259t etdim dey\u0259, m\u0259ni d\u00f6yd\u00fcl\u0259r - MEYDAN.TV","og_description":"Bizim m\u0259tbuata ac\u0327\u0131qlama verm\u0259k s\u0259lahiyy\u0259timiz yoxdur","og_url":"https:\/\/www.meydan.tv\/az\/article\/kurdemir-sakini-polis-reisinden-sikayet-etdim-deye-meni-doyduler\/","og_site_name":"MEYDAN.TV","article_published_time":"2019-04-23T12:21:06+00:00","og_image":[{"width":2560,"height":1920,"url":"https:\/\/www.meydan.tv\/wp-content\/uploads\/image00004_qv2tbvd-scaled.jpeg","type":"image\/jpeg"}],"author":"user-manager","twitter_card":"summary_large_image","schema":{"@context":"https:\/\/schema.org","@graph":[{"@type":"Article","@id":"https:\/\/www.meydan.tv\/az\/article\/kurdemir-sakini-polis-reisinden-sikayet-etdim-deye-meni-doyduler\/#article","isPartOf":{"@id":"https:\/\/www.meydan.tv\/az\/article\/kurdemir-sakini-polis-reisinden-sikayet-etdim-deye-meni-doyduler\/"},"author":{"name":"user-manager","@id":"https:\/\/www.meydan.tv\/az\/#\/schema\/person\/10d11eccf6da3662cf5fdab9806ea91a"},"headline":"K\u00fcrd\u0259mir sakini: Polis r\u0259isind\u0259n \u015fikay\u0259t etdim dey\u0259, m\u0259ni d\u00f6yd\u00fcl\u0259r","datePublished":"2019-04-23T12:21:06+00:00","mainEntityOfPage":{"@id":"https:\/\/www.meydan.tv\/az\/article\/kurdemir-sakini-polis-reisinden-sikayet-etdim-deye-meni-doyduler\/"},"wordCount":1349,"publisher":{"@id":"https:\/\/www.meydan.tv\/az\/#organization"},"image":{"@id":"https:\/\/www.meydan.tv\/az\/article\/kurdemir-sakini-polis-reisinden-sikayet-etdim-deye-meni-doyduler\/#primaryimage"},"thumbnailUrl":"https:\/\/www.meydan.tv\/wp-content\/uploads\/image00004_qv2tbvd-scaled.jpeg","articleSection":["B\u00f6lg\u0259"],"inLanguage":"az"},{"@type":"WebPage","@id":"https:\/\/www.meydan.tv\/az\/article\/kurdemir-sakini-polis-reisinden-sikayet-etdim-deye-meni-doyduler\/","url":"https:\/\/www.meydan.tv\/az\/article\/kurdemir-sakini-polis-reisinden-sikayet-etdim-deye-meni-doyduler\/","name":"K\u00fcrd\u0259mir sakini: Polis r\u0259isind\u0259n \u015fikay\u0259t etdim dey\u0259, m\u0259ni d\u00f6yd\u00fcl\u0259r - MEYDAN.TV","isPartOf":{"@id":"https:\/\/www.meydan.tv\/az\/#website"},"primaryImageOfPage":{"@id":"https:\/\/www.meydan.tv\/az\/article\/kurdemir-sakini-polis-reisinden-sikayet-etdim-deye-meni-doyduler\/#primaryimage"},"image":{"@id":"https:\/\/www.meydan.tv\/az\/article\/kurdemir-sakini-polis-reisinden-sikayet-etdim-deye-meni-doyduler\/#primaryimage"},"thumbnailUrl":"https:\/\/www.meydan.tv\/wp-content\/uploads\/image00004_qv2tbvd-scaled.jpeg","datePublished":"2019-04-23T12:21:06+00:00","breadcrumb":{"@id":"https:\/\/www.meydan.tv\/az\/article\/kurdemir-sakini-polis-reisinden-sikayet-etdim-deye-meni-doyduler\/#breadcrumb"},"inLanguage":"az","potentialAction":[{"@type":"ReadAction","target":["https:\/\/www.meydan.tv\/az\/article\/kurdemir-sakini-polis-reisinden-sikayet-etdim-deye-meni-doyduler\/"]}]},{"@type":"ImageObject","inLanguage":"az","@id":"https:\/\/www.meydan.tv\/az\/article\/kurdemir-sakini-polis-reisinden-sikayet-etdim-deye-meni-doyduler\/#primaryimage","url":"https:\/\/www.meydan.tv\/wp-content\/uploads\/image00004_qv2tbvd-scaled.jpeg","contentUrl":"https:\/\/www.meydan.tv\/wp-content\/uploads\/image00004_qv2tbvd-scaled.jpeg","width":2560,"height":1920,"caption":"Source: Foto: meydan.tv"},{"@type":"BreadcrumbList","@id":"https:\/\/www.meydan.tv\/az\/article\/kurdemir-sakini-polis-reisinden-sikayet-etdim-deye-meni-doyduler\/#breadcrumb","itemListElement":[{"@type":"ListItem","position":1,"name":"Ana s\u0259hif\u0259","item":"https:\/\/www.meydan.tv\/az\/"},{"@type":"ListItem","position":2,"name":"B\u00f6lg\u0259","item":"https:\/\/www.meydan.tv\/az\/section\/bolge\/"},{"@type":"ListItem","position":3,"name":"K\u00fcrd\u0259mir sakini: Polis r\u0259isind\u0259n \u015fikay\u0259t etdim dey\u0259, m\u0259ni d\u00f6yd\u00fcl\u0259r"}]},{"@type":"WebSite","@id":"https:\/\/www.meydan.tv\/az\/#website","url":"https:\/\/www.meydan.tv\/az\/","name":"MEYDAN.TV","description":"Meydan TV Az\u0259rbaycan\u0131n media m\u0259kan\u0131ndak\u0131 alternativ s\u0259sidir","publisher":{"@id":"https:\/\/www.meydan.tv\/az\/#organization"},"potentialAction":[{"@type":"SearchAction","target":{"@type":"EntryPoint","urlTemplate":"https:\/\/www.meydan.tv\/az\/?s={search_term_string}"},"query-input":{"@type":"PropertyValueSpecification","valueRequired":true,"valueName":"search_term_string"}}],"inLanguage":"az"},{"@type":"Organization","@id":"https:\/\/www.meydan.tv\/az\/#organization","name":"Meydan TV","url":"https:\/\/www.meydan.tv\/az\/","logo":{"@type":"ImageObject","inLanguage":"az","@id":"https:\/\/www.meydan.tv\/az\/#\/schema\/logo\/image\/","url":"https:\/\/www.meydan.tv\/wp-content\/uploads\/2021\/07\/meydan-logo.svg","contentUrl":"https:\/\/www.meydan.tv\/wp-content\/uploads\/2021\/07\/meydan-logo.svg","width":195,"height":46,"caption":"Meydan TV"},"image":{"@id":"https:\/\/www.meydan.tv\/az\/#\/schema\/logo\/image\/"}},{"@type":"Person","@id":"https:\/\/www.meydan.tv\/az\/#\/schema\/person\/10d11eccf6da3662cf5fdab9806ea91a","name":"user-manager"}]}},"_links":{"self":[{"href":"https:\/\/www.meydan.tv\/az\/wp-json\/wp\/v2\/posts\/195085","targetHints":{"allow":["GET"]}}],"collection":[{"href":"https:\/\/www.meydan.tv\/az\/wp-json\/wp\/v2\/posts"}],"about":[{"href":"https:\/\/www.meydan.tv\/az\/wp-json\/wp\/v2\/types\/post"}],"author":[{"embeddable":true,"href":"https:\/\/www.meydan.tv\/az\/wp-json\/wp\/v2\/users\/11"}],"replies":[{"embeddable":true,"href":"https:\/\/www.meydan.tv\/az\/wp-json\/wp\/v2\/comments?post=195085"}],"version-history":[{"count":0,"href":"https:\/\/www.meydan.tv\/az\/wp-json\/wp\/v2\/posts\/195085\/revisions"}],"wp:featuredmedia":[{"embeddable":true,"href":"https:\/\/www.meydan.tv\/az\/wp-json\/wp\/v2\/media\/122524"}],"wp:attachment":[{"href":"https:\/\/www.meydan.tv\/az\/wp-json\/wp\/v2\/media?parent=195085"}],"wp:term":[{"taxonomy":"category","embeddable":true,"href":"https:\/\/www.meydan.tv\/az\/wp-json\/wp\/v2\/categories?post=195085"},{"taxonomy":"post_tag","embeddable":true,"href":"https:\/\/www.meydan.tv\/az\/wp-json\/wp\/v2\/tags?post=195085"}],"curies":[{"name":"wp","href":"https:\/\/api.w.org\/{rel}","templated":true}]}}